{"id":38408,"date":"2025-11-03T10:50:07","date_gmt":"2025-11-03T09:50:07","guid":{"rendered":"https:\/\/charente.catholique.fr\/ouest-charente\/?p=38408"},"modified":"2025-11-04T09:43:59","modified_gmt":"2025-11-04T08:43:59","slug":"parcours-emmaus-2025-pourquoi-leglise","status":"publish","type":"post","link":"https:\/\/charente.catholique.fr\/ouest-charente\/actualites\/parcours-emmaus-2025-pourquoi-leglise\/","title":{"rendered":"Parcours Emma\u00fcs 2026 : \u00ab Pourquoi l\u2019\u00c9glise ? \u00bb"},"content":{"rendered":"\n<p><\/p>\n\n\n\n<blockquote class=\"wp-block-quote is-layout-flow wp-block-quote-is-layout-flow\">\n<p>\u00ab Comme les disciples d\u2019Emma\u00fcs, marchons ensemble pour reconna\u00eetre le Christ vivant au c\u0153ur de l\u2019\u00c9glise. \u00bb<\/p>\n<\/blockquote>\n\n\n\n<p>Un nouveau parcours Emma\u00fcs est propos\u00e9 pour approfondir notre foi et d\u00e9couvrir le myst\u00e8re de l\u2019\u00c9glise.<br>Cinq samedis pour marcher ensemble, \u00e9couter, comprendre et \u00e9changer sur ce qui fonde notre communaut\u00e9 chr\u00e9tienne.<\/p>\n\n\n\n<p>\ud83d\udccd <strong>Salle Saint-Antoine \u2013 186 rue de la R\u00e9publique, Cognac<\/strong><br><strong>9h \u00e0 13h<\/strong> &#8211; suivi d\u2019un pique-nique tir\u00e9 du sac pour ceux qui le souhaitent<br><strong>Libre participation<\/strong><\/p>\n\n\n\n<hr class=\"wp-block-separator has-alpha-channel-opacity\"\/>\n\n\n\n<h3 class=\"wp-block-heading\">Les rencontres<\/h3>\n\n\n\n<ul class=\"wp-block-list\">\n<li><strong>Samedi 14 f\u00e9vrier<\/strong> \u2013 <em>Le myst\u00e8re de l\u2019\u00c9glise<\/em><br>P. Beno\u00eet Lecomte<\/li>\n\n\n\n<li><strong>Samedi 21 f\u00e9vrier<\/strong> \u2013 <em>D\u00e9couvrir l\u2019histoire des conciles<\/em><br>P. Laurent Maurin<\/li>\n\n\n\n<li><strong>Samedi 28 f\u00e9vrier<\/strong> \u2013 <em>Naissance d\u2019une chr\u00e9tient\u00e9 : fractures et r\u00e9conciliations<\/em><br>Jean-Yves Riou<\/li>\n\n\n\n<li><strong>Samedi 7 mars<\/strong> \u2013 <em>L\u2019\u00e9v\u00e8nement Vatican II<\/em><br>Catherine Joslet<\/li>\n\n\n\n<li><strong>Samedi 21 mars<\/strong> \u2013 <em>L\u2019\u00c9glise de Charente : du Synode de 1988 \u00e0 aujourd\u2019hui<\/em><br>Catherine Joslet et P. Michel Granger<\/li>\n<\/ul>\n\n\n\n<hr class=\"wp-block-separator has-alpha-channel-opacity\"\/>\n\n\n\n<p><br><\/p>\n\n\n<div class=\"wp-block-image\">\n<figure class=\"aligncenter size-large\"><img loading=\"lazy\" decoding=\"async\" width=\"764\" height=\"1080\" src=\"https:\/\/charente.catholique.fr\/ouest-charente\/wp-content\/uploads\/sites\/6\/2025\/11\/2026-02-14-parcours-emmaus-2026-doyenne-ouest-pdf-764x1080.jpg\" alt=\"\" class=\"wp-image-38417\"\/><\/figure>\n<\/div>\n\n\n<div class=\"wp-block-file\"><a id=\"wp-block-file--media-f34b178a-20e7-4b9e-8751-d851bd710215\" href=\"https:\/\/charente.catholique.fr\/ouest-charente\/wp-content\/uploads\/sites\/6\/2025\/11\/Parcours-Emmaus-2025-DO-1.pdf\">Parcours Emma\u00fcs 2025 &#8211; DO<\/a><a href=\"https:\/\/charente.catholique.fr\/ouest-charente\/wp-content\/uploads\/sites\/6\/2025\/11\/Parcours-Emmaus-2025-DO-1.pdf\" class=\"wp-block-file__button wp-element-button\" download aria-describedby=\"wp-block-file--media-f34b178a-20e7-4b9e-8751-d851bd710215\">T\u00e9l\u00e9charger<\/a><\/div>\n","protected":false},"excerpt":{"rendered":"<p>\u00ab Comme les disciples d\u2019Emma\u00fcs, marchons ensemble pour reconna\u00eetre le Christ vivant au c\u0153ur de l\u2019\u00c9glise. \u00bb Un nouveau parcours Emma\u00fcs est propos\u00e9 pour approfondir notre foi et d\u00e9couvrir le myst\u00e8re de l\u2019\u00c9glise.Cinq samedis pour marcher ensemble, \u00e9couter, comprendre et \u00e9changer sur ce qui fonde notre communaut\u00e9 chr\u00e9tienne. \ud83d\udccd Salle Saint-Antoine \u2013 186 rue de [&hellip;]<\/p>\n","protected":false},"author":3,"featured_media":38409,"comment_status":"open","ping_status":"open","sticky":false,"template":"","format":"standard","meta":{"_acf_changed":false,"paroisse":[""],"service":["0"],"footnotes":""},"categories":[1],"tags":[],"class_list":["post-38408","post","type-post","status-publish","format-standard","has-post-thumbnail","hentry","category-actualites"],"acf":[],"yoast_head":"<!-- This site is optimized with the Yoast SEO plugin v27.1.1 - https:\/\/yoast.com\/product\/yoast-seo-wordpress\/ -->\n<title>Parcours Emma\u00fcs 2026 : \u00ab Pourquoi l\u2019\u00c9glise ? \u00bb - Doyenn\u00e9 Ouest Charente<\/title>\n<meta name=\"robots\" content=\"index, follow, max-snippet:-1, max-image-preview:large, max-video-preview:-1\" \/>\n<link rel=\"canonical\" href=\"https:\/\/charente.catholique.fr\/ouest-charente\/actualites\/parcours-emmaus-2025-pourquoi-leglise\/\" \/>\n<meta property=\"og:locale\" content=\"fr_FR\" \/>\n<meta property=\"og:type\" content=\"article\" \/>\n<meta property=\"og:title\" content=\"Parcours Emma\u00fcs 2026 : \u00ab Pourquoi l\u2019\u00c9glise ? \u00bb - Doyenn\u00e9 Ouest Charente\" \/>\n<meta property=\"og:description\" content=\"\u00ab Comme les disciples d\u2019Emma\u00fcs, marchons ensemble pour reconna\u00eetre le Christ vivant au c\u0153ur de l\u2019\u00c9glise. \u00bb Un nouveau parcours Emma\u00fcs est propos\u00e9 pour approfondir notre foi et d\u00e9couvrir le myst\u00e8re de l\u2019\u00c9glise.Cinq samedis pour marcher ensemble, \u00e9couter, comprendre et \u00e9changer sur ce qui fonde notre communaut\u00e9 chr\u00e9tienne. \ud83d\udccd Salle Saint-Antoine \u2013 186 rue de [&hellip;]\" \/>\n<meta property=\"og:url\" content=\"https:\/\/charente.catholique.fr\/ouest-charente\/actualites\/parcours-emmaus-2025-pourquoi-leglise\/\" \/>\n<meta property=\"og:site_name\" content=\"Doyenn\u00e9 Ouest Charente\" \/>\n<meta property=\"article:publisher\" content=\"https:\/\/www.facebook.com\/EgliseCatholiqueCharente\" \/>\n<meta property=\"article:published_time\" content=\"2025-11-03T09:50:07+00:00\" \/>\n<meta property=\"article:modified_time\" content=\"2025-11-04T08:43:59+00:00\" \/>\n<meta property=\"og:image\" content=\"https:\/\/charente.catholique.fr\/ouest-charente\/wp-content\/uploads\/sites\/6\/2025\/11\/parcours-emmaus-2025.png\" \/>\n\t<meta property=\"og:image:width\" content=\"851\" \/>\n\t<meta property=\"og:image:height\" content=\"315\" \/>\n\t<meta property=\"og:image:type\" content=\"image\/png\" \/>\n<meta name=\"author\" content=\"Sylvaine\" \/>\n<meta name=\"twitter:card\" content=\"summary_large_image\" \/>\n<meta name=\"twitter:creator\" content=\"@diocesecharente\" \/>\n<meta name=\"twitter:site\" content=\"@diocesecharente\" \/>\n<meta name=\"twitter:label1\" content=\"\u00c9crit par\" \/>\n\t<meta name=\"twitter:data1\" content=\"Sylvaine\" \/>\n\t<meta name=\"twitter:label2\" content=\"Dur\u00e9e de lecture estim\u00e9e\" \/>\n\t<meta name=\"twitter:data2\" content=\"2 minutes\" \/>\n<script type=\"application\/ld+json\" class=\"yoast-schema-graph\">{\"@context\":\"https:\/\/schema.org\",\"@graph\":[{\"@type\":\"Article\",\"@id\":\"https:\/\/charente.catholique.fr\/ouest-charente\/actualites\/parcours-emmaus-2025-pourquoi-leglise\/#article\",\"isPartOf\":{\"@id\":\"https:\/\/charente.catholique.fr\/ouest-charente\/actualites\/parcours-emmaus-2025-pourquoi-leglise\/\"},\"author\":{\"name\":\"Sylvaine\",\"@id\":\"https:\/\/charente.catholique.fr\/ouest-charente\/#\/schema\/person\/9d46fe084c5954bd35fd161aab7a277a\"},\"headline\":\"Parcours Emma\u00fcs 2026 : \u00ab Pourquoi l\u2019\u00c9glise ? \u00bb\",\"datePublished\":\"2025-11-03T09:50:07+00:00\",\"dateModified\":\"2025-11-04T08:43:59+00:00\",\"mainEntityOfPage\":{\"@id\":\"https:\/\/charente.catholique.fr\/ouest-charente\/actualites\/parcours-emmaus-2025-pourquoi-leglise\/\"},\"wordCount\":163,\"commentCount\":0,\"publisher\":{\"@id\":\"https:\/\/charente.catholique.fr\/ouest-charente\/#organization\"},\"image\":{\"@id\":\"https:\/\/charente.catholique.fr\/ouest-charente\/actualites\/parcours-emmaus-2025-pourquoi-leglise\/#primaryimage\"},\"thumbnailUrl\":\"https:\/\/charente.catholique.fr\/ouest-charente\/wp-content\/uploads\/sites\/6\/2025\/11\/parcours-emmaus-2025.png\",\"articleSection\":[\"Actualit\u00e9s\"],\"inLanguage\":\"fr-FR\",\"potentialAction\":[{\"@type\":\"CommentAction\",\"name\":\"Comment\",\"target\":[\"https:\/\/charente.catholique.fr\/ouest-charente\/actualites\/parcours-emmaus-2025-pourquoi-leglise\/#respond\"]}]},{\"@type\":\"WebPage\",\"@id\":\"https:\/\/charente.catholique.fr\/ouest-charente\/actualites\/parcours-emmaus-2025-pourquoi-leglise\/\",\"url\":\"https:\/\/charente.catholique.fr\/ouest-charente\/actualites\/parcours-emmaus-2025-pourquoi-leglise\/\",\"name\":\"Parcours Emma\u00fcs 2026 : \u00ab Pourquoi l\u2019\u00c9glise ? \u00bb - Doyenn\u00e9 Ouest Charente\",\"isPartOf\":{\"@id\":\"https:\/\/charente.catholique.fr\/ouest-charente\/#website\"},\"primaryImageOfPage\":{\"@id\":\"https:\/\/charente.catholique.fr\/ouest-charente\/actualites\/parcours-emmaus-2025-pourquoi-leglise\/#primaryimage\"},\"image\":{\"@id\":\"https:\/\/charente.catholique.fr\/ouest-charente\/actualites\/parcours-emmaus-2025-pourquoi-leglise\/#primaryimage\"},\"thumbnailUrl\":\"https:\/\/charente.catholique.fr\/ouest-charente\/wp-content\/uploads\/sites\/6\/2025\/11\/parcours-emmaus-2025.png\",\"datePublished\":\"2025-11-03T09:50:07+00:00\",\"dateModified\":\"2025-11-04T08:43:59+00:00\",\"breadcrumb\":{\"@id\":\"https:\/\/charente.catholique.fr\/ouest-charente\/actualites\/parcours-emmaus-2025-pourquoi-leglise\/#breadcrumb\"},\"inLanguage\":\"fr-FR\",\"potentialAction\":[{\"@type\":\"ReadAction\",\"target\":[\"https:\/\/charente.catholique.fr\/ouest-charente\/actualites\/parcours-emmaus-2025-pourquoi-leglise\/\"]}]},{\"@type\":\"ImageObject\",\"inLanguage\":\"fr-FR\",\"@id\":\"https:\/\/charente.catholique.fr\/ouest-charente\/actualites\/parcours-emmaus-2025-pourquoi-leglise\/#primaryimage\",\"url\":\"https:\/\/charente.catholique.fr\/ouest-charente\/wp-content\/uploads\/sites\/6\/2025\/11\/parcours-emmaus-2025.png\",\"contentUrl\":\"https:\/\/charente.catholique.fr\/ouest-charente\/wp-content\/uploads\/sites\/6\/2025\/11\/parcours-emmaus-2025.png\",\"width\":851,\"height\":315},{\"@type\":\"BreadcrumbList\",\"@id\":\"https:\/\/charente.catholique.fr\/ouest-charente\/actualites\/parcours-emmaus-2025-pourquoi-leglise\/#breadcrumb\",\"itemListElement\":[{\"@type\":\"ListItem\",\"position\":1,\"name\":\"Accueil\",\"item\":\"https:\/\/charente.catholique.fr\/ouest-charente\/\"},{\"@type\":\"ListItem\",\"position\":2,\"name\":\"Parcours Emma\u00fcs 2026 : \u00ab Pourquoi l\u2019\u00c9glise ? \u00bb\"}]},{\"@type\":\"WebSite\",\"@id\":\"https:\/\/charente.catholique.fr\/ouest-charente\/#website\",\"url\":\"https:\/\/charente.catholique.fr\/ouest-charente\/\",\"name\":\"Doyenn\u00e9 Ouest Charente - Dioc\u00e8se d'Angoul\u00eame\",\"description\":\"Dioc\u00e8se d&#039;Angoul\u00eame\",\"publisher\":{\"@id\":\"https:\/\/charente.catholique.fr\/ouest-charente\/#organization\"},\"potentialAction\":[{\"@type\":\"SearchAction\",\"target\":{\"@type\":\"EntryPoint\",\"urlTemplate\":\"https:\/\/charente.catholique.fr\/ouest-charente\/?s={search_term_string}\"},\"query-input\":{\"@type\":\"PropertyValueSpecification\",\"valueRequired\":true,\"valueName\":\"search_term_string\"}}],\"inLanguage\":\"fr-FR\"},{\"@type\":\"Organization\",\"@id\":\"https:\/\/charente.catholique.fr\/ouest-charente\/#organization\",\"name\":\"Association dioc\u00e9saine d'Angoul\u00eame\",\"url\":\"https:\/\/charente.catholique.fr\/ouest-charente\/\",\"logo\":{\"@type\":\"ImageObject\",\"inLanguage\":\"fr-FR\",\"@id\":\"https:\/\/charente.catholique.fr\/ouest-charente\/#\/schema\/logo\/image\/\",\"url\":\"https:\/\/charente.catholique.fr\/ouest-charente\/wp-content\/uploads\/sites\/6\/2020\/10\/logos.png\",\"contentUrl\":\"https:\/\/charente.catholique.fr\/ouest-charente\/wp-content\/uploads\/sites\/6\/2020\/10\/logos.png\",\"width\":600,\"height\":257,\"caption\":\"Association dioc\u00e9saine d'Angoul\u00eame\"},\"image\":{\"@id\":\"https:\/\/charente.catholique.fr\/ouest-charente\/#\/schema\/logo\/image\/\"},\"sameAs\":[\"https:\/\/www.facebook.com\/EgliseCatholiqueCharente\",\"https:\/\/x.com\/diocesecharente\",\"https:\/\/www.instagram.com\/eglisecharente\",\"https:\/\/www.youtube.com\/channel\/UCByyFWApZbw3gDTiADoiAaQ\"]},{\"@type\":\"Person\",\"@id\":\"https:\/\/charente.catholique.fr\/ouest-charente\/#\/schema\/person\/9d46fe084c5954bd35fd161aab7a277a\",\"name\":\"Sylvaine\",\"image\":{\"@type\":\"ImageObject\",\"inLanguage\":\"fr-FR\",\"@id\":\"https:\/\/charente.catholique.fr\/ouest-charente\/#\/schema\/person\/image\/\",\"url\":\"https:\/\/secure.gravatar.com\/avatar\/c2d819d8eafaec3d0be0bfeb1c1d4388c6f0232538593b042bf92e3c8fc1c2e0?s=96&d=mm&r=g\",\"contentUrl\":\"https:\/\/secure.gravatar.com\/avatar\/c2d819d8eafaec3d0be0bfeb1c1d4388c6f0232538593b042bf92e3c8fc1c2e0?s=96&d=mm&r=g\",\"caption\":\"Sylvaine\"},\"sameAs\":[\"http:\/\/sylvainelacrouts\"],\"url\":\"https:\/\/charente.catholique.fr\/ouest-charente\/author\/sylvainelacrouts\/\"}]}<\/script>\n<!-- \/ Yoast SEO plugin. -->","yoast_head_json":{"title":"Parcours Emma\u00fcs 2026 : \u00ab Pourquoi l\u2019\u00c9glise ? \u00bb - Doyenn\u00e9 Ouest Charente","robots":{"index":"index","follow":"follow","max-snippet":"max-snippet:-1","max-image-preview":"max-image-preview:large","max-video-preview":"max-video-preview:-1"},"canonical":"https:\/\/charente.catholique.fr\/ouest-charente\/actualites\/parcours-emmaus-2025-pourquoi-leglise\/","og_locale":"fr_FR","og_type":"article","og_title":"Parcours Emma\u00fcs 2026 : \u00ab Pourquoi l\u2019\u00c9glise ? \u00bb - Doyenn\u00e9 Ouest Charente","og_description":"\u00ab Comme les disciples d\u2019Emma\u00fcs, marchons ensemble pour reconna\u00eetre le Christ vivant au c\u0153ur de l\u2019\u00c9glise. \u00bb Un nouveau parcours Emma\u00fcs est propos\u00e9 pour approfondir notre foi et d\u00e9couvrir le myst\u00e8re de l\u2019\u00c9glise.Cinq samedis pour marcher ensemble, \u00e9couter, comprendre et \u00e9changer sur ce qui fonde notre communaut\u00e9 chr\u00e9tienne. \ud83d\udccd Salle Saint-Antoine \u2013 186 rue de [&hellip;]","og_url":"https:\/\/charente.catholique.fr\/ouest-charente\/actualites\/parcours-emmaus-2025-pourquoi-leglise\/","og_site_name":"Doyenn\u00e9 Ouest Charente","article_publisher":"https:\/\/www.facebook.com\/EgliseCatholiqueCharente","article_published_time":"2025-11-03T09:50:07+00:00","article_modified_time":"2025-11-04T08:43:59+00:00","og_image":[{"width":851,"height":315,"url":"https:\/\/charente.catholique.fr\/ouest-charente\/wp-content\/uploads\/sites\/6\/2025\/11\/parcours-emmaus-2025.png","type":"image\/png"}],"author":"Sylvaine","twitter_card":"summary_large_image","twitter_creator":"@diocesecharente","twitter_site":"@diocesecharente","twitter_misc":{"\u00c9crit par":"Sylvaine","Dur\u00e9e de lecture estim\u00e9e":"2 minutes"},"schema":{"@context":"https:\/\/schema.org","@graph":[{"@type":"Article","@id":"https:\/\/charente.catholique.fr\/ouest-charente\/actualites\/parcours-emmaus-2025-pourquoi-leglise\/#article","isPartOf":{"@id":"https:\/\/charente.catholique.fr\/ouest-charente\/actualites\/parcours-emmaus-2025-pourquoi-leglise\/"},"author":{"name":"Sylvaine","@id":"https:\/\/charente.catholique.fr\/ouest-charente\/#\/schema\/person\/9d46fe084c5954bd35fd161aab7a277a"},"headline":"Parcours Emma\u00fcs 2026 : \u00ab Pourquoi l\u2019\u00c9glise ? \u00bb","datePublished":"2025-11-03T09:50:07+00:00","dateModified":"2025-11-04T08:43:59+00:00","mainEntityOfPage":{"@id":"https:\/\/charente.catholique.fr\/ouest-charente\/actualites\/parcours-emmaus-2025-pourquoi-leglise\/"},"wordCount":163,"commentCount":0,"publisher":{"@id":"https:\/\/charente.catholique.fr\/ouest-charente\/#organization"},"image":{"@id":"https:\/\/charente.catholique.fr\/ouest-charente\/actualites\/parcours-emmaus-2025-pourquoi-leglise\/#primaryimage"},"thumbnailUrl":"https:\/\/charente.catholique.fr\/ouest-charente\/wp-content\/uploads\/sites\/6\/2025\/11\/parcours-emmaus-2025.png","articleSection":["Actualit\u00e9s"],"inLanguage":"fr-FR","potentialAction":[{"@type":"CommentAction","name":"Comment","target":["https:\/\/charente.catholique.fr\/ouest-charente\/actualites\/parcours-emmaus-2025-pourquoi-leglise\/#respond"]}]},{"@type":"WebPage","@id":"https:\/\/charente.catholique.fr\/ouest-charente\/actualites\/parcours-emmaus-2025-pourquoi-leglise\/","url":"https:\/\/charente.catholique.fr\/ouest-charente\/actualites\/parcours-emmaus-2025-pourquoi-leglise\/","name":"Parcours Emma\u00fcs 2026 : \u00ab Pourquoi l\u2019\u00c9glise ? \u00bb - Doyenn\u00e9 Ouest Charente","isPartOf":{"@id":"https:\/\/charente.catholique.fr\/ouest-charente\/#website"},"primaryImageOfPage":{"@id":"https:\/\/charente.catholique.fr\/ouest-charente\/actualites\/parcours-emmaus-2025-pourquoi-leglise\/#primaryimage"},"image":{"@id":"https:\/\/charente.catholique.fr\/ouest-charente\/actualites\/parcours-emmaus-2025-pourquoi-leglise\/#primaryimage"},"thumbnailUrl":"https:\/\/charente.catholique.fr\/ouest-charente\/wp-content\/uploads\/sites\/6\/2025\/11\/parcours-emmaus-2025.png","datePublished":"2025-11-03T09:50:07+00:00","dateModified":"2025-11-04T08:43:59+00:00","breadcrumb":{"@id":"https:\/\/charente.catholique.fr\/ouest-charente\/actualites\/parcours-emmaus-2025-pourquoi-leglise\/#breadcrumb"},"inLanguage":"fr-FR","potentialAction":[{"@type":"ReadAction","target":["https:\/\/charente.catholique.fr\/ouest-charente\/actualites\/parcours-emmaus-2025-pourquoi-leglise\/"]}]},{"@type":"ImageObject","inLanguage":"fr-FR","@id":"https:\/\/charente.catholique.fr\/ouest-charente\/actualites\/parcours-emmaus-2025-pourquoi-leglise\/#primaryimage","url":"https:\/\/charente.catholique.fr\/ouest-charente\/wp-content\/uploads\/sites\/6\/2025\/11\/parcours-emmaus-2025.png","contentUrl":"https:\/\/charente.catholique.fr\/ouest-charente\/wp-content\/uploads\/sites\/6\/2025\/11\/parcours-emmaus-2025.png","width":851,"height":315},{"@type":"BreadcrumbList","@id":"https:\/\/charente.catholique.fr\/ouest-charente\/actualites\/parcours-emmaus-2025-pourquoi-leglise\/#breadcrumb","itemListElement":[{"@type":"ListItem","position":1,"name":"Accueil","item":"https:\/\/charente.catholique.fr\/ouest-charente\/"},{"@type":"ListItem","position":2,"name":"Parcours Emma\u00fcs 2026 : \u00ab Pourquoi l\u2019\u00c9glise ? \u00bb"}]},{"@type":"WebSite","@id":"https:\/\/charente.catholique.fr\/ouest-charente\/#website","url":"https:\/\/charente.catholique.fr\/ouest-charente\/","name":"Doyenn\u00e9 Ouest Charente - Dioc\u00e8se d'Angoul\u00eame","description":"Dioc\u00e8se d&#039;Angoul\u00eame","publisher":{"@id":"https:\/\/charente.catholique.fr\/ouest-charente\/#organization"},"potentialAction":[{"@type":"SearchAction","target":{"@type":"EntryPoint","urlTemplate":"https:\/\/charente.catholique.fr\/ouest-charente\/?s={search_term_string}"},"query-input":{"@type":"PropertyValueSpecification","valueRequired":true,"valueName":"search_term_string"}}],"inLanguage":"fr-FR"},{"@type":"Organization","@id":"https:\/\/charente.catholique.fr\/ouest-charente\/#organization","name":"Association dioc\u00e9saine d'Angoul\u00eame","url":"https:\/\/charente.catholique.fr\/ouest-charente\/","logo":{"@type":"ImageObject","inLanguage":"fr-FR","@id":"https:\/\/charente.catholique.fr\/ouest-charente\/#\/schema\/logo\/image\/","url":"https:\/\/charente.catholique.fr\/ouest-charente\/wp-content\/uploads\/sites\/6\/2020\/10\/logos.png","contentUrl":"https:\/\/charente.catholique.fr\/ouest-charente\/wp-content\/uploads\/sites\/6\/2020\/10\/logos.png","width":600,"height":257,"caption":"Association dioc\u00e9saine d'Angoul\u00eame"},"image":{"@id":"https:\/\/charente.catholique.fr\/ouest-charente\/#\/schema\/logo\/image\/"},"sameAs":["https:\/\/www.facebook.com\/EgliseCatholiqueCharente","https:\/\/x.com\/diocesecharente","https:\/\/www.instagram.com\/eglisecharente","https:\/\/www.youtube.com\/channel\/UCByyFWApZbw3gDTiADoiAaQ"]},{"@type":"Person","@id":"https:\/\/charente.catholique.fr\/ouest-charente\/#\/schema\/person\/9d46fe084c5954bd35fd161aab7a277a","name":"Sylvaine","image":{"@type":"ImageObject","inLanguage":"fr-FR","@id":"https:\/\/charente.catholique.fr\/ouest-charente\/#\/schema\/person\/image\/","url":"https:\/\/secure.gravatar.com\/avatar\/c2d819d8eafaec3d0be0bfeb1c1d4388c6f0232538593b042bf92e3c8fc1c2e0?s=96&d=mm&r=g","contentUrl":"https:\/\/secure.gravatar.com\/avatar\/c2d819d8eafaec3d0be0bfeb1c1d4388c6f0232538593b042bf92e3c8fc1c2e0?s=96&d=mm&r=g","caption":"Sylvaine"},"sameAs":["http:\/\/sylvainelacrouts"],"url":"https:\/\/charente.catholique.fr\/ouest-charente\/author\/sylvainelacrouts\/"}]}},"_links":{"self":[{"href":"https:\/\/charente.catholique.fr\/ouest-charente\/wp-json\/wp\/v2\/posts\/38408","targetHints":{"allow":["GET"]}}],"collection":[{"href":"https:\/\/charente.catholique.fr\/ouest-charente\/wp-json\/wp\/v2\/posts"}],"about":[{"href":"https:\/\/charente.catholique.fr\/ouest-charente\/wp-json\/wp\/v2\/types\/post"}],"author":[{"embeddable":true,"href":"https:\/\/charente.catholique.fr\/ouest-charente\/wp-json\/wp\/v2\/users\/3"}],"replies":[{"embeddable":true,"href":"https:\/\/charente.catholique.fr\/ouest-charente\/wp-json\/wp\/v2\/comments?post=38408"}],"version-history":[{"count":6,"href":"https:\/\/charente.catholique.fr\/ouest-charente\/wp-json\/wp\/v2\/posts\/38408\/revisions"}],"predecessor-version":[{"id":38420,"href":"https:\/\/charente.catholique.fr\/ouest-charente\/wp-json\/wp\/v2\/posts\/38408\/revisions\/38420"}],"wp:featuredmedia":[{"embeddable":true,"href":"https:\/\/charente.catholique.fr\/ouest-charente\/wp-json\/wp\/v2\/media\/38409"}],"wp:attachment":[{"href":"https:\/\/charente.catholique.fr\/ouest-charente\/wp-json\/wp\/v2\/media?parent=38408"}],"wp:term":[{"taxonomy":"category","embeddable":true,"href":"https:\/\/charente.catholique.fr\/ouest-charente\/wp-json\/wp\/v2\/categories?post=38408"},{"taxonomy":"post_tag","embeddable":true,"href":"https:\/\/charente.catholique.fr\/ouest-charente\/wp-json\/wp\/v2\/tags?post=38408"}],"curies":[{"name":"wp","href":"https:\/\/api.w.org\/{rel}","templated":true}]}}