{"id":3802,"date":"2021-06-11T13:49:30","date_gmt":"2021-06-11T11:49:30","guid":{"rendered":"https:\/\/charente.catholique.fr\/ouest-charente\/?p=3802"},"modified":"2021-06-15T18:56:09","modified_gmt":"2021-06-15T16:56:09","slug":"lavenir-se-dessine-pour-bassac","status":"publish","type":"post","link":"https:\/\/charente.catholique.fr\/ouest-charente\/actualites\/lavenir-se-dessine-pour-bassac\/","title":{"rendered":"L&#8217;avenir se dessine pour Bassac, Une Oasis Vivifiante"},"content":{"rendered":"\n<p class=\"has-text-align-left\">L\u2019association des Amis de l\u2019Abbaye de Bassac est une association qui accompagne la vie et l\u2019animation d\u2019un lieu embl\u00e9matique charentais entre spiritualit\u00e9, patrimoine et culture\u2026 Aujourd\u2019hui, un projet se dessine et se pr\u00e9cise autour du site et de cette abbaye mill\u00e9naire dans une continuit\u00e9 de transmission et de partage\u2026<br>Herv\u00e9 Catala, le pr\u00e9sident de cette association des Amis de l\u2019Abbaye de Bassac \u00e9tait l&#8217;invit\u00e9 de l&#8217;\u00e9mission Tour de Table du 10 juin sur RCF Charente <\/p>\n\n\n\n<iframe loading=\"lazy\" src=\"https:\/\/rcf.fr\/embed\/2669408\" width=\"100%\" height=\"220\" frameborder=\"0\"><\/iframe>\n\n\n\n<p><\/p>\n\n\n\n<div class=\"wp-block-image\"><figure class=\"aligncenter size-large\"><img loading=\"lazy\" decoding=\"async\" width=\"808\" height=\"1080\" src=\"https:\/\/charente.catholique.fr\/ouest-charente\/wp-content\/uploads\/sites\/6\/2021\/06\/Proposition-Communication-Chantier-e\u0301te\u0301-5-2-1-1-808x1080.jpg\" alt=\"\" class=\"wp-image-3804\" srcset=\"https:\/\/charente.catholique.fr\/ouest-charente\/wp-content\/uploads\/sites\/6\/2021\/06\/Proposition-Communication-Chantier-e\u0301te\u0301-5-2-1-1-808x1080.jpg 808w, https:\/\/charente.catholique.fr\/ouest-charente\/wp-content\/uploads\/sites\/6\/2021\/06\/Proposition-Communication-Chantier-e\u0301te\u0301-5-2-1-1-224x300.jpg 224w, https:\/\/charente.catholique.fr\/ouest-charente\/wp-content\/uploads\/sites\/6\/2021\/06\/Proposition-Communication-Chantier-e\u0301te\u0301-5-2-1-1-768x1027.jpg 768w, https:\/\/charente.catholique.fr\/ouest-charente\/wp-content\/uploads\/sites\/6\/2021\/06\/Proposition-Communication-Chantier-e\u0301te\u0301-5-2-1-1-1149x1536.jpg 1149w, https:\/\/charente.catholique.fr\/ouest-charente\/wp-content\/uploads\/sites\/6\/2021\/06\/Proposition-Communication-Chantier-e\u0301te\u0301-5-2-1-1-1532x2048.jpg 1532w, https:\/\/charente.catholique.fr\/ouest-charente\/wp-content\/uploads\/sites\/6\/2021\/06\/Proposition-Communication-Chantier-e\u0301te\u0301-5-2-1-1-scaled.jpg 1915w\" sizes=\"auto, (max-width: 808px) 100vw, 808px\" \/><\/figure><\/div>\n\n\n\n<div class=\"wp-block-image\"><figure class=\"aligncenter size-large\"><img loading=\"lazy\" decoding=\"async\" width=\"764\" height=\"1080\" src=\"https:\/\/charente.catholique.fr\/ouest-charente\/wp-content\/uploads\/sites\/6\/2021\/06\/Proposition-Communication-Chantier-e\u0301te\u0301-5-2-2-764x1080.jpg\" alt=\"\" class=\"wp-image-3805\" srcset=\"https:\/\/charente.catholique.fr\/ouest-charente\/wp-content\/uploads\/sites\/6\/2021\/06\/Proposition-Communication-Chantier-e\u0301te\u0301-5-2-2-764x1080.jpg 764w, https:\/\/charente.catholique.fr\/ouest-charente\/wp-content\/uploads\/sites\/6\/2021\/06\/Proposition-Communication-Chantier-e\u0301te\u0301-5-2-2-212x300.jpg 212w, https:\/\/charente.catholique.fr\/ouest-charente\/wp-content\/uploads\/sites\/6\/2021\/06\/Proposition-Communication-Chantier-e\u0301te\u0301-5-2-2-768x1086.jpg 768w, https:\/\/charente.catholique.fr\/ouest-charente\/wp-content\/uploads\/sites\/6\/2021\/06\/Proposition-Communication-Chantier-e\u0301te\u0301-5-2-2-1086x1536.jpg 1086w, https:\/\/charente.catholique.fr\/ouest-charente\/wp-content\/uploads\/sites\/6\/2021\/06\/Proposition-Communication-Chantier-e\u0301te\u0301-5-2-2-1448x2048.jpg 1448w, https:\/\/charente.catholique.fr\/ouest-charente\/wp-content\/uploads\/sites\/6\/2021\/06\/Proposition-Communication-Chantier-e\u0301te\u0301-5-2-2-scaled.jpg 1810w\" sizes=\"auto, (max-width: 764px) 100vw, 764px\" \/><\/figure><\/div>\n\n\n\n<p><strong>Plus d&#8217;information  : Budget des travaux de la phase 1<\/strong><\/p>\n\n\n\n<p>Le dioc\u00e8se finance l&#8217;installation du pr\u00eatre et de la communaut\u00e9 permanente, donc la r\u00e9novation : de l&#8217;isolation, du chauffage, de l&#8217;\u00e9lectricit\u00e9, de la plomberie et de la peinture, des chambres bureaux et sanitaires, des pi\u00e8ces de vie. <\/p>\n\n\n\n<p>Financement : Fondation du Patrimoine, Dioc\u00e8se d&#8217;Angoul\u00eame et B\u00e9n\u00e9volat (chantier d&#8217;\u00e9t\u00e9)<\/p>\n\n\n\n<p><strong>Pour vous inscrire au camp chantier<\/strong>, cliquez ici : <a href=\"https:\/\/forms.gle\/hq5k2ez5hnXsywTQA\" target=\"_blank\" rel=\"noreferrer noopener\">https:\/\/forms.gle\/hq5k2ez5hnXsywTQA<\/a><\/p>\n\n\n\n<figure class=\"wp-block-embed is-type-video is-provider-youtube wp-block-embed-youtube wp-embed-aspect-16-9 wp-has-aspect-ratio\"><div class=\"wp-block-embed__wrapper\">\n<script>jQuery(function() {(tarteaucitron.job = tarteaucitron.job || []).push('youtube');});<\/script><div class=\"youtube_player\" videoID=\"YjDFwoiMZVE\" theme=\"light\" rel=\"0\" controls=\"1\" showinfo=\"1\" autoplay=\"0\"><\/div>\n<\/div><\/figure>\n","protected":false},"excerpt":{"rendered":"<p>L\u2019association des Amis de l\u2019Abbaye de Bassac est une association qui accompagne la vie et l\u2019animation d\u2019un lieu embl\u00e9matique charentais entre spiritualit\u00e9, patrimoine et culture\u2026 Aujourd\u2019hui, un projet se dessine et se pr\u00e9cise autour du site et de cette abbaye mill\u00e9naire dans une continuit\u00e9 de transmission et de partage\u2026Herv\u00e9 Catala, le pr\u00e9sident de cette association [&hellip;]<\/p>\n","protected":false},"author":3,"featured_media":3806,"comment_status":"open","ping_status":"open","sticky":false,"template":"","format":"standard","meta":{"_acf_changed":false,"paroisse":["18"],"service":["0"],"footnotes":""},"categories":[1],"tags":[],"class_list":["post-3802","post","type-post","status-publish","format-standard","has-post-thumbnail","hentry","category-actualites","validated"],"acf":[],"yoast_head":"<!-- This site is optimized with the Yoast SEO plugin v27.1.1 - https:\/\/yoast.com\/product\/yoast-seo-wordpress\/ -->\n<title>L&#039;avenir se dessine pour Bassac, Une Oasis Vivifiante - Doyenn\u00e9 Ouest Charente<\/title>\n<meta name=\"robots\" content=\"index, follow, max-snippet:-1, max-image-preview:large, max-video-preview:-1\" \/>\n<link rel=\"canonical\" href=\"https:\/\/charente.catholique.fr\/ouest-charente\/actualites\/lavenir-se-dessine-pour-bassac\/\" \/>\n<meta property=\"og:locale\" content=\"fr_FR\" \/>\n<meta property=\"og:type\" content=\"article\" \/>\n<meta property=\"og:title\" content=\"L&#039;avenir se dessine pour Bassac, Une Oasis Vivifiante - Doyenn\u00e9 Ouest Charente\" \/>\n<meta property=\"og:description\" content=\"L\u2019association des Amis de l\u2019Abbaye de Bassac est une association qui accompagne la vie et l\u2019animation d\u2019un lieu embl\u00e9matique charentais entre spiritualit\u00e9, patrimoine et culture\u2026 Aujourd\u2019hui, un projet se dessine et se pr\u00e9cise autour du site et de cette abbaye mill\u00e9naire dans une continuit\u00e9 de transmission et de partage\u2026Herv\u00e9 Catala, le pr\u00e9sident de cette association [&hellip;]\" \/>\n<meta property=\"og:url\" content=\"https:\/\/charente.catholique.fr\/ouest-charente\/actualites\/lavenir-se-dessine-pour-bassac\/\" \/>\n<meta property=\"og:site_name\" content=\"Doyenn\u00e9 Ouest Charente\" \/>\n<meta property=\"article:publisher\" content=\"https:\/\/www.facebook.com\/EgliseCatholiqueCharente\" \/>\n<meta property=\"article:published_time\" content=\"2021-06-11T11:49:30+00:00\" \/>\n<meta property=\"article:modified_time\" content=\"2021-06-15T16:56:09+00:00\" \/>\n<meta property=\"og:image\" content=\"https:\/\/charente.catholique.fr\/ouest-charente\/wp-content\/uploads\/sites\/6\/2021\/06\/bandeau-bassac-1920x889.jpg\" \/>\n\t<meta property=\"og:image:width\" content=\"1920\" \/>\n\t<meta property=\"og:image:height\" content=\"889\" \/>\n\t<meta property=\"og:image:type\" content=\"image\/jpeg\" \/>\n<meta name=\"author\" content=\"Sylvaine\" \/>\n<meta name=\"twitter:card\" content=\"summary_large_image\" \/>\n<meta name=\"twitter:creator\" content=\"@diocesecharente\" \/>\n<meta name=\"twitter:site\" content=\"@diocesecharente\" \/>\n<meta name=\"twitter:label1\" content=\"\u00c9crit par\" \/>\n\t<meta name=\"twitter:data1\" content=\"Sylvaine\" \/>\n\t<meta name=\"twitter:label2\" content=\"Dur\u00e9e de lecture estim\u00e9e\" \/>\n\t<meta name=\"twitter:data2\" content=\"2 minutes\" \/>\n<script type=\"application\/ld+json\" class=\"yoast-schema-graph\">{\"@context\":\"https:\/\/schema.org\",\"@graph\":[{\"@type\":\"Article\",\"@id\":\"https:\/\/charente.catholique.fr\/ouest-charente\/actualites\/lavenir-se-dessine-pour-bassac\/#article\",\"isPartOf\":{\"@id\":\"https:\/\/charente.catholique.fr\/ouest-charente\/actualites\/lavenir-se-dessine-pour-bassac\/\"},\"author\":{\"name\":\"Sylvaine\",\"@id\":\"https:\/\/charente.catholique.fr\/ouest-charente\/#\/schema\/person\/9d46fe084c5954bd35fd161aab7a277a\"},\"headline\":\"L&#8217;avenir se dessine pour Bassac, Une Oasis Vivifiante\",\"datePublished\":\"2021-06-11T11:49:30+00:00\",\"dateModified\":\"2021-06-15T16:56:09+00:00\",\"mainEntityOfPage\":{\"@id\":\"https:\/\/charente.catholique.fr\/ouest-charente\/actualites\/lavenir-se-dessine-pour-bassac\/\"},\"wordCount\":185,\"commentCount\":0,\"publisher\":{\"@id\":\"https:\/\/charente.catholique.fr\/ouest-charente\/#organization\"},\"image\":{\"@id\":\"https:\/\/charente.catholique.fr\/ouest-charente\/actualites\/lavenir-se-dessine-pour-bassac\/#primaryimage\"},\"thumbnailUrl\":\"https:\/\/charente.catholique.fr\/ouest-charente\/wp-content\/uploads\/sites\/6\/2021\/06\/bandeau-bassac.jpg\",\"articleSection\":[\"Actualit\u00e9s\"],\"inLanguage\":\"fr-FR\",\"potentialAction\":[{\"@type\":\"CommentAction\",\"name\":\"Comment\",\"target\":[\"https:\/\/charente.catholique.fr\/ouest-charente\/actualites\/lavenir-se-dessine-pour-bassac\/#respond\"]}]},{\"@type\":\"WebPage\",\"@id\":\"https:\/\/charente.catholique.fr\/ouest-charente\/actualites\/lavenir-se-dessine-pour-bassac\/\",\"url\":\"https:\/\/charente.catholique.fr\/ouest-charente\/actualites\/lavenir-se-dessine-pour-bassac\/\",\"name\":\"L'avenir se dessine pour Bassac, Une Oasis Vivifiante - Doyenn\u00e9 Ouest Charente\",\"isPartOf\":{\"@id\":\"https:\/\/charente.catholique.fr\/ouest-charente\/#website\"},\"primaryImageOfPage\":{\"@id\":\"https:\/\/charente.catholique.fr\/ouest-charente\/actualites\/lavenir-se-dessine-pour-bassac\/#primaryimage\"},\"image\":{\"@id\":\"https:\/\/charente.catholique.fr\/ouest-charente\/actualites\/lavenir-se-dessine-pour-bassac\/#primaryimage\"},\"thumbnailUrl\":\"https:\/\/charente.catholique.fr\/ouest-charente\/wp-content\/uploads\/sites\/6\/2021\/06\/bandeau-bassac.jpg\",\"datePublished\":\"2021-06-11T11:49:30+00:00\",\"dateModified\":\"2021-06-15T16:56:09+00:00\",\"breadcrumb\":{\"@id\":\"https:\/\/charente.catholique.fr\/ouest-charente\/actualites\/lavenir-se-dessine-pour-bassac\/#breadcrumb\"},\"inLanguage\":\"fr-FR\",\"potentialAction\":[{\"@type\":\"ReadAction\",\"target\":[\"https:\/\/charente.catholique.fr\/ouest-charente\/actualites\/lavenir-se-dessine-pour-bassac\/\"]}]},{\"@type\":\"ImageObject\",\"inLanguage\":\"fr-FR\",\"@id\":\"https:\/\/charente.catholique.fr\/ouest-charente\/actualites\/lavenir-se-dessine-pour-bassac\/#primaryimage\",\"url\":\"https:\/\/charente.catholique.fr\/ouest-charente\/wp-content\/uploads\/sites\/6\/2021\/06\/bandeau-bassac.jpg\",\"contentUrl\":\"https:\/\/charente.catholique.fr\/ouest-charente\/wp-content\/uploads\/sites\/6\/2021\/06\/bandeau-bassac.jpg\",\"width\":2481,\"height\":1149},{\"@type\":\"BreadcrumbList\",\"@id\":\"https:\/\/charente.catholique.fr\/ouest-charente\/actualites\/lavenir-se-dessine-pour-bassac\/#breadcrumb\",\"itemListElement\":[{\"@type\":\"ListItem\",\"position\":1,\"name\":\"Accueil\",\"item\":\"https:\/\/charente.catholique.fr\/ouest-charente\/\"},{\"@type\":\"ListItem\",\"position\":2,\"name\":\"L&#8217;avenir se dessine pour Bassac, Une Oasis Vivifiante\"}]},{\"@type\":\"WebSite\",\"@id\":\"https:\/\/charente.catholique.fr\/ouest-charente\/#website\",\"url\":\"https:\/\/charente.catholique.fr\/ouest-charente\/\",\"name\":\"Doyenn\u00e9 Ouest Charente - Dioc\u00e8se d'Angoul\u00eame\",\"description\":\"Dioc\u00e8se d&#039;Angoul\u00eame\",\"publisher\":{\"@id\":\"https:\/\/charente.catholique.fr\/ouest-charente\/#organization\"},\"potentialAction\":[{\"@type\":\"SearchAction\",\"target\":{\"@type\":\"EntryPoint\",\"urlTemplate\":\"https:\/\/charente.catholique.fr\/ouest-charente\/?s={search_term_string}\"},\"query-input\":{\"@type\":\"PropertyValueSpecification\",\"valueRequired\":true,\"valueName\":\"search_term_string\"}}],\"inLanguage\":\"fr-FR\"},{\"@type\":\"Organization\",\"@id\":\"https:\/\/charente.catholique.fr\/ouest-charente\/#organization\",\"name\":\"Association dioc\u00e9saine d'Angoul\u00eame\",\"url\":\"https:\/\/charente.catholique.fr\/ouest-charente\/\",\"logo\":{\"@type\":\"ImageObject\",\"inLanguage\":\"fr-FR\",\"@id\":\"https:\/\/charente.catholique.fr\/ouest-charente\/#\/schema\/logo\/image\/\",\"url\":\"https:\/\/charente.catholique.fr\/ouest-charente\/wp-content\/uploads\/sites\/6\/2020\/10\/logos.png\",\"contentUrl\":\"https:\/\/charente.catholique.fr\/ouest-charente\/wp-content\/uploads\/sites\/6\/2020\/10\/logos.png\",\"width\":600,\"height\":257,\"caption\":\"Association dioc\u00e9saine d'Angoul\u00eame\"},\"image\":{\"@id\":\"https:\/\/charente.catholique.fr\/ouest-charente\/#\/schema\/logo\/image\/\"},\"sameAs\":[\"https:\/\/www.facebook.com\/EgliseCatholiqueCharente\",\"https:\/\/x.com\/diocesecharente\",\"https:\/\/www.instagram.com\/eglisecharente\",\"https:\/\/www.youtube.com\/channel\/UCByyFWApZbw3gDTiADoiAaQ\"]},{\"@type\":\"Person\",\"@id\":\"https:\/\/charente.catholique.fr\/ouest-charente\/#\/schema\/person\/9d46fe084c5954bd35fd161aab7a277a\",\"name\":\"Sylvaine\",\"image\":{\"@type\":\"ImageObject\",\"inLanguage\":\"fr-FR\",\"@id\":\"https:\/\/charente.catholique.fr\/ouest-charente\/#\/schema\/person\/image\/\",\"url\":\"https:\/\/secure.gravatar.com\/avatar\/c2d819d8eafaec3d0be0bfeb1c1d4388c6f0232538593b042bf92e3c8fc1c2e0?s=96&d=mm&r=g\",\"contentUrl\":\"https:\/\/secure.gravatar.com\/avatar\/c2d819d8eafaec3d0be0bfeb1c1d4388c6f0232538593b042bf92e3c8fc1c2e0?s=96&d=mm&r=g\",\"caption\":\"Sylvaine\"},\"sameAs\":[\"http:\/\/sylvainelacrouts\"],\"url\":\"https:\/\/charente.catholique.fr\/ouest-charente\/author\/sylvainelacrouts\/\"}]}<\/script>\n<!-- \/ Yoast SEO plugin. -->","yoast_head_json":{"title":"L'avenir se dessine pour Bassac, Une Oasis Vivifiante - Doyenn\u00e9 Ouest Charente","robots":{"index":"index","follow":"follow","max-snippet":"max-snippet:-1","max-image-preview":"max-image-preview:large","max-video-preview":"max-video-preview:-1"},"canonical":"https:\/\/charente.catholique.fr\/ouest-charente\/actualites\/lavenir-se-dessine-pour-bassac\/","og_locale":"fr_FR","og_type":"article","og_title":"L'avenir se dessine pour Bassac, Une Oasis Vivifiante - Doyenn\u00e9 Ouest Charente","og_description":"L\u2019association des Amis de l\u2019Abbaye de Bassac est une association qui accompagne la vie et l\u2019animation d\u2019un lieu embl\u00e9matique charentais entre spiritualit\u00e9, patrimoine et culture\u2026 Aujourd\u2019hui, un projet se dessine et se pr\u00e9cise autour du site et de cette abbaye mill\u00e9naire dans une continuit\u00e9 de transmission et de partage\u2026Herv\u00e9 Catala, le pr\u00e9sident de cette association [&hellip;]","og_url":"https:\/\/charente.catholique.fr\/ouest-charente\/actualites\/lavenir-se-dessine-pour-bassac\/","og_site_name":"Doyenn\u00e9 Ouest Charente","article_publisher":"https:\/\/www.facebook.com\/EgliseCatholiqueCharente","article_published_time":"2021-06-11T11:49:30+00:00","article_modified_time":"2021-06-15T16:56:09+00:00","og_image":[{"width":1920,"height":889,"url":"https:\/\/charente.catholique.fr\/ouest-charente\/wp-content\/uploads\/sites\/6\/2021\/06\/bandeau-bassac-1920x889.jpg","type":"image\/jpeg"}],"author":"Sylvaine","twitter_card":"summary_large_image","twitter_creator":"@diocesecharente","twitter_site":"@diocesecharente","twitter_misc":{"\u00c9crit par":"Sylvaine","Dur\u00e9e de lecture estim\u00e9e":"2 minutes"},"schema":{"@context":"https:\/\/schema.org","@graph":[{"@type":"Article","@id":"https:\/\/charente.catholique.fr\/ouest-charente\/actualites\/lavenir-se-dessine-pour-bassac\/#article","isPartOf":{"@id":"https:\/\/charente.catholique.fr\/ouest-charente\/actualites\/lavenir-se-dessine-pour-bassac\/"},"author":{"name":"Sylvaine","@id":"https:\/\/charente.catholique.fr\/ouest-charente\/#\/schema\/person\/9d46fe084c5954bd35fd161aab7a277a"},"headline":"L&#8217;avenir se dessine pour Bassac, Une Oasis Vivifiante","datePublished":"2021-06-11T11:49:30+00:00","dateModified":"2021-06-15T16:56:09+00:00","mainEntityOfPage":{"@id":"https:\/\/charente.catholique.fr\/ouest-charente\/actualites\/lavenir-se-dessine-pour-bassac\/"},"wordCount":185,"commentCount":0,"publisher":{"@id":"https:\/\/charente.catholique.fr\/ouest-charente\/#organization"},"image":{"@id":"https:\/\/charente.catholique.fr\/ouest-charente\/actualites\/lavenir-se-dessine-pour-bassac\/#primaryimage"},"thumbnailUrl":"https:\/\/charente.catholique.fr\/ouest-charente\/wp-content\/uploads\/sites\/6\/2021\/06\/bandeau-bassac.jpg","articleSection":["Actualit\u00e9s"],"inLanguage":"fr-FR","potentialAction":[{"@type":"CommentAction","name":"Comment","target":["https:\/\/charente.catholique.fr\/ouest-charente\/actualites\/lavenir-se-dessine-pour-bassac\/#respond"]}]},{"@type":"WebPage","@id":"https:\/\/charente.catholique.fr\/ouest-charente\/actualites\/lavenir-se-dessine-pour-bassac\/","url":"https:\/\/charente.catholique.fr\/ouest-charente\/actualites\/lavenir-se-dessine-pour-bassac\/","name":"L'avenir se dessine pour Bassac, Une Oasis Vivifiante - Doyenn\u00e9 Ouest Charente","isPartOf":{"@id":"https:\/\/charente.catholique.fr\/ouest-charente\/#website"},"primaryImageOfPage":{"@id":"https:\/\/charente.catholique.fr\/ouest-charente\/actualites\/lavenir-se-dessine-pour-bassac\/#primaryimage"},"image":{"@id":"https:\/\/charente.catholique.fr\/ouest-charente\/actualites\/lavenir-se-dessine-pour-bassac\/#primaryimage"},"thumbnailUrl":"https:\/\/charente.catholique.fr\/ouest-charente\/wp-content\/uploads\/sites\/6\/2021\/06\/bandeau-bassac.jpg","datePublished":"2021-06-11T11:49:30+00:00","dateModified":"2021-06-15T16:56:09+00:00","breadcrumb":{"@id":"https:\/\/charente.catholique.fr\/ouest-charente\/actualites\/lavenir-se-dessine-pour-bassac\/#breadcrumb"},"inLanguage":"fr-FR","potentialAction":[{"@type":"ReadAction","target":["https:\/\/charente.catholique.fr\/ouest-charente\/actualites\/lavenir-se-dessine-pour-bassac\/"]}]},{"@type":"ImageObject","inLanguage":"fr-FR","@id":"https:\/\/charente.catholique.fr\/ouest-charente\/actualites\/lavenir-se-dessine-pour-bassac\/#primaryimage","url":"https:\/\/charente.catholique.fr\/ouest-charente\/wp-content\/uploads\/sites\/6\/2021\/06\/bandeau-bassac.jpg","contentUrl":"https:\/\/charente.catholique.fr\/ouest-charente\/wp-content\/uploads\/sites\/6\/2021\/06\/bandeau-bassac.jpg","width":2481,"height":1149},{"@type":"BreadcrumbList","@id":"https:\/\/charente.catholique.fr\/ouest-charente\/actualites\/lavenir-se-dessine-pour-bassac\/#breadcrumb","itemListElement":[{"@type":"ListItem","position":1,"name":"Accueil","item":"https:\/\/charente.catholique.fr\/ouest-charente\/"},{"@type":"ListItem","position":2,"name":"L&#8217;avenir se dessine pour Bassac, Une Oasis Vivifiante"}]},{"@type":"WebSite","@id":"https:\/\/charente.catholique.fr\/ouest-charente\/#website","url":"https:\/\/charente.catholique.fr\/ouest-charente\/","name":"Doyenn\u00e9 Ouest Charente - Dioc\u00e8se d'Angoul\u00eame","description":"Dioc\u00e8se d&#039;Angoul\u00eame","publisher":{"@id":"https:\/\/charente.catholique.fr\/ouest-charente\/#organization"},"potentialAction":[{"@type":"SearchAction","target":{"@type":"EntryPoint","urlTemplate":"https:\/\/charente.catholique.fr\/ouest-charente\/?s={search_term_string}"},"query-input":{"@type":"PropertyValueSpecification","valueRequired":true,"valueName":"search_term_string"}}],"inLanguage":"fr-FR"},{"@type":"Organization","@id":"https:\/\/charente.catholique.fr\/ouest-charente\/#organization","name":"Association dioc\u00e9saine d'Angoul\u00eame","url":"https:\/\/charente.catholique.fr\/ouest-charente\/","logo":{"@type":"ImageObject","inLanguage":"fr-FR","@id":"https:\/\/charente.catholique.fr\/ouest-charente\/#\/schema\/logo\/image\/","url":"https:\/\/charente.catholique.fr\/ouest-charente\/wp-content\/uploads\/sites\/6\/2020\/10\/logos.png","contentUrl":"https:\/\/charente.catholique.fr\/ouest-charente\/wp-content\/uploads\/sites\/6\/2020\/10\/logos.png","width":600,"height":257,"caption":"Association dioc\u00e9saine d'Angoul\u00eame"},"image":{"@id":"https:\/\/charente.catholique.fr\/ouest-charente\/#\/schema\/logo\/image\/"},"sameAs":["https:\/\/www.facebook.com\/EgliseCatholiqueCharente","https:\/\/x.com\/diocesecharente","https:\/\/www.instagram.com\/eglisecharente","https:\/\/www.youtube.com\/channel\/UCByyFWApZbw3gDTiADoiAaQ"]},{"@type":"Person","@id":"https:\/\/charente.catholique.fr\/ouest-charente\/#\/schema\/person\/9d46fe084c5954bd35fd161aab7a277a","name":"Sylvaine","image":{"@type":"ImageObject","inLanguage":"fr-FR","@id":"https:\/\/charente.catholique.fr\/ouest-charente\/#\/schema\/person\/image\/","url":"https:\/\/secure.gravatar.com\/avatar\/c2d819d8eafaec3d0be0bfeb1c1d4388c6f0232538593b042bf92e3c8fc1c2e0?s=96&d=mm&r=g","contentUrl":"https:\/\/secure.gravatar.com\/avatar\/c2d819d8eafaec3d0be0bfeb1c1d4388c6f0232538593b042bf92e3c8fc1c2e0?s=96&d=mm&r=g","caption":"Sylvaine"},"sameAs":["http:\/\/sylvainelacrouts"],"url":"https:\/\/charente.catholique.fr\/ouest-charente\/author\/sylvainelacrouts\/"}]}},"_links":{"self":[{"href":"https:\/\/charente.catholique.fr\/ouest-charente\/wp-json\/wp\/v2\/posts\/3802","targetHints":{"allow":["GET"]}}],"collection":[{"href":"https:\/\/charente.catholique.fr\/ouest-charente\/wp-json\/wp\/v2\/posts"}],"about":[{"href":"https:\/\/charente.catholique.fr\/ouest-charente\/wp-json\/wp\/v2\/types\/post"}],"author":[{"embeddable":true,"href":"https:\/\/charente.catholique.fr\/ouest-charente\/wp-json\/wp\/v2\/users\/3"}],"replies":[{"embeddable":true,"href":"https:\/\/charente.catholique.fr\/ouest-charente\/wp-json\/wp\/v2\/comments?post=3802"}],"version-history":[{"count":7,"href":"https:\/\/charente.catholique.fr\/ouest-charente\/wp-json\/wp\/v2\/posts\/3802\/revisions"}],"predecessor-version":[{"id":3864,"href":"https:\/\/charente.catholique.fr\/ouest-charente\/wp-json\/wp\/v2\/posts\/3802\/revisions\/3864"}],"wp:featuredmedia":[{"embeddable":true,"href":"https:\/\/charente.catholique.fr\/ouest-charente\/wp-json\/wp\/v2\/media\/3806"}],"wp:attachment":[{"href":"https:\/\/charente.catholique.fr\/ouest-charente\/wp-json\/wp\/v2\/media?parent=3802"}],"wp:term":[{"taxonomy":"category","embeddable":true,"href":"https:\/\/charente.catholique.fr\/ouest-charente\/wp-json\/wp\/v2\/categories?post=3802"},{"taxonomy":"post_tag","embeddable":true,"href":"https:\/\/charente.catholique.fr\/ouest-charente\/wp-json\/wp\/v2\/tags?post=3802"}],"curies":[{"name":"wp","href":"https:\/\/api.w.org\/{rel}","templated":true}]}}