{"id":36208,"date":"2025-02-21T17:30:51","date_gmt":"2025-02-21T16:30:51","guid":{"rendered":"https:\/\/charente.catholique.fr\/ouest-charente\/?p=36208"},"modified":"2025-02-21T18:16:48","modified_gmt":"2025-02-21T17:16:48","slug":"careme-et-paques","status":"publish","type":"post","link":"https:\/\/charente.catholique.fr\/ouest-charente\/actualites\/careme-et-paques\/","title":{"rendered":"Car\u00eame et P\u00e2ques"},"content":{"rendered":"\n<p><u><em>Propositions de Car\u00eame pour les paroisses St-Martin en val de Cognac et Notre Dame des Borderies<\/em><\/u><\/p>\n\n\n\n<p><strong>Messes des Cendres : 5 mars&nbsp;&nbsp;&nbsp;( entr\u00e9e en Car\u00eame<\/strong>)   <strong>Carmel \u00e0 8h \/ Sacr\u00e9-C\u0153ur \u00e0 12h15 \/ CHERVES \u00e0 18h30 \/ St-L\u00e9ger \u00e0 19h<\/strong><\/p>\n\n\n\n<p><strong><u>Mercredi 5 mars<\/u><\/strong><strong> : Adoration eucharistique <\/strong><strong><u>\u00e0 St-L\u00e9ger&nbsp;: \u00e0<\/u><\/strong><strong><u> 9h exposition du Saint Sacrement, et fin de l\u2019adoration \u00e0 18h30, avec la messe des Cendres \u00e0 19h<\/u><\/strong><\/p>\n\n\n\n<p class=\"has-grand-angouleme-color has-text-color has-link-color wp-elements-513bc803894d236bfdb432beb2a6cb79\">Tous les mercredis de Car\u00eame de 9h \u00e0 18h30, jusqu\u2019au 9 avril inclus&nbsp;: adoration eucharistique \u00e0 St-L\u00e9ger.<\/p>\n\n\n\n<p class=\"has-sud-charente-color has-text-color has-link-color wp-elements-1e20daf82c1b44eea9056fbc3abf9386\">Messe pour la f\u00eate de St-Joseph le mercredi 19 mars \u00e0 18h30 \u00e0 St-L\u00e9ger.<\/p>\n\n\n\n<p class=\"has-sud-charente-color has-text-color has-link-color wp-elements-00bbefa97a3bff516e3b7bc2751128e3\">Messe pour la f\u00eate de l\u2019Annonciation le mardi 25 mars \u00e0 18h30 \u00e0 St-L\u00e9ger, avec chapelet \u00e0 18h.<\/p>\n\n\n\n<p><strong>Tous les vendredis Chemin de Croix de 12h30 \u00e0 13h30 \u00e0 l\u2019\u00e9glise St-Martin (Cognac)<\/strong><\/p>\n\n\n\n<p class=\"has-grand-angouleme-color has-text-color has-link-color wp-elements-df62eb0862c7172b7686addd48f08735\">Tous les vendredis de Car\u00eame&nbsp;: adoration eucharistique au Carmel de &nbsp;13h \u00e0 17h30.<\/p>\n\n\n\n<p class=\"has-grand-angouleme-color has-text-color has-link-color wp-elements-58b0fe8b625b8ac0603b06f8f0df96e4\">Tous les samedis de Car\u00eame&nbsp;: confessions de 17h30 \u00e0 18h20 avant la messe de 18h30 le samedi.<\/p>\n\n\n\n<p class=\"has-est-charente-color has-text-color has-link-color wp-elements-2f92586e07bac7dc0778234d1d295e48\"><strong>Veill\u00e9e pri\u00e8re\/louange \u00e0 l\u2019\u00e9glise de Merpins le jeudi 3 avril \u00e0 20h, anim\u00e9e par les Serviteurs de la Mis\u00e9ricorde.<\/strong><\/p>\n\n\n\n<p class=\"has-est-charente-color has-text-color has-link-color wp-elements-2547c61243bc6a15c046dfe04ad70793\"><strong>Vendredi 4 avril&nbsp;: Heure de la Mis\u00e9ricorde \u00e0 l\u2019\u00e9glise St-Martin \u00e0 15h, anim\u00e9e par les Serviteurs de la Mis\u00e9ricorde.<\/strong><\/p>\n\n\n\n<p class=\"has-est-charente-color has-text-color has-link-color wp-elements-a0405488f2031e6ada0ad2ee84690cf3\"><strong>Samedi 5 avril&nbsp;: au prieur\u00e9 de Richemont, journ\u00e9e pour Dieu \u00e0 partir de 9h avec chapelet \/adoration\/confession\/messe \u00e0 11h\/d\u00e9jeuner\/exhortation l\u2019apr\u00e8s-midi.<\/strong><\/p>\n\n\n\n<p class=\"has-grand-angouleme-color has-text-color has-link-color wp-elements-d5d22d7723d9a752dff01f8737359837\"><strong>Samedi 12 avril&nbsp;: Temps Mis\u00e9ricorde avec confessions individuelles \u00e0 St-Antoine de 15h \u00e0 17h.<\/strong><\/p>\n\n\n\n<p class=\"has-sud-charente-color has-text-color has-link-color wp-elements-524de29dfd37953af2757c13bbd7bbe1\"><strong>Jeudi saint (17 avril)&nbsp;: Office de la Sainte C\u00e8ne au Carmel \u00e0 17h et \u00e0 St-L\u00e9ger \u00e0 19h30, avec adoration toute la nuit.<\/strong><\/p>\n\n\n\n<p class=\"has-gris-fonce-color has-text-color has-link-color wp-elements-7e4f75ae1a1ba5055b1d5e9ae8b4f0fb\"><strong>Vendredi saint (18 avril)&nbsp;: Laudes \u00e0 8h \u00e0 St-L\u00e9ger  \/\/\/  Chemin de Croix de 12h30 \u00e0 13h30 d\u00e9part de St-L\u00e9ger, avec les jeunes en ext\u00e9rieur dans les rues de Cognac et jardin public.  \/\/\/   Office de la Passion \u00e0 17h au Carmel et \u00e0 19h30 au Sacr\u00e9-C\u0153ur<\/strong><\/p>\n\n\n\n<p class=\"has-diocese-angouleme-color has-text-color has-link-color wp-elements-0370fb6cf958b41f5fc690b728c9bd0b\"><strong>Samedi saint (19 avril)&nbsp;: Permanence de confessions de 14h30 \u00e0 17h30 \u00e0 St-L\u00e9ger.<\/strong><\/p>\n\n\n\n<p class=\"has-diocese-angouleme-color has-text-color has-link-color wp-elements-fc8f3acc69b85f41de2bcc209cc7ebe1\"><strong>Veill\u00e9e pascale au Carmel \u00e0 21h et \u00e0 St-L\u00e9ger \u00e0 21h.<\/strong><\/p>\n\n\n\n<p class=\"has-nord-charente-color has-text-color has-link-color has-medium-font-size wp-elements-3216d9d248bb4aea5e1754c545f101f2\"><strong>Dimanche de P\u00e2ques&nbsp;:<\/strong> <strong>Messes&nbsp;: 9h au Carmel \/ 9h30 \u00e0 St-Antoine \/ 11h \u00e0 St-L\u00e9ger<\/strong><\/p>\n\n\n\n<p><\/p>\n","protected":false},"excerpt":{"rendered":"<p>Propositions de Car\u00eame pour les paroisses St-Martin en val de Cognac et Notre Dame des Borderies Messes des Cendres : 5 mars&nbsp;&nbsp;&nbsp;( entr\u00e9e en Car\u00eame) Carmel \u00e0 8h \/ Sacr\u00e9-C\u0153ur \u00e0 12h15 \/ CHERVES \u00e0 18h30 \/ St-L\u00e9ger \u00e0 19h Mercredi 5 mars : Adoration eucharistique \u00e0 St-L\u00e9ger&nbsp;: \u00e0 9h exposition du Saint Sacrement, et [&hellip;]<\/p>\n","protected":false},"author":10,"featured_media":36196,"comment_status":"open","ping_status":"open","sticky":false,"template":"","format":"standard","meta":{"_acf_changed":false,"paroisse":["20"],"service":["0"],"footnotes":""},"categories":[1,5],"tags":[],"class_list":["post-36208","post","type-post","status-publish","format-standard","has-post-thumbnail","hentry","category-actualites","category-cognac","validated"],"acf":[],"yoast_head":"<!-- This site is optimized with the Yoast SEO plugin v27.1.1 - https:\/\/yoast.com\/product\/yoast-seo-wordpress\/ -->\n<title>Car\u00eame et P\u00e2ques - Doyenn\u00e9 Ouest Charente<\/title>\n<meta name=\"robots\" content=\"index, follow, max-snippet:-1, max-image-preview:large, max-video-preview:-1\" \/>\n<link rel=\"canonical\" href=\"https:\/\/charente.catholique.fr\/ouest-charente\/actualites\/careme-et-paques\/\" \/>\n<meta property=\"og:locale\" content=\"fr_FR\" \/>\n<meta property=\"og:type\" content=\"article\" \/>\n<meta property=\"og:title\" content=\"Car\u00eame et P\u00e2ques - Doyenn\u00e9 Ouest Charente\" \/>\n<meta property=\"og:description\" content=\"Propositions de Car\u00eame pour les paroisses St-Martin en val de Cognac et Notre Dame des Borderies Messes des Cendres : 5 mars&nbsp;&nbsp;&nbsp;( entr\u00e9e en Car\u00eame) Carmel \u00e0 8h \/ Sacr\u00e9-C\u0153ur \u00e0 12h15 \/ CHERVES \u00e0 18h30 \/ St-L\u00e9ger \u00e0 19h Mercredi 5 mars : Adoration eucharistique \u00e0 St-L\u00e9ger&nbsp;: \u00e0 9h exposition du Saint Sacrement, et [&hellip;]\" \/>\n<meta property=\"og:url\" content=\"https:\/\/charente.catholique.fr\/ouest-charente\/actualites\/careme-et-paques\/\" \/>\n<meta property=\"og:site_name\" content=\"Doyenn\u00e9 Ouest Charente\" \/>\n<meta property=\"article:publisher\" content=\"https:\/\/www.facebook.com\/EgliseCatholiqueCharente\" \/>\n<meta property=\"article:published_time\" content=\"2025-02-21T16:30:51+00:00\" \/>\n<meta property=\"article:modified_time\" content=\"2025-02-21T17:16:48+00:00\" \/>\n<meta property=\"og:image\" content=\"https:\/\/charente.catholique.fr\/ouest-charente\/wp-content\/uploads\/sites\/6\/2025\/02\/careme-desert.jpeg\" \/>\n\t<meta property=\"og:image:width\" content=\"292\" \/>\n\t<meta property=\"og:image:height\" content=\"172\" \/>\n\t<meta property=\"og:image:type\" content=\"image\/jpeg\" \/>\n<meta name=\"author\" content=\"clarapredesly\" \/>\n<meta name=\"twitter:card\" content=\"summary_large_image\" \/>\n<meta name=\"twitter:creator\" content=\"@diocesecharente\" \/>\n<meta name=\"twitter:site\" content=\"@diocesecharente\" \/>\n<meta name=\"twitter:label1\" content=\"\u00c9crit par\" \/>\n\t<meta name=\"twitter:data1\" content=\"clarapredesly\" \/>\n\t<meta name=\"twitter:label2\" content=\"Dur\u00e9e de lecture estim\u00e9e\" \/>\n\t<meta name=\"twitter:data2\" content=\"2 minutes\" \/>\n<script type=\"application\/ld+json\" class=\"yoast-schema-graph\">{\"@context\":\"https:\/\/schema.org\",\"@graph\":[{\"@type\":\"Article\",\"@id\":\"https:\/\/charente.catholique.fr\/ouest-charente\/actualites\/careme-et-paques\/#article\",\"isPartOf\":{\"@id\":\"https:\/\/charente.catholique.fr\/ouest-charente\/actualites\/careme-et-paques\/\"},\"author\":{\"name\":\"clarapredesly\",\"@id\":\"https:\/\/charente.catholique.fr\/ouest-charente\/#\/schema\/person\/c6b53690e85d2c9154f8a3462079aab7\"},\"headline\":\"Car\u00eame et P\u00e2ques\",\"datePublished\":\"2025-02-21T16:30:51+00:00\",\"dateModified\":\"2025-02-21T17:16:48+00:00\",\"mainEntityOfPage\":{\"@id\":\"https:\/\/charente.catholique.fr\/ouest-charente\/actualites\/careme-et-paques\/\"},\"wordCount\":350,\"commentCount\":0,\"publisher\":{\"@id\":\"https:\/\/charente.catholique.fr\/ouest-charente\/#organization\"},\"image\":{\"@id\":\"https:\/\/charente.catholique.fr\/ouest-charente\/actualites\/careme-et-paques\/#primaryimage\"},\"thumbnailUrl\":\"https:\/\/charente.catholique.fr\/ouest-charente\/wp-content\/uploads\/sites\/6\/2025\/02\/careme-desert.jpeg\",\"articleSection\":[\"Actualit\u00e9s\",\"Cognac\"],\"inLanguage\":\"fr-FR\",\"potentialAction\":[{\"@type\":\"CommentAction\",\"name\":\"Comment\",\"target\":[\"https:\/\/charente.catholique.fr\/ouest-charente\/actualites\/careme-et-paques\/#respond\"]}]},{\"@type\":\"WebPage\",\"@id\":\"https:\/\/charente.catholique.fr\/ouest-charente\/actualites\/careme-et-paques\/\",\"url\":\"https:\/\/charente.catholique.fr\/ouest-charente\/actualites\/careme-et-paques\/\",\"name\":\"Car\u00eame et P\u00e2ques - Doyenn\u00e9 Ouest Charente\",\"isPartOf\":{\"@id\":\"https:\/\/charente.catholique.fr\/ouest-charente\/#website\"},\"primaryImageOfPage\":{\"@id\":\"https:\/\/charente.catholique.fr\/ouest-charente\/actualites\/careme-et-paques\/#primaryimage\"},\"image\":{\"@id\":\"https:\/\/charente.catholique.fr\/ouest-charente\/actualites\/careme-et-paques\/#primaryimage\"},\"thumbnailUrl\":\"https:\/\/charente.catholique.fr\/ouest-charente\/wp-content\/uploads\/sites\/6\/2025\/02\/careme-desert.jpeg\",\"datePublished\":\"2025-02-21T16:30:51+00:00\",\"dateModified\":\"2025-02-21T17:16:48+00:00\",\"breadcrumb\":{\"@id\":\"https:\/\/charente.catholique.fr\/ouest-charente\/actualites\/careme-et-paques\/#breadcrumb\"},\"inLanguage\":\"fr-FR\",\"potentialAction\":[{\"@type\":\"ReadAction\",\"target\":[\"https:\/\/charente.catholique.fr\/ouest-charente\/actualites\/careme-et-paques\/\"]}]},{\"@type\":\"ImageObject\",\"inLanguage\":\"fr-FR\",\"@id\":\"https:\/\/charente.catholique.fr\/ouest-charente\/actualites\/careme-et-paques\/#primaryimage\",\"url\":\"https:\/\/charente.catholique.fr\/ouest-charente\/wp-content\/uploads\/sites\/6\/2025\/02\/careme-desert.jpeg\",\"contentUrl\":\"https:\/\/charente.catholique.fr\/ouest-charente\/wp-content\/uploads\/sites\/6\/2025\/02\/careme-desert.jpeg\",\"width\":292,\"height\":172},{\"@type\":\"BreadcrumbList\",\"@id\":\"https:\/\/charente.catholique.fr\/ouest-charente\/actualites\/careme-et-paques\/#breadcrumb\",\"itemListElement\":[{\"@type\":\"ListItem\",\"position\":1,\"name\":\"Accueil\",\"item\":\"https:\/\/charente.catholique.fr\/ouest-charente\/\"},{\"@type\":\"ListItem\",\"position\":2,\"name\":\"Car\u00eame et P\u00e2ques\"}]},{\"@type\":\"WebSite\",\"@id\":\"https:\/\/charente.catholique.fr\/ouest-charente\/#website\",\"url\":\"https:\/\/charente.catholique.fr\/ouest-charente\/\",\"name\":\"Doyenn\u00e9 Ouest Charente - Dioc\u00e8se d'Angoul\u00eame\",\"description\":\"Dioc\u00e8se d&#039;Angoul\u00eame\",\"publisher\":{\"@id\":\"https:\/\/charente.catholique.fr\/ouest-charente\/#organization\"},\"potentialAction\":[{\"@type\":\"SearchAction\",\"target\":{\"@type\":\"EntryPoint\",\"urlTemplate\":\"https:\/\/charente.catholique.fr\/ouest-charente\/?s={search_term_string}\"},\"query-input\":{\"@type\":\"PropertyValueSpecification\",\"valueRequired\":true,\"valueName\":\"search_term_string\"}}],\"inLanguage\":\"fr-FR\"},{\"@type\":\"Organization\",\"@id\":\"https:\/\/charente.catholique.fr\/ouest-charente\/#organization\",\"name\":\"Association dioc\u00e9saine d'Angoul\u00eame\",\"url\":\"https:\/\/charente.catholique.fr\/ouest-charente\/\",\"logo\":{\"@type\":\"ImageObject\",\"inLanguage\":\"fr-FR\",\"@id\":\"https:\/\/charente.catholique.fr\/ouest-charente\/#\/schema\/logo\/image\/\",\"url\":\"https:\/\/charente.catholique.fr\/ouest-charente\/wp-content\/uploads\/sites\/6\/2020\/10\/logos.png\",\"contentUrl\":\"https:\/\/charente.catholique.fr\/ouest-charente\/wp-content\/uploads\/sites\/6\/2020\/10\/logos.png\",\"width\":600,\"height\":257,\"caption\":\"Association dioc\u00e9saine d'Angoul\u00eame\"},\"image\":{\"@id\":\"https:\/\/charente.catholique.fr\/ouest-charente\/#\/schema\/logo\/image\/\"},\"sameAs\":[\"https:\/\/www.facebook.com\/EgliseCatholiqueCharente\",\"https:\/\/x.com\/diocesecharente\",\"https:\/\/www.instagram.com\/eglisecharente\",\"https:\/\/www.youtube.com\/channel\/UCByyFWApZbw3gDTiADoiAaQ\"]},{\"@type\":\"Person\",\"@id\":\"https:\/\/charente.catholique.fr\/ouest-charente\/#\/schema\/person\/c6b53690e85d2c9154f8a3462079aab7\",\"name\":\"clarapredesly\",\"image\":{\"@type\":\"ImageObject\",\"inLanguage\":\"fr-FR\",\"@id\":\"https:\/\/charente.catholique.fr\/ouest-charente\/#\/schema\/person\/image\/\",\"url\":\"https:\/\/secure.gravatar.com\/avatar\/0a59ddf49b8632546af7b20874792b92ba7fd03e29fa9fe75fed1d16357f393b?s=96&d=mm&r=g\",\"contentUrl\":\"https:\/\/secure.gravatar.com\/avatar\/0a59ddf49b8632546af7b20874792b92ba7fd03e29fa9fe75fed1d16357f393b?s=96&d=mm&r=g\",\"caption\":\"clarapredesly\"},\"url\":\"https:\/\/charente.catholique.fr\/ouest-charente\/author\/clarapredesly\/\"}]}<\/script>\n<!-- \/ Yoast SEO plugin. -->","yoast_head_json":{"title":"Car\u00eame et P\u00e2ques - Doyenn\u00e9 Ouest Charente","robots":{"index":"index","follow":"follow","max-snippet":"max-snippet:-1","max-image-preview":"max-image-preview:large","max-video-preview":"max-video-preview:-1"},"canonical":"https:\/\/charente.catholique.fr\/ouest-charente\/actualites\/careme-et-paques\/","og_locale":"fr_FR","og_type":"article","og_title":"Car\u00eame et P\u00e2ques - Doyenn\u00e9 Ouest Charente","og_description":"Propositions de Car\u00eame pour les paroisses St-Martin en val de Cognac et Notre Dame des Borderies Messes des Cendres : 5 mars&nbsp;&nbsp;&nbsp;( entr\u00e9e en Car\u00eame) Carmel \u00e0 8h \/ Sacr\u00e9-C\u0153ur \u00e0 12h15 \/ CHERVES \u00e0 18h30 \/ St-L\u00e9ger \u00e0 19h Mercredi 5 mars : Adoration eucharistique \u00e0 St-L\u00e9ger&nbsp;: \u00e0 9h exposition du Saint Sacrement, et [&hellip;]","og_url":"https:\/\/charente.catholique.fr\/ouest-charente\/actualites\/careme-et-paques\/","og_site_name":"Doyenn\u00e9 Ouest Charente","article_publisher":"https:\/\/www.facebook.com\/EgliseCatholiqueCharente","article_published_time":"2025-02-21T16:30:51+00:00","article_modified_time":"2025-02-21T17:16:48+00:00","og_image":[{"width":292,"height":172,"url":"https:\/\/charente.catholique.fr\/ouest-charente\/wp-content\/uploads\/sites\/6\/2025\/02\/careme-desert.jpeg","type":"image\/jpeg"}],"author":"clarapredesly","twitter_card":"summary_large_image","twitter_creator":"@diocesecharente","twitter_site":"@diocesecharente","twitter_misc":{"\u00c9crit par":"clarapredesly","Dur\u00e9e de lecture estim\u00e9e":"2 minutes"},"schema":{"@context":"https:\/\/schema.org","@graph":[{"@type":"Article","@id":"https:\/\/charente.catholique.fr\/ouest-charente\/actualites\/careme-et-paques\/#article","isPartOf":{"@id":"https:\/\/charente.catholique.fr\/ouest-charente\/actualites\/careme-et-paques\/"},"author":{"name":"clarapredesly","@id":"https:\/\/charente.catholique.fr\/ouest-charente\/#\/schema\/person\/c6b53690e85d2c9154f8a3462079aab7"},"headline":"Car\u00eame et P\u00e2ques","datePublished":"2025-02-21T16:30:51+00:00","dateModified":"2025-02-21T17:16:48+00:00","mainEntityOfPage":{"@id":"https:\/\/charente.catholique.fr\/ouest-charente\/actualites\/careme-et-paques\/"},"wordCount":350,"commentCount":0,"publisher":{"@id":"https:\/\/charente.catholique.fr\/ouest-charente\/#organization"},"image":{"@id":"https:\/\/charente.catholique.fr\/ouest-charente\/actualites\/careme-et-paques\/#primaryimage"},"thumbnailUrl":"https:\/\/charente.catholique.fr\/ouest-charente\/wp-content\/uploads\/sites\/6\/2025\/02\/careme-desert.jpeg","articleSection":["Actualit\u00e9s","Cognac"],"inLanguage":"fr-FR","potentialAction":[{"@type":"CommentAction","name":"Comment","target":["https:\/\/charente.catholique.fr\/ouest-charente\/actualites\/careme-et-paques\/#respond"]}]},{"@type":"WebPage","@id":"https:\/\/charente.catholique.fr\/ouest-charente\/actualites\/careme-et-paques\/","url":"https:\/\/charente.catholique.fr\/ouest-charente\/actualites\/careme-et-paques\/","name":"Car\u00eame et P\u00e2ques - Doyenn\u00e9 Ouest Charente","isPartOf":{"@id":"https:\/\/charente.catholique.fr\/ouest-charente\/#website"},"primaryImageOfPage":{"@id":"https:\/\/charente.catholique.fr\/ouest-charente\/actualites\/careme-et-paques\/#primaryimage"},"image":{"@id":"https:\/\/charente.catholique.fr\/ouest-charente\/actualites\/careme-et-paques\/#primaryimage"},"thumbnailUrl":"https:\/\/charente.catholique.fr\/ouest-charente\/wp-content\/uploads\/sites\/6\/2025\/02\/careme-desert.jpeg","datePublished":"2025-02-21T16:30:51+00:00","dateModified":"2025-02-21T17:16:48+00:00","breadcrumb":{"@id":"https:\/\/charente.catholique.fr\/ouest-charente\/actualites\/careme-et-paques\/#breadcrumb"},"inLanguage":"fr-FR","potentialAction":[{"@type":"ReadAction","target":["https:\/\/charente.catholique.fr\/ouest-charente\/actualites\/careme-et-paques\/"]}]},{"@type":"ImageObject","inLanguage":"fr-FR","@id":"https:\/\/charente.catholique.fr\/ouest-charente\/actualites\/careme-et-paques\/#primaryimage","url":"https:\/\/charente.catholique.fr\/ouest-charente\/wp-content\/uploads\/sites\/6\/2025\/02\/careme-desert.jpeg","contentUrl":"https:\/\/charente.catholique.fr\/ouest-charente\/wp-content\/uploads\/sites\/6\/2025\/02\/careme-desert.jpeg","width":292,"height":172},{"@type":"BreadcrumbList","@id":"https:\/\/charente.catholique.fr\/ouest-charente\/actualites\/careme-et-paques\/#breadcrumb","itemListElement":[{"@type":"ListItem","position":1,"name":"Accueil","item":"https:\/\/charente.catholique.fr\/ouest-charente\/"},{"@type":"ListItem","position":2,"name":"Car\u00eame et P\u00e2ques"}]},{"@type":"WebSite","@id":"https:\/\/charente.catholique.fr\/ouest-charente\/#website","url":"https:\/\/charente.catholique.fr\/ouest-charente\/","name":"Doyenn\u00e9 Ouest Charente - Dioc\u00e8se d'Angoul\u00eame","description":"Dioc\u00e8se d&#039;Angoul\u00eame","publisher":{"@id":"https:\/\/charente.catholique.fr\/ouest-charente\/#organization"},"potentialAction":[{"@type":"SearchAction","target":{"@type":"EntryPoint","urlTemplate":"https:\/\/charente.catholique.fr\/ouest-charente\/?s={search_term_string}"},"query-input":{"@type":"PropertyValueSpecification","valueRequired":true,"valueName":"search_term_string"}}],"inLanguage":"fr-FR"},{"@type":"Organization","@id":"https:\/\/charente.catholique.fr\/ouest-charente\/#organization","name":"Association dioc\u00e9saine d'Angoul\u00eame","url":"https:\/\/charente.catholique.fr\/ouest-charente\/","logo":{"@type":"ImageObject","inLanguage":"fr-FR","@id":"https:\/\/charente.catholique.fr\/ouest-charente\/#\/schema\/logo\/image\/","url":"https:\/\/charente.catholique.fr\/ouest-charente\/wp-content\/uploads\/sites\/6\/2020\/10\/logos.png","contentUrl":"https:\/\/charente.catholique.fr\/ouest-charente\/wp-content\/uploads\/sites\/6\/2020\/10\/logos.png","width":600,"height":257,"caption":"Association dioc\u00e9saine d'Angoul\u00eame"},"image":{"@id":"https:\/\/charente.catholique.fr\/ouest-charente\/#\/schema\/logo\/image\/"},"sameAs":["https:\/\/www.facebook.com\/EgliseCatholiqueCharente","https:\/\/x.com\/diocesecharente","https:\/\/www.instagram.com\/eglisecharente","https:\/\/www.youtube.com\/channel\/UCByyFWApZbw3gDTiADoiAaQ"]},{"@type":"Person","@id":"https:\/\/charente.catholique.fr\/ouest-charente\/#\/schema\/person\/c6b53690e85d2c9154f8a3462079aab7","name":"clarapredesly","image":{"@type":"ImageObject","inLanguage":"fr-FR","@id":"https:\/\/charente.catholique.fr\/ouest-charente\/#\/schema\/person\/image\/","url":"https:\/\/secure.gravatar.com\/avatar\/0a59ddf49b8632546af7b20874792b92ba7fd03e29fa9fe75fed1d16357f393b?s=96&d=mm&r=g","contentUrl":"https:\/\/secure.gravatar.com\/avatar\/0a59ddf49b8632546af7b20874792b92ba7fd03e29fa9fe75fed1d16357f393b?s=96&d=mm&r=g","caption":"clarapredesly"},"url":"https:\/\/charente.catholique.fr\/ouest-charente\/author\/clarapredesly\/"}]}},"_links":{"self":[{"href":"https:\/\/charente.catholique.fr\/ouest-charente\/wp-json\/wp\/v2\/posts\/36208","targetHints":{"allow":["GET"]}}],"collection":[{"href":"https:\/\/charente.catholique.fr\/ouest-charente\/wp-json\/wp\/v2\/posts"}],"about":[{"href":"https:\/\/charente.catholique.fr\/ouest-charente\/wp-json\/wp\/v2\/types\/post"}],"author":[{"embeddable":true,"href":"https:\/\/charente.catholique.fr\/ouest-charente\/wp-json\/wp\/v2\/users\/10"}],"replies":[{"embeddable":true,"href":"https:\/\/charente.catholique.fr\/ouest-charente\/wp-json\/wp\/v2\/comments?post=36208"}],"version-history":[{"count":2,"href":"https:\/\/charente.catholique.fr\/ouest-charente\/wp-json\/wp\/v2\/posts\/36208\/revisions"}],"predecessor-version":[{"id":36210,"href":"https:\/\/charente.catholique.fr\/ouest-charente\/wp-json\/wp\/v2\/posts\/36208\/revisions\/36210"}],"wp:featuredmedia":[{"embeddable":true,"href":"https:\/\/charente.catholique.fr\/ouest-charente\/wp-json\/wp\/v2\/media\/36196"}],"wp:attachment":[{"href":"https:\/\/charente.catholique.fr\/ouest-charente\/wp-json\/wp\/v2\/media?parent=36208"}],"wp:term":[{"taxonomy":"category","embeddable":true,"href":"https:\/\/charente.catholique.fr\/ouest-charente\/wp-json\/wp\/v2\/categories?post=36208"},{"taxonomy":"post_tag","embeddable":true,"href":"https:\/\/charente.catholique.fr\/ouest-charente\/wp-json\/wp\/v2\/tags?post=36208"}],"curies":[{"name":"wp","href":"https:\/\/api.w.org\/{rel}","templated":true}]}}