{"id":32095,"date":"2023-10-25T17:04:50","date_gmt":"2023-10-25T15:04:50","guid":{"rendered":"https:\/\/charente.catholique.fr\/ouest-charente\/?p=32095"},"modified":"2023-10-30T14:40:16","modified_gmt":"2023-10-30T13:40:16","slug":"11-et-12-novembre-recollection-sur-le-coeur-de-jesus-a-labbaye-de-bassac","status":"publish","type":"post","link":"https:\/\/charente.catholique.fr\/ouest-charente\/actualites\/11-et-12-novembre-recollection-sur-le-coeur-de-jesus-a-labbaye-de-bassac\/","title":{"rendered":"R\u00e9collection sur le coeur de J\u00e9sus \u00e0 l&#8217;Abbaye de Bassac"},"content":{"rendered":"\n<p class=\"has-blanc-background-color has-background\"><mark style=\"background-color:#8ec54f\" class=\"has-inline-color\">Les 11 et 12 novembre 2023<\/mark>, la communaut\u00e9  vous accueille \u00e0 l&#8217;Abbaye de Bassac pour une r\u00e9collection autour de la th\u00e9matique du &#8220;C\u0153ur de J\u00e9sus&#8221;.<\/p>\n\n\n\n<p class=\"has-text-align-center\">Pour tous. Du samedi 10 heures au dimanche 17 heures. <\/p>\n\n\n\n<p class=\"has-text-align-center\">Retraite en silence. Au programme : enseignements, pri\u00e8res, possibilit\u00e9 d&#8217;accompagnement&#8230; <\/p>\n\n\n\n<p class=\"has-text-align-center\">Pr\u00e9dicateurs : p\u00e8re Semp\u00e8re et p\u00e8re Maurin<\/p>\n\n\n\n<p class=\"has-text-align-center has-nord-charente-background-color has-background\">Inscriptions : communaute@abbaye-de-bassac.com ou au 06 81 88 15 11<\/p>\n\n\n\n<div data-wp-interactive=\"core\/file\" class=\"wp-block-file aligncenter\"><object data-wp-bind--hidden=\"!state.hasPdfPreview\" hidden class=\"wp-block-file__embed\" data=\"https:\/\/charente.catholique.fr\/ouest-charente\/wp-content\/uploads\/sites\/6\/2023\/10\/WE-Sacre-Coeur-2.pdf\" type=\"application\/pdf\" style=\"width:100%;height:600px\" aria-label=\"Contenu embarqu\u00e9 WE-Sacre-Coeur-2.\"><\/object><a id=\"wp-block-file--media-06f37781-735f-4dd0-8cca-e6e4ece39bc6\" href=\"https:\/\/charente.catholique.fr\/ouest-charente\/wp-content\/uploads\/sites\/6\/2023\/10\/WE-Sacre-Coeur-2.pdf\">WE-Sacre-Coeur-2<\/a><a href=\"https:\/\/charente.catholique.fr\/ouest-charente\/wp-content\/uploads\/sites\/6\/2023\/10\/WE-Sacre-Coeur-2.pdf\" class=\"wp-block-file__button wp-element-button\" download aria-describedby=\"wp-block-file--media-06f37781-735f-4dd0-8cca-e6e4ece39bc6\">T\u00e9l\u00e9charger<\/a><\/div>\n","protected":false},"excerpt":{"rendered":"<p>Les 11 et 12 novembre 2023, la communaut\u00e9 vous accueille \u00e0 l&#8217;Abbaye de Bassac pour une r\u00e9collection autour de la th\u00e9matique du &#8220;C\u0153ur de J\u00e9sus&#8221;. Pour tous. Du samedi 10 heures au dimanche 17 heures. Retraite en silence. Au programme : enseignements, pri\u00e8res, possibilit\u00e9 d&#8217;accompagnement&#8230; Pr\u00e9dicateurs : p\u00e8re Semp\u00e8re et p\u00e8re Maurin Inscriptions : communaute@abbaye-de-bassac.com [&hellip;]<\/p>\n","protected":false},"author":79,"featured_media":32098,"comment_status":"open","ping_status":"open","sticky":false,"template":"","format":"standard","meta":{"_acf_changed":false,"paroisse":["18"],"service":["0"],"footnotes":""},"categories":[1,4,5,2,6],"tags":[30,39,38,14],"class_list":["post-32095","post","type-post","status-publish","format-standard","has-post-thumbnail","hentry","category-actualites","category-chateauneuf-sur-charente","category-cognac","category-jarnac","category-saint-pierre-de-segonzac","tag-abbaye-de-bassac","tag-coeur-de-jesus","tag-recollection","tag-retraite","validated"],"acf":[],"yoast_head":"<!-- This site is optimized with the Yoast SEO plugin v27.1.1 - https:\/\/yoast.com\/product\/yoast-seo-wordpress\/ -->\n<title>R\u00e9collection sur le coeur de J\u00e9sus \u00e0 l&#039;Abbaye de Bassac - Doyenn\u00e9 Ouest Charente<\/title>\n<meta name=\"robots\" content=\"index, follow, max-snippet:-1, max-image-preview:large, max-video-preview:-1\" \/>\n<link rel=\"canonical\" href=\"https:\/\/charente.catholique.fr\/ouest-charente\/actualites\/11-et-12-novembre-recollection-sur-le-coeur-de-jesus-a-labbaye-de-bassac\/\" \/>\n<meta property=\"og:locale\" content=\"fr_FR\" \/>\n<meta property=\"og:type\" content=\"article\" \/>\n<meta property=\"og:title\" content=\"R\u00e9collection sur le coeur de J\u00e9sus \u00e0 l&#039;Abbaye de Bassac - Doyenn\u00e9 Ouest Charente\" \/>\n<meta property=\"og:description\" content=\"Les 11 et 12 novembre 2023, la communaut\u00e9 vous accueille \u00e0 l&#8217;Abbaye de Bassac pour une r\u00e9collection autour de la th\u00e9matique du &#8220;C\u0153ur de J\u00e9sus&#8221;. Pour tous. Du samedi 10 heures au dimanche 17 heures. Retraite en silence. Au programme : enseignements, pri\u00e8res, possibilit\u00e9 d&#8217;accompagnement&#8230; Pr\u00e9dicateurs : p\u00e8re Semp\u00e8re et p\u00e8re Maurin Inscriptions : communaute@abbaye-de-bassac.com [&hellip;]\" \/>\n<meta property=\"og:url\" content=\"https:\/\/charente.catholique.fr\/ouest-charente\/actualites\/11-et-12-novembre-recollection-sur-le-coeur-de-jesus-a-labbaye-de-bassac\/\" \/>\n<meta property=\"og:site_name\" content=\"Doyenn\u00e9 Ouest Charente\" \/>\n<meta property=\"article:publisher\" content=\"https:\/\/www.facebook.com\/EgliseCatholiqueCharente\" \/>\n<meta property=\"article:published_time\" content=\"2023-10-25T15:04:50+00:00\" \/>\n<meta property=\"article:modified_time\" content=\"2023-10-30T13:40:16+00:00\" \/>\n<meta property=\"og:image\" content=\"https:\/\/charente.catholique.fr\/ouest-charente\/wp-content\/uploads\/sites\/6\/2023\/10\/Abbaye-02-2009-013-scaled.jpg\" \/>\n\t<meta property=\"og:image:width\" content=\"2560\" \/>\n\t<meta property=\"og:image:height\" content=\"1920\" \/>\n\t<meta property=\"og:image:type\" content=\"image\/jpeg\" \/>\n<meta name=\"author\" content=\"ingridcatrice\" \/>\n<meta name=\"twitter:card\" content=\"summary_large_image\" \/>\n<meta name=\"twitter:creator\" content=\"@diocesecharente\" \/>\n<meta name=\"twitter:site\" content=\"@diocesecharente\" \/>\n<meta name=\"twitter:label1\" content=\"\u00c9crit par\" \/>\n\t<meta name=\"twitter:data1\" content=\"ingridcatrice\" \/>\n\t<meta name=\"twitter:label2\" content=\"Dur\u00e9e de lecture estim\u00e9e\" \/>\n\t<meta name=\"twitter:data2\" content=\"1 minute\" \/>\n<script type=\"application\/ld+json\" class=\"yoast-schema-graph\">{\"@context\":\"https:\/\/schema.org\",\"@graph\":[{\"@type\":\"Article\",\"@id\":\"https:\/\/charente.catholique.fr\/ouest-charente\/actualites\/11-et-12-novembre-recollection-sur-le-coeur-de-jesus-a-labbaye-de-bassac\/#article\",\"isPartOf\":{\"@id\":\"https:\/\/charente.catholique.fr\/ouest-charente\/actualites\/11-et-12-novembre-recollection-sur-le-coeur-de-jesus-a-labbaye-de-bassac\/\"},\"author\":{\"name\":\"ingridcatrice\",\"@id\":\"https:\/\/charente.catholique.fr\/ouest-charente\/#\/schema\/person\/e593f8662633c6464d0c4d74e26b5944\"},\"headline\":\"R\u00e9collection sur le coeur de J\u00e9sus \u00e0 l&#8217;Abbaye de Bassac\",\"datePublished\":\"2023-10-25T15:04:50+00:00\",\"dateModified\":\"2023-10-30T13:40:16+00:00\",\"mainEntityOfPage\":{\"@id\":\"https:\/\/charente.catholique.fr\/ouest-charente\/actualites\/11-et-12-novembre-recollection-sur-le-coeur-de-jesus-a-labbaye-de-bassac\/\"},\"wordCount\":77,\"commentCount\":0,\"publisher\":{\"@id\":\"https:\/\/charente.catholique.fr\/ouest-charente\/#organization\"},\"image\":{\"@id\":\"https:\/\/charente.catholique.fr\/ouest-charente\/actualites\/11-et-12-novembre-recollection-sur-le-coeur-de-jesus-a-labbaye-de-bassac\/#primaryimage\"},\"thumbnailUrl\":\"https:\/\/charente.catholique.fr\/ouest-charente\/wp-content\/uploads\/sites\/6\/2023\/10\/Abbaye-02-2009-013-scaled.jpg\",\"keywords\":[\"Abbaye de Bassac\",\"coeur de J\u00e9sus\",\"r\u00e9collection\",\"Retraite\"],\"articleSection\":[\"Actualit\u00e9s\",\"Chateauneuf sur Charente\",\"Cognac\",\"Jarnac\",\"Saint-Pierre de Segonzac\"],\"inLanguage\":\"fr-FR\",\"potentialAction\":[{\"@type\":\"CommentAction\",\"name\":\"Comment\",\"target\":[\"https:\/\/charente.catholique.fr\/ouest-charente\/actualites\/11-et-12-novembre-recollection-sur-le-coeur-de-jesus-a-labbaye-de-bassac\/#respond\"]}]},{\"@type\":\"WebPage\",\"@id\":\"https:\/\/charente.catholique.fr\/ouest-charente\/actualites\/11-et-12-novembre-recollection-sur-le-coeur-de-jesus-a-labbaye-de-bassac\/\",\"url\":\"https:\/\/charente.catholique.fr\/ouest-charente\/actualites\/11-et-12-novembre-recollection-sur-le-coeur-de-jesus-a-labbaye-de-bassac\/\",\"name\":\"R\u00e9collection sur le coeur de J\u00e9sus \u00e0 l'Abbaye de Bassac - Doyenn\u00e9 Ouest Charente\",\"isPartOf\":{\"@id\":\"https:\/\/charente.catholique.fr\/ouest-charente\/#website\"},\"primaryImageOfPage\":{\"@id\":\"https:\/\/charente.catholique.fr\/ouest-charente\/actualites\/11-et-12-novembre-recollection-sur-le-coeur-de-jesus-a-labbaye-de-bassac\/#primaryimage\"},\"image\":{\"@id\":\"https:\/\/charente.catholique.fr\/ouest-charente\/actualites\/11-et-12-novembre-recollection-sur-le-coeur-de-jesus-a-labbaye-de-bassac\/#primaryimage\"},\"thumbnailUrl\":\"https:\/\/charente.catholique.fr\/ouest-charente\/wp-content\/uploads\/sites\/6\/2023\/10\/Abbaye-02-2009-013-scaled.jpg\",\"datePublished\":\"2023-10-25T15:04:50+00:00\",\"dateModified\":\"2023-10-30T13:40:16+00:00\",\"breadcrumb\":{\"@id\":\"https:\/\/charente.catholique.fr\/ouest-charente\/actualites\/11-et-12-novembre-recollection-sur-le-coeur-de-jesus-a-labbaye-de-bassac\/#breadcrumb\"},\"inLanguage\":\"fr-FR\",\"potentialAction\":[{\"@type\":\"ReadAction\",\"target\":[\"https:\/\/charente.catholique.fr\/ouest-charente\/actualites\/11-et-12-novembre-recollection-sur-le-coeur-de-jesus-a-labbaye-de-bassac\/\"]}]},{\"@type\":\"ImageObject\",\"inLanguage\":\"fr-FR\",\"@id\":\"https:\/\/charente.catholique.fr\/ouest-charente\/actualites\/11-et-12-novembre-recollection-sur-le-coeur-de-jesus-a-labbaye-de-bassac\/#primaryimage\",\"url\":\"https:\/\/charente.catholique.fr\/ouest-charente\/wp-content\/uploads\/sites\/6\/2023\/10\/Abbaye-02-2009-013-scaled.jpg\",\"contentUrl\":\"https:\/\/charente.catholique.fr\/ouest-charente\/wp-content\/uploads\/sites\/6\/2023\/10\/Abbaye-02-2009-013-scaled.jpg\",\"width\":2560,\"height\":1920},{\"@type\":\"BreadcrumbList\",\"@id\":\"https:\/\/charente.catholique.fr\/ouest-charente\/actualites\/11-et-12-novembre-recollection-sur-le-coeur-de-jesus-a-labbaye-de-bassac\/#breadcrumb\",\"itemListElement\":[{\"@type\":\"ListItem\",\"position\":1,\"name\":\"Accueil\",\"item\":\"https:\/\/charente.catholique.fr\/ouest-charente\/\"},{\"@type\":\"ListItem\",\"position\":2,\"name\":\"R\u00e9collection sur le coeur de J\u00e9sus \u00e0 l&#8217;Abbaye de Bassac\"}]},{\"@type\":\"WebSite\",\"@id\":\"https:\/\/charente.catholique.fr\/ouest-charente\/#website\",\"url\":\"https:\/\/charente.catholique.fr\/ouest-charente\/\",\"name\":\"Doyenn\u00e9 Ouest Charente - Dioc\u00e8se d'Angoul\u00eame\",\"description\":\"Dioc\u00e8se d&#039;Angoul\u00eame\",\"publisher\":{\"@id\":\"https:\/\/charente.catholique.fr\/ouest-charente\/#organization\"},\"potentialAction\":[{\"@type\":\"SearchAction\",\"target\":{\"@type\":\"EntryPoint\",\"urlTemplate\":\"https:\/\/charente.catholique.fr\/ouest-charente\/?s={search_term_string}\"},\"query-input\":{\"@type\":\"PropertyValueSpecification\",\"valueRequired\":true,\"valueName\":\"search_term_string\"}}],\"inLanguage\":\"fr-FR\"},{\"@type\":\"Organization\",\"@id\":\"https:\/\/charente.catholique.fr\/ouest-charente\/#organization\",\"name\":\"Association dioc\u00e9saine d'Angoul\u00eame\",\"url\":\"https:\/\/charente.catholique.fr\/ouest-charente\/\",\"logo\":{\"@type\":\"ImageObject\",\"inLanguage\":\"fr-FR\",\"@id\":\"https:\/\/charente.catholique.fr\/ouest-charente\/#\/schema\/logo\/image\/\",\"url\":\"https:\/\/charente.catholique.fr\/ouest-charente\/wp-content\/uploads\/sites\/6\/2020\/10\/logos.png\",\"contentUrl\":\"https:\/\/charente.catholique.fr\/ouest-charente\/wp-content\/uploads\/sites\/6\/2020\/10\/logos.png\",\"width\":600,\"height\":257,\"caption\":\"Association dioc\u00e9saine d'Angoul\u00eame\"},\"image\":{\"@id\":\"https:\/\/charente.catholique.fr\/ouest-charente\/#\/schema\/logo\/image\/\"},\"sameAs\":[\"https:\/\/www.facebook.com\/EgliseCatholiqueCharente\",\"https:\/\/x.com\/diocesecharente\",\"https:\/\/www.instagram.com\/eglisecharente\",\"https:\/\/www.youtube.com\/channel\/UCByyFWApZbw3gDTiADoiAaQ\"]},{\"@type\":\"Person\",\"@id\":\"https:\/\/charente.catholique.fr\/ouest-charente\/#\/schema\/person\/e593f8662633c6464d0c4d74e26b5944\",\"name\":\"ingridcatrice\",\"image\":{\"@type\":\"ImageObject\",\"inLanguage\":\"fr-FR\",\"@id\":\"https:\/\/charente.catholique.fr\/ouest-charente\/#\/schema\/person\/image\/\",\"url\":\"https:\/\/secure.gravatar.com\/avatar\/41850d90bad3aba1ec1d1d63654783cff2bdd6d6dc43068491592b5fea188861?s=96&d=mm&r=g\",\"contentUrl\":\"https:\/\/secure.gravatar.com\/avatar\/41850d90bad3aba1ec1d1d63654783cff2bdd6d6dc43068491592b5fea188861?s=96&d=mm&r=g\",\"caption\":\"ingridcatrice\"},\"url\":\"https:\/\/charente.catholique.fr\/ouest-charente\/author\/ingridcatrice\/\"}]}<\/script>\n<!-- \/ Yoast SEO plugin. -->","yoast_head_json":{"title":"R\u00e9collection sur le coeur de J\u00e9sus \u00e0 l'Abbaye de Bassac - Doyenn\u00e9 Ouest Charente","robots":{"index":"index","follow":"follow","max-snippet":"max-snippet:-1","max-image-preview":"max-image-preview:large","max-video-preview":"max-video-preview:-1"},"canonical":"https:\/\/charente.catholique.fr\/ouest-charente\/actualites\/11-et-12-novembre-recollection-sur-le-coeur-de-jesus-a-labbaye-de-bassac\/","og_locale":"fr_FR","og_type":"article","og_title":"R\u00e9collection sur le coeur de J\u00e9sus \u00e0 l'Abbaye de Bassac - Doyenn\u00e9 Ouest Charente","og_description":"Les 11 et 12 novembre 2023, la communaut\u00e9 vous accueille \u00e0 l&#8217;Abbaye de Bassac pour une r\u00e9collection autour de la th\u00e9matique du &#8220;C\u0153ur de J\u00e9sus&#8221;. Pour tous. Du samedi 10 heures au dimanche 17 heures. Retraite en silence. Au programme : enseignements, pri\u00e8res, possibilit\u00e9 d&#8217;accompagnement&#8230; Pr\u00e9dicateurs : p\u00e8re Semp\u00e8re et p\u00e8re Maurin Inscriptions : communaute@abbaye-de-bassac.com [&hellip;]","og_url":"https:\/\/charente.catholique.fr\/ouest-charente\/actualites\/11-et-12-novembre-recollection-sur-le-coeur-de-jesus-a-labbaye-de-bassac\/","og_site_name":"Doyenn\u00e9 Ouest Charente","article_publisher":"https:\/\/www.facebook.com\/EgliseCatholiqueCharente","article_published_time":"2023-10-25T15:04:50+00:00","article_modified_time":"2023-10-30T13:40:16+00:00","og_image":[{"width":2560,"height":1920,"url":"https:\/\/charente.catholique.fr\/ouest-charente\/wp-content\/uploads\/sites\/6\/2023\/10\/Abbaye-02-2009-013-scaled.jpg","type":"image\/jpeg"}],"author":"ingridcatrice","twitter_card":"summary_large_image","twitter_creator":"@diocesecharente","twitter_site":"@diocesecharente","twitter_misc":{"\u00c9crit par":"ingridcatrice","Dur\u00e9e de lecture estim\u00e9e":"1 minute"},"schema":{"@context":"https:\/\/schema.org","@graph":[{"@type":"Article","@id":"https:\/\/charente.catholique.fr\/ouest-charente\/actualites\/11-et-12-novembre-recollection-sur-le-coeur-de-jesus-a-labbaye-de-bassac\/#article","isPartOf":{"@id":"https:\/\/charente.catholique.fr\/ouest-charente\/actualites\/11-et-12-novembre-recollection-sur-le-coeur-de-jesus-a-labbaye-de-bassac\/"},"author":{"name":"ingridcatrice","@id":"https:\/\/charente.catholique.fr\/ouest-charente\/#\/schema\/person\/e593f8662633c6464d0c4d74e26b5944"},"headline":"R\u00e9collection sur le coeur de J\u00e9sus \u00e0 l&#8217;Abbaye de Bassac","datePublished":"2023-10-25T15:04:50+00:00","dateModified":"2023-10-30T13:40:16+00:00","mainEntityOfPage":{"@id":"https:\/\/charente.catholique.fr\/ouest-charente\/actualites\/11-et-12-novembre-recollection-sur-le-coeur-de-jesus-a-labbaye-de-bassac\/"},"wordCount":77,"commentCount":0,"publisher":{"@id":"https:\/\/charente.catholique.fr\/ouest-charente\/#organization"},"image":{"@id":"https:\/\/charente.catholique.fr\/ouest-charente\/actualites\/11-et-12-novembre-recollection-sur-le-coeur-de-jesus-a-labbaye-de-bassac\/#primaryimage"},"thumbnailUrl":"https:\/\/charente.catholique.fr\/ouest-charente\/wp-content\/uploads\/sites\/6\/2023\/10\/Abbaye-02-2009-013-scaled.jpg","keywords":["Abbaye de Bassac","coeur de J\u00e9sus","r\u00e9collection","Retraite"],"articleSection":["Actualit\u00e9s","Chateauneuf sur Charente","Cognac","Jarnac","Saint-Pierre de Segonzac"],"inLanguage":"fr-FR","potentialAction":[{"@type":"CommentAction","name":"Comment","target":["https:\/\/charente.catholique.fr\/ouest-charente\/actualites\/11-et-12-novembre-recollection-sur-le-coeur-de-jesus-a-labbaye-de-bassac\/#respond"]}]},{"@type":"WebPage","@id":"https:\/\/charente.catholique.fr\/ouest-charente\/actualites\/11-et-12-novembre-recollection-sur-le-coeur-de-jesus-a-labbaye-de-bassac\/","url":"https:\/\/charente.catholique.fr\/ouest-charente\/actualites\/11-et-12-novembre-recollection-sur-le-coeur-de-jesus-a-labbaye-de-bassac\/","name":"R\u00e9collection sur le coeur de J\u00e9sus \u00e0 l'Abbaye de Bassac - Doyenn\u00e9 Ouest Charente","isPartOf":{"@id":"https:\/\/charente.catholique.fr\/ouest-charente\/#website"},"primaryImageOfPage":{"@id":"https:\/\/charente.catholique.fr\/ouest-charente\/actualites\/11-et-12-novembre-recollection-sur-le-coeur-de-jesus-a-labbaye-de-bassac\/#primaryimage"},"image":{"@id":"https:\/\/charente.catholique.fr\/ouest-charente\/actualites\/11-et-12-novembre-recollection-sur-le-coeur-de-jesus-a-labbaye-de-bassac\/#primaryimage"},"thumbnailUrl":"https:\/\/charente.catholique.fr\/ouest-charente\/wp-content\/uploads\/sites\/6\/2023\/10\/Abbaye-02-2009-013-scaled.jpg","datePublished":"2023-10-25T15:04:50+00:00","dateModified":"2023-10-30T13:40:16+00:00","breadcrumb":{"@id":"https:\/\/charente.catholique.fr\/ouest-charente\/actualites\/11-et-12-novembre-recollection-sur-le-coeur-de-jesus-a-labbaye-de-bassac\/#breadcrumb"},"inLanguage":"fr-FR","potentialAction":[{"@type":"ReadAction","target":["https:\/\/charente.catholique.fr\/ouest-charente\/actualites\/11-et-12-novembre-recollection-sur-le-coeur-de-jesus-a-labbaye-de-bassac\/"]}]},{"@type":"ImageObject","inLanguage":"fr-FR","@id":"https:\/\/charente.catholique.fr\/ouest-charente\/actualites\/11-et-12-novembre-recollection-sur-le-coeur-de-jesus-a-labbaye-de-bassac\/#primaryimage","url":"https:\/\/charente.catholique.fr\/ouest-charente\/wp-content\/uploads\/sites\/6\/2023\/10\/Abbaye-02-2009-013-scaled.jpg","contentUrl":"https:\/\/charente.catholique.fr\/ouest-charente\/wp-content\/uploads\/sites\/6\/2023\/10\/Abbaye-02-2009-013-scaled.jpg","width":2560,"height":1920},{"@type":"BreadcrumbList","@id":"https:\/\/charente.catholique.fr\/ouest-charente\/actualites\/11-et-12-novembre-recollection-sur-le-coeur-de-jesus-a-labbaye-de-bassac\/#breadcrumb","itemListElement":[{"@type":"ListItem","position":1,"name":"Accueil","item":"https:\/\/charente.catholique.fr\/ouest-charente\/"},{"@type":"ListItem","position":2,"name":"R\u00e9collection sur le coeur de J\u00e9sus \u00e0 l&#8217;Abbaye de Bassac"}]},{"@type":"WebSite","@id":"https:\/\/charente.catholique.fr\/ouest-charente\/#website","url":"https:\/\/charente.catholique.fr\/ouest-charente\/","name":"Doyenn\u00e9 Ouest Charente - Dioc\u00e8se d'Angoul\u00eame","description":"Dioc\u00e8se d&#039;Angoul\u00eame","publisher":{"@id":"https:\/\/charente.catholique.fr\/ouest-charente\/#organization"},"potentialAction":[{"@type":"SearchAction","target":{"@type":"EntryPoint","urlTemplate":"https:\/\/charente.catholique.fr\/ouest-charente\/?s={search_term_string}"},"query-input":{"@type":"PropertyValueSpecification","valueRequired":true,"valueName":"search_term_string"}}],"inLanguage":"fr-FR"},{"@type":"Organization","@id":"https:\/\/charente.catholique.fr\/ouest-charente\/#organization","name":"Association dioc\u00e9saine d'Angoul\u00eame","url":"https:\/\/charente.catholique.fr\/ouest-charente\/","logo":{"@type":"ImageObject","inLanguage":"fr-FR","@id":"https:\/\/charente.catholique.fr\/ouest-charente\/#\/schema\/logo\/image\/","url":"https:\/\/charente.catholique.fr\/ouest-charente\/wp-content\/uploads\/sites\/6\/2020\/10\/logos.png","contentUrl":"https:\/\/charente.catholique.fr\/ouest-charente\/wp-content\/uploads\/sites\/6\/2020\/10\/logos.png","width":600,"height":257,"caption":"Association dioc\u00e9saine d'Angoul\u00eame"},"image":{"@id":"https:\/\/charente.catholique.fr\/ouest-charente\/#\/schema\/logo\/image\/"},"sameAs":["https:\/\/www.facebook.com\/EgliseCatholiqueCharente","https:\/\/x.com\/diocesecharente","https:\/\/www.instagram.com\/eglisecharente","https:\/\/www.youtube.com\/channel\/UCByyFWApZbw3gDTiADoiAaQ"]},{"@type":"Person","@id":"https:\/\/charente.catholique.fr\/ouest-charente\/#\/schema\/person\/e593f8662633c6464d0c4d74e26b5944","name":"ingridcatrice","image":{"@type":"ImageObject","inLanguage":"fr-FR","@id":"https:\/\/charente.catholique.fr\/ouest-charente\/#\/schema\/person\/image\/","url":"https:\/\/secure.gravatar.com\/avatar\/41850d90bad3aba1ec1d1d63654783cff2bdd6d6dc43068491592b5fea188861?s=96&d=mm&r=g","contentUrl":"https:\/\/secure.gravatar.com\/avatar\/41850d90bad3aba1ec1d1d63654783cff2bdd6d6dc43068491592b5fea188861?s=96&d=mm&r=g","caption":"ingridcatrice"},"url":"https:\/\/charente.catholique.fr\/ouest-charente\/author\/ingridcatrice\/"}]}},"_links":{"self":[{"href":"https:\/\/charente.catholique.fr\/ouest-charente\/wp-json\/wp\/v2\/posts\/32095","targetHints":{"allow":["GET"]}}],"collection":[{"href":"https:\/\/charente.catholique.fr\/ouest-charente\/wp-json\/wp\/v2\/posts"}],"about":[{"href":"https:\/\/charente.catholique.fr\/ouest-charente\/wp-json\/wp\/v2\/types\/post"}],"author":[{"embeddable":true,"href":"https:\/\/charente.catholique.fr\/ouest-charente\/wp-json\/wp\/v2\/users\/79"}],"replies":[{"embeddable":true,"href":"https:\/\/charente.catholique.fr\/ouest-charente\/wp-json\/wp\/v2\/comments?post=32095"}],"version-history":[{"count":7,"href":"https:\/\/charente.catholique.fr\/ouest-charente\/wp-json\/wp\/v2\/posts\/32095\/revisions"}],"predecessor-version":[{"id":32194,"href":"https:\/\/charente.catholique.fr\/ouest-charente\/wp-json\/wp\/v2\/posts\/32095\/revisions\/32194"}],"wp:featuredmedia":[{"embeddable":true,"href":"https:\/\/charente.catholique.fr\/ouest-charente\/wp-json\/wp\/v2\/media\/32098"}],"wp:attachment":[{"href":"https:\/\/charente.catholique.fr\/ouest-charente\/wp-json\/wp\/v2\/media?parent=32095"}],"wp:term":[{"taxonomy":"category","embeddable":true,"href":"https:\/\/charente.catholique.fr\/ouest-charente\/wp-json\/wp\/v2\/categories?post=32095"},{"taxonomy":"post_tag","embeddable":true,"href":"https:\/\/charente.catholique.fr\/ouest-charente\/wp-json\/wp\/v2\/tags?post=32095"}],"curies":[{"name":"wp","href":"https:\/\/api.w.org\/{rel}","templated":true}]}}