{"id":1618,"date":"2020-12-18T18:06:51","date_gmt":"2020-12-18T17:06:51","guid":{"rendered":"https:\/\/charente.catholique.fr\/ouest-charente\/?p=1618"},"modified":"2024-12-17T15:53:14","modified_gmt":"2024-12-17T14:53:14","slug":"fermeture-du-prieure-des-freres-de-saint-jean-a-richemont","status":"publish","type":"post","link":"https:\/\/charente.catholique.fr\/ouest-charente\/actualites\/fermeture-du-prieure-des-freres-de-saint-jean-a-richemont\/","title":{"rendered":"Fermeture du prieur\u00e9 des Fr\u00e8res de Saint-Jean \u00e0 Richemont"},"content":{"rendered":"\n<div class=\"wp-block-image\"><figure class=\"aligncenter size-large\"><img loading=\"lazy\" decoding=\"async\" width=\"225\" height=\"225\" src=\"https:\/\/charente.catholique.fr\/ouest-charente\/wp-content\/uploads\/sites\/6\/2020\/09\/arton10486-254af.png\" alt=\"\" class=\"wp-image-411\" srcset=\"https:\/\/charente.catholique.fr\/ouest-charente\/wp-content\/uploads\/sites\/6\/2020\/09\/arton10486-254af.png 225w, https:\/\/charente.catholique.fr\/ouest-charente\/wp-content\/uploads\/sites\/6\/2020\/09\/arton10486-254af-150x150.png 150w\" sizes=\"auto, (max-width: 225px) 100vw, 225px\" \/><\/figure><\/div>\n\n\n\n<p>Chers amis,<\/p>\n\n\n\n<p>Cela va bient\u00f4t faire 28 ans que la communaut\u00e9 des fr\u00e8res de Saint-Jean se trouve en Charente. Durant toute ces ann\u00e9es, la vie et la mission des fr\u00e8res a bien \u00e9volu\u00e9e. D\u2019abord install\u00e9s en plein c\u0153ur de Cognac, nous avons d\u00e9m\u00e9nag\u00e9 en 2003 \u00e0 Richemont afin de nous doter d\u2019une structure d\u2019accueil. C\u2019est \u00e0 peu pr\u00e8s \u00e0 la m\u00eame p\u00e9riode que nous avons commenc\u00e9 \u00e0 prendre en charge la paroisse Notre-Dame des Borderie. Les ann\u00e9es passant, notre collaboration avec le dioc\u00e8se s\u2019est accrue et une v\u00e9ritable confiance et une amiti\u00e9 se sont tiss\u00e9es avec tous les autres acteurs pastoraux.<\/p>\n\n\n\n<p>Dans le m\u00eame temps, la communaut\u00e9, tout comme de dioc\u00e8se, devait faire face \u00e0 plusieurs d\u00e9fis importants dont la baisse du nombre de vocations. Il y a quelques ann\u00e9es, cette difficult\u00e9 avait fait envisager la fermeture du prieur\u00e9 de Richemont. Apr\u00e8s le choc de l\u2019annonce et une ann\u00e9e d\u2019incertitude, il avait finalement \u00e9t\u00e9 d\u00e9cid\u00e9 de garder le prieur\u00e9.<\/p>\n\n\n\n<p>Malheureusement, ce ne f\u00fbt qu\u2019un sursis. Nous devons recentrer nos forces pour la mission, et cela passe par la fermeture du prieur\u00e9 de Richemont. Cette d\u00e9cision difficile a \u00e9t\u00e9 le fruit de la concertation des fr\u00e8res de Saint-Jean de notre r\u00e9gion France Centre et a \u00e9t\u00e9 approuv\u00e9e par le Prieur G\u00e9n\u00e9ral. Celle-ci aura lieu au cours de l\u2019\u00e9t\u00e9 prochain.<\/p>\n\n\n\n<p>C\u2019est \u00e9videmment avec tristesse que nous allons quitter ce beau lieu et toutes les personnes aupr\u00e8s de qui nous \u00e9tions envoy\u00e9s. Je pense bien s\u00fbr \u00e0 tous les paroissiens de la paroisse Notre Dame des borderies. Je pense aussi \u00e0 ceux de la paroisse de Cognac, ainsi qu\u2019au reste du doyenn\u00e9. Je pense \u00e9videmment \u00e0 la communaut\u00e9 de l\u2019Arche de Cognac, ainsi qu\u2019\u00e0 celles des Sapins et de la Merci. Je pense encore \u00e0 l\u2019ensemble scolaire Saint-Joseph et \u00e0 l\u2019aum\u00f4nerie de l\u2019Enseignement public, ainsi qu\u2019aux louvettes, aux louveteaux, aux guides et aux scouts des diff\u00e9rents groupes de Cognac et de Saintes que nous accompagnons depuis des ann\u00e9es. C\u2019est assez paradoxal d\u2019avoir \u00e0 vous faire une telle annonce le jour du dimanche de Gaudete. Il est vrai qu\u2019un saint Fran\u00e7ois d\u2019Assise aurait sans doute pu vous parler de la joie chr\u00e9tienne, cette seule joie v\u00e9ritable qui ne s\u2019\u00e9teint jamais, pas m\u00eame au c\u0153ur des \u00e9preuves. Mais de mon c\u00f4t\u00e9, je ne peux vous partagez que mon action de gr\u00e2ce pour tout ce qui a \u00e9t\u00e9 v\u00e9cu et ma tristesse de ne pouvoir continuer notre mission aupr\u00e8s de vous.<\/p>\n\n\n\n<p>Fr\u00e8re Honorat, Vicaire du Prieur g\u00e9n\u00e9ral des Fr\u00e8res de Saint-Jean pour le prieur\u00e9 de Richemont<\/p>\n\n\n\n<figure class=\"wp-block-embed-youtube wp-block-embed is-type-video is-provider-youtube wp-embed-aspect-16-9 wp-has-aspect-ratio\"><div class=\"wp-block-embed__wrapper\">\n<iframe loading=\"lazy\" title=\"Annonce du d\u00e9part des fr\u00e8res de Saint Jean\" width=\"500\" height=\"281\" src=\"https:\/\/www.youtube.com\/embed\/SbUGvLDyn_0?feature=oembed\" frameborder=\"0\" allow=\"accelerometer; autoplay; clipboard-write; encrypted-media; gyroscope; picture-in-picture; web-share\" referrerpolicy=\"strict-origin-when-cross-origin\" allowfullscreen><\/iframe>\n<\/div><\/figure>\n\n\n\n<p><\/p>\n","protected":false},"excerpt":{"rendered":"<p>Chers amis, Cela va bient\u00f4t faire 28 ans que la communaut\u00e9 des fr\u00e8res de Saint-Jean se trouve en Charente. Durant toute ces ann\u00e9es, la vie et la mission des fr\u00e8res a bien \u00e9volu\u00e9e. D\u2019abord install\u00e9s en plein c\u0153ur de Cognac, nous avons d\u00e9m\u00e9nag\u00e9 en 2003 \u00e0 Richemont afin de nous doter d\u2019une structure d\u2019accueil. C\u2019est [&hellip;]<\/p>\n","protected":false},"author":100,"featured_media":1599,"comment_status":"open","ping_status":"open","sticky":false,"template":"","format":"standard","meta":{"_acf_changed":false,"paroisse":["0"],"service":["0"],"footnotes":""},"categories":[1],"tags":[],"class_list":["post-1618","post","type-post","status-publish","format-standard","has-post-thumbnail","hentry","category-actualites"],"acf":[],"yoast_head":"<!-- This site is optimized with the Yoast SEO plugin v27.1.1 - https:\/\/yoast.com\/product\/yoast-seo-wordpress\/ -->\n<title>Fermeture du prieur\u00e9 des Fr\u00e8res de Saint-Jean \u00e0 Richemont - Doyenn\u00e9 Ouest Charente<\/title>\n<meta name=\"robots\" content=\"index, follow, max-snippet:-1, max-image-preview:large, max-video-preview:-1\" \/>\n<link rel=\"canonical\" href=\"https:\/\/charente.catholique.fr\/ouest-charente\/actualites\/fermeture-du-prieure-des-freres-de-saint-jean-a-richemont\/\" \/>\n<meta property=\"og:locale\" content=\"fr_FR\" \/>\n<meta property=\"og:type\" content=\"article\" \/>\n<meta property=\"og:title\" content=\"Fermeture du prieur\u00e9 des Fr\u00e8res de Saint-Jean \u00e0 Richemont - Doyenn\u00e9 Ouest Charente\" \/>\n<meta property=\"og:description\" content=\"Chers amis, Cela va bient\u00f4t faire 28 ans que la communaut\u00e9 des fr\u00e8res de Saint-Jean se trouve en Charente. Durant toute ces ann\u00e9es, la vie et la mission des fr\u00e8res a bien \u00e9volu\u00e9e. D\u2019abord install\u00e9s en plein c\u0153ur de Cognac, nous avons d\u00e9m\u00e9nag\u00e9 en 2003 \u00e0 Richemont afin de nous doter d\u2019une structure d\u2019accueil. C\u2019est [&hellip;]\" \/>\n<meta property=\"og:url\" content=\"https:\/\/charente.catholique.fr\/ouest-charente\/actualites\/fermeture-du-prieure-des-freres-de-saint-jean-a-richemont\/\" \/>\n<meta property=\"og:site_name\" content=\"Doyenn\u00e9 Ouest Charente\" \/>\n<meta property=\"article:publisher\" content=\"https:\/\/www.facebook.com\/EgliseCatholiqueCharente\" \/>\n<meta property=\"article:published_time\" content=\"2020-12-18T17:06:51+00:00\" \/>\n<meta property=\"article:modified_time\" content=\"2024-12-17T14:53:14+00:00\" \/>\n<meta property=\"og:image\" content=\"https:\/\/charente.catholique.fr\/ouest-charente\/wp-content\/uploads\/sites\/6\/2020\/12\/freres-saint-jean-richemont-1.jpg\" \/>\n\t<meta property=\"og:image:width\" content=\"1024\" \/>\n\t<meta property=\"og:image:height\" content=\"416\" \/>\n\t<meta property=\"og:image:type\" content=\"image\/jpeg\" \/>\n<meta name=\"author\" content=\"paroissecognac\" \/>\n<meta name=\"twitter:card\" content=\"summary_large_image\" \/>\n<meta name=\"twitter:creator\" content=\"@diocesecharente\" \/>\n<meta name=\"twitter:site\" content=\"@diocesecharente\" \/>\n<meta name=\"twitter:label1\" content=\"\u00c9crit par\" \/>\n\t<meta name=\"twitter:data1\" content=\"paroissecognac\" \/>\n\t<meta name=\"twitter:label2\" content=\"Dur\u00e9e de lecture estim\u00e9e\" \/>\n\t<meta name=\"twitter:data2\" content=\"2 minutes\" \/>\n<script type=\"application\/ld+json\" class=\"yoast-schema-graph\">{\"@context\":\"https:\/\/schema.org\",\"@graph\":[{\"@type\":\"Article\",\"@id\":\"https:\/\/charente.catholique.fr\/ouest-charente\/actualites\/fermeture-du-prieure-des-freres-de-saint-jean-a-richemont\/#article\",\"isPartOf\":{\"@id\":\"https:\/\/charente.catholique.fr\/ouest-charente\/actualites\/fermeture-du-prieure-des-freres-de-saint-jean-a-richemont\/\"},\"author\":{\"name\":\"paroissecognac\",\"@id\":\"https:\/\/charente.catholique.fr\/ouest-charente\/#\/schema\/person\/2c1d5d3913c1241df5dd81d50afc5423\"},\"headline\":\"Fermeture du prieur\u00e9 des Fr\u00e8res de Saint-Jean \u00e0 Richemont\",\"datePublished\":\"2020-12-18T17:06:51+00:00\",\"dateModified\":\"2024-12-17T14:53:14+00:00\",\"mainEntityOfPage\":{\"@id\":\"https:\/\/charente.catholique.fr\/ouest-charente\/actualites\/fermeture-du-prieure-des-freres-de-saint-jean-a-richemont\/\"},\"wordCount\":490,\"commentCount\":0,\"publisher\":{\"@id\":\"https:\/\/charente.catholique.fr\/ouest-charente\/#organization\"},\"image\":{\"@id\":\"https:\/\/charente.catholique.fr\/ouest-charente\/actualites\/fermeture-du-prieure-des-freres-de-saint-jean-a-richemont\/#primaryimage\"},\"thumbnailUrl\":\"https:\/\/charente.catholique.fr\/ouest-charente\/wp-content\/uploads\/sites\/6\/2020\/12\/freres-saint-jean-richemont-1.jpg\",\"articleSection\":[\"Actualit\u00e9s\"],\"inLanguage\":\"fr-FR\",\"potentialAction\":[{\"@type\":\"CommentAction\",\"name\":\"Comment\",\"target\":[\"https:\/\/charente.catholique.fr\/ouest-charente\/actualites\/fermeture-du-prieure-des-freres-de-saint-jean-a-richemont\/#respond\"]}]},{\"@type\":\"WebPage\",\"@id\":\"https:\/\/charente.catholique.fr\/ouest-charente\/actualites\/fermeture-du-prieure-des-freres-de-saint-jean-a-richemont\/\",\"url\":\"https:\/\/charente.catholique.fr\/ouest-charente\/actualites\/fermeture-du-prieure-des-freres-de-saint-jean-a-richemont\/\",\"name\":\"Fermeture du prieur\u00e9 des Fr\u00e8res de Saint-Jean \u00e0 Richemont - Doyenn\u00e9 Ouest Charente\",\"isPartOf\":{\"@id\":\"https:\/\/charente.catholique.fr\/ouest-charente\/#website\"},\"primaryImageOfPage\":{\"@id\":\"https:\/\/charente.catholique.fr\/ouest-charente\/actualites\/fermeture-du-prieure-des-freres-de-saint-jean-a-richemont\/#primaryimage\"},\"image\":{\"@id\":\"https:\/\/charente.catholique.fr\/ouest-charente\/actualites\/fermeture-du-prieure-des-freres-de-saint-jean-a-richemont\/#primaryimage\"},\"thumbnailUrl\":\"https:\/\/charente.catholique.fr\/ouest-charente\/wp-content\/uploads\/sites\/6\/2020\/12\/freres-saint-jean-richemont-1.jpg\",\"datePublished\":\"2020-12-18T17:06:51+00:00\",\"dateModified\":\"2024-12-17T14:53:14+00:00\",\"breadcrumb\":{\"@id\":\"https:\/\/charente.catholique.fr\/ouest-charente\/actualites\/fermeture-du-prieure-des-freres-de-saint-jean-a-richemont\/#breadcrumb\"},\"inLanguage\":\"fr-FR\",\"potentialAction\":[{\"@type\":\"ReadAction\",\"target\":[\"https:\/\/charente.catholique.fr\/ouest-charente\/actualites\/fermeture-du-prieure-des-freres-de-saint-jean-a-richemont\/\"]}]},{\"@type\":\"ImageObject\",\"inLanguage\":\"fr-FR\",\"@id\":\"https:\/\/charente.catholique.fr\/ouest-charente\/actualites\/fermeture-du-prieure-des-freres-de-saint-jean-a-richemont\/#primaryimage\",\"url\":\"https:\/\/charente.catholique.fr\/ouest-charente\/wp-content\/uploads\/sites\/6\/2020\/12\/freres-saint-jean-richemont-1.jpg\",\"contentUrl\":\"https:\/\/charente.catholique.fr\/ouest-charente\/wp-content\/uploads\/sites\/6\/2020\/12\/freres-saint-jean-richemont-1.jpg\",\"width\":1024,\"height\":416},{\"@type\":\"BreadcrumbList\",\"@id\":\"https:\/\/charente.catholique.fr\/ouest-charente\/actualites\/fermeture-du-prieure-des-freres-de-saint-jean-a-richemont\/#breadcrumb\",\"itemListElement\":[{\"@type\":\"ListItem\",\"position\":1,\"name\":\"Accueil\",\"item\":\"https:\/\/charente.catholique.fr\/ouest-charente\/\"},{\"@type\":\"ListItem\",\"position\":2,\"name\":\"Fermeture du prieur\u00e9 des Fr\u00e8res de Saint-Jean \u00e0 Richemont\"}]},{\"@type\":\"WebSite\",\"@id\":\"https:\/\/charente.catholique.fr\/ouest-charente\/#website\",\"url\":\"https:\/\/charente.catholique.fr\/ouest-charente\/\",\"name\":\"Doyenn\u00e9 Ouest Charente - Dioc\u00e8se d'Angoul\u00eame\",\"description\":\"Dioc\u00e8se d&#039;Angoul\u00eame\",\"publisher\":{\"@id\":\"https:\/\/charente.catholique.fr\/ouest-charente\/#organization\"},\"potentialAction\":[{\"@type\":\"SearchAction\",\"target\":{\"@type\":\"EntryPoint\",\"urlTemplate\":\"https:\/\/charente.catholique.fr\/ouest-charente\/?s={search_term_string}\"},\"query-input\":{\"@type\":\"PropertyValueSpecification\",\"valueRequired\":true,\"valueName\":\"search_term_string\"}}],\"inLanguage\":\"fr-FR\"},{\"@type\":\"Organization\",\"@id\":\"https:\/\/charente.catholique.fr\/ouest-charente\/#organization\",\"name\":\"Association dioc\u00e9saine d'Angoul\u00eame\",\"url\":\"https:\/\/charente.catholique.fr\/ouest-charente\/\",\"logo\":{\"@type\":\"ImageObject\",\"inLanguage\":\"fr-FR\",\"@id\":\"https:\/\/charente.catholique.fr\/ouest-charente\/#\/schema\/logo\/image\/\",\"url\":\"https:\/\/charente.catholique.fr\/ouest-charente\/wp-content\/uploads\/sites\/6\/2020\/10\/logos.png\",\"contentUrl\":\"https:\/\/charente.catholique.fr\/ouest-charente\/wp-content\/uploads\/sites\/6\/2020\/10\/logos.png\",\"width\":600,\"height\":257,\"caption\":\"Association dioc\u00e9saine d'Angoul\u00eame\"},\"image\":{\"@id\":\"https:\/\/charente.catholique.fr\/ouest-charente\/#\/schema\/logo\/image\/\"},\"sameAs\":[\"https:\/\/www.facebook.com\/EgliseCatholiqueCharente\",\"https:\/\/x.com\/diocesecharente\",\"https:\/\/www.instagram.com\/eglisecharente\",\"https:\/\/www.youtube.com\/channel\/UCByyFWApZbw3gDTiADoiAaQ\"]},{\"@type\":\"Person\",\"@id\":\"https:\/\/charente.catholique.fr\/ouest-charente\/#\/schema\/person\/2c1d5d3913c1241df5dd81d50afc5423\",\"name\":\"paroissecognac\",\"image\":{\"@type\":\"ImageObject\",\"inLanguage\":\"fr-FR\",\"@id\":\"https:\/\/charente.catholique.fr\/ouest-charente\/#\/schema\/person\/image\/\",\"url\":\"https:\/\/secure.gravatar.com\/avatar\/4a7e283b32cb1e16825f7c5395a0f5df87a59e3aee0846bde2074048e909ba2d?s=96&d=mm&r=g\",\"contentUrl\":\"https:\/\/secure.gravatar.com\/avatar\/4a7e283b32cb1e16825f7c5395a0f5df87a59e3aee0846bde2074048e909ba2d?s=96&d=mm&r=g\",\"caption\":\"paroissecognac\"},\"url\":\"https:\/\/charente.catholique.fr\/ouest-charente\/author\/paroissecognac\/\"}]}<\/script>\n<!-- \/ Yoast SEO plugin. -->","yoast_head_json":{"title":"Fermeture du prieur\u00e9 des Fr\u00e8res de Saint-Jean \u00e0 Richemont - Doyenn\u00e9 Ouest Charente","robots":{"index":"index","follow":"follow","max-snippet":"max-snippet:-1","max-image-preview":"max-image-preview:large","max-video-preview":"max-video-preview:-1"},"canonical":"https:\/\/charente.catholique.fr\/ouest-charente\/actualites\/fermeture-du-prieure-des-freres-de-saint-jean-a-richemont\/","og_locale":"fr_FR","og_type":"article","og_title":"Fermeture du prieur\u00e9 des Fr\u00e8res de Saint-Jean \u00e0 Richemont - Doyenn\u00e9 Ouest Charente","og_description":"Chers amis, Cela va bient\u00f4t faire 28 ans que la communaut\u00e9 des fr\u00e8res de Saint-Jean se trouve en Charente. Durant toute ces ann\u00e9es, la vie et la mission des fr\u00e8res a bien \u00e9volu\u00e9e. D\u2019abord install\u00e9s en plein c\u0153ur de Cognac, nous avons d\u00e9m\u00e9nag\u00e9 en 2003 \u00e0 Richemont afin de nous doter d\u2019une structure d\u2019accueil. C\u2019est [&hellip;]","og_url":"https:\/\/charente.catholique.fr\/ouest-charente\/actualites\/fermeture-du-prieure-des-freres-de-saint-jean-a-richemont\/","og_site_name":"Doyenn\u00e9 Ouest Charente","article_publisher":"https:\/\/www.facebook.com\/EgliseCatholiqueCharente","article_published_time":"2020-12-18T17:06:51+00:00","article_modified_time":"2024-12-17T14:53:14+00:00","og_image":[{"width":1024,"height":416,"url":"https:\/\/charente.catholique.fr\/ouest-charente\/wp-content\/uploads\/sites\/6\/2020\/12\/freres-saint-jean-richemont-1.jpg","type":"image\/jpeg"}],"author":"paroissecognac","twitter_card":"summary_large_image","twitter_creator":"@diocesecharente","twitter_site":"@diocesecharente","twitter_misc":{"\u00c9crit par":"paroissecognac","Dur\u00e9e de lecture estim\u00e9e":"2 minutes"},"schema":{"@context":"https:\/\/schema.org","@graph":[{"@type":"Article","@id":"https:\/\/charente.catholique.fr\/ouest-charente\/actualites\/fermeture-du-prieure-des-freres-de-saint-jean-a-richemont\/#article","isPartOf":{"@id":"https:\/\/charente.catholique.fr\/ouest-charente\/actualites\/fermeture-du-prieure-des-freres-de-saint-jean-a-richemont\/"},"author":{"name":"paroissecognac","@id":"https:\/\/charente.catholique.fr\/ouest-charente\/#\/schema\/person\/2c1d5d3913c1241df5dd81d50afc5423"},"headline":"Fermeture du prieur\u00e9 des Fr\u00e8res de Saint-Jean \u00e0 Richemont","datePublished":"2020-12-18T17:06:51+00:00","dateModified":"2024-12-17T14:53:14+00:00","mainEntityOfPage":{"@id":"https:\/\/charente.catholique.fr\/ouest-charente\/actualites\/fermeture-du-prieure-des-freres-de-saint-jean-a-richemont\/"},"wordCount":490,"commentCount":0,"publisher":{"@id":"https:\/\/charente.catholique.fr\/ouest-charente\/#organization"},"image":{"@id":"https:\/\/charente.catholique.fr\/ouest-charente\/actualites\/fermeture-du-prieure-des-freres-de-saint-jean-a-richemont\/#primaryimage"},"thumbnailUrl":"https:\/\/charente.catholique.fr\/ouest-charente\/wp-content\/uploads\/sites\/6\/2020\/12\/freres-saint-jean-richemont-1.jpg","articleSection":["Actualit\u00e9s"],"inLanguage":"fr-FR","potentialAction":[{"@type":"CommentAction","name":"Comment","target":["https:\/\/charente.catholique.fr\/ouest-charente\/actualites\/fermeture-du-prieure-des-freres-de-saint-jean-a-richemont\/#respond"]}]},{"@type":"WebPage","@id":"https:\/\/charente.catholique.fr\/ouest-charente\/actualites\/fermeture-du-prieure-des-freres-de-saint-jean-a-richemont\/","url":"https:\/\/charente.catholique.fr\/ouest-charente\/actualites\/fermeture-du-prieure-des-freres-de-saint-jean-a-richemont\/","name":"Fermeture du prieur\u00e9 des Fr\u00e8res de Saint-Jean \u00e0 Richemont - Doyenn\u00e9 Ouest Charente","isPartOf":{"@id":"https:\/\/charente.catholique.fr\/ouest-charente\/#website"},"primaryImageOfPage":{"@id":"https:\/\/charente.catholique.fr\/ouest-charente\/actualites\/fermeture-du-prieure-des-freres-de-saint-jean-a-richemont\/#primaryimage"},"image":{"@id":"https:\/\/charente.catholique.fr\/ouest-charente\/actualites\/fermeture-du-prieure-des-freres-de-saint-jean-a-richemont\/#primaryimage"},"thumbnailUrl":"https:\/\/charente.catholique.fr\/ouest-charente\/wp-content\/uploads\/sites\/6\/2020\/12\/freres-saint-jean-richemont-1.jpg","datePublished":"2020-12-18T17:06:51+00:00","dateModified":"2024-12-17T14:53:14+00:00","breadcrumb":{"@id":"https:\/\/charente.catholique.fr\/ouest-charente\/actualites\/fermeture-du-prieure-des-freres-de-saint-jean-a-richemont\/#breadcrumb"},"inLanguage":"fr-FR","potentialAction":[{"@type":"ReadAction","target":["https:\/\/charente.catholique.fr\/ouest-charente\/actualites\/fermeture-du-prieure-des-freres-de-saint-jean-a-richemont\/"]}]},{"@type":"ImageObject","inLanguage":"fr-FR","@id":"https:\/\/charente.catholique.fr\/ouest-charente\/actualites\/fermeture-du-prieure-des-freres-de-saint-jean-a-richemont\/#primaryimage","url":"https:\/\/charente.catholique.fr\/ouest-charente\/wp-content\/uploads\/sites\/6\/2020\/12\/freres-saint-jean-richemont-1.jpg","contentUrl":"https:\/\/charente.catholique.fr\/ouest-charente\/wp-content\/uploads\/sites\/6\/2020\/12\/freres-saint-jean-richemont-1.jpg","width":1024,"height":416},{"@type":"BreadcrumbList","@id":"https:\/\/charente.catholique.fr\/ouest-charente\/actualites\/fermeture-du-prieure-des-freres-de-saint-jean-a-richemont\/#breadcrumb","itemListElement":[{"@type":"ListItem","position":1,"name":"Accueil","item":"https:\/\/charente.catholique.fr\/ouest-charente\/"},{"@type":"ListItem","position":2,"name":"Fermeture du prieur\u00e9 des Fr\u00e8res de Saint-Jean \u00e0 Richemont"}]},{"@type":"WebSite","@id":"https:\/\/charente.catholique.fr\/ouest-charente\/#website","url":"https:\/\/charente.catholique.fr\/ouest-charente\/","name":"Doyenn\u00e9 Ouest Charente - Dioc\u00e8se d'Angoul\u00eame","description":"Dioc\u00e8se d&#039;Angoul\u00eame","publisher":{"@id":"https:\/\/charente.catholique.fr\/ouest-charente\/#organization"},"potentialAction":[{"@type":"SearchAction","target":{"@type":"EntryPoint","urlTemplate":"https:\/\/charente.catholique.fr\/ouest-charente\/?s={search_term_string}"},"query-input":{"@type":"PropertyValueSpecification","valueRequired":true,"valueName":"search_term_string"}}],"inLanguage":"fr-FR"},{"@type":"Organization","@id":"https:\/\/charente.catholique.fr\/ouest-charente\/#organization","name":"Association dioc\u00e9saine d'Angoul\u00eame","url":"https:\/\/charente.catholique.fr\/ouest-charente\/","logo":{"@type":"ImageObject","inLanguage":"fr-FR","@id":"https:\/\/charente.catholique.fr\/ouest-charente\/#\/schema\/logo\/image\/","url":"https:\/\/charente.catholique.fr\/ouest-charente\/wp-content\/uploads\/sites\/6\/2020\/10\/logos.png","contentUrl":"https:\/\/charente.catholique.fr\/ouest-charente\/wp-content\/uploads\/sites\/6\/2020\/10\/logos.png","width":600,"height":257,"caption":"Association dioc\u00e9saine d'Angoul\u00eame"},"image":{"@id":"https:\/\/charente.catholique.fr\/ouest-charente\/#\/schema\/logo\/image\/"},"sameAs":["https:\/\/www.facebook.com\/EgliseCatholiqueCharente","https:\/\/x.com\/diocesecharente","https:\/\/www.instagram.com\/eglisecharente","https:\/\/www.youtube.com\/channel\/UCByyFWApZbw3gDTiADoiAaQ"]},{"@type":"Person","@id":"https:\/\/charente.catholique.fr\/ouest-charente\/#\/schema\/person\/2c1d5d3913c1241df5dd81d50afc5423","name":"paroissecognac","image":{"@type":"ImageObject","inLanguage":"fr-FR","@id":"https:\/\/charente.catholique.fr\/ouest-charente\/#\/schema\/person\/image\/","url":"https:\/\/secure.gravatar.com\/avatar\/4a7e283b32cb1e16825f7c5395a0f5df87a59e3aee0846bde2074048e909ba2d?s=96&d=mm&r=g","contentUrl":"https:\/\/secure.gravatar.com\/avatar\/4a7e283b32cb1e16825f7c5395a0f5df87a59e3aee0846bde2074048e909ba2d?s=96&d=mm&r=g","caption":"paroissecognac"},"url":"https:\/\/charente.catholique.fr\/ouest-charente\/author\/paroissecognac\/"}]}},"_links":{"self":[{"href":"https:\/\/charente.catholique.fr\/ouest-charente\/wp-json\/wp\/v2\/posts\/1618","targetHints":{"allow":["GET"]}}],"collection":[{"href":"https:\/\/charente.catholique.fr\/ouest-charente\/wp-json\/wp\/v2\/posts"}],"about":[{"href":"https:\/\/charente.catholique.fr\/ouest-charente\/wp-json\/wp\/v2\/types\/post"}],"author":[{"embeddable":true,"href":"https:\/\/charente.catholique.fr\/ouest-charente\/wp-json\/wp\/v2\/users\/100"}],"replies":[{"embeddable":true,"href":"https:\/\/charente.catholique.fr\/ouest-charente\/wp-json\/wp\/v2\/comments?post=1618"}],"version-history":[{"count":3,"href":"https:\/\/charente.catholique.fr\/ouest-charente\/wp-json\/wp\/v2\/posts\/1618\/revisions"}],"predecessor-version":[{"id":1624,"href":"https:\/\/charente.catholique.fr\/ouest-charente\/wp-json\/wp\/v2\/posts\/1618\/revisions\/1624"}],"wp:featuredmedia":[{"embeddable":true,"href":"https:\/\/charente.catholique.fr\/ouest-charente\/wp-json\/wp\/v2\/media\/1599"}],"wp:attachment":[{"href":"https:\/\/charente.catholique.fr\/ouest-charente\/wp-json\/wp\/v2\/media?parent=1618"}],"wp:term":[{"taxonomy":"category","embeddable":true,"href":"https:\/\/charente.catholique.fr\/ouest-charente\/wp-json\/wp\/v2\/categories?post=1618"},{"taxonomy":"post_tag","embeddable":true,"href":"https:\/\/charente.catholique.fr\/ouest-charente\/wp-json\/wp\/v2\/tags?post=1618"}],"curies":[{"name":"wp","href":"https:\/\/api.w.org\/{rel}","templated":true}]}}