{"id":944,"date":"2021-01-30T17:18:15","date_gmt":"2021-01-30T16:18:15","guid":{"rendered":"https:\/\/charente.catholique.fr\/nord-charente\/?p=944"},"modified":"2021-01-30T17:19:21","modified_gmt":"2021-01-30T16:19:21","slug":"lautorite-de-lamour","status":"publish","type":"post","link":"https:\/\/charente.catholique.fr\/nord-charente\/actualites\/lautorite-de-lamour\/","title":{"rendered":"L&#8217;AUTORIT\u00c9 DE L&#8217;AMOUR"},"content":{"rendered":"\n<p class=\"has-text-align-center\"><strong>4\u00b0 Dimanche Ordinaire B. 231-01-21. Mc 1\/21-28<br>Journ\u00e9e mondiale des l\u00e9preux<\/strong><br><\/p>\n\n\n\n<p class=\"has-text-align-center\">L<strong>&#8216;AUTORIT\u00c9 DE L&#8217;AMOUR<\/strong><br>La Parole de J\u00e9sus est litt\u00e9ralement &#8220;frappante&#8221; !<br>Elle est l&#8217;expression neuve d&#8217;une v\u00e9ritable &#8220;autorit\u00e9&#8221;,<br>bien loin des discours creux de ceux qui cherchent \u00e0 se faire valoir.<br>Quelques mots suffiront pour apaiser l&#8217;homme tourment\u00e9,<br>pour vaincre en lui le mal et le lib\u00e9rer int\u00e9rieurement.<br>Cette gu\u00e9rison est, elle aussi, vraiment &#8220;frappante&#8221;:<br>et provoque la &#8220;stupeur&#8221; chez les auditeurs.<\/p>\n\n\n\n<p class=\"has-text-align-center\"><br>La Parole de J\u00e9sus p\u00e9n\u00e8tre si profond\u00e9ment<br>que les pens\u00e9es de chacun sont comme d\u00e9voil\u00e9es.<br>Les uns, frapp\u00e9s par son enseignement,<br>\u00e9taient imm\u00e9diatement pr\u00eats \u00e0 Le suivre,<br>mais les autres, ferm\u00e9s \u00e0 la nouveaut\u00e9 d&#8217;un Amour qui lib\u00e8re,<br>se sentent d\u00e9masqu\u00e9s et r\u00e9sistent \u00e0 la Parole !<\/p>\n\n\n\n<p class=\"has-text-align-center\"><br>L\u2019Evangile nous rapporte de fa\u00e7on imag\u00e9e<br>que l\u2019esprit du mal se d\u00e9voile devant J\u00e9sus.<br>Il proteste et conteste violemment cette Parole de Dieu.<br>Mais J\u00e9sus le met au silence.<br>L\u2019esprit du mal est un usurpateur dans le coeur de l\u2019homme.<br>Il doit \u00eatre chass\u00e9 et vaincu.<br>L\u2019Evangile nous r\u00e9v\u00e8le comme un face-\u00e0-face bref,<br>abrupt, violent, mais tellement efficace !<br>Si grande est la force de la Parole de Dieu en J\u00e9sus<br>qu\u2019elle d\u00e9busque le mal partout o\u00f9 celui-ci se cache.<\/p>\n\n\n\n<p class=\"has-text-align-center\"><br>La Parole de J\u00e9sus vient lib\u00e9rer l\u2019homme,<br>elle vient le rendre \u00e0 lui-m\u00eame !<br>Elle vient redonner \u00e0 l\u2019humanit\u00e9 son vrai visage d\u2019enfant de Dieu,<br>elle vient lui redonner sa capacit\u00e9 merveilleuse<br>de lumi\u00e8re et de saintet\u00e9. <br>Cette Parole nous rejoint aujourd\u2019hui !<br>Accueillons-la puisqu\u2019elle nous redonne notre vraie libert\u00e9<\/p>\n\n\n\n<p><\/p>\n\n\n\n<p><\/p>\n","protected":false},"excerpt":{"rendered":"<p>4\u00b0 Dimanche Ordinaire B. 231-01-21. Mc 1\/21-28Journ\u00e9e mondiale des l\u00e9preux L&#8216;AUTORIT\u00c9 DE L&#8217;AMOURLa Parole de J\u00e9sus est litt\u00e9ralement &#8220;frappante&#8221; !Elle est l&#8217;expression neuve d&#8217;une v\u00e9ritable &#8220;autorit\u00e9&#8221;,bien loin des discours creux de ceux qui cherchent \u00e0 se faire valoir.Quelques mots suffiront pour apaiser l&#8217;homme tourment\u00e9,pour vaincre en lui le mal et le lib\u00e9rer int\u00e9rieurement.Cette gu\u00e9rison est, [&hellip;]<\/p>\n","protected":false},"author":33,"featured_media":0,"comment_status":"open","ping_status":"open","sticky":false,"template":"","format":"standard","meta":{"_acf_changed":false,"paroisse":["12"],"service":["0"],"footnotes":""},"categories":[1],"tags":[],"class_list":["post-944","post","type-post","status-publish","format-standard","hentry","category-actualites","validated"],"acf":[],"yoast_head":"<!-- This site is optimized with the Yoast SEO plugin v27.1.1 - https:\/\/yoast.com\/product\/yoast-seo-wordpress\/ -->\n<title>L&#039;AUTORIT\u00c9 DE L&#039;AMOUR - Doyenn\u00e9 Nord Charente<\/title>\n<meta name=\"robots\" content=\"index, follow, max-snippet:-1, max-image-preview:large, max-video-preview:-1\" \/>\n<link rel=\"canonical\" href=\"https:\/\/charente.catholique.fr\/nord-charente\/actualites\/lautorite-de-lamour\/\" \/>\n<meta property=\"og:locale\" content=\"fr_FR\" \/>\n<meta property=\"og:type\" content=\"article\" \/>\n<meta property=\"og:title\" content=\"L&#039;AUTORIT\u00c9 DE L&#039;AMOUR - Doyenn\u00e9 Nord Charente\" \/>\n<meta property=\"og:description\" content=\"4\u00b0 Dimanche Ordinaire B. 231-01-21. Mc 1\/21-28Journ\u00e9e mondiale des l\u00e9preux L&#8216;AUTORIT\u00c9 DE L&#8217;AMOURLa Parole de J\u00e9sus est litt\u00e9ralement &#8220;frappante&#8221; !Elle est l&#8217;expression neuve d&#8217;une v\u00e9ritable &#8220;autorit\u00e9&#8221;,bien loin des discours creux de ceux qui cherchent \u00e0 se faire valoir.Quelques mots suffiront pour apaiser l&#8217;homme tourment\u00e9,pour vaincre en lui le mal et le lib\u00e9rer int\u00e9rieurement.Cette gu\u00e9rison est, [&hellip;]\" \/>\n<meta property=\"og:url\" content=\"https:\/\/charente.catholique.fr\/nord-charente\/actualites\/lautorite-de-lamour\/\" \/>\n<meta property=\"og:site_name\" content=\"Doyenn\u00e9 Nord Charente\" \/>\n<meta property=\"article:publisher\" content=\"https:\/\/www.facebook.com\/EgliseCatholiqueCharente\" \/>\n<meta property=\"article:published_time\" content=\"2021-01-30T16:18:15+00:00\" \/>\n<meta property=\"article:modified_time\" content=\"2021-01-30T16:19:21+00:00\" \/>\n<meta name=\"author\" content=\"marysegirard\" \/>\n<meta name=\"twitter:card\" content=\"summary_large_image\" \/>\n<meta name=\"twitter:creator\" content=\"@diocesecharente\" \/>\n<meta name=\"twitter:site\" content=\"@diocesecharente\" \/>\n<meta name=\"twitter:label1\" content=\"\u00c9crit par\" \/>\n\t<meta name=\"twitter:data1\" content=\"marysegirard\" \/>\n\t<meta name=\"twitter:label2\" content=\"Dur\u00e9e de lecture estim\u00e9e\" \/>\n\t<meta name=\"twitter:data2\" content=\"2 minutes\" \/>\n<script type=\"application\/ld+json\" class=\"yoast-schema-graph\">{\"@context\":\"https:\/\/schema.org\",\"@graph\":[{\"@type\":\"Article\",\"@id\":\"https:\/\/charente.catholique.fr\/nord-charente\/actualites\/lautorite-de-lamour\/#article\",\"isPartOf\":{\"@id\":\"https:\/\/charente.catholique.fr\/nord-charente\/actualites\/lautorite-de-lamour\/\"},\"author\":{\"name\":\"marysegirard\",\"@id\":\"https:\/\/charente.catholique.fr\/nord-charente\/#\/schema\/person\/69ec4756bc9b0b3e42e39b6c34de83de\"},\"headline\":\"L&#8217;AUTORIT\u00c9 DE L&#8217;AMOUR\",\"datePublished\":\"2021-01-30T16:18:15+00:00\",\"dateModified\":\"2021-01-30T16:19:21+00:00\",\"mainEntityOfPage\":{\"@id\":\"https:\/\/charente.catholique.fr\/nord-charente\/actualites\/lautorite-de-lamour\/\"},\"wordCount\":294,\"commentCount\":0,\"publisher\":{\"@id\":\"https:\/\/charente.catholique.fr\/nord-charente\/#organization\"},\"articleSection\":[\"Actualit\u00e9s\"],\"inLanguage\":\"fr-FR\",\"potentialAction\":[{\"@type\":\"CommentAction\",\"name\":\"Comment\",\"target\":[\"https:\/\/charente.catholique.fr\/nord-charente\/actualites\/lautorite-de-lamour\/#respond\"]}]},{\"@type\":\"WebPage\",\"@id\":\"https:\/\/charente.catholique.fr\/nord-charente\/actualites\/lautorite-de-lamour\/\",\"url\":\"https:\/\/charente.catholique.fr\/nord-charente\/actualites\/lautorite-de-lamour\/\",\"name\":\"L'AUTORIT\u00c9 DE L'AMOUR - Doyenn\u00e9 Nord Charente\",\"isPartOf\":{\"@id\":\"https:\/\/charente.catholique.fr\/nord-charente\/#website\"},\"datePublished\":\"2021-01-30T16:18:15+00:00\",\"dateModified\":\"2021-01-30T16:19:21+00:00\",\"breadcrumb\":{\"@id\":\"https:\/\/charente.catholique.fr\/nord-charente\/actualites\/lautorite-de-lamour\/#breadcrumb\"},\"inLanguage\":\"fr-FR\",\"potentialAction\":[{\"@type\":\"ReadAction\",\"target\":[\"https:\/\/charente.catholique.fr\/nord-charente\/actualites\/lautorite-de-lamour\/\"]}]},{\"@type\":\"BreadcrumbList\",\"@id\":\"https:\/\/charente.catholique.fr\/nord-charente\/actualites\/lautorite-de-lamour\/#breadcrumb\",\"itemListElement\":[{\"@type\":\"ListItem\",\"position\":1,\"name\":\"Accueil\",\"item\":\"https:\/\/charente.catholique.fr\/nord-charente\/\"},{\"@type\":\"ListItem\",\"position\":2,\"name\":\"L&#8217;AUTORIT\u00c9 DE L&#8217;AMOUR\"}]},{\"@type\":\"WebSite\",\"@id\":\"https:\/\/charente.catholique.fr\/nord-charente\/#website\",\"url\":\"https:\/\/charente.catholique.fr\/nord-charente\/\",\"name\":\"Doyenn\u00e9 Nord Charente - Dioc\u00e8se d'Angoul\u00eame\",\"description\":\"Dioc\u00e8se d&#039;Angoul\u00eame\",\"publisher\":{\"@id\":\"https:\/\/charente.catholique.fr\/nord-charente\/#organization\"},\"potentialAction\":[{\"@type\":\"SearchAction\",\"target\":{\"@type\":\"EntryPoint\",\"urlTemplate\":\"https:\/\/charente.catholique.fr\/nord-charente\/?s={search_term_string}\"},\"query-input\":{\"@type\":\"PropertyValueSpecification\",\"valueRequired\":true,\"valueName\":\"search_term_string\"}}],\"inLanguage\":\"fr-FR\"},{\"@type\":\"Organization\",\"@id\":\"https:\/\/charente.catholique.fr\/nord-charente\/#organization\",\"name\":\"Association dioc\u00e9saine d'Angoul\u00eame\",\"url\":\"https:\/\/charente.catholique.fr\/nord-charente\/\",\"logo\":{\"@type\":\"ImageObject\",\"inLanguage\":\"fr-FR\",\"@id\":\"https:\/\/charente.catholique.fr\/nord-charente\/#\/schema\/logo\/image\/\",\"url\":\"https:\/\/charente.catholique.fr\/nord-charente\/wp-content\/uploads\/sites\/4\/2020\/10\/logos.png\",\"contentUrl\":\"https:\/\/charente.catholique.fr\/nord-charente\/wp-content\/uploads\/sites\/4\/2020\/10\/logos.png\",\"width\":600,\"height\":257,\"caption\":\"Association dioc\u00e9saine d'Angoul\u00eame\"},\"image\":{\"@id\":\"https:\/\/charente.catholique.fr\/nord-charente\/#\/schema\/logo\/image\/\"},\"sameAs\":[\"https:\/\/www.facebook.com\/EgliseCatholiqueCharente\",\"https:\/\/x.com\/diocesecharente\",\"https:\/\/www.instagram.com\/eglisecharente\",\"https:\/\/www.youtube.com\/channel\/UCByyFWApZbw3gDTiADoiAaQ\"]},{\"@type\":\"Person\",\"@id\":\"https:\/\/charente.catholique.fr\/nord-charente\/#\/schema\/person\/69ec4756bc9b0b3e42e39b6c34de83de\",\"name\":\"marysegirard\",\"image\":{\"@type\":\"ImageObject\",\"inLanguage\":\"fr-FR\",\"@id\":\"https:\/\/charente.catholique.fr\/nord-charente\/#\/schema\/person\/image\/\",\"url\":\"https:\/\/secure.gravatar.com\/avatar\/2d1448628fc788cbf01dbabfa0628b3257d9c79175ca834e520c4769584511d5?s=96&d=mm&r=g\",\"contentUrl\":\"https:\/\/secure.gravatar.com\/avatar\/2d1448628fc788cbf01dbabfa0628b3257d9c79175ca834e520c4769584511d5?s=96&d=mm&r=g\",\"caption\":\"marysegirard\"},\"sameAs\":[\"https:\/\/charente.catholique.fr\/nord-charente\/\"],\"url\":\"https:\/\/charente.catholique.fr\/nord-charente\/author\/marysegirard\/\"}]}<\/script>\n<!-- \/ Yoast SEO plugin. -->","yoast_head_json":{"title":"L'AUTORIT\u00c9 DE L'AMOUR - Doyenn\u00e9 Nord Charente","robots":{"index":"index","follow":"follow","max-snippet":"max-snippet:-1","max-image-preview":"max-image-preview:large","max-video-preview":"max-video-preview:-1"},"canonical":"https:\/\/charente.catholique.fr\/nord-charente\/actualites\/lautorite-de-lamour\/","og_locale":"fr_FR","og_type":"article","og_title":"L'AUTORIT\u00c9 DE L'AMOUR - Doyenn\u00e9 Nord Charente","og_description":"4\u00b0 Dimanche Ordinaire B. 231-01-21. Mc 1\/21-28Journ\u00e9e mondiale des l\u00e9preux L&#8216;AUTORIT\u00c9 DE L&#8217;AMOURLa Parole de J\u00e9sus est litt\u00e9ralement &#8220;frappante&#8221; !Elle est l&#8217;expression neuve d&#8217;une v\u00e9ritable &#8220;autorit\u00e9&#8221;,bien loin des discours creux de ceux qui cherchent \u00e0 se faire valoir.Quelques mots suffiront pour apaiser l&#8217;homme tourment\u00e9,pour vaincre en lui le mal et le lib\u00e9rer int\u00e9rieurement.Cette gu\u00e9rison est, [&hellip;]","og_url":"https:\/\/charente.catholique.fr\/nord-charente\/actualites\/lautorite-de-lamour\/","og_site_name":"Doyenn\u00e9 Nord Charente","article_publisher":"https:\/\/www.facebook.com\/EgliseCatholiqueCharente","article_published_time":"2021-01-30T16:18:15+00:00","article_modified_time":"2021-01-30T16:19:21+00:00","author":"marysegirard","twitter_card":"summary_large_image","twitter_creator":"@diocesecharente","twitter_site":"@diocesecharente","twitter_misc":{"\u00c9crit par":"marysegirard","Dur\u00e9e de lecture estim\u00e9e":"2 minutes"},"schema":{"@context":"https:\/\/schema.org","@graph":[{"@type":"Article","@id":"https:\/\/charente.catholique.fr\/nord-charente\/actualites\/lautorite-de-lamour\/#article","isPartOf":{"@id":"https:\/\/charente.catholique.fr\/nord-charente\/actualites\/lautorite-de-lamour\/"},"author":{"name":"marysegirard","@id":"https:\/\/charente.catholique.fr\/nord-charente\/#\/schema\/person\/69ec4756bc9b0b3e42e39b6c34de83de"},"headline":"L&#8217;AUTORIT\u00c9 DE L&#8217;AMOUR","datePublished":"2021-01-30T16:18:15+00:00","dateModified":"2021-01-30T16:19:21+00:00","mainEntityOfPage":{"@id":"https:\/\/charente.catholique.fr\/nord-charente\/actualites\/lautorite-de-lamour\/"},"wordCount":294,"commentCount":0,"publisher":{"@id":"https:\/\/charente.catholique.fr\/nord-charente\/#organization"},"articleSection":["Actualit\u00e9s"],"inLanguage":"fr-FR","potentialAction":[{"@type":"CommentAction","name":"Comment","target":["https:\/\/charente.catholique.fr\/nord-charente\/actualites\/lautorite-de-lamour\/#respond"]}]},{"@type":"WebPage","@id":"https:\/\/charente.catholique.fr\/nord-charente\/actualites\/lautorite-de-lamour\/","url":"https:\/\/charente.catholique.fr\/nord-charente\/actualites\/lautorite-de-lamour\/","name":"L'AUTORIT\u00c9 DE L'AMOUR - Doyenn\u00e9 Nord Charente","isPartOf":{"@id":"https:\/\/charente.catholique.fr\/nord-charente\/#website"},"datePublished":"2021-01-30T16:18:15+00:00","dateModified":"2021-01-30T16:19:21+00:00","breadcrumb":{"@id":"https:\/\/charente.catholique.fr\/nord-charente\/actualites\/lautorite-de-lamour\/#breadcrumb"},"inLanguage":"fr-FR","potentialAction":[{"@type":"ReadAction","target":["https:\/\/charente.catholique.fr\/nord-charente\/actualites\/lautorite-de-lamour\/"]}]},{"@type":"BreadcrumbList","@id":"https:\/\/charente.catholique.fr\/nord-charente\/actualites\/lautorite-de-lamour\/#breadcrumb","itemListElement":[{"@type":"ListItem","position":1,"name":"Accueil","item":"https:\/\/charente.catholique.fr\/nord-charente\/"},{"@type":"ListItem","position":2,"name":"L&#8217;AUTORIT\u00c9 DE L&#8217;AMOUR"}]},{"@type":"WebSite","@id":"https:\/\/charente.catholique.fr\/nord-charente\/#website","url":"https:\/\/charente.catholique.fr\/nord-charente\/","name":"Doyenn\u00e9 Nord Charente - Dioc\u00e8se d'Angoul\u00eame","description":"Dioc\u00e8se d&#039;Angoul\u00eame","publisher":{"@id":"https:\/\/charente.catholique.fr\/nord-charente\/#organization"},"potentialAction":[{"@type":"SearchAction","target":{"@type":"EntryPoint","urlTemplate":"https:\/\/charente.catholique.fr\/nord-charente\/?s={search_term_string}"},"query-input":{"@type":"PropertyValueSpecification","valueRequired":true,"valueName":"search_term_string"}}],"inLanguage":"fr-FR"},{"@type":"Organization","@id":"https:\/\/charente.catholique.fr\/nord-charente\/#organization","name":"Association dioc\u00e9saine d'Angoul\u00eame","url":"https:\/\/charente.catholique.fr\/nord-charente\/","logo":{"@type":"ImageObject","inLanguage":"fr-FR","@id":"https:\/\/charente.catholique.fr\/nord-charente\/#\/schema\/logo\/image\/","url":"https:\/\/charente.catholique.fr\/nord-charente\/wp-content\/uploads\/sites\/4\/2020\/10\/logos.png","contentUrl":"https:\/\/charente.catholique.fr\/nord-charente\/wp-content\/uploads\/sites\/4\/2020\/10\/logos.png","width":600,"height":257,"caption":"Association dioc\u00e9saine d'Angoul\u00eame"},"image":{"@id":"https:\/\/charente.catholique.fr\/nord-charente\/#\/schema\/logo\/image\/"},"sameAs":["https:\/\/www.facebook.com\/EgliseCatholiqueCharente","https:\/\/x.com\/diocesecharente","https:\/\/www.instagram.com\/eglisecharente","https:\/\/www.youtube.com\/channel\/UCByyFWApZbw3gDTiADoiAaQ"]},{"@type":"Person","@id":"https:\/\/charente.catholique.fr\/nord-charente\/#\/schema\/person\/69ec4756bc9b0b3e42e39b6c34de83de","name":"marysegirard","image":{"@type":"ImageObject","inLanguage":"fr-FR","@id":"https:\/\/charente.catholique.fr\/nord-charente\/#\/schema\/person\/image\/","url":"https:\/\/secure.gravatar.com\/avatar\/2d1448628fc788cbf01dbabfa0628b3257d9c79175ca834e520c4769584511d5?s=96&d=mm&r=g","contentUrl":"https:\/\/secure.gravatar.com\/avatar\/2d1448628fc788cbf01dbabfa0628b3257d9c79175ca834e520c4769584511d5?s=96&d=mm&r=g","caption":"marysegirard"},"sameAs":["https:\/\/charente.catholique.fr\/nord-charente\/"],"url":"https:\/\/charente.catholique.fr\/nord-charente\/author\/marysegirard\/"}]}},"_links":{"self":[{"href":"https:\/\/charente.catholique.fr\/nord-charente\/wp-json\/wp\/v2\/posts\/944","targetHints":{"allow":["GET"]}}],"collection":[{"href":"https:\/\/charente.catholique.fr\/nord-charente\/wp-json\/wp\/v2\/posts"}],"about":[{"href":"https:\/\/charente.catholique.fr\/nord-charente\/wp-json\/wp\/v2\/types\/post"}],"author":[{"embeddable":true,"href":"https:\/\/charente.catholique.fr\/nord-charente\/wp-json\/wp\/v2\/users\/33"}],"replies":[{"embeddable":true,"href":"https:\/\/charente.catholique.fr\/nord-charente\/wp-json\/wp\/v2\/comments?post=944"}],"version-history":[{"count":1,"href":"https:\/\/charente.catholique.fr\/nord-charente\/wp-json\/wp\/v2\/posts\/944\/revisions"}],"predecessor-version":[{"id":945,"href":"https:\/\/charente.catholique.fr\/nord-charente\/wp-json\/wp\/v2\/posts\/944\/revisions\/945"}],"wp:attachment":[{"href":"https:\/\/charente.catholique.fr\/nord-charente\/wp-json\/wp\/v2\/media?parent=944"}],"wp:term":[{"taxonomy":"category","embeddable":true,"href":"https:\/\/charente.catholique.fr\/nord-charente\/wp-json\/wp\/v2\/categories?post=944"},{"taxonomy":"post_tag","embeddable":true,"href":"https:\/\/charente.catholique.fr\/nord-charente\/wp-json\/wp\/v2\/tags?post=944"}],"curies":[{"name":"wp","href":"https:\/\/api.w.org\/{rel}","templated":true}]}}