{"id":9393,"date":"2025-12-19T14:44:37","date_gmt":"2025-12-19T13:44:37","guid":{"rendered":"https:\/\/charente.catholique.fr\/nord-charente\/?p=9393"},"modified":"2025-12-19T14:44:38","modified_gmt":"2025-12-19T13:44:38","slug":"catechisme-journee-portes-ouvertes","status":"publish","type":"post","link":"https:\/\/charente.catholique.fr\/nord-charente\/actualites\/catechisme-journee-portes-ouvertes\/","title":{"rendered":"Cat\u00e9chisme : journ\u00e9e portes ouvertes"},"content":{"rendered":"\n<p>Les Cat\u00e9chistes de la paroisse d&#8217;Aigre organisent une matin\u00e9e-rencontre <br>Samedi 20 d\u00e9cembre 2025 <br>\u00e0 La Maison Paroissiale &#8211; 6 rue du Temple &#8211; 16140 AIGRE<br>de 10h \u00e0 11h45.<\/p>\n\n\n\n<p>Venez avec vos enfants pour pr\u00e9parer ensemble NOEL !<\/p>\n\n\n\n<p>Pour nous contacter : paroisseaigre@gmail.com ou ligne permanente de la paroisse 07 45 14 47 47 (laisser un message pour Florence ou L\u00ea Xu\u00e2n)<\/p>\n\n\n\n<figure class=\"wp-block-image size-full\"><img loading=\"lazy\" decoding=\"async\" width=\"1065\" height=\"831\" src=\"https:\/\/charente.catholique.fr\/nord-charente\/wp-content\/uploads\/sites\/4\/2025\/11\/image-12.png\" alt=\"\" class=\"wp-image-9643\" srcset=\"https:\/\/charente.catholique.fr\/nord-charente\/wp-content\/uploads\/sites\/4\/2025\/11\/image-12.png 1065w, https:\/\/charente.catholique.fr\/nord-charente\/wp-content\/uploads\/sites\/4\/2025\/11\/image-12-300x234.png 300w, https:\/\/charente.catholique.fr\/nord-charente\/wp-content\/uploads\/sites\/4\/2025\/11\/image-12-768x599.png 768w\" sizes=\"auto, (max-width: 1065px) 100vw, 1065px\" \/><\/figure>\n","protected":false},"excerpt":{"rendered":"<p>Les Cat\u00e9chistes de la paroisse d&#8217;Aigre organisent une matin\u00e9e-rencontre Samedi 20 d\u00e9cembre 2025 \u00e0 La Maison Paroissiale &#8211; 6 rue du Temple &#8211; 16140 AIGREde 10h \u00e0 11h45. Venez avec vos enfants pour pr\u00e9parer ensemble NOEL ! Pour nous contacter : paroisseaigre@gmail.com ou ligne permanente de la paroisse 07 45 14 47 47 (laisser un [&hellip;]<\/p>\n","protected":false},"author":120,"featured_media":0,"comment_status":"open","ping_status":"open","sticky":false,"template":"","format":"standard","meta":{"_acf_changed":false,"paroisse":["22"],"service":["0"],"footnotes":""},"categories":[1,4],"tags":[],"class_list":["post-9393","post","type-post","status-publish","format-standard","hentry","category-actualites","category-aigre"],"acf":[],"yoast_head":"<!-- This site is optimized with the Yoast SEO plugin v27.1.1 - https:\/\/yoast.com\/product\/yoast-seo-wordpress\/ -->\n<title>Cat\u00e9chisme : journ\u00e9e portes ouvertes - Doyenn\u00e9 Nord Charente<\/title>\n<meta name=\"description\" content=\"Catechisme Matinee rencontre samedi 20 d\u00e9c 2025 - 10h \u00e0 la Maison Paroissiale - 6 rue du Temple - 16140 Aigre\" \/>\n<meta name=\"robots\" content=\"index, follow, max-snippet:-1, max-image-preview:large, max-video-preview:-1\" \/>\n<link rel=\"canonical\" href=\"https:\/\/charente.catholique.fr\/nord-charente\/actualites\/catechisme-journee-portes-ouvertes\/\" \/>\n<meta property=\"og:locale\" content=\"fr_FR\" \/>\n<meta property=\"og:type\" content=\"article\" \/>\n<meta property=\"og:title\" content=\"Cat\u00e9chisme : journ\u00e9e portes ouvertes - Doyenn\u00e9 Nord Charente\" \/>\n<meta property=\"og:description\" content=\"Catechisme Matinee rencontre samedi 20 d\u00e9c 2025 - 10h \u00e0 la Maison Paroissiale - 6 rue du Temple - 16140 Aigre\" \/>\n<meta property=\"og:url\" content=\"https:\/\/charente.catholique.fr\/nord-charente\/actualites\/catechisme-journee-portes-ouvertes\/\" \/>\n<meta property=\"og:site_name\" content=\"Doyenn\u00e9 Nord Charente\" \/>\n<meta property=\"article:publisher\" content=\"https:\/\/www.facebook.com\/EgliseCatholiqueCharente\" \/>\n<meta property=\"article:published_time\" content=\"2025-12-19T13:44:37+00:00\" \/>\n<meta property=\"article:modified_time\" content=\"2025-12-19T13:44:38+00:00\" \/>\n<meta property=\"og:image\" content=\"https:\/\/charente.catholique.fr\/nord-charente\/wp-content\/uploads\/sites\/4\/2025\/11\/image-12.png\" \/>\n\t<meta property=\"og:image:width\" content=\"1065\" \/>\n\t<meta property=\"og:image:height\" content=\"831\" \/>\n\t<meta property=\"og:image:type\" content=\"image\/png\" \/>\n<meta name=\"author\" content=\"paroisseaigre\" \/>\n<meta name=\"twitter:card\" content=\"summary_large_image\" \/>\n<meta name=\"twitter:creator\" content=\"@diocesecharente\" \/>\n<meta name=\"twitter:site\" content=\"@diocesecharente\" \/>\n<meta name=\"twitter:label1\" content=\"\u00c9crit par\" \/>\n\t<meta name=\"twitter:data1\" content=\"paroisseaigre\" \/>\n\t<meta name=\"twitter:label2\" content=\"Dur\u00e9e de lecture estim\u00e9e\" \/>\n\t<meta name=\"twitter:data2\" content=\"1 minute\" \/>\n<script type=\"application\/ld+json\" class=\"yoast-schema-graph\">{\"@context\":\"https:\/\/schema.org\",\"@graph\":[{\"@type\":\"Article\",\"@id\":\"https:\/\/charente.catholique.fr\/nord-charente\/actualites\/catechisme-journee-portes-ouvertes\/#article\",\"isPartOf\":{\"@id\":\"https:\/\/charente.catholique.fr\/nord-charente\/actualites\/catechisme-journee-portes-ouvertes\/\"},\"author\":{\"name\":\"paroisseaigre\",\"@id\":\"https:\/\/charente.catholique.fr\/nord-charente\/#\/schema\/person\/e47fb25dc051a8affb7d3cf60e3d9f98\"},\"headline\":\"Cat\u00e9chisme : journ\u00e9e portes ouvertes\",\"datePublished\":\"2025-12-19T13:44:37+00:00\",\"dateModified\":\"2025-12-19T13:44:38+00:00\",\"mainEntityOfPage\":{\"@id\":\"https:\/\/charente.catholique.fr\/nord-charente\/actualites\/catechisme-journee-portes-ouvertes\/\"},\"wordCount\":62,\"commentCount\":0,\"publisher\":{\"@id\":\"https:\/\/charente.catholique.fr\/nord-charente\/#organization\"},\"image\":{\"@id\":\"https:\/\/charente.catholique.fr\/nord-charente\/actualites\/catechisme-journee-portes-ouvertes\/#primaryimage\"},\"thumbnailUrl\":\"https:\/\/charente.catholique.fr\/nord-charente\/wp-content\/uploads\/sites\/4\/2025\/11\/image-12.png\",\"articleSection\":[\"Actualit\u00e9s\",\"Aigre\"],\"inLanguage\":\"fr-FR\",\"potentialAction\":[{\"@type\":\"CommentAction\",\"name\":\"Comment\",\"target\":[\"https:\/\/charente.catholique.fr\/nord-charente\/actualites\/catechisme-journee-portes-ouvertes\/#respond\"]}]},{\"@type\":\"WebPage\",\"@id\":\"https:\/\/charente.catholique.fr\/nord-charente\/actualites\/catechisme-journee-portes-ouvertes\/\",\"url\":\"https:\/\/charente.catholique.fr\/nord-charente\/actualites\/catechisme-journee-portes-ouvertes\/\",\"name\":\"Cat\u00e9chisme : journ\u00e9e portes ouvertes - Doyenn\u00e9 Nord Charente\",\"isPartOf\":{\"@id\":\"https:\/\/charente.catholique.fr\/nord-charente\/#website\"},\"primaryImageOfPage\":{\"@id\":\"https:\/\/charente.catholique.fr\/nord-charente\/actualites\/catechisme-journee-portes-ouvertes\/#primaryimage\"},\"image\":{\"@id\":\"https:\/\/charente.catholique.fr\/nord-charente\/actualites\/catechisme-journee-portes-ouvertes\/#primaryimage\"},\"thumbnailUrl\":\"https:\/\/charente.catholique.fr\/nord-charente\/wp-content\/uploads\/sites\/4\/2025\/11\/image-12.png\",\"datePublished\":\"2025-12-19T13:44:37+00:00\",\"dateModified\":\"2025-12-19T13:44:38+00:00\",\"description\":\"Catechisme Matinee rencontre samedi 20 d\u00e9c 2025 - 10h \u00e0 la Maison Paroissiale - 6 rue du Temple - 16140 Aigre\",\"breadcrumb\":{\"@id\":\"https:\/\/charente.catholique.fr\/nord-charente\/actualites\/catechisme-journee-portes-ouvertes\/#breadcrumb\"},\"inLanguage\":\"fr-FR\",\"potentialAction\":[{\"@type\":\"ReadAction\",\"target\":[\"https:\/\/charente.catholique.fr\/nord-charente\/actualites\/catechisme-journee-portes-ouvertes\/\"]}]},{\"@type\":\"ImageObject\",\"inLanguage\":\"fr-FR\",\"@id\":\"https:\/\/charente.catholique.fr\/nord-charente\/actualites\/catechisme-journee-portes-ouvertes\/#primaryimage\",\"url\":\"https:\/\/charente.catholique.fr\/nord-charente\/wp-content\/uploads\/sites\/4\/2025\/11\/image-12.png\",\"contentUrl\":\"https:\/\/charente.catholique.fr\/nord-charente\/wp-content\/uploads\/sites\/4\/2025\/11\/image-12.png\",\"width\":1065,\"height\":831},{\"@type\":\"BreadcrumbList\",\"@id\":\"https:\/\/charente.catholique.fr\/nord-charente\/actualites\/catechisme-journee-portes-ouvertes\/#breadcrumb\",\"itemListElement\":[{\"@type\":\"ListItem\",\"position\":1,\"name\":\"Accueil\",\"item\":\"https:\/\/charente.catholique.fr\/nord-charente\/\"},{\"@type\":\"ListItem\",\"position\":2,\"name\":\"Cat\u00e9chisme : journ\u00e9e portes ouvertes\"}]},{\"@type\":\"WebSite\",\"@id\":\"https:\/\/charente.catholique.fr\/nord-charente\/#website\",\"url\":\"https:\/\/charente.catholique.fr\/nord-charente\/\",\"name\":\"Doyenn\u00e9 Nord Charente - Dioc\u00e8se d'Angoul\u00eame\",\"description\":\"Dioc\u00e8se d&#039;Angoul\u00eame\",\"publisher\":{\"@id\":\"https:\/\/charente.catholique.fr\/nord-charente\/#organization\"},\"potentialAction\":[{\"@type\":\"SearchAction\",\"target\":{\"@type\":\"EntryPoint\",\"urlTemplate\":\"https:\/\/charente.catholique.fr\/nord-charente\/?s={search_term_string}\"},\"query-input\":{\"@type\":\"PropertyValueSpecification\",\"valueRequired\":true,\"valueName\":\"search_term_string\"}}],\"inLanguage\":\"fr-FR\"},{\"@type\":\"Organization\",\"@id\":\"https:\/\/charente.catholique.fr\/nord-charente\/#organization\",\"name\":\"Association dioc\u00e9saine d'Angoul\u00eame\",\"url\":\"https:\/\/charente.catholique.fr\/nord-charente\/\",\"logo\":{\"@type\":\"ImageObject\",\"inLanguage\":\"fr-FR\",\"@id\":\"https:\/\/charente.catholique.fr\/nord-charente\/#\/schema\/logo\/image\/\",\"url\":\"https:\/\/charente.catholique.fr\/nord-charente\/wp-content\/uploads\/sites\/4\/2020\/10\/logos.png\",\"contentUrl\":\"https:\/\/charente.catholique.fr\/nord-charente\/wp-content\/uploads\/sites\/4\/2020\/10\/logos.png\",\"width\":600,\"height\":257,\"caption\":\"Association dioc\u00e9saine d'Angoul\u00eame\"},\"image\":{\"@id\":\"https:\/\/charente.catholique.fr\/nord-charente\/#\/schema\/logo\/image\/\"},\"sameAs\":[\"https:\/\/www.facebook.com\/EgliseCatholiqueCharente\",\"https:\/\/x.com\/diocesecharente\",\"https:\/\/www.instagram.com\/eglisecharente\",\"https:\/\/www.youtube.com\/channel\/UCByyFWApZbw3gDTiADoiAaQ\"]},{\"@type\":\"Person\",\"@id\":\"https:\/\/charente.catholique.fr\/nord-charente\/#\/schema\/person\/e47fb25dc051a8affb7d3cf60e3d9f98\",\"name\":\"paroisseaigre\",\"image\":{\"@type\":\"ImageObject\",\"inLanguage\":\"fr-FR\",\"@id\":\"https:\/\/charente.catholique.fr\/nord-charente\/#\/schema\/person\/image\/\",\"url\":\"https:\/\/secure.gravatar.com\/avatar\/29ef6b1f36a0a323c21263e30422c11c5d77585820bfcf24def75b2c55c1993c?s=96&d=mm&r=g\",\"contentUrl\":\"https:\/\/secure.gravatar.com\/avatar\/29ef6b1f36a0a323c21263e30422c11c5d77585820bfcf24def75b2c55c1993c?s=96&d=mm&r=g\",\"caption\":\"paroisseaigre\"},\"url\":\"https:\/\/charente.catholique.fr\/nord-charente\/author\/paroisseaigre\/\"}]}<\/script>\n<!-- \/ Yoast SEO plugin. -->","yoast_head_json":{"title":"Cat\u00e9chisme : journ\u00e9e portes ouvertes - Doyenn\u00e9 Nord Charente","description":"Catechisme Matinee rencontre samedi 20 d\u00e9c 2025 - 10h \u00e0 la Maison Paroissiale - 6 rue du Temple - 16140 Aigre","robots":{"index":"index","follow":"follow","max-snippet":"max-snippet:-1","max-image-preview":"max-image-preview:large","max-video-preview":"max-video-preview:-1"},"canonical":"https:\/\/charente.catholique.fr\/nord-charente\/actualites\/catechisme-journee-portes-ouvertes\/","og_locale":"fr_FR","og_type":"article","og_title":"Cat\u00e9chisme : journ\u00e9e portes ouvertes - Doyenn\u00e9 Nord Charente","og_description":"Catechisme Matinee rencontre samedi 20 d\u00e9c 2025 - 10h \u00e0 la Maison Paroissiale - 6 rue du Temple - 16140 Aigre","og_url":"https:\/\/charente.catholique.fr\/nord-charente\/actualites\/catechisme-journee-portes-ouvertes\/","og_site_name":"Doyenn\u00e9 Nord Charente","article_publisher":"https:\/\/www.facebook.com\/EgliseCatholiqueCharente","article_published_time":"2025-12-19T13:44:37+00:00","article_modified_time":"2025-12-19T13:44:38+00:00","og_image":[{"width":1065,"height":831,"url":"https:\/\/charente.catholique.fr\/nord-charente\/wp-content\/uploads\/sites\/4\/2025\/11\/image-12.png","type":"image\/png"}],"author":"paroisseaigre","twitter_card":"summary_large_image","twitter_creator":"@diocesecharente","twitter_site":"@diocesecharente","twitter_misc":{"\u00c9crit par":"paroisseaigre","Dur\u00e9e de lecture estim\u00e9e":"1 minute"},"schema":{"@context":"https:\/\/schema.org","@graph":[{"@type":"Article","@id":"https:\/\/charente.catholique.fr\/nord-charente\/actualites\/catechisme-journee-portes-ouvertes\/#article","isPartOf":{"@id":"https:\/\/charente.catholique.fr\/nord-charente\/actualites\/catechisme-journee-portes-ouvertes\/"},"author":{"name":"paroisseaigre","@id":"https:\/\/charente.catholique.fr\/nord-charente\/#\/schema\/person\/e47fb25dc051a8affb7d3cf60e3d9f98"},"headline":"Cat\u00e9chisme : journ\u00e9e portes ouvertes","datePublished":"2025-12-19T13:44:37+00:00","dateModified":"2025-12-19T13:44:38+00:00","mainEntityOfPage":{"@id":"https:\/\/charente.catholique.fr\/nord-charente\/actualites\/catechisme-journee-portes-ouvertes\/"},"wordCount":62,"commentCount":0,"publisher":{"@id":"https:\/\/charente.catholique.fr\/nord-charente\/#organization"},"image":{"@id":"https:\/\/charente.catholique.fr\/nord-charente\/actualites\/catechisme-journee-portes-ouvertes\/#primaryimage"},"thumbnailUrl":"https:\/\/charente.catholique.fr\/nord-charente\/wp-content\/uploads\/sites\/4\/2025\/11\/image-12.png","articleSection":["Actualit\u00e9s","Aigre"],"inLanguage":"fr-FR","potentialAction":[{"@type":"CommentAction","name":"Comment","target":["https:\/\/charente.catholique.fr\/nord-charente\/actualites\/catechisme-journee-portes-ouvertes\/#respond"]}]},{"@type":"WebPage","@id":"https:\/\/charente.catholique.fr\/nord-charente\/actualites\/catechisme-journee-portes-ouvertes\/","url":"https:\/\/charente.catholique.fr\/nord-charente\/actualites\/catechisme-journee-portes-ouvertes\/","name":"Cat\u00e9chisme : journ\u00e9e portes ouvertes - Doyenn\u00e9 Nord Charente","isPartOf":{"@id":"https:\/\/charente.catholique.fr\/nord-charente\/#website"},"primaryImageOfPage":{"@id":"https:\/\/charente.catholique.fr\/nord-charente\/actualites\/catechisme-journee-portes-ouvertes\/#primaryimage"},"image":{"@id":"https:\/\/charente.catholique.fr\/nord-charente\/actualites\/catechisme-journee-portes-ouvertes\/#primaryimage"},"thumbnailUrl":"https:\/\/charente.catholique.fr\/nord-charente\/wp-content\/uploads\/sites\/4\/2025\/11\/image-12.png","datePublished":"2025-12-19T13:44:37+00:00","dateModified":"2025-12-19T13:44:38+00:00","description":"Catechisme Matinee rencontre samedi 20 d\u00e9c 2025 - 10h \u00e0 la Maison Paroissiale - 6 rue du Temple - 16140 Aigre","breadcrumb":{"@id":"https:\/\/charente.catholique.fr\/nord-charente\/actualites\/catechisme-journee-portes-ouvertes\/#breadcrumb"},"inLanguage":"fr-FR","potentialAction":[{"@type":"ReadAction","target":["https:\/\/charente.catholique.fr\/nord-charente\/actualites\/catechisme-journee-portes-ouvertes\/"]}]},{"@type":"ImageObject","inLanguage":"fr-FR","@id":"https:\/\/charente.catholique.fr\/nord-charente\/actualites\/catechisme-journee-portes-ouvertes\/#primaryimage","url":"https:\/\/charente.catholique.fr\/nord-charente\/wp-content\/uploads\/sites\/4\/2025\/11\/image-12.png","contentUrl":"https:\/\/charente.catholique.fr\/nord-charente\/wp-content\/uploads\/sites\/4\/2025\/11\/image-12.png","width":1065,"height":831},{"@type":"BreadcrumbList","@id":"https:\/\/charente.catholique.fr\/nord-charente\/actualites\/catechisme-journee-portes-ouvertes\/#breadcrumb","itemListElement":[{"@type":"ListItem","position":1,"name":"Accueil","item":"https:\/\/charente.catholique.fr\/nord-charente\/"},{"@type":"ListItem","position":2,"name":"Cat\u00e9chisme : journ\u00e9e portes ouvertes"}]},{"@type":"WebSite","@id":"https:\/\/charente.catholique.fr\/nord-charente\/#website","url":"https:\/\/charente.catholique.fr\/nord-charente\/","name":"Doyenn\u00e9 Nord Charente - Dioc\u00e8se d'Angoul\u00eame","description":"Dioc\u00e8se d&#039;Angoul\u00eame","publisher":{"@id":"https:\/\/charente.catholique.fr\/nord-charente\/#organization"},"potentialAction":[{"@type":"SearchAction","target":{"@type":"EntryPoint","urlTemplate":"https:\/\/charente.catholique.fr\/nord-charente\/?s={search_term_string}"},"query-input":{"@type":"PropertyValueSpecification","valueRequired":true,"valueName":"search_term_string"}}],"inLanguage":"fr-FR"},{"@type":"Organization","@id":"https:\/\/charente.catholique.fr\/nord-charente\/#organization","name":"Association dioc\u00e9saine d'Angoul\u00eame","url":"https:\/\/charente.catholique.fr\/nord-charente\/","logo":{"@type":"ImageObject","inLanguage":"fr-FR","@id":"https:\/\/charente.catholique.fr\/nord-charente\/#\/schema\/logo\/image\/","url":"https:\/\/charente.catholique.fr\/nord-charente\/wp-content\/uploads\/sites\/4\/2020\/10\/logos.png","contentUrl":"https:\/\/charente.catholique.fr\/nord-charente\/wp-content\/uploads\/sites\/4\/2020\/10\/logos.png","width":600,"height":257,"caption":"Association dioc\u00e9saine d'Angoul\u00eame"},"image":{"@id":"https:\/\/charente.catholique.fr\/nord-charente\/#\/schema\/logo\/image\/"},"sameAs":["https:\/\/www.facebook.com\/EgliseCatholiqueCharente","https:\/\/x.com\/diocesecharente","https:\/\/www.instagram.com\/eglisecharente","https:\/\/www.youtube.com\/channel\/UCByyFWApZbw3gDTiADoiAaQ"]},{"@type":"Person","@id":"https:\/\/charente.catholique.fr\/nord-charente\/#\/schema\/person\/e47fb25dc051a8affb7d3cf60e3d9f98","name":"paroisseaigre","image":{"@type":"ImageObject","inLanguage":"fr-FR","@id":"https:\/\/charente.catholique.fr\/nord-charente\/#\/schema\/person\/image\/","url":"https:\/\/secure.gravatar.com\/avatar\/29ef6b1f36a0a323c21263e30422c11c5d77585820bfcf24def75b2c55c1993c?s=96&d=mm&r=g","contentUrl":"https:\/\/secure.gravatar.com\/avatar\/29ef6b1f36a0a323c21263e30422c11c5d77585820bfcf24def75b2c55c1993c?s=96&d=mm&r=g","caption":"paroisseaigre"},"url":"https:\/\/charente.catholique.fr\/nord-charente\/author\/paroisseaigre\/"}]}},"_links":{"self":[{"href":"https:\/\/charente.catholique.fr\/nord-charente\/wp-json\/wp\/v2\/posts\/9393","targetHints":{"allow":["GET"]}}],"collection":[{"href":"https:\/\/charente.catholique.fr\/nord-charente\/wp-json\/wp\/v2\/posts"}],"about":[{"href":"https:\/\/charente.catholique.fr\/nord-charente\/wp-json\/wp\/v2\/types\/post"}],"author":[{"embeddable":true,"href":"https:\/\/charente.catholique.fr\/nord-charente\/wp-json\/wp\/v2\/users\/120"}],"replies":[{"embeddable":true,"href":"https:\/\/charente.catholique.fr\/nord-charente\/wp-json\/wp\/v2\/comments?post=9393"}],"version-history":[{"count":3,"href":"https:\/\/charente.catholique.fr\/nord-charente\/wp-json\/wp\/v2\/posts\/9393\/revisions"}],"predecessor-version":[{"id":9644,"href":"https:\/\/charente.catholique.fr\/nord-charente\/wp-json\/wp\/v2\/posts\/9393\/revisions\/9644"}],"wp:attachment":[{"href":"https:\/\/charente.catholique.fr\/nord-charente\/wp-json\/wp\/v2\/media?parent=9393"}],"wp:term":[{"taxonomy":"category","embeddable":true,"href":"https:\/\/charente.catholique.fr\/nord-charente\/wp-json\/wp\/v2\/categories?post=9393"},{"taxonomy":"post_tag","embeddable":true,"href":"https:\/\/charente.catholique.fr\/nord-charente\/wp-json\/wp\/v2\/tags?post=9393"}],"curies":[{"name":"wp","href":"https:\/\/api.w.org\/{rel}","templated":true}]}}