{"id":9378,"date":"2025-11-16T16:23:06","date_gmt":"2025-11-16T15:23:06","guid":{"rendered":"https:\/\/charente.catholique.fr\/nord-charente\/?p=9378"},"modified":"2025-11-16T16:30:58","modified_gmt":"2025-11-16T15:30:58","slug":"annonces-du-15-au-23-novembre-2025-2","status":"publish","type":"post","link":"https:\/\/charente.catholique.fr\/nord-charente\/actualites\/annonces-du-15-au-23-novembre-2025-2\/","title":{"rendered":"Annonces :du 15 au 23 Novembre 2025"},"content":{"rendered":"\n<p><strong>Annonces du 15 au 23 Novembre 2025<\/strong><strong><\/strong><\/p>\n\n\n\n<p><strong><u>Samedi 15<\/u><\/strong><strong><em>&nbsp;&nbsp; <\/em><\/strong>Messe \u00e0 9 h \u00e0 Ruffec<strong><em><\/em><\/strong><\/p>\n\n\n\n<p>\u00a0\u00a0\u00a0\u00a0\u00a0\u00a0\u00a0<strong>\u00a0\u00a0\u00a0\u00a0\u00a0Chapelet pour les vocations \u00e0 9 h 30 \u00e0 LONDIGNY<\/strong><\/p>\n\n\n\n<p>\u00a0\u00a0\u00a0\u00a0\u00a0\u00a0\u00a0\u00a0\u00a0\u00a0\u00a0<strong> Messes anticip\u00e9es \u00e0 18 h du dimanche \u00e0 THEIL RABIER<\/strong> et \u00e0 SALLES de VILLEFAGNAN<\/p>\n\n\n\n<p><strong><em>Bric \u00e0 Brac <a>\u00e0 la Maison paroissiale<\/a> d\u2019Aigre organis\u00e9 par et pour le Secours Catholique<\/em><\/strong><\/p>\n\n\n\n<p><strong><u>DIMANCHE 16<\/u><\/strong><strong>&nbsp;: 33\u00e8 dimanche du Temps ordinaire<\/strong><\/p>\n\n\n\n<p><strong><em>&nbsp;&nbsp;&nbsp;&nbsp;&nbsp;&nbsp; DIMANCHE du SECOURS CATHOLIQUE et JOURN\u00c9E MONDIALE des PAUVRES<\/em><\/strong><\/p>\n\n\n\n<p><strong>&nbsp;&nbsp;&nbsp;&nbsp;&nbsp;&nbsp;&nbsp;&nbsp;&nbsp;&nbsp;&nbsp;&nbsp; Messe \u00e0 10 h 30<\/strong> \u00e0 MANSLE, \u00e0 RUFFEC,<a> \u00e0 VILLEJ\u00c9SUSet \u00e0<strong> VILLEFAGNAN chapelet \u00e0 9h30 ,ouvert \u00e0 tous , pour les pr\u00eatres \u00e2g\u00e9s et en difficult\u00e9 <em>&nbsp;&nbsp;&nbsp;&nbsp;<\/em><\/strong><\/a><\/p>\n\n\n\n<p><strong><em>\u201c Le 16 novembre 2025, le Secours Catholique de Ruffec fait un appel aux dons et propose la vente de bougies. QU\u00caTE imp\u00e9r\u00e9e pour le Secours Catholique.\u201d<\/em><\/strong><\/p>\n\n\n\n<ul class=\"wp-block-list\">\n<li><strong><em>Dimanche 16\u00a0: messe du Secours catholique \u00e0 VILLEJ\u00c9SUS et repas partag\u00e9 \u00e0 la Maison paroissiale et apr\u00e8s-midi jeux<\/em><\/strong><\/li>\n\n\n\n<li><strong><em>\u00a0<\/em><\/strong><\/li>\n<\/ul>\n\n\n\n<p><strong><u>Lundi 17<\/u><\/strong><strong>&nbsp;: Pri\u00e8re des m\u00e8res \u00e0 10h Villefagnan Oratoire<\/strong><\/p>\n\n\n\n<p>&nbsp;&nbsp;&nbsp;&nbsp;&nbsp;&nbsp;&nbsp;&nbsp;&nbsp;&nbsp;&nbsp;&nbsp;&nbsp;&nbsp;&nbsp;&nbsp;&nbsp;&nbsp; Pri\u00e8re du Renouveau \u00e0 14 h 30 \u00e0 l\u2019oratoire de Ruffec<\/p>\n\n\n\n<p><strong><u>Mardi 18 <\/u><\/strong><strong>: Messe \u00e0 9 h 15 \u00e0 Villefagnan<\/strong><\/p>\n\n\n\n<p>                        <strong> Rencontre \u00e9quipe liturgique no1 (pr\u00e9paration messe du 30 novembre 2025)<\/strong><\/p>\n\n\n\n<p>                        <strong>R\u00e9p\u00e9titions de chants , presbyt\u00e8re de Villefagnan \u00e0 18h<\/strong><\/p>\n\n\n\n<p>\u00a0\u00a0\u00a0\u00a0\u00a0\u00a0\u00a0\u00a0\u00a0\u00a0\u00a0\u00a0\u00a0\u00a0\u00a0 \u00a0\u00a0\u00a0      \u00a0Messe \u00e0 18 h 30 \u00e0 l\u2019oratoire de Ruffec<\/p>\n\n\n\n<p><strong><u>Mercredi 19<\/u><\/strong><strong>&nbsp;:<\/strong> &nbsp;Messe \u00e0 11 h \u00e0 l\u2019oratoire d\u2019Aigre<\/p>\n\n\n\n<p>&nbsp;&nbsp;&nbsp;&nbsp;&nbsp;&nbsp;&nbsp;&nbsp;&nbsp;&nbsp;&nbsp;&nbsp;&nbsp;&nbsp;&nbsp;&nbsp;&nbsp;&nbsp;&nbsp;&nbsp;&nbsp;&nbsp;&nbsp;&nbsp;&nbsp; <strong>Messe Clos des Tours \u00e0 16h \u00e0 Villefagnan<\/strong><\/p>\n\n\n\n<p>&nbsp;&nbsp;&nbsp;&nbsp;&nbsp;&nbsp;&nbsp;&nbsp;&nbsp;&nbsp;&nbsp;&nbsp;&nbsp;&nbsp;&nbsp;&nbsp;&nbsp;&nbsp;&nbsp;&nbsp;&nbsp;&nbsp;&nbsp; &nbsp;&nbsp;Messe \u00e0 18 h \u00e0 l\u2019oratoire de Ruffec<\/p>\n\n\n\n<p>&nbsp;&nbsp;&nbsp;&nbsp;&nbsp;&nbsp;&nbsp;&nbsp;&nbsp;&nbsp;&nbsp;&nbsp;&nbsp;&nbsp;&nbsp;&nbsp;&nbsp;&nbsp;&nbsp;&nbsp;&nbsp;&nbsp;&nbsp;&nbsp;&nbsp; Messe \u00e0 15 h 30 aux Maisons de Marthe<\/p>\n\n\n\n<p><strong><u>Jeudi 20<\/u><\/strong><strong>&nbsp;: Obs\u00e8ques de Madame Marinette Coquillaud \u00e0 10h \u00e9glise de Villefagnan<\/strong><\/p>\n\n\n\n<p>&nbsp;&nbsp;&nbsp;&nbsp;&nbsp;&nbsp;&nbsp;&nbsp;&nbsp;&nbsp;&nbsp;&nbsp;&nbsp;&nbsp;&nbsp;&nbsp; &nbsp;Adoration \u00e0 l\u2019oratoire de Ruffec -17 h \u00e0 18 h&nbsp;: Confessions &#8211; 18 h&nbsp;: Messe<\/p>\n\n\n\n<p>Vendredi 21&nbsp;: Messe \u00e0 9 h \u00e0 l\u2019oratoire de Ruffec<strong><em><\/em><\/strong><\/p>\n\n\n\n<p>&nbsp;&nbsp;&nbsp;&nbsp;&nbsp;&nbsp;&nbsp;&nbsp;&nbsp;&nbsp;&nbsp;&nbsp;&nbsp;&nbsp;&nbsp;&nbsp;&nbsp;&nbsp;&nbsp;&nbsp;&nbsp;&nbsp;&nbsp;&nbsp; Louange \u00e0 12h 10 \u00e0 la chapelle du Sacr\u00e9 Coeur<\/p>\n\n\n\n<p>&nbsp;&nbsp;&nbsp;&nbsp;&nbsp;&nbsp;&nbsp;&nbsp;&nbsp;&nbsp;&nbsp;&nbsp;&nbsp;&nbsp;&nbsp;&nbsp;&nbsp;&nbsp;&nbsp;&nbsp;&nbsp;&nbsp;&nbsp;&nbsp; Messe \u00e0 15 h 30 aux Jardins d\u2019Antan<\/p>\n\n\n\n<p><strong><u>Samedi 22<\/u><\/strong>&nbsp;: Messe \u00e0 9 h \u00e0 l\u2019oratoire de Ruffec<\/p>\n\n\n\n<p>\u00a0\u00a0\u00a0\u00a0\u00a0\u00a0\u00a0\u00a0\u00a0\u00a0\u00a0\u00a0\u00a0\u00a0\u00a0\u00a0\u00a0\u00a0\u00a0\u00a0\u00a0      <strong>Cat\u00e9chisme de 10h \u00e0 12h Villefagnan<\/strong><\/p>\n\n\n\n<p>\u00a0\u00a0\u00a0\u00a0\u00a0\u00a0\u00a0\u00a0\u00a0\u00a0\u00a0\u00a0\u00a0\u00a0\u00a0\u00a0\u00a0\u00a0\u00a0 \u00a0\u00a0    Chapelet pour les Vocations \u00e0 11 h aux ADJOTS<\/p>\n\n\n\n<p>&nbsp;&nbsp; &nbsp;&nbsp;&nbsp;&nbsp;&nbsp;&nbsp;&nbsp;&nbsp;&nbsp;&nbsp;Messe anticip\u00e9e du dimanche \u00e0 18 h <strong>\u00e0 <\/strong>VILLEJ\u00c9SUS, \u00e0 LUX\u00c9 et \u00e0 CONDAC<\/p>\n\n\n\n<p><strong>SAMEDI 22 NOVEMBRE&nbsp;: ASSEMBL\u00c9E DIOCESAINE de 9 h \u00e0 17 h au lyc\u00e9e Saint Paul \u00e0 Angoul\u00eame. Th\u00e8me&nbsp;: \u00ab&nbsp;Que dit l\u2019Esprit Saint aujourd\u2019hui \u00e0 l\u2019\u00c9glise qui est en Charente&nbsp;\u00bb<\/strong><\/p>\n\n\n\n<p><strong>(Paella et dessert seront offerts. Merci d\u2019apporter assiette, couverts et verre).<\/strong><\/p>\n\n\n\n<p><strong><u>Dimanche 23<\/u><\/strong><strong>&nbsp;: 34<sup>\u00e8me<\/sup>&nbsp;: LE CHRIST ROI DE L\u2019UNIVERS &nbsp;<\/strong><\/p>\n\n\n\n<p>&nbsp;&nbsp;&nbsp;&nbsp;&nbsp;&nbsp;&nbsp;&nbsp;&nbsp; <strong>Messe \u00e0 10 h 30<\/strong> \u00e0 MANSLE, \u00e0 RUFFEC, et \u00e0 <strong>VILLEFAGNAN \u00e0 9h30 Chapelet ouvert \u00e0 tous ! pour les pr\u00eatres \u00e2g\u00e9s et en difficult\u00e9<\/strong><\/p>\n","protected":false},"excerpt":{"rendered":"<p>Annonces du 15 au 23 Novembre 2025 Samedi 15&nbsp;&nbsp; Messe \u00e0 9 h \u00e0 Ruffec \u00a0\u00a0\u00a0\u00a0\u00a0\u00a0\u00a0\u00a0\u00a0\u00a0\u00a0\u00a0Chapelet pour les vocations \u00e0 9 h 30 \u00e0 LONDIGNY \u00a0\u00a0\u00a0\u00a0\u00a0\u00a0\u00a0\u00a0\u00a0\u00a0\u00a0 Messes anticip\u00e9es \u00e0 18 h du dimanche \u00e0 THEIL RABIER et \u00e0 SALLES de VILLEFAGNAN Bric \u00e0 Brac \u00e0 la Maison paroissiale d\u2019Aigre organis\u00e9 par et pour le Secours [&hellip;]<\/p>\n","protected":false},"author":38,"featured_media":9383,"comment_status":"open","ping_status":"open","sticky":false,"template":"","format":"standard","meta":{"_acf_changed":false,"paroisse":["14"],"service":["0"],"footnotes":""},"categories":[1],"tags":[],"class_list":["post-9378","post","type-post","status-publish","format-standard","has-post-thumbnail","hentry","category-actualites"],"acf":[],"yoast_head":"<!-- This site is optimized with the Yoast SEO plugin v27.1.1 - https:\/\/yoast.com\/product\/yoast-seo-wordpress\/ -->\n<title>Annonces :du 15 au 23 Novembre 2025 - Doyenn\u00e9 Nord Charente<\/title>\n<meta name=\"robots\" content=\"index, follow, max-snippet:-1, max-image-preview:large, max-video-preview:-1\" \/>\n<link rel=\"canonical\" href=\"https:\/\/charente.catholique.fr\/nord-charente\/actualites\/annonces-du-15-au-23-novembre-2025-2\/\" \/>\n<meta property=\"og:locale\" content=\"fr_FR\" \/>\n<meta property=\"og:type\" content=\"article\" \/>\n<meta property=\"og:title\" content=\"Annonces :du 15 au 23 Novembre 2025 - Doyenn\u00e9 Nord Charente\" \/>\n<meta property=\"og:description\" content=\"Annonces du 15 au 23 Novembre 2025 Samedi 15&nbsp;&nbsp; Messe \u00e0 9 h \u00e0 Ruffec \u00a0\u00a0\u00a0\u00a0\u00a0\u00a0\u00a0\u00a0\u00a0\u00a0\u00a0\u00a0Chapelet pour les vocations \u00e0 9 h 30 \u00e0 LONDIGNY \u00a0\u00a0\u00a0\u00a0\u00a0\u00a0\u00a0\u00a0\u00a0\u00a0\u00a0 Messes anticip\u00e9es \u00e0 18 h du dimanche \u00e0 THEIL RABIER et \u00e0 SALLES de VILLEFAGNAN Bric \u00e0 Brac \u00e0 la Maison paroissiale d\u2019Aigre organis\u00e9 par et pour le Secours [&hellip;]\" \/>\n<meta property=\"og:url\" content=\"https:\/\/charente.catholique.fr\/nord-charente\/actualites\/annonces-du-15-au-23-novembre-2025-2\/\" \/>\n<meta property=\"og:site_name\" content=\"Doyenn\u00e9 Nord Charente\" \/>\n<meta property=\"article:publisher\" content=\"https:\/\/www.facebook.com\/EgliseCatholiqueCharente\" \/>\n<meta property=\"article:published_time\" content=\"2025-11-16T15:23:06+00:00\" \/>\n<meta property=\"article:modified_time\" content=\"2025-11-16T15:30:58+00:00\" \/>\n<meta property=\"og:image\" content=\"https:\/\/charente.catholique.fr\/nord-charente\/wp-content\/uploads\/sites\/4\/2025\/11\/egtheil9.jpg\" \/>\n\t<meta property=\"og:image:width\" content=\"886\" \/>\n\t<meta property=\"og:image:height\" content=\"664\" \/>\n\t<meta property=\"og:image:type\" content=\"image\/jpeg\" \/>\n<meta name=\"author\" content=\"joelleayrault\" \/>\n<meta name=\"twitter:card\" content=\"summary_large_image\" \/>\n<meta name=\"twitter:creator\" content=\"@diocesecharente\" \/>\n<meta name=\"twitter:site\" content=\"@diocesecharente\" \/>\n<meta name=\"twitter:label1\" content=\"\u00c9crit par\" \/>\n\t<meta name=\"twitter:data1\" content=\"joelleayrault\" \/>\n\t<meta name=\"twitter:label2\" content=\"Dur\u00e9e de lecture estim\u00e9e\" \/>\n\t<meta name=\"twitter:data2\" content=\"1 minute\" \/>\n<script type=\"application\/ld+json\" class=\"yoast-schema-graph\">{\"@context\":\"https:\/\/schema.org\",\"@graph\":[{\"@type\":\"Article\",\"@id\":\"https:\/\/charente.catholique.fr\/nord-charente\/actualites\/annonces-du-15-au-23-novembre-2025-2\/#article\",\"isPartOf\":{\"@id\":\"https:\/\/charente.catholique.fr\/nord-charente\/actualites\/annonces-du-15-au-23-novembre-2025-2\/\"},\"author\":{\"name\":\"joelleayrault\",\"@id\":\"https:\/\/charente.catholique.fr\/nord-charente\/#\/schema\/person\/51184492e4abba33e5d768059a70f4db\"},\"headline\":\"Annonces :du 15 au 23 Novembre 2025\",\"datePublished\":\"2025-11-16T15:23:06+00:00\",\"dateModified\":\"2025-11-16T15:30:58+00:00\",\"mainEntityOfPage\":{\"@id\":\"https:\/\/charente.catholique.fr\/nord-charente\/actualites\/annonces-du-15-au-23-novembre-2025-2\/\"},\"wordCount\":557,\"commentCount\":0,\"publisher\":{\"@id\":\"https:\/\/charente.catholique.fr\/nord-charente\/#organization\"},\"image\":{\"@id\":\"https:\/\/charente.catholique.fr\/nord-charente\/actualites\/annonces-du-15-au-23-novembre-2025-2\/#primaryimage\"},\"thumbnailUrl\":\"https:\/\/charente.catholique.fr\/nord-charente\/wp-content\/uploads\/sites\/4\/2025\/11\/egtheil9.jpg\",\"articleSection\":[\"Actualit\u00e9s\"],\"inLanguage\":\"fr-FR\",\"potentialAction\":[{\"@type\":\"CommentAction\",\"name\":\"Comment\",\"target\":[\"https:\/\/charente.catholique.fr\/nord-charente\/actualites\/annonces-du-15-au-23-novembre-2025-2\/#respond\"]}]},{\"@type\":\"WebPage\",\"@id\":\"https:\/\/charente.catholique.fr\/nord-charente\/actualites\/annonces-du-15-au-23-novembre-2025-2\/\",\"url\":\"https:\/\/charente.catholique.fr\/nord-charente\/actualites\/annonces-du-15-au-23-novembre-2025-2\/\",\"name\":\"Annonces :du 15 au 23 Novembre 2025 - Doyenn\u00e9 Nord Charente\",\"isPartOf\":{\"@id\":\"https:\/\/charente.catholique.fr\/nord-charente\/#website\"},\"primaryImageOfPage\":{\"@id\":\"https:\/\/charente.catholique.fr\/nord-charente\/actualites\/annonces-du-15-au-23-novembre-2025-2\/#primaryimage\"},\"image\":{\"@id\":\"https:\/\/charente.catholique.fr\/nord-charente\/actualites\/annonces-du-15-au-23-novembre-2025-2\/#primaryimage\"},\"thumbnailUrl\":\"https:\/\/charente.catholique.fr\/nord-charente\/wp-content\/uploads\/sites\/4\/2025\/11\/egtheil9.jpg\",\"datePublished\":\"2025-11-16T15:23:06+00:00\",\"dateModified\":\"2025-11-16T15:30:58+00:00\",\"breadcrumb\":{\"@id\":\"https:\/\/charente.catholique.fr\/nord-charente\/actualites\/annonces-du-15-au-23-novembre-2025-2\/#breadcrumb\"},\"inLanguage\":\"fr-FR\",\"potentialAction\":[{\"@type\":\"ReadAction\",\"target\":[\"https:\/\/charente.catholique.fr\/nord-charente\/actualites\/annonces-du-15-au-23-novembre-2025-2\/\"]}]},{\"@type\":\"ImageObject\",\"inLanguage\":\"fr-FR\",\"@id\":\"https:\/\/charente.catholique.fr\/nord-charente\/actualites\/annonces-du-15-au-23-novembre-2025-2\/#primaryimage\",\"url\":\"https:\/\/charente.catholique.fr\/nord-charente\/wp-content\/uploads\/sites\/4\/2025\/11\/egtheil9.jpg\",\"contentUrl\":\"https:\/\/charente.catholique.fr\/nord-charente\/wp-content\/uploads\/sites\/4\/2025\/11\/egtheil9.jpg\",\"width\":886,\"height\":664},{\"@type\":\"BreadcrumbList\",\"@id\":\"https:\/\/charente.catholique.fr\/nord-charente\/actualites\/annonces-du-15-au-23-novembre-2025-2\/#breadcrumb\",\"itemListElement\":[{\"@type\":\"ListItem\",\"position\":1,\"name\":\"Accueil\",\"item\":\"https:\/\/charente.catholique.fr\/nord-charente\/\"},{\"@type\":\"ListItem\",\"position\":2,\"name\":\"Annonces :du 15 au 23 Novembre 2025\"}]},{\"@type\":\"WebSite\",\"@id\":\"https:\/\/charente.catholique.fr\/nord-charente\/#website\",\"url\":\"https:\/\/charente.catholique.fr\/nord-charente\/\",\"name\":\"Doyenn\u00e9 Nord Charente - Dioc\u00e8se d'Angoul\u00eame\",\"description\":\"Dioc\u00e8se d&#039;Angoul\u00eame\",\"publisher\":{\"@id\":\"https:\/\/charente.catholique.fr\/nord-charente\/#organization\"},\"potentialAction\":[{\"@type\":\"SearchAction\",\"target\":{\"@type\":\"EntryPoint\",\"urlTemplate\":\"https:\/\/charente.catholique.fr\/nord-charente\/?s={search_term_string}\"},\"query-input\":{\"@type\":\"PropertyValueSpecification\",\"valueRequired\":true,\"valueName\":\"search_term_string\"}}],\"inLanguage\":\"fr-FR\"},{\"@type\":\"Organization\",\"@id\":\"https:\/\/charente.catholique.fr\/nord-charente\/#organization\",\"name\":\"Association dioc\u00e9saine d'Angoul\u00eame\",\"url\":\"https:\/\/charente.catholique.fr\/nord-charente\/\",\"logo\":{\"@type\":\"ImageObject\",\"inLanguage\":\"fr-FR\",\"@id\":\"https:\/\/charente.catholique.fr\/nord-charente\/#\/schema\/logo\/image\/\",\"url\":\"https:\/\/charente.catholique.fr\/nord-charente\/wp-content\/uploads\/sites\/4\/2020\/10\/logos.png\",\"contentUrl\":\"https:\/\/charente.catholique.fr\/nord-charente\/wp-content\/uploads\/sites\/4\/2020\/10\/logos.png\",\"width\":600,\"height\":257,\"caption\":\"Association dioc\u00e9saine d'Angoul\u00eame\"},\"image\":{\"@id\":\"https:\/\/charente.catholique.fr\/nord-charente\/#\/schema\/logo\/image\/\"},\"sameAs\":[\"https:\/\/www.facebook.com\/EgliseCatholiqueCharente\",\"https:\/\/x.com\/diocesecharente\",\"https:\/\/www.instagram.com\/eglisecharente\",\"https:\/\/www.youtube.com\/channel\/UCByyFWApZbw3gDTiADoiAaQ\"]},{\"@type\":\"Person\",\"@id\":\"https:\/\/charente.catholique.fr\/nord-charente\/#\/schema\/person\/51184492e4abba33e5d768059a70f4db\",\"name\":\"joelleayrault\",\"image\":{\"@type\":\"ImageObject\",\"inLanguage\":\"fr-FR\",\"@id\":\"https:\/\/charente.catholique.fr\/nord-charente\/#\/schema\/person\/image\/\",\"url\":\"https:\/\/secure.gravatar.com\/avatar\/3bd3977af99690427d59b19ec7b6bd94226de63be5c368ae8d090f2d7f86dd5f?s=96&d=mm&r=g\",\"contentUrl\":\"https:\/\/secure.gravatar.com\/avatar\/3bd3977af99690427d59b19ec7b6bd94226de63be5c368ae8d090f2d7f86dd5f?s=96&d=mm&r=g\",\"caption\":\"joelleayrault\"},\"url\":\"https:\/\/charente.catholique.fr\/nord-charente\/author\/joelleayrault\/\"}]}<\/script>\n<!-- \/ Yoast SEO plugin. -->","yoast_head_json":{"title":"Annonces :du 15 au 23 Novembre 2025 - Doyenn\u00e9 Nord Charente","robots":{"index":"index","follow":"follow","max-snippet":"max-snippet:-1","max-image-preview":"max-image-preview:large","max-video-preview":"max-video-preview:-1"},"canonical":"https:\/\/charente.catholique.fr\/nord-charente\/actualites\/annonces-du-15-au-23-novembre-2025-2\/","og_locale":"fr_FR","og_type":"article","og_title":"Annonces :du 15 au 23 Novembre 2025 - Doyenn\u00e9 Nord Charente","og_description":"Annonces du 15 au 23 Novembre 2025 Samedi 15&nbsp;&nbsp; Messe \u00e0 9 h \u00e0 Ruffec \u00a0\u00a0\u00a0\u00a0\u00a0\u00a0\u00a0\u00a0\u00a0\u00a0\u00a0\u00a0Chapelet pour les vocations \u00e0 9 h 30 \u00e0 LONDIGNY \u00a0\u00a0\u00a0\u00a0\u00a0\u00a0\u00a0\u00a0\u00a0\u00a0\u00a0 Messes anticip\u00e9es \u00e0 18 h du dimanche \u00e0 THEIL RABIER et \u00e0 SALLES de VILLEFAGNAN Bric \u00e0 Brac \u00e0 la Maison paroissiale d\u2019Aigre organis\u00e9 par et pour le Secours [&hellip;]","og_url":"https:\/\/charente.catholique.fr\/nord-charente\/actualites\/annonces-du-15-au-23-novembre-2025-2\/","og_site_name":"Doyenn\u00e9 Nord Charente","article_publisher":"https:\/\/www.facebook.com\/EgliseCatholiqueCharente","article_published_time":"2025-11-16T15:23:06+00:00","article_modified_time":"2025-11-16T15:30:58+00:00","og_image":[{"width":886,"height":664,"url":"https:\/\/charente.catholique.fr\/nord-charente\/wp-content\/uploads\/sites\/4\/2025\/11\/egtheil9.jpg","type":"image\/jpeg"}],"author":"joelleayrault","twitter_card":"summary_large_image","twitter_creator":"@diocesecharente","twitter_site":"@diocesecharente","twitter_misc":{"\u00c9crit par":"joelleayrault","Dur\u00e9e de lecture estim\u00e9e":"1 minute"},"schema":{"@context":"https:\/\/schema.org","@graph":[{"@type":"Article","@id":"https:\/\/charente.catholique.fr\/nord-charente\/actualites\/annonces-du-15-au-23-novembre-2025-2\/#article","isPartOf":{"@id":"https:\/\/charente.catholique.fr\/nord-charente\/actualites\/annonces-du-15-au-23-novembre-2025-2\/"},"author":{"name":"joelleayrault","@id":"https:\/\/charente.catholique.fr\/nord-charente\/#\/schema\/person\/51184492e4abba33e5d768059a70f4db"},"headline":"Annonces :du 15 au 23 Novembre 2025","datePublished":"2025-11-16T15:23:06+00:00","dateModified":"2025-11-16T15:30:58+00:00","mainEntityOfPage":{"@id":"https:\/\/charente.catholique.fr\/nord-charente\/actualites\/annonces-du-15-au-23-novembre-2025-2\/"},"wordCount":557,"commentCount":0,"publisher":{"@id":"https:\/\/charente.catholique.fr\/nord-charente\/#organization"},"image":{"@id":"https:\/\/charente.catholique.fr\/nord-charente\/actualites\/annonces-du-15-au-23-novembre-2025-2\/#primaryimage"},"thumbnailUrl":"https:\/\/charente.catholique.fr\/nord-charente\/wp-content\/uploads\/sites\/4\/2025\/11\/egtheil9.jpg","articleSection":["Actualit\u00e9s"],"inLanguage":"fr-FR","potentialAction":[{"@type":"CommentAction","name":"Comment","target":["https:\/\/charente.catholique.fr\/nord-charente\/actualites\/annonces-du-15-au-23-novembre-2025-2\/#respond"]}]},{"@type":"WebPage","@id":"https:\/\/charente.catholique.fr\/nord-charente\/actualites\/annonces-du-15-au-23-novembre-2025-2\/","url":"https:\/\/charente.catholique.fr\/nord-charente\/actualites\/annonces-du-15-au-23-novembre-2025-2\/","name":"Annonces :du 15 au 23 Novembre 2025 - Doyenn\u00e9 Nord Charente","isPartOf":{"@id":"https:\/\/charente.catholique.fr\/nord-charente\/#website"},"primaryImageOfPage":{"@id":"https:\/\/charente.catholique.fr\/nord-charente\/actualites\/annonces-du-15-au-23-novembre-2025-2\/#primaryimage"},"image":{"@id":"https:\/\/charente.catholique.fr\/nord-charente\/actualites\/annonces-du-15-au-23-novembre-2025-2\/#primaryimage"},"thumbnailUrl":"https:\/\/charente.catholique.fr\/nord-charente\/wp-content\/uploads\/sites\/4\/2025\/11\/egtheil9.jpg","datePublished":"2025-11-16T15:23:06+00:00","dateModified":"2025-11-16T15:30:58+00:00","breadcrumb":{"@id":"https:\/\/charente.catholique.fr\/nord-charente\/actualites\/annonces-du-15-au-23-novembre-2025-2\/#breadcrumb"},"inLanguage":"fr-FR","potentialAction":[{"@type":"ReadAction","target":["https:\/\/charente.catholique.fr\/nord-charente\/actualites\/annonces-du-15-au-23-novembre-2025-2\/"]}]},{"@type":"ImageObject","inLanguage":"fr-FR","@id":"https:\/\/charente.catholique.fr\/nord-charente\/actualites\/annonces-du-15-au-23-novembre-2025-2\/#primaryimage","url":"https:\/\/charente.catholique.fr\/nord-charente\/wp-content\/uploads\/sites\/4\/2025\/11\/egtheil9.jpg","contentUrl":"https:\/\/charente.catholique.fr\/nord-charente\/wp-content\/uploads\/sites\/4\/2025\/11\/egtheil9.jpg","width":886,"height":664},{"@type":"BreadcrumbList","@id":"https:\/\/charente.catholique.fr\/nord-charente\/actualites\/annonces-du-15-au-23-novembre-2025-2\/#breadcrumb","itemListElement":[{"@type":"ListItem","position":1,"name":"Accueil","item":"https:\/\/charente.catholique.fr\/nord-charente\/"},{"@type":"ListItem","position":2,"name":"Annonces :du 15 au 23 Novembre 2025"}]},{"@type":"WebSite","@id":"https:\/\/charente.catholique.fr\/nord-charente\/#website","url":"https:\/\/charente.catholique.fr\/nord-charente\/","name":"Doyenn\u00e9 Nord Charente - Dioc\u00e8se d'Angoul\u00eame","description":"Dioc\u00e8se d&#039;Angoul\u00eame","publisher":{"@id":"https:\/\/charente.catholique.fr\/nord-charente\/#organization"},"potentialAction":[{"@type":"SearchAction","target":{"@type":"EntryPoint","urlTemplate":"https:\/\/charente.catholique.fr\/nord-charente\/?s={search_term_string}"},"query-input":{"@type":"PropertyValueSpecification","valueRequired":true,"valueName":"search_term_string"}}],"inLanguage":"fr-FR"},{"@type":"Organization","@id":"https:\/\/charente.catholique.fr\/nord-charente\/#organization","name":"Association dioc\u00e9saine d'Angoul\u00eame","url":"https:\/\/charente.catholique.fr\/nord-charente\/","logo":{"@type":"ImageObject","inLanguage":"fr-FR","@id":"https:\/\/charente.catholique.fr\/nord-charente\/#\/schema\/logo\/image\/","url":"https:\/\/charente.catholique.fr\/nord-charente\/wp-content\/uploads\/sites\/4\/2020\/10\/logos.png","contentUrl":"https:\/\/charente.catholique.fr\/nord-charente\/wp-content\/uploads\/sites\/4\/2020\/10\/logos.png","width":600,"height":257,"caption":"Association dioc\u00e9saine d'Angoul\u00eame"},"image":{"@id":"https:\/\/charente.catholique.fr\/nord-charente\/#\/schema\/logo\/image\/"},"sameAs":["https:\/\/www.facebook.com\/EgliseCatholiqueCharente","https:\/\/x.com\/diocesecharente","https:\/\/www.instagram.com\/eglisecharente","https:\/\/www.youtube.com\/channel\/UCByyFWApZbw3gDTiADoiAaQ"]},{"@type":"Person","@id":"https:\/\/charente.catholique.fr\/nord-charente\/#\/schema\/person\/51184492e4abba33e5d768059a70f4db","name":"joelleayrault","image":{"@type":"ImageObject","inLanguage":"fr-FR","@id":"https:\/\/charente.catholique.fr\/nord-charente\/#\/schema\/person\/image\/","url":"https:\/\/secure.gravatar.com\/avatar\/3bd3977af99690427d59b19ec7b6bd94226de63be5c368ae8d090f2d7f86dd5f?s=96&d=mm&r=g","contentUrl":"https:\/\/secure.gravatar.com\/avatar\/3bd3977af99690427d59b19ec7b6bd94226de63be5c368ae8d090f2d7f86dd5f?s=96&d=mm&r=g","caption":"joelleayrault"},"url":"https:\/\/charente.catholique.fr\/nord-charente\/author\/joelleayrault\/"}]}},"_links":{"self":[{"href":"https:\/\/charente.catholique.fr\/nord-charente\/wp-json\/wp\/v2\/posts\/9378","targetHints":{"allow":["GET"]}}],"collection":[{"href":"https:\/\/charente.catholique.fr\/nord-charente\/wp-json\/wp\/v2\/posts"}],"about":[{"href":"https:\/\/charente.catholique.fr\/nord-charente\/wp-json\/wp\/v2\/types\/post"}],"author":[{"embeddable":true,"href":"https:\/\/charente.catholique.fr\/nord-charente\/wp-json\/wp\/v2\/users\/38"}],"replies":[{"embeddable":true,"href":"https:\/\/charente.catholique.fr\/nord-charente\/wp-json\/wp\/v2\/comments?post=9378"}],"version-history":[{"count":2,"href":"https:\/\/charente.catholique.fr\/nord-charente\/wp-json\/wp\/v2\/posts\/9378\/revisions"}],"predecessor-version":[{"id":9381,"href":"https:\/\/charente.catholique.fr\/nord-charente\/wp-json\/wp\/v2\/posts\/9378\/revisions\/9381"}],"wp:featuredmedia":[{"embeddable":true,"href":"https:\/\/charente.catholique.fr\/nord-charente\/wp-json\/wp\/v2\/media\/9383"}],"wp:attachment":[{"href":"https:\/\/charente.catholique.fr\/nord-charente\/wp-json\/wp\/v2\/media?parent=9378"}],"wp:term":[{"taxonomy":"category","embeddable":true,"href":"https:\/\/charente.catholique.fr\/nord-charente\/wp-json\/wp\/v2\/categories?post=9378"},{"taxonomy":"post_tag","embeddable":true,"href":"https:\/\/charente.catholique.fr\/nord-charente\/wp-json\/wp\/v2\/tags?post=9378"}],"curies":[{"name":"wp","href":"https:\/\/api.w.org\/{rel}","templated":true}]}}