{"id":8855,"date":"2025-09-19T18:15:05","date_gmt":"2025-09-19T16:15:05","guid":{"rendered":"https:\/\/charente.catholique.fr\/nord-charente\/?p=8855"},"modified":"2025-09-19T18:15:06","modified_gmt":"2025-09-19T16:15:06","slug":"loue-soit-le-seigneur-2","status":"publish","type":"post","link":"https:\/\/charente.catholique.fr\/nord-charente\/actualites\/loue-soit-le-seigneur-2\/","title":{"rendered":"LOU\u00c9 SOIT LE SEIGNEUR"},"content":{"rendered":"\n<p>LOU\u00c9 SOIT LE SEIGNEUR QUI \u2018\u2018VEUT QUE TOUS LES HOMMES PARVIENNENT<br>\u00c0 LA CONNAISSANCE DE LA V\u00c9RIT\u00c9\u2019\u2019<\/p>\n\n\n\n<p>Qu\u2019il est bon de rendre gr\u00e2ce au Seigneur, notre P\u00e8re, \u00e0 chaque instant de notre vie !<br>Qu\u2019il est bon de louer son Nom tr\u00e8s Saint, \u00e0 l\u2019instar du psalmiste.<br>Car il abaisse son regard d\u2019amour vers chacun de nous :<br>\u00ab De la poussi\u00e8re il rel\u00e8ve le faible, il retire le pauvre de la cendre \u00bb.<\/p>\n\n\n\n<p>Qu\u2019il est bon de chanter notre gratitude infinie \u00e0 Dieu notre Sauveur,<br>car, comme le dit l\u2019ap\u00f4tre Paul,<br>\u00ab il veut que tous les hommes soient sauv\u00e9s et parviennent \u00e0 la pleine connaissance de la v\u00e9rit\u00e9. \u00bb<\/p>\n\n\n\n<p>Oui, Dieu notre P\u00e8re ne veut perdre aucun de ses enfants.<br>Aussi nous accorde-t-il son salut par son Fils Bien-Aim\u00e9, le Christ.<br>Le salut est donn\u00e9, gratuitement.<br>Encore faut-il le d\u00e9sirer ardemment !<\/p>\n\n\n\n<p>En effet, si toutes ou presque toutes les balances de nos soci\u00e9t\u00e9s humaines<br>ou de nos communaut\u00e9s chr\u00e9tiennes sont fauss\u00e9es,<br>si nous restons obstin\u00e9ment attach\u00e9s \u00e0 nos idoles (chacun a sans doute les siennes),<br>ne prenons-nous pas, volontairement, un chemin qui nous \u00e9loigne du salut de Dieu ?<\/p>\n\n\n\n<p>Nous ne sommes que des g\u00e9rants des biens que Dieu nous donne.<br>Et J\u00e9sus nous invite \u00e0 prendre ou \u00e0 reprendre conscience<br>que toutes nos ressources servent ou devraient servir \u00e0 la communion avec Dieu et les autres.<\/p>\n\n\n\n<p>Peut-\u00eatre que ce qui est en jeu dans cette parabole de l\u2019intendant malhonn\u00eate,<br>c\u2019est la juste relation \u00e0 Dieu et aux autres, la fraternit\u00e9, la communion.<\/p>\n\n\n\n<p>W\u1ebdndyam Gustave SAWADOGO<\/p>\n","protected":false},"excerpt":{"rendered":"<p>LOU\u00c9 SOIT LE SEIGNEUR QUI \u2018\u2018VEUT QUE TOUS LES HOMMES PARVIENNENT\u00c0 LA CONNAISSANCE DE LA V\u00c9RIT\u00c9\u2019\u2019 Qu\u2019il est bon de rendre gr\u00e2ce au Seigneur, notre P\u00e8re, \u00e0 chaque instant de notre vie !Qu\u2019il est bon de louer son Nom tr\u00e8s Saint, \u00e0 l\u2019instar du psalmiste.Car il abaisse son regard d\u2019amour vers chacun de nous :\u00ab [&hellip;]<\/p>\n","protected":false},"author":95,"featured_media":8856,"comment_status":"open","ping_status":"open","sticky":false,"template":"","format":"standard","meta":{"_acf_changed":false,"paroisse":["22"],"service":["0"],"footnotes":""},"categories":[4],"tags":[],"class_list":["post-8855","post","type-post","status-publish","format-standard","has-post-thumbnail","hentry","category-aigre"],"acf":[],"yoast_head":"<!-- This site is optimized with the Yoast SEO plugin v27.1.1 - https:\/\/yoast.com\/product\/yoast-seo-wordpress\/ -->\n<title>LOU\u00c9 SOIT LE SEIGNEUR - Doyenn\u00e9 Nord Charente<\/title>\n<meta name=\"robots\" content=\"index, follow, max-snippet:-1, max-image-preview:large, max-video-preview:-1\" \/>\n<link rel=\"canonical\" href=\"https:\/\/charente.catholique.fr\/nord-charente\/actualites\/loue-soit-le-seigneur-2\/\" \/>\n<meta property=\"og:locale\" content=\"fr_FR\" \/>\n<meta property=\"og:type\" content=\"article\" \/>\n<meta property=\"og:title\" content=\"LOU\u00c9 SOIT LE SEIGNEUR - Doyenn\u00e9 Nord Charente\" \/>\n<meta property=\"og:description\" content=\"LOU\u00c9 SOIT LE SEIGNEUR QUI \u2018\u2018VEUT QUE TOUS LES HOMMES PARVIENNENT\u00c0 LA CONNAISSANCE DE LA V\u00c9RIT\u00c9\u2019\u2019 Qu\u2019il est bon de rendre gr\u00e2ce au Seigneur, notre P\u00e8re, \u00e0 chaque instant de notre vie !Qu\u2019il est bon de louer son Nom tr\u00e8s Saint, \u00e0 l\u2019instar du psalmiste.Car il abaisse son regard d\u2019amour vers chacun de nous :\u00ab [&hellip;]\" \/>\n<meta property=\"og:url\" content=\"https:\/\/charente.catholique.fr\/nord-charente\/actualites\/loue-soit-le-seigneur-2\/\" \/>\n<meta property=\"og:site_name\" content=\"Doyenn\u00e9 Nord Charente\" \/>\n<meta property=\"article:publisher\" content=\"https:\/\/www.facebook.com\/EgliseCatholiqueCharente\" \/>\n<meta property=\"article:published_time\" content=\"2025-09-19T16:15:05+00:00\" \/>\n<meta property=\"article:modified_time\" content=\"2025-09-19T16:15:06+00:00\" \/>\n<meta property=\"og:image\" content=\"https:\/\/charente.catholique.fr\/nord-charente\/wp-content\/uploads\/sites\/4\/2025\/09\/capture-decran-2025-09-19-a-18.13.06-e1758298486845.jpg\" \/>\n\t<meta property=\"og:image:width\" content=\"1116\" \/>\n\t<meta property=\"og:image:height\" content=\"262\" \/>\n\t<meta property=\"og:image:type\" content=\"image\/jpeg\" \/>\n<meta name=\"author\" content=\"Marie ZANDVLIET\" \/>\n<meta name=\"twitter:card\" content=\"summary_large_image\" \/>\n<meta name=\"twitter:creator\" content=\"@diocesecharente\" \/>\n<meta name=\"twitter:site\" content=\"@diocesecharente\" \/>\n<meta name=\"twitter:label1\" content=\"\u00c9crit par\" \/>\n\t<meta name=\"twitter:data1\" content=\"Marie ZANDVLIET\" \/>\n\t<meta name=\"twitter:label2\" content=\"Dur\u00e9e de lecture estim\u00e9e\" \/>\n\t<meta name=\"twitter:data2\" content=\"2 minutes\" \/>\n<script type=\"application\/ld+json\" class=\"yoast-schema-graph\">{\"@context\":\"https:\/\/schema.org\",\"@graph\":[{\"@type\":\"Article\",\"@id\":\"https:\/\/charente.catholique.fr\/nord-charente\/actualites\/loue-soit-le-seigneur-2\/#article\",\"isPartOf\":{\"@id\":\"https:\/\/charente.catholique.fr\/nord-charente\/actualites\/loue-soit-le-seigneur-2\/\"},\"author\":{\"name\":\"Marie ZANDVLIET\",\"@id\":\"https:\/\/charente.catholique.fr\/nord-charente\/#\/schema\/person\/5711de98abb018ff863964265e7ce7af\"},\"headline\":\"LOU\u00c9 SOIT LE SEIGNEUR\",\"datePublished\":\"2025-09-19T16:15:05+00:00\",\"dateModified\":\"2025-09-19T16:15:06+00:00\",\"mainEntityOfPage\":{\"@id\":\"https:\/\/charente.catholique.fr\/nord-charente\/actualites\/loue-soit-le-seigneur-2\/\"},\"wordCount\":274,\"commentCount\":0,\"publisher\":{\"@id\":\"https:\/\/charente.catholique.fr\/nord-charente\/#organization\"},\"image\":{\"@id\":\"https:\/\/charente.catholique.fr\/nord-charente\/actualites\/loue-soit-le-seigneur-2\/#primaryimage\"},\"thumbnailUrl\":\"https:\/\/charente.catholique.fr\/nord-charente\/wp-content\/uploads\/sites\/4\/2025\/09\/capture-decran-2025-09-19-a-18.13.06-e1758298486845.jpg\",\"articleSection\":[\"Aigre\"],\"inLanguage\":\"fr-FR\",\"potentialAction\":[{\"@type\":\"CommentAction\",\"name\":\"Comment\",\"target\":[\"https:\/\/charente.catholique.fr\/nord-charente\/actualites\/loue-soit-le-seigneur-2\/#respond\"]}]},{\"@type\":\"WebPage\",\"@id\":\"https:\/\/charente.catholique.fr\/nord-charente\/actualites\/loue-soit-le-seigneur-2\/\",\"url\":\"https:\/\/charente.catholique.fr\/nord-charente\/actualites\/loue-soit-le-seigneur-2\/\",\"name\":\"LOU\u00c9 SOIT LE SEIGNEUR - Doyenn\u00e9 Nord Charente\",\"isPartOf\":{\"@id\":\"https:\/\/charente.catholique.fr\/nord-charente\/#website\"},\"primaryImageOfPage\":{\"@id\":\"https:\/\/charente.catholique.fr\/nord-charente\/actualites\/loue-soit-le-seigneur-2\/#primaryimage\"},\"image\":{\"@id\":\"https:\/\/charente.catholique.fr\/nord-charente\/actualites\/loue-soit-le-seigneur-2\/#primaryimage\"},\"thumbnailUrl\":\"https:\/\/charente.catholique.fr\/nord-charente\/wp-content\/uploads\/sites\/4\/2025\/09\/capture-decran-2025-09-19-a-18.13.06-e1758298486845.jpg\",\"datePublished\":\"2025-09-19T16:15:05+00:00\",\"dateModified\":\"2025-09-19T16:15:06+00:00\",\"breadcrumb\":{\"@id\":\"https:\/\/charente.catholique.fr\/nord-charente\/actualites\/loue-soit-le-seigneur-2\/#breadcrumb\"},\"inLanguage\":\"fr-FR\",\"potentialAction\":[{\"@type\":\"ReadAction\",\"target\":[\"https:\/\/charente.catholique.fr\/nord-charente\/actualites\/loue-soit-le-seigneur-2\/\"]}]},{\"@type\":\"ImageObject\",\"inLanguage\":\"fr-FR\",\"@id\":\"https:\/\/charente.catholique.fr\/nord-charente\/actualites\/loue-soit-le-seigneur-2\/#primaryimage\",\"url\":\"https:\/\/charente.catholique.fr\/nord-charente\/wp-content\/uploads\/sites\/4\/2025\/09\/capture-decran-2025-09-19-a-18.13.06-e1758298486845.jpg\",\"contentUrl\":\"https:\/\/charente.catholique.fr\/nord-charente\/wp-content\/uploads\/sites\/4\/2025\/09\/capture-decran-2025-09-19-a-18.13.06-e1758298486845.jpg\",\"width\":1116,\"height\":262,\"caption\":\"Screenshot\"},{\"@type\":\"BreadcrumbList\",\"@id\":\"https:\/\/charente.catholique.fr\/nord-charente\/actualites\/loue-soit-le-seigneur-2\/#breadcrumb\",\"itemListElement\":[{\"@type\":\"ListItem\",\"position\":1,\"name\":\"Accueil\",\"item\":\"https:\/\/charente.catholique.fr\/nord-charente\/\"},{\"@type\":\"ListItem\",\"position\":2,\"name\":\"LOU\u00c9 SOIT LE SEIGNEUR\"}]},{\"@type\":\"WebSite\",\"@id\":\"https:\/\/charente.catholique.fr\/nord-charente\/#website\",\"url\":\"https:\/\/charente.catholique.fr\/nord-charente\/\",\"name\":\"Doyenn\u00e9 Nord Charente - Dioc\u00e8se d'Angoul\u00eame\",\"description\":\"Dioc\u00e8se d&#039;Angoul\u00eame\",\"publisher\":{\"@id\":\"https:\/\/charente.catholique.fr\/nord-charente\/#organization\"},\"potentialAction\":[{\"@type\":\"SearchAction\",\"target\":{\"@type\":\"EntryPoint\",\"urlTemplate\":\"https:\/\/charente.catholique.fr\/nord-charente\/?s={search_term_string}\"},\"query-input\":{\"@type\":\"PropertyValueSpecification\",\"valueRequired\":true,\"valueName\":\"search_term_string\"}}],\"inLanguage\":\"fr-FR\"},{\"@type\":\"Organization\",\"@id\":\"https:\/\/charente.catholique.fr\/nord-charente\/#organization\",\"name\":\"Association dioc\u00e9saine d'Angoul\u00eame\",\"url\":\"https:\/\/charente.catholique.fr\/nord-charente\/\",\"logo\":{\"@type\":\"ImageObject\",\"inLanguage\":\"fr-FR\",\"@id\":\"https:\/\/charente.catholique.fr\/nord-charente\/#\/schema\/logo\/image\/\",\"url\":\"https:\/\/charente.catholique.fr\/nord-charente\/wp-content\/uploads\/sites\/4\/2020\/10\/logos.png\",\"contentUrl\":\"https:\/\/charente.catholique.fr\/nord-charente\/wp-content\/uploads\/sites\/4\/2020\/10\/logos.png\",\"width\":600,\"height\":257,\"caption\":\"Association dioc\u00e9saine d'Angoul\u00eame\"},\"image\":{\"@id\":\"https:\/\/charente.catholique.fr\/nord-charente\/#\/schema\/logo\/image\/\"},\"sameAs\":[\"https:\/\/www.facebook.com\/EgliseCatholiqueCharente\",\"https:\/\/x.com\/diocesecharente\",\"https:\/\/www.instagram.com\/eglisecharente\",\"https:\/\/www.youtube.com\/channel\/UCByyFWApZbw3gDTiADoiAaQ\"]},{\"@type\":\"Person\",\"@id\":\"https:\/\/charente.catholique.fr\/nord-charente\/#\/schema\/person\/5711de98abb018ff863964265e7ce7af\",\"name\":\"Marie ZANDVLIET\",\"image\":{\"@type\":\"ImageObject\",\"inLanguage\":\"fr-FR\",\"@id\":\"https:\/\/charente.catholique.fr\/nord-charente\/#\/schema\/person\/image\/\",\"url\":\"https:\/\/secure.gravatar.com\/avatar\/34d53108a77f09d371d2aa77b0383414698788d6b70090bcbcda171708c34b28?s=96&d=mm&r=g\",\"contentUrl\":\"https:\/\/secure.gravatar.com\/avatar\/34d53108a77f09d371d2aa77b0383414698788d6b70090bcbcda171708c34b28?s=96&d=mm&r=g\",\"caption\":\"Marie ZANDVLIET\"},\"description\":\"Tel. 06 51 05 45 03\",\"url\":\"https:\/\/charente.catholique.fr\/nord-charente\/author\/aigre\/\"}]}<\/script>\n<!-- \/ Yoast SEO plugin. -->","yoast_head_json":{"title":"LOU\u00c9 SOIT LE SEIGNEUR - Doyenn\u00e9 Nord Charente","robots":{"index":"index","follow":"follow","max-snippet":"max-snippet:-1","max-image-preview":"max-image-preview:large","max-video-preview":"max-video-preview:-1"},"canonical":"https:\/\/charente.catholique.fr\/nord-charente\/actualites\/loue-soit-le-seigneur-2\/","og_locale":"fr_FR","og_type":"article","og_title":"LOU\u00c9 SOIT LE SEIGNEUR - Doyenn\u00e9 Nord Charente","og_description":"LOU\u00c9 SOIT LE SEIGNEUR QUI \u2018\u2018VEUT QUE TOUS LES HOMMES PARVIENNENT\u00c0 LA CONNAISSANCE DE LA V\u00c9RIT\u00c9\u2019\u2019 Qu\u2019il est bon de rendre gr\u00e2ce au Seigneur, notre P\u00e8re, \u00e0 chaque instant de notre vie !Qu\u2019il est bon de louer son Nom tr\u00e8s Saint, \u00e0 l\u2019instar du psalmiste.Car il abaisse son regard d\u2019amour vers chacun de nous :\u00ab [&hellip;]","og_url":"https:\/\/charente.catholique.fr\/nord-charente\/actualites\/loue-soit-le-seigneur-2\/","og_site_name":"Doyenn\u00e9 Nord Charente","article_publisher":"https:\/\/www.facebook.com\/EgliseCatholiqueCharente","article_published_time":"2025-09-19T16:15:05+00:00","article_modified_time":"2025-09-19T16:15:06+00:00","og_image":[{"width":1116,"height":262,"url":"https:\/\/charente.catholique.fr\/nord-charente\/wp-content\/uploads\/sites\/4\/2025\/09\/capture-decran-2025-09-19-a-18.13.06-e1758298486845.jpg","type":"image\/jpeg"}],"author":"Marie ZANDVLIET","twitter_card":"summary_large_image","twitter_creator":"@diocesecharente","twitter_site":"@diocesecharente","twitter_misc":{"\u00c9crit par":"Marie ZANDVLIET","Dur\u00e9e de lecture estim\u00e9e":"2 minutes"},"schema":{"@context":"https:\/\/schema.org","@graph":[{"@type":"Article","@id":"https:\/\/charente.catholique.fr\/nord-charente\/actualites\/loue-soit-le-seigneur-2\/#article","isPartOf":{"@id":"https:\/\/charente.catholique.fr\/nord-charente\/actualites\/loue-soit-le-seigneur-2\/"},"author":{"name":"Marie ZANDVLIET","@id":"https:\/\/charente.catholique.fr\/nord-charente\/#\/schema\/person\/5711de98abb018ff863964265e7ce7af"},"headline":"LOU\u00c9 SOIT LE SEIGNEUR","datePublished":"2025-09-19T16:15:05+00:00","dateModified":"2025-09-19T16:15:06+00:00","mainEntityOfPage":{"@id":"https:\/\/charente.catholique.fr\/nord-charente\/actualites\/loue-soit-le-seigneur-2\/"},"wordCount":274,"commentCount":0,"publisher":{"@id":"https:\/\/charente.catholique.fr\/nord-charente\/#organization"},"image":{"@id":"https:\/\/charente.catholique.fr\/nord-charente\/actualites\/loue-soit-le-seigneur-2\/#primaryimage"},"thumbnailUrl":"https:\/\/charente.catholique.fr\/nord-charente\/wp-content\/uploads\/sites\/4\/2025\/09\/capture-decran-2025-09-19-a-18.13.06-e1758298486845.jpg","articleSection":["Aigre"],"inLanguage":"fr-FR","potentialAction":[{"@type":"CommentAction","name":"Comment","target":["https:\/\/charente.catholique.fr\/nord-charente\/actualites\/loue-soit-le-seigneur-2\/#respond"]}]},{"@type":"WebPage","@id":"https:\/\/charente.catholique.fr\/nord-charente\/actualites\/loue-soit-le-seigneur-2\/","url":"https:\/\/charente.catholique.fr\/nord-charente\/actualites\/loue-soit-le-seigneur-2\/","name":"LOU\u00c9 SOIT LE SEIGNEUR - Doyenn\u00e9 Nord Charente","isPartOf":{"@id":"https:\/\/charente.catholique.fr\/nord-charente\/#website"},"primaryImageOfPage":{"@id":"https:\/\/charente.catholique.fr\/nord-charente\/actualites\/loue-soit-le-seigneur-2\/#primaryimage"},"image":{"@id":"https:\/\/charente.catholique.fr\/nord-charente\/actualites\/loue-soit-le-seigneur-2\/#primaryimage"},"thumbnailUrl":"https:\/\/charente.catholique.fr\/nord-charente\/wp-content\/uploads\/sites\/4\/2025\/09\/capture-decran-2025-09-19-a-18.13.06-e1758298486845.jpg","datePublished":"2025-09-19T16:15:05+00:00","dateModified":"2025-09-19T16:15:06+00:00","breadcrumb":{"@id":"https:\/\/charente.catholique.fr\/nord-charente\/actualites\/loue-soit-le-seigneur-2\/#breadcrumb"},"inLanguage":"fr-FR","potentialAction":[{"@type":"ReadAction","target":["https:\/\/charente.catholique.fr\/nord-charente\/actualites\/loue-soit-le-seigneur-2\/"]}]},{"@type":"ImageObject","inLanguage":"fr-FR","@id":"https:\/\/charente.catholique.fr\/nord-charente\/actualites\/loue-soit-le-seigneur-2\/#primaryimage","url":"https:\/\/charente.catholique.fr\/nord-charente\/wp-content\/uploads\/sites\/4\/2025\/09\/capture-decran-2025-09-19-a-18.13.06-e1758298486845.jpg","contentUrl":"https:\/\/charente.catholique.fr\/nord-charente\/wp-content\/uploads\/sites\/4\/2025\/09\/capture-decran-2025-09-19-a-18.13.06-e1758298486845.jpg","width":1116,"height":262,"caption":"Screenshot"},{"@type":"BreadcrumbList","@id":"https:\/\/charente.catholique.fr\/nord-charente\/actualites\/loue-soit-le-seigneur-2\/#breadcrumb","itemListElement":[{"@type":"ListItem","position":1,"name":"Accueil","item":"https:\/\/charente.catholique.fr\/nord-charente\/"},{"@type":"ListItem","position":2,"name":"LOU\u00c9 SOIT LE SEIGNEUR"}]},{"@type":"WebSite","@id":"https:\/\/charente.catholique.fr\/nord-charente\/#website","url":"https:\/\/charente.catholique.fr\/nord-charente\/","name":"Doyenn\u00e9 Nord Charente - Dioc\u00e8se d'Angoul\u00eame","description":"Dioc\u00e8se d&#039;Angoul\u00eame","publisher":{"@id":"https:\/\/charente.catholique.fr\/nord-charente\/#organization"},"potentialAction":[{"@type":"SearchAction","target":{"@type":"EntryPoint","urlTemplate":"https:\/\/charente.catholique.fr\/nord-charente\/?s={search_term_string}"},"query-input":{"@type":"PropertyValueSpecification","valueRequired":true,"valueName":"search_term_string"}}],"inLanguage":"fr-FR"},{"@type":"Organization","@id":"https:\/\/charente.catholique.fr\/nord-charente\/#organization","name":"Association dioc\u00e9saine d'Angoul\u00eame","url":"https:\/\/charente.catholique.fr\/nord-charente\/","logo":{"@type":"ImageObject","inLanguage":"fr-FR","@id":"https:\/\/charente.catholique.fr\/nord-charente\/#\/schema\/logo\/image\/","url":"https:\/\/charente.catholique.fr\/nord-charente\/wp-content\/uploads\/sites\/4\/2020\/10\/logos.png","contentUrl":"https:\/\/charente.catholique.fr\/nord-charente\/wp-content\/uploads\/sites\/4\/2020\/10\/logos.png","width":600,"height":257,"caption":"Association dioc\u00e9saine d'Angoul\u00eame"},"image":{"@id":"https:\/\/charente.catholique.fr\/nord-charente\/#\/schema\/logo\/image\/"},"sameAs":["https:\/\/www.facebook.com\/EgliseCatholiqueCharente","https:\/\/x.com\/diocesecharente","https:\/\/www.instagram.com\/eglisecharente","https:\/\/www.youtube.com\/channel\/UCByyFWApZbw3gDTiADoiAaQ"]},{"@type":"Person","@id":"https:\/\/charente.catholique.fr\/nord-charente\/#\/schema\/person\/5711de98abb018ff863964265e7ce7af","name":"Marie ZANDVLIET","image":{"@type":"ImageObject","inLanguage":"fr-FR","@id":"https:\/\/charente.catholique.fr\/nord-charente\/#\/schema\/person\/image\/","url":"https:\/\/secure.gravatar.com\/avatar\/34d53108a77f09d371d2aa77b0383414698788d6b70090bcbcda171708c34b28?s=96&d=mm&r=g","contentUrl":"https:\/\/secure.gravatar.com\/avatar\/34d53108a77f09d371d2aa77b0383414698788d6b70090bcbcda171708c34b28?s=96&d=mm&r=g","caption":"Marie ZANDVLIET"},"description":"Tel. 06 51 05 45 03","url":"https:\/\/charente.catholique.fr\/nord-charente\/author\/aigre\/"}]}},"_links":{"self":[{"href":"https:\/\/charente.catholique.fr\/nord-charente\/wp-json\/wp\/v2\/posts\/8855","targetHints":{"allow":["GET"]}}],"collection":[{"href":"https:\/\/charente.catholique.fr\/nord-charente\/wp-json\/wp\/v2\/posts"}],"about":[{"href":"https:\/\/charente.catholique.fr\/nord-charente\/wp-json\/wp\/v2\/types\/post"}],"author":[{"embeddable":true,"href":"https:\/\/charente.catholique.fr\/nord-charente\/wp-json\/wp\/v2\/users\/95"}],"replies":[{"embeddable":true,"href":"https:\/\/charente.catholique.fr\/nord-charente\/wp-json\/wp\/v2\/comments?post=8855"}],"version-history":[{"count":1,"href":"https:\/\/charente.catholique.fr\/nord-charente\/wp-json\/wp\/v2\/posts\/8855\/revisions"}],"predecessor-version":[{"id":8857,"href":"https:\/\/charente.catholique.fr\/nord-charente\/wp-json\/wp\/v2\/posts\/8855\/revisions\/8857"}],"wp:featuredmedia":[{"embeddable":true,"href":"https:\/\/charente.catholique.fr\/nord-charente\/wp-json\/wp\/v2\/media\/8856"}],"wp:attachment":[{"href":"https:\/\/charente.catholique.fr\/nord-charente\/wp-json\/wp\/v2\/media?parent=8855"}],"wp:term":[{"taxonomy":"category","embeddable":true,"href":"https:\/\/charente.catholique.fr\/nord-charente\/wp-json\/wp\/v2\/categories?post=8855"},{"taxonomy":"post_tag","embeddable":true,"href":"https:\/\/charente.catholique.fr\/nord-charente\/wp-json\/wp\/v2\/tags?post=8855"}],"curies":[{"name":"wp","href":"https:\/\/api.w.org\/{rel}","templated":true}]}}