{"id":8268,"date":"2025-04-14T14:20:17","date_gmt":"2025-04-14T12:20:17","guid":{"rendered":"https:\/\/charente.catholique.fr\/nord-charente\/?p=8268"},"modified":"2025-04-14T14:20:18","modified_gmt":"2025-04-14T12:20:18","slug":"annoncessemaine-du-12-au-20-avril-2025","status":"publish","type":"post","link":"https:\/\/charente.catholique.fr\/nord-charente\/actualites\/annoncessemaine-du-12-au-20-avril-2025\/","title":{"rendered":"\u00a0Annonces:Semaine du 12 au 20 Avril 2025"},"content":{"rendered":"\n<figure class=\"wp-block-table\"><table class=\"has-fixed-layout\"><thead><tr><td><strong>\u00a0Annonces <\/strong><\/td><td colspan=\"3\"><strong>Semaine du<\/strong><strong> 12 au 20 Avril 2025<\/strong><\/td><\/tr><\/thead><tbody><tr><td rowspan=\"5\">Samedi 12 &nbsp; &nbsp; &nbsp;<\/td><td>&nbsp;Ruffec &nbsp;<\/td><td>&nbsp;9 h 16h \u2013 17h30<\/td><td>&nbsp;Messe \u00e0 l\u2019oratoire &nbsp;Confessions \u00e0 l\u2019\u00e9glise.<\/td><\/tr><tr><td><strong>&nbsp;Villefagnan <\/strong><strong><\/strong><\/td><td><strong>9h30-11h<\/strong> <strong>&nbsp;10 h<\/strong><\/td><td><strong>&nbsp;Confessions \u00e0 l\u2019\u00e9glise<\/strong> <strong>&nbsp;Cat\u00e9, \u00e9veil et Aum\u00f4nerie<\/strong><\/td><\/tr><tr><td>&nbsp;Taiz\u00e9-Aizie<\/td><td>&nbsp;11 h<\/td><td>&nbsp;Chapelet pour les vocations sacerdotales et religieuses<\/td><\/tr><tr><td><strong>&nbsp;Souvign\u00e9 <\/strong><strong><\/strong><\/td><td><strong>&nbsp;16 h<\/strong><\/td><td>&nbsp;<strong>Concert donn\u00e9 par \u00ab&nbsp;les Poly\u2019Sons&nbsp;\u00bb \u00e0 la salle des f\u00eates<\/strong><\/td><\/tr><tr><td>&nbsp;Aunac, Verteuil, Ebr\u00e9on<\/td><td>&nbsp;18 h 30<\/td><td>&nbsp;Messe anticip\u00e9e<\/td><\/tr><tr><td rowspan=\"2\">Dimanche 13 F\u00eate des Rameaux<\/td><td>&nbsp;&nbsp;Mansle Ruffec Aigre <strong>&nbsp;<\/strong> <strong>&nbsp;Villefagnan<\/strong><\/td><td>&nbsp;10 h 30 <strong>&nbsp;9 h 15<\/strong> <strong>&nbsp;10 h 30<\/strong><\/td><td>&nbsp;Messe des Rameaux <strong>&nbsp;Pri\u00e8re du chapelet pour les pr\u00eatres malades et en difficult\u00e9<\/strong> <strong>&nbsp;Messe des Rameaux puis vente de chocolats de P\u00e2ques sur le parvis (chauffage de l\u2019\u00e9glise)<\/strong><\/td><\/tr><tr><td>&nbsp;St Georges<\/td><td>&nbsp;16h<\/td><td>&nbsp;Concert de chants Gr\u00e9goriens &nbsp;<\/td><\/tr><tr><td>Lundi 14<\/td><td><strong>&nbsp;Villefagnan <\/strong><strong><\/strong><\/td><td><strong>&nbsp;10 h<\/strong><strong><\/strong><\/td><td><strong>&nbsp;Appel \u00e0 toutes les bonnes volont\u00e9s pour aider au m\u00e9nage de l\u2019\u00e9glise, apportez balais et chiffons. Merci \u00e0 toutes les bonnes volont\u00e9s.<\/strong><strong><\/strong><\/td><\/tr><tr><td>Lundi 14 &nbsp;<\/td><td>&nbsp;Ruffec &nbsp;<\/td><td>&nbsp;14 h 30 &nbsp;18 h<\/td><td>&nbsp;Pri\u00e8re du Renouveau \u00e0 l\u2019oratoire &nbsp;Messe \u00e0 l\u2019oratoire<\/td><\/tr><tr><td rowspan=\"3\">Mardi 15 &nbsp;<\/td><td>&nbsp;<strong>Villefagnan<\/strong><strong><\/strong><\/td><td><strong>&nbsp;9 h 15<\/strong><strong><\/strong> <strong>&nbsp;<\/strong> <strong>&nbsp;18 h<\/strong><strong><\/strong><\/td><td><strong>&nbsp;Messe \u00e0 l\u2019oratoire<\/strong><strong><\/strong> <strong>&nbsp;Rencontre \u00e9quipe liturgique n\u00b0&nbsp;<\/strong><strong><\/strong> <strong>&nbsp;R\u00e9p\u00e9tition de chants au presbyt\u00e8re<\/strong><strong><\/strong><\/td><\/tr><tr><td>&nbsp;Maison dioc\u00e9saine<\/td><td>&nbsp;16 h<\/td><td>&nbsp;Rencontre des diacres, leurs \u00e9pouses, les pr\u00eatres et l\u2019\u00e9v\u00eaque<\/td><\/tr><tr><td>&nbsp;Cath\u00e9drale Angoul\u00eame<strong><\/strong><\/td><td>&nbsp; &nbsp;20 h 30<strong><\/strong><\/td><td>&nbsp;Messe Chrismale, prions pour nos diacres et pr\u00eatres qui renouvellent leurs engagements<strong><\/strong><\/td><\/tr><tr><td rowspan=\"2\">Mercredi 16<\/td><td>&nbsp;Aigre<\/td><td>&nbsp;9 \u00e0 11 h<\/td><td>&nbsp;Confessions \u00e0 la maison paroissiale, puis messe \u00e0 l\u2019oratoire<\/td><\/tr><tr><td>&nbsp;Ruffec <strong><\/strong><\/td><td>&nbsp;18 h<\/td><td>&nbsp;Messe<\/td><\/tr><tr><td rowspan=\"3\">Jeudi 17 Jeudi Saint, Sainte C\u00e8ne du Seigneur<\/td><td>&nbsp;Ruffec, Charm\u00e9 &nbsp;<strong>Villefagnan <\/strong><strong><\/strong><\/td><td>&nbsp; &nbsp;18 h 30<\/td><td>&nbsp; &nbsp;Messe en m\u00e9moire de la Sainte C\u00e8ne du Seigneur<\/td><\/tr><tr><td>&nbsp;Ruffec<\/td><td>&nbsp;9 h 15<\/td><td>C\u00e9l\u00e9bration pour les maternelles et primaires de l\u2019\u00e9cole du Sacr\u00e9-C\u0153ur \u00e0 l\u2019\u00e9glise<\/td><\/tr><tr><td>&nbsp;Mansle<\/td><td>&nbsp;19 h 30<\/td><td>&nbsp;Messe en m\u00e9moire de la Sainte C\u00e8ne du Seigneur<\/td><\/tr><tr><td rowspan=\"7\">&nbsp; &nbsp; Vendredi&nbsp; 18 Passion du Seigneur &nbsp; &nbsp; &nbsp; &nbsp; &nbsp; &nbsp;&nbsp;&nbsp;&nbsp;&nbsp; Samedi Saint&nbsp; 19<\/td><td>&nbsp;Ruffec<\/td><td>&nbsp;11 h<\/td><td>&nbsp;C\u00e9l\u00e9bration de P\u00e2ques pour les coll\u00e9giens du Sacr\u00e9-C\u0153ur<\/td><\/tr><tr><td><strong>&nbsp;Villefagnan, <\/strong>Aigre,<strong><\/strong> <strong>&nbsp;<\/strong>Ruffec, Mansle<\/td><td><strong>&nbsp;<\/strong><strong>15 h&nbsp;&nbsp; <\/strong><strong><\/strong><\/td><td><strong>&nbsp;<\/strong><strong>Chemin de Croix<\/strong><strong><\/strong><\/td><\/tr><tr><td>&nbsp;Aigre<\/td><td>16-18 h<\/td><td>&nbsp;Confessions<\/td><\/tr><tr><td><strong>Ruffec avec Villefagnan<\/strong><strong><\/strong> <strong>Lux\u00e9 pour Mansle et Aigre<\/strong><strong><\/strong><\/td><td><strong>&nbsp;18 h 30<\/strong><strong><\/strong><\/td><td><strong>&nbsp;C\u00e9l\u00e9bration de la Croix<\/strong><strong><\/strong><\/td><\/tr><tr><td><strong>&nbsp;<\/strong><\/td><td><\/td><td><strong>&nbsp;<\/strong><strong><\/strong><\/td><\/tr><tr><td><strong>&nbsp;<\/strong> <strong>&nbsp;La Magdeleine<\/strong><strong><\/strong><\/td><td>&nbsp; <strong>11 h<\/strong><\/td><td><strong>&nbsp;<\/strong><strong><\/strong> <strong>&nbsp;Chapelet pour les vocations sacerdotales et religieuses<\/strong><strong><\/strong><\/td><\/tr><tr><td><strong>&nbsp;Ruffec <\/strong><strong><\/strong><\/td><td>10h30-12h <strong>&nbsp;21 h <\/strong><strong><\/strong><\/td><td><strong>&nbsp;<\/strong>Confessions \u00e0 l\u2019\u00e9glise <strong>&nbsp;Vigile Pascale en doyenn\u00e9<\/strong><strong><\/strong><\/td><\/tr><tr><td>Dimanche de P\u00e2ques<\/td><td><strong>&nbsp;<\/strong>Mansle Ruffec Aigre &nbsp;<strong>Villefagnan <\/strong><strong><\/strong> &nbsp;<\/td><td>&nbsp;10 h 30 &nbsp;<strong>9 h 15<\/strong><strong><\/strong> <strong>&nbsp;10 h 30<\/strong><\/td><td>&nbsp;Messe &nbsp;<strong>Pri\u00e8re du chapelet pour les pr\u00eatres malades et en difficult\u00e9<\/strong><strong><\/strong> &nbsp;<strong>Messe suivie d\u2019un ap\u00e9ritif partag\u00e9 <\/strong><strong><\/strong><\/td><\/tr><tr><td>&nbsp;<\/td><td>&nbsp;<\/td><td>&nbsp;<\/td><td>&nbsp;<\/td><\/tr><\/tbody><\/table><\/figure>\n\n\n\n<p>Toutes infos&nbsp;: 05 45 29 01 72 \/ <a href=\"https:\/\/nordcharente.catholique.fr\/\">https&nbsp;:\/\/nordcharente.catholique.fr<\/a><\/p>\n\n\n\n<p>Presbyt\u00e8re de Villefagnan&nbsp;: 5 rue Patient 16240 Villefagnan&nbsp;: 05 45 31 61 07 \/ mail&nbsp;: paroisse.villefagnan@outlook.com<strong><\/strong><\/p>\n","protected":false},"excerpt":{"rendered":"<p>\u00a0Annonces Semaine du 12 au 20 Avril 2025 Samedi 12 &nbsp; &nbsp; &nbsp; &nbsp;Ruffec &nbsp; &nbsp;9 h 16h \u2013 17h30 &nbsp;Messe \u00e0 l\u2019oratoire &nbsp;Confessions \u00e0 l\u2019\u00e9glise. &nbsp;Villefagnan 9h30-11h &nbsp;10 h &nbsp;Confessions \u00e0 l\u2019\u00e9glise &nbsp;Cat\u00e9, \u00e9veil et Aum\u00f4nerie &nbsp;Taiz\u00e9-Aizie &nbsp;11 h &nbsp;Chapelet pour les vocations sacerdotales et religieuses &nbsp;Souvign\u00e9 &nbsp;16 h &nbsp;Concert donn\u00e9 par \u00ab&nbsp;les Poly\u2019Sons&nbsp;\u00bb [&hellip;]<\/p>\n","protected":false},"author":38,"featured_media":8270,"comment_status":"open","ping_status":"open","sticky":false,"template":"","format":"standard","meta":{"_acf_changed":false,"paroisse":["14"],"service":["0"],"footnotes":""},"categories":[1],"tags":[],"class_list":["post-8268","post","type-post","status-publish","format-standard","has-post-thumbnail","hentry","category-actualites"],"acf":[],"yoast_head":"<!-- This site is optimized with the Yoast SEO plugin v27.1.1 - https:\/\/yoast.com\/product\/yoast-seo-wordpress\/ -->\n<title>\u00a0Annonces:Semaine du 12 au 20 Avril 2025 - Doyenn\u00e9 Nord Charente<\/title>\n<meta name=\"robots\" content=\"index, follow, max-snippet:-1, max-image-preview:large, max-video-preview:-1\" \/>\n<link rel=\"canonical\" href=\"https:\/\/charente.catholique.fr\/nord-charente\/actualites\/annoncessemaine-du-12-au-20-avril-2025\/\" \/>\n<meta property=\"og:locale\" content=\"fr_FR\" \/>\n<meta property=\"og:type\" content=\"article\" \/>\n<meta property=\"og:title\" content=\"\u00a0Annonces:Semaine du 12 au 20 Avril 2025 - Doyenn\u00e9 Nord Charente\" \/>\n<meta property=\"og:description\" content=\"\u00a0Annonces Semaine du 12 au 20 Avril 2025 Samedi 12 &nbsp; &nbsp; &nbsp; &nbsp;Ruffec &nbsp; &nbsp;9 h 16h \u2013 17h30 &nbsp;Messe \u00e0 l\u2019oratoire &nbsp;Confessions \u00e0 l\u2019\u00e9glise. &nbsp;Villefagnan 9h30-11h &nbsp;10 h &nbsp;Confessions \u00e0 l\u2019\u00e9glise &nbsp;Cat\u00e9, \u00e9veil et Aum\u00f4nerie &nbsp;Taiz\u00e9-Aizie &nbsp;11 h &nbsp;Chapelet pour les vocations sacerdotales et religieuses &nbsp;Souvign\u00e9 &nbsp;16 h &nbsp;Concert donn\u00e9 par \u00ab&nbsp;les Poly\u2019Sons&nbsp;\u00bb [&hellip;]\" \/>\n<meta property=\"og:url\" content=\"https:\/\/charente.catholique.fr\/nord-charente\/actualites\/annoncessemaine-du-12-au-20-avril-2025\/\" \/>\n<meta property=\"og:site_name\" content=\"Doyenn\u00e9 Nord Charente\" \/>\n<meta property=\"article:publisher\" content=\"https:\/\/www.facebook.com\/EgliseCatholiqueCharente\" \/>\n<meta property=\"article:published_time\" content=\"2025-04-14T12:20:17+00:00\" \/>\n<meta property=\"article:modified_time\" content=\"2025-04-14T12:20:18+00:00\" \/>\n<meta property=\"og:image\" content=\"https:\/\/charente.catholique.fr\/nord-charente\/wp-content\/uploads\/sites\/4\/2025\/04\/img_2980.jpg\" \/>\n\t<meta property=\"og:image:width\" content=\"640\" \/>\n\t<meta property=\"og:image:height\" content=\"480\" \/>\n\t<meta property=\"og:image:type\" content=\"image\/jpeg\" \/>\n<meta name=\"author\" content=\"joelleayrault\" \/>\n<meta name=\"twitter:card\" content=\"summary_large_image\" \/>\n<meta name=\"twitter:creator\" content=\"@diocesecharente\" \/>\n<meta name=\"twitter:site\" content=\"@diocesecharente\" \/>\n<meta name=\"twitter:label1\" content=\"\u00c9crit par\" \/>\n\t<meta name=\"twitter:data1\" content=\"joelleayrault\" \/>\n\t<meta name=\"twitter:label2\" content=\"Dur\u00e9e de lecture estim\u00e9e\" \/>\n\t<meta name=\"twitter:data2\" content=\"3 minutes\" \/>\n<script type=\"application\/ld+json\" class=\"yoast-schema-graph\">{\"@context\":\"https:\/\/schema.org\",\"@graph\":[{\"@type\":\"Article\",\"@id\":\"https:\/\/charente.catholique.fr\/nord-charente\/actualites\/annoncessemaine-du-12-au-20-avril-2025\/#article\",\"isPartOf\":{\"@id\":\"https:\/\/charente.catholique.fr\/nord-charente\/actualites\/annoncessemaine-du-12-au-20-avril-2025\/\"},\"author\":{\"name\":\"joelleayrault\",\"@id\":\"https:\/\/charente.catholique.fr\/nord-charente\/#\/schema\/person\/51184492e4abba33e5d768059a70f4db\"},\"headline\":\"\u00a0Annonces:Semaine du 12 au 20 Avril 2025\",\"datePublished\":\"2025-04-14T12:20:17+00:00\",\"dateModified\":\"2025-04-14T12:20:18+00:00\",\"mainEntityOfPage\":{\"@id\":\"https:\/\/charente.catholique.fr\/nord-charente\/actualites\/annoncessemaine-du-12-au-20-avril-2025\/\"},\"wordCount\":535,\"commentCount\":0,\"publisher\":{\"@id\":\"https:\/\/charente.catholique.fr\/nord-charente\/#organization\"},\"image\":{\"@id\":\"https:\/\/charente.catholique.fr\/nord-charente\/actualites\/annoncessemaine-du-12-au-20-avril-2025\/#primaryimage\"},\"thumbnailUrl\":\"https:\/\/charente.catholique.fr\/nord-charente\/wp-content\/uploads\/sites\/4\/2025\/04\/img_2980.jpg\",\"articleSection\":[\"Actualit\u00e9s\"],\"inLanguage\":\"fr-FR\",\"potentialAction\":[{\"@type\":\"CommentAction\",\"name\":\"Comment\",\"target\":[\"https:\/\/charente.catholique.fr\/nord-charente\/actualites\/annoncessemaine-du-12-au-20-avril-2025\/#respond\"]}]},{\"@type\":\"WebPage\",\"@id\":\"https:\/\/charente.catholique.fr\/nord-charente\/actualites\/annoncessemaine-du-12-au-20-avril-2025\/\",\"url\":\"https:\/\/charente.catholique.fr\/nord-charente\/actualites\/annoncessemaine-du-12-au-20-avril-2025\/\",\"name\":\"\u00a0Annonces:Semaine du 12 au 20 Avril 2025 - Doyenn\u00e9 Nord Charente\",\"isPartOf\":{\"@id\":\"https:\/\/charente.catholique.fr\/nord-charente\/#website\"},\"primaryImageOfPage\":{\"@id\":\"https:\/\/charente.catholique.fr\/nord-charente\/actualites\/annoncessemaine-du-12-au-20-avril-2025\/#primaryimage\"},\"image\":{\"@id\":\"https:\/\/charente.catholique.fr\/nord-charente\/actualites\/annoncessemaine-du-12-au-20-avril-2025\/#primaryimage\"},\"thumbnailUrl\":\"https:\/\/charente.catholique.fr\/nord-charente\/wp-content\/uploads\/sites\/4\/2025\/04\/img_2980.jpg\",\"datePublished\":\"2025-04-14T12:20:17+00:00\",\"dateModified\":\"2025-04-14T12:20:18+00:00\",\"breadcrumb\":{\"@id\":\"https:\/\/charente.catholique.fr\/nord-charente\/actualites\/annoncessemaine-du-12-au-20-avril-2025\/#breadcrumb\"},\"inLanguage\":\"fr-FR\",\"potentialAction\":[{\"@type\":\"ReadAction\",\"target\":[\"https:\/\/charente.catholique.fr\/nord-charente\/actualites\/annoncessemaine-du-12-au-20-avril-2025\/\"]}]},{\"@type\":\"ImageObject\",\"inLanguage\":\"fr-FR\",\"@id\":\"https:\/\/charente.catholique.fr\/nord-charente\/actualites\/annoncessemaine-du-12-au-20-avril-2025\/#primaryimage\",\"url\":\"https:\/\/charente.catholique.fr\/nord-charente\/wp-content\/uploads\/sites\/4\/2025\/04\/img_2980.jpg\",\"contentUrl\":\"https:\/\/charente.catholique.fr\/nord-charente\/wp-content\/uploads\/sites\/4\/2025\/04\/img_2980.jpg\",\"width\":640,\"height\":480},{\"@type\":\"BreadcrumbList\",\"@id\":\"https:\/\/charente.catholique.fr\/nord-charente\/actualites\/annoncessemaine-du-12-au-20-avril-2025\/#breadcrumb\",\"itemListElement\":[{\"@type\":\"ListItem\",\"position\":1,\"name\":\"Accueil\",\"item\":\"https:\/\/charente.catholique.fr\/nord-charente\/\"},{\"@type\":\"ListItem\",\"position\":2,\"name\":\"\u00a0Annonces:Semaine du 12 au 20 Avril 2025\"}]},{\"@type\":\"WebSite\",\"@id\":\"https:\/\/charente.catholique.fr\/nord-charente\/#website\",\"url\":\"https:\/\/charente.catholique.fr\/nord-charente\/\",\"name\":\"Doyenn\u00e9 Nord Charente - Dioc\u00e8se d'Angoul\u00eame\",\"description\":\"Dioc\u00e8se d&#039;Angoul\u00eame\",\"publisher\":{\"@id\":\"https:\/\/charente.catholique.fr\/nord-charente\/#organization\"},\"potentialAction\":[{\"@type\":\"SearchAction\",\"target\":{\"@type\":\"EntryPoint\",\"urlTemplate\":\"https:\/\/charente.catholique.fr\/nord-charente\/?s={search_term_string}\"},\"query-input\":{\"@type\":\"PropertyValueSpecification\",\"valueRequired\":true,\"valueName\":\"search_term_string\"}}],\"inLanguage\":\"fr-FR\"},{\"@type\":\"Organization\",\"@id\":\"https:\/\/charente.catholique.fr\/nord-charente\/#organization\",\"name\":\"Association dioc\u00e9saine d'Angoul\u00eame\",\"url\":\"https:\/\/charente.catholique.fr\/nord-charente\/\",\"logo\":{\"@type\":\"ImageObject\",\"inLanguage\":\"fr-FR\",\"@id\":\"https:\/\/charente.catholique.fr\/nord-charente\/#\/schema\/logo\/image\/\",\"url\":\"https:\/\/charente.catholique.fr\/nord-charente\/wp-content\/uploads\/sites\/4\/2020\/10\/logos.png\",\"contentUrl\":\"https:\/\/charente.catholique.fr\/nord-charente\/wp-content\/uploads\/sites\/4\/2020\/10\/logos.png\",\"width\":600,\"height\":257,\"caption\":\"Association dioc\u00e9saine d'Angoul\u00eame\"},\"image\":{\"@id\":\"https:\/\/charente.catholique.fr\/nord-charente\/#\/schema\/logo\/image\/\"},\"sameAs\":[\"https:\/\/www.facebook.com\/EgliseCatholiqueCharente\",\"https:\/\/x.com\/diocesecharente\",\"https:\/\/www.instagram.com\/eglisecharente\",\"https:\/\/www.youtube.com\/channel\/UCByyFWApZbw3gDTiADoiAaQ\"]},{\"@type\":\"Person\",\"@id\":\"https:\/\/charente.catholique.fr\/nord-charente\/#\/schema\/person\/51184492e4abba33e5d768059a70f4db\",\"name\":\"joelleayrault\",\"image\":{\"@type\":\"ImageObject\",\"inLanguage\":\"fr-FR\",\"@id\":\"https:\/\/charente.catholique.fr\/nord-charente\/#\/schema\/person\/image\/\",\"url\":\"https:\/\/secure.gravatar.com\/avatar\/3bd3977af99690427d59b19ec7b6bd94226de63be5c368ae8d090f2d7f86dd5f?s=96&d=mm&r=g\",\"contentUrl\":\"https:\/\/secure.gravatar.com\/avatar\/3bd3977af99690427d59b19ec7b6bd94226de63be5c368ae8d090f2d7f86dd5f?s=96&d=mm&r=g\",\"caption\":\"joelleayrault\"},\"url\":\"https:\/\/charente.catholique.fr\/nord-charente\/author\/joelleayrault\/\"}]}<\/script>\n<!-- \/ Yoast SEO plugin. -->","yoast_head_json":{"title":"\u00a0Annonces:Semaine du 12 au 20 Avril 2025 - Doyenn\u00e9 Nord Charente","robots":{"index":"index","follow":"follow","max-snippet":"max-snippet:-1","max-image-preview":"max-image-preview:large","max-video-preview":"max-video-preview:-1"},"canonical":"https:\/\/charente.catholique.fr\/nord-charente\/actualites\/annoncessemaine-du-12-au-20-avril-2025\/","og_locale":"fr_FR","og_type":"article","og_title":"\u00a0Annonces:Semaine du 12 au 20 Avril 2025 - Doyenn\u00e9 Nord Charente","og_description":"\u00a0Annonces Semaine du 12 au 20 Avril 2025 Samedi 12 &nbsp; &nbsp; &nbsp; &nbsp;Ruffec &nbsp; &nbsp;9 h 16h \u2013 17h30 &nbsp;Messe \u00e0 l\u2019oratoire &nbsp;Confessions \u00e0 l\u2019\u00e9glise. &nbsp;Villefagnan 9h30-11h &nbsp;10 h &nbsp;Confessions \u00e0 l\u2019\u00e9glise &nbsp;Cat\u00e9, \u00e9veil et Aum\u00f4nerie &nbsp;Taiz\u00e9-Aizie &nbsp;11 h &nbsp;Chapelet pour les vocations sacerdotales et religieuses &nbsp;Souvign\u00e9 &nbsp;16 h &nbsp;Concert donn\u00e9 par \u00ab&nbsp;les Poly\u2019Sons&nbsp;\u00bb [&hellip;]","og_url":"https:\/\/charente.catholique.fr\/nord-charente\/actualites\/annoncessemaine-du-12-au-20-avril-2025\/","og_site_name":"Doyenn\u00e9 Nord Charente","article_publisher":"https:\/\/www.facebook.com\/EgliseCatholiqueCharente","article_published_time":"2025-04-14T12:20:17+00:00","article_modified_time":"2025-04-14T12:20:18+00:00","og_image":[{"width":640,"height":480,"url":"https:\/\/charente.catholique.fr\/nord-charente\/wp-content\/uploads\/sites\/4\/2025\/04\/img_2980.jpg","type":"image\/jpeg"}],"author":"joelleayrault","twitter_card":"summary_large_image","twitter_creator":"@diocesecharente","twitter_site":"@diocesecharente","twitter_misc":{"\u00c9crit par":"joelleayrault","Dur\u00e9e de lecture estim\u00e9e":"3 minutes"},"schema":{"@context":"https:\/\/schema.org","@graph":[{"@type":"Article","@id":"https:\/\/charente.catholique.fr\/nord-charente\/actualites\/annoncessemaine-du-12-au-20-avril-2025\/#article","isPartOf":{"@id":"https:\/\/charente.catholique.fr\/nord-charente\/actualites\/annoncessemaine-du-12-au-20-avril-2025\/"},"author":{"name":"joelleayrault","@id":"https:\/\/charente.catholique.fr\/nord-charente\/#\/schema\/person\/51184492e4abba33e5d768059a70f4db"},"headline":"\u00a0Annonces:Semaine du 12 au 20 Avril 2025","datePublished":"2025-04-14T12:20:17+00:00","dateModified":"2025-04-14T12:20:18+00:00","mainEntityOfPage":{"@id":"https:\/\/charente.catholique.fr\/nord-charente\/actualites\/annoncessemaine-du-12-au-20-avril-2025\/"},"wordCount":535,"commentCount":0,"publisher":{"@id":"https:\/\/charente.catholique.fr\/nord-charente\/#organization"},"image":{"@id":"https:\/\/charente.catholique.fr\/nord-charente\/actualites\/annoncessemaine-du-12-au-20-avril-2025\/#primaryimage"},"thumbnailUrl":"https:\/\/charente.catholique.fr\/nord-charente\/wp-content\/uploads\/sites\/4\/2025\/04\/img_2980.jpg","articleSection":["Actualit\u00e9s"],"inLanguage":"fr-FR","potentialAction":[{"@type":"CommentAction","name":"Comment","target":["https:\/\/charente.catholique.fr\/nord-charente\/actualites\/annoncessemaine-du-12-au-20-avril-2025\/#respond"]}]},{"@type":"WebPage","@id":"https:\/\/charente.catholique.fr\/nord-charente\/actualites\/annoncessemaine-du-12-au-20-avril-2025\/","url":"https:\/\/charente.catholique.fr\/nord-charente\/actualites\/annoncessemaine-du-12-au-20-avril-2025\/","name":"\u00a0Annonces:Semaine du 12 au 20 Avril 2025 - Doyenn\u00e9 Nord Charente","isPartOf":{"@id":"https:\/\/charente.catholique.fr\/nord-charente\/#website"},"primaryImageOfPage":{"@id":"https:\/\/charente.catholique.fr\/nord-charente\/actualites\/annoncessemaine-du-12-au-20-avril-2025\/#primaryimage"},"image":{"@id":"https:\/\/charente.catholique.fr\/nord-charente\/actualites\/annoncessemaine-du-12-au-20-avril-2025\/#primaryimage"},"thumbnailUrl":"https:\/\/charente.catholique.fr\/nord-charente\/wp-content\/uploads\/sites\/4\/2025\/04\/img_2980.jpg","datePublished":"2025-04-14T12:20:17+00:00","dateModified":"2025-04-14T12:20:18+00:00","breadcrumb":{"@id":"https:\/\/charente.catholique.fr\/nord-charente\/actualites\/annoncessemaine-du-12-au-20-avril-2025\/#breadcrumb"},"inLanguage":"fr-FR","potentialAction":[{"@type":"ReadAction","target":["https:\/\/charente.catholique.fr\/nord-charente\/actualites\/annoncessemaine-du-12-au-20-avril-2025\/"]}]},{"@type":"ImageObject","inLanguage":"fr-FR","@id":"https:\/\/charente.catholique.fr\/nord-charente\/actualites\/annoncessemaine-du-12-au-20-avril-2025\/#primaryimage","url":"https:\/\/charente.catholique.fr\/nord-charente\/wp-content\/uploads\/sites\/4\/2025\/04\/img_2980.jpg","contentUrl":"https:\/\/charente.catholique.fr\/nord-charente\/wp-content\/uploads\/sites\/4\/2025\/04\/img_2980.jpg","width":640,"height":480},{"@type":"BreadcrumbList","@id":"https:\/\/charente.catholique.fr\/nord-charente\/actualites\/annoncessemaine-du-12-au-20-avril-2025\/#breadcrumb","itemListElement":[{"@type":"ListItem","position":1,"name":"Accueil","item":"https:\/\/charente.catholique.fr\/nord-charente\/"},{"@type":"ListItem","position":2,"name":"\u00a0Annonces:Semaine du 12 au 20 Avril 2025"}]},{"@type":"WebSite","@id":"https:\/\/charente.catholique.fr\/nord-charente\/#website","url":"https:\/\/charente.catholique.fr\/nord-charente\/","name":"Doyenn\u00e9 Nord Charente - Dioc\u00e8se d'Angoul\u00eame","description":"Dioc\u00e8se d&#039;Angoul\u00eame","publisher":{"@id":"https:\/\/charente.catholique.fr\/nord-charente\/#organization"},"potentialAction":[{"@type":"SearchAction","target":{"@type":"EntryPoint","urlTemplate":"https:\/\/charente.catholique.fr\/nord-charente\/?s={search_term_string}"},"query-input":{"@type":"PropertyValueSpecification","valueRequired":true,"valueName":"search_term_string"}}],"inLanguage":"fr-FR"},{"@type":"Organization","@id":"https:\/\/charente.catholique.fr\/nord-charente\/#organization","name":"Association dioc\u00e9saine d'Angoul\u00eame","url":"https:\/\/charente.catholique.fr\/nord-charente\/","logo":{"@type":"ImageObject","inLanguage":"fr-FR","@id":"https:\/\/charente.catholique.fr\/nord-charente\/#\/schema\/logo\/image\/","url":"https:\/\/charente.catholique.fr\/nord-charente\/wp-content\/uploads\/sites\/4\/2020\/10\/logos.png","contentUrl":"https:\/\/charente.catholique.fr\/nord-charente\/wp-content\/uploads\/sites\/4\/2020\/10\/logos.png","width":600,"height":257,"caption":"Association dioc\u00e9saine d'Angoul\u00eame"},"image":{"@id":"https:\/\/charente.catholique.fr\/nord-charente\/#\/schema\/logo\/image\/"},"sameAs":["https:\/\/www.facebook.com\/EgliseCatholiqueCharente","https:\/\/x.com\/diocesecharente","https:\/\/www.instagram.com\/eglisecharente","https:\/\/www.youtube.com\/channel\/UCByyFWApZbw3gDTiADoiAaQ"]},{"@type":"Person","@id":"https:\/\/charente.catholique.fr\/nord-charente\/#\/schema\/person\/51184492e4abba33e5d768059a70f4db","name":"joelleayrault","image":{"@type":"ImageObject","inLanguage":"fr-FR","@id":"https:\/\/charente.catholique.fr\/nord-charente\/#\/schema\/person\/image\/","url":"https:\/\/secure.gravatar.com\/avatar\/3bd3977af99690427d59b19ec7b6bd94226de63be5c368ae8d090f2d7f86dd5f?s=96&d=mm&r=g","contentUrl":"https:\/\/secure.gravatar.com\/avatar\/3bd3977af99690427d59b19ec7b6bd94226de63be5c368ae8d090f2d7f86dd5f?s=96&d=mm&r=g","caption":"joelleayrault"},"url":"https:\/\/charente.catholique.fr\/nord-charente\/author\/joelleayrault\/"}]}},"_links":{"self":[{"href":"https:\/\/charente.catholique.fr\/nord-charente\/wp-json\/wp\/v2\/posts\/8268","targetHints":{"allow":["GET"]}}],"collection":[{"href":"https:\/\/charente.catholique.fr\/nord-charente\/wp-json\/wp\/v2\/posts"}],"about":[{"href":"https:\/\/charente.catholique.fr\/nord-charente\/wp-json\/wp\/v2\/types\/post"}],"author":[{"embeddable":true,"href":"https:\/\/charente.catholique.fr\/nord-charente\/wp-json\/wp\/v2\/users\/38"}],"replies":[{"embeddable":true,"href":"https:\/\/charente.catholique.fr\/nord-charente\/wp-json\/wp\/v2\/comments?post=8268"}],"version-history":[{"count":1,"href":"https:\/\/charente.catholique.fr\/nord-charente\/wp-json\/wp\/v2\/posts\/8268\/revisions"}],"predecessor-version":[{"id":8269,"href":"https:\/\/charente.catholique.fr\/nord-charente\/wp-json\/wp\/v2\/posts\/8268\/revisions\/8269"}],"wp:featuredmedia":[{"embeddable":true,"href":"https:\/\/charente.catholique.fr\/nord-charente\/wp-json\/wp\/v2\/media\/8270"}],"wp:attachment":[{"href":"https:\/\/charente.catholique.fr\/nord-charente\/wp-json\/wp\/v2\/media?parent=8268"}],"wp:term":[{"taxonomy":"category","embeddable":true,"href":"https:\/\/charente.catholique.fr\/nord-charente\/wp-json\/wp\/v2\/categories?post=8268"},{"taxonomy":"post_tag","embeddable":true,"href":"https:\/\/charente.catholique.fr\/nord-charente\/wp-json\/wp\/v2\/tags?post=8268"}],"curies":[{"name":"wp","href":"https:\/\/api.w.org\/{rel}","templated":true}]}}