{"id":7482,"date":"2024-11-17T13:30:36","date_gmt":"2024-11-17T12:30:36","guid":{"rendered":"https:\/\/charente.catholique.fr\/nord-charente\/?p=7482"},"modified":"2024-11-17T13:30:37","modified_gmt":"2024-11-17T12:30:37","slug":"annoncessemaine-du-16-au-24-novembre-2024","status":"publish","type":"post","link":"https:\/\/charente.catholique.fr\/nord-charente\/actualites\/annoncessemaine-du-16-au-24-novembre-2024\/","title":{"rendered":"annonces:Semaine du 16 au 24 Novembre 2024"},"content":{"rendered":"\n<figure class=\"wp-block-table\"><table class=\"has-fixed-layout\"><tbody><tr><td rowspan=\"4\"><strong>Samedi 16<\/strong><\/td><td>&nbsp;Ruffec<\/td><td>9 h 30<\/td><td>Confessions \u00e0 l\u2019\u00e9glise.<\/td><\/tr><tr><td><strong>&nbsp;Londigny<\/strong><\/td><td><strong>&nbsp;10 h 30<\/strong> <strong>&nbsp;11 h<\/strong><\/td><td><strong>&nbsp;Chapelet pour les vocations sacerdotales et religieuses<\/strong> <strong>&nbsp;Messe<\/strong><\/td><\/tr><tr><td><strong>&nbsp;Villefagnan<\/strong><\/td><td><strong>&nbsp;17 h<\/strong> <strong>&nbsp;18 h<\/strong><\/td><td><strong>&nbsp;Pri\u00e8re du chapelet pour les pr\u00eatres souffrants ou en difficult\u00e9<\/strong> <strong>&nbsp;Messe<\/strong><\/td><\/tr><tr><td>&nbsp;Salles de Villefagnan &nbsp;<\/td><td>&nbsp;18 h<\/td><td>&nbsp;Messe anticip\u00e9e<strong><em> <\/em><\/strong><strong><em><\/em><\/strong> &nbsp;<\/td><\/tr><tr><td rowspan=\"2\">Dimanche 17<\/td><td>&nbsp;Aigre Mansle Ruffec &nbsp; Nanteuil en Vall\u00e9e <strong>&nbsp;<\/strong><\/td><td>&nbsp;10 h 30 &nbsp; &nbsp;16 h<\/td><td>&nbsp;Messe dominicale , journ\u00e9e mondiale des pauvres, Qu\u00eate Imp\u00e9r\u00e9e au profit du Secours Catholique et Vente de bougies &nbsp;Chorales en concert<\/td><\/tr><tr><td>&nbsp;Angoul\u00eame<\/td><td>&nbsp;11 h 14-17h30<\/td><td>&nbsp;F\u00eate du diaconat permanent, messe \u00e0 la cath\u00e9drale &nbsp;Table ronde<\/td><\/tr><tr><td>Lundi 18<\/td><td>&nbsp;Ruffec<\/td><td>&nbsp;14 h 30 &nbsp;18 h<\/td><td>&nbsp;Pri\u00e8re du Renouveau \u00e0 l&#8217;oratoire &nbsp;Messe \u00e0 l&#8217;oratoire<\/td><\/tr><tr><td rowspan=\"3\"><strong>Mardi 19<\/strong><\/td><td>&nbsp;<strong>Villefagnan<\/strong><strong><\/strong><\/td><td><strong>&nbsp;9 h 15<\/strong><strong><\/strong><\/td><td><strong>&nbsp;Messe <\/strong><strong><\/strong> <strong>&nbsp;Rencontre \u00e9quipe liturgique n\u00b0&nbsp;3 ( Dimanche 1\/12 )<\/strong><\/td><\/tr><tr><td>&nbsp;Aigre<\/td><td>&nbsp;15 h<\/td><td>&nbsp;Messe au Jardin d\u2019Iroise<\/td><\/tr><tr><td>&nbsp;Ruffec<strong><\/strong> <strong>&nbsp;Villefagnan<\/strong><\/td><td>&nbsp;18 h 30<strong><\/strong> <strong>&nbsp;18 h<\/strong><\/td><td>&nbsp;Messe \u00e0 l&#8217;\u00e9glise<strong><\/strong> <strong>&nbsp;R\u00e9p\u00e9tition de chants au presbyt\u00e8re<\/strong><\/td><\/tr><tr><td rowspan=\"2\">Mercredi 20<\/td><td>&nbsp;Aigre<\/td><td>&nbsp;11 h<\/td><td>&nbsp;Messe<\/td><\/tr><tr><td>&nbsp;Ruffec<\/td><td>&nbsp;18 h<\/td><td>&nbsp;Messe \u00e0 l&#8217;\u00e9glise<\/td><\/tr><tr><td rowspan=\"2\">Jeudi 21<\/td><td>&nbsp;Ruffec<\/td><td>&nbsp;17 h<\/td><td>&nbsp;Exposition du Saint Sacrement, confessions \u00e0 l\u2019\u00e9glise<\/td><\/tr><tr><td>&nbsp;Ruffec<\/td><td>&nbsp;18 h 30<\/td><td>&nbsp;Messe \u00e0 l\u2019\u00e9glise<\/td><\/tr><tr><td rowspan=\"2\">Vendredi&nbsp; 22 &nbsp;<\/td><td>&nbsp;Ruffec<\/td><td>&nbsp;12 h 10<\/td><td>&nbsp;Messe \u00e0 la chapelle du Sacr\u00e9-C\u0153ur<\/td><\/tr><tr><td>&nbsp;Mansle &nbsp;<\/td><td>&nbsp;19 h 45 &nbsp;A 22 h&nbsp;&nbsp;<\/td><td><strong>&nbsp;La NUIT des T\u00c9MOINS<\/strong><strong>&nbsp;: Veill\u00e9e de pri\u00e8re et de t\u00e9moignages, organis\u00e9e par l&#8217;AED &#8211; l&#8217;Aide \u00e0 l&#8217;\u00c9glise en D\u00e9tresse<\/strong><strong><\/strong><\/td><\/tr><tr><td rowspan=\"4\"><strong>Samedi 23<\/strong><\/td><td>&nbsp;Ruffec<\/td><td>&nbsp;9 h 30<\/td><td>&nbsp;Confessions \u00e0 l\u2019\u00e9glise.<\/td><\/tr><tr><td><strong>&nbsp;Villefagnan<\/strong><strong><\/strong><\/td><td><strong>10 h<\/strong><strong><\/strong><\/td><td><strong>&nbsp;Eveil \u00e0 la foi, cat\u00e9 et aum\u00f4nerie au presbyt\u00e8re<\/strong><strong><\/strong><\/td><\/tr><tr><td>&nbsp;Bernac<\/td><td>&nbsp;11 h<\/td><td>&nbsp;Chapelet pour les vocations sacerdotales et religieuses<\/td><\/tr><tr><td>&nbsp;Mansle<\/td><td>18 h<\/td><td>&nbsp;Messe anticip\u00e9e<\/td><\/tr><tr><td><strong>Dimanche 24<\/strong><\/td><td><strong>\u00a0Villefagnan <\/strong> <strong>\u00a0<\/strong> <strong>\u00a0<\/strong> <strong>\u00a0<\/strong> <strong>\u00a0<\/strong> <br><strong>\u00a0<\/strong><br><br><br><br><br><strong>Ecole Enfant J\u00e9sus<\/strong>                                            Loto <\/td><td><strong>10 h <\/strong> <strong>\u00a010 h 30<\/strong> <strong>\u00a0<\/strong> <strong>\u00a0<\/strong> <strong>\u00a0<\/strong> <strong>\u00a0<\/strong> <strong>\u00a0<\/strong><\/td><td><strong>&nbsp;Temps d\u2019Adoration \u00e0 l\u2019\u00e9glise&nbsp;; L\u2019 Adoration Eucharistique consiste \u00e0 regarder le Christ mais surtout \u00e0 se laisser regarder et aimer par Lui, \u00e0 se laisser faire par Lui.<\/strong><strong><\/strong> <strong>&nbsp;Messe dominicale&nbsp; en doyenn\u00e9, ap\u00e9ritif convivial sur le parvis de l\u2019\u00e9glise et vente de g\u00e2teaux au profit des jeunes qui partiront \u00e0 Lourdes&nbsp; <\/strong><strong><\/strong> <strong>&nbsp;Loto de l\u2019\u00e9cole \u00e0 la salle des f\u00eates de Villefagnan , portes ouvertes \u00e0 13 h<\/strong><strong><\/strong> <strong>&nbsp;&nbsp;&nbsp;&nbsp;&nbsp;&nbsp;&nbsp;&nbsp;&nbsp;&nbsp;&nbsp;&nbsp;&nbsp;&nbsp;&nbsp;&nbsp;&nbsp;&nbsp;&nbsp;&nbsp;&nbsp;&nbsp;&nbsp;&nbsp;&nbsp;&nbsp;&nbsp;&nbsp;&nbsp;&nbsp;&nbsp;&nbsp;&nbsp;&nbsp;&nbsp;&nbsp;&nbsp;&nbsp;&nbsp;&nbsp; <\/strong><strong><\/strong><\/td><\/tr><tr><td><strong>&nbsp;<\/strong><\/td><td><strong>&nbsp;<\/strong><\/td><td><strong>&nbsp;<\/strong><\/td><td><strong>&nbsp;<\/strong><\/td><\/tr><\/tbody><\/table><\/figure>\n\n\n\n<p><strong>&nbsp;&nbsp;&nbsp;&nbsp;&nbsp;&nbsp;&nbsp;&nbsp;&nbsp;&nbsp;&nbsp;&nbsp;&nbsp;&nbsp;&nbsp;&nbsp;&nbsp;&nbsp;&nbsp;&nbsp;&nbsp;&nbsp;&nbsp;&nbsp;&nbsp;&nbsp;&nbsp;&nbsp;&nbsp;&nbsp;&nbsp;&nbsp;&nbsp;&nbsp;&nbsp;&nbsp;&nbsp;&nbsp;&nbsp;&nbsp;&nbsp;&nbsp;&nbsp;&nbsp;&nbsp;&nbsp;&nbsp;&nbsp;&nbsp;&nbsp;&nbsp; Semaine de la pastorale du coll\u00e8ge du Sacr\u00e9-Coeur<\/strong><\/p>\n\n\n\n<p>SAMEDI&nbsp; 23 Novembre&nbsp;: SERVANTS \u2013 SERVANTES&nbsp;: \u00e0 10 h \u00e0 l\u2019\u00e9glise de Ruffec, pr\u00e9sentation et formation de ce nouveau service pour les gar\u00e7ons et les filles de 8 ans \u00e0 18 ans\u2026.<\/p>\n\n\n\n<p><strong>TEMPS FORT CAT\u00c9 + \u00c9VEIL \u00e0 la FOI de 10 h \u00e0 12 h<\/strong><\/p>\n\n\n\n<p>Toutes infos&nbsp;: 05 45 29 01 72 \/ <a href=\"https:\/\/nordcharente.catholique.fr\/\">https:\/\/nordcharente.catholique.fr<\/a><\/p>\n\n\n\n<p>Presbyt\u00e8re de Villefagnan&nbsp;: 5 rue Patient 16240 Villefagnan&nbsp;: 05 45 31 61 07 \/ mail&nbsp;: paroisse.villefagnan@outlook.com<strong><\/strong><\/p>\n\n\n\n<p>\u00a0\u00a0 <strong><em>Braderie solidaire du Secours Catholique de 9 h 30 \u00e0 12 h, Maison paroissiale \u2013 Rue du Temple \u00e0 Aigre<\/em><\/strong><\/p>\n\n\n\n<figure class=\"wp-block-table\"><table class=\"has-fixed-layout\"><tbody><tr><td><strong>Rappel \u00e0 Dieu de monsieur Christian DUVIVIER \u00e0 Villefagnan.<\/strong><\/td><\/tr><\/tbody><\/table><\/figure>\n","protected":false},"excerpt":{"rendered":"<p>Samedi 16 &nbsp;Ruffec 9 h 30 Confessions \u00e0 l\u2019\u00e9glise. &nbsp;Londigny &nbsp;10 h 30 &nbsp;11 h &nbsp;Chapelet pour les vocations sacerdotales et religieuses &nbsp;Messe &nbsp;Villefagnan &nbsp;17 h &nbsp;18 h &nbsp;Pri\u00e8re du chapelet pour les pr\u00eatres souffrants ou en difficult\u00e9 &nbsp;Messe &nbsp;Salles de Villefagnan &nbsp; &nbsp;18 h &nbsp;Messe anticip\u00e9e &nbsp; Dimanche 17 &nbsp;Aigre Mansle Ruffec &nbsp; Nanteuil [&hellip;]<\/p>\n","protected":false},"author":38,"featured_media":7484,"comment_status":"open","ping_status":"open","sticky":false,"template":"","format":"standard","meta":{"_acf_changed":false,"paroisse":["14"],"service":["0"],"footnotes":""},"categories":[1],"tags":[],"class_list":["post-7482","post","type-post","status-publish","format-standard","has-post-thumbnail","hentry","category-actualites"],"acf":[],"yoast_head":"<!-- This site is optimized with the Yoast SEO plugin v27.1.1 - https:\/\/yoast.com\/product\/yoast-seo-wordpress\/ -->\n<title>annonces:Semaine du 16 au 24 Novembre 2024 - Doyenn\u00e9 Nord Charente<\/title>\n<meta name=\"robots\" content=\"index, follow, max-snippet:-1, max-image-preview:large, max-video-preview:-1\" \/>\n<link rel=\"canonical\" href=\"https:\/\/charente.catholique.fr\/nord-charente\/actualites\/annoncessemaine-du-16-au-24-novembre-2024\/\" \/>\n<meta property=\"og:locale\" content=\"fr_FR\" \/>\n<meta property=\"og:type\" content=\"article\" \/>\n<meta property=\"og:title\" content=\"annonces:Semaine du 16 au 24 Novembre 2024 - Doyenn\u00e9 Nord Charente\" \/>\n<meta property=\"og:description\" content=\"Samedi 16 &nbsp;Ruffec 9 h 30 Confessions \u00e0 l\u2019\u00e9glise. &nbsp;Londigny &nbsp;10 h 30 &nbsp;11 h &nbsp;Chapelet pour les vocations sacerdotales et religieuses &nbsp;Messe &nbsp;Villefagnan &nbsp;17 h &nbsp;18 h &nbsp;Pri\u00e8re du chapelet pour les pr\u00eatres souffrants ou en difficult\u00e9 &nbsp;Messe &nbsp;Salles de Villefagnan &nbsp; &nbsp;18 h &nbsp;Messe anticip\u00e9e &nbsp; Dimanche 17 &nbsp;Aigre Mansle Ruffec &nbsp; Nanteuil [&hellip;]\" \/>\n<meta property=\"og:url\" content=\"https:\/\/charente.catholique.fr\/nord-charente\/actualites\/annoncessemaine-du-16-au-24-novembre-2024\/\" \/>\n<meta property=\"og:site_name\" content=\"Doyenn\u00e9 Nord Charente\" \/>\n<meta property=\"article:publisher\" content=\"https:\/\/www.facebook.com\/EgliseCatholiqueCharente\" \/>\n<meta property=\"article:published_time\" content=\"2024-11-17T12:30:36+00:00\" \/>\n<meta property=\"article:modified_time\" content=\"2024-11-17T12:30:37+00:00\" \/>\n<meta property=\"og:image\" content=\"https:\/\/charente.catholique.fr\/nord-charente\/wp-content\/uploads\/sites\/4\/2024\/11\/img_0966.jpg\" \/>\n\t<meta property=\"og:image:width\" content=\"480\" \/>\n\t<meta property=\"og:image:height\" content=\"640\" \/>\n\t<meta property=\"og:image:type\" content=\"image\/jpeg\" \/>\n<meta name=\"author\" content=\"joelleayrault\" \/>\n<meta name=\"twitter:card\" content=\"summary_large_image\" \/>\n<meta name=\"twitter:creator\" content=\"@diocesecharente\" \/>\n<meta name=\"twitter:site\" content=\"@diocesecharente\" \/>\n<meta name=\"twitter:label1\" content=\"\u00c9crit par\" \/>\n\t<meta name=\"twitter:data1\" content=\"joelleayrault\" \/>\n\t<meta name=\"twitter:label2\" content=\"Dur\u00e9e de lecture estim\u00e9e\" \/>\n\t<meta name=\"twitter:data2\" content=\"3 minutes\" \/>\n<script type=\"application\/ld+json\" class=\"yoast-schema-graph\">{\"@context\":\"https:\/\/schema.org\",\"@graph\":[{\"@type\":\"Article\",\"@id\":\"https:\/\/charente.catholique.fr\/nord-charente\/actualites\/annoncessemaine-du-16-au-24-novembre-2024\/#article\",\"isPartOf\":{\"@id\":\"https:\/\/charente.catholique.fr\/nord-charente\/actualites\/annoncessemaine-du-16-au-24-novembre-2024\/\"},\"author\":{\"name\":\"joelleayrault\",\"@id\":\"https:\/\/charente.catholique.fr\/nord-charente\/#\/schema\/person\/51184492e4abba33e5d768059a70f4db\"},\"headline\":\"annonces:Semaine du 16 au 24 Novembre 2024\",\"datePublished\":\"2024-11-17T12:30:36+00:00\",\"dateModified\":\"2024-11-17T12:30:37+00:00\",\"mainEntityOfPage\":{\"@id\":\"https:\/\/charente.catholique.fr\/nord-charente\/actualites\/annoncessemaine-du-16-au-24-novembre-2024\/\"},\"wordCount\":585,\"commentCount\":0,\"publisher\":{\"@id\":\"https:\/\/charente.catholique.fr\/nord-charente\/#organization\"},\"image\":{\"@id\":\"https:\/\/charente.catholique.fr\/nord-charente\/actualites\/annoncessemaine-du-16-au-24-novembre-2024\/#primaryimage\"},\"thumbnailUrl\":\"https:\/\/charente.catholique.fr\/nord-charente\/wp-content\/uploads\/sites\/4\/2024\/11\/img_0966.jpg\",\"articleSection\":[\"Actualit\u00e9s\"],\"inLanguage\":\"fr-FR\",\"potentialAction\":[{\"@type\":\"CommentAction\",\"name\":\"Comment\",\"target\":[\"https:\/\/charente.catholique.fr\/nord-charente\/actualites\/annoncessemaine-du-16-au-24-novembre-2024\/#respond\"]}]},{\"@type\":\"WebPage\",\"@id\":\"https:\/\/charente.catholique.fr\/nord-charente\/actualites\/annoncessemaine-du-16-au-24-novembre-2024\/\",\"url\":\"https:\/\/charente.catholique.fr\/nord-charente\/actualites\/annoncessemaine-du-16-au-24-novembre-2024\/\",\"name\":\"annonces:Semaine du 16 au 24 Novembre 2024 - Doyenn\u00e9 Nord Charente\",\"isPartOf\":{\"@id\":\"https:\/\/charente.catholique.fr\/nord-charente\/#website\"},\"primaryImageOfPage\":{\"@id\":\"https:\/\/charente.catholique.fr\/nord-charente\/actualites\/annoncessemaine-du-16-au-24-novembre-2024\/#primaryimage\"},\"image\":{\"@id\":\"https:\/\/charente.catholique.fr\/nord-charente\/actualites\/annoncessemaine-du-16-au-24-novembre-2024\/#primaryimage\"},\"thumbnailUrl\":\"https:\/\/charente.catholique.fr\/nord-charente\/wp-content\/uploads\/sites\/4\/2024\/11\/img_0966.jpg\",\"datePublished\":\"2024-11-17T12:30:36+00:00\",\"dateModified\":\"2024-11-17T12:30:37+00:00\",\"breadcrumb\":{\"@id\":\"https:\/\/charente.catholique.fr\/nord-charente\/actualites\/annoncessemaine-du-16-au-24-novembre-2024\/#breadcrumb\"},\"inLanguage\":\"fr-FR\",\"potentialAction\":[{\"@type\":\"ReadAction\",\"target\":[\"https:\/\/charente.catholique.fr\/nord-charente\/actualites\/annoncessemaine-du-16-au-24-novembre-2024\/\"]}]},{\"@type\":\"ImageObject\",\"inLanguage\":\"fr-FR\",\"@id\":\"https:\/\/charente.catholique.fr\/nord-charente\/actualites\/annoncessemaine-du-16-au-24-novembre-2024\/#primaryimage\",\"url\":\"https:\/\/charente.catholique.fr\/nord-charente\/wp-content\/uploads\/sites\/4\/2024\/11\/img_0966.jpg\",\"contentUrl\":\"https:\/\/charente.catholique.fr\/nord-charente\/wp-content\/uploads\/sites\/4\/2024\/11\/img_0966.jpg\",\"width\":480,\"height\":640},{\"@type\":\"BreadcrumbList\",\"@id\":\"https:\/\/charente.catholique.fr\/nord-charente\/actualites\/annoncessemaine-du-16-au-24-novembre-2024\/#breadcrumb\",\"itemListElement\":[{\"@type\":\"ListItem\",\"position\":1,\"name\":\"Accueil\",\"item\":\"https:\/\/charente.catholique.fr\/nord-charente\/\"},{\"@type\":\"ListItem\",\"position\":2,\"name\":\"annonces:Semaine du 16 au 24 Novembre 2024\"}]},{\"@type\":\"WebSite\",\"@id\":\"https:\/\/charente.catholique.fr\/nord-charente\/#website\",\"url\":\"https:\/\/charente.catholique.fr\/nord-charente\/\",\"name\":\"Doyenn\u00e9 Nord Charente - Dioc\u00e8se d'Angoul\u00eame\",\"description\":\"Dioc\u00e8se d&#039;Angoul\u00eame\",\"publisher\":{\"@id\":\"https:\/\/charente.catholique.fr\/nord-charente\/#organization\"},\"potentialAction\":[{\"@type\":\"SearchAction\",\"target\":{\"@type\":\"EntryPoint\",\"urlTemplate\":\"https:\/\/charente.catholique.fr\/nord-charente\/?s={search_term_string}\"},\"query-input\":{\"@type\":\"PropertyValueSpecification\",\"valueRequired\":true,\"valueName\":\"search_term_string\"}}],\"inLanguage\":\"fr-FR\"},{\"@type\":\"Organization\",\"@id\":\"https:\/\/charente.catholique.fr\/nord-charente\/#organization\",\"name\":\"Association dioc\u00e9saine d'Angoul\u00eame\",\"url\":\"https:\/\/charente.catholique.fr\/nord-charente\/\",\"logo\":{\"@type\":\"ImageObject\",\"inLanguage\":\"fr-FR\",\"@id\":\"https:\/\/charente.catholique.fr\/nord-charente\/#\/schema\/logo\/image\/\",\"url\":\"https:\/\/charente.catholique.fr\/nord-charente\/wp-content\/uploads\/sites\/4\/2020\/10\/logos.png\",\"contentUrl\":\"https:\/\/charente.catholique.fr\/nord-charente\/wp-content\/uploads\/sites\/4\/2020\/10\/logos.png\",\"width\":600,\"height\":257,\"caption\":\"Association dioc\u00e9saine d'Angoul\u00eame\"},\"image\":{\"@id\":\"https:\/\/charente.catholique.fr\/nord-charente\/#\/schema\/logo\/image\/\"},\"sameAs\":[\"https:\/\/www.facebook.com\/EgliseCatholiqueCharente\",\"https:\/\/x.com\/diocesecharente\",\"https:\/\/www.instagram.com\/eglisecharente\",\"https:\/\/www.youtube.com\/channel\/UCByyFWApZbw3gDTiADoiAaQ\"]},{\"@type\":\"Person\",\"@id\":\"https:\/\/charente.catholique.fr\/nord-charente\/#\/schema\/person\/51184492e4abba33e5d768059a70f4db\",\"name\":\"joelleayrault\",\"image\":{\"@type\":\"ImageObject\",\"inLanguage\":\"fr-FR\",\"@id\":\"https:\/\/charente.catholique.fr\/nord-charente\/#\/schema\/person\/image\/\",\"url\":\"https:\/\/secure.gravatar.com\/avatar\/3bd3977af99690427d59b19ec7b6bd94226de63be5c368ae8d090f2d7f86dd5f?s=96&d=mm&r=g\",\"contentUrl\":\"https:\/\/secure.gravatar.com\/avatar\/3bd3977af99690427d59b19ec7b6bd94226de63be5c368ae8d090f2d7f86dd5f?s=96&d=mm&r=g\",\"caption\":\"joelleayrault\"},\"url\":\"https:\/\/charente.catholique.fr\/nord-charente\/author\/joelleayrault\/\"}]}<\/script>\n<!-- \/ Yoast SEO plugin. -->","yoast_head_json":{"title":"annonces:Semaine du 16 au 24 Novembre 2024 - Doyenn\u00e9 Nord Charente","robots":{"index":"index","follow":"follow","max-snippet":"max-snippet:-1","max-image-preview":"max-image-preview:large","max-video-preview":"max-video-preview:-1"},"canonical":"https:\/\/charente.catholique.fr\/nord-charente\/actualites\/annoncessemaine-du-16-au-24-novembre-2024\/","og_locale":"fr_FR","og_type":"article","og_title":"annonces:Semaine du 16 au 24 Novembre 2024 - Doyenn\u00e9 Nord Charente","og_description":"Samedi 16 &nbsp;Ruffec 9 h 30 Confessions \u00e0 l\u2019\u00e9glise. &nbsp;Londigny &nbsp;10 h 30 &nbsp;11 h &nbsp;Chapelet pour les vocations sacerdotales et religieuses &nbsp;Messe &nbsp;Villefagnan &nbsp;17 h &nbsp;18 h &nbsp;Pri\u00e8re du chapelet pour les pr\u00eatres souffrants ou en difficult\u00e9 &nbsp;Messe &nbsp;Salles de Villefagnan &nbsp; &nbsp;18 h &nbsp;Messe anticip\u00e9e &nbsp; Dimanche 17 &nbsp;Aigre Mansle Ruffec &nbsp; Nanteuil [&hellip;]","og_url":"https:\/\/charente.catholique.fr\/nord-charente\/actualites\/annoncessemaine-du-16-au-24-novembre-2024\/","og_site_name":"Doyenn\u00e9 Nord Charente","article_publisher":"https:\/\/www.facebook.com\/EgliseCatholiqueCharente","article_published_time":"2024-11-17T12:30:36+00:00","article_modified_time":"2024-11-17T12:30:37+00:00","og_image":[{"width":480,"height":640,"url":"https:\/\/charente.catholique.fr\/nord-charente\/wp-content\/uploads\/sites\/4\/2024\/11\/img_0966.jpg","type":"image\/jpeg"}],"author":"joelleayrault","twitter_card":"summary_large_image","twitter_creator":"@diocesecharente","twitter_site":"@diocesecharente","twitter_misc":{"\u00c9crit par":"joelleayrault","Dur\u00e9e de lecture estim\u00e9e":"3 minutes"},"schema":{"@context":"https:\/\/schema.org","@graph":[{"@type":"Article","@id":"https:\/\/charente.catholique.fr\/nord-charente\/actualites\/annoncessemaine-du-16-au-24-novembre-2024\/#article","isPartOf":{"@id":"https:\/\/charente.catholique.fr\/nord-charente\/actualites\/annoncessemaine-du-16-au-24-novembre-2024\/"},"author":{"name":"joelleayrault","@id":"https:\/\/charente.catholique.fr\/nord-charente\/#\/schema\/person\/51184492e4abba33e5d768059a70f4db"},"headline":"annonces:Semaine du 16 au 24 Novembre 2024","datePublished":"2024-11-17T12:30:36+00:00","dateModified":"2024-11-17T12:30:37+00:00","mainEntityOfPage":{"@id":"https:\/\/charente.catholique.fr\/nord-charente\/actualites\/annoncessemaine-du-16-au-24-novembre-2024\/"},"wordCount":585,"commentCount":0,"publisher":{"@id":"https:\/\/charente.catholique.fr\/nord-charente\/#organization"},"image":{"@id":"https:\/\/charente.catholique.fr\/nord-charente\/actualites\/annoncessemaine-du-16-au-24-novembre-2024\/#primaryimage"},"thumbnailUrl":"https:\/\/charente.catholique.fr\/nord-charente\/wp-content\/uploads\/sites\/4\/2024\/11\/img_0966.jpg","articleSection":["Actualit\u00e9s"],"inLanguage":"fr-FR","potentialAction":[{"@type":"CommentAction","name":"Comment","target":["https:\/\/charente.catholique.fr\/nord-charente\/actualites\/annoncessemaine-du-16-au-24-novembre-2024\/#respond"]}]},{"@type":"WebPage","@id":"https:\/\/charente.catholique.fr\/nord-charente\/actualites\/annoncessemaine-du-16-au-24-novembre-2024\/","url":"https:\/\/charente.catholique.fr\/nord-charente\/actualites\/annoncessemaine-du-16-au-24-novembre-2024\/","name":"annonces:Semaine du 16 au 24 Novembre 2024 - Doyenn\u00e9 Nord Charente","isPartOf":{"@id":"https:\/\/charente.catholique.fr\/nord-charente\/#website"},"primaryImageOfPage":{"@id":"https:\/\/charente.catholique.fr\/nord-charente\/actualites\/annoncessemaine-du-16-au-24-novembre-2024\/#primaryimage"},"image":{"@id":"https:\/\/charente.catholique.fr\/nord-charente\/actualites\/annoncessemaine-du-16-au-24-novembre-2024\/#primaryimage"},"thumbnailUrl":"https:\/\/charente.catholique.fr\/nord-charente\/wp-content\/uploads\/sites\/4\/2024\/11\/img_0966.jpg","datePublished":"2024-11-17T12:30:36+00:00","dateModified":"2024-11-17T12:30:37+00:00","breadcrumb":{"@id":"https:\/\/charente.catholique.fr\/nord-charente\/actualites\/annoncessemaine-du-16-au-24-novembre-2024\/#breadcrumb"},"inLanguage":"fr-FR","potentialAction":[{"@type":"ReadAction","target":["https:\/\/charente.catholique.fr\/nord-charente\/actualites\/annoncessemaine-du-16-au-24-novembre-2024\/"]}]},{"@type":"ImageObject","inLanguage":"fr-FR","@id":"https:\/\/charente.catholique.fr\/nord-charente\/actualites\/annoncessemaine-du-16-au-24-novembre-2024\/#primaryimage","url":"https:\/\/charente.catholique.fr\/nord-charente\/wp-content\/uploads\/sites\/4\/2024\/11\/img_0966.jpg","contentUrl":"https:\/\/charente.catholique.fr\/nord-charente\/wp-content\/uploads\/sites\/4\/2024\/11\/img_0966.jpg","width":480,"height":640},{"@type":"BreadcrumbList","@id":"https:\/\/charente.catholique.fr\/nord-charente\/actualites\/annoncessemaine-du-16-au-24-novembre-2024\/#breadcrumb","itemListElement":[{"@type":"ListItem","position":1,"name":"Accueil","item":"https:\/\/charente.catholique.fr\/nord-charente\/"},{"@type":"ListItem","position":2,"name":"annonces:Semaine du 16 au 24 Novembre 2024"}]},{"@type":"WebSite","@id":"https:\/\/charente.catholique.fr\/nord-charente\/#website","url":"https:\/\/charente.catholique.fr\/nord-charente\/","name":"Doyenn\u00e9 Nord Charente - Dioc\u00e8se d'Angoul\u00eame","description":"Dioc\u00e8se d&#039;Angoul\u00eame","publisher":{"@id":"https:\/\/charente.catholique.fr\/nord-charente\/#organization"},"potentialAction":[{"@type":"SearchAction","target":{"@type":"EntryPoint","urlTemplate":"https:\/\/charente.catholique.fr\/nord-charente\/?s={search_term_string}"},"query-input":{"@type":"PropertyValueSpecification","valueRequired":true,"valueName":"search_term_string"}}],"inLanguage":"fr-FR"},{"@type":"Organization","@id":"https:\/\/charente.catholique.fr\/nord-charente\/#organization","name":"Association dioc\u00e9saine d'Angoul\u00eame","url":"https:\/\/charente.catholique.fr\/nord-charente\/","logo":{"@type":"ImageObject","inLanguage":"fr-FR","@id":"https:\/\/charente.catholique.fr\/nord-charente\/#\/schema\/logo\/image\/","url":"https:\/\/charente.catholique.fr\/nord-charente\/wp-content\/uploads\/sites\/4\/2020\/10\/logos.png","contentUrl":"https:\/\/charente.catholique.fr\/nord-charente\/wp-content\/uploads\/sites\/4\/2020\/10\/logos.png","width":600,"height":257,"caption":"Association dioc\u00e9saine d'Angoul\u00eame"},"image":{"@id":"https:\/\/charente.catholique.fr\/nord-charente\/#\/schema\/logo\/image\/"},"sameAs":["https:\/\/www.facebook.com\/EgliseCatholiqueCharente","https:\/\/x.com\/diocesecharente","https:\/\/www.instagram.com\/eglisecharente","https:\/\/www.youtube.com\/channel\/UCByyFWApZbw3gDTiADoiAaQ"]},{"@type":"Person","@id":"https:\/\/charente.catholique.fr\/nord-charente\/#\/schema\/person\/51184492e4abba33e5d768059a70f4db","name":"joelleayrault","image":{"@type":"ImageObject","inLanguage":"fr-FR","@id":"https:\/\/charente.catholique.fr\/nord-charente\/#\/schema\/person\/image\/","url":"https:\/\/secure.gravatar.com\/avatar\/3bd3977af99690427d59b19ec7b6bd94226de63be5c368ae8d090f2d7f86dd5f?s=96&d=mm&r=g","contentUrl":"https:\/\/secure.gravatar.com\/avatar\/3bd3977af99690427d59b19ec7b6bd94226de63be5c368ae8d090f2d7f86dd5f?s=96&d=mm&r=g","caption":"joelleayrault"},"url":"https:\/\/charente.catholique.fr\/nord-charente\/author\/joelleayrault\/"}]}},"_links":{"self":[{"href":"https:\/\/charente.catholique.fr\/nord-charente\/wp-json\/wp\/v2\/posts\/7482","targetHints":{"allow":["GET"]}}],"collection":[{"href":"https:\/\/charente.catholique.fr\/nord-charente\/wp-json\/wp\/v2\/posts"}],"about":[{"href":"https:\/\/charente.catholique.fr\/nord-charente\/wp-json\/wp\/v2\/types\/post"}],"author":[{"embeddable":true,"href":"https:\/\/charente.catholique.fr\/nord-charente\/wp-json\/wp\/v2\/users\/38"}],"replies":[{"embeddable":true,"href":"https:\/\/charente.catholique.fr\/nord-charente\/wp-json\/wp\/v2\/comments?post=7482"}],"version-history":[{"count":1,"href":"https:\/\/charente.catholique.fr\/nord-charente\/wp-json\/wp\/v2\/posts\/7482\/revisions"}],"predecessor-version":[{"id":7483,"href":"https:\/\/charente.catholique.fr\/nord-charente\/wp-json\/wp\/v2\/posts\/7482\/revisions\/7483"}],"wp:featuredmedia":[{"embeddable":true,"href":"https:\/\/charente.catholique.fr\/nord-charente\/wp-json\/wp\/v2\/media\/7484"}],"wp:attachment":[{"href":"https:\/\/charente.catholique.fr\/nord-charente\/wp-json\/wp\/v2\/media?parent=7482"}],"wp:term":[{"taxonomy":"category","embeddable":true,"href":"https:\/\/charente.catholique.fr\/nord-charente\/wp-json\/wp\/v2\/categories?post=7482"},{"taxonomy":"post_tag","embeddable":true,"href":"https:\/\/charente.catholique.fr\/nord-charente\/wp-json\/wp\/v2\/tags?post=7482"}],"curies":[{"name":"wp","href":"https:\/\/api.w.org\/{rel}","templated":true}]}}