{"id":7443,"date":"2024-11-13T09:21:20","date_gmt":"2024-11-13T08:21:20","guid":{"rendered":"https:\/\/charente.catholique.fr\/nord-charente\/?p=7443"},"modified":"2024-11-13T09:21:21","modified_gmt":"2024-11-13T08:21:21","slug":"annoncessemaine-du-9-au-17-novembre-2024","status":"publish","type":"post","link":"https:\/\/charente.catholique.fr\/nord-charente\/actualites\/annoncessemaine-du-9-au-17-novembre-2024\/","title":{"rendered":"Annonces:semaine du 9 au 17 novembre 2024"},"content":{"rendered":"\n<figure class=\"wp-block-table\"><table class=\"has-fixed-layout\"><thead><tr><td><\/td><td colspan=\"3\"><strong>Semaine du<\/strong><strong> 9 au 17 Novembre 2024<\/strong><\/td><\/tr><\/thead><tbody><tr><td rowspan=\"4\"><strong>Samedi 9<\/strong><\/td><td>&nbsp;Ruffec &nbsp;<\/td><td>&nbsp;9 h 30<\/td><td>&nbsp;Confessions \u00e0 l\u2019\u00e9glise.<\/td><\/tr><tr><td><strong>&nbsp;Villefagnan<\/strong><\/td><td><strong>&nbsp;10 h<\/strong><\/td><td><strong>&nbsp;Rencontre du cat\u00e9 et de l\u2019aum\u00f4nerie au presbyt\u00e8re<\/strong><\/td><\/tr><tr><td>&nbsp;La Faye<\/td><td>&nbsp;11 h<\/td><td>&nbsp;Chapelet pour les vocations sacerdotales et religieuses<\/td><\/tr><tr><td>&nbsp;<strong>Villefagnan<\/strong> &nbsp;<strong>Villefagnan<\/strong> et Aunac<\/td><td>&nbsp;<strong>17 h<\/strong> &nbsp;18 h<\/td><td>&nbsp;<strong>Chapelet pour les pr\u00eatres souffrants et en difficult\u00e9<\/strong> &nbsp;Messe anticip\u00e9e<\/td><\/tr><tr><td rowspan=\"2\">Dimanche 10<\/td><td>&nbsp;Aigre Mansle Ruffec<\/td><td>10 h 30<\/td><td>&nbsp;Messe dominicale<\/td><\/tr><tr><td>&nbsp;<\/td><td>&nbsp;<\/td><td>&nbsp;<\/td><\/tr><tr><td>Lundi 11<\/td><td><strong>&nbsp;<\/strong>Ebr\u00e9on &nbsp;Ruffec &nbsp;<\/td><td><strong>&nbsp;<\/strong>11 h &nbsp;14 h 30 &nbsp;18 h<\/td><td>&nbsp;Messe<strong><\/strong> &nbsp;Pri\u00e8re du Renouveau \u00e0 l&#8217;oratoire &nbsp;Messe \u00e0 l&#8217;oratoire<\/td><\/tr><tr><td rowspan=\"2\"><strong>Mardi 12<\/strong><\/td><td><strong>&nbsp;Villefagnan<\/strong><strong><\/strong> <strong>&nbsp;<\/strong><\/td><td><strong>&nbsp;9 h 15<\/strong><strong><\/strong> <strong>&nbsp;15 h<\/strong><strong><\/strong><\/td><td><strong>&nbsp;C\u00e9l\u00e9bration &nbsp;<\/strong><strong><\/strong> <strong>&nbsp;S\u00e9pulture de Monsieur Christian DUVIVIER<\/strong><strong><\/strong><\/td><\/tr><tr><td>&nbsp;Ruffec<strong><\/strong> <strong>&nbsp;Villefagnan<\/strong><\/td><td>&nbsp;18 h 30<strong><\/strong> <strong>&nbsp;20 h<\/strong><\/td><td>&nbsp;Messe \u00e0 l&#8217;\u00e9glise<strong><\/strong> <strong>&nbsp;Veill\u00e9e d\u2019Adoration et de Louange \u00e0 l\u2019\u00e9glise<\/strong><\/td><\/tr><tr><td>Mercredi 13<\/td><td>&nbsp;Aigre &nbsp;Villefagnan &nbsp;Ruffec<\/td><td>&nbsp;11 h &nbsp;14 h &nbsp;18 h<\/td><td>&nbsp;Messe &nbsp;Rencontre pr\u00e9paration de la messe en doyenn\u00e9 du 24, au presbyt\u00e8re &nbsp;Messe \u00e0 l\u2019\u00e9glise<\/td><\/tr><tr><td rowspan=\"2\">Jeudi 14<\/td><td>&nbsp;Ruffec<\/td><td>&nbsp;17 h &nbsp;18 h 30<\/td><td>&nbsp;Exposition du Saint Sacrement, confessions, &nbsp;Messe \u00e0 l\u2019\u00e9glise<\/td><\/tr><tr><td>&nbsp;<\/td><td>&nbsp;<\/td><td>&nbsp;<\/td><\/tr><tr><td>Vendredi&nbsp; 15 &nbsp;<\/td><td>&nbsp;Ruffec &nbsp; &nbsp;Aizecq &nbsp;Aigre<\/td><td>&nbsp;12 h 10 &nbsp;15 h 30 &nbsp;14 h 45 &nbsp;20 h<\/td><td>&nbsp;Messe \u00e0 la chapelle du Sacr\u00e9-C\u0153ur &nbsp;Messe aux Jardins d\u2019Antan &nbsp;R\u00e9p\u00e9tition de chants \u00e0 l\u2019\u00e9glise &nbsp;Conseil de doyenn\u00e9 \u00e0 la maison paroissiale<\/td><\/tr><tr><td rowspan=\"4\"><strong>Samedi 16<\/strong><\/td><td>&nbsp;<\/td><td>&nbsp;<\/td><td>&nbsp;<\/td><\/tr><tr><td>&nbsp;Londigny<\/td><td>&nbsp;10 h 30 &nbsp;11 h<\/td><td>&nbsp;Chapelet pour les vocations sacerdotales et religieuses &nbsp;Messe \u00e0 l\u2019\u00e9glise<\/td><\/tr><tr><td>&nbsp;<strong>Villefagnan<\/strong><\/td><td>&nbsp;<strong>17 h<\/strong> <strong>&nbsp;18 h<\/strong><\/td><td>&nbsp;<strong>Chapelet pour les pr\u00eatres souffrants et en difficult\u00e9<\/strong> <strong>&nbsp;Messe anticip\u00e9e<\/strong><\/td><\/tr><tr><td>&nbsp;Salles de Villefagnan<\/td><td>18 h<\/td><td>&nbsp;Messe anticip\u00e9e<\/td><\/tr><tr><td>Dimanche 17<\/td><td><strong>&nbsp;<\/strong>Aigre Mansle Ruffec &nbsp;Angoul\u00eame &nbsp; &nbsp;Nanteuil en Vall\u00e9e <strong>&nbsp;<\/strong><\/td><td>&nbsp;10 h 30 &nbsp;11 h &nbsp;14 \u00e017 h 40 &nbsp;16 h &nbsp;<\/td><td>&nbsp;Messe dominicale&nbsp; &nbsp;F\u00eate du diaconat permanent, Messe \u00e0 la cath\u00e9drale &nbsp;Conf\u00e9rence et table ronde&nbsp;&nbsp; &nbsp;\u00ab&nbsp; Chorales en concert&nbsp;\u00bb&nbsp;&nbsp;&nbsp;&nbsp;&nbsp;&nbsp;&nbsp;&nbsp;&nbsp;&nbsp;&nbsp;&nbsp;&nbsp;&nbsp;&nbsp;&nbsp;&nbsp;&nbsp;&nbsp;&nbsp;&nbsp;&nbsp;&nbsp;&nbsp;&nbsp;&nbsp;&nbsp;&nbsp;&nbsp;&nbsp;&nbsp;&nbsp;&nbsp;&nbsp;&nbsp;&nbsp;&nbsp;&nbsp;&nbsp;<\/td><\/tr><tr><td>&nbsp;<\/td><td>&nbsp;<\/td><td>&nbsp;<\/td><td>&nbsp;<\/td><\/tr><\/tbody><\/table><\/figure>\n\n\n\n<p>Toutes infos&nbsp;: 05 45 29 01 72 \/ <a href=\"https:\/\/nordcharente.catholique.fr\/\">https:\/\/nordcharente.catholique.fr<\/a><\/p>\n\n\n\n<p>&nbsp;Presbyt\u00e8re de Villefagnan&nbsp;: 5 rue Patient 16240 Villefagnan&nbsp;: 05 45 31 61 07 \/ mail&nbsp;: paroisse.villefagnan@outlook.com<strong>&nbsp;&nbsp;&nbsp;&nbsp;&nbsp;&nbsp;&nbsp;&nbsp;&nbsp;&nbsp;&nbsp;&nbsp;&nbsp;&nbsp;&nbsp;&nbsp;&nbsp;&nbsp;&nbsp;&nbsp;&nbsp;&nbsp;&nbsp;&nbsp;&nbsp;&nbsp;&nbsp;&nbsp;&nbsp;&nbsp;&nbsp;&nbsp;&nbsp;&nbsp;&nbsp;&nbsp;&nbsp;&nbsp;&nbsp;&nbsp;&nbsp;&nbsp;&nbsp;&nbsp;&nbsp;&nbsp;<\/strong><\/p>\n\n\n\n<p><strong><u>Samedi 16<\/u><\/strong><strong> : <a><em>Braderie solidaire du Secours Catholique de 9 h 30 \u00e0 12 h, Maison paroissiale <\/em><\/a><em>d\u2019Aigre Dimanche 17&nbsp;:Journ\u00e9e mondiale des pauvres et journ\u00e9e mondiale du Secours Catholique Caritas<\/em><\/strong><\/p>\n\n\n\n<p><strong><em>Qu\u00eate Imp\u00e9r\u00e9e au profit du Secours Catholique et Vente de bougies<\/em><\/strong><\/p>\n\n\n\n<p><strong><em>Ce Dimanche 17 Novembre&nbsp;: F\u00caTE du DIACONAT PERMANENT<\/em><\/strong><em> <strong>pour les 60 ans<\/strong> <strong>apr\u00e8s le r\u00e9tablissement du diaconat permanent(s\u2019organiser pour covoiturage)<\/strong><\/em><strong><em><\/em><\/strong><\/p>\n\n\n\n<p><strong><em>11 H Messe \u00e0 la cath\u00e9drale. De 14 h \u00e0 17 h 40&nbsp;: Conf\u00e9rences et table ronde&nbsp;&nbsp;&nbsp;&nbsp;&nbsp;<\/em><\/strong><\/p>\n\n\n\n<p><em><u>SAMEDI&nbsp; 23 Novembre<\/u><\/em><em>&nbsp;: SERVANTS \u2013 SERVANTES&nbsp;: \u00e0 11 h \u00e0 l\u2019\u00e9glise de Ruffec, pr\u00e9sentation et formation de ce nouveau service pour les gar\u00e7ons et les filles de 8 ans \u00e0 18 ans\u2026.<\/em><\/p>\n\n\n\n<figure class=\"wp-block-table\"><table class=\"has-fixed-layout\"><tbody><tr><td>Rappel \u00e0 Dieu de Madame Denise NOUHAILLAGUET<\/td><\/tr><\/tbody><\/table><\/figure>\n","protected":false},"excerpt":{"rendered":"<p>Semaine du 9 au 17 Novembre 2024 Samedi 9 &nbsp;Ruffec &nbsp; &nbsp;9 h 30 &nbsp;Confessions \u00e0 l\u2019\u00e9glise. &nbsp;Villefagnan &nbsp;10 h &nbsp;Rencontre du cat\u00e9 et de l\u2019aum\u00f4nerie au presbyt\u00e8re &nbsp;La Faye &nbsp;11 h &nbsp;Chapelet pour les vocations sacerdotales et religieuses &nbsp;Villefagnan &nbsp;Villefagnan et Aunac &nbsp;17 h &nbsp;18 h &nbsp;Chapelet pour les pr\u00eatres souffrants et en difficult\u00e9 [&hellip;]<\/p>\n","protected":false},"author":38,"featured_media":7445,"comment_status":"open","ping_status":"open","sticky":false,"template":"","format":"standard","meta":{"_acf_changed":false,"paroisse":["14"],"service":["0"],"footnotes":""},"categories":[1],"tags":[],"class_list":["post-7443","post","type-post","status-publish","format-standard","has-post-thumbnail","hentry","category-actualites"],"acf":[],"yoast_head":"<!-- This site is optimized with the Yoast SEO plugin v27.1.1 - https:\/\/yoast.com\/product\/yoast-seo-wordpress\/ -->\n<title>Annonces:semaine du 9 au 17 novembre 2024 - Doyenn\u00e9 Nord Charente<\/title>\n<meta name=\"robots\" content=\"index, follow, max-snippet:-1, max-image-preview:large, max-video-preview:-1\" \/>\n<link rel=\"canonical\" href=\"https:\/\/charente.catholique.fr\/nord-charente\/actualites\/annoncessemaine-du-9-au-17-novembre-2024\/\" \/>\n<meta property=\"og:locale\" content=\"fr_FR\" \/>\n<meta property=\"og:type\" content=\"article\" \/>\n<meta property=\"og:title\" content=\"Annonces:semaine du 9 au 17 novembre 2024 - Doyenn\u00e9 Nord Charente\" \/>\n<meta property=\"og:description\" content=\"Semaine du 9 au 17 Novembre 2024 Samedi 9 &nbsp;Ruffec &nbsp; &nbsp;9 h 30 &nbsp;Confessions \u00e0 l\u2019\u00e9glise. &nbsp;Villefagnan &nbsp;10 h &nbsp;Rencontre du cat\u00e9 et de l\u2019aum\u00f4nerie au presbyt\u00e8re &nbsp;La Faye &nbsp;11 h &nbsp;Chapelet pour les vocations sacerdotales et religieuses &nbsp;Villefagnan &nbsp;Villefagnan et Aunac &nbsp;17 h &nbsp;18 h &nbsp;Chapelet pour les pr\u00eatres souffrants et en difficult\u00e9 [&hellip;]\" \/>\n<meta property=\"og:url\" content=\"https:\/\/charente.catholique.fr\/nord-charente\/actualites\/annoncessemaine-du-9-au-17-novembre-2024\/\" \/>\n<meta property=\"og:site_name\" content=\"Doyenn\u00e9 Nord Charente\" \/>\n<meta property=\"article:publisher\" content=\"https:\/\/www.facebook.com\/EgliseCatholiqueCharente\" \/>\n<meta property=\"article:published_time\" content=\"2024-11-13T08:21:20+00:00\" \/>\n<meta property=\"article:modified_time\" content=\"2024-11-13T08:21:21+00:00\" \/>\n<meta property=\"og:image\" content=\"https:\/\/charente.catholique.fr\/nord-charente\/wp-content\/uploads\/sites\/4\/2024\/11\/istockphoto-1270621903-612x612-1.jpg\" \/>\n\t<meta property=\"og:image:width\" content=\"612\" \/>\n\t<meta property=\"og:image:height\" content=\"408\" \/>\n\t<meta property=\"og:image:type\" content=\"image\/jpeg\" \/>\n<meta name=\"author\" content=\"joelleayrault\" \/>\n<meta name=\"twitter:card\" content=\"summary_large_image\" \/>\n<meta name=\"twitter:creator\" content=\"@diocesecharente\" \/>\n<meta name=\"twitter:site\" content=\"@diocesecharente\" \/>\n<meta name=\"twitter:label1\" content=\"\u00c9crit par\" \/>\n\t<meta name=\"twitter:data1\" content=\"joelleayrault\" \/>\n\t<meta name=\"twitter:label2\" content=\"Dur\u00e9e de lecture estim\u00e9e\" \/>\n\t<meta name=\"twitter:data2\" content=\"3 minutes\" \/>\n<script type=\"application\/ld+json\" class=\"yoast-schema-graph\">{\"@context\":\"https:\/\/schema.org\",\"@graph\":[{\"@type\":\"Article\",\"@id\":\"https:\/\/charente.catholique.fr\/nord-charente\/actualites\/annoncessemaine-du-9-au-17-novembre-2024\/#article\",\"isPartOf\":{\"@id\":\"https:\/\/charente.catholique.fr\/nord-charente\/actualites\/annoncessemaine-du-9-au-17-novembre-2024\/\"},\"author\":{\"name\":\"joelleayrault\",\"@id\":\"https:\/\/charente.catholique.fr\/nord-charente\/#\/schema\/person\/51184492e4abba33e5d768059a70f4db\"},\"headline\":\"Annonces:semaine du 9 au 17 novembre 2024\",\"datePublished\":\"2024-11-13T08:21:20+00:00\",\"dateModified\":\"2024-11-13T08:21:21+00:00\",\"mainEntityOfPage\":{\"@id\":\"https:\/\/charente.catholique.fr\/nord-charente\/actualites\/annoncessemaine-du-9-au-17-novembre-2024\/\"},\"wordCount\":587,\"commentCount\":0,\"publisher\":{\"@id\":\"https:\/\/charente.catholique.fr\/nord-charente\/#organization\"},\"image\":{\"@id\":\"https:\/\/charente.catholique.fr\/nord-charente\/actualites\/annoncessemaine-du-9-au-17-novembre-2024\/#primaryimage\"},\"thumbnailUrl\":\"https:\/\/charente.catholique.fr\/nord-charente\/wp-content\/uploads\/sites\/4\/2024\/11\/istockphoto-1270621903-612x612-1.jpg\",\"articleSection\":[\"Actualit\u00e9s\"],\"inLanguage\":\"fr-FR\",\"potentialAction\":[{\"@type\":\"CommentAction\",\"name\":\"Comment\",\"target\":[\"https:\/\/charente.catholique.fr\/nord-charente\/actualites\/annoncessemaine-du-9-au-17-novembre-2024\/#respond\"]}]},{\"@type\":\"WebPage\",\"@id\":\"https:\/\/charente.catholique.fr\/nord-charente\/actualites\/annoncessemaine-du-9-au-17-novembre-2024\/\",\"url\":\"https:\/\/charente.catholique.fr\/nord-charente\/actualites\/annoncessemaine-du-9-au-17-novembre-2024\/\",\"name\":\"Annonces:semaine du 9 au 17 novembre 2024 - Doyenn\u00e9 Nord Charente\",\"isPartOf\":{\"@id\":\"https:\/\/charente.catholique.fr\/nord-charente\/#website\"},\"primaryImageOfPage\":{\"@id\":\"https:\/\/charente.catholique.fr\/nord-charente\/actualites\/annoncessemaine-du-9-au-17-novembre-2024\/#primaryimage\"},\"image\":{\"@id\":\"https:\/\/charente.catholique.fr\/nord-charente\/actualites\/annoncessemaine-du-9-au-17-novembre-2024\/#primaryimage\"},\"thumbnailUrl\":\"https:\/\/charente.catholique.fr\/nord-charente\/wp-content\/uploads\/sites\/4\/2024\/11\/istockphoto-1270621903-612x612-1.jpg\",\"datePublished\":\"2024-11-13T08:21:20+00:00\",\"dateModified\":\"2024-11-13T08:21:21+00:00\",\"breadcrumb\":{\"@id\":\"https:\/\/charente.catholique.fr\/nord-charente\/actualites\/annoncessemaine-du-9-au-17-novembre-2024\/#breadcrumb\"},\"inLanguage\":\"fr-FR\",\"potentialAction\":[{\"@type\":\"ReadAction\",\"target\":[\"https:\/\/charente.catholique.fr\/nord-charente\/actualites\/annoncessemaine-du-9-au-17-novembre-2024\/\"]}]},{\"@type\":\"ImageObject\",\"inLanguage\":\"fr-FR\",\"@id\":\"https:\/\/charente.catholique.fr\/nord-charente\/actualites\/annoncessemaine-du-9-au-17-novembre-2024\/#primaryimage\",\"url\":\"https:\/\/charente.catholique.fr\/nord-charente\/wp-content\/uploads\/sites\/4\/2024\/11\/istockphoto-1270621903-612x612-1.jpg\",\"contentUrl\":\"https:\/\/charente.catholique.fr\/nord-charente\/wp-content\/uploads\/sites\/4\/2024\/11\/istockphoto-1270621903-612x612-1.jpg\",\"width\":612,\"height\":408,\"caption\":\"Hands folded in prayer in church with rosary beads and religious cross concept for faith, spirtuality and religion\"},{\"@type\":\"BreadcrumbList\",\"@id\":\"https:\/\/charente.catholique.fr\/nord-charente\/actualites\/annoncessemaine-du-9-au-17-novembre-2024\/#breadcrumb\",\"itemListElement\":[{\"@type\":\"ListItem\",\"position\":1,\"name\":\"Accueil\",\"item\":\"https:\/\/charente.catholique.fr\/nord-charente\/\"},{\"@type\":\"ListItem\",\"position\":2,\"name\":\"Annonces:semaine du 9 au 17 novembre 2024\"}]},{\"@type\":\"WebSite\",\"@id\":\"https:\/\/charente.catholique.fr\/nord-charente\/#website\",\"url\":\"https:\/\/charente.catholique.fr\/nord-charente\/\",\"name\":\"Doyenn\u00e9 Nord Charente - Dioc\u00e8se d'Angoul\u00eame\",\"description\":\"Dioc\u00e8se d&#039;Angoul\u00eame\",\"publisher\":{\"@id\":\"https:\/\/charente.catholique.fr\/nord-charente\/#organization\"},\"potentialAction\":[{\"@type\":\"SearchAction\",\"target\":{\"@type\":\"EntryPoint\",\"urlTemplate\":\"https:\/\/charente.catholique.fr\/nord-charente\/?s={search_term_string}\"},\"query-input\":{\"@type\":\"PropertyValueSpecification\",\"valueRequired\":true,\"valueName\":\"search_term_string\"}}],\"inLanguage\":\"fr-FR\"},{\"@type\":\"Organization\",\"@id\":\"https:\/\/charente.catholique.fr\/nord-charente\/#organization\",\"name\":\"Association dioc\u00e9saine d'Angoul\u00eame\",\"url\":\"https:\/\/charente.catholique.fr\/nord-charente\/\",\"logo\":{\"@type\":\"ImageObject\",\"inLanguage\":\"fr-FR\",\"@id\":\"https:\/\/charente.catholique.fr\/nord-charente\/#\/schema\/logo\/image\/\",\"url\":\"https:\/\/charente.catholique.fr\/nord-charente\/wp-content\/uploads\/sites\/4\/2020\/10\/logos.png\",\"contentUrl\":\"https:\/\/charente.catholique.fr\/nord-charente\/wp-content\/uploads\/sites\/4\/2020\/10\/logos.png\",\"width\":600,\"height\":257,\"caption\":\"Association dioc\u00e9saine d'Angoul\u00eame\"},\"image\":{\"@id\":\"https:\/\/charente.catholique.fr\/nord-charente\/#\/schema\/logo\/image\/\"},\"sameAs\":[\"https:\/\/www.facebook.com\/EgliseCatholiqueCharente\",\"https:\/\/x.com\/diocesecharente\",\"https:\/\/www.instagram.com\/eglisecharente\",\"https:\/\/www.youtube.com\/channel\/UCByyFWApZbw3gDTiADoiAaQ\"]},{\"@type\":\"Person\",\"@id\":\"https:\/\/charente.catholique.fr\/nord-charente\/#\/schema\/person\/51184492e4abba33e5d768059a70f4db\",\"name\":\"joelleayrault\",\"image\":{\"@type\":\"ImageObject\",\"inLanguage\":\"fr-FR\",\"@id\":\"https:\/\/charente.catholique.fr\/nord-charente\/#\/schema\/person\/image\/\",\"url\":\"https:\/\/secure.gravatar.com\/avatar\/3bd3977af99690427d59b19ec7b6bd94226de63be5c368ae8d090f2d7f86dd5f?s=96&d=mm&r=g\",\"contentUrl\":\"https:\/\/secure.gravatar.com\/avatar\/3bd3977af99690427d59b19ec7b6bd94226de63be5c368ae8d090f2d7f86dd5f?s=96&d=mm&r=g\",\"caption\":\"joelleayrault\"},\"url\":\"https:\/\/charente.catholique.fr\/nord-charente\/author\/joelleayrault\/\"}]}<\/script>\n<!-- \/ Yoast SEO plugin. -->","yoast_head_json":{"title":"Annonces:semaine du 9 au 17 novembre 2024 - Doyenn\u00e9 Nord Charente","robots":{"index":"index","follow":"follow","max-snippet":"max-snippet:-1","max-image-preview":"max-image-preview:large","max-video-preview":"max-video-preview:-1"},"canonical":"https:\/\/charente.catholique.fr\/nord-charente\/actualites\/annoncessemaine-du-9-au-17-novembre-2024\/","og_locale":"fr_FR","og_type":"article","og_title":"Annonces:semaine du 9 au 17 novembre 2024 - Doyenn\u00e9 Nord Charente","og_description":"Semaine du 9 au 17 Novembre 2024 Samedi 9 &nbsp;Ruffec &nbsp; &nbsp;9 h 30 &nbsp;Confessions \u00e0 l\u2019\u00e9glise. &nbsp;Villefagnan &nbsp;10 h &nbsp;Rencontre du cat\u00e9 et de l\u2019aum\u00f4nerie au presbyt\u00e8re &nbsp;La Faye &nbsp;11 h &nbsp;Chapelet pour les vocations sacerdotales et religieuses &nbsp;Villefagnan &nbsp;Villefagnan et Aunac &nbsp;17 h &nbsp;18 h &nbsp;Chapelet pour les pr\u00eatres souffrants et en difficult\u00e9 [&hellip;]","og_url":"https:\/\/charente.catholique.fr\/nord-charente\/actualites\/annoncessemaine-du-9-au-17-novembre-2024\/","og_site_name":"Doyenn\u00e9 Nord Charente","article_publisher":"https:\/\/www.facebook.com\/EgliseCatholiqueCharente","article_published_time":"2024-11-13T08:21:20+00:00","article_modified_time":"2024-11-13T08:21:21+00:00","og_image":[{"width":612,"height":408,"url":"https:\/\/charente.catholique.fr\/nord-charente\/wp-content\/uploads\/sites\/4\/2024\/11\/istockphoto-1270621903-612x612-1.jpg","type":"image\/jpeg"}],"author":"joelleayrault","twitter_card":"summary_large_image","twitter_creator":"@diocesecharente","twitter_site":"@diocesecharente","twitter_misc":{"\u00c9crit par":"joelleayrault","Dur\u00e9e de lecture estim\u00e9e":"3 minutes"},"schema":{"@context":"https:\/\/schema.org","@graph":[{"@type":"Article","@id":"https:\/\/charente.catholique.fr\/nord-charente\/actualites\/annoncessemaine-du-9-au-17-novembre-2024\/#article","isPartOf":{"@id":"https:\/\/charente.catholique.fr\/nord-charente\/actualites\/annoncessemaine-du-9-au-17-novembre-2024\/"},"author":{"name":"joelleayrault","@id":"https:\/\/charente.catholique.fr\/nord-charente\/#\/schema\/person\/51184492e4abba33e5d768059a70f4db"},"headline":"Annonces:semaine du 9 au 17 novembre 2024","datePublished":"2024-11-13T08:21:20+00:00","dateModified":"2024-11-13T08:21:21+00:00","mainEntityOfPage":{"@id":"https:\/\/charente.catholique.fr\/nord-charente\/actualites\/annoncessemaine-du-9-au-17-novembre-2024\/"},"wordCount":587,"commentCount":0,"publisher":{"@id":"https:\/\/charente.catholique.fr\/nord-charente\/#organization"},"image":{"@id":"https:\/\/charente.catholique.fr\/nord-charente\/actualites\/annoncessemaine-du-9-au-17-novembre-2024\/#primaryimage"},"thumbnailUrl":"https:\/\/charente.catholique.fr\/nord-charente\/wp-content\/uploads\/sites\/4\/2024\/11\/istockphoto-1270621903-612x612-1.jpg","articleSection":["Actualit\u00e9s"],"inLanguage":"fr-FR","potentialAction":[{"@type":"CommentAction","name":"Comment","target":["https:\/\/charente.catholique.fr\/nord-charente\/actualites\/annoncessemaine-du-9-au-17-novembre-2024\/#respond"]}]},{"@type":"WebPage","@id":"https:\/\/charente.catholique.fr\/nord-charente\/actualites\/annoncessemaine-du-9-au-17-novembre-2024\/","url":"https:\/\/charente.catholique.fr\/nord-charente\/actualites\/annoncessemaine-du-9-au-17-novembre-2024\/","name":"Annonces:semaine du 9 au 17 novembre 2024 - Doyenn\u00e9 Nord Charente","isPartOf":{"@id":"https:\/\/charente.catholique.fr\/nord-charente\/#website"},"primaryImageOfPage":{"@id":"https:\/\/charente.catholique.fr\/nord-charente\/actualites\/annoncessemaine-du-9-au-17-novembre-2024\/#primaryimage"},"image":{"@id":"https:\/\/charente.catholique.fr\/nord-charente\/actualites\/annoncessemaine-du-9-au-17-novembre-2024\/#primaryimage"},"thumbnailUrl":"https:\/\/charente.catholique.fr\/nord-charente\/wp-content\/uploads\/sites\/4\/2024\/11\/istockphoto-1270621903-612x612-1.jpg","datePublished":"2024-11-13T08:21:20+00:00","dateModified":"2024-11-13T08:21:21+00:00","breadcrumb":{"@id":"https:\/\/charente.catholique.fr\/nord-charente\/actualites\/annoncessemaine-du-9-au-17-novembre-2024\/#breadcrumb"},"inLanguage":"fr-FR","potentialAction":[{"@type":"ReadAction","target":["https:\/\/charente.catholique.fr\/nord-charente\/actualites\/annoncessemaine-du-9-au-17-novembre-2024\/"]}]},{"@type":"ImageObject","inLanguage":"fr-FR","@id":"https:\/\/charente.catholique.fr\/nord-charente\/actualites\/annoncessemaine-du-9-au-17-novembre-2024\/#primaryimage","url":"https:\/\/charente.catholique.fr\/nord-charente\/wp-content\/uploads\/sites\/4\/2024\/11\/istockphoto-1270621903-612x612-1.jpg","contentUrl":"https:\/\/charente.catholique.fr\/nord-charente\/wp-content\/uploads\/sites\/4\/2024\/11\/istockphoto-1270621903-612x612-1.jpg","width":612,"height":408,"caption":"Hands folded in prayer in church with rosary beads and religious cross concept for faith, spirtuality and religion"},{"@type":"BreadcrumbList","@id":"https:\/\/charente.catholique.fr\/nord-charente\/actualites\/annoncessemaine-du-9-au-17-novembre-2024\/#breadcrumb","itemListElement":[{"@type":"ListItem","position":1,"name":"Accueil","item":"https:\/\/charente.catholique.fr\/nord-charente\/"},{"@type":"ListItem","position":2,"name":"Annonces:semaine du 9 au 17 novembre 2024"}]},{"@type":"WebSite","@id":"https:\/\/charente.catholique.fr\/nord-charente\/#website","url":"https:\/\/charente.catholique.fr\/nord-charente\/","name":"Doyenn\u00e9 Nord Charente - Dioc\u00e8se d'Angoul\u00eame","description":"Dioc\u00e8se d&#039;Angoul\u00eame","publisher":{"@id":"https:\/\/charente.catholique.fr\/nord-charente\/#organization"},"potentialAction":[{"@type":"SearchAction","target":{"@type":"EntryPoint","urlTemplate":"https:\/\/charente.catholique.fr\/nord-charente\/?s={search_term_string}"},"query-input":{"@type":"PropertyValueSpecification","valueRequired":true,"valueName":"search_term_string"}}],"inLanguage":"fr-FR"},{"@type":"Organization","@id":"https:\/\/charente.catholique.fr\/nord-charente\/#organization","name":"Association dioc\u00e9saine d'Angoul\u00eame","url":"https:\/\/charente.catholique.fr\/nord-charente\/","logo":{"@type":"ImageObject","inLanguage":"fr-FR","@id":"https:\/\/charente.catholique.fr\/nord-charente\/#\/schema\/logo\/image\/","url":"https:\/\/charente.catholique.fr\/nord-charente\/wp-content\/uploads\/sites\/4\/2020\/10\/logos.png","contentUrl":"https:\/\/charente.catholique.fr\/nord-charente\/wp-content\/uploads\/sites\/4\/2020\/10\/logos.png","width":600,"height":257,"caption":"Association dioc\u00e9saine d'Angoul\u00eame"},"image":{"@id":"https:\/\/charente.catholique.fr\/nord-charente\/#\/schema\/logo\/image\/"},"sameAs":["https:\/\/www.facebook.com\/EgliseCatholiqueCharente","https:\/\/x.com\/diocesecharente","https:\/\/www.instagram.com\/eglisecharente","https:\/\/www.youtube.com\/channel\/UCByyFWApZbw3gDTiADoiAaQ"]},{"@type":"Person","@id":"https:\/\/charente.catholique.fr\/nord-charente\/#\/schema\/person\/51184492e4abba33e5d768059a70f4db","name":"joelleayrault","image":{"@type":"ImageObject","inLanguage":"fr-FR","@id":"https:\/\/charente.catholique.fr\/nord-charente\/#\/schema\/person\/image\/","url":"https:\/\/secure.gravatar.com\/avatar\/3bd3977af99690427d59b19ec7b6bd94226de63be5c368ae8d090f2d7f86dd5f?s=96&d=mm&r=g","contentUrl":"https:\/\/secure.gravatar.com\/avatar\/3bd3977af99690427d59b19ec7b6bd94226de63be5c368ae8d090f2d7f86dd5f?s=96&d=mm&r=g","caption":"joelleayrault"},"url":"https:\/\/charente.catholique.fr\/nord-charente\/author\/joelleayrault\/"}]}},"_links":{"self":[{"href":"https:\/\/charente.catholique.fr\/nord-charente\/wp-json\/wp\/v2\/posts\/7443","targetHints":{"allow":["GET"]}}],"collection":[{"href":"https:\/\/charente.catholique.fr\/nord-charente\/wp-json\/wp\/v2\/posts"}],"about":[{"href":"https:\/\/charente.catholique.fr\/nord-charente\/wp-json\/wp\/v2\/types\/post"}],"author":[{"embeddable":true,"href":"https:\/\/charente.catholique.fr\/nord-charente\/wp-json\/wp\/v2\/users\/38"}],"replies":[{"embeddable":true,"href":"https:\/\/charente.catholique.fr\/nord-charente\/wp-json\/wp\/v2\/comments?post=7443"}],"version-history":[{"count":1,"href":"https:\/\/charente.catholique.fr\/nord-charente\/wp-json\/wp\/v2\/posts\/7443\/revisions"}],"predecessor-version":[{"id":7444,"href":"https:\/\/charente.catholique.fr\/nord-charente\/wp-json\/wp\/v2\/posts\/7443\/revisions\/7444"}],"wp:featuredmedia":[{"embeddable":true,"href":"https:\/\/charente.catholique.fr\/nord-charente\/wp-json\/wp\/v2\/media\/7445"}],"wp:attachment":[{"href":"https:\/\/charente.catholique.fr\/nord-charente\/wp-json\/wp\/v2\/media?parent=7443"}],"wp:term":[{"taxonomy":"category","embeddable":true,"href":"https:\/\/charente.catholique.fr\/nord-charente\/wp-json\/wp\/v2\/categories?post=7443"},{"taxonomy":"post_tag","embeddable":true,"href":"https:\/\/charente.catholique.fr\/nord-charente\/wp-json\/wp\/v2\/tags?post=7443"}],"curies":[{"name":"wp","href":"https:\/\/api.w.org\/{rel}","templated":true}]}}