{"id":7307,"date":"2024-10-12T12:59:52","date_gmt":"2024-10-12T10:59:52","guid":{"rendered":"https:\/\/charente.catholique.fr\/nord-charente\/?p=7307"},"modified":"2024-10-12T12:59:53","modified_gmt":"2024-10-12T10:59:53","slug":"qui-peut-etre-sauve","status":"publish","type":"post","link":"https:\/\/charente.catholique.fr\/nord-charente\/actualites\/qui-peut-etre-sauve\/","title":{"rendered":"Qui peut \u00eatre sauv\u00e9 ?"},"content":{"rendered":"\n<p class=\"has-text-align-center\">\u00c0 ceux qui voudraient conna\u00eetre la m\u00e9thode facile,<br>en dix le\u00e7ons, pour \u00eatre sauv\u00e9,<br>J\u00e9sus r\u00e9pond que c&#8217;est difficile,<br>et m\u00eame aussi impossible qu&#8217;\u00e0 un chameau de passer par le trou d&#8217;une aiguille.<\/p>\n\n\n\n<p class=\"has-text-align-center\">Pourtant, la m\u00e9thode existe puisque rien n&#8217;est impossible \u00e0 Dieu.<\/p>\n\n\n\n<p class=\"has-text-align-center\">Donc, sans h\u00e9siter, misons sur sa mis\u00e9ricorde.<br>L&#8217;appel de l&#8217;homme riche nous indique le chemin.<br>Tout d&#8217;abord ne pas s&#8217;attacher \u00e0 un ma\u00eetre \u00e0 penser humain,<br>serait-il aussi bon que J\u00e9sus lui-m\u00eame.<br>Ne s&#8217;appuyer que sur la bont\u00e9 divine.<\/p>\n\n\n\n<p class=\"has-text-align-center\">Mais comme nous savons maintenant que J\u00e9sus est vrai Dieu autant que vrai homme,<br>nous relions en Lui seul les deux points d&#8217;appui.<\/p>\n\n\n\n<p class=\"has-text-align-center\">Puis, pratiquer les commandements.<br>Ensuite, op\u00e9rer un d\u00e9tachent au moins &#8220;affectif&#8221; par rapport \u00e0 tous nos biens.<br>Enfin, choisir courageusement la voie trac\u00e9e par le Christ,<br>de sorte que sa gr\u00e2ce nous transforme peu \u00e0 peu, moyennant des efforts co\u00fbteux,<br>jusqu&#8217;\u00e0 rendre la baudruche de notre moi assez mince<br>pour traverser le trou d&#8217;une aiguille \u00e0 raccommoder les filets de p\u00eache.<\/p>\n\n\n\n<p class=\"has-text-align-center\">P\u00e8re Jean-Marc Bot<\/p>\n","protected":false},"excerpt":{"rendered":"<p>\u00c0 ceux qui voudraient conna\u00eetre la m\u00e9thode facile,en dix le\u00e7ons, pour \u00eatre sauv\u00e9,J\u00e9sus r\u00e9pond que c&#8217;est difficile,et m\u00eame aussi impossible qu&#8217;\u00e0 un chameau de passer par le trou d&#8217;une aiguille. Pourtant, la m\u00e9thode existe puisque rien n&#8217;est impossible \u00e0 Dieu. Donc, sans h\u00e9siter, misons sur sa mis\u00e9ricorde.L&#8217;appel de l&#8217;homme riche nous indique le chemin.Tout d&#8217;abord [&hellip;]<\/p>\n","protected":false},"author":95,"featured_media":7308,"comment_status":"open","ping_status":"open","sticky":false,"template":"","format":"standard","meta":{"_acf_changed":false,"paroisse":["22"],"service":["0"],"footnotes":""},"categories":[4],"tags":[],"class_list":["post-7307","post","type-post","status-publish","format-standard","has-post-thumbnail","hentry","category-aigre"],"acf":[],"yoast_head":"<!-- This site is optimized with the Yoast SEO plugin v27.1.1 - https:\/\/yoast.com\/product\/yoast-seo-wordpress\/ -->\n<title>Qui peut \u00eatre sauv\u00e9 ? - Doyenn\u00e9 Nord Charente<\/title>\n<meta name=\"robots\" content=\"index, follow, max-snippet:-1, max-image-preview:large, max-video-preview:-1\" \/>\n<link rel=\"canonical\" href=\"https:\/\/charente.catholique.fr\/nord-charente\/actualites\/qui-peut-etre-sauve\/\" \/>\n<meta property=\"og:locale\" content=\"fr_FR\" \/>\n<meta property=\"og:type\" content=\"article\" \/>\n<meta property=\"og:title\" content=\"Qui peut \u00eatre sauv\u00e9 ? - Doyenn\u00e9 Nord Charente\" \/>\n<meta property=\"og:description\" content=\"\u00c0 ceux qui voudraient conna\u00eetre la m\u00e9thode facile,en dix le\u00e7ons, pour \u00eatre sauv\u00e9,J\u00e9sus r\u00e9pond que c&#8217;est difficile,et m\u00eame aussi impossible qu&#8217;\u00e0 un chameau de passer par le trou d&#8217;une aiguille. Pourtant, la m\u00e9thode existe puisque rien n&#8217;est impossible \u00e0 Dieu. Donc, sans h\u00e9siter, misons sur sa mis\u00e9ricorde.L&#8217;appel de l&#8217;homme riche nous indique le chemin.Tout d&#8217;abord [&hellip;]\" \/>\n<meta property=\"og:url\" content=\"https:\/\/charente.catholique.fr\/nord-charente\/actualites\/qui-peut-etre-sauve\/\" \/>\n<meta property=\"og:site_name\" content=\"Doyenn\u00e9 Nord Charente\" \/>\n<meta property=\"article:publisher\" content=\"https:\/\/www.facebook.com\/EgliseCatholiqueCharente\" \/>\n<meta property=\"article:published_time\" content=\"2024-10-12T10:59:52+00:00\" \/>\n<meta property=\"article:modified_time\" content=\"2024-10-12T10:59:53+00:00\" \/>\n<meta property=\"og:image\" content=\"https:\/\/charente.catholique.fr\/nord-charente\/wp-content\/uploads\/sites\/4\/2024\/10\/salvation_724_496_80.jpg\" \/>\n\t<meta property=\"og:image:width\" content=\"724\" \/>\n\t<meta property=\"og:image:height\" content=\"496\" \/>\n\t<meta property=\"og:image:type\" content=\"image\/jpeg\" \/>\n<meta name=\"author\" content=\"Marie ZANDVLIET\" \/>\n<meta name=\"twitter:card\" content=\"summary_large_image\" \/>\n<meta name=\"twitter:creator\" content=\"@diocesecharente\" \/>\n<meta name=\"twitter:site\" content=\"@diocesecharente\" \/>\n<meta name=\"twitter:label1\" content=\"\u00c9crit par\" \/>\n\t<meta name=\"twitter:data1\" content=\"Marie ZANDVLIET\" \/>\n\t<meta name=\"twitter:label2\" content=\"Dur\u00e9e de lecture estim\u00e9e\" \/>\n\t<meta name=\"twitter:data2\" content=\"2 minutes\" \/>\n<script type=\"application\/ld+json\" class=\"yoast-schema-graph\">{\"@context\":\"https:\/\/schema.org\",\"@graph\":[{\"@type\":\"Article\",\"@id\":\"https:\/\/charente.catholique.fr\/nord-charente\/actualites\/qui-peut-etre-sauve\/#article\",\"isPartOf\":{\"@id\":\"https:\/\/charente.catholique.fr\/nord-charente\/actualites\/qui-peut-etre-sauve\/\"},\"author\":{\"name\":\"Marie ZANDVLIET\",\"@id\":\"https:\/\/charente.catholique.fr\/nord-charente\/#\/schema\/person\/5711de98abb018ff863964265e7ce7af\"},\"headline\":\"Qui peut \u00eatre sauv\u00e9 ?\",\"datePublished\":\"2024-10-12T10:59:52+00:00\",\"dateModified\":\"2024-10-12T10:59:53+00:00\",\"mainEntityOfPage\":{\"@id\":\"https:\/\/charente.catholique.fr\/nord-charente\/actualites\/qui-peut-etre-sauve\/\"},\"wordCount\":195,\"commentCount\":0,\"publisher\":{\"@id\":\"https:\/\/charente.catholique.fr\/nord-charente\/#organization\"},\"image\":{\"@id\":\"https:\/\/charente.catholique.fr\/nord-charente\/actualites\/qui-peut-etre-sauve\/#primaryimage\"},\"thumbnailUrl\":\"https:\/\/charente.catholique.fr\/nord-charente\/wp-content\/uploads\/sites\/4\/2024\/10\/salvation_724_496_80.jpg\",\"articleSection\":[\"Aigre\"],\"inLanguage\":\"fr-FR\",\"potentialAction\":[{\"@type\":\"CommentAction\",\"name\":\"Comment\",\"target\":[\"https:\/\/charente.catholique.fr\/nord-charente\/actualites\/qui-peut-etre-sauve\/#respond\"]}]},{\"@type\":\"WebPage\",\"@id\":\"https:\/\/charente.catholique.fr\/nord-charente\/actualites\/qui-peut-etre-sauve\/\",\"url\":\"https:\/\/charente.catholique.fr\/nord-charente\/actualites\/qui-peut-etre-sauve\/\",\"name\":\"Qui peut \u00eatre sauv\u00e9 ? - Doyenn\u00e9 Nord Charente\",\"isPartOf\":{\"@id\":\"https:\/\/charente.catholique.fr\/nord-charente\/#website\"},\"primaryImageOfPage\":{\"@id\":\"https:\/\/charente.catholique.fr\/nord-charente\/actualites\/qui-peut-etre-sauve\/#primaryimage\"},\"image\":{\"@id\":\"https:\/\/charente.catholique.fr\/nord-charente\/actualites\/qui-peut-etre-sauve\/#primaryimage\"},\"thumbnailUrl\":\"https:\/\/charente.catholique.fr\/nord-charente\/wp-content\/uploads\/sites\/4\/2024\/10\/salvation_724_496_80.jpg\",\"datePublished\":\"2024-10-12T10:59:52+00:00\",\"dateModified\":\"2024-10-12T10:59:53+00:00\",\"breadcrumb\":{\"@id\":\"https:\/\/charente.catholique.fr\/nord-charente\/actualites\/qui-peut-etre-sauve\/#breadcrumb\"},\"inLanguage\":\"fr-FR\",\"potentialAction\":[{\"@type\":\"ReadAction\",\"target\":[\"https:\/\/charente.catholique.fr\/nord-charente\/actualites\/qui-peut-etre-sauve\/\"]}]},{\"@type\":\"ImageObject\",\"inLanguage\":\"fr-FR\",\"@id\":\"https:\/\/charente.catholique.fr\/nord-charente\/actualites\/qui-peut-etre-sauve\/#primaryimage\",\"url\":\"https:\/\/charente.catholique.fr\/nord-charente\/wp-content\/uploads\/sites\/4\/2024\/10\/salvation_724_496_80.jpg\",\"contentUrl\":\"https:\/\/charente.catholique.fr\/nord-charente\/wp-content\/uploads\/sites\/4\/2024\/10\/salvation_724_496_80.jpg\",\"width\":724,\"height\":496},{\"@type\":\"BreadcrumbList\",\"@id\":\"https:\/\/charente.catholique.fr\/nord-charente\/actualites\/qui-peut-etre-sauve\/#breadcrumb\",\"itemListElement\":[{\"@type\":\"ListItem\",\"position\":1,\"name\":\"Accueil\",\"item\":\"https:\/\/charente.catholique.fr\/nord-charente\/\"},{\"@type\":\"ListItem\",\"position\":2,\"name\":\"Qui peut \u00eatre sauv\u00e9 ?\"}]},{\"@type\":\"WebSite\",\"@id\":\"https:\/\/charente.catholique.fr\/nord-charente\/#website\",\"url\":\"https:\/\/charente.catholique.fr\/nord-charente\/\",\"name\":\"Doyenn\u00e9 Nord Charente - Dioc\u00e8se d'Angoul\u00eame\",\"description\":\"Dioc\u00e8se d&#039;Angoul\u00eame\",\"publisher\":{\"@id\":\"https:\/\/charente.catholique.fr\/nord-charente\/#organization\"},\"potentialAction\":[{\"@type\":\"SearchAction\",\"target\":{\"@type\":\"EntryPoint\",\"urlTemplate\":\"https:\/\/charente.catholique.fr\/nord-charente\/?s={search_term_string}\"},\"query-input\":{\"@type\":\"PropertyValueSpecification\",\"valueRequired\":true,\"valueName\":\"search_term_string\"}}],\"inLanguage\":\"fr-FR\"},{\"@type\":\"Organization\",\"@id\":\"https:\/\/charente.catholique.fr\/nord-charente\/#organization\",\"name\":\"Association dioc\u00e9saine d'Angoul\u00eame\",\"url\":\"https:\/\/charente.catholique.fr\/nord-charente\/\",\"logo\":{\"@type\":\"ImageObject\",\"inLanguage\":\"fr-FR\",\"@id\":\"https:\/\/charente.catholique.fr\/nord-charente\/#\/schema\/logo\/image\/\",\"url\":\"https:\/\/charente.catholique.fr\/nord-charente\/wp-content\/uploads\/sites\/4\/2020\/10\/logos.png\",\"contentUrl\":\"https:\/\/charente.catholique.fr\/nord-charente\/wp-content\/uploads\/sites\/4\/2020\/10\/logos.png\",\"width\":600,\"height\":257,\"caption\":\"Association dioc\u00e9saine d'Angoul\u00eame\"},\"image\":{\"@id\":\"https:\/\/charente.catholique.fr\/nord-charente\/#\/schema\/logo\/image\/\"},\"sameAs\":[\"https:\/\/www.facebook.com\/EgliseCatholiqueCharente\",\"https:\/\/x.com\/diocesecharente\",\"https:\/\/www.instagram.com\/eglisecharente\",\"https:\/\/www.youtube.com\/channel\/UCByyFWApZbw3gDTiADoiAaQ\"]},{\"@type\":\"Person\",\"@id\":\"https:\/\/charente.catholique.fr\/nord-charente\/#\/schema\/person\/5711de98abb018ff863964265e7ce7af\",\"name\":\"Marie ZANDVLIET\",\"image\":{\"@type\":\"ImageObject\",\"inLanguage\":\"fr-FR\",\"@id\":\"https:\/\/charente.catholique.fr\/nord-charente\/#\/schema\/person\/image\/\",\"url\":\"https:\/\/secure.gravatar.com\/avatar\/34d53108a77f09d371d2aa77b0383414698788d6b70090bcbcda171708c34b28?s=96&d=mm&r=g\",\"contentUrl\":\"https:\/\/secure.gravatar.com\/avatar\/34d53108a77f09d371d2aa77b0383414698788d6b70090bcbcda171708c34b28?s=96&d=mm&r=g\",\"caption\":\"Marie ZANDVLIET\"},\"description\":\"Tel. 06 51 05 45 03\",\"url\":\"https:\/\/charente.catholique.fr\/nord-charente\/author\/aigre\/\"}]}<\/script>\n<!-- \/ Yoast SEO plugin. -->","yoast_head_json":{"title":"Qui peut \u00eatre sauv\u00e9 ? - Doyenn\u00e9 Nord Charente","robots":{"index":"index","follow":"follow","max-snippet":"max-snippet:-1","max-image-preview":"max-image-preview:large","max-video-preview":"max-video-preview:-1"},"canonical":"https:\/\/charente.catholique.fr\/nord-charente\/actualites\/qui-peut-etre-sauve\/","og_locale":"fr_FR","og_type":"article","og_title":"Qui peut \u00eatre sauv\u00e9 ? - Doyenn\u00e9 Nord Charente","og_description":"\u00c0 ceux qui voudraient conna\u00eetre la m\u00e9thode facile,en dix le\u00e7ons, pour \u00eatre sauv\u00e9,J\u00e9sus r\u00e9pond que c&#8217;est difficile,et m\u00eame aussi impossible qu&#8217;\u00e0 un chameau de passer par le trou d&#8217;une aiguille. Pourtant, la m\u00e9thode existe puisque rien n&#8217;est impossible \u00e0 Dieu. Donc, sans h\u00e9siter, misons sur sa mis\u00e9ricorde.L&#8217;appel de l&#8217;homme riche nous indique le chemin.Tout d&#8217;abord [&hellip;]","og_url":"https:\/\/charente.catholique.fr\/nord-charente\/actualites\/qui-peut-etre-sauve\/","og_site_name":"Doyenn\u00e9 Nord Charente","article_publisher":"https:\/\/www.facebook.com\/EgliseCatholiqueCharente","article_published_time":"2024-10-12T10:59:52+00:00","article_modified_time":"2024-10-12T10:59:53+00:00","og_image":[{"width":724,"height":496,"url":"https:\/\/charente.catholique.fr\/nord-charente\/wp-content\/uploads\/sites\/4\/2024\/10\/salvation_724_496_80.jpg","type":"image\/jpeg"}],"author":"Marie ZANDVLIET","twitter_card":"summary_large_image","twitter_creator":"@diocesecharente","twitter_site":"@diocesecharente","twitter_misc":{"\u00c9crit par":"Marie ZANDVLIET","Dur\u00e9e de lecture estim\u00e9e":"2 minutes"},"schema":{"@context":"https:\/\/schema.org","@graph":[{"@type":"Article","@id":"https:\/\/charente.catholique.fr\/nord-charente\/actualites\/qui-peut-etre-sauve\/#article","isPartOf":{"@id":"https:\/\/charente.catholique.fr\/nord-charente\/actualites\/qui-peut-etre-sauve\/"},"author":{"name":"Marie ZANDVLIET","@id":"https:\/\/charente.catholique.fr\/nord-charente\/#\/schema\/person\/5711de98abb018ff863964265e7ce7af"},"headline":"Qui peut \u00eatre sauv\u00e9 ?","datePublished":"2024-10-12T10:59:52+00:00","dateModified":"2024-10-12T10:59:53+00:00","mainEntityOfPage":{"@id":"https:\/\/charente.catholique.fr\/nord-charente\/actualites\/qui-peut-etre-sauve\/"},"wordCount":195,"commentCount":0,"publisher":{"@id":"https:\/\/charente.catholique.fr\/nord-charente\/#organization"},"image":{"@id":"https:\/\/charente.catholique.fr\/nord-charente\/actualites\/qui-peut-etre-sauve\/#primaryimage"},"thumbnailUrl":"https:\/\/charente.catholique.fr\/nord-charente\/wp-content\/uploads\/sites\/4\/2024\/10\/salvation_724_496_80.jpg","articleSection":["Aigre"],"inLanguage":"fr-FR","potentialAction":[{"@type":"CommentAction","name":"Comment","target":["https:\/\/charente.catholique.fr\/nord-charente\/actualites\/qui-peut-etre-sauve\/#respond"]}]},{"@type":"WebPage","@id":"https:\/\/charente.catholique.fr\/nord-charente\/actualites\/qui-peut-etre-sauve\/","url":"https:\/\/charente.catholique.fr\/nord-charente\/actualites\/qui-peut-etre-sauve\/","name":"Qui peut \u00eatre sauv\u00e9 ? - Doyenn\u00e9 Nord Charente","isPartOf":{"@id":"https:\/\/charente.catholique.fr\/nord-charente\/#website"},"primaryImageOfPage":{"@id":"https:\/\/charente.catholique.fr\/nord-charente\/actualites\/qui-peut-etre-sauve\/#primaryimage"},"image":{"@id":"https:\/\/charente.catholique.fr\/nord-charente\/actualites\/qui-peut-etre-sauve\/#primaryimage"},"thumbnailUrl":"https:\/\/charente.catholique.fr\/nord-charente\/wp-content\/uploads\/sites\/4\/2024\/10\/salvation_724_496_80.jpg","datePublished":"2024-10-12T10:59:52+00:00","dateModified":"2024-10-12T10:59:53+00:00","breadcrumb":{"@id":"https:\/\/charente.catholique.fr\/nord-charente\/actualites\/qui-peut-etre-sauve\/#breadcrumb"},"inLanguage":"fr-FR","potentialAction":[{"@type":"ReadAction","target":["https:\/\/charente.catholique.fr\/nord-charente\/actualites\/qui-peut-etre-sauve\/"]}]},{"@type":"ImageObject","inLanguage":"fr-FR","@id":"https:\/\/charente.catholique.fr\/nord-charente\/actualites\/qui-peut-etre-sauve\/#primaryimage","url":"https:\/\/charente.catholique.fr\/nord-charente\/wp-content\/uploads\/sites\/4\/2024\/10\/salvation_724_496_80.jpg","contentUrl":"https:\/\/charente.catholique.fr\/nord-charente\/wp-content\/uploads\/sites\/4\/2024\/10\/salvation_724_496_80.jpg","width":724,"height":496},{"@type":"BreadcrumbList","@id":"https:\/\/charente.catholique.fr\/nord-charente\/actualites\/qui-peut-etre-sauve\/#breadcrumb","itemListElement":[{"@type":"ListItem","position":1,"name":"Accueil","item":"https:\/\/charente.catholique.fr\/nord-charente\/"},{"@type":"ListItem","position":2,"name":"Qui peut \u00eatre sauv\u00e9 ?"}]},{"@type":"WebSite","@id":"https:\/\/charente.catholique.fr\/nord-charente\/#website","url":"https:\/\/charente.catholique.fr\/nord-charente\/","name":"Doyenn\u00e9 Nord Charente - Dioc\u00e8se d'Angoul\u00eame","description":"Dioc\u00e8se d&#039;Angoul\u00eame","publisher":{"@id":"https:\/\/charente.catholique.fr\/nord-charente\/#organization"},"potentialAction":[{"@type":"SearchAction","target":{"@type":"EntryPoint","urlTemplate":"https:\/\/charente.catholique.fr\/nord-charente\/?s={search_term_string}"},"query-input":{"@type":"PropertyValueSpecification","valueRequired":true,"valueName":"search_term_string"}}],"inLanguage":"fr-FR"},{"@type":"Organization","@id":"https:\/\/charente.catholique.fr\/nord-charente\/#organization","name":"Association dioc\u00e9saine d'Angoul\u00eame","url":"https:\/\/charente.catholique.fr\/nord-charente\/","logo":{"@type":"ImageObject","inLanguage":"fr-FR","@id":"https:\/\/charente.catholique.fr\/nord-charente\/#\/schema\/logo\/image\/","url":"https:\/\/charente.catholique.fr\/nord-charente\/wp-content\/uploads\/sites\/4\/2020\/10\/logos.png","contentUrl":"https:\/\/charente.catholique.fr\/nord-charente\/wp-content\/uploads\/sites\/4\/2020\/10\/logos.png","width":600,"height":257,"caption":"Association dioc\u00e9saine d'Angoul\u00eame"},"image":{"@id":"https:\/\/charente.catholique.fr\/nord-charente\/#\/schema\/logo\/image\/"},"sameAs":["https:\/\/www.facebook.com\/EgliseCatholiqueCharente","https:\/\/x.com\/diocesecharente","https:\/\/www.instagram.com\/eglisecharente","https:\/\/www.youtube.com\/channel\/UCByyFWApZbw3gDTiADoiAaQ"]},{"@type":"Person","@id":"https:\/\/charente.catholique.fr\/nord-charente\/#\/schema\/person\/5711de98abb018ff863964265e7ce7af","name":"Marie ZANDVLIET","image":{"@type":"ImageObject","inLanguage":"fr-FR","@id":"https:\/\/charente.catholique.fr\/nord-charente\/#\/schema\/person\/image\/","url":"https:\/\/secure.gravatar.com\/avatar\/34d53108a77f09d371d2aa77b0383414698788d6b70090bcbcda171708c34b28?s=96&d=mm&r=g","contentUrl":"https:\/\/secure.gravatar.com\/avatar\/34d53108a77f09d371d2aa77b0383414698788d6b70090bcbcda171708c34b28?s=96&d=mm&r=g","caption":"Marie ZANDVLIET"},"description":"Tel. 06 51 05 45 03","url":"https:\/\/charente.catholique.fr\/nord-charente\/author\/aigre\/"}]}},"_links":{"self":[{"href":"https:\/\/charente.catholique.fr\/nord-charente\/wp-json\/wp\/v2\/posts\/7307","targetHints":{"allow":["GET"]}}],"collection":[{"href":"https:\/\/charente.catholique.fr\/nord-charente\/wp-json\/wp\/v2\/posts"}],"about":[{"href":"https:\/\/charente.catholique.fr\/nord-charente\/wp-json\/wp\/v2\/types\/post"}],"author":[{"embeddable":true,"href":"https:\/\/charente.catholique.fr\/nord-charente\/wp-json\/wp\/v2\/users\/95"}],"replies":[{"embeddable":true,"href":"https:\/\/charente.catholique.fr\/nord-charente\/wp-json\/wp\/v2\/comments?post=7307"}],"version-history":[{"count":1,"href":"https:\/\/charente.catholique.fr\/nord-charente\/wp-json\/wp\/v2\/posts\/7307\/revisions"}],"predecessor-version":[{"id":7309,"href":"https:\/\/charente.catholique.fr\/nord-charente\/wp-json\/wp\/v2\/posts\/7307\/revisions\/7309"}],"wp:featuredmedia":[{"embeddable":true,"href":"https:\/\/charente.catholique.fr\/nord-charente\/wp-json\/wp\/v2\/media\/7308"}],"wp:attachment":[{"href":"https:\/\/charente.catholique.fr\/nord-charente\/wp-json\/wp\/v2\/media?parent=7307"}],"wp:term":[{"taxonomy":"category","embeddable":true,"href":"https:\/\/charente.catholique.fr\/nord-charente\/wp-json\/wp\/v2\/categories?post=7307"},{"taxonomy":"post_tag","embeddable":true,"href":"https:\/\/charente.catholique.fr\/nord-charente\/wp-json\/wp\/v2\/tags?post=7307"}],"curies":[{"name":"wp","href":"https:\/\/api.w.org\/{rel}","templated":true}]}}