{"id":7246,"date":"2024-10-06T16:00:13","date_gmt":"2024-10-06T14:00:13","guid":{"rendered":"https:\/\/charente.catholique.fr\/nord-charente\/?p=7246"},"modified":"2024-10-06T16:00:14","modified_gmt":"2024-10-06T14:00:14","slug":"annoncessemaine-du-5-au-13-octobre-2024","status":"publish","type":"post","link":"https:\/\/charente.catholique.fr\/nord-charente\/actualites\/annoncessemaine-du-5-au-13-octobre-2024\/","title":{"rendered":"Annonces:Semaine du 5 au 13 Octobre 2024"},"content":{"rendered":"\n<figure class=\"wp-block-table\"><table class=\"has-fixed-layout\"><thead><tr><td><strong>Annonces <\/strong><\/td><td colspan=\"3\"><strong>Semaine du<\/strong><strong> 5 au 13 Octobre<\/strong><\/td><\/tr><\/thead><tbody><tr><td rowspan=\"4\"><strong>Samedi 5<\/strong><\/td><td>&nbsp;Ruffec &nbsp;<\/td><td>&nbsp;9 h 30<\/td><td>&nbsp;Confessions \u00e0 l\u2019\u00e9glise.<\/td><\/tr><tr><td>&nbsp;Longr\u00e9<\/td><td>&nbsp;11 h<\/td><td>&nbsp;Chapelet pour les vocations sacerdotales et religieuses<\/td><\/tr><tr><td>&nbsp;<strong>Souvign\u00e9<\/strong><\/td><td>&nbsp;<strong>15 h<\/strong><\/td><td><strong>&nbsp;Mariage d\u2019Elsa AUDOIN et Mathieu COUTANT<\/strong><\/td><\/tr><tr><td>&nbsp;Aigre, Coulonges<\/td><td>&nbsp;18 h 30<\/td><td>&nbsp;Messes anticip\u00e9es<\/td><\/tr><tr><td><strong>Dimanche 6<\/strong><\/td><td>&nbsp;Mansle Ruffec <strong>Villefagnan<\/strong> &nbsp;<\/td><td>10 h 30 &nbsp;9 h 30<\/td><td>&nbsp;Messe dominicale &nbsp;Pri\u00e8re du chapelet pour les pr\u00eatres et les personnes malades&nbsp;&nbsp;&nbsp; &nbsp;suivie de la messe.&nbsp;&nbsp;&nbsp;&nbsp;&nbsp;&nbsp;&nbsp;&nbsp;&nbsp;&nbsp;&nbsp;&nbsp;&nbsp;&nbsp;&nbsp;&nbsp;&nbsp;&nbsp;&nbsp;&nbsp;&nbsp;<\/td><\/tr><tr><td>Lundi 7<\/td><td>&nbsp;Ruffec<\/td><td>&nbsp;14 h 30 &nbsp;18 h<\/td><td>&nbsp;Pri\u00e8re du Renouveau \u00e0 l&#8217;oratoire &nbsp;Messe \u00e0 l&#8217;oratoire<\/td><\/tr><tr><td rowspan=\"2\"><strong>Mardi 8<\/strong><\/td><td>&nbsp;<strong>Villefagnan<\/strong><strong><\/strong><\/td><td><strong>&nbsp;<\/strong><strong>9 h 15<\/strong><strong><\/strong><\/td><td><strong>&nbsp;<\/strong><strong>Messe \u00e0 l&#8217;\u00e9glise<\/strong> <strong>&nbsp;Rencontre de l\u2019\u00e9quipe liturgique n\u00b04 ( Dimanche 5 Octobre).<\/strong><strong><\/strong><\/td><\/tr><tr><td>&nbsp;Ruffec<strong><\/strong> <strong>&nbsp;<\/strong><strong><\/strong> <strong>Villefagnan <\/strong><strong><\/strong><\/td><td>&nbsp;14 h 30 &nbsp;18 h 30<strong><\/strong> <strong>&nbsp;20 h<\/strong><\/td><td>&nbsp;Pri\u00e8re du Rosaire chez Th\u00e9r\u00e8se Lavaud. Messe \u00e0 l&#8217;\u00e9glise<strong><\/strong> <strong>&nbsp;Veill\u00e9e d\u2019Adoration \u00e0 l\u2019\u00e9glise<\/strong><\/td><\/tr><tr><td rowspan=\"2\">Mercredi 9<\/td><td>&nbsp;Aigre<\/td><td>&nbsp;11 h<\/td><td>&nbsp;Messe<\/td><\/tr><tr><td>&nbsp;Ruffec &nbsp;Ruffec Nanteuil<\/td><td>&nbsp;17 h 30 &nbsp;18 h &nbsp;17 h 30<\/td><td>&nbsp;Chapelet \u00e0 l\u2019\u00e9glise &nbsp;Messe \u00e0 l&#8217;\u00e9glise &nbsp;Chapelet \u00e0 l\u2019\u00e9glise<\/td><\/tr><tr><td rowspan=\"2\">Jeudi 10<\/td><td>&nbsp;Charm\u00e9<\/td><td>&nbsp;14 h<\/td><td>&nbsp;Rencontre en doyenn\u00e9 avec nos fr\u00e8res &nbsp;et s\u0153urs malades et en situation &nbsp;de handicap. Messe avec Sacrement des malades, suivie du partage &nbsp;d\u2019un go\u00fbter . Les personnes qui n\u2019auraient pas de moyen de transport sont invit\u00e9es \u00e0 &nbsp;Se faire conna\u00eetre<\/td><\/tr><tr><td>&nbsp;Ruffec<\/td><td>&nbsp;18 h 30<\/td><td>&nbsp;Messe suivie de l&#8217;Adoration<\/td><\/tr><tr><td rowspan=\"2\">Vendredi&nbsp; 11 &nbsp;<\/td><td>&nbsp;Ruffec<\/td><td>&nbsp;9 h &nbsp;12 h 10<\/td><td>&nbsp;Messe \u00e0 l\u2019\u00e9glise &nbsp;Messe \u00e0 la chapelle du Sacr\u00e9-Coeur<\/td><\/tr><tr><td>&nbsp;Aizecq<\/td><td>&nbsp;14 h 45<\/td><td>&nbsp; R\u00e9p\u00e9tition de chants<\/td><\/tr><tr><td rowspan=\"3\"><strong>Samedi 12<\/strong><\/td><td>&nbsp;Ruffec<\/td><td>&nbsp;9 h 30<\/td><td>&nbsp;Confessions \u00e0 l\u2019\u00e9glise.<\/td><\/tr><tr><td>&nbsp;<strong>Villefagnan <\/strong><strong><\/strong> &nbsp;Condac<\/td><td>&nbsp;<strong>10 h<\/strong><strong><\/strong> &nbsp;11 h<\/td><td>&nbsp;<strong>Cat\u00e9 et \u00e9veil \u00e0 la foi au presbyt\u00e8re<\/strong><strong><\/strong> Chapelet pour les vocations sacerdotales et religieuses<\/td><\/tr><tr><td>&nbsp;Aigre, St Groux<\/td><td>&nbsp;18 h 30<\/td><td>&nbsp;Messe anticip\u00e9e<\/td><\/tr><tr><td><strong>Dimanche 13<\/strong><\/td><td><strong>&nbsp;<\/strong>Mansle Ruffec <strong>&nbsp;<\/strong><strong>Villefagnan <\/strong><strong><\/strong> &nbsp;<\/td><td>\u00a09 h 30<br><br>10 h 30 \u00a0<\/td><td>\u00a0Messe dominicale\u00a0\u00a0\u00a0\u00e0 10h30<br> \u00a0Pri\u00e8re du chapelet pour les pr\u00eatres et les personnes malades\u00a0\u00a0suivie de la messe de rentr\u00e9e des enfants de l\u2019\u00e9cole \u00ab\u00a0 Enfant J\u00e9sus\u00a0\u00bb.\u00a0 \u00a0 \u00a0Vente de g\u00e2teaux pour aider \u00e0 financer le p\u00e9l\u00e9 des enfants de\u00a0 \u00a0Profession de foi, \u00e0 Lourdes.\u00a0\u00a0\u00a0\u00a0\u00a0\u00a0\u00a0\u00a0\u00a0\u00a0\u00a0\u00a0\u00a0\u00a0 \u00a0\u00a0\u00a0\u00a0\u00a0\u00a0\u00a0\u00a0\u00a0\u00a0\u00a0\u00a0\u00a0\u00a0\u00a0<\/td><\/tr><tr><td>&nbsp;<\/td><td>&nbsp;<\/td><td>&nbsp;<\/td><td>&nbsp;<\/td><\/tr><\/tbody><\/table><\/figure>\n\n\n\n<p>Toutes infos&nbsp;: 05 45 29 01 72 \/ <a href=\"https:\/\/nordcharente.catholique.fr\/\">https:\/\/nordcharente.catholique.fr<\/a><\/p>\n\n\n\n<p>Presbyt\u00e8re de Villefagnan&nbsp;: 5 rue Patient 16240 Villefagnan&nbsp;: 05 45 31 61 07 \/ mail&nbsp;: paroisse.villefagnan@outlook.com<strong><\/strong><\/p>\n","protected":false},"excerpt":{"rendered":"<p>Annonces Semaine du 5 au 13 Octobre Samedi 5 &nbsp;Ruffec &nbsp; &nbsp;9 h 30 &nbsp;Confessions \u00e0 l\u2019\u00e9glise. &nbsp;Longr\u00e9 &nbsp;11 h &nbsp;Chapelet pour les vocations sacerdotales et religieuses &nbsp;Souvign\u00e9 &nbsp;15 h &nbsp;Mariage d\u2019Elsa AUDOIN et Mathieu COUTANT &nbsp;Aigre, Coulonges &nbsp;18 h 30 &nbsp;Messes anticip\u00e9es Dimanche 6 &nbsp;Mansle Ruffec Villefagnan &nbsp; 10 h 30 &nbsp;9 h 30 [&hellip;]<\/p>\n","protected":false},"author":38,"featured_media":7250,"comment_status":"open","ping_status":"open","sticky":false,"template":"","format":"standard","meta":{"_acf_changed":false,"paroisse":["14"],"service":["0"],"footnotes":""},"categories":[1],"tags":[],"class_list":["post-7246","post","type-post","status-publish","format-standard","has-post-thumbnail","hentry","category-actualites"],"acf":[],"yoast_head":"<!-- This site is optimized with the Yoast SEO plugin v27.1.1 - https:\/\/yoast.com\/product\/yoast-seo-wordpress\/ -->\n<title>Annonces:Semaine du 5 au 13 Octobre 2024 - Doyenn\u00e9 Nord Charente<\/title>\n<meta name=\"robots\" content=\"index, follow, max-snippet:-1, max-image-preview:large, max-video-preview:-1\" \/>\n<link rel=\"canonical\" href=\"https:\/\/charente.catholique.fr\/nord-charente\/actualites\/annoncessemaine-du-5-au-13-octobre-2024\/\" \/>\n<meta property=\"og:locale\" content=\"fr_FR\" \/>\n<meta property=\"og:type\" content=\"article\" \/>\n<meta property=\"og:title\" content=\"Annonces:Semaine du 5 au 13 Octobre 2024 - Doyenn\u00e9 Nord Charente\" \/>\n<meta property=\"og:description\" content=\"Annonces Semaine du 5 au 13 Octobre Samedi 5 &nbsp;Ruffec &nbsp; &nbsp;9 h 30 &nbsp;Confessions \u00e0 l\u2019\u00e9glise. &nbsp;Longr\u00e9 &nbsp;11 h &nbsp;Chapelet pour les vocations sacerdotales et religieuses &nbsp;Souvign\u00e9 &nbsp;15 h &nbsp;Mariage d\u2019Elsa AUDOIN et Mathieu COUTANT &nbsp;Aigre, Coulonges &nbsp;18 h 30 &nbsp;Messes anticip\u00e9es Dimanche 6 &nbsp;Mansle Ruffec Villefagnan &nbsp; 10 h 30 &nbsp;9 h 30 [&hellip;]\" \/>\n<meta property=\"og:url\" content=\"https:\/\/charente.catholique.fr\/nord-charente\/actualites\/annoncessemaine-du-5-au-13-octobre-2024\/\" \/>\n<meta property=\"og:site_name\" content=\"Doyenn\u00e9 Nord Charente\" \/>\n<meta property=\"article:publisher\" content=\"https:\/\/www.facebook.com\/EgliseCatholiqueCharente\" \/>\n<meta property=\"article:published_time\" content=\"2024-10-06T14:00:13+00:00\" \/>\n<meta property=\"article:modified_time\" content=\"2024-10-06T14:00:14+00:00\" \/>\n<meta property=\"og:image\" content=\"https:\/\/charente.catholique.fr\/nord-charente\/wp-content\/uploads\/sites\/4\/2024\/10\/madone.jpg\" \/>\n\t<meta property=\"og:image:width\" content=\"453\" \/>\n\t<meta property=\"og:image:height\" content=\"580\" \/>\n\t<meta property=\"og:image:type\" content=\"image\/jpeg\" \/>\n<meta name=\"author\" content=\"joelleayrault\" \/>\n<meta name=\"twitter:card\" content=\"summary_large_image\" \/>\n<meta name=\"twitter:creator\" content=\"@diocesecharente\" \/>\n<meta name=\"twitter:site\" content=\"@diocesecharente\" \/>\n<meta name=\"twitter:label1\" content=\"\u00c9crit par\" \/>\n\t<meta name=\"twitter:data1\" content=\"joelleayrault\" \/>\n\t<meta name=\"twitter:label2\" content=\"Dur\u00e9e de lecture estim\u00e9e\" \/>\n\t<meta name=\"twitter:data2\" content=\"2 minutes\" \/>\n<script type=\"application\/ld+json\" class=\"yoast-schema-graph\">{\"@context\":\"https:\/\/schema.org\",\"@graph\":[{\"@type\":\"Article\",\"@id\":\"https:\/\/charente.catholique.fr\/nord-charente\/actualites\/annoncessemaine-du-5-au-13-octobre-2024\/#article\",\"isPartOf\":{\"@id\":\"https:\/\/charente.catholique.fr\/nord-charente\/actualites\/annoncessemaine-du-5-au-13-octobre-2024\/\"},\"author\":{\"name\":\"joelleayrault\",\"@id\":\"https:\/\/charente.catholique.fr\/nord-charente\/#\/schema\/person\/51184492e4abba33e5d768059a70f4db\"},\"headline\":\"Annonces:Semaine du 5 au 13 Octobre 2024\",\"datePublished\":\"2024-10-06T14:00:13+00:00\",\"dateModified\":\"2024-10-06T14:00:14+00:00\",\"mainEntityOfPage\":{\"@id\":\"https:\/\/charente.catholique.fr\/nord-charente\/actualites\/annoncessemaine-du-5-au-13-octobre-2024\/\"},\"wordCount\":423,\"commentCount\":0,\"publisher\":{\"@id\":\"https:\/\/charente.catholique.fr\/nord-charente\/#organization\"},\"image\":{\"@id\":\"https:\/\/charente.catholique.fr\/nord-charente\/actualites\/annoncessemaine-du-5-au-13-octobre-2024\/#primaryimage\"},\"thumbnailUrl\":\"https:\/\/charente.catholique.fr\/nord-charente\/wp-content\/uploads\/sites\/4\/2024\/10\/madone.jpg\",\"articleSection\":[\"Actualit\u00e9s\"],\"inLanguage\":\"fr-FR\",\"potentialAction\":[{\"@type\":\"CommentAction\",\"name\":\"Comment\",\"target\":[\"https:\/\/charente.catholique.fr\/nord-charente\/actualites\/annoncessemaine-du-5-au-13-octobre-2024\/#respond\"]}]},{\"@type\":\"WebPage\",\"@id\":\"https:\/\/charente.catholique.fr\/nord-charente\/actualites\/annoncessemaine-du-5-au-13-octobre-2024\/\",\"url\":\"https:\/\/charente.catholique.fr\/nord-charente\/actualites\/annoncessemaine-du-5-au-13-octobre-2024\/\",\"name\":\"Annonces:Semaine du 5 au 13 Octobre 2024 - Doyenn\u00e9 Nord Charente\",\"isPartOf\":{\"@id\":\"https:\/\/charente.catholique.fr\/nord-charente\/#website\"},\"primaryImageOfPage\":{\"@id\":\"https:\/\/charente.catholique.fr\/nord-charente\/actualites\/annoncessemaine-du-5-au-13-octobre-2024\/#primaryimage\"},\"image\":{\"@id\":\"https:\/\/charente.catholique.fr\/nord-charente\/actualites\/annoncessemaine-du-5-au-13-octobre-2024\/#primaryimage\"},\"thumbnailUrl\":\"https:\/\/charente.catholique.fr\/nord-charente\/wp-content\/uploads\/sites\/4\/2024\/10\/madone.jpg\",\"datePublished\":\"2024-10-06T14:00:13+00:00\",\"dateModified\":\"2024-10-06T14:00:14+00:00\",\"breadcrumb\":{\"@id\":\"https:\/\/charente.catholique.fr\/nord-charente\/actualites\/annoncessemaine-du-5-au-13-octobre-2024\/#breadcrumb\"},\"inLanguage\":\"fr-FR\",\"potentialAction\":[{\"@type\":\"ReadAction\",\"target\":[\"https:\/\/charente.catholique.fr\/nord-charente\/actualites\/annoncessemaine-du-5-au-13-octobre-2024\/\"]}]},{\"@type\":\"ImageObject\",\"inLanguage\":\"fr-FR\",\"@id\":\"https:\/\/charente.catholique.fr\/nord-charente\/actualites\/annoncessemaine-du-5-au-13-octobre-2024\/#primaryimage\",\"url\":\"https:\/\/charente.catholique.fr\/nord-charente\/wp-content\/uploads\/sites\/4\/2024\/10\/madone.jpg\",\"contentUrl\":\"https:\/\/charente.catholique.fr\/nord-charente\/wp-content\/uploads\/sites\/4\/2024\/10\/madone.jpg\",\"width\":453,\"height\":580},{\"@type\":\"BreadcrumbList\",\"@id\":\"https:\/\/charente.catholique.fr\/nord-charente\/actualites\/annoncessemaine-du-5-au-13-octobre-2024\/#breadcrumb\",\"itemListElement\":[{\"@type\":\"ListItem\",\"position\":1,\"name\":\"Accueil\",\"item\":\"https:\/\/charente.catholique.fr\/nord-charente\/\"},{\"@type\":\"ListItem\",\"position\":2,\"name\":\"Annonces:Semaine du 5 au 13 Octobre 2024\"}]},{\"@type\":\"WebSite\",\"@id\":\"https:\/\/charente.catholique.fr\/nord-charente\/#website\",\"url\":\"https:\/\/charente.catholique.fr\/nord-charente\/\",\"name\":\"Doyenn\u00e9 Nord Charente - Dioc\u00e8se d'Angoul\u00eame\",\"description\":\"Dioc\u00e8se d&#039;Angoul\u00eame\",\"publisher\":{\"@id\":\"https:\/\/charente.catholique.fr\/nord-charente\/#organization\"},\"potentialAction\":[{\"@type\":\"SearchAction\",\"target\":{\"@type\":\"EntryPoint\",\"urlTemplate\":\"https:\/\/charente.catholique.fr\/nord-charente\/?s={search_term_string}\"},\"query-input\":{\"@type\":\"PropertyValueSpecification\",\"valueRequired\":true,\"valueName\":\"search_term_string\"}}],\"inLanguage\":\"fr-FR\"},{\"@type\":\"Organization\",\"@id\":\"https:\/\/charente.catholique.fr\/nord-charente\/#organization\",\"name\":\"Association dioc\u00e9saine d'Angoul\u00eame\",\"url\":\"https:\/\/charente.catholique.fr\/nord-charente\/\",\"logo\":{\"@type\":\"ImageObject\",\"inLanguage\":\"fr-FR\",\"@id\":\"https:\/\/charente.catholique.fr\/nord-charente\/#\/schema\/logo\/image\/\",\"url\":\"https:\/\/charente.catholique.fr\/nord-charente\/wp-content\/uploads\/sites\/4\/2020\/10\/logos.png\",\"contentUrl\":\"https:\/\/charente.catholique.fr\/nord-charente\/wp-content\/uploads\/sites\/4\/2020\/10\/logos.png\",\"width\":600,\"height\":257,\"caption\":\"Association dioc\u00e9saine d'Angoul\u00eame\"},\"image\":{\"@id\":\"https:\/\/charente.catholique.fr\/nord-charente\/#\/schema\/logo\/image\/\"},\"sameAs\":[\"https:\/\/www.facebook.com\/EgliseCatholiqueCharente\",\"https:\/\/x.com\/diocesecharente\",\"https:\/\/www.instagram.com\/eglisecharente\",\"https:\/\/www.youtube.com\/channel\/UCByyFWApZbw3gDTiADoiAaQ\"]},{\"@type\":\"Person\",\"@id\":\"https:\/\/charente.catholique.fr\/nord-charente\/#\/schema\/person\/51184492e4abba33e5d768059a70f4db\",\"name\":\"joelleayrault\",\"image\":{\"@type\":\"ImageObject\",\"inLanguage\":\"fr-FR\",\"@id\":\"https:\/\/charente.catholique.fr\/nord-charente\/#\/schema\/person\/image\/\",\"url\":\"https:\/\/secure.gravatar.com\/avatar\/3bd3977af99690427d59b19ec7b6bd94226de63be5c368ae8d090f2d7f86dd5f?s=96&d=mm&r=g\",\"contentUrl\":\"https:\/\/secure.gravatar.com\/avatar\/3bd3977af99690427d59b19ec7b6bd94226de63be5c368ae8d090f2d7f86dd5f?s=96&d=mm&r=g\",\"caption\":\"joelleayrault\"},\"url\":\"https:\/\/charente.catholique.fr\/nord-charente\/author\/joelleayrault\/\"}]}<\/script>\n<!-- \/ Yoast SEO plugin. -->","yoast_head_json":{"title":"Annonces:Semaine du 5 au 13 Octobre 2024 - Doyenn\u00e9 Nord Charente","robots":{"index":"index","follow":"follow","max-snippet":"max-snippet:-1","max-image-preview":"max-image-preview:large","max-video-preview":"max-video-preview:-1"},"canonical":"https:\/\/charente.catholique.fr\/nord-charente\/actualites\/annoncessemaine-du-5-au-13-octobre-2024\/","og_locale":"fr_FR","og_type":"article","og_title":"Annonces:Semaine du 5 au 13 Octobre 2024 - Doyenn\u00e9 Nord Charente","og_description":"Annonces Semaine du 5 au 13 Octobre Samedi 5 &nbsp;Ruffec &nbsp; &nbsp;9 h 30 &nbsp;Confessions \u00e0 l\u2019\u00e9glise. &nbsp;Longr\u00e9 &nbsp;11 h &nbsp;Chapelet pour les vocations sacerdotales et religieuses &nbsp;Souvign\u00e9 &nbsp;15 h &nbsp;Mariage d\u2019Elsa AUDOIN et Mathieu COUTANT &nbsp;Aigre, Coulonges &nbsp;18 h 30 &nbsp;Messes anticip\u00e9es Dimanche 6 &nbsp;Mansle Ruffec Villefagnan &nbsp; 10 h 30 &nbsp;9 h 30 [&hellip;]","og_url":"https:\/\/charente.catholique.fr\/nord-charente\/actualites\/annoncessemaine-du-5-au-13-octobre-2024\/","og_site_name":"Doyenn\u00e9 Nord Charente","article_publisher":"https:\/\/www.facebook.com\/EgliseCatholiqueCharente","article_published_time":"2024-10-06T14:00:13+00:00","article_modified_time":"2024-10-06T14:00:14+00:00","og_image":[{"width":453,"height":580,"url":"https:\/\/charente.catholique.fr\/nord-charente\/wp-content\/uploads\/sites\/4\/2024\/10\/madone.jpg","type":"image\/jpeg"}],"author":"joelleayrault","twitter_card":"summary_large_image","twitter_creator":"@diocesecharente","twitter_site":"@diocesecharente","twitter_misc":{"\u00c9crit par":"joelleayrault","Dur\u00e9e de lecture estim\u00e9e":"2 minutes"},"schema":{"@context":"https:\/\/schema.org","@graph":[{"@type":"Article","@id":"https:\/\/charente.catholique.fr\/nord-charente\/actualites\/annoncessemaine-du-5-au-13-octobre-2024\/#article","isPartOf":{"@id":"https:\/\/charente.catholique.fr\/nord-charente\/actualites\/annoncessemaine-du-5-au-13-octobre-2024\/"},"author":{"name":"joelleayrault","@id":"https:\/\/charente.catholique.fr\/nord-charente\/#\/schema\/person\/51184492e4abba33e5d768059a70f4db"},"headline":"Annonces:Semaine du 5 au 13 Octobre 2024","datePublished":"2024-10-06T14:00:13+00:00","dateModified":"2024-10-06T14:00:14+00:00","mainEntityOfPage":{"@id":"https:\/\/charente.catholique.fr\/nord-charente\/actualites\/annoncessemaine-du-5-au-13-octobre-2024\/"},"wordCount":423,"commentCount":0,"publisher":{"@id":"https:\/\/charente.catholique.fr\/nord-charente\/#organization"},"image":{"@id":"https:\/\/charente.catholique.fr\/nord-charente\/actualites\/annoncessemaine-du-5-au-13-octobre-2024\/#primaryimage"},"thumbnailUrl":"https:\/\/charente.catholique.fr\/nord-charente\/wp-content\/uploads\/sites\/4\/2024\/10\/madone.jpg","articleSection":["Actualit\u00e9s"],"inLanguage":"fr-FR","potentialAction":[{"@type":"CommentAction","name":"Comment","target":["https:\/\/charente.catholique.fr\/nord-charente\/actualites\/annoncessemaine-du-5-au-13-octobre-2024\/#respond"]}]},{"@type":"WebPage","@id":"https:\/\/charente.catholique.fr\/nord-charente\/actualites\/annoncessemaine-du-5-au-13-octobre-2024\/","url":"https:\/\/charente.catholique.fr\/nord-charente\/actualites\/annoncessemaine-du-5-au-13-octobre-2024\/","name":"Annonces:Semaine du 5 au 13 Octobre 2024 - Doyenn\u00e9 Nord Charente","isPartOf":{"@id":"https:\/\/charente.catholique.fr\/nord-charente\/#website"},"primaryImageOfPage":{"@id":"https:\/\/charente.catholique.fr\/nord-charente\/actualites\/annoncessemaine-du-5-au-13-octobre-2024\/#primaryimage"},"image":{"@id":"https:\/\/charente.catholique.fr\/nord-charente\/actualites\/annoncessemaine-du-5-au-13-octobre-2024\/#primaryimage"},"thumbnailUrl":"https:\/\/charente.catholique.fr\/nord-charente\/wp-content\/uploads\/sites\/4\/2024\/10\/madone.jpg","datePublished":"2024-10-06T14:00:13+00:00","dateModified":"2024-10-06T14:00:14+00:00","breadcrumb":{"@id":"https:\/\/charente.catholique.fr\/nord-charente\/actualites\/annoncessemaine-du-5-au-13-octobre-2024\/#breadcrumb"},"inLanguage":"fr-FR","potentialAction":[{"@type":"ReadAction","target":["https:\/\/charente.catholique.fr\/nord-charente\/actualites\/annoncessemaine-du-5-au-13-octobre-2024\/"]}]},{"@type":"ImageObject","inLanguage":"fr-FR","@id":"https:\/\/charente.catholique.fr\/nord-charente\/actualites\/annoncessemaine-du-5-au-13-octobre-2024\/#primaryimage","url":"https:\/\/charente.catholique.fr\/nord-charente\/wp-content\/uploads\/sites\/4\/2024\/10\/madone.jpg","contentUrl":"https:\/\/charente.catholique.fr\/nord-charente\/wp-content\/uploads\/sites\/4\/2024\/10\/madone.jpg","width":453,"height":580},{"@type":"BreadcrumbList","@id":"https:\/\/charente.catholique.fr\/nord-charente\/actualites\/annoncessemaine-du-5-au-13-octobre-2024\/#breadcrumb","itemListElement":[{"@type":"ListItem","position":1,"name":"Accueil","item":"https:\/\/charente.catholique.fr\/nord-charente\/"},{"@type":"ListItem","position":2,"name":"Annonces:Semaine du 5 au 13 Octobre 2024"}]},{"@type":"WebSite","@id":"https:\/\/charente.catholique.fr\/nord-charente\/#website","url":"https:\/\/charente.catholique.fr\/nord-charente\/","name":"Doyenn\u00e9 Nord Charente - Dioc\u00e8se d'Angoul\u00eame","description":"Dioc\u00e8se d&#039;Angoul\u00eame","publisher":{"@id":"https:\/\/charente.catholique.fr\/nord-charente\/#organization"},"potentialAction":[{"@type":"SearchAction","target":{"@type":"EntryPoint","urlTemplate":"https:\/\/charente.catholique.fr\/nord-charente\/?s={search_term_string}"},"query-input":{"@type":"PropertyValueSpecification","valueRequired":true,"valueName":"search_term_string"}}],"inLanguage":"fr-FR"},{"@type":"Organization","@id":"https:\/\/charente.catholique.fr\/nord-charente\/#organization","name":"Association dioc\u00e9saine d'Angoul\u00eame","url":"https:\/\/charente.catholique.fr\/nord-charente\/","logo":{"@type":"ImageObject","inLanguage":"fr-FR","@id":"https:\/\/charente.catholique.fr\/nord-charente\/#\/schema\/logo\/image\/","url":"https:\/\/charente.catholique.fr\/nord-charente\/wp-content\/uploads\/sites\/4\/2020\/10\/logos.png","contentUrl":"https:\/\/charente.catholique.fr\/nord-charente\/wp-content\/uploads\/sites\/4\/2020\/10\/logos.png","width":600,"height":257,"caption":"Association dioc\u00e9saine d'Angoul\u00eame"},"image":{"@id":"https:\/\/charente.catholique.fr\/nord-charente\/#\/schema\/logo\/image\/"},"sameAs":["https:\/\/www.facebook.com\/EgliseCatholiqueCharente","https:\/\/x.com\/diocesecharente","https:\/\/www.instagram.com\/eglisecharente","https:\/\/www.youtube.com\/channel\/UCByyFWApZbw3gDTiADoiAaQ"]},{"@type":"Person","@id":"https:\/\/charente.catholique.fr\/nord-charente\/#\/schema\/person\/51184492e4abba33e5d768059a70f4db","name":"joelleayrault","image":{"@type":"ImageObject","inLanguage":"fr-FR","@id":"https:\/\/charente.catholique.fr\/nord-charente\/#\/schema\/person\/image\/","url":"https:\/\/secure.gravatar.com\/avatar\/3bd3977af99690427d59b19ec7b6bd94226de63be5c368ae8d090f2d7f86dd5f?s=96&d=mm&r=g","contentUrl":"https:\/\/secure.gravatar.com\/avatar\/3bd3977af99690427d59b19ec7b6bd94226de63be5c368ae8d090f2d7f86dd5f?s=96&d=mm&r=g","caption":"joelleayrault"},"url":"https:\/\/charente.catholique.fr\/nord-charente\/author\/joelleayrault\/"}]}},"_links":{"self":[{"href":"https:\/\/charente.catholique.fr\/nord-charente\/wp-json\/wp\/v2\/posts\/7246","targetHints":{"allow":["GET"]}}],"collection":[{"href":"https:\/\/charente.catholique.fr\/nord-charente\/wp-json\/wp\/v2\/posts"}],"about":[{"href":"https:\/\/charente.catholique.fr\/nord-charente\/wp-json\/wp\/v2\/types\/post"}],"author":[{"embeddable":true,"href":"https:\/\/charente.catholique.fr\/nord-charente\/wp-json\/wp\/v2\/users\/38"}],"replies":[{"embeddable":true,"href":"https:\/\/charente.catholique.fr\/nord-charente\/wp-json\/wp\/v2\/comments?post=7246"}],"version-history":[{"count":2,"href":"https:\/\/charente.catholique.fr\/nord-charente\/wp-json\/wp\/v2\/posts\/7246\/revisions"}],"predecessor-version":[{"id":7249,"href":"https:\/\/charente.catholique.fr\/nord-charente\/wp-json\/wp\/v2\/posts\/7246\/revisions\/7249"}],"wp:featuredmedia":[{"embeddable":true,"href":"https:\/\/charente.catholique.fr\/nord-charente\/wp-json\/wp\/v2\/media\/7250"}],"wp:attachment":[{"href":"https:\/\/charente.catholique.fr\/nord-charente\/wp-json\/wp\/v2\/media?parent=7246"}],"wp:term":[{"taxonomy":"category","embeddable":true,"href":"https:\/\/charente.catholique.fr\/nord-charente\/wp-json\/wp\/v2\/categories?post=7246"},{"taxonomy":"post_tag","embeddable":true,"href":"https:\/\/charente.catholique.fr\/nord-charente\/wp-json\/wp\/v2\/tags?post=7246"}],"curies":[{"name":"wp","href":"https:\/\/api.w.org\/{rel}","templated":true}]}}