{"id":7087,"date":"2024-09-07T10:26:50","date_gmt":"2024-09-07T08:26:50","guid":{"rendered":"https:\/\/charente.catholique.fr\/nord-charente\/?p=7087"},"modified":"2024-09-07T10:26:51","modified_gmt":"2024-09-07T08:26:51","slug":"mercredi-14-aout-2024-pelerinage-et-messe-a-notre-dame-de-courcome","status":"publish","type":"post","link":"https:\/\/charente.catholique.fr\/nord-charente\/actualites\/mercredi-14-aout-2024-pelerinage-et-messe-a-notre-dame-de-courcome\/","title":{"rendered":"Mercredi 14 ao\u00fbt 2024 .P\u00e8lerinage et messe \u00e0 Notre Dame de Courc\u00f4me"},"content":{"rendered":"\n<p><strong><em><u>Mercredi 14 ao\u00fbt 2024 .P\u00e8lerinage et messe \u00e0 Notre Dame de Courc\u00f4me<\/u><\/em><\/strong><\/p>\n\n\n\n<p>\u00ab&nbsp;<strong>Toujours et partout, les sanctuaires chr\u00e9tiens ont \u00e9t\u00e9 ou ont voulu \u00eatre des signes de Dieu, de son irruption dans l\u2019histoire humaine. Chacun d\u2019eux est un m\u00e9morial du myst\u00e8re de l\u2019Incarnation et de la R\u00e9demption.&nbsp;\u00bb Jean-Paul II \u2013<\/strong><\/p>\n\n\n<div class=\"wp-block-image\">\n<figure class=\"alignright size-full is-resized\"><img loading=\"lazy\" decoding=\"async\" width=\"480\" height=\"640\" src=\"https:\/\/charente.catholique.fr\/nord-charente\/wp-content\/uploads\/sites\/4\/2024\/09\/IMG_0840-rotated.jpg\" alt=\"\" class=\"wp-image-7090\" style=\"width:363px;height:auto\" srcset=\"https:\/\/charente.catholique.fr\/nord-charente\/wp-content\/uploads\/sites\/4\/2024\/09\/IMG_0840-rotated.jpg 480w, https:\/\/charente.catholique.fr\/nord-charente\/wp-content\/uploads\/sites\/4\/2024\/09\/IMG_0840-225x300.jpg 225w\" sizes=\"auto, (max-width: 480px) 100vw, 480px\" \/><\/figure>\n<\/div>\n\n<div class=\"wp-block-image\">\n<figure class=\"alignright size-full is-resized\"><img loading=\"lazy\" decoding=\"async\" width=\"480\" height=\"640\" src=\"https:\/\/charente.catholique.fr\/nord-charente\/wp-content\/uploads\/sites\/4\/2024\/09\/IMG_0844-rotated.jpg\" alt=\"\" class=\"wp-image-7089\" style=\"width:365px;height:auto\" srcset=\"https:\/\/charente.catholique.fr\/nord-charente\/wp-content\/uploads\/sites\/4\/2024\/09\/IMG_0844-rotated.jpg 480w, https:\/\/charente.catholique.fr\/nord-charente\/wp-content\/uploads\/sites\/4\/2024\/09\/IMG_0844-225x300.jpg 225w\" sizes=\"auto, (max-width: 480px) 100vw, 480px\" \/><\/figure>\n<\/div>\n\n\n<figure class=\"wp-block-image size-full is-resized is-style-rounded\"><img loading=\"lazy\" decoding=\"async\" width=\"480\" height=\"640\" src=\"https:\/\/charente.catholique.fr\/nord-charente\/wp-content\/uploads\/sites\/4\/2024\/09\/IMG_08321-rotated.jpg\" alt=\"\" class=\"wp-image-7088\" style=\"width:368px;height:auto\" srcset=\"https:\/\/charente.catholique.fr\/nord-charente\/wp-content\/uploads\/sites\/4\/2024\/09\/IMG_08321-rotated.jpg 480w, https:\/\/charente.catholique.fr\/nord-charente\/wp-content\/uploads\/sites\/4\/2024\/09\/IMG_08321-225x300.jpg 225w\" sizes=\"auto, (max-width: 480px) 100vw, 480px\" \/><\/figure>\n\n\n\n<p>                                                                                                              <strong>Le p\u00e8lerinage est une grande chance, spirituelle et physique !<\/strong><\/p>\n\n\n<div class=\"wp-block-image\">\n<figure class=\"alignright size-full is-resized\"><img loading=\"lazy\" decoding=\"async\" width=\"480\" height=\"640\" src=\"https:\/\/charente.catholique.fr\/nord-charente\/wp-content\/uploads\/sites\/4\/2024\/09\/IMG_0841.jpg\" alt=\"\" class=\"wp-image-7100\" style=\"width:479px;height:auto\" srcset=\"https:\/\/charente.catholique.fr\/nord-charente\/wp-content\/uploads\/sites\/4\/2024\/09\/IMG_0841.jpg 480w, https:\/\/charente.catholique.fr\/nord-charente\/wp-content\/uploads\/sites\/4\/2024\/09\/IMG_0841-225x300.jpg 225w\" sizes=\"auto, (max-width: 480px) 100vw, 480px\" \/><\/figure>\n<\/div>\n\n\n<figure class=\"wp-block-image size-full\"><img loading=\"lazy\" decoding=\"async\" width=\"480\" height=\"640\" src=\"https:\/\/charente.catholique.fr\/nord-charente\/wp-content\/uploads\/sites\/4\/2024\/09\/IMG_08391-1-rotated.jpg\" alt=\"\" class=\"wp-image-7099\" srcset=\"https:\/\/charente.catholique.fr\/nord-charente\/wp-content\/uploads\/sites\/4\/2024\/09\/IMG_08391-1-rotated.jpg 480w, https:\/\/charente.catholique.fr\/nord-charente\/wp-content\/uploads\/sites\/4\/2024\/09\/IMG_08391-1-225x300.jpg 225w\" sizes=\"auto, (max-width: 480px) 100vw, 480px\" \/><\/figure>\n\n\n\n<p><\/p>\n\n\n\n<p><\/p>\n\n\n\n<p><strong>Celui de Courc\u00f4me comme tous les ans nous a permis \u00e0 la fois de renouveler ou d\u2019exp\u00e9rimenter pour certains tous les bienfaits de la marche, de se reconnecter avec la nature, de se rencontrer, de se recentrer sur l\u2019Essentiel, la Pri\u00e8re, d\u2019aller Vers \u2026<\/strong><\/p>\n\n\n<div class=\"wp-block-image is-style-rounded\">\n<figure class=\"aligncenter size-full is-resized\"><img loading=\"lazy\" decoding=\"async\" width=\"480\" height=\"640\" src=\"https:\/\/charente.catholique.fr\/nord-charente\/wp-content\/uploads\/sites\/4\/2024\/09\/IMG_0845.jpg\" alt=\"\" class=\"wp-image-7101\" style=\"width:419px;height:auto\" srcset=\"https:\/\/charente.catholique.fr\/nord-charente\/wp-content\/uploads\/sites\/4\/2024\/09\/IMG_0845.jpg 480w, https:\/\/charente.catholique.fr\/nord-charente\/wp-content\/uploads\/sites\/4\/2024\/09\/IMG_0845-225x300.jpg 225w\" sizes=\"auto, (max-width: 480px) 100vw, 480px\" \/><\/figure>\n<\/div>\n\n\n<p><strong>Chacun a son rythme a pu se mettre en route avec diff\u00e9rents d\u00e9parts de&nbsp;:<\/strong><\/p>\n\n\n\n<p><strong>Saint-Fraigne, Villefagnan , Souvign\u00e9, Magn\u00e9&nbsp;: un pied devant l\u2019autre nous sommes partis sur le chemin qui nous a conduit vers&nbsp; Notre Dame de Courc\u00f4me : une belle et joyeuse apr\u00e8s-midi nous attendait&nbsp; rythm\u00e9e de chants, de partages, d\u2019un chapelet m\u00e9dit\u00e9, champ\u00eatre au milieu de la nature !&nbsp; Une messe pleine de joie et d\u2019esp\u00e9rance (suivie d\u2019un verre de l\u2019amiti\u00e9) a cl\u00f4tur\u00e9 notre p\u00e8lerinage avec le chant \u00e0 Notre Dame de Courc\u00f4me enracin\u00e9 dans notre c\u0153ur&nbsp;!<\/strong><\/p>\n\n\n<div class=\"wp-block-image\">\n<figure class=\"alignright size-full is-resized\"><img loading=\"lazy\" decoding=\"async\" width=\"480\" height=\"640\" src=\"https:\/\/charente.catholique.fr\/nord-charente\/wp-content\/uploads\/sites\/4\/2024\/09\/IMG_0854-rotated.jpg\" alt=\"\" class=\"wp-image-7093\" style=\"width:389px;height:auto\" srcset=\"https:\/\/charente.catholique.fr\/nord-charente\/wp-content\/uploads\/sites\/4\/2024\/09\/IMG_0854-rotated.jpg 480w, https:\/\/charente.catholique.fr\/nord-charente\/wp-content\/uploads\/sites\/4\/2024\/09\/IMG_0854-225x300.jpg 225w\" sizes=\"auto, (max-width: 480px) 100vw, 480px\" \/><\/figure>\n<\/div>\n\n<div class=\"wp-block-image\">\n<figure class=\"aligncenter size-full is-resized\"><img loading=\"lazy\" decoding=\"async\" width=\"480\" height=\"640\" src=\"https:\/\/charente.catholique.fr\/nord-charente\/wp-content\/uploads\/sites\/4\/2024\/09\/IMG_0851-rotated.jpg\" alt=\"\" class=\"wp-image-7092\" style=\"width:398px;height:auto\" srcset=\"https:\/\/charente.catholique.fr\/nord-charente\/wp-content\/uploads\/sites\/4\/2024\/09\/IMG_0851-rotated.jpg 480w, https:\/\/charente.catholique.fr\/nord-charente\/wp-content\/uploads\/sites\/4\/2024\/09\/IMG_0851-225x300.jpg 225w\" sizes=\"auto, (max-width: 480px) 100vw, 480px\" \/><\/figure>\n<\/div>\n\n<div class=\"wp-block-image is-style-rounded\">\n<figure class=\"aligncenter size-large is-resized\"><img loading=\"lazy\" decoding=\"async\" width=\"1440\" height=\"1080\" src=\"https:\/\/charente.catholique.fr\/nord-charente\/wp-content\/uploads\/sites\/4\/2024\/09\/COURCOME-1440x1080.jpg\" alt=\"\" class=\"wp-image-7091\" style=\"width:445px;height:auto\" srcset=\"https:\/\/charente.catholique.fr\/nord-charente\/wp-content\/uploads\/sites\/4\/2024\/09\/COURCOME-1440x1080.jpg 1440w, https:\/\/charente.catholique.fr\/nord-charente\/wp-content\/uploads\/sites\/4\/2024\/09\/COURCOME-300x225.jpg 300w, https:\/\/charente.catholique.fr\/nord-charente\/wp-content\/uploads\/sites\/4\/2024\/09\/COURCOME-768x576.jpg 768w, https:\/\/charente.catholique.fr\/nord-charente\/wp-content\/uploads\/sites\/4\/2024\/09\/COURCOME-1536x1152.jpg 1536w, https:\/\/charente.catholique.fr\/nord-charente\/wp-content\/uploads\/sites\/4\/2024\/09\/COURCOME-1320x990.jpg 1320w, https:\/\/charente.catholique.fr\/nord-charente\/wp-content\/uploads\/sites\/4\/2024\/09\/COURCOME.jpg 1600w\" sizes=\"auto, (max-width: 1440px) 100vw, 1440px\" \/><\/figure>\n<\/div>\n\n<div class=\"wp-block-image\">\n<figure class=\"alignright size-full\"><img loading=\"lazy\" decoding=\"async\" width=\"480\" height=\"640\" src=\"https:\/\/charente.catholique.fr\/nord-charente\/wp-content\/uploads\/sites\/4\/2024\/09\/X.jpg\" alt=\"\" class=\"wp-image-7095\" srcset=\"https:\/\/charente.catholique.fr\/nord-charente\/wp-content\/uploads\/sites\/4\/2024\/09\/X.jpg 480w, https:\/\/charente.catholique.fr\/nord-charente\/wp-content\/uploads\/sites\/4\/2024\/09\/X-225x300.jpg 225w\" sizes=\"auto, (max-width: 480px) 100vw, 480px\" \/><\/figure>\n<\/div>\n\n\n<figure class=\"wp-block-image size-full\"><img loading=\"lazy\" decoding=\"async\" width=\"480\" height=\"640\" src=\"https:\/\/charente.catholique.fr\/nord-charente\/wp-content\/uploads\/sites\/4\/2024\/09\/C.jpg\" alt=\"\" class=\"wp-image-7094\" srcset=\"https:\/\/charente.catholique.fr\/nord-charente\/wp-content\/uploads\/sites\/4\/2024\/09\/C.jpg 480w, https:\/\/charente.catholique.fr\/nord-charente\/wp-content\/uploads\/sites\/4\/2024\/09\/C-225x300.jpg 225w\" sizes=\"auto, (max-width: 480px) 100vw, 480px\" \/><\/figure>\n\n\n\n<p class=\"has-text-align-center\"><strong>\u00ab&nbsp;<em>La Gloire et l\u2019honneur du divin royaume.<\/em><\/strong><\/p>\n\n\n\n<p class=\"has-text-align-center\"><strong><em>M\u00e8re du Dieu-Roi , garde nous la foi .<\/em><\/strong><\/p>\n\n\n\n<p class=\"has-text-align-center\"><strong><em>Vierge de Courc\u00f4me nous venons vers Toi&nbsp;!<\/em>&nbsp;\u00bb<\/strong><\/p>\n\n\n\n<p class=\"has-text-align-center\"><em>Nous venons vers Toi, dans ce sanctuaire<\/em><\/p>\n\n\n\n<p class=\"has-text-align-center\"><em>O\u00f9 Ta Sainte Image \u00e0 nos c\u0153urs sourit.<\/em><\/p>\n\n\n\n<p class=\"has-text-align-center\"><em>O\u00f9 Tu prends piti\u00e9 de notre mis\u00e8res.<\/em><\/p>\n\n\n\n<p class=\"has-text-align-center\"><em>O\u00f9 Ton c\u0153ur pardonne, o\u00f9 Ta main b\u00e9nit&nbsp;\u00bb<\/em><\/p>\n\n\n<div class=\"wp-block-image\">\n<figure class=\"aligncenter size-full\"><img loading=\"lazy\" decoding=\"async\" width=\"640\" height=\"426\" src=\"https:\/\/charente.catholique.fr\/nord-charente\/wp-content\/uploads\/sites\/4\/2024\/09\/17c0996c-8957-4ff5-acd3-496fa6343cbd-1.jpg\" alt=\"\" class=\"wp-image-7097\" srcset=\"https:\/\/charente.catholique.fr\/nord-charente\/wp-content\/uploads\/sites\/4\/2024\/09\/17c0996c-8957-4ff5-acd3-496fa6343cbd-1.jpg 640w, https:\/\/charente.catholique.fr\/nord-charente\/wp-content\/uploads\/sites\/4\/2024\/09\/17c0996c-8957-4ff5-acd3-496fa6343cbd-1-300x200.jpg 300w\" sizes=\"auto, (max-width: 640px) 100vw, 640px\" \/><\/figure>\n<\/div>\n\n\n<p class=\"has-text-align-center\"><strong>Vivement l\u2019ann\u00e9e prochaine&nbsp;! Et \u2026Pourquoi pas vous&nbsp;?<\/strong><\/p>\n\n\n\n<p class=\"has-text-align-center\"><strong>&nbsp;&nbsp;&nbsp;&nbsp;&nbsp;&nbsp;&nbsp;&nbsp;&nbsp;&nbsp;&nbsp;Notre Dame de Courc\u00f4me B\u00e9nissez nous&nbsp;!<\/strong><\/p>\n\n\n\n<p><strong>&nbsp;&nbsp;&nbsp;&nbsp;&nbsp;&nbsp;&nbsp;&nbsp;&nbsp;&nbsp;&nbsp;&nbsp;&nbsp;&nbsp;&nbsp;&nbsp;&nbsp;&nbsp;&nbsp;&nbsp;&nbsp;&nbsp;&nbsp;&nbsp;&nbsp;&nbsp;&nbsp;&nbsp;&nbsp;&nbsp;&nbsp;&nbsp;&nbsp;&nbsp;&nbsp;&nbsp;&nbsp;&nbsp;&nbsp;&nbsp;&nbsp;&nbsp;&nbsp;&nbsp;&nbsp;&nbsp;&nbsp;&nbsp;&nbsp;&nbsp;&nbsp;&nbsp;&nbsp;&nbsp;&nbsp;&nbsp;&nbsp;&nbsp;&nbsp;&nbsp;&nbsp;&nbsp;&nbsp;&nbsp;&nbsp;&nbsp;&nbsp;&nbsp;&nbsp;&nbsp;&nbsp;&nbsp;&nbsp;&nbsp;&nbsp;&nbsp;&nbsp;&nbsp;&nbsp;&nbsp;&nbsp;&nbsp;&nbsp;&nbsp;&nbsp;&nbsp;&nbsp;&nbsp;&nbsp;&nbsp;&nbsp;&nbsp;&nbsp;&nbsp;&nbsp;&nbsp;&nbsp;&nbsp; &nbsp;                       Merci \u00e0 tous . P\u00e8lerins de Villefagnan<\/strong><\/p>\n","protected":false},"excerpt":{"rendered":"<p>Mercredi 14 ao\u00fbt 2024 .P\u00e8lerinage et messe \u00e0 Notre Dame de Courc\u00f4me \u00ab&nbsp;Toujours et partout, les sanctuaires chr\u00e9tiens ont \u00e9t\u00e9 ou ont voulu \u00eatre des signes de Dieu, de son irruption dans l\u2019histoire humaine. Chacun d\u2019eux est un m\u00e9morial du myst\u00e8re de l\u2019Incarnation et de la R\u00e9demption.&nbsp;\u00bb Jean-Paul II \u2013 Le p\u00e8lerinage est une grande [&hellip;]<\/p>\n","protected":false},"author":38,"featured_media":7096,"comment_status":"open","ping_status":"open","sticky":false,"template":"","format":"standard","meta":{"_acf_changed":false,"paroisse":["14"],"service":["0"],"footnotes":""},"categories":[1],"tags":[],"class_list":["post-7087","post","type-post","status-publish","format-standard","has-post-thumbnail","hentry","category-actualites"],"acf":[],"yoast_head":"<!-- This site is optimized with the Yoast SEO plugin v27.1.1 - https:\/\/yoast.com\/product\/yoast-seo-wordpress\/ -->\n<title>Mercredi 14 ao\u00fbt 2024 .P\u00e8lerinage et messe \u00e0 Notre Dame de Courc\u00f4me - Doyenn\u00e9 Nord Charente<\/title>\n<meta name=\"robots\" content=\"index, follow, max-snippet:-1, max-image-preview:large, max-video-preview:-1\" \/>\n<link rel=\"canonical\" href=\"https:\/\/charente.catholique.fr\/nord-charente\/actualites\/mercredi-14-aout-2024-pelerinage-et-messe-a-notre-dame-de-courcome\/\" \/>\n<meta property=\"og:locale\" content=\"fr_FR\" \/>\n<meta property=\"og:type\" content=\"article\" \/>\n<meta property=\"og:title\" content=\"Mercredi 14 ao\u00fbt 2024 .P\u00e8lerinage et messe \u00e0 Notre Dame de Courc\u00f4me - Doyenn\u00e9 Nord Charente\" \/>\n<meta property=\"og:description\" content=\"Mercredi 14 ao\u00fbt 2024 .P\u00e8lerinage et messe \u00e0 Notre Dame de Courc\u00f4me \u00ab&nbsp;Toujours et partout, les sanctuaires chr\u00e9tiens ont \u00e9t\u00e9 ou ont voulu \u00eatre des signes de Dieu, de son irruption dans l\u2019histoire humaine. Chacun d\u2019eux est un m\u00e9morial du myst\u00e8re de l\u2019Incarnation et de la R\u00e9demption.&nbsp;\u00bb Jean-Paul II \u2013 Le p\u00e8lerinage est une grande [&hellip;]\" \/>\n<meta property=\"og:url\" content=\"https:\/\/charente.catholique.fr\/nord-charente\/actualites\/mercredi-14-aout-2024-pelerinage-et-messe-a-notre-dame-de-courcome\/\" \/>\n<meta property=\"og:site_name\" content=\"Doyenn\u00e9 Nord Charente\" \/>\n<meta property=\"article:publisher\" content=\"https:\/\/www.facebook.com\/EgliseCatholiqueCharente\" \/>\n<meta property=\"article:published_time\" content=\"2024-09-07T08:26:50+00:00\" \/>\n<meta property=\"article:modified_time\" content=\"2024-09-07T08:26:51+00:00\" \/>\n<meta property=\"og:image\" content=\"https:\/\/charente.catholique.fr\/nord-charente\/wp-content\/uploads\/sites\/4\/2024\/09\/17c0996c-8957-4ff5-acd3-496fa6343cbd.jpg\" \/>\n\t<meta property=\"og:image:width\" content=\"640\" \/>\n\t<meta property=\"og:image:height\" content=\"426\" \/>\n\t<meta property=\"og:image:type\" content=\"image\/jpeg\" \/>\n<meta name=\"author\" content=\"joelleayrault\" \/>\n<meta name=\"twitter:card\" content=\"summary_large_image\" \/>\n<meta name=\"twitter:creator\" content=\"@diocesecharente\" \/>\n<meta name=\"twitter:site\" content=\"@diocesecharente\" \/>\n<meta name=\"twitter:label1\" content=\"\u00c9crit par\" \/>\n\t<meta name=\"twitter:data1\" content=\"joelleayrault\" \/>\n\t<meta name=\"twitter:label2\" content=\"Dur\u00e9e de lecture estim\u00e9e\" \/>\n\t<meta name=\"twitter:data2\" content=\"4 minutes\" \/>\n<script type=\"application\/ld+json\" class=\"yoast-schema-graph\">{\"@context\":\"https:\/\/schema.org\",\"@graph\":[{\"@type\":\"Article\",\"@id\":\"https:\/\/charente.catholique.fr\/nord-charente\/actualites\/mercredi-14-aout-2024-pelerinage-et-messe-a-notre-dame-de-courcome\/#article\",\"isPartOf\":{\"@id\":\"https:\/\/charente.catholique.fr\/nord-charente\/actualites\/mercredi-14-aout-2024-pelerinage-et-messe-a-notre-dame-de-courcome\/\"},\"author\":{\"name\":\"joelleayrault\",\"@id\":\"https:\/\/charente.catholique.fr\/nord-charente\/#\/schema\/person\/51184492e4abba33e5d768059a70f4db\"},\"headline\":\"Mercredi 14 ao\u00fbt 2024 .P\u00e8lerinage et messe \u00e0 Notre Dame de Courc\u00f4me\",\"datePublished\":\"2024-09-07T08:26:50+00:00\",\"dateModified\":\"2024-09-07T08:26:51+00:00\",\"mainEntityOfPage\":{\"@id\":\"https:\/\/charente.catholique.fr\/nord-charente\/actualites\/mercredi-14-aout-2024-pelerinage-et-messe-a-notre-dame-de-courcome\/\"},\"wordCount\":433,\"commentCount\":0,\"publisher\":{\"@id\":\"https:\/\/charente.catholique.fr\/nord-charente\/#organization\"},\"image\":{\"@id\":\"https:\/\/charente.catholique.fr\/nord-charente\/actualites\/mercredi-14-aout-2024-pelerinage-et-messe-a-notre-dame-de-courcome\/#primaryimage\"},\"thumbnailUrl\":\"https:\/\/charente.catholique.fr\/nord-charente\/wp-content\/uploads\/sites\/4\/2024\/09\/17c0996c-8957-4ff5-acd3-496fa6343cbd.jpg\",\"articleSection\":[\"Actualit\u00e9s\"],\"inLanguage\":\"fr-FR\",\"potentialAction\":[{\"@type\":\"CommentAction\",\"name\":\"Comment\",\"target\":[\"https:\/\/charente.catholique.fr\/nord-charente\/actualites\/mercredi-14-aout-2024-pelerinage-et-messe-a-notre-dame-de-courcome\/#respond\"]}]},{\"@type\":\"WebPage\",\"@id\":\"https:\/\/charente.catholique.fr\/nord-charente\/actualites\/mercredi-14-aout-2024-pelerinage-et-messe-a-notre-dame-de-courcome\/\",\"url\":\"https:\/\/charente.catholique.fr\/nord-charente\/actualites\/mercredi-14-aout-2024-pelerinage-et-messe-a-notre-dame-de-courcome\/\",\"name\":\"Mercredi 14 ao\u00fbt 2024 .P\u00e8lerinage et messe \u00e0 Notre Dame de Courc\u00f4me - Doyenn\u00e9 Nord Charente\",\"isPartOf\":{\"@id\":\"https:\/\/charente.catholique.fr\/nord-charente\/#website\"},\"primaryImageOfPage\":{\"@id\":\"https:\/\/charente.catholique.fr\/nord-charente\/actualites\/mercredi-14-aout-2024-pelerinage-et-messe-a-notre-dame-de-courcome\/#primaryimage\"},\"image\":{\"@id\":\"https:\/\/charente.catholique.fr\/nord-charente\/actualites\/mercredi-14-aout-2024-pelerinage-et-messe-a-notre-dame-de-courcome\/#primaryimage\"},\"thumbnailUrl\":\"https:\/\/charente.catholique.fr\/nord-charente\/wp-content\/uploads\/sites\/4\/2024\/09\/17c0996c-8957-4ff5-acd3-496fa6343cbd.jpg\",\"datePublished\":\"2024-09-07T08:26:50+00:00\",\"dateModified\":\"2024-09-07T08:26:51+00:00\",\"breadcrumb\":{\"@id\":\"https:\/\/charente.catholique.fr\/nord-charente\/actualites\/mercredi-14-aout-2024-pelerinage-et-messe-a-notre-dame-de-courcome\/#breadcrumb\"},\"inLanguage\":\"fr-FR\",\"potentialAction\":[{\"@type\":\"ReadAction\",\"target\":[\"https:\/\/charente.catholique.fr\/nord-charente\/actualites\/mercredi-14-aout-2024-pelerinage-et-messe-a-notre-dame-de-courcome\/\"]}]},{\"@type\":\"ImageObject\",\"inLanguage\":\"fr-FR\",\"@id\":\"https:\/\/charente.catholique.fr\/nord-charente\/actualites\/mercredi-14-aout-2024-pelerinage-et-messe-a-notre-dame-de-courcome\/#primaryimage\",\"url\":\"https:\/\/charente.catholique.fr\/nord-charente\/wp-content\/uploads\/sites\/4\/2024\/09\/17c0996c-8957-4ff5-acd3-496fa6343cbd.jpg\",\"contentUrl\":\"https:\/\/charente.catholique.fr\/nord-charente\/wp-content\/uploads\/sites\/4\/2024\/09\/17c0996c-8957-4ff5-acd3-496fa6343cbd.jpg\",\"width\":640,\"height\":426},{\"@type\":\"BreadcrumbList\",\"@id\":\"https:\/\/charente.catholique.fr\/nord-charente\/actualites\/mercredi-14-aout-2024-pelerinage-et-messe-a-notre-dame-de-courcome\/#breadcrumb\",\"itemListElement\":[{\"@type\":\"ListItem\",\"position\":1,\"name\":\"Accueil\",\"item\":\"https:\/\/charente.catholique.fr\/nord-charente\/\"},{\"@type\":\"ListItem\",\"position\":2,\"name\":\"Mercredi 14 ao\u00fbt 2024 .P\u00e8lerinage et messe \u00e0 Notre Dame de Courc\u00f4me\"}]},{\"@type\":\"WebSite\",\"@id\":\"https:\/\/charente.catholique.fr\/nord-charente\/#website\",\"url\":\"https:\/\/charente.catholique.fr\/nord-charente\/\",\"name\":\"Doyenn\u00e9 Nord Charente - Dioc\u00e8se d'Angoul\u00eame\",\"description\":\"Dioc\u00e8se d&#039;Angoul\u00eame\",\"publisher\":{\"@id\":\"https:\/\/charente.catholique.fr\/nord-charente\/#organization\"},\"potentialAction\":[{\"@type\":\"SearchAction\",\"target\":{\"@type\":\"EntryPoint\",\"urlTemplate\":\"https:\/\/charente.catholique.fr\/nord-charente\/?s={search_term_string}\"},\"query-input\":{\"@type\":\"PropertyValueSpecification\",\"valueRequired\":true,\"valueName\":\"search_term_string\"}}],\"inLanguage\":\"fr-FR\"},{\"@type\":\"Organization\",\"@id\":\"https:\/\/charente.catholique.fr\/nord-charente\/#organization\",\"name\":\"Association dioc\u00e9saine d'Angoul\u00eame\",\"url\":\"https:\/\/charente.catholique.fr\/nord-charente\/\",\"logo\":{\"@type\":\"ImageObject\",\"inLanguage\":\"fr-FR\",\"@id\":\"https:\/\/charente.catholique.fr\/nord-charente\/#\/schema\/logo\/image\/\",\"url\":\"https:\/\/charente.catholique.fr\/nord-charente\/wp-content\/uploads\/sites\/4\/2020\/10\/logos.png\",\"contentUrl\":\"https:\/\/charente.catholique.fr\/nord-charente\/wp-content\/uploads\/sites\/4\/2020\/10\/logos.png\",\"width\":600,\"height\":257,\"caption\":\"Association dioc\u00e9saine d'Angoul\u00eame\"},\"image\":{\"@id\":\"https:\/\/charente.catholique.fr\/nord-charente\/#\/schema\/logo\/image\/\"},\"sameAs\":[\"https:\/\/www.facebook.com\/EgliseCatholiqueCharente\",\"https:\/\/x.com\/diocesecharente\",\"https:\/\/www.instagram.com\/eglisecharente\",\"https:\/\/www.youtube.com\/channel\/UCByyFWApZbw3gDTiADoiAaQ\"]},{\"@type\":\"Person\",\"@id\":\"https:\/\/charente.catholique.fr\/nord-charente\/#\/schema\/person\/51184492e4abba33e5d768059a70f4db\",\"name\":\"joelleayrault\",\"image\":{\"@type\":\"ImageObject\",\"inLanguage\":\"fr-FR\",\"@id\":\"https:\/\/charente.catholique.fr\/nord-charente\/#\/schema\/person\/image\/\",\"url\":\"https:\/\/secure.gravatar.com\/avatar\/3bd3977af99690427d59b19ec7b6bd94226de63be5c368ae8d090f2d7f86dd5f?s=96&d=mm&r=g\",\"contentUrl\":\"https:\/\/secure.gravatar.com\/avatar\/3bd3977af99690427d59b19ec7b6bd94226de63be5c368ae8d090f2d7f86dd5f?s=96&d=mm&r=g\",\"caption\":\"joelleayrault\"},\"url\":\"https:\/\/charente.catholique.fr\/nord-charente\/author\/joelleayrault\/\"}]}<\/script>\n<!-- \/ Yoast SEO plugin. -->","yoast_head_json":{"title":"Mercredi 14 ao\u00fbt 2024 .P\u00e8lerinage et messe \u00e0 Notre Dame de Courc\u00f4me - Doyenn\u00e9 Nord Charente","robots":{"index":"index","follow":"follow","max-snippet":"max-snippet:-1","max-image-preview":"max-image-preview:large","max-video-preview":"max-video-preview:-1"},"canonical":"https:\/\/charente.catholique.fr\/nord-charente\/actualites\/mercredi-14-aout-2024-pelerinage-et-messe-a-notre-dame-de-courcome\/","og_locale":"fr_FR","og_type":"article","og_title":"Mercredi 14 ao\u00fbt 2024 .P\u00e8lerinage et messe \u00e0 Notre Dame de Courc\u00f4me - Doyenn\u00e9 Nord Charente","og_description":"Mercredi 14 ao\u00fbt 2024 .P\u00e8lerinage et messe \u00e0 Notre Dame de Courc\u00f4me \u00ab&nbsp;Toujours et partout, les sanctuaires chr\u00e9tiens ont \u00e9t\u00e9 ou ont voulu \u00eatre des signes de Dieu, de son irruption dans l\u2019histoire humaine. Chacun d\u2019eux est un m\u00e9morial du myst\u00e8re de l\u2019Incarnation et de la R\u00e9demption.&nbsp;\u00bb Jean-Paul II \u2013 Le p\u00e8lerinage est une grande [&hellip;]","og_url":"https:\/\/charente.catholique.fr\/nord-charente\/actualites\/mercredi-14-aout-2024-pelerinage-et-messe-a-notre-dame-de-courcome\/","og_site_name":"Doyenn\u00e9 Nord Charente","article_publisher":"https:\/\/www.facebook.com\/EgliseCatholiqueCharente","article_published_time":"2024-09-07T08:26:50+00:00","article_modified_time":"2024-09-07T08:26:51+00:00","og_image":[{"width":640,"height":426,"url":"https:\/\/charente.catholique.fr\/nord-charente\/wp-content\/uploads\/sites\/4\/2024\/09\/17c0996c-8957-4ff5-acd3-496fa6343cbd.jpg","type":"image\/jpeg"}],"author":"joelleayrault","twitter_card":"summary_large_image","twitter_creator":"@diocesecharente","twitter_site":"@diocesecharente","twitter_misc":{"\u00c9crit par":"joelleayrault","Dur\u00e9e de lecture estim\u00e9e":"4 minutes"},"schema":{"@context":"https:\/\/schema.org","@graph":[{"@type":"Article","@id":"https:\/\/charente.catholique.fr\/nord-charente\/actualites\/mercredi-14-aout-2024-pelerinage-et-messe-a-notre-dame-de-courcome\/#article","isPartOf":{"@id":"https:\/\/charente.catholique.fr\/nord-charente\/actualites\/mercredi-14-aout-2024-pelerinage-et-messe-a-notre-dame-de-courcome\/"},"author":{"name":"joelleayrault","@id":"https:\/\/charente.catholique.fr\/nord-charente\/#\/schema\/person\/51184492e4abba33e5d768059a70f4db"},"headline":"Mercredi 14 ao\u00fbt 2024 .P\u00e8lerinage et messe \u00e0 Notre Dame de Courc\u00f4me","datePublished":"2024-09-07T08:26:50+00:00","dateModified":"2024-09-07T08:26:51+00:00","mainEntityOfPage":{"@id":"https:\/\/charente.catholique.fr\/nord-charente\/actualites\/mercredi-14-aout-2024-pelerinage-et-messe-a-notre-dame-de-courcome\/"},"wordCount":433,"commentCount":0,"publisher":{"@id":"https:\/\/charente.catholique.fr\/nord-charente\/#organization"},"image":{"@id":"https:\/\/charente.catholique.fr\/nord-charente\/actualites\/mercredi-14-aout-2024-pelerinage-et-messe-a-notre-dame-de-courcome\/#primaryimage"},"thumbnailUrl":"https:\/\/charente.catholique.fr\/nord-charente\/wp-content\/uploads\/sites\/4\/2024\/09\/17c0996c-8957-4ff5-acd3-496fa6343cbd.jpg","articleSection":["Actualit\u00e9s"],"inLanguage":"fr-FR","potentialAction":[{"@type":"CommentAction","name":"Comment","target":["https:\/\/charente.catholique.fr\/nord-charente\/actualites\/mercredi-14-aout-2024-pelerinage-et-messe-a-notre-dame-de-courcome\/#respond"]}]},{"@type":"WebPage","@id":"https:\/\/charente.catholique.fr\/nord-charente\/actualites\/mercredi-14-aout-2024-pelerinage-et-messe-a-notre-dame-de-courcome\/","url":"https:\/\/charente.catholique.fr\/nord-charente\/actualites\/mercredi-14-aout-2024-pelerinage-et-messe-a-notre-dame-de-courcome\/","name":"Mercredi 14 ao\u00fbt 2024 .P\u00e8lerinage et messe \u00e0 Notre Dame de Courc\u00f4me - Doyenn\u00e9 Nord Charente","isPartOf":{"@id":"https:\/\/charente.catholique.fr\/nord-charente\/#website"},"primaryImageOfPage":{"@id":"https:\/\/charente.catholique.fr\/nord-charente\/actualites\/mercredi-14-aout-2024-pelerinage-et-messe-a-notre-dame-de-courcome\/#primaryimage"},"image":{"@id":"https:\/\/charente.catholique.fr\/nord-charente\/actualites\/mercredi-14-aout-2024-pelerinage-et-messe-a-notre-dame-de-courcome\/#primaryimage"},"thumbnailUrl":"https:\/\/charente.catholique.fr\/nord-charente\/wp-content\/uploads\/sites\/4\/2024\/09\/17c0996c-8957-4ff5-acd3-496fa6343cbd.jpg","datePublished":"2024-09-07T08:26:50+00:00","dateModified":"2024-09-07T08:26:51+00:00","breadcrumb":{"@id":"https:\/\/charente.catholique.fr\/nord-charente\/actualites\/mercredi-14-aout-2024-pelerinage-et-messe-a-notre-dame-de-courcome\/#breadcrumb"},"inLanguage":"fr-FR","potentialAction":[{"@type":"ReadAction","target":["https:\/\/charente.catholique.fr\/nord-charente\/actualites\/mercredi-14-aout-2024-pelerinage-et-messe-a-notre-dame-de-courcome\/"]}]},{"@type":"ImageObject","inLanguage":"fr-FR","@id":"https:\/\/charente.catholique.fr\/nord-charente\/actualites\/mercredi-14-aout-2024-pelerinage-et-messe-a-notre-dame-de-courcome\/#primaryimage","url":"https:\/\/charente.catholique.fr\/nord-charente\/wp-content\/uploads\/sites\/4\/2024\/09\/17c0996c-8957-4ff5-acd3-496fa6343cbd.jpg","contentUrl":"https:\/\/charente.catholique.fr\/nord-charente\/wp-content\/uploads\/sites\/4\/2024\/09\/17c0996c-8957-4ff5-acd3-496fa6343cbd.jpg","width":640,"height":426},{"@type":"BreadcrumbList","@id":"https:\/\/charente.catholique.fr\/nord-charente\/actualites\/mercredi-14-aout-2024-pelerinage-et-messe-a-notre-dame-de-courcome\/#breadcrumb","itemListElement":[{"@type":"ListItem","position":1,"name":"Accueil","item":"https:\/\/charente.catholique.fr\/nord-charente\/"},{"@type":"ListItem","position":2,"name":"Mercredi 14 ao\u00fbt 2024 .P\u00e8lerinage et messe \u00e0 Notre Dame de Courc\u00f4me"}]},{"@type":"WebSite","@id":"https:\/\/charente.catholique.fr\/nord-charente\/#website","url":"https:\/\/charente.catholique.fr\/nord-charente\/","name":"Doyenn\u00e9 Nord Charente - Dioc\u00e8se d'Angoul\u00eame","description":"Dioc\u00e8se d&#039;Angoul\u00eame","publisher":{"@id":"https:\/\/charente.catholique.fr\/nord-charente\/#organization"},"potentialAction":[{"@type":"SearchAction","target":{"@type":"EntryPoint","urlTemplate":"https:\/\/charente.catholique.fr\/nord-charente\/?s={search_term_string}"},"query-input":{"@type":"PropertyValueSpecification","valueRequired":true,"valueName":"search_term_string"}}],"inLanguage":"fr-FR"},{"@type":"Organization","@id":"https:\/\/charente.catholique.fr\/nord-charente\/#organization","name":"Association dioc\u00e9saine d'Angoul\u00eame","url":"https:\/\/charente.catholique.fr\/nord-charente\/","logo":{"@type":"ImageObject","inLanguage":"fr-FR","@id":"https:\/\/charente.catholique.fr\/nord-charente\/#\/schema\/logo\/image\/","url":"https:\/\/charente.catholique.fr\/nord-charente\/wp-content\/uploads\/sites\/4\/2020\/10\/logos.png","contentUrl":"https:\/\/charente.catholique.fr\/nord-charente\/wp-content\/uploads\/sites\/4\/2020\/10\/logos.png","width":600,"height":257,"caption":"Association dioc\u00e9saine d'Angoul\u00eame"},"image":{"@id":"https:\/\/charente.catholique.fr\/nord-charente\/#\/schema\/logo\/image\/"},"sameAs":["https:\/\/www.facebook.com\/EgliseCatholiqueCharente","https:\/\/x.com\/diocesecharente","https:\/\/www.instagram.com\/eglisecharente","https:\/\/www.youtube.com\/channel\/UCByyFWApZbw3gDTiADoiAaQ"]},{"@type":"Person","@id":"https:\/\/charente.catholique.fr\/nord-charente\/#\/schema\/person\/51184492e4abba33e5d768059a70f4db","name":"joelleayrault","image":{"@type":"ImageObject","inLanguage":"fr-FR","@id":"https:\/\/charente.catholique.fr\/nord-charente\/#\/schema\/person\/image\/","url":"https:\/\/secure.gravatar.com\/avatar\/3bd3977af99690427d59b19ec7b6bd94226de63be5c368ae8d090f2d7f86dd5f?s=96&d=mm&r=g","contentUrl":"https:\/\/secure.gravatar.com\/avatar\/3bd3977af99690427d59b19ec7b6bd94226de63be5c368ae8d090f2d7f86dd5f?s=96&d=mm&r=g","caption":"joelleayrault"},"url":"https:\/\/charente.catholique.fr\/nord-charente\/author\/joelleayrault\/"}]}},"_links":{"self":[{"href":"https:\/\/charente.catholique.fr\/nord-charente\/wp-json\/wp\/v2\/posts\/7087","targetHints":{"allow":["GET"]}}],"collection":[{"href":"https:\/\/charente.catholique.fr\/nord-charente\/wp-json\/wp\/v2\/posts"}],"about":[{"href":"https:\/\/charente.catholique.fr\/nord-charente\/wp-json\/wp\/v2\/types\/post"}],"author":[{"embeddable":true,"href":"https:\/\/charente.catholique.fr\/nord-charente\/wp-json\/wp\/v2\/users\/38"}],"replies":[{"embeddable":true,"href":"https:\/\/charente.catholique.fr\/nord-charente\/wp-json\/wp\/v2\/comments?post=7087"}],"version-history":[{"count":5,"href":"https:\/\/charente.catholique.fr\/nord-charente\/wp-json\/wp\/v2\/posts\/7087\/revisions"}],"predecessor-version":[{"id":7106,"href":"https:\/\/charente.catholique.fr\/nord-charente\/wp-json\/wp\/v2\/posts\/7087\/revisions\/7106"}],"wp:featuredmedia":[{"embeddable":true,"href":"https:\/\/charente.catholique.fr\/nord-charente\/wp-json\/wp\/v2\/media\/7096"}],"wp:attachment":[{"href":"https:\/\/charente.catholique.fr\/nord-charente\/wp-json\/wp\/v2\/media?parent=7087"}],"wp:term":[{"taxonomy":"category","embeddable":true,"href":"https:\/\/charente.catholique.fr\/nord-charente\/wp-json\/wp\/v2\/categories?post=7087"},{"taxonomy":"post_tag","embeddable":true,"href":"https:\/\/charente.catholique.fr\/nord-charente\/wp-json\/wp\/v2\/tags?post=7087"}],"curies":[{"name":"wp","href":"https:\/\/api.w.org\/{rel}","templated":true}]}}