{"id":7082,"date":"2024-09-07T09:50:38","date_gmt":"2024-09-07T07:50:38","guid":{"rendered":"https:\/\/charente.catholique.fr\/nord-charente\/?p=7082"},"modified":"2024-09-07T09:50:39","modified_gmt":"2024-09-07T07:50:39","slug":"annoncessemaine-du-7-au-15-septembre-2024","status":"publish","type":"post","link":"https:\/\/charente.catholique.fr\/nord-charente\/actualites\/annoncessemaine-du-7-au-15-septembre-2024\/","title":{"rendered":"Annonces:Semaine du 7 au 15 Septembre 2024"},"content":{"rendered":"\n<figure class=\"wp-block-table\"><table class=\"has-fixed-layout\"><thead><tr><td><strong>Annonces des paroisses de Ruffec et Villefagnan<\/strong><\/td><td colspan=\"3\"><strong>Semaine du<\/strong><strong> 7 au 15 Septembre<\/strong><\/td><\/tr><\/thead><tbody><tr><td rowspan=\"4\"><strong>Samedi 7<\/strong><\/td><td>Ruffec<\/td><td>&nbsp;9 h 30<\/td><td>&nbsp; Confessions \u00e0 l\u2019\u00e9glise.<\/td><\/tr><tr><td>&nbsp;Les Adjots<\/td><td>&nbsp;11 h<\/td><td>&nbsp;Chapelet pour les vocations sacerdotales et religieuses<\/td><\/tr><tr><td><strong>&nbsp;Villefagnan<\/strong><\/td><td><strong>&nbsp;11 h<\/strong><\/td><td><strong>&nbsp;Bapt\u00eame d\u2019Eliam BASTIER-CHARON<\/strong><\/td><\/tr><tr><td>&nbsp;Bayers &nbsp;<strong>Villefagnan<\/strong> &nbsp;<\/td><td>&nbsp;18 h 30 &nbsp;<strong>17 h 30<\/strong> <strong>&nbsp;18 h 30<\/strong><\/td><td><strong>\u00a0Messe anticip\u00e9e \u00a0Chapelet pour les pr\u00eatres et les personnes malades<\/strong> <strong>\u00a0Messe anticip\u00e9e<\/strong><\/td><\/tr><tr><td rowspan=\"2\">Dimanche 8<\/td><td>&nbsp;Aigre Mansle &nbsp;Ruffec &nbsp; &nbsp;<\/td><td>10 h 30 &nbsp;10h 30<\/td><td>&nbsp;Messe dominicale &nbsp;Messe et <em>Envoi de la NOUVELLE \u00c9QUIPE d\u2019ANIMATION PASTORALE (E.A.P.)&nbsp;: Jean Paul MORIN &#8211; Marieme P\u00c9QUEUR \u2013 Gr\u00e9gory DESMAZI\u00c8RES &#8211; V\u00e9ronique De LAVIGNERE \u2013 Louis PACAULT<\/em><\/td><\/tr><tr><td>&nbsp;<\/td><td>&nbsp;<\/td><td>&nbsp;<\/td><\/tr><tr><td><strong>Lundi 9<\/strong><\/td><td><strong>\u00a0Villefagnan<\/strong> \u00a0Ruffec \u00a0<\/td><td>\u00a0<strong>10 h<\/strong> \u00a0<strong>14 h 30<\/strong> \u00a0<br>18 h<\/td><td>\u00a0<strong>Pri\u00e8re des m\u00e8res au presbyt\u00e8re<\/strong> \u00a0<strong>Pri\u00e8re du Renouveau \u00e0 l&#8217;oratoire <\/strong>\u00a0Messe \u00e0 l&#8217;\u00e9glise<\/td><\/tr><tr><td rowspan=\"2\"><strong>Mardi 10<\/strong><\/td><td>&nbsp;<strong>Villefagnan<\/strong><strong><\/strong><\/td><td><strong>&nbsp;9 h 15<\/strong><strong><\/strong><\/td><td><strong>&nbsp;Messe \u00e0 l&#8217;\u00e9glise<\/strong><strong><\/strong> <strong>&nbsp;Rencontre \u00e9quipe liturgique n\u00b0&nbsp;4 ( Samedi 21 Septembre)<\/strong><\/td><\/tr><tr><td>&nbsp;Ruffec<strong><\/strong><\/td><td>&nbsp;18 h <strong><\/strong><\/td><td>&nbsp;Messe \u00e0 l&#8217;\u00e9glise<strong><\/strong><\/td><\/tr><tr><td rowspan=\"2\">Mercredi 11<\/td><td>&nbsp;Aigre<\/td><td>&nbsp;11 h<\/td><td>&nbsp;Messe<\/td><\/tr><tr><td>&nbsp;Ruffec<\/td><td>&nbsp;18 h<\/td><td>&nbsp;Messe \u00e0 l&#8217;\u00e9glise<\/td><\/tr><tr><td rowspan=\"2\">Jeudi 12<\/td><td>&nbsp;Ruffec<\/td><td>&nbsp;17 h<\/td><td>&nbsp;Confessions \u00e0 l\u2019\u00e9glise<\/td><\/tr><tr><td>&nbsp;Ruffec<\/td><td>&nbsp;18 h<\/td><td>&nbsp;Messe suivie de l&#8217;Adoration<\/td><\/tr><tr><td rowspan=\"3\">Vendredi 13 &nbsp;<\/td><td>&nbsp;Ruffec<\/td><td>&nbsp;12 h 10<\/td><td>&nbsp;Messe \u00e0 la chapelle du Sacr\u00e9-C\u0153ur<\/td><\/tr><tr><td>&nbsp;<\/td><td>&nbsp;14 h 30<\/td><td>&nbsp;Rencontre du SEM pour pr\u00e9parer la rencontre en doyenne du 10 Octobre qui aura lieu&nbsp; \u00e0 Charm\u00e9<\/td><\/tr><tr><td>&nbsp;Aizecq<\/td><td>&nbsp;14 h 30<\/td><td>&nbsp;R\u00e9p\u00e9tition de chants<\/td><\/tr><tr><td rowspan=\"4\"><strong>Samedi 14<\/strong><\/td><td>&nbsp;Ruffec<\/td><td>&nbsp;9 h 30<\/td><td>&nbsp;Confessions \u00e0 l\u2019\u00e9glise.<\/td><\/tr><tr><td>&nbsp;<strong>Villefagnan<\/strong><\/td><td><strong>&nbsp;10 h<\/strong><\/td><td>&nbsp;<strong>Rentr\u00e9e du cat\u00e9 et de l\u2019\u00e9veil \u00e0 la foi, 11 h 30 accueil des parents<\/strong><\/td><\/tr><tr><td><strong>&nbsp;Paizay-Naudouin<\/strong><\/td><td><strong>&nbsp;<\/strong><strong>11 h<\/strong><\/td><td><strong>&nbsp;<\/strong><strong>Chapelet pour les vocations sacerdotales et religieuses<\/strong><\/td><\/tr><tr><td>&nbsp;<strong>Villiers Le Roux<\/strong> <strong>&nbsp;<\/strong><strong>Villefagnan<\/strong><strong><\/strong> Xambes <strong>&nbsp;11 h<\/strong><\/td><td><strong>&nbsp;11 h<\/strong><strong><\/strong> <strong>&nbsp;17 h 30 <\/strong><strong><\/strong> <strong>&nbsp;18 h 30<\/strong><strong><\/strong><\/td><td><strong>&nbsp;Bapt\u00eame de Charlotte FLEURY.<\/strong><strong><\/strong> <strong>Chapelet pour les pr\u00eatres et les personnes malades suivi de la messe anticip\u00e9e \u00e0 18 h 30 .<\/strong><strong><\/strong> <strong>&nbsp;Messe anticip\u00e9e<\/strong><strong><\/strong><\/td><\/tr><tr><td>Dimanche 15<\/td><td><strong>&nbsp;<\/strong>Aigre Mansle Ruffec <strong>&nbsp;<\/strong><\/td><td>&nbsp;10 h 30<\/td><td>&nbsp;Messe dominicale&nbsp;&nbsp;&nbsp;&nbsp;&nbsp;&nbsp;&nbsp;&nbsp;&nbsp;&nbsp;&nbsp;&nbsp;&nbsp;&nbsp;&nbsp;&nbsp;&nbsp;&nbsp;&nbsp;&nbsp;&nbsp;&nbsp;&nbsp;&nbsp;&nbsp;&nbsp;&nbsp;&nbsp;&nbsp;&nbsp;&nbsp;&nbsp;&nbsp;&nbsp;&nbsp;&nbsp;&nbsp;&nbsp;&nbsp;&nbsp;&nbsp;&nbsp;&nbsp;&nbsp;&nbsp;<\/td><\/tr><tr><td>&nbsp;<\/td><td>&nbsp;<\/td><td>&nbsp;<\/td><td>&nbsp;<\/td><\/tr><\/tbody><\/table><\/figure>\n\n\n\n<p>Toutes infos&nbsp;: 05 45 29 01 72 \/ <a href=\"https:\/\/nordcharente.catholique.fr\/\">https:\/\/nordcharente.catholique.fr<\/a><\/p>\n\n\n\n<p>Presbyt\u00e8re de Villefagnan&nbsp;: 5 rue Patient 16240 Villefagnan&nbsp;: 05 45 31 61 07 \/ mail&nbsp;: paroisse.villefagnan@outlook.com<strong><\/strong><\/p>\n\n\n\n<p><strong>Samedi 14 Septembre&nbsp;: Bapt\u00eame de Charlotte FLEURY \u00e0 <a>Villers le Roux<\/a>.<\/strong><\/p>\n\n\n\n<p><strong>Samedi 21 Septembre&nbsp;: Bapt\u00eame de C\u00e9leste BERGER&nbsp;\u00e0 Villers le Roux.<\/strong><\/p>\n\n\n\n<figure class=\"wp-block-table\"><table class=\"has-fixed-layout\"><tbody><tr><td><strong>&nbsp;<\/strong> <strong>Rappel \u00e0 Dieu de Monsieur Robert QUERON<\/strong> <strong>&nbsp;<\/strong><\/td><\/tr><\/tbody><\/table><\/figure>\n\n\n\n<p><strong>&#8212;&#8212;&#8212;&#8212;&#8212;&#8212;&#8212;&#8212;&#8212;&#8212;&#8212;&#8212;-<\/strong><\/p>\n\n\n<div class=\"wp-block-image\">\n<figure class=\"aligncenter size-full is-resized\"><img loading=\"lazy\" decoding=\"async\" width=\"890\" height=\"501\" src=\"https:\/\/charente.catholique.fr\/nord-charente\/wp-content\/uploads\/sites\/4\/2024\/09\/papa-francesco-rosario-b-b-1.jpg\" alt=\"\" class=\"wp-image-7085\" style=\"width:442px;height:auto\" srcset=\"https:\/\/charente.catholique.fr\/nord-charente\/wp-content\/uploads\/sites\/4\/2024\/09\/papa-francesco-rosario-b-b-1.jpg 890w, https:\/\/charente.catholique.fr\/nord-charente\/wp-content\/uploads\/sites\/4\/2024\/09\/papa-francesco-rosario-b-b-1-300x169.jpg 300w, https:\/\/charente.catholique.fr\/nord-charente\/wp-content\/uploads\/sites\/4\/2024\/09\/papa-francesco-rosario-b-b-1-768x432.jpg 768w\" sizes=\"auto, (max-width: 890px) 100vw, 890px\" \/><\/figure>\n<\/div>\n\n\n<p><strong>Pour le mois de septembre , tous les samedis \u00e0 17h30 en l\u2019\u00e9glise Saint Pierre aux Liens de Villefagnan<\/strong>&nbsp;<strong>suivi de la messe dominicale \u00e0 18h30<\/strong><\/p>\n\n\n\n<p><strong>\u00ab&nbsp;Je vous invite tous \u00e0 prier souvent pour tous les pr\u00eatres que vous connaissez, en particulier pour ceux qui sont en difficult\u00e9, ou qui ont besoin de retrouver la fraicheur de leur vocation. Qu\u2019ils trouvent toujours aupr\u00e8s de vous accueil et r\u00e9confort.&nbsp;\u00bb<\/strong>&nbsp;<strong>Pape Fran\u00e7ois<\/strong><\/p>\n\n\n\n<p><\/p>\n\n\n\n<p><strong>\u00ab&nbsp;Soyez proches de vos pr\u00eatres par la pri\u00e8re et le soutien, particuli\u00e8rement de ceux qui sont dans la difficult\u00e9, afin qu\u2019ils soient toujours plus des pasteurs selon le c\u0153ur de Dieu&nbsp;\u00bb<\/strong>&nbsp;&nbsp;&nbsp;&nbsp;&nbsp;&nbsp; <strong><em>Beno\u00eet XVI<\/em><\/strong><\/p>\n\n\n\n<p><strong>&#8212;&#8212;&#8212;&#8212;&#8212;&#8212;&#8212;&#8212;&#8212;&#8212;&#8211;<\/strong><\/p>\n","protected":false},"excerpt":{"rendered":"<p>Annonces des paroisses de Ruffec et Villefagnan Semaine du 7 au 15 Septembre Samedi 7 Ruffec &nbsp;9 h 30 &nbsp; Confessions \u00e0 l\u2019\u00e9glise. &nbsp;Les Adjots &nbsp;11 h &nbsp;Chapelet pour les vocations sacerdotales et religieuses &nbsp;Villefagnan &nbsp;11 h &nbsp;Bapt\u00eame d\u2019Eliam BASTIER-CHARON &nbsp;Bayers &nbsp;Villefagnan &nbsp; &nbsp;18 h 30 &nbsp;17 h 30 &nbsp;18 h 30 \u00a0Messe anticip\u00e9e \u00a0Chapelet [&hellip;]<\/p>\n","protected":false},"author":38,"featured_media":7066,"comment_status":"open","ping_status":"open","sticky":false,"template":"","format":"standard","meta":{"_acf_changed":false,"paroisse":["14"],"service":["0"],"footnotes":""},"categories":[1],"tags":[],"class_list":["post-7082","post","type-post","status-publish","format-standard","has-post-thumbnail","hentry","category-actualites"],"acf":[],"yoast_head":"<!-- This site is optimized with the Yoast SEO plugin v27.1.1 - https:\/\/yoast.com\/product\/yoast-seo-wordpress\/ -->\n<title>Annonces:Semaine du 7 au 15 Septembre 2024 - Doyenn\u00e9 Nord Charente<\/title>\n<meta name=\"robots\" content=\"index, follow, max-snippet:-1, max-image-preview:large, max-video-preview:-1\" \/>\n<link rel=\"canonical\" href=\"https:\/\/charente.catholique.fr\/nord-charente\/actualites\/annoncessemaine-du-7-au-15-septembre-2024\/\" \/>\n<meta property=\"og:locale\" content=\"fr_FR\" \/>\n<meta property=\"og:type\" content=\"article\" \/>\n<meta property=\"og:title\" content=\"Annonces:Semaine du 7 au 15 Septembre 2024 - Doyenn\u00e9 Nord Charente\" \/>\n<meta property=\"og:description\" content=\"Annonces des paroisses de Ruffec et Villefagnan Semaine du 7 au 15 Septembre Samedi 7 Ruffec &nbsp;9 h 30 &nbsp; Confessions \u00e0 l\u2019\u00e9glise. &nbsp;Les Adjots &nbsp;11 h &nbsp;Chapelet pour les vocations sacerdotales et religieuses &nbsp;Villefagnan &nbsp;11 h &nbsp;Bapt\u00eame d\u2019Eliam BASTIER-CHARON &nbsp;Bayers &nbsp;Villefagnan &nbsp; &nbsp;18 h 30 &nbsp;17 h 30 &nbsp;18 h 30 \u00a0Messe anticip\u00e9e \u00a0Chapelet [&hellip;]\" \/>\n<meta property=\"og:url\" content=\"https:\/\/charente.catholique.fr\/nord-charente\/actualites\/annoncessemaine-du-7-au-15-septembre-2024\/\" \/>\n<meta property=\"og:site_name\" content=\"Doyenn\u00e9 Nord Charente\" \/>\n<meta property=\"article:publisher\" content=\"https:\/\/www.facebook.com\/EgliseCatholiqueCharente\" \/>\n<meta property=\"article:published_time\" content=\"2024-09-07T07:50:38+00:00\" \/>\n<meta property=\"article:modified_time\" content=\"2024-09-07T07:50:39+00:00\" \/>\n<meta property=\"og:image\" content=\"https:\/\/charente.catholique.fr\/nord-charente\/wp-content\/uploads\/sites\/4\/2024\/09\/bxvi-chapelet-1.jpg\" \/>\n\t<meta property=\"og:image:width\" content=\"250\" \/>\n\t<meta property=\"og:image:height\" content=\"368\" \/>\n\t<meta property=\"og:image:type\" content=\"image\/jpeg\" \/>\n<meta name=\"author\" content=\"joelleayrault\" \/>\n<meta name=\"twitter:card\" content=\"summary_large_image\" \/>\n<meta name=\"twitter:creator\" content=\"@diocesecharente\" \/>\n<meta name=\"twitter:site\" content=\"@diocesecharente\" \/>\n<meta name=\"twitter:label1\" content=\"\u00c9crit par\" \/>\n\t<meta name=\"twitter:data1\" content=\"joelleayrault\" \/>\n\t<meta name=\"twitter:label2\" content=\"Dur\u00e9e de lecture estim\u00e9e\" \/>\n\t<meta name=\"twitter:data2\" content=\"3 minutes\" \/>\n<script type=\"application\/ld+json\" class=\"yoast-schema-graph\">{\"@context\":\"https:\/\/schema.org\",\"@graph\":[{\"@type\":\"Article\",\"@id\":\"https:\/\/charente.catholique.fr\/nord-charente\/actualites\/annoncessemaine-du-7-au-15-septembre-2024\/#article\",\"isPartOf\":{\"@id\":\"https:\/\/charente.catholique.fr\/nord-charente\/actualites\/annoncessemaine-du-7-au-15-septembre-2024\/\"},\"author\":{\"name\":\"joelleayrault\",\"@id\":\"https:\/\/charente.catholique.fr\/nord-charente\/#\/schema\/person\/51184492e4abba33e5d768059a70f4db\"},\"headline\":\"Annonces:Semaine du 7 au 15 Septembre 2024\",\"datePublished\":\"2024-09-07T07:50:38+00:00\",\"dateModified\":\"2024-09-07T07:50:39+00:00\",\"mainEntityOfPage\":{\"@id\":\"https:\/\/charente.catholique.fr\/nord-charente\/actualites\/annoncessemaine-du-7-au-15-septembre-2024\/\"},\"wordCount\":570,\"commentCount\":0,\"publisher\":{\"@id\":\"https:\/\/charente.catholique.fr\/nord-charente\/#organization\"},\"image\":{\"@id\":\"https:\/\/charente.catholique.fr\/nord-charente\/actualites\/annoncessemaine-du-7-au-15-septembre-2024\/#primaryimage\"},\"thumbnailUrl\":\"https:\/\/charente.catholique.fr\/nord-charente\/wp-content\/uploads\/sites\/4\/2024\/09\/bxvi-chapelet-1.jpg\",\"articleSection\":[\"Actualit\u00e9s\"],\"inLanguage\":\"fr-FR\",\"potentialAction\":[{\"@type\":\"CommentAction\",\"name\":\"Comment\",\"target\":[\"https:\/\/charente.catholique.fr\/nord-charente\/actualites\/annoncessemaine-du-7-au-15-septembre-2024\/#respond\"]}]},{\"@type\":\"WebPage\",\"@id\":\"https:\/\/charente.catholique.fr\/nord-charente\/actualites\/annoncessemaine-du-7-au-15-septembre-2024\/\",\"url\":\"https:\/\/charente.catholique.fr\/nord-charente\/actualites\/annoncessemaine-du-7-au-15-septembre-2024\/\",\"name\":\"Annonces:Semaine du 7 au 15 Septembre 2024 - Doyenn\u00e9 Nord Charente\",\"isPartOf\":{\"@id\":\"https:\/\/charente.catholique.fr\/nord-charente\/#website\"},\"primaryImageOfPage\":{\"@id\":\"https:\/\/charente.catholique.fr\/nord-charente\/actualites\/annoncessemaine-du-7-au-15-septembre-2024\/#primaryimage\"},\"image\":{\"@id\":\"https:\/\/charente.catholique.fr\/nord-charente\/actualites\/annoncessemaine-du-7-au-15-septembre-2024\/#primaryimage\"},\"thumbnailUrl\":\"https:\/\/charente.catholique.fr\/nord-charente\/wp-content\/uploads\/sites\/4\/2024\/09\/bxvi-chapelet-1.jpg\",\"datePublished\":\"2024-09-07T07:50:38+00:00\",\"dateModified\":\"2024-09-07T07:50:39+00:00\",\"breadcrumb\":{\"@id\":\"https:\/\/charente.catholique.fr\/nord-charente\/actualites\/annoncessemaine-du-7-au-15-septembre-2024\/#breadcrumb\"},\"inLanguage\":\"fr-FR\",\"potentialAction\":[{\"@type\":\"ReadAction\",\"target\":[\"https:\/\/charente.catholique.fr\/nord-charente\/actualites\/annoncessemaine-du-7-au-15-septembre-2024\/\"]}]},{\"@type\":\"ImageObject\",\"inLanguage\":\"fr-FR\",\"@id\":\"https:\/\/charente.catholique.fr\/nord-charente\/actualites\/annoncessemaine-du-7-au-15-septembre-2024\/#primaryimage\",\"url\":\"https:\/\/charente.catholique.fr\/nord-charente\/wp-content\/uploads\/sites\/4\/2024\/09\/bxvi-chapelet-1.jpg\",\"contentUrl\":\"https:\/\/charente.catholique.fr\/nord-charente\/wp-content\/uploads\/sites\/4\/2024\/09\/bxvi-chapelet-1.jpg\",\"width\":250,\"height\":368},{\"@type\":\"BreadcrumbList\",\"@id\":\"https:\/\/charente.catholique.fr\/nord-charente\/actualites\/annoncessemaine-du-7-au-15-septembre-2024\/#breadcrumb\",\"itemListElement\":[{\"@type\":\"ListItem\",\"position\":1,\"name\":\"Accueil\",\"item\":\"https:\/\/charente.catholique.fr\/nord-charente\/\"},{\"@type\":\"ListItem\",\"position\":2,\"name\":\"Annonces:Semaine du 7 au 15 Septembre 2024\"}]},{\"@type\":\"WebSite\",\"@id\":\"https:\/\/charente.catholique.fr\/nord-charente\/#website\",\"url\":\"https:\/\/charente.catholique.fr\/nord-charente\/\",\"name\":\"Doyenn\u00e9 Nord Charente - Dioc\u00e8se d'Angoul\u00eame\",\"description\":\"Dioc\u00e8se d&#039;Angoul\u00eame\",\"publisher\":{\"@id\":\"https:\/\/charente.catholique.fr\/nord-charente\/#organization\"},\"potentialAction\":[{\"@type\":\"SearchAction\",\"target\":{\"@type\":\"EntryPoint\",\"urlTemplate\":\"https:\/\/charente.catholique.fr\/nord-charente\/?s={search_term_string}\"},\"query-input\":{\"@type\":\"PropertyValueSpecification\",\"valueRequired\":true,\"valueName\":\"search_term_string\"}}],\"inLanguage\":\"fr-FR\"},{\"@type\":\"Organization\",\"@id\":\"https:\/\/charente.catholique.fr\/nord-charente\/#organization\",\"name\":\"Association dioc\u00e9saine d'Angoul\u00eame\",\"url\":\"https:\/\/charente.catholique.fr\/nord-charente\/\",\"logo\":{\"@type\":\"ImageObject\",\"inLanguage\":\"fr-FR\",\"@id\":\"https:\/\/charente.catholique.fr\/nord-charente\/#\/schema\/logo\/image\/\",\"url\":\"https:\/\/charente.catholique.fr\/nord-charente\/wp-content\/uploads\/sites\/4\/2020\/10\/logos.png\",\"contentUrl\":\"https:\/\/charente.catholique.fr\/nord-charente\/wp-content\/uploads\/sites\/4\/2020\/10\/logos.png\",\"width\":600,\"height\":257,\"caption\":\"Association dioc\u00e9saine d'Angoul\u00eame\"},\"image\":{\"@id\":\"https:\/\/charente.catholique.fr\/nord-charente\/#\/schema\/logo\/image\/\"},\"sameAs\":[\"https:\/\/www.facebook.com\/EgliseCatholiqueCharente\",\"https:\/\/x.com\/diocesecharente\",\"https:\/\/www.instagram.com\/eglisecharente\",\"https:\/\/www.youtube.com\/channel\/UCByyFWApZbw3gDTiADoiAaQ\"]},{\"@type\":\"Person\",\"@id\":\"https:\/\/charente.catholique.fr\/nord-charente\/#\/schema\/person\/51184492e4abba33e5d768059a70f4db\",\"name\":\"joelleayrault\",\"image\":{\"@type\":\"ImageObject\",\"inLanguage\":\"fr-FR\",\"@id\":\"https:\/\/charente.catholique.fr\/nord-charente\/#\/schema\/person\/image\/\",\"url\":\"https:\/\/secure.gravatar.com\/avatar\/3bd3977af99690427d59b19ec7b6bd94226de63be5c368ae8d090f2d7f86dd5f?s=96&d=mm&r=g\",\"contentUrl\":\"https:\/\/secure.gravatar.com\/avatar\/3bd3977af99690427d59b19ec7b6bd94226de63be5c368ae8d090f2d7f86dd5f?s=96&d=mm&r=g\",\"caption\":\"joelleayrault\"},\"url\":\"https:\/\/charente.catholique.fr\/nord-charente\/author\/joelleayrault\/\"}]}<\/script>\n<!-- \/ Yoast SEO plugin. -->","yoast_head_json":{"title":"Annonces:Semaine du 7 au 15 Septembre 2024 - Doyenn\u00e9 Nord Charente","robots":{"index":"index","follow":"follow","max-snippet":"max-snippet:-1","max-image-preview":"max-image-preview:large","max-video-preview":"max-video-preview:-1"},"canonical":"https:\/\/charente.catholique.fr\/nord-charente\/actualites\/annoncessemaine-du-7-au-15-septembre-2024\/","og_locale":"fr_FR","og_type":"article","og_title":"Annonces:Semaine du 7 au 15 Septembre 2024 - Doyenn\u00e9 Nord Charente","og_description":"Annonces des paroisses de Ruffec et Villefagnan Semaine du 7 au 15 Septembre Samedi 7 Ruffec &nbsp;9 h 30 &nbsp; Confessions \u00e0 l\u2019\u00e9glise. &nbsp;Les Adjots &nbsp;11 h &nbsp;Chapelet pour les vocations sacerdotales et religieuses &nbsp;Villefagnan &nbsp;11 h &nbsp;Bapt\u00eame d\u2019Eliam BASTIER-CHARON &nbsp;Bayers &nbsp;Villefagnan &nbsp; &nbsp;18 h 30 &nbsp;17 h 30 &nbsp;18 h 30 \u00a0Messe anticip\u00e9e \u00a0Chapelet [&hellip;]","og_url":"https:\/\/charente.catholique.fr\/nord-charente\/actualites\/annoncessemaine-du-7-au-15-septembre-2024\/","og_site_name":"Doyenn\u00e9 Nord Charente","article_publisher":"https:\/\/www.facebook.com\/EgliseCatholiqueCharente","article_published_time":"2024-09-07T07:50:38+00:00","article_modified_time":"2024-09-07T07:50:39+00:00","og_image":[{"width":250,"height":368,"url":"https:\/\/charente.catholique.fr\/nord-charente\/wp-content\/uploads\/sites\/4\/2024\/09\/bxvi-chapelet-1.jpg","type":"image\/jpeg"}],"author":"joelleayrault","twitter_card":"summary_large_image","twitter_creator":"@diocesecharente","twitter_site":"@diocesecharente","twitter_misc":{"\u00c9crit par":"joelleayrault","Dur\u00e9e de lecture estim\u00e9e":"3 minutes"},"schema":{"@context":"https:\/\/schema.org","@graph":[{"@type":"Article","@id":"https:\/\/charente.catholique.fr\/nord-charente\/actualites\/annoncessemaine-du-7-au-15-septembre-2024\/#article","isPartOf":{"@id":"https:\/\/charente.catholique.fr\/nord-charente\/actualites\/annoncessemaine-du-7-au-15-septembre-2024\/"},"author":{"name":"joelleayrault","@id":"https:\/\/charente.catholique.fr\/nord-charente\/#\/schema\/person\/51184492e4abba33e5d768059a70f4db"},"headline":"Annonces:Semaine du 7 au 15 Septembre 2024","datePublished":"2024-09-07T07:50:38+00:00","dateModified":"2024-09-07T07:50:39+00:00","mainEntityOfPage":{"@id":"https:\/\/charente.catholique.fr\/nord-charente\/actualites\/annoncessemaine-du-7-au-15-septembre-2024\/"},"wordCount":570,"commentCount":0,"publisher":{"@id":"https:\/\/charente.catholique.fr\/nord-charente\/#organization"},"image":{"@id":"https:\/\/charente.catholique.fr\/nord-charente\/actualites\/annoncessemaine-du-7-au-15-septembre-2024\/#primaryimage"},"thumbnailUrl":"https:\/\/charente.catholique.fr\/nord-charente\/wp-content\/uploads\/sites\/4\/2024\/09\/bxvi-chapelet-1.jpg","articleSection":["Actualit\u00e9s"],"inLanguage":"fr-FR","potentialAction":[{"@type":"CommentAction","name":"Comment","target":["https:\/\/charente.catholique.fr\/nord-charente\/actualites\/annoncessemaine-du-7-au-15-septembre-2024\/#respond"]}]},{"@type":"WebPage","@id":"https:\/\/charente.catholique.fr\/nord-charente\/actualites\/annoncessemaine-du-7-au-15-septembre-2024\/","url":"https:\/\/charente.catholique.fr\/nord-charente\/actualites\/annoncessemaine-du-7-au-15-septembre-2024\/","name":"Annonces:Semaine du 7 au 15 Septembre 2024 - Doyenn\u00e9 Nord Charente","isPartOf":{"@id":"https:\/\/charente.catholique.fr\/nord-charente\/#website"},"primaryImageOfPage":{"@id":"https:\/\/charente.catholique.fr\/nord-charente\/actualites\/annoncessemaine-du-7-au-15-septembre-2024\/#primaryimage"},"image":{"@id":"https:\/\/charente.catholique.fr\/nord-charente\/actualites\/annoncessemaine-du-7-au-15-septembre-2024\/#primaryimage"},"thumbnailUrl":"https:\/\/charente.catholique.fr\/nord-charente\/wp-content\/uploads\/sites\/4\/2024\/09\/bxvi-chapelet-1.jpg","datePublished":"2024-09-07T07:50:38+00:00","dateModified":"2024-09-07T07:50:39+00:00","breadcrumb":{"@id":"https:\/\/charente.catholique.fr\/nord-charente\/actualites\/annoncessemaine-du-7-au-15-septembre-2024\/#breadcrumb"},"inLanguage":"fr-FR","potentialAction":[{"@type":"ReadAction","target":["https:\/\/charente.catholique.fr\/nord-charente\/actualites\/annoncessemaine-du-7-au-15-septembre-2024\/"]}]},{"@type":"ImageObject","inLanguage":"fr-FR","@id":"https:\/\/charente.catholique.fr\/nord-charente\/actualites\/annoncessemaine-du-7-au-15-septembre-2024\/#primaryimage","url":"https:\/\/charente.catholique.fr\/nord-charente\/wp-content\/uploads\/sites\/4\/2024\/09\/bxvi-chapelet-1.jpg","contentUrl":"https:\/\/charente.catholique.fr\/nord-charente\/wp-content\/uploads\/sites\/4\/2024\/09\/bxvi-chapelet-1.jpg","width":250,"height":368},{"@type":"BreadcrumbList","@id":"https:\/\/charente.catholique.fr\/nord-charente\/actualites\/annoncessemaine-du-7-au-15-septembre-2024\/#breadcrumb","itemListElement":[{"@type":"ListItem","position":1,"name":"Accueil","item":"https:\/\/charente.catholique.fr\/nord-charente\/"},{"@type":"ListItem","position":2,"name":"Annonces:Semaine du 7 au 15 Septembre 2024"}]},{"@type":"WebSite","@id":"https:\/\/charente.catholique.fr\/nord-charente\/#website","url":"https:\/\/charente.catholique.fr\/nord-charente\/","name":"Doyenn\u00e9 Nord Charente - Dioc\u00e8se d'Angoul\u00eame","description":"Dioc\u00e8se d&#039;Angoul\u00eame","publisher":{"@id":"https:\/\/charente.catholique.fr\/nord-charente\/#organization"},"potentialAction":[{"@type":"SearchAction","target":{"@type":"EntryPoint","urlTemplate":"https:\/\/charente.catholique.fr\/nord-charente\/?s={search_term_string}"},"query-input":{"@type":"PropertyValueSpecification","valueRequired":true,"valueName":"search_term_string"}}],"inLanguage":"fr-FR"},{"@type":"Organization","@id":"https:\/\/charente.catholique.fr\/nord-charente\/#organization","name":"Association dioc\u00e9saine d'Angoul\u00eame","url":"https:\/\/charente.catholique.fr\/nord-charente\/","logo":{"@type":"ImageObject","inLanguage":"fr-FR","@id":"https:\/\/charente.catholique.fr\/nord-charente\/#\/schema\/logo\/image\/","url":"https:\/\/charente.catholique.fr\/nord-charente\/wp-content\/uploads\/sites\/4\/2020\/10\/logos.png","contentUrl":"https:\/\/charente.catholique.fr\/nord-charente\/wp-content\/uploads\/sites\/4\/2020\/10\/logos.png","width":600,"height":257,"caption":"Association dioc\u00e9saine d'Angoul\u00eame"},"image":{"@id":"https:\/\/charente.catholique.fr\/nord-charente\/#\/schema\/logo\/image\/"},"sameAs":["https:\/\/www.facebook.com\/EgliseCatholiqueCharente","https:\/\/x.com\/diocesecharente","https:\/\/www.instagram.com\/eglisecharente","https:\/\/www.youtube.com\/channel\/UCByyFWApZbw3gDTiADoiAaQ"]},{"@type":"Person","@id":"https:\/\/charente.catholique.fr\/nord-charente\/#\/schema\/person\/51184492e4abba33e5d768059a70f4db","name":"joelleayrault","image":{"@type":"ImageObject","inLanguage":"fr-FR","@id":"https:\/\/charente.catholique.fr\/nord-charente\/#\/schema\/person\/image\/","url":"https:\/\/secure.gravatar.com\/avatar\/3bd3977af99690427d59b19ec7b6bd94226de63be5c368ae8d090f2d7f86dd5f?s=96&d=mm&r=g","contentUrl":"https:\/\/secure.gravatar.com\/avatar\/3bd3977af99690427d59b19ec7b6bd94226de63be5c368ae8d090f2d7f86dd5f?s=96&d=mm&r=g","caption":"joelleayrault"},"url":"https:\/\/charente.catholique.fr\/nord-charente\/author\/joelleayrault\/"}]}},"_links":{"self":[{"href":"https:\/\/charente.catholique.fr\/nord-charente\/wp-json\/wp\/v2\/posts\/7082","targetHints":{"allow":["GET"]}}],"collection":[{"href":"https:\/\/charente.catholique.fr\/nord-charente\/wp-json\/wp\/v2\/posts"}],"about":[{"href":"https:\/\/charente.catholique.fr\/nord-charente\/wp-json\/wp\/v2\/types\/post"}],"author":[{"embeddable":true,"href":"https:\/\/charente.catholique.fr\/nord-charente\/wp-json\/wp\/v2\/users\/38"}],"replies":[{"embeddable":true,"href":"https:\/\/charente.catholique.fr\/nord-charente\/wp-json\/wp\/v2\/comments?post=7082"}],"version-history":[{"count":1,"href":"https:\/\/charente.catholique.fr\/nord-charente\/wp-json\/wp\/v2\/posts\/7082\/revisions"}],"predecessor-version":[{"id":7086,"href":"https:\/\/charente.catholique.fr\/nord-charente\/wp-json\/wp\/v2\/posts\/7082\/revisions\/7086"}],"wp:featuredmedia":[{"embeddable":true,"href":"https:\/\/charente.catholique.fr\/nord-charente\/wp-json\/wp\/v2\/media\/7066"}],"wp:attachment":[{"href":"https:\/\/charente.catholique.fr\/nord-charente\/wp-json\/wp\/v2\/media?parent=7082"}],"wp:term":[{"taxonomy":"category","embeddable":true,"href":"https:\/\/charente.catholique.fr\/nord-charente\/wp-json\/wp\/v2\/categories?post=7082"},{"taxonomy":"post_tag","embeddable":true,"href":"https:\/\/charente.catholique.fr\/nord-charente\/wp-json\/wp\/v2\/tags?post=7082"}],"curies":[{"name":"wp","href":"https:\/\/api.w.org\/{rel}","templated":true}]}}