{"id":7059,"date":"2024-09-02T10:24:11","date_gmt":"2024-09-02T08:24:11","guid":{"rendered":"https:\/\/charente.catholique.fr\/nord-charente\/?p=7059"},"modified":"2024-09-02T10:24:12","modified_gmt":"2024-09-02T08:24:12","slug":"annoncessemaine-du-31-aout-au-8-septembre-2024","status":"publish","type":"post","link":"https:\/\/charente.catholique.fr\/nord-charente\/actualites\/annoncessemaine-du-31-aout-au-8-septembre-2024\/","title":{"rendered":"Annonces:Semaine du 31 Ao\u00fbt au 8 Septembre 2024"},"content":{"rendered":"\n<figure class=\"wp-block-table\"><table class=\"has-fixed-layout\"><thead><tr><td><strong>Annonces des paroisses de Ruffec et Villefagnan<\/strong><\/td><td colspan=\"3\"><strong>Semaine du<\/strong><strong> 31 Ao\u00fbt au 8 Septembre 2024<\/strong><\/td><\/tr><\/thead><tbody><tr><td rowspan=\"5\"><strong>Samedi 31 Ao\u00fbt<\/strong><\/td><td>&nbsp;Ruffec<\/td><td>&nbsp; &nbsp;9 h 30<\/td><td>&nbsp; &nbsp;Confessions \u00e0 l\u2019\u00e9glise.<\/td><\/tr><tr><td>&nbsp;Aigre<\/td><td>&nbsp; 9 \u00e0 17 h<\/td><td><em>&nbsp; BRADERIE organis\u00e9e par le SECOURS CATHOLIQUE , 6 rue du temple \u00e0 Aigre (ancienne maison des s\u0153urs). ENTREE LIBRE, OUVERT \u00e0 TOUS<\/em><\/td><\/tr><tr><td>&nbsp;Montalembert<\/td><td>&nbsp;11 h<\/td><td>&nbsp;Chapelet pour les vocations sacerdotales et religieuses<\/td><\/tr><tr><td>&nbsp;Chenommet, Aigre<\/td><td>&nbsp;18 h 30<\/td><td>&nbsp;Messes anticip\u00e9es<\/td><\/tr><tr><td><strong>&nbsp;La For\u00eat de Tess\u00e9<\/strong><\/td><td><strong>&nbsp;14 h<\/strong><\/td><td><strong>&nbsp;Bapt\u00eames de Tylio et Mah\u00efna<\/strong><\/td><\/tr><tr><td><strong>Dimanche 1<sup>er<\/sup> Septembre<\/strong><\/td><td>&nbsp;&nbsp;Mansle Ruffec &nbsp;&nbsp;<strong>Villefagnan<\/strong> &nbsp;<\/td><td>10 h 30<\/td><td>&nbsp;Messe dominicale &nbsp;<strong>Messe Dominicale pr\u00e9c\u00e9d\u00e9e du chapelet \u00e0 9 h 30 pour les pr\u00eatres et personnes malades<\/strong><\/td><\/tr><tr><td>Lundi 2 &nbsp;<\/td><td>&nbsp;Ruffec &nbsp;<\/td><td>&nbsp;14 h 30<\/td><td>&nbsp;Pri\u00e8re du Renouveau \u00e0 l&#8217;oratoire<\/td><\/tr><tr><td rowspan=\"2\"><strong>Mardi 3<\/strong><\/td><td>&nbsp;<strong>Villefagnan<\/strong><strong><\/strong><\/td><td><strong>&nbsp;<\/strong><strong>9 h 15<\/strong><strong><\/strong><\/td><td><strong>&nbsp;<\/strong><strong>Messe \u00e0 l&#8217;oratoire<\/strong> <strong>&nbsp;Rencontre de l\u2019\u00e9quipe liturgique n\u00b03 ( samedi 7 Septembre)<\/strong><strong><\/strong><\/td><\/tr><tr><td>&nbsp;Ruffec<strong><\/strong><\/td><td>&nbsp;18 h <strong><\/strong><\/td><td>&nbsp;Messe \u00e0 l&#8217;\u00e9glise<strong><\/strong><\/td><\/tr><tr><td rowspan=\"2\">Mercredi 4<\/td><td>&nbsp;Aigre<\/td><td>11 h<\/td><td>&nbsp;Messe<\/td><\/tr><tr><td>&nbsp;Ruffec<\/td><td>&nbsp;18 h<\/td><td>&nbsp;Messe \u00e0 l&#8217;\u00e9glise<\/td><\/tr><tr><td rowspan=\"2\">Jeudi 5<\/td><td>&nbsp;Ruffec<\/td><td>&nbsp;17 h<\/td><td>&nbsp;Confessions \u00e0 l\u2019\u00e9glise<\/td><\/tr><tr><td>&nbsp;Ruffec<\/td><td>&nbsp;18 h<\/td><td>&nbsp;Messe \u00e0 l\u2019\u00e9glise suivie de l&#8217;Adoration<\/td><\/tr><tr><td rowspan=\"2\">Vendredi 6 &nbsp;<\/td><td>&nbsp;Ruffec<\/td><td>&nbsp;9 h<\/td><td>&nbsp;Messe \u00e0 l\u2019\u00e9glise<\/td><\/tr><tr><td>&nbsp;<\/td><td>&nbsp;<\/td><td>&nbsp;<\/td><\/tr><tr><td rowspan=\"4\"><strong>Samedi 7<\/strong><\/td><td>&nbsp;Ruffec<\/td><td>9 h 30<\/td><td>&nbsp;Confessions \u00e0 l\u2019\u00e9glise.<\/td><\/tr><tr><td>&nbsp;Les Adjots<\/td><td>11 h<\/td><td>&nbsp;Chapelet pour les vocations sacerdotales et religieuses<\/td><\/tr><tr><td><strong>&nbsp;Villefagnan<\/strong><\/td><td><\/td><td><strong>&nbsp;Bapt\u00eame de Eliam BASTIER \u2013 CHARON&nbsp; \u00e0 Villefagnan<\/strong><\/td><\/tr><tr><td><strong>&nbsp;Villefagnan, <\/strong>Bayers<\/td><td><strong>17h30 <\/strong>Chapelet pour les pr\u00eatres malades <strong>18 h 30<\/strong><\/td><td><strong>&nbsp;<\/strong><strong>Messe anticip\u00e9e<\/strong><strong><\/strong><\/td><\/tr><tr><td>Dimanche 8<\/td><td><strong>&nbsp;<\/strong>Aigre Mansle Ruffec <strong>&nbsp;<\/strong><strong><\/strong><\/td><td>&nbsp;10 h 30<\/td><td>&nbsp;Messe dominicale &nbsp;<strong>&nbsp;&nbsp;&nbsp;&nbsp;&nbsp;&nbsp;&nbsp;&nbsp;&nbsp;&nbsp;&nbsp;&nbsp;&nbsp;&nbsp;&nbsp;&nbsp;&nbsp;&nbsp;&nbsp;&nbsp;&nbsp;&nbsp;&nbsp;&nbsp;&nbsp;&nbsp;&nbsp;&nbsp;&nbsp;&nbsp;&nbsp;&nbsp;&nbsp;&nbsp;&nbsp;&nbsp;&nbsp;&nbsp;&nbsp; <\/strong><strong><\/strong><\/td><\/tr><tr><td>&nbsp;<\/td><td>&nbsp;<\/td><td>&nbsp;<\/td><td>&nbsp;<\/td><\/tr><\/tbody><\/table><\/figure>\n\n\n\n<p>Toutes infos&nbsp;: 05 45 29 01 72 \/ <a href=\"https:\/\/nordcharente.catholique.fr\/\">https:\/\/nordcharente.catholique.fr<\/a><\/p>\n\n\n\n<p>Presbyt\u00e8re de Villefagnan&nbsp;: 5 rue Patient 16240 Villefagnan&nbsp;: 05 45 31 61 07 \/ mail&nbsp;: paroisse.villefagnan@outlook.com<strong><\/strong><\/p>\n\n\n\n<p class=\"has-medium-font-size\"><strong>Bienvenue au p\u00e8re Christian !<\/strong><\/p>\n\n\n<div class=\"wp-block-image is-style-rounded\">\n<figure class=\"aligncenter size-full is-resized\"><img loading=\"lazy\" decoding=\"async\" width=\"480\" height=\"640\" src=\"https:\/\/charente.catholique.fr\/nord-charente\/wp-content\/uploads\/sites\/4\/2024\/09\/IMG_09921-rotated.jpg\" alt=\"\" class=\"wp-image-7062\" style=\"width:353px;height:auto\" srcset=\"https:\/\/charente.catholique.fr\/nord-charente\/wp-content\/uploads\/sites\/4\/2024\/09\/IMG_09921-rotated.jpg 480w, https:\/\/charente.catholique.fr\/nord-charente\/wp-content\/uploads\/sites\/4\/2024\/09\/IMG_09921-225x300.jpg 225w\" sizes=\"auto, (max-width: 480px) 100vw, 480px\" \/><\/figure>\n<\/div>\n\n\n<p><strong><u>Dimanche 8 SEPTEMBRE&nbsp;\u00e0 la messe de Ruffec<\/u><\/strong><\/p>\n\n\n\n<p>Envoi de la NOUVELLE \u00c9QUIPE d\u2019ANIMATION PASTORALE (E.A.P.)&nbsp;: Jean Paul MORIN &#8211; Marieme P\u00c9QUEUR \u2013 Gr\u00e9gory DESMAZI\u00c8RES &#8211; V\u00e9ronique De LAVIGNERE \u2013 Louis PACAULT<\/p>\n\n\n\n<p><strong><u>A NOTER&nbsp;:&nbsp; \u00e0 partir du 7 Septembre ( pour tout le mois de Septembre)<\/u><\/strong><strong>la messe sera c\u00e9l\u00e9br\u00e9e tous les samedis \u00e0 18 h 30 \u00e0 Villefagnan<\/strong><\/p>\n\n\n\n<p><strong>17h30 avant la messe Chapelet dans l&#8217;\u00e9glise  pour les pr\u00eatres malades <\/strong><\/p>\n","protected":false},"excerpt":{"rendered":"<p>Annonces des paroisses de Ruffec et Villefagnan Semaine du 31 Ao\u00fbt au 8 Septembre 2024 Samedi 31 Ao\u00fbt &nbsp;Ruffec &nbsp; &nbsp;9 h 30 &nbsp; &nbsp;Confessions \u00e0 l\u2019\u00e9glise. &nbsp;Aigre &nbsp; 9 \u00e0 17 h &nbsp; BRADERIE organis\u00e9e par le SECOURS CATHOLIQUE , 6 rue du temple \u00e0 Aigre (ancienne maison des s\u0153urs). ENTREE LIBRE, OUVERT \u00e0 [&hellip;]<\/p>\n","protected":false},"author":38,"featured_media":7061,"comment_status":"open","ping_status":"open","sticky":false,"template":"","format":"standard","meta":{"_acf_changed":false,"paroisse":["14"],"service":["0"],"footnotes":""},"categories":[1],"tags":[],"class_list":["post-7059","post","type-post","status-publish","format-standard","has-post-thumbnail","hentry","category-actualites"],"acf":[],"yoast_head":"<!-- This site is optimized with the Yoast SEO plugin v27.1.1 - https:\/\/yoast.com\/product\/yoast-seo-wordpress\/ -->\n<title>Annonces:Semaine du 31 Ao\u00fbt au 8 Septembre 2024 - Doyenn\u00e9 Nord Charente<\/title>\n<meta name=\"robots\" content=\"index, follow, max-snippet:-1, max-image-preview:large, max-video-preview:-1\" \/>\n<link rel=\"canonical\" href=\"https:\/\/charente.catholique.fr\/nord-charente\/actualites\/annoncessemaine-du-31-aout-au-8-septembre-2024\/\" \/>\n<meta property=\"og:locale\" content=\"fr_FR\" \/>\n<meta property=\"og:type\" content=\"article\" \/>\n<meta property=\"og:title\" content=\"Annonces:Semaine du 31 Ao\u00fbt au 8 Septembre 2024 - Doyenn\u00e9 Nord Charente\" \/>\n<meta property=\"og:description\" content=\"Annonces des paroisses de Ruffec et Villefagnan Semaine du 31 Ao\u00fbt au 8 Septembre 2024 Samedi 31 Ao\u00fbt &nbsp;Ruffec &nbsp; &nbsp;9 h 30 &nbsp; &nbsp;Confessions \u00e0 l\u2019\u00e9glise. &nbsp;Aigre &nbsp; 9 \u00e0 17 h &nbsp; BRADERIE organis\u00e9e par le SECOURS CATHOLIQUE , 6 rue du temple \u00e0 Aigre (ancienne maison des s\u0153urs). ENTREE LIBRE, OUVERT \u00e0 [&hellip;]\" \/>\n<meta property=\"og:url\" content=\"https:\/\/charente.catholique.fr\/nord-charente\/actualites\/annoncessemaine-du-31-aout-au-8-septembre-2024\/\" \/>\n<meta property=\"og:site_name\" content=\"Doyenn\u00e9 Nord Charente\" \/>\n<meta property=\"article:publisher\" content=\"https:\/\/www.facebook.com\/EgliseCatholiqueCharente\" \/>\n<meta property=\"article:published_time\" content=\"2024-09-02T08:24:11+00:00\" \/>\n<meta property=\"article:modified_time\" content=\"2024-09-02T08:24:12+00:00\" \/>\n<meta property=\"og:image\" content=\"https:\/\/charente.catholique.fr\/nord-charente\/wp-content\/uploads\/sites\/4\/2024\/09\/img_0993-rotated.jpg\" \/>\n\t<meta property=\"og:image:width\" content=\"480\" \/>\n\t<meta property=\"og:image:height\" content=\"640\" \/>\n\t<meta property=\"og:image:type\" content=\"image\/jpeg\" \/>\n<meta name=\"author\" content=\"joelleayrault\" \/>\n<meta name=\"twitter:card\" content=\"summary_large_image\" \/>\n<meta name=\"twitter:creator\" content=\"@diocesecharente\" \/>\n<meta name=\"twitter:site\" content=\"@diocesecharente\" \/>\n<meta name=\"twitter:label1\" content=\"\u00c9crit par\" \/>\n\t<meta name=\"twitter:data1\" content=\"joelleayrault\" \/>\n\t<meta name=\"twitter:label2\" content=\"Dur\u00e9e de lecture estim\u00e9e\" \/>\n\t<meta name=\"twitter:data2\" content=\"3 minutes\" \/>\n<script type=\"application\/ld+json\" class=\"yoast-schema-graph\">{\"@context\":\"https:\/\/schema.org\",\"@graph\":[{\"@type\":\"Article\",\"@id\":\"https:\/\/charente.catholique.fr\/nord-charente\/actualites\/annoncessemaine-du-31-aout-au-8-septembre-2024\/#article\",\"isPartOf\":{\"@id\":\"https:\/\/charente.catholique.fr\/nord-charente\/actualites\/annoncessemaine-du-31-aout-au-8-septembre-2024\/\"},\"author\":{\"name\":\"joelleayrault\",\"@id\":\"https:\/\/charente.catholique.fr\/nord-charente\/#\/schema\/person\/51184492e4abba33e5d768059a70f4db\"},\"headline\":\"Annonces:Semaine du 31 Ao\u00fbt au 8 Septembre 2024\",\"datePublished\":\"2024-09-02T08:24:11+00:00\",\"dateModified\":\"2024-09-02T08:24:12+00:00\",\"mainEntityOfPage\":{\"@id\":\"https:\/\/charente.catholique.fr\/nord-charente\/actualites\/annoncessemaine-du-31-aout-au-8-septembre-2024\/\"},\"wordCount\":418,\"commentCount\":0,\"publisher\":{\"@id\":\"https:\/\/charente.catholique.fr\/nord-charente\/#organization\"},\"image\":{\"@id\":\"https:\/\/charente.catholique.fr\/nord-charente\/actualites\/annoncessemaine-du-31-aout-au-8-septembre-2024\/#primaryimage\"},\"thumbnailUrl\":\"https:\/\/charente.catholique.fr\/nord-charente\/wp-content\/uploads\/sites\/4\/2024\/09\/img_0993-rotated.jpg\",\"articleSection\":[\"Actualit\u00e9s\"],\"inLanguage\":\"fr-FR\",\"potentialAction\":[{\"@type\":\"CommentAction\",\"name\":\"Comment\",\"target\":[\"https:\/\/charente.catholique.fr\/nord-charente\/actualites\/annoncessemaine-du-31-aout-au-8-septembre-2024\/#respond\"]}]},{\"@type\":\"WebPage\",\"@id\":\"https:\/\/charente.catholique.fr\/nord-charente\/actualites\/annoncessemaine-du-31-aout-au-8-septembre-2024\/\",\"url\":\"https:\/\/charente.catholique.fr\/nord-charente\/actualites\/annoncessemaine-du-31-aout-au-8-septembre-2024\/\",\"name\":\"Annonces:Semaine du 31 Ao\u00fbt au 8 Septembre 2024 - Doyenn\u00e9 Nord Charente\",\"isPartOf\":{\"@id\":\"https:\/\/charente.catholique.fr\/nord-charente\/#website\"},\"primaryImageOfPage\":{\"@id\":\"https:\/\/charente.catholique.fr\/nord-charente\/actualites\/annoncessemaine-du-31-aout-au-8-septembre-2024\/#primaryimage\"},\"image\":{\"@id\":\"https:\/\/charente.catholique.fr\/nord-charente\/actualites\/annoncessemaine-du-31-aout-au-8-septembre-2024\/#primaryimage\"},\"thumbnailUrl\":\"https:\/\/charente.catholique.fr\/nord-charente\/wp-content\/uploads\/sites\/4\/2024\/09\/img_0993-rotated.jpg\",\"datePublished\":\"2024-09-02T08:24:11+00:00\",\"dateModified\":\"2024-09-02T08:24:12+00:00\",\"breadcrumb\":{\"@id\":\"https:\/\/charente.catholique.fr\/nord-charente\/actualites\/annoncessemaine-du-31-aout-au-8-septembre-2024\/#breadcrumb\"},\"inLanguage\":\"fr-FR\",\"potentialAction\":[{\"@type\":\"ReadAction\",\"target\":[\"https:\/\/charente.catholique.fr\/nord-charente\/actualites\/annoncessemaine-du-31-aout-au-8-septembre-2024\/\"]}]},{\"@type\":\"ImageObject\",\"inLanguage\":\"fr-FR\",\"@id\":\"https:\/\/charente.catholique.fr\/nord-charente\/actualites\/annoncessemaine-du-31-aout-au-8-septembre-2024\/#primaryimage\",\"url\":\"https:\/\/charente.catholique.fr\/nord-charente\/wp-content\/uploads\/sites\/4\/2024\/09\/img_0993-rotated.jpg\",\"contentUrl\":\"https:\/\/charente.catholique.fr\/nord-charente\/wp-content\/uploads\/sites\/4\/2024\/09\/img_0993-rotated.jpg\",\"width\":480,\"height\":640},{\"@type\":\"BreadcrumbList\",\"@id\":\"https:\/\/charente.catholique.fr\/nord-charente\/actualites\/annoncessemaine-du-31-aout-au-8-septembre-2024\/#breadcrumb\",\"itemListElement\":[{\"@type\":\"ListItem\",\"position\":1,\"name\":\"Accueil\",\"item\":\"https:\/\/charente.catholique.fr\/nord-charente\/\"},{\"@type\":\"ListItem\",\"position\":2,\"name\":\"Annonces:Semaine du 31 Ao\u00fbt au 8 Septembre 2024\"}]},{\"@type\":\"WebSite\",\"@id\":\"https:\/\/charente.catholique.fr\/nord-charente\/#website\",\"url\":\"https:\/\/charente.catholique.fr\/nord-charente\/\",\"name\":\"Doyenn\u00e9 Nord Charente - Dioc\u00e8se d'Angoul\u00eame\",\"description\":\"Dioc\u00e8se d&#039;Angoul\u00eame\",\"publisher\":{\"@id\":\"https:\/\/charente.catholique.fr\/nord-charente\/#organization\"},\"potentialAction\":[{\"@type\":\"SearchAction\",\"target\":{\"@type\":\"EntryPoint\",\"urlTemplate\":\"https:\/\/charente.catholique.fr\/nord-charente\/?s={search_term_string}\"},\"query-input\":{\"@type\":\"PropertyValueSpecification\",\"valueRequired\":true,\"valueName\":\"search_term_string\"}}],\"inLanguage\":\"fr-FR\"},{\"@type\":\"Organization\",\"@id\":\"https:\/\/charente.catholique.fr\/nord-charente\/#organization\",\"name\":\"Association dioc\u00e9saine d'Angoul\u00eame\",\"url\":\"https:\/\/charente.catholique.fr\/nord-charente\/\",\"logo\":{\"@type\":\"ImageObject\",\"inLanguage\":\"fr-FR\",\"@id\":\"https:\/\/charente.catholique.fr\/nord-charente\/#\/schema\/logo\/image\/\",\"url\":\"https:\/\/charente.catholique.fr\/nord-charente\/wp-content\/uploads\/sites\/4\/2020\/10\/logos.png\",\"contentUrl\":\"https:\/\/charente.catholique.fr\/nord-charente\/wp-content\/uploads\/sites\/4\/2020\/10\/logos.png\",\"width\":600,\"height\":257,\"caption\":\"Association dioc\u00e9saine d'Angoul\u00eame\"},\"image\":{\"@id\":\"https:\/\/charente.catholique.fr\/nord-charente\/#\/schema\/logo\/image\/\"},\"sameAs\":[\"https:\/\/www.facebook.com\/EgliseCatholiqueCharente\",\"https:\/\/x.com\/diocesecharente\",\"https:\/\/www.instagram.com\/eglisecharente\",\"https:\/\/www.youtube.com\/channel\/UCByyFWApZbw3gDTiADoiAaQ\"]},{\"@type\":\"Person\",\"@id\":\"https:\/\/charente.catholique.fr\/nord-charente\/#\/schema\/person\/51184492e4abba33e5d768059a70f4db\",\"name\":\"joelleayrault\",\"image\":{\"@type\":\"ImageObject\",\"inLanguage\":\"fr-FR\",\"@id\":\"https:\/\/charente.catholique.fr\/nord-charente\/#\/schema\/person\/image\/\",\"url\":\"https:\/\/secure.gravatar.com\/avatar\/3bd3977af99690427d59b19ec7b6bd94226de63be5c368ae8d090f2d7f86dd5f?s=96&d=mm&r=g\",\"contentUrl\":\"https:\/\/secure.gravatar.com\/avatar\/3bd3977af99690427d59b19ec7b6bd94226de63be5c368ae8d090f2d7f86dd5f?s=96&d=mm&r=g\",\"caption\":\"joelleayrault\"},\"url\":\"https:\/\/charente.catholique.fr\/nord-charente\/author\/joelleayrault\/\"}]}<\/script>\n<!-- \/ Yoast SEO plugin. -->","yoast_head_json":{"title":"Annonces:Semaine du 31 Ao\u00fbt au 8 Septembre 2024 - Doyenn\u00e9 Nord Charente","robots":{"index":"index","follow":"follow","max-snippet":"max-snippet:-1","max-image-preview":"max-image-preview:large","max-video-preview":"max-video-preview:-1"},"canonical":"https:\/\/charente.catholique.fr\/nord-charente\/actualites\/annoncessemaine-du-31-aout-au-8-septembre-2024\/","og_locale":"fr_FR","og_type":"article","og_title":"Annonces:Semaine du 31 Ao\u00fbt au 8 Septembre 2024 - Doyenn\u00e9 Nord Charente","og_description":"Annonces des paroisses de Ruffec et Villefagnan Semaine du 31 Ao\u00fbt au 8 Septembre 2024 Samedi 31 Ao\u00fbt &nbsp;Ruffec &nbsp; &nbsp;9 h 30 &nbsp; &nbsp;Confessions \u00e0 l\u2019\u00e9glise. &nbsp;Aigre &nbsp; 9 \u00e0 17 h &nbsp; BRADERIE organis\u00e9e par le SECOURS CATHOLIQUE , 6 rue du temple \u00e0 Aigre (ancienne maison des s\u0153urs). ENTREE LIBRE, OUVERT \u00e0 [&hellip;]","og_url":"https:\/\/charente.catholique.fr\/nord-charente\/actualites\/annoncessemaine-du-31-aout-au-8-septembre-2024\/","og_site_name":"Doyenn\u00e9 Nord Charente","article_publisher":"https:\/\/www.facebook.com\/EgliseCatholiqueCharente","article_published_time":"2024-09-02T08:24:11+00:00","article_modified_time":"2024-09-02T08:24:12+00:00","og_image":[{"width":480,"height":640,"url":"https:\/\/charente.catholique.fr\/nord-charente\/wp-content\/uploads\/sites\/4\/2024\/09\/img_0993-rotated.jpg","type":"image\/jpeg"}],"author":"joelleayrault","twitter_card":"summary_large_image","twitter_creator":"@diocesecharente","twitter_site":"@diocesecharente","twitter_misc":{"\u00c9crit par":"joelleayrault","Dur\u00e9e de lecture estim\u00e9e":"3 minutes"},"schema":{"@context":"https:\/\/schema.org","@graph":[{"@type":"Article","@id":"https:\/\/charente.catholique.fr\/nord-charente\/actualites\/annoncessemaine-du-31-aout-au-8-septembre-2024\/#article","isPartOf":{"@id":"https:\/\/charente.catholique.fr\/nord-charente\/actualites\/annoncessemaine-du-31-aout-au-8-septembre-2024\/"},"author":{"name":"joelleayrault","@id":"https:\/\/charente.catholique.fr\/nord-charente\/#\/schema\/person\/51184492e4abba33e5d768059a70f4db"},"headline":"Annonces:Semaine du 31 Ao\u00fbt au 8 Septembre 2024","datePublished":"2024-09-02T08:24:11+00:00","dateModified":"2024-09-02T08:24:12+00:00","mainEntityOfPage":{"@id":"https:\/\/charente.catholique.fr\/nord-charente\/actualites\/annoncessemaine-du-31-aout-au-8-septembre-2024\/"},"wordCount":418,"commentCount":0,"publisher":{"@id":"https:\/\/charente.catholique.fr\/nord-charente\/#organization"},"image":{"@id":"https:\/\/charente.catholique.fr\/nord-charente\/actualites\/annoncessemaine-du-31-aout-au-8-septembre-2024\/#primaryimage"},"thumbnailUrl":"https:\/\/charente.catholique.fr\/nord-charente\/wp-content\/uploads\/sites\/4\/2024\/09\/img_0993-rotated.jpg","articleSection":["Actualit\u00e9s"],"inLanguage":"fr-FR","potentialAction":[{"@type":"CommentAction","name":"Comment","target":["https:\/\/charente.catholique.fr\/nord-charente\/actualites\/annoncessemaine-du-31-aout-au-8-septembre-2024\/#respond"]}]},{"@type":"WebPage","@id":"https:\/\/charente.catholique.fr\/nord-charente\/actualites\/annoncessemaine-du-31-aout-au-8-septembre-2024\/","url":"https:\/\/charente.catholique.fr\/nord-charente\/actualites\/annoncessemaine-du-31-aout-au-8-septembre-2024\/","name":"Annonces:Semaine du 31 Ao\u00fbt au 8 Septembre 2024 - Doyenn\u00e9 Nord Charente","isPartOf":{"@id":"https:\/\/charente.catholique.fr\/nord-charente\/#website"},"primaryImageOfPage":{"@id":"https:\/\/charente.catholique.fr\/nord-charente\/actualites\/annoncessemaine-du-31-aout-au-8-septembre-2024\/#primaryimage"},"image":{"@id":"https:\/\/charente.catholique.fr\/nord-charente\/actualites\/annoncessemaine-du-31-aout-au-8-septembre-2024\/#primaryimage"},"thumbnailUrl":"https:\/\/charente.catholique.fr\/nord-charente\/wp-content\/uploads\/sites\/4\/2024\/09\/img_0993-rotated.jpg","datePublished":"2024-09-02T08:24:11+00:00","dateModified":"2024-09-02T08:24:12+00:00","breadcrumb":{"@id":"https:\/\/charente.catholique.fr\/nord-charente\/actualites\/annoncessemaine-du-31-aout-au-8-septembre-2024\/#breadcrumb"},"inLanguage":"fr-FR","potentialAction":[{"@type":"ReadAction","target":["https:\/\/charente.catholique.fr\/nord-charente\/actualites\/annoncessemaine-du-31-aout-au-8-septembre-2024\/"]}]},{"@type":"ImageObject","inLanguage":"fr-FR","@id":"https:\/\/charente.catholique.fr\/nord-charente\/actualites\/annoncessemaine-du-31-aout-au-8-septembre-2024\/#primaryimage","url":"https:\/\/charente.catholique.fr\/nord-charente\/wp-content\/uploads\/sites\/4\/2024\/09\/img_0993-rotated.jpg","contentUrl":"https:\/\/charente.catholique.fr\/nord-charente\/wp-content\/uploads\/sites\/4\/2024\/09\/img_0993-rotated.jpg","width":480,"height":640},{"@type":"BreadcrumbList","@id":"https:\/\/charente.catholique.fr\/nord-charente\/actualites\/annoncessemaine-du-31-aout-au-8-septembre-2024\/#breadcrumb","itemListElement":[{"@type":"ListItem","position":1,"name":"Accueil","item":"https:\/\/charente.catholique.fr\/nord-charente\/"},{"@type":"ListItem","position":2,"name":"Annonces:Semaine du 31 Ao\u00fbt au 8 Septembre 2024"}]},{"@type":"WebSite","@id":"https:\/\/charente.catholique.fr\/nord-charente\/#website","url":"https:\/\/charente.catholique.fr\/nord-charente\/","name":"Doyenn\u00e9 Nord Charente - Dioc\u00e8se d'Angoul\u00eame","description":"Dioc\u00e8se d&#039;Angoul\u00eame","publisher":{"@id":"https:\/\/charente.catholique.fr\/nord-charente\/#organization"},"potentialAction":[{"@type":"SearchAction","target":{"@type":"EntryPoint","urlTemplate":"https:\/\/charente.catholique.fr\/nord-charente\/?s={search_term_string}"},"query-input":{"@type":"PropertyValueSpecification","valueRequired":true,"valueName":"search_term_string"}}],"inLanguage":"fr-FR"},{"@type":"Organization","@id":"https:\/\/charente.catholique.fr\/nord-charente\/#organization","name":"Association dioc\u00e9saine d'Angoul\u00eame","url":"https:\/\/charente.catholique.fr\/nord-charente\/","logo":{"@type":"ImageObject","inLanguage":"fr-FR","@id":"https:\/\/charente.catholique.fr\/nord-charente\/#\/schema\/logo\/image\/","url":"https:\/\/charente.catholique.fr\/nord-charente\/wp-content\/uploads\/sites\/4\/2020\/10\/logos.png","contentUrl":"https:\/\/charente.catholique.fr\/nord-charente\/wp-content\/uploads\/sites\/4\/2020\/10\/logos.png","width":600,"height":257,"caption":"Association dioc\u00e9saine d'Angoul\u00eame"},"image":{"@id":"https:\/\/charente.catholique.fr\/nord-charente\/#\/schema\/logo\/image\/"},"sameAs":["https:\/\/www.facebook.com\/EgliseCatholiqueCharente","https:\/\/x.com\/diocesecharente","https:\/\/www.instagram.com\/eglisecharente","https:\/\/www.youtube.com\/channel\/UCByyFWApZbw3gDTiADoiAaQ"]},{"@type":"Person","@id":"https:\/\/charente.catholique.fr\/nord-charente\/#\/schema\/person\/51184492e4abba33e5d768059a70f4db","name":"joelleayrault","image":{"@type":"ImageObject","inLanguage":"fr-FR","@id":"https:\/\/charente.catholique.fr\/nord-charente\/#\/schema\/person\/image\/","url":"https:\/\/secure.gravatar.com\/avatar\/3bd3977af99690427d59b19ec7b6bd94226de63be5c368ae8d090f2d7f86dd5f?s=96&d=mm&r=g","contentUrl":"https:\/\/secure.gravatar.com\/avatar\/3bd3977af99690427d59b19ec7b6bd94226de63be5c368ae8d090f2d7f86dd5f?s=96&d=mm&r=g","caption":"joelleayrault"},"url":"https:\/\/charente.catholique.fr\/nord-charente\/author\/joelleayrault\/"}]}},"_links":{"self":[{"href":"https:\/\/charente.catholique.fr\/nord-charente\/wp-json\/wp\/v2\/posts\/7059","targetHints":{"allow":["GET"]}}],"collection":[{"href":"https:\/\/charente.catholique.fr\/nord-charente\/wp-json\/wp\/v2\/posts"}],"about":[{"href":"https:\/\/charente.catholique.fr\/nord-charente\/wp-json\/wp\/v2\/types\/post"}],"author":[{"embeddable":true,"href":"https:\/\/charente.catholique.fr\/nord-charente\/wp-json\/wp\/v2\/users\/38"}],"replies":[{"embeddable":true,"href":"https:\/\/charente.catholique.fr\/nord-charente\/wp-json\/wp\/v2\/comments?post=7059"}],"version-history":[{"count":2,"href":"https:\/\/charente.catholique.fr\/nord-charente\/wp-json\/wp\/v2\/posts\/7059\/revisions"}],"predecessor-version":[{"id":7063,"href":"https:\/\/charente.catholique.fr\/nord-charente\/wp-json\/wp\/v2\/posts\/7059\/revisions\/7063"}],"wp:featuredmedia":[{"embeddable":true,"href":"https:\/\/charente.catholique.fr\/nord-charente\/wp-json\/wp\/v2\/media\/7061"}],"wp:attachment":[{"href":"https:\/\/charente.catholique.fr\/nord-charente\/wp-json\/wp\/v2\/media?parent=7059"}],"wp:term":[{"taxonomy":"category","embeddable":true,"href":"https:\/\/charente.catholique.fr\/nord-charente\/wp-json\/wp\/v2\/categories?post=7059"},{"taxonomy":"post_tag","embeddable":true,"href":"https:\/\/charente.catholique.fr\/nord-charente\/wp-json\/wp\/v2\/tags?post=7059"}],"curies":[{"name":"wp","href":"https:\/\/api.w.org\/{rel}","templated":true}]}}