{"id":7032,"date":"2024-08-18T17:20:12","date_gmt":"2024-08-18T15:20:12","guid":{"rendered":"https:\/\/charente.catholique.fr\/nord-charente\/?p=7032"},"modified":"2024-08-18T17:20:40","modified_gmt":"2024-08-18T15:20:40","slug":"annonces-semaine-du-17-au-25-aout-2024","status":"publish","type":"post","link":"https:\/\/charente.catholique.fr\/nord-charente\/actualites\/annonces-semaine-du-17-au-25-aout-2024\/","title":{"rendered":"Annonces :semaine du 17 au 25 Ao\u00fbt 2024"},"content":{"rendered":"\n<p class=\"has-medium-font-size\"><strong>TOUS LES DIMANCHES \u00e0 9h30 CHAPELET \u00e0 L\u2019\u00c9GLISE POUR LES PR\u00caTRES ET LES MALADES SUIVI DE LA MESSE \u00e0 10h30<\/strong><\/p>\n\n\n\n<p class=\"has-medium-font-size\"><br>Samedi 17 ao\u00fbt : Chapelet pour les Vocations \u00e0 11 h \u00e0 TAIZ\u00c9 AIZIE<br>Messe anticip\u00e9e \u00e0 18 h 30 \u00e0 LUX\u00c9 et \u00e0 AIGRE<br><\/p>\n\n\n\n<p><strong>DIMANCHE 18 <\/strong>: 20\u00e8me DIMANCHE du TEMPS ORDINAIRE \u2013 Ann\u00e9e B<br>Messes \u00e0 10 h 30 \u00e0 MANSLE, \u00e0 RUFFEC et \u00e0 Paizay-Naudouin <\/p>\n\n\n\n<p><strong><br>Mardi 20 <\/strong>: Messe \u00e0 9 h 15 \u00e0 Villefagnan<\/p>\n\n\n\n<p><br>Messe \u00e0 18 h \u00e0 l\u2019\u00e9glise de Ruffec<\/p>\n\n\n\n<p><br>Mercredi 21 : Messe \u00e0 11 h \u00e0 Aigre<br>Messe \u00e0 18 h \u00e0 l\u2019\u00e9glise de Ruffec<\/p>\n\n\n\n<p><br>Jeudi 22 : Confessions \u00e0 l\u2019\u00e9glise de Ruffec de 17 h \u00e0 18 h<br>Messe \u00e0 18 h \u00e0 l\u2019\u00e9glise de Ruffec prolong\u00e9e par l\u2019Adoration<\/p>\n\n\n\n<p><br>Vendredi 23 : Messe \u00e0 9 h \u00e0 l\u2019\u00e9glise<\/p>\n\n\n\n<p><br>Samedi 24 : Confession de 9 h 30 \u00e0 10 h 30 \u00e0 l\u2019\u00e9glise de Ruffec<br>Chapelet pour les Vocations \u00e0 11 h \u00e0 BERNAC<\/p>\n\n\n\n<p>Messe anticip\u00e9e \u00e0 18 h 30 \u00e0 VILLEJOUBERT et \u00e0 AIGRE<\/p>\n\n\n\n<p><br><strong>DIMANCHE 25 Ao\u00fbt <\/strong>: 21\u00e8me Dimanche du Temps Ordinaire \u2013 Ann\u00e9e B<br><strong>Messe \u00e0 10 h 30 \u00e0 VILLEFAGNAN<\/strong>, \u00e0 MANSLE et \u00e0 RUFFEC<\/p>\n\n\n\n<p><strong>Presbyt\u00e8re de Villefagnan :05 45 31 61 07<\/strong><\/p>\n\n\n\n<p><strong>paroisse.villefagnan@outlook.com<\/strong><\/p>\n\n\n\n<p><br><\/p>\n","protected":false},"excerpt":{"rendered":"<p>TOUS LES DIMANCHES \u00e0 9h30 CHAPELET \u00e0 L\u2019\u00c9GLISE POUR LES PR\u00caTRES ET LES MALADES SUIVI DE LA MESSE \u00e0 10h30 Samedi 17 ao\u00fbt : Chapelet pour les Vocations \u00e0 11 h \u00e0 TAIZ\u00c9 AIZIEMesse anticip\u00e9e \u00e0 18 h 30 \u00e0 LUX\u00c9 et \u00e0 AIGRE DIMANCHE 18 : 20\u00e8me DIMANCHE du TEMPS ORDINAIRE \u2013 Ann\u00e9e BMesses [&hellip;]<\/p>\n","protected":false},"author":38,"featured_media":7035,"comment_status":"open","ping_status":"open","sticky":false,"template":"","format":"standard","meta":{"_acf_changed":false,"paroisse":["14"],"service":["0"],"footnotes":""},"categories":[1],"tags":[],"class_list":["post-7032","post","type-post","status-publish","format-standard","has-post-thumbnail","hentry","category-actualites"],"acf":[],"yoast_head":"<!-- This site is optimized with the Yoast SEO plugin v27.1.1 - https:\/\/yoast.com\/product\/yoast-seo-wordpress\/ -->\n<title>Annonces :semaine du 17 au 25 Ao\u00fbt 2024 - Doyenn\u00e9 Nord Charente<\/title>\n<meta name=\"robots\" content=\"index, follow, max-snippet:-1, max-image-preview:large, max-video-preview:-1\" \/>\n<link rel=\"canonical\" href=\"https:\/\/charente.catholique.fr\/nord-charente\/actualites\/annonces-semaine-du-17-au-25-aout-2024\/\" \/>\n<meta property=\"og:locale\" content=\"fr_FR\" \/>\n<meta property=\"og:type\" content=\"article\" \/>\n<meta property=\"og:title\" content=\"Annonces :semaine du 17 au 25 Ao\u00fbt 2024 - Doyenn\u00e9 Nord Charente\" \/>\n<meta property=\"og:description\" content=\"TOUS LES DIMANCHES \u00e0 9h30 CHAPELET \u00e0 L\u2019\u00c9GLISE POUR LES PR\u00caTRES ET LES MALADES SUIVI DE LA MESSE \u00e0 10h30 Samedi 17 ao\u00fbt : Chapelet pour les Vocations \u00e0 11 h \u00e0 TAIZ\u00c9 AIZIEMesse anticip\u00e9e \u00e0 18 h 30 \u00e0 LUX\u00c9 et \u00e0 AIGRE DIMANCHE 18 : 20\u00e8me DIMANCHE du TEMPS ORDINAIRE \u2013 Ann\u00e9e BMesses [&hellip;]\" \/>\n<meta property=\"og:url\" content=\"https:\/\/charente.catholique.fr\/nord-charente\/actualites\/annonces-semaine-du-17-au-25-aout-2024\/\" \/>\n<meta property=\"og:site_name\" content=\"Doyenn\u00e9 Nord Charente\" \/>\n<meta property=\"article:publisher\" content=\"https:\/\/www.facebook.com\/EgliseCatholiqueCharente\" \/>\n<meta property=\"article:published_time\" content=\"2024-08-18T15:20:12+00:00\" \/>\n<meta property=\"article:modified_time\" content=\"2024-08-18T15:20:40+00:00\" \/>\n<meta property=\"og:image\" content=\"https:\/\/charente.catholique.fr\/nord-charente\/wp-content\/uploads\/sites\/4\/2024\/08\/img_0870.jpg\" \/>\n\t<meta property=\"og:image:width\" content=\"480\" \/>\n\t<meta property=\"og:image:height\" content=\"640\" \/>\n\t<meta property=\"og:image:type\" content=\"image\/jpeg\" \/>\n<meta name=\"author\" content=\"joelleayrault\" \/>\n<meta name=\"twitter:card\" content=\"summary_large_image\" \/>\n<meta name=\"twitter:creator\" content=\"@diocesecharente\" \/>\n<meta name=\"twitter:site\" content=\"@diocesecharente\" \/>\n<meta name=\"twitter:label1\" content=\"\u00c9crit par\" \/>\n\t<meta name=\"twitter:data1\" content=\"joelleayrault\" \/>\n\t<meta name=\"twitter:label2\" content=\"Dur\u00e9e de lecture estim\u00e9e\" \/>\n\t<meta name=\"twitter:data2\" content=\"2 minutes\" \/>\n<script type=\"application\/ld+json\" class=\"yoast-schema-graph\">{\"@context\":\"https:\/\/schema.org\",\"@graph\":[{\"@type\":\"Article\",\"@id\":\"https:\/\/charente.catholique.fr\/nord-charente\/actualites\/annonces-semaine-du-17-au-25-aout-2024\/#article\",\"isPartOf\":{\"@id\":\"https:\/\/charente.catholique.fr\/nord-charente\/actualites\/annonces-semaine-du-17-au-25-aout-2024\/\"},\"author\":{\"name\":\"joelleayrault\",\"@id\":\"https:\/\/charente.catholique.fr\/nord-charente\/#\/schema\/person\/51184492e4abba33e5d768059a70f4db\"},\"headline\":\"Annonces :semaine du 17 au 25 Ao\u00fbt 2024\",\"datePublished\":\"2024-08-18T15:20:12+00:00\",\"dateModified\":\"2024-08-18T15:20:40+00:00\",\"mainEntityOfPage\":{\"@id\":\"https:\/\/charente.catholique.fr\/nord-charente\/actualites\/annonces-semaine-du-17-au-25-aout-2024\/\"},\"wordCount\":144,\"commentCount\":0,\"publisher\":{\"@id\":\"https:\/\/charente.catholique.fr\/nord-charente\/#organization\"},\"image\":{\"@id\":\"https:\/\/charente.catholique.fr\/nord-charente\/actualites\/annonces-semaine-du-17-au-25-aout-2024\/#primaryimage\"},\"thumbnailUrl\":\"https:\/\/charente.catholique.fr\/nord-charente\/wp-content\/uploads\/sites\/4\/2024\/08\/img_0870.jpg\",\"articleSection\":[\"Actualit\u00e9s\"],\"inLanguage\":\"fr-FR\",\"potentialAction\":[{\"@type\":\"CommentAction\",\"name\":\"Comment\",\"target\":[\"https:\/\/charente.catholique.fr\/nord-charente\/actualites\/annonces-semaine-du-17-au-25-aout-2024\/#respond\"]}]},{\"@type\":\"WebPage\",\"@id\":\"https:\/\/charente.catholique.fr\/nord-charente\/actualites\/annonces-semaine-du-17-au-25-aout-2024\/\",\"url\":\"https:\/\/charente.catholique.fr\/nord-charente\/actualites\/annonces-semaine-du-17-au-25-aout-2024\/\",\"name\":\"Annonces :semaine du 17 au 25 Ao\u00fbt 2024 - Doyenn\u00e9 Nord Charente\",\"isPartOf\":{\"@id\":\"https:\/\/charente.catholique.fr\/nord-charente\/#website\"},\"primaryImageOfPage\":{\"@id\":\"https:\/\/charente.catholique.fr\/nord-charente\/actualites\/annonces-semaine-du-17-au-25-aout-2024\/#primaryimage\"},\"image\":{\"@id\":\"https:\/\/charente.catholique.fr\/nord-charente\/actualites\/annonces-semaine-du-17-au-25-aout-2024\/#primaryimage\"},\"thumbnailUrl\":\"https:\/\/charente.catholique.fr\/nord-charente\/wp-content\/uploads\/sites\/4\/2024\/08\/img_0870.jpg\",\"datePublished\":\"2024-08-18T15:20:12+00:00\",\"dateModified\":\"2024-08-18T15:20:40+00:00\",\"breadcrumb\":{\"@id\":\"https:\/\/charente.catholique.fr\/nord-charente\/actualites\/annonces-semaine-du-17-au-25-aout-2024\/#breadcrumb\"},\"inLanguage\":\"fr-FR\",\"potentialAction\":[{\"@type\":\"ReadAction\",\"target\":[\"https:\/\/charente.catholique.fr\/nord-charente\/actualites\/annonces-semaine-du-17-au-25-aout-2024\/\"]}]},{\"@type\":\"ImageObject\",\"inLanguage\":\"fr-FR\",\"@id\":\"https:\/\/charente.catholique.fr\/nord-charente\/actualites\/annonces-semaine-du-17-au-25-aout-2024\/#primaryimage\",\"url\":\"https:\/\/charente.catholique.fr\/nord-charente\/wp-content\/uploads\/sites\/4\/2024\/08\/img_0870.jpg\",\"contentUrl\":\"https:\/\/charente.catholique.fr\/nord-charente\/wp-content\/uploads\/sites\/4\/2024\/08\/img_0870.jpg\",\"width\":480,\"height\":640},{\"@type\":\"BreadcrumbList\",\"@id\":\"https:\/\/charente.catholique.fr\/nord-charente\/actualites\/annonces-semaine-du-17-au-25-aout-2024\/#breadcrumb\",\"itemListElement\":[{\"@type\":\"ListItem\",\"position\":1,\"name\":\"Accueil\",\"item\":\"https:\/\/charente.catholique.fr\/nord-charente\/\"},{\"@type\":\"ListItem\",\"position\":2,\"name\":\"Annonces :semaine du 17 au 25 Ao\u00fbt 2024\"}]},{\"@type\":\"WebSite\",\"@id\":\"https:\/\/charente.catholique.fr\/nord-charente\/#website\",\"url\":\"https:\/\/charente.catholique.fr\/nord-charente\/\",\"name\":\"Doyenn\u00e9 Nord Charente - Dioc\u00e8se d'Angoul\u00eame\",\"description\":\"Dioc\u00e8se d&#039;Angoul\u00eame\",\"publisher\":{\"@id\":\"https:\/\/charente.catholique.fr\/nord-charente\/#organization\"},\"potentialAction\":[{\"@type\":\"SearchAction\",\"target\":{\"@type\":\"EntryPoint\",\"urlTemplate\":\"https:\/\/charente.catholique.fr\/nord-charente\/?s={search_term_string}\"},\"query-input\":{\"@type\":\"PropertyValueSpecification\",\"valueRequired\":true,\"valueName\":\"search_term_string\"}}],\"inLanguage\":\"fr-FR\"},{\"@type\":\"Organization\",\"@id\":\"https:\/\/charente.catholique.fr\/nord-charente\/#organization\",\"name\":\"Association dioc\u00e9saine d'Angoul\u00eame\",\"url\":\"https:\/\/charente.catholique.fr\/nord-charente\/\",\"logo\":{\"@type\":\"ImageObject\",\"inLanguage\":\"fr-FR\",\"@id\":\"https:\/\/charente.catholique.fr\/nord-charente\/#\/schema\/logo\/image\/\",\"url\":\"https:\/\/charente.catholique.fr\/nord-charente\/wp-content\/uploads\/sites\/4\/2020\/10\/logos.png\",\"contentUrl\":\"https:\/\/charente.catholique.fr\/nord-charente\/wp-content\/uploads\/sites\/4\/2020\/10\/logos.png\",\"width\":600,\"height\":257,\"caption\":\"Association dioc\u00e9saine d'Angoul\u00eame\"},\"image\":{\"@id\":\"https:\/\/charente.catholique.fr\/nord-charente\/#\/schema\/logo\/image\/\"},\"sameAs\":[\"https:\/\/www.facebook.com\/EgliseCatholiqueCharente\",\"https:\/\/x.com\/diocesecharente\",\"https:\/\/www.instagram.com\/eglisecharente\",\"https:\/\/www.youtube.com\/channel\/UCByyFWApZbw3gDTiADoiAaQ\"]},{\"@type\":\"Person\",\"@id\":\"https:\/\/charente.catholique.fr\/nord-charente\/#\/schema\/person\/51184492e4abba33e5d768059a70f4db\",\"name\":\"joelleayrault\",\"image\":{\"@type\":\"ImageObject\",\"inLanguage\":\"fr-FR\",\"@id\":\"https:\/\/charente.catholique.fr\/nord-charente\/#\/schema\/person\/image\/\",\"url\":\"https:\/\/secure.gravatar.com\/avatar\/3bd3977af99690427d59b19ec7b6bd94226de63be5c368ae8d090f2d7f86dd5f?s=96&d=mm&r=g\",\"contentUrl\":\"https:\/\/secure.gravatar.com\/avatar\/3bd3977af99690427d59b19ec7b6bd94226de63be5c368ae8d090f2d7f86dd5f?s=96&d=mm&r=g\",\"caption\":\"joelleayrault\"},\"url\":\"https:\/\/charente.catholique.fr\/nord-charente\/author\/joelleayrault\/\"}]}<\/script>\n<!-- \/ Yoast SEO plugin. -->","yoast_head_json":{"title":"Annonces :semaine du 17 au 25 Ao\u00fbt 2024 - Doyenn\u00e9 Nord Charente","robots":{"index":"index","follow":"follow","max-snippet":"max-snippet:-1","max-image-preview":"max-image-preview:large","max-video-preview":"max-video-preview:-1"},"canonical":"https:\/\/charente.catholique.fr\/nord-charente\/actualites\/annonces-semaine-du-17-au-25-aout-2024\/","og_locale":"fr_FR","og_type":"article","og_title":"Annonces :semaine du 17 au 25 Ao\u00fbt 2024 - Doyenn\u00e9 Nord Charente","og_description":"TOUS LES DIMANCHES \u00e0 9h30 CHAPELET \u00e0 L\u2019\u00c9GLISE POUR LES PR\u00caTRES ET LES MALADES SUIVI DE LA MESSE \u00e0 10h30 Samedi 17 ao\u00fbt : Chapelet pour les Vocations \u00e0 11 h \u00e0 TAIZ\u00c9 AIZIEMesse anticip\u00e9e \u00e0 18 h 30 \u00e0 LUX\u00c9 et \u00e0 AIGRE DIMANCHE 18 : 20\u00e8me DIMANCHE du TEMPS ORDINAIRE \u2013 Ann\u00e9e BMesses [&hellip;]","og_url":"https:\/\/charente.catholique.fr\/nord-charente\/actualites\/annonces-semaine-du-17-au-25-aout-2024\/","og_site_name":"Doyenn\u00e9 Nord Charente","article_publisher":"https:\/\/www.facebook.com\/EgliseCatholiqueCharente","article_published_time":"2024-08-18T15:20:12+00:00","article_modified_time":"2024-08-18T15:20:40+00:00","og_image":[{"width":480,"height":640,"url":"https:\/\/charente.catholique.fr\/nord-charente\/wp-content\/uploads\/sites\/4\/2024\/08\/img_0870.jpg","type":"image\/jpeg"}],"author":"joelleayrault","twitter_card":"summary_large_image","twitter_creator":"@diocesecharente","twitter_site":"@diocesecharente","twitter_misc":{"\u00c9crit par":"joelleayrault","Dur\u00e9e de lecture estim\u00e9e":"2 minutes"},"schema":{"@context":"https:\/\/schema.org","@graph":[{"@type":"Article","@id":"https:\/\/charente.catholique.fr\/nord-charente\/actualites\/annonces-semaine-du-17-au-25-aout-2024\/#article","isPartOf":{"@id":"https:\/\/charente.catholique.fr\/nord-charente\/actualites\/annonces-semaine-du-17-au-25-aout-2024\/"},"author":{"name":"joelleayrault","@id":"https:\/\/charente.catholique.fr\/nord-charente\/#\/schema\/person\/51184492e4abba33e5d768059a70f4db"},"headline":"Annonces :semaine du 17 au 25 Ao\u00fbt 2024","datePublished":"2024-08-18T15:20:12+00:00","dateModified":"2024-08-18T15:20:40+00:00","mainEntityOfPage":{"@id":"https:\/\/charente.catholique.fr\/nord-charente\/actualites\/annonces-semaine-du-17-au-25-aout-2024\/"},"wordCount":144,"commentCount":0,"publisher":{"@id":"https:\/\/charente.catholique.fr\/nord-charente\/#organization"},"image":{"@id":"https:\/\/charente.catholique.fr\/nord-charente\/actualites\/annonces-semaine-du-17-au-25-aout-2024\/#primaryimage"},"thumbnailUrl":"https:\/\/charente.catholique.fr\/nord-charente\/wp-content\/uploads\/sites\/4\/2024\/08\/img_0870.jpg","articleSection":["Actualit\u00e9s"],"inLanguage":"fr-FR","potentialAction":[{"@type":"CommentAction","name":"Comment","target":["https:\/\/charente.catholique.fr\/nord-charente\/actualites\/annonces-semaine-du-17-au-25-aout-2024\/#respond"]}]},{"@type":"WebPage","@id":"https:\/\/charente.catholique.fr\/nord-charente\/actualites\/annonces-semaine-du-17-au-25-aout-2024\/","url":"https:\/\/charente.catholique.fr\/nord-charente\/actualites\/annonces-semaine-du-17-au-25-aout-2024\/","name":"Annonces :semaine du 17 au 25 Ao\u00fbt 2024 - Doyenn\u00e9 Nord Charente","isPartOf":{"@id":"https:\/\/charente.catholique.fr\/nord-charente\/#website"},"primaryImageOfPage":{"@id":"https:\/\/charente.catholique.fr\/nord-charente\/actualites\/annonces-semaine-du-17-au-25-aout-2024\/#primaryimage"},"image":{"@id":"https:\/\/charente.catholique.fr\/nord-charente\/actualites\/annonces-semaine-du-17-au-25-aout-2024\/#primaryimage"},"thumbnailUrl":"https:\/\/charente.catholique.fr\/nord-charente\/wp-content\/uploads\/sites\/4\/2024\/08\/img_0870.jpg","datePublished":"2024-08-18T15:20:12+00:00","dateModified":"2024-08-18T15:20:40+00:00","breadcrumb":{"@id":"https:\/\/charente.catholique.fr\/nord-charente\/actualites\/annonces-semaine-du-17-au-25-aout-2024\/#breadcrumb"},"inLanguage":"fr-FR","potentialAction":[{"@type":"ReadAction","target":["https:\/\/charente.catholique.fr\/nord-charente\/actualites\/annonces-semaine-du-17-au-25-aout-2024\/"]}]},{"@type":"ImageObject","inLanguage":"fr-FR","@id":"https:\/\/charente.catholique.fr\/nord-charente\/actualites\/annonces-semaine-du-17-au-25-aout-2024\/#primaryimage","url":"https:\/\/charente.catholique.fr\/nord-charente\/wp-content\/uploads\/sites\/4\/2024\/08\/img_0870.jpg","contentUrl":"https:\/\/charente.catholique.fr\/nord-charente\/wp-content\/uploads\/sites\/4\/2024\/08\/img_0870.jpg","width":480,"height":640},{"@type":"BreadcrumbList","@id":"https:\/\/charente.catholique.fr\/nord-charente\/actualites\/annonces-semaine-du-17-au-25-aout-2024\/#breadcrumb","itemListElement":[{"@type":"ListItem","position":1,"name":"Accueil","item":"https:\/\/charente.catholique.fr\/nord-charente\/"},{"@type":"ListItem","position":2,"name":"Annonces :semaine du 17 au 25 Ao\u00fbt 2024"}]},{"@type":"WebSite","@id":"https:\/\/charente.catholique.fr\/nord-charente\/#website","url":"https:\/\/charente.catholique.fr\/nord-charente\/","name":"Doyenn\u00e9 Nord Charente - Dioc\u00e8se d'Angoul\u00eame","description":"Dioc\u00e8se d&#039;Angoul\u00eame","publisher":{"@id":"https:\/\/charente.catholique.fr\/nord-charente\/#organization"},"potentialAction":[{"@type":"SearchAction","target":{"@type":"EntryPoint","urlTemplate":"https:\/\/charente.catholique.fr\/nord-charente\/?s={search_term_string}"},"query-input":{"@type":"PropertyValueSpecification","valueRequired":true,"valueName":"search_term_string"}}],"inLanguage":"fr-FR"},{"@type":"Organization","@id":"https:\/\/charente.catholique.fr\/nord-charente\/#organization","name":"Association dioc\u00e9saine d'Angoul\u00eame","url":"https:\/\/charente.catholique.fr\/nord-charente\/","logo":{"@type":"ImageObject","inLanguage":"fr-FR","@id":"https:\/\/charente.catholique.fr\/nord-charente\/#\/schema\/logo\/image\/","url":"https:\/\/charente.catholique.fr\/nord-charente\/wp-content\/uploads\/sites\/4\/2020\/10\/logos.png","contentUrl":"https:\/\/charente.catholique.fr\/nord-charente\/wp-content\/uploads\/sites\/4\/2020\/10\/logos.png","width":600,"height":257,"caption":"Association dioc\u00e9saine d'Angoul\u00eame"},"image":{"@id":"https:\/\/charente.catholique.fr\/nord-charente\/#\/schema\/logo\/image\/"},"sameAs":["https:\/\/www.facebook.com\/EgliseCatholiqueCharente","https:\/\/x.com\/diocesecharente","https:\/\/www.instagram.com\/eglisecharente","https:\/\/www.youtube.com\/channel\/UCByyFWApZbw3gDTiADoiAaQ"]},{"@type":"Person","@id":"https:\/\/charente.catholique.fr\/nord-charente\/#\/schema\/person\/51184492e4abba33e5d768059a70f4db","name":"joelleayrault","image":{"@type":"ImageObject","inLanguage":"fr-FR","@id":"https:\/\/charente.catholique.fr\/nord-charente\/#\/schema\/person\/image\/","url":"https:\/\/secure.gravatar.com\/avatar\/3bd3977af99690427d59b19ec7b6bd94226de63be5c368ae8d090f2d7f86dd5f?s=96&d=mm&r=g","contentUrl":"https:\/\/secure.gravatar.com\/avatar\/3bd3977af99690427d59b19ec7b6bd94226de63be5c368ae8d090f2d7f86dd5f?s=96&d=mm&r=g","caption":"joelleayrault"},"url":"https:\/\/charente.catholique.fr\/nord-charente\/author\/joelleayrault\/"}]}},"_links":{"self":[{"href":"https:\/\/charente.catholique.fr\/nord-charente\/wp-json\/wp\/v2\/posts\/7032","targetHints":{"allow":["GET"]}}],"collection":[{"href":"https:\/\/charente.catholique.fr\/nord-charente\/wp-json\/wp\/v2\/posts"}],"about":[{"href":"https:\/\/charente.catholique.fr\/nord-charente\/wp-json\/wp\/v2\/types\/post"}],"author":[{"embeddable":true,"href":"https:\/\/charente.catholique.fr\/nord-charente\/wp-json\/wp\/v2\/users\/38"}],"replies":[{"embeddable":true,"href":"https:\/\/charente.catholique.fr\/nord-charente\/wp-json\/wp\/v2\/comments?post=7032"}],"version-history":[{"count":3,"href":"https:\/\/charente.catholique.fr\/nord-charente\/wp-json\/wp\/v2\/posts\/7032\/revisions"}],"predecessor-version":[{"id":7037,"href":"https:\/\/charente.catholique.fr\/nord-charente\/wp-json\/wp\/v2\/posts\/7032\/revisions\/7037"}],"wp:featuredmedia":[{"embeddable":true,"href":"https:\/\/charente.catholique.fr\/nord-charente\/wp-json\/wp\/v2\/media\/7035"}],"wp:attachment":[{"href":"https:\/\/charente.catholique.fr\/nord-charente\/wp-json\/wp\/v2\/media?parent=7032"}],"wp:term":[{"taxonomy":"category","embeddable":true,"href":"https:\/\/charente.catholique.fr\/nord-charente\/wp-json\/wp\/v2\/categories?post=7032"},{"taxonomy":"post_tag","embeddable":true,"href":"https:\/\/charente.catholique.fr\/nord-charente\/wp-json\/wp\/v2\/tags?post=7032"}],"curies":[{"name":"wp","href":"https:\/\/api.w.org\/{rel}","templated":true}]}}