{"id":6848,"date":"2024-07-02T18:15:42","date_gmt":"2024-07-02T16:15:42","guid":{"rendered":"https:\/\/charente.catholique.fr\/nord-charente\/?p=6848"},"modified":"2024-07-03T12:43:58","modified_gmt":"2024-07-03T10:43:58","slug":"rando-de-la-flamme-solidaire","status":"publish","type":"post","link":"https:\/\/charente.catholique.fr\/nord-charente\/actualites\/rando-de-la-flamme-solidaire\/","title":{"rendered":"Rando de la flamme solidaire"},"content":{"rendered":"<div class=\"wp-block-image\">\n<figure class=\"aligncenter size-full is-resized\"><img loading=\"lazy\" decoding=\"async\" width=\"528\" height=\"302\" src=\"https:\/\/charente.catholique.fr\/nord-charente\/wp-content\/uploads\/sites\/4\/2024\/07\/IMG_20240511_0001.jpg\" alt=\"\" class=\"wp-image-6860\" style=\"width:224px;height:auto\" srcset=\"https:\/\/charente.catholique.fr\/nord-charente\/wp-content\/uploads\/sites\/4\/2024\/07\/IMG_20240511_0001.jpg 528w, https:\/\/charente.catholique.fr\/nord-charente\/wp-content\/uploads\/sites\/4\/2024\/07\/IMG_20240511_0001-300x172.jpg 300w\" sizes=\"auto, (max-width: 528px) 100vw, 528px\" \/><\/figure>\n<\/div>\n\n\n<p><\/p>\n\n\n\n<p>A l\u2019occasion du passage de la flamme olympique dans notre d\u00e9partement, Les b\u00e9n\u00e9voles du Secours Catholique du territoire Haut-Coeur-des-deux- Charentes ont organis\u00e9 le 1er juin une journ\u00e9e randonn\u00e9e cycliste ou p\u00e9destre( selon les possibilit\u00e9s de chacun)   entre Mansle et Bresdon.<\/p>\n\n\n\n<p>Objectif&nbsp;; permettre aux personnes isol\u00e9es de sortir de chez elles, de retrouver l\u2019envie de se lancer un d\u00e9fit, dans une atmosph\u00e8re bienveillante et festive<\/p>\n\n\n\n<p>Quelques candidats se sont risqu\u00e9s \u00e0 tenter l\u2019aventure. Par bonheur la m\u00e9t\u00e9o&nbsp; \u00e9tait de notre c\u00f4t\u00e9, D\u00e9part, d\u00e8s 9h pour les cyclistes, un&nbsp; peu plus tard les pi\u00e9tons et tout le monde s\u2019est retrouv\u00e9 en fin de matin\u00e9e devant la belle \u00e9glise de Bresdon&nbsp;&nbsp; pour une petite&nbsp; halte culturelle.<\/p>\n\n\n\n<p>Puis tranquillement tout le monde s\u2019est rapproch\u00e9 de la salle des f\u00eates&nbsp; ou nous attendait&nbsp; Emma et quelques b\u00e9n\u00e9voles non sportives pour le&nbsp; verre de l\u2019amiti\u00e9 suivi d\u2019un repas partag\u00e9.<\/p>\n\n\n<div class=\"wp-block-image\">\n<figure class=\"aligncenter size-large is-resized\"><img loading=\"lazy\" decoding=\"async\" width=\"810\" height=\"1080\" src=\"https:\/\/charente.catholique.fr\/nord-charente\/wp-content\/uploads\/sites\/4\/2024\/07\/4-810x1080.jpg\" alt=\"\" class=\"wp-image-6849\" style=\"width:400px\" srcset=\"https:\/\/charente.catholique.fr\/nord-charente\/wp-content\/uploads\/sites\/4\/2024\/07\/4-810x1080.jpg 810w, https:\/\/charente.catholique.fr\/nord-charente\/wp-content\/uploads\/sites\/4\/2024\/07\/4-225x300.jpg 225w, https:\/\/charente.catholique.fr\/nord-charente\/wp-content\/uploads\/sites\/4\/2024\/07\/4-768x1024.jpg 768w, https:\/\/charente.catholique.fr\/nord-charente\/wp-content\/uploads\/sites\/4\/2024\/07\/4-1152x1536.jpg 1152w, https:\/\/charente.catholique.fr\/nord-charente\/wp-content\/uploads\/sites\/4\/2024\/07\/4-1536x2048.jpg 1536w, https:\/\/charente.catholique.fr\/nord-charente\/wp-content\/uploads\/sites\/4\/2024\/07\/4-1320x1760.jpg 1320w, https:\/\/charente.catholique.fr\/nord-charente\/wp-content\/uploads\/sites\/4\/2024\/07\/4-scaled.jpg 1920w\" sizes=\"auto, (max-width: 810px) 100vw, 810px\" \/><\/figure>\n<\/div>\n\n\n<p>Vers 14 h Annie nous a r\u00e9parti en&nbsp; 5 \u00e9quipes, aux couleurs des anneaux olympiques, et l\u00e0 nous nous sommes affront\u00e9s \u00e0 la p\u00e9tanque, au chamboule-tout, au jeu de raquettes, nous avons m\u00eame pu essayer les chaussures \u00e0 rebonds apport\u00e9es par Agn\u00e8s.<\/p>\n\n\n\n<figure class=\"wp-block-image size-large is-resized\"><img loading=\"lazy\" decoding=\"async\" width=\"1440\" height=\"1080\" src=\"https:\/\/charente.catholique.fr\/nord-charente\/wp-content\/uploads\/sites\/4\/2024\/07\/R-du-1-06-24-1-1440x1080.jpg\" alt=\"\" class=\"wp-image-6850\" style=\"width:4px\" srcset=\"https:\/\/charente.catholique.fr\/nord-charente\/wp-content\/uploads\/sites\/4\/2024\/07\/R-du-1-06-24-1-1440x1080.jpg 1440w, https:\/\/charente.catholique.fr\/nord-charente\/wp-content\/uploads\/sites\/4\/2024\/07\/R-du-1-06-24-1-300x225.jpg 300w, https:\/\/charente.catholique.fr\/nord-charente\/wp-content\/uploads\/sites\/4\/2024\/07\/R-du-1-06-24-1-768x576.jpg 768w, https:\/\/charente.catholique.fr\/nord-charente\/wp-content\/uploads\/sites\/4\/2024\/07\/R-du-1-06-24-1-1536x1152.jpg 1536w, https:\/\/charente.catholique.fr\/nord-charente\/wp-content\/uploads\/sites\/4\/2024\/07\/R-du-1-06-24-1-2048x1536.jpg 2048w, https:\/\/charente.catholique.fr\/nord-charente\/wp-content\/uploads\/sites\/4\/2024\/07\/R-du-1-06-24-1-1320x990.jpg 1320w\" sizes=\"auto, (max-width: 1440px) 100vw, 1440px\" \/><\/figure>\n\n\n<div class=\"wp-block-image\">\n<figure class=\"aligncenter size-large is-resized\"><img loading=\"lazy\" decoding=\"async\" width=\"1440\" height=\"1080\" src=\"https:\/\/charente.catholique.fr\/nord-charente\/wp-content\/uploads\/sites\/4\/2024\/07\/5-1440x1080.jpg\" alt=\"\" class=\"wp-image-6851\" style=\"width:500px\" srcset=\"https:\/\/charente.catholique.fr\/nord-charente\/wp-content\/uploads\/sites\/4\/2024\/07\/5-1440x1080.jpg 1440w, https:\/\/charente.catholique.fr\/nord-charente\/wp-content\/uploads\/sites\/4\/2024\/07\/5-300x225.jpg 300w, https:\/\/charente.catholique.fr\/nord-charente\/wp-content\/uploads\/sites\/4\/2024\/07\/5-768x576.jpg 768w, https:\/\/charente.catholique.fr\/nord-charente\/wp-content\/uploads\/sites\/4\/2024\/07\/5-1536x1152.jpg 1536w, https:\/\/charente.catholique.fr\/nord-charente\/wp-content\/uploads\/sites\/4\/2024\/07\/5-2048x1536.jpg 2048w, https:\/\/charente.catholique.fr\/nord-charente\/wp-content\/uploads\/sites\/4\/2024\/07\/5-1320x990.jpg 1320w\" sizes=\"auto, (max-width: 1440px) 100vw, 1440px\" \/><\/figure>\n<\/div>\n\n<div class=\"wp-block-image\">\n<figure class=\"aligncenter size-large is-resized\"><img loading=\"lazy\" decoding=\"async\" width=\"810\" height=\"1080\" src=\"https:\/\/charente.catholique.fr\/nord-charente\/wp-content\/uploads\/sites\/4\/2024\/07\/6-810x1080.jpg\" alt=\"\" class=\"wp-image-6852\" style=\"width:400px\" srcset=\"https:\/\/charente.catholique.fr\/nord-charente\/wp-content\/uploads\/sites\/4\/2024\/07\/6-810x1080.jpg 810w, https:\/\/charente.catholique.fr\/nord-charente\/wp-content\/uploads\/sites\/4\/2024\/07\/6-225x300.jpg 225w, https:\/\/charente.catholique.fr\/nord-charente\/wp-content\/uploads\/sites\/4\/2024\/07\/6-768x1024.jpg 768w, https:\/\/charente.catholique.fr\/nord-charente\/wp-content\/uploads\/sites\/4\/2024\/07\/6-1152x1536.jpg 1152w, https:\/\/charente.catholique.fr\/nord-charente\/wp-content\/uploads\/sites\/4\/2024\/07\/6-1536x2048.jpg 1536w, https:\/\/charente.catholique.fr\/nord-charente\/wp-content\/uploads\/sites\/4\/2024\/07\/6-1320x1760.jpg 1320w, https:\/\/charente.catholique.fr\/nord-charente\/wp-content\/uploads\/sites\/4\/2024\/07\/6-scaled.jpg 1920w\" sizes=\"auto, (max-width: 810px) 100vw, 810px\" \/><\/figure>\n<\/div>\n\n<div class=\"wp-block-image\">\n<figure class=\"aligncenter size-large is-resized\"><img loading=\"lazy\" decoding=\"async\" width=\"810\" height=\"1080\" src=\"https:\/\/charente.catholique.fr\/nord-charente\/wp-content\/uploads\/sites\/4\/2024\/07\/7-810x1080.jpg\" alt=\"\" class=\"wp-image-6853\" style=\"width:400px\" srcset=\"https:\/\/charente.catholique.fr\/nord-charente\/wp-content\/uploads\/sites\/4\/2024\/07\/7-810x1080.jpg 810w, https:\/\/charente.catholique.fr\/nord-charente\/wp-content\/uploads\/sites\/4\/2024\/07\/7-225x300.jpg 225w, https:\/\/charente.catholique.fr\/nord-charente\/wp-content\/uploads\/sites\/4\/2024\/07\/7-768x1024.jpg 768w, https:\/\/charente.catholique.fr\/nord-charente\/wp-content\/uploads\/sites\/4\/2024\/07\/7-1152x1536.jpg 1152w, https:\/\/charente.catholique.fr\/nord-charente\/wp-content\/uploads\/sites\/4\/2024\/07\/7-1536x2048.jpg 1536w, https:\/\/charente.catholique.fr\/nord-charente\/wp-content\/uploads\/sites\/4\/2024\/07\/7-1320x1760.jpg 1320w, https:\/\/charente.catholique.fr\/nord-charente\/wp-content\/uploads\/sites\/4\/2024\/07\/7-scaled.jpg 1920w\" sizes=\"auto, (max-width: 810px) 100vw, 810px\" \/><\/figure>\n<\/div>\n\n<div class=\"wp-block-image\">\n<figure class=\"aligncenter size-large is-resized\"><img loading=\"lazy\" decoding=\"async\" width=\"1440\" height=\"1080\" src=\"https:\/\/charente.catholique.fr\/nord-charente\/wp-content\/uploads\/sites\/4\/2024\/07\/R-du-1-06-24-2-1440x1080.jpg\" alt=\"\" class=\"wp-image-6854\" style=\"width:500px\" srcset=\"https:\/\/charente.catholique.fr\/nord-charente\/wp-content\/uploads\/sites\/4\/2024\/07\/R-du-1-06-24-2-1440x1080.jpg 1440w, https:\/\/charente.catholique.fr\/nord-charente\/wp-content\/uploads\/sites\/4\/2024\/07\/R-du-1-06-24-2-300x225.jpg 300w, https:\/\/charente.catholique.fr\/nord-charente\/wp-content\/uploads\/sites\/4\/2024\/07\/R-du-1-06-24-2-768x576.jpg 768w, https:\/\/charente.catholique.fr\/nord-charente\/wp-content\/uploads\/sites\/4\/2024\/07\/R-du-1-06-24-2-1536x1152.jpg 1536w, https:\/\/charente.catholique.fr\/nord-charente\/wp-content\/uploads\/sites\/4\/2024\/07\/R-du-1-06-24-2-2048x1536.jpg 2048w, https:\/\/charente.catholique.fr\/nord-charente\/wp-content\/uploads\/sites\/4\/2024\/07\/R-du-1-06-24-2-1320x990.jpg 1320w\" sizes=\"auto, (max-width: 1440px) 100vw, 1440px\" \/><\/figure>\n<\/div>\n\n\n<p>Pour d\u00e9partager nous avons termin\u00e9 par un quiz sur les jeux olympiques. Chacun est reparti avec un lot ou une coupe.<\/p>\n\n\n<div class=\"wp-block-image\">\n<figure class=\"aligncenter size-large is-resized\"><img loading=\"lazy\" decoding=\"async\" width=\"1440\" height=\"1080\" src=\"https:\/\/charente.catholique.fr\/nord-charente\/wp-content\/uploads\/sites\/4\/2024\/07\/R-du-1-06-24-3-1440x1080.jpg\" alt=\"\" class=\"wp-image-6856\" style=\"width:500px\" srcset=\"https:\/\/charente.catholique.fr\/nord-charente\/wp-content\/uploads\/sites\/4\/2024\/07\/R-du-1-06-24-3-1440x1080.jpg 1440w, https:\/\/charente.catholique.fr\/nord-charente\/wp-content\/uploads\/sites\/4\/2024\/07\/R-du-1-06-24-3-300x225.jpg 300w, https:\/\/charente.catholique.fr\/nord-charente\/wp-content\/uploads\/sites\/4\/2024\/07\/R-du-1-06-24-3-768x576.jpg 768w, https:\/\/charente.catholique.fr\/nord-charente\/wp-content\/uploads\/sites\/4\/2024\/07\/R-du-1-06-24-3-1536x1152.jpg 1536w, https:\/\/charente.catholique.fr\/nord-charente\/wp-content\/uploads\/sites\/4\/2024\/07\/R-du-1-06-24-3-2048x1536.jpg 2048w, https:\/\/charente.catholique.fr\/nord-charente\/wp-content\/uploads\/sites\/4\/2024\/07\/R-du-1-06-24-3-1320x990.jpg 1320w\" sizes=\"auto, (max-width: 1440px) 100vw, 1440px\" \/><\/figure>\n<\/div>\n\n\n<p>Riche de cette premi\u00e8re exp\u00e9rience ou la bonne humeur est rest\u00e9e le fil rouge de toute la journ\u00e9e, nous partons en qu\u00eate de nouvelles id\u00e9es, dans l\u2019espoir de s\u00e9duire un public toujours large autour d\u2019un programme de partage de d\u00e9licieux moments .<\/p>\n","protected":false},"excerpt":{"rendered":"<p>A l\u2019occasion du passage de la flamme olympique dans notre d\u00e9partement, Les b\u00e9n\u00e9voles du Secours Catholique du territoire Haut-Coeur-des-deux- Charentes ont organis\u00e9 le 1er juin une journ\u00e9e randonn\u00e9e cycliste ou p\u00e9destre( selon les possibilit\u00e9s de chacun) entre Mansle et Bresdon. Objectif&nbsp;; permettre aux personnes isol\u00e9es de sortir de chez elles, de retrouver l\u2019envie de se [&hellip;]<\/p>\n","protected":false},"author":40,"featured_media":6857,"comment_status":"open","ping_status":"open","sticky":false,"template":"","format":"standard","meta":{"_acf_changed":false,"paroisse":["13"],"service":["0"],"footnotes":""},"categories":[1,2],"tags":[],"class_list":["post-6848","post","type-post","status-publish","format-standard","has-post-thumbnail","hentry","category-actualites","category-mansle","validated"],"acf":[],"yoast_head":"<!-- This site is optimized with the Yoast SEO plugin v27.1.1 - https:\/\/yoast.com\/product\/yoast-seo-wordpress\/ -->\n<title>Rando de la flamme solidaire - Doyenn\u00e9 Nord Charente<\/title>\n<meta name=\"robots\" content=\"index, follow, max-snippet:-1, max-image-preview:large, max-video-preview:-1\" \/>\n<link rel=\"canonical\" href=\"https:\/\/charente.catholique.fr\/nord-charente\/actualites\/rando-de-la-flamme-solidaire\/\" \/>\n<meta property=\"og:locale\" content=\"fr_FR\" \/>\n<meta property=\"og:type\" content=\"article\" \/>\n<meta property=\"og:title\" content=\"Rando de la flamme solidaire - Doyenn\u00e9 Nord Charente\" \/>\n<meta property=\"og:description\" content=\"A l\u2019occasion du passage de la flamme olympique dans notre d\u00e9partement, Les b\u00e9n\u00e9voles du Secours Catholique du territoire Haut-Coeur-des-deux- Charentes ont organis\u00e9 le 1er juin une journ\u00e9e randonn\u00e9e cycliste ou p\u00e9destre( selon les possibilit\u00e9s de chacun) entre Mansle et Bresdon. Objectif&nbsp;; permettre aux personnes isol\u00e9es de sortir de chez elles, de retrouver l\u2019envie de se [&hellip;]\" \/>\n<meta property=\"og:url\" content=\"https:\/\/charente.catholique.fr\/nord-charente\/actualites\/rando-de-la-flamme-solidaire\/\" \/>\n<meta property=\"og:site_name\" content=\"Doyenn\u00e9 Nord Charente\" \/>\n<meta property=\"article:publisher\" content=\"https:\/\/www.facebook.com\/EgliseCatholiqueCharente\" \/>\n<meta property=\"article:published_time\" content=\"2024-07-02T16:15:42+00:00\" \/>\n<meta property=\"article:modified_time\" content=\"2024-07-03T10:43:58+00:00\" \/>\n<meta property=\"og:image\" content=\"https:\/\/charente.catholique.fr\/nord-charente\/wp-content\/uploads\/sites\/4\/2024\/07\/img_20240511_0003.jpg\" \/>\n\t<meta property=\"og:image:width\" content=\"1664\" \/>\n\t<meta property=\"og:image:height\" content=\"568\" \/>\n\t<meta property=\"og:image:type\" content=\"image\/jpeg\" \/>\n<meta name=\"author\" content=\"francoischartier\" \/>\n<meta name=\"twitter:card\" content=\"summary_large_image\" \/>\n<meta name=\"twitter:creator\" content=\"@diocesecharente\" \/>\n<meta name=\"twitter:site\" content=\"@diocesecharente\" \/>\n<meta name=\"twitter:label1\" content=\"\u00c9crit par\" \/>\n\t<meta name=\"twitter:data1\" content=\"francoischartier\" \/>\n\t<meta name=\"twitter:label2\" content=\"Dur\u00e9e de lecture estim\u00e9e\" \/>\n\t<meta name=\"twitter:data2\" content=\"4 minutes\" \/>\n<script type=\"application\/ld+json\" class=\"yoast-schema-graph\">{\"@context\":\"https:\/\/schema.org\",\"@graph\":[{\"@type\":\"Article\",\"@id\":\"https:\/\/charente.catholique.fr\/nord-charente\/actualites\/rando-de-la-flamme-solidaire\/#article\",\"isPartOf\":{\"@id\":\"https:\/\/charente.catholique.fr\/nord-charente\/actualites\/rando-de-la-flamme-solidaire\/\"},\"author\":{\"name\":\"francoischartier\",\"@id\":\"https:\/\/charente.catholique.fr\/nord-charente\/#\/schema\/person\/7fd65c37c8269b35ee1af50beb3b6aef\"},\"headline\":\"Rando de la flamme solidaire\",\"datePublished\":\"2024-07-02T16:15:42+00:00\",\"dateModified\":\"2024-07-03T10:43:58+00:00\",\"mainEntityOfPage\":{\"@id\":\"https:\/\/charente.catholique.fr\/nord-charente\/actualites\/rando-de-la-flamme-solidaire\/\"},\"wordCount\":302,\"commentCount\":0,\"publisher\":{\"@id\":\"https:\/\/charente.catholique.fr\/nord-charente\/#organization\"},\"image\":{\"@id\":\"https:\/\/charente.catholique.fr\/nord-charente\/actualites\/rando-de-la-flamme-solidaire\/#primaryimage\"},\"thumbnailUrl\":\"https:\/\/charente.catholique.fr\/nord-charente\/wp-content\/uploads\/sites\/4\/2024\/07\/img_20240511_0003.jpg\",\"articleSection\":[\"Actualit\u00e9s\",\"Mansle\"],\"inLanguage\":\"fr-FR\",\"potentialAction\":[{\"@type\":\"CommentAction\",\"name\":\"Comment\",\"target\":[\"https:\/\/charente.catholique.fr\/nord-charente\/actualites\/rando-de-la-flamme-solidaire\/#respond\"]}]},{\"@type\":\"WebPage\",\"@id\":\"https:\/\/charente.catholique.fr\/nord-charente\/actualites\/rando-de-la-flamme-solidaire\/\",\"url\":\"https:\/\/charente.catholique.fr\/nord-charente\/actualites\/rando-de-la-flamme-solidaire\/\",\"name\":\"Rando de la flamme solidaire - Doyenn\u00e9 Nord Charente\",\"isPartOf\":{\"@id\":\"https:\/\/charente.catholique.fr\/nord-charente\/#website\"},\"primaryImageOfPage\":{\"@id\":\"https:\/\/charente.catholique.fr\/nord-charente\/actualites\/rando-de-la-flamme-solidaire\/#primaryimage\"},\"image\":{\"@id\":\"https:\/\/charente.catholique.fr\/nord-charente\/actualites\/rando-de-la-flamme-solidaire\/#primaryimage\"},\"thumbnailUrl\":\"https:\/\/charente.catholique.fr\/nord-charente\/wp-content\/uploads\/sites\/4\/2024\/07\/img_20240511_0003.jpg\",\"datePublished\":\"2024-07-02T16:15:42+00:00\",\"dateModified\":\"2024-07-03T10:43:58+00:00\",\"breadcrumb\":{\"@id\":\"https:\/\/charente.catholique.fr\/nord-charente\/actualites\/rando-de-la-flamme-solidaire\/#breadcrumb\"},\"inLanguage\":\"fr-FR\",\"potentialAction\":[{\"@type\":\"ReadAction\",\"target\":[\"https:\/\/charente.catholique.fr\/nord-charente\/actualites\/rando-de-la-flamme-solidaire\/\"]}]},{\"@type\":\"ImageObject\",\"inLanguage\":\"fr-FR\",\"@id\":\"https:\/\/charente.catholique.fr\/nord-charente\/actualites\/rando-de-la-flamme-solidaire\/#primaryimage\",\"url\":\"https:\/\/charente.catholique.fr\/nord-charente\/wp-content\/uploads\/sites\/4\/2024\/07\/img_20240511_0003.jpg\",\"contentUrl\":\"https:\/\/charente.catholique.fr\/nord-charente\/wp-content\/uploads\/sites\/4\/2024\/07\/img_20240511_0003.jpg\",\"width\":1664,\"height\":568},{\"@type\":\"BreadcrumbList\",\"@id\":\"https:\/\/charente.catholique.fr\/nord-charente\/actualites\/rando-de-la-flamme-solidaire\/#breadcrumb\",\"itemListElement\":[{\"@type\":\"ListItem\",\"position\":1,\"name\":\"Accueil\",\"item\":\"https:\/\/charente.catholique.fr\/nord-charente\/\"},{\"@type\":\"ListItem\",\"position\":2,\"name\":\"Rando de la flamme solidaire\"}]},{\"@type\":\"WebSite\",\"@id\":\"https:\/\/charente.catholique.fr\/nord-charente\/#website\",\"url\":\"https:\/\/charente.catholique.fr\/nord-charente\/\",\"name\":\"Doyenn\u00e9 Nord Charente - Dioc\u00e8se d'Angoul\u00eame\",\"description\":\"Dioc\u00e8se d&#039;Angoul\u00eame\",\"publisher\":{\"@id\":\"https:\/\/charente.catholique.fr\/nord-charente\/#organization\"},\"potentialAction\":[{\"@type\":\"SearchAction\",\"target\":{\"@type\":\"EntryPoint\",\"urlTemplate\":\"https:\/\/charente.catholique.fr\/nord-charente\/?s={search_term_string}\"},\"query-input\":{\"@type\":\"PropertyValueSpecification\",\"valueRequired\":true,\"valueName\":\"search_term_string\"}}],\"inLanguage\":\"fr-FR\"},{\"@type\":\"Organization\",\"@id\":\"https:\/\/charente.catholique.fr\/nord-charente\/#organization\",\"name\":\"Association dioc\u00e9saine d'Angoul\u00eame\",\"url\":\"https:\/\/charente.catholique.fr\/nord-charente\/\",\"logo\":{\"@type\":\"ImageObject\",\"inLanguage\":\"fr-FR\",\"@id\":\"https:\/\/charente.catholique.fr\/nord-charente\/#\/schema\/logo\/image\/\",\"url\":\"https:\/\/charente.catholique.fr\/nord-charente\/wp-content\/uploads\/sites\/4\/2020\/10\/logos.png\",\"contentUrl\":\"https:\/\/charente.catholique.fr\/nord-charente\/wp-content\/uploads\/sites\/4\/2020\/10\/logos.png\",\"width\":600,\"height\":257,\"caption\":\"Association dioc\u00e9saine d'Angoul\u00eame\"},\"image\":{\"@id\":\"https:\/\/charente.catholique.fr\/nord-charente\/#\/schema\/logo\/image\/\"},\"sameAs\":[\"https:\/\/www.facebook.com\/EgliseCatholiqueCharente\",\"https:\/\/x.com\/diocesecharente\",\"https:\/\/www.instagram.com\/eglisecharente\",\"https:\/\/www.youtube.com\/channel\/UCByyFWApZbw3gDTiADoiAaQ\"]},{\"@type\":\"Person\",\"@id\":\"https:\/\/charente.catholique.fr\/nord-charente\/#\/schema\/person\/7fd65c37c8269b35ee1af50beb3b6aef\",\"name\":\"francoischartier\",\"image\":{\"@type\":\"ImageObject\",\"inLanguage\":\"fr-FR\",\"@id\":\"https:\/\/charente.catholique.fr\/nord-charente\/#\/schema\/person\/image\/\",\"url\":\"https:\/\/secure.gravatar.com\/avatar\/9eec05a742787d49cdadb00ee510e88e9971e96dba2eb042f4233df45add8fd1?s=96&d=mm&r=g\",\"contentUrl\":\"https:\/\/secure.gravatar.com\/avatar\/9eec05a742787d49cdadb00ee510e88e9971e96dba2eb042f4233df45add8fd1?s=96&d=mm&r=g\",\"caption\":\"francoischartier\"},\"description\":\"06 82 10 86 89\",\"url\":\"https:\/\/charente.catholique.fr\/nord-charente\/author\/francoischartier\/\"}]}<\/script>\n<!-- \/ Yoast SEO plugin. -->","yoast_head_json":{"title":"Rando de la flamme solidaire - Doyenn\u00e9 Nord Charente","robots":{"index":"index","follow":"follow","max-snippet":"max-snippet:-1","max-image-preview":"max-image-preview:large","max-video-preview":"max-video-preview:-1"},"canonical":"https:\/\/charente.catholique.fr\/nord-charente\/actualites\/rando-de-la-flamme-solidaire\/","og_locale":"fr_FR","og_type":"article","og_title":"Rando de la flamme solidaire - Doyenn\u00e9 Nord Charente","og_description":"A l\u2019occasion du passage de la flamme olympique dans notre d\u00e9partement, Les b\u00e9n\u00e9voles du Secours Catholique du territoire Haut-Coeur-des-deux- Charentes ont organis\u00e9 le 1er juin une journ\u00e9e randonn\u00e9e cycliste ou p\u00e9destre( selon les possibilit\u00e9s de chacun) entre Mansle et Bresdon. Objectif&nbsp;; permettre aux personnes isol\u00e9es de sortir de chez elles, de retrouver l\u2019envie de se [&hellip;]","og_url":"https:\/\/charente.catholique.fr\/nord-charente\/actualites\/rando-de-la-flamme-solidaire\/","og_site_name":"Doyenn\u00e9 Nord Charente","article_publisher":"https:\/\/www.facebook.com\/EgliseCatholiqueCharente","article_published_time":"2024-07-02T16:15:42+00:00","article_modified_time":"2024-07-03T10:43:58+00:00","og_image":[{"width":1664,"height":568,"url":"https:\/\/charente.catholique.fr\/nord-charente\/wp-content\/uploads\/sites\/4\/2024\/07\/img_20240511_0003.jpg","type":"image\/jpeg"}],"author":"francoischartier","twitter_card":"summary_large_image","twitter_creator":"@diocesecharente","twitter_site":"@diocesecharente","twitter_misc":{"\u00c9crit par":"francoischartier","Dur\u00e9e de lecture estim\u00e9e":"4 minutes"},"schema":{"@context":"https:\/\/schema.org","@graph":[{"@type":"Article","@id":"https:\/\/charente.catholique.fr\/nord-charente\/actualites\/rando-de-la-flamme-solidaire\/#article","isPartOf":{"@id":"https:\/\/charente.catholique.fr\/nord-charente\/actualites\/rando-de-la-flamme-solidaire\/"},"author":{"name":"francoischartier","@id":"https:\/\/charente.catholique.fr\/nord-charente\/#\/schema\/person\/7fd65c37c8269b35ee1af50beb3b6aef"},"headline":"Rando de la flamme solidaire","datePublished":"2024-07-02T16:15:42+00:00","dateModified":"2024-07-03T10:43:58+00:00","mainEntityOfPage":{"@id":"https:\/\/charente.catholique.fr\/nord-charente\/actualites\/rando-de-la-flamme-solidaire\/"},"wordCount":302,"commentCount":0,"publisher":{"@id":"https:\/\/charente.catholique.fr\/nord-charente\/#organization"},"image":{"@id":"https:\/\/charente.catholique.fr\/nord-charente\/actualites\/rando-de-la-flamme-solidaire\/#primaryimage"},"thumbnailUrl":"https:\/\/charente.catholique.fr\/nord-charente\/wp-content\/uploads\/sites\/4\/2024\/07\/img_20240511_0003.jpg","articleSection":["Actualit\u00e9s","Mansle"],"inLanguage":"fr-FR","potentialAction":[{"@type":"CommentAction","name":"Comment","target":["https:\/\/charente.catholique.fr\/nord-charente\/actualites\/rando-de-la-flamme-solidaire\/#respond"]}]},{"@type":"WebPage","@id":"https:\/\/charente.catholique.fr\/nord-charente\/actualites\/rando-de-la-flamme-solidaire\/","url":"https:\/\/charente.catholique.fr\/nord-charente\/actualites\/rando-de-la-flamme-solidaire\/","name":"Rando de la flamme solidaire - Doyenn\u00e9 Nord Charente","isPartOf":{"@id":"https:\/\/charente.catholique.fr\/nord-charente\/#website"},"primaryImageOfPage":{"@id":"https:\/\/charente.catholique.fr\/nord-charente\/actualites\/rando-de-la-flamme-solidaire\/#primaryimage"},"image":{"@id":"https:\/\/charente.catholique.fr\/nord-charente\/actualites\/rando-de-la-flamme-solidaire\/#primaryimage"},"thumbnailUrl":"https:\/\/charente.catholique.fr\/nord-charente\/wp-content\/uploads\/sites\/4\/2024\/07\/img_20240511_0003.jpg","datePublished":"2024-07-02T16:15:42+00:00","dateModified":"2024-07-03T10:43:58+00:00","breadcrumb":{"@id":"https:\/\/charente.catholique.fr\/nord-charente\/actualites\/rando-de-la-flamme-solidaire\/#breadcrumb"},"inLanguage":"fr-FR","potentialAction":[{"@type":"ReadAction","target":["https:\/\/charente.catholique.fr\/nord-charente\/actualites\/rando-de-la-flamme-solidaire\/"]}]},{"@type":"ImageObject","inLanguage":"fr-FR","@id":"https:\/\/charente.catholique.fr\/nord-charente\/actualites\/rando-de-la-flamme-solidaire\/#primaryimage","url":"https:\/\/charente.catholique.fr\/nord-charente\/wp-content\/uploads\/sites\/4\/2024\/07\/img_20240511_0003.jpg","contentUrl":"https:\/\/charente.catholique.fr\/nord-charente\/wp-content\/uploads\/sites\/4\/2024\/07\/img_20240511_0003.jpg","width":1664,"height":568},{"@type":"BreadcrumbList","@id":"https:\/\/charente.catholique.fr\/nord-charente\/actualites\/rando-de-la-flamme-solidaire\/#breadcrumb","itemListElement":[{"@type":"ListItem","position":1,"name":"Accueil","item":"https:\/\/charente.catholique.fr\/nord-charente\/"},{"@type":"ListItem","position":2,"name":"Rando de la flamme solidaire"}]},{"@type":"WebSite","@id":"https:\/\/charente.catholique.fr\/nord-charente\/#website","url":"https:\/\/charente.catholique.fr\/nord-charente\/","name":"Doyenn\u00e9 Nord Charente - Dioc\u00e8se d'Angoul\u00eame","description":"Dioc\u00e8se d&#039;Angoul\u00eame","publisher":{"@id":"https:\/\/charente.catholique.fr\/nord-charente\/#organization"},"potentialAction":[{"@type":"SearchAction","target":{"@type":"EntryPoint","urlTemplate":"https:\/\/charente.catholique.fr\/nord-charente\/?s={search_term_string}"},"query-input":{"@type":"PropertyValueSpecification","valueRequired":true,"valueName":"search_term_string"}}],"inLanguage":"fr-FR"},{"@type":"Organization","@id":"https:\/\/charente.catholique.fr\/nord-charente\/#organization","name":"Association dioc\u00e9saine d'Angoul\u00eame","url":"https:\/\/charente.catholique.fr\/nord-charente\/","logo":{"@type":"ImageObject","inLanguage":"fr-FR","@id":"https:\/\/charente.catholique.fr\/nord-charente\/#\/schema\/logo\/image\/","url":"https:\/\/charente.catholique.fr\/nord-charente\/wp-content\/uploads\/sites\/4\/2020\/10\/logos.png","contentUrl":"https:\/\/charente.catholique.fr\/nord-charente\/wp-content\/uploads\/sites\/4\/2020\/10\/logos.png","width":600,"height":257,"caption":"Association dioc\u00e9saine d'Angoul\u00eame"},"image":{"@id":"https:\/\/charente.catholique.fr\/nord-charente\/#\/schema\/logo\/image\/"},"sameAs":["https:\/\/www.facebook.com\/EgliseCatholiqueCharente","https:\/\/x.com\/diocesecharente","https:\/\/www.instagram.com\/eglisecharente","https:\/\/www.youtube.com\/channel\/UCByyFWApZbw3gDTiADoiAaQ"]},{"@type":"Person","@id":"https:\/\/charente.catholique.fr\/nord-charente\/#\/schema\/person\/7fd65c37c8269b35ee1af50beb3b6aef","name":"francoischartier","image":{"@type":"ImageObject","inLanguage":"fr-FR","@id":"https:\/\/charente.catholique.fr\/nord-charente\/#\/schema\/person\/image\/","url":"https:\/\/secure.gravatar.com\/avatar\/9eec05a742787d49cdadb00ee510e88e9971e96dba2eb042f4233df45add8fd1?s=96&d=mm&r=g","contentUrl":"https:\/\/secure.gravatar.com\/avatar\/9eec05a742787d49cdadb00ee510e88e9971e96dba2eb042f4233df45add8fd1?s=96&d=mm&r=g","caption":"francoischartier"},"description":"06 82 10 86 89","url":"https:\/\/charente.catholique.fr\/nord-charente\/author\/francoischartier\/"}]}},"_links":{"self":[{"href":"https:\/\/charente.catholique.fr\/nord-charente\/wp-json\/wp\/v2\/posts\/6848","targetHints":{"allow":["GET"]}}],"collection":[{"href":"https:\/\/charente.catholique.fr\/nord-charente\/wp-json\/wp\/v2\/posts"}],"about":[{"href":"https:\/\/charente.catholique.fr\/nord-charente\/wp-json\/wp\/v2\/types\/post"}],"author":[{"embeddable":true,"href":"https:\/\/charente.catholique.fr\/nord-charente\/wp-json\/wp\/v2\/users\/40"}],"replies":[{"embeddable":true,"href":"https:\/\/charente.catholique.fr\/nord-charente\/wp-json\/wp\/v2\/comments?post=6848"}],"version-history":[{"count":4,"href":"https:\/\/charente.catholique.fr\/nord-charente\/wp-json\/wp\/v2\/posts\/6848\/revisions"}],"predecessor-version":[{"id":6872,"href":"https:\/\/charente.catholique.fr\/nord-charente\/wp-json\/wp\/v2\/posts\/6848\/revisions\/6872"}],"wp:featuredmedia":[{"embeddable":true,"href":"https:\/\/charente.catholique.fr\/nord-charente\/wp-json\/wp\/v2\/media\/6857"}],"wp:attachment":[{"href":"https:\/\/charente.catholique.fr\/nord-charente\/wp-json\/wp\/v2\/media?parent=6848"}],"wp:term":[{"taxonomy":"category","embeddable":true,"href":"https:\/\/charente.catholique.fr\/nord-charente\/wp-json\/wp\/v2\/categories?post=6848"},{"taxonomy":"post_tag","embeddable":true,"href":"https:\/\/charente.catholique.fr\/nord-charente\/wp-json\/wp\/v2\/tags?post=6848"}],"curies":[{"name":"wp","href":"https:\/\/api.w.org\/{rel}","templated":true}]}}