{"id":6720,"date":"2024-06-02T19:18:59","date_gmt":"2024-06-02T17:18:59","guid":{"rendered":"https:\/\/charente.catholique.fr\/nord-charente\/?p=6720"},"modified":"2024-06-02T19:18:59","modified_gmt":"2024-06-02T17:18:59","slug":"bapteme-de-gabriel-le-02-juin-2024-annonces-semaine-du-03-au-09-juin","status":"publish","type":"post","link":"https:\/\/charente.catholique.fr\/nord-charente\/actualites\/bapteme-de-gabriel-le-02-juin-2024-annonces-semaine-du-03-au-09-juin\/","title":{"rendered":"BAPT\u00caME DE GABRIEL LE 02 JUIN 2024. ANNONCES SEMAINE DU 03 AU 09 JUIN"},"content":{"rendered":"\n<p class=\"has-medium-font-size\"><strong>BIENVENUE A NOTRE NOUVEAU PETIT FR\u00c8RE EN CHRIST !<\/strong> <strong>ALL\u00c9LUIA!<\/strong><\/p>\n\n\n<div class=\"wp-block-image\">\n<figure class=\"alignright size-full is-resized\"><img loading=\"lazy\" decoding=\"async\" width=\"640\" height=\"480\" src=\"https:\/\/charente.catholique.fr\/nord-charente\/wp-content\/uploads\/sites\/4\/2024\/06\/IMG_5916-rotated.jpg\" alt=\"\" class=\"wp-image-6726\" style=\"width:439px;height:auto\" srcset=\"https:\/\/charente.catholique.fr\/nord-charente\/wp-content\/uploads\/sites\/4\/2024\/06\/IMG_5916-rotated.jpg 640w, https:\/\/charente.catholique.fr\/nord-charente\/wp-content\/uploads\/sites\/4\/2024\/06\/IMG_5916-300x225.jpg 300w\" sizes=\"auto, (max-width: 640px) 100vw, 640px\" \/><\/figure>\n<\/div>\n\n\n<figure class=\"wp-block-image size-full is-resized\"><img loading=\"lazy\" decoding=\"async\" width=\"480\" height=\"640\" src=\"https:\/\/charente.catholique.fr\/nord-charente\/wp-content\/uploads\/sites\/4\/2024\/06\/IMG_5914-2-rotated.jpg\" alt=\"\" class=\"wp-image-6725\" style=\"width:272px;height:auto\" srcset=\"https:\/\/charente.catholique.fr\/nord-charente\/wp-content\/uploads\/sites\/4\/2024\/06\/IMG_5914-2-rotated.jpg 480w, https:\/\/charente.catholique.fr\/nord-charente\/wp-content\/uploads\/sites\/4\/2024\/06\/IMG_5914-2-225x300.jpg 225w\" sizes=\"auto, (max-width: 480px) 100vw, 480px\" \/><\/figure>\n\n\n<div class=\"wp-block-image is-style-rounded\">\n<figure class=\"aligncenter size-full is-resized\"><img loading=\"lazy\" decoding=\"async\" width=\"480\" height=\"640\" src=\"https:\/\/charente.catholique.fr\/nord-charente\/wp-content\/uploads\/sites\/4\/2024\/06\/IMG_5918.jpg\" alt=\"\" class=\"wp-image-6728\" style=\"width:316px;height:auto\" srcset=\"https:\/\/charente.catholique.fr\/nord-charente\/wp-content\/uploads\/sites\/4\/2024\/06\/IMG_5918.jpg 480w, https:\/\/charente.catholique.fr\/nord-charente\/wp-content\/uploads\/sites\/4\/2024\/06\/IMG_5918-225x300.jpg 225w\" sizes=\"auto, (max-width: 480px) 100vw, 480px\" \/><\/figure>\n<\/div>\n\n\n<p><\/p>\n\n\n<div class=\"wp-block-image is-style-rounded\">\n<figure class=\"aligncenter size-full is-resized\"><img loading=\"lazy\" decoding=\"async\" width=\"480\" height=\"640\" src=\"https:\/\/charente.catholique.fr\/nord-charente\/wp-content\/uploads\/sites\/4\/2024\/06\/IMG_5920-1.jpg\" alt=\"\" class=\"wp-image-6727\" style=\"width:328px;height:auto\" srcset=\"https:\/\/charente.catholique.fr\/nord-charente\/wp-content\/uploads\/sites\/4\/2024\/06\/IMG_5920-1.jpg 480w, https:\/\/charente.catholique.fr\/nord-charente\/wp-content\/uploads\/sites\/4\/2024\/06\/IMG_5920-1-225x300.jpg 225w\" sizes=\"auto, (max-width: 480px) 100vw, 480px\" \/><\/figure>\n<\/div>\n\n\n<p><\/p>\n\n\n\n<figure class=\"wp-block-table\"><table><thead><tr><td><strong>Annonces des paroisses de Ruffec et Villefagnan<\/strong><\/td><td colspan=\"3\"><strong>Semaine du<\/strong><strong> 3 au 9 Juin<\/strong><\/td><\/tr><\/thead><tbody><tr><td rowspan=\"3\">Lundi 3<\/td><td>&nbsp;Ruffec<\/td><td>&nbsp;14 h 30 &nbsp;18 h<\/td><td>&nbsp;Pri\u00e8re du Renouveau \u00e0 l&#8217;oratoire &nbsp;Messe \u00e0 l&#8217;oratoire<\/td><\/tr><tr><td>&nbsp;<\/td><td>&nbsp;<\/td><td>&nbsp;<\/td><\/tr><tr><td>&nbsp;<\/td><td>&nbsp;<\/td><td>&nbsp;<\/td><\/tr><tr><td rowspan=\"2\">Mardi 4<\/td><td>&nbsp;<strong>Villefagnan<\/strong><strong><\/strong><\/td><td><strong>&nbsp;9 h 15<\/strong><strong><\/strong><\/td><td><strong>&nbsp;Messe \u00e0 l&#8217;oratoire<\/strong><strong><\/strong> <strong>&nbsp;Rencontre \u00e9quipe liturgique n\u00b0&nbsp;1 ( Dimanche 16 Juin)<\/strong><\/td><\/tr><tr><td>&nbsp;Ruffec<strong><\/strong><\/td><td>&nbsp;18 h 30<strong><\/strong><\/td><td>&nbsp;Messe \u00e0 l&#8217;\u00e9glise<strong><\/strong><\/td><\/tr><tr><td rowspan=\"2\">Mercredi 5<\/td><td>&nbsp;Aigre<\/td><td>&nbsp;11 h<\/td><td>&nbsp;Messe \u00e0 l\u2019oratoire<\/td><\/tr><tr><td>&nbsp;Ruffec<\/td><td>&nbsp;18 h<\/td><td>&nbsp;Messe \u00e0 l&#8217;\u00e9glise<\/td><\/tr><tr><td rowspan=\"2\">Jeudi 6<\/td><td>&nbsp;Ruffec<\/td><td>&nbsp;17 h<\/td><td>&nbsp;Confessions \u00e0 l\u2019\u00e9glise<\/td><\/tr><tr><td>&nbsp;Ruffec<\/td><td>&nbsp;18 h<\/td><td>&nbsp;Messe \u00e0 l\u2019intention de C\u00e9line LAMBERT suivie de l&#8217;Adoration<\/td><\/tr><tr><td rowspan=\"2\">Vendredi&nbsp; 7 &nbsp;<\/td><td>&nbsp;Ruffec<\/td><td>&nbsp;12 h 10<\/td><td>&nbsp;Messe \u00e0 la chapelle du Sacr\u00e9-Coeur<\/td><\/tr><tr><td>&nbsp;<\/td><td>&nbsp;<\/td><td>&nbsp;<\/td><\/tr><tr><td rowspan=\"3\">Samedi 8<\/td><td>&nbsp;Ruffec &nbsp;<\/td><td>&nbsp;9 h 30 &nbsp;10 h<\/td><td>&nbsp;Confessions \u00e0 l\u2019\u00e9glise. &nbsp;Messe \u00e0 l\u2019oratoire avec les groupes de pri\u00e8re Luisa Picaretta<\/td><\/tr><tr><td>&nbsp;St Martin du Clocher<\/td><td>11 h<\/td><td>&nbsp;Chapelet pour les vocations sacerdotales et religieuses<\/td><\/tr><tr><td>&nbsp;Juill\u00e9, Aigre, <strong>Villefagnan<\/strong><\/td><td>&nbsp;18 h 30<\/td><td>&nbsp;<strong>Messes anticip\u00e9es<\/strong><\/td><\/tr><tr><td><strong>Dimanche 9 <\/strong><strong><\/strong><\/td><td><strong>&nbsp; Ruffec <\/strong><strong><\/strong> <strong>&nbsp;<\/strong><strong><\/strong><\/td><td><strong>&nbsp;10 h 30<\/strong><strong><\/strong><\/td><td><strong>&nbsp;F\u00eate de la Foi Messe en Doyenn\u00e9&nbsp;&nbsp;&nbsp;&nbsp;&nbsp;&nbsp;&nbsp;&nbsp;&nbsp;&nbsp;&nbsp;&nbsp;&nbsp;&nbsp;&nbsp;&nbsp;&nbsp;&nbsp;&nbsp;&nbsp;&nbsp;&nbsp;&nbsp;&nbsp;&nbsp;&nbsp;&nbsp;&nbsp;&nbsp;&nbsp;&nbsp;&nbsp;&nbsp;&nbsp;&nbsp;&nbsp;&nbsp;&nbsp;&nbsp;&nbsp;&nbsp;&nbsp;&nbsp;&nbsp;&nbsp; <\/strong><strong><\/strong><\/td><\/tr><tr><td>&nbsp;<\/td><td>&nbsp;<\/td><td>&nbsp;<\/td><td>&nbsp;<\/td><\/tr><\/tbody><\/table><\/figure>\n\n\n\n<figure class=\"wp-block-table\"><table><tbody><tr><td><strong>&nbsp;<\/strong> <strong>Rappel \u00e0 Dieu de Madame Bernadette GORNARD.<\/strong> <strong>&nbsp;<\/strong><\/td><\/tr><\/tbody><\/table><\/figure>\n\n\n\n<p><strong><u>F\u00eate de doyenn\u00e9 le 23 juin au ch\u00e2teau de Saveilles <br><\/u>Messe en plein air \u00e0 10h30 suivie d\u2019un pique-nique tir\u00e9 du sac , apr\u00e8s-midi conviviale , apportez vos jeux!<br>Mise en place des bancs, chaises \u2026 le vendredi 21 juin \u00e0 14h30 et le samedi \u00e0 9 h au ch\u00e2teau. \u00a0\u00a0\u00a0\u00a0\u00a0\u00a0\u00a0\u00a0\u00a0\u00a0\u00a0\u00a0\u00a0\u00a0\u00a0\u00a0\u00a0\u00a0\u00a0\u00a0\u00a0\u00a0\u00a0\u00a0\u00a0\u00a0\u00a0\u00a0\u00a0\u00a0\u00a0\u00a0\u00a0\u00a0\u00a0\u00a0\u00a0\u00a0\u00a0\u00a0\u00a0\u00a0\u00a0\u00a0\u00a0\u00a0\u00a0\u00a0\u00a0\u00a0\u00a0\u00a0\u00a0\u00a0\u00a0\u00a0\u00a0\u00a0\u00a0\u00a0\u00a0\u00a0\u00a0\u00a0\u00a0\u00a0\u00a0\u00a0\u00a0\u00a0\u00a0\u00a0Merci aux bonnes volont\u00e9s de se faire conna\u00eetre \u00e0\u00a0: <br>Genevi\u00e8ve : 06 75 66 19 46.<br>Jo\u00eblle : 06 86 22 86 64.<\/strong><\/p>\n\n\n\n<p><strong>A NOTER&nbsp;: EXPOSITION de PHOTOS, les 1<sup>er<\/sup> et 2 juin de 10 h \u00e0 18 h, dans l\u2019\u00e9glise de&nbsp;&nbsp; SAINT GOURSON&nbsp;&nbsp;&nbsp;&nbsp;&nbsp;&nbsp;&nbsp;&nbsp;&nbsp;&nbsp;&nbsp;&nbsp;&nbsp;&nbsp;&nbsp;&nbsp;&nbsp; <\/strong><strong><\/strong><\/p>\n\n\n\n<p>Toutes infos&nbsp;: 05 45 29 01 72 \/ <a href=\"https:\/\/nordcharente.catholique.fr\/\">https:\/\/nordcharente.catholique.fr<\/a><\/p>\n\n\n\n<p>Presbyt\u00e8re de Villefagnan&nbsp;: 5 rue Patient 16240 Villefagnan&nbsp;: 05 45 31 61 07 \/ mail&nbsp;: paroisse.villefagnan@outlook.com<\/p>\n\n\n\n<p><\/p>\n","protected":false},"excerpt":{"rendered":"<p>BIENVENUE A NOTRE NOUVEAU PETIT FR\u00c8RE EN CHRIST ! ALL\u00c9LUIA! Annonces des paroisses de Ruffec et Villefagnan Semaine du 3 au 9 Juin Lundi 3 &nbsp;Ruffec &nbsp;14 h 30 &nbsp;18 h &nbsp;Pri\u00e8re du Renouveau \u00e0 l&#8217;oratoire &nbsp;Messe \u00e0 l&#8217;oratoire &nbsp; &nbsp; &nbsp; &nbsp; &nbsp; &nbsp; Mardi 4 &nbsp;Villefagnan &nbsp;9 h 15 &nbsp;Messe \u00e0 l&#8217;oratoire &nbsp;Rencontre [&hellip;]<\/p>\n","protected":false},"author":38,"featured_media":6722,"comment_status":"open","ping_status":"open","sticky":false,"template":"","format":"standard","meta":{"_acf_changed":false,"paroisse":["14"],"service":["0"],"footnotes":""},"categories":[1],"tags":[],"class_list":["post-6720","post","type-post","status-publish","format-standard","has-post-thumbnail","hentry","category-actualites"],"acf":[],"yoast_head":"<!-- This site is optimized with the Yoast SEO plugin v27.1.1 - https:\/\/yoast.com\/product\/yoast-seo-wordpress\/ -->\n<title>BAPT\u00caME DE GABRIEL LE 02 JUIN 2024. ANNONCES SEMAINE DU 03 AU 09 JUIN - Doyenn\u00e9 Nord Charente<\/title>\n<meta name=\"robots\" content=\"index, follow, max-snippet:-1, max-image-preview:large, max-video-preview:-1\" \/>\n<link rel=\"canonical\" href=\"https:\/\/charente.catholique.fr\/nord-charente\/actualites\/bapteme-de-gabriel-le-02-juin-2024-annonces-semaine-du-03-au-09-juin\/\" \/>\n<meta property=\"og:locale\" content=\"fr_FR\" \/>\n<meta property=\"og:type\" content=\"article\" \/>\n<meta property=\"og:title\" content=\"BAPT\u00caME DE GABRIEL LE 02 JUIN 2024. ANNONCES SEMAINE DU 03 AU 09 JUIN - Doyenn\u00e9 Nord Charente\" \/>\n<meta property=\"og:description\" content=\"BIENVENUE A NOTRE NOUVEAU PETIT FR\u00c8RE EN CHRIST ! ALL\u00c9LUIA! Annonces des paroisses de Ruffec et Villefagnan Semaine du 3 au 9 Juin Lundi 3 &nbsp;Ruffec &nbsp;14 h 30 &nbsp;18 h &nbsp;Pri\u00e8re du Renouveau \u00e0 l&#8217;oratoire &nbsp;Messe \u00e0 l&#8217;oratoire &nbsp; &nbsp; &nbsp; &nbsp; &nbsp; &nbsp; Mardi 4 &nbsp;Villefagnan &nbsp;9 h 15 &nbsp;Messe \u00e0 l&#8217;oratoire &nbsp;Rencontre [&hellip;]\" \/>\n<meta property=\"og:url\" content=\"https:\/\/charente.catholique.fr\/nord-charente\/actualites\/bapteme-de-gabriel-le-02-juin-2024-annonces-semaine-du-03-au-09-juin\/\" \/>\n<meta property=\"og:site_name\" content=\"Doyenn\u00e9 Nord Charente\" \/>\n<meta property=\"article:publisher\" content=\"https:\/\/www.facebook.com\/EgliseCatholiqueCharente\" \/>\n<meta property=\"article:published_time\" content=\"2024-06-02T17:18:59+00:00\" \/>\n<meta property=\"og:image\" content=\"https:\/\/charente.catholique.fr\/nord-charente\/wp-content\/uploads\/sites\/4\/2024\/06\/img_5920.jpg\" \/>\n\t<meta property=\"og:image:width\" content=\"480\" \/>\n\t<meta property=\"og:image:height\" content=\"640\" \/>\n\t<meta property=\"og:image:type\" content=\"image\/jpeg\" \/>\n<meta name=\"author\" content=\"joelleayrault\" \/>\n<meta name=\"twitter:card\" content=\"summary_large_image\" \/>\n<meta name=\"twitter:creator\" content=\"@diocesecharente\" \/>\n<meta name=\"twitter:site\" content=\"@diocesecharente\" \/>\n<meta name=\"twitter:label1\" content=\"\u00c9crit par\" \/>\n\t<meta name=\"twitter:data1\" content=\"joelleayrault\" \/>\n\t<meta name=\"twitter:label2\" content=\"Dur\u00e9e de lecture estim\u00e9e\" \/>\n\t<meta name=\"twitter:data2\" content=\"3 minutes\" \/>\n<script type=\"application\/ld+json\" class=\"yoast-schema-graph\">{\"@context\":\"https:\/\/schema.org\",\"@graph\":[{\"@type\":\"Article\",\"@id\":\"https:\/\/charente.catholique.fr\/nord-charente\/actualites\/bapteme-de-gabriel-le-02-juin-2024-annonces-semaine-du-03-au-09-juin\/#article\",\"isPartOf\":{\"@id\":\"https:\/\/charente.catholique.fr\/nord-charente\/actualites\/bapteme-de-gabriel-le-02-juin-2024-annonces-semaine-du-03-au-09-juin\/\"},\"author\":{\"name\":\"joelleayrault\",\"@id\":\"https:\/\/charente.catholique.fr\/nord-charente\/#\/schema\/person\/51184492e4abba33e5d768059a70f4db\"},\"headline\":\"BAPT\u00caME DE GABRIEL LE 02 JUIN 2024. ANNONCES SEMAINE DU 03 AU 09 JUIN\",\"datePublished\":\"2024-06-02T17:18:59+00:00\",\"mainEntityOfPage\":{\"@id\":\"https:\/\/charente.catholique.fr\/nord-charente\/actualites\/bapteme-de-gabriel-le-02-juin-2024-annonces-semaine-du-03-au-09-juin\/\"},\"wordCount\":381,\"commentCount\":0,\"publisher\":{\"@id\":\"https:\/\/charente.catholique.fr\/nord-charente\/#organization\"},\"image\":{\"@id\":\"https:\/\/charente.catholique.fr\/nord-charente\/actualites\/bapteme-de-gabriel-le-02-juin-2024-annonces-semaine-du-03-au-09-juin\/#primaryimage\"},\"thumbnailUrl\":\"https:\/\/charente.catholique.fr\/nord-charente\/wp-content\/uploads\/sites\/4\/2024\/06\/img_5920.jpg\",\"articleSection\":[\"Actualit\u00e9s\"],\"inLanguage\":\"fr-FR\",\"potentialAction\":[{\"@type\":\"CommentAction\",\"name\":\"Comment\",\"target\":[\"https:\/\/charente.catholique.fr\/nord-charente\/actualites\/bapteme-de-gabriel-le-02-juin-2024-annonces-semaine-du-03-au-09-juin\/#respond\"]}]},{\"@type\":\"WebPage\",\"@id\":\"https:\/\/charente.catholique.fr\/nord-charente\/actualites\/bapteme-de-gabriel-le-02-juin-2024-annonces-semaine-du-03-au-09-juin\/\",\"url\":\"https:\/\/charente.catholique.fr\/nord-charente\/actualites\/bapteme-de-gabriel-le-02-juin-2024-annonces-semaine-du-03-au-09-juin\/\",\"name\":\"BAPT\u00caME DE GABRIEL LE 02 JUIN 2024. ANNONCES SEMAINE DU 03 AU 09 JUIN - Doyenn\u00e9 Nord Charente\",\"isPartOf\":{\"@id\":\"https:\/\/charente.catholique.fr\/nord-charente\/#website\"},\"primaryImageOfPage\":{\"@id\":\"https:\/\/charente.catholique.fr\/nord-charente\/actualites\/bapteme-de-gabriel-le-02-juin-2024-annonces-semaine-du-03-au-09-juin\/#primaryimage\"},\"image\":{\"@id\":\"https:\/\/charente.catholique.fr\/nord-charente\/actualites\/bapteme-de-gabriel-le-02-juin-2024-annonces-semaine-du-03-au-09-juin\/#primaryimage\"},\"thumbnailUrl\":\"https:\/\/charente.catholique.fr\/nord-charente\/wp-content\/uploads\/sites\/4\/2024\/06\/img_5920.jpg\",\"datePublished\":\"2024-06-02T17:18:59+00:00\",\"breadcrumb\":{\"@id\":\"https:\/\/charente.catholique.fr\/nord-charente\/actualites\/bapteme-de-gabriel-le-02-juin-2024-annonces-semaine-du-03-au-09-juin\/#breadcrumb\"},\"inLanguage\":\"fr-FR\",\"potentialAction\":[{\"@type\":\"ReadAction\",\"target\":[\"https:\/\/charente.catholique.fr\/nord-charente\/actualites\/bapteme-de-gabriel-le-02-juin-2024-annonces-semaine-du-03-au-09-juin\/\"]}]},{\"@type\":\"ImageObject\",\"inLanguage\":\"fr-FR\",\"@id\":\"https:\/\/charente.catholique.fr\/nord-charente\/actualites\/bapteme-de-gabriel-le-02-juin-2024-annonces-semaine-du-03-au-09-juin\/#primaryimage\",\"url\":\"https:\/\/charente.catholique.fr\/nord-charente\/wp-content\/uploads\/sites\/4\/2024\/06\/img_5920.jpg\",\"contentUrl\":\"https:\/\/charente.catholique.fr\/nord-charente\/wp-content\/uploads\/sites\/4\/2024\/06\/img_5920.jpg\",\"width\":480,\"height\":640},{\"@type\":\"BreadcrumbList\",\"@id\":\"https:\/\/charente.catholique.fr\/nord-charente\/actualites\/bapteme-de-gabriel-le-02-juin-2024-annonces-semaine-du-03-au-09-juin\/#breadcrumb\",\"itemListElement\":[{\"@type\":\"ListItem\",\"position\":1,\"name\":\"Accueil\",\"item\":\"https:\/\/charente.catholique.fr\/nord-charente\/\"},{\"@type\":\"ListItem\",\"position\":2,\"name\":\"BAPT\u00caME DE GABRIEL LE 02 JUIN 2024. ANNONCES SEMAINE DU 03 AU 09 JUIN\"}]},{\"@type\":\"WebSite\",\"@id\":\"https:\/\/charente.catholique.fr\/nord-charente\/#website\",\"url\":\"https:\/\/charente.catholique.fr\/nord-charente\/\",\"name\":\"Doyenn\u00e9 Nord Charente - Dioc\u00e8se d'Angoul\u00eame\",\"description\":\"Dioc\u00e8se d&#039;Angoul\u00eame\",\"publisher\":{\"@id\":\"https:\/\/charente.catholique.fr\/nord-charente\/#organization\"},\"potentialAction\":[{\"@type\":\"SearchAction\",\"target\":{\"@type\":\"EntryPoint\",\"urlTemplate\":\"https:\/\/charente.catholique.fr\/nord-charente\/?s={search_term_string}\"},\"query-input\":{\"@type\":\"PropertyValueSpecification\",\"valueRequired\":true,\"valueName\":\"search_term_string\"}}],\"inLanguage\":\"fr-FR\"},{\"@type\":\"Organization\",\"@id\":\"https:\/\/charente.catholique.fr\/nord-charente\/#organization\",\"name\":\"Association dioc\u00e9saine d'Angoul\u00eame\",\"url\":\"https:\/\/charente.catholique.fr\/nord-charente\/\",\"logo\":{\"@type\":\"ImageObject\",\"inLanguage\":\"fr-FR\",\"@id\":\"https:\/\/charente.catholique.fr\/nord-charente\/#\/schema\/logo\/image\/\",\"url\":\"https:\/\/charente.catholique.fr\/nord-charente\/wp-content\/uploads\/sites\/4\/2020\/10\/logos.png\",\"contentUrl\":\"https:\/\/charente.catholique.fr\/nord-charente\/wp-content\/uploads\/sites\/4\/2020\/10\/logos.png\",\"width\":600,\"height\":257,\"caption\":\"Association dioc\u00e9saine d'Angoul\u00eame\"},\"image\":{\"@id\":\"https:\/\/charente.catholique.fr\/nord-charente\/#\/schema\/logo\/image\/\"},\"sameAs\":[\"https:\/\/www.facebook.com\/EgliseCatholiqueCharente\",\"https:\/\/x.com\/diocesecharente\",\"https:\/\/www.instagram.com\/eglisecharente\",\"https:\/\/www.youtube.com\/channel\/UCByyFWApZbw3gDTiADoiAaQ\"]},{\"@type\":\"Person\",\"@id\":\"https:\/\/charente.catholique.fr\/nord-charente\/#\/schema\/person\/51184492e4abba33e5d768059a70f4db\",\"name\":\"joelleayrault\",\"image\":{\"@type\":\"ImageObject\",\"inLanguage\":\"fr-FR\",\"@id\":\"https:\/\/charente.catholique.fr\/nord-charente\/#\/schema\/person\/image\/\",\"url\":\"https:\/\/secure.gravatar.com\/avatar\/3bd3977af99690427d59b19ec7b6bd94226de63be5c368ae8d090f2d7f86dd5f?s=96&d=mm&r=g\",\"contentUrl\":\"https:\/\/secure.gravatar.com\/avatar\/3bd3977af99690427d59b19ec7b6bd94226de63be5c368ae8d090f2d7f86dd5f?s=96&d=mm&r=g\",\"caption\":\"joelleayrault\"},\"url\":\"https:\/\/charente.catholique.fr\/nord-charente\/author\/joelleayrault\/\"}]}<\/script>\n<!-- \/ Yoast SEO plugin. -->","yoast_head_json":{"title":"BAPT\u00caME DE GABRIEL LE 02 JUIN 2024. ANNONCES SEMAINE DU 03 AU 09 JUIN - Doyenn\u00e9 Nord Charente","robots":{"index":"index","follow":"follow","max-snippet":"max-snippet:-1","max-image-preview":"max-image-preview:large","max-video-preview":"max-video-preview:-1"},"canonical":"https:\/\/charente.catholique.fr\/nord-charente\/actualites\/bapteme-de-gabriel-le-02-juin-2024-annonces-semaine-du-03-au-09-juin\/","og_locale":"fr_FR","og_type":"article","og_title":"BAPT\u00caME DE GABRIEL LE 02 JUIN 2024. ANNONCES SEMAINE DU 03 AU 09 JUIN - Doyenn\u00e9 Nord Charente","og_description":"BIENVENUE A NOTRE NOUVEAU PETIT FR\u00c8RE EN CHRIST ! ALL\u00c9LUIA! Annonces des paroisses de Ruffec et Villefagnan Semaine du 3 au 9 Juin Lundi 3 &nbsp;Ruffec &nbsp;14 h 30 &nbsp;18 h &nbsp;Pri\u00e8re du Renouveau \u00e0 l&#8217;oratoire &nbsp;Messe \u00e0 l&#8217;oratoire &nbsp; &nbsp; &nbsp; &nbsp; &nbsp; &nbsp; Mardi 4 &nbsp;Villefagnan &nbsp;9 h 15 &nbsp;Messe \u00e0 l&#8217;oratoire &nbsp;Rencontre [&hellip;]","og_url":"https:\/\/charente.catholique.fr\/nord-charente\/actualites\/bapteme-de-gabriel-le-02-juin-2024-annonces-semaine-du-03-au-09-juin\/","og_site_name":"Doyenn\u00e9 Nord Charente","article_publisher":"https:\/\/www.facebook.com\/EgliseCatholiqueCharente","article_published_time":"2024-06-02T17:18:59+00:00","og_image":[{"width":480,"height":640,"url":"https:\/\/charente.catholique.fr\/nord-charente\/wp-content\/uploads\/sites\/4\/2024\/06\/img_5920.jpg","type":"image\/jpeg"}],"author":"joelleayrault","twitter_card":"summary_large_image","twitter_creator":"@diocesecharente","twitter_site":"@diocesecharente","twitter_misc":{"\u00c9crit par":"joelleayrault","Dur\u00e9e de lecture estim\u00e9e":"3 minutes"},"schema":{"@context":"https:\/\/schema.org","@graph":[{"@type":"Article","@id":"https:\/\/charente.catholique.fr\/nord-charente\/actualites\/bapteme-de-gabriel-le-02-juin-2024-annonces-semaine-du-03-au-09-juin\/#article","isPartOf":{"@id":"https:\/\/charente.catholique.fr\/nord-charente\/actualites\/bapteme-de-gabriel-le-02-juin-2024-annonces-semaine-du-03-au-09-juin\/"},"author":{"name":"joelleayrault","@id":"https:\/\/charente.catholique.fr\/nord-charente\/#\/schema\/person\/51184492e4abba33e5d768059a70f4db"},"headline":"BAPT\u00caME DE GABRIEL LE 02 JUIN 2024. ANNONCES SEMAINE DU 03 AU 09 JUIN","datePublished":"2024-06-02T17:18:59+00:00","mainEntityOfPage":{"@id":"https:\/\/charente.catholique.fr\/nord-charente\/actualites\/bapteme-de-gabriel-le-02-juin-2024-annonces-semaine-du-03-au-09-juin\/"},"wordCount":381,"commentCount":0,"publisher":{"@id":"https:\/\/charente.catholique.fr\/nord-charente\/#organization"},"image":{"@id":"https:\/\/charente.catholique.fr\/nord-charente\/actualites\/bapteme-de-gabriel-le-02-juin-2024-annonces-semaine-du-03-au-09-juin\/#primaryimage"},"thumbnailUrl":"https:\/\/charente.catholique.fr\/nord-charente\/wp-content\/uploads\/sites\/4\/2024\/06\/img_5920.jpg","articleSection":["Actualit\u00e9s"],"inLanguage":"fr-FR","potentialAction":[{"@type":"CommentAction","name":"Comment","target":["https:\/\/charente.catholique.fr\/nord-charente\/actualites\/bapteme-de-gabriel-le-02-juin-2024-annonces-semaine-du-03-au-09-juin\/#respond"]}]},{"@type":"WebPage","@id":"https:\/\/charente.catholique.fr\/nord-charente\/actualites\/bapteme-de-gabriel-le-02-juin-2024-annonces-semaine-du-03-au-09-juin\/","url":"https:\/\/charente.catholique.fr\/nord-charente\/actualites\/bapteme-de-gabriel-le-02-juin-2024-annonces-semaine-du-03-au-09-juin\/","name":"BAPT\u00caME DE GABRIEL LE 02 JUIN 2024. ANNONCES SEMAINE DU 03 AU 09 JUIN - Doyenn\u00e9 Nord Charente","isPartOf":{"@id":"https:\/\/charente.catholique.fr\/nord-charente\/#website"},"primaryImageOfPage":{"@id":"https:\/\/charente.catholique.fr\/nord-charente\/actualites\/bapteme-de-gabriel-le-02-juin-2024-annonces-semaine-du-03-au-09-juin\/#primaryimage"},"image":{"@id":"https:\/\/charente.catholique.fr\/nord-charente\/actualites\/bapteme-de-gabriel-le-02-juin-2024-annonces-semaine-du-03-au-09-juin\/#primaryimage"},"thumbnailUrl":"https:\/\/charente.catholique.fr\/nord-charente\/wp-content\/uploads\/sites\/4\/2024\/06\/img_5920.jpg","datePublished":"2024-06-02T17:18:59+00:00","breadcrumb":{"@id":"https:\/\/charente.catholique.fr\/nord-charente\/actualites\/bapteme-de-gabriel-le-02-juin-2024-annonces-semaine-du-03-au-09-juin\/#breadcrumb"},"inLanguage":"fr-FR","potentialAction":[{"@type":"ReadAction","target":["https:\/\/charente.catholique.fr\/nord-charente\/actualites\/bapteme-de-gabriel-le-02-juin-2024-annonces-semaine-du-03-au-09-juin\/"]}]},{"@type":"ImageObject","inLanguage":"fr-FR","@id":"https:\/\/charente.catholique.fr\/nord-charente\/actualites\/bapteme-de-gabriel-le-02-juin-2024-annonces-semaine-du-03-au-09-juin\/#primaryimage","url":"https:\/\/charente.catholique.fr\/nord-charente\/wp-content\/uploads\/sites\/4\/2024\/06\/img_5920.jpg","contentUrl":"https:\/\/charente.catholique.fr\/nord-charente\/wp-content\/uploads\/sites\/4\/2024\/06\/img_5920.jpg","width":480,"height":640},{"@type":"BreadcrumbList","@id":"https:\/\/charente.catholique.fr\/nord-charente\/actualites\/bapteme-de-gabriel-le-02-juin-2024-annonces-semaine-du-03-au-09-juin\/#breadcrumb","itemListElement":[{"@type":"ListItem","position":1,"name":"Accueil","item":"https:\/\/charente.catholique.fr\/nord-charente\/"},{"@type":"ListItem","position":2,"name":"BAPT\u00caME DE GABRIEL LE 02 JUIN 2024. ANNONCES SEMAINE DU 03 AU 09 JUIN"}]},{"@type":"WebSite","@id":"https:\/\/charente.catholique.fr\/nord-charente\/#website","url":"https:\/\/charente.catholique.fr\/nord-charente\/","name":"Doyenn\u00e9 Nord Charente - Dioc\u00e8se d'Angoul\u00eame","description":"Dioc\u00e8se d&#039;Angoul\u00eame","publisher":{"@id":"https:\/\/charente.catholique.fr\/nord-charente\/#organization"},"potentialAction":[{"@type":"SearchAction","target":{"@type":"EntryPoint","urlTemplate":"https:\/\/charente.catholique.fr\/nord-charente\/?s={search_term_string}"},"query-input":{"@type":"PropertyValueSpecification","valueRequired":true,"valueName":"search_term_string"}}],"inLanguage":"fr-FR"},{"@type":"Organization","@id":"https:\/\/charente.catholique.fr\/nord-charente\/#organization","name":"Association dioc\u00e9saine d'Angoul\u00eame","url":"https:\/\/charente.catholique.fr\/nord-charente\/","logo":{"@type":"ImageObject","inLanguage":"fr-FR","@id":"https:\/\/charente.catholique.fr\/nord-charente\/#\/schema\/logo\/image\/","url":"https:\/\/charente.catholique.fr\/nord-charente\/wp-content\/uploads\/sites\/4\/2020\/10\/logos.png","contentUrl":"https:\/\/charente.catholique.fr\/nord-charente\/wp-content\/uploads\/sites\/4\/2020\/10\/logos.png","width":600,"height":257,"caption":"Association dioc\u00e9saine d'Angoul\u00eame"},"image":{"@id":"https:\/\/charente.catholique.fr\/nord-charente\/#\/schema\/logo\/image\/"},"sameAs":["https:\/\/www.facebook.com\/EgliseCatholiqueCharente","https:\/\/x.com\/diocesecharente","https:\/\/www.instagram.com\/eglisecharente","https:\/\/www.youtube.com\/channel\/UCByyFWApZbw3gDTiADoiAaQ"]},{"@type":"Person","@id":"https:\/\/charente.catholique.fr\/nord-charente\/#\/schema\/person\/51184492e4abba33e5d768059a70f4db","name":"joelleayrault","image":{"@type":"ImageObject","inLanguage":"fr-FR","@id":"https:\/\/charente.catholique.fr\/nord-charente\/#\/schema\/person\/image\/","url":"https:\/\/secure.gravatar.com\/avatar\/3bd3977af99690427d59b19ec7b6bd94226de63be5c368ae8d090f2d7f86dd5f?s=96&d=mm&r=g","contentUrl":"https:\/\/secure.gravatar.com\/avatar\/3bd3977af99690427d59b19ec7b6bd94226de63be5c368ae8d090f2d7f86dd5f?s=96&d=mm&r=g","caption":"joelleayrault"},"url":"https:\/\/charente.catholique.fr\/nord-charente\/author\/joelleayrault\/"}]}},"_links":{"self":[{"href":"https:\/\/charente.catholique.fr\/nord-charente\/wp-json\/wp\/v2\/posts\/6720","targetHints":{"allow":["GET"]}}],"collection":[{"href":"https:\/\/charente.catholique.fr\/nord-charente\/wp-json\/wp\/v2\/posts"}],"about":[{"href":"https:\/\/charente.catholique.fr\/nord-charente\/wp-json\/wp\/v2\/types\/post"}],"author":[{"embeddable":true,"href":"https:\/\/charente.catholique.fr\/nord-charente\/wp-json\/wp\/v2\/users\/38"}],"replies":[{"embeddable":true,"href":"https:\/\/charente.catholique.fr\/nord-charente\/wp-json\/wp\/v2\/comments?post=6720"}],"version-history":[{"count":3,"href":"https:\/\/charente.catholique.fr\/nord-charente\/wp-json\/wp\/v2\/posts\/6720\/revisions"}],"predecessor-version":[{"id":6730,"href":"https:\/\/charente.catholique.fr\/nord-charente\/wp-json\/wp\/v2\/posts\/6720\/revisions\/6730"}],"wp:featuredmedia":[{"embeddable":true,"href":"https:\/\/charente.catholique.fr\/nord-charente\/wp-json\/wp\/v2\/media\/6722"}],"wp:attachment":[{"href":"https:\/\/charente.catholique.fr\/nord-charente\/wp-json\/wp\/v2\/media?parent=6720"}],"wp:term":[{"taxonomy":"category","embeddable":true,"href":"https:\/\/charente.catholique.fr\/nord-charente\/wp-json\/wp\/v2\/categories?post=6720"},{"taxonomy":"post_tag","embeddable":true,"href":"https:\/\/charente.catholique.fr\/nord-charente\/wp-json\/wp\/v2\/tags?post=6720"}],"curies":[{"name":"wp","href":"https:\/\/api.w.org\/{rel}","templated":true}]}}