{"id":6642,"date":"2024-05-24T17:19:17","date_gmt":"2024-05-24T15:19:17","guid":{"rendered":"https:\/\/charente.catholique.fr\/nord-charente\/?p=6642"},"modified":"2024-05-24T17:19:18","modified_gmt":"2024-05-24T15:19:18","slug":"retraite-et-messe-de-1ere-communion-15-et-19-mai-2024","status":"publish","type":"post","link":"https:\/\/charente.catholique.fr\/nord-charente\/actualites\/retraite-et-messe-de-1ere-communion-15-et-19-mai-2024\/","title":{"rendered":"Retraite et messe de  1\u00e8re communion 15 et 19 mai 2024"},"content":{"rendered":"\n<p class=\"has-medium-font-size\">                                                                                                           <strong>Retraite de 1<sup>\u00e8re<\/sup> Communion<\/strong><\/p>\n\n\n\n<p class=\"has-medium-font-size\"><strong>Mercredi 15 mai 2024,<\/strong> n<strong>ous avions rendez-vous \u00e0 la maison paroissiale d\u2019Aigre pour la retraite de premi\u00e8re communion de 10h30 \u00e0 16h, avec les p\u00e8res Gustave, Vincent de Paul et les cat\u00e9chistes : Claire, Le Xuan ,Genevi\u00e8ve , Lise , Jo\u00eblle<br>8 enfants de Aigre et Villefagnan&nbsp; \u00e9taient au rendez-vous. 7 pour pr\u00e9parer leur 1<sup>\u00e8re<\/sup> communion et une plus grande pour les accompagner&nbsp;!<\/strong><\/p>\n\n\n\n<p class=\"has-medium-font-size\"><strong>Nous avons commenc\u00e9 cette belle journ\u00e9e par la messe dans l\u2019oratoire avec la communaut\u00e9, l\u2019\u00e9vangile autour des p\u00e8lerins d\u2019Emma\u00fcs, allait tisser notre rencontre <\/strong>\u2026<\/p>\n\n\n\n<p class=\"has-medium-font-size\"><strong>Vivre la communion&nbsp;! Quelle belle attente et transformation, ne former qu&#8217;un avec Dieu, \u00eatre uni \u00e0 J\u00e9sus, vivre en union avec d\u2019autres chr\u00e9tiens et partager ensemble des choses en commun dans une communaut\u00e9.<\/strong><\/p>\n\n\n\n<p class=\"has-medium-font-size\">L<strong>e d\u00e9jeuner fut une pause de d\u00e9tente bien joyeuse,&nbsp;!Chacun a gout\u00e9 et appr\u00e9ci\u00e9 les mets apport\u00e9s par les uns et les autres&nbsp;!<\/strong><\/p>\n\n\n<div class=\"wp-block-image is-style-rounded\">\n<figure class=\"alignright size-full is-resized\"><img loading=\"lazy\" decoding=\"async\" width=\"480\" height=\"640\" src=\"https:\/\/charente.catholique.fr\/nord-charente\/wp-content\/uploads\/sites\/4\/2024\/05\/IMG_5847.jpg\" alt=\"\" class=\"wp-image-6644\" style=\"width:284px;height:auto\" srcset=\"https:\/\/charente.catholique.fr\/nord-charente\/wp-content\/uploads\/sites\/4\/2024\/05\/IMG_5847.jpg 480w, https:\/\/charente.catholique.fr\/nord-charente\/wp-content\/uploads\/sites\/4\/2024\/05\/IMG_5847-225x300.jpg 225w\" sizes=\"auto, (max-width: 480px) 100vw, 480px\" \/><\/figure>\n<\/div>\n\n\n<figure class=\"wp-block-image size-full is-resized\"><img loading=\"lazy\" decoding=\"async\" width=\"640\" height=\"480\" src=\"https:\/\/charente.catholique.fr\/nord-charente\/wp-content\/uploads\/sites\/4\/2024\/05\/IMG_5812.jpg\" alt=\"\" class=\"wp-image-6643\" style=\"width:404px;height:auto\" srcset=\"https:\/\/charente.catholique.fr\/nord-charente\/wp-content\/uploads\/sites\/4\/2024\/05\/IMG_5812.jpg 640w, https:\/\/charente.catholique.fr\/nord-charente\/wp-content\/uploads\/sites\/4\/2024\/05\/IMG_5812-300x225.jpg 300w\" sizes=\"auto, (max-width: 640px) 100vw, 640px\" \/><\/figure>\n\n\n\n<p class=\"has-medium-font-size\"><strong>L\u2019apr\u00e8s-midi , les enfants se sont pench\u00e9s sur leur livret d\u2019accompagnement , la r\u00e9ception du sacrement de r\u00e9conciliation&nbsp; et la confection de la nappe d\u2019autel pour leur 1<sup>\u00e8re<\/sup> communion.<\/strong><\/p>\n\n\n\n<p class=\"has-medium-font-size\"><strong>Chacun a \u00e9crit une pri\u00e8re d\u2019action de gr\u00e2ce \u00e0 partager avec la communaut\u00e9 ,le 19 mai&nbsp; jour de la 1<sup>\u00e8re<\/sup> communion \u00e0 Villefagnan<\/strong><\/p>\n\n\n\n<p class=\"has-medium-font-size\"><strong>La journ\u00e9e s\u2019est termin\u00e9e \u00e0 l\u2019oratoire autour du sens des gestes \u00e0 la messe et des objets liturgiques. Notamment l\u2019importance de l\u2019hostie, car les enfants la recevront directement dans leurs bouches ou dans leurs mains selon leur choix. Communier c&#8217;est recevoir le Corps du Christ et accepter de former ensemble le Corps du Christ.<\/strong><\/p>\n\n\n\n<p class=\"has-medium-font-size\"><strong>Vraiment une belle journ\u00e9e cette retraite,&nbsp; vivante par son&nbsp; union , son partage, aim\u00e9e par les petits et les grands.&nbsp;Merci \u00e0 tous&nbsp;<\/strong>!<\/p>\n\n\n\n<p><strong>La cat\u00e9ch\u00e8se de Villefagnan<\/strong><\/p>\n\n\n\n<p><\/p>\n\n\n\n<p><\/p>\n\n\n\n<p><\/p>\n\n\n\n<p><img decoding=\"async\" id=\"IMG_5870.jpg\" src=\"https:\/\/mail02.orange.fr\/appsuite\/api\/image\/mail\/picture?folder=default0%2FINBOX&amp;id=188837&amp;uid=IMG_5870.jpg&amp;scaleType=contain&amp;width=800\" alt=\"\"><\/p>\n\n\n\n<p><img decoding=\"async\" id=\"IMG_5867.jpg\" src=\"https:\/\/mail02.orange.fr\/appsuite\/api\/image\/mail\/picture?folder=default0%2FINBOX&amp;id=188837&amp;uid=IMG_5867.jpg&amp;scaleType=contain&amp;width=800\" alt=\"\"><\/p>\n\n\n\n<p><img decoding=\"async\" id=\"IMG_5862.jpg\" src=\"https:\/\/mail02.orange.fr\/appsuite\/api\/image\/mail\/picture?folder=default0%2FINBOX&amp;id=188837&amp;uid=IMG_5862.jpg&amp;scaleType=contain&amp;width=800\" alt=\"\"><\/p>\n\n\n\n<p><img decoding=\"async\" id=\"IMG_5861.jpg\" src=\"https:\/\/mail02.orange.fr\/appsuite\/api\/image\/mail\/picture?folder=default0%2FINBOX&amp;id=188837&amp;uid=IMG_5861.jpg&amp;scaleType=contain&amp;width=800\" alt=\"\"><\/p>\n\n\n\n<p><img decoding=\"async\" id=\"IMG_5850.jpg\" src=\"https:\/\/mail02.orange.fr\/appsuite\/api\/image\/mail\/picture?folder=default0%2FINBOX&amp;id=188837&amp;uid=IMG_5850.jpg&amp;scaleType=contain&amp;width=800\" alt=\"\"><\/p>\n\n\n\n<p><img decoding=\"async\" id=\"IMG_5847.jpg\" src=\"https:\/\/mail02.orange.fr\/appsuite\/api\/image\/mail\/picture?folder=default0%2FINBOX&amp;id=188837&amp;uid=IMG_5847.jpg&amp;scaleType=contain&amp;width=800\" alt=\"\"><\/p>\n\n\n\n<p><img decoding=\"async\" id=\"IMG_5842.jpg\" src=\"https:\/\/mail02.orange.fr\/appsuite\/api\/image\/mail\/picture?folder=default0%2FINBOX&amp;id=188837&amp;uid=IMG_5842.jpg&amp;scaleType=contain&amp;width=800\" alt=\"\"><\/p>\n\n\n\n<p><\/p>\n\n\n\n<p class=\"has-text-align-center has-medium-font-size\"><strong>Messe du 19 mai 2024 1<sup>\u00e8re<\/sup> Communion<\/strong><\/p>\n\n\n<div class=\"wp-block-image is-style-rounded\">\n<figure class=\"aligncenter size-full is-resized\"><img loading=\"lazy\" decoding=\"async\" width=\"480\" height=\"640\" src=\"https:\/\/charente.catholique.fr\/nord-charente\/wp-content\/uploads\/sites\/4\/2024\/05\/IMG_5845-1.jpg\" alt=\"\" class=\"wp-image-6657\" style=\"width:368px;height:auto\" srcset=\"https:\/\/charente.catholique.fr\/nord-charente\/wp-content\/uploads\/sites\/4\/2024\/05\/IMG_5845-1.jpg 480w, https:\/\/charente.catholique.fr\/nord-charente\/wp-content\/uploads\/sites\/4\/2024\/05\/IMG_5845-1-225x300.jpg 225w\" sizes=\"auto, (max-width: 480px) 100vw, 480px\" \/><\/figure>\n<\/div>\n\n\n<p class=\"has-medium-font-size\"><strong>Un nouveau jour en effet s\u2019est l\u00e8v\u00e9 pour ces deux enfants Iris et \u00c9milien le 19 mai , jour de leur 1<sup>\u00e8re<\/sup> communion\u00a0 c\u00e9l\u00e9br\u00e9e par P\u00e8re Vincent de Paul accompagn\u00e9 pa<\/strong>r<\/p>\n\n\n<div class=\"wp-block-image\">\n<figure class=\"aligncenter size-full is-resized\"><img loading=\"lazy\" decoding=\"async\" width=\"480\" height=\"640\" src=\"https:\/\/charente.catholique.fr\/nord-charente\/wp-content\/uploads\/sites\/4\/2024\/05\/IMG_5846-2.jpg\" alt=\"\" class=\"wp-image-6658\" style=\"width:305px;height:auto\" srcset=\"https:\/\/charente.catholique.fr\/nord-charente\/wp-content\/uploads\/sites\/4\/2024\/05\/IMG_5846-2.jpg 480w, https:\/\/charente.catholique.fr\/nord-charente\/wp-content\/uploads\/sites\/4\/2024\/05\/IMG_5846-2-225x300.jpg 225w\" sizes=\"auto, (max-width: 480px) 100vw, 480px\" \/><\/figure>\n<\/div>\n\n\n<p class=\"has-medium-font-size\">&nbsp;                                                      <strong>Claude Amiaud notre diacre toute en joie de revivre sa 1<sup>\u00e8re<\/sup> Communion&nbsp;!<\/strong><\/p>\n\n\n<div class=\"wp-block-image\">\n<figure class=\"aligncenter size-full is-resized\"><img loading=\"lazy\" decoding=\"async\" width=\"480\" height=\"640\" src=\"https:\/\/charente.catholique.fr\/nord-charente\/wp-content\/uploads\/sites\/4\/2024\/05\/IMG_5870-1.jpg\" alt=\"\" class=\"wp-image-6659\" style=\"width:323px;height:auto\" srcset=\"https:\/\/charente.catholique.fr\/nord-charente\/wp-content\/uploads\/sites\/4\/2024\/05\/IMG_5870-1.jpg 480w, https:\/\/charente.catholique.fr\/nord-charente\/wp-content\/uploads\/sites\/4\/2024\/05\/IMG_5870-1-225x300.jpg 225w\" sizes=\"auto, (max-width: 480px) 100vw, 480px\" \/><\/figure>\n<\/div>\n\n<div class=\"wp-block-image\">\n<figure class=\"aligncenter size-full is-resized\"><img loading=\"lazy\" decoding=\"async\" width=\"480\" height=\"640\" src=\"https:\/\/charente.catholique.fr\/nord-charente\/wp-content\/uploads\/sites\/4\/2024\/05\/IMG_5850-2.jpg\" alt=\"\" class=\"wp-image-6660\" style=\"width:328px;height:auto\" srcset=\"https:\/\/charente.catholique.fr\/nord-charente\/wp-content\/uploads\/sites\/4\/2024\/05\/IMG_5850-2.jpg 480w, https:\/\/charente.catholique.fr\/nord-charente\/wp-content\/uploads\/sites\/4\/2024\/05\/IMG_5850-2-225x300.jpg 225w\" sizes=\"auto, (max-width: 480px) 100vw, 480px\" \/><\/figure>\n<\/div>\n\n\n<p class=\"has-medium-font-size\"><strong>Toujours un beau moment pour les familles r\u00e9unies et pour la communaut\u00e9 toute enti\u00e8re d&#8217;accueillir ces enfants qui re\u00e7oivent le corps du Christ pour la premi\u00e8re fois.<\/strong><\/p>\n\n\n\n<p class=\"has-medium-font-size\"><strong>&nbsp;Les chants de la chorale, conduit par Didier Marrot ont r\u00e9sonn\u00e9, embellis par les fleurs qui ornaient&nbsp; l&#8217;\u00e9glise, ont aid\u00e9 au recueillement et \u00e0 la pri\u00e8re des enfants, heureux de t\u00e9moigner de cette nouvelle \u00e9tape dans leur vie chr\u00e9tienne.<\/strong><\/p>\n\n\n\n<p class=\"has-medium-font-size\"><strong>La c\u00e9l\u00e9bration s\u2019est termin\u00e9e autour d\u2019un temps convivial, ensoleill\u00e9&nbsp; sur le parvis&nbsp;!<\/strong><\/p>\n\n\n\n<p class=\"has-medium-font-size\"><strong>F\u00e9licitations ,merci \u00e0 vous chers enfants et ch\u00e8res familles&nbsp;!<\/strong><\/p>\n\n\n\n<p><strong>La cat\u00e9ch\u00e8se de Villefagnan<\/strong><\/p>\n\n\n\n<figure class=\"wp-block-image size-full is-resized\"><img loading=\"lazy\" decoding=\"async\" width=\"480\" height=\"640\" src=\"https:\/\/charente.catholique.fr\/nord-charente\/wp-content\/uploads\/sites\/4\/2024\/05\/IMG_5856-1.jpg\" alt=\"\" class=\"wp-image-6661\" style=\"width:448px;height:auto\" srcset=\"https:\/\/charente.catholique.fr\/nord-charente\/wp-content\/uploads\/sites\/4\/2024\/05\/IMG_5856-1.jpg 480w, https:\/\/charente.catholique.fr\/nord-charente\/wp-content\/uploads\/sites\/4\/2024\/05\/IMG_5856-1-225x300.jpg 225w\" sizes=\"auto, (max-width: 480px) 100vw, 480px\" \/><\/figure>\n\n\n<div class=\"wp-block-image\">\n<figure class=\"alignright size-full is-resized\"><img loading=\"lazy\" decoding=\"async\" width=\"480\" height=\"640\" src=\"https:\/\/charente.catholique.fr\/nord-charente\/wp-content\/uploads\/sites\/4\/2024\/05\/IMG_5842-1.jpg\" alt=\"\" class=\"wp-image-6662\" style=\"width:314px;height:auto\" srcset=\"https:\/\/charente.catholique.fr\/nord-charente\/wp-content\/uploads\/sites\/4\/2024\/05\/IMG_5842-1.jpg 480w, https:\/\/charente.catholique.fr\/nord-charente\/wp-content\/uploads\/sites\/4\/2024\/05\/IMG_5842-1-225x300.jpg 225w\" sizes=\"auto, (max-width: 480px) 100vw, 480px\" \/><\/figure>\n<\/div>\n\n<div class=\"wp-block-image\">\n<figure class=\"alignright size-full is-resized\"><img loading=\"lazy\" decoding=\"async\" width=\"480\" height=\"640\" src=\"https:\/\/charente.catholique.fr\/nord-charente\/wp-content\/uploads\/sites\/4\/2024\/05\/IMG_5862-1.jpg\" alt=\"\" class=\"wp-image-6663\" style=\"width:316px;height:auto\" srcset=\"https:\/\/charente.catholique.fr\/nord-charente\/wp-content\/uploads\/sites\/4\/2024\/05\/IMG_5862-1.jpg 480w, https:\/\/charente.catholique.fr\/nord-charente\/wp-content\/uploads\/sites\/4\/2024\/05\/IMG_5862-1-225x300.jpg 225w\" sizes=\"auto, (max-width: 480px) 100vw, 480px\" \/><\/figure>\n<\/div>\n\n<div class=\"wp-block-image\">\n<figure class=\"alignright size-full is-resized\"><img loading=\"lazy\" decoding=\"async\" width=\"480\" height=\"640\" src=\"https:\/\/charente.catholique.fr\/nord-charente\/wp-content\/uploads\/sites\/4\/2024\/05\/IMG_5861-1.jpg\" alt=\"\" class=\"wp-image-6664\" style=\"width:443px;height:auto\" srcset=\"https:\/\/charente.catholique.fr\/nord-charente\/wp-content\/uploads\/sites\/4\/2024\/05\/IMG_5861-1.jpg 480w, https:\/\/charente.catholique.fr\/nord-charente\/wp-content\/uploads\/sites\/4\/2024\/05\/IMG_5861-1-225x300.jpg 225w\" sizes=\"auto, (max-width: 480px) 100vw, 480px\" \/><\/figure>\n<\/div>\n\n<div class=\"wp-block-image\">\n<figure class=\"alignright size-full is-resized\"><img loading=\"lazy\" decoding=\"async\" width=\"480\" height=\"640\" src=\"https:\/\/charente.catholique.fr\/nord-charente\/wp-content\/uploads\/sites\/4\/2024\/05\/IMG_5847-2.jpg\" alt=\"\" class=\"wp-image-6665\" style=\"width:275px;height:auto\" srcset=\"https:\/\/charente.catholique.fr\/nord-charente\/wp-content\/uploads\/sites\/4\/2024\/05\/IMG_5847-2.jpg 480w, https:\/\/charente.catholique.fr\/nord-charente\/wp-content\/uploads\/sites\/4\/2024\/05\/IMG_5847-2-225x300.jpg 225w\" sizes=\"auto, (max-width: 480px) 100vw, 480px\" \/><\/figure>\n<\/div>\n\n\n<figure class=\"wp-block-image size-full is-resized\"><img loading=\"lazy\" decoding=\"async\" width=\"480\" height=\"640\" src=\"https:\/\/charente.catholique.fr\/nord-charente\/wp-content\/uploads\/sites\/4\/2024\/05\/IMG_5867-1.jpg\" alt=\"\" class=\"wp-image-6666\" style=\"width:428px;height:auto\" srcset=\"https:\/\/charente.catholique.fr\/nord-charente\/wp-content\/uploads\/sites\/4\/2024\/05\/IMG_5867-1.jpg 480w, https:\/\/charente.catholique.fr\/nord-charente\/wp-content\/uploads\/sites\/4\/2024\/05\/IMG_5867-1-225x300.jpg 225w\" sizes=\"auto, (max-width: 480px) 100vw, 480px\" \/><\/figure>\n\n\n<div class=\"wp-block-image\">\n<figure class=\"alignright size-full is-resized\"><img loading=\"lazy\" decoding=\"async\" width=\"480\" height=\"640\" src=\"https:\/\/charente.catholique.fr\/nord-charente\/wp-content\/uploads\/sites\/4\/2024\/05\/IMG_5876.jpg\" alt=\"\" class=\"wp-image-6668\" style=\"width:354px;height:auto\" srcset=\"https:\/\/charente.catholique.fr\/nord-charente\/wp-content\/uploads\/sites\/4\/2024\/05\/IMG_5876.jpg 480w, https:\/\/charente.catholique.fr\/nord-charente\/wp-content\/uploads\/sites\/4\/2024\/05\/IMG_5876-225x300.jpg 225w\" sizes=\"auto, (max-width: 480px) 100vw, 480px\" \/><\/figure>\n<\/div>\n\n\n<figure class=\"wp-block-image size-full is-style-default\"><img loading=\"lazy\" decoding=\"async\" width=\"640\" height=\"480\" src=\"https:\/\/charente.catholique.fr\/nord-charente\/wp-content\/uploads\/sites\/4\/2024\/05\/IMG_5872-4.jpg\" alt=\"\" class=\"wp-image-6671\" srcset=\"https:\/\/charente.catholique.fr\/nord-charente\/wp-content\/uploads\/sites\/4\/2024\/05\/IMG_5872-4.jpg 640w, https:\/\/charente.catholique.fr\/nord-charente\/wp-content\/uploads\/sites\/4\/2024\/05\/IMG_5872-4-300x225.jpg 300w\" sizes=\"auto, (max-width: 640px) 100vw, 640px\" \/><\/figure>\n","protected":false},"excerpt":{"rendered":"<p>Retraite de 1\u00e8re Communion Mercredi 15 mai 2024, nous avions rendez-vous \u00e0 la maison paroissiale d\u2019Aigre pour la retraite de premi\u00e8re communion de 10h30 \u00e0 16h, avec les p\u00e8res Gustave, Vincent de Paul et les cat\u00e9chistes : Claire, Le Xuan ,Genevi\u00e8ve , Lise , Jo\u00eblle8 enfants de Aigre et Villefagnan&nbsp; \u00e9taient au rendez-vous. 7 pour [&hellip;]<\/p>\n","protected":false},"author":38,"featured_media":6661,"comment_status":"open","ping_status":"open","sticky":false,"template":"","format":"standard","meta":{"_acf_changed":false,"paroisse":["14"],"service":["0"],"footnotes":""},"categories":[1],"tags":[],"class_list":["post-6642","post","type-post","status-publish","format-standard","has-post-thumbnail","hentry","category-actualites"],"acf":[],"yoast_head":"<!-- This site is optimized with the Yoast SEO plugin v27.1.1 - https:\/\/yoast.com\/product\/yoast-seo-wordpress\/ -->\n<title>Retraite et messe de 1\u00e8re communion 15 et 19 mai 2024 - Doyenn\u00e9 Nord Charente<\/title>\n<meta name=\"robots\" content=\"index, follow, max-snippet:-1, max-image-preview:large, max-video-preview:-1\" \/>\n<link rel=\"canonical\" href=\"https:\/\/charente.catholique.fr\/nord-charente\/actualites\/retraite-et-messe-de-1ere-communion-15-et-19-mai-2024\/\" \/>\n<meta property=\"og:locale\" content=\"fr_FR\" \/>\n<meta property=\"og:type\" content=\"article\" \/>\n<meta property=\"og:title\" content=\"Retraite et messe de 1\u00e8re communion 15 et 19 mai 2024 - Doyenn\u00e9 Nord Charente\" \/>\n<meta property=\"og:description\" content=\"Retraite de 1\u00e8re Communion Mercredi 15 mai 2024, nous avions rendez-vous \u00e0 la maison paroissiale d\u2019Aigre pour la retraite de premi\u00e8re communion de 10h30 \u00e0 16h, avec les p\u00e8res Gustave, Vincent de Paul et les cat\u00e9chistes : Claire, Le Xuan ,Genevi\u00e8ve , Lise , Jo\u00eblle8 enfants de Aigre et Villefagnan&nbsp; \u00e9taient au rendez-vous. 7 pour [&hellip;]\" \/>\n<meta property=\"og:url\" content=\"https:\/\/charente.catholique.fr\/nord-charente\/actualites\/retraite-et-messe-de-1ere-communion-15-et-19-mai-2024\/\" \/>\n<meta property=\"og:site_name\" content=\"Doyenn\u00e9 Nord Charente\" \/>\n<meta property=\"article:publisher\" content=\"https:\/\/www.facebook.com\/EgliseCatholiqueCharente\" \/>\n<meta property=\"article:published_time\" content=\"2024-05-24T15:19:17+00:00\" \/>\n<meta property=\"article:modified_time\" content=\"2024-05-24T15:19:18+00:00\" \/>\n<meta property=\"og:image\" content=\"https:\/\/charente.catholique.fr\/nord-charente\/wp-content\/uploads\/sites\/4\/2024\/05\/IMG_5856-1.jpg\" \/>\n\t<meta property=\"og:image:width\" content=\"480\" \/>\n\t<meta property=\"og:image:height\" content=\"640\" \/>\n\t<meta property=\"og:image:type\" content=\"image\/jpeg\" \/>\n<meta name=\"author\" content=\"joelleayrault\" \/>\n<meta name=\"twitter:card\" content=\"summary_large_image\" \/>\n<meta name=\"twitter:creator\" content=\"@diocesecharente\" \/>\n<meta name=\"twitter:site\" content=\"@diocesecharente\" \/>\n<meta name=\"twitter:label1\" content=\"\u00c9crit par\" \/>\n\t<meta name=\"twitter:data1\" content=\"joelleayrault\" \/>\n\t<meta name=\"twitter:label2\" content=\"Dur\u00e9e de lecture estim\u00e9e\" \/>\n\t<meta name=\"twitter:data2\" content=\"7 minutes\" \/>\n<script type=\"application\/ld+json\" class=\"yoast-schema-graph\">{\"@context\":\"https:\/\/schema.org\",\"@graph\":[{\"@type\":\"Article\",\"@id\":\"https:\/\/charente.catholique.fr\/nord-charente\/actualites\/retraite-et-messe-de-1ere-communion-15-et-19-mai-2024\/#article\",\"isPartOf\":{\"@id\":\"https:\/\/charente.catholique.fr\/nord-charente\/actualites\/retraite-et-messe-de-1ere-communion-15-et-19-mai-2024\/\"},\"author\":{\"name\":\"joelleayrault\",\"@id\":\"https:\/\/charente.catholique.fr\/nord-charente\/#\/schema\/person\/51184492e4abba33e5d768059a70f4db\"},\"headline\":\"Retraite et messe de 1\u00e8re communion 15 et 19 mai 2024\",\"datePublished\":\"2024-05-24T15:19:17+00:00\",\"dateModified\":\"2024-05-24T15:19:18+00:00\",\"mainEntityOfPage\":{\"@id\":\"https:\/\/charente.catholique.fr\/nord-charente\/actualites\/retraite-et-messe-de-1ere-communion-15-et-19-mai-2024\/\"},\"wordCount\":488,\"commentCount\":0,\"publisher\":{\"@id\":\"https:\/\/charente.catholique.fr\/nord-charente\/#organization\"},\"image\":{\"@id\":\"https:\/\/charente.catholique.fr\/nord-charente\/actualites\/retraite-et-messe-de-1ere-communion-15-et-19-mai-2024\/#primaryimage\"},\"thumbnailUrl\":\"https:\/\/charente.catholique.fr\/nord-charente\/wp-content\/uploads\/sites\/4\/2024\/05\/IMG_5856-1.jpg\",\"articleSection\":[\"Actualit\u00e9s\"],\"inLanguage\":\"fr-FR\",\"potentialAction\":[{\"@type\":\"CommentAction\",\"name\":\"Comment\",\"target\":[\"https:\/\/charente.catholique.fr\/nord-charente\/actualites\/retraite-et-messe-de-1ere-communion-15-et-19-mai-2024\/#respond\"]}]},{\"@type\":\"WebPage\",\"@id\":\"https:\/\/charente.catholique.fr\/nord-charente\/actualites\/retraite-et-messe-de-1ere-communion-15-et-19-mai-2024\/\",\"url\":\"https:\/\/charente.catholique.fr\/nord-charente\/actualites\/retraite-et-messe-de-1ere-communion-15-et-19-mai-2024\/\",\"name\":\"Retraite et messe de 1\u00e8re communion 15 et 19 mai 2024 - Doyenn\u00e9 Nord Charente\",\"isPartOf\":{\"@id\":\"https:\/\/charente.catholique.fr\/nord-charente\/#website\"},\"primaryImageOfPage\":{\"@id\":\"https:\/\/charente.catholique.fr\/nord-charente\/actualites\/retraite-et-messe-de-1ere-communion-15-et-19-mai-2024\/#primaryimage\"},\"image\":{\"@id\":\"https:\/\/charente.catholique.fr\/nord-charente\/actualites\/retraite-et-messe-de-1ere-communion-15-et-19-mai-2024\/#primaryimage\"},\"thumbnailUrl\":\"https:\/\/charente.catholique.fr\/nord-charente\/wp-content\/uploads\/sites\/4\/2024\/05\/IMG_5856-1.jpg\",\"datePublished\":\"2024-05-24T15:19:17+00:00\",\"dateModified\":\"2024-05-24T15:19:18+00:00\",\"breadcrumb\":{\"@id\":\"https:\/\/charente.catholique.fr\/nord-charente\/actualites\/retraite-et-messe-de-1ere-communion-15-et-19-mai-2024\/#breadcrumb\"},\"inLanguage\":\"fr-FR\",\"potentialAction\":[{\"@type\":\"ReadAction\",\"target\":[\"https:\/\/charente.catholique.fr\/nord-charente\/actualites\/retraite-et-messe-de-1ere-communion-15-et-19-mai-2024\/\"]}]},{\"@type\":\"ImageObject\",\"inLanguage\":\"fr-FR\",\"@id\":\"https:\/\/charente.catholique.fr\/nord-charente\/actualites\/retraite-et-messe-de-1ere-communion-15-et-19-mai-2024\/#primaryimage\",\"url\":\"https:\/\/charente.catholique.fr\/nord-charente\/wp-content\/uploads\/sites\/4\/2024\/05\/IMG_5856-1.jpg\",\"contentUrl\":\"https:\/\/charente.catholique.fr\/nord-charente\/wp-content\/uploads\/sites\/4\/2024\/05\/IMG_5856-1.jpg\",\"width\":480,\"height\":640},{\"@type\":\"BreadcrumbList\",\"@id\":\"https:\/\/charente.catholique.fr\/nord-charente\/actualites\/retraite-et-messe-de-1ere-communion-15-et-19-mai-2024\/#breadcrumb\",\"itemListElement\":[{\"@type\":\"ListItem\",\"position\":1,\"name\":\"Accueil\",\"item\":\"https:\/\/charente.catholique.fr\/nord-charente\/\"},{\"@type\":\"ListItem\",\"position\":2,\"name\":\"Retraite et messe de 1\u00e8re communion 15 et 19 mai 2024\"}]},{\"@type\":\"WebSite\",\"@id\":\"https:\/\/charente.catholique.fr\/nord-charente\/#website\",\"url\":\"https:\/\/charente.catholique.fr\/nord-charente\/\",\"name\":\"Doyenn\u00e9 Nord Charente - Dioc\u00e8se d'Angoul\u00eame\",\"description\":\"Dioc\u00e8se d&#039;Angoul\u00eame\",\"publisher\":{\"@id\":\"https:\/\/charente.catholique.fr\/nord-charente\/#organization\"},\"potentialAction\":[{\"@type\":\"SearchAction\",\"target\":{\"@type\":\"EntryPoint\",\"urlTemplate\":\"https:\/\/charente.catholique.fr\/nord-charente\/?s={search_term_string}\"},\"query-input\":{\"@type\":\"PropertyValueSpecification\",\"valueRequired\":true,\"valueName\":\"search_term_string\"}}],\"inLanguage\":\"fr-FR\"},{\"@type\":\"Organization\",\"@id\":\"https:\/\/charente.catholique.fr\/nord-charente\/#organization\",\"name\":\"Association dioc\u00e9saine d'Angoul\u00eame\",\"url\":\"https:\/\/charente.catholique.fr\/nord-charente\/\",\"logo\":{\"@type\":\"ImageObject\",\"inLanguage\":\"fr-FR\",\"@id\":\"https:\/\/charente.catholique.fr\/nord-charente\/#\/schema\/logo\/image\/\",\"url\":\"https:\/\/charente.catholique.fr\/nord-charente\/wp-content\/uploads\/sites\/4\/2020\/10\/logos.png\",\"contentUrl\":\"https:\/\/charente.catholique.fr\/nord-charente\/wp-content\/uploads\/sites\/4\/2020\/10\/logos.png\",\"width\":600,\"height\":257,\"caption\":\"Association dioc\u00e9saine d'Angoul\u00eame\"},\"image\":{\"@id\":\"https:\/\/charente.catholique.fr\/nord-charente\/#\/schema\/logo\/image\/\"},\"sameAs\":[\"https:\/\/www.facebook.com\/EgliseCatholiqueCharente\",\"https:\/\/x.com\/diocesecharente\",\"https:\/\/www.instagram.com\/eglisecharente\",\"https:\/\/www.youtube.com\/channel\/UCByyFWApZbw3gDTiADoiAaQ\"]},{\"@type\":\"Person\",\"@id\":\"https:\/\/charente.catholique.fr\/nord-charente\/#\/schema\/person\/51184492e4abba33e5d768059a70f4db\",\"name\":\"joelleayrault\",\"image\":{\"@type\":\"ImageObject\",\"inLanguage\":\"fr-FR\",\"@id\":\"https:\/\/charente.catholique.fr\/nord-charente\/#\/schema\/person\/image\/\",\"url\":\"https:\/\/secure.gravatar.com\/avatar\/3bd3977af99690427d59b19ec7b6bd94226de63be5c368ae8d090f2d7f86dd5f?s=96&d=mm&r=g\",\"contentUrl\":\"https:\/\/secure.gravatar.com\/avatar\/3bd3977af99690427d59b19ec7b6bd94226de63be5c368ae8d090f2d7f86dd5f?s=96&d=mm&r=g\",\"caption\":\"joelleayrault\"},\"url\":\"https:\/\/charente.catholique.fr\/nord-charente\/author\/joelleayrault\/\"}]}<\/script>\n<!-- \/ Yoast SEO plugin. -->","yoast_head_json":{"title":"Retraite et messe de 1\u00e8re communion 15 et 19 mai 2024 - Doyenn\u00e9 Nord Charente","robots":{"index":"index","follow":"follow","max-snippet":"max-snippet:-1","max-image-preview":"max-image-preview:large","max-video-preview":"max-video-preview:-1"},"canonical":"https:\/\/charente.catholique.fr\/nord-charente\/actualites\/retraite-et-messe-de-1ere-communion-15-et-19-mai-2024\/","og_locale":"fr_FR","og_type":"article","og_title":"Retraite et messe de 1\u00e8re communion 15 et 19 mai 2024 - Doyenn\u00e9 Nord Charente","og_description":"Retraite de 1\u00e8re Communion Mercredi 15 mai 2024, nous avions rendez-vous \u00e0 la maison paroissiale d\u2019Aigre pour la retraite de premi\u00e8re communion de 10h30 \u00e0 16h, avec les p\u00e8res Gustave, Vincent de Paul et les cat\u00e9chistes : Claire, Le Xuan ,Genevi\u00e8ve , Lise , Jo\u00eblle8 enfants de Aigre et Villefagnan&nbsp; \u00e9taient au rendez-vous. 7 pour [&hellip;]","og_url":"https:\/\/charente.catholique.fr\/nord-charente\/actualites\/retraite-et-messe-de-1ere-communion-15-et-19-mai-2024\/","og_site_name":"Doyenn\u00e9 Nord Charente","article_publisher":"https:\/\/www.facebook.com\/EgliseCatholiqueCharente","article_published_time":"2024-05-24T15:19:17+00:00","article_modified_time":"2024-05-24T15:19:18+00:00","og_image":[{"width":480,"height":640,"url":"https:\/\/charente.catholique.fr\/nord-charente\/wp-content\/uploads\/sites\/4\/2024\/05\/IMG_5856-1.jpg","type":"image\/jpeg"}],"author":"joelleayrault","twitter_card":"summary_large_image","twitter_creator":"@diocesecharente","twitter_site":"@diocesecharente","twitter_misc":{"\u00c9crit par":"joelleayrault","Dur\u00e9e de lecture estim\u00e9e":"7 minutes"},"schema":{"@context":"https:\/\/schema.org","@graph":[{"@type":"Article","@id":"https:\/\/charente.catholique.fr\/nord-charente\/actualites\/retraite-et-messe-de-1ere-communion-15-et-19-mai-2024\/#article","isPartOf":{"@id":"https:\/\/charente.catholique.fr\/nord-charente\/actualites\/retraite-et-messe-de-1ere-communion-15-et-19-mai-2024\/"},"author":{"name":"joelleayrault","@id":"https:\/\/charente.catholique.fr\/nord-charente\/#\/schema\/person\/51184492e4abba33e5d768059a70f4db"},"headline":"Retraite et messe de 1\u00e8re communion 15 et 19 mai 2024","datePublished":"2024-05-24T15:19:17+00:00","dateModified":"2024-05-24T15:19:18+00:00","mainEntityOfPage":{"@id":"https:\/\/charente.catholique.fr\/nord-charente\/actualites\/retraite-et-messe-de-1ere-communion-15-et-19-mai-2024\/"},"wordCount":488,"commentCount":0,"publisher":{"@id":"https:\/\/charente.catholique.fr\/nord-charente\/#organization"},"image":{"@id":"https:\/\/charente.catholique.fr\/nord-charente\/actualites\/retraite-et-messe-de-1ere-communion-15-et-19-mai-2024\/#primaryimage"},"thumbnailUrl":"https:\/\/charente.catholique.fr\/nord-charente\/wp-content\/uploads\/sites\/4\/2024\/05\/IMG_5856-1.jpg","articleSection":["Actualit\u00e9s"],"inLanguage":"fr-FR","potentialAction":[{"@type":"CommentAction","name":"Comment","target":["https:\/\/charente.catholique.fr\/nord-charente\/actualites\/retraite-et-messe-de-1ere-communion-15-et-19-mai-2024\/#respond"]}]},{"@type":"WebPage","@id":"https:\/\/charente.catholique.fr\/nord-charente\/actualites\/retraite-et-messe-de-1ere-communion-15-et-19-mai-2024\/","url":"https:\/\/charente.catholique.fr\/nord-charente\/actualites\/retraite-et-messe-de-1ere-communion-15-et-19-mai-2024\/","name":"Retraite et messe de 1\u00e8re communion 15 et 19 mai 2024 - Doyenn\u00e9 Nord Charente","isPartOf":{"@id":"https:\/\/charente.catholique.fr\/nord-charente\/#website"},"primaryImageOfPage":{"@id":"https:\/\/charente.catholique.fr\/nord-charente\/actualites\/retraite-et-messe-de-1ere-communion-15-et-19-mai-2024\/#primaryimage"},"image":{"@id":"https:\/\/charente.catholique.fr\/nord-charente\/actualites\/retraite-et-messe-de-1ere-communion-15-et-19-mai-2024\/#primaryimage"},"thumbnailUrl":"https:\/\/charente.catholique.fr\/nord-charente\/wp-content\/uploads\/sites\/4\/2024\/05\/IMG_5856-1.jpg","datePublished":"2024-05-24T15:19:17+00:00","dateModified":"2024-05-24T15:19:18+00:00","breadcrumb":{"@id":"https:\/\/charente.catholique.fr\/nord-charente\/actualites\/retraite-et-messe-de-1ere-communion-15-et-19-mai-2024\/#breadcrumb"},"inLanguage":"fr-FR","potentialAction":[{"@type":"ReadAction","target":["https:\/\/charente.catholique.fr\/nord-charente\/actualites\/retraite-et-messe-de-1ere-communion-15-et-19-mai-2024\/"]}]},{"@type":"ImageObject","inLanguage":"fr-FR","@id":"https:\/\/charente.catholique.fr\/nord-charente\/actualites\/retraite-et-messe-de-1ere-communion-15-et-19-mai-2024\/#primaryimage","url":"https:\/\/charente.catholique.fr\/nord-charente\/wp-content\/uploads\/sites\/4\/2024\/05\/IMG_5856-1.jpg","contentUrl":"https:\/\/charente.catholique.fr\/nord-charente\/wp-content\/uploads\/sites\/4\/2024\/05\/IMG_5856-1.jpg","width":480,"height":640},{"@type":"BreadcrumbList","@id":"https:\/\/charente.catholique.fr\/nord-charente\/actualites\/retraite-et-messe-de-1ere-communion-15-et-19-mai-2024\/#breadcrumb","itemListElement":[{"@type":"ListItem","position":1,"name":"Accueil","item":"https:\/\/charente.catholique.fr\/nord-charente\/"},{"@type":"ListItem","position":2,"name":"Retraite et messe de 1\u00e8re communion 15 et 19 mai 2024"}]},{"@type":"WebSite","@id":"https:\/\/charente.catholique.fr\/nord-charente\/#website","url":"https:\/\/charente.catholique.fr\/nord-charente\/","name":"Doyenn\u00e9 Nord Charente - Dioc\u00e8se d'Angoul\u00eame","description":"Dioc\u00e8se d&#039;Angoul\u00eame","publisher":{"@id":"https:\/\/charente.catholique.fr\/nord-charente\/#organization"},"potentialAction":[{"@type":"SearchAction","target":{"@type":"EntryPoint","urlTemplate":"https:\/\/charente.catholique.fr\/nord-charente\/?s={search_term_string}"},"query-input":{"@type":"PropertyValueSpecification","valueRequired":true,"valueName":"search_term_string"}}],"inLanguage":"fr-FR"},{"@type":"Organization","@id":"https:\/\/charente.catholique.fr\/nord-charente\/#organization","name":"Association dioc\u00e9saine d'Angoul\u00eame","url":"https:\/\/charente.catholique.fr\/nord-charente\/","logo":{"@type":"ImageObject","inLanguage":"fr-FR","@id":"https:\/\/charente.catholique.fr\/nord-charente\/#\/schema\/logo\/image\/","url":"https:\/\/charente.catholique.fr\/nord-charente\/wp-content\/uploads\/sites\/4\/2020\/10\/logos.png","contentUrl":"https:\/\/charente.catholique.fr\/nord-charente\/wp-content\/uploads\/sites\/4\/2020\/10\/logos.png","width":600,"height":257,"caption":"Association dioc\u00e9saine d'Angoul\u00eame"},"image":{"@id":"https:\/\/charente.catholique.fr\/nord-charente\/#\/schema\/logo\/image\/"},"sameAs":["https:\/\/www.facebook.com\/EgliseCatholiqueCharente","https:\/\/x.com\/diocesecharente","https:\/\/www.instagram.com\/eglisecharente","https:\/\/www.youtube.com\/channel\/UCByyFWApZbw3gDTiADoiAaQ"]},{"@type":"Person","@id":"https:\/\/charente.catholique.fr\/nord-charente\/#\/schema\/person\/51184492e4abba33e5d768059a70f4db","name":"joelleayrault","image":{"@type":"ImageObject","inLanguage":"fr-FR","@id":"https:\/\/charente.catholique.fr\/nord-charente\/#\/schema\/person\/image\/","url":"https:\/\/secure.gravatar.com\/avatar\/3bd3977af99690427d59b19ec7b6bd94226de63be5c368ae8d090f2d7f86dd5f?s=96&d=mm&r=g","contentUrl":"https:\/\/secure.gravatar.com\/avatar\/3bd3977af99690427d59b19ec7b6bd94226de63be5c368ae8d090f2d7f86dd5f?s=96&d=mm&r=g","caption":"joelleayrault"},"url":"https:\/\/charente.catholique.fr\/nord-charente\/author\/joelleayrault\/"}]}},"_links":{"self":[{"href":"https:\/\/charente.catholique.fr\/nord-charente\/wp-json\/wp\/v2\/posts\/6642","targetHints":{"allow":["GET"]}}],"collection":[{"href":"https:\/\/charente.catholique.fr\/nord-charente\/wp-json\/wp\/v2\/posts"}],"about":[{"href":"https:\/\/charente.catholique.fr\/nord-charente\/wp-json\/wp\/v2\/types\/post"}],"author":[{"embeddable":true,"href":"https:\/\/charente.catholique.fr\/nord-charente\/wp-json\/wp\/v2\/users\/38"}],"replies":[{"embeddable":true,"href":"https:\/\/charente.catholique.fr\/nord-charente\/wp-json\/wp\/v2\/comments?post=6642"}],"version-history":[{"count":4,"href":"https:\/\/charente.catholique.fr\/nord-charente\/wp-json\/wp\/v2\/posts\/6642\/revisions"}],"predecessor-version":[{"id":6675,"href":"https:\/\/charente.catholique.fr\/nord-charente\/wp-json\/wp\/v2\/posts\/6642\/revisions\/6675"}],"wp:featuredmedia":[{"embeddable":true,"href":"https:\/\/charente.catholique.fr\/nord-charente\/wp-json\/wp\/v2\/media\/6661"}],"wp:attachment":[{"href":"https:\/\/charente.catholique.fr\/nord-charente\/wp-json\/wp\/v2\/media?parent=6642"}],"wp:term":[{"taxonomy":"category","embeddable":true,"href":"https:\/\/charente.catholique.fr\/nord-charente\/wp-json\/wp\/v2\/categories?post=6642"},{"taxonomy":"post_tag","embeddable":true,"href":"https:\/\/charente.catholique.fr\/nord-charente\/wp-json\/wp\/v2\/tags?post=6642"}],"curies":[{"name":"wp","href":"https:\/\/api.w.org\/{rel}","templated":true}]}}