{"id":6619,"date":"2024-05-15T18:26:32","date_gmt":"2024-05-15T16:26:32","guid":{"rendered":"https:\/\/charente.catholique.fr\/nord-charente\/?p=6619"},"modified":"2024-05-15T18:26:33","modified_gmt":"2024-05-15T16:26:33","slug":"annoncessemaine-du-13-au-19-mai-2024","status":"publish","type":"post","link":"https:\/\/charente.catholique.fr\/nord-charente\/actualites\/annoncessemaine-du-13-au-19-mai-2024\/","title":{"rendered":"ANNONCES:Semaine du 13 au 19 Mai 2024"},"content":{"rendered":"\n<figure class=\"wp-block-table\"><table><tbody><tr><td>Lundi 13<\/td><td>&nbsp;Ruffec<\/td><td>&nbsp;14 h 30 &nbsp;18 h<\/td><td>&nbsp;Pri\u00e8re du Renouveau \u00e0 l\u2019oratoire &nbsp;Messe \u00e0 l\u2019oratoire<\/td><\/tr><tr><td rowspan=\"2\">Mardi 14<\/td><td>&nbsp;<strong>Villefagnan<\/strong><strong><\/strong><\/td><td><strong>&nbsp;<\/strong><strong>9 h 15<\/strong><strong><\/strong><\/td><td><strong>&nbsp;<\/strong><strong>Messe \u00e0 l&#8217;oratoire<\/strong><strong><\/strong><\/td><\/tr><tr><td>&nbsp;Ruffec<strong><\/strong> <strong>&nbsp;<\/strong><\/td><td>&nbsp;18 h 30 &nbsp;14 h 30 <strong><\/strong> <strong>&nbsp;<\/strong><\/td><td>&nbsp;Messe \u00e0 l&#8217;\u00e9glise &nbsp;Pri\u00e8re du Rosaire chez Madame LAVAUD<strong><\/strong><\/td><\/tr><tr><td rowspan=\"2\">Mercredi 15<\/td><td>&nbsp;Aigre<\/td><td>&nbsp;10 h 30 &nbsp;11 h<\/td><td>&nbsp;Retraite pour les enfants de premi\u00e8re communion de Villefagnan &nbsp;Messe \u00e0 l\u2019oratoire<\/td><\/tr><tr><td>&nbsp;Ruffec<\/td><td>&nbsp;18 h<\/td><td>&nbsp;Messe \u00e0 l&#8217;\u00e9glise<\/td><\/tr><tr><td rowspan=\"2\">Jeudi 16<\/td><td>&nbsp;Nanteuil<\/td><td>&nbsp;15 h 30<\/td><td>&nbsp;Messe au Val des Sources<\/td><\/tr><tr><td>&nbsp;Ruffec &nbsp;<\/td><td>&nbsp;18 h &nbsp;20 h<\/td><td>&nbsp;Messe suivie de l&#8217;Adoration &nbsp;Rencontre de l\u2019EAP<\/td><\/tr><tr><td rowspan=\"3\">Vendredi 17&nbsp; &nbsp;<\/td><td>&nbsp;Ruffec<\/td><td>&nbsp;9 h &nbsp;12 h 10 &nbsp;14 h 30<\/td><td>&nbsp;Messe \u00e0 l\u2019\u00e9glise &nbsp;Messe \u00e0 la chapelle du coll\u00e8ge du Sacr\u00e9-C\u0153ur &nbsp;R\u00e9p\u00e9tition de chants \u00e0 l\u2019oratoire<\/td><\/tr><tr><td>&nbsp;<\/td><td>&nbsp;<\/td><td>&nbsp;&nbsp;<\/td><\/tr><tr><td>&nbsp;<\/td><td>&nbsp;<\/td><td>&nbsp;<\/td><\/tr><tr><td rowspan=\"5\">Samedi 18<\/td><td>&nbsp;Ruffec<\/td><td>9 h 30<\/td><td>Confessions \u00e0 l\u2019\u00e9glise.<\/td><\/tr><tr><td>&nbsp;<strong>Villefagnan <\/strong><strong><\/strong><\/td><td>&nbsp;<strong>10 h<\/strong><strong><\/strong><\/td><td>&nbsp;<strong>Cat\u00e9 et Eveil \u00e0 la foi au presbyt\u00e8re<\/strong><strong><\/strong><\/td><\/tr><tr><td><strong>&nbsp;<\/strong><strong>Londigny<\/strong><\/td><td><strong>&nbsp;11 h<\/strong><\/td><td><strong>&nbsp;Chapelet pour les vocations sacerdotales et religieuses<\/strong><\/td><\/tr><tr><td>&nbsp;Tourriers, Verteuil<\/td><td>18 h 30<\/td><td>&nbsp;Messes anticip\u00e9es<\/td><\/tr><tr><td>&nbsp;\u00cele Madame<\/td><td>&nbsp;<\/td><td>&nbsp;P\u00e8lerinage pour les vocations<\/td><\/tr><tr><td>Dimanche 19 Pentec\u00f4te<\/td><td><strong>&nbsp;Aigre Mansle Ruffec <\/strong><strong><\/strong> <strong>&nbsp;Villefagnan <\/strong><strong><\/strong> <strong>&nbsp;<\/strong>\u00cele Madame &nbsp;<\/td><td>&nbsp;10 h 30<\/td><td>&nbsp;Messes dominicales&nbsp; &nbsp;Premi\u00e8re communion \u00e0 Villefagnan &nbsp;P\u00e8lerinage pour les vocations &nbsp;&nbsp;&nbsp;&nbsp;&nbsp;&nbsp;&nbsp;&nbsp;&nbsp;&nbsp;&nbsp;&nbsp;&nbsp;&nbsp;&nbsp;&nbsp;&nbsp;&nbsp;&nbsp;&nbsp;&nbsp;&nbsp;&nbsp;&nbsp;&nbsp;&nbsp;&nbsp;&nbsp;&nbsp;&nbsp;&nbsp;&nbsp;&nbsp;&nbsp;&nbsp;&nbsp;&nbsp;&nbsp;&nbsp;&nbsp;&nbsp;&nbsp;&nbsp;<\/td><\/tr><tr><td>&nbsp;<\/td><td>&nbsp;<\/td><td>&nbsp;<\/td><td>&nbsp;<\/td><\/tr><\/tbody><\/table><\/figure>\n\n\n\n<p>Toutes infos&nbsp;: 05 45 29 01 72 \/ <a href=\"https:\/\/nordcharente.catholique.fr\/\">https:\/\/nordcharente.catholique.fr<\/a><\/p>\n\n\n\n<p>Presbyt\u00e8re de Villefagnan&nbsp;: 5 rue Patient 16240 Villefagnan&nbsp;: 05 45 31 61 07 \/ mail&nbsp;: paroisse.villefagnan@outlook.com<strong><\/strong><\/p>\n\n\n\n<figure class=\"wp-block-table\"><table><tbody><tr><td><strong>Rappel \u00e0 Dieu de Mr ROUSSEAU et de Mr Christian REMONDET<\/strong><\/td><\/tr><\/tbody><\/table><\/figure>\n\n\n\n<p><strong><u>RAPPEL<\/u><em>\u00a0: PELERINAGE PROVINCIAL \u00e0 l\u2019ILE MADAME<\/em> \u00e0 la Pentec\u00f4te\u00a0les 19 et 20\u00a0 Mai<\/strong><\/p>\n\n\n\n<p><strong><u>Retour sur le p\u00e9l\u00e9 du 1<sup>er<\/sup> Mai \u00e0 Aizecq<\/u><\/strong><\/p>\n\n\n\n<p>Ce 1<sup>er<\/sup> Mai&nbsp; les charentais \u00e9taient convi\u00e9s \u00e0 une journ\u00e9e festive \u00e0 Aizecq autour de notre \u00e9v\u00eaque, des pr\u00eatres de notre doyenn\u00e9, ceux venus d\u2019ailleurs, des diacres . Ce rendez-vous \u00e9tait une invitation \u00e0 comm\u00e9morer les 40 ans de canonisation de notre saint Charentais \u00ab&nbsp; Pierre Auma\u00eetre&nbsp;\u00bb et celle des martyrs de Cor\u00e9e<\/p>\n\n\n\n<p>Malgr\u00e9 une m\u00e9t\u00e9o capricieuse et arros\u00e9e les plus courageux se sont risqu\u00e9s \u00e0 se mettre en route pour une matin\u00e9e de marche&nbsp;. Apr\u00e8s le &nbsp;mot d\u2019accueil et l\u2019invitation \u00e0 la pri\u00e8re du p\u00e8re Michel Granger, la b\u00e9n\u00e9diction de Mgr Gosselin, la distribution des feuilles pr\u00e9par\u00e9es par Marie Merle , notre assistante de doyenn\u00e9, chacun se met en route vers le cimeti\u00e8re du village.&nbsp; &nbsp;&nbsp;&nbsp;&nbsp;&nbsp;<\/p>\n\n\n\n<p>Premier arr\u00eat dans ce lieu du village o\u00f9 reposent, dans l\u2019attente de la r\u00e9surrection, les parents de&nbsp; St Pierre Auma\u00eetre Temps de pri\u00e8re, chant, recueillement et d\u00e9p\u00f4t sur leur tombe d\u2019une feuille dor\u00e9e, par le biais de \u00ab&nbsp;ces palmes&nbsp;\u00bb dira monseigneur Gosselin &nbsp;nous leur confions nos pr\u00eatres, nos familles. &nbsp;&nbsp;&nbsp;&nbsp;&nbsp;&nbsp;&nbsp;&nbsp;&nbsp;&nbsp;&nbsp;&nbsp;&nbsp;&nbsp;&nbsp;&nbsp;&nbsp;&nbsp;&nbsp;&nbsp;&nbsp;&nbsp;&nbsp;&nbsp;&nbsp;&nbsp;&nbsp;&nbsp;&nbsp;&nbsp;&nbsp;&nbsp;&nbsp;&nbsp;&nbsp;&nbsp;&nbsp;&nbsp;&nbsp;&nbsp;&nbsp;&nbsp;&nbsp;&nbsp;&nbsp;&nbsp;&nbsp;&nbsp;&nbsp;&nbsp;&nbsp;&nbsp;&nbsp;&nbsp;&nbsp;&nbsp;&nbsp;&nbsp;&nbsp;&nbsp;&nbsp;&nbsp;&nbsp;&nbsp;&nbsp;&nbsp;&nbsp;&nbsp;&nbsp;&nbsp;&nbsp;&nbsp;&nbsp;&nbsp;&nbsp;&nbsp;&nbsp;&nbsp;&nbsp;&nbsp;&nbsp;&nbsp;&nbsp;&nbsp;&nbsp;&nbsp;&nbsp;&nbsp;&nbsp;&nbsp;&nbsp;&nbsp;&nbsp;&nbsp;&nbsp;&nbsp;&nbsp;&nbsp;&nbsp;&nbsp;&nbsp;&nbsp;&nbsp;&nbsp;&nbsp;&nbsp;&nbsp;&nbsp;&nbsp;&nbsp;&nbsp;&nbsp;&nbsp;&nbsp;&nbsp;&nbsp;&nbsp;&nbsp;&nbsp;&nbsp;Puis lentement la marche reprends en direction de la maison natale de la famille.&nbsp; &nbsp;<\/p>\n\n\n\n<p>Deuxi\u00e8me arr\u00eat dans l\u2019 habitation, tr\u00e8s v\u00e9tuste, o\u00f9 v\u00e9curent le couple&nbsp;: Pierre et Catherine et leurs 5 enfants . Ce lieu de vie simple, mais aussi lieu o\u00f9 a germ\u00e9 la vocation de Pierre au sein d\u2019une famille de paysans, nous accueille et nous invite \u00e0 nous plonger dans la r\u00e9alit\u00e9 de leur v\u00e9cu . Dehors, devant la maison , quand les arbres n\u2019ont pas encore de feuilles, se dessine le clocher de l\u2019\u00e9glise ; nous pouvons imaginer combien Pierre Auma\u00eetre a d\u00fb&nbsp; le contempler et y aller prier .&nbsp;&nbsp;&nbsp;&nbsp;&nbsp;&nbsp;&nbsp;&nbsp;&nbsp;&nbsp;&nbsp;&nbsp;&nbsp;&nbsp;&nbsp;&nbsp;&nbsp;&nbsp;&nbsp;&nbsp;&nbsp; &nbsp;&nbsp;&nbsp;&nbsp;&nbsp;&nbsp;&nbsp;&nbsp;&nbsp;&nbsp;&nbsp;&nbsp;&nbsp;&nbsp;&nbsp;&nbsp;&nbsp;&nbsp;&nbsp;&nbsp;&nbsp;&nbsp;&nbsp;&nbsp;&nbsp;&nbsp;&nbsp;&nbsp;&nbsp;&nbsp;&nbsp;&nbsp;&nbsp;&nbsp;&nbsp;&nbsp;&nbsp;&nbsp;&nbsp;&nbsp;&nbsp;&nbsp;&nbsp;&nbsp;&nbsp;&nbsp;&nbsp;&nbsp;&nbsp;&nbsp;&nbsp;&nbsp;&nbsp;&nbsp;&nbsp;&nbsp;&nbsp;&nbsp;&nbsp;&nbsp;&nbsp;&nbsp;&nbsp;&nbsp;&nbsp;&nbsp;&nbsp;&nbsp;&nbsp;&nbsp;&nbsp;&nbsp;&nbsp;&nbsp;&nbsp;&nbsp;&nbsp;&nbsp;&nbsp;&nbsp;Le cort\u00e8ge des marcheurs s\u2019achemine &nbsp;maintenant vers un calvaire o\u00f9 lors de ce troisi\u00e8me arr\u00eat le groupe, guid\u00e9 par nos pasteurs, confie les pr\u00eatres de notre doyenn\u00e9 au Seigneur , prie pour&nbsp; eux et pour les vocations.&nbsp; &nbsp;&nbsp;&nbsp;&nbsp;&nbsp;&nbsp;&nbsp;&nbsp;&nbsp;&nbsp;&nbsp;&nbsp;&nbsp;&nbsp;<\/p>\n\n\n\n<p>A midi rassemblement \u00e0 la salle des f\u00eates gracieusement pr\u00eat\u00e9e par la municipalit\u00e9 pour un pique-nique partag\u00e9. Le b\u00e9n\u00e9dicit\u00e9 gestu\u00e9 entonn\u00e9 par Monseigneur Herv\u00e9 Gosselin et repris en choeur nous donne le feu vert pour ce temps de convivialit\u00e9, en voici les paroles :<\/p>\n\n\n\n<p>\u00ab&nbsp;Nos cinq pains et nos deux poissons, Seigneur nous te les offrons multiplie-les pour la faim des hommes et qu\u2019ensemble nous chantions ton nom ( bis) &nbsp;&nbsp;&nbsp;&nbsp;&nbsp;&nbsp;&nbsp;&nbsp;&nbsp;&nbsp;&nbsp;&nbsp;&nbsp;&nbsp;&nbsp;&nbsp;&nbsp;&nbsp;&nbsp;&nbsp;&nbsp;&nbsp;&nbsp;&nbsp;&nbsp;&nbsp;&nbsp;&nbsp;&nbsp;&nbsp;&nbsp;&nbsp;&nbsp;&nbsp;&nbsp;&nbsp;&nbsp;&nbsp;&nbsp;&nbsp;&nbsp;&nbsp;&nbsp;&nbsp;&nbsp;&nbsp;&nbsp;&nbsp;&nbsp;&nbsp;&nbsp;&nbsp;&nbsp;&nbsp;&nbsp;&nbsp;&nbsp;&nbsp;&nbsp;&nbsp;&nbsp;&nbsp;&nbsp;&nbsp;&nbsp;&nbsp;&nbsp;&nbsp;&nbsp;&nbsp;&nbsp;&nbsp;&nbsp;&nbsp;&nbsp;&nbsp;&nbsp;&nbsp;&nbsp;&nbsp;&nbsp;&nbsp;&nbsp;&nbsp;&nbsp;&nbsp;&nbsp;&nbsp;&nbsp;&nbsp;&nbsp;&nbsp;&nbsp;&nbsp;&nbsp;&nbsp;&nbsp;&nbsp;&nbsp;&nbsp;&nbsp;&nbsp;&nbsp;&nbsp;&nbsp;&nbsp;&nbsp;&nbsp;&nbsp;&nbsp;&nbsp; &nbsp;&nbsp;&nbsp;Apr\u00e8s cette simple pri\u00e8re nous pouvons nous restaurer dans la gaiet\u00e9 et la bonne humeur. Joie, gaiet\u00e9 qui, malgr\u00e9 cette d\u00e9sagr\u00e9able m\u00e9t\u00e9o, ne nous ont jamais quitt\u00e9.<\/p>\n\n\n\n<p>&nbsp;&nbsp;&nbsp;&nbsp;&nbsp;&nbsp;&nbsp;&nbsp; &nbsp;&nbsp;&nbsp;Bien&nbsp;substant\u00e9s, \u00e0 chacun son moment de cr\u00e9ativit\u00e9&nbsp;! jeux et ateliers divers attendent petits et grands&nbsp;! &nbsp;&nbsp;<\/p>\n\n\n\n<p>&nbsp;&nbsp;&nbsp;&nbsp;&nbsp;&nbsp;&nbsp;&nbsp;&nbsp;&nbsp;&nbsp; L\u2019apr\u00e8s-midi de d\u00e9tente s\u2019\u00e9coule joyeusement et nous introduit vers l\u2019Eucharistie pr\u00e9sid\u00e9e par Monseigneur Gosselin assist\u00e9 par les pr\u00eatres et diacres. Les \u0153uvres de chacun&nbsp;: lanternes, croix sont port\u00e9es en procession et d\u00e9pos\u00e9es devant la statue de St Pierre Auma\u00eetre&nbsp;&nbsp;&nbsp; &nbsp;<\/p>\n\n\n<div class=\"wp-block-image is-style-rounded\">\n<figure class=\"aligncenter size-full is-resized\"><img loading=\"lazy\" decoding=\"async\" width=\"480\" height=\"640\" src=\"https:\/\/charente.catholique.fr\/nord-charente\/wp-content\/uploads\/sites\/4\/2024\/05\/IMG_5727-rotated.jpg\" alt=\"\" class=\"wp-image-6621\" style=\"width:244px;height:auto\" srcset=\"https:\/\/charente.catholique.fr\/nord-charente\/wp-content\/uploads\/sites\/4\/2024\/05\/IMG_5727-rotated.jpg 480w, https:\/\/charente.catholique.fr\/nord-charente\/wp-content\/uploads\/sites\/4\/2024\/05\/IMG_5727-225x300.jpg 225w\" sizes=\"auto, (max-width: 480px) 100vw, 480px\" \/><\/figure>\n<\/div>\n\n<div class=\"wp-block-image is-style-rounded\">\n<figure class=\"aligncenter size-full is-resized\"><img loading=\"lazy\" decoding=\"async\" width=\"480\" height=\"640\" src=\"https:\/\/charente.catholique.fr\/nord-charente\/wp-content\/uploads\/sites\/4\/2024\/05\/IMG_5732-rotated.jpg\" alt=\"\" class=\"wp-image-6622\" style=\"width:280px;height:auto\" srcset=\"https:\/\/charente.catholique.fr\/nord-charente\/wp-content\/uploads\/sites\/4\/2024\/05\/IMG_5732-rotated.jpg 480w, https:\/\/charente.catholique.fr\/nord-charente\/wp-content\/uploads\/sites\/4\/2024\/05\/IMG_5732-225x300.jpg 225w\" sizes=\"auto, (max-width: 480px) 100vw, 480px\" \/><\/figure>\n<\/div>\n\n\n<p>\u00a0\u00a0\u00a0\u00a0\u00a0\u00a0\u00a0\u00a0\u00a0\u00a0 Apr\u00e8s la Pri\u00e8re Universelle les enfants ont donn\u00e9 leurs grappes de raisin peintes pour qu\u2019elles soient accroch\u00e9es au cep de vigne install\u00e9 dans la grande nef .\u00a0\u00a0\u00a0\u00a0 \u00a0\u00a0\u00a0\u00a0\u00a0\u00a0\u00a0\u00a0\u00a0\u00a0\u00a0\u00a0\u00a0\u00a0\u00a0 \u00a0\u00a0\u00a0\u00a0\u00a0\u00a0\u00a0\u00a0 La b\u00e9n\u00e9diction faite Monseigneur Gosselin cl\u00f4ture cette journ\u00e9e de p\u00e9l\u00e9 bien remplie et d\u00e9bordante de Joie ! Merci \u00e0 tous .<\/p>\n\n\n\n<p><\/p>\n\n\n\n<p><strong><u>Chapelet pour les vocations religieuses<\/u><\/strong><\/p>\n\n\n\n<p>Nous souhaitons des pr\u00eatres pour nos \u00e9glises alors demandons les.<br>Un chapelet pour demander des vocations est r\u00e9cit\u00e9 chaque samedi \u00e0 11h dans les diff\u00e9rentes paroisses du doyenn\u00e9 suivi d&#8217;un pot de l&#8217;amiti\u00e9. Nous vous y attendons nombreux.<br>Les lieux du chapelet pour le mois de Mai sont :<br>4 mai Voul\u00eame<br>11 mai Taiz\u00e9-Aizie.<br>18 mai Londigny.<br>25 mai Condac.<\/p>\n","protected":false},"excerpt":{"rendered":"<p>Lundi 13 &nbsp;Ruffec &nbsp;14 h 30 &nbsp;18 h &nbsp;Pri\u00e8re du Renouveau \u00e0 l\u2019oratoire &nbsp;Messe \u00e0 l\u2019oratoire Mardi 14 &nbsp;Villefagnan &nbsp;9 h 15 &nbsp;Messe \u00e0 l&#8217;oratoire &nbsp;Ruffec &nbsp; &nbsp;18 h 30 &nbsp;14 h 30 &nbsp; &nbsp;Messe \u00e0 l&#8217;\u00e9glise &nbsp;Pri\u00e8re du Rosaire chez Madame LAVAUD Mercredi 15 &nbsp;Aigre &nbsp;10 h 30 &nbsp;11 h &nbsp;Retraite pour les enfants [&hellip;]<\/p>\n","protected":false},"author":38,"featured_media":6620,"comment_status":"open","ping_status":"open","sticky":false,"template":"","format":"standard","meta":{"_acf_changed":false,"paroisse":["14"],"service":["0"],"footnotes":""},"categories":[1],"tags":[],"class_list":["post-6619","post","type-post","status-publish","format-standard","has-post-thumbnail","hentry","category-actualites"],"acf":[],"yoast_head":"<!-- This site is optimized with the Yoast SEO plugin v27.1.1 - https:\/\/yoast.com\/product\/yoast-seo-wordpress\/ -->\n<title>ANNONCES:Semaine du 13 au 19 Mai 2024 - Doyenn\u00e9 Nord Charente<\/title>\n<meta name=\"robots\" content=\"index, follow, max-snippet:-1, max-image-preview:large, max-video-preview:-1\" \/>\n<link rel=\"canonical\" href=\"https:\/\/charente.catholique.fr\/nord-charente\/actualites\/annoncessemaine-du-13-au-19-mai-2024\/\" \/>\n<meta property=\"og:locale\" content=\"fr_FR\" \/>\n<meta property=\"og:type\" content=\"article\" \/>\n<meta property=\"og:title\" content=\"ANNONCES:Semaine du 13 au 19 Mai 2024 - Doyenn\u00e9 Nord Charente\" \/>\n<meta property=\"og:description\" content=\"Lundi 13 &nbsp;Ruffec &nbsp;14 h 30 &nbsp;18 h &nbsp;Pri\u00e8re du Renouveau \u00e0 l\u2019oratoire &nbsp;Messe \u00e0 l\u2019oratoire Mardi 14 &nbsp;Villefagnan &nbsp;9 h 15 &nbsp;Messe \u00e0 l&#8217;oratoire &nbsp;Ruffec &nbsp; &nbsp;18 h 30 &nbsp;14 h 30 &nbsp; &nbsp;Messe \u00e0 l&#8217;\u00e9glise &nbsp;Pri\u00e8re du Rosaire chez Madame LAVAUD Mercredi 15 &nbsp;Aigre &nbsp;10 h 30 &nbsp;11 h &nbsp;Retraite pour les enfants [&hellip;]\" \/>\n<meta property=\"og:url\" content=\"https:\/\/charente.catholique.fr\/nord-charente\/actualites\/annoncessemaine-du-13-au-19-mai-2024\/\" \/>\n<meta property=\"og:site_name\" content=\"Doyenn\u00e9 Nord Charente\" \/>\n<meta property=\"article:publisher\" content=\"https:\/\/www.facebook.com\/EgliseCatholiqueCharente\" \/>\n<meta property=\"article:published_time\" content=\"2024-05-15T16:26:32+00:00\" \/>\n<meta property=\"article:modified_time\" content=\"2024-05-15T16:26:33+00:00\" \/>\n<meta property=\"og:image\" content=\"https:\/\/charente.catholique.fr\/nord-charente\/wp-content\/uploads\/sites\/4\/2024\/05\/img_58121-rotated.jpg\" \/>\n\t<meta property=\"og:image:width\" content=\"640\" \/>\n\t<meta property=\"og:image:height\" content=\"480\" \/>\n\t<meta property=\"og:image:type\" content=\"image\/jpeg\" \/>\n<meta name=\"author\" content=\"joelleayrault\" \/>\n<meta name=\"twitter:card\" content=\"summary_large_image\" \/>\n<meta name=\"twitter:creator\" content=\"@diocesecharente\" \/>\n<meta name=\"twitter:site\" content=\"@diocesecharente\" \/>\n<meta name=\"twitter:label1\" content=\"\u00c9crit par\" \/>\n\t<meta name=\"twitter:data1\" content=\"joelleayrault\" \/>\n\t<meta name=\"twitter:label2\" content=\"Dur\u00e9e de lecture estim\u00e9e\" \/>\n\t<meta name=\"twitter:data2\" content=\"5 minutes\" \/>\n<script type=\"application\/ld+json\" class=\"yoast-schema-graph\">{\"@context\":\"https:\/\/schema.org\",\"@graph\":[{\"@type\":\"Article\",\"@id\":\"https:\/\/charente.catholique.fr\/nord-charente\/actualites\/annoncessemaine-du-13-au-19-mai-2024\/#article\",\"isPartOf\":{\"@id\":\"https:\/\/charente.catholique.fr\/nord-charente\/actualites\/annoncessemaine-du-13-au-19-mai-2024\/\"},\"author\":{\"name\":\"joelleayrault\",\"@id\":\"https:\/\/charente.catholique.fr\/nord-charente\/#\/schema\/person\/51184492e4abba33e5d768059a70f4db\"},\"headline\":\"ANNONCES:Semaine du 13 au 19 Mai 2024\",\"datePublished\":\"2024-05-15T16:26:32+00:00\",\"dateModified\":\"2024-05-15T16:26:33+00:00\",\"mainEntityOfPage\":{\"@id\":\"https:\/\/charente.catholique.fr\/nord-charente\/actualites\/annoncessemaine-du-13-au-19-mai-2024\/\"},\"wordCount\":1369,\"commentCount\":0,\"publisher\":{\"@id\":\"https:\/\/charente.catholique.fr\/nord-charente\/#organization\"},\"image\":{\"@id\":\"https:\/\/charente.catholique.fr\/nord-charente\/actualites\/annoncessemaine-du-13-au-19-mai-2024\/#primaryimage\"},\"thumbnailUrl\":\"https:\/\/charente.catholique.fr\/nord-charente\/wp-content\/uploads\/sites\/4\/2024\/05\/img_58121-rotated.jpg\",\"articleSection\":[\"Actualit\u00e9s\"],\"inLanguage\":\"fr-FR\",\"potentialAction\":[{\"@type\":\"CommentAction\",\"name\":\"Comment\",\"target\":[\"https:\/\/charente.catholique.fr\/nord-charente\/actualites\/annoncessemaine-du-13-au-19-mai-2024\/#respond\"]}]},{\"@type\":\"WebPage\",\"@id\":\"https:\/\/charente.catholique.fr\/nord-charente\/actualites\/annoncessemaine-du-13-au-19-mai-2024\/\",\"url\":\"https:\/\/charente.catholique.fr\/nord-charente\/actualites\/annoncessemaine-du-13-au-19-mai-2024\/\",\"name\":\"ANNONCES:Semaine du 13 au 19 Mai 2024 - Doyenn\u00e9 Nord Charente\",\"isPartOf\":{\"@id\":\"https:\/\/charente.catholique.fr\/nord-charente\/#website\"},\"primaryImageOfPage\":{\"@id\":\"https:\/\/charente.catholique.fr\/nord-charente\/actualites\/annoncessemaine-du-13-au-19-mai-2024\/#primaryimage\"},\"image\":{\"@id\":\"https:\/\/charente.catholique.fr\/nord-charente\/actualites\/annoncessemaine-du-13-au-19-mai-2024\/#primaryimage\"},\"thumbnailUrl\":\"https:\/\/charente.catholique.fr\/nord-charente\/wp-content\/uploads\/sites\/4\/2024\/05\/img_58121-rotated.jpg\",\"datePublished\":\"2024-05-15T16:26:32+00:00\",\"dateModified\":\"2024-05-15T16:26:33+00:00\",\"breadcrumb\":{\"@id\":\"https:\/\/charente.catholique.fr\/nord-charente\/actualites\/annoncessemaine-du-13-au-19-mai-2024\/#breadcrumb\"},\"inLanguage\":\"fr-FR\",\"potentialAction\":[{\"@type\":\"ReadAction\",\"target\":[\"https:\/\/charente.catholique.fr\/nord-charente\/actualites\/annoncessemaine-du-13-au-19-mai-2024\/\"]}]},{\"@type\":\"ImageObject\",\"inLanguage\":\"fr-FR\",\"@id\":\"https:\/\/charente.catholique.fr\/nord-charente\/actualites\/annoncessemaine-du-13-au-19-mai-2024\/#primaryimage\",\"url\":\"https:\/\/charente.catholique.fr\/nord-charente\/wp-content\/uploads\/sites\/4\/2024\/05\/img_58121-rotated.jpg\",\"contentUrl\":\"https:\/\/charente.catholique.fr\/nord-charente\/wp-content\/uploads\/sites\/4\/2024\/05\/img_58121-rotated.jpg\",\"width\":640,\"height\":480},{\"@type\":\"BreadcrumbList\",\"@id\":\"https:\/\/charente.catholique.fr\/nord-charente\/actualites\/annoncessemaine-du-13-au-19-mai-2024\/#breadcrumb\",\"itemListElement\":[{\"@type\":\"ListItem\",\"position\":1,\"name\":\"Accueil\",\"item\":\"https:\/\/charente.catholique.fr\/nord-charente\/\"},{\"@type\":\"ListItem\",\"position\":2,\"name\":\"ANNONCES:Semaine du 13 au 19 Mai 2024\"}]},{\"@type\":\"WebSite\",\"@id\":\"https:\/\/charente.catholique.fr\/nord-charente\/#website\",\"url\":\"https:\/\/charente.catholique.fr\/nord-charente\/\",\"name\":\"Doyenn\u00e9 Nord Charente - Dioc\u00e8se d'Angoul\u00eame\",\"description\":\"Dioc\u00e8se d&#039;Angoul\u00eame\",\"publisher\":{\"@id\":\"https:\/\/charente.catholique.fr\/nord-charente\/#organization\"},\"potentialAction\":[{\"@type\":\"SearchAction\",\"target\":{\"@type\":\"EntryPoint\",\"urlTemplate\":\"https:\/\/charente.catholique.fr\/nord-charente\/?s={search_term_string}\"},\"query-input\":{\"@type\":\"PropertyValueSpecification\",\"valueRequired\":true,\"valueName\":\"search_term_string\"}}],\"inLanguage\":\"fr-FR\"},{\"@type\":\"Organization\",\"@id\":\"https:\/\/charente.catholique.fr\/nord-charente\/#organization\",\"name\":\"Association dioc\u00e9saine d'Angoul\u00eame\",\"url\":\"https:\/\/charente.catholique.fr\/nord-charente\/\",\"logo\":{\"@type\":\"ImageObject\",\"inLanguage\":\"fr-FR\",\"@id\":\"https:\/\/charente.catholique.fr\/nord-charente\/#\/schema\/logo\/image\/\",\"url\":\"https:\/\/charente.catholique.fr\/nord-charente\/wp-content\/uploads\/sites\/4\/2020\/10\/logos.png\",\"contentUrl\":\"https:\/\/charente.catholique.fr\/nord-charente\/wp-content\/uploads\/sites\/4\/2020\/10\/logos.png\",\"width\":600,\"height\":257,\"caption\":\"Association dioc\u00e9saine d'Angoul\u00eame\"},\"image\":{\"@id\":\"https:\/\/charente.catholique.fr\/nord-charente\/#\/schema\/logo\/image\/\"},\"sameAs\":[\"https:\/\/www.facebook.com\/EgliseCatholiqueCharente\",\"https:\/\/x.com\/diocesecharente\",\"https:\/\/www.instagram.com\/eglisecharente\",\"https:\/\/www.youtube.com\/channel\/UCByyFWApZbw3gDTiADoiAaQ\"]},{\"@type\":\"Person\",\"@id\":\"https:\/\/charente.catholique.fr\/nord-charente\/#\/schema\/person\/51184492e4abba33e5d768059a70f4db\",\"name\":\"joelleayrault\",\"image\":{\"@type\":\"ImageObject\",\"inLanguage\":\"fr-FR\",\"@id\":\"https:\/\/charente.catholique.fr\/nord-charente\/#\/schema\/person\/image\/\",\"url\":\"https:\/\/secure.gravatar.com\/avatar\/3bd3977af99690427d59b19ec7b6bd94226de63be5c368ae8d090f2d7f86dd5f?s=96&d=mm&r=g\",\"contentUrl\":\"https:\/\/secure.gravatar.com\/avatar\/3bd3977af99690427d59b19ec7b6bd94226de63be5c368ae8d090f2d7f86dd5f?s=96&d=mm&r=g\",\"caption\":\"joelleayrault\"},\"url\":\"https:\/\/charente.catholique.fr\/nord-charente\/author\/joelleayrault\/\"}]}<\/script>\n<!-- \/ Yoast SEO plugin. -->","yoast_head_json":{"title":"ANNONCES:Semaine du 13 au 19 Mai 2024 - Doyenn\u00e9 Nord Charente","robots":{"index":"index","follow":"follow","max-snippet":"max-snippet:-1","max-image-preview":"max-image-preview:large","max-video-preview":"max-video-preview:-1"},"canonical":"https:\/\/charente.catholique.fr\/nord-charente\/actualites\/annoncessemaine-du-13-au-19-mai-2024\/","og_locale":"fr_FR","og_type":"article","og_title":"ANNONCES:Semaine du 13 au 19 Mai 2024 - Doyenn\u00e9 Nord Charente","og_description":"Lundi 13 &nbsp;Ruffec &nbsp;14 h 30 &nbsp;18 h &nbsp;Pri\u00e8re du Renouveau \u00e0 l\u2019oratoire &nbsp;Messe \u00e0 l\u2019oratoire Mardi 14 &nbsp;Villefagnan &nbsp;9 h 15 &nbsp;Messe \u00e0 l&#8217;oratoire &nbsp;Ruffec &nbsp; &nbsp;18 h 30 &nbsp;14 h 30 &nbsp; &nbsp;Messe \u00e0 l&#8217;\u00e9glise &nbsp;Pri\u00e8re du Rosaire chez Madame LAVAUD Mercredi 15 &nbsp;Aigre &nbsp;10 h 30 &nbsp;11 h &nbsp;Retraite pour les enfants [&hellip;]","og_url":"https:\/\/charente.catholique.fr\/nord-charente\/actualites\/annoncessemaine-du-13-au-19-mai-2024\/","og_site_name":"Doyenn\u00e9 Nord Charente","article_publisher":"https:\/\/www.facebook.com\/EgliseCatholiqueCharente","article_published_time":"2024-05-15T16:26:32+00:00","article_modified_time":"2024-05-15T16:26:33+00:00","og_image":[{"width":640,"height":480,"url":"https:\/\/charente.catholique.fr\/nord-charente\/wp-content\/uploads\/sites\/4\/2024\/05\/img_58121-rotated.jpg","type":"image\/jpeg"}],"author":"joelleayrault","twitter_card":"summary_large_image","twitter_creator":"@diocesecharente","twitter_site":"@diocesecharente","twitter_misc":{"\u00c9crit par":"joelleayrault","Dur\u00e9e de lecture estim\u00e9e":"5 minutes"},"schema":{"@context":"https:\/\/schema.org","@graph":[{"@type":"Article","@id":"https:\/\/charente.catholique.fr\/nord-charente\/actualites\/annoncessemaine-du-13-au-19-mai-2024\/#article","isPartOf":{"@id":"https:\/\/charente.catholique.fr\/nord-charente\/actualites\/annoncessemaine-du-13-au-19-mai-2024\/"},"author":{"name":"joelleayrault","@id":"https:\/\/charente.catholique.fr\/nord-charente\/#\/schema\/person\/51184492e4abba33e5d768059a70f4db"},"headline":"ANNONCES:Semaine du 13 au 19 Mai 2024","datePublished":"2024-05-15T16:26:32+00:00","dateModified":"2024-05-15T16:26:33+00:00","mainEntityOfPage":{"@id":"https:\/\/charente.catholique.fr\/nord-charente\/actualites\/annoncessemaine-du-13-au-19-mai-2024\/"},"wordCount":1369,"commentCount":0,"publisher":{"@id":"https:\/\/charente.catholique.fr\/nord-charente\/#organization"},"image":{"@id":"https:\/\/charente.catholique.fr\/nord-charente\/actualites\/annoncessemaine-du-13-au-19-mai-2024\/#primaryimage"},"thumbnailUrl":"https:\/\/charente.catholique.fr\/nord-charente\/wp-content\/uploads\/sites\/4\/2024\/05\/img_58121-rotated.jpg","articleSection":["Actualit\u00e9s"],"inLanguage":"fr-FR","potentialAction":[{"@type":"CommentAction","name":"Comment","target":["https:\/\/charente.catholique.fr\/nord-charente\/actualites\/annoncessemaine-du-13-au-19-mai-2024\/#respond"]}]},{"@type":"WebPage","@id":"https:\/\/charente.catholique.fr\/nord-charente\/actualites\/annoncessemaine-du-13-au-19-mai-2024\/","url":"https:\/\/charente.catholique.fr\/nord-charente\/actualites\/annoncessemaine-du-13-au-19-mai-2024\/","name":"ANNONCES:Semaine du 13 au 19 Mai 2024 - Doyenn\u00e9 Nord Charente","isPartOf":{"@id":"https:\/\/charente.catholique.fr\/nord-charente\/#website"},"primaryImageOfPage":{"@id":"https:\/\/charente.catholique.fr\/nord-charente\/actualites\/annoncessemaine-du-13-au-19-mai-2024\/#primaryimage"},"image":{"@id":"https:\/\/charente.catholique.fr\/nord-charente\/actualites\/annoncessemaine-du-13-au-19-mai-2024\/#primaryimage"},"thumbnailUrl":"https:\/\/charente.catholique.fr\/nord-charente\/wp-content\/uploads\/sites\/4\/2024\/05\/img_58121-rotated.jpg","datePublished":"2024-05-15T16:26:32+00:00","dateModified":"2024-05-15T16:26:33+00:00","breadcrumb":{"@id":"https:\/\/charente.catholique.fr\/nord-charente\/actualites\/annoncessemaine-du-13-au-19-mai-2024\/#breadcrumb"},"inLanguage":"fr-FR","potentialAction":[{"@type":"ReadAction","target":["https:\/\/charente.catholique.fr\/nord-charente\/actualites\/annoncessemaine-du-13-au-19-mai-2024\/"]}]},{"@type":"ImageObject","inLanguage":"fr-FR","@id":"https:\/\/charente.catholique.fr\/nord-charente\/actualites\/annoncessemaine-du-13-au-19-mai-2024\/#primaryimage","url":"https:\/\/charente.catholique.fr\/nord-charente\/wp-content\/uploads\/sites\/4\/2024\/05\/img_58121-rotated.jpg","contentUrl":"https:\/\/charente.catholique.fr\/nord-charente\/wp-content\/uploads\/sites\/4\/2024\/05\/img_58121-rotated.jpg","width":640,"height":480},{"@type":"BreadcrumbList","@id":"https:\/\/charente.catholique.fr\/nord-charente\/actualites\/annoncessemaine-du-13-au-19-mai-2024\/#breadcrumb","itemListElement":[{"@type":"ListItem","position":1,"name":"Accueil","item":"https:\/\/charente.catholique.fr\/nord-charente\/"},{"@type":"ListItem","position":2,"name":"ANNONCES:Semaine du 13 au 19 Mai 2024"}]},{"@type":"WebSite","@id":"https:\/\/charente.catholique.fr\/nord-charente\/#website","url":"https:\/\/charente.catholique.fr\/nord-charente\/","name":"Doyenn\u00e9 Nord Charente - Dioc\u00e8se d'Angoul\u00eame","description":"Dioc\u00e8se d&#039;Angoul\u00eame","publisher":{"@id":"https:\/\/charente.catholique.fr\/nord-charente\/#organization"},"potentialAction":[{"@type":"SearchAction","target":{"@type":"EntryPoint","urlTemplate":"https:\/\/charente.catholique.fr\/nord-charente\/?s={search_term_string}"},"query-input":{"@type":"PropertyValueSpecification","valueRequired":true,"valueName":"search_term_string"}}],"inLanguage":"fr-FR"},{"@type":"Organization","@id":"https:\/\/charente.catholique.fr\/nord-charente\/#organization","name":"Association dioc\u00e9saine d'Angoul\u00eame","url":"https:\/\/charente.catholique.fr\/nord-charente\/","logo":{"@type":"ImageObject","inLanguage":"fr-FR","@id":"https:\/\/charente.catholique.fr\/nord-charente\/#\/schema\/logo\/image\/","url":"https:\/\/charente.catholique.fr\/nord-charente\/wp-content\/uploads\/sites\/4\/2020\/10\/logos.png","contentUrl":"https:\/\/charente.catholique.fr\/nord-charente\/wp-content\/uploads\/sites\/4\/2020\/10\/logos.png","width":600,"height":257,"caption":"Association dioc\u00e9saine d'Angoul\u00eame"},"image":{"@id":"https:\/\/charente.catholique.fr\/nord-charente\/#\/schema\/logo\/image\/"},"sameAs":["https:\/\/www.facebook.com\/EgliseCatholiqueCharente","https:\/\/x.com\/diocesecharente","https:\/\/www.instagram.com\/eglisecharente","https:\/\/www.youtube.com\/channel\/UCByyFWApZbw3gDTiADoiAaQ"]},{"@type":"Person","@id":"https:\/\/charente.catholique.fr\/nord-charente\/#\/schema\/person\/51184492e4abba33e5d768059a70f4db","name":"joelleayrault","image":{"@type":"ImageObject","inLanguage":"fr-FR","@id":"https:\/\/charente.catholique.fr\/nord-charente\/#\/schema\/person\/image\/","url":"https:\/\/secure.gravatar.com\/avatar\/3bd3977af99690427d59b19ec7b6bd94226de63be5c368ae8d090f2d7f86dd5f?s=96&d=mm&r=g","contentUrl":"https:\/\/secure.gravatar.com\/avatar\/3bd3977af99690427d59b19ec7b6bd94226de63be5c368ae8d090f2d7f86dd5f?s=96&d=mm&r=g","caption":"joelleayrault"},"url":"https:\/\/charente.catholique.fr\/nord-charente\/author\/joelleayrault\/"}]}},"_links":{"self":[{"href":"https:\/\/charente.catholique.fr\/nord-charente\/wp-json\/wp\/v2\/posts\/6619","targetHints":{"allow":["GET"]}}],"collection":[{"href":"https:\/\/charente.catholique.fr\/nord-charente\/wp-json\/wp\/v2\/posts"}],"about":[{"href":"https:\/\/charente.catholique.fr\/nord-charente\/wp-json\/wp\/v2\/types\/post"}],"author":[{"embeddable":true,"href":"https:\/\/charente.catholique.fr\/nord-charente\/wp-json\/wp\/v2\/users\/38"}],"replies":[{"embeddable":true,"href":"https:\/\/charente.catholique.fr\/nord-charente\/wp-json\/wp\/v2\/comments?post=6619"}],"version-history":[{"count":1,"href":"https:\/\/charente.catholique.fr\/nord-charente\/wp-json\/wp\/v2\/posts\/6619\/revisions"}],"predecessor-version":[{"id":6623,"href":"https:\/\/charente.catholique.fr\/nord-charente\/wp-json\/wp\/v2\/posts\/6619\/revisions\/6623"}],"wp:featuredmedia":[{"embeddable":true,"href":"https:\/\/charente.catholique.fr\/nord-charente\/wp-json\/wp\/v2\/media\/6620"}],"wp:attachment":[{"href":"https:\/\/charente.catholique.fr\/nord-charente\/wp-json\/wp\/v2\/media?parent=6619"}],"wp:term":[{"taxonomy":"category","embeddable":true,"href":"https:\/\/charente.catholique.fr\/nord-charente\/wp-json\/wp\/v2\/categories?post=6619"},{"taxonomy":"post_tag","embeddable":true,"href":"https:\/\/charente.catholique.fr\/nord-charente\/wp-json\/wp\/v2\/tags?post=6619"}],"curies":[{"name":"wp","href":"https:\/\/api.w.org\/{rel}","templated":true}]}}