{"id":6505,"date":"2024-05-01T14:19:52","date_gmt":"2024-05-01T12:19:52","guid":{"rendered":"https:\/\/charente.catholique.fr\/nord-charente\/?p=6505"},"modified":"2024-05-01T14:19:54","modified_gmt":"2024-05-01T12:19:54","slug":"veillee-pascale-sandra-et-david-ressucites-avec-jesus","status":"publish","type":"post","link":"https:\/\/charente.catholique.fr\/nord-charente\/actualites\/veillee-pascale-sandra-et-david-ressucites-avec-jesus\/","title":{"rendered":"Veill\u00e9e pascale : Sandra et David, ressucit\u00e9s avec J\u00e9sus"},"content":{"rendered":"\n<p>Lors de la veill\u00e9e pascale, Sandra, de la paroisse d&#8217;Aigre, et David, de la paroisse de Mansle, ont rejoint le corps de J\u00e9sus, \u00e0 l&#8217;issue de leur pr\u00e9paration avec la paroisse d&#8217;Aigre. <\/p>\n\n\n<div class=\"wp-block-image\">\n<figure class=\"aligncenter size-large is-resized\"><img loading=\"lazy\" decoding=\"async\" width=\"810\" height=\"1080\" src=\"https:\/\/charente.catholique.fr\/nord-charente\/wp-content\/uploads\/sites\/4\/2024\/05\/IMG_6922-810x1080.jpg\" alt=\"\" class=\"wp-image-6506\" style=\"width:365px;height:auto\" srcset=\"https:\/\/charente.catholique.fr\/nord-charente\/wp-content\/uploads\/sites\/4\/2024\/05\/IMG_6922-810x1080.jpg 810w, https:\/\/charente.catholique.fr\/nord-charente\/wp-content\/uploads\/sites\/4\/2024\/05\/IMG_6922-225x300.jpg 225w, https:\/\/charente.catholique.fr\/nord-charente\/wp-content\/uploads\/sites\/4\/2024\/05\/IMG_6922-768x1024.jpg 768w, https:\/\/charente.catholique.fr\/nord-charente\/wp-content\/uploads\/sites\/4\/2024\/05\/IMG_6922-1152x1536.jpg 1152w, https:\/\/charente.catholique.fr\/nord-charente\/wp-content\/uploads\/sites\/4\/2024\/05\/IMG_6922-1536x2048.jpg 1536w, https:\/\/charente.catholique.fr\/nord-charente\/wp-content\/uploads\/sites\/4\/2024\/05\/IMG_6922-1320x1760.jpg 1320w, https:\/\/charente.catholique.fr\/nord-charente\/wp-content\/uploads\/sites\/4\/2024\/05\/IMG_6922-scaled.jpg 1920w\" sizes=\"auto, (max-width: 810px) 100vw, 810px\" \/><\/figure>\n<\/div>\n\n\n<p>Accompagn\u00e9s de leurs parrains et marraines, ils ont renonc\u00e9 au mal et confirm\u00e9 leur foi en Dieu, en J\u00e9sus, en l&#8217;Esprit Saint et en l&#8217;\u00c9glise.<\/p>\n\n\n\n<hr class=\"wp-block-separator aligncenter has-alpha-channel-opacity\" \/>\n\n\n\n<h2 class=\"wp-block-heading has-text-align-center\">Le bapt\u00eame<\/h2>\n\n\n\n<p>Les futurs baptis\u00e9s ainsi que  les parrains et marraines se sont approch\u00e9s de l&#8217;eau baptismale en abandonnant derri\u00e8re eux leur \u00e9charpe violette.<\/p>\n\n\n\n<p>\u00ab Je te baptise au nom du P\u00e8re, du Fils, du Saint Esprit. \u00bb \u00c0 trois reprises, Sandra et David ont re\u00e7u l&#8217;eau du bapt\u00eame sous les yeux du P\u00e8re Michel, du P\u00e8re Gustave, de leurs familles et de toute l&#8217;assembl\u00e9e. <\/p>\n\n\n\n<div class=\"wp-block-columns is-layout-flex wp-container-core-columns-is-layout-28f84493 wp-block-columns-is-layout-flex\">\n<div class=\"wp-block-column is-layout-flow wp-block-column-is-layout-flow\" style=\"flex-basis:100%\">\n<div class=\"wp-block-columns is-layout-flex wp-container-core-columns-is-layout-28f84493 wp-block-columns-is-layout-flex\">\n<div class=\"wp-block-column is-layout-flow wp-block-column-is-layout-flow\" style=\"flex-basis:100%\"><\/div>\n<\/div>\n\n\n\n<figure class=\"wp-block-gallery has-nested-images columns-default is-cropped wp-block-gallery-1 is-layout-flex wp-block-gallery-is-layout-flex\">\n<figure class=\"wp-block-image size-large\"><img loading=\"lazy\" decoding=\"async\" width=\"810\" height=\"1080\" data-id=\"6512\" src=\"https:\/\/charente.catholique.fr\/nord-charente\/wp-content\/uploads\/sites\/4\/2024\/05\/IMG_6928-2-810x1080.jpg\" alt=\"\" class=\"wp-image-6512\" srcset=\"https:\/\/charente.catholique.fr\/nord-charente\/wp-content\/uploads\/sites\/4\/2024\/05\/IMG_6928-2-810x1080.jpg 810w, https:\/\/charente.catholique.fr\/nord-charente\/wp-content\/uploads\/sites\/4\/2024\/05\/IMG_6928-2-225x300.jpg 225w, https:\/\/charente.catholique.fr\/nord-charente\/wp-content\/uploads\/sites\/4\/2024\/05\/IMG_6928-2-768x1024.jpg 768w, https:\/\/charente.catholique.fr\/nord-charente\/wp-content\/uploads\/sites\/4\/2024\/05\/IMG_6928-2-1152x1536.jpg 1152w, https:\/\/charente.catholique.fr\/nord-charente\/wp-content\/uploads\/sites\/4\/2024\/05\/IMG_6928-2-1536x2048.jpg 1536w, https:\/\/charente.catholique.fr\/nord-charente\/wp-content\/uploads\/sites\/4\/2024\/05\/IMG_6928-2-1320x1760.jpg 1320w, https:\/\/charente.catholique.fr\/nord-charente\/wp-content\/uploads\/sites\/4\/2024\/05\/IMG_6928-2-scaled.jpg 1920w\" sizes=\"auto, (max-width: 810px) 100vw, 810px\" \/><\/figure>\n\n\n\n<figure class=\"wp-block-image size-large\"><img loading=\"lazy\" decoding=\"async\" width=\"810\" height=\"1080\" data-id=\"6513\" src=\"https:\/\/charente.catholique.fr\/nord-charente\/wp-content\/uploads\/sites\/4\/2024\/05\/IMG_6933-2-810x1080.jpg\" alt=\"\" class=\"wp-image-6513\" srcset=\"https:\/\/charente.catholique.fr\/nord-charente\/wp-content\/uploads\/sites\/4\/2024\/05\/IMG_6933-2-810x1080.jpg 810w, https:\/\/charente.catholique.fr\/nord-charente\/wp-content\/uploads\/sites\/4\/2024\/05\/IMG_6933-2-225x300.jpg 225w, https:\/\/charente.catholique.fr\/nord-charente\/wp-content\/uploads\/sites\/4\/2024\/05\/IMG_6933-2-768x1024.jpg 768w, https:\/\/charente.catholique.fr\/nord-charente\/wp-content\/uploads\/sites\/4\/2024\/05\/IMG_6933-2-1152x1536.jpg 1152w, https:\/\/charente.catholique.fr\/nord-charente\/wp-content\/uploads\/sites\/4\/2024\/05\/IMG_6933-2-1536x2048.jpg 1536w, https:\/\/charente.catholique.fr\/nord-charente\/wp-content\/uploads\/sites\/4\/2024\/05\/IMG_6933-2-1320x1760.jpg 1320w, https:\/\/charente.catholique.fr\/nord-charente\/wp-content\/uploads\/sites\/4\/2024\/05\/IMG_6933-2-scaled.jpg 1920w\" sizes=\"auto, (max-width: 810px) 100vw, 810px\" \/><\/figure>\n<\/figure>\n<\/div>\n<\/div>\n\n\n\n<hr class=\"wp-block-separator aligncenter has-alpha-channel-opacity\" \/>\n\n\n\n<h2 class=\"wp-block-heading has-text-align-center\">ONction de l&#8217;huile<\/h2>\n\n\n\n<p>Les c\u00e9l\u00e9brants ont ensuite pratiqu\u00e9 une\u00a0<a href=\"https:\/\/liturgie.catholique.fr\/lexique\/onction\">onction<\/a>\u00a0sur le front des nouveaux baptis\u00e9s avec le saint\u00a0<a href=\"https:\/\/liturgie.catholique.fr\/lexique\/chreme\">chr\u00eame<\/a>. Cette\u00a0<a href=\"https:\/\/liturgie.catholique.fr\/lexique\/onction\">onction<\/a>\u00a0signifie le don de l\u2019<a href=\"https:\/\/liturgie.catholique.fr\/lexique\/esprit-saint\">Esprit Saint<\/a>\u00a0et la force du Christ qui \u00ab agira dans sa faiblesse pour lutter contre le mal \u00bb.<\/p>\n\n\n\n<figure class=\"wp-block-gallery has-nested-images columns-default is-cropped wp-block-gallery-2 is-layout-flex wp-block-gallery-is-layout-flex\">\n<figure class=\"wp-block-image size-large\"><img loading=\"lazy\" decoding=\"async\" width=\"810\" height=\"1080\" data-id=\"6514\" src=\"https:\/\/charente.catholique.fr\/nord-charente\/wp-content\/uploads\/sites\/4\/2024\/05\/IMG_6940-810x1080.jpg\" alt=\"\" class=\"wp-image-6514\" srcset=\"https:\/\/charente.catholique.fr\/nord-charente\/wp-content\/uploads\/sites\/4\/2024\/05\/IMG_6940-810x1080.jpg 810w, https:\/\/charente.catholique.fr\/nord-charente\/wp-content\/uploads\/sites\/4\/2024\/05\/IMG_6940-225x300.jpg 225w, https:\/\/charente.catholique.fr\/nord-charente\/wp-content\/uploads\/sites\/4\/2024\/05\/IMG_6940-768x1024.jpg 768w, https:\/\/charente.catholique.fr\/nord-charente\/wp-content\/uploads\/sites\/4\/2024\/05\/IMG_6940-1152x1536.jpg 1152w, https:\/\/charente.catholique.fr\/nord-charente\/wp-content\/uploads\/sites\/4\/2024\/05\/IMG_6940-1536x2048.jpg 1536w, https:\/\/charente.catholique.fr\/nord-charente\/wp-content\/uploads\/sites\/4\/2024\/05\/IMG_6940-1320x1760.jpg 1320w, https:\/\/charente.catholique.fr\/nord-charente\/wp-content\/uploads\/sites\/4\/2024\/05\/IMG_6940-scaled.jpg 1920w\" sizes=\"auto, (max-width: 810px) 100vw, 810px\" \/><\/figure>\n\n\n\n<figure class=\"wp-block-image size-large\"><img loading=\"lazy\" decoding=\"async\" width=\"810\" height=\"1080\" data-id=\"6515\" src=\"https:\/\/charente.catholique.fr\/nord-charente\/wp-content\/uploads\/sites\/4\/2024\/05\/IMG_6941-810x1080.jpg\" alt=\"\" class=\"wp-image-6515\" srcset=\"https:\/\/charente.catholique.fr\/nord-charente\/wp-content\/uploads\/sites\/4\/2024\/05\/IMG_6941-810x1080.jpg 810w, https:\/\/charente.catholique.fr\/nord-charente\/wp-content\/uploads\/sites\/4\/2024\/05\/IMG_6941-225x300.jpg 225w, https:\/\/charente.catholique.fr\/nord-charente\/wp-content\/uploads\/sites\/4\/2024\/05\/IMG_6941-768x1024.jpg 768w, https:\/\/charente.catholique.fr\/nord-charente\/wp-content\/uploads\/sites\/4\/2024\/05\/IMG_6941-1152x1536.jpg 1152w, https:\/\/charente.catholique.fr\/nord-charente\/wp-content\/uploads\/sites\/4\/2024\/05\/IMG_6941-1536x2048.jpg 1536w, https:\/\/charente.catholique.fr\/nord-charente\/wp-content\/uploads\/sites\/4\/2024\/05\/IMG_6941-1320x1760.jpg 1320w, https:\/\/charente.catholique.fr\/nord-charente\/wp-content\/uploads\/sites\/4\/2024\/05\/IMG_6941-scaled.jpg 1920w\" sizes=\"auto, (max-width: 810px) 100vw, 810px\" \/><\/figure>\n<\/figure>\n\n\n\n<hr class=\"wp-block-separator aligncenter has-alpha-channel-opacity\" \/>\n\n\n\n<h2 class=\"wp-block-heading has-text-align-center\">Le v\u00eatement blanc<\/h2>\n\n\n\n<p>Les marraines et parrains ont confi\u00e9 aux baptis\u00e9s le v\u00eatement blanc pour signifier qu\u2019ils sont des cr\u00e9ations nouvelles dans le Christ.<\/p>\n\n\n\n<figure class=\"wp-block-gallery has-nested-images columns-default is-cropped wp-block-gallery-3 is-layout-flex wp-block-gallery-is-layout-flex\">\n<figure class=\"wp-block-image size-large\"><img loading=\"lazy\" decoding=\"async\" width=\"810\" height=\"1080\" data-id=\"6517\" src=\"https:\/\/charente.catholique.fr\/nord-charente\/wp-content\/uploads\/sites\/4\/2024\/05\/IMG_6944-810x1080.jpg\" alt=\"\" class=\"wp-image-6517\" srcset=\"https:\/\/charente.catholique.fr\/nord-charente\/wp-content\/uploads\/sites\/4\/2024\/05\/IMG_6944-810x1080.jpg 810w, https:\/\/charente.catholique.fr\/nord-charente\/wp-content\/uploads\/sites\/4\/2024\/05\/IMG_6944-225x300.jpg 225w, https:\/\/charente.catholique.fr\/nord-charente\/wp-content\/uploads\/sites\/4\/2024\/05\/IMG_6944-768x1024.jpg 768w, https:\/\/charente.catholique.fr\/nord-charente\/wp-content\/uploads\/sites\/4\/2024\/05\/IMG_6944-1152x1536.jpg 1152w, https:\/\/charente.catholique.fr\/nord-charente\/wp-content\/uploads\/sites\/4\/2024\/05\/IMG_6944-1536x2048.jpg 1536w, https:\/\/charente.catholique.fr\/nord-charente\/wp-content\/uploads\/sites\/4\/2024\/05\/IMG_6944-1320x1760.jpg 1320w, https:\/\/charente.catholique.fr\/nord-charente\/wp-content\/uploads\/sites\/4\/2024\/05\/IMG_6944-scaled.jpg 1920w\" sizes=\"auto, (max-width: 810px) 100vw, 810px\" \/><\/figure>\n\n\n\n<figure class=\"wp-block-image size-large\"><img loading=\"lazy\" decoding=\"async\" width=\"810\" height=\"1080\" data-id=\"6516\" src=\"https:\/\/charente.catholique.fr\/nord-charente\/wp-content\/uploads\/sites\/4\/2024\/05\/IMG_6947-810x1080.jpg\" alt=\"\" class=\"wp-image-6516\" srcset=\"https:\/\/charente.catholique.fr\/nord-charente\/wp-content\/uploads\/sites\/4\/2024\/05\/IMG_6947-810x1080.jpg 810w, https:\/\/charente.catholique.fr\/nord-charente\/wp-content\/uploads\/sites\/4\/2024\/05\/IMG_6947-225x300.jpg 225w, https:\/\/charente.catholique.fr\/nord-charente\/wp-content\/uploads\/sites\/4\/2024\/05\/IMG_6947-768x1024.jpg 768w, https:\/\/charente.catholique.fr\/nord-charente\/wp-content\/uploads\/sites\/4\/2024\/05\/IMG_6947-1152x1536.jpg 1152w, https:\/\/charente.catholique.fr\/nord-charente\/wp-content\/uploads\/sites\/4\/2024\/05\/IMG_6947-1536x2048.jpg 1536w, https:\/\/charente.catholique.fr\/nord-charente\/wp-content\/uploads\/sites\/4\/2024\/05\/IMG_6947-1320x1760.jpg 1320w, https:\/\/charente.catholique.fr\/nord-charente\/wp-content\/uploads\/sites\/4\/2024\/05\/IMG_6947-scaled.jpg 1920w\" sizes=\"auto, (max-width: 810px) 100vw, 810px\" \/><\/figure>\n<\/figure>\n\n\n\n<hr class=\"wp-block-separator aligncenter has-alpha-channel-opacity\" \/>\n\n\n\n<h2 class=\"wp-block-heading has-text-align-center\">La lumi\u00e8re<\/h2>\n\n\n\n<p>Les c\u00e9l\u00e9brants ont confi\u00e9 la lumi\u00e8re aux baptis\u00e9s et leur ont rappel\u00e9 qu\u2019ils devront veiller \u00e0 l\u2019entretenir. Les baptis\u00e9s Sandra et David, ressuscit\u00e9s en J\u00e9sus Christ, peuvent d\u00e9sormais avancer dans la vie en enfant de lumi\u00e8re.<\/p>\n\n\n<div class=\"wp-block-image\">\n<figure class=\"aligncenter size-large is-resized\"><img loading=\"lazy\" decoding=\"async\" width=\"810\" height=\"1080\" src=\"https:\/\/charente.catholique.fr\/nord-charente\/wp-content\/uploads\/sites\/4\/2024\/05\/IMG_6952-810x1080.jpg\" alt=\"\" class=\"wp-image-6518\" style=\"width:498px;height:auto\" srcset=\"https:\/\/charente.catholique.fr\/nord-charente\/wp-content\/uploads\/sites\/4\/2024\/05\/IMG_6952-810x1080.jpg 810w, https:\/\/charente.catholique.fr\/nord-charente\/wp-content\/uploads\/sites\/4\/2024\/05\/IMG_6952-225x300.jpg 225w, https:\/\/charente.catholique.fr\/nord-charente\/wp-content\/uploads\/sites\/4\/2024\/05\/IMG_6952-768x1024.jpg 768w, https:\/\/charente.catholique.fr\/nord-charente\/wp-content\/uploads\/sites\/4\/2024\/05\/IMG_6952-1152x1536.jpg 1152w, https:\/\/charente.catholique.fr\/nord-charente\/wp-content\/uploads\/sites\/4\/2024\/05\/IMG_6952-1536x2048.jpg 1536w, https:\/\/charente.catholique.fr\/nord-charente\/wp-content\/uploads\/sites\/4\/2024\/05\/IMG_6952-1320x1760.jpg 1320w, https:\/\/charente.catholique.fr\/nord-charente\/wp-content\/uploads\/sites\/4\/2024\/05\/IMG_6952-scaled.jpg 1920w\" sizes=\"auto, (max-width: 810px) 100vw, 810px\" \/><\/figure>\n<\/div>\n\n\n<hr class=\"wp-block-separator has-alpha-channel-opacity\" \/>\n\n\n\n<h2 class=\"wp-block-heading has-text-align-center\">Premi\u00e8re communion<\/h2>\n\n\n\n<p>Au cours de la c\u00e9r\u00e9monie, Sandra et David se sont avanc\u00e9s dans le choeur afin de recevoir le sacrement de l&#8217;Eucharistie, corps et sang de J\u00e9sus Christ.<\/p>\n\n\n\n<figure class=\"wp-block-gallery has-nested-images columns-default is-cropped wp-block-gallery-4 is-layout-flex wp-block-gallery-is-layout-flex\">\n<figure class=\"wp-block-image size-large\"><img loading=\"lazy\" decoding=\"async\" width=\"810\" height=\"1080\" data-id=\"6520\" src=\"https:\/\/charente.catholique.fr\/nord-charente\/wp-content\/uploads\/sites\/4\/2024\/05\/IMG_6954-810x1080.jpg\" alt=\"\" class=\"wp-image-6520\" srcset=\"https:\/\/charente.catholique.fr\/nord-charente\/wp-content\/uploads\/sites\/4\/2024\/05\/IMG_6954-810x1080.jpg 810w, https:\/\/charente.catholique.fr\/nord-charente\/wp-content\/uploads\/sites\/4\/2024\/05\/IMG_6954-225x300.jpg 225w, https:\/\/charente.catholique.fr\/nord-charente\/wp-content\/uploads\/sites\/4\/2024\/05\/IMG_6954-768x1024.jpg 768w, https:\/\/charente.catholique.fr\/nord-charente\/wp-content\/uploads\/sites\/4\/2024\/05\/IMG_6954-1152x1536.jpg 1152w, https:\/\/charente.catholique.fr\/nord-charente\/wp-content\/uploads\/sites\/4\/2024\/05\/IMG_6954-1536x2048.jpg 1536w, https:\/\/charente.catholique.fr\/nord-charente\/wp-content\/uploads\/sites\/4\/2024\/05\/IMG_6954-1320x1760.jpg 1320w, https:\/\/charente.catholique.fr\/nord-charente\/wp-content\/uploads\/sites\/4\/2024\/05\/IMG_6954-scaled.jpg 1920w\" sizes=\"auto, (max-width: 810px) 100vw, 810px\" \/><\/figure>\n\n\n\n<figure class=\"wp-block-image size-large\"><img loading=\"lazy\" decoding=\"async\" width=\"810\" height=\"1080\" data-id=\"6521\" src=\"https:\/\/charente.catholique.fr\/nord-charente\/wp-content\/uploads\/sites\/4\/2024\/05\/IMG_6955-810x1080.jpg\" alt=\"\" class=\"wp-image-6521\" srcset=\"https:\/\/charente.catholique.fr\/nord-charente\/wp-content\/uploads\/sites\/4\/2024\/05\/IMG_6955-810x1080.jpg 810w, https:\/\/charente.catholique.fr\/nord-charente\/wp-content\/uploads\/sites\/4\/2024\/05\/IMG_6955-225x300.jpg 225w, https:\/\/charente.catholique.fr\/nord-charente\/wp-content\/uploads\/sites\/4\/2024\/05\/IMG_6955-768x1024.jpg 768w, https:\/\/charente.catholique.fr\/nord-charente\/wp-content\/uploads\/sites\/4\/2024\/05\/IMG_6955-1152x1536.jpg 1152w, https:\/\/charente.catholique.fr\/nord-charente\/wp-content\/uploads\/sites\/4\/2024\/05\/IMG_6955-1536x2048.jpg 1536w, https:\/\/charente.catholique.fr\/nord-charente\/wp-content\/uploads\/sites\/4\/2024\/05\/IMG_6955-1320x1760.jpg 1320w, https:\/\/charente.catholique.fr\/nord-charente\/wp-content\/uploads\/sites\/4\/2024\/05\/IMG_6955-scaled.jpg 1920w\" sizes=\"auto, (max-width: 810px) 100vw, 810px\" \/><\/figure>\n<\/figure>\n\n\n\n<hr class=\"wp-block-separator aligncenter has-alpha-channel-opacity\" \/>\n\n\n\n<h2 class=\"wp-block-heading has-text-align-center\">Signature des registres<\/h2>\n\n\n\n<p>Sandra et David ont pu signer les registres de bapt\u00eame et entrer, administrativement cette fois, dans l&#8217;\u00c9glise. Les parrains, marraines, c\u00e9l\u00e9brants, cat\u00e9chistes et proches ont \u00e0 leur tour pos\u00e9 leur signature afin d&#8217;officialiser le bapt\u00eame. L\u2019\u00e9v\u00e9nement est d\u00e9sormais inscrit au livre de Dieu. Dans ce m\u00eame registre seront consign\u00e9es les prochaines \u00e9tapes de leur cheminement.<\/p>\n\n\n\n<figure class=\"wp-block-gallery has-nested-images columns-default is-cropped wp-block-gallery-5 is-layout-flex wp-block-gallery-is-layout-flex\">\n<figure class=\"wp-block-image size-large\"><img loading=\"lazy\" decoding=\"async\" width=\"1440\" height=\"1080\" data-id=\"6522\" src=\"https:\/\/charente.catholique.fr\/nord-charente\/wp-content\/uploads\/sites\/4\/2024\/05\/IMG_6956-1440x1080.jpg\" alt=\"\" class=\"wp-image-6522\" srcset=\"https:\/\/charente.catholique.fr\/nord-charente\/wp-content\/uploads\/sites\/4\/2024\/05\/IMG_6956-1440x1080.jpg 1440w, https:\/\/charente.catholique.fr\/nord-charente\/wp-content\/uploads\/sites\/4\/2024\/05\/IMG_6956-300x225.jpg 300w, https:\/\/charente.catholique.fr\/nord-charente\/wp-content\/uploads\/sites\/4\/2024\/05\/IMG_6956-768x576.jpg 768w, https:\/\/charente.catholique.fr\/nord-charente\/wp-content\/uploads\/sites\/4\/2024\/05\/IMG_6956-1536x1152.jpg 1536w, https:\/\/charente.catholique.fr\/nord-charente\/wp-content\/uploads\/sites\/4\/2024\/05\/IMG_6956-2048x1536.jpg 2048w, https:\/\/charente.catholique.fr\/nord-charente\/wp-content\/uploads\/sites\/4\/2024\/05\/IMG_6956-1320x990.jpg 1320w\" sizes=\"auto, (max-width: 1440px) 100vw, 1440px\" \/><\/figure>\n\n\n\n<figure class=\"wp-block-image size-large\"><img loading=\"lazy\" decoding=\"async\" width=\"1440\" height=\"1080\" data-id=\"6523\" src=\"https:\/\/charente.catholique.fr\/nord-charente\/wp-content\/uploads\/sites\/4\/2024\/05\/IMG_6962-1440x1080.jpg\" alt=\"\" class=\"wp-image-6523\" srcset=\"https:\/\/charente.catholique.fr\/nord-charente\/wp-content\/uploads\/sites\/4\/2024\/05\/IMG_6962-1440x1080.jpg 1440w, https:\/\/charente.catholique.fr\/nord-charente\/wp-content\/uploads\/sites\/4\/2024\/05\/IMG_6962-300x225.jpg 300w, https:\/\/charente.catholique.fr\/nord-charente\/wp-content\/uploads\/sites\/4\/2024\/05\/IMG_6962-768x576.jpg 768w, https:\/\/charente.catholique.fr\/nord-charente\/wp-content\/uploads\/sites\/4\/2024\/05\/IMG_6962-1536x1152.jpg 1536w, https:\/\/charente.catholique.fr\/nord-charente\/wp-content\/uploads\/sites\/4\/2024\/05\/IMG_6962-2048x1536.jpg 2048w, https:\/\/charente.catholique.fr\/nord-charente\/wp-content\/uploads\/sites\/4\/2024\/05\/IMG_6962-1320x990.jpg 1320w\" sizes=\"auto, (max-width: 1440px) 100vw, 1440px\" \/><\/figure>\n<\/figure>\n","protected":false},"excerpt":{"rendered":"<p>Lors de la veill\u00e9e pascale, Sandra, de la paroisse d&#8217;Aigre, et David, de la paroisse de Mansle, ont rejoint le corps de J\u00e9sus, \u00e0 l&#8217;issue de leur pr\u00e9paration avec la paroisse d&#8217;Aigre. Accompagn\u00e9s de leurs parrains et marraines, ils ont renonc\u00e9 au mal et confirm\u00e9 leur foi en Dieu, en J\u00e9sus, en l&#8217;Esprit Saint et [&hellip;]<\/p>\n","protected":false},"author":95,"featured_media":6302,"comment_status":"open","ping_status":"open","sticky":false,"template":"","format":"standard","meta":{"_acf_changed":false,"paroisse":["22"],"service":["0"],"footnotes":""},"categories":[1,4,2],"tags":[],"class_list":["post-6505","post","type-post","status-publish","format-standard","has-post-thumbnail","hentry","category-actualites","category-aigre","category-mansle"],"acf":[],"yoast_head":"<!-- This site is optimized with the Yoast SEO plugin v27.1.1 - https:\/\/yoast.com\/product\/yoast-seo-wordpress\/ -->\n<title>Veill\u00e9e pascale : Sandra et David, ressucit\u00e9s avec J\u00e9sus - Doyenn\u00e9 Nord Charente<\/title>\n<meta name=\"robots\" content=\"index, follow, max-snippet:-1, max-image-preview:large, max-video-preview:-1\" \/>\n<link rel=\"canonical\" href=\"https:\/\/charente.catholique.fr\/nord-charente\/actualites\/veillee-pascale-sandra-et-david-ressucites-avec-jesus\/\" \/>\n<meta property=\"og:locale\" content=\"fr_FR\" \/>\n<meta property=\"og:type\" content=\"article\" \/>\n<meta property=\"og:title\" content=\"Veill\u00e9e pascale : Sandra et David, ressucit\u00e9s avec J\u00e9sus - Doyenn\u00e9 Nord Charente\" \/>\n<meta property=\"og:description\" content=\"Lors de la veill\u00e9e pascale, Sandra, de la paroisse d&#8217;Aigre, et David, de la paroisse de Mansle, ont rejoint le corps de J\u00e9sus, \u00e0 l&#8217;issue de leur pr\u00e9paration avec la paroisse d&#8217;Aigre. Accompagn\u00e9s de leurs parrains et marraines, ils ont renonc\u00e9 au mal et confirm\u00e9 leur foi en Dieu, en J\u00e9sus, en l&#8217;Esprit Saint et [&hellip;]\" \/>\n<meta property=\"og:url\" content=\"https:\/\/charente.catholique.fr\/nord-charente\/actualites\/veillee-pascale-sandra-et-david-ressucites-avec-jesus\/\" \/>\n<meta property=\"og:site_name\" content=\"Doyenn\u00e9 Nord Charente\" \/>\n<meta property=\"article:publisher\" content=\"https:\/\/www.facebook.com\/EgliseCatholiqueCharente\" \/>\n<meta property=\"article:published_time\" content=\"2024-05-01T12:19:52+00:00\" \/>\n<meta property=\"article:modified_time\" content=\"2024-05-01T12:19:54+00:00\" \/>\n<meta property=\"og:image\" content=\"https:\/\/charente.catholique.fr\/nord-charente\/wp-content\/uploads\/sites\/4\/2020\/09\/eglise-aigre-2-scaled-e1712042215450.jpg\" \/>\n\t<meta property=\"og:image:width\" content=\"2560\" \/>\n\t<meta property=\"og:image:height\" content=\"1011\" \/>\n\t<meta property=\"og:image:type\" content=\"image\/jpeg\" \/>\n<meta name=\"author\" content=\"Marie ZANDVLIET\" \/>\n<meta name=\"twitter:card\" content=\"summary_large_image\" \/>\n<meta name=\"twitter:creator\" content=\"@diocesecharente\" \/>\n<meta name=\"twitter:site\" content=\"@diocesecharente\" \/>\n<meta name=\"twitter:label1\" content=\"\u00c9crit par\" \/>\n\t<meta name=\"twitter:data1\" content=\"Marie ZANDVLIET\" \/>\n\t<meta name=\"twitter:label2\" content=\"Dur\u00e9e de lecture estim\u00e9e\" \/>\n\t<meta name=\"twitter:data2\" content=\"5 minutes\" \/>\n<script type=\"application\/ld+json\" class=\"yoast-schema-graph\">{\"@context\":\"https:\/\/schema.org\",\"@graph\":[{\"@type\":\"Article\",\"@id\":\"https:\/\/charente.catholique.fr\/nord-charente\/actualites\/veillee-pascale-sandra-et-david-ressucites-avec-jesus\/#article\",\"isPartOf\":{\"@id\":\"https:\/\/charente.catholique.fr\/nord-charente\/actualites\/veillee-pascale-sandra-et-david-ressucites-avec-jesus\/\"},\"author\":{\"name\":\"Marie ZANDVLIET\",\"@id\":\"https:\/\/charente.catholique.fr\/nord-charente\/#\/schema\/person\/5711de98abb018ff863964265e7ce7af\"},\"headline\":\"Veill\u00e9e pascale : Sandra et David, ressucit\u00e9s avec J\u00e9sus\",\"datePublished\":\"2024-05-01T12:19:52+00:00\",\"dateModified\":\"2024-05-01T12:19:54+00:00\",\"mainEntityOfPage\":{\"@id\":\"https:\/\/charente.catholique.fr\/nord-charente\/actualites\/veillee-pascale-sandra-et-david-ressucites-avec-jesus\/\"},\"wordCount\":383,\"commentCount\":0,\"publisher\":{\"@id\":\"https:\/\/charente.catholique.fr\/nord-charente\/#organization\"},\"image\":{\"@id\":\"https:\/\/charente.catholique.fr\/nord-charente\/actualites\/veillee-pascale-sandra-et-david-ressucites-avec-jesus\/#primaryimage\"},\"thumbnailUrl\":\"https:\/\/charente.catholique.fr\/nord-charente\/wp-content\/uploads\/sites\/4\/2020\/09\/eglise-aigre-2-scaled-e1712042215450.jpg\",\"articleSection\":[\"Actualit\u00e9s\",\"Aigre\",\"Mansle\"],\"inLanguage\":\"fr-FR\",\"potentialAction\":[{\"@type\":\"CommentAction\",\"name\":\"Comment\",\"target\":[\"https:\/\/charente.catholique.fr\/nord-charente\/actualites\/veillee-pascale-sandra-et-david-ressucites-avec-jesus\/#respond\"]}]},{\"@type\":\"WebPage\",\"@id\":\"https:\/\/charente.catholique.fr\/nord-charente\/actualites\/veillee-pascale-sandra-et-david-ressucites-avec-jesus\/\",\"url\":\"https:\/\/charente.catholique.fr\/nord-charente\/actualites\/veillee-pascale-sandra-et-david-ressucites-avec-jesus\/\",\"name\":\"Veill\u00e9e pascale : Sandra et David, ressucit\u00e9s avec J\u00e9sus - Doyenn\u00e9 Nord Charente\",\"isPartOf\":{\"@id\":\"https:\/\/charente.catholique.fr\/nord-charente\/#website\"},\"primaryImageOfPage\":{\"@id\":\"https:\/\/charente.catholique.fr\/nord-charente\/actualites\/veillee-pascale-sandra-et-david-ressucites-avec-jesus\/#primaryimage\"},\"image\":{\"@id\":\"https:\/\/charente.catholique.fr\/nord-charente\/actualites\/veillee-pascale-sandra-et-david-ressucites-avec-jesus\/#primaryimage\"},\"thumbnailUrl\":\"https:\/\/charente.catholique.fr\/nord-charente\/wp-content\/uploads\/sites\/4\/2020\/09\/eglise-aigre-2-scaled-e1712042215450.jpg\",\"datePublished\":\"2024-05-01T12:19:52+00:00\",\"dateModified\":\"2024-05-01T12:19:54+00:00\",\"breadcrumb\":{\"@id\":\"https:\/\/charente.catholique.fr\/nord-charente\/actualites\/veillee-pascale-sandra-et-david-ressucites-avec-jesus\/#breadcrumb\"},\"inLanguage\":\"fr-FR\",\"potentialAction\":[{\"@type\":\"ReadAction\",\"target\":[\"https:\/\/charente.catholique.fr\/nord-charente\/actualites\/veillee-pascale-sandra-et-david-ressucites-avec-jesus\/\"]}]},{\"@type\":\"ImageObject\",\"inLanguage\":\"fr-FR\",\"@id\":\"https:\/\/charente.catholique.fr\/nord-charente\/actualites\/veillee-pascale-sandra-et-david-ressucites-avec-jesus\/#primaryimage\",\"url\":\"https:\/\/charente.catholique.fr\/nord-charente\/wp-content\/uploads\/sites\/4\/2020\/09\/eglise-aigre-2-scaled-e1712042215450.jpg\",\"contentUrl\":\"https:\/\/charente.catholique.fr\/nord-charente\/wp-content\/uploads\/sites\/4\/2020\/09\/eglise-aigre-2-scaled-e1712042215450.jpg\",\"width\":2560,\"height\":1011},{\"@type\":\"BreadcrumbList\",\"@id\":\"https:\/\/charente.catholique.fr\/nord-charente\/actualites\/veillee-pascale-sandra-et-david-ressucites-avec-jesus\/#breadcrumb\",\"itemListElement\":[{\"@type\":\"ListItem\",\"position\":1,\"name\":\"Accueil\",\"item\":\"https:\/\/charente.catholique.fr\/nord-charente\/\"},{\"@type\":\"ListItem\",\"position\":2,\"name\":\"Veill\u00e9e pascale : Sandra et David, ressucit\u00e9s avec J\u00e9sus\"}]},{\"@type\":\"WebSite\",\"@id\":\"https:\/\/charente.catholique.fr\/nord-charente\/#website\",\"url\":\"https:\/\/charente.catholique.fr\/nord-charente\/\",\"name\":\"Doyenn\u00e9 Nord Charente - Dioc\u00e8se d'Angoul\u00eame\",\"description\":\"Dioc\u00e8se d&#039;Angoul\u00eame\",\"publisher\":{\"@id\":\"https:\/\/charente.catholique.fr\/nord-charente\/#organization\"},\"potentialAction\":[{\"@type\":\"SearchAction\",\"target\":{\"@type\":\"EntryPoint\",\"urlTemplate\":\"https:\/\/charente.catholique.fr\/nord-charente\/?s={search_term_string}\"},\"query-input\":{\"@type\":\"PropertyValueSpecification\",\"valueRequired\":true,\"valueName\":\"search_term_string\"}}],\"inLanguage\":\"fr-FR\"},{\"@type\":\"Organization\",\"@id\":\"https:\/\/charente.catholique.fr\/nord-charente\/#organization\",\"name\":\"Association dioc\u00e9saine d'Angoul\u00eame\",\"url\":\"https:\/\/charente.catholique.fr\/nord-charente\/\",\"logo\":{\"@type\":\"ImageObject\",\"inLanguage\":\"fr-FR\",\"@id\":\"https:\/\/charente.catholique.fr\/nord-charente\/#\/schema\/logo\/image\/\",\"url\":\"https:\/\/charente.catholique.fr\/nord-charente\/wp-content\/uploads\/sites\/4\/2020\/10\/logos.png\",\"contentUrl\":\"https:\/\/charente.catholique.fr\/nord-charente\/wp-content\/uploads\/sites\/4\/2020\/10\/logos.png\",\"width\":600,\"height\":257,\"caption\":\"Association dioc\u00e9saine d'Angoul\u00eame\"},\"image\":{\"@id\":\"https:\/\/charente.catholique.fr\/nord-charente\/#\/schema\/logo\/image\/\"},\"sameAs\":[\"https:\/\/www.facebook.com\/EgliseCatholiqueCharente\",\"https:\/\/x.com\/diocesecharente\",\"https:\/\/www.instagram.com\/eglisecharente\",\"https:\/\/www.youtube.com\/channel\/UCByyFWApZbw3gDTiADoiAaQ\"]},{\"@type\":\"Person\",\"@id\":\"https:\/\/charente.catholique.fr\/nord-charente\/#\/schema\/person\/5711de98abb018ff863964265e7ce7af\",\"name\":\"Marie ZANDVLIET\",\"image\":{\"@type\":\"ImageObject\",\"inLanguage\":\"fr-FR\",\"@id\":\"https:\/\/charente.catholique.fr\/nord-charente\/#\/schema\/person\/image\/\",\"url\":\"https:\/\/secure.gravatar.com\/avatar\/34d53108a77f09d371d2aa77b0383414698788d6b70090bcbcda171708c34b28?s=96&d=mm&r=g\",\"contentUrl\":\"https:\/\/secure.gravatar.com\/avatar\/34d53108a77f09d371d2aa77b0383414698788d6b70090bcbcda171708c34b28?s=96&d=mm&r=g\",\"caption\":\"Marie ZANDVLIET\"},\"description\":\"Tel. 06 51 05 45 03\",\"url\":\"https:\/\/charente.catholique.fr\/nord-charente\/author\/aigre\/\"}]}<\/script>\n<!-- \/ Yoast SEO plugin. -->","yoast_head_json":{"title":"Veill\u00e9e pascale : Sandra et David, ressucit\u00e9s avec J\u00e9sus - Doyenn\u00e9 Nord Charente","robots":{"index":"index","follow":"follow","max-snippet":"max-snippet:-1","max-image-preview":"max-image-preview:large","max-video-preview":"max-video-preview:-1"},"canonical":"https:\/\/charente.catholique.fr\/nord-charente\/actualites\/veillee-pascale-sandra-et-david-ressucites-avec-jesus\/","og_locale":"fr_FR","og_type":"article","og_title":"Veill\u00e9e pascale : Sandra et David, ressucit\u00e9s avec J\u00e9sus - Doyenn\u00e9 Nord Charente","og_description":"Lors de la veill\u00e9e pascale, Sandra, de la paroisse d&#8217;Aigre, et David, de la paroisse de Mansle, ont rejoint le corps de J\u00e9sus, \u00e0 l&#8217;issue de leur pr\u00e9paration avec la paroisse d&#8217;Aigre. Accompagn\u00e9s de leurs parrains et marraines, ils ont renonc\u00e9 au mal et confirm\u00e9 leur foi en Dieu, en J\u00e9sus, en l&#8217;Esprit Saint et [&hellip;]","og_url":"https:\/\/charente.catholique.fr\/nord-charente\/actualites\/veillee-pascale-sandra-et-david-ressucites-avec-jesus\/","og_site_name":"Doyenn\u00e9 Nord Charente","article_publisher":"https:\/\/www.facebook.com\/EgliseCatholiqueCharente","article_published_time":"2024-05-01T12:19:52+00:00","article_modified_time":"2024-05-01T12:19:54+00:00","og_image":[{"width":2560,"height":1011,"url":"https:\/\/charente.catholique.fr\/nord-charente\/wp-content\/uploads\/sites\/4\/2020\/09\/eglise-aigre-2-scaled-e1712042215450.jpg","type":"image\/jpeg"}],"author":"Marie ZANDVLIET","twitter_card":"summary_large_image","twitter_creator":"@diocesecharente","twitter_site":"@diocesecharente","twitter_misc":{"\u00c9crit par":"Marie ZANDVLIET","Dur\u00e9e de lecture estim\u00e9e":"5 minutes"},"schema":{"@context":"https:\/\/schema.org","@graph":[{"@type":"Article","@id":"https:\/\/charente.catholique.fr\/nord-charente\/actualites\/veillee-pascale-sandra-et-david-ressucites-avec-jesus\/#article","isPartOf":{"@id":"https:\/\/charente.catholique.fr\/nord-charente\/actualites\/veillee-pascale-sandra-et-david-ressucites-avec-jesus\/"},"author":{"name":"Marie ZANDVLIET","@id":"https:\/\/charente.catholique.fr\/nord-charente\/#\/schema\/person\/5711de98abb018ff863964265e7ce7af"},"headline":"Veill\u00e9e pascale : Sandra et David, ressucit\u00e9s avec J\u00e9sus","datePublished":"2024-05-01T12:19:52+00:00","dateModified":"2024-05-01T12:19:54+00:00","mainEntityOfPage":{"@id":"https:\/\/charente.catholique.fr\/nord-charente\/actualites\/veillee-pascale-sandra-et-david-ressucites-avec-jesus\/"},"wordCount":383,"commentCount":0,"publisher":{"@id":"https:\/\/charente.catholique.fr\/nord-charente\/#organization"},"image":{"@id":"https:\/\/charente.catholique.fr\/nord-charente\/actualites\/veillee-pascale-sandra-et-david-ressucites-avec-jesus\/#primaryimage"},"thumbnailUrl":"https:\/\/charente.catholique.fr\/nord-charente\/wp-content\/uploads\/sites\/4\/2020\/09\/eglise-aigre-2-scaled-e1712042215450.jpg","articleSection":["Actualit\u00e9s","Aigre","Mansle"],"inLanguage":"fr-FR","potentialAction":[{"@type":"CommentAction","name":"Comment","target":["https:\/\/charente.catholique.fr\/nord-charente\/actualites\/veillee-pascale-sandra-et-david-ressucites-avec-jesus\/#respond"]}]},{"@type":"WebPage","@id":"https:\/\/charente.catholique.fr\/nord-charente\/actualites\/veillee-pascale-sandra-et-david-ressucites-avec-jesus\/","url":"https:\/\/charente.catholique.fr\/nord-charente\/actualites\/veillee-pascale-sandra-et-david-ressucites-avec-jesus\/","name":"Veill\u00e9e pascale : Sandra et David, ressucit\u00e9s avec J\u00e9sus - Doyenn\u00e9 Nord Charente","isPartOf":{"@id":"https:\/\/charente.catholique.fr\/nord-charente\/#website"},"primaryImageOfPage":{"@id":"https:\/\/charente.catholique.fr\/nord-charente\/actualites\/veillee-pascale-sandra-et-david-ressucites-avec-jesus\/#primaryimage"},"image":{"@id":"https:\/\/charente.catholique.fr\/nord-charente\/actualites\/veillee-pascale-sandra-et-david-ressucites-avec-jesus\/#primaryimage"},"thumbnailUrl":"https:\/\/charente.catholique.fr\/nord-charente\/wp-content\/uploads\/sites\/4\/2020\/09\/eglise-aigre-2-scaled-e1712042215450.jpg","datePublished":"2024-05-01T12:19:52+00:00","dateModified":"2024-05-01T12:19:54+00:00","breadcrumb":{"@id":"https:\/\/charente.catholique.fr\/nord-charente\/actualites\/veillee-pascale-sandra-et-david-ressucites-avec-jesus\/#breadcrumb"},"inLanguage":"fr-FR","potentialAction":[{"@type":"ReadAction","target":["https:\/\/charente.catholique.fr\/nord-charente\/actualites\/veillee-pascale-sandra-et-david-ressucites-avec-jesus\/"]}]},{"@type":"ImageObject","inLanguage":"fr-FR","@id":"https:\/\/charente.catholique.fr\/nord-charente\/actualites\/veillee-pascale-sandra-et-david-ressucites-avec-jesus\/#primaryimage","url":"https:\/\/charente.catholique.fr\/nord-charente\/wp-content\/uploads\/sites\/4\/2020\/09\/eglise-aigre-2-scaled-e1712042215450.jpg","contentUrl":"https:\/\/charente.catholique.fr\/nord-charente\/wp-content\/uploads\/sites\/4\/2020\/09\/eglise-aigre-2-scaled-e1712042215450.jpg","width":2560,"height":1011},{"@type":"BreadcrumbList","@id":"https:\/\/charente.catholique.fr\/nord-charente\/actualites\/veillee-pascale-sandra-et-david-ressucites-avec-jesus\/#breadcrumb","itemListElement":[{"@type":"ListItem","position":1,"name":"Accueil","item":"https:\/\/charente.catholique.fr\/nord-charente\/"},{"@type":"ListItem","position":2,"name":"Veill\u00e9e pascale : Sandra et David, ressucit\u00e9s avec J\u00e9sus"}]},{"@type":"WebSite","@id":"https:\/\/charente.catholique.fr\/nord-charente\/#website","url":"https:\/\/charente.catholique.fr\/nord-charente\/","name":"Doyenn\u00e9 Nord Charente - Dioc\u00e8se d'Angoul\u00eame","description":"Dioc\u00e8se d&#039;Angoul\u00eame","publisher":{"@id":"https:\/\/charente.catholique.fr\/nord-charente\/#organization"},"potentialAction":[{"@type":"SearchAction","target":{"@type":"EntryPoint","urlTemplate":"https:\/\/charente.catholique.fr\/nord-charente\/?s={search_term_string}"},"query-input":{"@type":"PropertyValueSpecification","valueRequired":true,"valueName":"search_term_string"}}],"inLanguage":"fr-FR"},{"@type":"Organization","@id":"https:\/\/charente.catholique.fr\/nord-charente\/#organization","name":"Association dioc\u00e9saine d'Angoul\u00eame","url":"https:\/\/charente.catholique.fr\/nord-charente\/","logo":{"@type":"ImageObject","inLanguage":"fr-FR","@id":"https:\/\/charente.catholique.fr\/nord-charente\/#\/schema\/logo\/image\/","url":"https:\/\/charente.catholique.fr\/nord-charente\/wp-content\/uploads\/sites\/4\/2020\/10\/logos.png","contentUrl":"https:\/\/charente.catholique.fr\/nord-charente\/wp-content\/uploads\/sites\/4\/2020\/10\/logos.png","width":600,"height":257,"caption":"Association dioc\u00e9saine d'Angoul\u00eame"},"image":{"@id":"https:\/\/charente.catholique.fr\/nord-charente\/#\/schema\/logo\/image\/"},"sameAs":["https:\/\/www.facebook.com\/EgliseCatholiqueCharente","https:\/\/x.com\/diocesecharente","https:\/\/www.instagram.com\/eglisecharente","https:\/\/www.youtube.com\/channel\/UCByyFWApZbw3gDTiADoiAaQ"]},{"@type":"Person","@id":"https:\/\/charente.catholique.fr\/nord-charente\/#\/schema\/person\/5711de98abb018ff863964265e7ce7af","name":"Marie ZANDVLIET","image":{"@type":"ImageObject","inLanguage":"fr-FR","@id":"https:\/\/charente.catholique.fr\/nord-charente\/#\/schema\/person\/image\/","url":"https:\/\/secure.gravatar.com\/avatar\/34d53108a77f09d371d2aa77b0383414698788d6b70090bcbcda171708c34b28?s=96&d=mm&r=g","contentUrl":"https:\/\/secure.gravatar.com\/avatar\/34d53108a77f09d371d2aa77b0383414698788d6b70090bcbcda171708c34b28?s=96&d=mm&r=g","caption":"Marie ZANDVLIET"},"description":"Tel. 06 51 05 45 03","url":"https:\/\/charente.catholique.fr\/nord-charente\/author\/aigre\/"}]}},"_links":{"self":[{"href":"https:\/\/charente.catholique.fr\/nord-charente\/wp-json\/wp\/v2\/posts\/6505","targetHints":{"allow":["GET"]}}],"collection":[{"href":"https:\/\/charente.catholique.fr\/nord-charente\/wp-json\/wp\/v2\/posts"}],"about":[{"href":"https:\/\/charente.catholique.fr\/nord-charente\/wp-json\/wp\/v2\/types\/post"}],"author":[{"embeddable":true,"href":"https:\/\/charente.catholique.fr\/nord-charente\/wp-json\/wp\/v2\/users\/95"}],"replies":[{"embeddable":true,"href":"https:\/\/charente.catholique.fr\/nord-charente\/wp-json\/wp\/v2\/comments?post=6505"}],"version-history":[{"count":9,"href":"https:\/\/charente.catholique.fr\/nord-charente\/wp-json\/wp\/v2\/posts\/6505\/revisions"}],"predecessor-version":[{"id":6530,"href":"https:\/\/charente.catholique.fr\/nord-charente\/wp-json\/wp\/v2\/posts\/6505\/revisions\/6530"}],"wp:featuredmedia":[{"embeddable":true,"href":"https:\/\/charente.catholique.fr\/nord-charente\/wp-json\/wp\/v2\/media\/6302"}],"wp:attachment":[{"href":"https:\/\/charente.catholique.fr\/nord-charente\/wp-json\/wp\/v2\/media?parent=6505"}],"wp:term":[{"taxonomy":"category","embeddable":true,"href":"https:\/\/charente.catholique.fr\/nord-charente\/wp-json\/wp\/v2\/categories?post=6505"},{"taxonomy":"post_tag","embeddable":true,"href":"https:\/\/charente.catholique.fr\/nord-charente\/wp-json\/wp\/v2\/tags?post=6505"}],"curies":[{"name":"wp","href":"https:\/\/api.w.org\/{rel}","templated":true}]}}