{"id":6467,"date":"2024-04-29T15:31:50","date_gmt":"2024-04-29T13:31:50","guid":{"rendered":"https:\/\/charente.catholique.fr\/nord-charente\/?p=6467"},"modified":"2024-04-29T15:34:26","modified_gmt":"2024-04-29T13:34:26","slug":"pere-francois-gilles-edelin-cure-de-longre-en-1783","status":"publish","type":"post","link":"https:\/\/charente.catholique.fr\/nord-charente\/actualites\/pere-francois-gilles-edelin-cure-de-longre-en-1783\/","title":{"rendered":"P\u00e8re FRAN\u00c7OIS-GILLES EDELIN ,cur\u00e9 de Longr\u00e9 en 1783 !"},"content":{"rendered":"\n<p><strong>Le week-end de la Pentec\u00f4te,<\/strong> <strong>nous sommes invit\u00e9s&nbsp; \u00e0 L\u2019ile Madame \u00e0 un p\u00e8lerinage&nbsp; de pri\u00e8res&nbsp; pour les vocations en rendant&nbsp; gr\u00e2ce \u00e0 nos pr\u00eatres dans la terreur r\u00e9volutionnaire qui ont donn\u00e9 leur vie jusqu\u2019au bout<\/strong> \u2026 <\/p>\n\n\n<div class=\"wp-block-image\">\n<figure class=\"aligncenter size-full\"><img loading=\"lazy\" decoding=\"async\" width=\"512\" height=\"130\" src=\"https:\/\/charente.catholique.fr\/nord-charente\/wp-content\/uploads\/sites\/4\/2024\/04\/im0.jpg\" alt=\"\" class=\"wp-image-6471\" srcset=\"https:\/\/charente.catholique.fr\/nord-charente\/wp-content\/uploads\/sites\/4\/2024\/04\/im0.jpg 512w, https:\/\/charente.catholique.fr\/nord-charente\/wp-content\/uploads\/sites\/4\/2024\/04\/im0-300x76.jpg 300w\" sizes=\"auto, (max-width: 512px) 100vw, 512px\" \/><\/figure>\n<\/div>\n\n\n<p><strong>Un week-end de pri\u00e8res<\/strong> <strong> pour<\/strong> \u00ab\u00a0<strong>P\u00e8re<\/strong> <strong>FRAN\u00c7OIS-GILLES EDELIN<\/strong> (<strong> 1738-1793<\/strong>) <strong>qui<\/strong>  <strong>\u00e9tait cur\u00e9 de Longr\u00e9  de 1783 \u00e0 1793 quand survint la R\u00e9volution. <\/strong><\/p>\n\n\n<div class=\"wp-block-image is-style-rounded\">\n<figure class=\"alignright size-full is-resized\"><img loading=\"lazy\" decoding=\"async\" width=\"406\" height=\"423\" src=\"https:\/\/charente.catholique.fr\/nord-charente\/wp-content\/uploads\/sites\/4\/2024\/04\/v.jpg\" alt=\"\" class=\"wp-image-6473\" style=\"width:428px;height:auto\" srcset=\"https:\/\/charente.catholique.fr\/nord-charente\/wp-content\/uploads\/sites\/4\/2024\/04\/v.jpg 406w, https:\/\/charente.catholique.fr\/nord-charente\/wp-content\/uploads\/sites\/4\/2024\/04\/v-288x300.jpg 288w\" sizes=\"auto, (max-width: 406px) 100vw, 406px\" \/><\/figure>\n<\/div>\n\n\n<figure class=\"wp-block-image size-full is-resized is-style-rounded\"><img loading=\"lazy\" decoding=\"async\" width=\"800\" height=\"1067\" src=\"https:\/\/charente.catholique.fr\/nord-charente\/wp-content\/uploads\/sites\/4\/2024\/04\/PHOTO-2024-04-26-12-17-18.jpg\" alt=\"\" class=\"wp-image-6472\" style=\"width:399px;height:auto\" srcset=\"https:\/\/charente.catholique.fr\/nord-charente\/wp-content\/uploads\/sites\/4\/2024\/04\/PHOTO-2024-04-26-12-17-18.jpg 800w, https:\/\/charente.catholique.fr\/nord-charente\/wp-content\/uploads\/sites\/4\/2024\/04\/PHOTO-2024-04-26-12-17-18-225x300.jpg 225w, https:\/\/charente.catholique.fr\/nord-charente\/wp-content\/uploads\/sites\/4\/2024\/04\/PHOTO-2024-04-26-12-17-18-768x1024.jpg 768w\" sizes=\"auto, (max-width: 800px) 100vw, 800px\" \/><\/figure>\n\n\n\n<p>&#8220;<strong>Conform\u00e9ment aux ordres du Souverain Pontife Pie VI, il refusa de pr\u00eater serment \u00e0 la constitution civile du clerg\u00e9 et bient\u00f4t fut oblig\u00e9 de quitter sa paroisse comme la plupart des pr\u00eatres inserment\u00e9s.<\/strong> <strong>Arriv\u00e9 \u00e0 Angers le 13 octobre 1791, il y r\u00e9sida pendant quatre mois chez M. Gabillard, place Neuve. Apr\u00e8s un s\u00e9jour de cinq semaines \u00e0 Longr\u00e9, il revint \u00e0 Angers et prit domicile rue Saint-Blaise (17 mars 1792).<\/strong> <\/p>\n\n\n<div class=\"wp-block-image\">\n<figure class=\"alignleft size-full is-resized\"><img loading=\"lazy\" decoding=\"async\" width=\"703\" height=\"431\" src=\"https:\/\/charente.catholique.fr\/nord-charente\/wp-content\/uploads\/sites\/4\/2024\/04\/113122031.jpg\" alt=\"\" class=\"wp-image-6470\" style=\"width:369px;height:auto\" srcset=\"https:\/\/charente.catholique.fr\/nord-charente\/wp-content\/uploads\/sites\/4\/2024\/04\/113122031.jpg 703w, https:\/\/charente.catholique.fr\/nord-charente\/wp-content\/uploads\/sites\/4\/2024\/04\/113122031-300x184.jpg 300w\" sizes=\"auto, (max-width: 703px) 100vw, 703px\" \/><\/figure>\n<\/div>\n\n\n<p><strong>Le 8 d\u00e9cembre 1793, un hussard l&#8217;arr\u00eate \u00e0 la Roche-d&#8217;\u00c9rign\u00e9. Conduit devant le g\u00e9n\u00e9ral en chef Rossignol, puis devant le Comit\u00e9 r\u00e9volutionnaire d&#8217;Angers, M. Edelin comparut d\u00e8s le 9 d\u00e9cembre devant la Commission Militaire pr\u00e9sid\u00e9e par le citoyen Proust.<\/strong><\/p>\n\n\n\n<p><strong>Voici son interrogatoire :<\/strong><\/p>\n\n\n\n<p><strong><em>&#8220;Interpell\u00e9 s&#8217;il a pr\u00eat\u00e9 le serment exig\u00e9 par la loi, a r\u00e9pondu que non. &#8211; Dans quel lieu, par qui il a \u00e9t\u00e9 arr\u00eat\u00e9 et quel jour ? Aux roches d&#8217;\u00c9rign\u00e9, le 8 de ce mois, cinq heures du soir, par un hussard. &#8211; S&#8217;il a \u00e9t\u00e9 \u00e0 La Fl\u00e8che et autres endroits avec l&#8217;arm\u00e9e des brigands ? Oui ; il les a suivis dans toute leur tourn\u00e9e. &#8211; S&#8217;il a exerc\u00e9 ses fonctions eccl\u00e9siastiques avec les brigands ? Non. &#8211; Comment il a fait pour vivre avec eux ? Il est rest\u00e9 quatre mois (juin-octobre 1793) chez son fr\u00e8re, chanoine de Saint-Pierre-Montlimart, et ensuite il a suivi l&#8217;arm\u00e9e avec lui.&#8221;<\/em><\/strong><\/p>\n\n\n\n<p class=\"has-text-align-center\"><strong><em>S\u00e9ance tenante, il est condamn\u00e9 \u00e0 mort pour trois motifs :<\/em><\/strong><\/p>\n\n\n\n<p class=\"has-text-align-center has-medium-font-size\"><em><strong>&#8220;Avoir eu des intelligences avec les brigands de la Vend\u00e9e ;<\/strong><br><strong>Avoir fait partie des rassemblements de ces brigands ;<\/strong><br><strong>Avoir provoqu\u00e9 au r\u00e9tablissement de la royaut\u00e9 et \u00e0 la destruction de la R\u00e9publique Fran\u00e7aise.&#8221;<\/strong><\/em><\/p>\n\n\n<div class=\"wp-block-image is-style-rounded\">\n<figure class=\"aligncenter size-full is-resized\"><img loading=\"lazy\" decoding=\"async\" width=\"800\" height=\"1067\" src=\"https:\/\/charente.catholique.fr\/nord-charente\/wp-content\/uploads\/sites\/4\/2024\/04\/PHOTO-2024-04-26-12-17-18-1.jpg\" alt=\"\" class=\"wp-image-6474\" style=\"width:383px;height:auto\" srcset=\"https:\/\/charente.catholique.fr\/nord-charente\/wp-content\/uploads\/sites\/4\/2024\/04\/PHOTO-2024-04-26-12-17-18-1.jpg 800w, https:\/\/charente.catholique.fr\/nord-charente\/wp-content\/uploads\/sites\/4\/2024\/04\/PHOTO-2024-04-26-12-17-18-1-225x300.jpg 225w, https:\/\/charente.catholique.fr\/nord-charente\/wp-content\/uploads\/sites\/4\/2024\/04\/PHOTO-2024-04-26-12-17-18-1-768x1024.jpg 768w\" sizes=\"auto, (max-width: 800px) 100vw, 800px\" \/><\/figure>\n<\/div>\n\n\n<p class=\"has-medium-font-size\"><strong>Dans la soir\u00e9e du m\u00eame jour, 9 d\u00e9cembre, il \u00e9tait guillotin\u00e9 sur la place du Ralliement.&nbsp;\u00bbSource L\u2019Anjou Historique <\/strong>.<\/p>\n\n\n\n<p><\/p>\n\n\n\n<h1 class=\"wp-block-heading has-text-align-center has-medium-font-size\">En communion de pri\u00e8re avec le Psaume 42<\/h1>\n\n\n\n<p class=\"has-text-align-center\">&#8220;01<strong> Rends-moi justice, \u00f4 mon Dieu, d\u00e9fends ma cause contre un peuple sans foi ; * de l&#8217;homme qui ruse et trahit, lib\u00e8re-moi.<\/strong><\/p>\n\n\n\n<p class=\"has-text-align-center\">02 <strong>C&#8217;est toi, Dieu, ma forteresse : pourquoi me rejeter ? * Pourquoi vais-je assombri, press\u00e9 par l&#8217;ennemi ?<\/strong><\/p>\n\n\n\n<p class=\"has-text-align-center\">03<strong> Envoie ta lumi\u00e8re et ta v\u00e9rit\u00e9 : qu&#8217;elles guident mes pas * et me conduisent \u00e0 ta montagne sainte, jusqu&#8217;en ta demeure.<\/strong><\/p>\n\n\n\n<p class=\"has-text-align-center\">04 <strong>J&#8217;avancerai jusqu&#8217;\u00e0 l&#8217;autel de Dieu, vers Dieu qui est toute ma joie ; * je te rendrai gr\u00e2ce avec ma harpe, Dieu, mon Dieu !<\/strong><\/p>\n\n\n\n<p class=\"has-text-align-center\">05 R \/ <strong>Pourquoi te d\u00e9soler, \u00f4 mon \u00e2me, et g\u00e9mir sur moi ? * Esp\u00e8re en Dieu ! De nouveau je rendrai gr\u00e2ce : il est mon sauveur et mon Dieu !<\/strong>&#8220;<\/p>\n","protected":false},"excerpt":{"rendered":"<p>Le week-end de la Pentec\u00f4te, nous sommes invit\u00e9s&nbsp; \u00e0 L\u2019ile Madame \u00e0 un p\u00e8lerinage&nbsp; de pri\u00e8res&nbsp; pour les vocations en rendant&nbsp; gr\u00e2ce \u00e0 nos pr\u00eatres dans la terreur r\u00e9volutionnaire qui ont donn\u00e9 leur vie jusqu\u2019au bout \u2026 Un week-end de pri\u00e8res pour \u00ab\u00a0P\u00e8re FRAN\u00c7OIS-GILLES EDELIN ( 1738-1793) qui \u00e9tait cur\u00e9 de Longr\u00e9 de 1783 \u00e0 [&hellip;]<\/p>\n","protected":false},"author":38,"featured_media":6471,"comment_status":"open","ping_status":"open","sticky":false,"template":"","format":"standard","meta":{"_acf_changed":false,"paroisse":["14"],"service":["0"],"footnotes":""},"categories":[1],"tags":[],"class_list":["post-6467","post","type-post","status-publish","format-standard","has-post-thumbnail","hentry","category-actualites"],"acf":[],"yoast_head":"<!-- This site is optimized with the Yoast SEO plugin v27.1.1 - https:\/\/yoast.com\/product\/yoast-seo-wordpress\/ -->\n<title>P\u00e8re FRAN\u00c7OIS-GILLES EDELIN ,cur\u00e9 de Longr\u00e9 en 1783 ! - Doyenn\u00e9 Nord Charente<\/title>\n<meta name=\"robots\" content=\"index, follow, max-snippet:-1, max-image-preview:large, max-video-preview:-1\" \/>\n<link rel=\"canonical\" href=\"https:\/\/charente.catholique.fr\/nord-charente\/actualites\/pere-francois-gilles-edelin-cure-de-longre-en-1783\/\" \/>\n<meta property=\"og:locale\" content=\"fr_FR\" \/>\n<meta property=\"og:type\" content=\"article\" \/>\n<meta property=\"og:title\" content=\"P\u00e8re FRAN\u00c7OIS-GILLES EDELIN ,cur\u00e9 de Longr\u00e9 en 1783 ! - Doyenn\u00e9 Nord Charente\" \/>\n<meta property=\"og:description\" content=\"Le week-end de la Pentec\u00f4te, nous sommes invit\u00e9s&nbsp; \u00e0 L\u2019ile Madame \u00e0 un p\u00e8lerinage&nbsp; de pri\u00e8res&nbsp; pour les vocations en rendant&nbsp; gr\u00e2ce \u00e0 nos pr\u00eatres dans la terreur r\u00e9volutionnaire qui ont donn\u00e9 leur vie jusqu\u2019au bout \u2026 Un week-end de pri\u00e8res pour \u00ab\u00a0P\u00e8re FRAN\u00c7OIS-GILLES EDELIN ( 1738-1793) qui \u00e9tait cur\u00e9 de Longr\u00e9 de 1783 \u00e0 [&hellip;]\" \/>\n<meta property=\"og:url\" content=\"https:\/\/charente.catholique.fr\/nord-charente\/actualites\/pere-francois-gilles-edelin-cure-de-longre-en-1783\/\" \/>\n<meta property=\"og:site_name\" content=\"Doyenn\u00e9 Nord Charente\" \/>\n<meta property=\"article:publisher\" content=\"https:\/\/www.facebook.com\/EgliseCatholiqueCharente\" \/>\n<meta property=\"article:published_time\" content=\"2024-04-29T13:31:50+00:00\" \/>\n<meta property=\"article:modified_time\" content=\"2024-04-29T13:34:26+00:00\" \/>\n<meta property=\"og:image\" content=\"https:\/\/charente.catholique.fr\/nord-charente\/wp-content\/uploads\/sites\/4\/2024\/04\/im0.jpg\" \/>\n\t<meta property=\"og:image:width\" content=\"512\" \/>\n\t<meta property=\"og:image:height\" content=\"130\" \/>\n\t<meta property=\"og:image:type\" content=\"image\/jpeg\" \/>\n<meta name=\"author\" content=\"joelleayrault\" \/>\n<meta name=\"twitter:card\" content=\"summary_large_image\" \/>\n<meta name=\"twitter:creator\" content=\"@diocesecharente\" \/>\n<meta name=\"twitter:site\" content=\"@diocesecharente\" \/>\n<meta name=\"twitter:label1\" content=\"\u00c9crit par\" \/>\n\t<meta name=\"twitter:data1\" content=\"joelleayrault\" \/>\n\t<meta name=\"twitter:label2\" content=\"Dur\u00e9e de lecture estim\u00e9e\" \/>\n\t<meta name=\"twitter:data2\" content=\"4 minutes\" \/>\n<script type=\"application\/ld+json\" class=\"yoast-schema-graph\">{\"@context\":\"https:\/\/schema.org\",\"@graph\":[{\"@type\":\"Article\",\"@id\":\"https:\/\/charente.catholique.fr\/nord-charente\/actualites\/pere-francois-gilles-edelin-cure-de-longre-en-1783\/#article\",\"isPartOf\":{\"@id\":\"https:\/\/charente.catholique.fr\/nord-charente\/actualites\/pere-francois-gilles-edelin-cure-de-longre-en-1783\/\"},\"author\":{\"name\":\"joelleayrault\",\"@id\":\"https:\/\/charente.catholique.fr\/nord-charente\/#\/schema\/person\/51184492e4abba33e5d768059a70f4db\"},\"headline\":\"P\u00e8re FRAN\u00c7OIS-GILLES EDELIN ,cur\u00e9 de Longr\u00e9 en 1783 !\",\"datePublished\":\"2024-04-29T13:31:50+00:00\",\"dateModified\":\"2024-04-29T13:34:26+00:00\",\"mainEntityOfPage\":{\"@id\":\"https:\/\/charente.catholique.fr\/nord-charente\/actualites\/pere-francois-gilles-edelin-cure-de-longre-en-1783\/\"},\"wordCount\":509,\"commentCount\":0,\"publisher\":{\"@id\":\"https:\/\/charente.catholique.fr\/nord-charente\/#organization\"},\"image\":{\"@id\":\"https:\/\/charente.catholique.fr\/nord-charente\/actualites\/pere-francois-gilles-edelin-cure-de-longre-en-1783\/#primaryimage\"},\"thumbnailUrl\":\"https:\/\/charente.catholique.fr\/nord-charente\/wp-content\/uploads\/sites\/4\/2024\/04\/im0.jpg\",\"articleSection\":[\"Actualit\u00e9s\"],\"inLanguage\":\"fr-FR\",\"potentialAction\":[{\"@type\":\"CommentAction\",\"name\":\"Comment\",\"target\":[\"https:\/\/charente.catholique.fr\/nord-charente\/actualites\/pere-francois-gilles-edelin-cure-de-longre-en-1783\/#respond\"]}]},{\"@type\":\"WebPage\",\"@id\":\"https:\/\/charente.catholique.fr\/nord-charente\/actualites\/pere-francois-gilles-edelin-cure-de-longre-en-1783\/\",\"url\":\"https:\/\/charente.catholique.fr\/nord-charente\/actualites\/pere-francois-gilles-edelin-cure-de-longre-en-1783\/\",\"name\":\"P\u00e8re FRAN\u00c7OIS-GILLES EDELIN ,cur\u00e9 de Longr\u00e9 en 1783 ! - Doyenn\u00e9 Nord Charente\",\"isPartOf\":{\"@id\":\"https:\/\/charente.catholique.fr\/nord-charente\/#website\"},\"primaryImageOfPage\":{\"@id\":\"https:\/\/charente.catholique.fr\/nord-charente\/actualites\/pere-francois-gilles-edelin-cure-de-longre-en-1783\/#primaryimage\"},\"image\":{\"@id\":\"https:\/\/charente.catholique.fr\/nord-charente\/actualites\/pere-francois-gilles-edelin-cure-de-longre-en-1783\/#primaryimage\"},\"thumbnailUrl\":\"https:\/\/charente.catholique.fr\/nord-charente\/wp-content\/uploads\/sites\/4\/2024\/04\/im0.jpg\",\"datePublished\":\"2024-04-29T13:31:50+00:00\",\"dateModified\":\"2024-04-29T13:34:26+00:00\",\"breadcrumb\":{\"@id\":\"https:\/\/charente.catholique.fr\/nord-charente\/actualites\/pere-francois-gilles-edelin-cure-de-longre-en-1783\/#breadcrumb\"},\"inLanguage\":\"fr-FR\",\"potentialAction\":[{\"@type\":\"ReadAction\",\"target\":[\"https:\/\/charente.catholique.fr\/nord-charente\/actualites\/pere-francois-gilles-edelin-cure-de-longre-en-1783\/\"]}]},{\"@type\":\"ImageObject\",\"inLanguage\":\"fr-FR\",\"@id\":\"https:\/\/charente.catholique.fr\/nord-charente\/actualites\/pere-francois-gilles-edelin-cure-de-longre-en-1783\/#primaryimage\",\"url\":\"https:\/\/charente.catholique.fr\/nord-charente\/wp-content\/uploads\/sites\/4\/2024\/04\/im0.jpg\",\"contentUrl\":\"https:\/\/charente.catholique.fr\/nord-charente\/wp-content\/uploads\/sites\/4\/2024\/04\/im0.jpg\",\"width\":512,\"height\":130},{\"@type\":\"BreadcrumbList\",\"@id\":\"https:\/\/charente.catholique.fr\/nord-charente\/actualites\/pere-francois-gilles-edelin-cure-de-longre-en-1783\/#breadcrumb\",\"itemListElement\":[{\"@type\":\"ListItem\",\"position\":1,\"name\":\"Accueil\",\"item\":\"https:\/\/charente.catholique.fr\/nord-charente\/\"},{\"@type\":\"ListItem\",\"position\":2,\"name\":\"P\u00e8re FRAN\u00c7OIS-GILLES EDELIN ,cur\u00e9 de Longr\u00e9 en 1783 !\"}]},{\"@type\":\"WebSite\",\"@id\":\"https:\/\/charente.catholique.fr\/nord-charente\/#website\",\"url\":\"https:\/\/charente.catholique.fr\/nord-charente\/\",\"name\":\"Doyenn\u00e9 Nord Charente - Dioc\u00e8se d'Angoul\u00eame\",\"description\":\"Dioc\u00e8se d&#039;Angoul\u00eame\",\"publisher\":{\"@id\":\"https:\/\/charente.catholique.fr\/nord-charente\/#organization\"},\"potentialAction\":[{\"@type\":\"SearchAction\",\"target\":{\"@type\":\"EntryPoint\",\"urlTemplate\":\"https:\/\/charente.catholique.fr\/nord-charente\/?s={search_term_string}\"},\"query-input\":{\"@type\":\"PropertyValueSpecification\",\"valueRequired\":true,\"valueName\":\"search_term_string\"}}],\"inLanguage\":\"fr-FR\"},{\"@type\":\"Organization\",\"@id\":\"https:\/\/charente.catholique.fr\/nord-charente\/#organization\",\"name\":\"Association dioc\u00e9saine d'Angoul\u00eame\",\"url\":\"https:\/\/charente.catholique.fr\/nord-charente\/\",\"logo\":{\"@type\":\"ImageObject\",\"inLanguage\":\"fr-FR\",\"@id\":\"https:\/\/charente.catholique.fr\/nord-charente\/#\/schema\/logo\/image\/\",\"url\":\"https:\/\/charente.catholique.fr\/nord-charente\/wp-content\/uploads\/sites\/4\/2020\/10\/logos.png\",\"contentUrl\":\"https:\/\/charente.catholique.fr\/nord-charente\/wp-content\/uploads\/sites\/4\/2020\/10\/logos.png\",\"width\":600,\"height\":257,\"caption\":\"Association dioc\u00e9saine d'Angoul\u00eame\"},\"image\":{\"@id\":\"https:\/\/charente.catholique.fr\/nord-charente\/#\/schema\/logo\/image\/\"},\"sameAs\":[\"https:\/\/www.facebook.com\/EgliseCatholiqueCharente\",\"https:\/\/x.com\/diocesecharente\",\"https:\/\/www.instagram.com\/eglisecharente\",\"https:\/\/www.youtube.com\/channel\/UCByyFWApZbw3gDTiADoiAaQ\"]},{\"@type\":\"Person\",\"@id\":\"https:\/\/charente.catholique.fr\/nord-charente\/#\/schema\/person\/51184492e4abba33e5d768059a70f4db\",\"name\":\"joelleayrault\",\"image\":{\"@type\":\"ImageObject\",\"inLanguage\":\"fr-FR\",\"@id\":\"https:\/\/charente.catholique.fr\/nord-charente\/#\/schema\/person\/image\/\",\"url\":\"https:\/\/secure.gravatar.com\/avatar\/3bd3977af99690427d59b19ec7b6bd94226de63be5c368ae8d090f2d7f86dd5f?s=96&d=mm&r=g\",\"contentUrl\":\"https:\/\/secure.gravatar.com\/avatar\/3bd3977af99690427d59b19ec7b6bd94226de63be5c368ae8d090f2d7f86dd5f?s=96&d=mm&r=g\",\"caption\":\"joelleayrault\"},\"url\":\"https:\/\/charente.catholique.fr\/nord-charente\/author\/joelleayrault\/\"}]}<\/script>\n<!-- \/ Yoast SEO plugin. -->","yoast_head_json":{"title":"P\u00e8re FRAN\u00c7OIS-GILLES EDELIN ,cur\u00e9 de Longr\u00e9 en 1783 ! - Doyenn\u00e9 Nord Charente","robots":{"index":"index","follow":"follow","max-snippet":"max-snippet:-1","max-image-preview":"max-image-preview:large","max-video-preview":"max-video-preview:-1"},"canonical":"https:\/\/charente.catholique.fr\/nord-charente\/actualites\/pere-francois-gilles-edelin-cure-de-longre-en-1783\/","og_locale":"fr_FR","og_type":"article","og_title":"P\u00e8re FRAN\u00c7OIS-GILLES EDELIN ,cur\u00e9 de Longr\u00e9 en 1783 ! - Doyenn\u00e9 Nord Charente","og_description":"Le week-end de la Pentec\u00f4te, nous sommes invit\u00e9s&nbsp; \u00e0 L\u2019ile Madame \u00e0 un p\u00e8lerinage&nbsp; de pri\u00e8res&nbsp; pour les vocations en rendant&nbsp; gr\u00e2ce \u00e0 nos pr\u00eatres dans la terreur r\u00e9volutionnaire qui ont donn\u00e9 leur vie jusqu\u2019au bout \u2026 Un week-end de pri\u00e8res pour \u00ab\u00a0P\u00e8re FRAN\u00c7OIS-GILLES EDELIN ( 1738-1793) qui \u00e9tait cur\u00e9 de Longr\u00e9 de 1783 \u00e0 [&hellip;]","og_url":"https:\/\/charente.catholique.fr\/nord-charente\/actualites\/pere-francois-gilles-edelin-cure-de-longre-en-1783\/","og_site_name":"Doyenn\u00e9 Nord Charente","article_publisher":"https:\/\/www.facebook.com\/EgliseCatholiqueCharente","article_published_time":"2024-04-29T13:31:50+00:00","article_modified_time":"2024-04-29T13:34:26+00:00","og_image":[{"width":512,"height":130,"url":"https:\/\/charente.catholique.fr\/nord-charente\/wp-content\/uploads\/sites\/4\/2024\/04\/im0.jpg","type":"image\/jpeg"}],"author":"joelleayrault","twitter_card":"summary_large_image","twitter_creator":"@diocesecharente","twitter_site":"@diocesecharente","twitter_misc":{"\u00c9crit par":"joelleayrault","Dur\u00e9e de lecture estim\u00e9e":"4 minutes"},"schema":{"@context":"https:\/\/schema.org","@graph":[{"@type":"Article","@id":"https:\/\/charente.catholique.fr\/nord-charente\/actualites\/pere-francois-gilles-edelin-cure-de-longre-en-1783\/#article","isPartOf":{"@id":"https:\/\/charente.catholique.fr\/nord-charente\/actualites\/pere-francois-gilles-edelin-cure-de-longre-en-1783\/"},"author":{"name":"joelleayrault","@id":"https:\/\/charente.catholique.fr\/nord-charente\/#\/schema\/person\/51184492e4abba33e5d768059a70f4db"},"headline":"P\u00e8re FRAN\u00c7OIS-GILLES EDELIN ,cur\u00e9 de Longr\u00e9 en 1783 !","datePublished":"2024-04-29T13:31:50+00:00","dateModified":"2024-04-29T13:34:26+00:00","mainEntityOfPage":{"@id":"https:\/\/charente.catholique.fr\/nord-charente\/actualites\/pere-francois-gilles-edelin-cure-de-longre-en-1783\/"},"wordCount":509,"commentCount":0,"publisher":{"@id":"https:\/\/charente.catholique.fr\/nord-charente\/#organization"},"image":{"@id":"https:\/\/charente.catholique.fr\/nord-charente\/actualites\/pere-francois-gilles-edelin-cure-de-longre-en-1783\/#primaryimage"},"thumbnailUrl":"https:\/\/charente.catholique.fr\/nord-charente\/wp-content\/uploads\/sites\/4\/2024\/04\/im0.jpg","articleSection":["Actualit\u00e9s"],"inLanguage":"fr-FR","potentialAction":[{"@type":"CommentAction","name":"Comment","target":["https:\/\/charente.catholique.fr\/nord-charente\/actualites\/pere-francois-gilles-edelin-cure-de-longre-en-1783\/#respond"]}]},{"@type":"WebPage","@id":"https:\/\/charente.catholique.fr\/nord-charente\/actualites\/pere-francois-gilles-edelin-cure-de-longre-en-1783\/","url":"https:\/\/charente.catholique.fr\/nord-charente\/actualites\/pere-francois-gilles-edelin-cure-de-longre-en-1783\/","name":"P\u00e8re FRAN\u00c7OIS-GILLES EDELIN ,cur\u00e9 de Longr\u00e9 en 1783 ! - Doyenn\u00e9 Nord Charente","isPartOf":{"@id":"https:\/\/charente.catholique.fr\/nord-charente\/#website"},"primaryImageOfPage":{"@id":"https:\/\/charente.catholique.fr\/nord-charente\/actualites\/pere-francois-gilles-edelin-cure-de-longre-en-1783\/#primaryimage"},"image":{"@id":"https:\/\/charente.catholique.fr\/nord-charente\/actualites\/pere-francois-gilles-edelin-cure-de-longre-en-1783\/#primaryimage"},"thumbnailUrl":"https:\/\/charente.catholique.fr\/nord-charente\/wp-content\/uploads\/sites\/4\/2024\/04\/im0.jpg","datePublished":"2024-04-29T13:31:50+00:00","dateModified":"2024-04-29T13:34:26+00:00","breadcrumb":{"@id":"https:\/\/charente.catholique.fr\/nord-charente\/actualites\/pere-francois-gilles-edelin-cure-de-longre-en-1783\/#breadcrumb"},"inLanguage":"fr-FR","potentialAction":[{"@type":"ReadAction","target":["https:\/\/charente.catholique.fr\/nord-charente\/actualites\/pere-francois-gilles-edelin-cure-de-longre-en-1783\/"]}]},{"@type":"ImageObject","inLanguage":"fr-FR","@id":"https:\/\/charente.catholique.fr\/nord-charente\/actualites\/pere-francois-gilles-edelin-cure-de-longre-en-1783\/#primaryimage","url":"https:\/\/charente.catholique.fr\/nord-charente\/wp-content\/uploads\/sites\/4\/2024\/04\/im0.jpg","contentUrl":"https:\/\/charente.catholique.fr\/nord-charente\/wp-content\/uploads\/sites\/4\/2024\/04\/im0.jpg","width":512,"height":130},{"@type":"BreadcrumbList","@id":"https:\/\/charente.catholique.fr\/nord-charente\/actualites\/pere-francois-gilles-edelin-cure-de-longre-en-1783\/#breadcrumb","itemListElement":[{"@type":"ListItem","position":1,"name":"Accueil","item":"https:\/\/charente.catholique.fr\/nord-charente\/"},{"@type":"ListItem","position":2,"name":"P\u00e8re FRAN\u00c7OIS-GILLES EDELIN ,cur\u00e9 de Longr\u00e9 en 1783 !"}]},{"@type":"WebSite","@id":"https:\/\/charente.catholique.fr\/nord-charente\/#website","url":"https:\/\/charente.catholique.fr\/nord-charente\/","name":"Doyenn\u00e9 Nord Charente - Dioc\u00e8se d'Angoul\u00eame","description":"Dioc\u00e8se d&#039;Angoul\u00eame","publisher":{"@id":"https:\/\/charente.catholique.fr\/nord-charente\/#organization"},"potentialAction":[{"@type":"SearchAction","target":{"@type":"EntryPoint","urlTemplate":"https:\/\/charente.catholique.fr\/nord-charente\/?s={search_term_string}"},"query-input":{"@type":"PropertyValueSpecification","valueRequired":true,"valueName":"search_term_string"}}],"inLanguage":"fr-FR"},{"@type":"Organization","@id":"https:\/\/charente.catholique.fr\/nord-charente\/#organization","name":"Association dioc\u00e9saine d'Angoul\u00eame","url":"https:\/\/charente.catholique.fr\/nord-charente\/","logo":{"@type":"ImageObject","inLanguage":"fr-FR","@id":"https:\/\/charente.catholique.fr\/nord-charente\/#\/schema\/logo\/image\/","url":"https:\/\/charente.catholique.fr\/nord-charente\/wp-content\/uploads\/sites\/4\/2020\/10\/logos.png","contentUrl":"https:\/\/charente.catholique.fr\/nord-charente\/wp-content\/uploads\/sites\/4\/2020\/10\/logos.png","width":600,"height":257,"caption":"Association dioc\u00e9saine d'Angoul\u00eame"},"image":{"@id":"https:\/\/charente.catholique.fr\/nord-charente\/#\/schema\/logo\/image\/"},"sameAs":["https:\/\/www.facebook.com\/EgliseCatholiqueCharente","https:\/\/x.com\/diocesecharente","https:\/\/www.instagram.com\/eglisecharente","https:\/\/www.youtube.com\/channel\/UCByyFWApZbw3gDTiADoiAaQ"]},{"@type":"Person","@id":"https:\/\/charente.catholique.fr\/nord-charente\/#\/schema\/person\/51184492e4abba33e5d768059a70f4db","name":"joelleayrault","image":{"@type":"ImageObject","inLanguage":"fr-FR","@id":"https:\/\/charente.catholique.fr\/nord-charente\/#\/schema\/person\/image\/","url":"https:\/\/secure.gravatar.com\/avatar\/3bd3977af99690427d59b19ec7b6bd94226de63be5c368ae8d090f2d7f86dd5f?s=96&d=mm&r=g","contentUrl":"https:\/\/secure.gravatar.com\/avatar\/3bd3977af99690427d59b19ec7b6bd94226de63be5c368ae8d090f2d7f86dd5f?s=96&d=mm&r=g","caption":"joelleayrault"},"url":"https:\/\/charente.catholique.fr\/nord-charente\/author\/joelleayrault\/"}]}},"_links":{"self":[{"href":"https:\/\/charente.catholique.fr\/nord-charente\/wp-json\/wp\/v2\/posts\/6467","targetHints":{"allow":["GET"]}}],"collection":[{"href":"https:\/\/charente.catholique.fr\/nord-charente\/wp-json\/wp\/v2\/posts"}],"about":[{"href":"https:\/\/charente.catholique.fr\/nord-charente\/wp-json\/wp\/v2\/types\/post"}],"author":[{"embeddable":true,"href":"https:\/\/charente.catholique.fr\/nord-charente\/wp-json\/wp\/v2\/users\/38"}],"replies":[{"embeddable":true,"href":"https:\/\/charente.catholique.fr\/nord-charente\/wp-json\/wp\/v2\/comments?post=6467"}],"version-history":[{"count":3,"href":"https:\/\/charente.catholique.fr\/nord-charente\/wp-json\/wp\/v2\/posts\/6467\/revisions"}],"predecessor-version":[{"id":6478,"href":"https:\/\/charente.catholique.fr\/nord-charente\/wp-json\/wp\/v2\/posts\/6467\/revisions\/6478"}],"wp:featuredmedia":[{"embeddable":true,"href":"https:\/\/charente.catholique.fr\/nord-charente\/wp-json\/wp\/v2\/media\/6471"}],"wp:attachment":[{"href":"https:\/\/charente.catholique.fr\/nord-charente\/wp-json\/wp\/v2\/media?parent=6467"}],"wp:term":[{"taxonomy":"category","embeddable":true,"href":"https:\/\/charente.catholique.fr\/nord-charente\/wp-json\/wp\/v2\/categories?post=6467"},{"taxonomy":"post_tag","embeddable":true,"href":"https:\/\/charente.catholique.fr\/nord-charente\/wp-json\/wp\/v2\/tags?post=6467"}],"curies":[{"name":"wp","href":"https:\/\/api.w.org\/{rel}","templated":true}]}}