{"id":6406,"date":"2024-04-22T09:46:36","date_gmt":"2024-04-22T07:46:36","guid":{"rendered":"https:\/\/charente.catholique.fr\/nord-charente\/?p=6406"},"modified":"2024-04-22T09:46:37","modified_gmt":"2024-04-22T07:46:37","slug":"pelerinage-de-la-misericorde-a-lourdes-04-avril-2024","status":"publish","type":"post","link":"https:\/\/charente.catholique.fr\/nord-charente\/actualites\/pelerinage-de-la-misericorde-a-lourdes-04-avril-2024\/","title":{"rendered":"P\u00e8lerinage de la Mis\u00e9ricorde \u00e0 Lourdes :04 AVRIL 2024"},"content":{"rendered":"\n<p><strong><u>P\u00e8lerinage de la Mis\u00e9ricorde \u00e0 Lourdes<\/u><\/strong> \u2013<\/p>\n\n\n<div class=\"wp-block-image is-style-rounded\">\n<figure class=\"aligncenter size-full\"><img loading=\"lazy\" decoding=\"async\" width=\"640\" height=\"295\" src=\"https:\/\/charente.catholique.fr\/nord-charente\/wp-content\/uploads\/sites\/4\/2024\/04\/IMG_5601.png\" alt=\"\" class=\"wp-image-6407\" srcset=\"https:\/\/charente.catholique.fr\/nord-charente\/wp-content\/uploads\/sites\/4\/2024\/04\/IMG_5601.png 640w, https:\/\/charente.catholique.fr\/nord-charente\/wp-content\/uploads\/sites\/4\/2024\/04\/IMG_5601-300x138.png 300w\" sizes=\"auto, (max-width: 640px) 100vw, 640px\" \/><\/figure>\n<\/div>\n\n\n<p><strong>Quelques t\u00e9moignages &#8230;<\/strong><\/p>\n\n\n\n<p>\u00a0\u00a0\u00a0\u00a0<strong> \u00ab Que l&#8217;on vienne ici en procession &#8221; c&#8217;est ce que la Sainte Vierge demande elle m\u00eame \u00e0 Bernadette, je d\u00e9cide de partir en p\u00e8lerinage \u00e0 Lourdes avec le Dioc\u00e8se d&#8217;Angoul\u00eame pour le dimanche de la Mis\u00e9ricorde.\u00a0\u00a0<\/strong>\u00a0 \u00a0\u00a0\u00a0\u00a0\u00a0\u00a0\u00a0\u00a0\u00a0\u00a0\u00a0\u00a0\u00a0\u00a0\u00a0<\/p>\n\n\n\n<p>&#8211;<strong> A la grotte d\u00e9posant \u00e0 Marie tout mon fardeau de vie et toutes les intentions de pri\u00e8res qui me sont confi\u00e9es, je ressens une grande s\u00e9r\u00e9nit\u00e9 et une grande paix dans mon c\u0153ur. Durant ces trois jours je rencontre de belles personnes, Marie et J\u00e9sus sont l\u00e0, pr\u00e9sent dans nos vies. Une joie profonde m&#8217;habite. Marie m&#8217;enveloppe de son manteau d&#8217;Amour, me garde sous sa protection et m&#8217;illumine de sa paix<\/strong>. \u00a0\u00a0\u00a0\u00a0\u00a0\u00a0\u00a0\u00a0\u00a0\u00a0\u00a0\u00a0\u00a0\u00a0\u00a0\u00a0\u00a0\u00a0\u00a0\u00a0\u00a0\u00a0\u00a0\u00a0\u00a0\u00a0\u00a0\u00a0\u00a0\u00a0\u00a0\u00a0\u00a0\u00a0\u00a0\u00a0\u00a0\u00a0\u00a0\u00a0\u00a0\u00a0\u00a0\u00a0\u00a0\u00a0\u00a0\u00a0\u00a0\u00a0\u00a0\u00a0\u00a0\u00a0\u00a0\u00a0\u00a0\u00a0\u00a0\u00a0\u00a0\u00a0\u00a0\u00a0\u00a0\u00a0\u00a0\u00a0\u00a0\u00a0\u00a0\u00a0\u00a0\u00a0<\/p>\n\n\n\n<figure class=\"wp-block-image size-full is-style-rounded\"><img loading=\"lazy\" decoding=\"async\" width=\"640\" height=\"295\" src=\"https:\/\/charente.catholique.fr\/nord-charente\/wp-content\/uploads\/sites\/4\/2024\/04\/IMG_5585.png\" alt=\"\" class=\"wp-image-6408\" srcset=\"https:\/\/charente.catholique.fr\/nord-charente\/wp-content\/uploads\/sites\/4\/2024\/04\/IMG_5585.png 640w, https:\/\/charente.catholique.fr\/nord-charente\/wp-content\/uploads\/sites\/4\/2024\/04\/IMG_5585-300x138.png 300w\" sizes=\"auto, (max-width: 640px) 100vw, 640px\" \/><\/figure>\n\n\n<div class=\"wp-block-image is-style-rounded\">\n<figure class=\"alignright size-full is-resized\"><img loading=\"lazy\" decoding=\"async\" width=\"640\" height=\"295\" src=\"https:\/\/charente.catholique.fr\/nord-charente\/wp-content\/uploads\/sites\/4\/2024\/04\/IMG_5583.png\" alt=\"\" class=\"wp-image-6409\" style=\"width:438px;height:auto\" srcset=\"https:\/\/charente.catholique.fr\/nord-charente\/wp-content\/uploads\/sites\/4\/2024\/04\/IMG_5583.png 640w, https:\/\/charente.catholique.fr\/nord-charente\/wp-content\/uploads\/sites\/4\/2024\/04\/IMG_5583-300x138.png 300w\" sizes=\"auto, (max-width: 640px) 100vw, 640px\" \/><\/figure>\n<\/div>\n\n\n<figure class=\"wp-block-image size-full is-resized is-style-rounded\"><img loading=\"lazy\" decoding=\"async\" width=\"640\" height=\"295\" src=\"https:\/\/charente.catholique.fr\/nord-charente\/wp-content\/uploads\/sites\/4\/2024\/04\/IMG_5596.png\" alt=\"\" class=\"wp-image-6410\" style=\"width:705px;height:auto\" srcset=\"https:\/\/charente.catholique.fr\/nord-charente\/wp-content\/uploads\/sites\/4\/2024\/04\/IMG_5596.png 640w, https:\/\/charente.catholique.fr\/nord-charente\/wp-content\/uploads\/sites\/4\/2024\/04\/IMG_5596-300x138.png 300w\" sizes=\"auto, (max-width: 640px) 100vw, 640px\" \/><\/figure>\n\n\n<div class=\"wp-block-image is-style-rounded\">\n<figure class=\"alignright size-full is-resized\"><img loading=\"lazy\" decoding=\"async\" width=\"640\" height=\"295\" src=\"https:\/\/charente.catholique.fr\/nord-charente\/wp-content\/uploads\/sites\/4\/2024\/04\/IMG_5597.png\" alt=\"\" class=\"wp-image-6411\" style=\"width:417px;height:auto\" srcset=\"https:\/\/charente.catholique.fr\/nord-charente\/wp-content\/uploads\/sites\/4\/2024\/04\/IMG_5597.png 640w, https:\/\/charente.catholique.fr\/nord-charente\/wp-content\/uploads\/sites\/4\/2024\/04\/IMG_5597-300x138.png 300w\" sizes=\"auto, (max-width: 640px) 100vw, 640px\" \/><\/figure>\n<\/div>\n\n<div class=\"wp-block-image is-style-rounded\">\n<figure class=\"aligncenter size-full is-resized\"><img loading=\"lazy\" decoding=\"async\" width=\"640\" height=\"295\" src=\"https:\/\/charente.catholique.fr\/nord-charente\/wp-content\/uploads\/sites\/4\/2024\/04\/IMG_5588.png\" alt=\"\" class=\"wp-image-6412\" style=\"width:634px;height:auto\" srcset=\"https:\/\/charente.catholique.fr\/nord-charente\/wp-content\/uploads\/sites\/4\/2024\/04\/IMG_5588.png 640w, https:\/\/charente.catholique.fr\/nord-charente\/wp-content\/uploads\/sites\/4\/2024\/04\/IMG_5588-300x138.png 300w\" sizes=\"auto, (max-width: 640px) 100vw, 640px\" \/><\/figure>\n<\/div>\n\n<div class=\"wp-block-image is-style-rounded\">\n<figure class=\"alignright size-full is-resized\"><img loading=\"lazy\" decoding=\"async\" width=\"640\" height=\"295\" src=\"https:\/\/charente.catholique.fr\/nord-charente\/wp-content\/uploads\/sites\/4\/2024\/04\/IMG_5599.png\" alt=\"\" class=\"wp-image-6413\" style=\"width:449px;height:auto\" srcset=\"https:\/\/charente.catholique.fr\/nord-charente\/wp-content\/uploads\/sites\/4\/2024\/04\/IMG_5599.png 640w, https:\/\/charente.catholique.fr\/nord-charente\/wp-content\/uploads\/sites\/4\/2024\/04\/IMG_5599-300x138.png 300w\" sizes=\"auto, (max-width: 640px) 100vw, 640px\" \/><\/figure>\n<\/div>\n\n\n<figure class=\"wp-block-image size-full is-resized is-style-rounded\"><img loading=\"lazy\" decoding=\"async\" width=\"640\" height=\"295\" src=\"https:\/\/charente.catholique.fr\/nord-charente\/wp-content\/uploads\/sites\/4\/2024\/04\/IMG_5590.png\" alt=\"\" class=\"wp-image-6414\" style=\"width:386px;height:auto\" srcset=\"https:\/\/charente.catholique.fr\/nord-charente\/wp-content\/uploads\/sites\/4\/2024\/04\/IMG_5590.png 640w, https:\/\/charente.catholique.fr\/nord-charente\/wp-content\/uploads\/sites\/4\/2024\/04\/IMG_5590-300x138.png 300w\" sizes=\"auto, (max-width: 640px) 100vw, 640px\" \/><\/figure>\n\n\n<div class=\"wp-block-image is-style-rounded\">\n<figure class=\"aligncenter size-full is-resized\"><img loading=\"lazy\" decoding=\"async\" width=\"640\" height=\"295\" src=\"https:\/\/charente.catholique.fr\/nord-charente\/wp-content\/uploads\/sites\/4\/2024\/04\/IMG_5582.png\" alt=\"\" class=\"wp-image-6415\" style=\"width:512px;height:auto\" srcset=\"https:\/\/charente.catholique.fr\/nord-charente\/wp-content\/uploads\/sites\/4\/2024\/04\/IMG_5582.png 640w, https:\/\/charente.catholique.fr\/nord-charente\/wp-content\/uploads\/sites\/4\/2024\/04\/IMG_5582-300x138.png 300w\" sizes=\"auto, (max-width: 640px) 100vw, 640px\" \/><\/figure>\n<\/div>\n\n<div class=\"wp-block-image is-style-rounded\">\n<figure class=\"aligncenter size-full is-resized\"><img loading=\"lazy\" decoding=\"async\" width=\"640\" height=\"295\" src=\"https:\/\/charente.catholique.fr\/nord-charente\/wp-content\/uploads\/sites\/4\/2024\/04\/IMG_5604.png\" alt=\"\" class=\"wp-image-6416\" style=\"width:423px;height:auto\" srcset=\"https:\/\/charente.catholique.fr\/nord-charente\/wp-content\/uploads\/sites\/4\/2024\/04\/IMG_5604.png 640w, https:\/\/charente.catholique.fr\/nord-charente\/wp-content\/uploads\/sites\/4\/2024\/04\/IMG_5604-300x138.png 300w\" sizes=\"auto, (max-width: 640px) 100vw, 640px\" \/><\/figure>\n<\/div>\n\n<div class=\"wp-block-image is-style-rounded\">\n<figure class=\"aligncenter size-full is-resized\"><img loading=\"lazy\" decoding=\"async\" width=\"640\" height=\"295\" src=\"https:\/\/charente.catholique.fr\/nord-charente\/wp-content\/uploads\/sites\/4\/2024\/04\/IMG_5605.png\" alt=\"\" class=\"wp-image-6417\" style=\"width:436px;height:auto\" srcset=\"https:\/\/charente.catholique.fr\/nord-charente\/wp-content\/uploads\/sites\/4\/2024\/04\/IMG_5605.png 640w, https:\/\/charente.catholique.fr\/nord-charente\/wp-content\/uploads\/sites\/4\/2024\/04\/IMG_5605-300x138.png 300w\" sizes=\"auto, (max-width: 640px) 100vw, 640px\" \/><\/figure>\n<\/div>\n\n\n<p>\u00a0&#8211;<strong> J\u2019ai rev\u00e9cu tous les p\u00e8lerinages effectu\u00e9s les ann\u00e9es pr\u00e9c\u00e9dentes mais celui l\u00e0 f\u00fbt le plus intense ,Intensit\u00e9 dans les rencontres fraternelles, intensit\u00e9s spirituels aupr\u00e8s de n\u00f4tre M\u00e8re Marie .<\/strong> \u00a0\u00a0\u00a0\u00a0\u00a0\u00a0\u00a0\u00a0\u00a0\u00a0\u00a0\u00a0\u00a0\u00a0\u00a0\u00a0\u00a0\u00a0\u00a0\u00a0\u00a0\u00a0\u00a0\u00a0\u00a0\u00a0\u00a0\u00a0\u00a0\u00a0\u00a0\u00a0\u00a0\u00a0\u00a0\u00a0\u00a0\u00a0\u00a0\u00a0\u00a0\u00a0\u00a0\u00a0\u00a0\u00a0\u00a0\u00a0\u00a0\u00a0\u00a0\u00a0\u00a0\u00a0\u00a0\u00a0\u00a0\u00a0\u00a0\u00a0\u00a0\u00a0\u00a0<\/p>\n\n\n\n<p>&#8211; <strong>Aux pieds de Marie sous le rocher j\u2019ai d\u00e9pos\u00e9 toutes les intentions confi\u00e9es. Au terme de la procession Mariale le P\u00e8re Ev\u00eaque Herv\u00e9 Gosselin les a \u00e9lev\u00e9es en offrande \u00e0 Marie .Une grande joie et une grande paix m\u2019ont envahie . <\/strong><\/p>\n\n\n\n<p>\u00a0\u00a0&#8211;<strong> Le P\u00e8re Ev\u00eaque Herv\u00e9 Gosselin \u00e0 Angoul\u00eame est mont\u00e9 dans le car avec les p\u00e8lerins , a log\u00e9 et a partag\u00e9 les diff\u00e9rents repas au m\u00eame h\u00f4tel que nous , il a offici\u00e9 \u00e0 toutes les rencontres et nous a accompagn\u00e9 \u00e0 toutes les processions . Nous avions un bon Berger qui se souciait bien de ses brebis ! J\u2019\u00e9tais en confiance . \u00a0\u00a0\u00a0\u00a0\u00a0\u00a0\u00a0\u00a0\u00a0\u00a0\u00a0\u00a0\u00a0\u00a0\u00a0\u00a0\u00a0\u00a0\u00a0\u00a0\u00a0\u00a0\u00a0\u00a0\u00a0\u00a0\u00a0\u00a0\u00a0\u00a0\u00a0\u00a0\u00a0\u00a0\u00a0\u00a0\u00a0\u00a0\u00a0\u00a0\u00a0\u00a0\u00a0\u00a0\u00a0&#8211; Quand on part pour Lourdes , on arrive chez n\u00f4tre M\u00e8re Marie , on se jette dans ses bras et on y est bien ! On est dans un climat remplit d\u2019amour, chacun est gentil avec l\u2019autre, il n\u2019y a plus de diff\u00e9rences et notre esprit apais\u00e9 peut rencontrer J\u00e9sus.<\/strong><\/p>\n\n\n\n<p>\u00a0\u00a0\u00a0\u00a0\u00a0\u00a0\u00a0\u00a0\u00a0\u00a0\u00a0\u00a0\u00a0\u00a0\u00a0\u00a0\u00a0\u00a0\u00a0\u00a0\u00a0\u00a0\u00a0\u00a0\u00a0\u00a0\u00a0\u00a0\u00a0\u00a0\u00a0\u00a0\u00a0\u00a0\u00a0\u00a0\u00a0\u00a0\u00a0\u00a0\u00a0\u00a0\u00a0\u00a0\u00a0\u00a0\u00a0\u00a0\u00a0\u00a0\u00a0\u00a0\u00a0\u00a0\u00a0\u00a0\u00a0\u00a0\u00a0\u00a0\u00a0\u00a0\u00a0\u00a0\u00a0\u00a0\u00a0\u00a0\u00a0\u00a0\u00a0\u00a0\u00a0\u00a0\u00a0\u00a0\u00a0\u00a0\u00a0\u00a0\u00a0\u00a0\u00a0\u00a0\u00a0\u00a0\u00a0\u00a0\u00a0 \u00a0\u00a0\u00a0\u00a0\u00a0\u00a0\u00a0\u00a0\u00a0\u00a0\u00a0\u00a0\u00a0\u00a0<strong>\u00a0\u00a0\u00a0\u00a0Phrases de p\u00e8lerins de Villefagnan<\/strong>.<\/p>\n\n\n\n\n<div class=\"wp-block-image is-style-rounded\">\n<figure class=\"aligncenter size-full is-resized\"><img loading=\"lazy\" decoding=\"async\" width=\"640\" height=\"295\" src=\"https:\/\/charente.catholique.fr\/nord-charente\/wp-content\/uploads\/sites\/4\/2024\/04\/IMG_5603.png\" alt=\"\" class=\"wp-image-6422\" style=\"width:412px;height:auto\" srcset=\"https:\/\/charente.catholique.fr\/nord-charente\/wp-content\/uploads\/sites\/4\/2024\/04\/IMG_5603.png 640w, https:\/\/charente.catholique.fr\/nord-charente\/wp-content\/uploads\/sites\/4\/2024\/04\/IMG_5603-300x138.png 300w\" sizes=\"auto, (max-width: 640px) 100vw, 640px\" \/><\/figure>\n<\/div>","protected":false},"excerpt":{"rendered":"<p>P\u00e8lerinage de la Mis\u00e9ricorde \u00e0 Lourdes \u2013 Quelques t\u00e9moignages &#8230; \u00a0\u00a0\u00a0\u00a0 \u00ab Que l&#8217;on vienne ici en procession &#8221; c&#8217;est ce que la Sainte Vierge demande elle m\u00eame \u00e0 Bernadette, je d\u00e9cide de partir en p\u00e8lerinage \u00e0 Lourdes avec le Dioc\u00e8se d&#8217;Angoul\u00eame pour le dimanche de la Mis\u00e9ricorde.\u00a0\u00a0\u00a0 \u00a0\u00a0\u00a0\u00a0\u00a0\u00a0\u00a0\u00a0\u00a0\u00a0\u00a0\u00a0\u00a0\u00a0\u00a0 &#8211; A la grotte d\u00e9posant \u00e0 [&hellip;]<\/p>\n","protected":false},"author":38,"featured_media":6421,"comment_status":"open","ping_status":"open","sticky":false,"template":"","format":"standard","meta":{"_acf_changed":false,"paroisse":["14"],"service":["0"],"footnotes":""},"categories":[1],"tags":[],"class_list":["post-6406","post","type-post","status-publish","format-standard","has-post-thumbnail","hentry","category-actualites"],"acf":[],"yoast_head":"<!-- This site is optimized with the Yoast SEO plugin v27.1.1 - https:\/\/yoast.com\/product\/yoast-seo-wordpress\/ -->\n<title>P\u00e8lerinage de la Mis\u00e9ricorde \u00e0 Lourdes :04 AVRIL 2024 - Doyenn\u00e9 Nord Charente<\/title>\n<meta name=\"robots\" content=\"index, follow, max-snippet:-1, max-image-preview:large, max-video-preview:-1\" \/>\n<link rel=\"canonical\" href=\"https:\/\/charente.catholique.fr\/nord-charente\/actualites\/pelerinage-de-la-misericorde-a-lourdes-04-avril-2024\/\" \/>\n<meta property=\"og:locale\" content=\"fr_FR\" \/>\n<meta property=\"og:type\" content=\"article\" \/>\n<meta property=\"og:title\" content=\"P\u00e8lerinage de la Mis\u00e9ricorde \u00e0 Lourdes :04 AVRIL 2024 - Doyenn\u00e9 Nord Charente\" \/>\n<meta property=\"og:description\" content=\"P\u00e8lerinage de la Mis\u00e9ricorde \u00e0 Lourdes \u2013 Quelques t\u00e9moignages &#8230; \u00a0\u00a0\u00a0\u00a0 \u00ab Que l&#8217;on vienne ici en procession &#8221; c&#8217;est ce que la Sainte Vierge demande elle m\u00eame \u00e0 Bernadette, je d\u00e9cide de partir en p\u00e8lerinage \u00e0 Lourdes avec le Dioc\u00e8se d&#8217;Angoul\u00eame pour le dimanche de la Mis\u00e9ricorde.\u00a0\u00a0\u00a0 \u00a0\u00a0\u00a0\u00a0\u00a0\u00a0\u00a0\u00a0\u00a0\u00a0\u00a0\u00a0\u00a0\u00a0\u00a0 &#8211; A la grotte d\u00e9posant \u00e0 [&hellip;]\" \/>\n<meta property=\"og:url\" content=\"https:\/\/charente.catholique.fr\/nord-charente\/actualites\/pelerinage-de-la-misericorde-a-lourdes-04-avril-2024\/\" \/>\n<meta property=\"og:site_name\" content=\"Doyenn\u00e9 Nord Charente\" \/>\n<meta property=\"article:publisher\" content=\"https:\/\/www.facebook.com\/EgliseCatholiqueCharente\" \/>\n<meta property=\"article:published_time\" content=\"2024-04-22T07:46:36+00:00\" \/>\n<meta property=\"article:modified_time\" content=\"2024-04-22T07:46:37+00:00\" \/>\n<meta property=\"og:image\" content=\"https:\/\/charente.catholique.fr\/nord-charente\/wp-content\/uploads\/sites\/4\/2024\/04\/img_5601-1.png\" \/>\n\t<meta property=\"og:image:width\" content=\"640\" \/>\n\t<meta property=\"og:image:height\" content=\"295\" \/>\n\t<meta property=\"og:image:type\" content=\"image\/png\" \/>\n<meta name=\"author\" content=\"joelleayrault\" \/>\n<meta name=\"twitter:card\" content=\"summary_large_image\" \/>\n<meta name=\"twitter:creator\" content=\"@diocesecharente\" \/>\n<meta name=\"twitter:site\" content=\"@diocesecharente\" \/>\n<meta name=\"twitter:label1\" content=\"\u00c9crit par\" \/>\n\t<meta name=\"twitter:data1\" content=\"joelleayrault\" \/>\n\t<meta name=\"twitter:label2\" content=\"Dur\u00e9e de lecture estim\u00e9e\" \/>\n\t<meta name=\"twitter:data2\" content=\"5 minutes\" \/>\n<script type=\"application\/ld+json\" class=\"yoast-schema-graph\">{\"@context\":\"https:\/\/schema.org\",\"@graph\":[{\"@type\":\"Article\",\"@id\":\"https:\/\/charente.catholique.fr\/nord-charente\/actualites\/pelerinage-de-la-misericorde-a-lourdes-04-avril-2024\/#article\",\"isPartOf\":{\"@id\":\"https:\/\/charente.catholique.fr\/nord-charente\/actualites\/pelerinage-de-la-misericorde-a-lourdes-04-avril-2024\/\"},\"author\":{\"name\":\"joelleayrault\",\"@id\":\"https:\/\/charente.catholique.fr\/nord-charente\/#\/schema\/person\/51184492e4abba33e5d768059a70f4db\"},\"headline\":\"P\u00e8lerinage de la Mis\u00e9ricorde \u00e0 Lourdes :04 AVRIL 2024\",\"datePublished\":\"2024-04-22T07:46:36+00:00\",\"dateModified\":\"2024-04-22T07:46:37+00:00\",\"mainEntityOfPage\":{\"@id\":\"https:\/\/charente.catholique.fr\/nord-charente\/actualites\/pelerinage-de-la-misericorde-a-lourdes-04-avril-2024\/\"},\"wordCount\":356,\"commentCount\":0,\"publisher\":{\"@id\":\"https:\/\/charente.catholique.fr\/nord-charente\/#organization\"},\"image\":{\"@id\":\"https:\/\/charente.catholique.fr\/nord-charente\/actualites\/pelerinage-de-la-misericorde-a-lourdes-04-avril-2024\/#primaryimage\"},\"thumbnailUrl\":\"https:\/\/charente.catholique.fr\/nord-charente\/wp-content\/uploads\/sites\/4\/2024\/04\/img_5601-1.png\",\"articleSection\":[\"Actualit\u00e9s\"],\"inLanguage\":\"fr-FR\",\"potentialAction\":[{\"@type\":\"CommentAction\",\"name\":\"Comment\",\"target\":[\"https:\/\/charente.catholique.fr\/nord-charente\/actualites\/pelerinage-de-la-misericorde-a-lourdes-04-avril-2024\/#respond\"]}]},{\"@type\":\"WebPage\",\"@id\":\"https:\/\/charente.catholique.fr\/nord-charente\/actualites\/pelerinage-de-la-misericorde-a-lourdes-04-avril-2024\/\",\"url\":\"https:\/\/charente.catholique.fr\/nord-charente\/actualites\/pelerinage-de-la-misericorde-a-lourdes-04-avril-2024\/\",\"name\":\"P\u00e8lerinage de la Mis\u00e9ricorde \u00e0 Lourdes :04 AVRIL 2024 - Doyenn\u00e9 Nord Charente\",\"isPartOf\":{\"@id\":\"https:\/\/charente.catholique.fr\/nord-charente\/#website\"},\"primaryImageOfPage\":{\"@id\":\"https:\/\/charente.catholique.fr\/nord-charente\/actualites\/pelerinage-de-la-misericorde-a-lourdes-04-avril-2024\/#primaryimage\"},\"image\":{\"@id\":\"https:\/\/charente.catholique.fr\/nord-charente\/actualites\/pelerinage-de-la-misericorde-a-lourdes-04-avril-2024\/#primaryimage\"},\"thumbnailUrl\":\"https:\/\/charente.catholique.fr\/nord-charente\/wp-content\/uploads\/sites\/4\/2024\/04\/img_5601-1.png\",\"datePublished\":\"2024-04-22T07:46:36+00:00\",\"dateModified\":\"2024-04-22T07:46:37+00:00\",\"breadcrumb\":{\"@id\":\"https:\/\/charente.catholique.fr\/nord-charente\/actualites\/pelerinage-de-la-misericorde-a-lourdes-04-avril-2024\/#breadcrumb\"},\"inLanguage\":\"fr-FR\",\"potentialAction\":[{\"@type\":\"ReadAction\",\"target\":[\"https:\/\/charente.catholique.fr\/nord-charente\/actualites\/pelerinage-de-la-misericorde-a-lourdes-04-avril-2024\/\"]}]},{\"@type\":\"ImageObject\",\"inLanguage\":\"fr-FR\",\"@id\":\"https:\/\/charente.catholique.fr\/nord-charente\/actualites\/pelerinage-de-la-misericorde-a-lourdes-04-avril-2024\/#primaryimage\",\"url\":\"https:\/\/charente.catholique.fr\/nord-charente\/wp-content\/uploads\/sites\/4\/2024\/04\/img_5601-1.png\",\"contentUrl\":\"https:\/\/charente.catholique.fr\/nord-charente\/wp-content\/uploads\/sites\/4\/2024\/04\/img_5601-1.png\",\"width\":640,\"height\":295},{\"@type\":\"BreadcrumbList\",\"@id\":\"https:\/\/charente.catholique.fr\/nord-charente\/actualites\/pelerinage-de-la-misericorde-a-lourdes-04-avril-2024\/#breadcrumb\",\"itemListElement\":[{\"@type\":\"ListItem\",\"position\":1,\"name\":\"Accueil\",\"item\":\"https:\/\/charente.catholique.fr\/nord-charente\/\"},{\"@type\":\"ListItem\",\"position\":2,\"name\":\"P\u00e8lerinage de la Mis\u00e9ricorde \u00e0 Lourdes :04 AVRIL 2024\"}]},{\"@type\":\"WebSite\",\"@id\":\"https:\/\/charente.catholique.fr\/nord-charente\/#website\",\"url\":\"https:\/\/charente.catholique.fr\/nord-charente\/\",\"name\":\"Doyenn\u00e9 Nord Charente - Dioc\u00e8se d'Angoul\u00eame\",\"description\":\"Dioc\u00e8se d&#039;Angoul\u00eame\",\"publisher\":{\"@id\":\"https:\/\/charente.catholique.fr\/nord-charente\/#organization\"},\"potentialAction\":[{\"@type\":\"SearchAction\",\"target\":{\"@type\":\"EntryPoint\",\"urlTemplate\":\"https:\/\/charente.catholique.fr\/nord-charente\/?s={search_term_string}\"},\"query-input\":{\"@type\":\"PropertyValueSpecification\",\"valueRequired\":true,\"valueName\":\"search_term_string\"}}],\"inLanguage\":\"fr-FR\"},{\"@type\":\"Organization\",\"@id\":\"https:\/\/charente.catholique.fr\/nord-charente\/#organization\",\"name\":\"Association dioc\u00e9saine d'Angoul\u00eame\",\"url\":\"https:\/\/charente.catholique.fr\/nord-charente\/\",\"logo\":{\"@type\":\"ImageObject\",\"inLanguage\":\"fr-FR\",\"@id\":\"https:\/\/charente.catholique.fr\/nord-charente\/#\/schema\/logo\/image\/\",\"url\":\"https:\/\/charente.catholique.fr\/nord-charente\/wp-content\/uploads\/sites\/4\/2020\/10\/logos.png\",\"contentUrl\":\"https:\/\/charente.catholique.fr\/nord-charente\/wp-content\/uploads\/sites\/4\/2020\/10\/logos.png\",\"width\":600,\"height\":257,\"caption\":\"Association dioc\u00e9saine d'Angoul\u00eame\"},\"image\":{\"@id\":\"https:\/\/charente.catholique.fr\/nord-charente\/#\/schema\/logo\/image\/\"},\"sameAs\":[\"https:\/\/www.facebook.com\/EgliseCatholiqueCharente\",\"https:\/\/x.com\/diocesecharente\",\"https:\/\/www.instagram.com\/eglisecharente\",\"https:\/\/www.youtube.com\/channel\/UCByyFWApZbw3gDTiADoiAaQ\"]},{\"@type\":\"Person\",\"@id\":\"https:\/\/charente.catholique.fr\/nord-charente\/#\/schema\/person\/51184492e4abba33e5d768059a70f4db\",\"name\":\"joelleayrault\",\"image\":{\"@type\":\"ImageObject\",\"inLanguage\":\"fr-FR\",\"@id\":\"https:\/\/charente.catholique.fr\/nord-charente\/#\/schema\/person\/image\/\",\"url\":\"https:\/\/secure.gravatar.com\/avatar\/3bd3977af99690427d59b19ec7b6bd94226de63be5c368ae8d090f2d7f86dd5f?s=96&d=mm&r=g\",\"contentUrl\":\"https:\/\/secure.gravatar.com\/avatar\/3bd3977af99690427d59b19ec7b6bd94226de63be5c368ae8d090f2d7f86dd5f?s=96&d=mm&r=g\",\"caption\":\"joelleayrault\"},\"url\":\"https:\/\/charente.catholique.fr\/nord-charente\/author\/joelleayrault\/\"}]}<\/script>\n<!-- \/ Yoast SEO plugin. -->","yoast_head_json":{"title":"P\u00e8lerinage de la Mis\u00e9ricorde \u00e0 Lourdes :04 AVRIL 2024 - Doyenn\u00e9 Nord Charente","robots":{"index":"index","follow":"follow","max-snippet":"max-snippet:-1","max-image-preview":"max-image-preview:large","max-video-preview":"max-video-preview:-1"},"canonical":"https:\/\/charente.catholique.fr\/nord-charente\/actualites\/pelerinage-de-la-misericorde-a-lourdes-04-avril-2024\/","og_locale":"fr_FR","og_type":"article","og_title":"P\u00e8lerinage de la Mis\u00e9ricorde \u00e0 Lourdes :04 AVRIL 2024 - Doyenn\u00e9 Nord Charente","og_description":"P\u00e8lerinage de la Mis\u00e9ricorde \u00e0 Lourdes \u2013 Quelques t\u00e9moignages &#8230; \u00a0\u00a0\u00a0\u00a0 \u00ab Que l&#8217;on vienne ici en procession &#8221; c&#8217;est ce que la Sainte Vierge demande elle m\u00eame \u00e0 Bernadette, je d\u00e9cide de partir en p\u00e8lerinage \u00e0 Lourdes avec le Dioc\u00e8se d&#8217;Angoul\u00eame pour le dimanche de la Mis\u00e9ricorde.\u00a0\u00a0\u00a0 \u00a0\u00a0\u00a0\u00a0\u00a0\u00a0\u00a0\u00a0\u00a0\u00a0\u00a0\u00a0\u00a0\u00a0\u00a0 &#8211; A la grotte d\u00e9posant \u00e0 [&hellip;]","og_url":"https:\/\/charente.catholique.fr\/nord-charente\/actualites\/pelerinage-de-la-misericorde-a-lourdes-04-avril-2024\/","og_site_name":"Doyenn\u00e9 Nord Charente","article_publisher":"https:\/\/www.facebook.com\/EgliseCatholiqueCharente","article_published_time":"2024-04-22T07:46:36+00:00","article_modified_time":"2024-04-22T07:46:37+00:00","og_image":[{"width":640,"height":295,"url":"https:\/\/charente.catholique.fr\/nord-charente\/wp-content\/uploads\/sites\/4\/2024\/04\/img_5601-1.png","type":"image\/png"}],"author":"joelleayrault","twitter_card":"summary_large_image","twitter_creator":"@diocesecharente","twitter_site":"@diocesecharente","twitter_misc":{"\u00c9crit par":"joelleayrault","Dur\u00e9e de lecture estim\u00e9e":"5 minutes"},"schema":{"@context":"https:\/\/schema.org","@graph":[{"@type":"Article","@id":"https:\/\/charente.catholique.fr\/nord-charente\/actualites\/pelerinage-de-la-misericorde-a-lourdes-04-avril-2024\/#article","isPartOf":{"@id":"https:\/\/charente.catholique.fr\/nord-charente\/actualites\/pelerinage-de-la-misericorde-a-lourdes-04-avril-2024\/"},"author":{"name":"joelleayrault","@id":"https:\/\/charente.catholique.fr\/nord-charente\/#\/schema\/person\/51184492e4abba33e5d768059a70f4db"},"headline":"P\u00e8lerinage de la Mis\u00e9ricorde \u00e0 Lourdes :04 AVRIL 2024","datePublished":"2024-04-22T07:46:36+00:00","dateModified":"2024-04-22T07:46:37+00:00","mainEntityOfPage":{"@id":"https:\/\/charente.catholique.fr\/nord-charente\/actualites\/pelerinage-de-la-misericorde-a-lourdes-04-avril-2024\/"},"wordCount":356,"commentCount":0,"publisher":{"@id":"https:\/\/charente.catholique.fr\/nord-charente\/#organization"},"image":{"@id":"https:\/\/charente.catholique.fr\/nord-charente\/actualites\/pelerinage-de-la-misericorde-a-lourdes-04-avril-2024\/#primaryimage"},"thumbnailUrl":"https:\/\/charente.catholique.fr\/nord-charente\/wp-content\/uploads\/sites\/4\/2024\/04\/img_5601-1.png","articleSection":["Actualit\u00e9s"],"inLanguage":"fr-FR","potentialAction":[{"@type":"CommentAction","name":"Comment","target":["https:\/\/charente.catholique.fr\/nord-charente\/actualites\/pelerinage-de-la-misericorde-a-lourdes-04-avril-2024\/#respond"]}]},{"@type":"WebPage","@id":"https:\/\/charente.catholique.fr\/nord-charente\/actualites\/pelerinage-de-la-misericorde-a-lourdes-04-avril-2024\/","url":"https:\/\/charente.catholique.fr\/nord-charente\/actualites\/pelerinage-de-la-misericorde-a-lourdes-04-avril-2024\/","name":"P\u00e8lerinage de la Mis\u00e9ricorde \u00e0 Lourdes :04 AVRIL 2024 - Doyenn\u00e9 Nord Charente","isPartOf":{"@id":"https:\/\/charente.catholique.fr\/nord-charente\/#website"},"primaryImageOfPage":{"@id":"https:\/\/charente.catholique.fr\/nord-charente\/actualites\/pelerinage-de-la-misericorde-a-lourdes-04-avril-2024\/#primaryimage"},"image":{"@id":"https:\/\/charente.catholique.fr\/nord-charente\/actualites\/pelerinage-de-la-misericorde-a-lourdes-04-avril-2024\/#primaryimage"},"thumbnailUrl":"https:\/\/charente.catholique.fr\/nord-charente\/wp-content\/uploads\/sites\/4\/2024\/04\/img_5601-1.png","datePublished":"2024-04-22T07:46:36+00:00","dateModified":"2024-04-22T07:46:37+00:00","breadcrumb":{"@id":"https:\/\/charente.catholique.fr\/nord-charente\/actualites\/pelerinage-de-la-misericorde-a-lourdes-04-avril-2024\/#breadcrumb"},"inLanguage":"fr-FR","potentialAction":[{"@type":"ReadAction","target":["https:\/\/charente.catholique.fr\/nord-charente\/actualites\/pelerinage-de-la-misericorde-a-lourdes-04-avril-2024\/"]}]},{"@type":"ImageObject","inLanguage":"fr-FR","@id":"https:\/\/charente.catholique.fr\/nord-charente\/actualites\/pelerinage-de-la-misericorde-a-lourdes-04-avril-2024\/#primaryimage","url":"https:\/\/charente.catholique.fr\/nord-charente\/wp-content\/uploads\/sites\/4\/2024\/04\/img_5601-1.png","contentUrl":"https:\/\/charente.catholique.fr\/nord-charente\/wp-content\/uploads\/sites\/4\/2024\/04\/img_5601-1.png","width":640,"height":295},{"@type":"BreadcrumbList","@id":"https:\/\/charente.catholique.fr\/nord-charente\/actualites\/pelerinage-de-la-misericorde-a-lourdes-04-avril-2024\/#breadcrumb","itemListElement":[{"@type":"ListItem","position":1,"name":"Accueil","item":"https:\/\/charente.catholique.fr\/nord-charente\/"},{"@type":"ListItem","position":2,"name":"P\u00e8lerinage de la Mis\u00e9ricorde \u00e0 Lourdes :04 AVRIL 2024"}]},{"@type":"WebSite","@id":"https:\/\/charente.catholique.fr\/nord-charente\/#website","url":"https:\/\/charente.catholique.fr\/nord-charente\/","name":"Doyenn\u00e9 Nord Charente - Dioc\u00e8se d'Angoul\u00eame","description":"Dioc\u00e8se d&#039;Angoul\u00eame","publisher":{"@id":"https:\/\/charente.catholique.fr\/nord-charente\/#organization"},"potentialAction":[{"@type":"SearchAction","target":{"@type":"EntryPoint","urlTemplate":"https:\/\/charente.catholique.fr\/nord-charente\/?s={search_term_string}"},"query-input":{"@type":"PropertyValueSpecification","valueRequired":true,"valueName":"search_term_string"}}],"inLanguage":"fr-FR"},{"@type":"Organization","@id":"https:\/\/charente.catholique.fr\/nord-charente\/#organization","name":"Association dioc\u00e9saine d'Angoul\u00eame","url":"https:\/\/charente.catholique.fr\/nord-charente\/","logo":{"@type":"ImageObject","inLanguage":"fr-FR","@id":"https:\/\/charente.catholique.fr\/nord-charente\/#\/schema\/logo\/image\/","url":"https:\/\/charente.catholique.fr\/nord-charente\/wp-content\/uploads\/sites\/4\/2020\/10\/logos.png","contentUrl":"https:\/\/charente.catholique.fr\/nord-charente\/wp-content\/uploads\/sites\/4\/2020\/10\/logos.png","width":600,"height":257,"caption":"Association dioc\u00e9saine d'Angoul\u00eame"},"image":{"@id":"https:\/\/charente.catholique.fr\/nord-charente\/#\/schema\/logo\/image\/"},"sameAs":["https:\/\/www.facebook.com\/EgliseCatholiqueCharente","https:\/\/x.com\/diocesecharente","https:\/\/www.instagram.com\/eglisecharente","https:\/\/www.youtube.com\/channel\/UCByyFWApZbw3gDTiADoiAaQ"]},{"@type":"Person","@id":"https:\/\/charente.catholique.fr\/nord-charente\/#\/schema\/person\/51184492e4abba33e5d768059a70f4db","name":"joelleayrault","image":{"@type":"ImageObject","inLanguage":"fr-FR","@id":"https:\/\/charente.catholique.fr\/nord-charente\/#\/schema\/person\/image\/","url":"https:\/\/secure.gravatar.com\/avatar\/3bd3977af99690427d59b19ec7b6bd94226de63be5c368ae8d090f2d7f86dd5f?s=96&d=mm&r=g","contentUrl":"https:\/\/secure.gravatar.com\/avatar\/3bd3977af99690427d59b19ec7b6bd94226de63be5c368ae8d090f2d7f86dd5f?s=96&d=mm&r=g","caption":"joelleayrault"},"url":"https:\/\/charente.catholique.fr\/nord-charente\/author\/joelleayrault\/"}]}},"_links":{"self":[{"href":"https:\/\/charente.catholique.fr\/nord-charente\/wp-json\/wp\/v2\/posts\/6406","targetHints":{"allow":["GET"]}}],"collection":[{"href":"https:\/\/charente.catholique.fr\/nord-charente\/wp-json\/wp\/v2\/posts"}],"about":[{"href":"https:\/\/charente.catholique.fr\/nord-charente\/wp-json\/wp\/v2\/types\/post"}],"author":[{"embeddable":true,"href":"https:\/\/charente.catholique.fr\/nord-charente\/wp-json\/wp\/v2\/users\/38"}],"replies":[{"embeddable":true,"href":"https:\/\/charente.catholique.fr\/nord-charente\/wp-json\/wp\/v2\/comments?post=6406"}],"version-history":[{"count":6,"href":"https:\/\/charente.catholique.fr\/nord-charente\/wp-json\/wp\/v2\/posts\/6406\/revisions"}],"predecessor-version":[{"id":6425,"href":"https:\/\/charente.catholique.fr\/nord-charente\/wp-json\/wp\/v2\/posts\/6406\/revisions\/6425"}],"wp:featuredmedia":[{"embeddable":true,"href":"https:\/\/charente.catholique.fr\/nord-charente\/wp-json\/wp\/v2\/media\/6421"}],"wp:attachment":[{"href":"https:\/\/charente.catholique.fr\/nord-charente\/wp-json\/wp\/v2\/media?parent=6406"}],"wp:term":[{"taxonomy":"category","embeddable":true,"href":"https:\/\/charente.catholique.fr\/nord-charente\/wp-json\/wp\/v2\/categories?post=6406"},{"taxonomy":"post_tag","embeddable":true,"href":"https:\/\/charente.catholique.fr\/nord-charente\/wp-json\/wp\/v2\/tags?post=6406"}],"curies":[{"name":"wp","href":"https:\/\/api.w.org\/{rel}","templated":true}]}}