{"id":6368,"date":"2024-04-13T11:06:52","date_gmt":"2024-04-13T09:06:52","guid":{"rendered":"https:\/\/charente.catholique.fr\/nord-charente\/?p=6368"},"modified":"2024-04-13T11:06:52","modified_gmt":"2024-04-13T09:06:52","slug":"il-ouvrit-leur-intelligence-a-la-comprehension-des-ecritures-2","status":"publish","type":"post","link":"https:\/\/charente.catholique.fr\/nord-charente\/actualites\/il-ouvrit-leur-intelligence-a-la-comprehension-des-ecritures-2\/","title":{"rendered":"\u00ab\u00a0Il ouvrit leur intelligence \u00e0 la compr\u00e9hension des \u00c9critures\u00a0\u00bb"},"content":{"rendered":"\n<p>\u00ab\u00a0Il fallait que s\u2019accomplisse tout ce qui a \u00e9t\u00e9 dit de moi<br>dans la loi de Moise, les proph\u00e8tes et les psaumes\u2026\u00a0\u00bb<br>Le Christ ressuscit\u00e9 invite les croyants que nous sommes<br>\u00e0 voyager \u00e0 travers les \u00c9critures,<br>\u00e0 les lire pour le voir,<br>\u00e0 les vivre pour le trouver.<\/p>\n\n\n\n<p>Si J\u00e9sus ouvre le c\u0153ur des siens \u00e0 l\u2019intelligence des \u00c9critures,<br>c\u2019est que celles-ci ne repr\u00e9sentent pas seulement un livre, autrement dit la Bible ;<br>Ces \u00c9critures sont une Parole Vivante qui se lit avec le c\u0153ur,<br>dont le sens des mots se d\u00e9couvre avec les yeux de la foi.<\/p>\n\n\n\n<p>Les \u00c9critures sont enti\u00e8rement orient\u00e9es vers le Christ\u2026<\/p>\n\n\n\n<p>Tout ce que Dieu avait pr\u00e9par\u00e9 s\u2019y trouve inscrit,<br>non pas seulement sur le papier de nos Bibles imprim\u00e9es,<br>mais sur les pages faites de chair et de sang de notre humanit\u00e9<br>qui ne demande qu\u2019\u00e0 \u00eatre relev\u00e9e de la mort et du p\u00e9ch\u00e9 avec la R\u00e9surrection du Christ\u2026<\/p>\n\n\n\n<p>C\u2019est ce que proclamait Pierre, ce qu\u2019\u00e9crivait Jean\u00a0:<br>\u00ab J\u00e9sus-Christ est la victime offerte pour nos p\u00e9ch\u00e9s<br>et non seulement pour les n\u00f4tres, mais encore pour ceux du monde entier\u2026\u00a0\u00a0\u00bb<\/p>\n\n\n\n<p>La mission de l\u2019\u00c9glise commence \u00e0 la R\u00e9surrection,<br>et trouve sa force dans l\u2019\u00e9lan de P\u00e2ques\u00a0;<br>L\u2019Esprit Saint promis en son temps,<br>force d\u2019en-haut pour tous les t\u00e9moins de l\u2019Amour de Dieu pour l\u2019humanit\u00e9,<br>nourrira le c\u0153ur de tous ceux qui seront fid\u00e8les au t\u00e9moignage \u00e0 rendre&#8230;<\/p>\n\n\n\n<p>\u00ab\u00a0Peuple de lumi\u00e8re, baptis\u00e9 pour t\u00e9moigner,<br>Peuple d\u2019Evangile, appel\u00e9 pour annoncer<br>Les merveilles de Dieu pour tous les vivants.<\/p>\n\n\n\n<p>Vous \u00eates l&#8217;\u00c9vangile pour vos fr\u00e8res<br>Si vous gardez ma Parole<br>Pour avancer dans la v\u00e9rit\u00e9,<br>Bonne Nouvelle pour la terre !\u00a0\u00bb<\/p>\n\n\n\n<p>P. Vincent de Paul<\/p>\n","protected":false},"excerpt":{"rendered":"<p>\u00ab\u00a0Il fallait que s\u2019accomplisse tout ce qui a \u00e9t\u00e9 dit de moidans la loi de Moise, les proph\u00e8tes et les psaumes\u2026\u00a0\u00bbLe Christ ressuscit\u00e9 invite les croyants que nous sommes\u00e0 voyager \u00e0 travers les \u00c9critures,\u00e0 les lire pour le voir,\u00e0 les vivre pour le trouver. Si J\u00e9sus ouvre le c\u0153ur des siens \u00e0 l\u2019intelligence des \u00c9critures,c\u2019est [&hellip;]<\/p>\n","protected":false},"author":95,"featured_media":6369,"comment_status":"open","ping_status":"open","sticky":false,"template":"","format":"standard","meta":{"_acf_changed":false,"paroisse":["22"],"service":["0"],"footnotes":""},"categories":[4],"tags":[],"class_list":["post-6368","post","type-post","status-publish","format-standard","has-post-thumbnail","hentry","category-aigre"],"acf":[],"yoast_head":"<!-- This site is optimized with the Yoast SEO plugin v27.1.1 - https:\/\/yoast.com\/product\/yoast-seo-wordpress\/ -->\n<title>\u00ab\u00a0Il ouvrit leur intelligence \u00e0 la compr\u00e9hension des \u00c9critures\u00a0\u00bb - Doyenn\u00e9 Nord Charente<\/title>\n<meta name=\"robots\" content=\"index, follow, max-snippet:-1, max-image-preview:large, max-video-preview:-1\" \/>\n<link rel=\"canonical\" href=\"https:\/\/charente.catholique.fr\/nord-charente\/actualites\/il-ouvrit-leur-intelligence-a-la-comprehension-des-ecritures-2\/\" \/>\n<meta property=\"og:locale\" content=\"fr_FR\" \/>\n<meta property=\"og:type\" content=\"article\" \/>\n<meta property=\"og:title\" content=\"\u00ab\u00a0Il ouvrit leur intelligence \u00e0 la compr\u00e9hension des \u00c9critures\u00a0\u00bb - Doyenn\u00e9 Nord Charente\" \/>\n<meta property=\"og:description\" content=\"\u00ab\u00a0Il fallait que s\u2019accomplisse tout ce qui a \u00e9t\u00e9 dit de moidans la loi de Moise, les proph\u00e8tes et les psaumes\u2026\u00a0\u00bbLe Christ ressuscit\u00e9 invite les croyants que nous sommes\u00e0 voyager \u00e0 travers les \u00c9critures,\u00e0 les lire pour le voir,\u00e0 les vivre pour le trouver. Si J\u00e9sus ouvre le c\u0153ur des siens \u00e0 l\u2019intelligence des \u00c9critures,c\u2019est [&hellip;]\" \/>\n<meta property=\"og:url\" content=\"https:\/\/charente.catholique.fr\/nord-charente\/actualites\/il-ouvrit-leur-intelligence-a-la-comprehension-des-ecritures-2\/\" \/>\n<meta property=\"og:site_name\" content=\"Doyenn\u00e9 Nord Charente\" \/>\n<meta property=\"article:publisher\" content=\"https:\/\/www.facebook.com\/EgliseCatholiqueCharente\" \/>\n<meta property=\"article:published_time\" content=\"2024-04-13T09:06:52+00:00\" \/>\n<meta property=\"og:image\" content=\"https:\/\/charente.catholique.fr\/nord-charente\/wp-content\/uploads\/sites\/4\/2024\/04\/126778840_gettyimages-1137572016.jpg\" \/>\n\t<meta property=\"og:image:width\" content=\"976\" \/>\n\t<meta property=\"og:image:height\" content=\"549\" \/>\n\t<meta property=\"og:image:type\" content=\"image\/jpeg\" \/>\n<meta name=\"author\" content=\"Marie ZANDVLIET\" \/>\n<meta name=\"twitter:card\" content=\"summary_large_image\" \/>\n<meta name=\"twitter:creator\" content=\"@diocesecharente\" \/>\n<meta name=\"twitter:site\" content=\"@diocesecharente\" \/>\n<meta name=\"twitter:label1\" content=\"\u00c9crit par\" \/>\n\t<meta name=\"twitter:data1\" content=\"Marie ZANDVLIET\" \/>\n\t<meta name=\"twitter:label2\" content=\"Dur\u00e9e de lecture estim\u00e9e\" \/>\n\t<meta name=\"twitter:data2\" content=\"2 minutes\" \/>\n<script type=\"application\/ld+json\" class=\"yoast-schema-graph\">{\"@context\":\"https:\/\/schema.org\",\"@graph\":[{\"@type\":\"Article\",\"@id\":\"https:\/\/charente.catholique.fr\/nord-charente\/actualites\/il-ouvrit-leur-intelligence-a-la-comprehension-des-ecritures-2\/#article\",\"isPartOf\":{\"@id\":\"https:\/\/charente.catholique.fr\/nord-charente\/actualites\/il-ouvrit-leur-intelligence-a-la-comprehension-des-ecritures-2\/\"},\"author\":{\"name\":\"Marie ZANDVLIET\",\"@id\":\"https:\/\/charente.catholique.fr\/nord-charente\/#\/schema\/person\/5711de98abb018ff863964265e7ce7af\"},\"headline\":\"\u00ab\u00a0Il ouvrit leur intelligence \u00e0 la compr\u00e9hension des \u00c9critures\u00a0\u00bb\",\"datePublished\":\"2024-04-13T09:06:52+00:00\",\"mainEntityOfPage\":{\"@id\":\"https:\/\/charente.catholique.fr\/nord-charente\/actualites\/il-ouvrit-leur-intelligence-a-la-comprehension-des-ecritures-2\/\"},\"wordCount\":313,\"commentCount\":0,\"publisher\":{\"@id\":\"https:\/\/charente.catholique.fr\/nord-charente\/#organization\"},\"image\":{\"@id\":\"https:\/\/charente.catholique.fr\/nord-charente\/actualites\/il-ouvrit-leur-intelligence-a-la-comprehension-des-ecritures-2\/#primaryimage\"},\"thumbnailUrl\":\"https:\/\/charente.catholique.fr\/nord-charente\/wp-content\/uploads\/sites\/4\/2024\/04\/126778840_gettyimages-1137572016.jpg\",\"articleSection\":[\"Aigre\"],\"inLanguage\":\"fr-FR\",\"potentialAction\":[{\"@type\":\"CommentAction\",\"name\":\"Comment\",\"target\":[\"https:\/\/charente.catholique.fr\/nord-charente\/actualites\/il-ouvrit-leur-intelligence-a-la-comprehension-des-ecritures-2\/#respond\"]}]},{\"@type\":\"WebPage\",\"@id\":\"https:\/\/charente.catholique.fr\/nord-charente\/actualites\/il-ouvrit-leur-intelligence-a-la-comprehension-des-ecritures-2\/\",\"url\":\"https:\/\/charente.catholique.fr\/nord-charente\/actualites\/il-ouvrit-leur-intelligence-a-la-comprehension-des-ecritures-2\/\",\"name\":\"\u00ab\u00a0Il ouvrit leur intelligence \u00e0 la compr\u00e9hension des \u00c9critures\u00a0\u00bb - Doyenn\u00e9 Nord Charente\",\"isPartOf\":{\"@id\":\"https:\/\/charente.catholique.fr\/nord-charente\/#website\"},\"primaryImageOfPage\":{\"@id\":\"https:\/\/charente.catholique.fr\/nord-charente\/actualites\/il-ouvrit-leur-intelligence-a-la-comprehension-des-ecritures-2\/#primaryimage\"},\"image\":{\"@id\":\"https:\/\/charente.catholique.fr\/nord-charente\/actualites\/il-ouvrit-leur-intelligence-a-la-comprehension-des-ecritures-2\/#primaryimage\"},\"thumbnailUrl\":\"https:\/\/charente.catholique.fr\/nord-charente\/wp-content\/uploads\/sites\/4\/2024\/04\/126778840_gettyimages-1137572016.jpg\",\"datePublished\":\"2024-04-13T09:06:52+00:00\",\"breadcrumb\":{\"@id\":\"https:\/\/charente.catholique.fr\/nord-charente\/actualites\/il-ouvrit-leur-intelligence-a-la-comprehension-des-ecritures-2\/#breadcrumb\"},\"inLanguage\":\"fr-FR\",\"potentialAction\":[{\"@type\":\"ReadAction\",\"target\":[\"https:\/\/charente.catholique.fr\/nord-charente\/actualites\/il-ouvrit-leur-intelligence-a-la-comprehension-des-ecritures-2\/\"]}]},{\"@type\":\"ImageObject\",\"inLanguage\":\"fr-FR\",\"@id\":\"https:\/\/charente.catholique.fr\/nord-charente\/actualites\/il-ouvrit-leur-intelligence-a-la-comprehension-des-ecritures-2\/#primaryimage\",\"url\":\"https:\/\/charente.catholique.fr\/nord-charente\/wp-content\/uploads\/sites\/4\/2024\/04\/126778840_gettyimages-1137572016.jpg\",\"contentUrl\":\"https:\/\/charente.catholique.fr\/nord-charente\/wp-content\/uploads\/sites\/4\/2024\/04\/126778840_gettyimages-1137572016.jpg\",\"width\":976,\"height\":549},{\"@type\":\"BreadcrumbList\",\"@id\":\"https:\/\/charente.catholique.fr\/nord-charente\/actualites\/il-ouvrit-leur-intelligence-a-la-comprehension-des-ecritures-2\/#breadcrumb\",\"itemListElement\":[{\"@type\":\"ListItem\",\"position\":1,\"name\":\"Accueil\",\"item\":\"https:\/\/charente.catholique.fr\/nord-charente\/\"},{\"@type\":\"ListItem\",\"position\":2,\"name\":\"\u00ab\u00a0Il ouvrit leur intelligence \u00e0 la compr\u00e9hension des \u00c9critures\u00a0\u00bb\"}]},{\"@type\":\"WebSite\",\"@id\":\"https:\/\/charente.catholique.fr\/nord-charente\/#website\",\"url\":\"https:\/\/charente.catholique.fr\/nord-charente\/\",\"name\":\"Doyenn\u00e9 Nord Charente - Dioc\u00e8se d'Angoul\u00eame\",\"description\":\"Dioc\u00e8se d&#039;Angoul\u00eame\",\"publisher\":{\"@id\":\"https:\/\/charente.catholique.fr\/nord-charente\/#organization\"},\"potentialAction\":[{\"@type\":\"SearchAction\",\"target\":{\"@type\":\"EntryPoint\",\"urlTemplate\":\"https:\/\/charente.catholique.fr\/nord-charente\/?s={search_term_string}\"},\"query-input\":{\"@type\":\"PropertyValueSpecification\",\"valueRequired\":true,\"valueName\":\"search_term_string\"}}],\"inLanguage\":\"fr-FR\"},{\"@type\":\"Organization\",\"@id\":\"https:\/\/charente.catholique.fr\/nord-charente\/#organization\",\"name\":\"Association dioc\u00e9saine d'Angoul\u00eame\",\"url\":\"https:\/\/charente.catholique.fr\/nord-charente\/\",\"logo\":{\"@type\":\"ImageObject\",\"inLanguage\":\"fr-FR\",\"@id\":\"https:\/\/charente.catholique.fr\/nord-charente\/#\/schema\/logo\/image\/\",\"url\":\"https:\/\/charente.catholique.fr\/nord-charente\/wp-content\/uploads\/sites\/4\/2020\/10\/logos.png\",\"contentUrl\":\"https:\/\/charente.catholique.fr\/nord-charente\/wp-content\/uploads\/sites\/4\/2020\/10\/logos.png\",\"width\":600,\"height\":257,\"caption\":\"Association dioc\u00e9saine d'Angoul\u00eame\"},\"image\":{\"@id\":\"https:\/\/charente.catholique.fr\/nord-charente\/#\/schema\/logo\/image\/\"},\"sameAs\":[\"https:\/\/www.facebook.com\/EgliseCatholiqueCharente\",\"https:\/\/x.com\/diocesecharente\",\"https:\/\/www.instagram.com\/eglisecharente\",\"https:\/\/www.youtube.com\/channel\/UCByyFWApZbw3gDTiADoiAaQ\"]},{\"@type\":\"Person\",\"@id\":\"https:\/\/charente.catholique.fr\/nord-charente\/#\/schema\/person\/5711de98abb018ff863964265e7ce7af\",\"name\":\"Marie ZANDVLIET\",\"image\":{\"@type\":\"ImageObject\",\"inLanguage\":\"fr-FR\",\"@id\":\"https:\/\/charente.catholique.fr\/nord-charente\/#\/schema\/person\/image\/\",\"url\":\"https:\/\/secure.gravatar.com\/avatar\/34d53108a77f09d371d2aa77b0383414698788d6b70090bcbcda171708c34b28?s=96&d=mm&r=g\",\"contentUrl\":\"https:\/\/secure.gravatar.com\/avatar\/34d53108a77f09d371d2aa77b0383414698788d6b70090bcbcda171708c34b28?s=96&d=mm&r=g\",\"caption\":\"Marie ZANDVLIET\"},\"description\":\"Tel. 06 51 05 45 03\",\"url\":\"https:\/\/charente.catholique.fr\/nord-charente\/author\/aigre\/\"}]}<\/script>\n<!-- \/ Yoast SEO plugin. -->","yoast_head_json":{"title":"\u00ab\u00a0Il ouvrit leur intelligence \u00e0 la compr\u00e9hension des \u00c9critures\u00a0\u00bb - Doyenn\u00e9 Nord Charente","robots":{"index":"index","follow":"follow","max-snippet":"max-snippet:-1","max-image-preview":"max-image-preview:large","max-video-preview":"max-video-preview:-1"},"canonical":"https:\/\/charente.catholique.fr\/nord-charente\/actualites\/il-ouvrit-leur-intelligence-a-la-comprehension-des-ecritures-2\/","og_locale":"fr_FR","og_type":"article","og_title":"\u00ab\u00a0Il ouvrit leur intelligence \u00e0 la compr\u00e9hension des \u00c9critures\u00a0\u00bb - Doyenn\u00e9 Nord Charente","og_description":"\u00ab\u00a0Il fallait que s\u2019accomplisse tout ce qui a \u00e9t\u00e9 dit de moidans la loi de Moise, les proph\u00e8tes et les psaumes\u2026\u00a0\u00bbLe Christ ressuscit\u00e9 invite les croyants que nous sommes\u00e0 voyager \u00e0 travers les \u00c9critures,\u00e0 les lire pour le voir,\u00e0 les vivre pour le trouver. Si J\u00e9sus ouvre le c\u0153ur des siens \u00e0 l\u2019intelligence des \u00c9critures,c\u2019est [&hellip;]","og_url":"https:\/\/charente.catholique.fr\/nord-charente\/actualites\/il-ouvrit-leur-intelligence-a-la-comprehension-des-ecritures-2\/","og_site_name":"Doyenn\u00e9 Nord Charente","article_publisher":"https:\/\/www.facebook.com\/EgliseCatholiqueCharente","article_published_time":"2024-04-13T09:06:52+00:00","og_image":[{"width":976,"height":549,"url":"https:\/\/charente.catholique.fr\/nord-charente\/wp-content\/uploads\/sites\/4\/2024\/04\/126778840_gettyimages-1137572016.jpg","type":"image\/jpeg"}],"author":"Marie ZANDVLIET","twitter_card":"summary_large_image","twitter_creator":"@diocesecharente","twitter_site":"@diocesecharente","twitter_misc":{"\u00c9crit par":"Marie ZANDVLIET","Dur\u00e9e de lecture estim\u00e9e":"2 minutes"},"schema":{"@context":"https:\/\/schema.org","@graph":[{"@type":"Article","@id":"https:\/\/charente.catholique.fr\/nord-charente\/actualites\/il-ouvrit-leur-intelligence-a-la-comprehension-des-ecritures-2\/#article","isPartOf":{"@id":"https:\/\/charente.catholique.fr\/nord-charente\/actualites\/il-ouvrit-leur-intelligence-a-la-comprehension-des-ecritures-2\/"},"author":{"name":"Marie ZANDVLIET","@id":"https:\/\/charente.catholique.fr\/nord-charente\/#\/schema\/person\/5711de98abb018ff863964265e7ce7af"},"headline":"\u00ab\u00a0Il ouvrit leur intelligence \u00e0 la compr\u00e9hension des \u00c9critures\u00a0\u00bb","datePublished":"2024-04-13T09:06:52+00:00","mainEntityOfPage":{"@id":"https:\/\/charente.catholique.fr\/nord-charente\/actualites\/il-ouvrit-leur-intelligence-a-la-comprehension-des-ecritures-2\/"},"wordCount":313,"commentCount":0,"publisher":{"@id":"https:\/\/charente.catholique.fr\/nord-charente\/#organization"},"image":{"@id":"https:\/\/charente.catholique.fr\/nord-charente\/actualites\/il-ouvrit-leur-intelligence-a-la-comprehension-des-ecritures-2\/#primaryimage"},"thumbnailUrl":"https:\/\/charente.catholique.fr\/nord-charente\/wp-content\/uploads\/sites\/4\/2024\/04\/126778840_gettyimages-1137572016.jpg","articleSection":["Aigre"],"inLanguage":"fr-FR","potentialAction":[{"@type":"CommentAction","name":"Comment","target":["https:\/\/charente.catholique.fr\/nord-charente\/actualites\/il-ouvrit-leur-intelligence-a-la-comprehension-des-ecritures-2\/#respond"]}]},{"@type":"WebPage","@id":"https:\/\/charente.catholique.fr\/nord-charente\/actualites\/il-ouvrit-leur-intelligence-a-la-comprehension-des-ecritures-2\/","url":"https:\/\/charente.catholique.fr\/nord-charente\/actualites\/il-ouvrit-leur-intelligence-a-la-comprehension-des-ecritures-2\/","name":"\u00ab\u00a0Il ouvrit leur intelligence \u00e0 la compr\u00e9hension des \u00c9critures\u00a0\u00bb - Doyenn\u00e9 Nord Charente","isPartOf":{"@id":"https:\/\/charente.catholique.fr\/nord-charente\/#website"},"primaryImageOfPage":{"@id":"https:\/\/charente.catholique.fr\/nord-charente\/actualites\/il-ouvrit-leur-intelligence-a-la-comprehension-des-ecritures-2\/#primaryimage"},"image":{"@id":"https:\/\/charente.catholique.fr\/nord-charente\/actualites\/il-ouvrit-leur-intelligence-a-la-comprehension-des-ecritures-2\/#primaryimage"},"thumbnailUrl":"https:\/\/charente.catholique.fr\/nord-charente\/wp-content\/uploads\/sites\/4\/2024\/04\/126778840_gettyimages-1137572016.jpg","datePublished":"2024-04-13T09:06:52+00:00","breadcrumb":{"@id":"https:\/\/charente.catholique.fr\/nord-charente\/actualites\/il-ouvrit-leur-intelligence-a-la-comprehension-des-ecritures-2\/#breadcrumb"},"inLanguage":"fr-FR","potentialAction":[{"@type":"ReadAction","target":["https:\/\/charente.catholique.fr\/nord-charente\/actualites\/il-ouvrit-leur-intelligence-a-la-comprehension-des-ecritures-2\/"]}]},{"@type":"ImageObject","inLanguage":"fr-FR","@id":"https:\/\/charente.catholique.fr\/nord-charente\/actualites\/il-ouvrit-leur-intelligence-a-la-comprehension-des-ecritures-2\/#primaryimage","url":"https:\/\/charente.catholique.fr\/nord-charente\/wp-content\/uploads\/sites\/4\/2024\/04\/126778840_gettyimages-1137572016.jpg","contentUrl":"https:\/\/charente.catholique.fr\/nord-charente\/wp-content\/uploads\/sites\/4\/2024\/04\/126778840_gettyimages-1137572016.jpg","width":976,"height":549},{"@type":"BreadcrumbList","@id":"https:\/\/charente.catholique.fr\/nord-charente\/actualites\/il-ouvrit-leur-intelligence-a-la-comprehension-des-ecritures-2\/#breadcrumb","itemListElement":[{"@type":"ListItem","position":1,"name":"Accueil","item":"https:\/\/charente.catholique.fr\/nord-charente\/"},{"@type":"ListItem","position":2,"name":"\u00ab\u00a0Il ouvrit leur intelligence \u00e0 la compr\u00e9hension des \u00c9critures\u00a0\u00bb"}]},{"@type":"WebSite","@id":"https:\/\/charente.catholique.fr\/nord-charente\/#website","url":"https:\/\/charente.catholique.fr\/nord-charente\/","name":"Doyenn\u00e9 Nord Charente - Dioc\u00e8se d'Angoul\u00eame","description":"Dioc\u00e8se d&#039;Angoul\u00eame","publisher":{"@id":"https:\/\/charente.catholique.fr\/nord-charente\/#organization"},"potentialAction":[{"@type":"SearchAction","target":{"@type":"EntryPoint","urlTemplate":"https:\/\/charente.catholique.fr\/nord-charente\/?s={search_term_string}"},"query-input":{"@type":"PropertyValueSpecification","valueRequired":true,"valueName":"search_term_string"}}],"inLanguage":"fr-FR"},{"@type":"Organization","@id":"https:\/\/charente.catholique.fr\/nord-charente\/#organization","name":"Association dioc\u00e9saine d'Angoul\u00eame","url":"https:\/\/charente.catholique.fr\/nord-charente\/","logo":{"@type":"ImageObject","inLanguage":"fr-FR","@id":"https:\/\/charente.catholique.fr\/nord-charente\/#\/schema\/logo\/image\/","url":"https:\/\/charente.catholique.fr\/nord-charente\/wp-content\/uploads\/sites\/4\/2020\/10\/logos.png","contentUrl":"https:\/\/charente.catholique.fr\/nord-charente\/wp-content\/uploads\/sites\/4\/2020\/10\/logos.png","width":600,"height":257,"caption":"Association dioc\u00e9saine d'Angoul\u00eame"},"image":{"@id":"https:\/\/charente.catholique.fr\/nord-charente\/#\/schema\/logo\/image\/"},"sameAs":["https:\/\/www.facebook.com\/EgliseCatholiqueCharente","https:\/\/x.com\/diocesecharente","https:\/\/www.instagram.com\/eglisecharente","https:\/\/www.youtube.com\/channel\/UCByyFWApZbw3gDTiADoiAaQ"]},{"@type":"Person","@id":"https:\/\/charente.catholique.fr\/nord-charente\/#\/schema\/person\/5711de98abb018ff863964265e7ce7af","name":"Marie ZANDVLIET","image":{"@type":"ImageObject","inLanguage":"fr-FR","@id":"https:\/\/charente.catholique.fr\/nord-charente\/#\/schema\/person\/image\/","url":"https:\/\/secure.gravatar.com\/avatar\/34d53108a77f09d371d2aa77b0383414698788d6b70090bcbcda171708c34b28?s=96&d=mm&r=g","contentUrl":"https:\/\/secure.gravatar.com\/avatar\/34d53108a77f09d371d2aa77b0383414698788d6b70090bcbcda171708c34b28?s=96&d=mm&r=g","caption":"Marie ZANDVLIET"},"description":"Tel. 06 51 05 45 03","url":"https:\/\/charente.catholique.fr\/nord-charente\/author\/aigre\/"}]}},"_links":{"self":[{"href":"https:\/\/charente.catholique.fr\/nord-charente\/wp-json\/wp\/v2\/posts\/6368","targetHints":{"allow":["GET"]}}],"collection":[{"href":"https:\/\/charente.catholique.fr\/nord-charente\/wp-json\/wp\/v2\/posts"}],"about":[{"href":"https:\/\/charente.catholique.fr\/nord-charente\/wp-json\/wp\/v2\/types\/post"}],"author":[{"embeddable":true,"href":"https:\/\/charente.catholique.fr\/nord-charente\/wp-json\/wp\/v2\/users\/95"}],"replies":[{"embeddable":true,"href":"https:\/\/charente.catholique.fr\/nord-charente\/wp-json\/wp\/v2\/comments?post=6368"}],"version-history":[{"count":3,"href":"https:\/\/charente.catholique.fr\/nord-charente\/wp-json\/wp\/v2\/posts\/6368\/revisions"}],"predecessor-version":[{"id":6372,"href":"https:\/\/charente.catholique.fr\/nord-charente\/wp-json\/wp\/v2\/posts\/6368\/revisions\/6372"}],"wp:featuredmedia":[{"embeddable":true,"href":"https:\/\/charente.catholique.fr\/nord-charente\/wp-json\/wp\/v2\/media\/6369"}],"wp:attachment":[{"href":"https:\/\/charente.catholique.fr\/nord-charente\/wp-json\/wp\/v2\/media?parent=6368"}],"wp:term":[{"taxonomy":"category","embeddable":true,"href":"https:\/\/charente.catholique.fr\/nord-charente\/wp-json\/wp\/v2\/categories?post=6368"},{"taxonomy":"post_tag","embeddable":true,"href":"https:\/\/charente.catholique.fr\/nord-charente\/wp-json\/wp\/v2\/tags?post=6368"}],"curies":[{"name":"wp","href":"https:\/\/api.w.org\/{rel}","templated":true}]}}