{"id":6173,"date":"2024-03-23T14:24:24","date_gmt":"2024-03-23T13:24:24","guid":{"rendered":"https:\/\/charente.catholique.fr\/nord-charente\/?p=6173"},"modified":"2024-03-23T14:28:31","modified_gmt":"2024-03-23T13:28:31","slug":"horaires-semaine-sainte-du-24-mars-au-31mars-2024","status":"publish","type":"post","link":"https:\/\/charente.catholique.fr\/nord-charente\/actualites\/horaires-semaine-sainte-du-24-mars-au-31mars-2024\/","title":{"rendered":"Horaires Semaine Sainte du 24 mars au 31mars 2024"},"content":{"rendered":"\n<p class=\"has-medium-font-size\">&#8211;<strong><em>Dimanche 24 mars ,Messe des Rameaux \u00e0 10h30 ,\u00e9glise de Villefagnan (Vente de chocolats au prix de 5\u20ac le sachet au profit du financement des \u00e9tudes pour les s\u00e9minaristes et les vocations )<\/em><\/strong><\/p>\n\n\n\n<p class=\"has-medium-font-size\">&#8211;<strong><em>Jeudi Saint 28 mars, C\u00e9l\u00e9bration de la C\u00e8ne, \u00e0 18h30, \u00e9glise de Villefagnan<\/em><\/strong><\/p>\n\n\n\n<p class=\"has-medium-font-size\"><strong><em>-Vendredi Saint 29 mars, Confessions \u00e0 10h30, Chemin de croix \u00e0 15h et \u00e0 18h30, C\u00e9l\u00e9bration de la Croix, \u00e9glise de Villefagnan<\/em><\/strong><\/p>\n\n\n\n<p class=\"has-medium-font-size\"><strong><em>-Samedi Saint 30 mars, Veill\u00e9e pascale \u00e0 20h30, \u00e9glise de Villefagnan<\/em><\/strong><\/p>\n\n\n\n<p class=\"has-medium-font-size\"><strong><em>-Dimanche de P\u00e2ques 31 mars, Messe \u00e0 10h30, \u00e9glise de Villefagnan.<\/em><\/strong><\/p>\n","protected":false},"excerpt":{"rendered":"<p>&#8211;Dimanche 24 mars ,Messe des Rameaux \u00e0 10h30 ,\u00e9glise de Villefagnan (Vente de chocolats au prix de 5\u20ac le sachet au profit du financement des \u00e9tudes pour les s\u00e9minaristes et les vocations ) &#8211;Jeudi Saint 28 mars, C\u00e9l\u00e9bration de la C\u00e8ne, \u00e0 18h30, \u00e9glise de Villefagnan -Vendredi Saint 29 mars, Confessions \u00e0 10h30, Chemin de [&hellip;]<\/p>\n","protected":false},"author":38,"featured_media":6063,"comment_status":"open","ping_status":"open","sticky":false,"template":"","format":"standard","meta":{"_acf_changed":false,"paroisse":["14"],"service":["0"],"footnotes":""},"categories":[1],"tags":[],"class_list":["post-6173","post","type-post","status-publish","format-standard","has-post-thumbnail","hentry","category-actualites"],"acf":[],"yoast_head":"<!-- This site is optimized with the Yoast SEO plugin v27.1.1 - https:\/\/yoast.com\/product\/yoast-seo-wordpress\/ -->\n<title>Horaires Semaine Sainte du 24 mars au 31mars 2024 - Doyenn\u00e9 Nord Charente<\/title>\n<meta name=\"robots\" content=\"index, follow, max-snippet:-1, max-image-preview:large, max-video-preview:-1\" \/>\n<link rel=\"canonical\" href=\"https:\/\/charente.catholique.fr\/nord-charente\/actualites\/horaires-semaine-sainte-du-24-mars-au-31mars-2024\/\" \/>\n<meta property=\"og:locale\" content=\"fr_FR\" \/>\n<meta property=\"og:type\" content=\"article\" \/>\n<meta property=\"og:title\" content=\"Horaires Semaine Sainte du 24 mars au 31mars 2024 - Doyenn\u00e9 Nord Charente\" \/>\n<meta property=\"og:description\" content=\"&#8211;Dimanche 24 mars ,Messe des Rameaux \u00e0 10h30 ,\u00e9glise de Villefagnan (Vente de chocolats au prix de 5\u20ac le sachet au profit du financement des \u00e9tudes pour les s\u00e9minaristes et les vocations ) &#8211;Jeudi Saint 28 mars, C\u00e9l\u00e9bration de la C\u00e8ne, \u00e0 18h30, \u00e9glise de Villefagnan -Vendredi Saint 29 mars, Confessions \u00e0 10h30, Chemin de [&hellip;]\" \/>\n<meta property=\"og:url\" content=\"https:\/\/charente.catholique.fr\/nord-charente\/actualites\/horaires-semaine-sainte-du-24-mars-au-31mars-2024\/\" \/>\n<meta property=\"og:site_name\" content=\"Doyenn\u00e9 Nord Charente\" \/>\n<meta property=\"article:publisher\" content=\"https:\/\/www.facebook.com\/EgliseCatholiqueCharente\" \/>\n<meta property=\"article:published_time\" content=\"2024-03-23T13:24:24+00:00\" \/>\n<meta property=\"article:modified_time\" content=\"2024-03-23T13:28:31+00:00\" \/>\n<meta property=\"og:image\" content=\"https:\/\/charente.catholique.fr\/nord-charente\/wp-content\/uploads\/sites\/4\/2024\/03\/127875-illustrationle-gratuite-de-la-semaine-sainte-vectoriel-1.jpg\" \/>\n\t<meta property=\"og:image:width\" content=\"700\" \/>\n\t<meta property=\"og:image:height\" content=\"490\" \/>\n\t<meta property=\"og:image:type\" content=\"image\/jpeg\" \/>\n<meta name=\"author\" content=\"joelleayrault\" \/>\n<meta name=\"twitter:card\" content=\"summary_large_image\" \/>\n<meta name=\"twitter:creator\" content=\"@diocesecharente\" \/>\n<meta name=\"twitter:site\" content=\"@diocesecharente\" \/>\n<meta name=\"twitter:label1\" content=\"\u00c9crit par\" \/>\n\t<meta name=\"twitter:data1\" content=\"joelleayrault\" \/>\n\t<meta name=\"twitter:label2\" content=\"Dur\u00e9e de lecture estim\u00e9e\" \/>\n\t<meta name=\"twitter:data2\" content=\"1 minute\" \/>\n<script type=\"application\/ld+json\" class=\"yoast-schema-graph\">{\"@context\":\"https:\/\/schema.org\",\"@graph\":[{\"@type\":\"Article\",\"@id\":\"https:\/\/charente.catholique.fr\/nord-charente\/actualites\/horaires-semaine-sainte-du-24-mars-au-31mars-2024\/#article\",\"isPartOf\":{\"@id\":\"https:\/\/charente.catholique.fr\/nord-charente\/actualites\/horaires-semaine-sainte-du-24-mars-au-31mars-2024\/\"},\"author\":{\"name\":\"joelleayrault\",\"@id\":\"https:\/\/charente.catholique.fr\/nord-charente\/#\/schema\/person\/51184492e4abba33e5d768059a70f4db\"},\"headline\":\"Horaires Semaine Sainte du 24 mars au 31mars 2024\",\"datePublished\":\"2024-03-23T13:24:24+00:00\",\"dateModified\":\"2024-03-23T13:28:31+00:00\",\"mainEntityOfPage\":{\"@id\":\"https:\/\/charente.catholique.fr\/nord-charente\/actualites\/horaires-semaine-sainte-du-24-mars-au-31mars-2024\/\"},\"wordCount\":93,\"commentCount\":0,\"publisher\":{\"@id\":\"https:\/\/charente.catholique.fr\/nord-charente\/#organization\"},\"image\":{\"@id\":\"https:\/\/charente.catholique.fr\/nord-charente\/actualites\/horaires-semaine-sainte-du-24-mars-au-31mars-2024\/#primaryimage\"},\"thumbnailUrl\":\"https:\/\/charente.catholique.fr\/nord-charente\/wp-content\/uploads\/sites\/4\/2024\/03\/127875-illustrationle-gratuite-de-la-semaine-sainte-vectoriel-1.jpg\",\"articleSection\":[\"Actualit\u00e9s\"],\"inLanguage\":\"fr-FR\",\"potentialAction\":[{\"@type\":\"CommentAction\",\"name\":\"Comment\",\"target\":[\"https:\/\/charente.catholique.fr\/nord-charente\/actualites\/horaires-semaine-sainte-du-24-mars-au-31mars-2024\/#respond\"]}]},{\"@type\":\"WebPage\",\"@id\":\"https:\/\/charente.catholique.fr\/nord-charente\/actualites\/horaires-semaine-sainte-du-24-mars-au-31mars-2024\/\",\"url\":\"https:\/\/charente.catholique.fr\/nord-charente\/actualites\/horaires-semaine-sainte-du-24-mars-au-31mars-2024\/\",\"name\":\"Horaires Semaine Sainte du 24 mars au 31mars 2024 - Doyenn\u00e9 Nord Charente\",\"isPartOf\":{\"@id\":\"https:\/\/charente.catholique.fr\/nord-charente\/#website\"},\"primaryImageOfPage\":{\"@id\":\"https:\/\/charente.catholique.fr\/nord-charente\/actualites\/horaires-semaine-sainte-du-24-mars-au-31mars-2024\/#primaryimage\"},\"image\":{\"@id\":\"https:\/\/charente.catholique.fr\/nord-charente\/actualites\/horaires-semaine-sainte-du-24-mars-au-31mars-2024\/#primaryimage\"},\"thumbnailUrl\":\"https:\/\/charente.catholique.fr\/nord-charente\/wp-content\/uploads\/sites\/4\/2024\/03\/127875-illustrationle-gratuite-de-la-semaine-sainte-vectoriel-1.jpg\",\"datePublished\":\"2024-03-23T13:24:24+00:00\",\"dateModified\":\"2024-03-23T13:28:31+00:00\",\"breadcrumb\":{\"@id\":\"https:\/\/charente.catholique.fr\/nord-charente\/actualites\/horaires-semaine-sainte-du-24-mars-au-31mars-2024\/#breadcrumb\"},\"inLanguage\":\"fr-FR\",\"potentialAction\":[{\"@type\":\"ReadAction\",\"target\":[\"https:\/\/charente.catholique.fr\/nord-charente\/actualites\/horaires-semaine-sainte-du-24-mars-au-31mars-2024\/\"]}]},{\"@type\":\"ImageObject\",\"inLanguage\":\"fr-FR\",\"@id\":\"https:\/\/charente.catholique.fr\/nord-charente\/actualites\/horaires-semaine-sainte-du-24-mars-au-31mars-2024\/#primaryimage\",\"url\":\"https:\/\/charente.catholique.fr\/nord-charente\/wp-content\/uploads\/sites\/4\/2024\/03\/127875-illustrationle-gratuite-de-la-semaine-sainte-vectoriel-1.jpg\",\"contentUrl\":\"https:\/\/charente.catholique.fr\/nord-charente\/wp-content\/uploads\/sites\/4\/2024\/03\/127875-illustrationle-gratuite-de-la-semaine-sainte-vectoriel-1.jpg\",\"width\":700,\"height\":490},{\"@type\":\"BreadcrumbList\",\"@id\":\"https:\/\/charente.catholique.fr\/nord-charente\/actualites\/horaires-semaine-sainte-du-24-mars-au-31mars-2024\/#breadcrumb\",\"itemListElement\":[{\"@type\":\"ListItem\",\"position\":1,\"name\":\"Accueil\",\"item\":\"https:\/\/charente.catholique.fr\/nord-charente\/\"},{\"@type\":\"ListItem\",\"position\":2,\"name\":\"Horaires Semaine Sainte du 24 mars au 31mars 2024\"}]},{\"@type\":\"WebSite\",\"@id\":\"https:\/\/charente.catholique.fr\/nord-charente\/#website\",\"url\":\"https:\/\/charente.catholique.fr\/nord-charente\/\",\"name\":\"Doyenn\u00e9 Nord Charente - Dioc\u00e8se d'Angoul\u00eame\",\"description\":\"Dioc\u00e8se d&#039;Angoul\u00eame\",\"publisher\":{\"@id\":\"https:\/\/charente.catholique.fr\/nord-charente\/#organization\"},\"potentialAction\":[{\"@type\":\"SearchAction\",\"target\":{\"@type\":\"EntryPoint\",\"urlTemplate\":\"https:\/\/charente.catholique.fr\/nord-charente\/?s={search_term_string}\"},\"query-input\":{\"@type\":\"PropertyValueSpecification\",\"valueRequired\":true,\"valueName\":\"search_term_string\"}}],\"inLanguage\":\"fr-FR\"},{\"@type\":\"Organization\",\"@id\":\"https:\/\/charente.catholique.fr\/nord-charente\/#organization\",\"name\":\"Association dioc\u00e9saine d'Angoul\u00eame\",\"url\":\"https:\/\/charente.catholique.fr\/nord-charente\/\",\"logo\":{\"@type\":\"ImageObject\",\"inLanguage\":\"fr-FR\",\"@id\":\"https:\/\/charente.catholique.fr\/nord-charente\/#\/schema\/logo\/image\/\",\"url\":\"https:\/\/charente.catholique.fr\/nord-charente\/wp-content\/uploads\/sites\/4\/2020\/10\/logos.png\",\"contentUrl\":\"https:\/\/charente.catholique.fr\/nord-charente\/wp-content\/uploads\/sites\/4\/2020\/10\/logos.png\",\"width\":600,\"height\":257,\"caption\":\"Association dioc\u00e9saine d'Angoul\u00eame\"},\"image\":{\"@id\":\"https:\/\/charente.catholique.fr\/nord-charente\/#\/schema\/logo\/image\/\"},\"sameAs\":[\"https:\/\/www.facebook.com\/EgliseCatholiqueCharente\",\"https:\/\/x.com\/diocesecharente\",\"https:\/\/www.instagram.com\/eglisecharente\",\"https:\/\/www.youtube.com\/channel\/UCByyFWApZbw3gDTiADoiAaQ\"]},{\"@type\":\"Person\",\"@id\":\"https:\/\/charente.catholique.fr\/nord-charente\/#\/schema\/person\/51184492e4abba33e5d768059a70f4db\",\"name\":\"joelleayrault\",\"image\":{\"@type\":\"ImageObject\",\"inLanguage\":\"fr-FR\",\"@id\":\"https:\/\/charente.catholique.fr\/nord-charente\/#\/schema\/person\/image\/\",\"url\":\"https:\/\/secure.gravatar.com\/avatar\/3bd3977af99690427d59b19ec7b6bd94226de63be5c368ae8d090f2d7f86dd5f?s=96&d=mm&r=g\",\"contentUrl\":\"https:\/\/secure.gravatar.com\/avatar\/3bd3977af99690427d59b19ec7b6bd94226de63be5c368ae8d090f2d7f86dd5f?s=96&d=mm&r=g\",\"caption\":\"joelleayrault\"},\"url\":\"https:\/\/charente.catholique.fr\/nord-charente\/author\/joelleayrault\/\"}]}<\/script>\n<!-- \/ Yoast SEO plugin. -->","yoast_head_json":{"title":"Horaires Semaine Sainte du 24 mars au 31mars 2024 - Doyenn\u00e9 Nord Charente","robots":{"index":"index","follow":"follow","max-snippet":"max-snippet:-1","max-image-preview":"max-image-preview:large","max-video-preview":"max-video-preview:-1"},"canonical":"https:\/\/charente.catholique.fr\/nord-charente\/actualites\/horaires-semaine-sainte-du-24-mars-au-31mars-2024\/","og_locale":"fr_FR","og_type":"article","og_title":"Horaires Semaine Sainte du 24 mars au 31mars 2024 - Doyenn\u00e9 Nord Charente","og_description":"&#8211;Dimanche 24 mars ,Messe des Rameaux \u00e0 10h30 ,\u00e9glise de Villefagnan (Vente de chocolats au prix de 5\u20ac le sachet au profit du financement des \u00e9tudes pour les s\u00e9minaristes et les vocations ) &#8211;Jeudi Saint 28 mars, C\u00e9l\u00e9bration de la C\u00e8ne, \u00e0 18h30, \u00e9glise de Villefagnan -Vendredi Saint 29 mars, Confessions \u00e0 10h30, Chemin de [&hellip;]","og_url":"https:\/\/charente.catholique.fr\/nord-charente\/actualites\/horaires-semaine-sainte-du-24-mars-au-31mars-2024\/","og_site_name":"Doyenn\u00e9 Nord Charente","article_publisher":"https:\/\/www.facebook.com\/EgliseCatholiqueCharente","article_published_time":"2024-03-23T13:24:24+00:00","article_modified_time":"2024-03-23T13:28:31+00:00","og_image":[{"width":700,"height":490,"url":"https:\/\/charente.catholique.fr\/nord-charente\/wp-content\/uploads\/sites\/4\/2024\/03\/127875-illustrationle-gratuite-de-la-semaine-sainte-vectoriel-1.jpg","type":"image\/jpeg"}],"author":"joelleayrault","twitter_card":"summary_large_image","twitter_creator":"@diocesecharente","twitter_site":"@diocesecharente","twitter_misc":{"\u00c9crit par":"joelleayrault","Dur\u00e9e de lecture estim\u00e9e":"1 minute"},"schema":{"@context":"https:\/\/schema.org","@graph":[{"@type":"Article","@id":"https:\/\/charente.catholique.fr\/nord-charente\/actualites\/horaires-semaine-sainte-du-24-mars-au-31mars-2024\/#article","isPartOf":{"@id":"https:\/\/charente.catholique.fr\/nord-charente\/actualites\/horaires-semaine-sainte-du-24-mars-au-31mars-2024\/"},"author":{"name":"joelleayrault","@id":"https:\/\/charente.catholique.fr\/nord-charente\/#\/schema\/person\/51184492e4abba33e5d768059a70f4db"},"headline":"Horaires Semaine Sainte du 24 mars au 31mars 2024","datePublished":"2024-03-23T13:24:24+00:00","dateModified":"2024-03-23T13:28:31+00:00","mainEntityOfPage":{"@id":"https:\/\/charente.catholique.fr\/nord-charente\/actualites\/horaires-semaine-sainte-du-24-mars-au-31mars-2024\/"},"wordCount":93,"commentCount":0,"publisher":{"@id":"https:\/\/charente.catholique.fr\/nord-charente\/#organization"},"image":{"@id":"https:\/\/charente.catholique.fr\/nord-charente\/actualites\/horaires-semaine-sainte-du-24-mars-au-31mars-2024\/#primaryimage"},"thumbnailUrl":"https:\/\/charente.catholique.fr\/nord-charente\/wp-content\/uploads\/sites\/4\/2024\/03\/127875-illustrationle-gratuite-de-la-semaine-sainte-vectoriel-1.jpg","articleSection":["Actualit\u00e9s"],"inLanguage":"fr-FR","potentialAction":[{"@type":"CommentAction","name":"Comment","target":["https:\/\/charente.catholique.fr\/nord-charente\/actualites\/horaires-semaine-sainte-du-24-mars-au-31mars-2024\/#respond"]}]},{"@type":"WebPage","@id":"https:\/\/charente.catholique.fr\/nord-charente\/actualites\/horaires-semaine-sainte-du-24-mars-au-31mars-2024\/","url":"https:\/\/charente.catholique.fr\/nord-charente\/actualites\/horaires-semaine-sainte-du-24-mars-au-31mars-2024\/","name":"Horaires Semaine Sainte du 24 mars au 31mars 2024 - Doyenn\u00e9 Nord Charente","isPartOf":{"@id":"https:\/\/charente.catholique.fr\/nord-charente\/#website"},"primaryImageOfPage":{"@id":"https:\/\/charente.catholique.fr\/nord-charente\/actualites\/horaires-semaine-sainte-du-24-mars-au-31mars-2024\/#primaryimage"},"image":{"@id":"https:\/\/charente.catholique.fr\/nord-charente\/actualites\/horaires-semaine-sainte-du-24-mars-au-31mars-2024\/#primaryimage"},"thumbnailUrl":"https:\/\/charente.catholique.fr\/nord-charente\/wp-content\/uploads\/sites\/4\/2024\/03\/127875-illustrationle-gratuite-de-la-semaine-sainte-vectoriel-1.jpg","datePublished":"2024-03-23T13:24:24+00:00","dateModified":"2024-03-23T13:28:31+00:00","breadcrumb":{"@id":"https:\/\/charente.catholique.fr\/nord-charente\/actualites\/horaires-semaine-sainte-du-24-mars-au-31mars-2024\/#breadcrumb"},"inLanguage":"fr-FR","potentialAction":[{"@type":"ReadAction","target":["https:\/\/charente.catholique.fr\/nord-charente\/actualites\/horaires-semaine-sainte-du-24-mars-au-31mars-2024\/"]}]},{"@type":"ImageObject","inLanguage":"fr-FR","@id":"https:\/\/charente.catholique.fr\/nord-charente\/actualites\/horaires-semaine-sainte-du-24-mars-au-31mars-2024\/#primaryimage","url":"https:\/\/charente.catholique.fr\/nord-charente\/wp-content\/uploads\/sites\/4\/2024\/03\/127875-illustrationle-gratuite-de-la-semaine-sainte-vectoriel-1.jpg","contentUrl":"https:\/\/charente.catholique.fr\/nord-charente\/wp-content\/uploads\/sites\/4\/2024\/03\/127875-illustrationle-gratuite-de-la-semaine-sainte-vectoriel-1.jpg","width":700,"height":490},{"@type":"BreadcrumbList","@id":"https:\/\/charente.catholique.fr\/nord-charente\/actualites\/horaires-semaine-sainte-du-24-mars-au-31mars-2024\/#breadcrumb","itemListElement":[{"@type":"ListItem","position":1,"name":"Accueil","item":"https:\/\/charente.catholique.fr\/nord-charente\/"},{"@type":"ListItem","position":2,"name":"Horaires Semaine Sainte du 24 mars au 31mars 2024"}]},{"@type":"WebSite","@id":"https:\/\/charente.catholique.fr\/nord-charente\/#website","url":"https:\/\/charente.catholique.fr\/nord-charente\/","name":"Doyenn\u00e9 Nord Charente - Dioc\u00e8se d'Angoul\u00eame","description":"Dioc\u00e8se d&#039;Angoul\u00eame","publisher":{"@id":"https:\/\/charente.catholique.fr\/nord-charente\/#organization"},"potentialAction":[{"@type":"SearchAction","target":{"@type":"EntryPoint","urlTemplate":"https:\/\/charente.catholique.fr\/nord-charente\/?s={search_term_string}"},"query-input":{"@type":"PropertyValueSpecification","valueRequired":true,"valueName":"search_term_string"}}],"inLanguage":"fr-FR"},{"@type":"Organization","@id":"https:\/\/charente.catholique.fr\/nord-charente\/#organization","name":"Association dioc\u00e9saine d'Angoul\u00eame","url":"https:\/\/charente.catholique.fr\/nord-charente\/","logo":{"@type":"ImageObject","inLanguage":"fr-FR","@id":"https:\/\/charente.catholique.fr\/nord-charente\/#\/schema\/logo\/image\/","url":"https:\/\/charente.catholique.fr\/nord-charente\/wp-content\/uploads\/sites\/4\/2020\/10\/logos.png","contentUrl":"https:\/\/charente.catholique.fr\/nord-charente\/wp-content\/uploads\/sites\/4\/2020\/10\/logos.png","width":600,"height":257,"caption":"Association dioc\u00e9saine d'Angoul\u00eame"},"image":{"@id":"https:\/\/charente.catholique.fr\/nord-charente\/#\/schema\/logo\/image\/"},"sameAs":["https:\/\/www.facebook.com\/EgliseCatholiqueCharente","https:\/\/x.com\/diocesecharente","https:\/\/www.instagram.com\/eglisecharente","https:\/\/www.youtube.com\/channel\/UCByyFWApZbw3gDTiADoiAaQ"]},{"@type":"Person","@id":"https:\/\/charente.catholique.fr\/nord-charente\/#\/schema\/person\/51184492e4abba33e5d768059a70f4db","name":"joelleayrault","image":{"@type":"ImageObject","inLanguage":"fr-FR","@id":"https:\/\/charente.catholique.fr\/nord-charente\/#\/schema\/person\/image\/","url":"https:\/\/secure.gravatar.com\/avatar\/3bd3977af99690427d59b19ec7b6bd94226de63be5c368ae8d090f2d7f86dd5f?s=96&d=mm&r=g","contentUrl":"https:\/\/secure.gravatar.com\/avatar\/3bd3977af99690427d59b19ec7b6bd94226de63be5c368ae8d090f2d7f86dd5f?s=96&d=mm&r=g","caption":"joelleayrault"},"url":"https:\/\/charente.catholique.fr\/nord-charente\/author\/joelleayrault\/"}]}},"_links":{"self":[{"href":"https:\/\/charente.catholique.fr\/nord-charente\/wp-json\/wp\/v2\/posts\/6173","targetHints":{"allow":["GET"]}}],"collection":[{"href":"https:\/\/charente.catholique.fr\/nord-charente\/wp-json\/wp\/v2\/posts"}],"about":[{"href":"https:\/\/charente.catholique.fr\/nord-charente\/wp-json\/wp\/v2\/types\/post"}],"author":[{"embeddable":true,"href":"https:\/\/charente.catholique.fr\/nord-charente\/wp-json\/wp\/v2\/users\/38"}],"replies":[{"embeddable":true,"href":"https:\/\/charente.catholique.fr\/nord-charente\/wp-json\/wp\/v2\/comments?post=6173"}],"version-history":[{"count":3,"href":"https:\/\/charente.catholique.fr\/nord-charente\/wp-json\/wp\/v2\/posts\/6173\/revisions"}],"predecessor-version":[{"id":6177,"href":"https:\/\/charente.catholique.fr\/nord-charente\/wp-json\/wp\/v2\/posts\/6173\/revisions\/6177"}],"wp:featuredmedia":[{"embeddable":true,"href":"https:\/\/charente.catholique.fr\/nord-charente\/wp-json\/wp\/v2\/media\/6063"}],"wp:attachment":[{"href":"https:\/\/charente.catholique.fr\/nord-charente\/wp-json\/wp\/v2\/media?parent=6173"}],"wp:term":[{"taxonomy":"category","embeddable":true,"href":"https:\/\/charente.catholique.fr\/nord-charente\/wp-json\/wp\/v2\/categories?post=6173"},{"taxonomy":"post_tag","embeddable":true,"href":"https:\/\/charente.catholique.fr\/nord-charente\/wp-json\/wp\/v2\/tags?post=6173"}],"curies":[{"name":"wp","href":"https:\/\/api.w.org\/{rel}","templated":true}]}}