{"id":6146,"date":"2024-03-22T18:08:59","date_gmt":"2024-03-22T17:08:59","guid":{"rendered":"https:\/\/charente.catholique.fr\/nord-charente\/?p=6146"},"modified":"2024-04-10T10:14:20","modified_gmt":"2024-04-10T08:14:20","slug":"les-dernieres-etapes-avant-le-bapteme-de-david","status":"publish","type":"post","link":"https:\/\/charente.catholique.fr\/nord-charente\/actualites\/les-dernieres-etapes-avant-le-bapteme-de-david\/","title":{"rendered":"LES DERNIERES \u00c9TAPES AVANT LE BAPT\u00caME DE DAVID"},"content":{"rendered":"\n<p><strong><em>Trois rites p\u00e9nitentiels pour les cat\u00e9chum\u00e8nes durant le Car\u00eame et pr\u00e9c\u00e9dant le bapt\u00eame d&#8217;adulte dans la nuit de P\u00e2ques.<\/em><\/strong><\/p>\n\n\n\n<p>\u00a0 \u00ab Les scrutins ont un double but : faire appara\u00eetre dans le c\u0153ur de ceux qui sont appel\u00e9s, ce qu\u2019il y a de faible, de malade et de mauvais pour le <strong>gu\u00e9rir<\/strong>, et ce qu\u2019il y a de bien, de bon et de saint, pour <strong>l\u2019affermir<\/strong>. Ils sont donc faits pour <strong>purifier<\/strong> les c\u0153urs et les intelligences, <strong>fortifier <\/strong>contre les tentations<strong>, convertir<\/strong> les intentions, <strong>stimuler<\/strong> les volont\u00e9s, afin que les cat\u00e9chum\u00e8nes s\u2019attachent plus profond\u00e9ment au Christ et poursuivent leur effort pour <strong>aimer<\/strong> Dieu. D\u00e9j\u00e0 se dessine l\u00e0, \u00a0l\u2019enracinement du sacrement de p\u00e9nitence et de<strong>\u00a0<a href=\"https:\/\/liturgie.catholique.fr\/lexique\/reconciliation\">r\u00e9conciliation<\/a><\/strong><a href=\"https:\/\/liturgie.catholique.fr\/lexique\/reconciliation\">.<\/a>. Ces liturgies en constituent en quelque sorte une initiation.<\/p>\n\n\n\n<p><strong>Le 1<sup>er<\/sup> scrutin&nbsp;: \u00ab&nbsp;Le Christ donne l\u2019eau vive&nbsp;\u00bb&nbsp;:<\/strong><\/p>\n\n\n\n<p>Le 3<sup>\u00e8me<\/sup> dimanche de Car\u00eame est lu l\u2019\u00e9vangile de la Samaritaine \u00e0 qui le Christ donne de l\u2019eau \u00e0 boire. \u00ab&nbsp;La soif torture le monde, bien des hommes vivent dans un d\u00e9sert&nbsp;: qu\u2019il soit soci\u00e9tal, psychologique ou spirituel\u2026.&nbsp; Avons-nous soif de Dieu&nbsp;? <em>\u00ab&nbsp;Mon \u00e2me a soif de toi&nbsp;\u00bb<\/em> Que la r\u00e9surrection du Christ donne \u00e0 David l\u2019esp\u00e9rance et que monte en lui la soif de la vie \u00e9ternelle&nbsp;;<\/p>\n\n\n<div class=\"wp-block-image\">\n<figure class=\"aligncenter size-large is-resized\"><img loading=\"lazy\" decoding=\"async\" width=\"1440\" height=\"1080\" src=\"https:\/\/charente.catholique.fr\/nord-charente\/wp-content\/uploads\/sites\/4\/2024\/03\/20240303_111426-1440x1080.jpg\" alt=\"\" class=\"wp-image-6147\" style=\"width:559px;height:auto\" srcset=\"https:\/\/charente.catholique.fr\/nord-charente\/wp-content\/uploads\/sites\/4\/2024\/03\/20240303_111426-1440x1080.jpg 1440w, https:\/\/charente.catholique.fr\/nord-charente\/wp-content\/uploads\/sites\/4\/2024\/03\/20240303_111426-300x225.jpg 300w, https:\/\/charente.catholique.fr\/nord-charente\/wp-content\/uploads\/sites\/4\/2024\/03\/20240303_111426-768x576.jpg 768w, https:\/\/charente.catholique.fr\/nord-charente\/wp-content\/uploads\/sites\/4\/2024\/03\/20240303_111426-1536x1152.jpg 1536w, https:\/\/charente.catholique.fr\/nord-charente\/wp-content\/uploads\/sites\/4\/2024\/03\/20240303_111426-2048x1536.jpg 2048w, https:\/\/charente.catholique.fr\/nord-charente\/wp-content\/uploads\/sites\/4\/2024\/03\/20240303_111426-1320x990.jpg 1320w\" sizes=\"auto, (max-width: 1440px) 100vw, 1440px\" \/><\/figure>\n<\/div>\n\n<div class=\"wp-block-image\">\n<figure class=\"aligncenter size-large is-resized\"><img loading=\"lazy\" decoding=\"async\" width=\"810\" height=\"1080\" src=\"https:\/\/charente.catholique.fr\/nord-charente\/wp-content\/uploads\/sites\/4\/2024\/03\/20240303_114625-810x1080.jpg\" alt=\"\" class=\"wp-image-6148\" style=\"width:413px;height:auto\" srcset=\"https:\/\/charente.catholique.fr\/nord-charente\/wp-content\/uploads\/sites\/4\/2024\/03\/20240303_114625-810x1080.jpg 810w, https:\/\/charente.catholique.fr\/nord-charente\/wp-content\/uploads\/sites\/4\/2024\/03\/20240303_114625-225x300.jpg 225w, https:\/\/charente.catholique.fr\/nord-charente\/wp-content\/uploads\/sites\/4\/2024\/03\/20240303_114625-768x1024.jpg 768w, https:\/\/charente.catholique.fr\/nord-charente\/wp-content\/uploads\/sites\/4\/2024\/03\/20240303_114625-1152x1536.jpg 1152w, https:\/\/charente.catholique.fr\/nord-charente\/wp-content\/uploads\/sites\/4\/2024\/03\/20240303_114625-1536x2048.jpg 1536w, https:\/\/charente.catholique.fr\/nord-charente\/wp-content\/uploads\/sites\/4\/2024\/03\/20240303_114625-1320x1760.jpg 1320w, https:\/\/charente.catholique.fr\/nord-charente\/wp-content\/uploads\/sites\/4\/2024\/03\/20240303_114625-scaled.jpg 1920w\" sizes=\"auto, (max-width: 810px) 100vw, 810px\" \/><\/figure>\n<\/div>\n\n\n<p><strong>Le 2<sup>\u00e8me<\/sup> scrutin&nbsp;: \u00ab&nbsp;Le Christ gu\u00e9rit et illumine&nbsp;\u00bb<\/strong><\/p>\n\n\n\n<p>Le 4<sup>\u00e8me<\/sup> dimanche de Car\u00eame est lu l\u2019\u00e9vangile de l\u2019aveugle-n\u00e9. Gu\u00e9ri et illumin\u00e9 par le Christ l\u2019aveugle-n\u00e9 se lava \u00e0 la piscine de Silo\u00e9&nbsp;; Silo\u00e9 signifie&nbsp;: <strong>\u00ab&nbsp;Envoy\u00e9&nbsp;<\/strong>\u00bb Par ce scrutin, le cat\u00e9chum\u00e8ne est lib\u00e9r\u00e9 de toute erreur qui l\u2019enferme et l\u2019aveugle. Que David devienne fils de lumi\u00e8re et qu\u2019il le reste pour toujours.<\/p>\n\n\n<div class=\"wp-block-image\">\n<figure class=\"aligncenter size-large is-resized\"><img loading=\"lazy\" decoding=\"async\" width=\"1440\" height=\"1080\" src=\"https:\/\/charente.catholique.fr\/nord-charente\/wp-content\/uploads\/sites\/4\/2024\/03\/20240310_111706-1440x1080.jpg\" alt=\"\" class=\"wp-image-6149\" style=\"width:559px\" srcset=\"https:\/\/charente.catholique.fr\/nord-charente\/wp-content\/uploads\/sites\/4\/2024\/03\/20240310_111706-1440x1080.jpg 1440w, https:\/\/charente.catholique.fr\/nord-charente\/wp-content\/uploads\/sites\/4\/2024\/03\/20240310_111706-300x225.jpg 300w, https:\/\/charente.catholique.fr\/nord-charente\/wp-content\/uploads\/sites\/4\/2024\/03\/20240310_111706-768x576.jpg 768w, https:\/\/charente.catholique.fr\/nord-charente\/wp-content\/uploads\/sites\/4\/2024\/03\/20240310_111706-1536x1152.jpg 1536w, https:\/\/charente.catholique.fr\/nord-charente\/wp-content\/uploads\/sites\/4\/2024\/03\/20240310_111706-2048x1536.jpg 2048w, https:\/\/charente.catholique.fr\/nord-charente\/wp-content\/uploads\/sites\/4\/2024\/03\/20240310_111706-1320x990.jpg 1320w\" sizes=\"auto, (max-width: 1440px) 100vw, 1440px\" \/><\/figure>\n<\/div>\n\n<div class=\"wp-block-image\">\n<figure class=\"aligncenter size-large is-resized\"><img loading=\"lazy\" decoding=\"async\" width=\"1440\" height=\"1080\" src=\"https:\/\/charente.catholique.fr\/nord-charente\/wp-content\/uploads\/sites\/4\/2024\/03\/20240310_111809-1440x1080.jpg\" alt=\"\" class=\"wp-image-6150\" style=\"width:559px\" srcset=\"https:\/\/charente.catholique.fr\/nord-charente\/wp-content\/uploads\/sites\/4\/2024\/03\/20240310_111809-1440x1080.jpg 1440w, https:\/\/charente.catholique.fr\/nord-charente\/wp-content\/uploads\/sites\/4\/2024\/03\/20240310_111809-300x225.jpg 300w, https:\/\/charente.catholique.fr\/nord-charente\/wp-content\/uploads\/sites\/4\/2024\/03\/20240310_111809-768x576.jpg 768w, https:\/\/charente.catholique.fr\/nord-charente\/wp-content\/uploads\/sites\/4\/2024\/03\/20240310_111809-1536x1152.jpg 1536w, https:\/\/charente.catholique.fr\/nord-charente\/wp-content\/uploads\/sites\/4\/2024\/03\/20240310_111809-2048x1536.jpg 2048w, https:\/\/charente.catholique.fr\/nord-charente\/wp-content\/uploads\/sites\/4\/2024\/03\/20240310_111809-1320x990.jpg 1320w\" sizes=\"auto, (max-width: 1440px) 100vw, 1440px\" \/><\/figure>\n<\/div>\n\n\n<p><strong>Le 3<sup>\u00e8me<\/sup> scrutin&nbsp;: \u00ab&nbsp;Le Christ rend la vie&nbsp;\u00bb.<\/strong><\/p>\n\n\n\n<p>Le 5<sup>\u00e8me<\/sup> dimanche de Car\u00eame est lu l\u2019\u00e9vangile de la r\u00e9surrection de Lazare. Le Christ rend la vie \u00e0 son ami. Seigneur, toi qui n\u2019es pas le Dieu des morts mais le Dieu des vivants, tu as envoy\u00e9 ton fils comme messager de la vie pour lib\u00e9rer tes enfants du r\u00e8gne de la mort. Que David re\u00e7oive la vie \u00e9ternelle du Christ ressuscit\u00e9 et en soi t\u00e9moin.<\/p>\n\n\n<div class=\"wp-block-image\">\n<figure class=\"aligncenter size-large is-resized\"><img loading=\"lazy\" decoding=\"async\" width=\"810\" height=\"1080\" src=\"https:\/\/charente.catholique.fr\/nord-charente\/wp-content\/uploads\/sites\/4\/2024\/03\/20240317_111011-810x1080.jpg\" alt=\"\" class=\"wp-image-6152\" style=\"width:399px\" srcset=\"https:\/\/charente.catholique.fr\/nord-charente\/wp-content\/uploads\/sites\/4\/2024\/03\/20240317_111011-810x1080.jpg 810w, https:\/\/charente.catholique.fr\/nord-charente\/wp-content\/uploads\/sites\/4\/2024\/03\/20240317_111011-225x300.jpg 225w, https:\/\/charente.catholique.fr\/nord-charente\/wp-content\/uploads\/sites\/4\/2024\/03\/20240317_111011-768x1024.jpg 768w, https:\/\/charente.catholique.fr\/nord-charente\/wp-content\/uploads\/sites\/4\/2024\/03\/20240317_111011-1152x1536.jpg 1152w, https:\/\/charente.catholique.fr\/nord-charente\/wp-content\/uploads\/sites\/4\/2024\/03\/20240317_111011-1536x2048.jpg 1536w, https:\/\/charente.catholique.fr\/nord-charente\/wp-content\/uploads\/sites\/4\/2024\/03\/20240317_111011-1320x1760.jpg 1320w, https:\/\/charente.catholique.fr\/nord-charente\/wp-content\/uploads\/sites\/4\/2024\/03\/20240317_111011-scaled.jpg 1920w\" sizes=\"auto, (max-width: 810px) 100vw, 810px\" \/><\/figure>\n<\/div>\n\n<div class=\"wp-block-image\">\n<figure class=\"aligncenter size-large is-resized\"><img loading=\"lazy\" decoding=\"async\" width=\"1440\" height=\"1080\" src=\"https:\/\/charente.catholique.fr\/nord-charente\/wp-content\/uploads\/sites\/4\/2024\/03\/20240317_105216-1-1440x1080.jpg\" alt=\"\" class=\"wp-image-6153\" style=\"width:559px\" srcset=\"https:\/\/charente.catholique.fr\/nord-charente\/wp-content\/uploads\/sites\/4\/2024\/03\/20240317_105216-1-1440x1080.jpg 1440w, https:\/\/charente.catholique.fr\/nord-charente\/wp-content\/uploads\/sites\/4\/2024\/03\/20240317_105216-1-300x225.jpg 300w, https:\/\/charente.catholique.fr\/nord-charente\/wp-content\/uploads\/sites\/4\/2024\/03\/20240317_105216-1-768x576.jpg 768w, https:\/\/charente.catholique.fr\/nord-charente\/wp-content\/uploads\/sites\/4\/2024\/03\/20240317_105216-1-1536x1152.jpg 1536w, https:\/\/charente.catholique.fr\/nord-charente\/wp-content\/uploads\/sites\/4\/2024\/03\/20240317_105216-1-2048x1536.jpg 2048w, https:\/\/charente.catholique.fr\/nord-charente\/wp-content\/uploads\/sites\/4\/2024\/03\/20240317_105216-1-1320x990.jpg 1320w\" sizes=\"auto, (max-width: 1440px) 100vw, 1440px\" \/><\/figure>\n<\/div>","protected":false},"excerpt":{"rendered":"<p>Trois rites p\u00e9nitentiels pour les cat\u00e9chum\u00e8nes durant le Car\u00eame et pr\u00e9c\u00e9dant le bapt\u00eame d&#8217;adulte dans la nuit de P\u00e2ques. \u00a0 \u00ab Les scrutins ont un double but : faire appara\u00eetre dans le c\u0153ur de ceux qui sont appel\u00e9s, ce qu\u2019il y a de faible, de malade et de mauvais pour le gu\u00e9rir, et ce qu\u2019il [&hellip;]<\/p>\n","protected":false},"author":40,"featured_media":6154,"comment_status":"open","ping_status":"open","sticky":false,"template":"","format":"standard","meta":{"_acf_changed":false,"paroisse":["13"],"service":["0"],"footnotes":""},"categories":[1,2],"tags":[],"class_list":["post-6146","post","type-post","status-publish","format-standard","has-post-thumbnail","hentry","category-actualites","category-mansle","validated"],"acf":[],"yoast_head":"<!-- This site is optimized with the Yoast SEO plugin v27.1.1 - https:\/\/yoast.com\/product\/yoast-seo-wordpress\/ -->\n<title>LES DERNIERES \u00c9TAPES AVANT LE BAPT\u00caME DE DAVID - Doyenn\u00e9 Nord Charente<\/title>\n<meta name=\"robots\" content=\"index, follow, max-snippet:-1, max-image-preview:large, max-video-preview:-1\" \/>\n<link rel=\"canonical\" href=\"https:\/\/charente.catholique.fr\/nord-charente\/actualites\/les-dernieres-etapes-avant-le-bapteme-de-david\/\" \/>\n<meta property=\"og:locale\" content=\"fr_FR\" \/>\n<meta property=\"og:type\" content=\"article\" \/>\n<meta property=\"og:title\" content=\"LES DERNIERES \u00c9TAPES AVANT LE BAPT\u00caME DE DAVID - Doyenn\u00e9 Nord Charente\" \/>\n<meta property=\"og:description\" content=\"Trois rites p\u00e9nitentiels pour les cat\u00e9chum\u00e8nes durant le Car\u00eame et pr\u00e9c\u00e9dant le bapt\u00eame d&#8217;adulte dans la nuit de P\u00e2ques. \u00a0 \u00ab Les scrutins ont un double but : faire appara\u00eetre dans le c\u0153ur de ceux qui sont appel\u00e9s, ce qu\u2019il y a de faible, de malade et de mauvais pour le gu\u00e9rir, et ce qu\u2019il [&hellip;]\" \/>\n<meta property=\"og:url\" content=\"https:\/\/charente.catholique.fr\/nord-charente\/actualites\/les-dernieres-etapes-avant-le-bapteme-de-david\/\" \/>\n<meta property=\"og:site_name\" content=\"Doyenn\u00e9 Nord Charente\" \/>\n<meta property=\"article:publisher\" content=\"https:\/\/www.facebook.com\/EgliseCatholiqueCharente\" \/>\n<meta property=\"article:published_time\" content=\"2024-03-22T17:08:59+00:00\" \/>\n<meta property=\"article:modified_time\" content=\"2024-04-10T08:14:20+00:00\" \/>\n<meta property=\"og:image\" content=\"https:\/\/charente.catholique.fr\/nord-charente\/wp-content\/uploads\/sites\/4\/2024\/03\/bapteme.jpg\" \/>\n\t<meta property=\"og:image:width\" content=\"1920\" \/>\n\t<meta property=\"og:image:height\" content=\"720\" \/>\n\t<meta property=\"og:image:type\" content=\"image\/jpeg\" \/>\n<meta name=\"author\" content=\"francoischartier\" \/>\n<meta name=\"twitter:card\" content=\"summary_large_image\" \/>\n<meta name=\"twitter:creator\" content=\"@diocesecharente\" \/>\n<meta name=\"twitter:site\" content=\"@diocesecharente\" \/>\n<meta name=\"twitter:label1\" content=\"\u00c9crit par\" \/>\n\t<meta name=\"twitter:data1\" content=\"francoischartier\" \/>\n\t<meta name=\"twitter:label2\" content=\"Dur\u00e9e de lecture estim\u00e9e\" \/>\n\t<meta name=\"twitter:data2\" content=\"4 minutes\" \/>\n<script type=\"application\/ld+json\" class=\"yoast-schema-graph\">{\"@context\":\"https:\/\/schema.org\",\"@graph\":[{\"@type\":\"Article\",\"@id\":\"https:\/\/charente.catholique.fr\/nord-charente\/actualites\/les-dernieres-etapes-avant-le-bapteme-de-david\/#article\",\"isPartOf\":{\"@id\":\"https:\/\/charente.catholique.fr\/nord-charente\/actualites\/les-dernieres-etapes-avant-le-bapteme-de-david\/\"},\"author\":{\"name\":\"francoischartier\",\"@id\":\"https:\/\/charente.catholique.fr\/nord-charente\/#\/schema\/person\/7fd65c37c8269b35ee1af50beb3b6aef\"},\"headline\":\"LES DERNIERES \u00c9TAPES AVANT LE BAPT\u00caME DE DAVID\",\"datePublished\":\"2024-03-22T17:08:59+00:00\",\"dateModified\":\"2024-04-10T08:14:20+00:00\",\"mainEntityOfPage\":{\"@id\":\"https:\/\/charente.catholique.fr\/nord-charente\/actualites\/les-dernieres-etapes-avant-le-bapteme-de-david\/\"},\"wordCount\":415,\"commentCount\":0,\"publisher\":{\"@id\":\"https:\/\/charente.catholique.fr\/nord-charente\/#organization\"},\"image\":{\"@id\":\"https:\/\/charente.catholique.fr\/nord-charente\/actualites\/les-dernieres-etapes-avant-le-bapteme-de-david\/#primaryimage\"},\"thumbnailUrl\":\"https:\/\/charente.catholique.fr\/nord-charente\/wp-content\/uploads\/sites\/4\/2024\/03\/bapteme.jpg\",\"articleSection\":[\"Actualit\u00e9s\",\"Mansle\"],\"inLanguage\":\"fr-FR\",\"potentialAction\":[{\"@type\":\"CommentAction\",\"name\":\"Comment\",\"target\":[\"https:\/\/charente.catholique.fr\/nord-charente\/actualites\/les-dernieres-etapes-avant-le-bapteme-de-david\/#respond\"]}]},{\"@type\":\"WebPage\",\"@id\":\"https:\/\/charente.catholique.fr\/nord-charente\/actualites\/les-dernieres-etapes-avant-le-bapteme-de-david\/\",\"url\":\"https:\/\/charente.catholique.fr\/nord-charente\/actualites\/les-dernieres-etapes-avant-le-bapteme-de-david\/\",\"name\":\"LES DERNIERES \u00c9TAPES AVANT LE BAPT\u00caME DE DAVID - Doyenn\u00e9 Nord Charente\",\"isPartOf\":{\"@id\":\"https:\/\/charente.catholique.fr\/nord-charente\/#website\"},\"primaryImageOfPage\":{\"@id\":\"https:\/\/charente.catholique.fr\/nord-charente\/actualites\/les-dernieres-etapes-avant-le-bapteme-de-david\/#primaryimage\"},\"image\":{\"@id\":\"https:\/\/charente.catholique.fr\/nord-charente\/actualites\/les-dernieres-etapes-avant-le-bapteme-de-david\/#primaryimage\"},\"thumbnailUrl\":\"https:\/\/charente.catholique.fr\/nord-charente\/wp-content\/uploads\/sites\/4\/2024\/03\/bapteme.jpg\",\"datePublished\":\"2024-03-22T17:08:59+00:00\",\"dateModified\":\"2024-04-10T08:14:20+00:00\",\"breadcrumb\":{\"@id\":\"https:\/\/charente.catholique.fr\/nord-charente\/actualites\/les-dernieres-etapes-avant-le-bapteme-de-david\/#breadcrumb\"},\"inLanguage\":\"fr-FR\",\"potentialAction\":[{\"@type\":\"ReadAction\",\"target\":[\"https:\/\/charente.catholique.fr\/nord-charente\/actualites\/les-dernieres-etapes-avant-le-bapteme-de-david\/\"]}]},{\"@type\":\"ImageObject\",\"inLanguage\":\"fr-FR\",\"@id\":\"https:\/\/charente.catholique.fr\/nord-charente\/actualites\/les-dernieres-etapes-avant-le-bapteme-de-david\/#primaryimage\",\"url\":\"https:\/\/charente.catholique.fr\/nord-charente\/wp-content\/uploads\/sites\/4\/2024\/03\/bapteme.jpg\",\"contentUrl\":\"https:\/\/charente.catholique.fr\/nord-charente\/wp-content\/uploads\/sites\/4\/2024\/03\/bapteme.jpg\",\"width\":1920,\"height\":720},{\"@type\":\"BreadcrumbList\",\"@id\":\"https:\/\/charente.catholique.fr\/nord-charente\/actualites\/les-dernieres-etapes-avant-le-bapteme-de-david\/#breadcrumb\",\"itemListElement\":[{\"@type\":\"ListItem\",\"position\":1,\"name\":\"Accueil\",\"item\":\"https:\/\/charente.catholique.fr\/nord-charente\/\"},{\"@type\":\"ListItem\",\"position\":2,\"name\":\"LES DERNIERES \u00c9TAPES AVANT LE BAPT\u00caME DE DAVID\"}]},{\"@type\":\"WebSite\",\"@id\":\"https:\/\/charente.catholique.fr\/nord-charente\/#website\",\"url\":\"https:\/\/charente.catholique.fr\/nord-charente\/\",\"name\":\"Doyenn\u00e9 Nord Charente - Dioc\u00e8se d'Angoul\u00eame\",\"description\":\"Dioc\u00e8se d&#039;Angoul\u00eame\",\"publisher\":{\"@id\":\"https:\/\/charente.catholique.fr\/nord-charente\/#organization\"},\"potentialAction\":[{\"@type\":\"SearchAction\",\"target\":{\"@type\":\"EntryPoint\",\"urlTemplate\":\"https:\/\/charente.catholique.fr\/nord-charente\/?s={search_term_string}\"},\"query-input\":{\"@type\":\"PropertyValueSpecification\",\"valueRequired\":true,\"valueName\":\"search_term_string\"}}],\"inLanguage\":\"fr-FR\"},{\"@type\":\"Organization\",\"@id\":\"https:\/\/charente.catholique.fr\/nord-charente\/#organization\",\"name\":\"Association dioc\u00e9saine d'Angoul\u00eame\",\"url\":\"https:\/\/charente.catholique.fr\/nord-charente\/\",\"logo\":{\"@type\":\"ImageObject\",\"inLanguage\":\"fr-FR\",\"@id\":\"https:\/\/charente.catholique.fr\/nord-charente\/#\/schema\/logo\/image\/\",\"url\":\"https:\/\/charente.catholique.fr\/nord-charente\/wp-content\/uploads\/sites\/4\/2020\/10\/logos.png\",\"contentUrl\":\"https:\/\/charente.catholique.fr\/nord-charente\/wp-content\/uploads\/sites\/4\/2020\/10\/logos.png\",\"width\":600,\"height\":257,\"caption\":\"Association dioc\u00e9saine d'Angoul\u00eame\"},\"image\":{\"@id\":\"https:\/\/charente.catholique.fr\/nord-charente\/#\/schema\/logo\/image\/\"},\"sameAs\":[\"https:\/\/www.facebook.com\/EgliseCatholiqueCharente\",\"https:\/\/x.com\/diocesecharente\",\"https:\/\/www.instagram.com\/eglisecharente\",\"https:\/\/www.youtube.com\/channel\/UCByyFWApZbw3gDTiADoiAaQ\"]},{\"@type\":\"Person\",\"@id\":\"https:\/\/charente.catholique.fr\/nord-charente\/#\/schema\/person\/7fd65c37c8269b35ee1af50beb3b6aef\",\"name\":\"francoischartier\",\"image\":{\"@type\":\"ImageObject\",\"inLanguage\":\"fr-FR\",\"@id\":\"https:\/\/charente.catholique.fr\/nord-charente\/#\/schema\/person\/image\/\",\"url\":\"https:\/\/secure.gravatar.com\/avatar\/9eec05a742787d49cdadb00ee510e88e9971e96dba2eb042f4233df45add8fd1?s=96&d=mm&r=g\",\"contentUrl\":\"https:\/\/secure.gravatar.com\/avatar\/9eec05a742787d49cdadb00ee510e88e9971e96dba2eb042f4233df45add8fd1?s=96&d=mm&r=g\",\"caption\":\"francoischartier\"},\"description\":\"06 82 10 86 89\",\"url\":\"https:\/\/charente.catholique.fr\/nord-charente\/author\/francoischartier\/\"}]}<\/script>\n<!-- \/ Yoast SEO plugin. -->","yoast_head_json":{"title":"LES DERNIERES \u00c9TAPES AVANT LE BAPT\u00caME DE DAVID - Doyenn\u00e9 Nord Charente","robots":{"index":"index","follow":"follow","max-snippet":"max-snippet:-1","max-image-preview":"max-image-preview:large","max-video-preview":"max-video-preview:-1"},"canonical":"https:\/\/charente.catholique.fr\/nord-charente\/actualites\/les-dernieres-etapes-avant-le-bapteme-de-david\/","og_locale":"fr_FR","og_type":"article","og_title":"LES DERNIERES \u00c9TAPES AVANT LE BAPT\u00caME DE DAVID - Doyenn\u00e9 Nord Charente","og_description":"Trois rites p\u00e9nitentiels pour les cat\u00e9chum\u00e8nes durant le Car\u00eame et pr\u00e9c\u00e9dant le bapt\u00eame d&#8217;adulte dans la nuit de P\u00e2ques. \u00a0 \u00ab Les scrutins ont un double but : faire appara\u00eetre dans le c\u0153ur de ceux qui sont appel\u00e9s, ce qu\u2019il y a de faible, de malade et de mauvais pour le gu\u00e9rir, et ce qu\u2019il [&hellip;]","og_url":"https:\/\/charente.catholique.fr\/nord-charente\/actualites\/les-dernieres-etapes-avant-le-bapteme-de-david\/","og_site_name":"Doyenn\u00e9 Nord Charente","article_publisher":"https:\/\/www.facebook.com\/EgliseCatholiqueCharente","article_published_time":"2024-03-22T17:08:59+00:00","article_modified_time":"2024-04-10T08:14:20+00:00","og_image":[{"width":1920,"height":720,"url":"https:\/\/charente.catholique.fr\/nord-charente\/wp-content\/uploads\/sites\/4\/2024\/03\/bapteme.jpg","type":"image\/jpeg"}],"author":"francoischartier","twitter_card":"summary_large_image","twitter_creator":"@diocesecharente","twitter_site":"@diocesecharente","twitter_misc":{"\u00c9crit par":"francoischartier","Dur\u00e9e de lecture estim\u00e9e":"4 minutes"},"schema":{"@context":"https:\/\/schema.org","@graph":[{"@type":"Article","@id":"https:\/\/charente.catholique.fr\/nord-charente\/actualites\/les-dernieres-etapes-avant-le-bapteme-de-david\/#article","isPartOf":{"@id":"https:\/\/charente.catholique.fr\/nord-charente\/actualites\/les-dernieres-etapes-avant-le-bapteme-de-david\/"},"author":{"name":"francoischartier","@id":"https:\/\/charente.catholique.fr\/nord-charente\/#\/schema\/person\/7fd65c37c8269b35ee1af50beb3b6aef"},"headline":"LES DERNIERES \u00c9TAPES AVANT LE BAPT\u00caME DE DAVID","datePublished":"2024-03-22T17:08:59+00:00","dateModified":"2024-04-10T08:14:20+00:00","mainEntityOfPage":{"@id":"https:\/\/charente.catholique.fr\/nord-charente\/actualites\/les-dernieres-etapes-avant-le-bapteme-de-david\/"},"wordCount":415,"commentCount":0,"publisher":{"@id":"https:\/\/charente.catholique.fr\/nord-charente\/#organization"},"image":{"@id":"https:\/\/charente.catholique.fr\/nord-charente\/actualites\/les-dernieres-etapes-avant-le-bapteme-de-david\/#primaryimage"},"thumbnailUrl":"https:\/\/charente.catholique.fr\/nord-charente\/wp-content\/uploads\/sites\/4\/2024\/03\/bapteme.jpg","articleSection":["Actualit\u00e9s","Mansle"],"inLanguage":"fr-FR","potentialAction":[{"@type":"CommentAction","name":"Comment","target":["https:\/\/charente.catholique.fr\/nord-charente\/actualites\/les-dernieres-etapes-avant-le-bapteme-de-david\/#respond"]}]},{"@type":"WebPage","@id":"https:\/\/charente.catholique.fr\/nord-charente\/actualites\/les-dernieres-etapes-avant-le-bapteme-de-david\/","url":"https:\/\/charente.catholique.fr\/nord-charente\/actualites\/les-dernieres-etapes-avant-le-bapteme-de-david\/","name":"LES DERNIERES \u00c9TAPES AVANT LE BAPT\u00caME DE DAVID - Doyenn\u00e9 Nord Charente","isPartOf":{"@id":"https:\/\/charente.catholique.fr\/nord-charente\/#website"},"primaryImageOfPage":{"@id":"https:\/\/charente.catholique.fr\/nord-charente\/actualites\/les-dernieres-etapes-avant-le-bapteme-de-david\/#primaryimage"},"image":{"@id":"https:\/\/charente.catholique.fr\/nord-charente\/actualites\/les-dernieres-etapes-avant-le-bapteme-de-david\/#primaryimage"},"thumbnailUrl":"https:\/\/charente.catholique.fr\/nord-charente\/wp-content\/uploads\/sites\/4\/2024\/03\/bapteme.jpg","datePublished":"2024-03-22T17:08:59+00:00","dateModified":"2024-04-10T08:14:20+00:00","breadcrumb":{"@id":"https:\/\/charente.catholique.fr\/nord-charente\/actualites\/les-dernieres-etapes-avant-le-bapteme-de-david\/#breadcrumb"},"inLanguage":"fr-FR","potentialAction":[{"@type":"ReadAction","target":["https:\/\/charente.catholique.fr\/nord-charente\/actualites\/les-dernieres-etapes-avant-le-bapteme-de-david\/"]}]},{"@type":"ImageObject","inLanguage":"fr-FR","@id":"https:\/\/charente.catholique.fr\/nord-charente\/actualites\/les-dernieres-etapes-avant-le-bapteme-de-david\/#primaryimage","url":"https:\/\/charente.catholique.fr\/nord-charente\/wp-content\/uploads\/sites\/4\/2024\/03\/bapteme.jpg","contentUrl":"https:\/\/charente.catholique.fr\/nord-charente\/wp-content\/uploads\/sites\/4\/2024\/03\/bapteme.jpg","width":1920,"height":720},{"@type":"BreadcrumbList","@id":"https:\/\/charente.catholique.fr\/nord-charente\/actualites\/les-dernieres-etapes-avant-le-bapteme-de-david\/#breadcrumb","itemListElement":[{"@type":"ListItem","position":1,"name":"Accueil","item":"https:\/\/charente.catholique.fr\/nord-charente\/"},{"@type":"ListItem","position":2,"name":"LES DERNIERES \u00c9TAPES AVANT LE BAPT\u00caME DE DAVID"}]},{"@type":"WebSite","@id":"https:\/\/charente.catholique.fr\/nord-charente\/#website","url":"https:\/\/charente.catholique.fr\/nord-charente\/","name":"Doyenn\u00e9 Nord Charente - Dioc\u00e8se d'Angoul\u00eame","description":"Dioc\u00e8se d&#039;Angoul\u00eame","publisher":{"@id":"https:\/\/charente.catholique.fr\/nord-charente\/#organization"},"potentialAction":[{"@type":"SearchAction","target":{"@type":"EntryPoint","urlTemplate":"https:\/\/charente.catholique.fr\/nord-charente\/?s={search_term_string}"},"query-input":{"@type":"PropertyValueSpecification","valueRequired":true,"valueName":"search_term_string"}}],"inLanguage":"fr-FR"},{"@type":"Organization","@id":"https:\/\/charente.catholique.fr\/nord-charente\/#organization","name":"Association dioc\u00e9saine d'Angoul\u00eame","url":"https:\/\/charente.catholique.fr\/nord-charente\/","logo":{"@type":"ImageObject","inLanguage":"fr-FR","@id":"https:\/\/charente.catholique.fr\/nord-charente\/#\/schema\/logo\/image\/","url":"https:\/\/charente.catholique.fr\/nord-charente\/wp-content\/uploads\/sites\/4\/2020\/10\/logos.png","contentUrl":"https:\/\/charente.catholique.fr\/nord-charente\/wp-content\/uploads\/sites\/4\/2020\/10\/logos.png","width":600,"height":257,"caption":"Association dioc\u00e9saine d'Angoul\u00eame"},"image":{"@id":"https:\/\/charente.catholique.fr\/nord-charente\/#\/schema\/logo\/image\/"},"sameAs":["https:\/\/www.facebook.com\/EgliseCatholiqueCharente","https:\/\/x.com\/diocesecharente","https:\/\/www.instagram.com\/eglisecharente","https:\/\/www.youtube.com\/channel\/UCByyFWApZbw3gDTiADoiAaQ"]},{"@type":"Person","@id":"https:\/\/charente.catholique.fr\/nord-charente\/#\/schema\/person\/7fd65c37c8269b35ee1af50beb3b6aef","name":"francoischartier","image":{"@type":"ImageObject","inLanguage":"fr-FR","@id":"https:\/\/charente.catholique.fr\/nord-charente\/#\/schema\/person\/image\/","url":"https:\/\/secure.gravatar.com\/avatar\/9eec05a742787d49cdadb00ee510e88e9971e96dba2eb042f4233df45add8fd1?s=96&d=mm&r=g","contentUrl":"https:\/\/secure.gravatar.com\/avatar\/9eec05a742787d49cdadb00ee510e88e9971e96dba2eb042f4233df45add8fd1?s=96&d=mm&r=g","caption":"francoischartier"},"description":"06 82 10 86 89","url":"https:\/\/charente.catholique.fr\/nord-charente\/author\/francoischartier\/"}]}},"_links":{"self":[{"href":"https:\/\/charente.catholique.fr\/nord-charente\/wp-json\/wp\/v2\/posts\/6146","targetHints":{"allow":["GET"]}}],"collection":[{"href":"https:\/\/charente.catholique.fr\/nord-charente\/wp-json\/wp\/v2\/posts"}],"about":[{"href":"https:\/\/charente.catholique.fr\/nord-charente\/wp-json\/wp\/v2\/types\/post"}],"author":[{"embeddable":true,"href":"https:\/\/charente.catholique.fr\/nord-charente\/wp-json\/wp\/v2\/users\/40"}],"replies":[{"embeddable":true,"href":"https:\/\/charente.catholique.fr\/nord-charente\/wp-json\/wp\/v2\/comments?post=6146"}],"version-history":[{"count":6,"href":"https:\/\/charente.catholique.fr\/nord-charente\/wp-json\/wp\/v2\/posts\/6146\/revisions"}],"predecessor-version":[{"id":6162,"href":"https:\/\/charente.catholique.fr\/nord-charente\/wp-json\/wp\/v2\/posts\/6146\/revisions\/6162"}],"wp:featuredmedia":[{"embeddable":true,"href":"https:\/\/charente.catholique.fr\/nord-charente\/wp-json\/wp\/v2\/media\/6154"}],"wp:attachment":[{"href":"https:\/\/charente.catholique.fr\/nord-charente\/wp-json\/wp\/v2\/media?parent=6146"}],"wp:term":[{"taxonomy":"category","embeddable":true,"href":"https:\/\/charente.catholique.fr\/nord-charente\/wp-json\/wp\/v2\/categories?post=6146"},{"taxonomy":"post_tag","embeddable":true,"href":"https:\/\/charente.catholique.fr\/nord-charente\/wp-json\/wp\/v2\/tags?post=6146"}],"curies":[{"name":"wp","href":"https:\/\/api.w.org\/{rel}","templated":true}]}}