{"id":6059,"date":"2024-03-09T16:17:35","date_gmt":"2024-03-09T15:17:35","guid":{"rendered":"https:\/\/charente.catholique.fr\/nord-charente\/?p=6059"},"modified":"2024-03-09T16:17:35","modified_gmt":"2024-03-09T15:17:35","slug":"annoncessemaine-du-9-au-17-mars-2024","status":"publish","type":"post","link":"https:\/\/charente.catholique.fr\/nord-charente\/actualites\/annoncessemaine-du-9-au-17-mars-2024\/","title":{"rendered":"Annonces:Semaine du 9 au 17 Mars 2024"},"content":{"rendered":"\n<figure class=\"wp-block-table aligncenter\"><table><thead><tr><td><strong>Annonces des paroisses de Ruffec et Villefagnan<\/strong><\/td><td colspan=\"3\"><strong>Semaine du<\/strong><strong> 9 au 17 Mars<\/strong><\/td><\/tr><\/thead><tbody><tr><td rowspan=\"4\"><strong>Samedi 9<\/strong><\/td><td>&nbsp;Ruffec &nbsp;<\/td><td>9 h 30<\/td><td>&nbsp; Confessions \u00e0 l\u2019\u00e9glise.<\/td><\/tr><tr><td><strong>&nbsp;Villefagnan<\/strong><\/td><td><strong>&nbsp;10 h<\/strong><strong><\/strong><\/td><td><strong>&nbsp;Cat\u00e9 &nbsp;au presbyt\u00e8re<\/strong><strong><\/strong><\/td><\/tr><tr><td>&nbsp;Montalembert<\/td><td>11 h<\/td><td>&nbsp;Chapelet pour les vocations sacerdotales et religieuses<\/td><\/tr><tr><td>Oratoire Ruffec<\/td><td>18 h<\/td><td>&nbsp;Messes anticip\u00e9es<\/td><\/tr><tr><td rowspan=\"2\"><strong>Diman<\/strong>c<strong>he10<\/strong><\/td><td>&nbsp;Villej\u00e9sus &nbsp;Mansle <strong>Villefagnan <\/strong>Ruffec<\/td><td>10 h 30<\/td><td>&nbsp;Messes dominicales<\/td><\/tr><tr><td><strong>&nbsp;Villefagnan<\/strong><\/td><td><strong>&nbsp;14 h<\/strong><\/td><td><strong>&nbsp;Loto de l\u2019\u00e9cole \u00ab&nbsp;Enfant J\u00e9sus&nbsp;\u00bb \u00e0 la salle des f\u00eates<\/strong><\/td><\/tr><tr><td>Lundi 11<\/td><td>&nbsp;Ruffec &nbsp; &nbsp;<strong>Villefagnan <\/strong><strong><\/strong><\/td><td>&nbsp;14 h 30 &nbsp;18 h &nbsp;<strong>10 h<\/strong><strong><\/strong><\/td><td>&nbsp;Pri\u00e8re du Renouveau \u00e0 l&#8217;oratoire &nbsp;Messe \u00e0 l&#8217;oratoire <br>&nbsp;<strong>Pri\u00e8re des m\u00e8res \u00e0 l\u2019oratoire<\/strong><\/td><\/tr><tr><td rowspan=\"2\"><strong>Mardi 12<\/strong><\/td><td>&nbsp;<strong>Villefagnan<\/strong><strong><\/strong><\/td><td><strong>&nbsp;9 h 15<\/strong><strong><\/strong><\/td><td><strong>&nbsp;Messe \u00e0 l&#8217;oratoire<\/strong> .<strong>&nbsp;Rencontre \u00e9quipe liturgique n\u00b0&nbsp;3( Jeudi et Vendredi Saint)<\/strong> <strong>&nbsp;Rencontre \u00e9quipe liturgique n\u00b0 4 ( Veill\u00e9e Pascale, Dimanche de P\u00e2ques )<\/strong><\/td><\/tr><tr><td><strong>&nbsp;<\/strong>Ruffec<\/td><td>&nbsp;18 h 30<strong><\/strong><\/td><td>&nbsp;Messe \u00e0 l&#8217;oratoire<strong><\/strong><\/td><\/tr><tr><td rowspan=\"3\">Mercredi 13<\/td><td>&nbsp;Aigre<\/td><td>&nbsp;11 h<\/td><td>&nbsp;Messe \u00e0 l\u2019oratoire<\/td><\/tr><tr><td>&nbsp;Barro<\/td><td>&nbsp;18 h<\/td><td>&nbsp;Chemin de Croix<\/td><\/tr><tr><td>&nbsp;Ruffec<\/td><td>&nbsp;18 h<\/td><td>&nbsp;Messe \u00e0 l&#8217;oratoire<\/td><\/tr><tr><td rowspan=\"2\">Jeudi 14<\/td><td>&nbsp;Nanteuil<\/td><td>&nbsp;15 h 30<\/td><td>&nbsp;Messe &nbsp;Val de Source<\/td><\/tr><tr><td>&nbsp;Ruffec<\/td><td>&nbsp;17 h &nbsp;18 h<\/td><td>&nbsp;Confessions \u00e0 l\u2019\u00e9glise &nbsp;&nbsp;Messe \u00e0 l\u2019oratoire suivie de l&#8217;Adoration<\/td><\/tr><tr><td rowspan=\"2\"><strong>Vendredi&nbsp; 15 &nbsp;<\/strong><\/td><td>&nbsp;Ruffec<\/td><td>&nbsp;9 h &nbsp;12 h 10 &nbsp;14 h 30 &nbsp;15 h 30<\/td><td>&nbsp;Messe \u00e0 l\u2019oratoire &nbsp;Messe \u00e0 la chapelle du coll\u00e8ge du Sacr\u00e9-C\u0153ur &nbsp;R\u00e9p\u00e9tition de chants &nbsp;Messe aux Jardins d\u2019Antan<\/td><\/tr><tr><td>&nbsp;<strong>Paizay-Naudouin<\/strong><\/td><td>&nbsp;15 h<\/td><td><strong>Chemin de Croix<\/strong><\/td><\/tr><tr><td rowspan=\"3\">Samedi 16<\/td><td>&nbsp;Ruffec<\/td><td>&nbsp;9 h &nbsp;9 h 30 &nbsp;11 h<\/td><td>&nbsp;Messe \u00e0 l\u2019\u00e9glise &nbsp;Confessions \u00e0 l\u2019\u00e9glise &nbsp;Chapelet pour les vocations sacerdotales et religieuses<\/td><\/tr><tr><td>Oratoire Ruffec , Lux\u00e9<\/td><td>&nbsp;18 h<\/td><td>&nbsp;Messes anticip\u00e9es<\/td><\/tr><tr><td>&nbsp;<strong>Villefagnan<\/strong><\/td><td><strong>&nbsp;9h30 \u00e0 16h30<\/strong><\/td><td>&nbsp;<strong>Portes ouvertes \u00e0 l\u2019\u00e9cole \u00ab&nbsp; Enfant J\u00e9sus&nbsp;\u00bb<\/strong><\/td><\/tr><tr><td>Dimanche <strong>17<\/strong><\/td><td><strong>&nbsp;<\/strong>Villej\u00e9sus&nbsp; Mansle <strong>Villefagnan <\/strong>Ruffec<\/td><td>&nbsp;10 h 30<\/td><td>&nbsp;Messes dominicales , la qu\u00eate sera faite en faveur du CCFD \u2013 Terre Solidaire. \u00catre donateur, c\u2019est participer \u00e0 l\u2019autonomie alimentaire des plus d\u00e9munis.&nbsp;&nbsp;&nbsp; &nbsp;&nbsp;&nbsp;&nbsp;&nbsp;&nbsp;&nbsp;&nbsp;&nbsp;&nbsp;&nbsp;&nbsp;&nbsp;&nbsp;&nbsp;&nbsp;&nbsp;&nbsp;&nbsp;&nbsp;&nbsp;&nbsp;&nbsp;&nbsp;&nbsp;&nbsp;&nbsp;&nbsp;&nbsp;&nbsp;&nbsp;&nbsp;&nbsp;&nbsp;&nbsp;&nbsp;&nbsp;&nbsp;&nbsp;&nbsp;<\/td><\/tr><tr><td>&nbsp;<\/td><td>&nbsp;<\/td><td>&nbsp;<\/td><td>&nbsp;<\/td><\/tr><\/tbody><\/table><figcaption class=\"wp-element-caption\">                                                                                                                         <br><br>                                                                                                                        <strong>Horaires Semaine Sainte ,\u00e9glise de VILLEFAGNAN<\/strong><\/figcaption><\/figure>\n\n\n\n<p class=\"has-text-align-center has-medium-font-size\"><strong>DIMANCHE24 MARS  LES RAMEAUX 10H30<\/strong><\/p>\n\n\n\n<p class=\"has-text-align-center has-medium-font-size\">(<strong>vente de chocolats au profit des \u00e9tudes des s\u00e9minaristes<\/strong>)<\/p>\n\n\n\n<p class=\"has-text-align-center has-medium-font-size\"><strong>JEUDI SAINT 18H30<\/strong><\/p>\n\n\n\n<p class=\"has-text-align-center has-medium-font-size\"><strong>VENDREDI SAINT 18H30<\/strong><\/p>\n\n\n\n<p class=\"has-text-align-center has-medium-font-size\"><strong>SAMEDI SAINT VEILL\u00c9E  PASCALE 20H30<\/strong><\/p>\n\n\n\n<p class=\"has-text-align-center has-medium-font-size\"><strong>DIMANCHE DE P\u00c2QUES 10H30<\/strong><\/p>\n\n\n\n<p>Toutes infos&nbsp;: 05 45 29 01 72 \/ <a href=\"https:\/\/nordcharente.catholique.fr\/\">http:\/\/nordcharente.catholique.fr<\/a><\/p>\n\n\n\n<p><strong>Presbyt\u00e8re de Villefagnan&nbsp;: 5 rue Patient 16240 Villefagnan&nbsp;: 05 45 31 61 07 \/ mail&nbsp;: paroisse.villefagnan@outlook.com<\/strong><\/p>\n\n\n<div class=\"wp-block-image is-style-rounded\">\n<figure class=\"aligncenter size-full is-resized\"><img loading=\"lazy\" decoding=\"async\" width=\"612\" height=\"408\" src=\"https:\/\/charente.catholique.fr\/nord-charente\/wp-content\/uploads\/sites\/4\/2024\/03\/istockphoto-1044468854-612x612-1.jpg\" alt=\"\" class=\"wp-image-6068\" style=\"width:428px;height:auto\" srcset=\"https:\/\/charente.catholique.fr\/nord-charente\/wp-content\/uploads\/sites\/4\/2024\/03\/istockphoto-1044468854-612x612-1.jpg 612w, https:\/\/charente.catholique.fr\/nord-charente\/wp-content\/uploads\/sites\/4\/2024\/03\/istockphoto-1044468854-612x612-1-300x200.jpg 300w\" sizes=\"auto, (max-width: 612px) 100vw, 612px\" \/><figcaption class=\"wp-element-caption\"> &#8220;<strong>La Pri\u00e8re des M\u00e8res soutient et s&#8217;adresse \u00e0 toutes celles qui ont un coeur de m\u00e8re et qui d\u00e9sirent prier ensemble <\/strong>p<strong>our leurs enfants, petits-enfants et tous les enfants du monde.&#8221;<\/strong><\/figcaption><\/figure>\n<\/div>\n\n\n<p class=\"has-medium-font-size\">                                                                        <strong>LUNDI 11 MARS \u00e0 10h00 ORATOIRE DU PRESBYTERE \u00e0  VILLEFAGNAN<\/strong><\/p>\n\n\n\n<p>       &#8212;&#8212;&#8212;&#8212;&#8212;&#8212;&#8212;&#8212;&#8212;&#8212;&#8212;&#8212;&#8212;&#8212;&#8212;&#8212;&#8212;&#8212;&#8212;&#8212;&#8212;&#8212;&#8212;&#8212;&#8212;&#8212;&#8212;&#8212;&#8212;&#8212;&#8212;&#8212;&#8212;&#8212;&#8212;&#8212;&#8212;&#8212;&#8212;&#8212;&#8212;&#8212;&#8212;&#8212;&#8212;&#8212;&#8212;&#8212;&#8212;&#8212;&#8212;&#8212;&#8212;&#8212;&#8212;&#8212;&#8212;&#8212;&#8212;&#8212;&#8212;&#8212;&#8212;&#8212;&#8212;&#8212;&#8212;&#8212;-<\/p>\n\n\n\n<p><\/p>\n\n\n\n<p><\/p>\n\n\n\n<p><\/p>\n\n\n\n<p><\/p>\n\n\n\n<p><\/p>\n\n\n\n<p class=\"has-text-align-center has-medium-font-size\"><strong>\u00ab&nbsp; Avancer ensemble&nbsp;\u00bb<\/strong><\/p>\n\n\n\n<p><strong>&nbsp;<\/strong>Le 25 Ao\u00fbt 2023 nous nous sommes retrouv\u00e9s, repr\u00e9sentants des EAP de Aigre Mansle Villefagnan et Ruffec, \u00e0 Aigre. Dans les attentes majeures retenues par les 9 pr\u00e9sents il y a \u00ab&nbsp; avancer ensemble&nbsp;\u00bb en doyenn\u00e9.<\/p>\n\n\n\n<p>&nbsp;&nbsp;&nbsp;&nbsp; Les diacres et les pr\u00eatres de notre doyenn\u00e9, r\u00e9unis \u00e0 Ruffec le 7 Septembre 2023, se sont pos\u00e9s cette question&nbsp;: comment avancer ensemble&nbsp;? Nous avons alors \u00e9mis une proposition&nbsp;: afin de faciliter les liens entre nos paroisses ( secr\u00e9tariat commun&nbsp;? pr\u00e9paration bapt\u00eames&nbsp;? mariages \u2026&nbsp;? pr\u00e9paration d\u2019\u00e9v\u00e8nements en doyenn\u00e9&nbsp;: p\u00e8lerinage retraite en commun \u2026&nbsp;?), nous reprenons l\u2019id\u00e9e et la mise en place d\u2019un assistant de doyenn\u00e9. Ce qui existe&nbsp; dans les quatre autres doyenn\u00e9s de notre dioc\u00e8se&nbsp;?<\/p>\n\n\n\n<p>&nbsp;&nbsp;&nbsp;&nbsp; Nous avons proc\u00e9d\u00e9 de la mani\u00e8re suivante&nbsp;: deux fiches de postes ont \u00e9t\u00e9 propos\u00e9es, une concernant plus l\u2019aspect secr\u00e9tariat et une autre plus pastorale ( avec un accent sur l\u2019accompagnement des jeunes familles).&nbsp;Apr\u00e8s lecture personnelle, chaque EAP a pu d\u00e9battre et \u00e9crire des propositions. Nous nous sommes retrouv\u00e9s en conseil de doyenn\u00e9, le vendredi 15 D\u00e9cembre2023 pour valider une fiche de poste pour notre futur assistant de doyenn\u00e9. En voil\u00e0 un extrait&nbsp;:<\/p>\n\n\n\n<p><strong>ASSURER UNE COORDINATION PASTORALE<\/strong><\/p>\n\n\n\n<p class=\"has-text-align-left\"><em>Cette mission concerne les mariages, les bapt\u00eames, la cat\u00e9ch\u00e8se, les jeunes,&nbsp;&nbsp;&nbsp; les jeunes familles, le cat\u00e9chum\u00e9nat, etc \u2026 Coordonner les \u00e9quipes des diff\u00e9rents champs pastoraux, nomm\u00e9s ci-dessus, dans les paroisses du doyenn\u00e9.&nbsp;&nbsp;&nbsp;&nbsp;&nbsp;&nbsp;&nbsp;&nbsp;&nbsp;&nbsp;&nbsp;&nbsp;&nbsp;&nbsp;&nbsp;&nbsp;&nbsp;&nbsp;&nbsp;&nbsp;&nbsp;&nbsp;&nbsp;&nbsp;&nbsp;&nbsp;&nbsp;&nbsp;&nbsp;&nbsp;&nbsp;&nbsp;&nbsp;&nbsp;&nbsp;&nbsp;&nbsp;&nbsp;&nbsp;&nbsp;&nbsp;&nbsp;&nbsp;&nbsp;&nbsp;&nbsp;&nbsp;&nbsp;&nbsp;&nbsp;&nbsp;&nbsp;&nbsp;&nbsp;&nbsp;&nbsp;&nbsp;&nbsp;&nbsp;&nbsp;&nbsp;&nbsp;&nbsp;&nbsp;&nbsp;&nbsp;&nbsp;&nbsp;&nbsp;&nbsp;&nbsp;&nbsp;&nbsp;&nbsp;&nbsp;&nbsp;&nbsp;&nbsp;&nbsp;&nbsp;&nbsp;&nbsp;&nbsp;&nbsp;&nbsp;&nbsp;&nbsp;&nbsp;&nbsp;&nbsp;&nbsp;&nbsp;&nbsp;&nbsp;&nbsp;&nbsp;&nbsp;&nbsp;&nbsp;&nbsp;&nbsp;&nbsp;&nbsp;&nbsp;&nbsp;&nbsp;&nbsp;&nbsp;&nbsp;&nbsp;&nbsp;&nbsp;&nbsp;&nbsp;&nbsp;&nbsp;&nbsp;&nbsp;&nbsp;&nbsp;&nbsp;&nbsp;&nbsp;&nbsp;&nbsp;&nbsp;&nbsp;&nbsp;&nbsp;&nbsp;&nbsp;&nbsp;&nbsp;&nbsp;&nbsp;&nbsp;&nbsp;&nbsp;&nbsp;&nbsp;&nbsp;&nbsp;&nbsp;&nbsp; <\/em><\/p>\n\n\n\n<p class=\"has-text-align-left\"><em>Participer \u00e0 l\u2019accompagnement de ces \u00e9quipes, \u00e0 leur formation, \u00e0 leur d\u00e9veloppement.&nbsp;&nbsp;&nbsp;&nbsp;&nbsp;&nbsp;&nbsp;&nbsp;&nbsp;&nbsp;&nbsp;&nbsp;&nbsp;&nbsp;&nbsp;&nbsp;&nbsp;&nbsp;&nbsp;&nbsp;&nbsp;&nbsp;&nbsp;&nbsp;&nbsp;&nbsp;&nbsp;&nbsp;&nbsp;&nbsp;&nbsp;&nbsp;&nbsp;&nbsp;&nbsp;&nbsp;&nbsp;&nbsp;&nbsp;&nbsp;&nbsp;&nbsp;&nbsp;&nbsp;&nbsp;&nbsp;&nbsp;&nbsp;&nbsp;&nbsp;&nbsp;&nbsp; <\/em><\/p>\n\n\n\n<p class=\"has-text-align-left\"><em>Encourager la participation des la\u00efcs dans les pratiques pastorales. <\/em><\/p>\n\n\n\n<p class=\"has-text-align-left\"><em>Participer \u00e0 l\u2019organisation de temps forts en doyenn\u00e9 ( retraites, p\u00e8lerinage\u2026)<\/em><\/p>\n\n\n\n<p>Une fiche de poste a \u00e9t\u00e9 publi\u00e9e par le service des ressources humaines de notre dioc\u00e8se.<\/p>\n\n\n\n<p><strong>&nbsp;&nbsp;&nbsp;&nbsp; Deux candidates se sont pr\u00e9sent\u00e9es le lundi 4 Mars. A la suite de leur entretien, par une \u00e9quipe de trois personnes( un paroissien de Villefagnan, la responsable du service RH de notre dioc\u00e8se et moi) c\u2019est Mme Marie Merle qui a \u00e9t\u00e9 retenue.&nbsp;&nbsp;&nbsp;&nbsp;&nbsp;&nbsp;&nbsp;&nbsp;&nbsp;&nbsp;&nbsp;&nbsp;&nbsp;&nbsp;&nbsp;&nbsp;&nbsp;&nbsp;&nbsp;&nbsp;&nbsp;&nbsp;&nbsp;<\/strong><\/p>\n\n\n\n<p>&nbsp;&nbsp;&nbsp;&nbsp; Je me r\u00e9jouis, avec vous, de cet engagement. Une nouvelle \u00e9tape pour le service de l\u2019\u00c9glise du Christ &nbsp;dans notre doyenn\u00e9. Marie Merle ne vient pas remplacer les diff\u00e9rentes \u00e9quipes qui \u0153uvrent avec g\u00e9n\u00e9rosit\u00e9 pour le service de l\u2019\u00c9glise. Elle vient aider \u00e0 coordonner, encourager, former, proposer des pistes nouvelles pour l\u2019\u00e9vang\u00e9lisation des jeunes g\u00e9n\u00e9rations. Tout ceci en lien \u00e9troit avec les pr\u00eatres, les diacres, les la\u00efcs qui sont d\u00e9j\u00e0 au service de nos paroisses. &nbsp;&nbsp;Marie sera envoy\u00e9e en mission le 23 Juin prochain lors de la messe de doyenn\u00e9 \u00e0 Paizay-Naudouin.<\/p>\n\n\n\n<p>Continuons \u00e0 \u00ab&nbsp; avancer ensemble&nbsp;\u00bb dans la confiance du Christ qui nous entra\u00eene \u00e0 sa suite.&nbsp;&nbsp;&nbsp;&nbsp;&nbsp;&nbsp;&nbsp; <strong>&nbsp;&nbsp;&nbsp;&nbsp;&nbsp;&nbsp;&nbsp;&nbsp;&nbsp;&nbsp;&nbsp;&nbsp;&nbsp;&nbsp;&nbsp;&nbsp;&nbsp;&nbsp;&nbsp;&nbsp;&nbsp;&nbsp;&nbsp;&nbsp;&nbsp;&nbsp;&nbsp;&nbsp;&nbsp;&nbsp;&nbsp;&nbsp;&nbsp;&nbsp;&nbsp;&nbsp;&nbsp;&nbsp;&nbsp;&nbsp;&nbsp;&nbsp;&nbsp;&nbsp;&nbsp;&nbsp;&nbsp;&nbsp;&nbsp;&nbsp;&nbsp;&nbsp;&nbsp;&nbsp;&nbsp;&nbsp;&nbsp;&nbsp;&nbsp;&nbsp;&nbsp;&nbsp;&nbsp;&nbsp;&nbsp;&nbsp;&nbsp;&nbsp;&nbsp;&nbsp;&nbsp;&nbsp;&nbsp;&nbsp;&nbsp;&nbsp;&nbsp;&nbsp;&nbsp;&nbsp;&nbsp;&nbsp;&nbsp;&nbsp;&nbsp;&nbsp;&nbsp;&nbsp;&nbsp;&nbsp;&nbsp;&nbsp;&nbsp;&nbsp;&nbsp;&nbsp;&nbsp;&nbsp;&nbsp;&nbsp;&nbsp;&nbsp;&nbsp;&nbsp;&nbsp;&nbsp;&nbsp;&nbsp;&nbsp;&nbsp;&nbsp; <\/strong>                     &nbsp;P\u00e8re Michel Granger Doyen du Nord Charente<\/p>\n","protected":false},"excerpt":{"rendered":"<p>Annonces des paroisses de Ruffec et Villefagnan Semaine du 9 au 17 Mars Samedi 9 &nbsp;Ruffec &nbsp; 9 h 30 &nbsp; Confessions \u00e0 l\u2019\u00e9glise. &nbsp;Villefagnan &nbsp;10 h &nbsp;Cat\u00e9 &nbsp;au presbyt\u00e8re &nbsp;Montalembert 11 h &nbsp;Chapelet pour les vocations sacerdotales et religieuses Oratoire Ruffec 18 h &nbsp;Messes anticip\u00e9es Dimanche10 &nbsp;Villej\u00e9sus &nbsp;Mansle Villefagnan Ruffec 10 h 30 &nbsp;Messes [&hellip;]<\/p>\n","protected":false},"author":38,"featured_media":6061,"comment_status":"open","ping_status":"open","sticky":false,"template":"","format":"standard","meta":{"_acf_changed":false,"paroisse":["14"],"service":["0"],"footnotes":""},"categories":[1],"tags":[],"class_list":["post-6059","post","type-post","status-publish","format-standard","has-post-thumbnail","hentry","category-actualites"],"acf":[],"yoast_head":"<!-- This site is optimized with the Yoast SEO plugin v27.1.1 - https:\/\/yoast.com\/product\/yoast-seo-wordpress\/ -->\n<title>Annonces:Semaine du 9 au 17 Mars 2024 - Doyenn\u00e9 Nord Charente<\/title>\n<meta name=\"robots\" content=\"index, follow, max-snippet:-1, max-image-preview:large, max-video-preview:-1\" \/>\n<link rel=\"canonical\" href=\"https:\/\/charente.catholique.fr\/nord-charente\/actualites\/annoncessemaine-du-9-au-17-mars-2024\/\" \/>\n<meta property=\"og:locale\" content=\"fr_FR\" \/>\n<meta property=\"og:type\" content=\"article\" \/>\n<meta property=\"og:title\" content=\"Annonces:Semaine du 9 au 17 Mars 2024 - Doyenn\u00e9 Nord Charente\" \/>\n<meta property=\"og:description\" content=\"Annonces des paroisses de Ruffec et Villefagnan Semaine du 9 au 17 Mars Samedi 9 &nbsp;Ruffec &nbsp; 9 h 30 &nbsp; Confessions \u00e0 l\u2019\u00e9glise. &nbsp;Villefagnan &nbsp;10 h &nbsp;Cat\u00e9 &nbsp;au presbyt\u00e8re &nbsp;Montalembert 11 h &nbsp;Chapelet pour les vocations sacerdotales et religieuses Oratoire Ruffec 18 h &nbsp;Messes anticip\u00e9es Dimanche10 &nbsp;Villej\u00e9sus &nbsp;Mansle Villefagnan Ruffec 10 h 30 &nbsp;Messes [&hellip;]\" \/>\n<meta property=\"og:url\" content=\"https:\/\/charente.catholique.fr\/nord-charente\/actualites\/annoncessemaine-du-9-au-17-mars-2024\/\" \/>\n<meta property=\"og:site_name\" content=\"Doyenn\u00e9 Nord Charente\" \/>\n<meta property=\"article:publisher\" content=\"https:\/\/www.facebook.com\/EgliseCatholiqueCharente\" \/>\n<meta property=\"article:published_time\" content=\"2024-03-09T15:17:35+00:00\" \/>\n<meta property=\"og:image\" content=\"https:\/\/charente.catholique.fr\/nord-charente\/wp-content\/uploads\/sites\/4\/2024\/03\/img_4850-rotated.jpg\" \/>\n\t<meta property=\"og:image:width\" content=\"480\" \/>\n\t<meta property=\"og:image:height\" content=\"640\" \/>\n\t<meta property=\"og:image:type\" content=\"image\/jpeg\" \/>\n<meta name=\"author\" content=\"joelleayrault\" \/>\n<meta name=\"twitter:card\" content=\"summary_large_image\" \/>\n<meta name=\"twitter:creator\" content=\"@diocesecharente\" \/>\n<meta name=\"twitter:site\" content=\"@diocesecharente\" \/>\n<meta name=\"twitter:label1\" content=\"\u00c9crit par\" \/>\n\t<meta name=\"twitter:data1\" content=\"joelleayrault\" \/>\n\t<meta name=\"twitter:label2\" content=\"Dur\u00e9e de lecture estim\u00e9e\" \/>\n\t<meta name=\"twitter:data2\" content=\"1 minute\" \/>\n<script type=\"application\/ld+json\" class=\"yoast-schema-graph\">{\"@context\":\"https:\/\/schema.org\",\"@graph\":[{\"@type\":\"Article\",\"@id\":\"https:\/\/charente.catholique.fr\/nord-charente\/actualites\/annoncessemaine-du-9-au-17-mars-2024\/#article\",\"isPartOf\":{\"@id\":\"https:\/\/charente.catholique.fr\/nord-charente\/actualites\/annoncessemaine-du-9-au-17-mars-2024\/\"},\"author\":{\"name\":\"joelleayrault\",\"@id\":\"https:\/\/charente.catholique.fr\/nord-charente\/#\/schema\/person\/51184492e4abba33e5d768059a70f4db\"},\"headline\":\"Annonces:Semaine du 9 au 17 Mars 2024\",\"datePublished\":\"2024-03-09T15:17:35+00:00\",\"mainEntityOfPage\":{\"@id\":\"https:\/\/charente.catholique.fr\/nord-charente\/actualites\/annoncessemaine-du-9-au-17-mars-2024\/\"},\"wordCount\":1337,\"commentCount\":0,\"publisher\":{\"@id\":\"https:\/\/charente.catholique.fr\/nord-charente\/#organization\"},\"image\":{\"@id\":\"https:\/\/charente.catholique.fr\/nord-charente\/actualites\/annoncessemaine-du-9-au-17-mars-2024\/#primaryimage\"},\"thumbnailUrl\":\"https:\/\/charente.catholique.fr\/nord-charente\/wp-content\/uploads\/sites\/4\/2024\/03\/img_4850-rotated.jpg\",\"articleSection\":[\"Actualit\u00e9s\"],\"inLanguage\":\"fr-FR\",\"potentialAction\":[{\"@type\":\"CommentAction\",\"name\":\"Comment\",\"target\":[\"https:\/\/charente.catholique.fr\/nord-charente\/actualites\/annoncessemaine-du-9-au-17-mars-2024\/#respond\"]}]},{\"@type\":\"WebPage\",\"@id\":\"https:\/\/charente.catholique.fr\/nord-charente\/actualites\/annoncessemaine-du-9-au-17-mars-2024\/\",\"url\":\"https:\/\/charente.catholique.fr\/nord-charente\/actualites\/annoncessemaine-du-9-au-17-mars-2024\/\",\"name\":\"Annonces:Semaine du 9 au 17 Mars 2024 - Doyenn\u00e9 Nord Charente\",\"isPartOf\":{\"@id\":\"https:\/\/charente.catholique.fr\/nord-charente\/#website\"},\"primaryImageOfPage\":{\"@id\":\"https:\/\/charente.catholique.fr\/nord-charente\/actualites\/annoncessemaine-du-9-au-17-mars-2024\/#primaryimage\"},\"image\":{\"@id\":\"https:\/\/charente.catholique.fr\/nord-charente\/actualites\/annoncessemaine-du-9-au-17-mars-2024\/#primaryimage\"},\"thumbnailUrl\":\"https:\/\/charente.catholique.fr\/nord-charente\/wp-content\/uploads\/sites\/4\/2024\/03\/img_4850-rotated.jpg\",\"datePublished\":\"2024-03-09T15:17:35+00:00\",\"breadcrumb\":{\"@id\":\"https:\/\/charente.catholique.fr\/nord-charente\/actualites\/annoncessemaine-du-9-au-17-mars-2024\/#breadcrumb\"},\"inLanguage\":\"fr-FR\",\"potentialAction\":[{\"@type\":\"ReadAction\",\"target\":[\"https:\/\/charente.catholique.fr\/nord-charente\/actualites\/annoncessemaine-du-9-au-17-mars-2024\/\"]}]},{\"@type\":\"ImageObject\",\"inLanguage\":\"fr-FR\",\"@id\":\"https:\/\/charente.catholique.fr\/nord-charente\/actualites\/annoncessemaine-du-9-au-17-mars-2024\/#primaryimage\",\"url\":\"https:\/\/charente.catholique.fr\/nord-charente\/wp-content\/uploads\/sites\/4\/2024\/03\/img_4850-rotated.jpg\",\"contentUrl\":\"https:\/\/charente.catholique.fr\/nord-charente\/wp-content\/uploads\/sites\/4\/2024\/03\/img_4850-rotated.jpg\",\"width\":480,\"height\":640},{\"@type\":\"BreadcrumbList\",\"@id\":\"https:\/\/charente.catholique.fr\/nord-charente\/actualites\/annoncessemaine-du-9-au-17-mars-2024\/#breadcrumb\",\"itemListElement\":[{\"@type\":\"ListItem\",\"position\":1,\"name\":\"Accueil\",\"item\":\"https:\/\/charente.catholique.fr\/nord-charente\/\"},{\"@type\":\"ListItem\",\"position\":2,\"name\":\"Annonces:Semaine du 9 au 17 Mars 2024\"}]},{\"@type\":\"WebSite\",\"@id\":\"https:\/\/charente.catholique.fr\/nord-charente\/#website\",\"url\":\"https:\/\/charente.catholique.fr\/nord-charente\/\",\"name\":\"Doyenn\u00e9 Nord Charente - Dioc\u00e8se d'Angoul\u00eame\",\"description\":\"Dioc\u00e8se d&#039;Angoul\u00eame\",\"publisher\":{\"@id\":\"https:\/\/charente.catholique.fr\/nord-charente\/#organization\"},\"potentialAction\":[{\"@type\":\"SearchAction\",\"target\":{\"@type\":\"EntryPoint\",\"urlTemplate\":\"https:\/\/charente.catholique.fr\/nord-charente\/?s={search_term_string}\"},\"query-input\":{\"@type\":\"PropertyValueSpecification\",\"valueRequired\":true,\"valueName\":\"search_term_string\"}}],\"inLanguage\":\"fr-FR\"},{\"@type\":\"Organization\",\"@id\":\"https:\/\/charente.catholique.fr\/nord-charente\/#organization\",\"name\":\"Association dioc\u00e9saine d'Angoul\u00eame\",\"url\":\"https:\/\/charente.catholique.fr\/nord-charente\/\",\"logo\":{\"@type\":\"ImageObject\",\"inLanguage\":\"fr-FR\",\"@id\":\"https:\/\/charente.catholique.fr\/nord-charente\/#\/schema\/logo\/image\/\",\"url\":\"https:\/\/charente.catholique.fr\/nord-charente\/wp-content\/uploads\/sites\/4\/2020\/10\/logos.png\",\"contentUrl\":\"https:\/\/charente.catholique.fr\/nord-charente\/wp-content\/uploads\/sites\/4\/2020\/10\/logos.png\",\"width\":600,\"height\":257,\"caption\":\"Association dioc\u00e9saine d'Angoul\u00eame\"},\"image\":{\"@id\":\"https:\/\/charente.catholique.fr\/nord-charente\/#\/schema\/logo\/image\/\"},\"sameAs\":[\"https:\/\/www.facebook.com\/EgliseCatholiqueCharente\",\"https:\/\/x.com\/diocesecharente\",\"https:\/\/www.instagram.com\/eglisecharente\",\"https:\/\/www.youtube.com\/channel\/UCByyFWApZbw3gDTiADoiAaQ\"]},{\"@type\":\"Person\",\"@id\":\"https:\/\/charente.catholique.fr\/nord-charente\/#\/schema\/person\/51184492e4abba33e5d768059a70f4db\",\"name\":\"joelleayrault\",\"image\":{\"@type\":\"ImageObject\",\"inLanguage\":\"fr-FR\",\"@id\":\"https:\/\/charente.catholique.fr\/nord-charente\/#\/schema\/person\/image\/\",\"url\":\"https:\/\/secure.gravatar.com\/avatar\/3bd3977af99690427d59b19ec7b6bd94226de63be5c368ae8d090f2d7f86dd5f?s=96&d=mm&r=g\",\"contentUrl\":\"https:\/\/secure.gravatar.com\/avatar\/3bd3977af99690427d59b19ec7b6bd94226de63be5c368ae8d090f2d7f86dd5f?s=96&d=mm&r=g\",\"caption\":\"joelleayrault\"},\"url\":\"https:\/\/charente.catholique.fr\/nord-charente\/author\/joelleayrault\/\"}]}<\/script>\n<!-- \/ Yoast SEO plugin. -->","yoast_head_json":{"title":"Annonces:Semaine du 9 au 17 Mars 2024 - Doyenn\u00e9 Nord Charente","robots":{"index":"index","follow":"follow","max-snippet":"max-snippet:-1","max-image-preview":"max-image-preview:large","max-video-preview":"max-video-preview:-1"},"canonical":"https:\/\/charente.catholique.fr\/nord-charente\/actualites\/annoncessemaine-du-9-au-17-mars-2024\/","og_locale":"fr_FR","og_type":"article","og_title":"Annonces:Semaine du 9 au 17 Mars 2024 - Doyenn\u00e9 Nord Charente","og_description":"Annonces des paroisses de Ruffec et Villefagnan Semaine du 9 au 17 Mars Samedi 9 &nbsp;Ruffec &nbsp; 9 h 30 &nbsp; Confessions \u00e0 l\u2019\u00e9glise. &nbsp;Villefagnan &nbsp;10 h &nbsp;Cat\u00e9 &nbsp;au presbyt\u00e8re &nbsp;Montalembert 11 h &nbsp;Chapelet pour les vocations sacerdotales et religieuses Oratoire Ruffec 18 h &nbsp;Messes anticip\u00e9es Dimanche10 &nbsp;Villej\u00e9sus &nbsp;Mansle Villefagnan Ruffec 10 h 30 &nbsp;Messes [&hellip;]","og_url":"https:\/\/charente.catholique.fr\/nord-charente\/actualites\/annoncessemaine-du-9-au-17-mars-2024\/","og_site_name":"Doyenn\u00e9 Nord Charente","article_publisher":"https:\/\/www.facebook.com\/EgliseCatholiqueCharente","article_published_time":"2024-03-09T15:17:35+00:00","og_image":[{"width":480,"height":640,"url":"https:\/\/charente.catholique.fr\/nord-charente\/wp-content\/uploads\/sites\/4\/2024\/03\/img_4850-rotated.jpg","type":"image\/jpeg"}],"author":"joelleayrault","twitter_card":"summary_large_image","twitter_creator":"@diocesecharente","twitter_site":"@diocesecharente","twitter_misc":{"\u00c9crit par":"joelleayrault","Dur\u00e9e de lecture estim\u00e9e":"1 minute"},"schema":{"@context":"https:\/\/schema.org","@graph":[{"@type":"Article","@id":"https:\/\/charente.catholique.fr\/nord-charente\/actualites\/annoncessemaine-du-9-au-17-mars-2024\/#article","isPartOf":{"@id":"https:\/\/charente.catholique.fr\/nord-charente\/actualites\/annoncessemaine-du-9-au-17-mars-2024\/"},"author":{"name":"joelleayrault","@id":"https:\/\/charente.catholique.fr\/nord-charente\/#\/schema\/person\/51184492e4abba33e5d768059a70f4db"},"headline":"Annonces:Semaine du 9 au 17 Mars 2024","datePublished":"2024-03-09T15:17:35+00:00","mainEntityOfPage":{"@id":"https:\/\/charente.catholique.fr\/nord-charente\/actualites\/annoncessemaine-du-9-au-17-mars-2024\/"},"wordCount":1337,"commentCount":0,"publisher":{"@id":"https:\/\/charente.catholique.fr\/nord-charente\/#organization"},"image":{"@id":"https:\/\/charente.catholique.fr\/nord-charente\/actualites\/annoncessemaine-du-9-au-17-mars-2024\/#primaryimage"},"thumbnailUrl":"https:\/\/charente.catholique.fr\/nord-charente\/wp-content\/uploads\/sites\/4\/2024\/03\/img_4850-rotated.jpg","articleSection":["Actualit\u00e9s"],"inLanguage":"fr-FR","potentialAction":[{"@type":"CommentAction","name":"Comment","target":["https:\/\/charente.catholique.fr\/nord-charente\/actualites\/annoncessemaine-du-9-au-17-mars-2024\/#respond"]}]},{"@type":"WebPage","@id":"https:\/\/charente.catholique.fr\/nord-charente\/actualites\/annoncessemaine-du-9-au-17-mars-2024\/","url":"https:\/\/charente.catholique.fr\/nord-charente\/actualites\/annoncessemaine-du-9-au-17-mars-2024\/","name":"Annonces:Semaine du 9 au 17 Mars 2024 - Doyenn\u00e9 Nord Charente","isPartOf":{"@id":"https:\/\/charente.catholique.fr\/nord-charente\/#website"},"primaryImageOfPage":{"@id":"https:\/\/charente.catholique.fr\/nord-charente\/actualites\/annoncessemaine-du-9-au-17-mars-2024\/#primaryimage"},"image":{"@id":"https:\/\/charente.catholique.fr\/nord-charente\/actualites\/annoncessemaine-du-9-au-17-mars-2024\/#primaryimage"},"thumbnailUrl":"https:\/\/charente.catholique.fr\/nord-charente\/wp-content\/uploads\/sites\/4\/2024\/03\/img_4850-rotated.jpg","datePublished":"2024-03-09T15:17:35+00:00","breadcrumb":{"@id":"https:\/\/charente.catholique.fr\/nord-charente\/actualites\/annoncessemaine-du-9-au-17-mars-2024\/#breadcrumb"},"inLanguage":"fr-FR","potentialAction":[{"@type":"ReadAction","target":["https:\/\/charente.catholique.fr\/nord-charente\/actualites\/annoncessemaine-du-9-au-17-mars-2024\/"]}]},{"@type":"ImageObject","inLanguage":"fr-FR","@id":"https:\/\/charente.catholique.fr\/nord-charente\/actualites\/annoncessemaine-du-9-au-17-mars-2024\/#primaryimage","url":"https:\/\/charente.catholique.fr\/nord-charente\/wp-content\/uploads\/sites\/4\/2024\/03\/img_4850-rotated.jpg","contentUrl":"https:\/\/charente.catholique.fr\/nord-charente\/wp-content\/uploads\/sites\/4\/2024\/03\/img_4850-rotated.jpg","width":480,"height":640},{"@type":"BreadcrumbList","@id":"https:\/\/charente.catholique.fr\/nord-charente\/actualites\/annoncessemaine-du-9-au-17-mars-2024\/#breadcrumb","itemListElement":[{"@type":"ListItem","position":1,"name":"Accueil","item":"https:\/\/charente.catholique.fr\/nord-charente\/"},{"@type":"ListItem","position":2,"name":"Annonces:Semaine du 9 au 17 Mars 2024"}]},{"@type":"WebSite","@id":"https:\/\/charente.catholique.fr\/nord-charente\/#website","url":"https:\/\/charente.catholique.fr\/nord-charente\/","name":"Doyenn\u00e9 Nord Charente - Dioc\u00e8se d'Angoul\u00eame","description":"Dioc\u00e8se d&#039;Angoul\u00eame","publisher":{"@id":"https:\/\/charente.catholique.fr\/nord-charente\/#organization"},"potentialAction":[{"@type":"SearchAction","target":{"@type":"EntryPoint","urlTemplate":"https:\/\/charente.catholique.fr\/nord-charente\/?s={search_term_string}"},"query-input":{"@type":"PropertyValueSpecification","valueRequired":true,"valueName":"search_term_string"}}],"inLanguage":"fr-FR"},{"@type":"Organization","@id":"https:\/\/charente.catholique.fr\/nord-charente\/#organization","name":"Association dioc\u00e9saine d'Angoul\u00eame","url":"https:\/\/charente.catholique.fr\/nord-charente\/","logo":{"@type":"ImageObject","inLanguage":"fr-FR","@id":"https:\/\/charente.catholique.fr\/nord-charente\/#\/schema\/logo\/image\/","url":"https:\/\/charente.catholique.fr\/nord-charente\/wp-content\/uploads\/sites\/4\/2020\/10\/logos.png","contentUrl":"https:\/\/charente.catholique.fr\/nord-charente\/wp-content\/uploads\/sites\/4\/2020\/10\/logos.png","width":600,"height":257,"caption":"Association dioc\u00e9saine d'Angoul\u00eame"},"image":{"@id":"https:\/\/charente.catholique.fr\/nord-charente\/#\/schema\/logo\/image\/"},"sameAs":["https:\/\/www.facebook.com\/EgliseCatholiqueCharente","https:\/\/x.com\/diocesecharente","https:\/\/www.instagram.com\/eglisecharente","https:\/\/www.youtube.com\/channel\/UCByyFWApZbw3gDTiADoiAaQ"]},{"@type":"Person","@id":"https:\/\/charente.catholique.fr\/nord-charente\/#\/schema\/person\/51184492e4abba33e5d768059a70f4db","name":"joelleayrault","image":{"@type":"ImageObject","inLanguage":"fr-FR","@id":"https:\/\/charente.catholique.fr\/nord-charente\/#\/schema\/person\/image\/","url":"https:\/\/secure.gravatar.com\/avatar\/3bd3977af99690427d59b19ec7b6bd94226de63be5c368ae8d090f2d7f86dd5f?s=96&d=mm&r=g","contentUrl":"https:\/\/secure.gravatar.com\/avatar\/3bd3977af99690427d59b19ec7b6bd94226de63be5c368ae8d090f2d7f86dd5f?s=96&d=mm&r=g","caption":"joelleayrault"},"url":"https:\/\/charente.catholique.fr\/nord-charente\/author\/joelleayrault\/"}]}},"_links":{"self":[{"href":"https:\/\/charente.catholique.fr\/nord-charente\/wp-json\/wp\/v2\/posts\/6059","targetHints":{"allow":["GET"]}}],"collection":[{"href":"https:\/\/charente.catholique.fr\/nord-charente\/wp-json\/wp\/v2\/posts"}],"about":[{"href":"https:\/\/charente.catholique.fr\/nord-charente\/wp-json\/wp\/v2\/types\/post"}],"author":[{"embeddable":true,"href":"https:\/\/charente.catholique.fr\/nord-charente\/wp-json\/wp\/v2\/users\/38"}],"replies":[{"embeddable":true,"href":"https:\/\/charente.catholique.fr\/nord-charente\/wp-json\/wp\/v2\/comments?post=6059"}],"version-history":[{"count":8,"href":"https:\/\/charente.catholique.fr\/nord-charente\/wp-json\/wp\/v2\/posts\/6059\/revisions"}],"predecessor-version":[{"id":6072,"href":"https:\/\/charente.catholique.fr\/nord-charente\/wp-json\/wp\/v2\/posts\/6059\/revisions\/6072"}],"wp:featuredmedia":[{"embeddable":true,"href":"https:\/\/charente.catholique.fr\/nord-charente\/wp-json\/wp\/v2\/media\/6061"}],"wp:attachment":[{"href":"https:\/\/charente.catholique.fr\/nord-charente\/wp-json\/wp\/v2\/media?parent=6059"}],"wp:term":[{"taxonomy":"category","embeddable":true,"href":"https:\/\/charente.catholique.fr\/nord-charente\/wp-json\/wp\/v2\/categories?post=6059"},{"taxonomy":"post_tag","embeddable":true,"href":"https:\/\/charente.catholique.fr\/nord-charente\/wp-json\/wp\/v2\/tags?post=6059"}],"curies":[{"name":"wp","href":"https:\/\/api.w.org\/{rel}","templated":true}]}}