{"id":5932,"date":"2024-02-10T15:19:39","date_gmt":"2024-02-10T14:19:39","guid":{"rendered":"https:\/\/charente.catholique.fr\/nord-charente\/?p=5932"},"modified":"2024-02-10T15:19:39","modified_gmt":"2024-02-10T14:19:39","slug":"annoncessemaine-du-10-au-18-fevrier-2024","status":"publish","type":"post","link":"https:\/\/charente.catholique.fr\/nord-charente\/actualites\/annoncessemaine-du-10-au-18-fevrier-2024\/","title":{"rendered":"Annonces:Semaine du 10 au 18 F\u00e9vrier 2024"},"content":{"rendered":"\n<figure class=\"wp-block-table\"><table><thead><tr><td><strong>Annonces des paroisses de Ruffec et Villefagnan<\/strong><\/td><td colspan=\"3\"><strong>Semaine du 10 au 18 F\u00e9vrier 2024<\/strong><\/td><\/tr><\/thead><tbody><tr><td rowspan=\"4\"><strong>Samedi 10<\/strong><\/td><td>&nbsp;Ruffec<\/td><td>&nbsp; 9 h 30<\/td><td>&nbsp; &nbsp;Confessions \u00e0 l\u2019\u00e9glise.<\/td><\/tr><tr><td><strong>&nbsp;<\/strong><strong>Londigny <\/strong><strong><\/strong><\/td><td><strong>&nbsp;11 h<\/strong><strong><\/strong><\/td><td><strong>&nbsp;<\/strong><strong>Chapelet pour les vocations sacerdotales et religieuses<\/strong><\/td><\/tr><tr><td>&nbsp;Ebr\u00e9on, Oratoire de Ruffec<\/td><td>&nbsp;18 h<\/td><td>&nbsp;Messes anticip\u00e9es<\/td><\/tr><tr><td>&nbsp;Maison Dioc\u00e9saine &nbsp;Angoul\u00eame &nbsp;<\/td><td>&nbsp;10 h<\/td><td>&nbsp;Journ<strong>\u00e9<\/strong>e de formation&nbsp;: tous disciples missionnaires &nbsp;Rencontre du groupe \u00ab Chemin d\u2019Esp\u00e9rance 16 \u00bb de 14 h \u00e0 17 h, \u00c9glise Saint Paul de Ma Campagne. \u00ab Dieu nous veut debout et vivants \u00bb<\/td><\/tr><tr><td rowspan=\"2\"><strong>Dimanche 11<\/strong><\/td><td>&nbsp;Mansle Villej\u00e9sus&nbsp;&nbsp;&nbsp;&nbsp;&nbsp; <strong>Villefagnan&nbsp; <\/strong>Ruffec<\/td><td>10 h 30 &nbsp;<strong>10 h 30<\/strong><\/td><td>&nbsp;Messe dominicale &nbsp;<strong>Messe&nbsp; dominicale anim\u00e9e par les enfants du cat\u00e9 et leurs parents<\/strong><\/td><\/tr><tr><td>&nbsp;<\/td><td>&nbsp;<\/td><td>&nbsp;<\/td><\/tr><tr><td>Lundi 12<\/td><td>&nbsp;Ruffec<\/td><td>&nbsp;14 h 30 18 h<\/td><td>&nbsp;Pri\u00e8re du Renouveau \u00e0 l&#8217;oratoire &nbsp;Messe \u00e0 l&#8217;oratoire<\/td><\/tr><tr><td rowspan=\"2\"><strong>Mardi 13<\/strong><\/td><td>&nbsp;<strong>Villefagnan<\/strong><\/td><td><strong>&nbsp;9 h 15<\/strong><\/td><td><strong>&nbsp;Messe&nbsp; \u00e0 l&#8217;oratoire<\/strong> <strong>&nbsp;Rencontre \u00e9quipe liturgique n\u00b0&nbsp;2 ( Dimanche 25 F<\/strong>\u00e9<strong>vrier)<\/strong><\/td><\/tr><tr><td>&nbsp;Ruffec <strong>&nbsp;Villefagnan<\/strong><\/td><td>&nbsp;18 h 30 <strong>&nbsp;20 h<\/strong><\/td><td>&nbsp;Messe \u00e0 l&#8217;oratoire <strong>&nbsp;Pri\u00e8re d\u2019Adoration, Louange, Intercession<\/strong><\/td><\/tr><tr><td rowspan=\"4\"><strong>Mercredi 14<\/strong><\/td><td>&nbsp;Villej\u00e9sus<\/td><td>&nbsp;11 h<\/td><td>&nbsp;C\u00e9l\u00e9bration&nbsp; des Cendres<\/td><\/tr><tr><td>&nbsp;Ruffec<\/td><td>&nbsp;18 h<\/td><td>&nbsp;C\u00e9l\u00e9bration des Cendres, Partage du BOL de RIZ \u00e0 19 h apr\u00e8s la messe<\/td><\/tr><tr><td><strong>&nbsp;Villefagnan<\/strong><\/td><td><strong>&nbsp;18 h 30<\/strong><\/td><td><strong>&nbsp;C\u00e9l\u00e9bration des Cendres<\/strong><\/td><\/tr><tr><td>&nbsp;Mansle<\/td><td>&nbsp;19 h<\/td><td><strong>&nbsp;<\/strong>C\u00e9l\u00e9bration des Cendres<\/td><\/tr><tr><td rowspan=\"3\">Jeudi 15<\/td><td>&nbsp;Nanteuil en Vall\u00e9e<\/td><td>&nbsp;15 h 30<\/td><td>&nbsp;Messe au Val des sources<\/td><\/tr><tr><td>&nbsp;Ruffec<\/td><td>&nbsp;17 h &nbsp;18 h<\/td><td>&nbsp;Confessions &nbsp;Messe \u00e0 l&#8217;oratoire suivie de l&#8217;Adoration<\/td><\/tr><tr><td>&nbsp;<\/td><td>&nbsp;<\/td><td>&nbsp;<\/td><\/tr><tr><td rowspan=\"3\"><strong>Vendredi 16 \u00a0<\/strong><\/td><td>&nbsp;Ruffec<\/td><td>&nbsp;9 h &nbsp;12 h 10 &nbsp;14 h 30<\/td><td>&nbsp;Messe \u00e0 l\u2019oratoire &nbsp;Messe \u00e0 la chapelle du sacr\u00e9-c\u0153ur &nbsp;R\u00e9p\u00e9tition de chant \u00e0 l&#8217;oratoire<\/td><\/tr><tr><td>&nbsp;<strong>Villefagnan<\/strong><\/td><td>&nbsp;<strong>19 h 30<\/strong><\/td><td>&nbsp;<strong>Rencontre de l&#8217; EAP<\/strong><\/td><\/tr><tr><td><strong>&nbsp;<\/strong><strong><\/strong><\/td><td><strong>&nbsp;<\/strong><strong><\/strong><\/td><td><strong>&nbsp;<\/strong><\/td><\/tr><tr><td rowspan=\"4\">Samedi 17<\/td><td>&nbsp;Ruffec<\/td><td>9 h 30<\/td><td>&nbsp;Confessions \u00e0 l\u2019\u00e9glise.<\/td><\/tr><tr><td>&nbsp;Les Adjots<\/td><td>11 h<\/td><td>&nbsp;Chapelet pour les vocations sacerdotales et religieuses<\/td><\/tr><tr><td>&nbsp;Lux\u00e9, Oratoire de Ruffec<\/td><td>18 h<\/td><td>&nbsp;Messe anticip\u00e9e<\/td><\/tr><tr><td>&nbsp;Ruffec<\/td><td>&nbsp;20 h 30<\/td><td>&nbsp;Veill\u00e9e de Louange, Pri\u00e8re, sacrement de R\u00e9conciliation organise par les \u00e9quipes Notre Dame Poitou, Charente, Limousin avec le groupe \u00ab&nbsp; Pop Louange JUBILATE&#8217;<\/td><\/tr><tr><td><strong>Dimanche 18 1<sup>er<\/sup> Dimanche de Car\u00eam<\/strong>e<\/td><td><strong>&nbsp;<\/strong>Mansle Villej\u00e9sus &nbsp;<strong>Villefagnan<\/strong> Ruffec<\/td><td>&nbsp;10 h 30<\/td><td>&nbsp;Messe dominicale&nbsp;&nbsp;&nbsp;&nbsp;&nbsp;&nbsp;&nbsp;&nbsp;&nbsp;&nbsp;&nbsp;&nbsp;&nbsp;&nbsp;&nbsp;&nbsp;&nbsp;&nbsp;&nbsp;&nbsp;&nbsp;&nbsp;&nbsp;&nbsp;&nbsp;&nbsp;&nbsp;&nbsp;&nbsp;&nbsp;&nbsp;&nbsp;&nbsp;&nbsp;&nbsp;&nbsp;&nbsp;&nbsp;&nbsp;&nbsp;&nbsp;&nbsp;&nbsp;&nbsp;&nbsp;<\/td><\/tr><tr><td>&nbsp;<\/td><td>&nbsp;<strong>Villefagnan<\/strong><\/td><td><strong>&nbsp;18 h 30<\/strong><\/td><td><strong>&nbsp;C\u00e9l\u00e9bration \u0152cum\u00e9nique \u00e0 l\u2019\u00e9glise. Lundi 19&nbsp; F\u00e9vrier<\/strong><\/td><\/tr><\/tbody><\/table><\/figure>\n\n\n\n<p>Toutes infos&nbsp;: 05 45 29 01 72 \/ <a href=\"https:\/\/nordcharente.catholique.fr\/\">https:\/\/nordcharente.catholique.fr<\/a><\/p>\n\n\n\n<p>Presbyt\u00e8re de Villefagnan&nbsp;: 5 rue Patient 16240 Villefagnan&nbsp;: 05 45 31 61 07 \/ mail&nbsp;: paroisse.villefagnan@outlook.com<strong><\/strong><\/p>\n\n\n\n<p>REPAS PAELLA&nbsp;&#8220;<strong>L&#8217;\u00e9cole Enfant -J\u00e9sus organise le samedi 6 avril au soir un repas paella \u00e0 la salle des f\u00eates de Villefagnan<\/strong><\/p>\n\n\n\n<p>&nbsp;<strong>Le prix est de 23\u20ac par adulte et 11\u20ac par enfant de moins de 12 ans.<\/strong><\/p>\n\n\n\n<p><strong>L&#8217;inscription est ouverte et ne sera valid\u00e9e qu&#8217;une fois le paiement re\u00e7u.<\/strong><\/p>\n\n\n\n<p><a href=\"https:\/\/www.facebook.com\/hashtag\/ecoleenfantjesus?__eep__=6&amp;__cft__%5b0%5d=AZVN7csJNgvsYJKEua6eL5bfKsykEL7V_lci-_KHiG817fRLV7rVUT5ecjsdtb1_eE19YgkEUOfrEc2326mwnjXd2zkarhR48jE0ZKrF-aXdGFLSlZOE4I3RuEkK7YPqk-cflQ4gwBtKLKaeGawaK5wVJ9Grmy2lrrlalET49tQUbEAj_0jsxhYyLtSYNvXfjPU1tQw2_wGzjiUaUgAzTV4d&amp;__tn__=*NK-y-R\">#ecoleenfantjesus<\/a>&nbsp;<a href=\"https:\/\/www.facebook.com\/hashtag\/villefagnan?__eep__=6&amp;__cft__%5b0%5d=AZVN7csJNgvsYJKEua6eL5bfKsykEL7V_lci-_KHiG817fRLV7rVUT5ecjsdtb1_eE19YgkEUOfrEc2326mwnjXd2zkarhR48jE0ZKrF-aXdGFLSlZOE4I3RuEkK7YPqk-cflQ4gwBtKLKaeGawaK5wVJ9Grmy2lrrlalET49tQUbEAj_0jsxhYyLtSYNvXfjPU1tQw2_wGzjiUaUgAzTV4d&amp;__tn__=*NK-y-R\">#villefagnan<\/a>&nbsp;<a href=\"https:\/\/www.facebook.com\/hashtag\/apel?__eep__=6&amp;__cft__%5b0%5d=AZVN7csJNgvsYJKEua6eL5bfKsykEL7V_lci-_KHiG817fRLV7rVUT5ecjsdtb1_eE19YgkEUOfrEc2326mwnjXd2zkarhR48jE0ZKrF-aXdGFLSlZOE4I3RuEkK7YPqk-cflQ4gwBtKLKaeGawaK5wVJ9Grmy2lrrlalET49tQUbEAj_0jsxhYyLtSYNvXfjPU1tQw2_wGzjiUaUgAzTV4d&amp;__tn__=*NK-y-R\">#apel<\/a>&nbsp;<a href=\"https:\/\/www.facebook.com\/hashtag\/paella?__eep__=6&amp;__cft__%5b0%5d=AZVN7csJNgvsYJKEua6eL5bfKsykEL7V_lci-_KHiG817fRLV7rVUT5ecjsdtb1_eE19YgkEUOfrEc2326mwnjXd2zkarhR48jE0ZKrF-aXdGFLSlZOE4I3RuEkK7YPqk-cflQ4gwBtKLKaeGawaK5wVJ9Grmy2lrrlalET49tQUbEAj_0jsxhYyLtSYNvXfjPU1tQw2_wGzjiUaUgAzTV4d&amp;__tn__=*NK-y-R\">#paella<\/a>&nbsp;<a href=\"https:\/\/www.facebook.com\/hashtag\/paella?__eep__=6&amp;__cft__%5b0%5d=AZVN7csJNgvsYJKEua6eL5bfKsykEL7V_lci-_KHiG817fRLV7rVUT5ecjsdtb1_eE19YgkEUOfrEc2326mwnjXd2zkarhR48jE0ZKrF-aXdGFLSlZOE4I3RuEkK7YPqk-cflQ4gwBtKLKaeGawaK5wVJ9Grmy2lrrlalET49tQUbEAj_0jsxhYyLtSYNvXfjPU1tQw2_wGzjiUaUgAzTV4d&amp;__tn__=*NK-y-R\">#paella<\/a><\/p>\n\n\n\n<p><strong>A NOTER&nbsp;<u>: Inscrivez-vous avant le 26 F\u00e9vrier 2024<\/u> pour le repas &nbsp;de la Fraternit\u00e9 de Temnaor\u00e9 du 3 Mars \u00e0 la salle des f\u00eates de Courc\u00f4me aupr\u00e8s de&nbsp;:<\/strong><\/p>\n\n\n\n<p><strong>J AMAIUD&nbsp;: 09 54 412 88 60 ou P Jean-Pierre MANGON&nbsp;: 05 45 30 31 30<\/strong><\/p>\n\n\n\n<p><strong>M PARENT&nbsp;: 06 13 84 08 17 ou A. BRU&nbsp;: 06 42 59 96 25.<\/strong><\/p>\n\n\n\n<p><strong>Co\u00fbt du repas&nbsp;: adultes&nbsp;: 18 &nbsp;euros, Enfants&nbsp;: 9 euros.<\/strong><\/p>\n","protected":false},"excerpt":{"rendered":"<p>Annonces des paroisses de Ruffec et Villefagnan Semaine du 10 au 18 F\u00e9vrier 2024 Samedi 10 &nbsp;Ruffec &nbsp; 9 h 30 &nbsp; &nbsp;Confessions \u00e0 l\u2019\u00e9glise. &nbsp;Londigny &nbsp;11 h &nbsp;Chapelet pour les vocations sacerdotales et religieuses &nbsp;Ebr\u00e9on, Oratoire de Ruffec &nbsp;18 h &nbsp;Messes anticip\u00e9es &nbsp;Maison Dioc\u00e9saine &nbsp;Angoul\u00eame &nbsp; &nbsp;10 h &nbsp;Journ\u00e9e de formation&nbsp;: tous disciples missionnaires [&hellip;]<\/p>\n","protected":false},"author":38,"featured_media":5934,"comment_status":"open","ping_status":"open","sticky":false,"template":"","format":"standard","meta":{"_acf_changed":false,"paroisse":["14"],"service":["0"],"footnotes":""},"categories":[1],"tags":[],"class_list":["post-5932","post","type-post","status-publish","format-standard","has-post-thumbnail","hentry","category-actualites"],"acf":[],"yoast_head":"<!-- This site is optimized with the Yoast SEO plugin v27.1.1 - https:\/\/yoast.com\/product\/yoast-seo-wordpress\/ -->\n<title>Annonces:Semaine du 10 au 18 F\u00e9vrier 2024 - Doyenn\u00e9 Nord Charente<\/title>\n<meta name=\"robots\" content=\"index, follow, max-snippet:-1, max-image-preview:large, max-video-preview:-1\" \/>\n<link rel=\"canonical\" href=\"https:\/\/charente.catholique.fr\/nord-charente\/actualites\/annoncessemaine-du-10-au-18-fevrier-2024\/\" \/>\n<meta property=\"og:locale\" content=\"fr_FR\" \/>\n<meta property=\"og:type\" content=\"article\" \/>\n<meta property=\"og:title\" content=\"Annonces:Semaine du 10 au 18 F\u00e9vrier 2024 - Doyenn\u00e9 Nord Charente\" \/>\n<meta property=\"og:description\" content=\"Annonces des paroisses de Ruffec et Villefagnan Semaine du 10 au 18 F\u00e9vrier 2024 Samedi 10 &nbsp;Ruffec &nbsp; 9 h 30 &nbsp; &nbsp;Confessions \u00e0 l\u2019\u00e9glise. &nbsp;Londigny &nbsp;11 h &nbsp;Chapelet pour les vocations sacerdotales et religieuses &nbsp;Ebr\u00e9on, Oratoire de Ruffec &nbsp;18 h &nbsp;Messes anticip\u00e9es &nbsp;Maison Dioc\u00e9saine &nbsp;Angoul\u00eame &nbsp; &nbsp;10 h &nbsp;Journ\u00e9e de formation&nbsp;: tous disciples missionnaires [&hellip;]\" \/>\n<meta property=\"og:url\" content=\"https:\/\/charente.catholique.fr\/nord-charente\/actualites\/annoncessemaine-du-10-au-18-fevrier-2024\/\" \/>\n<meta property=\"og:site_name\" content=\"Doyenn\u00e9 Nord Charente\" \/>\n<meta property=\"article:publisher\" content=\"https:\/\/www.facebook.com\/EgliseCatholiqueCharente\" \/>\n<meta property=\"article:published_time\" content=\"2024-02-10T14:19:39+00:00\" \/>\n<meta property=\"og:image\" content=\"https:\/\/charente.catholique.fr\/nord-charente\/wp-content\/uploads\/sites\/4\/2024\/02\/image.jpg\" \/>\n\t<meta property=\"og:image:width\" content=\"1448\" \/>\n\t<meta property=\"og:image:height\" content=\"1024\" \/>\n\t<meta property=\"og:image:type\" content=\"image\/jpeg\" \/>\n<meta name=\"author\" content=\"joelleayrault\" \/>\n<meta name=\"twitter:card\" content=\"summary_large_image\" \/>\n<meta name=\"twitter:creator\" content=\"@diocesecharente\" \/>\n<meta name=\"twitter:site\" content=\"@diocesecharente\" \/>\n<meta name=\"twitter:label1\" content=\"\u00c9crit par\" \/>\n\t<meta name=\"twitter:data1\" content=\"joelleayrault\" \/>\n\t<meta name=\"twitter:label2\" content=\"Dur\u00e9e de lecture estim\u00e9e\" \/>\n\t<meta name=\"twitter:data2\" content=\"3 minutes\" \/>\n<script type=\"application\/ld+json\" class=\"yoast-schema-graph\">{\"@context\":\"https:\/\/schema.org\",\"@graph\":[{\"@type\":\"Article\",\"@id\":\"https:\/\/charente.catholique.fr\/nord-charente\/actualites\/annoncessemaine-du-10-au-18-fevrier-2024\/#article\",\"isPartOf\":{\"@id\":\"https:\/\/charente.catholique.fr\/nord-charente\/actualites\/annoncessemaine-du-10-au-18-fevrier-2024\/\"},\"author\":{\"name\":\"joelleayrault\",\"@id\":\"https:\/\/charente.catholique.fr\/nord-charente\/#\/schema\/person\/51184492e4abba33e5d768059a70f4db\"},\"headline\":\"Annonces:Semaine du 10 au 18 F\u00e9vrier 2024\",\"datePublished\":\"2024-02-10T14:19:39+00:00\",\"mainEntityOfPage\":{\"@id\":\"https:\/\/charente.catholique.fr\/nord-charente\/actualites\/annoncessemaine-du-10-au-18-fevrier-2024\/\"},\"wordCount\":596,\"commentCount\":0,\"publisher\":{\"@id\":\"https:\/\/charente.catholique.fr\/nord-charente\/#organization\"},\"image\":{\"@id\":\"https:\/\/charente.catholique.fr\/nord-charente\/actualites\/annoncessemaine-du-10-au-18-fevrier-2024\/#primaryimage\"},\"thumbnailUrl\":\"https:\/\/charente.catholique.fr\/nord-charente\/wp-content\/uploads\/sites\/4\/2024\/02\/image.jpg\",\"articleSection\":[\"Actualit\u00e9s\"],\"inLanguage\":\"fr-FR\",\"potentialAction\":[{\"@type\":\"CommentAction\",\"name\":\"Comment\",\"target\":[\"https:\/\/charente.catholique.fr\/nord-charente\/actualites\/annoncessemaine-du-10-au-18-fevrier-2024\/#respond\"]}]},{\"@type\":\"WebPage\",\"@id\":\"https:\/\/charente.catholique.fr\/nord-charente\/actualites\/annoncessemaine-du-10-au-18-fevrier-2024\/\",\"url\":\"https:\/\/charente.catholique.fr\/nord-charente\/actualites\/annoncessemaine-du-10-au-18-fevrier-2024\/\",\"name\":\"Annonces:Semaine du 10 au 18 F\u00e9vrier 2024 - Doyenn\u00e9 Nord Charente\",\"isPartOf\":{\"@id\":\"https:\/\/charente.catholique.fr\/nord-charente\/#website\"},\"primaryImageOfPage\":{\"@id\":\"https:\/\/charente.catholique.fr\/nord-charente\/actualites\/annoncessemaine-du-10-au-18-fevrier-2024\/#primaryimage\"},\"image\":{\"@id\":\"https:\/\/charente.catholique.fr\/nord-charente\/actualites\/annoncessemaine-du-10-au-18-fevrier-2024\/#primaryimage\"},\"thumbnailUrl\":\"https:\/\/charente.catholique.fr\/nord-charente\/wp-content\/uploads\/sites\/4\/2024\/02\/image.jpg\",\"datePublished\":\"2024-02-10T14:19:39+00:00\",\"breadcrumb\":{\"@id\":\"https:\/\/charente.catholique.fr\/nord-charente\/actualites\/annoncessemaine-du-10-au-18-fevrier-2024\/#breadcrumb\"},\"inLanguage\":\"fr-FR\",\"potentialAction\":[{\"@type\":\"ReadAction\",\"target\":[\"https:\/\/charente.catholique.fr\/nord-charente\/actualites\/annoncessemaine-du-10-au-18-fevrier-2024\/\"]}]},{\"@type\":\"ImageObject\",\"inLanguage\":\"fr-FR\",\"@id\":\"https:\/\/charente.catholique.fr\/nord-charente\/actualites\/annoncessemaine-du-10-au-18-fevrier-2024\/#primaryimage\",\"url\":\"https:\/\/charente.catholique.fr\/nord-charente\/wp-content\/uploads\/sites\/4\/2024\/02\/image.jpg\",\"contentUrl\":\"https:\/\/charente.catholique.fr\/nord-charente\/wp-content\/uploads\/sites\/4\/2024\/02\/image.jpg\",\"width\":1448,\"height\":1024},{\"@type\":\"BreadcrumbList\",\"@id\":\"https:\/\/charente.catholique.fr\/nord-charente\/actualites\/annoncessemaine-du-10-au-18-fevrier-2024\/#breadcrumb\",\"itemListElement\":[{\"@type\":\"ListItem\",\"position\":1,\"name\":\"Accueil\",\"item\":\"https:\/\/charente.catholique.fr\/nord-charente\/\"},{\"@type\":\"ListItem\",\"position\":2,\"name\":\"Annonces:Semaine du 10 au 18 F\u00e9vrier 2024\"}]},{\"@type\":\"WebSite\",\"@id\":\"https:\/\/charente.catholique.fr\/nord-charente\/#website\",\"url\":\"https:\/\/charente.catholique.fr\/nord-charente\/\",\"name\":\"Doyenn\u00e9 Nord Charente - Dioc\u00e8se d'Angoul\u00eame\",\"description\":\"Dioc\u00e8se d&#039;Angoul\u00eame\",\"publisher\":{\"@id\":\"https:\/\/charente.catholique.fr\/nord-charente\/#organization\"},\"potentialAction\":[{\"@type\":\"SearchAction\",\"target\":{\"@type\":\"EntryPoint\",\"urlTemplate\":\"https:\/\/charente.catholique.fr\/nord-charente\/?s={search_term_string}\"},\"query-input\":{\"@type\":\"PropertyValueSpecification\",\"valueRequired\":true,\"valueName\":\"search_term_string\"}}],\"inLanguage\":\"fr-FR\"},{\"@type\":\"Organization\",\"@id\":\"https:\/\/charente.catholique.fr\/nord-charente\/#organization\",\"name\":\"Association dioc\u00e9saine d'Angoul\u00eame\",\"url\":\"https:\/\/charente.catholique.fr\/nord-charente\/\",\"logo\":{\"@type\":\"ImageObject\",\"inLanguage\":\"fr-FR\",\"@id\":\"https:\/\/charente.catholique.fr\/nord-charente\/#\/schema\/logo\/image\/\",\"url\":\"https:\/\/charente.catholique.fr\/nord-charente\/wp-content\/uploads\/sites\/4\/2020\/10\/logos.png\",\"contentUrl\":\"https:\/\/charente.catholique.fr\/nord-charente\/wp-content\/uploads\/sites\/4\/2020\/10\/logos.png\",\"width\":600,\"height\":257,\"caption\":\"Association dioc\u00e9saine d'Angoul\u00eame\"},\"image\":{\"@id\":\"https:\/\/charente.catholique.fr\/nord-charente\/#\/schema\/logo\/image\/\"},\"sameAs\":[\"https:\/\/www.facebook.com\/EgliseCatholiqueCharente\",\"https:\/\/x.com\/diocesecharente\",\"https:\/\/www.instagram.com\/eglisecharente\",\"https:\/\/www.youtube.com\/channel\/UCByyFWApZbw3gDTiADoiAaQ\"]},{\"@type\":\"Person\",\"@id\":\"https:\/\/charente.catholique.fr\/nord-charente\/#\/schema\/person\/51184492e4abba33e5d768059a70f4db\",\"name\":\"joelleayrault\",\"image\":{\"@type\":\"ImageObject\",\"inLanguage\":\"fr-FR\",\"@id\":\"https:\/\/charente.catholique.fr\/nord-charente\/#\/schema\/person\/image\/\",\"url\":\"https:\/\/secure.gravatar.com\/avatar\/3bd3977af99690427d59b19ec7b6bd94226de63be5c368ae8d090f2d7f86dd5f?s=96&d=mm&r=g\",\"contentUrl\":\"https:\/\/secure.gravatar.com\/avatar\/3bd3977af99690427d59b19ec7b6bd94226de63be5c368ae8d090f2d7f86dd5f?s=96&d=mm&r=g\",\"caption\":\"joelleayrault\"},\"url\":\"https:\/\/charente.catholique.fr\/nord-charente\/author\/joelleayrault\/\"}]}<\/script>\n<!-- \/ Yoast SEO plugin. -->","yoast_head_json":{"title":"Annonces:Semaine du 10 au 18 F\u00e9vrier 2024 - Doyenn\u00e9 Nord Charente","robots":{"index":"index","follow":"follow","max-snippet":"max-snippet:-1","max-image-preview":"max-image-preview:large","max-video-preview":"max-video-preview:-1"},"canonical":"https:\/\/charente.catholique.fr\/nord-charente\/actualites\/annoncessemaine-du-10-au-18-fevrier-2024\/","og_locale":"fr_FR","og_type":"article","og_title":"Annonces:Semaine du 10 au 18 F\u00e9vrier 2024 - Doyenn\u00e9 Nord Charente","og_description":"Annonces des paroisses de Ruffec et Villefagnan Semaine du 10 au 18 F\u00e9vrier 2024 Samedi 10 &nbsp;Ruffec &nbsp; 9 h 30 &nbsp; &nbsp;Confessions \u00e0 l\u2019\u00e9glise. &nbsp;Londigny &nbsp;11 h &nbsp;Chapelet pour les vocations sacerdotales et religieuses &nbsp;Ebr\u00e9on, Oratoire de Ruffec &nbsp;18 h &nbsp;Messes anticip\u00e9es &nbsp;Maison Dioc\u00e9saine &nbsp;Angoul\u00eame &nbsp; &nbsp;10 h &nbsp;Journ\u00e9e de formation&nbsp;: tous disciples missionnaires [&hellip;]","og_url":"https:\/\/charente.catholique.fr\/nord-charente\/actualites\/annoncessemaine-du-10-au-18-fevrier-2024\/","og_site_name":"Doyenn\u00e9 Nord Charente","article_publisher":"https:\/\/www.facebook.com\/EgliseCatholiqueCharente","article_published_time":"2024-02-10T14:19:39+00:00","og_image":[{"width":1448,"height":1024,"url":"https:\/\/charente.catholique.fr\/nord-charente\/wp-content\/uploads\/sites\/4\/2024\/02\/image.jpg","type":"image\/jpeg"}],"author":"joelleayrault","twitter_card":"summary_large_image","twitter_creator":"@diocesecharente","twitter_site":"@diocesecharente","twitter_misc":{"\u00c9crit par":"joelleayrault","Dur\u00e9e de lecture estim\u00e9e":"3 minutes"},"schema":{"@context":"https:\/\/schema.org","@graph":[{"@type":"Article","@id":"https:\/\/charente.catholique.fr\/nord-charente\/actualites\/annoncessemaine-du-10-au-18-fevrier-2024\/#article","isPartOf":{"@id":"https:\/\/charente.catholique.fr\/nord-charente\/actualites\/annoncessemaine-du-10-au-18-fevrier-2024\/"},"author":{"name":"joelleayrault","@id":"https:\/\/charente.catholique.fr\/nord-charente\/#\/schema\/person\/51184492e4abba33e5d768059a70f4db"},"headline":"Annonces:Semaine du 10 au 18 F\u00e9vrier 2024","datePublished":"2024-02-10T14:19:39+00:00","mainEntityOfPage":{"@id":"https:\/\/charente.catholique.fr\/nord-charente\/actualites\/annoncessemaine-du-10-au-18-fevrier-2024\/"},"wordCount":596,"commentCount":0,"publisher":{"@id":"https:\/\/charente.catholique.fr\/nord-charente\/#organization"},"image":{"@id":"https:\/\/charente.catholique.fr\/nord-charente\/actualites\/annoncessemaine-du-10-au-18-fevrier-2024\/#primaryimage"},"thumbnailUrl":"https:\/\/charente.catholique.fr\/nord-charente\/wp-content\/uploads\/sites\/4\/2024\/02\/image.jpg","articleSection":["Actualit\u00e9s"],"inLanguage":"fr-FR","potentialAction":[{"@type":"CommentAction","name":"Comment","target":["https:\/\/charente.catholique.fr\/nord-charente\/actualites\/annoncessemaine-du-10-au-18-fevrier-2024\/#respond"]}]},{"@type":"WebPage","@id":"https:\/\/charente.catholique.fr\/nord-charente\/actualites\/annoncessemaine-du-10-au-18-fevrier-2024\/","url":"https:\/\/charente.catholique.fr\/nord-charente\/actualites\/annoncessemaine-du-10-au-18-fevrier-2024\/","name":"Annonces:Semaine du 10 au 18 F\u00e9vrier 2024 - Doyenn\u00e9 Nord Charente","isPartOf":{"@id":"https:\/\/charente.catholique.fr\/nord-charente\/#website"},"primaryImageOfPage":{"@id":"https:\/\/charente.catholique.fr\/nord-charente\/actualites\/annoncessemaine-du-10-au-18-fevrier-2024\/#primaryimage"},"image":{"@id":"https:\/\/charente.catholique.fr\/nord-charente\/actualites\/annoncessemaine-du-10-au-18-fevrier-2024\/#primaryimage"},"thumbnailUrl":"https:\/\/charente.catholique.fr\/nord-charente\/wp-content\/uploads\/sites\/4\/2024\/02\/image.jpg","datePublished":"2024-02-10T14:19:39+00:00","breadcrumb":{"@id":"https:\/\/charente.catholique.fr\/nord-charente\/actualites\/annoncessemaine-du-10-au-18-fevrier-2024\/#breadcrumb"},"inLanguage":"fr-FR","potentialAction":[{"@type":"ReadAction","target":["https:\/\/charente.catholique.fr\/nord-charente\/actualites\/annoncessemaine-du-10-au-18-fevrier-2024\/"]}]},{"@type":"ImageObject","inLanguage":"fr-FR","@id":"https:\/\/charente.catholique.fr\/nord-charente\/actualites\/annoncessemaine-du-10-au-18-fevrier-2024\/#primaryimage","url":"https:\/\/charente.catholique.fr\/nord-charente\/wp-content\/uploads\/sites\/4\/2024\/02\/image.jpg","contentUrl":"https:\/\/charente.catholique.fr\/nord-charente\/wp-content\/uploads\/sites\/4\/2024\/02\/image.jpg","width":1448,"height":1024},{"@type":"BreadcrumbList","@id":"https:\/\/charente.catholique.fr\/nord-charente\/actualites\/annoncessemaine-du-10-au-18-fevrier-2024\/#breadcrumb","itemListElement":[{"@type":"ListItem","position":1,"name":"Accueil","item":"https:\/\/charente.catholique.fr\/nord-charente\/"},{"@type":"ListItem","position":2,"name":"Annonces:Semaine du 10 au 18 F\u00e9vrier 2024"}]},{"@type":"WebSite","@id":"https:\/\/charente.catholique.fr\/nord-charente\/#website","url":"https:\/\/charente.catholique.fr\/nord-charente\/","name":"Doyenn\u00e9 Nord Charente - Dioc\u00e8se d'Angoul\u00eame","description":"Dioc\u00e8se d&#039;Angoul\u00eame","publisher":{"@id":"https:\/\/charente.catholique.fr\/nord-charente\/#organization"},"potentialAction":[{"@type":"SearchAction","target":{"@type":"EntryPoint","urlTemplate":"https:\/\/charente.catholique.fr\/nord-charente\/?s={search_term_string}"},"query-input":{"@type":"PropertyValueSpecification","valueRequired":true,"valueName":"search_term_string"}}],"inLanguage":"fr-FR"},{"@type":"Organization","@id":"https:\/\/charente.catholique.fr\/nord-charente\/#organization","name":"Association dioc\u00e9saine d'Angoul\u00eame","url":"https:\/\/charente.catholique.fr\/nord-charente\/","logo":{"@type":"ImageObject","inLanguage":"fr-FR","@id":"https:\/\/charente.catholique.fr\/nord-charente\/#\/schema\/logo\/image\/","url":"https:\/\/charente.catholique.fr\/nord-charente\/wp-content\/uploads\/sites\/4\/2020\/10\/logos.png","contentUrl":"https:\/\/charente.catholique.fr\/nord-charente\/wp-content\/uploads\/sites\/4\/2020\/10\/logos.png","width":600,"height":257,"caption":"Association dioc\u00e9saine d'Angoul\u00eame"},"image":{"@id":"https:\/\/charente.catholique.fr\/nord-charente\/#\/schema\/logo\/image\/"},"sameAs":["https:\/\/www.facebook.com\/EgliseCatholiqueCharente","https:\/\/x.com\/diocesecharente","https:\/\/www.instagram.com\/eglisecharente","https:\/\/www.youtube.com\/channel\/UCByyFWApZbw3gDTiADoiAaQ"]},{"@type":"Person","@id":"https:\/\/charente.catholique.fr\/nord-charente\/#\/schema\/person\/51184492e4abba33e5d768059a70f4db","name":"joelleayrault","image":{"@type":"ImageObject","inLanguage":"fr-FR","@id":"https:\/\/charente.catholique.fr\/nord-charente\/#\/schema\/person\/image\/","url":"https:\/\/secure.gravatar.com\/avatar\/3bd3977af99690427d59b19ec7b6bd94226de63be5c368ae8d090f2d7f86dd5f?s=96&d=mm&r=g","contentUrl":"https:\/\/secure.gravatar.com\/avatar\/3bd3977af99690427d59b19ec7b6bd94226de63be5c368ae8d090f2d7f86dd5f?s=96&d=mm&r=g","caption":"joelleayrault"},"url":"https:\/\/charente.catholique.fr\/nord-charente\/author\/joelleayrault\/"}]}},"_links":{"self":[{"href":"https:\/\/charente.catholique.fr\/nord-charente\/wp-json\/wp\/v2\/posts\/5932","targetHints":{"allow":["GET"]}}],"collection":[{"href":"https:\/\/charente.catholique.fr\/nord-charente\/wp-json\/wp\/v2\/posts"}],"about":[{"href":"https:\/\/charente.catholique.fr\/nord-charente\/wp-json\/wp\/v2\/types\/post"}],"author":[{"embeddable":true,"href":"https:\/\/charente.catholique.fr\/nord-charente\/wp-json\/wp\/v2\/users\/38"}],"replies":[{"embeddable":true,"href":"https:\/\/charente.catholique.fr\/nord-charente\/wp-json\/wp\/v2\/comments?post=5932"}],"version-history":[{"count":1,"href":"https:\/\/charente.catholique.fr\/nord-charente\/wp-json\/wp\/v2\/posts\/5932\/revisions"}],"predecessor-version":[{"id":5933,"href":"https:\/\/charente.catholique.fr\/nord-charente\/wp-json\/wp\/v2\/posts\/5932\/revisions\/5933"}],"wp:featuredmedia":[{"embeddable":true,"href":"https:\/\/charente.catholique.fr\/nord-charente\/wp-json\/wp\/v2\/media\/5934"}],"wp:attachment":[{"href":"https:\/\/charente.catholique.fr\/nord-charente\/wp-json\/wp\/v2\/media?parent=5932"}],"wp:term":[{"taxonomy":"category","embeddable":true,"href":"https:\/\/charente.catholique.fr\/nord-charente\/wp-json\/wp\/v2\/categories?post=5932"},{"taxonomy":"post_tag","embeddable":true,"href":"https:\/\/charente.catholique.fr\/nord-charente\/wp-json\/wp\/v2\/tags?post=5932"}],"curies":[{"name":"wp","href":"https:\/\/api.w.org\/{rel}","templated":true}]}}