{"id":591,"date":"2020-11-22T15:20:18","date_gmt":"2020-11-22T14:20:18","guid":{"rendered":"https:\/\/charente.catholique.fr\/nord-charente\/?p=591"},"modified":"2020-11-24T08:57:51","modified_gmt":"2020-11-24T07:57:51","slug":"meditation-du-dimanche-22-novembre-2020","status":"publish","type":"post","link":"https:\/\/charente.catholique.fr\/nord-charente\/actualites\/meditation-du-dimanche-22-novembre-2020\/","title":{"rendered":"M\u00e9ditation du dimanche 22 Novembre 2020"},"content":{"rendered":"\n<p class=\"has-text-align-center\">                                                                                                                                                                  Mt 25\/31-46                                  <br><strong>CHRIST ROI DE L&#8217;UNIVERS<\/strong><\/p>\n\n\n\n<p class=\"has-text-align-center\">Saurons-nous reconna\u00eetre et accueillir le Roi de l&#8217;Univers ? (Cf : le conte indien )<br><\/p>\n\n\n\n<p class=\"has-text-align-center\">Nous vivons une \u00e9poque troubl\u00e9e et fort troublante.<br><strong>La pand\u00e9mie<\/strong> touche et fragilise toute l&#8217;humanit\u00e9\u2026<br><strong>Le confinement<\/strong> nous isole les uns des autres\u2026 L&#8217;informatique ne fait pas tout\u2026<br><strong>Le monde est en crise,<\/strong> terrorisme, instabilit\u00e9s politiques, fragilit\u00e9s \u00e9conomiques\u2026<br><strong>L&#8217;\u00c9glise <\/strong>n&#8217;\u00e9chappe pas \u00e0 cette fi\u00e8vre paralysante qui menace m\u00eame son unit\u00e9\u2026<br><\/p>\n\n\n\n<p class=\"has-text-align-center\"><strong>Le verdict est sans appel : le monde est malade. Grave !<\/strong><br>De toutes urgences nous appelons de nos voeux le grand m\u00e9decin<br>qui nous procurera le vaccin miracle, nous prodiguera les soins appropri\u00e9s,<br>et nous ouvrira un chemin de s\u00e9curit\u00e9 et de gu\u00e9rison.<br>Notre pri\u00e8re se fait instante : <strong>&#8220;J\u00e9sus, celui que Tu aimes est malade !&#8221; Jn 11\/3.<\/strong><br>Le monde que Tu aimes est malade, l&#8217;humanit\u00e9 que Tu aimes est malade ! Viens vite !<br>Nous souffrons d&#8217;un mal qui touche toute l&#8217;humanit\u00e9 et nous appelons le Roi de l&#8217;Univers !<br>N&#8217;est-Il pas le Tout-Puissant, le Ressuscit\u00e9 en qui nous pouvons avoir toute confiance ?<br><\/p>\n\n\n\n<p class=\"has-text-align-center\">C&#8217;est dans ce contexte, bien compliqu\u00e9, que l&#8217;\u00c9glise c\u00e9l\u00e8bre <strong>le Christ Roi de l&#8217;Univers.<\/strong><br>Nous l&#8217;appelons pour r\u00e9pondre \u00e0 tous nos besoins, comme un super d\u00e9panneur\u2026<br>Mais l&#8217;\u00c9vangile nous dit autre chose : &#8220;J&#8217;avais faim, j&#8217;avais soif, j&#8217;\u00e9tais nu, malade, en prison\u2026 &#8220;<br>Nous attendons tout de Lui, avec raison, tandis qu&#8217;Il attend tout de nous, parce qu&#8217;Il nous aime.<br><\/p>\n\n\n\n<p class=\"has-text-align-center\">En J\u00e9sus Dieu se manifeste avec son vrai Visage : <strong>Il est Amour, Infinie Compassion\u2026<\/strong><br>Il n&#8217;est pas le Tout-Puissant que l&#8217;on s&#8217;imagine, pr\u00eat \u00e0 r\u00e9soudre tous nos probl\u00e8mes.<br><strong>Il se fait notre fr\u00e8re, compagnon des petits et des pauvres, solidaire des bless\u00e9s de la vie,<br>partageant jusqu&#8217;\u00e0 l&#8217;extr\u00eame la d\u00e9tresse du prisonnier, l&#8217;agonie du malade.<br>La foi de l&#8217;\u00c9glise est notre joie, qui proclame que le Roi de l&#8217;Univers est un Crucifi\u00e9<br>en qui tous les crucifi\u00e9s du monde peuvent se reconna\u00eetre\u2026<br>C&#8217;est parce qu&#8217;Il fait corps avec les petits et les pauvres que J\u00e9sus se r\u00e9v\u00e8le leur Sauveur.<\/strong><br><\/p>\n\n\n\n<p class=\"has-text-align-center\">La Victoire du Christ, Roi de l&#8217;Univers, c&#8217;est la Victoire de l&#8217;Amour qui va jusqu&#8217;au bout\u2026,<br>jusqu&#8217;au Lavement des pieds, jusqu&#8217;\u00e0 la Fraction du Pain, jusqu&#8217;\u00e0 la Croix,<br>l\u00e0 pr\u00e9cis\u00e9ment o\u00f9 ce Titre de Roi est affich\u00e9 au dessus de sa T\u00eate.<br>C&#8217;est l\u00e0 qu&#8217;Il nous appelle, c&#8217;est l\u00e0 qu&#8217;Il nous rassemble avec la Vierge Marie :<br><strong>&#8220;Venez les b\u00e9nis de mon P\u00e8re. J&#8217;\u00e9tais clou\u00e9 \u00e0 la Croix, et vous \u00eates venus jusqu&#8217;\u00e0 Moi !&#8221;<\/strong><br><\/p>\n\n\n\n<p class=\"has-text-align-center\">Souvenons-nous comment le Pape Fran\u00e7ois avait c\u00e9l\u00e9br\u00e9 le Christ Roi de l&#8217;Univers en 2019 :<br>Il s&#8217;\u00e9tait fait p\u00e8lerin \u00e0 Hiroshima et Nagasaki pour s&#8217;agenouiller au Calvaire du monde moderne.<br>L\u00e0, au pied de la Croix de toutes les victimes du mal et de la violence, il voulait t\u00e9moigner<br>que l&#8217;Amour qui br\u00fble dans la Coeur du Christ est un Feu qui transforme le monde,<br>un Feu infiniment plus puissant que le feu destructeur de l&#8217;enfer nucl\u00e9aire.<br>Telle \u00e9tait bien la Mission de J\u00e9sus, qu&#8217;Il a accomplie en pl\u00e9nitude sur la Croix :<br><\/p>\n\n\n\n<p class=\"has-text-align-center\"><strong>&#8220;Je suis venu allumer un Feu sur la terre !&#8221;<br>Tel fut la joie des Ap\u00f4tres le Jour de la Pentec\u00f4te<br>et notre joie aujourd&#8217;hui en recevant les &#8220;Langues de Feu de l&#8217;Esprit Saint !<\/strong><\/p>\n\n\n\n<figure class=\"wp-block-embed-youtube wp-block-embed is-type-video is-provider-youtube wp-embed-aspect-16-9 wp-has-aspect-ratio\"><div class=\"wp-block-embed__wrapper\">\n<script>jQuery(function() {(tarteaucitron.job = tarteaucitron.job || []).push('youtube');});<\/script><div class=\"youtube_player\" videoID=\"jYwViCG1u_8\" theme=\"light\" rel=\"0\" controls=\"1\" showinfo=\"1\" autoplay=\"0\"><\/div>\n<\/div><\/figure>\n","protected":false},"excerpt":{"rendered":"<p>Mt 25\/31-46 CHRIST ROI DE L&#8217;UNIVERS Saurons-nous reconna\u00eetre et accueillir le Roi de l&#8217;Univers ? (Cf : le conte indien ) Nous vivons une \u00e9poque troubl\u00e9e et fort troublante.La pand\u00e9mie touche et fragilise toute l&#8217;humanit\u00e9\u2026Le confinement nous isole les uns des autres\u2026 L&#8217;informatique ne fait pas tout\u2026Le monde est en crise, terrorisme, instabilit\u00e9s politiques, fragilit\u00e9s [&hellip;]<\/p>\n","protected":false},"author":33,"featured_media":0,"comment_status":"open","ping_status":"open","sticky":false,"template":"","format":"standard","meta":{"_acf_changed":false,"paroisse":["12"],"service":["0"],"footnotes":""},"categories":[1],"tags":[],"class_list":["post-591","post","type-post","status-publish","format-standard","hentry","category-actualites"],"acf":[],"yoast_head":"<!-- This site is optimized with the Yoast SEO plugin v27.1.1 - https:\/\/yoast.com\/product\/yoast-seo-wordpress\/ -->\n<title>M\u00e9ditation du dimanche 22 Novembre 2020 - Doyenn\u00e9 Nord Charente<\/title>\n<meta name=\"robots\" content=\"index, follow, max-snippet:-1, max-image-preview:large, max-video-preview:-1\" \/>\n<link rel=\"canonical\" href=\"https:\/\/charente.catholique.fr\/nord-charente\/actualites\/meditation-du-dimanche-22-novembre-2020\/\" \/>\n<meta property=\"og:locale\" content=\"fr_FR\" \/>\n<meta property=\"og:type\" content=\"article\" \/>\n<meta property=\"og:title\" content=\"M\u00e9ditation du dimanche 22 Novembre 2020 - Doyenn\u00e9 Nord Charente\" \/>\n<meta property=\"og:description\" content=\"Mt 25\/31-46 CHRIST ROI DE L&#8217;UNIVERS Saurons-nous reconna\u00eetre et accueillir le Roi de l&#8217;Univers ? (Cf : le conte indien ) Nous vivons une \u00e9poque troubl\u00e9e et fort troublante.La pand\u00e9mie touche et fragilise toute l&#8217;humanit\u00e9\u2026Le confinement nous isole les uns des autres\u2026 L&#8217;informatique ne fait pas tout\u2026Le monde est en crise, terrorisme, instabilit\u00e9s politiques, fragilit\u00e9s [&hellip;]\" \/>\n<meta property=\"og:url\" content=\"https:\/\/charente.catholique.fr\/nord-charente\/actualites\/meditation-du-dimanche-22-novembre-2020\/\" \/>\n<meta property=\"og:site_name\" content=\"Doyenn\u00e9 Nord Charente\" \/>\n<meta property=\"article:publisher\" content=\"https:\/\/www.facebook.com\/EgliseCatholiqueCharente\" \/>\n<meta property=\"article:published_time\" content=\"2020-11-22T14:20:18+00:00\" \/>\n<meta property=\"article:modified_time\" content=\"2020-11-24T07:57:51+00:00\" \/>\n<meta name=\"author\" content=\"marysegirard\" \/>\n<meta name=\"twitter:card\" content=\"summary_large_image\" \/>\n<meta name=\"twitter:creator\" content=\"@diocesecharente\" \/>\n<meta name=\"twitter:site\" content=\"@diocesecharente\" \/>\n<meta name=\"twitter:label1\" content=\"\u00c9crit par\" \/>\n\t<meta name=\"twitter:data1\" content=\"marysegirard\" \/>\n\t<meta name=\"twitter:label2\" content=\"Dur\u00e9e de lecture estim\u00e9e\" \/>\n\t<meta name=\"twitter:data2\" content=\"3 minutes\" \/>\n<script type=\"application\/ld+json\" class=\"yoast-schema-graph\">{\"@context\":\"https:\/\/schema.org\",\"@graph\":[{\"@type\":\"Article\",\"@id\":\"https:\/\/charente.catholique.fr\/nord-charente\/actualites\/meditation-du-dimanche-22-novembre-2020\/#article\",\"isPartOf\":{\"@id\":\"https:\/\/charente.catholique.fr\/nord-charente\/actualites\/meditation-du-dimanche-22-novembre-2020\/\"},\"author\":{\"name\":\"marysegirard\",\"@id\":\"https:\/\/charente.catholique.fr\/nord-charente\/#\/schema\/person\/69ec4756bc9b0b3e42e39b6c34de83de\"},\"headline\":\"M\u00e9ditation du dimanche 22 Novembre 2020\",\"datePublished\":\"2020-11-22T14:20:18+00:00\",\"dateModified\":\"2020-11-24T07:57:51+00:00\",\"mainEntityOfPage\":{\"@id\":\"https:\/\/charente.catholique.fr\/nord-charente\/actualites\/meditation-du-dimanche-22-novembre-2020\/\"},\"wordCount\":622,\"commentCount\":0,\"publisher\":{\"@id\":\"https:\/\/charente.catholique.fr\/nord-charente\/#organization\"},\"articleSection\":[\"Actualit\u00e9s\"],\"inLanguage\":\"fr-FR\",\"potentialAction\":[{\"@type\":\"CommentAction\",\"name\":\"Comment\",\"target\":[\"https:\/\/charente.catholique.fr\/nord-charente\/actualites\/meditation-du-dimanche-22-novembre-2020\/#respond\"]}]},{\"@type\":\"WebPage\",\"@id\":\"https:\/\/charente.catholique.fr\/nord-charente\/actualites\/meditation-du-dimanche-22-novembre-2020\/\",\"url\":\"https:\/\/charente.catholique.fr\/nord-charente\/actualites\/meditation-du-dimanche-22-novembre-2020\/\",\"name\":\"M\u00e9ditation du dimanche 22 Novembre 2020 - Doyenn\u00e9 Nord Charente\",\"isPartOf\":{\"@id\":\"https:\/\/charente.catholique.fr\/nord-charente\/#website\"},\"datePublished\":\"2020-11-22T14:20:18+00:00\",\"dateModified\":\"2020-11-24T07:57:51+00:00\",\"breadcrumb\":{\"@id\":\"https:\/\/charente.catholique.fr\/nord-charente\/actualites\/meditation-du-dimanche-22-novembre-2020\/#breadcrumb\"},\"inLanguage\":\"fr-FR\",\"potentialAction\":[{\"@type\":\"ReadAction\",\"target\":[\"https:\/\/charente.catholique.fr\/nord-charente\/actualites\/meditation-du-dimanche-22-novembre-2020\/\"]}]},{\"@type\":\"BreadcrumbList\",\"@id\":\"https:\/\/charente.catholique.fr\/nord-charente\/actualites\/meditation-du-dimanche-22-novembre-2020\/#breadcrumb\",\"itemListElement\":[{\"@type\":\"ListItem\",\"position\":1,\"name\":\"Accueil\",\"item\":\"https:\/\/charente.catholique.fr\/nord-charente\/\"},{\"@type\":\"ListItem\",\"position\":2,\"name\":\"M\u00e9ditation du dimanche 22 Novembre 2020\"}]},{\"@type\":\"WebSite\",\"@id\":\"https:\/\/charente.catholique.fr\/nord-charente\/#website\",\"url\":\"https:\/\/charente.catholique.fr\/nord-charente\/\",\"name\":\"Doyenn\u00e9 Nord Charente - Dioc\u00e8se d'Angoul\u00eame\",\"description\":\"Dioc\u00e8se d&#039;Angoul\u00eame\",\"publisher\":{\"@id\":\"https:\/\/charente.catholique.fr\/nord-charente\/#organization\"},\"potentialAction\":[{\"@type\":\"SearchAction\",\"target\":{\"@type\":\"EntryPoint\",\"urlTemplate\":\"https:\/\/charente.catholique.fr\/nord-charente\/?s={search_term_string}\"},\"query-input\":{\"@type\":\"PropertyValueSpecification\",\"valueRequired\":true,\"valueName\":\"search_term_string\"}}],\"inLanguage\":\"fr-FR\"},{\"@type\":\"Organization\",\"@id\":\"https:\/\/charente.catholique.fr\/nord-charente\/#organization\",\"name\":\"Association dioc\u00e9saine d'Angoul\u00eame\",\"url\":\"https:\/\/charente.catholique.fr\/nord-charente\/\",\"logo\":{\"@type\":\"ImageObject\",\"inLanguage\":\"fr-FR\",\"@id\":\"https:\/\/charente.catholique.fr\/nord-charente\/#\/schema\/logo\/image\/\",\"url\":\"https:\/\/charente.catholique.fr\/nord-charente\/wp-content\/uploads\/sites\/4\/2020\/10\/logos.png\",\"contentUrl\":\"https:\/\/charente.catholique.fr\/nord-charente\/wp-content\/uploads\/sites\/4\/2020\/10\/logos.png\",\"width\":600,\"height\":257,\"caption\":\"Association dioc\u00e9saine d'Angoul\u00eame\"},\"image\":{\"@id\":\"https:\/\/charente.catholique.fr\/nord-charente\/#\/schema\/logo\/image\/\"},\"sameAs\":[\"https:\/\/www.facebook.com\/EgliseCatholiqueCharente\",\"https:\/\/x.com\/diocesecharente\",\"https:\/\/www.instagram.com\/eglisecharente\",\"https:\/\/www.youtube.com\/channel\/UCByyFWApZbw3gDTiADoiAaQ\"]},{\"@type\":\"Person\",\"@id\":\"https:\/\/charente.catholique.fr\/nord-charente\/#\/schema\/person\/69ec4756bc9b0b3e42e39b6c34de83de\",\"name\":\"marysegirard\",\"image\":{\"@type\":\"ImageObject\",\"inLanguage\":\"fr-FR\",\"@id\":\"https:\/\/charente.catholique.fr\/nord-charente\/#\/schema\/person\/image\/\",\"url\":\"https:\/\/secure.gravatar.com\/avatar\/2d1448628fc788cbf01dbabfa0628b3257d9c79175ca834e520c4769584511d5?s=96&d=mm&r=g\",\"contentUrl\":\"https:\/\/secure.gravatar.com\/avatar\/2d1448628fc788cbf01dbabfa0628b3257d9c79175ca834e520c4769584511d5?s=96&d=mm&r=g\",\"caption\":\"marysegirard\"},\"sameAs\":[\"https:\/\/charente.catholique.fr\/nord-charente\/\"],\"url\":\"https:\/\/charente.catholique.fr\/nord-charente\/author\/marysegirard\/\"}]}<\/script>\n<!-- \/ Yoast SEO plugin. -->","yoast_head_json":{"title":"M\u00e9ditation du dimanche 22 Novembre 2020 - Doyenn\u00e9 Nord Charente","robots":{"index":"index","follow":"follow","max-snippet":"max-snippet:-1","max-image-preview":"max-image-preview:large","max-video-preview":"max-video-preview:-1"},"canonical":"https:\/\/charente.catholique.fr\/nord-charente\/actualites\/meditation-du-dimanche-22-novembre-2020\/","og_locale":"fr_FR","og_type":"article","og_title":"M\u00e9ditation du dimanche 22 Novembre 2020 - Doyenn\u00e9 Nord Charente","og_description":"Mt 25\/31-46 CHRIST ROI DE L&#8217;UNIVERS Saurons-nous reconna\u00eetre et accueillir le Roi de l&#8217;Univers ? (Cf : le conte indien ) Nous vivons une \u00e9poque troubl\u00e9e et fort troublante.La pand\u00e9mie touche et fragilise toute l&#8217;humanit\u00e9\u2026Le confinement nous isole les uns des autres\u2026 L&#8217;informatique ne fait pas tout\u2026Le monde est en crise, terrorisme, instabilit\u00e9s politiques, fragilit\u00e9s [&hellip;]","og_url":"https:\/\/charente.catholique.fr\/nord-charente\/actualites\/meditation-du-dimanche-22-novembre-2020\/","og_site_name":"Doyenn\u00e9 Nord Charente","article_publisher":"https:\/\/www.facebook.com\/EgliseCatholiqueCharente","article_published_time":"2020-11-22T14:20:18+00:00","article_modified_time":"2020-11-24T07:57:51+00:00","author":"marysegirard","twitter_card":"summary_large_image","twitter_creator":"@diocesecharente","twitter_site":"@diocesecharente","twitter_misc":{"\u00c9crit par":"marysegirard","Dur\u00e9e de lecture estim\u00e9e":"3 minutes"},"schema":{"@context":"https:\/\/schema.org","@graph":[{"@type":"Article","@id":"https:\/\/charente.catholique.fr\/nord-charente\/actualites\/meditation-du-dimanche-22-novembre-2020\/#article","isPartOf":{"@id":"https:\/\/charente.catholique.fr\/nord-charente\/actualites\/meditation-du-dimanche-22-novembre-2020\/"},"author":{"name":"marysegirard","@id":"https:\/\/charente.catholique.fr\/nord-charente\/#\/schema\/person\/69ec4756bc9b0b3e42e39b6c34de83de"},"headline":"M\u00e9ditation du dimanche 22 Novembre 2020","datePublished":"2020-11-22T14:20:18+00:00","dateModified":"2020-11-24T07:57:51+00:00","mainEntityOfPage":{"@id":"https:\/\/charente.catholique.fr\/nord-charente\/actualites\/meditation-du-dimanche-22-novembre-2020\/"},"wordCount":622,"commentCount":0,"publisher":{"@id":"https:\/\/charente.catholique.fr\/nord-charente\/#organization"},"articleSection":["Actualit\u00e9s"],"inLanguage":"fr-FR","potentialAction":[{"@type":"CommentAction","name":"Comment","target":["https:\/\/charente.catholique.fr\/nord-charente\/actualites\/meditation-du-dimanche-22-novembre-2020\/#respond"]}]},{"@type":"WebPage","@id":"https:\/\/charente.catholique.fr\/nord-charente\/actualites\/meditation-du-dimanche-22-novembre-2020\/","url":"https:\/\/charente.catholique.fr\/nord-charente\/actualites\/meditation-du-dimanche-22-novembre-2020\/","name":"M\u00e9ditation du dimanche 22 Novembre 2020 - Doyenn\u00e9 Nord Charente","isPartOf":{"@id":"https:\/\/charente.catholique.fr\/nord-charente\/#website"},"datePublished":"2020-11-22T14:20:18+00:00","dateModified":"2020-11-24T07:57:51+00:00","breadcrumb":{"@id":"https:\/\/charente.catholique.fr\/nord-charente\/actualites\/meditation-du-dimanche-22-novembre-2020\/#breadcrumb"},"inLanguage":"fr-FR","potentialAction":[{"@type":"ReadAction","target":["https:\/\/charente.catholique.fr\/nord-charente\/actualites\/meditation-du-dimanche-22-novembre-2020\/"]}]},{"@type":"BreadcrumbList","@id":"https:\/\/charente.catholique.fr\/nord-charente\/actualites\/meditation-du-dimanche-22-novembre-2020\/#breadcrumb","itemListElement":[{"@type":"ListItem","position":1,"name":"Accueil","item":"https:\/\/charente.catholique.fr\/nord-charente\/"},{"@type":"ListItem","position":2,"name":"M\u00e9ditation du dimanche 22 Novembre 2020"}]},{"@type":"WebSite","@id":"https:\/\/charente.catholique.fr\/nord-charente\/#website","url":"https:\/\/charente.catholique.fr\/nord-charente\/","name":"Doyenn\u00e9 Nord Charente - Dioc\u00e8se d'Angoul\u00eame","description":"Dioc\u00e8se d&#039;Angoul\u00eame","publisher":{"@id":"https:\/\/charente.catholique.fr\/nord-charente\/#organization"},"potentialAction":[{"@type":"SearchAction","target":{"@type":"EntryPoint","urlTemplate":"https:\/\/charente.catholique.fr\/nord-charente\/?s={search_term_string}"},"query-input":{"@type":"PropertyValueSpecification","valueRequired":true,"valueName":"search_term_string"}}],"inLanguage":"fr-FR"},{"@type":"Organization","@id":"https:\/\/charente.catholique.fr\/nord-charente\/#organization","name":"Association dioc\u00e9saine d'Angoul\u00eame","url":"https:\/\/charente.catholique.fr\/nord-charente\/","logo":{"@type":"ImageObject","inLanguage":"fr-FR","@id":"https:\/\/charente.catholique.fr\/nord-charente\/#\/schema\/logo\/image\/","url":"https:\/\/charente.catholique.fr\/nord-charente\/wp-content\/uploads\/sites\/4\/2020\/10\/logos.png","contentUrl":"https:\/\/charente.catholique.fr\/nord-charente\/wp-content\/uploads\/sites\/4\/2020\/10\/logos.png","width":600,"height":257,"caption":"Association dioc\u00e9saine d'Angoul\u00eame"},"image":{"@id":"https:\/\/charente.catholique.fr\/nord-charente\/#\/schema\/logo\/image\/"},"sameAs":["https:\/\/www.facebook.com\/EgliseCatholiqueCharente","https:\/\/x.com\/diocesecharente","https:\/\/www.instagram.com\/eglisecharente","https:\/\/www.youtube.com\/channel\/UCByyFWApZbw3gDTiADoiAaQ"]},{"@type":"Person","@id":"https:\/\/charente.catholique.fr\/nord-charente\/#\/schema\/person\/69ec4756bc9b0b3e42e39b6c34de83de","name":"marysegirard","image":{"@type":"ImageObject","inLanguage":"fr-FR","@id":"https:\/\/charente.catholique.fr\/nord-charente\/#\/schema\/person\/image\/","url":"https:\/\/secure.gravatar.com\/avatar\/2d1448628fc788cbf01dbabfa0628b3257d9c79175ca834e520c4769584511d5?s=96&d=mm&r=g","contentUrl":"https:\/\/secure.gravatar.com\/avatar\/2d1448628fc788cbf01dbabfa0628b3257d9c79175ca834e520c4769584511d5?s=96&d=mm&r=g","caption":"marysegirard"},"sameAs":["https:\/\/charente.catholique.fr\/nord-charente\/"],"url":"https:\/\/charente.catholique.fr\/nord-charente\/author\/marysegirard\/"}]}},"_links":{"self":[{"href":"https:\/\/charente.catholique.fr\/nord-charente\/wp-json\/wp\/v2\/posts\/591","targetHints":{"allow":["GET"]}}],"collection":[{"href":"https:\/\/charente.catholique.fr\/nord-charente\/wp-json\/wp\/v2\/posts"}],"about":[{"href":"https:\/\/charente.catholique.fr\/nord-charente\/wp-json\/wp\/v2\/types\/post"}],"author":[{"embeddable":true,"href":"https:\/\/charente.catholique.fr\/nord-charente\/wp-json\/wp\/v2\/users\/33"}],"replies":[{"embeddable":true,"href":"https:\/\/charente.catholique.fr\/nord-charente\/wp-json\/wp\/v2\/comments?post=591"}],"version-history":[{"count":2,"href":"https:\/\/charente.catholique.fr\/nord-charente\/wp-json\/wp\/v2\/posts\/591\/revisions"}],"predecessor-version":[{"id":595,"href":"https:\/\/charente.catholique.fr\/nord-charente\/wp-json\/wp\/v2\/posts\/591\/revisions\/595"}],"wp:attachment":[{"href":"https:\/\/charente.catholique.fr\/nord-charente\/wp-json\/wp\/v2\/media?parent=591"}],"wp:term":[{"taxonomy":"category","embeddable":true,"href":"https:\/\/charente.catholique.fr\/nord-charente\/wp-json\/wp\/v2\/categories?post=591"},{"taxonomy":"post_tag","embeddable":true,"href":"https:\/\/charente.catholique.fr\/nord-charente\/wp-json\/wp\/v2\/tags?post=591"}],"curies":[{"name":"wp","href":"https:\/\/api.w.org\/{rel}","templated":true}]}}