{"id":5641,"date":"2023-12-03T21:25:14","date_gmt":"2023-12-03T20:25:14","guid":{"rendered":"https:\/\/charente.catholique.fr\/nord-charente\/?p=5641"},"modified":"2023-12-03T21:27:14","modified_gmt":"2023-12-03T20:27:14","slug":"annoncessemaine-du-2-au-10-decembre-2023","status":"publish","type":"post","link":"https:\/\/charente.catholique.fr\/nord-charente\/actualites\/annoncessemaine-du-2-au-10-decembre-2023\/","title":{"rendered":"Annonces:Semaine du 2 au 10 D\u00e9cembre 2023"},"content":{"rendered":"\n<p>Paroisse de Villefagnan&nbsp;<\/p>\n\n\n\n<p>P\u00e8re Michel GRANGER&nbsp;: 06 07 85 22 80&nbsp;.<\/p>\n\n\n\n<p>5 rue Patient<\/p>\n\n\n\n<p>16240 Villefagnan.<\/p>\n\n\n\n<figure class=\"wp-block-table\"><table><thead><tr><td><strong>Annonces des paroisses de Ruffec et Villefagnan<\/strong><\/td><td colspan=\"3\"><strong>Semaine du<\/strong><strong> 2 au 10 D\u00e9cembre 2023<\/strong><\/td><\/tr><\/thead><tbody><tr><td rowspan=\"3\">Samedi 2 1<sup>er<\/sup><strong> Dimanche de l&#8217;Avent Ann\u00e9e B<\/strong><\/td><td>&nbsp;Ruffec<\/td><td>&nbsp;9 h &nbsp;9 h 30<\/td><td>&nbsp;Messe \u00e0 l\u2019oratoire. &nbsp;Confessions \u00e0 l\u2019\u00e9glise.<\/td><\/tr><tr><td>&nbsp;Bernac<\/td><td>&nbsp;11 h<\/td><td>&nbsp;Chapelet pour les vocations sacerdotales et religieuses<\/td><\/tr><tr><td>&nbsp;Aunac, La Ch\u00e8vrerie<\/td><td>&nbsp;18 h<\/td><td>&nbsp;Messes anticip\u00e9es<\/td><\/tr><tr><td>&nbsp;<\/td><td>&nbsp;Ruffec<\/td><td>&nbsp;20 h<\/td><td>&nbsp;Veill\u00e9e \u00e0 l&#8217;\u00e9glise pour la Vie<\/td><\/tr><tr><td rowspan=\"2\"><strong>Dimanche 3<\/strong><\/td><td>&nbsp;Villej\u00e9sus Mansle&nbsp; Ruffec <strong>Villefagnan<\/strong><\/td><td>10 h 30<\/td><td>&nbsp;Messe dominicale<\/td><\/tr><tr><td>&nbsp;<\/td><td>&nbsp;<\/td><td>&nbsp;<\/td><\/tr><tr><td><strong>Lundi 4<\/strong><\/td><td><strong>&nbsp;Empur\u00e9<\/strong> <strong>&nbsp;<\/strong>Ruffec<strong><\/strong> <strong>&nbsp;<\/strong><\/td><td><strong>10 h 30<\/strong> 14 h 30 &nbsp;18 h<\/td><td>&nbsp;<strong>S\u00e9pulture de Madame Anne-Marie TISSEUIL<\/strong> &nbsp;Pri\u00e8re du Renouveau \u00e0 l&#8217;oratoire &nbsp;Messe \u00e0 l&#8217;oratoire<\/td><\/tr><tr><td rowspan=\"2\"><strong>Mardi 5<\/strong><\/td><td>&nbsp;<strong>Villefagnan<\/strong><\/td><td><strong>&nbsp;9 h 15<\/strong><\/td><td><strong>&nbsp;Messe&nbsp; \u00e0 l&#8217;\u00e9glise<\/strong> <strong>&nbsp;Rencontre \u00e9quipe liturgique n\u00b0&nbsp;3 ( Dimanche 17 D\u00e9cembre)<\/strong><\/td><\/tr><tr><td>&nbsp;Ruffec <strong>&nbsp;Villefagnan<\/strong><\/td><td>&nbsp;18 h 30 <strong>&nbsp;20 h<\/strong><\/td><td>&nbsp;Messe \u00e0 l&#8217;oratoire <strong>&nbsp;Pri\u00e8re&nbsp; du Renouveau au presbyt\u00e8re<\/strong><\/td><\/tr><tr><td rowspan=\"2\">Mercredi 6<\/td><td>&nbsp;Aigre<\/td><td>11 h<\/td><td>&nbsp;Messe<\/td><\/tr><tr><td>&nbsp;Ruffec<\/td><td>14 h 30 18 h<\/td><td>&nbsp;R\u00e9p\u00e9tition de chant \u00e0 l&#8217;oratoire Pierre Auma\u00eetre &nbsp;Messe \u00e0 l&#8217;oratoire<\/td><\/tr><tr><td rowspan=\"2\">Jeudi 7<\/td><td>&nbsp;Ruffec<\/td><td>17 h<\/td><td>&nbsp;Confession \u00e0 l&#8217;\u00e9glise<\/td><\/tr><tr><td>&nbsp;Ruffec &nbsp;<\/td><td>18 h<\/td><td>&nbsp;Messe \u00e0 l&#8217;oratoire suivie de l&#8217;Adoration<\/td><\/tr><tr><td rowspan=\"4\"><strong>Vendredi 8 Immacul\u00e9e Conception <\/strong>\u00a0<\/td><td>&nbsp;Ruffec<\/td><td>&nbsp;12 h 10<\/td><td>&nbsp;Messe \u00e0 la chapelle du Sacr\u00e9-Coeur<\/td><\/tr><tr><td>&nbsp;<strong>Villefagnan<\/strong><\/td><td>&nbsp;<strong>15 h<\/strong><\/td><td>&nbsp;<strong>Venez avec nous prier Marie \u00e0 l&#8217;\u00e9glise<\/strong><\/td><\/tr><tr><td>&nbsp;Lign\u00e9<\/td><td>&nbsp;16 h<\/td><td>&nbsp;Messe de l&#8217;Immacul\u00e9e Conception<\/td><\/tr><tr><td>&nbsp;Aizecq<\/td><td>&nbsp;18 h<\/td><td>&nbsp;Messe&nbsp; suivie de l&#8217;Adoration \u00e0 19 h&nbsp;:&nbsp; \u00ab&nbsp;MERCI MARIE&nbsp;\u00bb<\/td><\/tr><tr><td rowspan=\"4\"><strong>Samedi 9<\/strong><\/td><td>&nbsp;Ruffec<\/td><td>9 h 9 h 30<\/td><td>&nbsp;Messe \u00e0 l\u2019oratoire. &nbsp;Confessions \u00e0 l\u2019\u00e9glise.<\/td><\/tr><tr><td><strong>&nbsp;<\/strong><strong>Villefagnan<\/strong><strong><\/strong><\/td><td><strong>&nbsp;10 h<\/strong><\/td><td><strong>&nbsp;Cat\u00e9 et \u00e9veil \u00e0 la foi au presbyt\u00e8re<\/strong><\/td><\/tr><tr><td>&nbsp;Adjots<\/td><td>11 h<\/td><td>&nbsp;Chapelet pour les vocations sacerdotales et religieuses<\/td><\/tr><tr><td>&nbsp;Fontenille et Condac<\/td><td>18 h<\/td><td>&nbsp;Messes anticip\u00e9es<\/td><\/tr><tr><td><strong>Dimanche 10 2\u00e8me Dimanche de l&#8217;Avent Ann\u00e9e B<\/strong><\/td><td><strong>&nbsp;<\/strong>Villej\u00e9sus &nbsp;Mansle Ruffec <strong><\/strong> <strong>&nbsp;<\/strong><strong>Villefagnan<\/strong><\/td><td>&nbsp;10 h 30 &nbsp;<strong><\/strong> <strong>10 h 30<\/strong><\/td><td>\u00a0Messe dominicale\u00a0\u00a0<strong>Messe anim\u00e9e par les enfants de la cat\u00e9ch\u00e8se et leurs parents<\/strong><\/td><\/tr><tr><td>&nbsp;<\/td><td>&nbsp;<\/td><td>&nbsp;<\/td><td>&nbsp;<\/td><\/tr><\/tbody><\/table><\/figure>\n\n\n\n<p><strong>* Dimanche 10 D\u00e9cembre&nbsp; \u00e0 15 h 30 : conf\u00e9rence donn\u00e9e&nbsp; par les p\u00e8res Gustave et Vincent \u00e0 l&#8217;\u00e9glise de Ruffec sur le th\u00e8me <\/strong><strong>\u00ab&nbsp; Le Verbe s&#8217;est fait chair, Il a demeur\u00e9 parmi nous&nbsp;\u00bb<\/strong><\/p>\n\n\n\n<p><strong>* Arriv\u00e9e de la Lumi\u00e8re de Bethl\u00e9em \u00e0 17 h \u00e0 l&#8217;\u00e9glise de Ruffec<\/strong><\/p>\n\n\n\n<p>Toutes infos&nbsp;: 05 45 29 01 72 \/ <a href=\"https:\/\/nordcharente.catholique.fr\/\">https:\/\/nordcharente.catholique.fr<\/a><\/p>\n\n\n\n<p>Presbyt\u00e8re de Villefagnan&nbsp;: 5 rue Patient 16240 Villefagnan&nbsp;: 05 45 31 61 07 \/ mail&nbsp;: paroisse.villefagnan@outlook.com<strong><\/strong><\/p>\n\n\n\n<p class=\"has-text-align-center has-medium-font-size\"><strong>\u00ab Invitation du  service dioc\u00e9sain de la cat\u00e9ch\u00e8se d\u2019Angoul\u00eame \u00bb :<br>S\u2019inscrire \u00e0 une formation gratuite<br>\u00ab Entr\u00e9e dans la pri\u00e8re \u00bb par le lien ci-dessous<\/strong><\/p>\n\n\n<div class=\"wp-block-image\">\n<figure class=\"aligncenter size-full is-resized\"><img loading=\"lazy\" decoding=\"async\" width=\"300\" height=\"168\" src=\"https:\/\/charente.catholique.fr\/nord-charente\/wp-content\/uploads\/sites\/4\/2023\/12\/Sans-titre.jpg\" alt=\"\" class=\"wp-image-5645\" style=\"aspect-ratio:1.7857142857142858;width:454px;height:auto\" \/><\/figure>\n<\/div>\n\n\n<p class=\"has-text-align-center has-medium-font-size\"><strong><br>Entrez dans la pri\u00e8re &#8211; Formation-catholique<br>\u201cLa pri\u00e8re r\u00e9veille l&#8217;\u00e2me du sommeil\u201dPape Fran\u00e7ois<\/strong><\/p>\n\n\n\n<p><\/p>\n\n\n\n<p class=\"has-text-align-center has-medium-font-size\"><strong><br><\/strong><\/p>\n\n\n\n<p><\/p>\n\n\n<div class=\"wp-block-image\">\n<figure class=\"alignleft size-full is-resized\"><img loading=\"lazy\" decoding=\"async\" width=\"1024\" height=\"741\" src=\"https:\/\/charente.catholique.fr\/nord-charente\/wp-content\/uploads\/sites\/4\/2023\/12\/Creche-de-Jouarre-1024x741-1.png\" alt=\"\" class=\"wp-image-5644\" style=\"aspect-ratio:1.3819163292847503;width:335px;height:auto\" srcset=\"https:\/\/charente.catholique.fr\/nord-charente\/wp-content\/uploads\/sites\/4\/2023\/12\/Creche-de-Jouarre-1024x741-1.png 1024w, https:\/\/charente.catholique.fr\/nord-charente\/wp-content\/uploads\/sites\/4\/2023\/12\/Creche-de-Jouarre-1024x741-1-300x217.png 300w, https:\/\/charente.catholique.fr\/nord-charente\/wp-content\/uploads\/sites\/4\/2023\/12\/Creche-de-Jouarre-1024x741-1-768x556.png 768w\" sizes=\"auto, (max-width: 1024px) 100vw, 1024px\" \/><\/figure>\n<\/div>\n\n\n<p class=\"has-text-align-center has-medium-font-size\"><br><strong>Un avent sous le signe de la premi\u00e8re cr\u00e8che<br>800 ans apr\u00e8s que St Fran\u00e7ois eu le souhait de reconstituer la naissance de J\u00e9sus \u00e0 Grecchio, la<br>contemplation de la cr\u00e8che nous aidera \u00e0 entrer dans le myst\u00e8re de l\u2019incarnation. Les santons et m\u00e9ditations<br>des moniales de l\u2019abbaye b\u00e9n\u00e9dictine de Jouarre nous accompagneront ainsi tout au long des 4 semaines du<br>temps de l\u2019Avent (ann\u00e9e B) et du temps de No\u00ebl , pour cheminer \u00e0 l\u2019\u00e9coute de la Parole de Dieu, avec<br>l\u2019\u00e9clairage de la lettre du Pape Fran\u00e7ois Admirabile signum.<br>Le Pape Fran\u00e7ois nous redit avec force comment le signe de la cr\u00e8che participe \u00e0 l\u2019annonce du myst\u00e8re<br>de l\u2019incarnation, \u00e0 l\u2019\u00e9vang\u00e9lisation, \u00e0 la transmission de la foi.<br>\u00ab Le merveilleux signe de la cr\u00e8che, si ch\u00e8re au peuple chr\u00e9tien, suscite toujours stupeur et \u00e9merveillement.<br>Repr\u00e9senter l\u2019\u00e9v\u00e9nement de la naissance de J\u00e9sus, \u00e9quivaut \u00e0 annoncer le myst\u00e8re de l\u2019Incarnation du Fils de<br>Dieu avec simplicit\u00e9 et joie. La cr\u00e8che, en effet, est comme un \u00c9vangile vivant, qui d\u00e9coule des pages de la<br>Sainte \u00c9criture. En contemplant la sc\u00e8ne de No\u00ebl, nous sommes invit\u00e9s \u00e0 nous mettre spirituellement en<br>chemin, attir\u00e9s par l\u2019humilit\u00e9 de Celui qui s\u2019est fait homme pour rencontrer chaque homme. Et, nous<br>d\u00e9couvrons qu\u2019Il nous aime jusqu\u2019au point de s\u2019unir \u00e0 nous, pour que nous aussi nous puissions nous unir \u00e0<br>Lui. \u00bb [\u2026]<\/strong><\/p>\n\n\n\n<p class=\"has-text-align-center has-medium-font-size\"><strong>Saint Fran\u00e7ois, par la simplicit\u00e9 de ce signe, a r\u00e9alis\u00e9 une grande \u0153uvre d\u2019\u00e9vang\u00e9lisation. Son<br>enseignement a p\u00e9n\u00e9tr\u00e9 le c\u0153ur des chr\u00e9tiens et reste jusqu\u2019\u00e0 nos jours une mani\u00e8re authentique de proposer<br>de nouveau la beaut\u00e9 de notre foi avec simplicit\u00e9. (\u2026) Faire une cr\u00e8che dans nos maisons nous aide \u00e0 revivre<br>l\u2019histoire v\u00e9cue \u00e0 Bethl\u00e9em. Bien s\u00fbr, les \u00c9vangiles restent toujours la source qui nous permet de conna\u00eetre et<br>de m\u00e9diter sur cet \u00c9v\u00e9nement, cependant la repr\u00e9sentation de ce dernier par la cr\u00e8che nous aide \u00e0 imaginer les<br>sc\u00e8nes, stimule notre affection et nous invite \u00e0 nous sentir impliqu\u00e9s dans l\u2019histoire du salut, contemporains de<br>l\u2019\u00e9v\u00e9nement qui est vivant et actuel dans les contextes historiques et culturels les plus vari\u00e9s.<\/strong><\/p>\n\n\n\n<p><\/p>\n\n\n\n<p><\/p>\n\n\n\n<p class=\"has-medium-font-size\">(\u2026) <strong>Chers fr\u00e8res et s\u0153urs, la cr\u00e8che fait partie du processus doux et exigeant de la transmission de la foi.<br>D\u00e8s l\u2019enfance et ensuite \u00e0 chaque \u00e2ge de la vie, elle nous apprend \u00e0 contempler J\u00e9sus, \u00e0 ressentir l\u2019amour de<br>Dieu pour nous, \u00e0 vivre et \u00e0 croire que Dieu est avec nous et que nous sommes avec lui, tous fils et fr\u00e8res gr\u00e2ce<br>\u00e0 cet Enfant qui est Fils de Dieu et de la Vierge Marie ; et \u00e0 \u00e9prouver en cela le bonheur. \u00c0 l\u2019\u00e9cole de saint<br>Fran\u00e7ois, ouvrons notre c\u0153ur \u00e0 cette gr\u00e2ce simple et laissons surgir de l\u2019\u00e9merveillement une humble pri\u00e8re :<br>notre \u00ab merci \u00bb \u00e0 Dieu qui a voulu tout partager avec nous afin de ne jamais nous laisser seuls.\u00bb (Admirabile<br>Signum) Cat\u00e9ch\u00e8se et cat\u00e9chum\u00e9nat<\/strong><\/p>\n\n\n\n<ol class=\"wp-block-list\" start=\"3\">\n<li><\/li>\n<\/ol>\n","protected":false},"excerpt":{"rendered":"<p>Paroisse de Villefagnan&nbsp; P\u00e8re Michel GRANGER&nbsp;: 06 07 85 22 80&nbsp;. 5 rue Patient 16240 Villefagnan. Annonces des paroisses de Ruffec et Villefagnan Semaine du 2 au 10 D\u00e9cembre 2023 Samedi 2 1er Dimanche de l&#8217;Avent Ann\u00e9e B &nbsp;Ruffec &nbsp;9 h &nbsp;9 h 30 &nbsp;Messe \u00e0 l\u2019oratoire. &nbsp;Confessions \u00e0 l\u2019\u00e9glise. &nbsp;Bernac &nbsp;11 h &nbsp;Chapelet pour [&hellip;]<\/p>\n","protected":false},"author":38,"featured_media":5643,"comment_status":"open","ping_status":"open","sticky":false,"template":"","format":"standard","meta":{"_acf_changed":false,"paroisse":["14"],"service":["0"],"footnotes":""},"categories":[1],"tags":[],"class_list":["post-5641","post","type-post","status-publish","format-standard","has-post-thumbnail","hentry","category-actualites"],"acf":[],"yoast_head":"<!-- This site is optimized with the Yoast SEO plugin v27.1.1 - https:\/\/yoast.com\/product\/yoast-seo-wordpress\/ -->\n<title>Annonces:Semaine du 2 au 10 D\u00e9cembre 2023 - Doyenn\u00e9 Nord Charente<\/title>\n<meta name=\"robots\" content=\"index, follow, max-snippet:-1, max-image-preview:large, max-video-preview:-1\" \/>\n<link rel=\"canonical\" href=\"https:\/\/charente.catholique.fr\/nord-charente\/actualites\/annoncessemaine-du-2-au-10-decembre-2023\/\" \/>\n<meta property=\"og:locale\" content=\"fr_FR\" \/>\n<meta property=\"og:type\" content=\"article\" \/>\n<meta property=\"og:title\" content=\"Annonces:Semaine du 2 au 10 D\u00e9cembre 2023 - Doyenn\u00e9 Nord Charente\" \/>\n<meta property=\"og:description\" content=\"Paroisse de Villefagnan&nbsp; P\u00e8re Michel GRANGER&nbsp;: 06 07 85 22 80&nbsp;. 5 rue Patient 16240 Villefagnan. Annonces des paroisses de Ruffec et Villefagnan Semaine du 2 au 10 D\u00e9cembre 2023 Samedi 2 1er Dimanche de l&#8217;Avent Ann\u00e9e B &nbsp;Ruffec &nbsp;9 h &nbsp;9 h 30 &nbsp;Messe \u00e0 l\u2019oratoire. &nbsp;Confessions \u00e0 l\u2019\u00e9glise. &nbsp;Bernac &nbsp;11 h &nbsp;Chapelet pour [&hellip;]\" \/>\n<meta property=\"og:url\" content=\"https:\/\/charente.catholique.fr\/nord-charente\/actualites\/annoncessemaine-du-2-au-10-decembre-2023\/\" \/>\n<meta property=\"og:site_name\" content=\"Doyenn\u00e9 Nord Charente\" \/>\n<meta property=\"article:publisher\" content=\"https:\/\/www.facebook.com\/EgliseCatholiqueCharente\" \/>\n<meta property=\"article:published_time\" content=\"2023-12-03T20:25:14+00:00\" \/>\n<meta property=\"article:modified_time\" content=\"2023-12-03T20:27:14+00:00\" \/>\n<meta property=\"og:image\" content=\"https:\/\/charente.catholique.fr\/nord-charente\/wp-content\/uploads\/sites\/4\/2023\/12\/fahrner110400029.jpg\" \/>\n\t<meta property=\"og:image:width\" content=\"450\" \/>\n\t<meta property=\"og:image:height\" content=\"301\" \/>\n\t<meta property=\"og:image:type\" content=\"image\/jpeg\" \/>\n<meta name=\"author\" content=\"joelleayrault\" \/>\n<meta name=\"twitter:card\" content=\"summary_large_image\" \/>\n<meta name=\"twitter:creator\" content=\"@diocesecharente\" \/>\n<meta name=\"twitter:site\" content=\"@diocesecharente\" \/>\n<meta name=\"twitter:label1\" content=\"\u00c9crit par\" \/>\n\t<meta name=\"twitter:data1\" content=\"joelleayrault\" \/>\n\t<meta name=\"twitter:label2\" content=\"Dur\u00e9e de lecture estim\u00e9e\" \/>\n\t<meta name=\"twitter:data2\" content=\"5 minutes\" \/>\n<script type=\"application\/ld+json\" class=\"yoast-schema-graph\">{\"@context\":\"https:\/\/schema.org\",\"@graph\":[{\"@type\":\"Article\",\"@id\":\"https:\/\/charente.catholique.fr\/nord-charente\/actualites\/annoncessemaine-du-2-au-10-decembre-2023\/#article\",\"isPartOf\":{\"@id\":\"https:\/\/charente.catholique.fr\/nord-charente\/actualites\/annoncessemaine-du-2-au-10-decembre-2023\/\"},\"author\":{\"name\":\"joelleayrault\",\"@id\":\"https:\/\/charente.catholique.fr\/nord-charente\/#\/schema\/person\/51184492e4abba33e5d768059a70f4db\"},\"headline\":\"Annonces:Semaine du 2 au 10 D\u00e9cembre 2023\",\"datePublished\":\"2023-12-03T20:25:14+00:00\",\"dateModified\":\"2023-12-03T20:27:14+00:00\",\"mainEntityOfPage\":{\"@id\":\"https:\/\/charente.catholique.fr\/nord-charente\/actualites\/annoncessemaine-du-2-au-10-decembre-2023\/\"},\"wordCount\":997,\"commentCount\":0,\"publisher\":{\"@id\":\"https:\/\/charente.catholique.fr\/nord-charente\/#organization\"},\"image\":{\"@id\":\"https:\/\/charente.catholique.fr\/nord-charente\/actualites\/annoncessemaine-du-2-au-10-decembre-2023\/#primaryimage\"},\"thumbnailUrl\":\"https:\/\/charente.catholique.fr\/nord-charente\/wp-content\/uploads\/sites\/4\/2023\/12\/fahrner110400029.jpg\",\"articleSection\":[\"Actualit\u00e9s\"],\"inLanguage\":\"fr-FR\",\"potentialAction\":[{\"@type\":\"CommentAction\",\"name\":\"Comment\",\"target\":[\"https:\/\/charente.catholique.fr\/nord-charente\/actualites\/annoncessemaine-du-2-au-10-decembre-2023\/#respond\"]}]},{\"@type\":\"WebPage\",\"@id\":\"https:\/\/charente.catholique.fr\/nord-charente\/actualites\/annoncessemaine-du-2-au-10-decembre-2023\/\",\"url\":\"https:\/\/charente.catholique.fr\/nord-charente\/actualites\/annoncessemaine-du-2-au-10-decembre-2023\/\",\"name\":\"Annonces:Semaine du 2 au 10 D\u00e9cembre 2023 - Doyenn\u00e9 Nord Charente\",\"isPartOf\":{\"@id\":\"https:\/\/charente.catholique.fr\/nord-charente\/#website\"},\"primaryImageOfPage\":{\"@id\":\"https:\/\/charente.catholique.fr\/nord-charente\/actualites\/annoncessemaine-du-2-au-10-decembre-2023\/#primaryimage\"},\"image\":{\"@id\":\"https:\/\/charente.catholique.fr\/nord-charente\/actualites\/annoncessemaine-du-2-au-10-decembre-2023\/#primaryimage\"},\"thumbnailUrl\":\"https:\/\/charente.catholique.fr\/nord-charente\/wp-content\/uploads\/sites\/4\/2023\/12\/fahrner110400029.jpg\",\"datePublished\":\"2023-12-03T20:25:14+00:00\",\"dateModified\":\"2023-12-03T20:27:14+00:00\",\"breadcrumb\":{\"@id\":\"https:\/\/charente.catholique.fr\/nord-charente\/actualites\/annoncessemaine-du-2-au-10-decembre-2023\/#breadcrumb\"},\"inLanguage\":\"fr-FR\",\"potentialAction\":[{\"@type\":\"ReadAction\",\"target\":[\"https:\/\/charente.catholique.fr\/nord-charente\/actualites\/annoncessemaine-du-2-au-10-decembre-2023\/\"]}]},{\"@type\":\"ImageObject\",\"inLanguage\":\"fr-FR\",\"@id\":\"https:\/\/charente.catholique.fr\/nord-charente\/actualites\/annoncessemaine-du-2-au-10-decembre-2023\/#primaryimage\",\"url\":\"https:\/\/charente.catholique.fr\/nord-charente\/wp-content\/uploads\/sites\/4\/2023\/12\/fahrner110400029.jpg\",\"contentUrl\":\"https:\/\/charente.catholique.fr\/nord-charente\/wp-content\/uploads\/sites\/4\/2023\/12\/fahrner110400029.jpg\",\"width\":450,\"height\":301},{\"@type\":\"BreadcrumbList\",\"@id\":\"https:\/\/charente.catholique.fr\/nord-charente\/actualites\/annoncessemaine-du-2-au-10-decembre-2023\/#breadcrumb\",\"itemListElement\":[{\"@type\":\"ListItem\",\"position\":1,\"name\":\"Accueil\",\"item\":\"https:\/\/charente.catholique.fr\/nord-charente\/\"},{\"@type\":\"ListItem\",\"position\":2,\"name\":\"Annonces:Semaine du 2 au 10 D\u00e9cembre 2023\"}]},{\"@type\":\"WebSite\",\"@id\":\"https:\/\/charente.catholique.fr\/nord-charente\/#website\",\"url\":\"https:\/\/charente.catholique.fr\/nord-charente\/\",\"name\":\"Doyenn\u00e9 Nord Charente - Dioc\u00e8se d'Angoul\u00eame\",\"description\":\"Dioc\u00e8se d&#039;Angoul\u00eame\",\"publisher\":{\"@id\":\"https:\/\/charente.catholique.fr\/nord-charente\/#organization\"},\"potentialAction\":[{\"@type\":\"SearchAction\",\"target\":{\"@type\":\"EntryPoint\",\"urlTemplate\":\"https:\/\/charente.catholique.fr\/nord-charente\/?s={search_term_string}\"},\"query-input\":{\"@type\":\"PropertyValueSpecification\",\"valueRequired\":true,\"valueName\":\"search_term_string\"}}],\"inLanguage\":\"fr-FR\"},{\"@type\":\"Organization\",\"@id\":\"https:\/\/charente.catholique.fr\/nord-charente\/#organization\",\"name\":\"Association dioc\u00e9saine d'Angoul\u00eame\",\"url\":\"https:\/\/charente.catholique.fr\/nord-charente\/\",\"logo\":{\"@type\":\"ImageObject\",\"inLanguage\":\"fr-FR\",\"@id\":\"https:\/\/charente.catholique.fr\/nord-charente\/#\/schema\/logo\/image\/\",\"url\":\"https:\/\/charente.catholique.fr\/nord-charente\/wp-content\/uploads\/sites\/4\/2020\/10\/logos.png\",\"contentUrl\":\"https:\/\/charente.catholique.fr\/nord-charente\/wp-content\/uploads\/sites\/4\/2020\/10\/logos.png\",\"width\":600,\"height\":257,\"caption\":\"Association dioc\u00e9saine d'Angoul\u00eame\"},\"image\":{\"@id\":\"https:\/\/charente.catholique.fr\/nord-charente\/#\/schema\/logo\/image\/\"},\"sameAs\":[\"https:\/\/www.facebook.com\/EgliseCatholiqueCharente\",\"https:\/\/x.com\/diocesecharente\",\"https:\/\/www.instagram.com\/eglisecharente\",\"https:\/\/www.youtube.com\/channel\/UCByyFWApZbw3gDTiADoiAaQ\"]},{\"@type\":\"Person\",\"@id\":\"https:\/\/charente.catholique.fr\/nord-charente\/#\/schema\/person\/51184492e4abba33e5d768059a70f4db\",\"name\":\"joelleayrault\",\"image\":{\"@type\":\"ImageObject\",\"inLanguage\":\"fr-FR\",\"@id\":\"https:\/\/charente.catholique.fr\/nord-charente\/#\/schema\/person\/image\/\",\"url\":\"https:\/\/secure.gravatar.com\/avatar\/3bd3977af99690427d59b19ec7b6bd94226de63be5c368ae8d090f2d7f86dd5f?s=96&d=mm&r=g\",\"contentUrl\":\"https:\/\/secure.gravatar.com\/avatar\/3bd3977af99690427d59b19ec7b6bd94226de63be5c368ae8d090f2d7f86dd5f?s=96&d=mm&r=g\",\"caption\":\"joelleayrault\"},\"url\":\"https:\/\/charente.catholique.fr\/nord-charente\/author\/joelleayrault\/\"}]}<\/script>\n<!-- \/ Yoast SEO plugin. -->","yoast_head_json":{"title":"Annonces:Semaine du 2 au 10 D\u00e9cembre 2023 - Doyenn\u00e9 Nord Charente","robots":{"index":"index","follow":"follow","max-snippet":"max-snippet:-1","max-image-preview":"max-image-preview:large","max-video-preview":"max-video-preview:-1"},"canonical":"https:\/\/charente.catholique.fr\/nord-charente\/actualites\/annoncessemaine-du-2-au-10-decembre-2023\/","og_locale":"fr_FR","og_type":"article","og_title":"Annonces:Semaine du 2 au 10 D\u00e9cembre 2023 - Doyenn\u00e9 Nord Charente","og_description":"Paroisse de Villefagnan&nbsp; P\u00e8re Michel GRANGER&nbsp;: 06 07 85 22 80&nbsp;. 5 rue Patient 16240 Villefagnan. Annonces des paroisses de Ruffec et Villefagnan Semaine du 2 au 10 D\u00e9cembre 2023 Samedi 2 1er Dimanche de l&#8217;Avent Ann\u00e9e B &nbsp;Ruffec &nbsp;9 h &nbsp;9 h 30 &nbsp;Messe \u00e0 l\u2019oratoire. &nbsp;Confessions \u00e0 l\u2019\u00e9glise. &nbsp;Bernac &nbsp;11 h &nbsp;Chapelet pour [&hellip;]","og_url":"https:\/\/charente.catholique.fr\/nord-charente\/actualites\/annoncessemaine-du-2-au-10-decembre-2023\/","og_site_name":"Doyenn\u00e9 Nord Charente","article_publisher":"https:\/\/www.facebook.com\/EgliseCatholiqueCharente","article_published_time":"2023-12-03T20:25:14+00:00","article_modified_time":"2023-12-03T20:27:14+00:00","og_image":[{"width":450,"height":301,"url":"https:\/\/charente.catholique.fr\/nord-charente\/wp-content\/uploads\/sites\/4\/2023\/12\/fahrner110400029.jpg","type":"image\/jpeg"}],"author":"joelleayrault","twitter_card":"summary_large_image","twitter_creator":"@diocesecharente","twitter_site":"@diocesecharente","twitter_misc":{"\u00c9crit par":"joelleayrault","Dur\u00e9e de lecture estim\u00e9e":"5 minutes"},"schema":{"@context":"https:\/\/schema.org","@graph":[{"@type":"Article","@id":"https:\/\/charente.catholique.fr\/nord-charente\/actualites\/annoncessemaine-du-2-au-10-decembre-2023\/#article","isPartOf":{"@id":"https:\/\/charente.catholique.fr\/nord-charente\/actualites\/annoncessemaine-du-2-au-10-decembre-2023\/"},"author":{"name":"joelleayrault","@id":"https:\/\/charente.catholique.fr\/nord-charente\/#\/schema\/person\/51184492e4abba33e5d768059a70f4db"},"headline":"Annonces:Semaine du 2 au 10 D\u00e9cembre 2023","datePublished":"2023-12-03T20:25:14+00:00","dateModified":"2023-12-03T20:27:14+00:00","mainEntityOfPage":{"@id":"https:\/\/charente.catholique.fr\/nord-charente\/actualites\/annoncessemaine-du-2-au-10-decembre-2023\/"},"wordCount":997,"commentCount":0,"publisher":{"@id":"https:\/\/charente.catholique.fr\/nord-charente\/#organization"},"image":{"@id":"https:\/\/charente.catholique.fr\/nord-charente\/actualites\/annoncessemaine-du-2-au-10-decembre-2023\/#primaryimage"},"thumbnailUrl":"https:\/\/charente.catholique.fr\/nord-charente\/wp-content\/uploads\/sites\/4\/2023\/12\/fahrner110400029.jpg","articleSection":["Actualit\u00e9s"],"inLanguage":"fr-FR","potentialAction":[{"@type":"CommentAction","name":"Comment","target":["https:\/\/charente.catholique.fr\/nord-charente\/actualites\/annoncessemaine-du-2-au-10-decembre-2023\/#respond"]}]},{"@type":"WebPage","@id":"https:\/\/charente.catholique.fr\/nord-charente\/actualites\/annoncessemaine-du-2-au-10-decembre-2023\/","url":"https:\/\/charente.catholique.fr\/nord-charente\/actualites\/annoncessemaine-du-2-au-10-decembre-2023\/","name":"Annonces:Semaine du 2 au 10 D\u00e9cembre 2023 - Doyenn\u00e9 Nord Charente","isPartOf":{"@id":"https:\/\/charente.catholique.fr\/nord-charente\/#website"},"primaryImageOfPage":{"@id":"https:\/\/charente.catholique.fr\/nord-charente\/actualites\/annoncessemaine-du-2-au-10-decembre-2023\/#primaryimage"},"image":{"@id":"https:\/\/charente.catholique.fr\/nord-charente\/actualites\/annoncessemaine-du-2-au-10-decembre-2023\/#primaryimage"},"thumbnailUrl":"https:\/\/charente.catholique.fr\/nord-charente\/wp-content\/uploads\/sites\/4\/2023\/12\/fahrner110400029.jpg","datePublished":"2023-12-03T20:25:14+00:00","dateModified":"2023-12-03T20:27:14+00:00","breadcrumb":{"@id":"https:\/\/charente.catholique.fr\/nord-charente\/actualites\/annoncessemaine-du-2-au-10-decembre-2023\/#breadcrumb"},"inLanguage":"fr-FR","potentialAction":[{"@type":"ReadAction","target":["https:\/\/charente.catholique.fr\/nord-charente\/actualites\/annoncessemaine-du-2-au-10-decembre-2023\/"]}]},{"@type":"ImageObject","inLanguage":"fr-FR","@id":"https:\/\/charente.catholique.fr\/nord-charente\/actualites\/annoncessemaine-du-2-au-10-decembre-2023\/#primaryimage","url":"https:\/\/charente.catholique.fr\/nord-charente\/wp-content\/uploads\/sites\/4\/2023\/12\/fahrner110400029.jpg","contentUrl":"https:\/\/charente.catholique.fr\/nord-charente\/wp-content\/uploads\/sites\/4\/2023\/12\/fahrner110400029.jpg","width":450,"height":301},{"@type":"BreadcrumbList","@id":"https:\/\/charente.catholique.fr\/nord-charente\/actualites\/annoncessemaine-du-2-au-10-decembre-2023\/#breadcrumb","itemListElement":[{"@type":"ListItem","position":1,"name":"Accueil","item":"https:\/\/charente.catholique.fr\/nord-charente\/"},{"@type":"ListItem","position":2,"name":"Annonces:Semaine du 2 au 10 D\u00e9cembre 2023"}]},{"@type":"WebSite","@id":"https:\/\/charente.catholique.fr\/nord-charente\/#website","url":"https:\/\/charente.catholique.fr\/nord-charente\/","name":"Doyenn\u00e9 Nord Charente - Dioc\u00e8se d'Angoul\u00eame","description":"Dioc\u00e8se d&#039;Angoul\u00eame","publisher":{"@id":"https:\/\/charente.catholique.fr\/nord-charente\/#organization"},"potentialAction":[{"@type":"SearchAction","target":{"@type":"EntryPoint","urlTemplate":"https:\/\/charente.catholique.fr\/nord-charente\/?s={search_term_string}"},"query-input":{"@type":"PropertyValueSpecification","valueRequired":true,"valueName":"search_term_string"}}],"inLanguage":"fr-FR"},{"@type":"Organization","@id":"https:\/\/charente.catholique.fr\/nord-charente\/#organization","name":"Association dioc\u00e9saine d'Angoul\u00eame","url":"https:\/\/charente.catholique.fr\/nord-charente\/","logo":{"@type":"ImageObject","inLanguage":"fr-FR","@id":"https:\/\/charente.catholique.fr\/nord-charente\/#\/schema\/logo\/image\/","url":"https:\/\/charente.catholique.fr\/nord-charente\/wp-content\/uploads\/sites\/4\/2020\/10\/logos.png","contentUrl":"https:\/\/charente.catholique.fr\/nord-charente\/wp-content\/uploads\/sites\/4\/2020\/10\/logos.png","width":600,"height":257,"caption":"Association dioc\u00e9saine d'Angoul\u00eame"},"image":{"@id":"https:\/\/charente.catholique.fr\/nord-charente\/#\/schema\/logo\/image\/"},"sameAs":["https:\/\/www.facebook.com\/EgliseCatholiqueCharente","https:\/\/x.com\/diocesecharente","https:\/\/www.instagram.com\/eglisecharente","https:\/\/www.youtube.com\/channel\/UCByyFWApZbw3gDTiADoiAaQ"]},{"@type":"Person","@id":"https:\/\/charente.catholique.fr\/nord-charente\/#\/schema\/person\/51184492e4abba33e5d768059a70f4db","name":"joelleayrault","image":{"@type":"ImageObject","inLanguage":"fr-FR","@id":"https:\/\/charente.catholique.fr\/nord-charente\/#\/schema\/person\/image\/","url":"https:\/\/secure.gravatar.com\/avatar\/3bd3977af99690427d59b19ec7b6bd94226de63be5c368ae8d090f2d7f86dd5f?s=96&d=mm&r=g","contentUrl":"https:\/\/secure.gravatar.com\/avatar\/3bd3977af99690427d59b19ec7b6bd94226de63be5c368ae8d090f2d7f86dd5f?s=96&d=mm&r=g","caption":"joelleayrault"},"url":"https:\/\/charente.catholique.fr\/nord-charente\/author\/joelleayrault\/"}]}},"_links":{"self":[{"href":"https:\/\/charente.catholique.fr\/nord-charente\/wp-json\/wp\/v2\/posts\/5641","targetHints":{"allow":["GET"]}}],"collection":[{"href":"https:\/\/charente.catholique.fr\/nord-charente\/wp-json\/wp\/v2\/posts"}],"about":[{"href":"https:\/\/charente.catholique.fr\/nord-charente\/wp-json\/wp\/v2\/types\/post"}],"author":[{"embeddable":true,"href":"https:\/\/charente.catholique.fr\/nord-charente\/wp-json\/wp\/v2\/users\/38"}],"replies":[{"embeddable":true,"href":"https:\/\/charente.catholique.fr\/nord-charente\/wp-json\/wp\/v2\/comments?post=5641"}],"version-history":[{"count":4,"href":"https:\/\/charente.catholique.fr\/nord-charente\/wp-json\/wp\/v2\/posts\/5641\/revisions"}],"predecessor-version":[{"id":5649,"href":"https:\/\/charente.catholique.fr\/nord-charente\/wp-json\/wp\/v2\/posts\/5641\/revisions\/5649"}],"wp:featuredmedia":[{"embeddable":true,"href":"https:\/\/charente.catholique.fr\/nord-charente\/wp-json\/wp\/v2\/media\/5643"}],"wp:attachment":[{"href":"https:\/\/charente.catholique.fr\/nord-charente\/wp-json\/wp\/v2\/media?parent=5641"}],"wp:term":[{"taxonomy":"category","embeddable":true,"href":"https:\/\/charente.catholique.fr\/nord-charente\/wp-json\/wp\/v2\/categories?post=5641"},{"taxonomy":"post_tag","embeddable":true,"href":"https:\/\/charente.catholique.fr\/nord-charente\/wp-json\/wp\/v2\/tags?post=5641"}],"curies":[{"name":"wp","href":"https:\/\/api.w.org\/{rel}","templated":true}]}}