{"id":5604,"date":"2023-11-13T20:55:05","date_gmt":"2023-11-13T19:55:05","guid":{"rendered":"https:\/\/charente.catholique.fr\/nord-charente\/?p=5604"},"modified":"2023-11-13T20:55:17","modified_gmt":"2023-11-13T19:55:17","slug":"annonces-semaine-du-11-au-19-novembre","status":"publish","type":"post","link":"https:\/\/charente.catholique.fr\/nord-charente\/actualites\/annonces-semaine-du-11-au-19-novembre\/","title":{"rendered":"Annonces : Semaine du 11 au 19 Novembre"},"content":{"rendered":"\n<p>Paroisse de Villefagnan&nbsp;<\/p>\n\n\n\n<p>P\u00e8re Michel GRANGER&nbsp;: 06 07 85 22 80&nbsp;.<\/p>\n\n\n\n<p>5 rue Patient<\/p>\n\n\n\n<p>16240 Villefagnan.<\/p>\n\n\n\n<figure class=\"wp-block-table\"><table><thead><tr><td><strong>Annonces des paroisses de Ruffec et Villefagnan<\/strong><\/td><td colspan=\"3\"><strong>Semaine du<\/strong><strong> 11 au 19 Novembre<\/strong><\/td><\/tr><\/thead><tbody><tr><td rowspan=\"4\">Samedi 11&nbsp;<\/td><td>&nbsp;Ruffec &nbsp;Ebr\u00e9on<\/td><td>9 h 30 &nbsp;11 h<\/td><td>Confessions \u00e0 l\u2019\u00e9glise. &nbsp;Messe<\/td><\/tr><tr><td>&nbsp;Londigny<\/td><td>18 h<\/td><td>&nbsp;Chapelet pour les vocations sacerdotales et religieuses<\/td><\/tr><tr><td>&nbsp;Aunac, <strong>Villefagnan<\/strong><\/td><td>18 h<\/td><td>&nbsp;Messes anticip\u00e9es. <strong>Comm\u00e9moration du 11novembre<\/strong><\/td><\/tr><tr><td>&nbsp;<\/td><td>&nbsp;<\/td><td>&nbsp;<\/td><\/tr><tr><td rowspan=\"2\">Dimanche 12<\/td><td>&nbsp;Villej\u00e9sus Mansle&nbsp;&nbsp;&nbsp; Ruffec <strong>Villefagnan<\/strong><\/td><td>10 h 30 &nbsp; &nbsp;&#8212;&#8212;<\/td><td>&nbsp;Messe dominicale &nbsp; <strong>Pas de messe&nbsp; \u00e0 Villefagnan<\/strong><\/td><\/tr><tr><td>&nbsp;<\/td><td>&nbsp;<\/td><td>&nbsp;<\/td><\/tr><tr><td>Lundi 13<\/td><td>&nbsp;Ruffec<\/td><td>&nbsp;14 h 30 &nbsp;18 h<\/td><td>&nbsp;Pri\u00e8re du Renouveau \u00e0 l&#8217;oratoire &nbsp;Messe \u00e0 l&#8217;oratoire<\/td><\/tr><tr><td rowspan=\"2\">Mardi 14<\/td><td>&nbsp;<strong>Villefagnan<\/strong> &nbsp;<\/td><td><strong>&nbsp;<\/strong><strong>9 h 15<\/strong><strong><\/strong> <strong>&nbsp;<\/strong><strong>14 h 30<\/strong><strong><\/strong><\/td><td><strong>&nbsp;<\/strong><strong>Messe \u00e0 l&#8217;\u00e9glise Rencontre EL pour messe du 26\/11<\/strong> <strong>&nbsp;Pri\u00e8re du Rosaire.Veill\u00e9eAdoration20h \u00e9glise Villefagnan<\/strong><\/td><\/tr><tr><td>&nbsp;Ruffec &nbsp;<\/td><td>&nbsp;18 h 30<\/td><td>&nbsp;Messe \u00e0 l&#8217;oratoire<\/td><\/tr><tr><td rowspan=\"2\">Mercredi 15<\/td><td>&nbsp;Aigre<\/td><td>11 h<\/td><td>&nbsp;Messe<\/td><\/tr><tr><td>&nbsp;Ruffec &nbsp;<\/td><td>16 h 18 h<\/td><td>&nbsp;Messe aux Maisons de Marthe Messe \u00e0 l&#8217;oratoire<\/td><\/tr><tr><td rowspan=\"3\">Jeudi 16<\/td><td>&nbsp;Ruffec<\/td><td>&nbsp;17 h<\/td><td>&nbsp;Confessions \u00e0 l&#8217;\u00e9glise<\/td><\/tr><tr><td>&nbsp;Ruffec<\/td><td>&nbsp;18 h<\/td><td>&nbsp;Messe \u00e0 l&#8217;oratoire suivie de l&#8217;Adoration<\/td><\/tr><tr><td>&nbsp;Angoul\u00eame<\/td><td>&nbsp;<\/td><td>&nbsp;<strong>Formation \u00e0 la maison Dios\u00e9caine<\/strong><\/td><\/tr><tr><td rowspan=\"2\">Vendredi&nbsp; 17 &nbsp;<\/td><td>&nbsp;Ruffec<\/td><td>&nbsp;9 h 12 h 10<\/td><td>&nbsp;Messe \u00e0 l&#8217;oratoire &nbsp;Messe \u00e0 laa chapelle du Sacr\u00e9-Coeur<\/td><\/tr><tr><td>&nbsp;<\/td><td>&nbsp;<\/td><td>&nbsp;<\/td><\/tr><tr><td rowspan=\"5\">Samedi 18<\/td><td>&nbsp;Ruffec<\/td><td>9 h 9 h 30<\/td><td>&nbsp;Messe \u00e0 l\u2019oratoire. &nbsp;Confessions \u00e0 l\u2019\u00e9glise.<\/td><\/tr><tr><td><strong>&nbsp;<\/strong><strong>Villefagnan<\/strong><strong><\/strong><\/td><td><strong>&nbsp;10 h<\/strong><\/td><td>&nbsp;<strong>Cat\u00e9, pas d&#8217;\u00e9veil \u00e0 la foi<\/strong><\/td><\/tr><tr><td>&nbsp;St Gervais<\/td><td>11 h<\/td><td>&nbsp;Chapelet pour les vocations sacerdotales et religieuses<\/td><\/tr><tr><td>&nbsp;Verteuil, Lux\u00e9<\/td><td>18 h<\/td><td>&nbsp;Messe anticip\u00e9e<\/td><\/tr><tr><td>&nbsp;<\/td><td>&nbsp;<\/td><td>&nbsp;<\/td><\/tr><tr><td>Dimanche 19<\/td><td><strong>&nbsp;<\/strong>Villej\u00e9sus, Mansle Ruffec, <strong>Villefagnan <\/strong><strong><\/strong> <strong>&nbsp;<\/strong><\/td><td>&nbsp;10 h 30<\/td><td>&nbsp;Messe dominicale&nbsp;&nbsp;&nbsp;&nbsp;&nbsp;&nbsp;&nbsp;&nbsp;&nbsp;&nbsp;&nbsp;&nbsp;&nbsp;&nbsp;&nbsp;&nbsp;&nbsp;&nbsp;&nbsp;&nbsp;&nbsp;&nbsp;&nbsp;&nbsp;&nbsp;&nbsp;&nbsp;&nbsp;&nbsp;&nbsp;&nbsp;&nbsp;&nbsp;&nbsp;&nbsp;&nbsp;&nbsp;&nbsp;&nbsp;&nbsp;&nbsp;&nbsp;&nbsp;&nbsp;&nbsp;<\/td><\/tr><tr><td>&nbsp;<\/td><td>&nbsp;<\/td><td>&nbsp;<\/td><td>&nbsp;<\/td><\/tr><\/tbody><\/table><\/figure>\n\n\n\n<p>N.B. Les messes de semaine seront c\u00e9l\u00e9br\u00e9es \u00e0 l\u2019oratoire \u00e0 partir du mardi 14 novembre.&nbsp;&nbsp;&nbsp;&nbsp;&nbsp;&nbsp;&nbsp;&nbsp;&nbsp;&nbsp;&nbsp;&nbsp;&nbsp;&nbsp;&nbsp;&nbsp;&nbsp;&nbsp;&nbsp;&nbsp;&nbsp;&nbsp;&nbsp;&nbsp;&nbsp;&nbsp;&nbsp;&nbsp;&nbsp;&nbsp;&nbsp;&nbsp;&nbsp;&nbsp;&nbsp;&nbsp;&nbsp; Dimanche 19&nbsp;: 33<sup>\u00e8me <\/sup>dimanche du Temps Ordinaire \u2013 Ann\u00e9e A<\/p>\n\n\n\n<p>&nbsp;&nbsp;&nbsp;&nbsp;&nbsp;&nbsp;&nbsp;&nbsp;&nbsp;&nbsp;&nbsp;&nbsp;&nbsp;&nbsp; Messe \u00e0 10 h 30 \u00e0 MANSLE, VILLEJ\u00c9SUS et RUFFEC et VILLEFAGNAN<\/p>\n\n\n\n<p>JOURN\u00c9E MONDIALE des PAUVRES et JOURN\u00c9E MONDIALE du SECOURS CATHOLIQUE.<\/p>\n\n\n\n<p>Ce dimanche&nbsp;19 novembre : Qu\u00eate et Vente de bougies au profit du Secours Catholique<\/p>\n\n\n\n<p>Toutes infos&nbsp;: 05 45 29 01 72 \/ <a href=\"https:\/\/nordcharente.catholique.fr\/\">https:\/\/nordcharente.catholique.fr<\/a><\/p>\n\n\n\n<p>Presbyt\u00e8re de Villefagnan&nbsp;: 5 rue Patient 16240 Villefagnan&nbsp;: 05 45 31 61 07 \/ mail&nbsp;: paroisse.villefagnan@outlook.com<strong><\/strong><\/p>\n\n\n\n<p class=\"has-text-align-center has-medium-font-size\"><strong>Quand la secr\u00e9taire paroissiale voyage hors du temps<\/strong>!<\/p>\n\n\n\n<p class=\"has-text-align-center has-medium-font-size\"><br>Comment vous faire partager la magnificence du spectacle partag\u00e9 avec des centaines de personnes dans<br>la cath\u00e9drale St Andr\u00e9 de Bordeaux, je ne pense pas avoir les mots ad\u00e9quats.<br>Ce jeudi 9 Novembre 2023, il est presque 19 h lorsque nous arrivons place Pey Berland . D\u00e9j\u00e0 une<br>beaucoup de personnes se massent pour acc\u00e9der \u00e0 l&#8217;entr\u00e9e de la cath\u00e9drale. Notre arriv\u00e9e se fait dans le noir<br>pour d\u00e9boucher dans le d\u00e9ambulatoire o\u00f9 sont sises plusieurs petites chapelles l\u00e9g\u00e8rement \u00e9clair\u00e9es.<br>Tels des p\u00e8lerins nous cheminons en direction de la nef puis doucement vers le fond de la cath\u00e9drale o\u00f9,<br>nous a-t-on dit, le spectacle de luminescence est encore plus sublime.<br>L&#8217;\u00e9difice se rempli rapidement, cependant nous avons le temps de pouvoir contempler les magnifiques<br>orgues situ\u00e9es presque au-dessus de nos t\u00eates et la beaut\u00e9 de l&#8217;architecture du lieu que nous ont laiss\u00e9 les<br>b\u00e2tisseurs du XII \u00e8me si\u00e8cle .<br>Apr\u00e8s les diff\u00e9rentes consignes donn\u00e9es, afin que chacun puisse profiter du spectacle sans g\u00eaner ses<br>voisins, le spectacle commence, dans un silence presque venu d&#8217;outre-tombe, par la magie d&#8217;une multitude de<br>faisceaux lumineux projet\u00e9s de bas en haut des murs, nous voici transport\u00e9s dans le moyen \u00e2ge. Sous l&#8217;action<br>de cet abondance de rayons multicolores les pierres semblent nous murmurer leur histoire, celle de temps<br>heureux ou malheureux travers\u00e9s par ce majestueux \u00e9difice.<br>Nous progressons rapidement dans les si\u00e8cles gr\u00e2ce au commentateur et aux fonds sonores diffus\u00e9s .<br>Ainsi, pouvons-nous imaginer \u00eatre les invit\u00e9s aux noces d&#8217;Ali\u00e9nor d&#8217;Aquitaine avec Louis VII en 1137, puis \u00e0<br>celles de Louis XIII et Anne d&#8217;Autriche en 1615 avan\u00e7ant lentement dans la nef \u00e0 la suite de ces couples<br>royaux prestigieux.<br>Bien d&#8217;autres illustres personnes ont foul\u00e9s le sol de ce joyau de l&#8217;art gothique plac\u00e9 sur le chemin de<br>Compostelle, il serait cependant trop fastidieux de tous les citer.<br>La luminescence de ce tr\u00e9sor qu&#8217;est la cath\u00e9drale St Andr\u00e9 de Bordeaux se termine , nous avons \u00e9t\u00e9<br>propuls\u00e9s dans une exp\u00e9rience o\u00f9 tous nos sens ont \u00e9t\u00e9 mis en exergue afin de d\u00e9couvrir ce lieu embl\u00e9matique<br>comme nous ne l&#8217;avions jamais vu avant . Dans une f\u00e9erie, une myriade de bleus, nous voici arriv\u00e9s au XXI<br>si\u00e8cle sans voix, face \u00e0 la grandeur de l\u2019\u0153uvre architecturale brute que nous contemplons avant de partir<br>encore boulevers\u00e9s, mais \u00e9mus par le savoir faire des hommes qui sont derri\u00e8re ces nouvelles technologies<br>sans lesquels nous n&#8217;aurions pas pu partager une telle explosion de bonheur.<br>Genevi\u00e8ve.<\/p>\n\n\n\n<p class=\"has-text-align-center has-medium-font-size\"><\/p>\n","protected":false},"excerpt":{"rendered":"<p>Paroisse de Villefagnan&nbsp; P\u00e8re Michel GRANGER&nbsp;: 06 07 85 22 80&nbsp;. 5 rue Patient 16240 Villefagnan. Annonces des paroisses de Ruffec et Villefagnan Semaine du 11 au 19 Novembre Samedi 11&nbsp; &nbsp;Ruffec &nbsp;Ebr\u00e9on 9 h 30 &nbsp;11 h Confessions \u00e0 l\u2019\u00e9glise. &nbsp;Messe &nbsp;Londigny 18 h &nbsp;Chapelet pour les vocations sacerdotales et religieuses &nbsp;Aunac, Villefagnan 18 [&hellip;]<\/p>\n","protected":false},"author":38,"featured_media":5606,"comment_status":"open","ping_status":"open","sticky":false,"template":"","format":"standard","meta":{"_acf_changed":false,"paroisse":["14"],"service":["0"],"footnotes":""},"categories":[1],"tags":[],"class_list":["post-5604","post","type-post","status-publish","format-standard","has-post-thumbnail","hentry","category-actualites"],"acf":[],"yoast_head":"<!-- This site is optimized with the Yoast SEO plugin v27.1.1 - https:\/\/yoast.com\/product\/yoast-seo-wordpress\/ -->\n<title>Annonces : Semaine du 11 au 19 Novembre - Doyenn\u00e9 Nord Charente<\/title>\n<meta name=\"robots\" content=\"index, follow, max-snippet:-1, max-image-preview:large, max-video-preview:-1\" \/>\n<link rel=\"canonical\" href=\"https:\/\/charente.catholique.fr\/nord-charente\/actualites\/annonces-semaine-du-11-au-19-novembre\/\" \/>\n<meta property=\"og:locale\" content=\"fr_FR\" \/>\n<meta property=\"og:type\" content=\"article\" \/>\n<meta property=\"og:title\" content=\"Annonces : Semaine du 11 au 19 Novembre - Doyenn\u00e9 Nord Charente\" \/>\n<meta property=\"og:description\" content=\"Paroisse de Villefagnan&nbsp; P\u00e8re Michel GRANGER&nbsp;: 06 07 85 22 80&nbsp;. 5 rue Patient 16240 Villefagnan. Annonces des paroisses de Ruffec et Villefagnan Semaine du 11 au 19 Novembre Samedi 11&nbsp; &nbsp;Ruffec &nbsp;Ebr\u00e9on 9 h 30 &nbsp;11 h Confessions \u00e0 l\u2019\u00e9glise. &nbsp;Messe &nbsp;Londigny 18 h &nbsp;Chapelet pour les vocations sacerdotales et religieuses &nbsp;Aunac, Villefagnan 18 [&hellip;]\" \/>\n<meta property=\"og:url\" content=\"https:\/\/charente.catholique.fr\/nord-charente\/actualites\/annonces-semaine-du-11-au-19-novembre\/\" \/>\n<meta property=\"og:site_name\" content=\"Doyenn\u00e9 Nord Charente\" \/>\n<meta property=\"article:publisher\" content=\"https:\/\/www.facebook.com\/EgliseCatholiqueCharente\" \/>\n<meta property=\"article:published_time\" content=\"2023-11-13T19:55:05+00:00\" \/>\n<meta property=\"article:modified_time\" content=\"2023-11-13T19:55:17+00:00\" \/>\n<meta property=\"og:image\" content=\"https:\/\/charente.catholique.fr\/nord-charente\/wp-content\/uploads\/sites\/4\/2023\/11\/img_4614-2.jpg-t-2-rotated.jpg\" \/>\n\t<meta property=\"og:image:width\" content=\"640\" \/>\n\t<meta property=\"og:image:height\" content=\"480\" \/>\n\t<meta property=\"og:image:type\" content=\"image\/jpeg\" \/>\n<meta name=\"author\" content=\"joelleayrault\" \/>\n<meta name=\"twitter:card\" content=\"summary_large_image\" \/>\n<meta name=\"twitter:creator\" content=\"@diocesecharente\" \/>\n<meta name=\"twitter:site\" content=\"@diocesecharente\" \/>\n<meta name=\"twitter:label1\" content=\"\u00c9crit par\" \/>\n\t<meta name=\"twitter:data1\" content=\"joelleayrault\" \/>\n\t<meta name=\"twitter:label2\" content=\"Dur\u00e9e de lecture estim\u00e9e\" \/>\n\t<meta name=\"twitter:data2\" content=\"4 minutes\" \/>\n<script type=\"application\/ld+json\" class=\"yoast-schema-graph\">{\"@context\":\"https:\/\/schema.org\",\"@graph\":[{\"@type\":\"Article\",\"@id\":\"https:\/\/charente.catholique.fr\/nord-charente\/actualites\/annonces-semaine-du-11-au-19-novembre\/#article\",\"isPartOf\":{\"@id\":\"https:\/\/charente.catholique.fr\/nord-charente\/actualites\/annonces-semaine-du-11-au-19-novembre\/\"},\"author\":{\"name\":\"joelleayrault\",\"@id\":\"https:\/\/charente.catholique.fr\/nord-charente\/#\/schema\/person\/51184492e4abba33e5d768059a70f4db\"},\"headline\":\"Annonces : Semaine du 11 au 19 Novembre\",\"datePublished\":\"2023-11-13T19:55:05+00:00\",\"dateModified\":\"2023-11-13T19:55:17+00:00\",\"mainEntityOfPage\":{\"@id\":\"https:\/\/charente.catholique.fr\/nord-charente\/actualites\/annonces-semaine-du-11-au-19-novembre\/\"},\"wordCount\":915,\"commentCount\":0,\"publisher\":{\"@id\":\"https:\/\/charente.catholique.fr\/nord-charente\/#organization\"},\"image\":{\"@id\":\"https:\/\/charente.catholique.fr\/nord-charente\/actualites\/annonces-semaine-du-11-au-19-novembre\/#primaryimage\"},\"thumbnailUrl\":\"https:\/\/charente.catholique.fr\/nord-charente\/wp-content\/uploads\/sites\/4\/2023\/11\/img_4614-2.jpg-t-2-rotated.jpg\",\"articleSection\":[\"Actualit\u00e9s\"],\"inLanguage\":\"fr-FR\",\"potentialAction\":[{\"@type\":\"CommentAction\",\"name\":\"Comment\",\"target\":[\"https:\/\/charente.catholique.fr\/nord-charente\/actualites\/annonces-semaine-du-11-au-19-novembre\/#respond\"]}]},{\"@type\":\"WebPage\",\"@id\":\"https:\/\/charente.catholique.fr\/nord-charente\/actualites\/annonces-semaine-du-11-au-19-novembre\/\",\"url\":\"https:\/\/charente.catholique.fr\/nord-charente\/actualites\/annonces-semaine-du-11-au-19-novembre\/\",\"name\":\"Annonces : Semaine du 11 au 19 Novembre - Doyenn\u00e9 Nord Charente\",\"isPartOf\":{\"@id\":\"https:\/\/charente.catholique.fr\/nord-charente\/#website\"},\"primaryImageOfPage\":{\"@id\":\"https:\/\/charente.catholique.fr\/nord-charente\/actualites\/annonces-semaine-du-11-au-19-novembre\/#primaryimage\"},\"image\":{\"@id\":\"https:\/\/charente.catholique.fr\/nord-charente\/actualites\/annonces-semaine-du-11-au-19-novembre\/#primaryimage\"},\"thumbnailUrl\":\"https:\/\/charente.catholique.fr\/nord-charente\/wp-content\/uploads\/sites\/4\/2023\/11\/img_4614-2.jpg-t-2-rotated.jpg\",\"datePublished\":\"2023-11-13T19:55:05+00:00\",\"dateModified\":\"2023-11-13T19:55:17+00:00\",\"breadcrumb\":{\"@id\":\"https:\/\/charente.catholique.fr\/nord-charente\/actualites\/annonces-semaine-du-11-au-19-novembre\/#breadcrumb\"},\"inLanguage\":\"fr-FR\",\"potentialAction\":[{\"@type\":\"ReadAction\",\"target\":[\"https:\/\/charente.catholique.fr\/nord-charente\/actualites\/annonces-semaine-du-11-au-19-novembre\/\"]}]},{\"@type\":\"ImageObject\",\"inLanguage\":\"fr-FR\",\"@id\":\"https:\/\/charente.catholique.fr\/nord-charente\/actualites\/annonces-semaine-du-11-au-19-novembre\/#primaryimage\",\"url\":\"https:\/\/charente.catholique.fr\/nord-charente\/wp-content\/uploads\/sites\/4\/2023\/11\/img_4614-2.jpg-t-2-rotated.jpg\",\"contentUrl\":\"https:\/\/charente.catholique.fr\/nord-charente\/wp-content\/uploads\/sites\/4\/2023\/11\/img_4614-2.jpg-t-2-rotated.jpg\",\"width\":640,\"height\":480},{\"@type\":\"BreadcrumbList\",\"@id\":\"https:\/\/charente.catholique.fr\/nord-charente\/actualites\/annonces-semaine-du-11-au-19-novembre\/#breadcrumb\",\"itemListElement\":[{\"@type\":\"ListItem\",\"position\":1,\"name\":\"Accueil\",\"item\":\"https:\/\/charente.catholique.fr\/nord-charente\/\"},{\"@type\":\"ListItem\",\"position\":2,\"name\":\"Annonces : Semaine du 11 au 19 Novembre\"}]},{\"@type\":\"WebSite\",\"@id\":\"https:\/\/charente.catholique.fr\/nord-charente\/#website\",\"url\":\"https:\/\/charente.catholique.fr\/nord-charente\/\",\"name\":\"Doyenn\u00e9 Nord Charente - Dioc\u00e8se d'Angoul\u00eame\",\"description\":\"Dioc\u00e8se d&#039;Angoul\u00eame\",\"publisher\":{\"@id\":\"https:\/\/charente.catholique.fr\/nord-charente\/#organization\"},\"potentialAction\":[{\"@type\":\"SearchAction\",\"target\":{\"@type\":\"EntryPoint\",\"urlTemplate\":\"https:\/\/charente.catholique.fr\/nord-charente\/?s={search_term_string}\"},\"query-input\":{\"@type\":\"PropertyValueSpecification\",\"valueRequired\":true,\"valueName\":\"search_term_string\"}}],\"inLanguage\":\"fr-FR\"},{\"@type\":\"Organization\",\"@id\":\"https:\/\/charente.catholique.fr\/nord-charente\/#organization\",\"name\":\"Association dioc\u00e9saine d'Angoul\u00eame\",\"url\":\"https:\/\/charente.catholique.fr\/nord-charente\/\",\"logo\":{\"@type\":\"ImageObject\",\"inLanguage\":\"fr-FR\",\"@id\":\"https:\/\/charente.catholique.fr\/nord-charente\/#\/schema\/logo\/image\/\",\"url\":\"https:\/\/charente.catholique.fr\/nord-charente\/wp-content\/uploads\/sites\/4\/2020\/10\/logos.png\",\"contentUrl\":\"https:\/\/charente.catholique.fr\/nord-charente\/wp-content\/uploads\/sites\/4\/2020\/10\/logos.png\",\"width\":600,\"height\":257,\"caption\":\"Association dioc\u00e9saine d'Angoul\u00eame\"},\"image\":{\"@id\":\"https:\/\/charente.catholique.fr\/nord-charente\/#\/schema\/logo\/image\/\"},\"sameAs\":[\"https:\/\/www.facebook.com\/EgliseCatholiqueCharente\",\"https:\/\/x.com\/diocesecharente\",\"https:\/\/www.instagram.com\/eglisecharente\",\"https:\/\/www.youtube.com\/channel\/UCByyFWApZbw3gDTiADoiAaQ\"]},{\"@type\":\"Person\",\"@id\":\"https:\/\/charente.catholique.fr\/nord-charente\/#\/schema\/person\/51184492e4abba33e5d768059a70f4db\",\"name\":\"joelleayrault\",\"image\":{\"@type\":\"ImageObject\",\"inLanguage\":\"fr-FR\",\"@id\":\"https:\/\/charente.catholique.fr\/nord-charente\/#\/schema\/person\/image\/\",\"url\":\"https:\/\/secure.gravatar.com\/avatar\/3bd3977af99690427d59b19ec7b6bd94226de63be5c368ae8d090f2d7f86dd5f?s=96&d=mm&r=g\",\"contentUrl\":\"https:\/\/secure.gravatar.com\/avatar\/3bd3977af99690427d59b19ec7b6bd94226de63be5c368ae8d090f2d7f86dd5f?s=96&d=mm&r=g\",\"caption\":\"joelleayrault\"},\"url\":\"https:\/\/charente.catholique.fr\/nord-charente\/author\/joelleayrault\/\"}]}<\/script>\n<!-- \/ Yoast SEO plugin. -->","yoast_head_json":{"title":"Annonces : Semaine du 11 au 19 Novembre - Doyenn\u00e9 Nord Charente","robots":{"index":"index","follow":"follow","max-snippet":"max-snippet:-1","max-image-preview":"max-image-preview:large","max-video-preview":"max-video-preview:-1"},"canonical":"https:\/\/charente.catholique.fr\/nord-charente\/actualites\/annonces-semaine-du-11-au-19-novembre\/","og_locale":"fr_FR","og_type":"article","og_title":"Annonces : Semaine du 11 au 19 Novembre - Doyenn\u00e9 Nord Charente","og_description":"Paroisse de Villefagnan&nbsp; P\u00e8re Michel GRANGER&nbsp;: 06 07 85 22 80&nbsp;. 5 rue Patient 16240 Villefagnan. Annonces des paroisses de Ruffec et Villefagnan Semaine du 11 au 19 Novembre Samedi 11&nbsp; &nbsp;Ruffec &nbsp;Ebr\u00e9on 9 h 30 &nbsp;11 h Confessions \u00e0 l\u2019\u00e9glise. &nbsp;Messe &nbsp;Londigny 18 h &nbsp;Chapelet pour les vocations sacerdotales et religieuses &nbsp;Aunac, Villefagnan 18 [&hellip;]","og_url":"https:\/\/charente.catholique.fr\/nord-charente\/actualites\/annonces-semaine-du-11-au-19-novembre\/","og_site_name":"Doyenn\u00e9 Nord Charente","article_publisher":"https:\/\/www.facebook.com\/EgliseCatholiqueCharente","article_published_time":"2023-11-13T19:55:05+00:00","article_modified_time":"2023-11-13T19:55:17+00:00","og_image":[{"width":640,"height":480,"url":"https:\/\/charente.catholique.fr\/nord-charente\/wp-content\/uploads\/sites\/4\/2023\/11\/img_4614-2.jpg-t-2-rotated.jpg","type":"image\/jpeg"}],"author":"joelleayrault","twitter_card":"summary_large_image","twitter_creator":"@diocesecharente","twitter_site":"@diocesecharente","twitter_misc":{"\u00c9crit par":"joelleayrault","Dur\u00e9e de lecture estim\u00e9e":"4 minutes"},"schema":{"@context":"https:\/\/schema.org","@graph":[{"@type":"Article","@id":"https:\/\/charente.catholique.fr\/nord-charente\/actualites\/annonces-semaine-du-11-au-19-novembre\/#article","isPartOf":{"@id":"https:\/\/charente.catholique.fr\/nord-charente\/actualites\/annonces-semaine-du-11-au-19-novembre\/"},"author":{"name":"joelleayrault","@id":"https:\/\/charente.catholique.fr\/nord-charente\/#\/schema\/person\/51184492e4abba33e5d768059a70f4db"},"headline":"Annonces : Semaine du 11 au 19 Novembre","datePublished":"2023-11-13T19:55:05+00:00","dateModified":"2023-11-13T19:55:17+00:00","mainEntityOfPage":{"@id":"https:\/\/charente.catholique.fr\/nord-charente\/actualites\/annonces-semaine-du-11-au-19-novembre\/"},"wordCount":915,"commentCount":0,"publisher":{"@id":"https:\/\/charente.catholique.fr\/nord-charente\/#organization"},"image":{"@id":"https:\/\/charente.catholique.fr\/nord-charente\/actualites\/annonces-semaine-du-11-au-19-novembre\/#primaryimage"},"thumbnailUrl":"https:\/\/charente.catholique.fr\/nord-charente\/wp-content\/uploads\/sites\/4\/2023\/11\/img_4614-2.jpg-t-2-rotated.jpg","articleSection":["Actualit\u00e9s"],"inLanguage":"fr-FR","potentialAction":[{"@type":"CommentAction","name":"Comment","target":["https:\/\/charente.catholique.fr\/nord-charente\/actualites\/annonces-semaine-du-11-au-19-novembre\/#respond"]}]},{"@type":"WebPage","@id":"https:\/\/charente.catholique.fr\/nord-charente\/actualites\/annonces-semaine-du-11-au-19-novembre\/","url":"https:\/\/charente.catholique.fr\/nord-charente\/actualites\/annonces-semaine-du-11-au-19-novembre\/","name":"Annonces : Semaine du 11 au 19 Novembre - Doyenn\u00e9 Nord Charente","isPartOf":{"@id":"https:\/\/charente.catholique.fr\/nord-charente\/#website"},"primaryImageOfPage":{"@id":"https:\/\/charente.catholique.fr\/nord-charente\/actualites\/annonces-semaine-du-11-au-19-novembre\/#primaryimage"},"image":{"@id":"https:\/\/charente.catholique.fr\/nord-charente\/actualites\/annonces-semaine-du-11-au-19-novembre\/#primaryimage"},"thumbnailUrl":"https:\/\/charente.catholique.fr\/nord-charente\/wp-content\/uploads\/sites\/4\/2023\/11\/img_4614-2.jpg-t-2-rotated.jpg","datePublished":"2023-11-13T19:55:05+00:00","dateModified":"2023-11-13T19:55:17+00:00","breadcrumb":{"@id":"https:\/\/charente.catholique.fr\/nord-charente\/actualites\/annonces-semaine-du-11-au-19-novembre\/#breadcrumb"},"inLanguage":"fr-FR","potentialAction":[{"@type":"ReadAction","target":["https:\/\/charente.catholique.fr\/nord-charente\/actualites\/annonces-semaine-du-11-au-19-novembre\/"]}]},{"@type":"ImageObject","inLanguage":"fr-FR","@id":"https:\/\/charente.catholique.fr\/nord-charente\/actualites\/annonces-semaine-du-11-au-19-novembre\/#primaryimage","url":"https:\/\/charente.catholique.fr\/nord-charente\/wp-content\/uploads\/sites\/4\/2023\/11\/img_4614-2.jpg-t-2-rotated.jpg","contentUrl":"https:\/\/charente.catholique.fr\/nord-charente\/wp-content\/uploads\/sites\/4\/2023\/11\/img_4614-2.jpg-t-2-rotated.jpg","width":640,"height":480},{"@type":"BreadcrumbList","@id":"https:\/\/charente.catholique.fr\/nord-charente\/actualites\/annonces-semaine-du-11-au-19-novembre\/#breadcrumb","itemListElement":[{"@type":"ListItem","position":1,"name":"Accueil","item":"https:\/\/charente.catholique.fr\/nord-charente\/"},{"@type":"ListItem","position":2,"name":"Annonces : Semaine du 11 au 19 Novembre"}]},{"@type":"WebSite","@id":"https:\/\/charente.catholique.fr\/nord-charente\/#website","url":"https:\/\/charente.catholique.fr\/nord-charente\/","name":"Doyenn\u00e9 Nord Charente - Dioc\u00e8se d'Angoul\u00eame","description":"Dioc\u00e8se d&#039;Angoul\u00eame","publisher":{"@id":"https:\/\/charente.catholique.fr\/nord-charente\/#organization"},"potentialAction":[{"@type":"SearchAction","target":{"@type":"EntryPoint","urlTemplate":"https:\/\/charente.catholique.fr\/nord-charente\/?s={search_term_string}"},"query-input":{"@type":"PropertyValueSpecification","valueRequired":true,"valueName":"search_term_string"}}],"inLanguage":"fr-FR"},{"@type":"Organization","@id":"https:\/\/charente.catholique.fr\/nord-charente\/#organization","name":"Association dioc\u00e9saine d'Angoul\u00eame","url":"https:\/\/charente.catholique.fr\/nord-charente\/","logo":{"@type":"ImageObject","inLanguage":"fr-FR","@id":"https:\/\/charente.catholique.fr\/nord-charente\/#\/schema\/logo\/image\/","url":"https:\/\/charente.catholique.fr\/nord-charente\/wp-content\/uploads\/sites\/4\/2020\/10\/logos.png","contentUrl":"https:\/\/charente.catholique.fr\/nord-charente\/wp-content\/uploads\/sites\/4\/2020\/10\/logos.png","width":600,"height":257,"caption":"Association dioc\u00e9saine d'Angoul\u00eame"},"image":{"@id":"https:\/\/charente.catholique.fr\/nord-charente\/#\/schema\/logo\/image\/"},"sameAs":["https:\/\/www.facebook.com\/EgliseCatholiqueCharente","https:\/\/x.com\/diocesecharente","https:\/\/www.instagram.com\/eglisecharente","https:\/\/www.youtube.com\/channel\/UCByyFWApZbw3gDTiADoiAaQ"]},{"@type":"Person","@id":"https:\/\/charente.catholique.fr\/nord-charente\/#\/schema\/person\/51184492e4abba33e5d768059a70f4db","name":"joelleayrault","image":{"@type":"ImageObject","inLanguage":"fr-FR","@id":"https:\/\/charente.catholique.fr\/nord-charente\/#\/schema\/person\/image\/","url":"https:\/\/secure.gravatar.com\/avatar\/3bd3977af99690427d59b19ec7b6bd94226de63be5c368ae8d090f2d7f86dd5f?s=96&d=mm&r=g","contentUrl":"https:\/\/secure.gravatar.com\/avatar\/3bd3977af99690427d59b19ec7b6bd94226de63be5c368ae8d090f2d7f86dd5f?s=96&d=mm&r=g","caption":"joelleayrault"},"url":"https:\/\/charente.catholique.fr\/nord-charente\/author\/joelleayrault\/"}]}},"_links":{"self":[{"href":"https:\/\/charente.catholique.fr\/nord-charente\/wp-json\/wp\/v2\/posts\/5604","targetHints":{"allow":["GET"]}}],"collection":[{"href":"https:\/\/charente.catholique.fr\/nord-charente\/wp-json\/wp\/v2\/posts"}],"about":[{"href":"https:\/\/charente.catholique.fr\/nord-charente\/wp-json\/wp\/v2\/types\/post"}],"author":[{"embeddable":true,"href":"https:\/\/charente.catholique.fr\/nord-charente\/wp-json\/wp\/v2\/users\/38"}],"replies":[{"embeddable":true,"href":"https:\/\/charente.catholique.fr\/nord-charente\/wp-json\/wp\/v2\/comments?post=5604"}],"version-history":[{"count":1,"href":"https:\/\/charente.catholique.fr\/nord-charente\/wp-json\/wp\/v2\/posts\/5604\/revisions"}],"predecessor-version":[{"id":5605,"href":"https:\/\/charente.catholique.fr\/nord-charente\/wp-json\/wp\/v2\/posts\/5604\/revisions\/5605"}],"wp:featuredmedia":[{"embeddable":true,"href":"https:\/\/charente.catholique.fr\/nord-charente\/wp-json\/wp\/v2\/media\/5606"}],"wp:attachment":[{"href":"https:\/\/charente.catholique.fr\/nord-charente\/wp-json\/wp\/v2\/media?parent=5604"}],"wp:term":[{"taxonomy":"category","embeddable":true,"href":"https:\/\/charente.catholique.fr\/nord-charente\/wp-json\/wp\/v2\/categories?post=5604"},{"taxonomy":"post_tag","embeddable":true,"href":"https:\/\/charente.catholique.fr\/nord-charente\/wp-json\/wp\/v2\/tags?post=5604"}],"curies":[{"name":"wp","href":"https:\/\/api.w.org\/{rel}","templated":true}]}}