{"id":5403,"date":"2023-09-04T09:59:57","date_gmt":"2023-09-04T07:59:57","guid":{"rendered":"https:\/\/charente.catholique.fr\/nord-charente\/?p=5403"},"modified":"2023-09-04T10:00:28","modified_gmt":"2023-09-04T08:00:28","slug":"annoncessemaine-du-02-au-10-septembre-2023","status":"publish","type":"post","link":"https:\/\/charente.catholique.fr\/nord-charente\/actualites\/annoncessemaine-du-02-au-10-septembre-2023\/","title":{"rendered":"Annonces:semaine du 02 au 10 septembre 2023"},"content":{"rendered":"\n<p><strong>Paroisse de Villefagnan&nbsp;<\/strong><\/p>\n\n\n\n<p><strong>5 rue Patient<\/strong><\/p>\n\n\n\n<p><strong>16240 Villefagnan.<\/strong><\/p>\n\n\n\n<p><strong>P\u00e8<\/strong>r<strong>e Michel Granger : 06 07 85 22 80<\/strong><\/p>\n\n\n\n<figure class=\"wp-block-table\"><table><thead><tr><td><strong>Annonces des paroisses de Ruffec et <\/strong><br><strong>Villefagnan<\/strong><\/td><td colspan=\"3\"><strong>Semaine du<\/strong><strong> 2 au 10 Septembre 2023<\/strong><\/td><\/tr><\/thead><tbody><tr><td rowspan=\"3\">Samedi 2 Septembre<\/td><td>&nbsp;Ruffec<\/td><td>9 h 9 h 30<\/td><td>&nbsp;Messe \u00e0 l\u2019oratoire. &nbsp;Confessions \u00e0 l\u2019\u00e9glise.<\/td><\/tr><tr><td>&nbsp;Condac<\/td><td>11 h<\/td><td>&nbsp;Chapelet pour les vocations sacerdotales et religieuses<\/td><\/tr><tr><td>&nbsp;Bayers , Verteuil<\/td><td>18 h 30<\/td><td>&nbsp;Messes anticip\u00e9es<\/td><\/tr><tr><td rowspan=\"2\"><strong>Dimanche 3<\/strong><\/td><td>&nbsp;Aigre Mansle Ruffec <strong>Villefagnan<\/strong><\/td><td>10 h 30<\/td><td>&nbsp;Messes dominicales<\/td><\/tr><tr><td>&nbsp;<\/td><td>&nbsp;<\/td><td>&nbsp;<\/td><\/tr><tr><td>Lundi 4<\/td><td>&nbsp;Ruffec<\/td><td>&nbsp;14 h 30 &nbsp;18 h<\/td><td>&nbsp;Pri\u00e8re du Renouveau \u00e0 l&#8217;oratoire &nbsp;Messe \u00e0 l&#8217;\u00e9glise<\/td><\/tr><tr><td rowspan=\"2\"><strong>Mardi 5<\/strong><\/td><td>&nbsp;<strong>Villefagnan<\/strong><\/td><td><strong>&nbsp;9 h 15<\/strong><\/td><td><strong>&nbsp;Messe \u00e0 l&#8217;\u00e9glise<\/strong><\/td><\/tr><tr><td>&nbsp;Ruffec<\/td><td>&nbsp;18 h<\/td><td>&nbsp;Messe \u00e0 l&#8217;\u00e9glise<\/td><\/tr><tr><td rowspan=\"2\">Mercredi 6<\/td><td>&nbsp;Aigre<\/td><td>11 h<\/td><td>&nbsp;Messe \u00e0 l&#8217;oratoire<\/td><\/tr><tr><td>&nbsp;Ruffec<\/td><td>&nbsp;18 h<\/td><td>&nbsp;Messe<\/td><\/tr><tr><td rowspan=\"2\">Jeudi 7<\/td><td>&nbsp;Ruffec<\/td><td>&nbsp;17-18 h<\/td><td>&nbsp;confessions<\/td><\/tr><tr><td>&nbsp;Ruffec<\/td><td>&nbsp;18 h<\/td><td>&nbsp;Messe suivie de l&#8217;Adoration<\/td><\/tr><tr><td rowspan=\"3\">Vendredi 8 &nbsp;<\/td><td>&nbsp;Ruffec<\/td><td>&nbsp;9 h<\/td><td>&nbsp;Messe<\/td><\/tr><tr><td>&nbsp;Aigre<\/td><td>&nbsp;9 h<\/td><td>&nbsp; Messe&nbsp;<\/td><\/tr><tr><td>&nbsp;Ruffec<\/td><td>19 h 15<\/td><td>&nbsp;Rencontre de l&#8217;EAP<\/td><\/tr><tr><td rowspan=\"3\">Samedi 9<\/td><td>&nbsp;Ruffec<\/td><td>9 h 30 10 h 30<\/td><td>&nbsp;Messe suivie de l&#8217;Adoration &nbsp;Confessions \u00e0 l\u2019\u00e9glise.<\/td><\/tr><tr><td>&nbsp;Ruffec<\/td><td>11 h<\/td><td>&nbsp;Chapelet pour les vocations sacerdotales et religieuses<\/td><\/tr><tr><td>&nbsp;Bernac, Xambes<\/td><td>18 h 30<\/td><td>&nbsp;Messes anticip\u00e9es<\/td><\/tr><tr><td><strong>Dimanche 10<\/strong><\/td><td><strong>&nbsp;<\/strong>&nbsp;Aigre Mansle Ruffec <strong>&nbsp;Villefagnan<\/strong><\/td><td>&nbsp;10 h 30<\/td><td>&nbsp;Messe dominicale&nbsp;&nbsp;&nbsp;&nbsp;&nbsp;&nbsp;&nbsp;&nbsp;&nbsp;&nbsp;&nbsp;&nbsp;&nbsp;&nbsp;&nbsp;&nbsp;&nbsp;&nbsp;&nbsp;&nbsp;&nbsp;&nbsp;&nbsp;&nbsp;&nbsp;&nbsp;&nbsp;&nbsp;&nbsp;&nbsp;&nbsp;&nbsp;&nbsp;&nbsp;&nbsp;&nbsp;&nbsp;&nbsp;&nbsp;&nbsp;&nbsp;&nbsp;&nbsp;&nbsp;&nbsp;<\/td><\/tr><tr><td><strong>&nbsp;SAMEDI 23 septembre<\/strong><\/td><td>&nbsp;<strong>VILLEFAGNAN<\/strong><\/td><td><strong>&nbsp;10h \u00e0 12h <\/strong><\/td><td><strong>&nbsp;RENTR\u00c9E \u00c9VEIL \u00e0 LA FOI ET CAT\u00c9CHISME presbyt\u00e8re<\/strong><\/td><\/tr><\/tbody><\/table><figcaption class=\"wp-element-caption\"> <\/figcaption><\/figure>\n\n\n\n<p><strong>A NOTER : Dimanche 17 SEPTEMBRE \u00e0 10 h 30, Messe&nbsp; en DOYENN\u00c9 pr\u00e9sid\u00e9e par Monseigneur Gosselin \u00e0 L\u2019EGLISE PRIEURALE de MARCILLAC-LANVILLE. <\/strong>Messe d\u2019Action de Gr\u00e2ce pour remercier les S\u0153urs Madeleine, Jehannine et C\u00e9cile pour les nombreuses ann\u00e9es pass\u00e9es au service de la Paroisse d\u2019Aigre. Temps convivial apr\u00e8s la c\u00e9l\u00e9bration : Verre de l\u2019amiti\u00e9 et pique-nique tir\u00e9 du sac.<\/p>\n\n\n\n<p>Toutes infos&nbsp;: 05 45 29 01 72 \/ <a href=\"https:\/\/nordcharente.catholique.fr\/\">https:\/\/nordcharente.catholique.fr<\/a><\/p>\n\n\n\n<p>Presbyt\u00e8re de Villefagnan&nbsp;: 5 rue Patient 16240 Villefagnan&nbsp;: 05 45 31 61 07 \/ mail&nbsp;: paroisse.villefagnan@outlook.com<strong><\/strong><\/p>\n\n\n<div class=\"wp-block-image is-style-rounded\">\n<figure class=\"alignleft size-full is-resized\"><img loading=\"lazy\" decoding=\"async\" src=\"https:\/\/charente.catholique.fr\/nord-charente\/wp-content\/uploads\/sites\/4\/2023\/09\/IMG_4073-rotated.jpg\" alt=\"\" class=\"wp-image-5406\" width=\"307\" height=\"409\" srcset=\"https:\/\/charente.catholique.fr\/nord-charente\/wp-content\/uploads\/sites\/4\/2023\/09\/IMG_4073-rotated.jpg 480w, https:\/\/charente.catholique.fr\/nord-charente\/wp-content\/uploads\/sites\/4\/2023\/09\/IMG_4073-225x300.jpg 225w\" sizes=\"auto, (max-width: 307px) 100vw, 307px\" \/><\/figure>\n<\/div>\n\n<div class=\"wp-block-image is-style-rounded\">\n<figure class=\"alignright size-full is-resized\"><img loading=\"lazy\" decoding=\"async\" src=\"https:\/\/charente.catholique.fr\/nord-charente\/wp-content\/uploads\/sites\/4\/2023\/09\/IMG_4079-rotated.jpg\" alt=\"\" class=\"wp-image-5407\" width=\"277\" height=\"369\" srcset=\"https:\/\/charente.catholique.fr\/nord-charente\/wp-content\/uploads\/sites\/4\/2023\/09\/IMG_4079-rotated.jpg 480w, https:\/\/charente.catholique.fr\/nord-charente\/wp-content\/uploads\/sites\/4\/2023\/09\/IMG_4079-225x300.jpg 225w\" sizes=\"auto, (max-width: 277px) 100vw, 277px\" \/><\/figure>\n<\/div>\n\n<div class=\"wp-block-image is-style-rounded\">\n<figure class=\"aligncenter size-full is-resized\"><img loading=\"lazy\" decoding=\"async\" src=\"https:\/\/charente.catholique.fr\/nord-charente\/wp-content\/uploads\/sites\/4\/2023\/09\/IMG_4093-rotated.jpg\" alt=\"\" class=\"wp-image-5408\" width=\"311\" height=\"412\" \/><\/figure>\n<\/div>\n\n\n<p class=\"has-medium-font-size\"><strong><em>Messe d\u2019au revoir du P\u00e8re Carlo<\/em>s<\/strong><\/p>\n\n\n\n<p>&nbsp;&nbsp; <strong>Derni\u00e8re messe, le 13 ao\u00fbt \u00e0 Villefagnan de P\u00e8re Carlos que nous avions accueilli pour une ann\u00e9e en septembre 2022. Cette messe d\u2019action de gr\u00e2ce fut l\u2019occasion de le remercier ainsi que le Seigneur pour tout ce que P\u00e8re Carlos nous a apport\u00e9 ; toujours mettre la foi et le Christ au c\u0153ur de nos vies.<\/strong><\/p>\n\n\n\n<p>&nbsp;&nbsp;&nbsp;&nbsp; <strong>Merci \u00e0 vous d\u2019avoir su nous regarder avec bienveillance<\/strong> <strong>et attention, de nous avoir \u00e9cout\u00e9, de nous avoir encourag\u00e9 et surtout d\u2019avoir su d\u00e9cider et<\/strong> <strong>trancher&nbsp;!<\/strong><\/p>\n\n\n\n<p>&nbsp;&nbsp;&nbsp;<strong> Cher p\u00e8re Carlos, soyez en certain, notre pri\u00e8re, notre amiti\u00e9 vous accompagnent dans votre nouveau minist\u00e8re. Que la vierge Marie qui vous est si pr\u00e9cieuse, vous soutienne, vous guide dans cette mission qui vous attend.<\/strong><\/p>\n\n\n\n<p>&nbsp;&nbsp;&nbsp;&nbsp; &nbsp;&nbsp;&nbsp;<strong>&nbsp;En union de pri\u00e8re.<\/strong><\/p>\n\n\n\n<p><strong>La communaut\u00e9 paroissiale<\/strong><\/p>\n\n\n\n<p><\/p>\n\n\n\n<p><\/p>\n\n\n\n<p class=\"has-medium-font-size\"><strong><em>Du 28 au 17 septembre 2023<\/em><\/strong><\/p>\n\n\n\n<p><strong>Exposition d&#8217;art roman en pays Ruff\u00e9cois est visible, dans l&#8217;\u00e9glise de Montjean, jusqu&#8217;au 17 Septembre .<\/strong><\/p>\n\n\n<div class=\"wp-block-image is-style-rounded\">\n<figure class=\"aligncenter size-full is-resized\"><img loading=\"lazy\" decoding=\"async\" src=\"https:\/\/charente.catholique.fr\/nord-charente\/wp-content\/uploads\/sites\/4\/2023\/09\/egmontjean1-1.jpg\" alt=\"\" class=\"wp-image-5411\" width=\"465\" height=\"350\" srcset=\"https:\/\/charente.catholique.fr\/nord-charente\/wp-content\/uploads\/sites\/4\/2023\/09\/egmontjean1-1.jpg 472w, https:\/\/charente.catholique.fr\/nord-charente\/wp-content\/uploads\/sites\/4\/2023\/09\/egmontjean1-1-300x226.jpg 300w\" sizes=\"auto, (max-width: 465px) 100vw, 465px\" \/><\/figure>\n<\/div>\n\n\n<p class=\"has-medium-font-size\">                                                                                                   <strong>Profitez de la fin de l&#8217;\u00e9t\u00e9 pour la visiter!<\/strong><\/p>\n\n\n","protected":false},"excerpt":{"rendered":"<p>Paroisse de Villefagnan&nbsp; 5 rue Patient 16240 Villefagnan. P\u00e8re Michel Granger : 06 07 85 22 80 Annonces des paroisses de Ruffec et Villefagnan Semaine du 2 au 10 Septembre 2023 Samedi 2 Septembre &nbsp;Ruffec 9 h 9 h 30 &nbsp;Messe \u00e0 l\u2019oratoire. &nbsp;Confessions \u00e0 l\u2019\u00e9glise. &nbsp;Condac 11 h &nbsp;Chapelet pour les vocations sacerdotales et [&hellip;]<\/p>\n","protected":false},"author":38,"featured_media":5405,"comment_status":"open","ping_status":"open","sticky":false,"template":"","format":"standard","meta":{"_acf_changed":false,"paroisse":["14"],"service":["0"],"footnotes":""},"categories":[1],"tags":[],"class_list":["post-5403","post","type-post","status-publish","format-standard","has-post-thumbnail","hentry","category-actualites"],"acf":[],"yoast_head":"<!-- This site is optimized with the Yoast SEO plugin v27.1.1 - https:\/\/yoast.com\/product\/yoast-seo-wordpress\/ -->\n<title>Annonces:semaine du 02 au 10 septembre 2023 - Doyenn\u00e9 Nord Charente<\/title>\n<meta name=\"robots\" content=\"index, follow, max-snippet:-1, max-image-preview:large, max-video-preview:-1\" \/>\n<link rel=\"canonical\" href=\"https:\/\/charente.catholique.fr\/nord-charente\/actualites\/annoncessemaine-du-02-au-10-septembre-2023\/\" \/>\n<meta property=\"og:locale\" content=\"fr_FR\" \/>\n<meta property=\"og:type\" content=\"article\" \/>\n<meta property=\"og:title\" content=\"Annonces:semaine du 02 au 10 septembre 2023 - Doyenn\u00e9 Nord Charente\" \/>\n<meta property=\"og:description\" content=\"Paroisse de Villefagnan&nbsp; 5 rue Patient 16240 Villefagnan. P\u00e8re Michel Granger : 06 07 85 22 80 Annonces des paroisses de Ruffec et Villefagnan Semaine du 2 au 10 Septembre 2023 Samedi 2 Septembre &nbsp;Ruffec 9 h 9 h 30 &nbsp;Messe \u00e0 l\u2019oratoire. &nbsp;Confessions \u00e0 l\u2019\u00e9glise. &nbsp;Condac 11 h &nbsp;Chapelet pour les vocations sacerdotales et [&hellip;]\" \/>\n<meta property=\"og:url\" content=\"https:\/\/charente.catholique.fr\/nord-charente\/actualites\/annoncessemaine-du-02-au-10-septembre-2023\/\" \/>\n<meta property=\"og:site_name\" content=\"Doyenn\u00e9 Nord Charente\" \/>\n<meta property=\"article:publisher\" content=\"https:\/\/www.facebook.com\/EgliseCatholiqueCharente\" \/>\n<meta property=\"article:published_time\" content=\"2023-09-04T07:59:57+00:00\" \/>\n<meta property=\"article:modified_time\" content=\"2023-09-04T08:00:28+00:00\" \/>\n<meta property=\"og:image\" content=\"https:\/\/charente.catholique.fr\/nord-charente\/wp-content\/uploads\/sites\/4\/2023\/09\/img_4238-rotated.jpg\" \/>\n\t<meta property=\"og:image:width\" content=\"480\" \/>\n\t<meta property=\"og:image:height\" content=\"640\" \/>\n\t<meta property=\"og:image:type\" content=\"image\/jpeg\" \/>\n<meta name=\"author\" content=\"joelleayrault\" \/>\n<meta name=\"twitter:card\" content=\"summary_large_image\" \/>\n<meta name=\"twitter:creator\" content=\"@diocesecharente\" \/>\n<meta name=\"twitter:site\" content=\"@diocesecharente\" \/>\n<meta name=\"twitter:label1\" content=\"\u00c9crit par\" \/>\n\t<meta name=\"twitter:data1\" content=\"joelleayrault\" \/>\n\t<meta name=\"twitter:label2\" content=\"Dur\u00e9e de lecture estim\u00e9e\" \/>\n\t<meta name=\"twitter:data2\" content=\"4 minutes\" \/>\n<script type=\"application\/ld+json\" class=\"yoast-schema-graph\">{\"@context\":\"https:\/\/schema.org\",\"@graph\":[{\"@type\":\"Article\",\"@id\":\"https:\/\/charente.catholique.fr\/nord-charente\/actualites\/annoncessemaine-du-02-au-10-septembre-2023\/#article\",\"isPartOf\":{\"@id\":\"https:\/\/charente.catholique.fr\/nord-charente\/actualites\/annoncessemaine-du-02-au-10-septembre-2023\/\"},\"author\":{\"name\":\"joelleayrault\",\"@id\":\"https:\/\/charente.catholique.fr\/nord-charente\/#\/schema\/person\/51184492e4abba33e5d768059a70f4db\"},\"headline\":\"Annonces:semaine du 02 au 10 septembre 2023\",\"datePublished\":\"2023-09-04T07:59:57+00:00\",\"dateModified\":\"2023-09-04T08:00:28+00:00\",\"mainEntityOfPage\":{\"@id\":\"https:\/\/charente.catholique.fr\/nord-charente\/actualites\/annoncessemaine-du-02-au-10-septembre-2023\/\"},\"wordCount\":556,\"commentCount\":0,\"publisher\":{\"@id\":\"https:\/\/charente.catholique.fr\/nord-charente\/#organization\"},\"image\":{\"@id\":\"https:\/\/charente.catholique.fr\/nord-charente\/actualites\/annoncessemaine-du-02-au-10-septembre-2023\/#primaryimage\"},\"thumbnailUrl\":\"https:\/\/charente.catholique.fr\/nord-charente\/wp-content\/uploads\/sites\/4\/2023\/09\/img_4238-rotated.jpg\",\"articleSection\":[\"Actualit\u00e9s\"],\"inLanguage\":\"fr-FR\",\"potentialAction\":[{\"@type\":\"CommentAction\",\"name\":\"Comment\",\"target\":[\"https:\/\/charente.catholique.fr\/nord-charente\/actualites\/annoncessemaine-du-02-au-10-septembre-2023\/#respond\"]}]},{\"@type\":\"WebPage\",\"@id\":\"https:\/\/charente.catholique.fr\/nord-charente\/actualites\/annoncessemaine-du-02-au-10-septembre-2023\/\",\"url\":\"https:\/\/charente.catholique.fr\/nord-charente\/actualites\/annoncessemaine-du-02-au-10-septembre-2023\/\",\"name\":\"Annonces:semaine du 02 au 10 septembre 2023 - Doyenn\u00e9 Nord Charente\",\"isPartOf\":{\"@id\":\"https:\/\/charente.catholique.fr\/nord-charente\/#website\"},\"primaryImageOfPage\":{\"@id\":\"https:\/\/charente.catholique.fr\/nord-charente\/actualites\/annoncessemaine-du-02-au-10-septembre-2023\/#primaryimage\"},\"image\":{\"@id\":\"https:\/\/charente.catholique.fr\/nord-charente\/actualites\/annoncessemaine-du-02-au-10-septembre-2023\/#primaryimage\"},\"thumbnailUrl\":\"https:\/\/charente.catholique.fr\/nord-charente\/wp-content\/uploads\/sites\/4\/2023\/09\/img_4238-rotated.jpg\",\"datePublished\":\"2023-09-04T07:59:57+00:00\",\"dateModified\":\"2023-09-04T08:00:28+00:00\",\"breadcrumb\":{\"@id\":\"https:\/\/charente.catholique.fr\/nord-charente\/actualites\/annoncessemaine-du-02-au-10-septembre-2023\/#breadcrumb\"},\"inLanguage\":\"fr-FR\",\"potentialAction\":[{\"@type\":\"ReadAction\",\"target\":[\"https:\/\/charente.catholique.fr\/nord-charente\/actualites\/annoncessemaine-du-02-au-10-septembre-2023\/\"]}]},{\"@type\":\"ImageObject\",\"inLanguage\":\"fr-FR\",\"@id\":\"https:\/\/charente.catholique.fr\/nord-charente\/actualites\/annoncessemaine-du-02-au-10-septembre-2023\/#primaryimage\",\"url\":\"https:\/\/charente.catholique.fr\/nord-charente\/wp-content\/uploads\/sites\/4\/2023\/09\/img_4238-rotated.jpg\",\"contentUrl\":\"https:\/\/charente.catholique.fr\/nord-charente\/wp-content\/uploads\/sites\/4\/2023\/09\/img_4238-rotated.jpg\",\"width\":480,\"height\":640},{\"@type\":\"BreadcrumbList\",\"@id\":\"https:\/\/charente.catholique.fr\/nord-charente\/actualites\/annoncessemaine-du-02-au-10-septembre-2023\/#breadcrumb\",\"itemListElement\":[{\"@type\":\"ListItem\",\"position\":1,\"name\":\"Accueil\",\"item\":\"https:\/\/charente.catholique.fr\/nord-charente\/\"},{\"@type\":\"ListItem\",\"position\":2,\"name\":\"Annonces:semaine du 02 au 10 septembre 2023\"}]},{\"@type\":\"WebSite\",\"@id\":\"https:\/\/charente.catholique.fr\/nord-charente\/#website\",\"url\":\"https:\/\/charente.catholique.fr\/nord-charente\/\",\"name\":\"Doyenn\u00e9 Nord Charente - Dioc\u00e8se d'Angoul\u00eame\",\"description\":\"Dioc\u00e8se d&#039;Angoul\u00eame\",\"publisher\":{\"@id\":\"https:\/\/charente.catholique.fr\/nord-charente\/#organization\"},\"potentialAction\":[{\"@type\":\"SearchAction\",\"target\":{\"@type\":\"EntryPoint\",\"urlTemplate\":\"https:\/\/charente.catholique.fr\/nord-charente\/?s={search_term_string}\"},\"query-input\":{\"@type\":\"PropertyValueSpecification\",\"valueRequired\":true,\"valueName\":\"search_term_string\"}}],\"inLanguage\":\"fr-FR\"},{\"@type\":\"Organization\",\"@id\":\"https:\/\/charente.catholique.fr\/nord-charente\/#organization\",\"name\":\"Association dioc\u00e9saine d'Angoul\u00eame\",\"url\":\"https:\/\/charente.catholique.fr\/nord-charente\/\",\"logo\":{\"@type\":\"ImageObject\",\"inLanguage\":\"fr-FR\",\"@id\":\"https:\/\/charente.catholique.fr\/nord-charente\/#\/schema\/logo\/image\/\",\"url\":\"https:\/\/charente.catholique.fr\/nord-charente\/wp-content\/uploads\/sites\/4\/2020\/10\/logos.png\",\"contentUrl\":\"https:\/\/charente.catholique.fr\/nord-charente\/wp-content\/uploads\/sites\/4\/2020\/10\/logos.png\",\"width\":600,\"height\":257,\"caption\":\"Association dioc\u00e9saine d'Angoul\u00eame\"},\"image\":{\"@id\":\"https:\/\/charente.catholique.fr\/nord-charente\/#\/schema\/logo\/image\/\"},\"sameAs\":[\"https:\/\/www.facebook.com\/EgliseCatholiqueCharente\",\"https:\/\/x.com\/diocesecharente\",\"https:\/\/www.instagram.com\/eglisecharente\",\"https:\/\/www.youtube.com\/channel\/UCByyFWApZbw3gDTiADoiAaQ\"]},{\"@type\":\"Person\",\"@id\":\"https:\/\/charente.catholique.fr\/nord-charente\/#\/schema\/person\/51184492e4abba33e5d768059a70f4db\",\"name\":\"joelleayrault\",\"image\":{\"@type\":\"ImageObject\",\"inLanguage\":\"fr-FR\",\"@id\":\"https:\/\/charente.catholique.fr\/nord-charente\/#\/schema\/person\/image\/\",\"url\":\"https:\/\/secure.gravatar.com\/avatar\/3bd3977af99690427d59b19ec7b6bd94226de63be5c368ae8d090f2d7f86dd5f?s=96&d=mm&r=g\",\"contentUrl\":\"https:\/\/secure.gravatar.com\/avatar\/3bd3977af99690427d59b19ec7b6bd94226de63be5c368ae8d090f2d7f86dd5f?s=96&d=mm&r=g\",\"caption\":\"joelleayrault\"},\"url\":\"https:\/\/charente.catholique.fr\/nord-charente\/author\/joelleayrault\/\"}]}<\/script>\n<!-- \/ Yoast SEO plugin. -->","yoast_head_json":{"title":"Annonces:semaine du 02 au 10 septembre 2023 - Doyenn\u00e9 Nord Charente","robots":{"index":"index","follow":"follow","max-snippet":"max-snippet:-1","max-image-preview":"max-image-preview:large","max-video-preview":"max-video-preview:-1"},"canonical":"https:\/\/charente.catholique.fr\/nord-charente\/actualites\/annoncessemaine-du-02-au-10-septembre-2023\/","og_locale":"fr_FR","og_type":"article","og_title":"Annonces:semaine du 02 au 10 septembre 2023 - Doyenn\u00e9 Nord Charente","og_description":"Paroisse de Villefagnan&nbsp; 5 rue Patient 16240 Villefagnan. P\u00e8re Michel Granger : 06 07 85 22 80 Annonces des paroisses de Ruffec et Villefagnan Semaine du 2 au 10 Septembre 2023 Samedi 2 Septembre &nbsp;Ruffec 9 h 9 h 30 &nbsp;Messe \u00e0 l\u2019oratoire. &nbsp;Confessions \u00e0 l\u2019\u00e9glise. &nbsp;Condac 11 h &nbsp;Chapelet pour les vocations sacerdotales et [&hellip;]","og_url":"https:\/\/charente.catholique.fr\/nord-charente\/actualites\/annoncessemaine-du-02-au-10-septembre-2023\/","og_site_name":"Doyenn\u00e9 Nord Charente","article_publisher":"https:\/\/www.facebook.com\/EgliseCatholiqueCharente","article_published_time":"2023-09-04T07:59:57+00:00","article_modified_time":"2023-09-04T08:00:28+00:00","og_image":[{"width":480,"height":640,"url":"https:\/\/charente.catholique.fr\/nord-charente\/wp-content\/uploads\/sites\/4\/2023\/09\/img_4238-rotated.jpg","type":"image\/jpeg"}],"author":"joelleayrault","twitter_card":"summary_large_image","twitter_creator":"@diocesecharente","twitter_site":"@diocesecharente","twitter_misc":{"\u00c9crit par":"joelleayrault","Dur\u00e9e de lecture estim\u00e9e":"4 minutes"},"schema":{"@context":"https:\/\/schema.org","@graph":[{"@type":"Article","@id":"https:\/\/charente.catholique.fr\/nord-charente\/actualites\/annoncessemaine-du-02-au-10-septembre-2023\/#article","isPartOf":{"@id":"https:\/\/charente.catholique.fr\/nord-charente\/actualites\/annoncessemaine-du-02-au-10-septembre-2023\/"},"author":{"name":"joelleayrault","@id":"https:\/\/charente.catholique.fr\/nord-charente\/#\/schema\/person\/51184492e4abba33e5d768059a70f4db"},"headline":"Annonces:semaine du 02 au 10 septembre 2023","datePublished":"2023-09-04T07:59:57+00:00","dateModified":"2023-09-04T08:00:28+00:00","mainEntityOfPage":{"@id":"https:\/\/charente.catholique.fr\/nord-charente\/actualites\/annoncessemaine-du-02-au-10-septembre-2023\/"},"wordCount":556,"commentCount":0,"publisher":{"@id":"https:\/\/charente.catholique.fr\/nord-charente\/#organization"},"image":{"@id":"https:\/\/charente.catholique.fr\/nord-charente\/actualites\/annoncessemaine-du-02-au-10-septembre-2023\/#primaryimage"},"thumbnailUrl":"https:\/\/charente.catholique.fr\/nord-charente\/wp-content\/uploads\/sites\/4\/2023\/09\/img_4238-rotated.jpg","articleSection":["Actualit\u00e9s"],"inLanguage":"fr-FR","potentialAction":[{"@type":"CommentAction","name":"Comment","target":["https:\/\/charente.catholique.fr\/nord-charente\/actualites\/annoncessemaine-du-02-au-10-septembre-2023\/#respond"]}]},{"@type":"WebPage","@id":"https:\/\/charente.catholique.fr\/nord-charente\/actualites\/annoncessemaine-du-02-au-10-septembre-2023\/","url":"https:\/\/charente.catholique.fr\/nord-charente\/actualites\/annoncessemaine-du-02-au-10-septembre-2023\/","name":"Annonces:semaine du 02 au 10 septembre 2023 - Doyenn\u00e9 Nord Charente","isPartOf":{"@id":"https:\/\/charente.catholique.fr\/nord-charente\/#website"},"primaryImageOfPage":{"@id":"https:\/\/charente.catholique.fr\/nord-charente\/actualites\/annoncessemaine-du-02-au-10-septembre-2023\/#primaryimage"},"image":{"@id":"https:\/\/charente.catholique.fr\/nord-charente\/actualites\/annoncessemaine-du-02-au-10-septembre-2023\/#primaryimage"},"thumbnailUrl":"https:\/\/charente.catholique.fr\/nord-charente\/wp-content\/uploads\/sites\/4\/2023\/09\/img_4238-rotated.jpg","datePublished":"2023-09-04T07:59:57+00:00","dateModified":"2023-09-04T08:00:28+00:00","breadcrumb":{"@id":"https:\/\/charente.catholique.fr\/nord-charente\/actualites\/annoncessemaine-du-02-au-10-septembre-2023\/#breadcrumb"},"inLanguage":"fr-FR","potentialAction":[{"@type":"ReadAction","target":["https:\/\/charente.catholique.fr\/nord-charente\/actualites\/annoncessemaine-du-02-au-10-septembre-2023\/"]}]},{"@type":"ImageObject","inLanguage":"fr-FR","@id":"https:\/\/charente.catholique.fr\/nord-charente\/actualites\/annoncessemaine-du-02-au-10-septembre-2023\/#primaryimage","url":"https:\/\/charente.catholique.fr\/nord-charente\/wp-content\/uploads\/sites\/4\/2023\/09\/img_4238-rotated.jpg","contentUrl":"https:\/\/charente.catholique.fr\/nord-charente\/wp-content\/uploads\/sites\/4\/2023\/09\/img_4238-rotated.jpg","width":480,"height":640},{"@type":"BreadcrumbList","@id":"https:\/\/charente.catholique.fr\/nord-charente\/actualites\/annoncessemaine-du-02-au-10-septembre-2023\/#breadcrumb","itemListElement":[{"@type":"ListItem","position":1,"name":"Accueil","item":"https:\/\/charente.catholique.fr\/nord-charente\/"},{"@type":"ListItem","position":2,"name":"Annonces:semaine du 02 au 10 septembre 2023"}]},{"@type":"WebSite","@id":"https:\/\/charente.catholique.fr\/nord-charente\/#website","url":"https:\/\/charente.catholique.fr\/nord-charente\/","name":"Doyenn\u00e9 Nord Charente - Dioc\u00e8se d'Angoul\u00eame","description":"Dioc\u00e8se d&#039;Angoul\u00eame","publisher":{"@id":"https:\/\/charente.catholique.fr\/nord-charente\/#organization"},"potentialAction":[{"@type":"SearchAction","target":{"@type":"EntryPoint","urlTemplate":"https:\/\/charente.catholique.fr\/nord-charente\/?s={search_term_string}"},"query-input":{"@type":"PropertyValueSpecification","valueRequired":true,"valueName":"search_term_string"}}],"inLanguage":"fr-FR"},{"@type":"Organization","@id":"https:\/\/charente.catholique.fr\/nord-charente\/#organization","name":"Association dioc\u00e9saine d'Angoul\u00eame","url":"https:\/\/charente.catholique.fr\/nord-charente\/","logo":{"@type":"ImageObject","inLanguage":"fr-FR","@id":"https:\/\/charente.catholique.fr\/nord-charente\/#\/schema\/logo\/image\/","url":"https:\/\/charente.catholique.fr\/nord-charente\/wp-content\/uploads\/sites\/4\/2020\/10\/logos.png","contentUrl":"https:\/\/charente.catholique.fr\/nord-charente\/wp-content\/uploads\/sites\/4\/2020\/10\/logos.png","width":600,"height":257,"caption":"Association dioc\u00e9saine d'Angoul\u00eame"},"image":{"@id":"https:\/\/charente.catholique.fr\/nord-charente\/#\/schema\/logo\/image\/"},"sameAs":["https:\/\/www.facebook.com\/EgliseCatholiqueCharente","https:\/\/x.com\/diocesecharente","https:\/\/www.instagram.com\/eglisecharente","https:\/\/www.youtube.com\/channel\/UCByyFWApZbw3gDTiADoiAaQ"]},{"@type":"Person","@id":"https:\/\/charente.catholique.fr\/nord-charente\/#\/schema\/person\/51184492e4abba33e5d768059a70f4db","name":"joelleayrault","image":{"@type":"ImageObject","inLanguage":"fr-FR","@id":"https:\/\/charente.catholique.fr\/nord-charente\/#\/schema\/person\/image\/","url":"https:\/\/secure.gravatar.com\/avatar\/3bd3977af99690427d59b19ec7b6bd94226de63be5c368ae8d090f2d7f86dd5f?s=96&d=mm&r=g","contentUrl":"https:\/\/secure.gravatar.com\/avatar\/3bd3977af99690427d59b19ec7b6bd94226de63be5c368ae8d090f2d7f86dd5f?s=96&d=mm&r=g","caption":"joelleayrault"},"url":"https:\/\/charente.catholique.fr\/nord-charente\/author\/joelleayrault\/"}]}},"_links":{"self":[{"href":"https:\/\/charente.catholique.fr\/nord-charente\/wp-json\/wp\/v2\/posts\/5403","targetHints":{"allow":["GET"]}}],"collection":[{"href":"https:\/\/charente.catholique.fr\/nord-charente\/wp-json\/wp\/v2\/posts"}],"about":[{"href":"https:\/\/charente.catholique.fr\/nord-charente\/wp-json\/wp\/v2\/types\/post"}],"author":[{"embeddable":true,"href":"https:\/\/charente.catholique.fr\/nord-charente\/wp-json\/wp\/v2\/users\/38"}],"replies":[{"embeddable":true,"href":"https:\/\/charente.catholique.fr\/nord-charente\/wp-json\/wp\/v2\/comments?post=5403"}],"version-history":[{"count":4,"href":"https:\/\/charente.catholique.fr\/nord-charente\/wp-json\/wp\/v2\/posts\/5403\/revisions"}],"predecessor-version":[{"id":5413,"href":"https:\/\/charente.catholique.fr\/nord-charente\/wp-json\/wp\/v2\/posts\/5403\/revisions\/5413"}],"wp:featuredmedia":[{"embeddable":true,"href":"https:\/\/charente.catholique.fr\/nord-charente\/wp-json\/wp\/v2\/media\/5405"}],"wp:attachment":[{"href":"https:\/\/charente.catholique.fr\/nord-charente\/wp-json\/wp\/v2\/media?parent=5403"}],"wp:term":[{"taxonomy":"category","embeddable":true,"href":"https:\/\/charente.catholique.fr\/nord-charente\/wp-json\/wp\/v2\/categories?post=5403"},{"taxonomy":"post_tag","embeddable":true,"href":"https:\/\/charente.catholique.fr\/nord-charente\/wp-json\/wp\/v2\/tags?post=5403"}],"curies":[{"name":"wp","href":"https:\/\/api.w.org\/{rel}","templated":true}]}}