{"id":5331,"date":"2023-08-16T09:37:52","date_gmt":"2023-08-16T07:37:52","guid":{"rendered":"https:\/\/charente.catholique.fr\/nord-charente\/?p=5331"},"modified":"2023-08-16T09:37:52","modified_gmt":"2023-08-16T07:37:52","slug":"annoncessemaine-du-12-au-20-aout-2023","status":"publish","type":"post","link":"https:\/\/charente.catholique.fr\/nord-charente\/actualites\/annoncessemaine-du-12-au-20-aout-2023\/","title":{"rendered":"Annonces:semaine du 12 au 20  ao\u00fbt 2023"},"content":{"rendered":"\n<p>Paroisse de Villefagnan&nbsp; <strong><\/strong><\/p>\n\n\n\n<p><strong>P\u00e8re Carlos Lopes&nbsp;: 06 37 71 52 46&nbsp; <\/strong><strong>&nbsp;<\/strong><a href=\"mailto:carlosolopes@hotmail.fr\">carlosolopes@hotmail.fr<\/a><\/p>\n\n\n\n<p>5 rue Patient<\/p>\n\n\n\n<p>16240 Villefagnan.<\/p>\n\n\n\n<figure class=\"wp-block-table\"><table><thead><tr><td><strong>Annonces des paroisses de Ruffec et Villefagnan<\/strong><\/td><td colspan=\"3\"><strong>Semaine du 12 au 20<\/strong><strong> Ao\u00fbt 2023<\/strong><\/td><\/tr><\/thead><tbody><tr><td rowspan=\"3\">Samedi 12<\/td><td>&nbsp; Ruffec<\/td><td>&nbsp;9 h &nbsp;9 h 30<\/td><td>&nbsp; Messe &nbsp;Confessions \u00e0 l\u2019\u00e9glise.<\/td><\/tr><tr><td>&nbsp;Taiz\u00e9-Aizie<\/td><td>&nbsp;11 h<\/td><td>&nbsp;Chapelet pour les vocations sacerdotales et religieuses<\/td><\/tr><tr><td>&nbsp;St Gervais, Chenon<\/td><td>&nbsp;18 h 30<\/td><td>&nbsp;Messes anticip\u00e9es<\/td><\/tr><tr><td rowspan=\"2\"><strong>Dimanche 13<\/strong><\/td><td>&nbsp; Aigre, Mansle Ruffec <strong>&nbsp;Villefagnan<\/strong><\/td><td>&nbsp;10 h 30<\/td><td>&nbsp;Messes dominicales<\/td><\/tr><tr><td>&nbsp;<\/td><td>&nbsp;<\/td><td>&nbsp;<\/td><\/tr><tr><td>Lundi 14<\/td><td>&nbsp;Ruffec &nbsp;<\/td><td>&nbsp;18 h<\/td><td>&nbsp;Messe<\/td><\/tr><tr><td rowspan=\"2\"><strong>Mardi 15 Assomption de la Bienheureuse Vierge Marie<\/strong><\/td><td>&nbsp;<strong>St Fraigne<\/strong> <strong>&nbsp;Villefagnan<\/strong> <strong>&nbsp;Souvign\u00e9<\/strong> <strong>&nbsp;Magn\u00e9<\/strong> <strong>&nbsp;Courc\u00f4me<\/strong><\/td><td>&nbsp;<strong>6 h 30 &nbsp;8 h &nbsp;8 h 30 &nbsp;9 h 30 &nbsp;10 h 30<\/strong><\/td><td><strong>&nbsp;D\u00e9part \u00e0 l&#8217;\u00e9glise du p\u00e8lerinage pour les vocations &nbsp;D\u00e9part \u00e0 l&#8217;\u00e9glise&nbsp; du p\u00e8lerinage pour les vocations &nbsp;D\u00e9part \u00e0 l&#8217;\u00e9glise du p\u00e8lerinage pour les vocations &nbsp;D\u00e9part du p\u00e8lerinage pour les vocations &nbsp;Arriv\u00e9e \u00e0 l&#8217;\u00e9glise, Messe de l&#8217;Assomption de la Vierge Marie<\/strong><\/td><\/tr><tr><td>&nbsp;Fouqueure, Lich\u00e8res &nbsp;Ruffec<\/td><td>&nbsp;10 h 30<\/td><td>&nbsp;Messe de l&#8217;Assomption de la Vierge Marie<\/td><\/tr><tr><td rowspan=\"2\">Mercredi 16<\/td><td>&nbsp;Aigre<\/td><td>&nbsp;11 h<\/td><td>&nbsp;Messe<\/td><\/tr><tr><td>&nbsp;Nanteuil en Vall\u00e9e<\/td><td>&nbsp;15 h 30<\/td><td>&nbsp;Messe au Val des Sources<\/td><\/tr><tr><td rowspan=\"2\">Jeudi 17<\/td><td>&nbsp;Ruffec<\/td><td>&nbsp;15 h 30<\/td><td>&nbsp;Messe aux Jardins d&#8217;Antan<\/td><\/tr><tr><td>&nbsp;Ruffec<\/td><td>&nbsp;18 h<\/td><td>&nbsp;Messe suivie de l&#8217;Adoration<\/td><\/tr><tr><td rowspan=\"3\">Vendredi 18 &nbsp;<\/td><td>&nbsp;Ruffec<\/td><td>&nbsp;9 h<\/td><td>&nbsp;Messe<\/td><\/tr><tr><td>&nbsp;Aigre<\/td><td>&nbsp;9 h<\/td><td>&nbsp; Messe&nbsp;<\/td><\/tr><tr><td>&nbsp;<\/td><td>&nbsp;<\/td><td>&nbsp;<\/td><\/tr><tr><td rowspan=\"3\"><strong>Samedi 19<\/strong><\/td><td>&nbsp;Ruffec<\/td><td>&nbsp;9 h &nbsp;9 h 30<\/td><td>&nbsp;Messe Confessions \u00e0 l\u2019\u00e9glise.<\/td><\/tr><tr><td>&nbsp;<strong>Londigny<\/strong><\/td><td><strong>&nbsp;11 h<\/strong><\/td><td>&nbsp;<strong>Chapelet pour les vocations sacerdotales et religieuses<\/strong><\/td><\/tr><tr><td>&nbsp;Taiz\u00e9-Aizie,&nbsp;&nbsp;&nbsp;&nbsp;&nbsp;&nbsp;&nbsp;&nbsp;&nbsp;&nbsp;&nbsp;&nbsp;&nbsp;&nbsp; &nbsp;Villejoubert<\/td><td>&nbsp;18 h 30<\/td><td>&nbsp;Messes anticip\u00e9es<\/td><\/tr><tr><td><strong>Dimanche 20<\/strong><\/td><td><strong>&nbsp; <\/strong>Aigre, Mansle Ruffec <strong>&nbsp;Paizay-Naudouin<\/strong><\/td><td>&nbsp;10 h 30<\/td><td>&nbsp;Messes dominicales&nbsp;&nbsp;&nbsp;&nbsp;&nbsp;&nbsp;&nbsp;&nbsp;&nbsp;&nbsp;&nbsp;&nbsp;&nbsp;&nbsp;&nbsp;&nbsp;&nbsp;&nbsp;&nbsp;&nbsp;&nbsp;&nbsp;&nbsp; &nbsp;&nbsp;&nbsp;&nbsp;&nbsp;&nbsp;&nbsp;&nbsp;&nbsp;&nbsp;&nbsp;&nbsp;&nbsp;&nbsp;&nbsp;&nbsp;&nbsp;&nbsp;&nbsp;&nbsp;&nbsp;&nbsp;<\/td><\/tr><tr><td>&nbsp;<\/td><td>&nbsp;<\/td><td>&nbsp;<\/td><td>&nbsp;<\/td><\/tr><\/tbody><\/table><\/figure>\n\n\n\n<p>Toutes infos&nbsp;: 05 45 29 01 72 \/ <a href=\"https:\/\/nordcharente.catholique.fr\/\">https:\/\/nordcharente.catholique.fr<\/a><\/p>\n\n\n\n<p>Presbyt\u00e8re de Villefagnan&nbsp;: 5 rue Patient 16240 Villefagnan&nbsp;: 05 45 31 61 07 .&nbsp; mail&nbsp;: paroisse.villefagnan@outlook.com<strong><\/strong><\/p>\n\n\n\n<p>Absence de l&#8217;Abb\u00e9 Fran\u00e7ois Xavier&nbsp; du 1<sup>er<\/sup> au 21 Ao\u00fbt.<\/p>\n\n\n\n<p><strong>Dimanche 20 ao\u00fbt \u00e0 10 h 30 Messe \u00e0 Paizay-Naudouin. Pas de messe \u00e0 Villefagnan<\/strong><\/p>\n\n\n\n<p>&nbsp;<strong><u>PELERINAGE A L\u2019ILE MADAME : Le mercredi 23 ao\u00fbt 2023,<\/u><\/strong> le dioc\u00e8se d\u2019Angoul\u00eame organise un p\u00e8lerinage \u00e0 l\u2019\u00eele Madame pour honorer les 23 pr\u00eatres charentais d\u00e9port\u00e9s dont 14 sont morts martyrs. Le P\u00e8lerinage sera pr\u00e9sid\u00e9 par Mgr Pascal Wintzer, archev\u00eaque de Poitiers et Mgr Fran\u00e7ois Jacolin, administrateur apostolique du dioc\u00e8se de La Rochelle. (Voir le programme sur les affiches. Comme les ann\u00e9es pass\u00e9es, le p\u00e8lerinage peut s\u2019organiser en co-voiturage \u00e0 partir de Ruffec (Inscriptions au presbyt\u00e8re) &nbsp;&nbsp;&nbsp;<\/p>\n\n\n\n<p><\/p>\n\n\n\n<p><strong>&nbsp;&nbsp;&nbsp;<\/strong><\/p>\n\n\n\n<p><\/p>\n\n\n\n<p><strong>&nbsp;&nbsp;&nbsp;&nbsp;&nbsp;&nbsp;&nbsp;&nbsp;&nbsp;&nbsp;&nbsp;&nbsp;&nbsp;&nbsp;&nbsp;&nbsp;&nbsp;&nbsp;&nbsp;&nbsp;&nbsp;&nbsp; &#8212;&#8212;&#8212;&#8212;&#8212;&#8212;&#8212;&#8212;&#8212;&#8212;&#8212;&#8212;&#8212;&#8212;&#8212;&#8212;&#8212;&#8212;&#8212;&#8212;&#8212;&#8212;&#8212;&#8212;&#8212;&#8211;<\/strong><\/p>\n\n\n","protected":false},"excerpt":{"rendered":"<p>Paroisse de Villefagnan&nbsp; P\u00e8re Carlos Lopes&nbsp;: 06 37 71 52 46&nbsp; &nbsp;carlosolopes@hotmail.fr 5 rue Patient 16240 Villefagnan. Annonces des paroisses de Ruffec et Villefagnan Semaine du 12 au 20 Ao\u00fbt 2023 Samedi 12 &nbsp; Ruffec &nbsp;9 h &nbsp;9 h 30 &nbsp; Messe &nbsp;Confessions \u00e0 l\u2019\u00e9glise. &nbsp;Taiz\u00e9-Aizie &nbsp;11 h &nbsp;Chapelet pour les vocations sacerdotales et religieuses [&hellip;]<\/p>\n","protected":false},"author":38,"featured_media":5328,"comment_status":"open","ping_status":"open","sticky":false,"template":"","format":"standard","meta":{"_acf_changed":false,"paroisse":["14"],"service":["0"],"footnotes":""},"categories":[1],"tags":[],"class_list":["post-5331","post","type-post","status-publish","format-standard","has-post-thumbnail","hentry","category-actualites"],"acf":[],"yoast_head":"<!-- This site is optimized with the Yoast SEO plugin v27.1.1 - https:\/\/yoast.com\/product\/yoast-seo-wordpress\/ -->\n<title>Annonces:semaine du 12 au 20 ao\u00fbt 2023 - Doyenn\u00e9 Nord Charente<\/title>\n<meta name=\"robots\" content=\"index, follow, max-snippet:-1, max-image-preview:large, max-video-preview:-1\" \/>\n<link rel=\"canonical\" href=\"https:\/\/charente.catholique.fr\/nord-charente\/actualites\/annoncessemaine-du-12-au-20-aout-2023\/\" \/>\n<meta property=\"og:locale\" content=\"fr_FR\" \/>\n<meta property=\"og:type\" content=\"article\" \/>\n<meta property=\"og:title\" content=\"Annonces:semaine du 12 au 20 ao\u00fbt 2023 - Doyenn\u00e9 Nord Charente\" \/>\n<meta property=\"og:description\" content=\"Paroisse de Villefagnan&nbsp; P\u00e8re Carlos Lopes&nbsp;: 06 37 71 52 46&nbsp; &nbsp;carlosolopes@hotmail.fr 5 rue Patient 16240 Villefagnan. Annonces des paroisses de Ruffec et Villefagnan Semaine du 12 au 20 Ao\u00fbt 2023 Samedi 12 &nbsp; Ruffec &nbsp;9 h &nbsp;9 h 30 &nbsp; Messe &nbsp;Confessions \u00e0 l\u2019\u00e9glise. &nbsp;Taiz\u00e9-Aizie &nbsp;11 h &nbsp;Chapelet pour les vocations sacerdotales et religieuses [&hellip;]\" \/>\n<meta property=\"og:url\" content=\"https:\/\/charente.catholique.fr\/nord-charente\/actualites\/annoncessemaine-du-12-au-20-aout-2023\/\" \/>\n<meta property=\"og:site_name\" content=\"Doyenn\u00e9 Nord Charente\" \/>\n<meta property=\"article:publisher\" content=\"https:\/\/www.facebook.com\/EgliseCatholiqueCharente\" \/>\n<meta property=\"article:published_time\" content=\"2023-08-16T07:37:52+00:00\" \/>\n<meta property=\"og:image\" content=\"https:\/\/charente.catholique.fr\/nord-charente\/wp-content\/uploads\/sites\/4\/2023\/08\/image-4-756x1080.png\" \/>\n\t<meta property=\"og:image:width\" content=\"756\" \/>\n\t<meta property=\"og:image:height\" content=\"1080\" \/>\n\t<meta property=\"og:image:type\" content=\"image\/png\" \/>\n<meta name=\"author\" content=\"joelleayrault\" \/>\n<meta name=\"twitter:card\" content=\"summary_large_image\" \/>\n<meta name=\"twitter:creator\" content=\"@diocesecharente\" \/>\n<meta name=\"twitter:site\" content=\"@diocesecharente\" \/>\n<meta name=\"twitter:label1\" content=\"\u00c9crit par\" \/>\n\t<meta name=\"twitter:data1\" content=\"joelleayrault\" \/>\n\t<meta name=\"twitter:label2\" content=\"Dur\u00e9e de lecture estim\u00e9e\" \/>\n\t<meta name=\"twitter:data2\" content=\"3 minutes\" \/>\n<script type=\"application\/ld+json\" class=\"yoast-schema-graph\">{\"@context\":\"https:\/\/schema.org\",\"@graph\":[{\"@type\":\"Article\",\"@id\":\"https:\/\/charente.catholique.fr\/nord-charente\/actualites\/annoncessemaine-du-12-au-20-aout-2023\/#article\",\"isPartOf\":{\"@id\":\"https:\/\/charente.catholique.fr\/nord-charente\/actualites\/annoncessemaine-du-12-au-20-aout-2023\/\"},\"author\":{\"name\":\"joelleayrault\",\"@id\":\"https:\/\/charente.catholique.fr\/nord-charente\/#\/schema\/person\/51184492e4abba33e5d768059a70f4db\"},\"headline\":\"Annonces:semaine du 12 au 20 ao\u00fbt 2023\",\"datePublished\":\"2023-08-16T07:37:52+00:00\",\"mainEntityOfPage\":{\"@id\":\"https:\/\/charente.catholique.fr\/nord-charente\/actualites\/annoncessemaine-du-12-au-20-aout-2023\/\"},\"wordCount\":530,\"commentCount\":0,\"publisher\":{\"@id\":\"https:\/\/charente.catholique.fr\/nord-charente\/#organization\"},\"image\":{\"@id\":\"https:\/\/charente.catholique.fr\/nord-charente\/actualites\/annoncessemaine-du-12-au-20-aout-2023\/#primaryimage\"},\"thumbnailUrl\":\"https:\/\/charente.catholique.fr\/nord-charente\/wp-content\/uploads\/sites\/4\/2023\/08\/image-4.png\",\"articleSection\":[\"Actualit\u00e9s\"],\"inLanguage\":\"fr-FR\",\"potentialAction\":[{\"@type\":\"CommentAction\",\"name\":\"Comment\",\"target\":[\"https:\/\/charente.catholique.fr\/nord-charente\/actualites\/annoncessemaine-du-12-au-20-aout-2023\/#respond\"]}]},{\"@type\":\"WebPage\",\"@id\":\"https:\/\/charente.catholique.fr\/nord-charente\/actualites\/annoncessemaine-du-12-au-20-aout-2023\/\",\"url\":\"https:\/\/charente.catholique.fr\/nord-charente\/actualites\/annoncessemaine-du-12-au-20-aout-2023\/\",\"name\":\"Annonces:semaine du 12 au 20 ao\u00fbt 2023 - Doyenn\u00e9 Nord Charente\",\"isPartOf\":{\"@id\":\"https:\/\/charente.catholique.fr\/nord-charente\/#website\"},\"primaryImageOfPage\":{\"@id\":\"https:\/\/charente.catholique.fr\/nord-charente\/actualites\/annoncessemaine-du-12-au-20-aout-2023\/#primaryimage\"},\"image\":{\"@id\":\"https:\/\/charente.catholique.fr\/nord-charente\/actualites\/annoncessemaine-du-12-au-20-aout-2023\/#primaryimage\"},\"thumbnailUrl\":\"https:\/\/charente.catholique.fr\/nord-charente\/wp-content\/uploads\/sites\/4\/2023\/08\/image-4.png\",\"datePublished\":\"2023-08-16T07:37:52+00:00\",\"breadcrumb\":{\"@id\":\"https:\/\/charente.catholique.fr\/nord-charente\/actualites\/annoncessemaine-du-12-au-20-aout-2023\/#breadcrumb\"},\"inLanguage\":\"fr-FR\",\"potentialAction\":[{\"@type\":\"ReadAction\",\"target\":[\"https:\/\/charente.catholique.fr\/nord-charente\/actualites\/annoncessemaine-du-12-au-20-aout-2023\/\"]}]},{\"@type\":\"ImageObject\",\"inLanguage\":\"fr-FR\",\"@id\":\"https:\/\/charente.catholique.fr\/nord-charente\/actualites\/annoncessemaine-du-12-au-20-aout-2023\/#primaryimage\",\"url\":\"https:\/\/charente.catholique.fr\/nord-charente\/wp-content\/uploads\/sites\/4\/2023\/08\/image-4.png\",\"contentUrl\":\"https:\/\/charente.catholique.fr\/nord-charente\/wp-content\/uploads\/sites\/4\/2023\/08\/image-4.png\",\"width\":1604,\"height\":2292},{\"@type\":\"BreadcrumbList\",\"@id\":\"https:\/\/charente.catholique.fr\/nord-charente\/actualites\/annoncessemaine-du-12-au-20-aout-2023\/#breadcrumb\",\"itemListElement\":[{\"@type\":\"ListItem\",\"position\":1,\"name\":\"Accueil\",\"item\":\"https:\/\/charente.catholique.fr\/nord-charente\/\"},{\"@type\":\"ListItem\",\"position\":2,\"name\":\"Annonces:semaine du 12 au 20 ao\u00fbt 2023\"}]},{\"@type\":\"WebSite\",\"@id\":\"https:\/\/charente.catholique.fr\/nord-charente\/#website\",\"url\":\"https:\/\/charente.catholique.fr\/nord-charente\/\",\"name\":\"Doyenn\u00e9 Nord Charente - Dioc\u00e8se d'Angoul\u00eame\",\"description\":\"Dioc\u00e8se d&#039;Angoul\u00eame\",\"publisher\":{\"@id\":\"https:\/\/charente.catholique.fr\/nord-charente\/#organization\"},\"potentialAction\":[{\"@type\":\"SearchAction\",\"target\":{\"@type\":\"EntryPoint\",\"urlTemplate\":\"https:\/\/charente.catholique.fr\/nord-charente\/?s={search_term_string}\"},\"query-input\":{\"@type\":\"PropertyValueSpecification\",\"valueRequired\":true,\"valueName\":\"search_term_string\"}}],\"inLanguage\":\"fr-FR\"},{\"@type\":\"Organization\",\"@id\":\"https:\/\/charente.catholique.fr\/nord-charente\/#organization\",\"name\":\"Association dioc\u00e9saine d'Angoul\u00eame\",\"url\":\"https:\/\/charente.catholique.fr\/nord-charente\/\",\"logo\":{\"@type\":\"ImageObject\",\"inLanguage\":\"fr-FR\",\"@id\":\"https:\/\/charente.catholique.fr\/nord-charente\/#\/schema\/logo\/image\/\",\"url\":\"https:\/\/charente.catholique.fr\/nord-charente\/wp-content\/uploads\/sites\/4\/2020\/10\/logos.png\",\"contentUrl\":\"https:\/\/charente.catholique.fr\/nord-charente\/wp-content\/uploads\/sites\/4\/2020\/10\/logos.png\",\"width\":600,\"height\":257,\"caption\":\"Association dioc\u00e9saine d'Angoul\u00eame\"},\"image\":{\"@id\":\"https:\/\/charente.catholique.fr\/nord-charente\/#\/schema\/logo\/image\/\"},\"sameAs\":[\"https:\/\/www.facebook.com\/EgliseCatholiqueCharente\",\"https:\/\/x.com\/diocesecharente\",\"https:\/\/www.instagram.com\/eglisecharente\",\"https:\/\/www.youtube.com\/channel\/UCByyFWApZbw3gDTiADoiAaQ\"]},{\"@type\":\"Person\",\"@id\":\"https:\/\/charente.catholique.fr\/nord-charente\/#\/schema\/person\/51184492e4abba33e5d768059a70f4db\",\"name\":\"joelleayrault\",\"image\":{\"@type\":\"ImageObject\",\"inLanguage\":\"fr-FR\",\"@id\":\"https:\/\/charente.catholique.fr\/nord-charente\/#\/schema\/person\/image\/\",\"url\":\"https:\/\/secure.gravatar.com\/avatar\/3bd3977af99690427d59b19ec7b6bd94226de63be5c368ae8d090f2d7f86dd5f?s=96&d=mm&r=g\",\"contentUrl\":\"https:\/\/secure.gravatar.com\/avatar\/3bd3977af99690427d59b19ec7b6bd94226de63be5c368ae8d090f2d7f86dd5f?s=96&d=mm&r=g\",\"caption\":\"joelleayrault\"},\"url\":\"https:\/\/charente.catholique.fr\/nord-charente\/author\/joelleayrault\/\"}]}<\/script>\n<!-- \/ Yoast SEO plugin. -->","yoast_head_json":{"title":"Annonces:semaine du 12 au 20 ao\u00fbt 2023 - Doyenn\u00e9 Nord Charente","robots":{"index":"index","follow":"follow","max-snippet":"max-snippet:-1","max-image-preview":"max-image-preview:large","max-video-preview":"max-video-preview:-1"},"canonical":"https:\/\/charente.catholique.fr\/nord-charente\/actualites\/annoncessemaine-du-12-au-20-aout-2023\/","og_locale":"fr_FR","og_type":"article","og_title":"Annonces:semaine du 12 au 20 ao\u00fbt 2023 - Doyenn\u00e9 Nord Charente","og_description":"Paroisse de Villefagnan&nbsp; P\u00e8re Carlos Lopes&nbsp;: 06 37 71 52 46&nbsp; &nbsp;carlosolopes@hotmail.fr 5 rue Patient 16240 Villefagnan. Annonces des paroisses de Ruffec et Villefagnan Semaine du 12 au 20 Ao\u00fbt 2023 Samedi 12 &nbsp; Ruffec &nbsp;9 h &nbsp;9 h 30 &nbsp; Messe &nbsp;Confessions \u00e0 l\u2019\u00e9glise. &nbsp;Taiz\u00e9-Aizie &nbsp;11 h &nbsp;Chapelet pour les vocations sacerdotales et religieuses [&hellip;]","og_url":"https:\/\/charente.catholique.fr\/nord-charente\/actualites\/annoncessemaine-du-12-au-20-aout-2023\/","og_site_name":"Doyenn\u00e9 Nord Charente","article_publisher":"https:\/\/www.facebook.com\/EgliseCatholiqueCharente","article_published_time":"2023-08-16T07:37:52+00:00","og_image":[{"width":756,"height":1080,"url":"https:\/\/charente.catholique.fr\/nord-charente\/wp-content\/uploads\/sites\/4\/2023\/08\/image-4-756x1080.png","type":"image\/png"}],"author":"joelleayrault","twitter_card":"summary_large_image","twitter_creator":"@diocesecharente","twitter_site":"@diocesecharente","twitter_misc":{"\u00c9crit par":"joelleayrault","Dur\u00e9e de lecture estim\u00e9e":"3 minutes"},"schema":{"@context":"https:\/\/schema.org","@graph":[{"@type":"Article","@id":"https:\/\/charente.catholique.fr\/nord-charente\/actualites\/annoncessemaine-du-12-au-20-aout-2023\/#article","isPartOf":{"@id":"https:\/\/charente.catholique.fr\/nord-charente\/actualites\/annoncessemaine-du-12-au-20-aout-2023\/"},"author":{"name":"joelleayrault","@id":"https:\/\/charente.catholique.fr\/nord-charente\/#\/schema\/person\/51184492e4abba33e5d768059a70f4db"},"headline":"Annonces:semaine du 12 au 20 ao\u00fbt 2023","datePublished":"2023-08-16T07:37:52+00:00","mainEntityOfPage":{"@id":"https:\/\/charente.catholique.fr\/nord-charente\/actualites\/annoncessemaine-du-12-au-20-aout-2023\/"},"wordCount":530,"commentCount":0,"publisher":{"@id":"https:\/\/charente.catholique.fr\/nord-charente\/#organization"},"image":{"@id":"https:\/\/charente.catholique.fr\/nord-charente\/actualites\/annoncessemaine-du-12-au-20-aout-2023\/#primaryimage"},"thumbnailUrl":"https:\/\/charente.catholique.fr\/nord-charente\/wp-content\/uploads\/sites\/4\/2023\/08\/image-4.png","articleSection":["Actualit\u00e9s"],"inLanguage":"fr-FR","potentialAction":[{"@type":"CommentAction","name":"Comment","target":["https:\/\/charente.catholique.fr\/nord-charente\/actualites\/annoncessemaine-du-12-au-20-aout-2023\/#respond"]}]},{"@type":"WebPage","@id":"https:\/\/charente.catholique.fr\/nord-charente\/actualites\/annoncessemaine-du-12-au-20-aout-2023\/","url":"https:\/\/charente.catholique.fr\/nord-charente\/actualites\/annoncessemaine-du-12-au-20-aout-2023\/","name":"Annonces:semaine du 12 au 20 ao\u00fbt 2023 - Doyenn\u00e9 Nord Charente","isPartOf":{"@id":"https:\/\/charente.catholique.fr\/nord-charente\/#website"},"primaryImageOfPage":{"@id":"https:\/\/charente.catholique.fr\/nord-charente\/actualites\/annoncessemaine-du-12-au-20-aout-2023\/#primaryimage"},"image":{"@id":"https:\/\/charente.catholique.fr\/nord-charente\/actualites\/annoncessemaine-du-12-au-20-aout-2023\/#primaryimage"},"thumbnailUrl":"https:\/\/charente.catholique.fr\/nord-charente\/wp-content\/uploads\/sites\/4\/2023\/08\/image-4.png","datePublished":"2023-08-16T07:37:52+00:00","breadcrumb":{"@id":"https:\/\/charente.catholique.fr\/nord-charente\/actualites\/annoncessemaine-du-12-au-20-aout-2023\/#breadcrumb"},"inLanguage":"fr-FR","potentialAction":[{"@type":"ReadAction","target":["https:\/\/charente.catholique.fr\/nord-charente\/actualites\/annoncessemaine-du-12-au-20-aout-2023\/"]}]},{"@type":"ImageObject","inLanguage":"fr-FR","@id":"https:\/\/charente.catholique.fr\/nord-charente\/actualites\/annoncessemaine-du-12-au-20-aout-2023\/#primaryimage","url":"https:\/\/charente.catholique.fr\/nord-charente\/wp-content\/uploads\/sites\/4\/2023\/08\/image-4.png","contentUrl":"https:\/\/charente.catholique.fr\/nord-charente\/wp-content\/uploads\/sites\/4\/2023\/08\/image-4.png","width":1604,"height":2292},{"@type":"BreadcrumbList","@id":"https:\/\/charente.catholique.fr\/nord-charente\/actualites\/annoncessemaine-du-12-au-20-aout-2023\/#breadcrumb","itemListElement":[{"@type":"ListItem","position":1,"name":"Accueil","item":"https:\/\/charente.catholique.fr\/nord-charente\/"},{"@type":"ListItem","position":2,"name":"Annonces:semaine du 12 au 20 ao\u00fbt 2023"}]},{"@type":"WebSite","@id":"https:\/\/charente.catholique.fr\/nord-charente\/#website","url":"https:\/\/charente.catholique.fr\/nord-charente\/","name":"Doyenn\u00e9 Nord Charente - Dioc\u00e8se d'Angoul\u00eame","description":"Dioc\u00e8se d&#039;Angoul\u00eame","publisher":{"@id":"https:\/\/charente.catholique.fr\/nord-charente\/#organization"},"potentialAction":[{"@type":"SearchAction","target":{"@type":"EntryPoint","urlTemplate":"https:\/\/charente.catholique.fr\/nord-charente\/?s={search_term_string}"},"query-input":{"@type":"PropertyValueSpecification","valueRequired":true,"valueName":"search_term_string"}}],"inLanguage":"fr-FR"},{"@type":"Organization","@id":"https:\/\/charente.catholique.fr\/nord-charente\/#organization","name":"Association dioc\u00e9saine d'Angoul\u00eame","url":"https:\/\/charente.catholique.fr\/nord-charente\/","logo":{"@type":"ImageObject","inLanguage":"fr-FR","@id":"https:\/\/charente.catholique.fr\/nord-charente\/#\/schema\/logo\/image\/","url":"https:\/\/charente.catholique.fr\/nord-charente\/wp-content\/uploads\/sites\/4\/2020\/10\/logos.png","contentUrl":"https:\/\/charente.catholique.fr\/nord-charente\/wp-content\/uploads\/sites\/4\/2020\/10\/logos.png","width":600,"height":257,"caption":"Association dioc\u00e9saine d'Angoul\u00eame"},"image":{"@id":"https:\/\/charente.catholique.fr\/nord-charente\/#\/schema\/logo\/image\/"},"sameAs":["https:\/\/www.facebook.com\/EgliseCatholiqueCharente","https:\/\/x.com\/diocesecharente","https:\/\/www.instagram.com\/eglisecharente","https:\/\/www.youtube.com\/channel\/UCByyFWApZbw3gDTiADoiAaQ"]},{"@type":"Person","@id":"https:\/\/charente.catholique.fr\/nord-charente\/#\/schema\/person\/51184492e4abba33e5d768059a70f4db","name":"joelleayrault","image":{"@type":"ImageObject","inLanguage":"fr-FR","@id":"https:\/\/charente.catholique.fr\/nord-charente\/#\/schema\/person\/image\/","url":"https:\/\/secure.gravatar.com\/avatar\/3bd3977af99690427d59b19ec7b6bd94226de63be5c368ae8d090f2d7f86dd5f?s=96&d=mm&r=g","contentUrl":"https:\/\/secure.gravatar.com\/avatar\/3bd3977af99690427d59b19ec7b6bd94226de63be5c368ae8d090f2d7f86dd5f?s=96&d=mm&r=g","caption":"joelleayrault"},"url":"https:\/\/charente.catholique.fr\/nord-charente\/author\/joelleayrault\/"}]}},"_links":{"self":[{"href":"https:\/\/charente.catholique.fr\/nord-charente\/wp-json\/wp\/v2\/posts\/5331","targetHints":{"allow":["GET"]}}],"collection":[{"href":"https:\/\/charente.catholique.fr\/nord-charente\/wp-json\/wp\/v2\/posts"}],"about":[{"href":"https:\/\/charente.catholique.fr\/nord-charente\/wp-json\/wp\/v2\/types\/post"}],"author":[{"embeddable":true,"href":"https:\/\/charente.catholique.fr\/nord-charente\/wp-json\/wp\/v2\/users\/38"}],"replies":[{"embeddable":true,"href":"https:\/\/charente.catholique.fr\/nord-charente\/wp-json\/wp\/v2\/comments?post=5331"}],"version-history":[{"count":4,"href":"https:\/\/charente.catholique.fr\/nord-charente\/wp-json\/wp\/v2\/posts\/5331\/revisions"}],"predecessor-version":[{"id":5336,"href":"https:\/\/charente.catholique.fr\/nord-charente\/wp-json\/wp\/v2\/posts\/5331\/revisions\/5336"}],"wp:featuredmedia":[{"embeddable":true,"href":"https:\/\/charente.catholique.fr\/nord-charente\/wp-json\/wp\/v2\/media\/5328"}],"wp:attachment":[{"href":"https:\/\/charente.catholique.fr\/nord-charente\/wp-json\/wp\/v2\/media?parent=5331"}],"wp:term":[{"taxonomy":"category","embeddable":true,"href":"https:\/\/charente.catholique.fr\/nord-charente\/wp-json\/wp\/v2\/categories?post=5331"},{"taxonomy":"post_tag","embeddable":true,"href":"https:\/\/charente.catholique.fr\/nord-charente\/wp-json\/wp\/v2\/tags?post=5331"}],"curies":[{"name":"wp","href":"https:\/\/api.w.org\/{rel}","templated":true}]}}