{"id":5305,"date":"2023-08-07T18:45:48","date_gmt":"2023-08-07T16:45:48","guid":{"rendered":"https:\/\/charente.catholique.fr\/nord-charente\/?p=5305"},"modified":"2023-08-07T18:45:48","modified_gmt":"2023-08-07T16:45:48","slug":"annoncessemaine-du-05-au-13-aout-2023","status":"publish","type":"post","link":"https:\/\/charente.catholique.fr\/nord-charente\/actualites\/annoncessemaine-du-05-au-13-aout-2023\/","title":{"rendered":"Annonces:semaine du 05 au 13 ao\u00fbt 2023"},"content":{"rendered":"\n<p>Paroisse de Villefagnan&nbsp; <strong><\/strong><\/p>\n\n\n\n<p><strong>P\u00e8re Carlos Lopes&nbsp;: 06 37 71 52 46&nbsp; <\/strong><strong>&nbsp;<\/strong><a href=\"mailto:carlosolopes@hotmail.fr\">carlosolopes@hotmail.fr<\/a><\/p>\n\n\n\n<p>5 rue Patient<\/p>\n\n\n\n<p>16240 Villefagnan.<\/p>\n\n\n\n<figure class=\"wp-block-table\"><table><thead><tr><td><strong>Annonces des paroisses de Ruffec et Villefagnan<\/strong><\/td><td colspan=\"3\"><strong>Semaine du<\/strong><strong> 5 au 13 Ao\u00fbt 2023<\/strong><\/td><\/tr><\/thead><tbody><tr><td rowspan=\"4\">Samedi 5<\/td><td>&nbsp;Ruffec<\/td><td>9 h 9 h 30<\/td><td>&nbsp;Messe \u00e0 l\u2019oratoire. &nbsp;Confessions \u00e0 l\u2019\u00e9glise.<\/td><\/tr><tr><td>&nbsp;Saint- Fraigne<\/td><td>11 h<\/td><td>&nbsp;Chapelet pour les vocations sacerdotales et religieuses<\/td><\/tr><tr><td>&nbsp;<\/td><td>18 h 30<\/td><td>&nbsp;Messes anticip\u00e9es \u00e0 Aunac et Verteuil<\/td><\/tr><tr><td>&nbsp;<\/td><td>&nbsp;<\/td><td>&nbsp;<\/td><\/tr><tr><td rowspan=\"2\">Dimanche 6<\/td><td>&nbsp;Aigre, Mansle Ruffec &nbsp;<strong>Villefagnan<\/strong><\/td><td>10 h 30<\/td><td>&nbsp;<strong>Messes dominicales<\/strong><\/td><\/tr><tr><td>&nbsp;<\/td><td>&nbsp;<\/td><td>&nbsp;<\/td><\/tr><tr><td>Lundi 7<\/td><td>&nbsp;Ruffec<\/td><td>&nbsp;18h<\/td><td>&nbsp; &nbsp;Messe \u00e0 l&#8217;oratoire<\/td><\/tr><tr><td rowspan=\"2\">Mardi 8<\/td><td>&nbsp;<strong>Villefagnan<\/strong><strong><\/strong><\/td><td><strong>&nbsp;<\/strong><strong>9 h 15<\/strong><strong><\/strong><\/td><td><strong>&nbsp;<\/strong><strong>Messe \u00e0 l&#8217;\u00e9glise<\/strong><strong><\/strong> <strong>&nbsp;<\/strong><strong>Rencontre \u00e9quipe liturgique n\u00b0 4 (Dimanche 13 Ao\u00fbt)<\/strong><\/td><\/tr><tr><td>&nbsp;Ruffec<strong><\/strong> <strong>&nbsp;<\/strong><\/td><td>&nbsp;18 h <strong><\/strong> <strong>&nbsp;<\/strong><\/td><td>&nbsp;Messe \u00e0 l&#8217;\u00e9glise<strong><\/strong> <strong>&nbsp;<\/strong><\/td><\/tr><tr><td rowspan=\"3\">Mercredi 9<\/td><td>&nbsp;Aigre<\/td><td>11 h<\/td><td>&nbsp;Messe<\/td><\/tr><tr><td>&nbsp;Ruffec<\/td><td>&nbsp;18 h<\/td><td>&nbsp;Messe \u00e0 l&#8217;\u00e9glise<\/td><\/tr><tr><td>&nbsp;<\/td><td>&nbsp;<\/td><td>&nbsp;<\/td><\/tr><tr><td rowspan=\"3\">Jeudi 10<\/td><td>&nbsp;<\/td><td>&nbsp;<\/td><td>&nbsp;<\/td><\/tr><tr><td>&nbsp;Ruffec<\/td><td>&nbsp;18 h<\/td><td>&nbsp;Messe suivie de l&#8217;Adoration<\/td><\/tr><tr><td>&nbsp;<\/td><td>&nbsp;<\/td><td>&nbsp;<\/td><\/tr><tr><td rowspan=\"3\">Vendredi 11 &nbsp;<\/td><td>&nbsp;Ruffec<\/td><td>&nbsp;9 h<\/td><td>&nbsp;Messe<\/td><\/tr><tr><td>&nbsp;Aigre<\/td><td>&nbsp;9 h<\/td><td>&nbsp; Messe&nbsp;<\/td><\/tr><tr><td>&nbsp;<\/td><td>&nbsp;<\/td><td>&nbsp;<\/td><\/tr><tr><td rowspan=\"4\">Samedi 12<\/td><td>&nbsp;Ruffec<\/td><td>9 h 9 h 30<\/td><td>&nbsp;Messe \u00e0 l\u2019oratoire. &nbsp;Confessions \u00e0 l\u2019\u00e9glise.<\/td><\/tr><tr><td>&nbsp;Taiz\u00e9-Aizie<\/td><td>11 h<\/td><td>&nbsp;Chapelet pour les vocations sacerdotales et religieuses<\/td><\/tr><tr><td>&nbsp;<\/td><td>18 h 30<\/td><td>&nbsp;Messes anticip\u00e9es \u00e0 Chenon et Saint-Gervais<\/td><\/tr><tr><td>&nbsp;<\/td><td>&nbsp;<\/td><td>&nbsp;<\/td><\/tr><tr><td>Dimanche 13<\/td><td><strong>&nbsp; <\/strong>Aigre, Mansle Ruffec <strong>&nbsp; Villefagnan<\/strong><\/td><td>&nbsp;10 h 30<\/td><td>&nbsp;<strong>Messes dominicales&nbsp;&nbsp;&nbsp;&nbsp;&nbsp;&nbsp;&nbsp;&nbsp;&nbsp;&nbsp;&nbsp;&nbsp;&nbsp;&nbsp;&nbsp;&nbsp;&nbsp;&nbsp;&nbsp;&nbsp;&nbsp;&nbsp;&nbsp;&nbsp;&nbsp;&nbsp;&nbsp;&nbsp;&nbsp;&nbsp;&nbsp;&nbsp;&nbsp;&nbsp;&nbsp;&nbsp;&nbsp;&nbsp;&nbsp;&nbsp;&nbsp;&nbsp;&nbsp;&nbsp;&nbsp; <\/strong><strong><\/strong><\/td><\/tr><tr><td>&nbsp;<\/td><td>&nbsp;<\/td><td>&nbsp;<\/td><td>&nbsp;<\/td><\/tr><\/tbody><\/table><\/figure>\n\n\n\n<p>Toutes infos&nbsp;: 05 45 29 01 72 \/ <a href=\"https:\/\/nordcharente.catholique.fr\/\">https:\/\/nordcharente.catholique.fr<\/a><\/p>\n\n\n\n<p>Presbyt\u00e8re de Villefagnan&nbsp;: 5 rue Patient 16240 Villefagnan&nbsp;: 05 45 31 61 07 \/ mail&nbsp;: paroisse.villefagnan@outlook.com<strong><\/strong><\/p>\n\n\n\n<p>Absence de l\u2019Abb\u00e9 Fran\u00e7ois Xavier Marie du 1<sup>er<\/sup> au 21 Ao\u00fbt<\/p>\n\n\n\n<p class=\"has-medium-font-size\"><strong>Mardi 15 ao\u00fbt pas de messe \u00e0 Villefagnan. P\u00e8lerinage pour les vocations le mardi 15 ao\u00fbt. Diff\u00e9rends d\u00e9parts sont pr\u00e9vus : \u00e9glise de Saint-Fraigne 6h30,\u00e9glise de Villefagnan 8h,\u00e9glise de Souvign\u00e9 8h30,Magn\u00e9 9h30,arriv\u00e9e \u00e0 l\u2019\u00e9glise <u>Notre-Dame de Courc\u00f4me pour la messe de l\u2019Assomption 10h30<\/u> .La messe sera suivie d\u2019un ap\u00e9ritif festif.<\/strong><\/p>\n\n\n\n<p class=\"has-medium-font-size\"><strong><em><u>PELERINAGE \u00e0 l\u2019ILE MADAME<\/u><\/em><\/strong><strong>&nbsp;:<\/strong><strong><\/strong><\/p>\n\n\n\n<p><strong>Le mercredi 23 ao\u00fbt 2023<\/strong>, le dioc\u00e8se d\u2019Angoul\u00eame organise un p\u00e8lerinage \u00e0 l\u2019\u00eele Madame pour honorer les 23 pr\u00eatres charentais d\u00e9port\u00e9s dont 14 sont morts martyrs.<\/p>\n\n\n\n<p>Le P\u00e8lerinage sera pr\u00e9sid\u00e9 par Mgr Pascal Wintzer, archev\u00eaque de Poitiers&nbsp;et Mgr Fran\u00e7ois Jacolin, administrateur apostolique du dioc\u00e8se de La Rochelle.<\/p>\n\n\n\n<p>(Voir le programme sur les affiches.<\/p>\n\n\n\n<p><strong>Comme les ann\u00e9es pass\u00e9es, le p\u00e8lerinage peut s\u2019organiser en co-voiturage \u00e0 partir de Ruffec <\/strong><strong><\/strong><\/p>\n\n\n\n<p><strong>(Inscriptions au presbyt\u00e8re)<\/strong> Pour toute information : Presbyt\u00e8re&nbsp;: 05 45 29 01 72<\/p>\n\n\n\n<p><\/p>\n\n\n\n<p class=\"has-medium-font-size\"><strong>En route pour l\u2019assembl\u00e9e dioc\u00e9saine !<\/strong><br>Le samedi 14 octobre prochain aura lieu l\u2019assembl\u00e9e dioc\u00e9saine autour de Mgr Herv\u00e9 Gosselin.<br>Ce temps-fort dioc\u00e9sain s\u2019inscrit dans une double dynamique : la dynamique synodale initi\u00e9e par le pape Fran\u00e7ois, d\u00e8s<br>2021, et la dynamique de nouvelle \u00e9vang\u00e9lisation, dite KERYGMA, dont le rassemblement national aura lieu une<br>semaine apr\u00e8s \u00e0 Lourdes.<br>Une \u00e9quipe de pr\u00e9paration a \u00e9t\u00e9 appel\u00e9e par Mgr Gosselin pour organiser cette rencon tre.<br>Cette journ\u00e9e nous aidera \u00e0 nous \u00e9merveiller de ce qui est beau et encourageant dans notre \u00c9glise de Charente. Puis,<br>ensemble, nourris par ce temps d\u2019action de gr\u00e2ces, nous aurons \u00e0 c\u0153ur de r\u00e9fl\u00e9chir et de discerner, sous la conduite de<br>l\u2019Esprit, ce qui doit \u00eatre tout particuli\u00e8rement accompagn\u00e9 et encourag\u00e9 pour continuer de soutenir l\u2019\u00e9vang\u00e9lisation et<br>l\u2019annonce de la foi dans notre dioc\u00e8se. Des propositions concr\u00e8tes pour l\u2019avenir de notre dioc\u00e8se seront ainsi formul\u00e9es.<br>Sont convi\u00e9s \u00e0 cette assembl\u00e9e les membres des diff\u00e9rents conseils dioc\u00e9sains (\u00e9piscopal, presbyt\u00e9ral, pastoral,<br>\u00e9conomique), des EAP, les personnes qui participeront au rassemblement Kerygma, ainsi que des repr\u00e9sentants des<br>congr\u00e9gations, des mouvements et associations de fid\u00e8les et d\u2019autres associations au service de l\u2019\u00c9glise en Charente. En<br>outre, chaque paroisse sera invit\u00e9e \u00e0 d\u00e9l\u00e9guer 5 personnes investies d\u2019une mani\u00e8re ou d\u2019une autre dans la vie paroissiale.<br>Cette journ\u00e9e sera aussi l\u2019occasion d\u2019un envoi en mission des personnes qui, \u00e0 la rentr\u00e9e, prendront de nouvelles<br>responsabilit\u00e9s au service du dioc\u00e8se.<br>Diverses pr\u00e9cisions parviendront aux personnes invit\u00e9es, courant septembre.<\/p>\n\n\n\n<h2 class=\"wp-block-heading\">L\u2019\u00e9quipe de pr\u00e9paration Dioc\u00e8se d\u2019Angoul\u00eame<\/h2>\n\n\n\n<p class=\"has-medium-font-size\"><strong>Nominations effectives \u00e0 partir du 1er septembre 2023<\/strong> et diverses informations concernant<br>notre dioc\u00e8se.<br>NOMINATIONS<br>Doyenn\u00e9 Grand Angoul\u00eame<br>Le P\u00e8re Charles KSAS est nomm\u00e9 cur\u00e9 de la paroisse St-Cybard-sur-Charente-et-Nou\u00e8re pour 3 ans.<br>Le p\u00e8re Sylvain DRABO, du dioc\u00e8se de Dedougou (Burkina Faso) est nomm\u00e9 vicaire au service de la paroisse de la<br>Visitation-sur-Bo\u00ebme dans le cadre d\u2019une convention Fidei Donum, pour un an renouvelable.<br>Doyenn\u00e9 Nord Charente<br>Le P\u00e8re Fran\u00e7ois-Xavier GRANDPIERRE est nomm\u00e9 vicaire, au service du doyenn\u00e9 Nord Charen te. Il est nomm\u00e9<br>pr\u00eatre accompagnateur de l\u2019Hospitalit\u00e9 charentaise. Il r\u00e9sidera \u00e0 Ruffec.<br>Doyenn\u00e9 Sud Charente<br>Le P\u00e8re Maxime PETIT est nomm\u00e9 vicaire, au service du doyenn\u00e9 Sud Charente. Il est nomm\u00e9 pr\u00eatre accompagnateur<br>du service de la pastorale des jeunes. Il r\u00e9sidera \u00e0 Barbezieux.<br>Doyenn\u00e9 Est Charente<br>Le P\u00e8re Gabriel Hecquet TAYOU est nomm\u00e9 vicaire au service de la paroisse de Confolens pour 1 an renouvelable.<br>Pr\u00eatre du dioc\u00e8se de Bafang (Cameroun), il est accueilli comme Fidei Donum.<br>Angoul\u00eame, le 29 juin 2023<br>INFORMATIONS<br>\u2022Le P\u00e8re Jacques-Emmanuel NDONG EWANE est rappel\u00e9 dans son dioc\u00e8se de Bafang au Cameroun.<br>\u2022Le P\u00e8re Carlos LOPES rejoint son dioc\u00e8se d\u2019Aire-et-Dax.<br>\u2022Deux S\u0153urs Trinitaires de Valence, quittent le dioc\u00e8se d\u2019Angoul\u00eame. S\u0153ur Marie-Germaine rejoint le dioc\u00e8se<br>de Marseille tandis que S\u0153ur Nathalie part dans le dioc\u00e8se d\u2019Avignon. \u00c0 la rentr\u00e9e, la communaut\u00e9<br>d\u2019Angoul\u00eame aura pour responsable S\u0153ur Charles-Marie, qui conna\u00eet d\u00e9j\u00e0 le dioc\u00e8se et accueillera S\u0153ur Esther.<br>\u2022La communaut\u00e9 des S\u0153urs des Sacr\u00e9s-C\u0153urs de J\u00e9sus et de Marie install\u00e9e depuis de longues ann\u00e9es \u00e0 Aigre,<br>va quitter le dioc\u00e8se. La messe d\u2019action de gr\u00e2ce sera c\u00e9l\u00e9br\u00e9e le dimanche 17 septembre 2023 \u00e0 Aigre.<br>Nous remercions chaleureusement ces pr\u00eatres et ces religieuses pour leurs missions exerc\u00e9es au sein du dioc\u00e8se<br>d\u2019Angoul\u00eame.<br>\u2022Le P\u00e8re Vincent OUEDRAOGO du dioc\u00e8se de Koudougou au Burkina Faso vient passer le dernier<br>trimestre 2023 au service de Ruffec, en vue d\u2019une \u00e9ventuelle convention Fidei Donum.<br>\u2022Le P\u00e8re Jean-Vivien P\u00c2QUIER, incardin\u00e9 au dioc\u00e8se de Bordeaux, passe une ann\u00e9e de discernement avec la<br>communaut\u00e9 de l\u2019Oratoire en constitution. Il aidera le P\u00e8re Florian MARCHAND \u00e0 la paroisse Saint-Amant-<br>Gond-Champniers et dans diverses \u00e9quipes d\u2019aum\u00f4nerie d\u2019Angoul\u00eame.<br>\u2022Beno\u00eet-Marie CERTIN, apr\u00e8s une ann\u00e9e de stage inter-cycle \u00e0 Marseille, revient au s\u00e9minaire St Jean de<br>Nantes, pour un deuxi\u00e8me cycle.<br>\u2022Philippe ORTNER, apr\u00e8s un premier cycle au s\u00e9minaire de Nantes, part pour un an avec la DCC en C\u00f4te<br>d\u2019Ivoire. Il rejoindra ensuite le dioc\u00e8se de Strasbourg d\u2019o\u00f9 il est originaire.<\/p>\n\n\n\n<p class=\"has-medium-font-size\"><br>Source : Dioc\u00e8se Angoul\u00eame<\/p>\n","protected":false},"excerpt":{"rendered":"<p>Paroisse de Villefagnan&nbsp; P\u00e8re Carlos Lopes&nbsp;: 06 37 71 52 46&nbsp; &nbsp;carlosolopes@hotmail.fr 5 rue Patient 16240 Villefagnan. Annonces des paroisses de Ruffec et Villefagnan Semaine du 5 au 13 Ao\u00fbt 2023 Samedi 5 &nbsp;Ruffec 9 h 9 h 30 &nbsp;Messe \u00e0 l\u2019oratoire. &nbsp;Confessions \u00e0 l\u2019\u00e9glise. &nbsp;Saint- Fraigne 11 h &nbsp;Chapelet pour les vocations sacerdotales et [&hellip;]<\/p>\n","protected":false},"author":38,"featured_media":5307,"comment_status":"open","ping_status":"open","sticky":false,"template":"","format":"standard","meta":{"_acf_changed":false,"paroisse":["14"],"service":["0"],"footnotes":""},"categories":[1],"tags":[],"class_list":["post-5305","post","type-post","status-publish","format-standard","has-post-thumbnail","hentry","category-actualites"],"acf":[],"yoast_head":"<!-- This site is optimized with the Yoast SEO plugin v27.1.1 - https:\/\/yoast.com\/product\/yoast-seo-wordpress\/ -->\n<title>Annonces:semaine du 05 au 13 ao\u00fbt 2023 - Doyenn\u00e9 Nord Charente<\/title>\n<meta name=\"robots\" content=\"index, follow, max-snippet:-1, max-image-preview:large, max-video-preview:-1\" \/>\n<link rel=\"canonical\" href=\"https:\/\/charente.catholique.fr\/nord-charente\/actualites\/annoncessemaine-du-05-au-13-aout-2023\/\" \/>\n<meta property=\"og:locale\" content=\"fr_FR\" \/>\n<meta property=\"og:type\" content=\"article\" \/>\n<meta property=\"og:title\" content=\"Annonces:semaine du 05 au 13 ao\u00fbt 2023 - Doyenn\u00e9 Nord Charente\" \/>\n<meta property=\"og:description\" content=\"Paroisse de Villefagnan&nbsp; P\u00e8re Carlos Lopes&nbsp;: 06 37 71 52 46&nbsp; &nbsp;carlosolopes@hotmail.fr 5 rue Patient 16240 Villefagnan. Annonces des paroisses de Ruffec et Villefagnan Semaine du 5 au 13 Ao\u00fbt 2023 Samedi 5 &nbsp;Ruffec 9 h 9 h 30 &nbsp;Messe \u00e0 l\u2019oratoire. &nbsp;Confessions \u00e0 l\u2019\u00e9glise. &nbsp;Saint- Fraigne 11 h &nbsp;Chapelet pour les vocations sacerdotales et [&hellip;]\" \/>\n<meta property=\"og:url\" content=\"https:\/\/charente.catholique.fr\/nord-charente\/actualites\/annoncessemaine-du-05-au-13-aout-2023\/\" \/>\n<meta property=\"og:site_name\" content=\"Doyenn\u00e9 Nord Charente\" \/>\n<meta property=\"article:publisher\" content=\"https:\/\/www.facebook.com\/EgliseCatholiqueCharente\" \/>\n<meta property=\"article:published_time\" content=\"2023-08-07T16:45:48+00:00\" \/>\n<meta property=\"og:image\" content=\"https:\/\/charente.catholique.fr\/nord-charente\/wp-content\/uploads\/sites\/4\/2023\/08\/img_3993-rotated.jpg\" \/>\n\t<meta property=\"og:image:width\" content=\"480\" \/>\n\t<meta property=\"og:image:height\" content=\"640\" \/>\n\t<meta property=\"og:image:type\" content=\"image\/jpeg\" \/>\n<meta name=\"author\" content=\"joelleayrault\" \/>\n<meta name=\"twitter:card\" content=\"summary_large_image\" \/>\n<meta name=\"twitter:creator\" content=\"@diocesecharente\" \/>\n<meta name=\"twitter:site\" content=\"@diocesecharente\" \/>\n<meta name=\"twitter:label1\" content=\"\u00c9crit par\" \/>\n\t<meta name=\"twitter:data1\" content=\"joelleayrault\" \/>\n\t<meta name=\"twitter:label2\" content=\"Dur\u00e9e de lecture estim\u00e9e\" \/>\n\t<meta name=\"twitter:data2\" content=\"6 minutes\" \/>\n<script type=\"application\/ld+json\" class=\"yoast-schema-graph\">{\"@context\":\"https:\/\/schema.org\",\"@graph\":[{\"@type\":\"Article\",\"@id\":\"https:\/\/charente.catholique.fr\/nord-charente\/actualites\/annoncessemaine-du-05-au-13-aout-2023\/#article\",\"isPartOf\":{\"@id\":\"https:\/\/charente.catholique.fr\/nord-charente\/actualites\/annoncessemaine-du-05-au-13-aout-2023\/\"},\"author\":{\"name\":\"joelleayrault\",\"@id\":\"https:\/\/charente.catholique.fr\/nord-charente\/#\/schema\/person\/51184492e4abba33e5d768059a70f4db\"},\"headline\":\"Annonces:semaine du 05 au 13 ao\u00fbt 2023\",\"datePublished\":\"2023-08-07T16:45:48+00:00\",\"mainEntityOfPage\":{\"@id\":\"https:\/\/charente.catholique.fr\/nord-charente\/actualites\/annoncessemaine-du-05-au-13-aout-2023\/\"},\"wordCount\":1218,\"commentCount\":0,\"publisher\":{\"@id\":\"https:\/\/charente.catholique.fr\/nord-charente\/#organization\"},\"image\":{\"@id\":\"https:\/\/charente.catholique.fr\/nord-charente\/actualites\/annoncessemaine-du-05-au-13-aout-2023\/#primaryimage\"},\"thumbnailUrl\":\"https:\/\/charente.catholique.fr\/nord-charente\/wp-content\/uploads\/sites\/4\/2023\/08\/img_3993-rotated.jpg\",\"articleSection\":[\"Actualit\u00e9s\"],\"inLanguage\":\"fr-FR\",\"potentialAction\":[{\"@type\":\"CommentAction\",\"name\":\"Comment\",\"target\":[\"https:\/\/charente.catholique.fr\/nord-charente\/actualites\/annoncessemaine-du-05-au-13-aout-2023\/#respond\"]}]},{\"@type\":\"WebPage\",\"@id\":\"https:\/\/charente.catholique.fr\/nord-charente\/actualites\/annoncessemaine-du-05-au-13-aout-2023\/\",\"url\":\"https:\/\/charente.catholique.fr\/nord-charente\/actualites\/annoncessemaine-du-05-au-13-aout-2023\/\",\"name\":\"Annonces:semaine du 05 au 13 ao\u00fbt 2023 - Doyenn\u00e9 Nord Charente\",\"isPartOf\":{\"@id\":\"https:\/\/charente.catholique.fr\/nord-charente\/#website\"},\"primaryImageOfPage\":{\"@id\":\"https:\/\/charente.catholique.fr\/nord-charente\/actualites\/annoncessemaine-du-05-au-13-aout-2023\/#primaryimage\"},\"image\":{\"@id\":\"https:\/\/charente.catholique.fr\/nord-charente\/actualites\/annoncessemaine-du-05-au-13-aout-2023\/#primaryimage\"},\"thumbnailUrl\":\"https:\/\/charente.catholique.fr\/nord-charente\/wp-content\/uploads\/sites\/4\/2023\/08\/img_3993-rotated.jpg\",\"datePublished\":\"2023-08-07T16:45:48+00:00\",\"breadcrumb\":{\"@id\":\"https:\/\/charente.catholique.fr\/nord-charente\/actualites\/annoncessemaine-du-05-au-13-aout-2023\/#breadcrumb\"},\"inLanguage\":\"fr-FR\",\"potentialAction\":[{\"@type\":\"ReadAction\",\"target\":[\"https:\/\/charente.catholique.fr\/nord-charente\/actualites\/annoncessemaine-du-05-au-13-aout-2023\/\"]}]},{\"@type\":\"ImageObject\",\"inLanguage\":\"fr-FR\",\"@id\":\"https:\/\/charente.catholique.fr\/nord-charente\/actualites\/annoncessemaine-du-05-au-13-aout-2023\/#primaryimage\",\"url\":\"https:\/\/charente.catholique.fr\/nord-charente\/wp-content\/uploads\/sites\/4\/2023\/08\/img_3993-rotated.jpg\",\"contentUrl\":\"https:\/\/charente.catholique.fr\/nord-charente\/wp-content\/uploads\/sites\/4\/2023\/08\/img_3993-rotated.jpg\",\"width\":480,\"height\":640},{\"@type\":\"BreadcrumbList\",\"@id\":\"https:\/\/charente.catholique.fr\/nord-charente\/actualites\/annoncessemaine-du-05-au-13-aout-2023\/#breadcrumb\",\"itemListElement\":[{\"@type\":\"ListItem\",\"position\":1,\"name\":\"Accueil\",\"item\":\"https:\/\/charente.catholique.fr\/nord-charente\/\"},{\"@type\":\"ListItem\",\"position\":2,\"name\":\"Annonces:semaine du 05 au 13 ao\u00fbt 2023\"}]},{\"@type\":\"WebSite\",\"@id\":\"https:\/\/charente.catholique.fr\/nord-charente\/#website\",\"url\":\"https:\/\/charente.catholique.fr\/nord-charente\/\",\"name\":\"Doyenn\u00e9 Nord Charente - Dioc\u00e8se d'Angoul\u00eame\",\"description\":\"Dioc\u00e8se d&#039;Angoul\u00eame\",\"publisher\":{\"@id\":\"https:\/\/charente.catholique.fr\/nord-charente\/#organization\"},\"potentialAction\":[{\"@type\":\"SearchAction\",\"target\":{\"@type\":\"EntryPoint\",\"urlTemplate\":\"https:\/\/charente.catholique.fr\/nord-charente\/?s={search_term_string}\"},\"query-input\":{\"@type\":\"PropertyValueSpecification\",\"valueRequired\":true,\"valueName\":\"search_term_string\"}}],\"inLanguage\":\"fr-FR\"},{\"@type\":\"Organization\",\"@id\":\"https:\/\/charente.catholique.fr\/nord-charente\/#organization\",\"name\":\"Association dioc\u00e9saine d'Angoul\u00eame\",\"url\":\"https:\/\/charente.catholique.fr\/nord-charente\/\",\"logo\":{\"@type\":\"ImageObject\",\"inLanguage\":\"fr-FR\",\"@id\":\"https:\/\/charente.catholique.fr\/nord-charente\/#\/schema\/logo\/image\/\",\"url\":\"https:\/\/charente.catholique.fr\/nord-charente\/wp-content\/uploads\/sites\/4\/2020\/10\/logos.png\",\"contentUrl\":\"https:\/\/charente.catholique.fr\/nord-charente\/wp-content\/uploads\/sites\/4\/2020\/10\/logos.png\",\"width\":600,\"height\":257,\"caption\":\"Association dioc\u00e9saine d'Angoul\u00eame\"},\"image\":{\"@id\":\"https:\/\/charente.catholique.fr\/nord-charente\/#\/schema\/logo\/image\/\"},\"sameAs\":[\"https:\/\/www.facebook.com\/EgliseCatholiqueCharente\",\"https:\/\/x.com\/diocesecharente\",\"https:\/\/www.instagram.com\/eglisecharente\",\"https:\/\/www.youtube.com\/channel\/UCByyFWApZbw3gDTiADoiAaQ\"]},{\"@type\":\"Person\",\"@id\":\"https:\/\/charente.catholique.fr\/nord-charente\/#\/schema\/person\/51184492e4abba33e5d768059a70f4db\",\"name\":\"joelleayrault\",\"image\":{\"@type\":\"ImageObject\",\"inLanguage\":\"fr-FR\",\"@id\":\"https:\/\/charente.catholique.fr\/nord-charente\/#\/schema\/person\/image\/\",\"url\":\"https:\/\/secure.gravatar.com\/avatar\/3bd3977af99690427d59b19ec7b6bd94226de63be5c368ae8d090f2d7f86dd5f?s=96&d=mm&r=g\",\"contentUrl\":\"https:\/\/secure.gravatar.com\/avatar\/3bd3977af99690427d59b19ec7b6bd94226de63be5c368ae8d090f2d7f86dd5f?s=96&d=mm&r=g\",\"caption\":\"joelleayrault\"},\"url\":\"https:\/\/charente.catholique.fr\/nord-charente\/author\/joelleayrault\/\"}]}<\/script>\n<!-- \/ Yoast SEO plugin. -->","yoast_head_json":{"title":"Annonces:semaine du 05 au 13 ao\u00fbt 2023 - Doyenn\u00e9 Nord Charente","robots":{"index":"index","follow":"follow","max-snippet":"max-snippet:-1","max-image-preview":"max-image-preview:large","max-video-preview":"max-video-preview:-1"},"canonical":"https:\/\/charente.catholique.fr\/nord-charente\/actualites\/annoncessemaine-du-05-au-13-aout-2023\/","og_locale":"fr_FR","og_type":"article","og_title":"Annonces:semaine du 05 au 13 ao\u00fbt 2023 - Doyenn\u00e9 Nord Charente","og_description":"Paroisse de Villefagnan&nbsp; P\u00e8re Carlos Lopes&nbsp;: 06 37 71 52 46&nbsp; &nbsp;carlosolopes@hotmail.fr 5 rue Patient 16240 Villefagnan. Annonces des paroisses de Ruffec et Villefagnan Semaine du 5 au 13 Ao\u00fbt 2023 Samedi 5 &nbsp;Ruffec 9 h 9 h 30 &nbsp;Messe \u00e0 l\u2019oratoire. &nbsp;Confessions \u00e0 l\u2019\u00e9glise. &nbsp;Saint- Fraigne 11 h &nbsp;Chapelet pour les vocations sacerdotales et [&hellip;]","og_url":"https:\/\/charente.catholique.fr\/nord-charente\/actualites\/annoncessemaine-du-05-au-13-aout-2023\/","og_site_name":"Doyenn\u00e9 Nord Charente","article_publisher":"https:\/\/www.facebook.com\/EgliseCatholiqueCharente","article_published_time":"2023-08-07T16:45:48+00:00","og_image":[{"width":480,"height":640,"url":"https:\/\/charente.catholique.fr\/nord-charente\/wp-content\/uploads\/sites\/4\/2023\/08\/img_3993-rotated.jpg","type":"image\/jpeg"}],"author":"joelleayrault","twitter_card":"summary_large_image","twitter_creator":"@diocesecharente","twitter_site":"@diocesecharente","twitter_misc":{"\u00c9crit par":"joelleayrault","Dur\u00e9e de lecture estim\u00e9e":"6 minutes"},"schema":{"@context":"https:\/\/schema.org","@graph":[{"@type":"Article","@id":"https:\/\/charente.catholique.fr\/nord-charente\/actualites\/annoncessemaine-du-05-au-13-aout-2023\/#article","isPartOf":{"@id":"https:\/\/charente.catholique.fr\/nord-charente\/actualites\/annoncessemaine-du-05-au-13-aout-2023\/"},"author":{"name":"joelleayrault","@id":"https:\/\/charente.catholique.fr\/nord-charente\/#\/schema\/person\/51184492e4abba33e5d768059a70f4db"},"headline":"Annonces:semaine du 05 au 13 ao\u00fbt 2023","datePublished":"2023-08-07T16:45:48+00:00","mainEntityOfPage":{"@id":"https:\/\/charente.catholique.fr\/nord-charente\/actualites\/annoncessemaine-du-05-au-13-aout-2023\/"},"wordCount":1218,"commentCount":0,"publisher":{"@id":"https:\/\/charente.catholique.fr\/nord-charente\/#organization"},"image":{"@id":"https:\/\/charente.catholique.fr\/nord-charente\/actualites\/annoncessemaine-du-05-au-13-aout-2023\/#primaryimage"},"thumbnailUrl":"https:\/\/charente.catholique.fr\/nord-charente\/wp-content\/uploads\/sites\/4\/2023\/08\/img_3993-rotated.jpg","articleSection":["Actualit\u00e9s"],"inLanguage":"fr-FR","potentialAction":[{"@type":"CommentAction","name":"Comment","target":["https:\/\/charente.catholique.fr\/nord-charente\/actualites\/annoncessemaine-du-05-au-13-aout-2023\/#respond"]}]},{"@type":"WebPage","@id":"https:\/\/charente.catholique.fr\/nord-charente\/actualites\/annoncessemaine-du-05-au-13-aout-2023\/","url":"https:\/\/charente.catholique.fr\/nord-charente\/actualites\/annoncessemaine-du-05-au-13-aout-2023\/","name":"Annonces:semaine du 05 au 13 ao\u00fbt 2023 - Doyenn\u00e9 Nord Charente","isPartOf":{"@id":"https:\/\/charente.catholique.fr\/nord-charente\/#website"},"primaryImageOfPage":{"@id":"https:\/\/charente.catholique.fr\/nord-charente\/actualites\/annoncessemaine-du-05-au-13-aout-2023\/#primaryimage"},"image":{"@id":"https:\/\/charente.catholique.fr\/nord-charente\/actualites\/annoncessemaine-du-05-au-13-aout-2023\/#primaryimage"},"thumbnailUrl":"https:\/\/charente.catholique.fr\/nord-charente\/wp-content\/uploads\/sites\/4\/2023\/08\/img_3993-rotated.jpg","datePublished":"2023-08-07T16:45:48+00:00","breadcrumb":{"@id":"https:\/\/charente.catholique.fr\/nord-charente\/actualites\/annoncessemaine-du-05-au-13-aout-2023\/#breadcrumb"},"inLanguage":"fr-FR","potentialAction":[{"@type":"ReadAction","target":["https:\/\/charente.catholique.fr\/nord-charente\/actualites\/annoncessemaine-du-05-au-13-aout-2023\/"]}]},{"@type":"ImageObject","inLanguage":"fr-FR","@id":"https:\/\/charente.catholique.fr\/nord-charente\/actualites\/annoncessemaine-du-05-au-13-aout-2023\/#primaryimage","url":"https:\/\/charente.catholique.fr\/nord-charente\/wp-content\/uploads\/sites\/4\/2023\/08\/img_3993-rotated.jpg","contentUrl":"https:\/\/charente.catholique.fr\/nord-charente\/wp-content\/uploads\/sites\/4\/2023\/08\/img_3993-rotated.jpg","width":480,"height":640},{"@type":"BreadcrumbList","@id":"https:\/\/charente.catholique.fr\/nord-charente\/actualites\/annoncessemaine-du-05-au-13-aout-2023\/#breadcrumb","itemListElement":[{"@type":"ListItem","position":1,"name":"Accueil","item":"https:\/\/charente.catholique.fr\/nord-charente\/"},{"@type":"ListItem","position":2,"name":"Annonces:semaine du 05 au 13 ao\u00fbt 2023"}]},{"@type":"WebSite","@id":"https:\/\/charente.catholique.fr\/nord-charente\/#website","url":"https:\/\/charente.catholique.fr\/nord-charente\/","name":"Doyenn\u00e9 Nord Charente - Dioc\u00e8se d'Angoul\u00eame","description":"Dioc\u00e8se d&#039;Angoul\u00eame","publisher":{"@id":"https:\/\/charente.catholique.fr\/nord-charente\/#organization"},"potentialAction":[{"@type":"SearchAction","target":{"@type":"EntryPoint","urlTemplate":"https:\/\/charente.catholique.fr\/nord-charente\/?s={search_term_string}"},"query-input":{"@type":"PropertyValueSpecification","valueRequired":true,"valueName":"search_term_string"}}],"inLanguage":"fr-FR"},{"@type":"Organization","@id":"https:\/\/charente.catholique.fr\/nord-charente\/#organization","name":"Association dioc\u00e9saine d'Angoul\u00eame","url":"https:\/\/charente.catholique.fr\/nord-charente\/","logo":{"@type":"ImageObject","inLanguage":"fr-FR","@id":"https:\/\/charente.catholique.fr\/nord-charente\/#\/schema\/logo\/image\/","url":"https:\/\/charente.catholique.fr\/nord-charente\/wp-content\/uploads\/sites\/4\/2020\/10\/logos.png","contentUrl":"https:\/\/charente.catholique.fr\/nord-charente\/wp-content\/uploads\/sites\/4\/2020\/10\/logos.png","width":600,"height":257,"caption":"Association dioc\u00e9saine d'Angoul\u00eame"},"image":{"@id":"https:\/\/charente.catholique.fr\/nord-charente\/#\/schema\/logo\/image\/"},"sameAs":["https:\/\/www.facebook.com\/EgliseCatholiqueCharente","https:\/\/x.com\/diocesecharente","https:\/\/www.instagram.com\/eglisecharente","https:\/\/www.youtube.com\/channel\/UCByyFWApZbw3gDTiADoiAaQ"]},{"@type":"Person","@id":"https:\/\/charente.catholique.fr\/nord-charente\/#\/schema\/person\/51184492e4abba33e5d768059a70f4db","name":"joelleayrault","image":{"@type":"ImageObject","inLanguage":"fr-FR","@id":"https:\/\/charente.catholique.fr\/nord-charente\/#\/schema\/person\/image\/","url":"https:\/\/secure.gravatar.com\/avatar\/3bd3977af99690427d59b19ec7b6bd94226de63be5c368ae8d090f2d7f86dd5f?s=96&d=mm&r=g","contentUrl":"https:\/\/secure.gravatar.com\/avatar\/3bd3977af99690427d59b19ec7b6bd94226de63be5c368ae8d090f2d7f86dd5f?s=96&d=mm&r=g","caption":"joelleayrault"},"url":"https:\/\/charente.catholique.fr\/nord-charente\/author\/joelleayrault\/"}]}},"_links":{"self":[{"href":"https:\/\/charente.catholique.fr\/nord-charente\/wp-json\/wp\/v2\/posts\/5305","targetHints":{"allow":["GET"]}}],"collection":[{"href":"https:\/\/charente.catholique.fr\/nord-charente\/wp-json\/wp\/v2\/posts"}],"about":[{"href":"https:\/\/charente.catholique.fr\/nord-charente\/wp-json\/wp\/v2\/types\/post"}],"author":[{"embeddable":true,"href":"https:\/\/charente.catholique.fr\/nord-charente\/wp-json\/wp\/v2\/users\/38"}],"replies":[{"embeddable":true,"href":"https:\/\/charente.catholique.fr\/nord-charente\/wp-json\/wp\/v2\/comments?post=5305"}],"version-history":[{"count":3,"href":"https:\/\/charente.catholique.fr\/nord-charente\/wp-json\/wp\/v2\/posts\/5305\/revisions"}],"predecessor-version":[{"id":5309,"href":"https:\/\/charente.catholique.fr\/nord-charente\/wp-json\/wp\/v2\/posts\/5305\/revisions\/5309"}],"wp:featuredmedia":[{"embeddable":true,"href":"https:\/\/charente.catholique.fr\/nord-charente\/wp-json\/wp\/v2\/media\/5307"}],"wp:attachment":[{"href":"https:\/\/charente.catholique.fr\/nord-charente\/wp-json\/wp\/v2\/media?parent=5305"}],"wp:term":[{"taxonomy":"category","embeddable":true,"href":"https:\/\/charente.catholique.fr\/nord-charente\/wp-json\/wp\/v2\/categories?post=5305"},{"taxonomy":"post_tag","embeddable":true,"href":"https:\/\/charente.catholique.fr\/nord-charente\/wp-json\/wp\/v2\/tags?post=5305"}],"curies":[{"name":"wp","href":"https:\/\/api.w.org\/{rel}","templated":true}]}}