{"id":5006,"date":"2023-05-09T23:15:33","date_gmt":"2023-05-09T21:15:33","guid":{"rendered":"https:\/\/charente.catholique.fr\/nord-charente\/?p=5006"},"modified":"2023-05-09T23:15:57","modified_gmt":"2023-05-09T21:15:57","slug":"annoncessemaine-du-06-au-14-mai-2023","status":"publish","type":"post","link":"https:\/\/charente.catholique.fr\/nord-charente\/actualites\/annoncessemaine-du-06-au-14-mai-2023\/","title":{"rendered":"Annonces:semaine du 06 au 14 mai 2023"},"content":{"rendered":"\n<figure class=\"wp-block-table\"><table><thead><tr><td><strong>Annonces des paroisses de Ruffec et Villefagnan<\/strong><\/td><td><strong>Semaine du 6 au 14 Mai 2023<\/strong><\/td><\/tr><\/thead><tbody><tr><td>Samedi 6<\/td><td>&nbsp;Ruffec<\/td><td>9 h 9 h 30<\/td><td>&nbsp;Messe \u00e0 l\u2019oratoire. &nbsp;Confessions \u00e0 l\u2019\u00e9glise.<\/td><\/tr><tr><td>&nbsp;Taiz\u00e9-Aizie<\/td><td>11 h<\/td><td>&nbsp;Chapelet pour les vocations sacerdotales et religieuses<\/td><\/tr><tr><td>St Gervais , Tourriers<\/td><td>18 h 30<\/td><td>&nbsp;Messes anticip\u00e9es<\/td><\/tr><tr><td>Dimanche 7<\/td><td>&nbsp;Villej\u00e9sus Mansle&nbsp;&nbsp;&nbsp;&nbsp; Ruffec <strong>Villefagnan<\/strong><strong><\/strong> <strong>&nbsp;Villefagnan<\/strong><\/td><td>10 h 30<\/td><td>&nbsp;Messes dominicales &nbsp; <strong>Vente de chocolats au profit des \u00e9tudes des s\u00e9minaristes au prix de 5 \u20ac le paquet. Merci pour votre g\u00e9n\u00e9rosit\u00e9.<\/strong><\/td><\/tr><tr><td>&nbsp;Ruffec<\/td><td>&nbsp;17 h<\/td><td>&nbsp;Concert dans l&#8217;\u00e9glise avec le ch\u0153ur du pays Manslois et la chorale &nbsp;Sinfonia.<\/td><\/tr><tr><td>Lundi 8<\/td><td>&nbsp;Ruffec<\/td><td>&nbsp;18 h &nbsp;18 h<\/td><td>&nbsp;Messe \u00e0 l&#8217;oratoire Concert \u00e0 l&#8217;\u00e9glise dans le cadre du 29\u00e8me festival international d&#8217;orgue<\/td><\/tr><tr><td>Mardi 9<\/td><td>&nbsp;<strong>Villefagnan<\/strong><\/td><td><strong>&nbsp;9 h 15<\/strong> &nbsp; <strong>&nbsp;15 h<\/strong><\/td><td><strong>&nbsp;Messe \u00e0 l&#8217;\u00e9glise<\/strong> <strong>&nbsp;Rencontre \u00e9quipe liturgique n\u00b0 1 ( 21 Mai )<\/strong> <strong>&nbsp;Rosaire dan l&#8217;\u00e9glise suivi d&#8217;un go\u00fbter au presbyt\u00e8re<\/strong><\/td><\/tr><tr><td>&nbsp;Ruffec <strong>&nbsp;Villefagnan<\/strong><\/td><td>&nbsp;18 h <strong>&nbsp;20 h<\/strong><\/td><td>&nbsp;Messe \u00e0 l&#8217;\u00e9glise <strong>&nbsp;Pri\u00e8re avec le groupe du Renouveau<\/strong><\/td><\/tr><tr><td>Mercredi 10<\/td><td>&nbsp;Aigre<\/td><td>&nbsp;11 h<\/td><td>&nbsp;Messe<\/td><\/tr><tr><td>&nbsp;Ruffec<\/td><td>&nbsp; 18 h<\/td><td>&nbsp;Retraite de 1\u00e8re communion des enfants de CM2 \u00e0&nbsp; Maumont &nbsp;Messe \u00e0 l&#8217;oratoire<\/td><\/tr><tr><td>Jeudi 11<\/td><td>&nbsp;Ruffec<\/td><td>&nbsp;17-18h<\/td><td>&nbsp;Confessions \u00e0 l&#8217;\u00e9glise<\/td><\/tr><tr><td>&nbsp;Ruffec<\/td><td>&nbsp;18 h<\/td><td>&nbsp;Messe suivie de l&#8217;Adoration de 18 h 30 \u00e0 19 h<\/td><\/tr><tr><td>Vendredi 12<\/td><td>&nbsp;Ruffec<\/td><td>&nbsp;9 h<\/td><td>&nbsp;Messe<\/td><\/tr><tr><td>&nbsp;Aigre<\/td><td>&nbsp;9 h<\/td><td>&nbsp;Messe<\/td><\/tr><tr><td><strong>Samedi 13<\/strong><\/td><td>&nbsp;Ruffec<\/td><td>9 h 9 h 30<\/td><td>&nbsp;Messe \u00e0 l\u2019oratoire. &nbsp;Confessions \u00e0 l\u2019\u00e9glise.<\/td><\/tr><tr><td><strong>Villefagnan <\/strong><\/td><td><strong>&nbsp;10 h<\/strong> &nbsp;<\/td><td><strong>&nbsp;Cat\u00e9<\/strong> <strong>&nbsp;Portes ouvertes \u00e0 l&#8217;\u00e9cole Enfant J\u00e9sus, possibilit\u00e9 d&#8217;inscriptions<\/strong><\/td><\/tr><tr><td>&nbsp;Montalembert<\/td><td>11 h<\/td><td>&nbsp;Chapelet pour les vocations sacerdotales et religieuses<\/td><\/tr><tr><td>&nbsp;Taiz\u00e9-Aizie et Juill\u00e9<\/td><td>18 h 30<\/td><td>&nbsp;Messes anticip\u00e9es<\/td><\/tr><tr><td>Dimanche 14<\/td><td>&nbsp;Villej\u00e9sus , Mansle, Ruffec, <strong>Villefagnan<\/strong> <strong>&nbsp;Villefagnan<\/strong><\/td><td>&nbsp;10 h 30 &nbsp; &nbsp;16-17h30<\/td><td>&nbsp;Messes dominicales &nbsp; &nbsp;Concert avec les chorales \u00ab&nbsp; Polysons et Art Chant&#8217;or. Tarif \u00e0 partir de 5 \u20ac<\/td><\/tr><tr><td>&nbsp;<\/td><td>&nbsp;<\/td><td>&nbsp;<\/td><td>&nbsp;<\/td><\/tr><\/tbody><\/table><\/figure>\n\n\n\n<p><strong><u>Ce Dimanche, 7 Mai,<\/u><\/strong><strong> \u00e0 la sortie de la messe&nbsp; de Villefagnan, vente de chocolats au profit des \u00e9tudes des s\u00e9minaristes au prix de 5 \u20ac le paquet. Merci pour votre g\u00e9n\u00e9rosit\u00e9.<\/strong><\/p>\n\n\n\n<p>Toutes infos&nbsp;: 05 45 29 01 72 \/ <a href=\"https:\/\/nordcharente.catholique.fr\/\">https:\/\/nordcharente.catholique.fr<\/a><\/p>\n\n\n\n<p>Presbyt\u00e8re de Villefagnan&nbsp;: 5 rue Patient 16240 Villefagnan&nbsp;: 05 45 31 61 07 \/ mail&nbsp;: <a href=\"mailto:paroisse.villefagnan@outlook.com\">paroisse.villefagnan@outlook.com<\/a><\/p>\n\n\n\n<p><strong><u>INFORMATIONS DIOC\u00c9SAINES <\/u><\/strong>\u27a2 Rassemblement familial Samedi 13 mai de 14 h \u00e0 22 h \u00e0 l\u2019abbaye de Bassac Tous, jeunes et moins jeunes, seuls ou en famille sont invit\u00e9s au grand rassemblement sur le th\u00e8me de l\u2019encyclique LAUDATO SI du Pape Fran\u00e7ois sur la sauvegarde de la Maison Commune traitant des questions sociales et environnementales. A 20 H : le groupe HOPEN animera la VEILL\u00c9E<\/p>\n","protected":false},"excerpt":{"rendered":"<p>Annonces des paroisses de Ruffec et Villefagnan Semaine du 6 au 14 Mai 2023 Samedi 6 &nbsp;Ruffec 9 h 9 h 30 &nbsp;Messe \u00e0 l\u2019oratoire. &nbsp;Confessions \u00e0 l\u2019\u00e9glise. &nbsp;Taiz\u00e9-Aizie 11 h &nbsp;Chapelet pour les vocations sacerdotales et religieuses St Gervais , Tourriers 18 h 30 &nbsp;Messes anticip\u00e9es Dimanche 7 &nbsp;Villej\u00e9sus Mansle&nbsp;&nbsp;&nbsp;&nbsp; Ruffec Villefagnan &nbsp;Villefagnan 10 [&hellip;]<\/p>\n","protected":false},"author":38,"featured_media":5008,"comment_status":"open","ping_status":"open","sticky":false,"template":"","format":"standard","meta":{"_acf_changed":false,"paroisse":["14"],"service":["0"],"footnotes":""},"categories":[1],"tags":[],"class_list":["post-5006","post","type-post","status-publish","format-standard","has-post-thumbnail","hentry","category-actualites"],"acf":[],"yoast_head":"<!-- This site is optimized with the Yoast SEO plugin v27.1.1 - https:\/\/yoast.com\/product\/yoast-seo-wordpress\/ -->\n<title>Annonces:semaine du 06 au 14 mai 2023 - Doyenn\u00e9 Nord Charente<\/title>\n<meta name=\"robots\" content=\"index, follow, max-snippet:-1, max-image-preview:large, max-video-preview:-1\" \/>\n<link rel=\"canonical\" href=\"https:\/\/charente.catholique.fr\/nord-charente\/actualites\/annoncessemaine-du-06-au-14-mai-2023\/\" \/>\n<meta property=\"og:locale\" content=\"fr_FR\" \/>\n<meta property=\"og:type\" content=\"article\" \/>\n<meta property=\"og:title\" content=\"Annonces:semaine du 06 au 14 mai 2023 - Doyenn\u00e9 Nord Charente\" \/>\n<meta property=\"og:description\" content=\"Annonces des paroisses de Ruffec et Villefagnan Semaine du 6 au 14 Mai 2023 Samedi 6 &nbsp;Ruffec 9 h 9 h 30 &nbsp;Messe \u00e0 l\u2019oratoire. &nbsp;Confessions \u00e0 l\u2019\u00e9glise. &nbsp;Taiz\u00e9-Aizie 11 h &nbsp;Chapelet pour les vocations sacerdotales et religieuses St Gervais , Tourriers 18 h 30 &nbsp;Messes anticip\u00e9es Dimanche 7 &nbsp;Villej\u00e9sus Mansle&nbsp;&nbsp;&nbsp;&nbsp; Ruffec Villefagnan &nbsp;Villefagnan 10 [&hellip;]\" \/>\n<meta property=\"og:url\" content=\"https:\/\/charente.catholique.fr\/nord-charente\/actualites\/annoncessemaine-du-06-au-14-mai-2023\/\" \/>\n<meta property=\"og:site_name\" content=\"Doyenn\u00e9 Nord Charente\" \/>\n<meta property=\"article:publisher\" content=\"https:\/\/www.facebook.com\/EgliseCatholiqueCharente\" \/>\n<meta property=\"article:published_time\" content=\"2023-05-09T21:15:33+00:00\" \/>\n<meta property=\"article:modified_time\" content=\"2023-05-09T21:15:57+00:00\" \/>\n<meta property=\"og:image\" content=\"https:\/\/charente.catholique.fr\/nord-charente\/wp-content\/uploads\/sites\/4\/2023\/05\/image9-rotated.jpeg\" \/>\n\t<meta property=\"og:image:width\" content=\"480\" \/>\n\t<meta property=\"og:image:height\" content=\"640\" \/>\n\t<meta property=\"og:image:type\" content=\"image\/jpeg\" \/>\n<meta name=\"author\" content=\"joelleayrault\" \/>\n<meta name=\"twitter:card\" content=\"summary_large_image\" \/>\n<meta name=\"twitter:creator\" content=\"@diocesecharente\" \/>\n<meta name=\"twitter:site\" content=\"@diocesecharente\" \/>\n<meta name=\"twitter:label1\" content=\"\u00c9crit par\" \/>\n\t<meta name=\"twitter:data1\" content=\"joelleayrault\" \/>\n\t<meta name=\"twitter:label2\" content=\"Dur\u00e9e de lecture estim\u00e9e\" \/>\n\t<meta name=\"twitter:data2\" content=\"3 minutes\" \/>\n<script type=\"application\/ld+json\" class=\"yoast-schema-graph\">{\"@context\":\"https:\/\/schema.org\",\"@graph\":[{\"@type\":\"Article\",\"@id\":\"https:\/\/charente.catholique.fr\/nord-charente\/actualites\/annoncessemaine-du-06-au-14-mai-2023\/#article\",\"isPartOf\":{\"@id\":\"https:\/\/charente.catholique.fr\/nord-charente\/actualites\/annoncessemaine-du-06-au-14-mai-2023\/\"},\"author\":{\"name\":\"joelleayrault\",\"@id\":\"https:\/\/charente.catholique.fr\/nord-charente\/#\/schema\/person\/51184492e4abba33e5d768059a70f4db\"},\"headline\":\"Annonces:semaine du 06 au 14 mai 2023\",\"datePublished\":\"2023-05-09T21:15:33+00:00\",\"dateModified\":\"2023-05-09T21:15:57+00:00\",\"mainEntityOfPage\":{\"@id\":\"https:\/\/charente.catholique.fr\/nord-charente\/actualites\/annoncessemaine-du-06-au-14-mai-2023\/\"},\"wordCount\":451,\"commentCount\":0,\"publisher\":{\"@id\":\"https:\/\/charente.catholique.fr\/nord-charente\/#organization\"},\"image\":{\"@id\":\"https:\/\/charente.catholique.fr\/nord-charente\/actualites\/annoncessemaine-du-06-au-14-mai-2023\/#primaryimage\"},\"thumbnailUrl\":\"https:\/\/charente.catholique.fr\/nord-charente\/wp-content\/uploads\/sites\/4\/2023\/05\/image9-rotated.jpeg\",\"articleSection\":[\"Actualit\u00e9s\"],\"inLanguage\":\"fr-FR\",\"potentialAction\":[{\"@type\":\"CommentAction\",\"name\":\"Comment\",\"target\":[\"https:\/\/charente.catholique.fr\/nord-charente\/actualites\/annoncessemaine-du-06-au-14-mai-2023\/#respond\"]}]},{\"@type\":\"WebPage\",\"@id\":\"https:\/\/charente.catholique.fr\/nord-charente\/actualites\/annoncessemaine-du-06-au-14-mai-2023\/\",\"url\":\"https:\/\/charente.catholique.fr\/nord-charente\/actualites\/annoncessemaine-du-06-au-14-mai-2023\/\",\"name\":\"Annonces:semaine du 06 au 14 mai 2023 - Doyenn\u00e9 Nord Charente\",\"isPartOf\":{\"@id\":\"https:\/\/charente.catholique.fr\/nord-charente\/#website\"},\"primaryImageOfPage\":{\"@id\":\"https:\/\/charente.catholique.fr\/nord-charente\/actualites\/annoncessemaine-du-06-au-14-mai-2023\/#primaryimage\"},\"image\":{\"@id\":\"https:\/\/charente.catholique.fr\/nord-charente\/actualites\/annoncessemaine-du-06-au-14-mai-2023\/#primaryimage\"},\"thumbnailUrl\":\"https:\/\/charente.catholique.fr\/nord-charente\/wp-content\/uploads\/sites\/4\/2023\/05\/image9-rotated.jpeg\",\"datePublished\":\"2023-05-09T21:15:33+00:00\",\"dateModified\":\"2023-05-09T21:15:57+00:00\",\"breadcrumb\":{\"@id\":\"https:\/\/charente.catholique.fr\/nord-charente\/actualites\/annoncessemaine-du-06-au-14-mai-2023\/#breadcrumb\"},\"inLanguage\":\"fr-FR\",\"potentialAction\":[{\"@type\":\"ReadAction\",\"target\":[\"https:\/\/charente.catholique.fr\/nord-charente\/actualites\/annoncessemaine-du-06-au-14-mai-2023\/\"]}]},{\"@type\":\"ImageObject\",\"inLanguage\":\"fr-FR\",\"@id\":\"https:\/\/charente.catholique.fr\/nord-charente\/actualites\/annoncessemaine-du-06-au-14-mai-2023\/#primaryimage\",\"url\":\"https:\/\/charente.catholique.fr\/nord-charente\/wp-content\/uploads\/sites\/4\/2023\/05\/image9-rotated.jpeg\",\"contentUrl\":\"https:\/\/charente.catholique.fr\/nord-charente\/wp-content\/uploads\/sites\/4\/2023\/05\/image9-rotated.jpeg\",\"width\":480,\"height\":640},{\"@type\":\"BreadcrumbList\",\"@id\":\"https:\/\/charente.catholique.fr\/nord-charente\/actualites\/annoncessemaine-du-06-au-14-mai-2023\/#breadcrumb\",\"itemListElement\":[{\"@type\":\"ListItem\",\"position\":1,\"name\":\"Accueil\",\"item\":\"https:\/\/charente.catholique.fr\/nord-charente\/\"},{\"@type\":\"ListItem\",\"position\":2,\"name\":\"Annonces:semaine du 06 au 14 mai 2023\"}]},{\"@type\":\"WebSite\",\"@id\":\"https:\/\/charente.catholique.fr\/nord-charente\/#website\",\"url\":\"https:\/\/charente.catholique.fr\/nord-charente\/\",\"name\":\"Doyenn\u00e9 Nord Charente - Dioc\u00e8se d'Angoul\u00eame\",\"description\":\"Dioc\u00e8se d&#039;Angoul\u00eame\",\"publisher\":{\"@id\":\"https:\/\/charente.catholique.fr\/nord-charente\/#organization\"},\"potentialAction\":[{\"@type\":\"SearchAction\",\"target\":{\"@type\":\"EntryPoint\",\"urlTemplate\":\"https:\/\/charente.catholique.fr\/nord-charente\/?s={search_term_string}\"},\"query-input\":{\"@type\":\"PropertyValueSpecification\",\"valueRequired\":true,\"valueName\":\"search_term_string\"}}],\"inLanguage\":\"fr-FR\"},{\"@type\":\"Organization\",\"@id\":\"https:\/\/charente.catholique.fr\/nord-charente\/#organization\",\"name\":\"Association dioc\u00e9saine d'Angoul\u00eame\",\"url\":\"https:\/\/charente.catholique.fr\/nord-charente\/\",\"logo\":{\"@type\":\"ImageObject\",\"inLanguage\":\"fr-FR\",\"@id\":\"https:\/\/charente.catholique.fr\/nord-charente\/#\/schema\/logo\/image\/\",\"url\":\"https:\/\/charente.catholique.fr\/nord-charente\/wp-content\/uploads\/sites\/4\/2020\/10\/logos.png\",\"contentUrl\":\"https:\/\/charente.catholique.fr\/nord-charente\/wp-content\/uploads\/sites\/4\/2020\/10\/logos.png\",\"width\":600,\"height\":257,\"caption\":\"Association dioc\u00e9saine d'Angoul\u00eame\"},\"image\":{\"@id\":\"https:\/\/charente.catholique.fr\/nord-charente\/#\/schema\/logo\/image\/\"},\"sameAs\":[\"https:\/\/www.facebook.com\/EgliseCatholiqueCharente\",\"https:\/\/x.com\/diocesecharente\",\"https:\/\/www.instagram.com\/eglisecharente\",\"https:\/\/www.youtube.com\/channel\/UCByyFWApZbw3gDTiADoiAaQ\"]},{\"@type\":\"Person\",\"@id\":\"https:\/\/charente.catholique.fr\/nord-charente\/#\/schema\/person\/51184492e4abba33e5d768059a70f4db\",\"name\":\"joelleayrault\",\"image\":{\"@type\":\"ImageObject\",\"inLanguage\":\"fr-FR\",\"@id\":\"https:\/\/charente.catholique.fr\/nord-charente\/#\/schema\/person\/image\/\",\"url\":\"https:\/\/secure.gravatar.com\/avatar\/3bd3977af99690427d59b19ec7b6bd94226de63be5c368ae8d090f2d7f86dd5f?s=96&d=mm&r=g\",\"contentUrl\":\"https:\/\/secure.gravatar.com\/avatar\/3bd3977af99690427d59b19ec7b6bd94226de63be5c368ae8d090f2d7f86dd5f?s=96&d=mm&r=g\",\"caption\":\"joelleayrault\"},\"url\":\"https:\/\/charente.catholique.fr\/nord-charente\/author\/joelleayrault\/\"}]}<\/script>\n<!-- \/ Yoast SEO plugin. -->","yoast_head_json":{"title":"Annonces:semaine du 06 au 14 mai 2023 - Doyenn\u00e9 Nord Charente","robots":{"index":"index","follow":"follow","max-snippet":"max-snippet:-1","max-image-preview":"max-image-preview:large","max-video-preview":"max-video-preview:-1"},"canonical":"https:\/\/charente.catholique.fr\/nord-charente\/actualites\/annoncessemaine-du-06-au-14-mai-2023\/","og_locale":"fr_FR","og_type":"article","og_title":"Annonces:semaine du 06 au 14 mai 2023 - Doyenn\u00e9 Nord Charente","og_description":"Annonces des paroisses de Ruffec et Villefagnan Semaine du 6 au 14 Mai 2023 Samedi 6 &nbsp;Ruffec 9 h 9 h 30 &nbsp;Messe \u00e0 l\u2019oratoire. &nbsp;Confessions \u00e0 l\u2019\u00e9glise. &nbsp;Taiz\u00e9-Aizie 11 h &nbsp;Chapelet pour les vocations sacerdotales et religieuses St Gervais , Tourriers 18 h 30 &nbsp;Messes anticip\u00e9es Dimanche 7 &nbsp;Villej\u00e9sus Mansle&nbsp;&nbsp;&nbsp;&nbsp; Ruffec Villefagnan &nbsp;Villefagnan 10 [&hellip;]","og_url":"https:\/\/charente.catholique.fr\/nord-charente\/actualites\/annoncessemaine-du-06-au-14-mai-2023\/","og_site_name":"Doyenn\u00e9 Nord Charente","article_publisher":"https:\/\/www.facebook.com\/EgliseCatholiqueCharente","article_published_time":"2023-05-09T21:15:33+00:00","article_modified_time":"2023-05-09T21:15:57+00:00","og_image":[{"width":480,"height":640,"url":"https:\/\/charente.catholique.fr\/nord-charente\/wp-content\/uploads\/sites\/4\/2023\/05\/image9-rotated.jpeg","type":"image\/jpeg"}],"author":"joelleayrault","twitter_card":"summary_large_image","twitter_creator":"@diocesecharente","twitter_site":"@diocesecharente","twitter_misc":{"\u00c9crit par":"joelleayrault","Dur\u00e9e de lecture estim\u00e9e":"3 minutes"},"schema":{"@context":"https:\/\/schema.org","@graph":[{"@type":"Article","@id":"https:\/\/charente.catholique.fr\/nord-charente\/actualites\/annoncessemaine-du-06-au-14-mai-2023\/#article","isPartOf":{"@id":"https:\/\/charente.catholique.fr\/nord-charente\/actualites\/annoncessemaine-du-06-au-14-mai-2023\/"},"author":{"name":"joelleayrault","@id":"https:\/\/charente.catholique.fr\/nord-charente\/#\/schema\/person\/51184492e4abba33e5d768059a70f4db"},"headline":"Annonces:semaine du 06 au 14 mai 2023","datePublished":"2023-05-09T21:15:33+00:00","dateModified":"2023-05-09T21:15:57+00:00","mainEntityOfPage":{"@id":"https:\/\/charente.catholique.fr\/nord-charente\/actualites\/annoncessemaine-du-06-au-14-mai-2023\/"},"wordCount":451,"commentCount":0,"publisher":{"@id":"https:\/\/charente.catholique.fr\/nord-charente\/#organization"},"image":{"@id":"https:\/\/charente.catholique.fr\/nord-charente\/actualites\/annoncessemaine-du-06-au-14-mai-2023\/#primaryimage"},"thumbnailUrl":"https:\/\/charente.catholique.fr\/nord-charente\/wp-content\/uploads\/sites\/4\/2023\/05\/image9-rotated.jpeg","articleSection":["Actualit\u00e9s"],"inLanguage":"fr-FR","potentialAction":[{"@type":"CommentAction","name":"Comment","target":["https:\/\/charente.catholique.fr\/nord-charente\/actualites\/annoncessemaine-du-06-au-14-mai-2023\/#respond"]}]},{"@type":"WebPage","@id":"https:\/\/charente.catholique.fr\/nord-charente\/actualites\/annoncessemaine-du-06-au-14-mai-2023\/","url":"https:\/\/charente.catholique.fr\/nord-charente\/actualites\/annoncessemaine-du-06-au-14-mai-2023\/","name":"Annonces:semaine du 06 au 14 mai 2023 - Doyenn\u00e9 Nord Charente","isPartOf":{"@id":"https:\/\/charente.catholique.fr\/nord-charente\/#website"},"primaryImageOfPage":{"@id":"https:\/\/charente.catholique.fr\/nord-charente\/actualites\/annoncessemaine-du-06-au-14-mai-2023\/#primaryimage"},"image":{"@id":"https:\/\/charente.catholique.fr\/nord-charente\/actualites\/annoncessemaine-du-06-au-14-mai-2023\/#primaryimage"},"thumbnailUrl":"https:\/\/charente.catholique.fr\/nord-charente\/wp-content\/uploads\/sites\/4\/2023\/05\/image9-rotated.jpeg","datePublished":"2023-05-09T21:15:33+00:00","dateModified":"2023-05-09T21:15:57+00:00","breadcrumb":{"@id":"https:\/\/charente.catholique.fr\/nord-charente\/actualites\/annoncessemaine-du-06-au-14-mai-2023\/#breadcrumb"},"inLanguage":"fr-FR","potentialAction":[{"@type":"ReadAction","target":["https:\/\/charente.catholique.fr\/nord-charente\/actualites\/annoncessemaine-du-06-au-14-mai-2023\/"]}]},{"@type":"ImageObject","inLanguage":"fr-FR","@id":"https:\/\/charente.catholique.fr\/nord-charente\/actualites\/annoncessemaine-du-06-au-14-mai-2023\/#primaryimage","url":"https:\/\/charente.catholique.fr\/nord-charente\/wp-content\/uploads\/sites\/4\/2023\/05\/image9-rotated.jpeg","contentUrl":"https:\/\/charente.catholique.fr\/nord-charente\/wp-content\/uploads\/sites\/4\/2023\/05\/image9-rotated.jpeg","width":480,"height":640},{"@type":"BreadcrumbList","@id":"https:\/\/charente.catholique.fr\/nord-charente\/actualites\/annoncessemaine-du-06-au-14-mai-2023\/#breadcrumb","itemListElement":[{"@type":"ListItem","position":1,"name":"Accueil","item":"https:\/\/charente.catholique.fr\/nord-charente\/"},{"@type":"ListItem","position":2,"name":"Annonces:semaine du 06 au 14 mai 2023"}]},{"@type":"WebSite","@id":"https:\/\/charente.catholique.fr\/nord-charente\/#website","url":"https:\/\/charente.catholique.fr\/nord-charente\/","name":"Doyenn\u00e9 Nord Charente - Dioc\u00e8se d'Angoul\u00eame","description":"Dioc\u00e8se d&#039;Angoul\u00eame","publisher":{"@id":"https:\/\/charente.catholique.fr\/nord-charente\/#organization"},"potentialAction":[{"@type":"SearchAction","target":{"@type":"EntryPoint","urlTemplate":"https:\/\/charente.catholique.fr\/nord-charente\/?s={search_term_string}"},"query-input":{"@type":"PropertyValueSpecification","valueRequired":true,"valueName":"search_term_string"}}],"inLanguage":"fr-FR"},{"@type":"Organization","@id":"https:\/\/charente.catholique.fr\/nord-charente\/#organization","name":"Association dioc\u00e9saine d'Angoul\u00eame","url":"https:\/\/charente.catholique.fr\/nord-charente\/","logo":{"@type":"ImageObject","inLanguage":"fr-FR","@id":"https:\/\/charente.catholique.fr\/nord-charente\/#\/schema\/logo\/image\/","url":"https:\/\/charente.catholique.fr\/nord-charente\/wp-content\/uploads\/sites\/4\/2020\/10\/logos.png","contentUrl":"https:\/\/charente.catholique.fr\/nord-charente\/wp-content\/uploads\/sites\/4\/2020\/10\/logos.png","width":600,"height":257,"caption":"Association dioc\u00e9saine d'Angoul\u00eame"},"image":{"@id":"https:\/\/charente.catholique.fr\/nord-charente\/#\/schema\/logo\/image\/"},"sameAs":["https:\/\/www.facebook.com\/EgliseCatholiqueCharente","https:\/\/x.com\/diocesecharente","https:\/\/www.instagram.com\/eglisecharente","https:\/\/www.youtube.com\/channel\/UCByyFWApZbw3gDTiADoiAaQ"]},{"@type":"Person","@id":"https:\/\/charente.catholique.fr\/nord-charente\/#\/schema\/person\/51184492e4abba33e5d768059a70f4db","name":"joelleayrault","image":{"@type":"ImageObject","inLanguage":"fr-FR","@id":"https:\/\/charente.catholique.fr\/nord-charente\/#\/schema\/person\/image\/","url":"https:\/\/secure.gravatar.com\/avatar\/3bd3977af99690427d59b19ec7b6bd94226de63be5c368ae8d090f2d7f86dd5f?s=96&d=mm&r=g","contentUrl":"https:\/\/secure.gravatar.com\/avatar\/3bd3977af99690427d59b19ec7b6bd94226de63be5c368ae8d090f2d7f86dd5f?s=96&d=mm&r=g","caption":"joelleayrault"},"url":"https:\/\/charente.catholique.fr\/nord-charente\/author\/joelleayrault\/"}]}},"_links":{"self":[{"href":"https:\/\/charente.catholique.fr\/nord-charente\/wp-json\/wp\/v2\/posts\/5006","targetHints":{"allow":["GET"]}}],"collection":[{"href":"https:\/\/charente.catholique.fr\/nord-charente\/wp-json\/wp\/v2\/posts"}],"about":[{"href":"https:\/\/charente.catholique.fr\/nord-charente\/wp-json\/wp\/v2\/types\/post"}],"author":[{"embeddable":true,"href":"https:\/\/charente.catholique.fr\/nord-charente\/wp-json\/wp\/v2\/users\/38"}],"replies":[{"embeddable":true,"href":"https:\/\/charente.catholique.fr\/nord-charente\/wp-json\/wp\/v2\/comments?post=5006"}],"version-history":[{"count":1,"href":"https:\/\/charente.catholique.fr\/nord-charente\/wp-json\/wp\/v2\/posts\/5006\/revisions"}],"predecessor-version":[{"id":5007,"href":"https:\/\/charente.catholique.fr\/nord-charente\/wp-json\/wp\/v2\/posts\/5006\/revisions\/5007"}],"wp:featuredmedia":[{"embeddable":true,"href":"https:\/\/charente.catholique.fr\/nord-charente\/wp-json\/wp\/v2\/media\/5008"}],"wp:attachment":[{"href":"https:\/\/charente.catholique.fr\/nord-charente\/wp-json\/wp\/v2\/media?parent=5006"}],"wp:term":[{"taxonomy":"category","embeddable":true,"href":"https:\/\/charente.catholique.fr\/nord-charente\/wp-json\/wp\/v2\/categories?post=5006"},{"taxonomy":"post_tag","embeddable":true,"href":"https:\/\/charente.catholique.fr\/nord-charente\/wp-json\/wp\/v2\/tags?post=5006"}],"curies":[{"name":"wp","href":"https:\/\/api.w.org\/{rel}","templated":true}]}}