{"id":4628,"date":"2023-02-23T23:46:53","date_gmt":"2023-02-23T22:46:53","guid":{"rendered":"https:\/\/charente.catholique.fr\/nord-charente\/?p=4628"},"modified":"2023-02-23T23:46:54","modified_gmt":"2023-02-23T22:46:54","slug":"mercredi-des-cendres","status":"publish","type":"post","link":"https:\/\/charente.catholique.fr\/nord-charente\/actualites\/mercredi-des-cendres\/","title":{"rendered":"Mercredi des Cendres"},"content":{"rendered":"\n<p><strong>Les dates importantes en 2023<\/strong><\/p>\n\n\n<div class=\"wp-block-image\">\n<figure class=\"alignright size-full is-resized\"><img loading=\"lazy\" decoding=\"async\" src=\"https:\/\/charente.catholique.fr\/nord-charente\/wp-content\/uploads\/sites\/4\/2023\/02\/IMG_2780-rotated.jpg\" alt=\"\" class=\"wp-image-4633\" width=\"453\" height=\"604\" srcset=\"https:\/\/charente.catholique.fr\/nord-charente\/wp-content\/uploads\/sites\/4\/2023\/02\/IMG_2780-rotated.jpg 480w, https:\/\/charente.catholique.fr\/nord-charente\/wp-content\/uploads\/sites\/4\/2023\/02\/IMG_2780-225x300.jpg 225w\" sizes=\"auto, (max-width: 453px) 100vw, 453px\" \/><\/figure>\n<\/div>\n\n\n<p>Le Car\u00eame commence le Mercredi des Cendres, le mercredi 22 f\u00e9vrier 2023.<\/p>\n\n\n\n<figure class=\"wp-block-image size-full\"><img loading=\"lazy\" decoding=\"async\" width=\"480\" height=\"640\" src=\"https:\/\/charente.catholique.fr\/nord-charente\/wp-content\/uploads\/sites\/4\/2023\/02\/IMG_2776-rotated.jpg\" alt=\"\" class=\"wp-image-4634\" srcset=\"https:\/\/charente.catholique.fr\/nord-charente\/wp-content\/uploads\/sites\/4\/2023\/02\/IMG_2776-rotated.jpg 480w, https:\/\/charente.catholique.fr\/nord-charente\/wp-content\/uploads\/sites\/4\/2023\/02\/IMG_2776-225x300.jpg 225w\" sizes=\"auto, (max-width: 480px) 100vw, 480px\" \/><\/figure>\n\n\n<div class=\"wp-block-image\">\n<figure class=\"aligncenter size-full is-resized\"><img loading=\"lazy\" decoding=\"async\" src=\"https:\/\/charente.catholique.fr\/nord-charente\/wp-content\/uploads\/sites\/4\/2023\/02\/IMG_27811-rotated.jpg\" alt=\"\" class=\"wp-image-4632\" width=\"382\" height=\"509\" srcset=\"https:\/\/charente.catholique.fr\/nord-charente\/wp-content\/uploads\/sites\/4\/2023\/02\/IMG_27811-rotated.jpg 480w, https:\/\/charente.catholique.fr\/nord-charente\/wp-content\/uploads\/sites\/4\/2023\/02\/IMG_27811-225x300.jpg 225w\" sizes=\"auto, (max-width: 382px) 100vw, 382px\" \/><\/figure>\n<\/div>\n\n<div class=\"wp-block-image\">\n<figure class=\"alignright size-full is-resized\"><img loading=\"lazy\" decoding=\"async\" src=\"https:\/\/charente.catholique.fr\/nord-charente\/wp-content\/uploads\/sites\/4\/2023\/02\/IMG_27792-rotated.jpg\" alt=\"\" class=\"wp-image-4631\" width=\"344\" height=\"459\" srcset=\"https:\/\/charente.catholique.fr\/nord-charente\/wp-content\/uploads\/sites\/4\/2023\/02\/IMG_27792-rotated.jpg 480w, https:\/\/charente.catholique.fr\/nord-charente\/wp-content\/uploads\/sites\/4\/2023\/02\/IMG_27792-225x300.jpg 225w\" sizes=\"auto, (max-width: 344px) 100vw, 344px\" \/><\/figure>\n<\/div>\n\n\n<p> Il se termine le Jeudi Saint, le jeudi 6 avril 2023, juste avant la c\u00e9l\u00e9bration de la C\u00e8ne qui a lieu habituellement en soir\u00e9e. <\/p>\n\n\n\n<p>La Semaine Sainte, elle, commence avec le dimanche des Rameaux, le 2 avril 2023. On y comm\u00e9more la C\u00e8ne, la Passion et la mort du Christ sur la Croix. <\/p>\n\n\n\n<p>Tout ce long temps de pr\u00e9paration culmine le Samedi Saint au soir et le dimanche de P\u00e2ques, le 9 avril 2023, alors que les chr\u00e9tiens et chr\u00e9tiennes c\u00e9l\u00e8brent la r\u00e9surrection du Christ.<\/p>\n\n\n\n<p><\/p>\n\n\n\n<p><strong>La paroisse de VILLEFAGNAN vous souhaite un beau chemin de car\u00eame ,un temps de gr\u00e2ce pour se faire du bien !<\/strong><\/p>\n\n\n\n<p><\/p>\n\n\n\n<p>                                                       <strong> De sa Saintet\u00e9 Beno\u00eet XVI<\/strong><\/p>\n\n\n\n<p>&#8220;<strong>Pendant toute la p\u00e9riode du Car\u00eame, l\u2019Eglise nous offre avec grande abondance la Parole de Dieu. En la m\u00e9ditant et en l\u2019int\u00e9riorisant pour l\u2019incarner au quotidien, nous d\u00e9couvrons une forme de <em>pri\u00e8re <\/em>qui est pr\u00e9cieuse et irrempla\u00e7able. En effet l\u2019\u00e9coute attentive de Dieu qui parle sans cesse \u00e0 notre c\u0153ur, nourrit le chemin de foi que nous avons commenc\u00e9 le jour de notre Bapt\u00eame. La pri\u00e8re nous permet \u00e9galement d\u2019entrer dans une nouvelle perception du temps: Sans la perspective de l\u2019\u00e9ternit\u00e9 et de la transcendance, en effet, le temps n\u2019est qu\u2019une cadence qui rythme nos pas vers un horizon sans avenir. En priant, au contraire, nous prenons du temps pour Dieu, pour d\u00e9couvrir que ses \u00abparoles ne passeront pas\u00bb (<em>Mc <\/em>13,31), pour entrer en cette communion intime avec Lui \u00abque personne ne pourra nous enlever\u00bb (cf. <em>Jn <\/em>16,22), qui nous ouvre \u00e0 l\u2019esp\u00e9rance qui ne d\u00e9\u00e7oit pas, \u00e0 la vie \u00e9ternelle&#8230;)(&#8230;La p\u00e9riode du Car\u00eame est un temps favorable pour reconna\u00eetre notre fragilit\u00e9, pour accueillir, \u00e0 travers une sinc\u00e8re r\u00e9vision de vie, la Gr\u00e2ce r\u00e9novatrice du Sacrement de P\u00e9nitence et marcher r\u00e9solument vers le Christ.<\/strong><\/p>\n\n\n\n<p><strong>Chers Fr\u00e8res et S\u0153urs, par la rencontre personnelle avec notre R\u00e9dempteur et par la pratique du je\u00fbne, de l\u2019aum\u00f4ne et de la pri\u00e8re, le chemin de conversion vers P\u00e2ques nous conduit \u00e0 d\u00e9couvrir d\u2019une fa\u00e7on nouvelle notre Bapt\u00eame. Accueillons \u00e0 nouveau, en ce temps de Car\u00eame, la Gr\u00e2ce que Dieu nous a donn\u00e9e au moment de notre Bapt\u00eame, afin qu\u2019elle illumine et guide toutes nos actions. Ce que ce Sacrement signifie et r\u00e9alise, nous sommes appel\u00e9s \u00e0 le vivre jour apr\u00e8s jour, en suivant le Christ avec toujours plu<\/strong>s<strong> de g\u00e9n\u00e9rosit\u00e9 et d\u2019authenticit\u00e9. En ce cheminement, nous nous confions \u00e0 la Vierge Marie qui a enfant\u00e9 le Verbe de Dieu dans sa foi et dans sa chair, pour nous plonger comme Elle dans la mort et la r\u00e9surrection de son Fils J\u00e9sus et avoir la vie \u00e9ternelle.&#8221;<\/strong><\/p>\n\n\n\n<p><em><strong>Du Vatican, le 4 novembre 20<\/strong>10<\/em><\/p>\n\n\n\n<p><strong>BENEDICTUS PP. XVI<\/strong><\/p>\n","protected":false},"excerpt":{"rendered":"<p>Les dates importantes en 2023 Le Car\u00eame commence le Mercredi des Cendres, le mercredi 22 f\u00e9vrier 2023. Il se termine le Jeudi Saint, le jeudi 6 avril 2023, juste avant la c\u00e9l\u00e9bration de la C\u00e8ne qui a lieu habituellement en soir\u00e9e. La Semaine Sainte, elle, commence avec le dimanche des Rameaux, le 2 avril 2023. [&hellip;]<\/p>\n","protected":false},"author":38,"featured_media":4630,"comment_status":"open","ping_status":"open","sticky":false,"template":"","format":"standard","meta":{"_acf_changed":false,"paroisse":["14"],"service":["0"],"footnotes":""},"categories":[1],"tags":[],"class_list":["post-4628","post","type-post","status-publish","format-standard","has-post-thumbnail","hentry","category-actualites"],"acf":[],"yoast_head":"<!-- This site is optimized with the Yoast SEO plugin v27.1.1 - https:\/\/yoast.com\/product\/yoast-seo-wordpress\/ -->\n<title>Mercredi des Cendres - Doyenn\u00e9 Nord Charente<\/title>\n<meta name=\"robots\" content=\"index, follow, max-snippet:-1, max-image-preview:large, max-video-preview:-1\" \/>\n<link rel=\"canonical\" href=\"https:\/\/charente.catholique.fr\/nord-charente\/actualites\/mercredi-des-cendres\/\" \/>\n<meta property=\"og:locale\" content=\"fr_FR\" \/>\n<meta property=\"og:type\" content=\"article\" \/>\n<meta property=\"og:title\" content=\"Mercredi des Cendres - Doyenn\u00e9 Nord Charente\" \/>\n<meta property=\"og:description\" content=\"Les dates importantes en 2023 Le Car\u00eame commence le Mercredi des Cendres, le mercredi 22 f\u00e9vrier 2023. Il se termine le Jeudi Saint, le jeudi 6 avril 2023, juste avant la c\u00e9l\u00e9bration de la C\u00e8ne qui a lieu habituellement en soir\u00e9e. La Semaine Sainte, elle, commence avec le dimanche des Rameaux, le 2 avril 2023. [&hellip;]\" \/>\n<meta property=\"og:url\" content=\"https:\/\/charente.catholique.fr\/nord-charente\/actualites\/mercredi-des-cendres\/\" \/>\n<meta property=\"og:site_name\" content=\"Doyenn\u00e9 Nord Charente\" \/>\n<meta property=\"article:publisher\" content=\"https:\/\/www.facebook.com\/EgliseCatholiqueCharente\" \/>\n<meta property=\"article:published_time\" content=\"2023-02-23T22:46:53+00:00\" \/>\n<meta property=\"article:modified_time\" content=\"2023-02-23T22:46:54+00:00\" \/>\n<meta property=\"og:image\" content=\"https:\/\/charente.catholique.fr\/nord-charente\/wp-content\/uploads\/sites\/4\/2023\/02\/img_2783-rotated.jpg\" \/>\n\t<meta property=\"og:image:width\" content=\"480\" \/>\n\t<meta property=\"og:image:height\" content=\"640\" \/>\n\t<meta property=\"og:image:type\" content=\"image\/jpeg\" \/>\n<meta name=\"author\" content=\"joelleayrault\" \/>\n<meta name=\"twitter:card\" content=\"summary_large_image\" \/>\n<meta name=\"twitter:creator\" content=\"@diocesecharente\" \/>\n<meta name=\"twitter:site\" content=\"@diocesecharente\" \/>\n<meta name=\"twitter:label1\" content=\"\u00c9crit par\" \/>\n\t<meta name=\"twitter:data1\" content=\"joelleayrault\" \/>\n\t<meta name=\"twitter:label2\" content=\"Dur\u00e9e de lecture estim\u00e9e\" \/>\n\t<meta name=\"twitter:data2\" content=\"4 minutes\" \/>\n<script type=\"application\/ld+json\" class=\"yoast-schema-graph\">{\"@context\":\"https:\/\/schema.org\",\"@graph\":[{\"@type\":\"Article\",\"@id\":\"https:\/\/charente.catholique.fr\/nord-charente\/actualites\/mercredi-des-cendres\/#article\",\"isPartOf\":{\"@id\":\"https:\/\/charente.catholique.fr\/nord-charente\/actualites\/mercredi-des-cendres\/\"},\"author\":{\"name\":\"joelleayrault\",\"@id\":\"https:\/\/charente.catholique.fr\/nord-charente\/#\/schema\/person\/51184492e4abba33e5d768059a70f4db\"},\"headline\":\"Mercredi des Cendres\",\"datePublished\":\"2023-02-23T22:46:53+00:00\",\"dateModified\":\"2023-02-23T22:46:54+00:00\",\"mainEntityOfPage\":{\"@id\":\"https:\/\/charente.catholique.fr\/nord-charente\/actualites\/mercredi-des-cendres\/\"},\"wordCount\":515,\"commentCount\":0,\"publisher\":{\"@id\":\"https:\/\/charente.catholique.fr\/nord-charente\/#organization\"},\"image\":{\"@id\":\"https:\/\/charente.catholique.fr\/nord-charente\/actualites\/mercredi-des-cendres\/#primaryimage\"},\"thumbnailUrl\":\"https:\/\/charente.catholique.fr\/nord-charente\/wp-content\/uploads\/sites\/4\/2023\/02\/img_2783-rotated.jpg\",\"articleSection\":[\"Actualit\u00e9s\"],\"inLanguage\":\"fr-FR\",\"potentialAction\":[{\"@type\":\"CommentAction\",\"name\":\"Comment\",\"target\":[\"https:\/\/charente.catholique.fr\/nord-charente\/actualites\/mercredi-des-cendres\/#respond\"]}]},{\"@type\":\"WebPage\",\"@id\":\"https:\/\/charente.catholique.fr\/nord-charente\/actualites\/mercredi-des-cendres\/\",\"url\":\"https:\/\/charente.catholique.fr\/nord-charente\/actualites\/mercredi-des-cendres\/\",\"name\":\"Mercredi des Cendres - Doyenn\u00e9 Nord Charente\",\"isPartOf\":{\"@id\":\"https:\/\/charente.catholique.fr\/nord-charente\/#website\"},\"primaryImageOfPage\":{\"@id\":\"https:\/\/charente.catholique.fr\/nord-charente\/actualites\/mercredi-des-cendres\/#primaryimage\"},\"image\":{\"@id\":\"https:\/\/charente.catholique.fr\/nord-charente\/actualites\/mercredi-des-cendres\/#primaryimage\"},\"thumbnailUrl\":\"https:\/\/charente.catholique.fr\/nord-charente\/wp-content\/uploads\/sites\/4\/2023\/02\/img_2783-rotated.jpg\",\"datePublished\":\"2023-02-23T22:46:53+00:00\",\"dateModified\":\"2023-02-23T22:46:54+00:00\",\"breadcrumb\":{\"@id\":\"https:\/\/charente.catholique.fr\/nord-charente\/actualites\/mercredi-des-cendres\/#breadcrumb\"},\"inLanguage\":\"fr-FR\",\"potentialAction\":[{\"@type\":\"ReadAction\",\"target\":[\"https:\/\/charente.catholique.fr\/nord-charente\/actualites\/mercredi-des-cendres\/\"]}]},{\"@type\":\"ImageObject\",\"inLanguage\":\"fr-FR\",\"@id\":\"https:\/\/charente.catholique.fr\/nord-charente\/actualites\/mercredi-des-cendres\/#primaryimage\",\"url\":\"https:\/\/charente.catholique.fr\/nord-charente\/wp-content\/uploads\/sites\/4\/2023\/02\/img_2783-rotated.jpg\",\"contentUrl\":\"https:\/\/charente.catholique.fr\/nord-charente\/wp-content\/uploads\/sites\/4\/2023\/02\/img_2783-rotated.jpg\",\"width\":480,\"height\":640},{\"@type\":\"BreadcrumbList\",\"@id\":\"https:\/\/charente.catholique.fr\/nord-charente\/actualites\/mercredi-des-cendres\/#breadcrumb\",\"itemListElement\":[{\"@type\":\"ListItem\",\"position\":1,\"name\":\"Accueil\",\"item\":\"https:\/\/charente.catholique.fr\/nord-charente\/\"},{\"@type\":\"ListItem\",\"position\":2,\"name\":\"Mercredi des Cendres\"}]},{\"@type\":\"WebSite\",\"@id\":\"https:\/\/charente.catholique.fr\/nord-charente\/#website\",\"url\":\"https:\/\/charente.catholique.fr\/nord-charente\/\",\"name\":\"Doyenn\u00e9 Nord Charente - Dioc\u00e8se d'Angoul\u00eame\",\"description\":\"Dioc\u00e8se d&#039;Angoul\u00eame\",\"publisher\":{\"@id\":\"https:\/\/charente.catholique.fr\/nord-charente\/#organization\"},\"potentialAction\":[{\"@type\":\"SearchAction\",\"target\":{\"@type\":\"EntryPoint\",\"urlTemplate\":\"https:\/\/charente.catholique.fr\/nord-charente\/?s={search_term_string}\"},\"query-input\":{\"@type\":\"PropertyValueSpecification\",\"valueRequired\":true,\"valueName\":\"search_term_string\"}}],\"inLanguage\":\"fr-FR\"},{\"@type\":\"Organization\",\"@id\":\"https:\/\/charente.catholique.fr\/nord-charente\/#organization\",\"name\":\"Association dioc\u00e9saine d'Angoul\u00eame\",\"url\":\"https:\/\/charente.catholique.fr\/nord-charente\/\",\"logo\":{\"@type\":\"ImageObject\",\"inLanguage\":\"fr-FR\",\"@id\":\"https:\/\/charente.catholique.fr\/nord-charente\/#\/schema\/logo\/image\/\",\"url\":\"https:\/\/charente.catholique.fr\/nord-charente\/wp-content\/uploads\/sites\/4\/2020\/10\/logos.png\",\"contentUrl\":\"https:\/\/charente.catholique.fr\/nord-charente\/wp-content\/uploads\/sites\/4\/2020\/10\/logos.png\",\"width\":600,\"height\":257,\"caption\":\"Association dioc\u00e9saine d'Angoul\u00eame\"},\"image\":{\"@id\":\"https:\/\/charente.catholique.fr\/nord-charente\/#\/schema\/logo\/image\/\"},\"sameAs\":[\"https:\/\/www.facebook.com\/EgliseCatholiqueCharente\",\"https:\/\/x.com\/diocesecharente\",\"https:\/\/www.instagram.com\/eglisecharente\",\"https:\/\/www.youtube.com\/channel\/UCByyFWApZbw3gDTiADoiAaQ\"]},{\"@type\":\"Person\",\"@id\":\"https:\/\/charente.catholique.fr\/nord-charente\/#\/schema\/person\/51184492e4abba33e5d768059a70f4db\",\"name\":\"joelleayrault\",\"image\":{\"@type\":\"ImageObject\",\"inLanguage\":\"fr-FR\",\"@id\":\"https:\/\/charente.catholique.fr\/nord-charente\/#\/schema\/person\/image\/\",\"url\":\"https:\/\/secure.gravatar.com\/avatar\/3bd3977af99690427d59b19ec7b6bd94226de63be5c368ae8d090f2d7f86dd5f?s=96&d=mm&r=g\",\"contentUrl\":\"https:\/\/secure.gravatar.com\/avatar\/3bd3977af99690427d59b19ec7b6bd94226de63be5c368ae8d090f2d7f86dd5f?s=96&d=mm&r=g\",\"caption\":\"joelleayrault\"},\"url\":\"https:\/\/charente.catholique.fr\/nord-charente\/author\/joelleayrault\/\"}]}<\/script>\n<!-- \/ Yoast SEO plugin. -->","yoast_head_json":{"title":"Mercredi des Cendres - Doyenn\u00e9 Nord Charente","robots":{"index":"index","follow":"follow","max-snippet":"max-snippet:-1","max-image-preview":"max-image-preview:large","max-video-preview":"max-video-preview:-1"},"canonical":"https:\/\/charente.catholique.fr\/nord-charente\/actualites\/mercredi-des-cendres\/","og_locale":"fr_FR","og_type":"article","og_title":"Mercredi des Cendres - Doyenn\u00e9 Nord Charente","og_description":"Les dates importantes en 2023 Le Car\u00eame commence le Mercredi des Cendres, le mercredi 22 f\u00e9vrier 2023. Il se termine le Jeudi Saint, le jeudi 6 avril 2023, juste avant la c\u00e9l\u00e9bration de la C\u00e8ne qui a lieu habituellement en soir\u00e9e. La Semaine Sainte, elle, commence avec le dimanche des Rameaux, le 2 avril 2023. [&hellip;]","og_url":"https:\/\/charente.catholique.fr\/nord-charente\/actualites\/mercredi-des-cendres\/","og_site_name":"Doyenn\u00e9 Nord Charente","article_publisher":"https:\/\/www.facebook.com\/EgliseCatholiqueCharente","article_published_time":"2023-02-23T22:46:53+00:00","article_modified_time":"2023-02-23T22:46:54+00:00","og_image":[{"width":480,"height":640,"url":"https:\/\/charente.catholique.fr\/nord-charente\/wp-content\/uploads\/sites\/4\/2023\/02\/img_2783-rotated.jpg","type":"image\/jpeg"}],"author":"joelleayrault","twitter_card":"summary_large_image","twitter_creator":"@diocesecharente","twitter_site":"@diocesecharente","twitter_misc":{"\u00c9crit par":"joelleayrault","Dur\u00e9e de lecture estim\u00e9e":"4 minutes"},"schema":{"@context":"https:\/\/schema.org","@graph":[{"@type":"Article","@id":"https:\/\/charente.catholique.fr\/nord-charente\/actualites\/mercredi-des-cendres\/#article","isPartOf":{"@id":"https:\/\/charente.catholique.fr\/nord-charente\/actualites\/mercredi-des-cendres\/"},"author":{"name":"joelleayrault","@id":"https:\/\/charente.catholique.fr\/nord-charente\/#\/schema\/person\/51184492e4abba33e5d768059a70f4db"},"headline":"Mercredi des Cendres","datePublished":"2023-02-23T22:46:53+00:00","dateModified":"2023-02-23T22:46:54+00:00","mainEntityOfPage":{"@id":"https:\/\/charente.catholique.fr\/nord-charente\/actualites\/mercredi-des-cendres\/"},"wordCount":515,"commentCount":0,"publisher":{"@id":"https:\/\/charente.catholique.fr\/nord-charente\/#organization"},"image":{"@id":"https:\/\/charente.catholique.fr\/nord-charente\/actualites\/mercredi-des-cendres\/#primaryimage"},"thumbnailUrl":"https:\/\/charente.catholique.fr\/nord-charente\/wp-content\/uploads\/sites\/4\/2023\/02\/img_2783-rotated.jpg","articleSection":["Actualit\u00e9s"],"inLanguage":"fr-FR","potentialAction":[{"@type":"CommentAction","name":"Comment","target":["https:\/\/charente.catholique.fr\/nord-charente\/actualites\/mercredi-des-cendres\/#respond"]}]},{"@type":"WebPage","@id":"https:\/\/charente.catholique.fr\/nord-charente\/actualites\/mercredi-des-cendres\/","url":"https:\/\/charente.catholique.fr\/nord-charente\/actualites\/mercredi-des-cendres\/","name":"Mercredi des Cendres - Doyenn\u00e9 Nord Charente","isPartOf":{"@id":"https:\/\/charente.catholique.fr\/nord-charente\/#website"},"primaryImageOfPage":{"@id":"https:\/\/charente.catholique.fr\/nord-charente\/actualites\/mercredi-des-cendres\/#primaryimage"},"image":{"@id":"https:\/\/charente.catholique.fr\/nord-charente\/actualites\/mercredi-des-cendres\/#primaryimage"},"thumbnailUrl":"https:\/\/charente.catholique.fr\/nord-charente\/wp-content\/uploads\/sites\/4\/2023\/02\/img_2783-rotated.jpg","datePublished":"2023-02-23T22:46:53+00:00","dateModified":"2023-02-23T22:46:54+00:00","breadcrumb":{"@id":"https:\/\/charente.catholique.fr\/nord-charente\/actualites\/mercredi-des-cendres\/#breadcrumb"},"inLanguage":"fr-FR","potentialAction":[{"@type":"ReadAction","target":["https:\/\/charente.catholique.fr\/nord-charente\/actualites\/mercredi-des-cendres\/"]}]},{"@type":"ImageObject","inLanguage":"fr-FR","@id":"https:\/\/charente.catholique.fr\/nord-charente\/actualites\/mercredi-des-cendres\/#primaryimage","url":"https:\/\/charente.catholique.fr\/nord-charente\/wp-content\/uploads\/sites\/4\/2023\/02\/img_2783-rotated.jpg","contentUrl":"https:\/\/charente.catholique.fr\/nord-charente\/wp-content\/uploads\/sites\/4\/2023\/02\/img_2783-rotated.jpg","width":480,"height":640},{"@type":"BreadcrumbList","@id":"https:\/\/charente.catholique.fr\/nord-charente\/actualites\/mercredi-des-cendres\/#breadcrumb","itemListElement":[{"@type":"ListItem","position":1,"name":"Accueil","item":"https:\/\/charente.catholique.fr\/nord-charente\/"},{"@type":"ListItem","position":2,"name":"Mercredi des Cendres"}]},{"@type":"WebSite","@id":"https:\/\/charente.catholique.fr\/nord-charente\/#website","url":"https:\/\/charente.catholique.fr\/nord-charente\/","name":"Doyenn\u00e9 Nord Charente - Dioc\u00e8se d'Angoul\u00eame","description":"Dioc\u00e8se d&#039;Angoul\u00eame","publisher":{"@id":"https:\/\/charente.catholique.fr\/nord-charente\/#organization"},"potentialAction":[{"@type":"SearchAction","target":{"@type":"EntryPoint","urlTemplate":"https:\/\/charente.catholique.fr\/nord-charente\/?s={search_term_string}"},"query-input":{"@type":"PropertyValueSpecification","valueRequired":true,"valueName":"search_term_string"}}],"inLanguage":"fr-FR"},{"@type":"Organization","@id":"https:\/\/charente.catholique.fr\/nord-charente\/#organization","name":"Association dioc\u00e9saine d'Angoul\u00eame","url":"https:\/\/charente.catholique.fr\/nord-charente\/","logo":{"@type":"ImageObject","inLanguage":"fr-FR","@id":"https:\/\/charente.catholique.fr\/nord-charente\/#\/schema\/logo\/image\/","url":"https:\/\/charente.catholique.fr\/nord-charente\/wp-content\/uploads\/sites\/4\/2020\/10\/logos.png","contentUrl":"https:\/\/charente.catholique.fr\/nord-charente\/wp-content\/uploads\/sites\/4\/2020\/10\/logos.png","width":600,"height":257,"caption":"Association dioc\u00e9saine d'Angoul\u00eame"},"image":{"@id":"https:\/\/charente.catholique.fr\/nord-charente\/#\/schema\/logo\/image\/"},"sameAs":["https:\/\/www.facebook.com\/EgliseCatholiqueCharente","https:\/\/x.com\/diocesecharente","https:\/\/www.instagram.com\/eglisecharente","https:\/\/www.youtube.com\/channel\/UCByyFWApZbw3gDTiADoiAaQ"]},{"@type":"Person","@id":"https:\/\/charente.catholique.fr\/nord-charente\/#\/schema\/person\/51184492e4abba33e5d768059a70f4db","name":"joelleayrault","image":{"@type":"ImageObject","inLanguage":"fr-FR","@id":"https:\/\/charente.catholique.fr\/nord-charente\/#\/schema\/person\/image\/","url":"https:\/\/secure.gravatar.com\/avatar\/3bd3977af99690427d59b19ec7b6bd94226de63be5c368ae8d090f2d7f86dd5f?s=96&d=mm&r=g","contentUrl":"https:\/\/secure.gravatar.com\/avatar\/3bd3977af99690427d59b19ec7b6bd94226de63be5c368ae8d090f2d7f86dd5f?s=96&d=mm&r=g","caption":"joelleayrault"},"url":"https:\/\/charente.catholique.fr\/nord-charente\/author\/joelleayrault\/"}]}},"_links":{"self":[{"href":"https:\/\/charente.catholique.fr\/nord-charente\/wp-json\/wp\/v2\/posts\/4628","targetHints":{"allow":["GET"]}}],"collection":[{"href":"https:\/\/charente.catholique.fr\/nord-charente\/wp-json\/wp\/v2\/posts"}],"about":[{"href":"https:\/\/charente.catholique.fr\/nord-charente\/wp-json\/wp\/v2\/types\/post"}],"author":[{"embeddable":true,"href":"https:\/\/charente.catholique.fr\/nord-charente\/wp-json\/wp\/v2\/users\/38"}],"replies":[{"embeddable":true,"href":"https:\/\/charente.catholique.fr\/nord-charente\/wp-json\/wp\/v2\/comments?post=4628"}],"version-history":[{"count":3,"href":"https:\/\/charente.catholique.fr\/nord-charente\/wp-json\/wp\/v2\/posts\/4628\/revisions"}],"predecessor-version":[{"id":4636,"href":"https:\/\/charente.catholique.fr\/nord-charente\/wp-json\/wp\/v2\/posts\/4628\/revisions\/4636"}],"wp:featuredmedia":[{"embeddable":true,"href":"https:\/\/charente.catholique.fr\/nord-charente\/wp-json\/wp\/v2\/media\/4630"}],"wp:attachment":[{"href":"https:\/\/charente.catholique.fr\/nord-charente\/wp-json\/wp\/v2\/media?parent=4628"}],"wp:term":[{"taxonomy":"category","embeddable":true,"href":"https:\/\/charente.catholique.fr\/nord-charente\/wp-json\/wp\/v2\/categories?post=4628"},{"taxonomy":"post_tag","embeddable":true,"href":"https:\/\/charente.catholique.fr\/nord-charente\/wp-json\/wp\/v2\/tags?post=4628"}],"curies":[{"name":"wp","href":"https:\/\/api.w.org\/{rel}","templated":true}]}}