{"id":3328,"date":"2022-05-15T17:18:31","date_gmt":"2022-05-15T15:18:31","guid":{"rendered":"https:\/\/charente.catholique.fr\/nord-charente\/?p=3328"},"modified":"2022-05-15T17:18:31","modified_gmt":"2022-05-15T15:18:31","slug":"annoncessemaine-du-15-au-22-mai-2022","status":"publish","type":"post","link":"https:\/\/charente.catholique.fr\/nord-charente\/actualites\/annoncessemaine-du-15-au-22-mai-2022\/","title":{"rendered":"ANNONCES:Semaine du 15 au 22 Mai 2022"},"content":{"rendered":"\n<p><strong><u> PAROISSE DE VILLEFAGNAN<\/u><\/strong><\/p>\n\n\n\n<div class=\"wp-block-image is-style-rounded\"><figure class=\"aligncenter size-full is-resized\"><img loading=\"lazy\" decoding=\"async\" src=\"https:\/\/charente.catholique.fr\/nord-charente\/wp-content\/uploads\/sites\/4\/2022\/05\/image020-rotated.jpeg\" alt=\"\" class=\"wp-image-3332\" width=\"305\" height=\"406\" srcset=\"https:\/\/charente.catholique.fr\/nord-charente\/wp-content\/uploads\/sites\/4\/2022\/05\/image020-rotated.jpeg 480w, https:\/\/charente.catholique.fr\/nord-charente\/wp-content\/uploads\/sites\/4\/2022\/05\/image020-225x300.jpeg 225w\" sizes=\"auto, (max-width: 305px) 100vw, 305px\" \/><\/figure><\/div>\n\n\n\n<p><strong><u>DIMANCHE 15 MAI : 5\u00b0 Dim. de P\u00c2QUES. Canonisation de Charles de Foucauld.<\/u><\/strong><\/p>\n\n\n\n<p><strong><u>MESSES \u00e0 9 h 30 \u00e0 VILLEFAGNAN<\/u>, <\/strong>\u00e0 10 h 30 \u00e0 MANSLE, et \u00e0 11 h \u00e0 RUFFEC.<\/p>\n\n\n\n<p>Messe \u00e0 AIGRE \u00e0 11 h avec la Pastorale des personnes handicap\u00e9es.<\/p>\n\n\n\n<p>Lundi 16 : &nbsp;&nbsp;&nbsp;&nbsp;&nbsp;&nbsp;&nbsp; Pri\u00e8re \u00e0 l\u2019Oratoire de Ruffec \u00e0 14 h 30.<\/p>\n\n\n\n<p><strong>Mardi 17 : <\/strong>&nbsp;&nbsp;&nbsp;&nbsp;&nbsp;&nbsp;&nbsp; <strong><u>Messe \u00e0 9 h 15 \u00e0 VILLEFAGNAN.<\/u><\/strong><\/p>\n\n\n\n<p><strong>&nbsp;&nbsp;&nbsp;&nbsp;&nbsp;&nbsp;&nbsp;&nbsp;&nbsp;&nbsp;&nbsp;&nbsp;&nbsp;&nbsp;&nbsp;&nbsp;&nbsp;&nbsp;&nbsp;&nbsp;&nbsp;&nbsp;&nbsp;&nbsp;&nbsp;&nbsp; <u>Rencontre \u00e9quipe liturgiques n\u00b0 4 <\/u><\/strong>(<strong> dimanche 29 mai )<\/strong><\/p>\n\n\n\n<p>&nbsp;&nbsp;&nbsp;&nbsp;&nbsp;&nbsp;&nbsp; <strong><u>Pri\u00e8re du Rosaire \u00e0 15 h \u00e0 l\u2019\u00e9glise de Villefagnan suivit d\u2019un gouter ouvert \u00e0 tous<\/u><\/strong><\/p>\n\n\n\n<p>&nbsp;&nbsp;&nbsp;&nbsp;&nbsp;&nbsp;&nbsp;&nbsp;&nbsp;&nbsp;&nbsp;&nbsp;&nbsp;&nbsp;&nbsp;&nbsp;&nbsp;&nbsp;&nbsp;&nbsp;&nbsp;&nbsp;&nbsp; Messe \u00e0 18 h \u00e0 l\u2019\u00c9glise de RUFFEC.<\/p>\n\n\n\n<p>&nbsp;&nbsp;&nbsp;&nbsp;&nbsp;&nbsp;&nbsp;&nbsp;&nbsp;&nbsp;&nbsp;&nbsp;&nbsp;&nbsp;&nbsp;&nbsp;&nbsp;&nbsp;&nbsp;&nbsp;&nbsp;&nbsp;&nbsp;&nbsp;&nbsp;&nbsp; <strong><u>Pri\u00e8re du renouveau \u00e0 20 h au presbyt\u00e8re de Villefagnan<\/u><\/strong><\/p>\n\n\n\n<p>Mercredi 18 : &nbsp;&nbsp;&nbsp; Messe \u00e0 11 h \u00e0 l\u2019Oratoire de AIGRE.<\/p>\n\n\n\n<p>&nbsp;&nbsp;&nbsp;&nbsp;&nbsp;&nbsp;&nbsp;&nbsp;&nbsp;&nbsp;&nbsp;&nbsp;&nbsp;&nbsp;&nbsp;&nbsp;&nbsp;&nbsp;&nbsp;&nbsp;&nbsp;&nbsp;&nbsp; Messe \u00e0 17 h \u00e0 l\u2019\u00c9glise de RUFFEC.<\/p>\n\n\n\n<p>Jeudi 19 :&nbsp;&nbsp;&nbsp; Messe \u00e0 18 h \u00e0 l\u2019\u00c9glise de RUFFEC et Adoration.<\/p>\n\n\n\n<p>Le P. Marc participe au P\u00e8lerinage des Gens du Voyage aux Saintes Maries de la Mer jusqu\u2019au 27 Mai.&nbsp;&nbsp;&nbsp; Le P. Gustave et le P. Michel assurent les c\u00e9l\u00e9brations.<\/p>\n\n\n\n<p>Vendredi 20 :&nbsp;&nbsp;&nbsp;&nbsp; Messe \u00e0 9 h \u00e0 l\u2019\u00c9glise de RUFFEC.<\/p>\n\n\n\n<p>&nbsp;&nbsp;&nbsp;&nbsp;&nbsp;&nbsp;&nbsp;&nbsp;&nbsp;&nbsp;&nbsp;&nbsp;&nbsp;&nbsp;&nbsp;&nbsp;&nbsp;&nbsp;&nbsp;&nbsp;&nbsp;&nbsp;&nbsp; Chapelet \u00e0 18 h 30 \u00e0 SAINT GEORGES.<\/p>\n\n\n\n<p>&nbsp;&nbsp;&nbsp;&nbsp;&nbsp;&nbsp;&nbsp;&nbsp;&nbsp;&nbsp;&nbsp;&nbsp;&nbsp;&nbsp;&nbsp;&nbsp;&nbsp;&nbsp;&nbsp;&nbsp;&nbsp;&nbsp;&nbsp; A 20 h 30 : Veill\u00e9e de pri\u00e8re et de louange \u00e0&nbsp; TAIZ\u00c9-AIZIE .<\/p>\n\n\n\n<p>Samedi 21 :&nbsp;&nbsp;&nbsp;Chapelet pour les vocations \u00e0 11 h \u00e0 LA FAYE.&nbsp;&nbsp;&nbsp;&nbsp;&nbsp;&nbsp;&nbsp; Messes dominicales anticip\u00e9es \u00e0 18 h 30<\/p>\n\n\n\n<p>&nbsp;&nbsp;&nbsp;&nbsp;&nbsp;&nbsp;&nbsp;&nbsp;&nbsp;&nbsp;&nbsp;&nbsp;&nbsp;&nbsp;&nbsp;&nbsp;&nbsp;&nbsp;&nbsp;&nbsp;&nbsp;&nbsp;&nbsp; \u00e0 <strong>LA CH\u00c8VRERIE et \u00e0 MAINE DE BOIXE.<\/strong><\/p>\n\n\n\n<p><strong><u>DIMANCHE 22 MAI : 6\u00b0 Dimanche de P\u00c2QUES.<\/u><\/strong><\/p>\n\n\n\n<p><strong><u>MESSES \u00e0 9 h 30 \u00e0 VILLEFAGNAN<\/u>, <\/strong>\u00e0 10 h 30 \u00e0 MANSLE,<\/p>\n\n\n\n<p>et \u00e0 11 h \u00e0 AIGRE<strong> <\/strong>suivie duBapt\u00eame de Maxence WHITEHOAD.<\/p>\n\n\n\n<p>C\u00e9l\u00e9bration de la Parole \u00e0 11 h \u00e0 RUFFEC.<\/p>\n\n\n\n<p>&nbsp;&nbsp;&nbsp;&nbsp;&nbsp;&nbsp;&nbsp;&nbsp;&nbsp;&nbsp;&nbsp;&nbsp;&nbsp;&nbsp;&nbsp;&nbsp;&nbsp;&nbsp;&nbsp;&nbsp;&nbsp;&nbsp;&nbsp; A 18 h \u00e0 RUFFEC : Concert d\u2019Orgue et Trompes de Chasse.<\/p>\n\n\n\n<p><strong><u>Jeudi 26 : F\u00caTE DE L\u2019ASCENSION.<\/u><\/strong><\/p>\n\n\n\n<p>&nbsp;&nbsp;&nbsp;&nbsp;&nbsp;&nbsp;&nbsp;&nbsp;&nbsp;&nbsp;&nbsp;&nbsp;&nbsp;&nbsp;&nbsp;&nbsp;&nbsp;&nbsp;&nbsp;&nbsp;&nbsp;&nbsp;&nbsp; <strong><u>MESSES \u00e0 9 h 30 \u00e0 VILLEFAGNAN, <\/u><\/strong>\u00e0 10 h 30 \u00e0 MANSLE,<\/p>\n\n\n\n<p><strong>&nbsp;&nbsp;&nbsp;&nbsp;&nbsp;&nbsp;&nbsp;&nbsp;&nbsp;&nbsp;&nbsp;&nbsp;&nbsp;&nbsp;&nbsp;&nbsp;&nbsp;&nbsp;<\/strong>&nbsp;&nbsp;&nbsp;&nbsp;&nbsp; \u00e0 11 h \u00e0 AIGRE,<strong>&nbsp; <\/strong>et \u00e0 11 h \u00e0 RUFFEC avec le P. Jean Maillard.<\/p>\n\n\n\n<p><strong>Samedi 28 :Messes dominicales anticip\u00e9es \u00e0 18 h 30<\/strong><\/p>\n\n\n\n<p>&nbsp;&nbsp;&nbsp;&nbsp;&nbsp;&nbsp;&nbsp;&nbsp;&nbsp;&nbsp;&nbsp;&nbsp;&nbsp;&nbsp;&nbsp;&nbsp;&nbsp;&nbsp;&nbsp;&nbsp;&nbsp;<strong>&nbsp;<\/strong>&nbsp;&nbsp; \u00e0 MESSEUX,<strong> <\/strong>TOURRIERS <strong>et <u>VILLEFAGNAN.<\/u><\/strong><\/p>\n\n\n\n<p><strong>Presbyt\u00e8re Villefagnan : <\/strong>05 45 31 61 07<\/p>\n\n\n\n<p><strong>Paroisse de Villefagnan :&nbsp; <\/strong>paroisse.villefagnan@outlook.com<\/p>\n\n\n\n<p><strong>&nbsp;&nbsp;&nbsp;&nbsp;&nbsp;&nbsp;&nbsp;&nbsp;&nbsp;&nbsp;&nbsp;&nbsp;&nbsp;&nbsp; Toutes infos : 05 45 29 01 72&nbsp;&nbsp;&nbsp; \/&nbsp;&nbsp; https:\/\/charente.catholique.fr\/<\/strong><\/p>\n\n\n\n<p><\/p>\n\n\n\n<p>                                                                                  <strong><u>Messe en l\u2019\u00e9glise de Saint Pierre de&nbsp; LONGRE&nbsp; ce 4<sup>\u00e8me<\/sup> dimanche de P\u00e2ques<\/u><\/strong>   <\/p>\n\n\n\n<p>                                                                            Depuis sa r\u00e9ouverture et sa remise en beaut\u00e9 (2021), c\u2019\u00e9tait la troisi\u00e8me messe&nbsp; c\u00e9l\u00e9br\u00e9e en cette \u00e9glise!<\/p>\n\n\n\n<p>Nous avons accueilli avec plaisir le P\u00e8re Gustave qui d\u00e9couvrait ces lieux pour la premi\u00e8re fois, le diacre Hubert Marie, le diacre Claude. Avec les paroissiens, le voyage sur les pas du Christ&nbsp;: le bon Pasteur qui n\u2019oublie pas ses brebis, s\u2019est poursuivi toute la Soir\u00e9e<\/p>\n\n\n\n<div class=\"wp-block-image is-style-rounded\"><figure class=\"aligncenter size-full is-resized\"><img loading=\"lazy\" decoding=\"async\" src=\"https:\/\/charente.catholique.fr\/nord-charente\/wp-content\/uploads\/sites\/4\/2022\/05\/photos_14268599932751.jpg\" alt=\"\" class=\"wp-image-3338\" width=\"288\" height=\"431\" srcset=\"https:\/\/charente.catholique.fr\/nord-charente\/wp-content\/uploads\/sites\/4\/2022\/05\/photos_14268599932751.jpg 375w, https:\/\/charente.catholique.fr\/nord-charente\/wp-content\/uploads\/sites\/4\/2022\/05\/photos_14268599932751-201x300.jpg 201w\" sizes=\"auto, (max-width: 288px) 100vw, 288px\" \/><\/figure><\/div>\n\n\n\n\n\n\n\n\n\n<p>&nbsp;&nbsp;&nbsp;&nbsp;                                                                   Le Cierge Pascal, les cierges et lumignons, le fleurissement, offraient beaut\u00e9,&nbsp; bont\u00e9, douceur et Paix.<\/p>\n\n\n\n<p>Nos fid\u00e8les organistes, Claudette et Marie No\u00ebl \u00e9taient retenues ailleurs, mais les voix du pr\u00eatre des diacres et de l\u2019assistance attentive emplissaient les vo\u00fbtes de l\u2019\u00e9difice. Mme le maire Dany M\u00e9netaud lu quelques lignes, son&nbsp; adjoint Hubert Thomas, devenu le pr\u00e9pos\u00e9 aux cloches, des conseillers pr\u00e9sents et les paroissiens de Longr\u00e9 et alentours,&nbsp; renfor\u00e7aient la bonne entende mairie &#8211; \u00e9glise pour le bien- \u00eatre de chacun en ce lieu qui accueille sans distinction, ni jugement.<\/p>\n\n\n\n<p>&nbsp;&nbsp;&nbsp;&nbsp; Un pot de l\u2019amiti\u00e9, offert par le conseil municipal r\u00e9unissait tout le monde \u00e0 la fin de la messe, des moments d\u2019\u00e9changes et d\u2019\u00e9coutes accompagn\u00e9s de la cl\u00e9mence du ciel.<\/p>\n\n\n\n<p><strong>&nbsp;&nbsp;&nbsp;&nbsp; C\u2019est avec regret que l\u2019heure de la s\u00e9paration arrive, des moments uniques mais chaque fois renouvel\u00e9s \u00e0 la sortie d\u2019une messe.<\/strong><\/p>\n","protected":false},"excerpt":{"rendered":"<p>PAROISSE DE VILLEFAGNAN DIMANCHE 15 MAI : 5\u00b0 Dim. de P\u00c2QUES. Canonisation de Charles de Foucauld. MESSES \u00e0 9 h 30 \u00e0 VILLEFAGNAN, \u00e0 10 h 30 \u00e0 MANSLE, et \u00e0 11 h \u00e0 RUFFEC. Messe \u00e0 AIGRE \u00e0 11 h avec la Pastorale des personnes handicap\u00e9es. Lundi 16 : &nbsp;&nbsp;&nbsp;&nbsp;&nbsp;&nbsp;&nbsp; Pri\u00e8re \u00e0 l\u2019Oratoire de [&hellip;]<\/p>\n","protected":false},"author":38,"featured_media":3331,"comment_status":"open","ping_status":"open","sticky":false,"template":"","format":"standard","meta":{"_acf_changed":false,"paroisse":["14"],"service":["0"],"footnotes":""},"categories":[1],"tags":[],"class_list":["post-3328","post","type-post","status-publish","format-standard","has-post-thumbnail","hentry","category-actualites"],"acf":[],"yoast_head":"<!-- This site is optimized with the Yoast SEO plugin v27.1.1 - https:\/\/yoast.com\/product\/yoast-seo-wordpress\/ -->\n<title>ANNONCES:Semaine du 15 au 22 Mai 2022 - Doyenn\u00e9 Nord Charente<\/title>\n<meta name=\"robots\" content=\"index, follow, max-snippet:-1, max-image-preview:large, max-video-preview:-1\" \/>\n<link rel=\"canonical\" href=\"https:\/\/charente.catholique.fr\/nord-charente\/actualites\/annoncessemaine-du-15-au-22-mai-2022\/\" \/>\n<meta property=\"og:locale\" content=\"fr_FR\" \/>\n<meta property=\"og:type\" content=\"article\" \/>\n<meta property=\"og:title\" content=\"ANNONCES:Semaine du 15 au 22 Mai 2022 - Doyenn\u00e9 Nord Charente\" \/>\n<meta property=\"og:description\" content=\"PAROISSE DE VILLEFAGNAN DIMANCHE 15 MAI : 5\u00b0 Dim. de P\u00c2QUES. Canonisation de Charles de Foucauld. MESSES \u00e0 9 h 30 \u00e0 VILLEFAGNAN, \u00e0 10 h 30 \u00e0 MANSLE, et \u00e0 11 h \u00e0 RUFFEC. Messe \u00e0 AIGRE \u00e0 11 h avec la Pastorale des personnes handicap\u00e9es. Lundi 16 : &nbsp;&nbsp;&nbsp;&nbsp;&nbsp;&nbsp;&nbsp; Pri\u00e8re \u00e0 l\u2019Oratoire de [&hellip;]\" \/>\n<meta property=\"og:url\" content=\"https:\/\/charente.catholique.fr\/nord-charente\/actualites\/annoncessemaine-du-15-au-22-mai-2022\/\" \/>\n<meta property=\"og:site_name\" content=\"Doyenn\u00e9 Nord Charente\" \/>\n<meta property=\"article:publisher\" content=\"https:\/\/www.facebook.com\/EgliseCatholiqueCharente\" \/>\n<meta property=\"article:published_time\" content=\"2022-05-15T15:18:31+00:00\" \/>\n<meta property=\"og:image\" content=\"https:\/\/charente.catholique.fr\/nord-charente\/wp-content\/uploads\/sites\/4\/2022\/05\/image110-rotated.jpeg\" \/>\n\t<meta property=\"og:image:width\" content=\"480\" \/>\n\t<meta property=\"og:image:height\" content=\"640\" \/>\n\t<meta property=\"og:image:type\" content=\"image\/jpeg\" \/>\n<meta name=\"author\" content=\"joelleayrault\" \/>\n<meta name=\"twitter:card\" content=\"summary_large_image\" \/>\n<meta name=\"twitter:creator\" content=\"@diocesecharente\" \/>\n<meta name=\"twitter:site\" content=\"@diocesecharente\" \/>\n<meta name=\"twitter:label1\" content=\"\u00c9crit par\" \/>\n\t<meta name=\"twitter:data1\" content=\"joelleayrault\" \/>\n\t<meta name=\"twitter:label2\" content=\"Dur\u00e9e de lecture estim\u00e9e\" \/>\n\t<meta name=\"twitter:data2\" content=\"5 minutes\" \/>\n<script type=\"application\/ld+json\" class=\"yoast-schema-graph\">{\"@context\":\"https:\/\/schema.org\",\"@graph\":[{\"@type\":\"Article\",\"@id\":\"https:\/\/charente.catholique.fr\/nord-charente\/actualites\/annoncessemaine-du-15-au-22-mai-2022\/#article\",\"isPartOf\":{\"@id\":\"https:\/\/charente.catholique.fr\/nord-charente\/actualites\/annoncessemaine-du-15-au-22-mai-2022\/\"},\"author\":{\"name\":\"joelleayrault\",\"@id\":\"https:\/\/charente.catholique.fr\/nord-charente\/#\/schema\/person\/51184492e4abba33e5d768059a70f4db\"},\"headline\":\"ANNONCES:Semaine du 15 au 22 Mai 2022\",\"datePublished\":\"2022-05-15T15:18:31+00:00\",\"mainEntityOfPage\":{\"@id\":\"https:\/\/charente.catholique.fr\/nord-charente\/actualites\/annoncessemaine-du-15-au-22-mai-2022\/\"},\"wordCount\":862,\"commentCount\":0,\"publisher\":{\"@id\":\"https:\/\/charente.catholique.fr\/nord-charente\/#organization\"},\"image\":{\"@id\":\"https:\/\/charente.catholique.fr\/nord-charente\/actualites\/annoncessemaine-du-15-au-22-mai-2022\/#primaryimage\"},\"thumbnailUrl\":\"https:\/\/charente.catholique.fr\/nord-charente\/wp-content\/uploads\/sites\/4\/2022\/05\/image110-rotated.jpeg\",\"articleSection\":[\"Actualit\u00e9s\"],\"inLanguage\":\"fr-FR\",\"potentialAction\":[{\"@type\":\"CommentAction\",\"name\":\"Comment\",\"target\":[\"https:\/\/charente.catholique.fr\/nord-charente\/actualites\/annoncessemaine-du-15-au-22-mai-2022\/#respond\"]}]},{\"@type\":\"WebPage\",\"@id\":\"https:\/\/charente.catholique.fr\/nord-charente\/actualites\/annoncessemaine-du-15-au-22-mai-2022\/\",\"url\":\"https:\/\/charente.catholique.fr\/nord-charente\/actualites\/annoncessemaine-du-15-au-22-mai-2022\/\",\"name\":\"ANNONCES:Semaine du 15 au 22 Mai 2022 - Doyenn\u00e9 Nord Charente\",\"isPartOf\":{\"@id\":\"https:\/\/charente.catholique.fr\/nord-charente\/#website\"},\"primaryImageOfPage\":{\"@id\":\"https:\/\/charente.catholique.fr\/nord-charente\/actualites\/annoncessemaine-du-15-au-22-mai-2022\/#primaryimage\"},\"image\":{\"@id\":\"https:\/\/charente.catholique.fr\/nord-charente\/actualites\/annoncessemaine-du-15-au-22-mai-2022\/#primaryimage\"},\"thumbnailUrl\":\"https:\/\/charente.catholique.fr\/nord-charente\/wp-content\/uploads\/sites\/4\/2022\/05\/image110-rotated.jpeg\",\"datePublished\":\"2022-05-15T15:18:31+00:00\",\"breadcrumb\":{\"@id\":\"https:\/\/charente.catholique.fr\/nord-charente\/actualites\/annoncessemaine-du-15-au-22-mai-2022\/#breadcrumb\"},\"inLanguage\":\"fr-FR\",\"potentialAction\":[{\"@type\":\"ReadAction\",\"target\":[\"https:\/\/charente.catholique.fr\/nord-charente\/actualites\/annoncessemaine-du-15-au-22-mai-2022\/\"]}]},{\"@type\":\"ImageObject\",\"inLanguage\":\"fr-FR\",\"@id\":\"https:\/\/charente.catholique.fr\/nord-charente\/actualites\/annoncessemaine-du-15-au-22-mai-2022\/#primaryimage\",\"url\":\"https:\/\/charente.catholique.fr\/nord-charente\/wp-content\/uploads\/sites\/4\/2022\/05\/image110-rotated.jpeg\",\"contentUrl\":\"https:\/\/charente.catholique.fr\/nord-charente\/wp-content\/uploads\/sites\/4\/2022\/05\/image110-rotated.jpeg\",\"width\":480,\"height\":640},{\"@type\":\"BreadcrumbList\",\"@id\":\"https:\/\/charente.catholique.fr\/nord-charente\/actualites\/annoncessemaine-du-15-au-22-mai-2022\/#breadcrumb\",\"itemListElement\":[{\"@type\":\"ListItem\",\"position\":1,\"name\":\"Accueil\",\"item\":\"https:\/\/charente.catholique.fr\/nord-charente\/\"},{\"@type\":\"ListItem\",\"position\":2,\"name\":\"ANNONCES:Semaine du 15 au 22 Mai 2022\"}]},{\"@type\":\"WebSite\",\"@id\":\"https:\/\/charente.catholique.fr\/nord-charente\/#website\",\"url\":\"https:\/\/charente.catholique.fr\/nord-charente\/\",\"name\":\"Doyenn\u00e9 Nord Charente - Dioc\u00e8se d'Angoul\u00eame\",\"description\":\"Dioc\u00e8se d&#039;Angoul\u00eame\",\"publisher\":{\"@id\":\"https:\/\/charente.catholique.fr\/nord-charente\/#organization\"},\"potentialAction\":[{\"@type\":\"SearchAction\",\"target\":{\"@type\":\"EntryPoint\",\"urlTemplate\":\"https:\/\/charente.catholique.fr\/nord-charente\/?s={search_term_string}\"},\"query-input\":{\"@type\":\"PropertyValueSpecification\",\"valueRequired\":true,\"valueName\":\"search_term_string\"}}],\"inLanguage\":\"fr-FR\"},{\"@type\":\"Organization\",\"@id\":\"https:\/\/charente.catholique.fr\/nord-charente\/#organization\",\"name\":\"Association dioc\u00e9saine d'Angoul\u00eame\",\"url\":\"https:\/\/charente.catholique.fr\/nord-charente\/\",\"logo\":{\"@type\":\"ImageObject\",\"inLanguage\":\"fr-FR\",\"@id\":\"https:\/\/charente.catholique.fr\/nord-charente\/#\/schema\/logo\/image\/\",\"url\":\"https:\/\/charente.catholique.fr\/nord-charente\/wp-content\/uploads\/sites\/4\/2020\/10\/logos.png\",\"contentUrl\":\"https:\/\/charente.catholique.fr\/nord-charente\/wp-content\/uploads\/sites\/4\/2020\/10\/logos.png\",\"width\":600,\"height\":257,\"caption\":\"Association dioc\u00e9saine d'Angoul\u00eame\"},\"image\":{\"@id\":\"https:\/\/charente.catholique.fr\/nord-charente\/#\/schema\/logo\/image\/\"},\"sameAs\":[\"https:\/\/www.facebook.com\/EgliseCatholiqueCharente\",\"https:\/\/x.com\/diocesecharente\",\"https:\/\/www.instagram.com\/eglisecharente\",\"https:\/\/www.youtube.com\/channel\/UCByyFWApZbw3gDTiADoiAaQ\"]},{\"@type\":\"Person\",\"@id\":\"https:\/\/charente.catholique.fr\/nord-charente\/#\/schema\/person\/51184492e4abba33e5d768059a70f4db\",\"name\":\"joelleayrault\",\"image\":{\"@type\":\"ImageObject\",\"inLanguage\":\"fr-FR\",\"@id\":\"https:\/\/charente.catholique.fr\/nord-charente\/#\/schema\/person\/image\/\",\"url\":\"https:\/\/secure.gravatar.com\/avatar\/3bd3977af99690427d59b19ec7b6bd94226de63be5c368ae8d090f2d7f86dd5f?s=96&d=mm&r=g\",\"contentUrl\":\"https:\/\/secure.gravatar.com\/avatar\/3bd3977af99690427d59b19ec7b6bd94226de63be5c368ae8d090f2d7f86dd5f?s=96&d=mm&r=g\",\"caption\":\"joelleayrault\"},\"url\":\"https:\/\/charente.catholique.fr\/nord-charente\/author\/joelleayrault\/\"}]}<\/script>\n<!-- \/ Yoast SEO plugin. -->","yoast_head_json":{"title":"ANNONCES:Semaine du 15 au 22 Mai 2022 - Doyenn\u00e9 Nord Charente","robots":{"index":"index","follow":"follow","max-snippet":"max-snippet:-1","max-image-preview":"max-image-preview:large","max-video-preview":"max-video-preview:-1"},"canonical":"https:\/\/charente.catholique.fr\/nord-charente\/actualites\/annoncessemaine-du-15-au-22-mai-2022\/","og_locale":"fr_FR","og_type":"article","og_title":"ANNONCES:Semaine du 15 au 22 Mai 2022 - Doyenn\u00e9 Nord Charente","og_description":"PAROISSE DE VILLEFAGNAN DIMANCHE 15 MAI : 5\u00b0 Dim. de P\u00c2QUES. Canonisation de Charles de Foucauld. MESSES \u00e0 9 h 30 \u00e0 VILLEFAGNAN, \u00e0 10 h 30 \u00e0 MANSLE, et \u00e0 11 h \u00e0 RUFFEC. Messe \u00e0 AIGRE \u00e0 11 h avec la Pastorale des personnes handicap\u00e9es. Lundi 16 : &nbsp;&nbsp;&nbsp;&nbsp;&nbsp;&nbsp;&nbsp; Pri\u00e8re \u00e0 l\u2019Oratoire de [&hellip;]","og_url":"https:\/\/charente.catholique.fr\/nord-charente\/actualites\/annoncessemaine-du-15-au-22-mai-2022\/","og_site_name":"Doyenn\u00e9 Nord Charente","article_publisher":"https:\/\/www.facebook.com\/EgliseCatholiqueCharente","article_published_time":"2022-05-15T15:18:31+00:00","og_image":[{"width":480,"height":640,"url":"https:\/\/charente.catholique.fr\/nord-charente\/wp-content\/uploads\/sites\/4\/2022\/05\/image110-rotated.jpeg","type":"image\/jpeg"}],"author":"joelleayrault","twitter_card":"summary_large_image","twitter_creator":"@diocesecharente","twitter_site":"@diocesecharente","twitter_misc":{"\u00c9crit par":"joelleayrault","Dur\u00e9e de lecture estim\u00e9e":"5 minutes"},"schema":{"@context":"https:\/\/schema.org","@graph":[{"@type":"Article","@id":"https:\/\/charente.catholique.fr\/nord-charente\/actualites\/annoncessemaine-du-15-au-22-mai-2022\/#article","isPartOf":{"@id":"https:\/\/charente.catholique.fr\/nord-charente\/actualites\/annoncessemaine-du-15-au-22-mai-2022\/"},"author":{"name":"joelleayrault","@id":"https:\/\/charente.catholique.fr\/nord-charente\/#\/schema\/person\/51184492e4abba33e5d768059a70f4db"},"headline":"ANNONCES:Semaine du 15 au 22 Mai 2022","datePublished":"2022-05-15T15:18:31+00:00","mainEntityOfPage":{"@id":"https:\/\/charente.catholique.fr\/nord-charente\/actualites\/annoncessemaine-du-15-au-22-mai-2022\/"},"wordCount":862,"commentCount":0,"publisher":{"@id":"https:\/\/charente.catholique.fr\/nord-charente\/#organization"},"image":{"@id":"https:\/\/charente.catholique.fr\/nord-charente\/actualites\/annoncessemaine-du-15-au-22-mai-2022\/#primaryimage"},"thumbnailUrl":"https:\/\/charente.catholique.fr\/nord-charente\/wp-content\/uploads\/sites\/4\/2022\/05\/image110-rotated.jpeg","articleSection":["Actualit\u00e9s"],"inLanguage":"fr-FR","potentialAction":[{"@type":"CommentAction","name":"Comment","target":["https:\/\/charente.catholique.fr\/nord-charente\/actualites\/annoncessemaine-du-15-au-22-mai-2022\/#respond"]}]},{"@type":"WebPage","@id":"https:\/\/charente.catholique.fr\/nord-charente\/actualites\/annoncessemaine-du-15-au-22-mai-2022\/","url":"https:\/\/charente.catholique.fr\/nord-charente\/actualites\/annoncessemaine-du-15-au-22-mai-2022\/","name":"ANNONCES:Semaine du 15 au 22 Mai 2022 - Doyenn\u00e9 Nord Charente","isPartOf":{"@id":"https:\/\/charente.catholique.fr\/nord-charente\/#website"},"primaryImageOfPage":{"@id":"https:\/\/charente.catholique.fr\/nord-charente\/actualites\/annoncessemaine-du-15-au-22-mai-2022\/#primaryimage"},"image":{"@id":"https:\/\/charente.catholique.fr\/nord-charente\/actualites\/annoncessemaine-du-15-au-22-mai-2022\/#primaryimage"},"thumbnailUrl":"https:\/\/charente.catholique.fr\/nord-charente\/wp-content\/uploads\/sites\/4\/2022\/05\/image110-rotated.jpeg","datePublished":"2022-05-15T15:18:31+00:00","breadcrumb":{"@id":"https:\/\/charente.catholique.fr\/nord-charente\/actualites\/annoncessemaine-du-15-au-22-mai-2022\/#breadcrumb"},"inLanguage":"fr-FR","potentialAction":[{"@type":"ReadAction","target":["https:\/\/charente.catholique.fr\/nord-charente\/actualites\/annoncessemaine-du-15-au-22-mai-2022\/"]}]},{"@type":"ImageObject","inLanguage":"fr-FR","@id":"https:\/\/charente.catholique.fr\/nord-charente\/actualites\/annoncessemaine-du-15-au-22-mai-2022\/#primaryimage","url":"https:\/\/charente.catholique.fr\/nord-charente\/wp-content\/uploads\/sites\/4\/2022\/05\/image110-rotated.jpeg","contentUrl":"https:\/\/charente.catholique.fr\/nord-charente\/wp-content\/uploads\/sites\/4\/2022\/05\/image110-rotated.jpeg","width":480,"height":640},{"@type":"BreadcrumbList","@id":"https:\/\/charente.catholique.fr\/nord-charente\/actualites\/annoncessemaine-du-15-au-22-mai-2022\/#breadcrumb","itemListElement":[{"@type":"ListItem","position":1,"name":"Accueil","item":"https:\/\/charente.catholique.fr\/nord-charente\/"},{"@type":"ListItem","position":2,"name":"ANNONCES:Semaine du 15 au 22 Mai 2022"}]},{"@type":"WebSite","@id":"https:\/\/charente.catholique.fr\/nord-charente\/#website","url":"https:\/\/charente.catholique.fr\/nord-charente\/","name":"Doyenn\u00e9 Nord Charente - Dioc\u00e8se d'Angoul\u00eame","description":"Dioc\u00e8se d&#039;Angoul\u00eame","publisher":{"@id":"https:\/\/charente.catholique.fr\/nord-charente\/#organization"},"potentialAction":[{"@type":"SearchAction","target":{"@type":"EntryPoint","urlTemplate":"https:\/\/charente.catholique.fr\/nord-charente\/?s={search_term_string}"},"query-input":{"@type":"PropertyValueSpecification","valueRequired":true,"valueName":"search_term_string"}}],"inLanguage":"fr-FR"},{"@type":"Organization","@id":"https:\/\/charente.catholique.fr\/nord-charente\/#organization","name":"Association dioc\u00e9saine d'Angoul\u00eame","url":"https:\/\/charente.catholique.fr\/nord-charente\/","logo":{"@type":"ImageObject","inLanguage":"fr-FR","@id":"https:\/\/charente.catholique.fr\/nord-charente\/#\/schema\/logo\/image\/","url":"https:\/\/charente.catholique.fr\/nord-charente\/wp-content\/uploads\/sites\/4\/2020\/10\/logos.png","contentUrl":"https:\/\/charente.catholique.fr\/nord-charente\/wp-content\/uploads\/sites\/4\/2020\/10\/logos.png","width":600,"height":257,"caption":"Association dioc\u00e9saine d'Angoul\u00eame"},"image":{"@id":"https:\/\/charente.catholique.fr\/nord-charente\/#\/schema\/logo\/image\/"},"sameAs":["https:\/\/www.facebook.com\/EgliseCatholiqueCharente","https:\/\/x.com\/diocesecharente","https:\/\/www.instagram.com\/eglisecharente","https:\/\/www.youtube.com\/channel\/UCByyFWApZbw3gDTiADoiAaQ"]},{"@type":"Person","@id":"https:\/\/charente.catholique.fr\/nord-charente\/#\/schema\/person\/51184492e4abba33e5d768059a70f4db","name":"joelleayrault","image":{"@type":"ImageObject","inLanguage":"fr-FR","@id":"https:\/\/charente.catholique.fr\/nord-charente\/#\/schema\/person\/image\/","url":"https:\/\/secure.gravatar.com\/avatar\/3bd3977af99690427d59b19ec7b6bd94226de63be5c368ae8d090f2d7f86dd5f?s=96&d=mm&r=g","contentUrl":"https:\/\/secure.gravatar.com\/avatar\/3bd3977af99690427d59b19ec7b6bd94226de63be5c368ae8d090f2d7f86dd5f?s=96&d=mm&r=g","caption":"joelleayrault"},"url":"https:\/\/charente.catholique.fr\/nord-charente\/author\/joelleayrault\/"}]}},"_links":{"self":[{"href":"https:\/\/charente.catholique.fr\/nord-charente\/wp-json\/wp\/v2\/posts\/3328","targetHints":{"allow":["GET"]}}],"collection":[{"href":"https:\/\/charente.catholique.fr\/nord-charente\/wp-json\/wp\/v2\/posts"}],"about":[{"href":"https:\/\/charente.catholique.fr\/nord-charente\/wp-json\/wp\/v2\/types\/post"}],"author":[{"embeddable":true,"href":"https:\/\/charente.catholique.fr\/nord-charente\/wp-json\/wp\/v2\/users\/38"}],"replies":[{"embeddable":true,"href":"https:\/\/charente.catholique.fr\/nord-charente\/wp-json\/wp\/v2\/comments?post=3328"}],"version-history":[{"count":8,"href":"https:\/\/charente.catholique.fr\/nord-charente\/wp-json\/wp\/v2\/posts\/3328\/revisions"}],"predecessor-version":[{"id":3340,"href":"https:\/\/charente.catholique.fr\/nord-charente\/wp-json\/wp\/v2\/posts\/3328\/revisions\/3340"}],"wp:featuredmedia":[{"embeddable":true,"href":"https:\/\/charente.catholique.fr\/nord-charente\/wp-json\/wp\/v2\/media\/3331"}],"wp:attachment":[{"href":"https:\/\/charente.catholique.fr\/nord-charente\/wp-json\/wp\/v2\/media?parent=3328"}],"wp:term":[{"taxonomy":"category","embeddable":true,"href":"https:\/\/charente.catholique.fr\/nord-charente\/wp-json\/wp\/v2\/categories?post=3328"},{"taxonomy":"post_tag","embeddable":true,"href":"https:\/\/charente.catholique.fr\/nord-charente\/wp-json\/wp\/v2\/tags?post=3328"}],"curies":[{"name":"wp","href":"https:\/\/api.w.org\/{rel}","templated":true}]}}