{"id":2447,"date":"2021-10-24T14:44:29","date_gmt":"2021-10-24T12:44:29","guid":{"rendered":"https:\/\/charente.catholique.fr\/nord-charente\/?p=2447"},"modified":"2021-10-24T15:10:18","modified_gmt":"2021-10-24T13:10:18","slug":"annonces-semaine-du-24-octobre-au-1-novembre-2021","status":"publish","type":"post","link":"https:\/\/charente.catholique.fr\/nord-charente\/actualites\/annonces-semaine-du-24-octobre-au-1-novembre-2021\/","title":{"rendered":"Annonces SEMAINE du 24 Octobre au 1\u00b0 Novembre 2021"},"content":{"rendered":"\n<p><\/p>\n\n\n\n<p><strong>Messes dom. \u00e0 18 h 30 \u00e0 VILLEFAGNAN Accueil du P\u00e8re Gustave  ,messe des familles  suivie d&#8217;un verre de l&#8217;amiti\u00e9.<\/strong><\/p>\n\n\n\n<p><strong>DIMANCHE 24 OCTOBRE : 30\u00b0 Dimanche Ord.B.&nbsp; M<\/strong>esses \u00e0 10 h 30 \u00e0 <strong>MANSLE<\/strong>et \u00e0 11 h \u00e0<strong>AIGRE<\/strong>.&nbsp;&nbsp;&nbsp;&nbsp; Rando paroissiale de Ruffec. RdV \u00e0 9 h 30 \u00e0 VERTEUIL.&nbsp; Repas tir\u00e9 du sac \u00e0 la Salle des F\u00eates de SAINT GEORGES Messe \u00e0 17 h \u00e0<strong>VERTEUIL<\/strong>pour ceux qui le d\u00e9sirent.<\/p>\n\n\n\n<p><strong>Lundi 25 <\/strong>:<strong>Pri\u00e8re des M\u00e8res \u00e0 10 h au presbyt\u00e8re \u00e0 Villefagnan<\/strong><\/p>\n\n\n\n<p>R\u00e9union de pri\u00e8re \u00e0 l&#8217;Oratoire \u00e0 14 h 30.Ruffec<\/p>\n\n\n\n<p>Messe \u00e0 18 h \u00e0 l\u2019Oratoire.Ruffec<\/p>\n\n\n\n<p><strong>Mardi 26 <\/strong>:<strong>Messe \u00e0 9 h 15 \u00e0 Villefagnan.<\/strong>Messe \u00e0 18 h \u00e0 l\u2019Oratoire.Ruffec<\/p>\n\n\n\n<p><strong>Rencontre \u00e9quipe liturgique n\u00b0 1 (dimanche 6 Nov<\/strong>)<strong>Villefagnan<\/strong><\/p>\n\n\n\n<p><strong>Pri\u00e8re du Renouveau&nbsp; \u00e0 20 h \u00e0 Villefagnan<\/strong><\/p>\n\n\n\n<p>Mercredi 27 :Messe \u00e0 18 h \u00e0 l\u2019Oratoire.Ruffec<\/p>\n\n\n\n<p>Jeudi 28 :Messe \u00e0 16 h aux Jardins d\u2019Antan. Messe \u00e0 18 h \u00e0 l\u2019Oratoire.Ruffec<\/p>\n\n\n\n<p>Partage d\u2019\u00c9vangile \u00e0 20 h au Presbyt\u00e8re.Ruffec<\/p>\n\n\n\n<p><strong>R\u00e9p\u00e9tition de chants \u00e0 18 h 30 \u00e0 Villefagnan<\/strong><\/p>\n\n\n\n<p>Vendredi 29 :Messe \u00e0 9 h \u00e0 l\u2019Oratoire. Ruffec Chapelet \u00e0 AIZECQ \u00e0 18 h 30.<\/p>\n\n\n\n<p><strong>Chapelet \u00e0 15 h \u00e0 Villefagnan<\/strong><\/p>\n\n\n\n<p><strong>Samedi 30 :Chapelet \u00e0 11 h \u00e0 LONDIGNY pour les Vocations.<\/strong><\/p>\n\n\n\n<p>C\u00e9l\u00e9bration p\u00e9nitentielle et Confessions \u00e0 15 h 30 \u00e0 RUFFEC.<\/p>\n\n\n\n<p>Messes dom. \u00e0 18 h 30 aux ADJOTSet SALLE DE VILLEFAGNAN<\/p>\n\n\n\n<p><strong>DIMANCHE 31 OCTOBRE : 31\u00b0 Dimanche Ord.B.<\/strong><\/p>\n\n\n\n<p><strong>M<\/strong>esses \u00e0 9 h 30 \u00e0<strong>VILLEFGNAN<\/strong>, \u00e0 10 h 30 \u00e0MANSLEet \u00e0 11 h \u00e0 AIGREet RUFFEC<strong>. Conf\u00e9rence du P\u00e8re Gustave : SYNODE ET SAINTET\u00c9<\/strong><\/p>\n\n\n\n<p><strong>\u00e0 16 h salle Pierre Auma\u00eetre \u00e0 RUFFEC.<\/strong><\/p>\n\n\n\n<p><strong>LUNDI 1\u00b0 NOVEMBRE : F\u00caTE DE TOUSSAINT<\/strong><\/p>\n\n\n\n<p><strong>M<\/strong>esses \u00e0 10 h 30 \u00e0<strong>VILLEFAGNAN<\/strong>, \u00e0 10 h 30 \u00e0MANSLE,<\/p>\n\n\n\n<p>\u00e0 10 h 30 \u00e0AIZECQ, et \u00e0 11 h \u00e0AIGREet RUFFEC.<\/p>\n\n\n\n<p>B\u00e9n\u00e9diction des tombes au cimeti\u00e8re de Ruffec \u00e0 15 h.<\/p>\n\n\n\n<p><strong>Mardi 2 Nov. :Messe des d\u00e9funts \u00e0 10 h 30 \u00e0 VILLEFAGNAN<\/strong><\/p>\n\n\n\n<p>\u00e0 10 h 30 \u00e0 FONTCLAIREAU, \u00e0 11 h \u00e0 RUFFEC et \u00e0 18 h \u00e0 AIGRE.<\/p>\n\n\n\n<p>Mercredi 3 Nov :Assembl\u00e9e paroissiale d\u2019AIGRE \u00e0 18 h salle paroissiale.<\/p>\n\n\n\n<p>Ouverte \u00e0 tous.<\/p>\n\n\n\n<p><strong>Jeudi 4 Nov. :R\u00e9union de l\u2019EAP de VILLEFAGNAN \u00e0 20 h.<\/strong><\/p>\n\n\n\n<p>Vendredi 5 Nov :R\u00e9union de l\u2019EAP de RUFFEC \u00e0 20 h 30.<\/p>\n\n\n\n<p><strong>Le samedi : confessions \u00e0 16 h \u00e0 Ruffec et Messe \u00e0 18 h dans les villages.<\/strong><\/p>\n\n\n\n<p>Samedi 6 Nov. :Messes dom. \u00e0 18 h \u00e0VILLEGATS et AUNAC.<\/p>\n\n\n\n<p>Samedi 13 Nov. :Messes dom. \u00e0 18 h \u00e0<strong>LONDIGNY et<\/strong> FONTENILLE.<\/p>\n\n\n\n<p><strong>Toutes infos : 05 45 29 01 72 \/ <\/strong><a href=\"https:\/\/charente.catholique.fr\/\">https:\/\/charente.catholique.fr\/<\/a><strong><\/strong><\/p>\n\n\n\n<p><strong><u>Date \u00e0 retenir&nbsp;, Dimanche 7 Novembre \u00e0 14 h&nbsp;, \u00e0 la salle des f\u00eates&nbsp; de Villefagnan : <\/u><\/strong><strong>&nbsp;loto de l&#8217;\u00e9cole Enfant J\u00e9sus&nbsp; avec r\u00e9servation obligatoire au 06 86 96 05 33 , Pass sanitaire obligatoire.<\/strong><\/p>\n\n\n\n<p><strong>Presbyt\u00e8re de Villefagnan&nbsp;: 05 45 31 61 07&nbsp;; Paroisse de Villefagnan&nbsp;: paroisse.villefagnan@aliceadsl.fr<\/strong><\/p>\n","protected":false},"excerpt":{"rendered":"<p>Messes dom. \u00e0 18 h 30 \u00e0 VILLEFAGNAN Accueil du P\u00e8re Gustave ,messe des familles suivie d&#8217;un verre de l&#8217;amiti\u00e9. DIMANCHE 24 OCTOBRE : 30\u00b0 Dimanche Ord.B.&nbsp; Messes \u00e0 10 h 30 \u00e0 MANSLEet \u00e0 11 h \u00e0AIGRE.&nbsp;&nbsp;&nbsp;&nbsp; Rando paroissiale de Ruffec. RdV \u00e0 9 h 30 \u00e0 VERTEUIL.&nbsp; Repas tir\u00e9 du sac \u00e0 la [&hellip;]<\/p>\n","protected":false},"author":38,"featured_media":2411,"comment_status":"open","ping_status":"open","sticky":false,"template":"","format":"standard","meta":{"_acf_changed":false,"paroisse":["14"],"service":["0"],"footnotes":""},"categories":[1],"tags":[],"class_list":["post-2447","post","type-post","status-publish","format-standard","has-post-thumbnail","hentry","category-actualites"],"acf":[],"yoast_head":"<!-- This site is optimized with the Yoast SEO plugin v27.1.1 - https:\/\/yoast.com\/product\/yoast-seo-wordpress\/ -->\n<title>Annonces SEMAINE du 24 Octobre au 1\u00b0 Novembre 2021 - Doyenn\u00e9 Nord Charente<\/title>\n<meta name=\"robots\" content=\"index, follow, max-snippet:-1, max-image-preview:large, max-video-preview:-1\" \/>\n<link rel=\"canonical\" href=\"https:\/\/charente.catholique.fr\/nord-charente\/actualites\/annonces-semaine-du-24-octobre-au-1-novembre-2021\/\" \/>\n<meta property=\"og:locale\" content=\"fr_FR\" \/>\n<meta property=\"og:type\" content=\"article\" \/>\n<meta property=\"og:title\" content=\"Annonces SEMAINE du 24 Octobre au 1\u00b0 Novembre 2021 - Doyenn\u00e9 Nord Charente\" \/>\n<meta property=\"og:description\" content=\"Messes dom. \u00e0 18 h 30 \u00e0 VILLEFAGNAN Accueil du P\u00e8re Gustave ,messe des familles suivie d&#8217;un verre de l&#8217;amiti\u00e9. DIMANCHE 24 OCTOBRE : 30\u00b0 Dimanche Ord.B.&nbsp; Messes \u00e0 10 h 30 \u00e0 MANSLEet \u00e0 11 h \u00e0AIGRE.&nbsp;&nbsp;&nbsp;&nbsp; Rando paroissiale de Ruffec. RdV \u00e0 9 h 30 \u00e0 VERTEUIL.&nbsp; Repas tir\u00e9 du sac \u00e0 la [&hellip;]\" \/>\n<meta property=\"og:url\" content=\"https:\/\/charente.catholique.fr\/nord-charente\/actualites\/annonces-semaine-du-24-octobre-au-1-novembre-2021\/\" \/>\n<meta property=\"og:site_name\" content=\"Doyenn\u00e9 Nord Charente\" \/>\n<meta property=\"article:publisher\" content=\"https:\/\/www.facebook.com\/EgliseCatholiqueCharente\" \/>\n<meta property=\"article:published_time\" content=\"2021-10-24T12:44:29+00:00\" \/>\n<meta property=\"article:modified_time\" content=\"2021-10-24T13:10:18+00:00\" \/>\n<meta property=\"og:image\" content=\"https:\/\/charente.catholique.fr\/nord-charente\/wp-content\/uploads\/sites\/4\/2021\/10\/image8-1-rotated.jpeg\" \/>\n\t<meta property=\"og:image:width\" content=\"640\" \/>\n\t<meta property=\"og:image:height\" content=\"480\" \/>\n\t<meta property=\"og:image:type\" content=\"image\/jpeg\" \/>\n<meta name=\"author\" content=\"joelleayrault\" \/>\n<meta name=\"twitter:card\" content=\"summary_large_image\" \/>\n<meta name=\"twitter:creator\" content=\"@diocesecharente\" \/>\n<meta name=\"twitter:site\" content=\"@diocesecharente\" \/>\n<meta name=\"twitter:label1\" content=\"\u00c9crit par\" \/>\n\t<meta name=\"twitter:data1\" content=\"joelleayrault\" \/>\n\t<meta name=\"twitter:label2\" content=\"Dur\u00e9e de lecture estim\u00e9e\" \/>\n\t<meta name=\"twitter:data2\" content=\"3 minutes\" \/>\n<script type=\"application\/ld+json\" class=\"yoast-schema-graph\">{\"@context\":\"https:\/\/schema.org\",\"@graph\":[{\"@type\":\"Article\",\"@id\":\"https:\/\/charente.catholique.fr\/nord-charente\/actualites\/annonces-semaine-du-24-octobre-au-1-novembre-2021\/#article\",\"isPartOf\":{\"@id\":\"https:\/\/charente.catholique.fr\/nord-charente\/actualites\/annonces-semaine-du-24-octobre-au-1-novembre-2021\/\"},\"author\":{\"name\":\"joelleayrault\",\"@id\":\"https:\/\/charente.catholique.fr\/nord-charente\/#\/schema\/person\/51184492e4abba33e5d768059a70f4db\"},\"headline\":\"Annonces SEMAINE du 24 Octobre au 1\u00b0 Novembre 2021\",\"datePublished\":\"2021-10-24T12:44:29+00:00\",\"dateModified\":\"2021-10-24T13:10:18+00:00\",\"mainEntityOfPage\":{\"@id\":\"https:\/\/charente.catholique.fr\/nord-charente\/actualites\/annonces-semaine-du-24-octobre-au-1-novembre-2021\/\"},\"wordCount\":367,\"commentCount\":0,\"publisher\":{\"@id\":\"https:\/\/charente.catholique.fr\/nord-charente\/#organization\"},\"image\":{\"@id\":\"https:\/\/charente.catholique.fr\/nord-charente\/actualites\/annonces-semaine-du-24-octobre-au-1-novembre-2021\/#primaryimage\"},\"thumbnailUrl\":\"https:\/\/charente.catholique.fr\/nord-charente\/wp-content\/uploads\/sites\/4\/2021\/10\/image8-1-rotated.jpeg\",\"articleSection\":[\"Actualit\u00e9s\"],\"inLanguage\":\"fr-FR\",\"potentialAction\":[{\"@type\":\"CommentAction\",\"name\":\"Comment\",\"target\":[\"https:\/\/charente.catholique.fr\/nord-charente\/actualites\/annonces-semaine-du-24-octobre-au-1-novembre-2021\/#respond\"]}]},{\"@type\":\"WebPage\",\"@id\":\"https:\/\/charente.catholique.fr\/nord-charente\/actualites\/annonces-semaine-du-24-octobre-au-1-novembre-2021\/\",\"url\":\"https:\/\/charente.catholique.fr\/nord-charente\/actualites\/annonces-semaine-du-24-octobre-au-1-novembre-2021\/\",\"name\":\"Annonces SEMAINE du 24 Octobre au 1\u00b0 Novembre 2021 - Doyenn\u00e9 Nord Charente\",\"isPartOf\":{\"@id\":\"https:\/\/charente.catholique.fr\/nord-charente\/#website\"},\"primaryImageOfPage\":{\"@id\":\"https:\/\/charente.catholique.fr\/nord-charente\/actualites\/annonces-semaine-du-24-octobre-au-1-novembre-2021\/#primaryimage\"},\"image\":{\"@id\":\"https:\/\/charente.catholique.fr\/nord-charente\/actualites\/annonces-semaine-du-24-octobre-au-1-novembre-2021\/#primaryimage\"},\"thumbnailUrl\":\"https:\/\/charente.catholique.fr\/nord-charente\/wp-content\/uploads\/sites\/4\/2021\/10\/image8-1-rotated.jpeg\",\"datePublished\":\"2021-10-24T12:44:29+00:00\",\"dateModified\":\"2021-10-24T13:10:18+00:00\",\"breadcrumb\":{\"@id\":\"https:\/\/charente.catholique.fr\/nord-charente\/actualites\/annonces-semaine-du-24-octobre-au-1-novembre-2021\/#breadcrumb\"},\"inLanguage\":\"fr-FR\",\"potentialAction\":[{\"@type\":\"ReadAction\",\"target\":[\"https:\/\/charente.catholique.fr\/nord-charente\/actualites\/annonces-semaine-du-24-octobre-au-1-novembre-2021\/\"]}]},{\"@type\":\"ImageObject\",\"inLanguage\":\"fr-FR\",\"@id\":\"https:\/\/charente.catholique.fr\/nord-charente\/actualites\/annonces-semaine-du-24-octobre-au-1-novembre-2021\/#primaryimage\",\"url\":\"https:\/\/charente.catholique.fr\/nord-charente\/wp-content\/uploads\/sites\/4\/2021\/10\/image8-1-rotated.jpeg\",\"contentUrl\":\"https:\/\/charente.catholique.fr\/nord-charente\/wp-content\/uploads\/sites\/4\/2021\/10\/image8-1-rotated.jpeg\",\"width\":640,\"height\":480},{\"@type\":\"BreadcrumbList\",\"@id\":\"https:\/\/charente.catholique.fr\/nord-charente\/actualites\/annonces-semaine-du-24-octobre-au-1-novembre-2021\/#breadcrumb\",\"itemListElement\":[{\"@type\":\"ListItem\",\"position\":1,\"name\":\"Accueil\",\"item\":\"https:\/\/charente.catholique.fr\/nord-charente\/\"},{\"@type\":\"ListItem\",\"position\":2,\"name\":\"Annonces SEMAINE du 24 Octobre au 1\u00b0 Novembre 2021\"}]},{\"@type\":\"WebSite\",\"@id\":\"https:\/\/charente.catholique.fr\/nord-charente\/#website\",\"url\":\"https:\/\/charente.catholique.fr\/nord-charente\/\",\"name\":\"Doyenn\u00e9 Nord Charente - Dioc\u00e8se d'Angoul\u00eame\",\"description\":\"Dioc\u00e8se d&#039;Angoul\u00eame\",\"publisher\":{\"@id\":\"https:\/\/charente.catholique.fr\/nord-charente\/#organization\"},\"potentialAction\":[{\"@type\":\"SearchAction\",\"target\":{\"@type\":\"EntryPoint\",\"urlTemplate\":\"https:\/\/charente.catholique.fr\/nord-charente\/?s={search_term_string}\"},\"query-input\":{\"@type\":\"PropertyValueSpecification\",\"valueRequired\":true,\"valueName\":\"search_term_string\"}}],\"inLanguage\":\"fr-FR\"},{\"@type\":\"Organization\",\"@id\":\"https:\/\/charente.catholique.fr\/nord-charente\/#organization\",\"name\":\"Association dioc\u00e9saine d'Angoul\u00eame\",\"url\":\"https:\/\/charente.catholique.fr\/nord-charente\/\",\"logo\":{\"@type\":\"ImageObject\",\"inLanguage\":\"fr-FR\",\"@id\":\"https:\/\/charente.catholique.fr\/nord-charente\/#\/schema\/logo\/image\/\",\"url\":\"https:\/\/charente.catholique.fr\/nord-charente\/wp-content\/uploads\/sites\/4\/2020\/10\/logos.png\",\"contentUrl\":\"https:\/\/charente.catholique.fr\/nord-charente\/wp-content\/uploads\/sites\/4\/2020\/10\/logos.png\",\"width\":600,\"height\":257,\"caption\":\"Association dioc\u00e9saine d'Angoul\u00eame\"},\"image\":{\"@id\":\"https:\/\/charente.catholique.fr\/nord-charente\/#\/schema\/logo\/image\/\"},\"sameAs\":[\"https:\/\/www.facebook.com\/EgliseCatholiqueCharente\",\"https:\/\/x.com\/diocesecharente\",\"https:\/\/www.instagram.com\/eglisecharente\",\"https:\/\/www.youtube.com\/channel\/UCByyFWApZbw3gDTiADoiAaQ\"]},{\"@type\":\"Person\",\"@id\":\"https:\/\/charente.catholique.fr\/nord-charente\/#\/schema\/person\/51184492e4abba33e5d768059a70f4db\",\"name\":\"joelleayrault\",\"image\":{\"@type\":\"ImageObject\",\"inLanguage\":\"fr-FR\",\"@id\":\"https:\/\/charente.catholique.fr\/nord-charente\/#\/schema\/person\/image\/\",\"url\":\"https:\/\/secure.gravatar.com\/avatar\/3bd3977af99690427d59b19ec7b6bd94226de63be5c368ae8d090f2d7f86dd5f?s=96&d=mm&r=g\",\"contentUrl\":\"https:\/\/secure.gravatar.com\/avatar\/3bd3977af99690427d59b19ec7b6bd94226de63be5c368ae8d090f2d7f86dd5f?s=96&d=mm&r=g\",\"caption\":\"joelleayrault\"},\"url\":\"https:\/\/charente.catholique.fr\/nord-charente\/author\/joelleayrault\/\"}]}<\/script>\n<!-- \/ Yoast SEO plugin. -->","yoast_head_json":{"title":"Annonces SEMAINE du 24 Octobre au 1\u00b0 Novembre 2021 - Doyenn\u00e9 Nord Charente","robots":{"index":"index","follow":"follow","max-snippet":"max-snippet:-1","max-image-preview":"max-image-preview:large","max-video-preview":"max-video-preview:-1"},"canonical":"https:\/\/charente.catholique.fr\/nord-charente\/actualites\/annonces-semaine-du-24-octobre-au-1-novembre-2021\/","og_locale":"fr_FR","og_type":"article","og_title":"Annonces SEMAINE du 24 Octobre au 1\u00b0 Novembre 2021 - Doyenn\u00e9 Nord Charente","og_description":"Messes dom. \u00e0 18 h 30 \u00e0 VILLEFAGNAN Accueil du P\u00e8re Gustave ,messe des familles suivie d&#8217;un verre de l&#8217;amiti\u00e9. DIMANCHE 24 OCTOBRE : 30\u00b0 Dimanche Ord.B.&nbsp; Messes \u00e0 10 h 30 \u00e0 MANSLEet \u00e0 11 h \u00e0AIGRE.&nbsp;&nbsp;&nbsp;&nbsp; Rando paroissiale de Ruffec. RdV \u00e0 9 h 30 \u00e0 VERTEUIL.&nbsp; Repas tir\u00e9 du sac \u00e0 la [&hellip;]","og_url":"https:\/\/charente.catholique.fr\/nord-charente\/actualites\/annonces-semaine-du-24-octobre-au-1-novembre-2021\/","og_site_name":"Doyenn\u00e9 Nord Charente","article_publisher":"https:\/\/www.facebook.com\/EgliseCatholiqueCharente","article_published_time":"2021-10-24T12:44:29+00:00","article_modified_time":"2021-10-24T13:10:18+00:00","og_image":[{"width":640,"height":480,"url":"https:\/\/charente.catholique.fr\/nord-charente\/wp-content\/uploads\/sites\/4\/2021\/10\/image8-1-rotated.jpeg","type":"image\/jpeg"}],"author":"joelleayrault","twitter_card":"summary_large_image","twitter_creator":"@diocesecharente","twitter_site":"@diocesecharente","twitter_misc":{"\u00c9crit par":"joelleayrault","Dur\u00e9e de lecture estim\u00e9e":"3 minutes"},"schema":{"@context":"https:\/\/schema.org","@graph":[{"@type":"Article","@id":"https:\/\/charente.catholique.fr\/nord-charente\/actualites\/annonces-semaine-du-24-octobre-au-1-novembre-2021\/#article","isPartOf":{"@id":"https:\/\/charente.catholique.fr\/nord-charente\/actualites\/annonces-semaine-du-24-octobre-au-1-novembre-2021\/"},"author":{"name":"joelleayrault","@id":"https:\/\/charente.catholique.fr\/nord-charente\/#\/schema\/person\/51184492e4abba33e5d768059a70f4db"},"headline":"Annonces SEMAINE du 24 Octobre au 1\u00b0 Novembre 2021","datePublished":"2021-10-24T12:44:29+00:00","dateModified":"2021-10-24T13:10:18+00:00","mainEntityOfPage":{"@id":"https:\/\/charente.catholique.fr\/nord-charente\/actualites\/annonces-semaine-du-24-octobre-au-1-novembre-2021\/"},"wordCount":367,"commentCount":0,"publisher":{"@id":"https:\/\/charente.catholique.fr\/nord-charente\/#organization"},"image":{"@id":"https:\/\/charente.catholique.fr\/nord-charente\/actualites\/annonces-semaine-du-24-octobre-au-1-novembre-2021\/#primaryimage"},"thumbnailUrl":"https:\/\/charente.catholique.fr\/nord-charente\/wp-content\/uploads\/sites\/4\/2021\/10\/image8-1-rotated.jpeg","articleSection":["Actualit\u00e9s"],"inLanguage":"fr-FR","potentialAction":[{"@type":"CommentAction","name":"Comment","target":["https:\/\/charente.catholique.fr\/nord-charente\/actualites\/annonces-semaine-du-24-octobre-au-1-novembre-2021\/#respond"]}]},{"@type":"WebPage","@id":"https:\/\/charente.catholique.fr\/nord-charente\/actualites\/annonces-semaine-du-24-octobre-au-1-novembre-2021\/","url":"https:\/\/charente.catholique.fr\/nord-charente\/actualites\/annonces-semaine-du-24-octobre-au-1-novembre-2021\/","name":"Annonces SEMAINE du 24 Octobre au 1\u00b0 Novembre 2021 - Doyenn\u00e9 Nord Charente","isPartOf":{"@id":"https:\/\/charente.catholique.fr\/nord-charente\/#website"},"primaryImageOfPage":{"@id":"https:\/\/charente.catholique.fr\/nord-charente\/actualites\/annonces-semaine-du-24-octobre-au-1-novembre-2021\/#primaryimage"},"image":{"@id":"https:\/\/charente.catholique.fr\/nord-charente\/actualites\/annonces-semaine-du-24-octobre-au-1-novembre-2021\/#primaryimage"},"thumbnailUrl":"https:\/\/charente.catholique.fr\/nord-charente\/wp-content\/uploads\/sites\/4\/2021\/10\/image8-1-rotated.jpeg","datePublished":"2021-10-24T12:44:29+00:00","dateModified":"2021-10-24T13:10:18+00:00","breadcrumb":{"@id":"https:\/\/charente.catholique.fr\/nord-charente\/actualites\/annonces-semaine-du-24-octobre-au-1-novembre-2021\/#breadcrumb"},"inLanguage":"fr-FR","potentialAction":[{"@type":"ReadAction","target":["https:\/\/charente.catholique.fr\/nord-charente\/actualites\/annonces-semaine-du-24-octobre-au-1-novembre-2021\/"]}]},{"@type":"ImageObject","inLanguage":"fr-FR","@id":"https:\/\/charente.catholique.fr\/nord-charente\/actualites\/annonces-semaine-du-24-octobre-au-1-novembre-2021\/#primaryimage","url":"https:\/\/charente.catholique.fr\/nord-charente\/wp-content\/uploads\/sites\/4\/2021\/10\/image8-1-rotated.jpeg","contentUrl":"https:\/\/charente.catholique.fr\/nord-charente\/wp-content\/uploads\/sites\/4\/2021\/10\/image8-1-rotated.jpeg","width":640,"height":480},{"@type":"BreadcrumbList","@id":"https:\/\/charente.catholique.fr\/nord-charente\/actualites\/annonces-semaine-du-24-octobre-au-1-novembre-2021\/#breadcrumb","itemListElement":[{"@type":"ListItem","position":1,"name":"Accueil","item":"https:\/\/charente.catholique.fr\/nord-charente\/"},{"@type":"ListItem","position":2,"name":"Annonces SEMAINE du 24 Octobre au 1\u00b0 Novembre 2021"}]},{"@type":"WebSite","@id":"https:\/\/charente.catholique.fr\/nord-charente\/#website","url":"https:\/\/charente.catholique.fr\/nord-charente\/","name":"Doyenn\u00e9 Nord Charente - Dioc\u00e8se d'Angoul\u00eame","description":"Dioc\u00e8se d&#039;Angoul\u00eame","publisher":{"@id":"https:\/\/charente.catholique.fr\/nord-charente\/#organization"},"potentialAction":[{"@type":"SearchAction","target":{"@type":"EntryPoint","urlTemplate":"https:\/\/charente.catholique.fr\/nord-charente\/?s={search_term_string}"},"query-input":{"@type":"PropertyValueSpecification","valueRequired":true,"valueName":"search_term_string"}}],"inLanguage":"fr-FR"},{"@type":"Organization","@id":"https:\/\/charente.catholique.fr\/nord-charente\/#organization","name":"Association dioc\u00e9saine d'Angoul\u00eame","url":"https:\/\/charente.catholique.fr\/nord-charente\/","logo":{"@type":"ImageObject","inLanguage":"fr-FR","@id":"https:\/\/charente.catholique.fr\/nord-charente\/#\/schema\/logo\/image\/","url":"https:\/\/charente.catholique.fr\/nord-charente\/wp-content\/uploads\/sites\/4\/2020\/10\/logos.png","contentUrl":"https:\/\/charente.catholique.fr\/nord-charente\/wp-content\/uploads\/sites\/4\/2020\/10\/logos.png","width":600,"height":257,"caption":"Association dioc\u00e9saine d'Angoul\u00eame"},"image":{"@id":"https:\/\/charente.catholique.fr\/nord-charente\/#\/schema\/logo\/image\/"},"sameAs":["https:\/\/www.facebook.com\/EgliseCatholiqueCharente","https:\/\/x.com\/diocesecharente","https:\/\/www.instagram.com\/eglisecharente","https:\/\/www.youtube.com\/channel\/UCByyFWApZbw3gDTiADoiAaQ"]},{"@type":"Person","@id":"https:\/\/charente.catholique.fr\/nord-charente\/#\/schema\/person\/51184492e4abba33e5d768059a70f4db","name":"joelleayrault","image":{"@type":"ImageObject","inLanguage":"fr-FR","@id":"https:\/\/charente.catholique.fr\/nord-charente\/#\/schema\/person\/image\/","url":"https:\/\/secure.gravatar.com\/avatar\/3bd3977af99690427d59b19ec7b6bd94226de63be5c368ae8d090f2d7f86dd5f?s=96&d=mm&r=g","contentUrl":"https:\/\/secure.gravatar.com\/avatar\/3bd3977af99690427d59b19ec7b6bd94226de63be5c368ae8d090f2d7f86dd5f?s=96&d=mm&r=g","caption":"joelleayrault"},"url":"https:\/\/charente.catholique.fr\/nord-charente\/author\/joelleayrault\/"}]}},"_links":{"self":[{"href":"https:\/\/charente.catholique.fr\/nord-charente\/wp-json\/wp\/v2\/posts\/2447","targetHints":{"allow":["GET"]}}],"collection":[{"href":"https:\/\/charente.catholique.fr\/nord-charente\/wp-json\/wp\/v2\/posts"}],"about":[{"href":"https:\/\/charente.catholique.fr\/nord-charente\/wp-json\/wp\/v2\/types\/post"}],"author":[{"embeddable":true,"href":"https:\/\/charente.catholique.fr\/nord-charente\/wp-json\/wp\/v2\/users\/38"}],"replies":[{"embeddable":true,"href":"https:\/\/charente.catholique.fr\/nord-charente\/wp-json\/wp\/v2\/comments?post=2447"}],"version-history":[{"count":3,"href":"https:\/\/charente.catholique.fr\/nord-charente\/wp-json\/wp\/v2\/posts\/2447\/revisions"}],"predecessor-version":[{"id":2451,"href":"https:\/\/charente.catholique.fr\/nord-charente\/wp-json\/wp\/v2\/posts\/2447\/revisions\/2451"}],"wp:featuredmedia":[{"embeddable":true,"href":"https:\/\/charente.catholique.fr\/nord-charente\/wp-json\/wp\/v2\/media\/2411"}],"wp:attachment":[{"href":"https:\/\/charente.catholique.fr\/nord-charente\/wp-json\/wp\/v2\/media?parent=2447"}],"wp:term":[{"taxonomy":"category","embeddable":true,"href":"https:\/\/charente.catholique.fr\/nord-charente\/wp-json\/wp\/v2\/categories?post=2447"},{"taxonomy":"post_tag","embeddable":true,"href":"https:\/\/charente.catholique.fr\/nord-charente\/wp-json\/wp\/v2\/tags?post=2447"}],"curies":[{"name":"wp","href":"https:\/\/api.w.org\/{rel}","templated":true}]}}