{"id":2227,"date":"2021-09-24T16:50:34","date_gmt":"2021-09-24T14:50:34","guid":{"rendered":"https:\/\/charente.catholique.fr\/nord-charente\/?p=2227"},"modified":"2021-09-24T16:58:01","modified_gmt":"2021-09-24T14:58:01","slug":"messe-de-rentree-a-lecole-enfant-jesus-de-villefagnan","status":"publish","type":"post","link":"https:\/\/charente.catholique.fr\/nord-charente\/actualites\/messe-de-rentree-a-lecole-enfant-jesus-de-villefagnan\/","title":{"rendered":"Messe de  rentr\u00e9e \u00e0 l&#8217;\u00e9cole Enfant-J\u00e9sus de Villefagnan."},"content":{"rendered":"\n<p><strong>C&#8217;est l&#8217;heure de la rentr\u00e9e , un temps de nouveaut\u00e9 pour les enfants ! Un temps d\u2019effervescence pour les familles. \u2026 Un temps de retrouvailles apr\u00e8s l\u2019\u00e9t\u00e9, un moment pour chacun pour reprendre contact avec le quotidien.<\/strong><\/p>\n\n\n\n<div class=\"wp-block-image is-style-rounded\"><figure class=\"aligncenter size-large\"><img loading=\"lazy\" decoding=\"async\" width=\"480\" height=\"640\" src=\"https:\/\/charente.catholique.fr\/nord-charente\/wp-content\/uploads\/sites\/4\/2021\/09\/image-10.png\" alt=\"\" class=\"wp-image-2247\" srcset=\"https:\/\/charente.catholique.fr\/nord-charente\/wp-content\/uploads\/sites\/4\/2021\/09\/image-10.png 480w, https:\/\/charente.catholique.fr\/nord-charente\/wp-content\/uploads\/sites\/4\/2021\/09\/image-10-225x300.png 225w\" sizes=\"auto, (max-width: 480px) 100vw, 480px\" \/><\/figure><\/div>\n\n\n\n<p><strong>Comme  elle est belle notre \u00e9glise ce matin  en ce 19 septembre , une \u00e9glise grande ouverte  sur le monde entier qui permet d\u2019accueillir tous ceux qui veulent y entrer ! C&#8217;est une douce \u00e9cole o\u00f9 il fait bon \u00eatre un enfant , une \u00e9cole o\u00f9 chacun travaille \u00e0 prendre soin des uns des autres et \u00e0 partager  des valeurs comme la bienveillance envers soi-m\u00eame et la bienveillance envers les autres <\/strong>.<\/p>\n\n\n\n<p><\/p>\n\n\n\n<div class=\"wp-block-image\"><figure class=\"aligncenter size-large is-resized\"><img loading=\"lazy\" decoding=\"async\" src=\"https:\/\/charente.catholique.fr\/nord-charente\/wp-content\/uploads\/sites\/4\/2021\/09\/image-8.png\" alt=\"\" class=\"wp-image-2245\" width=\"351\" height=\"468\" srcset=\"https:\/\/charente.catholique.fr\/nord-charente\/wp-content\/uploads\/sites\/4\/2021\/09\/image-8.png 480w, https:\/\/charente.catholique.fr\/nord-charente\/wp-content\/uploads\/sites\/4\/2021\/09\/image-8-225x300.png 225w\" sizes=\"auto, (max-width: 351px) 100vw, 351px\" \/><\/figure><\/div>\n\n\n\n<p class=\"has-text-align-center\"><strong>Mot d\u2019accueil de Florence Lh\u00e9rideau-Boiffier (directrice de l\u2019\u00e9tablissement)<\/strong><\/p>\n\n\n\n<p class=\"has-text-align-center\"><strong>&#8220;En ce dimanche  de rassemblement , de partage et de f\u00eate avec les enfants , les familles , avec la communaut\u00e9 , pour cette nouvelle ann\u00e9e qui d\u00e9bute , nous pouvons nous interroger &#8230;.Avons-nous ,nous aussi garder un c\u0153ur d&#8217;enfant ? Sommes nous toujours accueillants , bienveillants avec tous nos fr\u00e8res et plus particuli\u00e8rement avec les plus faibles et les plus fragiles ? Car<\/strong> <strong>J\u00e9sus a dit :&#8221;Quiconque accueille en Mon nom un enfant comme celui-l\u00e0 , c&#8217;est Moi qu&#8217;il accueille avec confiance et douceur<\/strong>&#8220;<strong>St Marc :9,30-37<\/strong><\/p>\n\n\n\n<p class=\"has-text-align-center\"><strong>Que chacun de nous en ce jour de communion puisse retrouver la bienveillance , la douceur et la confiance de son c\u0153ur d&#8217;enfant afin d\u2019accueillir J\u00e9sus en douceur et en confiance &#8220;<\/strong><\/p>\n\n\n\n<figure class=\"wp-block-image size-large is-resized is-style-rounded\"><img loading=\"lazy\" decoding=\"async\" src=\"https:\/\/charente.catholique.fr\/nord-charente\/wp-content\/uploads\/sites\/4\/2021\/09\/image4-1-1-rotated.jpeg\" alt=\"\" class=\"wp-image-2239\" width=\"260\" height=\"346\" srcset=\"https:\/\/charente.catholique.fr\/nord-charente\/wp-content\/uploads\/sites\/4\/2021\/09\/image4-1-1-rotated.jpeg 480w, https:\/\/charente.catholique.fr\/nord-charente\/wp-content\/uploads\/sites\/4\/2021\/09\/image4-1-1-225x300.jpeg 225w\" sizes=\"auto, (max-width: 260px) 100vw, 260px\" \/><figcaption>&#8220;<strong>Merci aux familles d\u2019\u00eatre pr\u00e9sents , heureux de voir des enfants , parents , grands-parents et la communaut\u00e9 <\/strong>.&#8221;<\/figcaption><\/figure>\n\n\n\n<div class=\"wp-block-image\"><figure class=\"aligncenter size-large is-resized\"><img loading=\"lazy\" decoding=\"async\" src=\"https:\/\/charente.catholique.fr\/nord-charente\/wp-content\/uploads\/sites\/4\/2021\/09\/image6-rotated.jpeg\" alt=\"\" class=\"wp-image-2238\" width=\"346\" height=\"461\" srcset=\"https:\/\/charente.catholique.fr\/nord-charente\/wp-content\/uploads\/sites\/4\/2021\/09\/image6-rotated.jpeg 480w, https:\/\/charente.catholique.fr\/nord-charente\/wp-content\/uploads\/sites\/4\/2021\/09\/image6-225x300.jpeg 225w\" sizes=\"auto, (max-width: 346px) 100vw, 346px\" \/><\/figure><\/div>\n\n\n\n<div class=\"wp-block-image is-style-rounded\"><figure class=\"aligncenter size-large\"><img loading=\"lazy\" decoding=\"async\" width=\"480\" height=\"640\" src=\"https:\/\/charente.catholique.fr\/nord-charente\/wp-content\/uploads\/sites\/4\/2021\/09\/image0-1-1-rotated.jpeg\" alt=\"\" class=\"wp-image-2237\" srcset=\"https:\/\/charente.catholique.fr\/nord-charente\/wp-content\/uploads\/sites\/4\/2021\/09\/image0-1-1-rotated.jpeg 480w, https:\/\/charente.catholique.fr\/nord-charente\/wp-content\/uploads\/sites\/4\/2021\/09\/image0-1-1-225x300.jpeg 225w\" sizes=\"auto, (max-width: 480px) 100vw, 480px\" \/><\/figure><\/div>\n\n\n\n<div class=\"wp-block-image\"><figure class=\"aligncenter size-large\"><img loading=\"lazy\" decoding=\"async\" width=\"480\" height=\"640\" src=\"https:\/\/charente.catholique.fr\/nord-charente\/wp-content\/uploads\/sites\/4\/2021\/09\/image2-1-1-rotated.jpeg\" alt=\"\" class=\"wp-image-2240\" srcset=\"https:\/\/charente.catholique.fr\/nord-charente\/wp-content\/uploads\/sites\/4\/2021\/09\/image2-1-1-rotated.jpeg 480w, https:\/\/charente.catholique.fr\/nord-charente\/wp-content\/uploads\/sites\/4\/2021\/09\/image2-1-1-225x300.jpeg 225w\" sizes=\"auto, (max-width: 480px) 100vw, 480px\" \/><figcaption>&#8220;<\/figcaption><\/figure><\/div>\n\n\n\n<div class=\"wp-block-image is-style-rounded\"><figure class=\"aligncenter size-large\"><img loading=\"lazy\" decoding=\"async\" width=\"640\" height=\"480\" src=\"https:\/\/charente.catholique.fr\/nord-charente\/wp-content\/uploads\/sites\/4\/2021\/09\/image3-1-rotated.jpeg\" alt=\"\" class=\"wp-image-2236\" srcset=\"https:\/\/charente.catholique.fr\/nord-charente\/wp-content\/uploads\/sites\/4\/2021\/09\/image3-1-rotated.jpeg 640w, https:\/\/charente.catholique.fr\/nord-charente\/wp-content\/uploads\/sites\/4\/2021\/09\/image3-1-300x225.jpeg 300w\" sizes=\"auto, (max-width: 640px) 100vw, 640px\" \/><\/figure><\/div>\n\n\n\n<p><\/p>\n\n\n\n<div class=\"wp-block-image\"><figure class=\"aligncenter size-large is-resized\"><img loading=\"lazy\" decoding=\"async\" src=\"https:\/\/charente.catholique.fr\/nord-charente\/wp-content\/uploads\/sites\/4\/2021\/09\/image5-rotated.jpeg\" alt=\"\" class=\"wp-image-2229\" width=\"329\" height=\"439\" srcset=\"https:\/\/charente.catholique.fr\/nord-charente\/wp-content\/uploads\/sites\/4\/2021\/09\/image5-rotated.jpeg 480w, https:\/\/charente.catholique.fr\/nord-charente\/wp-content\/uploads\/sites\/4\/2021\/09\/image5-225x300.jpeg 225w\" sizes=\"auto, (max-width: 329px) 100vw, 329px\" \/><figcaption>&#8221; <strong>Apprendre \u00e0 \u00eatre attentifs, bienveillants  \u00e0 chacun  d&#8217;entre nous et \u00e0 Te reconna\u00eetre J\u00e9sus  en tous et particuli\u00e8rement dans les plus pauvres. <br>Agissons , travaillons  ensemble pour que la r\u00e9ussite soit en chacun de nous<\/strong>!&#8221;<\/figcaption><\/figure><\/div>\n\n\n\n<p><\/p>\n\n\n\n<div class=\"wp-block-image is-style-rounded\"><figure class=\"aligncenter size-large is-resized\"><img loading=\"lazy\" decoding=\"async\" src=\"https:\/\/charente.catholique.fr\/nord-charente\/wp-content\/uploads\/sites\/4\/2021\/09\/image2-2-rotated.jpeg\" alt=\"\" class=\"wp-image-2231\" width=\"228\" height=\"304\" srcset=\"https:\/\/charente.catholique.fr\/nord-charente\/wp-content\/uploads\/sites\/4\/2021\/09\/image2-2-rotated.jpeg 480w, https:\/\/charente.catholique.fr\/nord-charente\/wp-content\/uploads\/sites\/4\/2021\/09\/image2-2-225x300.jpeg 225w\" sizes=\"auto, (max-width: 228px) 100vw, 228px\" \/><figcaption><strong>&#8220;Chacun est comme il est mais apprenons \u00e0 nous accueillir les uns les autres ..J\u00e9sus nous attire vers le don d&#8217;humilit\u00e9 , nous  invite \u00e0 abandonner le &#8220;Moi Je&#8221;pour \u00eatre doux et humble . Demandons au Seigneur qu&#8217;il nous donne un c\u0153ur d&#8217;enfant , ne laissons pas l\u2019orgueil prendre le dessus , le plus grand c&#8217;est celui qui se fait le plus petit! &#8220;<\/strong><\/figcaption><\/figure><\/div>\n\n\n\n<div class=\"wp-block-image\"><figure class=\"aligncenter size-large is-resized\"><img loading=\"lazy\" decoding=\"async\" src=\"https:\/\/charente.catholique.fr\/nord-charente\/wp-content\/uploads\/sites\/4\/2021\/09\/image1-2-rotated.jpeg\" alt=\"\" class=\"wp-image-2232\" width=\"499\" height=\"374\" srcset=\"https:\/\/charente.catholique.fr\/nord-charente\/wp-content\/uploads\/sites\/4\/2021\/09\/image1-2-rotated.jpeg 640w, https:\/\/charente.catholique.fr\/nord-charente\/wp-content\/uploads\/sites\/4\/2021\/09\/image1-2-300x225.jpeg 300w\" sizes=\"auto, (max-width: 499px) 100vw, 499px\" \/><figcaption>&#8220;<strong>Accueillir comme des enfants la Parole de Dieu , le c\u0153ur de l&#8217;enfant est l\u00e0&#8221;<\/strong><\/figcaption><\/figure><\/div>\n\n\n\n\n\n<p>&#8220;<strong>Pour notre \u00e9glise charg\u00e9e de d\u00e9fendre les plus petits , les opprim\u00e9s qu&#8217;elle se montre encore plus attentive \u00e0 ceux qui sont en marge de la soci\u00e9t\u00e9 .<\/strong><\/p>\n\n\n\n<p><strong>Pour les enfants partout dans le monde , qu&#8217;ils puissent vivre une enfance innocence et de joie ,pour les plus faibles , les malades , les bless\u00e9s de la vie , les enfants mal trait\u00e9s qu&#8217;ils trouvent sur leur chemin des hommes et des femmes bienveillants pour les accompagner avec douceur et amour .<\/strong><\/p>\n\n\n\n<p><strong>Pour notre communaut\u00e9 et tous ceux qui l\u2019animent et la font vivre , pour nos a\u00een\u00e9s , que chacun ait \u00e0 c\u0153ur d&#8217;\u00eatre attentif aux plus petits et aux plus faibles.  Donne nous Seigneur ton Esprit de simplicit\u00e9 , de fraternit\u00e9 et d&#8217;amour , nous Te prions ! <\/strong>&#8220;<\/p>\n\n\n\n<p>                                                                                                                                        <strong>Intentions de pri\u00e8re des enfants <\/strong><\/p>\n\n\n\n<p>&#8220;<\/p>\n\n\n\n<div class=\"wp-block-image\"><figure class=\"aligncenter size-large is-resized\"><img loading=\"lazy\" decoding=\"async\" src=\"https:\/\/charente.catholique.fr\/nord-charente\/wp-content\/uploads\/sites\/4\/2021\/09\/image3-2-1-rotated.jpeg\" alt=\"\" class=\"wp-image-2233\" width=\"455\" height=\"341\" srcset=\"https:\/\/charente.catholique.fr\/nord-charente\/wp-content\/uploads\/sites\/4\/2021\/09\/image3-2-1-rotated.jpeg 640w, https:\/\/charente.catholique.fr\/nord-charente\/wp-content\/uploads\/sites\/4\/2021\/09\/image3-2-1-300x225.jpeg 300w\" sizes=\"auto, (max-width: 455px) 100vw, 455px\" \/><\/figure><\/div>\n\n\n\n<div class=\"wp-block-image is-style-default\"><figure class=\"aligncenter size-large\"><img loading=\"lazy\" decoding=\"async\" width=\"480\" height=\"640\" src=\"https:\/\/charente.catholique.fr\/nord-charente\/wp-content\/uploads\/sites\/4\/2021\/09\/image1-1-1-rotated.jpeg\" alt=\"\" class=\"wp-image-2244\" srcset=\"https:\/\/charente.catholique.fr\/nord-charente\/wp-content\/uploads\/sites\/4\/2021\/09\/image1-1-1-rotated.jpeg 480w, https:\/\/charente.catholique.fr\/nord-charente\/wp-content\/uploads\/sites\/4\/2021\/09\/image1-1-1-225x300.jpeg 225w\" sizes=\"auto, (max-width: 480px) 100vw, 480px\" \/><\/figure><\/div>\n\n\n\n<div class=\"wp-block-image is-style-rounded\"><figure class=\"aligncenter size-large\"><img loading=\"lazy\" decoding=\"async\" width=\"480\" height=\"640\" src=\"https:\/\/charente.catholique.fr\/nord-charente\/wp-content\/uploads\/sites\/4\/2021\/09\/image7-rotated.jpeg\" alt=\"\" class=\"wp-image-2242\" srcset=\"https:\/\/charente.catholique.fr\/nord-charente\/wp-content\/uploads\/sites\/4\/2021\/09\/image7-rotated.jpeg 480w, https:\/\/charente.catholique.fr\/nord-charente\/wp-content\/uploads\/sites\/4\/2021\/09\/image7-225x300.jpeg 225w\" sizes=\"auto, (max-width: 480px) 100vw, 480px\" \/><figcaption><strong>Avant de se s\u00e9parer Mme la directrice a ouvert une fen\u00eatre toute particuli\u00e8re pour nous inviter  \u00e0 partager un pot de l\u2019amiti\u00e9 et de d\u00e9licieuses friandises <\/strong>.<\/figcaption><\/figure><\/div>\n\n\n\n<div class=\"wp-block-image is-style-rounded\"><figure class=\"aligncenter size-large\"><img loading=\"lazy\" decoding=\"async\" width=\"480\" height=\"640\" src=\"https:\/\/charente.catholique.fr\/nord-charente\/wp-content\/uploads\/sites\/4\/2021\/09\/image8-1-rotated.jpeg\" alt=\"\" class=\"wp-image-2243\" srcset=\"https:\/\/charente.catholique.fr\/nord-charente\/wp-content\/uploads\/sites\/4\/2021\/09\/image8-1-rotated.jpeg 480w, https:\/\/charente.catholique.fr\/nord-charente\/wp-content\/uploads\/sites\/4\/2021\/09\/image8-1-225x300.jpeg 225w\" sizes=\"auto, (max-width: 480px) 100vw, 480px\" \/><figcaption><strong>En ce beau dimanche<\/strong> <strong>le Seigneur nous a rassembl\u00e9s  et  envoy\u00e9s . <\/strong><br><strong>Il nous invite, chacun et ensemble \u00e0 annoncer l\u2019\u00c9vangile autour de nous. <\/strong><br><strong>Qu\u2019Il soit notre berger, notre pasteur.Soyons tous pr\u00eats \u00e0 vivre pleinement notre nouvelle ann\u00e9e paroissiale.<\/strong> <strong>Belle ann\u00e9e \u00e0 tous <\/strong>!<\/figcaption><\/figure><\/div>\n\n\n\n<p><\/p>\n","protected":false},"excerpt":{"rendered":"<p>C&#8217;est l&#8217;heure de la rentr\u00e9e , un temps de nouveaut\u00e9 pour les enfants ! Un temps d\u2019effervescence pour les familles. \u2026 Un temps de retrouvailles apr\u00e8s l\u2019\u00e9t\u00e9, un moment pour chacun pour reprendre contact avec le quotidien. Comme elle est belle notre \u00e9glise ce matin en ce 19 septembre , une \u00e9glise grande ouverte sur [&hellip;]<\/p>\n","protected":false},"author":38,"featured_media":2228,"comment_status":"open","ping_status":"open","sticky":false,"template":"","format":"standard","meta":{"_acf_changed":false,"paroisse":["14"],"service":["0"],"footnotes":""},"categories":[1],"tags":[],"class_list":["post-2227","post","type-post","status-publish","format-standard","has-post-thumbnail","hentry","category-actualites"],"acf":[],"yoast_head":"<!-- This site is optimized with the Yoast SEO plugin v27.1.1 - https:\/\/yoast.com\/product\/yoast-seo-wordpress\/ -->\n<title>Messe de rentr\u00e9e \u00e0 l&#039;\u00e9cole Enfant-J\u00e9sus de Villefagnan. - Doyenn\u00e9 Nord Charente<\/title>\n<meta name=\"robots\" content=\"index, follow, max-snippet:-1, max-image-preview:large, max-video-preview:-1\" \/>\n<link rel=\"canonical\" href=\"https:\/\/charente.catholique.fr\/nord-charente\/actualites\/messe-de-rentree-a-lecole-enfant-jesus-de-villefagnan\/\" \/>\n<meta property=\"og:locale\" content=\"fr_FR\" \/>\n<meta property=\"og:type\" content=\"article\" \/>\n<meta property=\"og:title\" content=\"Messe de rentr\u00e9e \u00e0 l&#039;\u00e9cole Enfant-J\u00e9sus de Villefagnan. - Doyenn\u00e9 Nord Charente\" \/>\n<meta property=\"og:description\" content=\"C&#8217;est l&#8217;heure de la rentr\u00e9e , un temps de nouveaut\u00e9 pour les enfants ! Un temps d\u2019effervescence pour les familles. \u2026 Un temps de retrouvailles apr\u00e8s l\u2019\u00e9t\u00e9, un moment pour chacun pour reprendre contact avec le quotidien. Comme elle est belle notre \u00e9glise ce matin en ce 19 septembre , une \u00e9glise grande ouverte sur [&hellip;]\" \/>\n<meta property=\"og:url\" content=\"https:\/\/charente.catholique.fr\/nord-charente\/actualites\/messe-de-rentree-a-lecole-enfant-jesus-de-villefagnan\/\" \/>\n<meta property=\"og:site_name\" content=\"Doyenn\u00e9 Nord Charente\" \/>\n<meta property=\"article:publisher\" content=\"https:\/\/www.facebook.com\/EgliseCatholiqueCharente\" \/>\n<meta property=\"article:published_time\" content=\"2021-09-24T14:50:34+00:00\" \/>\n<meta property=\"article:modified_time\" content=\"2021-09-24T14:58:01+00:00\" \/>\n<meta property=\"og:image\" content=\"https:\/\/charente.catholique.fr\/nord-charente\/wp-content\/uploads\/sites\/4\/2021\/09\/image4-rotated.jpeg\" \/>\n\t<meta property=\"og:image:width\" content=\"640\" \/>\n\t<meta property=\"og:image:height\" content=\"480\" \/>\n\t<meta property=\"og:image:type\" content=\"image\/jpeg\" \/>\n<meta name=\"author\" content=\"joelleayrault\" \/>\n<meta name=\"twitter:card\" content=\"summary_large_image\" \/>\n<meta name=\"twitter:creator\" content=\"@diocesecharente\" \/>\n<meta name=\"twitter:site\" content=\"@diocesecharente\" \/>\n<meta name=\"twitter:label1\" content=\"\u00c9crit par\" \/>\n\t<meta name=\"twitter:data1\" content=\"joelleayrault\" \/>\n\t<meta name=\"twitter:label2\" content=\"Dur\u00e9e de lecture estim\u00e9e\" \/>\n\t<meta name=\"twitter:data2\" content=\"6 minutes\" \/>\n<script type=\"application\/ld+json\" class=\"yoast-schema-graph\">{\"@context\":\"https:\/\/schema.org\",\"@graph\":[{\"@type\":\"Article\",\"@id\":\"https:\/\/charente.catholique.fr\/nord-charente\/actualites\/messe-de-rentree-a-lecole-enfant-jesus-de-villefagnan\/#article\",\"isPartOf\":{\"@id\":\"https:\/\/charente.catholique.fr\/nord-charente\/actualites\/messe-de-rentree-a-lecole-enfant-jesus-de-villefagnan\/\"},\"author\":{\"name\":\"joelleayrault\",\"@id\":\"https:\/\/charente.catholique.fr\/nord-charente\/#\/schema\/person\/51184492e4abba33e5d768059a70f4db\"},\"headline\":\"Messe de rentr\u00e9e \u00e0 l&#8217;\u00e9cole Enfant-J\u00e9sus de Villefagnan.\",\"datePublished\":\"2021-09-24T14:50:34+00:00\",\"dateModified\":\"2021-09-24T14:58:01+00:00\",\"mainEntityOfPage\":{\"@id\":\"https:\/\/charente.catholique.fr\/nord-charente\/actualites\/messe-de-rentree-a-lecole-enfant-jesus-de-villefagnan\/\"},\"wordCount\":600,\"commentCount\":0,\"publisher\":{\"@id\":\"https:\/\/charente.catholique.fr\/nord-charente\/#organization\"},\"image\":{\"@id\":\"https:\/\/charente.catholique.fr\/nord-charente\/actualites\/messe-de-rentree-a-lecole-enfant-jesus-de-villefagnan\/#primaryimage\"},\"thumbnailUrl\":\"https:\/\/charente.catholique.fr\/nord-charente\/wp-content\/uploads\/sites\/4\/2021\/09\/image4-rotated.jpeg\",\"articleSection\":[\"Actualit\u00e9s\"],\"inLanguage\":\"fr-FR\",\"potentialAction\":[{\"@type\":\"CommentAction\",\"name\":\"Comment\",\"target\":[\"https:\/\/charente.catholique.fr\/nord-charente\/actualites\/messe-de-rentree-a-lecole-enfant-jesus-de-villefagnan\/#respond\"]}]},{\"@type\":\"WebPage\",\"@id\":\"https:\/\/charente.catholique.fr\/nord-charente\/actualites\/messe-de-rentree-a-lecole-enfant-jesus-de-villefagnan\/\",\"url\":\"https:\/\/charente.catholique.fr\/nord-charente\/actualites\/messe-de-rentree-a-lecole-enfant-jesus-de-villefagnan\/\",\"name\":\"Messe de rentr\u00e9e \u00e0 l'\u00e9cole Enfant-J\u00e9sus de Villefagnan. - Doyenn\u00e9 Nord Charente\",\"isPartOf\":{\"@id\":\"https:\/\/charente.catholique.fr\/nord-charente\/#website\"},\"primaryImageOfPage\":{\"@id\":\"https:\/\/charente.catholique.fr\/nord-charente\/actualites\/messe-de-rentree-a-lecole-enfant-jesus-de-villefagnan\/#primaryimage\"},\"image\":{\"@id\":\"https:\/\/charente.catholique.fr\/nord-charente\/actualites\/messe-de-rentree-a-lecole-enfant-jesus-de-villefagnan\/#primaryimage\"},\"thumbnailUrl\":\"https:\/\/charente.catholique.fr\/nord-charente\/wp-content\/uploads\/sites\/4\/2021\/09\/image4-rotated.jpeg\",\"datePublished\":\"2021-09-24T14:50:34+00:00\",\"dateModified\":\"2021-09-24T14:58:01+00:00\",\"breadcrumb\":{\"@id\":\"https:\/\/charente.catholique.fr\/nord-charente\/actualites\/messe-de-rentree-a-lecole-enfant-jesus-de-villefagnan\/#breadcrumb\"},\"inLanguage\":\"fr-FR\",\"potentialAction\":[{\"@type\":\"ReadAction\",\"target\":[\"https:\/\/charente.catholique.fr\/nord-charente\/actualites\/messe-de-rentree-a-lecole-enfant-jesus-de-villefagnan\/\"]}]},{\"@type\":\"ImageObject\",\"inLanguage\":\"fr-FR\",\"@id\":\"https:\/\/charente.catholique.fr\/nord-charente\/actualites\/messe-de-rentree-a-lecole-enfant-jesus-de-villefagnan\/#primaryimage\",\"url\":\"https:\/\/charente.catholique.fr\/nord-charente\/wp-content\/uploads\/sites\/4\/2021\/09\/image4-rotated.jpeg\",\"contentUrl\":\"https:\/\/charente.catholique.fr\/nord-charente\/wp-content\/uploads\/sites\/4\/2021\/09\/image4-rotated.jpeg\",\"width\":640,\"height\":480},{\"@type\":\"BreadcrumbList\",\"@id\":\"https:\/\/charente.catholique.fr\/nord-charente\/actualites\/messe-de-rentree-a-lecole-enfant-jesus-de-villefagnan\/#breadcrumb\",\"itemListElement\":[{\"@type\":\"ListItem\",\"position\":1,\"name\":\"Accueil\",\"item\":\"https:\/\/charente.catholique.fr\/nord-charente\/\"},{\"@type\":\"ListItem\",\"position\":2,\"name\":\"Messe de rentr\u00e9e \u00e0 l&#8217;\u00e9cole Enfant-J\u00e9sus de Villefagnan.\"}]},{\"@type\":\"WebSite\",\"@id\":\"https:\/\/charente.catholique.fr\/nord-charente\/#website\",\"url\":\"https:\/\/charente.catholique.fr\/nord-charente\/\",\"name\":\"Doyenn\u00e9 Nord Charente - Dioc\u00e8se d'Angoul\u00eame\",\"description\":\"Dioc\u00e8se d&#039;Angoul\u00eame\",\"publisher\":{\"@id\":\"https:\/\/charente.catholique.fr\/nord-charente\/#organization\"},\"potentialAction\":[{\"@type\":\"SearchAction\",\"target\":{\"@type\":\"EntryPoint\",\"urlTemplate\":\"https:\/\/charente.catholique.fr\/nord-charente\/?s={search_term_string}\"},\"query-input\":{\"@type\":\"PropertyValueSpecification\",\"valueRequired\":true,\"valueName\":\"search_term_string\"}}],\"inLanguage\":\"fr-FR\"},{\"@type\":\"Organization\",\"@id\":\"https:\/\/charente.catholique.fr\/nord-charente\/#organization\",\"name\":\"Association dioc\u00e9saine d'Angoul\u00eame\",\"url\":\"https:\/\/charente.catholique.fr\/nord-charente\/\",\"logo\":{\"@type\":\"ImageObject\",\"inLanguage\":\"fr-FR\",\"@id\":\"https:\/\/charente.catholique.fr\/nord-charente\/#\/schema\/logo\/image\/\",\"url\":\"https:\/\/charente.catholique.fr\/nord-charente\/wp-content\/uploads\/sites\/4\/2020\/10\/logos.png\",\"contentUrl\":\"https:\/\/charente.catholique.fr\/nord-charente\/wp-content\/uploads\/sites\/4\/2020\/10\/logos.png\",\"width\":600,\"height\":257,\"caption\":\"Association dioc\u00e9saine d'Angoul\u00eame\"},\"image\":{\"@id\":\"https:\/\/charente.catholique.fr\/nord-charente\/#\/schema\/logo\/image\/\"},\"sameAs\":[\"https:\/\/www.facebook.com\/EgliseCatholiqueCharente\",\"https:\/\/x.com\/diocesecharente\",\"https:\/\/www.instagram.com\/eglisecharente\",\"https:\/\/www.youtube.com\/channel\/UCByyFWApZbw3gDTiADoiAaQ\"]},{\"@type\":\"Person\",\"@id\":\"https:\/\/charente.catholique.fr\/nord-charente\/#\/schema\/person\/51184492e4abba33e5d768059a70f4db\",\"name\":\"joelleayrault\",\"image\":{\"@type\":\"ImageObject\",\"inLanguage\":\"fr-FR\",\"@id\":\"https:\/\/charente.catholique.fr\/nord-charente\/#\/schema\/person\/image\/\",\"url\":\"https:\/\/secure.gravatar.com\/avatar\/3bd3977af99690427d59b19ec7b6bd94226de63be5c368ae8d090f2d7f86dd5f?s=96&d=mm&r=g\",\"contentUrl\":\"https:\/\/secure.gravatar.com\/avatar\/3bd3977af99690427d59b19ec7b6bd94226de63be5c368ae8d090f2d7f86dd5f?s=96&d=mm&r=g\",\"caption\":\"joelleayrault\"},\"url\":\"https:\/\/charente.catholique.fr\/nord-charente\/author\/joelleayrault\/\"}]}<\/script>\n<!-- \/ Yoast SEO plugin. -->","yoast_head_json":{"title":"Messe de rentr\u00e9e \u00e0 l'\u00e9cole Enfant-J\u00e9sus de Villefagnan. - Doyenn\u00e9 Nord Charente","robots":{"index":"index","follow":"follow","max-snippet":"max-snippet:-1","max-image-preview":"max-image-preview:large","max-video-preview":"max-video-preview:-1"},"canonical":"https:\/\/charente.catholique.fr\/nord-charente\/actualites\/messe-de-rentree-a-lecole-enfant-jesus-de-villefagnan\/","og_locale":"fr_FR","og_type":"article","og_title":"Messe de rentr\u00e9e \u00e0 l'\u00e9cole Enfant-J\u00e9sus de Villefagnan. - Doyenn\u00e9 Nord Charente","og_description":"C&#8217;est l&#8217;heure de la rentr\u00e9e , un temps de nouveaut\u00e9 pour les enfants ! Un temps d\u2019effervescence pour les familles. \u2026 Un temps de retrouvailles apr\u00e8s l\u2019\u00e9t\u00e9, un moment pour chacun pour reprendre contact avec le quotidien. Comme elle est belle notre \u00e9glise ce matin en ce 19 septembre , une \u00e9glise grande ouverte sur [&hellip;]","og_url":"https:\/\/charente.catholique.fr\/nord-charente\/actualites\/messe-de-rentree-a-lecole-enfant-jesus-de-villefagnan\/","og_site_name":"Doyenn\u00e9 Nord Charente","article_publisher":"https:\/\/www.facebook.com\/EgliseCatholiqueCharente","article_published_time":"2021-09-24T14:50:34+00:00","article_modified_time":"2021-09-24T14:58:01+00:00","og_image":[{"width":640,"height":480,"url":"https:\/\/charente.catholique.fr\/nord-charente\/wp-content\/uploads\/sites\/4\/2021\/09\/image4-rotated.jpeg","type":"image\/jpeg"}],"author":"joelleayrault","twitter_card":"summary_large_image","twitter_creator":"@diocesecharente","twitter_site":"@diocesecharente","twitter_misc":{"\u00c9crit par":"joelleayrault","Dur\u00e9e de lecture estim\u00e9e":"6 minutes"},"schema":{"@context":"https:\/\/schema.org","@graph":[{"@type":"Article","@id":"https:\/\/charente.catholique.fr\/nord-charente\/actualites\/messe-de-rentree-a-lecole-enfant-jesus-de-villefagnan\/#article","isPartOf":{"@id":"https:\/\/charente.catholique.fr\/nord-charente\/actualites\/messe-de-rentree-a-lecole-enfant-jesus-de-villefagnan\/"},"author":{"name":"joelleayrault","@id":"https:\/\/charente.catholique.fr\/nord-charente\/#\/schema\/person\/51184492e4abba33e5d768059a70f4db"},"headline":"Messe de rentr\u00e9e \u00e0 l&#8217;\u00e9cole Enfant-J\u00e9sus de Villefagnan.","datePublished":"2021-09-24T14:50:34+00:00","dateModified":"2021-09-24T14:58:01+00:00","mainEntityOfPage":{"@id":"https:\/\/charente.catholique.fr\/nord-charente\/actualites\/messe-de-rentree-a-lecole-enfant-jesus-de-villefagnan\/"},"wordCount":600,"commentCount":0,"publisher":{"@id":"https:\/\/charente.catholique.fr\/nord-charente\/#organization"},"image":{"@id":"https:\/\/charente.catholique.fr\/nord-charente\/actualites\/messe-de-rentree-a-lecole-enfant-jesus-de-villefagnan\/#primaryimage"},"thumbnailUrl":"https:\/\/charente.catholique.fr\/nord-charente\/wp-content\/uploads\/sites\/4\/2021\/09\/image4-rotated.jpeg","articleSection":["Actualit\u00e9s"],"inLanguage":"fr-FR","potentialAction":[{"@type":"CommentAction","name":"Comment","target":["https:\/\/charente.catholique.fr\/nord-charente\/actualites\/messe-de-rentree-a-lecole-enfant-jesus-de-villefagnan\/#respond"]}]},{"@type":"WebPage","@id":"https:\/\/charente.catholique.fr\/nord-charente\/actualites\/messe-de-rentree-a-lecole-enfant-jesus-de-villefagnan\/","url":"https:\/\/charente.catholique.fr\/nord-charente\/actualites\/messe-de-rentree-a-lecole-enfant-jesus-de-villefagnan\/","name":"Messe de rentr\u00e9e \u00e0 l'\u00e9cole Enfant-J\u00e9sus de Villefagnan. - Doyenn\u00e9 Nord Charente","isPartOf":{"@id":"https:\/\/charente.catholique.fr\/nord-charente\/#website"},"primaryImageOfPage":{"@id":"https:\/\/charente.catholique.fr\/nord-charente\/actualites\/messe-de-rentree-a-lecole-enfant-jesus-de-villefagnan\/#primaryimage"},"image":{"@id":"https:\/\/charente.catholique.fr\/nord-charente\/actualites\/messe-de-rentree-a-lecole-enfant-jesus-de-villefagnan\/#primaryimage"},"thumbnailUrl":"https:\/\/charente.catholique.fr\/nord-charente\/wp-content\/uploads\/sites\/4\/2021\/09\/image4-rotated.jpeg","datePublished":"2021-09-24T14:50:34+00:00","dateModified":"2021-09-24T14:58:01+00:00","breadcrumb":{"@id":"https:\/\/charente.catholique.fr\/nord-charente\/actualites\/messe-de-rentree-a-lecole-enfant-jesus-de-villefagnan\/#breadcrumb"},"inLanguage":"fr-FR","potentialAction":[{"@type":"ReadAction","target":["https:\/\/charente.catholique.fr\/nord-charente\/actualites\/messe-de-rentree-a-lecole-enfant-jesus-de-villefagnan\/"]}]},{"@type":"ImageObject","inLanguage":"fr-FR","@id":"https:\/\/charente.catholique.fr\/nord-charente\/actualites\/messe-de-rentree-a-lecole-enfant-jesus-de-villefagnan\/#primaryimage","url":"https:\/\/charente.catholique.fr\/nord-charente\/wp-content\/uploads\/sites\/4\/2021\/09\/image4-rotated.jpeg","contentUrl":"https:\/\/charente.catholique.fr\/nord-charente\/wp-content\/uploads\/sites\/4\/2021\/09\/image4-rotated.jpeg","width":640,"height":480},{"@type":"BreadcrumbList","@id":"https:\/\/charente.catholique.fr\/nord-charente\/actualites\/messe-de-rentree-a-lecole-enfant-jesus-de-villefagnan\/#breadcrumb","itemListElement":[{"@type":"ListItem","position":1,"name":"Accueil","item":"https:\/\/charente.catholique.fr\/nord-charente\/"},{"@type":"ListItem","position":2,"name":"Messe de rentr\u00e9e \u00e0 l&#8217;\u00e9cole Enfant-J\u00e9sus de Villefagnan."}]},{"@type":"WebSite","@id":"https:\/\/charente.catholique.fr\/nord-charente\/#website","url":"https:\/\/charente.catholique.fr\/nord-charente\/","name":"Doyenn\u00e9 Nord Charente - Dioc\u00e8se d'Angoul\u00eame","description":"Dioc\u00e8se d&#039;Angoul\u00eame","publisher":{"@id":"https:\/\/charente.catholique.fr\/nord-charente\/#organization"},"potentialAction":[{"@type":"SearchAction","target":{"@type":"EntryPoint","urlTemplate":"https:\/\/charente.catholique.fr\/nord-charente\/?s={search_term_string}"},"query-input":{"@type":"PropertyValueSpecification","valueRequired":true,"valueName":"search_term_string"}}],"inLanguage":"fr-FR"},{"@type":"Organization","@id":"https:\/\/charente.catholique.fr\/nord-charente\/#organization","name":"Association dioc\u00e9saine d'Angoul\u00eame","url":"https:\/\/charente.catholique.fr\/nord-charente\/","logo":{"@type":"ImageObject","inLanguage":"fr-FR","@id":"https:\/\/charente.catholique.fr\/nord-charente\/#\/schema\/logo\/image\/","url":"https:\/\/charente.catholique.fr\/nord-charente\/wp-content\/uploads\/sites\/4\/2020\/10\/logos.png","contentUrl":"https:\/\/charente.catholique.fr\/nord-charente\/wp-content\/uploads\/sites\/4\/2020\/10\/logos.png","width":600,"height":257,"caption":"Association dioc\u00e9saine d'Angoul\u00eame"},"image":{"@id":"https:\/\/charente.catholique.fr\/nord-charente\/#\/schema\/logo\/image\/"},"sameAs":["https:\/\/www.facebook.com\/EgliseCatholiqueCharente","https:\/\/x.com\/diocesecharente","https:\/\/www.instagram.com\/eglisecharente","https:\/\/www.youtube.com\/channel\/UCByyFWApZbw3gDTiADoiAaQ"]},{"@type":"Person","@id":"https:\/\/charente.catholique.fr\/nord-charente\/#\/schema\/person\/51184492e4abba33e5d768059a70f4db","name":"joelleayrault","image":{"@type":"ImageObject","inLanguage":"fr-FR","@id":"https:\/\/charente.catholique.fr\/nord-charente\/#\/schema\/person\/image\/","url":"https:\/\/secure.gravatar.com\/avatar\/3bd3977af99690427d59b19ec7b6bd94226de63be5c368ae8d090f2d7f86dd5f?s=96&d=mm&r=g","contentUrl":"https:\/\/secure.gravatar.com\/avatar\/3bd3977af99690427d59b19ec7b6bd94226de63be5c368ae8d090f2d7f86dd5f?s=96&d=mm&r=g","caption":"joelleayrault"},"url":"https:\/\/charente.catholique.fr\/nord-charente\/author\/joelleayrault\/"}]}},"_links":{"self":[{"href":"https:\/\/charente.catholique.fr\/nord-charente\/wp-json\/wp\/v2\/posts\/2227","targetHints":{"allow":["GET"]}}],"collection":[{"href":"https:\/\/charente.catholique.fr\/nord-charente\/wp-json\/wp\/v2\/posts"}],"about":[{"href":"https:\/\/charente.catholique.fr\/nord-charente\/wp-json\/wp\/v2\/types\/post"}],"author":[{"embeddable":true,"href":"https:\/\/charente.catholique.fr\/nord-charente\/wp-json\/wp\/v2\/users\/38"}],"replies":[{"embeddable":true,"href":"https:\/\/charente.catholique.fr\/nord-charente\/wp-json\/wp\/v2\/comments?post=2227"}],"version-history":[{"count":4,"href":"https:\/\/charente.catholique.fr\/nord-charente\/wp-json\/wp\/v2\/posts\/2227\/revisions"}],"predecessor-version":[{"id":2251,"href":"https:\/\/charente.catholique.fr\/nord-charente\/wp-json\/wp\/v2\/posts\/2227\/revisions\/2251"}],"wp:featuredmedia":[{"embeddable":true,"href":"https:\/\/charente.catholique.fr\/nord-charente\/wp-json\/wp\/v2\/media\/2228"}],"wp:attachment":[{"href":"https:\/\/charente.catholique.fr\/nord-charente\/wp-json\/wp\/v2\/media?parent=2227"}],"wp:term":[{"taxonomy":"category","embeddable":true,"href":"https:\/\/charente.catholique.fr\/nord-charente\/wp-json\/wp\/v2\/categories?post=2227"},{"taxonomy":"post_tag","embeddable":true,"href":"https:\/\/charente.catholique.fr\/nord-charente\/wp-json\/wp\/v2\/tags?post=2227"}],"curies":[{"name":"wp","href":"https:\/\/api.w.org\/{rel}","templated":true}]}}