{"id":156,"date":"2020-09-12T11:39:12","date_gmt":"2020-09-12T09:39:12","guid":{"rendered":"https:\/\/charente.catholique.fr\/nord-charente\/actualites\/\/"},"modified":"2020-09-22T11:40:20","modified_gmt":"2020-09-22T09:40:20","slug":"homelie-du-dimanche-13-septembre","status":"publish","type":"post","link":"https:\/\/charente.catholique.fr\/nord-charente\/actualites\/homelie-du-dimanche-13-septembre\/","title":{"rendered":"Hom\u00e9lie du dimanche 13 septembre"},"content":{"rendered":"\n<p><strong>P\u00e8re Marc Prunier\u00a0: VIVRE ET AIMER SELON DIEU<\/strong><\/p>\n\n\n\n<div class=\"wp-block-image\"><figure class=\"alignleft size-large\"><img loading=\"lazy\" decoding=\"async\" width=\"92\" height=\"120\" src=\"https:\/\/charente.catholique.fr\/nord-charente\/wp-content\/uploads\/sites\/4\/2020\/09\/arton12269-0c159.jpg\" alt=\"\" class=\"wp-image-157\"\/><\/figure><\/div>\n\n\n\n<p><strong>24\u00b0 Dim. Ord A. &#8211; Matthieu 18\/21-35<\/strong><br><strong>Pardonner 70 fois 7 fois<\/strong><\/p>\n\n\n\n<div style=\"height:20px\" aria-hidden=\"true\" class=\"wp-block-spacer\"><\/div>\n\n\n\n<p><strong>VIVRE ET AIMER SELON DIEU<\/strong><\/p>\n\n\n\n<p>La parabole du serviteur impitoyable<br>fait directement \u00e9cho aux B\u00e9atitudes&nbsp;:<br><strong>&#8220;Heureux les mis\u00e9ricordieux, ils obtiendront mis\u00e9ricorde&nbsp;!&#8221;<\/strong><br>Autrement dit&nbsp;: quel bonheur de se savoir humblement pardonn\u00e9,<br>quel bonheur de se laisser habiter par le pardon,<br>et, par suite, quel bonheur de trouver sa joie \u00e0 pardonner&nbsp;!<br>Mais quel malheur ce serait de rester ferm\u00e9 \u00e0 tout pardon<br>et, par suite, de se trouver incapable d\u2019en vivre&nbsp;!<\/p>\n\n\n\n<p>Si la parabole \u00e9tait une le\u00e7on de morale<br>il s\u2019agirait bien d\u2019une r\u00e9compense promise \u00e0 qui sait pardonner<br>ou d\u2019une menace de punition \u00e0 qui refuse de pardonner.<br>Telle est, effectivement, notre fa\u00e7on de juger toute humaine.<\/p>\n\n\n\n<p>Mais J\u00e9sus ne dit pas cela&nbsp;!<br>En Dieu l\u2019Amour est toujours premier, sans limite, sans condition.<br>En Dieu le Pardon est toujours offert, gratuitement, sans mesure.<br><strong>Heureux celui qui consent \u00e0 ce Don de Dieu,<br>et qui se laisse devenir soi-m\u00eame un \u00eatre d\u2019amour et de pardon&nbsp;!<\/strong><br>Oui, quel bonheur de faire ainsi l\u2019exp\u00e9rience de l\u2019Amour&nbsp;!<br>Mais quel malheur ce serait de se laisser ronger par la faute,<br>et de se trouver soi-m\u00eame incapable d\u2019aimer et de pardonner&nbsp;!<\/p>\n\n\n\n<p>Si J\u00e9sus nous commandait de pardonner 7O fois 7 fois<br>pour m\u00e9riter d\u2019\u00eatre nous-m\u00eames pardonn\u00e9s<br>nous serions tous convaincus d\u2019incapacit\u00e9 totale et disqualifi\u00e9s,<br>nous serions d\u00e9finitivement priv\u00e9s de tout pardon,<br>et condamn\u00e9s au malheur que semble annoncer la Parabole.<\/p>\n\n\n\n<p>Mais l\u2019\u00c9vangile nous dit autre chose&nbsp;:<br>J\u00e9sus nous invite \u00e0 un autre regard sur nous et sur Dieu,<br>sur nous-m\u00eames parce que notre faute est extr\u00eame,<br>et notre dette envers Lui absolument insolvable,<br>et sur Dieu parce que son Pardon d\u00e9passe toute mesure,<br>et que seul son Amour gratuit \u00e0 l\u2019oeuvre en nous<br>peut nous donner la force de pardonner,<br><strong>c\u2019est \u00e0 dire de vivre de l\u2019Amour m\u00eame de Dieu pour nous&nbsp;!<\/strong><\/p>\n\n\n\n<p>Telle est bien la Bonne Nouvelle de l\u2019\u00c9vangile&nbsp;:<br><strong>&#8220;Heureux les mis\u00e9ricordieux, dit J\u00e9sus,<br>ils font l\u2019exp\u00e9rience d\u2019\u00eatre habit\u00e9s par la mis\u00e9ricorde&nbsp;!&#8221;<\/strong><\/p>\n","protected":false},"excerpt":{"rendered":"<p>P\u00e8re Marc Prunier\u00a0: VIVRE ET AIMER SELON DIEU 24\u00b0 Dim. Ord A. &#8211; Matthieu 18\/21-35Pardonner 70 fois 7 fois VIVRE ET AIMER SELON DIEU La parabole du serviteur impitoyablefait directement \u00e9cho aux B\u00e9atitudes&nbsp;:&#8220;Heureux les mis\u00e9ricordieux, ils obtiendront mis\u00e9ricorde&nbsp;!&#8221;Autrement dit&nbsp;: quel bonheur de se savoir humblement pardonn\u00e9,quel bonheur de se laisser habiter par le pardon,et, par [&hellip;]<\/p>\n","protected":false},"author":1,"featured_media":0,"comment_status":"closed","ping_status":"open","sticky":false,"template":"","format":"standard","meta":{"_acf_changed":false,"paroisse":[""],"service":["0"],"footnotes":""},"categories":[6],"tags":[],"class_list":["post-156","post","type-post","status-publish","format-standard","hentry","category-homelies","validated"],"acf":[],"yoast_head":"<!-- This site is optimized with the Yoast SEO plugin v27.1.1 - https:\/\/yoast.com\/product\/yoast-seo-wordpress\/ -->\n<title>Hom\u00e9lie du dimanche 13 septembre - Doyenn\u00e9 Nord Charente<\/title>\n<meta name=\"robots\" content=\"index, follow, max-snippet:-1, max-image-preview:large, max-video-preview:-1\" \/>\n<link rel=\"canonical\" href=\"https:\/\/charente.catholique.fr\/nord-charente\/actualites\/homelie-du-dimanche-13-septembre\/\" \/>\n<meta property=\"og:locale\" content=\"fr_FR\" \/>\n<meta property=\"og:type\" content=\"article\" \/>\n<meta property=\"og:title\" content=\"Hom\u00e9lie du dimanche 13 septembre - Doyenn\u00e9 Nord Charente\" \/>\n<meta property=\"og:description\" content=\"P\u00e8re Marc Prunier\u00a0: VIVRE ET AIMER SELON DIEU 24\u00b0 Dim. Ord A. &#8211; Matthieu 18\/21-35Pardonner 70 fois 7 fois VIVRE ET AIMER SELON DIEU La parabole du serviteur impitoyablefait directement \u00e9cho aux B\u00e9atitudes&nbsp;:&#8220;Heureux les mis\u00e9ricordieux, ils obtiendront mis\u00e9ricorde&nbsp;!&#8221;Autrement dit&nbsp;: quel bonheur de se savoir humblement pardonn\u00e9,quel bonheur de se laisser habiter par le pardon,et, par [&hellip;]\" \/>\n<meta property=\"og:url\" content=\"https:\/\/charente.catholique.fr\/nord-charente\/actualites\/homelie-du-dimanche-13-septembre\/\" \/>\n<meta property=\"og:site_name\" content=\"Doyenn\u00e9 Nord Charente\" \/>\n<meta property=\"article:publisher\" content=\"https:\/\/www.facebook.com\/EgliseCatholiqueCharente\" \/>\n<meta property=\"article:published_time\" content=\"2020-09-12T09:39:12+00:00\" \/>\n<meta property=\"article:modified_time\" content=\"2020-09-22T09:40:20+00:00\" \/>\n<meta property=\"og:image\" content=\"https:\/\/charente.catholique.fr\/nord-charente\/wp-content\/uploads\/sites\/4\/2020\/09\/arton12269-0c159.jpg\" \/>\n<meta name=\"author\" content=\"Laurent Levasseur\" \/>\n<meta name=\"twitter:card\" content=\"summary_large_image\" \/>\n<meta name=\"twitter:creator\" content=\"@diocesecharente\" \/>\n<meta name=\"twitter:site\" content=\"@diocesecharente\" \/>\n<meta name=\"twitter:label1\" content=\"\u00c9crit par\" \/>\n\t<meta name=\"twitter:data1\" content=\"Laurent Levasseur\" \/>\n\t<meta name=\"twitter:label2\" content=\"Dur\u00e9e de lecture estim\u00e9e\" \/>\n\t<meta name=\"twitter:data2\" content=\"2 minutes\" \/>\n<script type=\"application\/ld+json\" class=\"yoast-schema-graph\">{\"@context\":\"https:\/\/schema.org\",\"@graph\":[{\"@type\":\"Article\",\"@id\":\"https:\/\/charente.catholique.fr\/nord-charente\/actualites\/homelie-du-dimanche-13-septembre\/#article\",\"isPartOf\":{\"@id\":\"https:\/\/charente.catholique.fr\/nord-charente\/actualites\/homelie-du-dimanche-13-septembre\/\"},\"author\":{\"name\":\"Laurent Levasseur\",\"@id\":\"https:\/\/charente.catholique.fr\/nord-charente\/#\/schema\/person\/3df8c31947ef19fb6329f661cafeadbe\"},\"headline\":\"Hom\u00e9lie du dimanche 13 septembre\",\"datePublished\":\"2020-09-12T09:39:12+00:00\",\"dateModified\":\"2020-09-22T09:40:20+00:00\",\"mainEntityOfPage\":{\"@id\":\"https:\/\/charente.catholique.fr\/nord-charente\/actualites\/homelie-du-dimanche-13-septembre\/\"},\"wordCount\":383,\"publisher\":{\"@id\":\"https:\/\/charente.catholique.fr\/nord-charente\/#organization\"},\"image\":{\"@id\":\"https:\/\/charente.catholique.fr\/nord-charente\/actualites\/homelie-du-dimanche-13-septembre\/#primaryimage\"},\"thumbnailUrl\":\"https:\/\/charente.catholique.fr\/nord-charente\/wp-content\/uploads\/sites\/4\/2020\/09\/arton12269-0c159.jpg\",\"articleSection\":[\"Hom\u00e9lies\"],\"inLanguage\":\"fr-FR\"},{\"@type\":\"WebPage\",\"@id\":\"https:\/\/charente.catholique.fr\/nord-charente\/actualites\/homelie-du-dimanche-13-septembre\/\",\"url\":\"https:\/\/charente.catholique.fr\/nord-charente\/actualites\/homelie-du-dimanche-13-septembre\/\",\"name\":\"Hom\u00e9lie du dimanche 13 septembre - Doyenn\u00e9 Nord Charente\",\"isPartOf\":{\"@id\":\"https:\/\/charente.catholique.fr\/nord-charente\/#website\"},\"primaryImageOfPage\":{\"@id\":\"https:\/\/charente.catholique.fr\/nord-charente\/actualites\/homelie-du-dimanche-13-septembre\/#primaryimage\"},\"image\":{\"@id\":\"https:\/\/charente.catholique.fr\/nord-charente\/actualites\/homelie-du-dimanche-13-septembre\/#primaryimage\"},\"thumbnailUrl\":\"https:\/\/charente.catholique.fr\/nord-charente\/wp-content\/uploads\/sites\/4\/2020\/09\/arton12269-0c159.jpg\",\"datePublished\":\"2020-09-12T09:39:12+00:00\",\"dateModified\":\"2020-09-22T09:40:20+00:00\",\"breadcrumb\":{\"@id\":\"https:\/\/charente.catholique.fr\/nord-charente\/actualites\/homelie-du-dimanche-13-septembre\/#breadcrumb\"},\"inLanguage\":\"fr-FR\",\"potentialAction\":[{\"@type\":\"ReadAction\",\"target\":[\"https:\/\/charente.catholique.fr\/nord-charente\/actualites\/homelie-du-dimanche-13-septembre\/\"]}]},{\"@type\":\"ImageObject\",\"inLanguage\":\"fr-FR\",\"@id\":\"https:\/\/charente.catholique.fr\/nord-charente\/actualites\/homelie-du-dimanche-13-septembre\/#primaryimage\",\"url\":\"https:\/\/charente.catholique.fr\/nord-charente\/wp-content\/uploads\/sites\/4\/2020\/09\/arton12269-0c159.jpg\",\"contentUrl\":\"https:\/\/charente.catholique.fr\/nord-charente\/wp-content\/uploads\/sites\/4\/2020\/09\/arton12269-0c159.jpg\",\"width\":92,\"height\":120},{\"@type\":\"BreadcrumbList\",\"@id\":\"https:\/\/charente.catholique.fr\/nord-charente\/actualites\/homelie-du-dimanche-13-septembre\/#breadcrumb\",\"itemListElement\":[{\"@type\":\"ListItem\",\"position\":1,\"name\":\"Accueil\",\"item\":\"https:\/\/charente.catholique.fr\/nord-charente\/\"},{\"@type\":\"ListItem\",\"position\":2,\"name\":\"Hom\u00e9lie du dimanche 13 septembre\"}]},{\"@type\":\"WebSite\",\"@id\":\"https:\/\/charente.catholique.fr\/nord-charente\/#website\",\"url\":\"https:\/\/charente.catholique.fr\/nord-charente\/\",\"name\":\"Doyenn\u00e9 Nord Charente - Dioc\u00e8se d'Angoul\u00eame\",\"description\":\"Dioc\u00e8se d&#039;Angoul\u00eame\",\"publisher\":{\"@id\":\"https:\/\/charente.catholique.fr\/nord-charente\/#organization\"},\"potentialAction\":[{\"@type\":\"SearchAction\",\"target\":{\"@type\":\"EntryPoint\",\"urlTemplate\":\"https:\/\/charente.catholique.fr\/nord-charente\/?s={search_term_string}\"},\"query-input\":{\"@type\":\"PropertyValueSpecification\",\"valueRequired\":true,\"valueName\":\"search_term_string\"}}],\"inLanguage\":\"fr-FR\"},{\"@type\":\"Organization\",\"@id\":\"https:\/\/charente.catholique.fr\/nord-charente\/#organization\",\"name\":\"Association dioc\u00e9saine d'Angoul\u00eame\",\"url\":\"https:\/\/charente.catholique.fr\/nord-charente\/\",\"logo\":{\"@type\":\"ImageObject\",\"inLanguage\":\"fr-FR\",\"@id\":\"https:\/\/charente.catholique.fr\/nord-charente\/#\/schema\/logo\/image\/\",\"url\":\"https:\/\/charente.catholique.fr\/nord-charente\/wp-content\/uploads\/sites\/4\/2020\/10\/logos.png\",\"contentUrl\":\"https:\/\/charente.catholique.fr\/nord-charente\/wp-content\/uploads\/sites\/4\/2020\/10\/logos.png\",\"width\":600,\"height\":257,\"caption\":\"Association dioc\u00e9saine d'Angoul\u00eame\"},\"image\":{\"@id\":\"https:\/\/charente.catholique.fr\/nord-charente\/#\/schema\/logo\/image\/\"},\"sameAs\":[\"https:\/\/www.facebook.com\/EgliseCatholiqueCharente\",\"https:\/\/x.com\/diocesecharente\",\"https:\/\/www.instagram.com\/eglisecharente\",\"https:\/\/www.youtube.com\/channel\/UCByyFWApZbw3gDTiADoiAaQ\"]},{\"@type\":\"Person\",\"@id\":\"https:\/\/charente.catholique.fr\/nord-charente\/#\/schema\/person\/3df8c31947ef19fb6329f661cafeadbe\",\"name\":\"Laurent Levasseur\",\"image\":{\"@type\":\"ImageObject\",\"inLanguage\":\"fr-FR\",\"@id\":\"https:\/\/charente.catholique.fr\/nord-charente\/#\/schema\/person\/image\/\",\"url\":\"https:\/\/secure.gravatar.com\/avatar\/dccf960d6e9a0355d4b167ffa3fac883a97faa506deaa7260607621ce2bc2705?s=96&d=mm&r=g\",\"contentUrl\":\"https:\/\/secure.gravatar.com\/avatar\/dccf960d6e9a0355d4b167ffa3fac883a97faa506deaa7260607621ce2bc2705?s=96&d=mm&r=g\",\"caption\":\"Laurent Levasseur\"},\"url\":\"https:\/\/charente.catholique.fr\/nord-charente\/author\/laurentleva\/\"}]}<\/script>\n<!-- \/ Yoast SEO plugin. -->","yoast_head_json":{"title":"Hom\u00e9lie du dimanche 13 septembre - Doyenn\u00e9 Nord Charente","robots":{"index":"index","follow":"follow","max-snippet":"max-snippet:-1","max-image-preview":"max-image-preview:large","max-video-preview":"max-video-preview:-1"},"canonical":"https:\/\/charente.catholique.fr\/nord-charente\/actualites\/homelie-du-dimanche-13-septembre\/","og_locale":"fr_FR","og_type":"article","og_title":"Hom\u00e9lie du dimanche 13 septembre - Doyenn\u00e9 Nord Charente","og_description":"P\u00e8re Marc Prunier\u00a0: VIVRE ET AIMER SELON DIEU 24\u00b0 Dim. Ord A. &#8211; Matthieu 18\/21-35Pardonner 70 fois 7 fois VIVRE ET AIMER SELON DIEU La parabole du serviteur impitoyablefait directement \u00e9cho aux B\u00e9atitudes&nbsp;:&#8220;Heureux les mis\u00e9ricordieux, ils obtiendront mis\u00e9ricorde&nbsp;!&#8221;Autrement dit&nbsp;: quel bonheur de se savoir humblement pardonn\u00e9,quel bonheur de se laisser habiter par le pardon,et, par [&hellip;]","og_url":"https:\/\/charente.catholique.fr\/nord-charente\/actualites\/homelie-du-dimanche-13-septembre\/","og_site_name":"Doyenn\u00e9 Nord Charente","article_publisher":"https:\/\/www.facebook.com\/EgliseCatholiqueCharente","article_published_time":"2020-09-12T09:39:12+00:00","article_modified_time":"2020-09-22T09:40:20+00:00","og_image":[{"url":"https:\/\/charente.catholique.fr\/nord-charente\/wp-content\/uploads\/sites\/4\/2020\/09\/arton12269-0c159.jpg","type":"","width":"","height":""}],"author":"Laurent Levasseur","twitter_card":"summary_large_image","twitter_creator":"@diocesecharente","twitter_site":"@diocesecharente","twitter_misc":{"\u00c9crit par":"Laurent Levasseur","Dur\u00e9e de lecture estim\u00e9e":"2 minutes"},"schema":{"@context":"https:\/\/schema.org","@graph":[{"@type":"Article","@id":"https:\/\/charente.catholique.fr\/nord-charente\/actualites\/homelie-du-dimanche-13-septembre\/#article","isPartOf":{"@id":"https:\/\/charente.catholique.fr\/nord-charente\/actualites\/homelie-du-dimanche-13-septembre\/"},"author":{"name":"Laurent Levasseur","@id":"https:\/\/charente.catholique.fr\/nord-charente\/#\/schema\/person\/3df8c31947ef19fb6329f661cafeadbe"},"headline":"Hom\u00e9lie du dimanche 13 septembre","datePublished":"2020-09-12T09:39:12+00:00","dateModified":"2020-09-22T09:40:20+00:00","mainEntityOfPage":{"@id":"https:\/\/charente.catholique.fr\/nord-charente\/actualites\/homelie-du-dimanche-13-septembre\/"},"wordCount":383,"publisher":{"@id":"https:\/\/charente.catholique.fr\/nord-charente\/#organization"},"image":{"@id":"https:\/\/charente.catholique.fr\/nord-charente\/actualites\/homelie-du-dimanche-13-septembre\/#primaryimage"},"thumbnailUrl":"https:\/\/charente.catholique.fr\/nord-charente\/wp-content\/uploads\/sites\/4\/2020\/09\/arton12269-0c159.jpg","articleSection":["Hom\u00e9lies"],"inLanguage":"fr-FR"},{"@type":"WebPage","@id":"https:\/\/charente.catholique.fr\/nord-charente\/actualites\/homelie-du-dimanche-13-septembre\/","url":"https:\/\/charente.catholique.fr\/nord-charente\/actualites\/homelie-du-dimanche-13-septembre\/","name":"Hom\u00e9lie du dimanche 13 septembre - Doyenn\u00e9 Nord Charente","isPartOf":{"@id":"https:\/\/charente.catholique.fr\/nord-charente\/#website"},"primaryImageOfPage":{"@id":"https:\/\/charente.catholique.fr\/nord-charente\/actualites\/homelie-du-dimanche-13-septembre\/#primaryimage"},"image":{"@id":"https:\/\/charente.catholique.fr\/nord-charente\/actualites\/homelie-du-dimanche-13-septembre\/#primaryimage"},"thumbnailUrl":"https:\/\/charente.catholique.fr\/nord-charente\/wp-content\/uploads\/sites\/4\/2020\/09\/arton12269-0c159.jpg","datePublished":"2020-09-12T09:39:12+00:00","dateModified":"2020-09-22T09:40:20+00:00","breadcrumb":{"@id":"https:\/\/charente.catholique.fr\/nord-charente\/actualites\/homelie-du-dimanche-13-septembre\/#breadcrumb"},"inLanguage":"fr-FR","potentialAction":[{"@type":"ReadAction","target":["https:\/\/charente.catholique.fr\/nord-charente\/actualites\/homelie-du-dimanche-13-septembre\/"]}]},{"@type":"ImageObject","inLanguage":"fr-FR","@id":"https:\/\/charente.catholique.fr\/nord-charente\/actualites\/homelie-du-dimanche-13-septembre\/#primaryimage","url":"https:\/\/charente.catholique.fr\/nord-charente\/wp-content\/uploads\/sites\/4\/2020\/09\/arton12269-0c159.jpg","contentUrl":"https:\/\/charente.catholique.fr\/nord-charente\/wp-content\/uploads\/sites\/4\/2020\/09\/arton12269-0c159.jpg","width":92,"height":120},{"@type":"BreadcrumbList","@id":"https:\/\/charente.catholique.fr\/nord-charente\/actualites\/homelie-du-dimanche-13-septembre\/#breadcrumb","itemListElement":[{"@type":"ListItem","position":1,"name":"Accueil","item":"https:\/\/charente.catholique.fr\/nord-charente\/"},{"@type":"ListItem","position":2,"name":"Hom\u00e9lie du dimanche 13 septembre"}]},{"@type":"WebSite","@id":"https:\/\/charente.catholique.fr\/nord-charente\/#website","url":"https:\/\/charente.catholique.fr\/nord-charente\/","name":"Doyenn\u00e9 Nord Charente - Dioc\u00e8se d'Angoul\u00eame","description":"Dioc\u00e8se d&#039;Angoul\u00eame","publisher":{"@id":"https:\/\/charente.catholique.fr\/nord-charente\/#organization"},"potentialAction":[{"@type":"SearchAction","target":{"@type":"EntryPoint","urlTemplate":"https:\/\/charente.catholique.fr\/nord-charente\/?s={search_term_string}"},"query-input":{"@type":"PropertyValueSpecification","valueRequired":true,"valueName":"search_term_string"}}],"inLanguage":"fr-FR"},{"@type":"Organization","@id":"https:\/\/charente.catholique.fr\/nord-charente\/#organization","name":"Association dioc\u00e9saine d'Angoul\u00eame","url":"https:\/\/charente.catholique.fr\/nord-charente\/","logo":{"@type":"ImageObject","inLanguage":"fr-FR","@id":"https:\/\/charente.catholique.fr\/nord-charente\/#\/schema\/logo\/image\/","url":"https:\/\/charente.catholique.fr\/nord-charente\/wp-content\/uploads\/sites\/4\/2020\/10\/logos.png","contentUrl":"https:\/\/charente.catholique.fr\/nord-charente\/wp-content\/uploads\/sites\/4\/2020\/10\/logos.png","width":600,"height":257,"caption":"Association dioc\u00e9saine d'Angoul\u00eame"},"image":{"@id":"https:\/\/charente.catholique.fr\/nord-charente\/#\/schema\/logo\/image\/"},"sameAs":["https:\/\/www.facebook.com\/EgliseCatholiqueCharente","https:\/\/x.com\/diocesecharente","https:\/\/www.instagram.com\/eglisecharente","https:\/\/www.youtube.com\/channel\/UCByyFWApZbw3gDTiADoiAaQ"]},{"@type":"Person","@id":"https:\/\/charente.catholique.fr\/nord-charente\/#\/schema\/person\/3df8c31947ef19fb6329f661cafeadbe","name":"Laurent Levasseur","image":{"@type":"ImageObject","inLanguage":"fr-FR","@id":"https:\/\/charente.catholique.fr\/nord-charente\/#\/schema\/person\/image\/","url":"https:\/\/secure.gravatar.com\/avatar\/dccf960d6e9a0355d4b167ffa3fac883a97faa506deaa7260607621ce2bc2705?s=96&d=mm&r=g","contentUrl":"https:\/\/secure.gravatar.com\/avatar\/dccf960d6e9a0355d4b167ffa3fac883a97faa506deaa7260607621ce2bc2705?s=96&d=mm&r=g","caption":"Laurent Levasseur"},"url":"https:\/\/charente.catholique.fr\/nord-charente\/author\/laurentleva\/"}]}},"_links":{"self":[{"href":"https:\/\/charente.catholique.fr\/nord-charente\/wp-json\/wp\/v2\/posts\/156","targetHints":{"allow":["GET"]}}],"collection":[{"href":"https:\/\/charente.catholique.fr\/nord-charente\/wp-json\/wp\/v2\/posts"}],"about":[{"href":"https:\/\/charente.catholique.fr\/nord-charente\/wp-json\/wp\/v2\/types\/post"}],"author":[{"embeddable":true,"href":"https:\/\/charente.catholique.fr\/nord-charente\/wp-json\/wp\/v2\/users\/1"}],"replies":[{"embeddable":true,"href":"https:\/\/charente.catholique.fr\/nord-charente\/wp-json\/wp\/v2\/comments?post=156"}],"version-history":[{"count":1,"href":"https:\/\/charente.catholique.fr\/nord-charente\/wp-json\/wp\/v2\/posts\/156\/revisions"}],"predecessor-version":[{"id":158,"href":"https:\/\/charente.catholique.fr\/nord-charente\/wp-json\/wp\/v2\/posts\/156\/revisions\/158"}],"wp:attachment":[{"href":"https:\/\/charente.catholique.fr\/nord-charente\/wp-json\/wp\/v2\/media?parent=156"}],"wp:term":[{"taxonomy":"category","embeddable":true,"href":"https:\/\/charente.catholique.fr\/nord-charente\/wp-json\/wp\/v2\/categories?post=156"},{"taxonomy":"post_tag","embeddable":true,"href":"https:\/\/charente.catholique.fr\/nord-charente\/wp-json\/wp\/v2\/tags?post=156"}],"curies":[{"name":"wp","href":"https:\/\/api.w.org\/{rel}","templated":true}]}}