{"id":1356,"date":"2021-04-02T23:01:50","date_gmt":"2021-04-02T21:01:50","guid":{"rendered":"https:\/\/charente.catholique.fr\/nord-charente\/?p=1356"},"modified":"2021-04-02T23:31:58","modified_gmt":"2021-04-02T21:31:58","slug":"il-vit-et-il-crut","status":"publish","type":"post","link":"https:\/\/charente.catholique.fr\/nord-charente\/actualites\/il-vit-et-il-crut\/","title":{"rendered":"IL VIT ET IL CRUT !"},"content":{"rendered":"\n<p class=\"has-text-align-center\"><strong>Dimanche de P\u00e2ques<\/strong>. Jn 20\/1-9. 04-04-21<br>Bapt\u00eame de G\u00e9raldine BARR\u00c9 \u00e0 Aigre<\/p>\n\n\n\n<p class=\"has-text-align-center\"><strong>IL VIT ET IL CRUT !<\/strong><br><\/p>\n\n\n\n<p class=\"has-text-align-center\">Les deux disciples Pierre et Jean arrivent au tombeau : il est vide.<br>Instantan\u00e9ment Jean voit plus loin, au del\u00e0 de l<strong>&#8216;absence<\/strong>.<br>En un instant il comprend tout, il ressent la<strong> Pr\u00e9sence du Vivant !<\/strong><br>Il plonge dans le myst\u00e8re de cette<strong> Pr\u00e9sence<\/strong>, il plonge dans la foi !<br><strong>C&#8217;est une vraie plong\u00e9e, une confiance \u00e9perdue, une indicible joie.<br>C&#8217;est un vrai Bapt\u00eame : J\u00e9sus est VIVANT !<\/strong><\/p>\n\n\n\n<p class=\"has-text-align-center\"><br>Instantan\u00e9ment na\u00eet dans son coeur la foi,<br>la foi vive comme un feu, comme une source,<br>la foi profonde comme une intuition d&#8217;amour,<br>la foi engag\u00e9e comme une alliance nuptiale,<br>la foi qui bouleverse une vie,<br>qui en change la couleur et lui donne un nouvel \u00e9lan !<br><\/p>\n\n\n\n<p class=\"has-text-align-center\">Jean a vu ! Mais qu&#8217;a-t-il donc vu ?<br>Pr\u00e9cis\u00e9ment ce jour l\u00e0 il n&#8217;a rien vu.<br>Il a vu et compris qu&#8217;il n&#8217;y avait rien \u00e0 voir.<br>Car le Ressuscit\u00e9 ne se tient pas ici ou bien l\u00e0,<br>tel que nous puissions Le voir \u00e0 l&#8217;ext\u00e9rieur de nous !<br><strong>Le Ressuscit\u00e9 demeure l\u00e0, en nous-m\u00eame !<\/strong><br>Seul le regard du coeur, le regard de l&#8217;amour,<br>sait le reconna\u00eetre et pressentir son infinie Tendresse !<\/p>\n\n\n\n<p class=\"has-text-align-center\"><br>Aujourd&#8217;hui l&#8217;Esprit vient raviver en nous la foi !<br>Non pas un vague sentiment de &#8220;croyance&#8221;,<br>une sorte d&#8217;adh\u00e9sion sans fondement<br>\u00e0 une v\u00e9rit\u00e9 re\u00e7ue et trop souvent mal comprise,<br>mais un \u00e9lan int\u00e9rieur, une joie br\u00fblante,<br>un amour qui emporte tout, qui supporte tout, qui esp\u00e8re tout !<\/p>\n\n\n\n<p class=\"has-text-align-center\"><br><strong>J\u00e9sus est VIVANT, Il est la VIE de notre vie !<br>En Lui moi aussi je suis vivant, pr\u00eat \u00e0 donner ma vie !<br>En Lui je suis VIVANT d\u00e8s maintenant<br>et bien au del\u00e0 de tout ce que nous appelons la mort<\/strong><\/p>\n","protected":false},"excerpt":{"rendered":"<p>Dimanche de P\u00e2ques. Jn 20\/1-9. 04-04-21Bapt\u00eame de G\u00e9raldine BARR\u00c9 \u00e0 Aigre IL VIT ET IL CRUT ! Les deux disciples Pierre et Jean arrivent au tombeau : il est vide.Instantan\u00e9ment Jean voit plus loin, au del\u00e0 de l&#8216;absence.En un instant il comprend tout, il ressent la Pr\u00e9sence du Vivant !Il plonge dans le myst\u00e8re de [&hellip;]<\/p>\n","protected":false},"author":33,"featured_media":1358,"comment_status":"open","ping_status":"open","sticky":false,"template":"","format":"standard","meta":{"_acf_changed":false,"paroisse":["12"],"service":["0"],"footnotes":""},"categories":[1],"tags":[],"class_list":["post-1356","post","type-post","status-publish","format-standard","has-post-thumbnail","hentry","category-actualites","validated"],"acf":[],"yoast_head":"<!-- This site is optimized with the Yoast SEO plugin v27.1.1 - https:\/\/yoast.com\/product\/yoast-seo-wordpress\/ -->\n<title>IL VIT ET IL CRUT ! - Doyenn\u00e9 Nord Charente<\/title>\n<meta name=\"robots\" content=\"index, follow, max-snippet:-1, max-image-preview:large, max-video-preview:-1\" \/>\n<link rel=\"canonical\" href=\"https:\/\/charente.catholique.fr\/nord-charente\/actualites\/il-vit-et-il-crut\/\" \/>\n<meta property=\"og:locale\" content=\"fr_FR\" \/>\n<meta property=\"og:type\" content=\"article\" \/>\n<meta property=\"og:title\" content=\"IL VIT ET IL CRUT ! - Doyenn\u00e9 Nord Charente\" \/>\n<meta property=\"og:description\" content=\"Dimanche de P\u00e2ques. Jn 20\/1-9. 04-04-21Bapt\u00eame de G\u00e9raldine BARR\u00c9 \u00e0 Aigre IL VIT ET IL CRUT ! Les deux disciples Pierre et Jean arrivent au tombeau : il est vide.Instantan\u00e9ment Jean voit plus loin, au del\u00e0 de l&#8216;absence.En un instant il comprend tout, il ressent la Pr\u00e9sence du Vivant !Il plonge dans le myst\u00e8re de [&hellip;]\" \/>\n<meta property=\"og:url\" content=\"https:\/\/charente.catholique.fr\/nord-charente\/actualites\/il-vit-et-il-crut\/\" \/>\n<meta property=\"og:site_name\" content=\"Doyenn\u00e9 Nord Charente\" \/>\n<meta property=\"article:publisher\" content=\"https:\/\/www.facebook.com\/EgliseCatholiqueCharente\" \/>\n<meta property=\"article:published_time\" content=\"2021-04-02T21:01:50+00:00\" \/>\n<meta property=\"article:modified_time\" content=\"2021-04-02T21:31:58+00:00\" \/>\n<meta property=\"og:image\" content=\"https:\/\/charente.catholique.fr\/nord-charente\/wp-content\/uploads\/sites\/4\/2021\/04\/christ-ressuscite-2.jpg\" \/>\n\t<meta property=\"og:image:width\" content=\"1600\" \/>\n\t<meta property=\"og:image:height\" content=\"900\" \/>\n\t<meta property=\"og:image:type\" content=\"image\/jpeg\" \/>\n<meta name=\"author\" content=\"marysegirard\" \/>\n<meta name=\"twitter:card\" content=\"summary_large_image\" \/>\n<meta name=\"twitter:creator\" content=\"@diocesecharente\" \/>\n<meta name=\"twitter:site\" content=\"@diocesecharente\" \/>\n<meta name=\"twitter:label1\" content=\"\u00c9crit par\" \/>\n\t<meta name=\"twitter:data1\" content=\"marysegirard\" \/>\n\t<meta name=\"twitter:label2\" content=\"Dur\u00e9e de lecture estim\u00e9e\" \/>\n\t<meta name=\"twitter:data2\" content=\"2 minutes\" \/>\n<script type=\"application\/ld+json\" class=\"yoast-schema-graph\">{\"@context\":\"https:\/\/schema.org\",\"@graph\":[{\"@type\":\"Article\",\"@id\":\"https:\/\/charente.catholique.fr\/nord-charente\/actualites\/il-vit-et-il-crut\/#article\",\"isPartOf\":{\"@id\":\"https:\/\/charente.catholique.fr\/nord-charente\/actualites\/il-vit-et-il-crut\/\"},\"author\":{\"name\":\"marysegirard\",\"@id\":\"https:\/\/charente.catholique.fr\/nord-charente\/#\/schema\/person\/69ec4756bc9b0b3e42e39b6c34de83de\"},\"headline\":\"IL VIT ET IL CRUT !\",\"datePublished\":\"2021-04-02T21:01:50+00:00\",\"dateModified\":\"2021-04-02T21:31:58+00:00\",\"mainEntityOfPage\":{\"@id\":\"https:\/\/charente.catholique.fr\/nord-charente\/actualites\/il-vit-et-il-crut\/\"},\"wordCount\":325,\"commentCount\":0,\"publisher\":{\"@id\":\"https:\/\/charente.catholique.fr\/nord-charente\/#organization\"},\"image\":{\"@id\":\"https:\/\/charente.catholique.fr\/nord-charente\/actualites\/il-vit-et-il-crut\/#primaryimage\"},\"thumbnailUrl\":\"https:\/\/charente.catholique.fr\/nord-charente\/wp-content\/uploads\/sites\/4\/2021\/04\/christ-ressuscite-2.jpg\",\"articleSection\":[\"Actualit\u00e9s\"],\"inLanguage\":\"fr-FR\",\"potentialAction\":[{\"@type\":\"CommentAction\",\"name\":\"Comment\",\"target\":[\"https:\/\/charente.catholique.fr\/nord-charente\/actualites\/il-vit-et-il-crut\/#respond\"]}]},{\"@type\":\"WebPage\",\"@id\":\"https:\/\/charente.catholique.fr\/nord-charente\/actualites\/il-vit-et-il-crut\/\",\"url\":\"https:\/\/charente.catholique.fr\/nord-charente\/actualites\/il-vit-et-il-crut\/\",\"name\":\"IL VIT ET IL CRUT ! - Doyenn\u00e9 Nord Charente\",\"isPartOf\":{\"@id\":\"https:\/\/charente.catholique.fr\/nord-charente\/#website\"},\"primaryImageOfPage\":{\"@id\":\"https:\/\/charente.catholique.fr\/nord-charente\/actualites\/il-vit-et-il-crut\/#primaryimage\"},\"image\":{\"@id\":\"https:\/\/charente.catholique.fr\/nord-charente\/actualites\/il-vit-et-il-crut\/#primaryimage\"},\"thumbnailUrl\":\"https:\/\/charente.catholique.fr\/nord-charente\/wp-content\/uploads\/sites\/4\/2021\/04\/christ-ressuscite-2.jpg\",\"datePublished\":\"2021-04-02T21:01:50+00:00\",\"dateModified\":\"2021-04-02T21:31:58+00:00\",\"breadcrumb\":{\"@id\":\"https:\/\/charente.catholique.fr\/nord-charente\/actualites\/il-vit-et-il-crut\/#breadcrumb\"},\"inLanguage\":\"fr-FR\",\"potentialAction\":[{\"@type\":\"ReadAction\",\"target\":[\"https:\/\/charente.catholique.fr\/nord-charente\/actualites\/il-vit-et-il-crut\/\"]}]},{\"@type\":\"ImageObject\",\"inLanguage\":\"fr-FR\",\"@id\":\"https:\/\/charente.catholique.fr\/nord-charente\/actualites\/il-vit-et-il-crut\/#primaryimage\",\"url\":\"https:\/\/charente.catholique.fr\/nord-charente\/wp-content\/uploads\/sites\/4\/2021\/04\/christ-ressuscite-2.jpg\",\"contentUrl\":\"https:\/\/charente.catholique.fr\/nord-charente\/wp-content\/uploads\/sites\/4\/2021\/04\/christ-ressuscite-2.jpg\",\"width\":1600,\"height\":900},{\"@type\":\"BreadcrumbList\",\"@id\":\"https:\/\/charente.catholique.fr\/nord-charente\/actualites\/il-vit-et-il-crut\/#breadcrumb\",\"itemListElement\":[{\"@type\":\"ListItem\",\"position\":1,\"name\":\"Accueil\",\"item\":\"https:\/\/charente.catholique.fr\/nord-charente\/\"},{\"@type\":\"ListItem\",\"position\":2,\"name\":\"IL VIT ET IL CRUT !\"}]},{\"@type\":\"WebSite\",\"@id\":\"https:\/\/charente.catholique.fr\/nord-charente\/#website\",\"url\":\"https:\/\/charente.catholique.fr\/nord-charente\/\",\"name\":\"Doyenn\u00e9 Nord Charente - Dioc\u00e8se d'Angoul\u00eame\",\"description\":\"Dioc\u00e8se d&#039;Angoul\u00eame\",\"publisher\":{\"@id\":\"https:\/\/charente.catholique.fr\/nord-charente\/#organization\"},\"potentialAction\":[{\"@type\":\"SearchAction\",\"target\":{\"@type\":\"EntryPoint\",\"urlTemplate\":\"https:\/\/charente.catholique.fr\/nord-charente\/?s={search_term_string}\"},\"query-input\":{\"@type\":\"PropertyValueSpecification\",\"valueRequired\":true,\"valueName\":\"search_term_string\"}}],\"inLanguage\":\"fr-FR\"},{\"@type\":\"Organization\",\"@id\":\"https:\/\/charente.catholique.fr\/nord-charente\/#organization\",\"name\":\"Association dioc\u00e9saine d'Angoul\u00eame\",\"url\":\"https:\/\/charente.catholique.fr\/nord-charente\/\",\"logo\":{\"@type\":\"ImageObject\",\"inLanguage\":\"fr-FR\",\"@id\":\"https:\/\/charente.catholique.fr\/nord-charente\/#\/schema\/logo\/image\/\",\"url\":\"https:\/\/charente.catholique.fr\/nord-charente\/wp-content\/uploads\/sites\/4\/2020\/10\/logos.png\",\"contentUrl\":\"https:\/\/charente.catholique.fr\/nord-charente\/wp-content\/uploads\/sites\/4\/2020\/10\/logos.png\",\"width\":600,\"height\":257,\"caption\":\"Association dioc\u00e9saine d'Angoul\u00eame\"},\"image\":{\"@id\":\"https:\/\/charente.catholique.fr\/nord-charente\/#\/schema\/logo\/image\/\"},\"sameAs\":[\"https:\/\/www.facebook.com\/EgliseCatholiqueCharente\",\"https:\/\/x.com\/diocesecharente\",\"https:\/\/www.instagram.com\/eglisecharente\",\"https:\/\/www.youtube.com\/channel\/UCByyFWApZbw3gDTiADoiAaQ\"]},{\"@type\":\"Person\",\"@id\":\"https:\/\/charente.catholique.fr\/nord-charente\/#\/schema\/person\/69ec4756bc9b0b3e42e39b6c34de83de\",\"name\":\"marysegirard\",\"image\":{\"@type\":\"ImageObject\",\"inLanguage\":\"fr-FR\",\"@id\":\"https:\/\/charente.catholique.fr\/nord-charente\/#\/schema\/person\/image\/\",\"url\":\"https:\/\/secure.gravatar.com\/avatar\/2d1448628fc788cbf01dbabfa0628b3257d9c79175ca834e520c4769584511d5?s=96&d=mm&r=g\",\"contentUrl\":\"https:\/\/secure.gravatar.com\/avatar\/2d1448628fc788cbf01dbabfa0628b3257d9c79175ca834e520c4769584511d5?s=96&d=mm&r=g\",\"caption\":\"marysegirard\"},\"sameAs\":[\"https:\/\/charente.catholique.fr\/nord-charente\/\"],\"url\":\"https:\/\/charente.catholique.fr\/nord-charente\/author\/marysegirard\/\"}]}<\/script>\n<!-- \/ Yoast SEO plugin. -->","yoast_head_json":{"title":"IL VIT ET IL CRUT ! - Doyenn\u00e9 Nord Charente","robots":{"index":"index","follow":"follow","max-snippet":"max-snippet:-1","max-image-preview":"max-image-preview:large","max-video-preview":"max-video-preview:-1"},"canonical":"https:\/\/charente.catholique.fr\/nord-charente\/actualites\/il-vit-et-il-crut\/","og_locale":"fr_FR","og_type":"article","og_title":"IL VIT ET IL CRUT ! - Doyenn\u00e9 Nord Charente","og_description":"Dimanche de P\u00e2ques. Jn 20\/1-9. 04-04-21Bapt\u00eame de G\u00e9raldine BARR\u00c9 \u00e0 Aigre IL VIT ET IL CRUT ! Les deux disciples Pierre et Jean arrivent au tombeau : il est vide.Instantan\u00e9ment Jean voit plus loin, au del\u00e0 de l&#8216;absence.En un instant il comprend tout, il ressent la Pr\u00e9sence du Vivant !Il plonge dans le myst\u00e8re de [&hellip;]","og_url":"https:\/\/charente.catholique.fr\/nord-charente\/actualites\/il-vit-et-il-crut\/","og_site_name":"Doyenn\u00e9 Nord Charente","article_publisher":"https:\/\/www.facebook.com\/EgliseCatholiqueCharente","article_published_time":"2021-04-02T21:01:50+00:00","article_modified_time":"2021-04-02T21:31:58+00:00","og_image":[{"width":1600,"height":900,"url":"https:\/\/charente.catholique.fr\/nord-charente\/wp-content\/uploads\/sites\/4\/2021\/04\/christ-ressuscite-2.jpg","type":"image\/jpeg"}],"author":"marysegirard","twitter_card":"summary_large_image","twitter_creator":"@diocesecharente","twitter_site":"@diocesecharente","twitter_misc":{"\u00c9crit par":"marysegirard","Dur\u00e9e de lecture estim\u00e9e":"2 minutes"},"schema":{"@context":"https:\/\/schema.org","@graph":[{"@type":"Article","@id":"https:\/\/charente.catholique.fr\/nord-charente\/actualites\/il-vit-et-il-crut\/#article","isPartOf":{"@id":"https:\/\/charente.catholique.fr\/nord-charente\/actualites\/il-vit-et-il-crut\/"},"author":{"name":"marysegirard","@id":"https:\/\/charente.catholique.fr\/nord-charente\/#\/schema\/person\/69ec4756bc9b0b3e42e39b6c34de83de"},"headline":"IL VIT ET IL CRUT !","datePublished":"2021-04-02T21:01:50+00:00","dateModified":"2021-04-02T21:31:58+00:00","mainEntityOfPage":{"@id":"https:\/\/charente.catholique.fr\/nord-charente\/actualites\/il-vit-et-il-crut\/"},"wordCount":325,"commentCount":0,"publisher":{"@id":"https:\/\/charente.catholique.fr\/nord-charente\/#organization"},"image":{"@id":"https:\/\/charente.catholique.fr\/nord-charente\/actualites\/il-vit-et-il-crut\/#primaryimage"},"thumbnailUrl":"https:\/\/charente.catholique.fr\/nord-charente\/wp-content\/uploads\/sites\/4\/2021\/04\/christ-ressuscite-2.jpg","articleSection":["Actualit\u00e9s"],"inLanguage":"fr-FR","potentialAction":[{"@type":"CommentAction","name":"Comment","target":["https:\/\/charente.catholique.fr\/nord-charente\/actualites\/il-vit-et-il-crut\/#respond"]}]},{"@type":"WebPage","@id":"https:\/\/charente.catholique.fr\/nord-charente\/actualites\/il-vit-et-il-crut\/","url":"https:\/\/charente.catholique.fr\/nord-charente\/actualites\/il-vit-et-il-crut\/","name":"IL VIT ET IL CRUT ! - Doyenn\u00e9 Nord Charente","isPartOf":{"@id":"https:\/\/charente.catholique.fr\/nord-charente\/#website"},"primaryImageOfPage":{"@id":"https:\/\/charente.catholique.fr\/nord-charente\/actualites\/il-vit-et-il-crut\/#primaryimage"},"image":{"@id":"https:\/\/charente.catholique.fr\/nord-charente\/actualites\/il-vit-et-il-crut\/#primaryimage"},"thumbnailUrl":"https:\/\/charente.catholique.fr\/nord-charente\/wp-content\/uploads\/sites\/4\/2021\/04\/christ-ressuscite-2.jpg","datePublished":"2021-04-02T21:01:50+00:00","dateModified":"2021-04-02T21:31:58+00:00","breadcrumb":{"@id":"https:\/\/charente.catholique.fr\/nord-charente\/actualites\/il-vit-et-il-crut\/#breadcrumb"},"inLanguage":"fr-FR","potentialAction":[{"@type":"ReadAction","target":["https:\/\/charente.catholique.fr\/nord-charente\/actualites\/il-vit-et-il-crut\/"]}]},{"@type":"ImageObject","inLanguage":"fr-FR","@id":"https:\/\/charente.catholique.fr\/nord-charente\/actualites\/il-vit-et-il-crut\/#primaryimage","url":"https:\/\/charente.catholique.fr\/nord-charente\/wp-content\/uploads\/sites\/4\/2021\/04\/christ-ressuscite-2.jpg","contentUrl":"https:\/\/charente.catholique.fr\/nord-charente\/wp-content\/uploads\/sites\/4\/2021\/04\/christ-ressuscite-2.jpg","width":1600,"height":900},{"@type":"BreadcrumbList","@id":"https:\/\/charente.catholique.fr\/nord-charente\/actualites\/il-vit-et-il-crut\/#breadcrumb","itemListElement":[{"@type":"ListItem","position":1,"name":"Accueil","item":"https:\/\/charente.catholique.fr\/nord-charente\/"},{"@type":"ListItem","position":2,"name":"IL VIT ET IL CRUT !"}]},{"@type":"WebSite","@id":"https:\/\/charente.catholique.fr\/nord-charente\/#website","url":"https:\/\/charente.catholique.fr\/nord-charente\/","name":"Doyenn\u00e9 Nord Charente - Dioc\u00e8se d'Angoul\u00eame","description":"Dioc\u00e8se d&#039;Angoul\u00eame","publisher":{"@id":"https:\/\/charente.catholique.fr\/nord-charente\/#organization"},"potentialAction":[{"@type":"SearchAction","target":{"@type":"EntryPoint","urlTemplate":"https:\/\/charente.catholique.fr\/nord-charente\/?s={search_term_string}"},"query-input":{"@type":"PropertyValueSpecification","valueRequired":true,"valueName":"search_term_string"}}],"inLanguage":"fr-FR"},{"@type":"Organization","@id":"https:\/\/charente.catholique.fr\/nord-charente\/#organization","name":"Association dioc\u00e9saine d'Angoul\u00eame","url":"https:\/\/charente.catholique.fr\/nord-charente\/","logo":{"@type":"ImageObject","inLanguage":"fr-FR","@id":"https:\/\/charente.catholique.fr\/nord-charente\/#\/schema\/logo\/image\/","url":"https:\/\/charente.catholique.fr\/nord-charente\/wp-content\/uploads\/sites\/4\/2020\/10\/logos.png","contentUrl":"https:\/\/charente.catholique.fr\/nord-charente\/wp-content\/uploads\/sites\/4\/2020\/10\/logos.png","width":600,"height":257,"caption":"Association dioc\u00e9saine d'Angoul\u00eame"},"image":{"@id":"https:\/\/charente.catholique.fr\/nord-charente\/#\/schema\/logo\/image\/"},"sameAs":["https:\/\/www.facebook.com\/EgliseCatholiqueCharente","https:\/\/x.com\/diocesecharente","https:\/\/www.instagram.com\/eglisecharente","https:\/\/www.youtube.com\/channel\/UCByyFWApZbw3gDTiADoiAaQ"]},{"@type":"Person","@id":"https:\/\/charente.catholique.fr\/nord-charente\/#\/schema\/person\/69ec4756bc9b0b3e42e39b6c34de83de","name":"marysegirard","image":{"@type":"ImageObject","inLanguage":"fr-FR","@id":"https:\/\/charente.catholique.fr\/nord-charente\/#\/schema\/person\/image\/","url":"https:\/\/secure.gravatar.com\/avatar\/2d1448628fc788cbf01dbabfa0628b3257d9c79175ca834e520c4769584511d5?s=96&d=mm&r=g","contentUrl":"https:\/\/secure.gravatar.com\/avatar\/2d1448628fc788cbf01dbabfa0628b3257d9c79175ca834e520c4769584511d5?s=96&d=mm&r=g","caption":"marysegirard"},"sameAs":["https:\/\/charente.catholique.fr\/nord-charente\/"],"url":"https:\/\/charente.catholique.fr\/nord-charente\/author\/marysegirard\/"}]}},"_links":{"self":[{"href":"https:\/\/charente.catholique.fr\/nord-charente\/wp-json\/wp\/v2\/posts\/1356","targetHints":{"allow":["GET"]}}],"collection":[{"href":"https:\/\/charente.catholique.fr\/nord-charente\/wp-json\/wp\/v2\/posts"}],"about":[{"href":"https:\/\/charente.catholique.fr\/nord-charente\/wp-json\/wp\/v2\/types\/post"}],"author":[{"embeddable":true,"href":"https:\/\/charente.catholique.fr\/nord-charente\/wp-json\/wp\/v2\/users\/33"}],"replies":[{"embeddable":true,"href":"https:\/\/charente.catholique.fr\/nord-charente\/wp-json\/wp\/v2\/comments?post=1356"}],"version-history":[{"count":1,"href":"https:\/\/charente.catholique.fr\/nord-charente\/wp-json\/wp\/v2\/posts\/1356\/revisions"}],"predecessor-version":[{"id":1357,"href":"https:\/\/charente.catholique.fr\/nord-charente\/wp-json\/wp\/v2\/posts\/1356\/revisions\/1357"}],"wp:featuredmedia":[{"embeddable":true,"href":"https:\/\/charente.catholique.fr\/nord-charente\/wp-json\/wp\/v2\/media\/1358"}],"wp:attachment":[{"href":"https:\/\/charente.catholique.fr\/nord-charente\/wp-json\/wp\/v2\/media?parent=1356"}],"wp:term":[{"taxonomy":"category","embeddable":true,"href":"https:\/\/charente.catholique.fr\/nord-charente\/wp-json\/wp\/v2\/categories?post=1356"},{"taxonomy":"post_tag","embeddable":true,"href":"https:\/\/charente.catholique.fr\/nord-charente\/wp-json\/wp\/v2\/tags?post=1356"}],"curies":[{"name":"wp","href":"https:\/\/api.w.org\/{rel}","templated":true}]}}