{"id":1142,"date":"2021-03-05T22:28:22","date_gmt":"2021-03-05T21:28:22","guid":{"rendered":"https:\/\/charente.catholique.fr\/nord-charente\/?p=1142"},"modified":"2021-03-05T22:47:28","modified_gmt":"2021-03-05T21:47:28","slug":"le-corps-du-christ-tabernacle-divin","status":"publish","type":"post","link":"https:\/\/charente.catholique.fr\/nord-charente\/actualites\/le-corps-du-christ-tabernacle-divin\/","title":{"rendered":"LE CORPS DU CHRIST, TABERNACLE DIVIN"},"content":{"rendered":"\n<p>3\u00b0 Dimanche Car\u00eame B. 07-03-21. Jn 2\/13-25<br><\/p>\n\n\n\n<p class=\"has-text-align-center\"><strong>LE CORPS DU CHRIST, TABERNACLE DIVIN<\/strong><\/p>\n\n\n\n<p class=\"has-text-align-center\">Le Temple est le Lieu Saint de la Demeure de Dieu.<br>J\u00e9sus ne peut y monter sans \u00e9prouver une grande \u00e9motion.<br><strong>&#8220;L&#8217;amour de la Maison du P\u00e8re est son tourment&#8221;.<\/strong><\/p>\n\n\n\n<p class=\"has-text-align-center\">D\u00e8s lors comment pourrait-Il supporter de voir profaner<br>le Tabernacle de la Pr\u00e9sence Divine,<br>et ainsi profaner le Nom du P\u00e8re, de Son P\u00e8re !<br>En voyant les marchands et les changeurs<br>transformer ce Lieu Saint en lieu de commerce<br><strong>J\u00e9sus se sent touch\u00e9, atteint dans sa propre Personne,<\/strong><br>bless\u00e9 dans ce qui est son plus intime secret,<br>s&#8217;il est vrai qu&#8217;Il se sait \u00eatre Lui-m\u00eame, de fa\u00e7on unique,<br>et de fa\u00e7on absolument nouvelle,<br>habit\u00e9 par la Pr\u00e9sence de Dieu.<\/p>\n\n\n\n<p class=\"has-text-align-center\">Porter atteinte au Temple, d&#8217;une fa\u00e7on ou d&#8217;une autre,<br>c&#8217;est donc porter atteinte au Corps m\u00eame de J\u00e9sus.<br>Car son Corps est le v\u00e9ritable Tabernacle Divin.<br>Son Corps est le v\u00e9ritable Temple<br>dont tous les temples, et toutes nos \u00e9glises<br>ne sont que l&#8217;image et le signe.<\/p>\n\n\n\n<p class=\"has-text-align-center\">Cette profanation a d\u00e9j\u00e0 pour J\u00e9sus un go\u00fbt de mort.<br>Il l&#8217;exprime en faisant ici la premi\u00e8re annonce de sa passion :<br><strong>&#8220;D\u00e9truisez ce Sanctuaire, et en trois jours Je le rel\u00e8verai !&#8221;<\/strong><br>J\u00e9sus parlait du Sanctuaire de son Corps, et de sa P\u00e2que !<\/p>\n\n\n\n<p class=\"has-text-align-center\">De quel amour devrions-nous donc \u00eatre anim\u00e9s<br>pour son Corps Ressuscit\u00e9, pour son Corps-\u00c9glise<br>dont nous sommes tous des membres,<br>et pour notre propre corps, Temple de son Esprit Saint !<\/p>\n","protected":false},"excerpt":{"rendered":"<p>3\u00b0 Dimanche Car\u00eame B. 07-03-21. Jn 2\/13-25 LE CORPS DU CHRIST, TABERNACLE DIVIN Le Temple est le Lieu Saint de la Demeure de Dieu.J\u00e9sus ne peut y monter sans \u00e9prouver une grande \u00e9motion.&#8220;L&#8217;amour de la Maison du P\u00e8re est son tourment&#8221;. D\u00e8s lors comment pourrait-Il supporter de voir profanerle Tabernacle de la Pr\u00e9sence Divine,et ainsi [&hellip;]<\/p>\n","protected":false},"author":33,"featured_media":1148,"comment_status":"open","ping_status":"open","sticky":false,"template":"","format":"standard","meta":{"_acf_changed":false,"paroisse":["12"],"service":["0"],"footnotes":""},"categories":[1,3],"tags":[],"class_list":["post-1142","post","type-post","status-publish","format-standard","has-post-thumbnail","hentry","category-actualites","category-ruffec","validated"],"acf":[],"yoast_head":"<!-- This site is optimized with the Yoast SEO plugin v27.1.1 - https:\/\/yoast.com\/product\/yoast-seo-wordpress\/ -->\n<title>LE CORPS DU CHRIST, TABERNACLE DIVIN - Doyenn\u00e9 Nord Charente<\/title>\n<meta name=\"robots\" content=\"index, follow, max-snippet:-1, max-image-preview:large, max-video-preview:-1\" \/>\n<link rel=\"canonical\" href=\"https:\/\/charente.catholique.fr\/nord-charente\/actualites\/le-corps-du-christ-tabernacle-divin\/\" \/>\n<meta property=\"og:locale\" content=\"fr_FR\" \/>\n<meta property=\"og:type\" content=\"article\" \/>\n<meta property=\"og:title\" content=\"LE CORPS DU CHRIST, TABERNACLE DIVIN - Doyenn\u00e9 Nord Charente\" \/>\n<meta property=\"og:description\" content=\"3\u00b0 Dimanche Car\u00eame B. 07-03-21. Jn 2\/13-25 LE CORPS DU CHRIST, TABERNACLE DIVIN Le Temple est le Lieu Saint de la Demeure de Dieu.J\u00e9sus ne peut y monter sans \u00e9prouver une grande \u00e9motion.&#8220;L&#8217;amour de la Maison du P\u00e8re est son tourment&#8221;. D\u00e8s lors comment pourrait-Il supporter de voir profanerle Tabernacle de la Pr\u00e9sence Divine,et ainsi [&hellip;]\" \/>\n<meta property=\"og:url\" content=\"https:\/\/charente.catholique.fr\/nord-charente\/actualites\/le-corps-du-christ-tabernacle-divin\/\" \/>\n<meta property=\"og:site_name\" content=\"Doyenn\u00e9 Nord Charente\" \/>\n<meta property=\"article:publisher\" content=\"https:\/\/www.facebook.com\/EgliseCatholiqueCharente\" \/>\n<meta property=\"article:published_time\" content=\"2021-03-05T21:28:22+00:00\" \/>\n<meta property=\"article:modified_time\" content=\"2021-03-05T21:47:28+00:00\" \/>\n<meta property=\"og:image\" content=\"https:\/\/charente.catholique.fr\/nord-charente\/wp-content\/uploads\/sites\/4\/2021\/03\/dscn0038-scaled.jpg\" \/>\n\t<meta property=\"og:image:width\" content=\"1920\" \/>\n\t<meta property=\"og:image:height\" content=\"2560\" \/>\n\t<meta property=\"og:image:type\" content=\"image\/jpeg\" \/>\n<meta name=\"author\" content=\"marysegirard\" \/>\n<meta name=\"twitter:card\" content=\"summary_large_image\" \/>\n<meta name=\"twitter:creator\" content=\"@diocesecharente\" \/>\n<meta name=\"twitter:site\" content=\"@diocesecharente\" \/>\n<meta name=\"twitter:label1\" content=\"\u00c9crit par\" \/>\n\t<meta name=\"twitter:data1\" content=\"marysegirard\" \/>\n\t<meta name=\"twitter:label2\" content=\"Dur\u00e9e de lecture estim\u00e9e\" \/>\n\t<meta name=\"twitter:data2\" content=\"2 minutes\" \/>\n<script type=\"application\/ld+json\" class=\"yoast-schema-graph\">{\"@context\":\"https:\/\/schema.org\",\"@graph\":[{\"@type\":\"Article\",\"@id\":\"https:\/\/charente.catholique.fr\/nord-charente\/actualites\/le-corps-du-christ-tabernacle-divin\/#article\",\"isPartOf\":{\"@id\":\"https:\/\/charente.catholique.fr\/nord-charente\/actualites\/le-corps-du-christ-tabernacle-divin\/\"},\"author\":{\"name\":\"marysegirard\",\"@id\":\"https:\/\/charente.catholique.fr\/nord-charente\/#\/schema\/person\/69ec4756bc9b0b3e42e39b6c34de83de\"},\"headline\":\"LE CORPS DU CHRIST, TABERNACLE DIVIN\",\"datePublished\":\"2021-03-05T21:28:22+00:00\",\"dateModified\":\"2021-03-05T21:47:28+00:00\",\"mainEntityOfPage\":{\"@id\":\"https:\/\/charente.catholique.fr\/nord-charente\/actualites\/le-corps-du-christ-tabernacle-divin\/\"},\"wordCount\":276,\"commentCount\":0,\"publisher\":{\"@id\":\"https:\/\/charente.catholique.fr\/nord-charente\/#organization\"},\"image\":{\"@id\":\"https:\/\/charente.catholique.fr\/nord-charente\/actualites\/le-corps-du-christ-tabernacle-divin\/#primaryimage\"},\"thumbnailUrl\":\"https:\/\/charente.catholique.fr\/nord-charente\/wp-content\/uploads\/sites\/4\/2021\/03\/dscn0038-scaled.jpg\",\"articleSection\":[\"Actualit\u00e9s\",\"Ruffec\"],\"inLanguage\":\"fr-FR\",\"potentialAction\":[{\"@type\":\"CommentAction\",\"name\":\"Comment\",\"target\":[\"https:\/\/charente.catholique.fr\/nord-charente\/actualites\/le-corps-du-christ-tabernacle-divin\/#respond\"]}]},{\"@type\":\"WebPage\",\"@id\":\"https:\/\/charente.catholique.fr\/nord-charente\/actualites\/le-corps-du-christ-tabernacle-divin\/\",\"url\":\"https:\/\/charente.catholique.fr\/nord-charente\/actualites\/le-corps-du-christ-tabernacle-divin\/\",\"name\":\"LE CORPS DU CHRIST, TABERNACLE DIVIN - Doyenn\u00e9 Nord Charente\",\"isPartOf\":{\"@id\":\"https:\/\/charente.catholique.fr\/nord-charente\/#website\"},\"primaryImageOfPage\":{\"@id\":\"https:\/\/charente.catholique.fr\/nord-charente\/actualites\/le-corps-du-christ-tabernacle-divin\/#primaryimage\"},\"image\":{\"@id\":\"https:\/\/charente.catholique.fr\/nord-charente\/actualites\/le-corps-du-christ-tabernacle-divin\/#primaryimage\"},\"thumbnailUrl\":\"https:\/\/charente.catholique.fr\/nord-charente\/wp-content\/uploads\/sites\/4\/2021\/03\/dscn0038-scaled.jpg\",\"datePublished\":\"2021-03-05T21:28:22+00:00\",\"dateModified\":\"2021-03-05T21:47:28+00:00\",\"breadcrumb\":{\"@id\":\"https:\/\/charente.catholique.fr\/nord-charente\/actualites\/le-corps-du-christ-tabernacle-divin\/#breadcrumb\"},\"inLanguage\":\"fr-FR\",\"potentialAction\":[{\"@type\":\"ReadAction\",\"target\":[\"https:\/\/charente.catholique.fr\/nord-charente\/actualites\/le-corps-du-christ-tabernacle-divin\/\"]}]},{\"@type\":\"ImageObject\",\"inLanguage\":\"fr-FR\",\"@id\":\"https:\/\/charente.catholique.fr\/nord-charente\/actualites\/le-corps-du-christ-tabernacle-divin\/#primaryimage\",\"url\":\"https:\/\/charente.catholique.fr\/nord-charente\/wp-content\/uploads\/sites\/4\/2021\/03\/dscn0038-scaled.jpg\",\"contentUrl\":\"https:\/\/charente.catholique.fr\/nord-charente\/wp-content\/uploads\/sites\/4\/2021\/03\/dscn0038-scaled.jpg\",\"width\":1920,\"height\":2560},{\"@type\":\"BreadcrumbList\",\"@id\":\"https:\/\/charente.catholique.fr\/nord-charente\/actualites\/le-corps-du-christ-tabernacle-divin\/#breadcrumb\",\"itemListElement\":[{\"@type\":\"ListItem\",\"position\":1,\"name\":\"Accueil\",\"item\":\"https:\/\/charente.catholique.fr\/nord-charente\/\"},{\"@type\":\"ListItem\",\"position\":2,\"name\":\"LE CORPS DU CHRIST, TABERNACLE DIVIN\"}]},{\"@type\":\"WebSite\",\"@id\":\"https:\/\/charente.catholique.fr\/nord-charente\/#website\",\"url\":\"https:\/\/charente.catholique.fr\/nord-charente\/\",\"name\":\"Doyenn\u00e9 Nord Charente - Dioc\u00e8se d'Angoul\u00eame\",\"description\":\"Dioc\u00e8se d&#039;Angoul\u00eame\",\"publisher\":{\"@id\":\"https:\/\/charente.catholique.fr\/nord-charente\/#organization\"},\"potentialAction\":[{\"@type\":\"SearchAction\",\"target\":{\"@type\":\"EntryPoint\",\"urlTemplate\":\"https:\/\/charente.catholique.fr\/nord-charente\/?s={search_term_string}\"},\"query-input\":{\"@type\":\"PropertyValueSpecification\",\"valueRequired\":true,\"valueName\":\"search_term_string\"}}],\"inLanguage\":\"fr-FR\"},{\"@type\":\"Organization\",\"@id\":\"https:\/\/charente.catholique.fr\/nord-charente\/#organization\",\"name\":\"Association dioc\u00e9saine d'Angoul\u00eame\",\"url\":\"https:\/\/charente.catholique.fr\/nord-charente\/\",\"logo\":{\"@type\":\"ImageObject\",\"inLanguage\":\"fr-FR\",\"@id\":\"https:\/\/charente.catholique.fr\/nord-charente\/#\/schema\/logo\/image\/\",\"url\":\"https:\/\/charente.catholique.fr\/nord-charente\/wp-content\/uploads\/sites\/4\/2020\/10\/logos.png\",\"contentUrl\":\"https:\/\/charente.catholique.fr\/nord-charente\/wp-content\/uploads\/sites\/4\/2020\/10\/logos.png\",\"width\":600,\"height\":257,\"caption\":\"Association dioc\u00e9saine d'Angoul\u00eame\"},\"image\":{\"@id\":\"https:\/\/charente.catholique.fr\/nord-charente\/#\/schema\/logo\/image\/\"},\"sameAs\":[\"https:\/\/www.facebook.com\/EgliseCatholiqueCharente\",\"https:\/\/x.com\/diocesecharente\",\"https:\/\/www.instagram.com\/eglisecharente\",\"https:\/\/www.youtube.com\/channel\/UCByyFWApZbw3gDTiADoiAaQ\"]},{\"@type\":\"Person\",\"@id\":\"https:\/\/charente.catholique.fr\/nord-charente\/#\/schema\/person\/69ec4756bc9b0b3e42e39b6c34de83de\",\"name\":\"marysegirard\",\"image\":{\"@type\":\"ImageObject\",\"inLanguage\":\"fr-FR\",\"@id\":\"https:\/\/charente.catholique.fr\/nord-charente\/#\/schema\/person\/image\/\",\"url\":\"https:\/\/secure.gravatar.com\/avatar\/2d1448628fc788cbf01dbabfa0628b3257d9c79175ca834e520c4769584511d5?s=96&d=mm&r=g\",\"contentUrl\":\"https:\/\/secure.gravatar.com\/avatar\/2d1448628fc788cbf01dbabfa0628b3257d9c79175ca834e520c4769584511d5?s=96&d=mm&r=g\",\"caption\":\"marysegirard\"},\"sameAs\":[\"https:\/\/charente.catholique.fr\/nord-charente\/\"],\"url\":\"https:\/\/charente.catholique.fr\/nord-charente\/author\/marysegirard\/\"}]}<\/script>\n<!-- \/ Yoast SEO plugin. -->","yoast_head_json":{"title":"LE CORPS DU CHRIST, TABERNACLE DIVIN - Doyenn\u00e9 Nord Charente","robots":{"index":"index","follow":"follow","max-snippet":"max-snippet:-1","max-image-preview":"max-image-preview:large","max-video-preview":"max-video-preview:-1"},"canonical":"https:\/\/charente.catholique.fr\/nord-charente\/actualites\/le-corps-du-christ-tabernacle-divin\/","og_locale":"fr_FR","og_type":"article","og_title":"LE CORPS DU CHRIST, TABERNACLE DIVIN - Doyenn\u00e9 Nord Charente","og_description":"3\u00b0 Dimanche Car\u00eame B. 07-03-21. Jn 2\/13-25 LE CORPS DU CHRIST, TABERNACLE DIVIN Le Temple est le Lieu Saint de la Demeure de Dieu.J\u00e9sus ne peut y monter sans \u00e9prouver une grande \u00e9motion.&#8220;L&#8217;amour de la Maison du P\u00e8re est son tourment&#8221;. D\u00e8s lors comment pourrait-Il supporter de voir profanerle Tabernacle de la Pr\u00e9sence Divine,et ainsi [&hellip;]","og_url":"https:\/\/charente.catholique.fr\/nord-charente\/actualites\/le-corps-du-christ-tabernacle-divin\/","og_site_name":"Doyenn\u00e9 Nord Charente","article_publisher":"https:\/\/www.facebook.com\/EgliseCatholiqueCharente","article_published_time":"2021-03-05T21:28:22+00:00","article_modified_time":"2021-03-05T21:47:28+00:00","og_image":[{"width":1920,"height":2560,"url":"https:\/\/charente.catholique.fr\/nord-charente\/wp-content\/uploads\/sites\/4\/2021\/03\/dscn0038-scaled.jpg","type":"image\/jpeg"}],"author":"marysegirard","twitter_card":"summary_large_image","twitter_creator":"@diocesecharente","twitter_site":"@diocesecharente","twitter_misc":{"\u00c9crit par":"marysegirard","Dur\u00e9e de lecture estim\u00e9e":"2 minutes"},"schema":{"@context":"https:\/\/schema.org","@graph":[{"@type":"Article","@id":"https:\/\/charente.catholique.fr\/nord-charente\/actualites\/le-corps-du-christ-tabernacle-divin\/#article","isPartOf":{"@id":"https:\/\/charente.catholique.fr\/nord-charente\/actualites\/le-corps-du-christ-tabernacle-divin\/"},"author":{"name":"marysegirard","@id":"https:\/\/charente.catholique.fr\/nord-charente\/#\/schema\/person\/69ec4756bc9b0b3e42e39b6c34de83de"},"headline":"LE CORPS DU CHRIST, TABERNACLE DIVIN","datePublished":"2021-03-05T21:28:22+00:00","dateModified":"2021-03-05T21:47:28+00:00","mainEntityOfPage":{"@id":"https:\/\/charente.catholique.fr\/nord-charente\/actualites\/le-corps-du-christ-tabernacle-divin\/"},"wordCount":276,"commentCount":0,"publisher":{"@id":"https:\/\/charente.catholique.fr\/nord-charente\/#organization"},"image":{"@id":"https:\/\/charente.catholique.fr\/nord-charente\/actualites\/le-corps-du-christ-tabernacle-divin\/#primaryimage"},"thumbnailUrl":"https:\/\/charente.catholique.fr\/nord-charente\/wp-content\/uploads\/sites\/4\/2021\/03\/dscn0038-scaled.jpg","articleSection":["Actualit\u00e9s","Ruffec"],"inLanguage":"fr-FR","potentialAction":[{"@type":"CommentAction","name":"Comment","target":["https:\/\/charente.catholique.fr\/nord-charente\/actualites\/le-corps-du-christ-tabernacle-divin\/#respond"]}]},{"@type":"WebPage","@id":"https:\/\/charente.catholique.fr\/nord-charente\/actualites\/le-corps-du-christ-tabernacle-divin\/","url":"https:\/\/charente.catholique.fr\/nord-charente\/actualites\/le-corps-du-christ-tabernacle-divin\/","name":"LE CORPS DU CHRIST, TABERNACLE DIVIN - Doyenn\u00e9 Nord Charente","isPartOf":{"@id":"https:\/\/charente.catholique.fr\/nord-charente\/#website"},"primaryImageOfPage":{"@id":"https:\/\/charente.catholique.fr\/nord-charente\/actualites\/le-corps-du-christ-tabernacle-divin\/#primaryimage"},"image":{"@id":"https:\/\/charente.catholique.fr\/nord-charente\/actualites\/le-corps-du-christ-tabernacle-divin\/#primaryimage"},"thumbnailUrl":"https:\/\/charente.catholique.fr\/nord-charente\/wp-content\/uploads\/sites\/4\/2021\/03\/dscn0038-scaled.jpg","datePublished":"2021-03-05T21:28:22+00:00","dateModified":"2021-03-05T21:47:28+00:00","breadcrumb":{"@id":"https:\/\/charente.catholique.fr\/nord-charente\/actualites\/le-corps-du-christ-tabernacle-divin\/#breadcrumb"},"inLanguage":"fr-FR","potentialAction":[{"@type":"ReadAction","target":["https:\/\/charente.catholique.fr\/nord-charente\/actualites\/le-corps-du-christ-tabernacle-divin\/"]}]},{"@type":"ImageObject","inLanguage":"fr-FR","@id":"https:\/\/charente.catholique.fr\/nord-charente\/actualites\/le-corps-du-christ-tabernacle-divin\/#primaryimage","url":"https:\/\/charente.catholique.fr\/nord-charente\/wp-content\/uploads\/sites\/4\/2021\/03\/dscn0038-scaled.jpg","contentUrl":"https:\/\/charente.catholique.fr\/nord-charente\/wp-content\/uploads\/sites\/4\/2021\/03\/dscn0038-scaled.jpg","width":1920,"height":2560},{"@type":"BreadcrumbList","@id":"https:\/\/charente.catholique.fr\/nord-charente\/actualites\/le-corps-du-christ-tabernacle-divin\/#breadcrumb","itemListElement":[{"@type":"ListItem","position":1,"name":"Accueil","item":"https:\/\/charente.catholique.fr\/nord-charente\/"},{"@type":"ListItem","position":2,"name":"LE CORPS DU CHRIST, TABERNACLE DIVIN"}]},{"@type":"WebSite","@id":"https:\/\/charente.catholique.fr\/nord-charente\/#website","url":"https:\/\/charente.catholique.fr\/nord-charente\/","name":"Doyenn\u00e9 Nord Charente - Dioc\u00e8se d'Angoul\u00eame","description":"Dioc\u00e8se d&#039;Angoul\u00eame","publisher":{"@id":"https:\/\/charente.catholique.fr\/nord-charente\/#organization"},"potentialAction":[{"@type":"SearchAction","target":{"@type":"EntryPoint","urlTemplate":"https:\/\/charente.catholique.fr\/nord-charente\/?s={search_term_string}"},"query-input":{"@type":"PropertyValueSpecification","valueRequired":true,"valueName":"search_term_string"}}],"inLanguage":"fr-FR"},{"@type":"Organization","@id":"https:\/\/charente.catholique.fr\/nord-charente\/#organization","name":"Association dioc\u00e9saine d'Angoul\u00eame","url":"https:\/\/charente.catholique.fr\/nord-charente\/","logo":{"@type":"ImageObject","inLanguage":"fr-FR","@id":"https:\/\/charente.catholique.fr\/nord-charente\/#\/schema\/logo\/image\/","url":"https:\/\/charente.catholique.fr\/nord-charente\/wp-content\/uploads\/sites\/4\/2020\/10\/logos.png","contentUrl":"https:\/\/charente.catholique.fr\/nord-charente\/wp-content\/uploads\/sites\/4\/2020\/10\/logos.png","width":600,"height":257,"caption":"Association dioc\u00e9saine d'Angoul\u00eame"},"image":{"@id":"https:\/\/charente.catholique.fr\/nord-charente\/#\/schema\/logo\/image\/"},"sameAs":["https:\/\/www.facebook.com\/EgliseCatholiqueCharente","https:\/\/x.com\/diocesecharente","https:\/\/www.instagram.com\/eglisecharente","https:\/\/www.youtube.com\/channel\/UCByyFWApZbw3gDTiADoiAaQ"]},{"@type":"Person","@id":"https:\/\/charente.catholique.fr\/nord-charente\/#\/schema\/person\/69ec4756bc9b0b3e42e39b6c34de83de","name":"marysegirard","image":{"@type":"ImageObject","inLanguage":"fr-FR","@id":"https:\/\/charente.catholique.fr\/nord-charente\/#\/schema\/person\/image\/","url":"https:\/\/secure.gravatar.com\/avatar\/2d1448628fc788cbf01dbabfa0628b3257d9c79175ca834e520c4769584511d5?s=96&d=mm&r=g","contentUrl":"https:\/\/secure.gravatar.com\/avatar\/2d1448628fc788cbf01dbabfa0628b3257d9c79175ca834e520c4769584511d5?s=96&d=mm&r=g","caption":"marysegirard"},"sameAs":["https:\/\/charente.catholique.fr\/nord-charente\/"],"url":"https:\/\/charente.catholique.fr\/nord-charente\/author\/marysegirard\/"}]}},"_links":{"self":[{"href":"https:\/\/charente.catholique.fr\/nord-charente\/wp-json\/wp\/v2\/posts\/1142","targetHints":{"allow":["GET"]}}],"collection":[{"href":"https:\/\/charente.catholique.fr\/nord-charente\/wp-json\/wp\/v2\/posts"}],"about":[{"href":"https:\/\/charente.catholique.fr\/nord-charente\/wp-json\/wp\/v2\/types\/post"}],"author":[{"embeddable":true,"href":"https:\/\/charente.catholique.fr\/nord-charente\/wp-json\/wp\/v2\/users\/33"}],"replies":[{"embeddable":true,"href":"https:\/\/charente.catholique.fr\/nord-charente\/wp-json\/wp\/v2\/comments?post=1142"}],"version-history":[{"count":2,"href":"https:\/\/charente.catholique.fr\/nord-charente\/wp-json\/wp\/v2\/posts\/1142\/revisions"}],"predecessor-version":[{"id":1145,"href":"https:\/\/charente.catholique.fr\/nord-charente\/wp-json\/wp\/v2\/posts\/1142\/revisions\/1145"}],"wp:featuredmedia":[{"embeddable":true,"href":"https:\/\/charente.catholique.fr\/nord-charente\/wp-json\/wp\/v2\/media\/1148"}],"wp:attachment":[{"href":"https:\/\/charente.catholique.fr\/nord-charente\/wp-json\/wp\/v2\/media?parent=1142"}],"wp:term":[{"taxonomy":"category","embeddable":true,"href":"https:\/\/charente.catholique.fr\/nord-charente\/wp-json\/wp\/v2\/categories?post=1142"},{"taxonomy":"post_tag","embeddable":true,"href":"https:\/\/charente.catholique.fr\/nord-charente\/wp-json\/wp\/v2\/tags?post=1142"}],"curies":[{"name":"wp","href":"https:\/\/api.w.org\/{rel}","templated":true}]}}