{"id":11006,"date":"2026-09-04T14:16:50","date_gmt":"2026-09-04T12:16:50","guid":{"rendered":"https:\/\/charente.catholique.fr\/nord-charente\/?p=11006"},"modified":"2026-09-04T14:23:22","modified_gmt":"2026-09-04T12:23:22","slug":"annonces-du-5-au-13-septembre-2026","status":"publish","type":"post","link":"https:\/\/charente.catholique.fr\/nord-charente\/actualites\/annonces-du-5-au-13-septembre-2026\/","title":{"rendered":"Annonces du 5 au 13 septembre 2026"},"content":{"rendered":"\n<h1 class=\"wp-block-heading\">Annonces du 5 au 13 Septembre 2026<\/h1>\n\n\n\n<p><strong><em>Le Temps pour la Cr\u00e9ation nous invite \u00e0 prier et \u00e0 agir pour le soin de la Cr\u00e9ation<\/em><\/strong><em>. Il a lieu chaque ann\u00e9e&nbsp;<strong>entre le 1er septembre<\/strong>, journ\u00e9e de pri\u00e8re pour la sauvegarde de la Cr\u00e9ation,&nbsp;<strong>et le 4 octobre<\/strong>, f\u00eate de saint Fran\u00e7ois d\u2019Assise. Th\u00e8me&nbsp;: L\u2019EAU VIVE<\/em><em><u><\/u><\/em><\/p>\n\n\n\n<p>Samedi 5 <strong>: <\/strong>9 h 30 \u00e0 Aigre&nbsp;: Formation sur la LITURGIE, en Doyenn\u00e9, pour les \u00e9quipes liturgiques et pour toutes les personnes int\u00e9ress\u00e9es par la liturgie. Messe \u00e0 12 h 15 suivi d\u2019un pique nique partag\u00e9.<\/p>\n\n\n\n<p>&nbsp;&nbsp;&nbsp;&nbsp;&nbsp;&nbsp;&nbsp;&nbsp;&nbsp;&nbsp;&nbsp;&nbsp;&nbsp;&nbsp;&nbsp;&nbsp;&nbsp;&nbsp;&nbsp;&nbsp;&nbsp; Chapelet pour les vocations \u00e0 11 h \u00e0 CONDAC<\/p>\n\n\n\n<p>&nbsp;&nbsp;&nbsp;&nbsp;&nbsp;&nbsp;&nbsp;&nbsp;&nbsp;&nbsp;&nbsp;&nbsp; Messe anticip\u00e9e \u00e0 18 h 30 \u00e0 FONTCLAIREAU et \u00e0 NANTEUIL<\/p>\n\n\n\n<p><em>Bapt\u00eame de Juliette DUBOIS \u00e0 Aizecq<\/em><\/p>\n\n\n\n<p><strong><u>DIMANCHE 6 <\/u><\/strong><strong>: <\/strong><strong><em>23<sup>\u00e8me<\/sup> Dimanche du temps ordinaire<\/em><\/strong><\/p>\n\n\n\n<p><strong>&nbsp;&nbsp;&nbsp;&nbsp;&nbsp;&nbsp;&nbsp; &nbsp;&nbsp;Messes \u00e0 10 h 30 \u00e0 MANSLE, VILLEFAGNAN, VILLEJ\u00c9SUS, RUFFEC<\/strong><\/p>\n\n\n\n<p>Lundi 7&nbsp;: 14 h 30&nbsp;: Pri\u00e8re du Renouveau \u00e0 l\u2019oratoire de Ruffec<\/p>\n\n\n\n<p>Mardi 8 : Messe \u00e0 9 h 15 \u00e0 Villefagnan<\/p>\n\n\n\n<p>&nbsp;&nbsp;&nbsp;&nbsp;&nbsp;&nbsp;&nbsp;&nbsp;&nbsp;&nbsp;&nbsp;&nbsp;&nbsp;&nbsp;&nbsp;&nbsp;&nbsp; Messe \u00e0 15 h \u00e0 l\u2019EHPAD les Habrioux \u00e0 Aigre<\/p>\n\n\n\n<p>&nbsp;&nbsp;&nbsp;&nbsp;&nbsp;&nbsp;&nbsp;&nbsp;&nbsp;&nbsp;&nbsp;&nbsp;&nbsp;&nbsp;&nbsp;&nbsp; &nbsp;Messe \u00e0 18 h 00 \u00e0 l\u2019\u00e9glise de Ruffec<\/p>\n\n\n\n<p>Mercredi 9 : Messe \u00e0 11 h \u00e0 l\u2019oratoire d\u2019Aigre<\/p>\n\n\n\n<p>&nbsp;&nbsp;&nbsp;&nbsp;&nbsp;&nbsp;&nbsp;&nbsp;&nbsp;&nbsp;&nbsp;&nbsp;&nbsp;&nbsp;&nbsp;&nbsp;&nbsp;&nbsp;&nbsp;&nbsp;&nbsp;&nbsp; Messe \u00e0 15 h au Clos des Tours \u00e0 Villefagnan<\/p>\n\n\n\n<p>&nbsp;&nbsp;&nbsp;&nbsp;&nbsp;&nbsp;&nbsp;&nbsp;&nbsp;&nbsp;&nbsp;&nbsp;&nbsp;&nbsp;&nbsp;&nbsp;&nbsp;&nbsp;&nbsp;&nbsp;&nbsp;&nbsp; Messe \u00e0 18 h \u00e0 l\u2019\u00e9glise de Ruffec<\/p>\n\n\n\n<p>Jeudi 10 : 17 h : Adoration \u00e0 l\u2019\u00e9glise &nbsp;&#8211; &nbsp;17 h \u00e0 18 h Confessions &#8211; 18 h&nbsp;: Messe \u00e0 l\u2019\u00e9glise&nbsp;&nbsp;<\/p>\n\n\n\n<p>Vendredi 11 : Messe \u00e0 9 h \u00e0 l\u2019\u00e9glise de Ruffec<\/p>\n\n\n\n<p>Samedi 12&nbsp;: Messe \u00e0 9 h \u00e0 l\u2019\u00e9glise de Ruffec<strong><em> &#8211; &nbsp;&nbsp;<\/em><\/strong>9 h 30 -10 h 30&nbsp;: Confessions \u00e0 l\u2019\u00e9glise<\/p>\n\n\n\n<p>&nbsp;&nbsp;&nbsp;&nbsp;&nbsp;&nbsp;&nbsp;&nbsp;&nbsp;&nbsp;&nbsp;&nbsp;&nbsp;&nbsp;&nbsp;&nbsp;&nbsp;&nbsp;&nbsp;&nbsp; Chapelet pour les vocations \u00e0 11 h \u00e0 La FAYE<em><\/em><\/p>\n\n\n\n<p><em>&nbsp;&nbsp;&nbsp;&nbsp;&nbsp;&nbsp;&nbsp;&nbsp;&nbsp;&nbsp;&nbsp;&nbsp;&nbsp;&nbsp;&nbsp;&nbsp;&nbsp;&nbsp;&nbsp; <\/em>&nbsp;Messe anticip\u00e9e \u00e0 18 h 30 \u00e0 BAYERS, LONGR\u00c9, La CHEVRERIE<\/p>\n\n\n\n<p><em>Mariage de Constance DENIS et Samuel CUAU \u00e0 15 h \u00e0 Ruffec<\/em><\/p>\n\n\n\n<p><strong><u>DIMANCHE 13 septembre<\/u><\/strong><strong><em> <\/em><\/strong><strong><em>: <a>24<sup>\u00e8me<\/sup> Dimanche du temps ordinaire<\/a><\/em><\/strong><\/p>\n\n\n\n<p><strong>&nbsp;&nbsp;&nbsp;&nbsp;&nbsp;&nbsp;&nbsp; &nbsp;&nbsp;&nbsp;&nbsp;&nbsp;&nbsp;Messes \u00e0 10 h 30 \u00e0 MANSLE, \u00e0 VILLEJ\u00c9SUS, \u00e0 VILLEFAGNAN et \u00e0 RUFFEC<\/strong><\/p>\n\n\n\n<p><strong><em><u>CAT\u00c9CHISME<\/u><\/em><\/strong><strong><em>&nbsp;: La 1\u00e8re rencontre des \u00e9quipes (CE1, CE2, CM1, CM2) est fix\u00e9e au mardi 15 septembre de 16 h 45 \u00e0 18 h \u00e0 l\u2019\u00e9cole du Sacr\u00e9 C\u0153ur. Un accueil est possible le samedi de 10 h \u00e0 11 h 30.&nbsp; <\/em><\/strong><strong><em>Contact&nbsp;: Marie France SOBOCAN&nbsp;: 06 83 39 57 09<\/em><\/strong><\/p>\n\n\n\n<p><strong><em><u>AUM\u00d4NERIE&nbsp;du COLL\u00c8GE<\/u><\/em><\/strong><strong>&nbsp;: La 1<sup>\u00e8re<\/sup> rencontre est pr\u00e9vue le Mardi 15 septembre de 16 h 45 \u00e0 17 h 45, salles Pierre Auma\u00eetre. Contact&nbsp;: Marie MERLE&nbsp;: 06 72 00 67 01<\/strong><\/p>\n\n\n\n<p><strong>&amp;?<\/strong><strong> <\/strong><strong><em>A noter dans l\u2019agenda&nbsp;: Dimanche 20 septembre 2026, Messe de rentr\u00e9e en Doyenn\u00e9 \u00e0 10 h 30 \u00e0 RUFFEC<\/em><\/strong><\/p>\n\n\n\n<figure class=\"wp-block-table\"><table class=\"has-fixed-layout\"><tbody><tr><td><a><\/a><a><\/a><a><\/a><a><\/a><a><strong><u>Intention de PRIERE<\/u><\/strong><\/a>&nbsp;: pour les enfants qui n\u2019ont pas pu voir le jour, que Dieu les accueille dans sa Lumi\u00e8re<strong><u>INTENTIONS de la MESSE du 6 Septembre<\/u><\/strong><strong>&nbsp;<\/strong>: &nbsp;Brigitte GEOFFROY \u2013 Anne Marie GEOFFROY * Famille GUILLAUD : <strong><em>&nbsp;<\/em><\/strong><a><\/a><a><\/a><a><\/a>&nbsp;&nbsp;&nbsp;&nbsp;<strong><u>Obs\u00e8ques de la semaine<\/u><\/strong>&nbsp;:&nbsp;&nbsp;<\/td><\/tr><\/tbody><\/table><\/figure>\n\n\n\n<p><strong><em>&nbsp;<\/em><\/strong><\/p>\n","protected":false},"excerpt":{"rendered":"<p>Annonces du 5 au 13 Septembre 2026 Le Temps pour la Cr\u00e9ation nous invite \u00e0 prier et \u00e0 agir pour le soin de la Cr\u00e9ation. Il a lieu chaque ann\u00e9e&nbsp;entre le 1er septembre, journ\u00e9e de pri\u00e8re pour la sauvegarde de la Cr\u00e9ation,&nbsp;et le 4 octobre, f\u00eate de saint Fran\u00e7ois d\u2019Assise. Th\u00e8me&nbsp;: L\u2019EAU VIVE Samedi 5 [&hellip;]<\/p>\n","protected":false},"author":40,"featured_media":2108,"comment_status":"open","ping_status":"open","sticky":false,"template":"","format":"standard","meta":{"_acf_changed":false,"paroisse":["12"],"service":["0"],"footnotes":""},"categories":[1,10,3],"tags":[],"class_list":["post-11006","post","type-post","status-publish","format-standard","has-post-thumbnail","hentry","category-actualites","category-doyenne","category-ruffec","validated"],"acf":[],"yoast_head":"<!-- This site is optimized with the Yoast SEO plugin v28.3 - https:\/\/yoast.com\/product\/yoast-seo-wordpress\/ -->\n<title>Annonces du 5 au 13 septembre 2026 - Doyenn\u00e9 Nord Charente<\/title>\n<meta name=\"robots\" content=\"index, follow, max-snippet:-1, max-image-preview:large, max-video-preview:-1\" \/>\n<link rel=\"canonical\" href=\"https:\/\/charente.catholique.fr\/nord-charente\/actualites\/annonces-du-5-au-13-septembre-2026\/\" \/>\n<meta property=\"og:locale\" content=\"fr_FR\" \/>\n<meta property=\"og:type\" content=\"article\" \/>\n<meta property=\"og:title\" content=\"Annonces du 5 au 13 septembre 2026 - Doyenn\u00e9 Nord Charente\" \/>\n<meta property=\"og:description\" content=\"Annonces du 5 au 13 Septembre 2026 Le Temps pour la Cr\u00e9ation nous invite \u00e0 prier et \u00e0 agir pour le soin de la Cr\u00e9ation. Il a lieu chaque ann\u00e9e&nbsp;entre le 1er septembre, journ\u00e9e de pri\u00e8re pour la sauvegarde de la Cr\u00e9ation,&nbsp;et le 4 octobre, f\u00eate de saint Fran\u00e7ois d\u2019Assise. Th\u00e8me&nbsp;: L\u2019EAU VIVE Samedi 5 [&hellip;]\" \/>\n<meta property=\"og:url\" content=\"https:\/\/charente.catholique.fr\/nord-charente\/actualites\/annonces-du-5-au-13-septembre-2026\/\" \/>\n<meta property=\"og:site_name\" content=\"Doyenn\u00e9 Nord Charente\" \/>\n<meta property=\"article:publisher\" content=\"https:\/\/www.facebook.com\/EgliseCatholiqueCharente\" \/>\n<meta property=\"article:published_time\" content=\"2026-09-04T12:16:50+00:00\" \/>\n<meta property=\"article:modified_time\" content=\"2026-09-04T12:23:22+00:00\" \/>\n<meta property=\"og:image\" content=\"https:\/\/charente.catholique.fr\/nord-charente\/wp-content\/uploads\/sites\/4\/2021\/08\/p8199469_fa23184943-scaled.jpg\" \/>\n\t<meta property=\"og:image:width\" content=\"2560\" \/>\n\t<meta property=\"og:image:height\" content=\"1920\" \/>\n\t<meta property=\"og:image:type\" content=\"image\/jpeg\" \/>\n<meta name=\"author\" content=\"francoischartier\" \/>\n<meta name=\"twitter:card\" content=\"summary_large_image\" \/>\n<meta name=\"twitter:creator\" content=\"@diocesecharente\" \/>\n<meta name=\"twitter:site\" content=\"@diocesecharente\" \/>\n<meta name=\"twitter:label1\" content=\"\u00c9crit par\" \/>\n\t<meta name=\"twitter:data1\" content=\"francoischartier\" \/>\n\t<meta name=\"twitter:label2\" content=\"Dur\u00e9e de lecture estim\u00e9e\" \/>\n\t<meta name=\"twitter:data2\" content=\"3 minutes\" \/>\n<script type=\"application\/ld+json\" class=\"yoast-schema-graph\">{\"@context\":\"https:\\\/\\\/schema.org\",\"@graph\":[{\"@type\":\"Article\",\"@id\":\"https:\\\/\\\/charente.catholique.fr\\\/nord-charente\\\/actualites\\\/annonces-du-5-au-13-septembre-2026\\\/#article\",\"isPartOf\":{\"@id\":\"https:\\\/\\\/charente.catholique.fr\\\/nord-charente\\\/actualites\\\/annonces-du-5-au-13-septembre-2026\\\/\"},\"author\":{\"name\":\"francoischartier\",\"@id\":\"https:\\\/\\\/charente.catholique.fr\\\/nord-charente\\\/#\\\/schema\\\/person\\\/7fd65c37c8269b35ee1af50beb3b6aef\"},\"headline\":\"Annonces du 5 au 13 septembre 2026\",\"datePublished\":\"2026-09-04T12:16:50+00:00\",\"dateModified\":\"2026-09-04T12:23:22+00:00\",\"mainEntityOfPage\":{\"@id\":\"https:\\\/\\\/charente.catholique.fr\\\/nord-charente\\\/actualites\\\/annonces-du-5-au-13-septembre-2026\\\/\"},\"wordCount\":577,\"commentCount\":0,\"publisher\":{\"@id\":\"https:\\\/\\\/charente.catholique.fr\\\/nord-charente\\\/#organization\"},\"image\":{\"@id\":\"https:\\\/\\\/charente.catholique.fr\\\/nord-charente\\\/actualites\\\/annonces-du-5-au-13-septembre-2026\\\/#primaryimage\"},\"thumbnailUrl\":\"https:\\\/\\\/charente.catholique.fr\\\/nord-charente\\\/wp-content\\\/uploads\\\/sites\\\/4\\\/2021\\\/08\\\/p8199469_fa23184943-scaled.jpg\",\"articleSection\":[\"Actualit\u00e9s\",\"doyenn\u00e9\",\"Ruffec\"],\"inLanguage\":\"fr-FR\",\"potentialAction\":[{\"@type\":\"CommentAction\",\"name\":\"Comment\",\"target\":[\"https:\\\/\\\/charente.catholique.fr\\\/nord-charente\\\/actualites\\\/annonces-du-5-au-13-septembre-2026\\\/#respond\"]}]},{\"@type\":\"WebPage\",\"@id\":\"https:\\\/\\\/charente.catholique.fr\\\/nord-charente\\\/actualites\\\/annonces-du-5-au-13-septembre-2026\\\/\",\"url\":\"https:\\\/\\\/charente.catholique.fr\\\/nord-charente\\\/actualites\\\/annonces-du-5-au-13-septembre-2026\\\/\",\"name\":\"Annonces du 5 au 13 septembre 2026 - Doyenn\u00e9 Nord Charente\",\"isPartOf\":{\"@id\":\"https:\\\/\\\/charente.catholique.fr\\\/nord-charente\\\/#website\"},\"primaryImageOfPage\":{\"@id\":\"https:\\\/\\\/charente.catholique.fr\\\/nord-charente\\\/actualites\\\/annonces-du-5-au-13-septembre-2026\\\/#primaryimage\"},\"image\":{\"@id\":\"https:\\\/\\\/charente.catholique.fr\\\/nord-charente\\\/actualites\\\/annonces-du-5-au-13-septembre-2026\\\/#primaryimage\"},\"thumbnailUrl\":\"https:\\\/\\\/charente.catholique.fr\\\/nord-charente\\\/wp-content\\\/uploads\\\/sites\\\/4\\\/2021\\\/08\\\/p8199469_fa23184943-scaled.jpg\",\"datePublished\":\"2026-09-04T12:16:50+00:00\",\"dateModified\":\"2026-09-04T12:23:22+00:00\",\"breadcrumb\":{\"@id\":\"https:\\\/\\\/charente.catholique.fr\\\/nord-charente\\\/actualites\\\/annonces-du-5-au-13-septembre-2026\\\/#breadcrumb\"},\"inLanguage\":\"fr-FR\",\"potentialAction\":[{\"@type\":\"ReadAction\",\"target\":[\"https:\\\/\\\/charente.catholique.fr\\\/nord-charente\\\/actualites\\\/annonces-du-5-au-13-septembre-2026\\\/\"]}]},{\"@type\":\"ImageObject\",\"inLanguage\":\"fr-FR\",\"@id\":\"https:\\\/\\\/charente.catholique.fr\\\/nord-charente\\\/actualites\\\/annonces-du-5-au-13-septembre-2026\\\/#primaryimage\",\"url\":\"https:\\\/\\\/charente.catholique.fr\\\/nord-charente\\\/wp-content\\\/uploads\\\/sites\\\/4\\\/2021\\\/08\\\/p8199469_fa23184943-scaled.jpg\",\"contentUrl\":\"https:\\\/\\\/charente.catholique.fr\\\/nord-charente\\\/wp-content\\\/uploads\\\/sites\\\/4\\\/2021\\\/08\\\/p8199469_fa23184943-scaled.jpg\",\"width\":2560,\"height\":1920},{\"@type\":\"BreadcrumbList\",\"@id\":\"https:\\\/\\\/charente.catholique.fr\\\/nord-charente\\\/actualites\\\/annonces-du-5-au-13-septembre-2026\\\/#breadcrumb\",\"itemListElement\":[{\"@type\":\"ListItem\",\"position\":1,\"name\":\"Accueil\",\"item\":\"https:\\\/\\\/charente.catholique.fr\\\/nord-charente\\\/\"},{\"@type\":\"ListItem\",\"position\":2,\"name\":\"Annonces du 5 au 13 septembre 2026\"}]},{\"@type\":\"WebSite\",\"@id\":\"https:\\\/\\\/charente.catholique.fr\\\/nord-charente\\\/#website\",\"url\":\"https:\\\/\\\/charente.catholique.fr\\\/nord-charente\\\/\",\"name\":\"Doyenn\u00e9 Nord Charente - Dioc\u00e8se d'Angoul\u00eame\",\"description\":\"Dioc\u00e8se d&#039;Angoul\u00eame\",\"publisher\":{\"@id\":\"https:\\\/\\\/charente.catholique.fr\\\/nord-charente\\\/#organization\"},\"potentialAction\":[{\"@type\":\"SearchAction\",\"target\":{\"@type\":\"EntryPoint\",\"urlTemplate\":\"https:\\\/\\\/charente.catholique.fr\\\/nord-charente\\\/?s={search_term_string}\"},\"query-input\":{\"@type\":\"PropertyValueSpecification\",\"valueRequired\":true,\"valueName\":\"search_term_string\"}}],\"inLanguage\":\"fr-FR\"},{\"@type\":\"Organization\",\"@id\":\"https:\\\/\\\/charente.catholique.fr\\\/nord-charente\\\/#organization\",\"name\":\"Association dioc\u00e9saine d'Angoul\u00eame\",\"url\":\"https:\\\/\\\/charente.catholique.fr\\\/nord-charente\\\/\",\"logo\":{\"@type\":\"ImageObject\",\"inLanguage\":\"fr-FR\",\"@id\":\"https:\\\/\\\/charente.catholique.fr\\\/nord-charente\\\/#\\\/schema\\\/logo\\\/image\\\/\",\"url\":\"https:\\\/\\\/charente.catholique.fr\\\/nord-charente\\\/wp-content\\\/uploads\\\/sites\\\/4\\\/2020\\\/10\\\/logos.png\",\"contentUrl\":\"https:\\\/\\\/charente.catholique.fr\\\/nord-charente\\\/wp-content\\\/uploads\\\/sites\\\/4\\\/2020\\\/10\\\/logos.png\",\"width\":600,\"height\":257,\"caption\":\"Association dioc\u00e9saine d'Angoul\u00eame\"},\"image\":{\"@id\":\"https:\\\/\\\/charente.catholique.fr\\\/nord-charente\\\/#\\\/schema\\\/logo\\\/image\\\/\"},\"sameAs\":[\"https:\\\/\\\/www.facebook.com\\\/EgliseCatholiqueCharente\",\"https:\\\/\\\/x.com\\\/diocesecharente\",\"https:\\\/\\\/www.instagram.com\\\/eglisecharente\",\"https:\\\/\\\/www.youtube.com\\\/channel\\\/UCByyFWApZbw3gDTiADoiAaQ\"]},{\"@type\":\"Person\",\"@id\":\"https:\\\/\\\/charente.catholique.fr\\\/nord-charente\\\/#\\\/schema\\\/person\\\/7fd65c37c8269b35ee1af50beb3b6aef\",\"name\":\"francoischartier\",\"image\":{\"@type\":\"ImageObject\",\"inLanguage\":\"fr-FR\",\"@id\":\"https:\\\/\\\/secure.gravatar.com\\\/avatar\\\/9eec05a742787d49cdadb00ee510e88e9971e96dba2eb042f4233df45add8fd1?s=96&d=mm&r=g\",\"url\":\"https:\\\/\\\/secure.gravatar.com\\\/avatar\\\/9eec05a742787d49cdadb00ee510e88e9971e96dba2eb042f4233df45add8fd1?s=96&d=mm&r=g\",\"contentUrl\":\"https:\\\/\\\/secure.gravatar.com\\\/avatar\\\/9eec05a742787d49cdadb00ee510e88e9971e96dba2eb042f4233df45add8fd1?s=96&d=mm&r=g\",\"caption\":\"francoischartier\"},\"description\":\"06 82 10 86 89\",\"url\":\"https:\\\/\\\/charente.catholique.fr\\\/nord-charente\\\/author\\\/francoischartier\\\/\"}]}<\/script>\n<!-- \/ Yoast SEO plugin. -->","yoast_head_json":{"title":"Annonces du 5 au 13 septembre 2026 - Doyenn\u00e9 Nord Charente","robots":{"index":"index","follow":"follow","max-snippet":"max-snippet:-1","max-image-preview":"max-image-preview:large","max-video-preview":"max-video-preview:-1"},"canonical":"https:\/\/charente.catholique.fr\/nord-charente\/actualites\/annonces-du-5-au-13-septembre-2026\/","og_locale":"fr_FR","og_type":"article","og_title":"Annonces du 5 au 13 septembre 2026 - Doyenn\u00e9 Nord Charente","og_description":"Annonces du 5 au 13 Septembre 2026 Le Temps pour la Cr\u00e9ation nous invite \u00e0 prier et \u00e0 agir pour le soin de la Cr\u00e9ation. Il a lieu chaque ann\u00e9e&nbsp;entre le 1er septembre, journ\u00e9e de pri\u00e8re pour la sauvegarde de la Cr\u00e9ation,&nbsp;et le 4 octobre, f\u00eate de saint Fran\u00e7ois d\u2019Assise. Th\u00e8me&nbsp;: L\u2019EAU VIVE Samedi 5 [&hellip;]","og_url":"https:\/\/charente.catholique.fr\/nord-charente\/actualites\/annonces-du-5-au-13-septembre-2026\/","og_site_name":"Doyenn\u00e9 Nord Charente","article_publisher":"https:\/\/www.facebook.com\/EgliseCatholiqueCharente","article_published_time":"2026-09-04T12:16:50+00:00","article_modified_time":"2026-09-04T12:23:22+00:00","og_image":[{"width":2560,"height":1920,"url":"https:\/\/charente.catholique.fr\/nord-charente\/wp-content\/uploads\/sites\/4\/2021\/08\/p8199469_fa23184943-scaled.jpg","type":"image\/jpeg"}],"author":"francoischartier","twitter_card":"summary_large_image","twitter_creator":"@diocesecharente","twitter_site":"@diocesecharente","twitter_misc":{"\u00c9crit par":"francoischartier","Dur\u00e9e de lecture estim\u00e9e":"3 minutes"},"schema":{"@context":"https:\/\/schema.org","@graph":[{"@type":"Article","@id":"https:\/\/charente.catholique.fr\/nord-charente\/actualites\/annonces-du-5-au-13-septembre-2026\/#article","isPartOf":{"@id":"https:\/\/charente.catholique.fr\/nord-charente\/actualites\/annonces-du-5-au-13-septembre-2026\/"},"author":{"name":"francoischartier","@id":"https:\/\/charente.catholique.fr\/nord-charente\/#\/schema\/person\/7fd65c37c8269b35ee1af50beb3b6aef"},"headline":"Annonces du 5 au 13 septembre 2026","datePublished":"2026-09-04T12:16:50+00:00","dateModified":"2026-09-04T12:23:22+00:00","mainEntityOfPage":{"@id":"https:\/\/charente.catholique.fr\/nord-charente\/actualites\/annonces-du-5-au-13-septembre-2026\/"},"wordCount":577,"commentCount":0,"publisher":{"@id":"https:\/\/charente.catholique.fr\/nord-charente\/#organization"},"image":{"@id":"https:\/\/charente.catholique.fr\/nord-charente\/actualites\/annonces-du-5-au-13-septembre-2026\/#primaryimage"},"thumbnailUrl":"https:\/\/charente.catholique.fr\/nord-charente\/wp-content\/uploads\/sites\/4\/2021\/08\/p8199469_fa23184943-scaled.jpg","articleSection":["Actualit\u00e9s","doyenn\u00e9","Ruffec"],"inLanguage":"fr-FR","potentialAction":[{"@type":"CommentAction","name":"Comment","target":["https:\/\/charente.catholique.fr\/nord-charente\/actualites\/annonces-du-5-au-13-septembre-2026\/#respond"]}]},{"@type":"WebPage","@id":"https:\/\/charente.catholique.fr\/nord-charente\/actualites\/annonces-du-5-au-13-septembre-2026\/","url":"https:\/\/charente.catholique.fr\/nord-charente\/actualites\/annonces-du-5-au-13-septembre-2026\/","name":"Annonces du 5 au 13 septembre 2026 - Doyenn\u00e9 Nord Charente","isPartOf":{"@id":"https:\/\/charente.catholique.fr\/nord-charente\/#website"},"primaryImageOfPage":{"@id":"https:\/\/charente.catholique.fr\/nord-charente\/actualites\/annonces-du-5-au-13-septembre-2026\/#primaryimage"},"image":{"@id":"https:\/\/charente.catholique.fr\/nord-charente\/actualites\/annonces-du-5-au-13-septembre-2026\/#primaryimage"},"thumbnailUrl":"https:\/\/charente.catholique.fr\/nord-charente\/wp-content\/uploads\/sites\/4\/2021\/08\/p8199469_fa23184943-scaled.jpg","datePublished":"2026-09-04T12:16:50+00:00","dateModified":"2026-09-04T12:23:22+00:00","breadcrumb":{"@id":"https:\/\/charente.catholique.fr\/nord-charente\/actualites\/annonces-du-5-au-13-septembre-2026\/#breadcrumb"},"inLanguage":"fr-FR","potentialAction":[{"@type":"ReadAction","target":["https:\/\/charente.catholique.fr\/nord-charente\/actualites\/annonces-du-5-au-13-septembre-2026\/"]}]},{"@type":"ImageObject","inLanguage":"fr-FR","@id":"https:\/\/charente.catholique.fr\/nord-charente\/actualites\/annonces-du-5-au-13-septembre-2026\/#primaryimage","url":"https:\/\/charente.catholique.fr\/nord-charente\/wp-content\/uploads\/sites\/4\/2021\/08\/p8199469_fa23184943-scaled.jpg","contentUrl":"https:\/\/charente.catholique.fr\/nord-charente\/wp-content\/uploads\/sites\/4\/2021\/08\/p8199469_fa23184943-scaled.jpg","width":2560,"height":1920},{"@type":"BreadcrumbList","@id":"https:\/\/charente.catholique.fr\/nord-charente\/actualites\/annonces-du-5-au-13-septembre-2026\/#breadcrumb","itemListElement":[{"@type":"ListItem","position":1,"name":"Accueil","item":"https:\/\/charente.catholique.fr\/nord-charente\/"},{"@type":"ListItem","position":2,"name":"Annonces du 5 au 13 septembre 2026"}]},{"@type":"WebSite","@id":"https:\/\/charente.catholique.fr\/nord-charente\/#website","url":"https:\/\/charente.catholique.fr\/nord-charente\/","name":"Doyenn\u00e9 Nord Charente - Dioc\u00e8se d'Angoul\u00eame","description":"Dioc\u00e8se d&#039;Angoul\u00eame","publisher":{"@id":"https:\/\/charente.catholique.fr\/nord-charente\/#organization"},"potentialAction":[{"@type":"SearchAction","target":{"@type":"EntryPoint","urlTemplate":"https:\/\/charente.catholique.fr\/nord-charente\/?s={search_term_string}"},"query-input":{"@type":"PropertyValueSpecification","valueRequired":true,"valueName":"search_term_string"}}],"inLanguage":"fr-FR"},{"@type":"Organization","@id":"https:\/\/charente.catholique.fr\/nord-charente\/#organization","name":"Association dioc\u00e9saine d'Angoul\u00eame","url":"https:\/\/charente.catholique.fr\/nord-charente\/","logo":{"@type":"ImageObject","inLanguage":"fr-FR","@id":"https:\/\/charente.catholique.fr\/nord-charente\/#\/schema\/logo\/image\/","url":"https:\/\/charente.catholique.fr\/nord-charente\/wp-content\/uploads\/sites\/4\/2020\/10\/logos.png","contentUrl":"https:\/\/charente.catholique.fr\/nord-charente\/wp-content\/uploads\/sites\/4\/2020\/10\/logos.png","width":600,"height":257,"caption":"Association dioc\u00e9saine d'Angoul\u00eame"},"image":{"@id":"https:\/\/charente.catholique.fr\/nord-charente\/#\/schema\/logo\/image\/"},"sameAs":["https:\/\/www.facebook.com\/EgliseCatholiqueCharente","https:\/\/x.com\/diocesecharente","https:\/\/www.instagram.com\/eglisecharente","https:\/\/www.youtube.com\/channel\/UCByyFWApZbw3gDTiADoiAaQ"]},{"@type":"Person","@id":"https:\/\/charente.catholique.fr\/nord-charente\/#\/schema\/person\/7fd65c37c8269b35ee1af50beb3b6aef","name":"francoischartier","image":{"@type":"ImageObject","inLanguage":"fr-FR","@id":"https:\/\/secure.gravatar.com\/avatar\/9eec05a742787d49cdadb00ee510e88e9971e96dba2eb042f4233df45add8fd1?s=96&d=mm&r=g","url":"https:\/\/secure.gravatar.com\/avatar\/9eec05a742787d49cdadb00ee510e88e9971e96dba2eb042f4233df45add8fd1?s=96&d=mm&r=g","contentUrl":"https:\/\/secure.gravatar.com\/avatar\/9eec05a742787d49cdadb00ee510e88e9971e96dba2eb042f4233df45add8fd1?s=96&d=mm&r=g","caption":"francoischartier"},"description":"06 82 10 86 89","url":"https:\/\/charente.catholique.fr\/nord-charente\/author\/francoischartier\/"}]}},"_links":{"self":[{"href":"https:\/\/charente.catholique.fr\/nord-charente\/wp-json\/wp\/v2\/posts\/11006","targetHints":{"allow":["GET"]}}],"collection":[{"href":"https:\/\/charente.catholique.fr\/nord-charente\/wp-json\/wp\/v2\/posts"}],"about":[{"href":"https:\/\/charente.catholique.fr\/nord-charente\/wp-json\/wp\/v2\/types\/post"}],"author":[{"embeddable":true,"href":"https:\/\/charente.catholique.fr\/nord-charente\/wp-json\/wp\/v2\/users\/40"}],"replies":[{"embeddable":true,"href":"https:\/\/charente.catholique.fr\/nord-charente\/wp-json\/wp\/v2\/comments?post=11006"}],"version-history":[{"count":1,"href":"https:\/\/charente.catholique.fr\/nord-charente\/wp-json\/wp\/v2\/posts\/11006\/revisions"}],"predecessor-version":[{"id":11007,"href":"https:\/\/charente.catholique.fr\/nord-charente\/wp-json\/wp\/v2\/posts\/11006\/revisions\/11007"}],"wp:featuredmedia":[{"embeddable":true,"href":"https:\/\/charente.catholique.fr\/nord-charente\/wp-json\/wp\/v2\/media\/2108"}],"wp:attachment":[{"href":"https:\/\/charente.catholique.fr\/nord-charente\/wp-json\/wp\/v2\/media?parent=11006"}],"wp:term":[{"taxonomy":"category","embeddable":true,"href":"https:\/\/charente.catholique.fr\/nord-charente\/wp-json\/wp\/v2\/categories?post=11006"},{"taxonomy":"post_tag","embeddable":true,"href":"https:\/\/charente.catholique.fr\/nord-charente\/wp-json\/wp\/v2\/tags?post=11006"}],"curies":[{"name":"wp","href":"https:\/\/api.w.org\/{rel}","templated":true}]}}