{"id":11000,"date":"2026-08-30T17:45:29","date_gmt":"2026-08-30T15:45:29","guid":{"rendered":"https:\/\/charente.catholique.fr\/nord-charente\/?p=11000"},"modified":"2026-08-30T17:45:29","modified_gmt":"2026-08-30T15:45:29","slug":"a-loccasion-des-journees-europeennes-du-patrimoinesamedi-19-septembre-2026","status":"publish","type":"post","link":"https:\/\/charente.catholique.fr\/nord-charente\/actualites\/a-loccasion-des-journees-europeennes-du-patrimoinesamedi-19-septembre-2026\/","title":{"rendered":"\u00c0 l\u2019occasion des Journ\u00e9es europ\u00e9ennes du Patrimoine,Samedi 19 septembre 2026"},"content":{"rendered":"\n<p>Un concert d\u2019exception dans un cadre exceptionnel ! <img loading=\"lazy\" decoding=\"async\" height=\"16\" width=\"16\" alt=\"\u2728\" src=\"https:\/\/static.xx.fbcdn.net\/images\/emoji.php\/v9\/tf4\/1\/16\/2728.png\"><img loading=\"lazy\" decoding=\"async\" height=\"16\" width=\"16\" alt=\"\ud83c\udff0\" src=\"https:\/\/static.xx.fbcdn.net\/images\/emoji.php\/v9\/t95\/1\/16\/1f3f0.png\"><\/p>\n\n\n\n<p>&#8220;\u00c0 l\u2019occasion des Journ\u00e9es europ\u00e9ennes du Patrimoine, prolongez votre visite du Ch\u00e2teau de Saveilles par une soir\u00e9e musicale inoubliable.<\/p>\n\n\n\n<p><img loading=\"lazy\" decoding=\"async\" height=\"16\" width=\"16\" src=\"https:\/\/static.xx.fbcdn.net\/images\/emoji.php\/v9\/t7e\/1\/16\/1f4c5.png\" alt=\"\ud83d\udcc5\"> S<strong>amedi 19 septembre 2026 <img loading=\"lazy\" decoding=\"async\" height=\"16\" width=\"16\" src=\"https:\/\/static.xx.fbcdn.net\/images\/emoji.php\/v9\/t2d\/1\/16\/1f555.png\" alt=\"\ud83d\udd55\"> 18 h <img loading=\"lazy\" decoding=\"async\" height=\"16\" width=\"16\" src=\"https:\/\/static.xx.fbcdn.net\/images\/emoji.php\/v9\/t2d\/1\/16\/1f4cd.png\" alt=\"\ud83d\udccd\"> Ch\u00e2teau de Saveilles \u2013 Paizay-Naudouin (Charente)<\/strong><\/p>\n\n\n\n<p>Le duo St\u00e9phanie Humeau &amp; Fabrice Coccitto, complices sur sc\u00e8ne comme dans la vie, vous invite \u00e0 d\u00e9couvrir toute la magie du piano \u00e0 quatre mains. Partageant le m\u00eame clavier, leurs gestes se r\u00e9pondent avec une pr\u00e9cision fascinante, offrant un v\u00e9ritable ballet pianistique o\u00f9 virtuosit\u00e9, \u00e9l\u00e9gance et \u00e9motion ne font qu\u2019un.<\/p>\n\n\n<div class=\"wp-block-image\">\n<figure class=\"aligncenter size-full is-resized\"><img loading=\"lazy\" decoding=\"async\" width=\"1075\" height=\"1075\" src=\"https:\/\/charente.catholique.fr\/nord-charente\/wp-content\/uploads\/sites\/4\/2026\/08\/Saveilles-piano-1.jpg\" alt=\"\" class=\"wp-image-11001\" style=\"width:583px;height:auto\" srcset=\"https:\/\/charente.catholique.fr\/nord-charente\/wp-content\/uploads\/sites\/4\/2026\/08\/Saveilles-piano-1.jpg 1075w, https:\/\/charente.catholique.fr\/nord-charente\/wp-content\/uploads\/sites\/4\/2026\/08\/Saveilles-piano-1-300x300.jpg 300w, https:\/\/charente.catholique.fr\/nord-charente\/wp-content\/uploads\/sites\/4\/2026\/08\/Saveilles-piano-1-150x150.jpg 150w, https:\/\/charente.catholique.fr\/nord-charente\/wp-content\/uploads\/sites\/4\/2026\/08\/Saveilles-piano-1-768x768.jpg 768w\" sizes=\"auto, (max-width: 1075px) 100vw, 1075px\" \/><\/figure>\n<\/div>\n\n\n<p><img loading=\"lazy\" decoding=\"async\" height=\"16\" width=\"16\" alt=\"\ud83c\udfbc\" src=\"https:\/\/static.xx.fbcdn.net\/images\/emoji.php\/v9\/tcc\/1\/16\/1f3bc.png\"> Au programme : \u2022 Mozart \u2022 Schubert \u2022 Brahms<\/p>\n\n\n\n<p><img loading=\"lazy\" decoding=\"async\" height=\"16\" width=\"16\" alt=\"\ud83c\udf1f\" src=\"https:\/\/static.xx.fbcdn.net\/images\/emoji.php\/v9\/te0\/1\/16\/1f31f.png\"> En point d\u2019orgue : Le Carnaval des animaux de Camille Saint-Sa\u00ebns, accompagn\u00e9 des c\u00e9l\u00e8bres textes pleins d\u2019humour de Francis Blanche. Une \u0153uvre po\u00e9tique, dr\u00f4le et accessible qui \u00e9merveillera petits et grands.<\/p>\n\n\n\n<p>Une soir\u00e9e vivante, chaleureuse et riche en \u00e9motions au c\u0153ur d\u2019un monument historique charentais.<\/p>\n\n\n\n<p><img loading=\"lazy\" decoding=\"async\" height=\"16\" width=\"16\" alt=\"\ud83c\udf9f\ufe0f\" src=\"https:\/\/static.xx.fbcdn.net\/images\/emoji.php\/v9\/td8\/1\/16\/1f39f.png\"> Places limit\u00e9es \u2013 R\u00e9servation conseill\u00e9e sur Billetweb.<\/p>\n\n\n\n<p><a href=\"https:\/\/www.facebook.com\/hashtag\/chateaudesaveilles?__cft__[0]=AZbm88dF5WYpcazftnFSAzmm9Lw9o7gEgSG2nVwr9A5zLKraLUY0lQHsT8402uFnORxRFBAZGmV2QSbQdSVuDb_R7xAGVYhK87Wn_QO3oGBlGHxSgCI1DIWCCcQc---mFY7YySFJStoThrANhlq7hxc7HIOvEtWlrJAdODffk8tUK5h6q_BpNAb1wFgcxr0vvkR7rJ_5gRgCpT_zzWKCiFozldTX-AcruCxFQbSFHkXZeYfoNJv38HExV0BasC8dCqA&amp;__tn__=*NK-y-R\">#ChateaudeSaveilles<\/a><a href=\"https:\/\/www.facebook.com\/hashtag\/jep2026?__cft__[0]=AZbm88dF5WYpcazftnFSAzmm9Lw9o7gEgSG2nVwr9A5zLKraLUY0lQHsT8402uFnORxRFBAZGmV2QSbQdSVuDb_R7xAGVYhK87Wn_QO3oGBlGHxSgCI1DIWCCcQc---mFY7YySFJStoThrANhlq7hxc7HIOvEtWlrJAdODffk8tUK5h6q_BpNAb1wFgcxr0vvkR7rJ_5gRgCpT_zzWKCiFozldTX-AcruCxFQbSFHkXZeYfoNJv38HExV0BasC8dCqA&amp;__tn__=*NK-y-R\">#JEP2026<\/a><a href=\"https:\/\/www.facebook.com\/hashtag\/journeesdupatrimoine?__cft__[0]=AZbm88dF5WYpcazftnFSAzmm9Lw9o7gEgSG2nVwr9A5zLKraLUY0lQHsT8402uFnORxRFBAZGmV2QSbQdSVuDb_R7xAGVYhK87Wn_QO3oGBlGHxSgCI1DIWCCcQc---mFY7YySFJStoThrANhlq7hxc7HIOvEtWlrJAdODffk8tUK5h6q_BpNAb1wFgcxr0vvkR7rJ_5gRgCpT_zzWKCiFozldTX-AcruCxFQbSFHkXZeYfoNJv38HExV0BasC8dCqA&amp;__tn__=*NK-y-R\">#JourneesDuPatrimoine<\/a><a href=\"https:\/\/www.facebook.com\/hashtag\/lecarnavaldesanimaux?__cft__[0]=AZbm88dF5WYpcazftnFSAzmm9Lw9o7gEgSG2nVwr9A5zLKraLUY0lQHsT8402uFnORxRFBAZGmV2QSbQdSVuDb_R7xAGVYhK87Wn_QO3oGBlGHxSgCI1DIWCCcQc---mFY7YySFJStoThrANhlq7hxc7HIOvEtWlrJAdODffk8tUK5h6q_BpNAb1wFgcxr0vvkR7rJ_5gRgCpT_zzWKCiFozldTX-AcruCxFQbSFHkXZeYfoNJv38HExV0BasC8dCqA&amp;__tn__=*NK-y-R\">#LeCarnavalDesAnimaux<\/a><a href=\"https:\/\/www.facebook.com\/hashtag\/saintsaens?__cft__[0]=AZbm88dF5WYpcazftnFSAzmm9Lw9o7gEgSG2nVwr9A5zLKraLUY0lQHsT8402uFnORxRFBAZGmV2QSbQdSVuDb_R7xAGVYhK87Wn_QO3oGBlGHxSgCI1DIWCCcQc---mFY7YySFJStoThrANhlq7hxc7HIOvEtWlrJAdODffk8tUK5h6q_BpNAb1wFgcxr0vvkR7rJ_5gRgCpT_zzWKCiFozldTX-AcruCxFQbSFHkXZeYfoNJv38HExV0BasC8dCqA&amp;__tn__=*NK-y-R\">#SaintSaens<\/a><a href=\"https:\/\/www.facebook.com\/hashtag\/pianoa4mains?__cft__[0]=AZbm88dF5WYpcazftnFSAzmm9Lw9o7gEgSG2nVwr9A5zLKraLUY0lQHsT8402uFnORxRFBAZGmV2QSbQdSVuDb_R7xAGVYhK87Wn_QO3oGBlGHxSgCI1DIWCCcQc---mFY7YySFJStoThrANhlq7hxc7HIOvEtWlrJAdODffk8tUK5h6q_BpNAb1wFgcxr0vvkR7rJ_5gRgCpT_zzWKCiFozldTX-AcruCxFQbSFHkXZeYfoNJv38HExV0BasC8dCqA&amp;__tn__=*NK-y-R\">#PianoA4Mains<\/a><a href=\"https:\/\/www.facebook.com\/hashtag\/concert?__cft__[0]=AZbm88dF5WYpcazftnFSAzmm9Lw9o7gEgSG2nVwr9A5zLKraLUY0lQHsT8402uFnORxRFBAZGmV2QSbQdSVuDb_R7xAGVYhK87Wn_QO3oGBlGHxSgCI1DIWCCcQc---mFY7YySFJStoThrANhlq7hxc7HIOvEtWlrJAdODffk8tUK5h6q_BpNAb1wFgcxr0vvkR7rJ_5gRgCpT_zzWKCiFozldTX-AcruCxFQbSFHkXZeYfoNJv38HExV0BasC8dCqA&amp;__tn__=*NK-y-R\">#Concert<\/a><a href=\"https:\/\/www.facebook.com\/hashtag\/musiqueclassique?__cft__[0]=AZbm88dF5WYpcazftnFSAzmm9Lw9o7gEgSG2nVwr9A5zLKraLUY0lQHsT8402uFnORxRFBAZGmV2QSbQdSVuDb_R7xAGVYhK87Wn_QO3oGBlGHxSgCI1DIWCCcQc---mFY7YySFJStoThrANhlq7hxc7HIOvEtWlrJAdODffk8tUK5h6q_BpNAb1wFgcxr0vvkR7rJ_5gRgCpT_zzWKCiFozldTX-AcruCxFQbSFHkXZeYfoNJv38HExV0BasC8dCqA&amp;__tn__=*NK-y-R\">#MusiqueClassique<\/a><a href=\"https:\/\/www.facebook.com\/hashtag\/patrimoine?__cft__[0]=AZbm88dF5WYpcazftnFSAzmm9Lw9o7gEgSG2nVwr9A5zLKraLUY0lQHsT8402uFnORxRFBAZGmV2QSbQdSVuDb_R7xAGVYhK87Wn_QO3oGBlGHxSgCI1DIWCCcQc---mFY7YySFJStoThrANhlq7hxc7HIOvEtWlrJAdODffk8tUK5h6q_BpNAb1wFgcxr0vvkR7rJ_5gRgCpT_zzWKCiFozldTX-AcruCxFQbSFHkXZeYfoNJv38HExV0BasC8dCqA&amp;__tn__=*NK-y-R\">#Patrimoine<\/a><a href=\"https:\/\/www.facebook.com\/hashtag\/charente?__cft__[0]=AZbm88dF5WYpcazftnFSAzmm9Lw9o7gEgSG2nVwr9A5zLKraLUY0lQHsT8402uFnORxRFBAZGmV2QSbQdSVuDb_R7xAGVYhK87Wn_QO3oGBlGHxSgCI1DIWCCcQc---mFY7YySFJStoThrANhlq7hxc7HIOvEtWlrJAdODffk8tUK5h6q_BpNAb1wFgcxr0vvkR7rJ_5gRgCpT_zzWKCiFozldTX-AcruCxFQbSFHkXZeYfoNJv38HExV0BasC8dCqA&amp;__tn__=*NK-y-R\">#Charente<\/a><a href=\"https:\/\/www.facebook.com\/hashtag\/sortirencharente?__cft__[0]=AZbm88dF5WYpcazftnFSAzmm9Lw9o7gEgSG2nVwr9A5zLKraLUY0lQHsT8402uFnORxRFBAZGmV2QSbQdSVuDb_R7xAGVYhK87Wn_QO3oGBlGHxSgCI1DIWCCcQc---mFY7YySFJStoThrANhlq7hxc7HIOvEtWlrJAdODffk8tUK5h6q_BpNAb1wFgcxr0vvkR7rJ_5gRgCpT_zzWKCiFozldTX-AcruCxFQbSFHkXZeYfoNJv38HExV0BasC8dCqA&amp;__tn__=*NK-y-R\">#SortirEnCharente<\/a><a href=\"https:\/\/www.facebook.com\/hashtag\/cultureencharente?__cft__[0]=AZbm88dF5WYpcazftnFSAzmm9Lw9o7gEgSG2nVwr9A5zLKraLUY0lQHsT8402uFnORxRFBAZGmV2QSbQdSVuDb_R7xAGVYhK87Wn_QO3oGBlGHxSgCI1DIWCCcQc---mFY7YySFJStoThrANhlq7hxc7HIOvEtWlrJAdODffk8tUK5h6q_BpNAb1wFgcxr0vvkR7rJ_5gRgCpT_zzWKCiFozldTX-AcruCxFQbSFHkXZeYfoNJv38HExV0BasC8dCqA&amp;__tn__=*NK-y-R\">#CultureEnCharente<\/a><a href=\"https:\/\/www.facebook.com\/hashtag\/mozart?__cft__[0]=AZbm88dF5WYpcazftnFSAzmm9Lw9o7gEgSG2nVwr9A5zLKraLUY0lQHsT8402uFnORxRFBAZGmV2QSbQdSVuDb_R7xAGVYhK87Wn_QO3oGBlGHxSgCI1DIWCCcQc---mFY7YySFJStoThrANhlq7hxc7HIOvEtWlrJAdODffk8tUK5h6q_BpNAb1wFgcxr0vvkR7rJ_5gRgCpT_zzWKCiFozldTX-AcruCxFQbSFHkXZeYfoNJv38HExV0BasC8dCqA&amp;__tn__=*NK-y-R\">#Mozart<\/a><a href=\"https:\/\/www.facebook.com\/hashtag\/schubert?__cft__[0]=AZbm88dF5WYpcazftnFSAzmm9Lw9o7gEgSG2nVwr9A5zLKraLUY0lQHsT8402uFnORxRFBAZGmV2QSbQdSVuDb_R7xAGVYhK87Wn_QO3oGBlGHxSgCI1DIWCCcQc---mFY7YySFJStoThrANhlq7hxc7HIOvEtWlrJAdODffk8tUK5h6q_BpNAb1wFgcxr0vvkR7rJ_5gRgCpT_zzWKCiFozldTX-AcruCxFQbSFHkXZeYfoNJv38HExV0BasC8dCqA&amp;__tn__=*NK-y-R\">#Schubert<\/a><a href=\"https:\/\/www.facebook.com\/hashtag\/brahms?__cft__[0]=AZbm88dF5WYpcazftnFSAzmm9Lw9o7gEgSG2nVwr9A5zLKraLUY0lQHsT8402uFnORxRFBAZGmV2QSbQdSVuDb_R7xAGVYhK87Wn_QO3oGBlGHxSgCI1DIWCCcQc---mFY7YySFJStoThrANhlq7hxc7HIOvEtWlrJAdODffk8tUK5h6q_BpNAb1wFgcxr0vvkR7rJ_5gRgCpT_zzWKCiFozldTX-AcruCxFQbSFHkXZeYfoNJv38HExV0BasC8dCqA&amp;__tn__=*NK-y-R\">#Brahms<\/a><a href=\"https:\/\/www.facebook.com\/hashtag\/francisblanche?__cft__[0]=AZbm88dF5WYpcazftnFSAzmm9Lw9o7gEgSG2nVwr9A5zLKraLUY0lQHsT8402uFnORxRFBAZGmV2QSbQdSVuDb_R7xAGVYhK87Wn_QO3oGBlGHxSgCI1DIWCCcQc---mFY7YySFJStoThrANhlq7hxc7HIOvEtWlrJAdODffk8tUK5h6q_BpNAb1wFgcxr0vvkR7rJ_5gRgCpT_zzWKCiFozldTX-AcruCxFQbSFHkXZeYfoNJv38HExV0BasC8dCqA&amp;__tn__=*NK-y-R\">#FrancisBlanche<\/a>&#8220;<\/p>\n\n\n\n<p><strong>Source Ch\u00e2teau de Saveilles<\/strong><\/p>\n\n\n\n<figure class=\"wp-block-embed\"><div class=\"wp-block-embed__wrapper\">\nhttps:\/\/www.billetweb.fr\/le-carnaval-des-animaux-au..\n<\/div><\/figure>\n","protected":false},"excerpt":{"rendered":"<p>Un concert d\u2019exception dans un cadre exceptionnel ! &#8220;\u00c0 l\u2019occasion des Journ\u00e9es europ\u00e9ennes du Patrimoine, prolongez votre visite du Ch\u00e2teau de Saveilles par une soir\u00e9e musicale inoubliable. Samedi 19 septembre 2026 18 h Ch\u00e2teau de Saveilles \u2013 Paizay-Naudouin (Charente) Le duo St\u00e9phanie Humeau &amp; Fabrice Coccitto, complices sur sc\u00e8ne comme dans la vie, vous invite [&hellip;]<\/p>\n","protected":false},"author":38,"featured_media":11001,"comment_status":"open","ping_status":"open","sticky":false,"template":"","format":"standard","meta":{"_acf_changed":false,"paroisse":["14"],"service":["0"],"footnotes":""},"categories":[1],"tags":[],"class_list":["post-11000","post","type-post","status-publish","format-standard","has-post-thumbnail","hentry","category-actualites"],"acf":[],"yoast_head":"<!-- This site is optimized with the Yoast SEO plugin v28.3 - https:\/\/yoast.com\/product\/yoast-seo-wordpress\/ -->\n<title>\u00c0 l\u2019occasion des Journ\u00e9es europ\u00e9ennes du Patrimoine,Samedi 19 septembre 2026 - Doyenn\u00e9 Nord Charente<\/title>\n<meta name=\"robots\" content=\"index, follow, max-snippet:-1, max-image-preview:large, max-video-preview:-1\" \/>\n<link rel=\"canonical\" href=\"https:\/\/charente.catholique.fr\/nord-charente\/actualites\/a-loccasion-des-journees-europeennes-du-patrimoinesamedi-19-septembre-2026\/\" \/>\n<meta property=\"og:locale\" content=\"fr_FR\" \/>\n<meta property=\"og:type\" content=\"article\" \/>\n<meta property=\"og:title\" content=\"\u00c0 l\u2019occasion des Journ\u00e9es europ\u00e9ennes du Patrimoine,Samedi 19 septembre 2026 - Doyenn\u00e9 Nord Charente\" \/>\n<meta property=\"og:description\" content=\"Un concert d\u2019exception dans un cadre exceptionnel ! &#8220;\u00c0 l\u2019occasion des Journ\u00e9es europ\u00e9ennes du Patrimoine, prolongez votre visite du Ch\u00e2teau de Saveilles par une soir\u00e9e musicale inoubliable. Samedi 19 septembre 2026 18 h Ch\u00e2teau de Saveilles \u2013 Paizay-Naudouin (Charente) Le duo St\u00e9phanie Humeau &amp; Fabrice Coccitto, complices sur sc\u00e8ne comme dans la vie, vous invite [&hellip;]\" \/>\n<meta property=\"og:url\" content=\"https:\/\/charente.catholique.fr\/nord-charente\/actualites\/a-loccasion-des-journees-europeennes-du-patrimoinesamedi-19-septembre-2026\/\" \/>\n<meta property=\"og:site_name\" content=\"Doyenn\u00e9 Nord Charente\" \/>\n<meta property=\"article:publisher\" content=\"https:\/\/www.facebook.com\/EgliseCatholiqueCharente\" \/>\n<meta property=\"article:published_time\" content=\"2026-08-30T15:45:29+00:00\" \/>\n<meta property=\"og:image\" content=\"https:\/\/charente.catholique.fr\/nord-charente\/wp-content\/uploads\/sites\/4\/2026\/08\/Saveilles-piano-1.jpg\" \/>\n\t<meta property=\"og:image:width\" content=\"1075\" \/>\n\t<meta property=\"og:image:height\" content=\"1075\" \/>\n\t<meta property=\"og:image:type\" content=\"image\/jpeg\" \/>\n<meta name=\"author\" content=\"joelleayrault\" \/>\n<meta name=\"twitter:card\" content=\"summary_large_image\" \/>\n<meta name=\"twitter:creator\" content=\"@diocesecharente\" \/>\n<meta name=\"twitter:site\" content=\"@diocesecharente\" \/>\n<meta name=\"twitter:label1\" content=\"\u00c9crit par\" \/>\n\t<meta name=\"twitter:data1\" content=\"joelleayrault\" \/>\n\t<meta name=\"twitter:label2\" content=\"Dur\u00e9e de lecture estim\u00e9e\" \/>\n\t<meta name=\"twitter:data2\" content=\"3 minutes\" \/>\n<script type=\"application\/ld+json\" class=\"yoast-schema-graph\">{\"@context\":\"https:\\\/\\\/schema.org\",\"@graph\":[{\"@type\":\"Article\",\"@id\":\"https:\\\/\\\/charente.catholique.fr\\\/nord-charente\\\/actualites\\\/a-loccasion-des-journees-europeennes-du-patrimoinesamedi-19-septembre-2026\\\/#article\",\"isPartOf\":{\"@id\":\"https:\\\/\\\/charente.catholique.fr\\\/nord-charente\\\/actualites\\\/a-loccasion-des-journees-europeennes-du-patrimoinesamedi-19-septembre-2026\\\/\"},\"author\":{\"name\":\"joelleayrault\",\"@id\":\"https:\\\/\\\/charente.catholique.fr\\\/nord-charente\\\/#\\\/schema\\\/person\\\/51184492e4abba33e5d768059a70f4db\"},\"headline\":\"\u00c0 l\u2019occasion des Journ\u00e9es europ\u00e9ennes du Patrimoine,Samedi 19 septembre 2026\",\"datePublished\":\"2026-08-30T15:45:29+00:00\",\"mainEntityOfPage\":{\"@id\":\"https:\\\/\\\/charente.catholique.fr\\\/nord-charente\\\/actualites\\\/a-loccasion-des-journees-europeennes-du-patrimoinesamedi-19-septembre-2026\\\/\"},\"wordCount\":204,\"commentCount\":0,\"publisher\":{\"@id\":\"https:\\\/\\\/charente.catholique.fr\\\/nord-charente\\\/#organization\"},\"image\":{\"@id\":\"https:\\\/\\\/charente.catholique.fr\\\/nord-charente\\\/actualites\\\/a-loccasion-des-journees-europeennes-du-patrimoinesamedi-19-septembre-2026\\\/#primaryimage\"},\"thumbnailUrl\":\"https:\\\/\\\/charente.catholique.fr\\\/nord-charente\\\/wp-content\\\/uploads\\\/sites\\\/4\\\/2026\\\/08\\\/Saveilles-piano-1.jpg\",\"articleSection\":[\"Actualit\u00e9s\"],\"inLanguage\":\"fr-FR\",\"potentialAction\":[{\"@type\":\"CommentAction\",\"name\":\"Comment\",\"target\":[\"https:\\\/\\\/charente.catholique.fr\\\/nord-charente\\\/actualites\\\/a-loccasion-des-journees-europeennes-du-patrimoinesamedi-19-septembre-2026\\\/#respond\"]}]},{\"@type\":\"WebPage\",\"@id\":\"https:\\\/\\\/charente.catholique.fr\\\/nord-charente\\\/actualites\\\/a-loccasion-des-journees-europeennes-du-patrimoinesamedi-19-septembre-2026\\\/\",\"url\":\"https:\\\/\\\/charente.catholique.fr\\\/nord-charente\\\/actualites\\\/a-loccasion-des-journees-europeennes-du-patrimoinesamedi-19-septembre-2026\\\/\",\"name\":\"\u00c0 l\u2019occasion des Journ\u00e9es europ\u00e9ennes du Patrimoine,Samedi 19 septembre 2026 - Doyenn\u00e9 Nord Charente\",\"isPartOf\":{\"@id\":\"https:\\\/\\\/charente.catholique.fr\\\/nord-charente\\\/#website\"},\"primaryImageOfPage\":{\"@id\":\"https:\\\/\\\/charente.catholique.fr\\\/nord-charente\\\/actualites\\\/a-loccasion-des-journees-europeennes-du-patrimoinesamedi-19-septembre-2026\\\/#primaryimage\"},\"image\":{\"@id\":\"https:\\\/\\\/charente.catholique.fr\\\/nord-charente\\\/actualites\\\/a-loccasion-des-journees-europeennes-du-patrimoinesamedi-19-septembre-2026\\\/#primaryimage\"},\"thumbnailUrl\":\"https:\\\/\\\/charente.catholique.fr\\\/nord-charente\\\/wp-content\\\/uploads\\\/sites\\\/4\\\/2026\\\/08\\\/Saveilles-piano-1.jpg\",\"datePublished\":\"2026-08-30T15:45:29+00:00\",\"breadcrumb\":{\"@id\":\"https:\\\/\\\/charente.catholique.fr\\\/nord-charente\\\/actualites\\\/a-loccasion-des-journees-europeennes-du-patrimoinesamedi-19-septembre-2026\\\/#breadcrumb\"},\"inLanguage\":\"fr-FR\",\"potentialAction\":[{\"@type\":\"ReadAction\",\"target\":[\"https:\\\/\\\/charente.catholique.fr\\\/nord-charente\\\/actualites\\\/a-loccasion-des-journees-europeennes-du-patrimoinesamedi-19-septembre-2026\\\/\"]}]},{\"@type\":\"ImageObject\",\"inLanguage\":\"fr-FR\",\"@id\":\"https:\\\/\\\/charente.catholique.fr\\\/nord-charente\\\/actualites\\\/a-loccasion-des-journees-europeennes-du-patrimoinesamedi-19-septembre-2026\\\/#primaryimage\",\"url\":\"https:\\\/\\\/charente.catholique.fr\\\/nord-charente\\\/wp-content\\\/uploads\\\/sites\\\/4\\\/2026\\\/08\\\/Saveilles-piano-1.jpg\",\"contentUrl\":\"https:\\\/\\\/charente.catholique.fr\\\/nord-charente\\\/wp-content\\\/uploads\\\/sites\\\/4\\\/2026\\\/08\\\/Saveilles-piano-1.jpg\",\"width\":1075,\"height\":1075},{\"@type\":\"BreadcrumbList\",\"@id\":\"https:\\\/\\\/charente.catholique.fr\\\/nord-charente\\\/actualites\\\/a-loccasion-des-journees-europeennes-du-patrimoinesamedi-19-septembre-2026\\\/#breadcrumb\",\"itemListElement\":[{\"@type\":\"ListItem\",\"position\":1,\"name\":\"Accueil\",\"item\":\"https:\\\/\\\/charente.catholique.fr\\\/nord-charente\\\/\"},{\"@type\":\"ListItem\",\"position\":2,\"name\":\"\u00c0 l\u2019occasion des Journ\u00e9es europ\u00e9ennes du Patrimoine,Samedi 19 septembre 2026\"}]},{\"@type\":\"WebSite\",\"@id\":\"https:\\\/\\\/charente.catholique.fr\\\/nord-charente\\\/#website\",\"url\":\"https:\\\/\\\/charente.catholique.fr\\\/nord-charente\\\/\",\"name\":\"Doyenn\u00e9 Nord Charente - Dioc\u00e8se d'Angoul\u00eame\",\"description\":\"Dioc\u00e8se d&#039;Angoul\u00eame\",\"publisher\":{\"@id\":\"https:\\\/\\\/charente.catholique.fr\\\/nord-charente\\\/#organization\"},\"potentialAction\":[{\"@type\":\"SearchAction\",\"target\":{\"@type\":\"EntryPoint\",\"urlTemplate\":\"https:\\\/\\\/charente.catholique.fr\\\/nord-charente\\\/?s={search_term_string}\"},\"query-input\":{\"@type\":\"PropertyValueSpecification\",\"valueRequired\":true,\"valueName\":\"search_term_string\"}}],\"inLanguage\":\"fr-FR\"},{\"@type\":\"Organization\",\"@id\":\"https:\\\/\\\/charente.catholique.fr\\\/nord-charente\\\/#organization\",\"name\":\"Association dioc\u00e9saine d'Angoul\u00eame\",\"url\":\"https:\\\/\\\/charente.catholique.fr\\\/nord-charente\\\/\",\"logo\":{\"@type\":\"ImageObject\",\"inLanguage\":\"fr-FR\",\"@id\":\"https:\\\/\\\/charente.catholique.fr\\\/nord-charente\\\/#\\\/schema\\\/logo\\\/image\\\/\",\"url\":\"https:\\\/\\\/charente.catholique.fr\\\/nord-charente\\\/wp-content\\\/uploads\\\/sites\\\/4\\\/2020\\\/10\\\/logos.png\",\"contentUrl\":\"https:\\\/\\\/charente.catholique.fr\\\/nord-charente\\\/wp-content\\\/uploads\\\/sites\\\/4\\\/2020\\\/10\\\/logos.png\",\"width\":600,\"height\":257,\"caption\":\"Association dioc\u00e9saine d'Angoul\u00eame\"},\"image\":{\"@id\":\"https:\\\/\\\/charente.catholique.fr\\\/nord-charente\\\/#\\\/schema\\\/logo\\\/image\\\/\"},\"sameAs\":[\"https:\\\/\\\/www.facebook.com\\\/EgliseCatholiqueCharente\",\"https:\\\/\\\/x.com\\\/diocesecharente\",\"https:\\\/\\\/www.instagram.com\\\/eglisecharente\",\"https:\\\/\\\/www.youtube.com\\\/channel\\\/UCByyFWApZbw3gDTiADoiAaQ\"]},{\"@type\":\"Person\",\"@id\":\"https:\\\/\\\/charente.catholique.fr\\\/nord-charente\\\/#\\\/schema\\\/person\\\/51184492e4abba33e5d768059a70f4db\",\"name\":\"joelleayrault\",\"image\":{\"@type\":\"ImageObject\",\"inLanguage\":\"fr-FR\",\"@id\":\"https:\\\/\\\/secure.gravatar.com\\\/avatar\\\/3bd3977af99690427d59b19ec7b6bd94226de63be5c368ae8d090f2d7f86dd5f?s=96&d=mm&r=g\",\"url\":\"https:\\\/\\\/secure.gravatar.com\\\/avatar\\\/3bd3977af99690427d59b19ec7b6bd94226de63be5c368ae8d090f2d7f86dd5f?s=96&d=mm&r=g\",\"contentUrl\":\"https:\\\/\\\/secure.gravatar.com\\\/avatar\\\/3bd3977af99690427d59b19ec7b6bd94226de63be5c368ae8d090f2d7f86dd5f?s=96&d=mm&r=g\",\"caption\":\"joelleayrault\"},\"url\":\"https:\\\/\\\/charente.catholique.fr\\\/nord-charente\\\/author\\\/joelleayrault\\\/\"}]}<\/script>\n<!-- \/ Yoast SEO plugin. -->","yoast_head_json":{"title":"\u00c0 l\u2019occasion des Journ\u00e9es europ\u00e9ennes du Patrimoine,Samedi 19 septembre 2026 - Doyenn\u00e9 Nord Charente","robots":{"index":"index","follow":"follow","max-snippet":"max-snippet:-1","max-image-preview":"max-image-preview:large","max-video-preview":"max-video-preview:-1"},"canonical":"https:\/\/charente.catholique.fr\/nord-charente\/actualites\/a-loccasion-des-journees-europeennes-du-patrimoinesamedi-19-septembre-2026\/","og_locale":"fr_FR","og_type":"article","og_title":"\u00c0 l\u2019occasion des Journ\u00e9es europ\u00e9ennes du Patrimoine,Samedi 19 septembre 2026 - Doyenn\u00e9 Nord Charente","og_description":"Un concert d\u2019exception dans un cadre exceptionnel ! &#8220;\u00c0 l\u2019occasion des Journ\u00e9es europ\u00e9ennes du Patrimoine, prolongez votre visite du Ch\u00e2teau de Saveilles par une soir\u00e9e musicale inoubliable. Samedi 19 septembre 2026 18 h Ch\u00e2teau de Saveilles \u2013 Paizay-Naudouin (Charente) Le duo St\u00e9phanie Humeau &amp; Fabrice Coccitto, complices sur sc\u00e8ne comme dans la vie, vous invite [&hellip;]","og_url":"https:\/\/charente.catholique.fr\/nord-charente\/actualites\/a-loccasion-des-journees-europeennes-du-patrimoinesamedi-19-septembre-2026\/","og_site_name":"Doyenn\u00e9 Nord Charente","article_publisher":"https:\/\/www.facebook.com\/EgliseCatholiqueCharente","article_published_time":"2026-08-30T15:45:29+00:00","og_image":[{"width":1075,"height":1075,"url":"https:\/\/charente.catholique.fr\/nord-charente\/wp-content\/uploads\/sites\/4\/2026\/08\/Saveilles-piano-1.jpg","type":"image\/jpeg"}],"author":"joelleayrault","twitter_card":"summary_large_image","twitter_creator":"@diocesecharente","twitter_site":"@diocesecharente","twitter_misc":{"\u00c9crit par":"joelleayrault","Dur\u00e9e de lecture estim\u00e9e":"3 minutes"},"schema":{"@context":"https:\/\/schema.org","@graph":[{"@type":"Article","@id":"https:\/\/charente.catholique.fr\/nord-charente\/actualites\/a-loccasion-des-journees-europeennes-du-patrimoinesamedi-19-septembre-2026\/#article","isPartOf":{"@id":"https:\/\/charente.catholique.fr\/nord-charente\/actualites\/a-loccasion-des-journees-europeennes-du-patrimoinesamedi-19-septembre-2026\/"},"author":{"name":"joelleayrault","@id":"https:\/\/charente.catholique.fr\/nord-charente\/#\/schema\/person\/51184492e4abba33e5d768059a70f4db"},"headline":"\u00c0 l\u2019occasion des Journ\u00e9es europ\u00e9ennes du Patrimoine,Samedi 19 septembre 2026","datePublished":"2026-08-30T15:45:29+00:00","mainEntityOfPage":{"@id":"https:\/\/charente.catholique.fr\/nord-charente\/actualites\/a-loccasion-des-journees-europeennes-du-patrimoinesamedi-19-septembre-2026\/"},"wordCount":204,"commentCount":0,"publisher":{"@id":"https:\/\/charente.catholique.fr\/nord-charente\/#organization"},"image":{"@id":"https:\/\/charente.catholique.fr\/nord-charente\/actualites\/a-loccasion-des-journees-europeennes-du-patrimoinesamedi-19-septembre-2026\/#primaryimage"},"thumbnailUrl":"https:\/\/charente.catholique.fr\/nord-charente\/wp-content\/uploads\/sites\/4\/2026\/08\/Saveilles-piano-1.jpg","articleSection":["Actualit\u00e9s"],"inLanguage":"fr-FR","potentialAction":[{"@type":"CommentAction","name":"Comment","target":["https:\/\/charente.catholique.fr\/nord-charente\/actualites\/a-loccasion-des-journees-europeennes-du-patrimoinesamedi-19-septembre-2026\/#respond"]}]},{"@type":"WebPage","@id":"https:\/\/charente.catholique.fr\/nord-charente\/actualites\/a-loccasion-des-journees-europeennes-du-patrimoinesamedi-19-septembre-2026\/","url":"https:\/\/charente.catholique.fr\/nord-charente\/actualites\/a-loccasion-des-journees-europeennes-du-patrimoinesamedi-19-septembre-2026\/","name":"\u00c0 l\u2019occasion des Journ\u00e9es europ\u00e9ennes du Patrimoine,Samedi 19 septembre 2026 - Doyenn\u00e9 Nord Charente","isPartOf":{"@id":"https:\/\/charente.catholique.fr\/nord-charente\/#website"},"primaryImageOfPage":{"@id":"https:\/\/charente.catholique.fr\/nord-charente\/actualites\/a-loccasion-des-journees-europeennes-du-patrimoinesamedi-19-septembre-2026\/#primaryimage"},"image":{"@id":"https:\/\/charente.catholique.fr\/nord-charente\/actualites\/a-loccasion-des-journees-europeennes-du-patrimoinesamedi-19-septembre-2026\/#primaryimage"},"thumbnailUrl":"https:\/\/charente.catholique.fr\/nord-charente\/wp-content\/uploads\/sites\/4\/2026\/08\/Saveilles-piano-1.jpg","datePublished":"2026-08-30T15:45:29+00:00","breadcrumb":{"@id":"https:\/\/charente.catholique.fr\/nord-charente\/actualites\/a-loccasion-des-journees-europeennes-du-patrimoinesamedi-19-septembre-2026\/#breadcrumb"},"inLanguage":"fr-FR","potentialAction":[{"@type":"ReadAction","target":["https:\/\/charente.catholique.fr\/nord-charente\/actualites\/a-loccasion-des-journees-europeennes-du-patrimoinesamedi-19-septembre-2026\/"]}]},{"@type":"ImageObject","inLanguage":"fr-FR","@id":"https:\/\/charente.catholique.fr\/nord-charente\/actualites\/a-loccasion-des-journees-europeennes-du-patrimoinesamedi-19-septembre-2026\/#primaryimage","url":"https:\/\/charente.catholique.fr\/nord-charente\/wp-content\/uploads\/sites\/4\/2026\/08\/Saveilles-piano-1.jpg","contentUrl":"https:\/\/charente.catholique.fr\/nord-charente\/wp-content\/uploads\/sites\/4\/2026\/08\/Saveilles-piano-1.jpg","width":1075,"height":1075},{"@type":"BreadcrumbList","@id":"https:\/\/charente.catholique.fr\/nord-charente\/actualites\/a-loccasion-des-journees-europeennes-du-patrimoinesamedi-19-septembre-2026\/#breadcrumb","itemListElement":[{"@type":"ListItem","position":1,"name":"Accueil","item":"https:\/\/charente.catholique.fr\/nord-charente\/"},{"@type":"ListItem","position":2,"name":"\u00c0 l\u2019occasion des Journ\u00e9es europ\u00e9ennes du Patrimoine,Samedi 19 septembre 2026"}]},{"@type":"WebSite","@id":"https:\/\/charente.catholique.fr\/nord-charente\/#website","url":"https:\/\/charente.catholique.fr\/nord-charente\/","name":"Doyenn\u00e9 Nord Charente - Dioc\u00e8se d'Angoul\u00eame","description":"Dioc\u00e8se d&#039;Angoul\u00eame","publisher":{"@id":"https:\/\/charente.catholique.fr\/nord-charente\/#organization"},"potentialAction":[{"@type":"SearchAction","target":{"@type":"EntryPoint","urlTemplate":"https:\/\/charente.catholique.fr\/nord-charente\/?s={search_term_string}"},"query-input":{"@type":"PropertyValueSpecification","valueRequired":true,"valueName":"search_term_string"}}],"inLanguage":"fr-FR"},{"@type":"Organization","@id":"https:\/\/charente.catholique.fr\/nord-charente\/#organization","name":"Association dioc\u00e9saine d'Angoul\u00eame","url":"https:\/\/charente.catholique.fr\/nord-charente\/","logo":{"@type":"ImageObject","inLanguage":"fr-FR","@id":"https:\/\/charente.catholique.fr\/nord-charente\/#\/schema\/logo\/image\/","url":"https:\/\/charente.catholique.fr\/nord-charente\/wp-content\/uploads\/sites\/4\/2020\/10\/logos.png","contentUrl":"https:\/\/charente.catholique.fr\/nord-charente\/wp-content\/uploads\/sites\/4\/2020\/10\/logos.png","width":600,"height":257,"caption":"Association dioc\u00e9saine d'Angoul\u00eame"},"image":{"@id":"https:\/\/charente.catholique.fr\/nord-charente\/#\/schema\/logo\/image\/"},"sameAs":["https:\/\/www.facebook.com\/EgliseCatholiqueCharente","https:\/\/x.com\/diocesecharente","https:\/\/www.instagram.com\/eglisecharente","https:\/\/www.youtube.com\/channel\/UCByyFWApZbw3gDTiADoiAaQ"]},{"@type":"Person","@id":"https:\/\/charente.catholique.fr\/nord-charente\/#\/schema\/person\/51184492e4abba33e5d768059a70f4db","name":"joelleayrault","image":{"@type":"ImageObject","inLanguage":"fr-FR","@id":"https:\/\/secure.gravatar.com\/avatar\/3bd3977af99690427d59b19ec7b6bd94226de63be5c368ae8d090f2d7f86dd5f?s=96&d=mm&r=g","url":"https:\/\/secure.gravatar.com\/avatar\/3bd3977af99690427d59b19ec7b6bd94226de63be5c368ae8d090f2d7f86dd5f?s=96&d=mm&r=g","contentUrl":"https:\/\/secure.gravatar.com\/avatar\/3bd3977af99690427d59b19ec7b6bd94226de63be5c368ae8d090f2d7f86dd5f?s=96&d=mm&r=g","caption":"joelleayrault"},"url":"https:\/\/charente.catholique.fr\/nord-charente\/author\/joelleayrault\/"}]}},"_links":{"self":[{"href":"https:\/\/charente.catholique.fr\/nord-charente\/wp-json\/wp\/v2\/posts\/11000","targetHints":{"allow":["GET"]}}],"collection":[{"href":"https:\/\/charente.catholique.fr\/nord-charente\/wp-json\/wp\/v2\/posts"}],"about":[{"href":"https:\/\/charente.catholique.fr\/nord-charente\/wp-json\/wp\/v2\/types\/post"}],"author":[{"embeddable":true,"href":"https:\/\/charente.catholique.fr\/nord-charente\/wp-json\/wp\/v2\/users\/38"}],"replies":[{"embeddable":true,"href":"https:\/\/charente.catholique.fr\/nord-charente\/wp-json\/wp\/v2\/comments?post=11000"}],"version-history":[{"count":3,"href":"https:\/\/charente.catholique.fr\/nord-charente\/wp-json\/wp\/v2\/posts\/11000\/revisions"}],"predecessor-version":[{"id":11004,"href":"https:\/\/charente.catholique.fr\/nord-charente\/wp-json\/wp\/v2\/posts\/11000\/revisions\/11004"}],"wp:featuredmedia":[{"embeddable":true,"href":"https:\/\/charente.catholique.fr\/nord-charente\/wp-json\/wp\/v2\/media\/11001"}],"wp:attachment":[{"href":"https:\/\/charente.catholique.fr\/nord-charente\/wp-json\/wp\/v2\/media?parent=11000"}],"wp:term":[{"taxonomy":"category","embeddable":true,"href":"https:\/\/charente.catholique.fr\/nord-charente\/wp-json\/wp\/v2\/categories?post=11000"},{"taxonomy":"post_tag","embeddable":true,"href":"https:\/\/charente.catholique.fr\/nord-charente\/wp-json\/wp\/v2\/tags?post=11000"}],"curies":[{"name":"wp","href":"https:\/\/api.w.org\/{rel}","templated":true}]}}