{"id":1070,"date":"2021-02-19T22:19:17","date_gmt":"2021-02-19T21:19:17","guid":{"rendered":"https:\/\/charente.catholique.fr\/nord-charente\/?p=1070"},"modified":"2021-02-19T22:20:43","modified_gmt":"2021-02-19T21:20:43","slug":"le-chemin-du-christ","status":"publish","type":"post","link":"https:\/\/charente.catholique.fr\/nord-charente\/actualites\/le-chemin-du-christ\/","title":{"rendered":"LE CHEMIN DU CHRIST"},"content":{"rendered":"\n<p class=\"has-text-align-center\">1\u00b0 Dimanche Car\u00eame B. 21-02-21. Mc 1\/12-15<br><\/p>\n\n\n\n<p class=\"has-text-align-center\"><strong>LE CHEMIN DU CHRIST<\/strong><br><\/p>\n\n\n\n<p class=\"has-text-align-center\">Au Bapt\u00eame J\u00e9sus plonge.<br>On pourrait dire &#8216;Il se mouille.&#8217;<br>C&#8217;est un engagement total, une immersion,<br>dans la profondeur douloureuse de ce qu&#8217;est l&#8217;humanit\u00e9,<br>en ce fleuve o\u00f9 les p\u00e8lerins, \u00e0 l&#8217;appel de Jean-Baptiste,<br>sont appel\u00e9s \u00e0 la conversion en confessant leurs p\u00e9ch\u00e9s.<br><strong>J\u00e9sus au Jourdain se fait vraiment Fr\u00e8re des hommes.<\/strong><br>Et l&#8217;Esprit descend sur Lui, premi\u00e8re annonce de la Pentec\u00f4te.<br><\/p>\n\n\n\n<p class=\"has-text-align-center\">Le Chemin du Christ est maintenant clairement fix\u00e9 :<br>C&#8217;est le chemin de l&#8217;homme, de tout homme,<br>avec ses joies, ses \u00e9lans, et puis ses peines, ses d\u00e9tresses.<br><\/p>\n\n\n\n<p class=\"has-text-align-center\">Apr\u00e8s le Bapt\u00eame <strong>&#8220;l&#8217;Esprit le pousse au d\u00e9sert&#8221; :<\/strong><br>le lieu de toutes les solitudes, de tous les vides,<br>le lieu aussi de tous les combats, de toutes les tentations.<br>Comme au Jourdain, c&#8217;est pour J\u00e9sus une plong\u00e9e, une immersion<br>au pays de la fragilit\u00e9 et de la faiblesse de l&#8217;homme.<br>J\u00e9sus vient partager totalement la condition humaine<br>dans un face \u00e0 face permanent avec l&#8217;adversaire, le malin,<br>celui que l&#8217;\u00c9vangile nomme Satan, le serpent du premier jour.<br><strong>J\u00e9sus au d\u00e9sert se fait vraiment Fr\u00e8re des hommes.<\/strong><\/p>\n\n\n\n<p class=\"has-text-align-center\"><br>De d\u00e9sert en d\u00e9sert J\u00e9sus sera pouss\u00e9 par l&#8217;Esprit<br>jusque dans les situations d&#8217;\u00e9preuves les plus douloureuses,<br>jusque dans les plus sombres nuits de l&#8217;agonie et de la mort<br>au Jardin des Oliviers et puis au Golgotha.<br><\/p>\n\n\n\n<p class=\"has-text-align-center\">Nous red\u00e9couvrons alors que nous ne sommes jamais seuls :<br>Si rudes que soient nos chemins, J\u00e9sus est avec nous.<br>J\u00e9sus se fait vraiment notre Fr\u00e8re sur tous nos chemins,<br>ce que Saint Jean-Paul II exprimait de la plus belle fa\u00e7on :<br><strong>&#8220;Le Chemin du Christ c&#8217;est l&#8217;homme&#8221;<\/strong><\/p>\n\n\n\n<p><\/p>\n","protected":false},"excerpt":{"rendered":"<p>1\u00b0 Dimanche Car\u00eame B. 21-02-21. Mc 1\/12-15 LE CHEMIN DU CHRIST Au Bapt\u00eame J\u00e9sus plonge.On pourrait dire &#8216;Il se mouille.&#8217;C&#8217;est un engagement total, une immersion,dans la profondeur douloureuse de ce qu&#8217;est l&#8217;humanit\u00e9,en ce fleuve o\u00f9 les p\u00e8lerins, \u00e0 l&#8217;appel de Jean-Baptiste,sont appel\u00e9s \u00e0 la conversion en confessant leurs p\u00e9ch\u00e9s.J\u00e9sus au Jourdain se fait vraiment Fr\u00e8re [&hellip;]<\/p>\n","protected":false},"author":33,"featured_media":0,"comment_status":"open","ping_status":"open","sticky":false,"template":"","format":"standard","meta":{"_acf_changed":false,"paroisse":["12"],"service":["0"],"footnotes":""},"categories":[1],"tags":[],"class_list":["post-1070","post","type-post","status-publish","format-standard","hentry","category-actualites","validated"],"acf":[],"yoast_head":"<!-- This site is optimized with the Yoast SEO plugin v27.1.1 - https:\/\/yoast.com\/product\/yoast-seo-wordpress\/ -->\n<title>LE CHEMIN DU CHRIST - Doyenn\u00e9 Nord Charente<\/title>\n<meta name=\"robots\" content=\"index, follow, max-snippet:-1, max-image-preview:large, max-video-preview:-1\" \/>\n<link rel=\"canonical\" href=\"https:\/\/charente.catholique.fr\/nord-charente\/actualites\/le-chemin-du-christ\/\" \/>\n<meta property=\"og:locale\" content=\"fr_FR\" \/>\n<meta property=\"og:type\" content=\"article\" \/>\n<meta property=\"og:title\" content=\"LE CHEMIN DU CHRIST - Doyenn\u00e9 Nord Charente\" \/>\n<meta property=\"og:description\" content=\"1\u00b0 Dimanche Car\u00eame B. 21-02-21. Mc 1\/12-15 LE CHEMIN DU CHRIST Au Bapt\u00eame J\u00e9sus plonge.On pourrait dire &#8216;Il se mouille.&#8217;C&#8217;est un engagement total, une immersion,dans la profondeur douloureuse de ce qu&#8217;est l&#8217;humanit\u00e9,en ce fleuve o\u00f9 les p\u00e8lerins, \u00e0 l&#8217;appel de Jean-Baptiste,sont appel\u00e9s \u00e0 la conversion en confessant leurs p\u00e9ch\u00e9s.J\u00e9sus au Jourdain se fait vraiment Fr\u00e8re [&hellip;]\" \/>\n<meta property=\"og:url\" content=\"https:\/\/charente.catholique.fr\/nord-charente\/actualites\/le-chemin-du-christ\/\" \/>\n<meta property=\"og:site_name\" content=\"Doyenn\u00e9 Nord Charente\" \/>\n<meta property=\"article:publisher\" content=\"https:\/\/www.facebook.com\/EgliseCatholiqueCharente\" \/>\n<meta property=\"article:published_time\" content=\"2021-02-19T21:19:17+00:00\" \/>\n<meta property=\"article:modified_time\" content=\"2021-02-19T21:20:43+00:00\" \/>\n<meta name=\"author\" content=\"marysegirard\" \/>\n<meta name=\"twitter:card\" content=\"summary_large_image\" \/>\n<meta name=\"twitter:creator\" content=\"@diocesecharente\" \/>\n<meta name=\"twitter:site\" content=\"@diocesecharente\" \/>\n<meta name=\"twitter:label1\" content=\"\u00c9crit par\" \/>\n\t<meta name=\"twitter:data1\" content=\"marysegirard\" \/>\n\t<meta name=\"twitter:label2\" content=\"Dur\u00e9e de lecture estim\u00e9e\" \/>\n\t<meta name=\"twitter:data2\" content=\"2 minutes\" \/>\n<script type=\"application\/ld+json\" class=\"yoast-schema-graph\">{\"@context\":\"https:\/\/schema.org\",\"@graph\":[{\"@type\":\"Article\",\"@id\":\"https:\/\/charente.catholique.fr\/nord-charente\/actualites\/le-chemin-du-christ\/#article\",\"isPartOf\":{\"@id\":\"https:\/\/charente.catholique.fr\/nord-charente\/actualites\/le-chemin-du-christ\/\"},\"author\":{\"name\":\"marysegirard\",\"@id\":\"https:\/\/charente.catholique.fr\/nord-charente\/#\/schema\/person\/69ec4756bc9b0b3e42e39b6c34de83de\"},\"headline\":\"LE CHEMIN DU CHRIST\",\"datePublished\":\"2021-02-19T21:19:17+00:00\",\"dateModified\":\"2021-02-19T21:20:43+00:00\",\"mainEntityOfPage\":{\"@id\":\"https:\/\/charente.catholique.fr\/nord-charente\/actualites\/le-chemin-du-christ\/\"},\"wordCount\":312,\"commentCount\":0,\"publisher\":{\"@id\":\"https:\/\/charente.catholique.fr\/nord-charente\/#organization\"},\"articleSection\":[\"Actualit\u00e9s\"],\"inLanguage\":\"fr-FR\",\"potentialAction\":[{\"@type\":\"CommentAction\",\"name\":\"Comment\",\"target\":[\"https:\/\/charente.catholique.fr\/nord-charente\/actualites\/le-chemin-du-christ\/#respond\"]}]},{\"@type\":\"WebPage\",\"@id\":\"https:\/\/charente.catholique.fr\/nord-charente\/actualites\/le-chemin-du-christ\/\",\"url\":\"https:\/\/charente.catholique.fr\/nord-charente\/actualites\/le-chemin-du-christ\/\",\"name\":\"LE CHEMIN DU CHRIST - Doyenn\u00e9 Nord Charente\",\"isPartOf\":{\"@id\":\"https:\/\/charente.catholique.fr\/nord-charente\/#website\"},\"datePublished\":\"2021-02-19T21:19:17+00:00\",\"dateModified\":\"2021-02-19T21:20:43+00:00\",\"breadcrumb\":{\"@id\":\"https:\/\/charente.catholique.fr\/nord-charente\/actualites\/le-chemin-du-christ\/#breadcrumb\"},\"inLanguage\":\"fr-FR\",\"potentialAction\":[{\"@type\":\"ReadAction\",\"target\":[\"https:\/\/charente.catholique.fr\/nord-charente\/actualites\/le-chemin-du-christ\/\"]}]},{\"@type\":\"BreadcrumbList\",\"@id\":\"https:\/\/charente.catholique.fr\/nord-charente\/actualites\/le-chemin-du-christ\/#breadcrumb\",\"itemListElement\":[{\"@type\":\"ListItem\",\"position\":1,\"name\":\"Accueil\",\"item\":\"https:\/\/charente.catholique.fr\/nord-charente\/\"},{\"@type\":\"ListItem\",\"position\":2,\"name\":\"LE CHEMIN DU CHRIST\"}]},{\"@type\":\"WebSite\",\"@id\":\"https:\/\/charente.catholique.fr\/nord-charente\/#website\",\"url\":\"https:\/\/charente.catholique.fr\/nord-charente\/\",\"name\":\"Doyenn\u00e9 Nord Charente - Dioc\u00e8se d'Angoul\u00eame\",\"description\":\"Dioc\u00e8se d&#039;Angoul\u00eame\",\"publisher\":{\"@id\":\"https:\/\/charente.catholique.fr\/nord-charente\/#organization\"},\"potentialAction\":[{\"@type\":\"SearchAction\",\"target\":{\"@type\":\"EntryPoint\",\"urlTemplate\":\"https:\/\/charente.catholique.fr\/nord-charente\/?s={search_term_string}\"},\"query-input\":{\"@type\":\"PropertyValueSpecification\",\"valueRequired\":true,\"valueName\":\"search_term_string\"}}],\"inLanguage\":\"fr-FR\"},{\"@type\":\"Organization\",\"@id\":\"https:\/\/charente.catholique.fr\/nord-charente\/#organization\",\"name\":\"Association dioc\u00e9saine d'Angoul\u00eame\",\"url\":\"https:\/\/charente.catholique.fr\/nord-charente\/\",\"logo\":{\"@type\":\"ImageObject\",\"inLanguage\":\"fr-FR\",\"@id\":\"https:\/\/charente.catholique.fr\/nord-charente\/#\/schema\/logo\/image\/\",\"url\":\"https:\/\/charente.catholique.fr\/nord-charente\/wp-content\/uploads\/sites\/4\/2020\/10\/logos.png\",\"contentUrl\":\"https:\/\/charente.catholique.fr\/nord-charente\/wp-content\/uploads\/sites\/4\/2020\/10\/logos.png\",\"width\":600,\"height\":257,\"caption\":\"Association dioc\u00e9saine d'Angoul\u00eame\"},\"image\":{\"@id\":\"https:\/\/charente.catholique.fr\/nord-charente\/#\/schema\/logo\/image\/\"},\"sameAs\":[\"https:\/\/www.facebook.com\/EgliseCatholiqueCharente\",\"https:\/\/x.com\/diocesecharente\",\"https:\/\/www.instagram.com\/eglisecharente\",\"https:\/\/www.youtube.com\/channel\/UCByyFWApZbw3gDTiADoiAaQ\"]},{\"@type\":\"Person\",\"@id\":\"https:\/\/charente.catholique.fr\/nord-charente\/#\/schema\/person\/69ec4756bc9b0b3e42e39b6c34de83de\",\"name\":\"marysegirard\",\"image\":{\"@type\":\"ImageObject\",\"inLanguage\":\"fr-FR\",\"@id\":\"https:\/\/charente.catholique.fr\/nord-charente\/#\/schema\/person\/image\/\",\"url\":\"https:\/\/secure.gravatar.com\/avatar\/2d1448628fc788cbf01dbabfa0628b3257d9c79175ca834e520c4769584511d5?s=96&d=mm&r=g\",\"contentUrl\":\"https:\/\/secure.gravatar.com\/avatar\/2d1448628fc788cbf01dbabfa0628b3257d9c79175ca834e520c4769584511d5?s=96&d=mm&r=g\",\"caption\":\"marysegirard\"},\"sameAs\":[\"https:\/\/charente.catholique.fr\/nord-charente\/\"],\"url\":\"https:\/\/charente.catholique.fr\/nord-charente\/author\/marysegirard\/\"}]}<\/script>\n<!-- \/ Yoast SEO plugin. -->","yoast_head_json":{"title":"LE CHEMIN DU CHRIST - Doyenn\u00e9 Nord Charente","robots":{"index":"index","follow":"follow","max-snippet":"max-snippet:-1","max-image-preview":"max-image-preview:large","max-video-preview":"max-video-preview:-1"},"canonical":"https:\/\/charente.catholique.fr\/nord-charente\/actualites\/le-chemin-du-christ\/","og_locale":"fr_FR","og_type":"article","og_title":"LE CHEMIN DU CHRIST - Doyenn\u00e9 Nord Charente","og_description":"1\u00b0 Dimanche Car\u00eame B. 21-02-21. Mc 1\/12-15 LE CHEMIN DU CHRIST Au Bapt\u00eame J\u00e9sus plonge.On pourrait dire &#8216;Il se mouille.&#8217;C&#8217;est un engagement total, une immersion,dans la profondeur douloureuse de ce qu&#8217;est l&#8217;humanit\u00e9,en ce fleuve o\u00f9 les p\u00e8lerins, \u00e0 l&#8217;appel de Jean-Baptiste,sont appel\u00e9s \u00e0 la conversion en confessant leurs p\u00e9ch\u00e9s.J\u00e9sus au Jourdain se fait vraiment Fr\u00e8re [&hellip;]","og_url":"https:\/\/charente.catholique.fr\/nord-charente\/actualites\/le-chemin-du-christ\/","og_site_name":"Doyenn\u00e9 Nord Charente","article_publisher":"https:\/\/www.facebook.com\/EgliseCatholiqueCharente","article_published_time":"2021-02-19T21:19:17+00:00","article_modified_time":"2021-02-19T21:20:43+00:00","author":"marysegirard","twitter_card":"summary_large_image","twitter_creator":"@diocesecharente","twitter_site":"@diocesecharente","twitter_misc":{"\u00c9crit par":"marysegirard","Dur\u00e9e de lecture estim\u00e9e":"2 minutes"},"schema":{"@context":"https:\/\/schema.org","@graph":[{"@type":"Article","@id":"https:\/\/charente.catholique.fr\/nord-charente\/actualites\/le-chemin-du-christ\/#article","isPartOf":{"@id":"https:\/\/charente.catholique.fr\/nord-charente\/actualites\/le-chemin-du-christ\/"},"author":{"name":"marysegirard","@id":"https:\/\/charente.catholique.fr\/nord-charente\/#\/schema\/person\/69ec4756bc9b0b3e42e39b6c34de83de"},"headline":"LE CHEMIN DU CHRIST","datePublished":"2021-02-19T21:19:17+00:00","dateModified":"2021-02-19T21:20:43+00:00","mainEntityOfPage":{"@id":"https:\/\/charente.catholique.fr\/nord-charente\/actualites\/le-chemin-du-christ\/"},"wordCount":312,"commentCount":0,"publisher":{"@id":"https:\/\/charente.catholique.fr\/nord-charente\/#organization"},"articleSection":["Actualit\u00e9s"],"inLanguage":"fr-FR","potentialAction":[{"@type":"CommentAction","name":"Comment","target":["https:\/\/charente.catholique.fr\/nord-charente\/actualites\/le-chemin-du-christ\/#respond"]}]},{"@type":"WebPage","@id":"https:\/\/charente.catholique.fr\/nord-charente\/actualites\/le-chemin-du-christ\/","url":"https:\/\/charente.catholique.fr\/nord-charente\/actualites\/le-chemin-du-christ\/","name":"LE CHEMIN DU CHRIST - Doyenn\u00e9 Nord Charente","isPartOf":{"@id":"https:\/\/charente.catholique.fr\/nord-charente\/#website"},"datePublished":"2021-02-19T21:19:17+00:00","dateModified":"2021-02-19T21:20:43+00:00","breadcrumb":{"@id":"https:\/\/charente.catholique.fr\/nord-charente\/actualites\/le-chemin-du-christ\/#breadcrumb"},"inLanguage":"fr-FR","potentialAction":[{"@type":"ReadAction","target":["https:\/\/charente.catholique.fr\/nord-charente\/actualites\/le-chemin-du-christ\/"]}]},{"@type":"BreadcrumbList","@id":"https:\/\/charente.catholique.fr\/nord-charente\/actualites\/le-chemin-du-christ\/#breadcrumb","itemListElement":[{"@type":"ListItem","position":1,"name":"Accueil","item":"https:\/\/charente.catholique.fr\/nord-charente\/"},{"@type":"ListItem","position":2,"name":"LE CHEMIN DU CHRIST"}]},{"@type":"WebSite","@id":"https:\/\/charente.catholique.fr\/nord-charente\/#website","url":"https:\/\/charente.catholique.fr\/nord-charente\/","name":"Doyenn\u00e9 Nord Charente - Dioc\u00e8se d'Angoul\u00eame","description":"Dioc\u00e8se d&#039;Angoul\u00eame","publisher":{"@id":"https:\/\/charente.catholique.fr\/nord-charente\/#organization"},"potentialAction":[{"@type":"SearchAction","target":{"@type":"EntryPoint","urlTemplate":"https:\/\/charente.catholique.fr\/nord-charente\/?s={search_term_string}"},"query-input":{"@type":"PropertyValueSpecification","valueRequired":true,"valueName":"search_term_string"}}],"inLanguage":"fr-FR"},{"@type":"Organization","@id":"https:\/\/charente.catholique.fr\/nord-charente\/#organization","name":"Association dioc\u00e9saine d'Angoul\u00eame","url":"https:\/\/charente.catholique.fr\/nord-charente\/","logo":{"@type":"ImageObject","inLanguage":"fr-FR","@id":"https:\/\/charente.catholique.fr\/nord-charente\/#\/schema\/logo\/image\/","url":"https:\/\/charente.catholique.fr\/nord-charente\/wp-content\/uploads\/sites\/4\/2020\/10\/logos.png","contentUrl":"https:\/\/charente.catholique.fr\/nord-charente\/wp-content\/uploads\/sites\/4\/2020\/10\/logos.png","width":600,"height":257,"caption":"Association dioc\u00e9saine d'Angoul\u00eame"},"image":{"@id":"https:\/\/charente.catholique.fr\/nord-charente\/#\/schema\/logo\/image\/"},"sameAs":["https:\/\/www.facebook.com\/EgliseCatholiqueCharente","https:\/\/x.com\/diocesecharente","https:\/\/www.instagram.com\/eglisecharente","https:\/\/www.youtube.com\/channel\/UCByyFWApZbw3gDTiADoiAaQ"]},{"@type":"Person","@id":"https:\/\/charente.catholique.fr\/nord-charente\/#\/schema\/person\/69ec4756bc9b0b3e42e39b6c34de83de","name":"marysegirard","image":{"@type":"ImageObject","inLanguage":"fr-FR","@id":"https:\/\/charente.catholique.fr\/nord-charente\/#\/schema\/person\/image\/","url":"https:\/\/secure.gravatar.com\/avatar\/2d1448628fc788cbf01dbabfa0628b3257d9c79175ca834e520c4769584511d5?s=96&d=mm&r=g","contentUrl":"https:\/\/secure.gravatar.com\/avatar\/2d1448628fc788cbf01dbabfa0628b3257d9c79175ca834e520c4769584511d5?s=96&d=mm&r=g","caption":"marysegirard"},"sameAs":["https:\/\/charente.catholique.fr\/nord-charente\/"],"url":"https:\/\/charente.catholique.fr\/nord-charente\/author\/marysegirard\/"}]}},"_links":{"self":[{"href":"https:\/\/charente.catholique.fr\/nord-charente\/wp-json\/wp\/v2\/posts\/1070","targetHints":{"allow":["GET"]}}],"collection":[{"href":"https:\/\/charente.catholique.fr\/nord-charente\/wp-json\/wp\/v2\/posts"}],"about":[{"href":"https:\/\/charente.catholique.fr\/nord-charente\/wp-json\/wp\/v2\/types\/post"}],"author":[{"embeddable":true,"href":"https:\/\/charente.catholique.fr\/nord-charente\/wp-json\/wp\/v2\/users\/33"}],"replies":[{"embeddable":true,"href":"https:\/\/charente.catholique.fr\/nord-charente\/wp-json\/wp\/v2\/comments?post=1070"}],"version-history":[{"count":2,"href":"https:\/\/charente.catholique.fr\/nord-charente\/wp-json\/wp\/v2\/posts\/1070\/revisions"}],"predecessor-version":[{"id":1072,"href":"https:\/\/charente.catholique.fr\/nord-charente\/wp-json\/wp\/v2\/posts\/1070\/revisions\/1072"}],"wp:attachment":[{"href":"https:\/\/charente.catholique.fr\/nord-charente\/wp-json\/wp\/v2\/media?parent=1070"}],"wp:term":[{"taxonomy":"category","embeddable":true,"href":"https:\/\/charente.catholique.fr\/nord-charente\/wp-json\/wp\/v2\/categories?post=1070"},{"taxonomy":"post_tag","embeddable":true,"href":"https:\/\/charente.catholique.fr\/nord-charente\/wp-json\/wp\/v2\/tags?post=1070"}],"curies":[{"name":"wp","href":"https:\/\/api.w.org\/{rel}","templated":true}]}}