{"id":10423,"date":"2026-04-30T19:24:59","date_gmt":"2026-04-30T17:24:59","guid":{"rendered":"https:\/\/charente.catholique.fr\/nord-charente\/?p=10423"},"modified":"2026-04-30T19:25:00","modified_gmt":"2026-04-30T17:25:00","slug":"messes-du-mois-mai-2026","status":"publish","type":"post","link":"https:\/\/charente.catholique.fr\/nord-charente\/actualites\/messes-du-mois-mai-2026\/","title":{"rendered":"Messes du mois mai 2026"},"content":{"rendered":"\n<p><strong>Vendredi 1<sup>er<\/sup> mai P\u00e8lerinage dioc\u00e9sain \u00e0 Aizecq \u00e0 partir de 9h00<\/strong><\/p>\n\n\n\n<figure class=\"wp-block-table\"><table class=\"has-fixed-layout\"><tbody><tr><td><strong>Samedi 18h30<\/strong><strong><\/strong><\/td><td><strong>Dimanche 10h30<\/strong><strong><\/strong><\/td><\/tr><tr><td>&nbsp; 2 Fontclaireau<\/td><td>&nbsp; 3 Mansle<\/td><\/tr><tr><td>&nbsp; 9 Coulonges<\/td><td>&nbsp;10 Mansle<\/td><\/tr><tr><td>&nbsp;16 &nbsp;Juill\u00e9<\/td><td>&nbsp;17 Mansle<\/td><\/tr><tr><td>23 Villognon<\/td><td>&nbsp;24 Mansle Pentec\u00f4te<\/td><\/tr><tr><td>30 Couture<\/td><td>&nbsp;31 Mansle<\/td><\/tr><\/tbody><\/table><\/figure>\n\n\n\n<p><strong>Jeudi 14 mai 10h30 Ascension Puymerle<\/strong><\/p>\n\n\n\n<p><\/p>\n","protected":false},"excerpt":{"rendered":"<p>Vendredi 1er mai P\u00e8lerinage dioc\u00e9sain \u00e0 Aizecq \u00e0 partir de 9h00 Samedi 18h30 Dimanche 10h30 &nbsp; 2 Fontclaireau &nbsp; 3 Mansle &nbsp; 9 Coulonges &nbsp;10 Mansle &nbsp;16 &nbsp;Juill\u00e9 &nbsp;17 Mansle 23 Villognon &nbsp;24 Mansle Pentec\u00f4te 30 Couture &nbsp;31 Mansle Jeudi 14 mai 10h30 Ascension Puymerle<\/p>\n","protected":false},"author":40,"featured_media":0,"comment_status":"open","ping_status":"open","sticky":false,"template":"","format":"standard","meta":{"_acf_changed":false,"paroisse":["13"],"service":[],"footnotes":""},"categories":[1,10,2],"tags":[],"class_list":["post-10423","post","type-post","status-publish","format-standard","hentry","category-actualites","category-doyenne","category-mansle","validated"],"acf":[],"yoast_head":"<!-- This site is optimized with the Yoast SEO plugin v27.1.1 - https:\/\/yoast.com\/product\/yoast-seo-wordpress\/ -->\n<title>Messes du mois mai 2026 - Doyenn\u00e9 Nord Charente<\/title>\n<meta name=\"robots\" content=\"index, follow, max-snippet:-1, max-image-preview:large, max-video-preview:-1\" \/>\n<link rel=\"canonical\" href=\"https:\/\/charente.catholique.fr\/nord-charente\/actualites\/messes-du-mois-mai-2026\/\" \/>\n<meta property=\"og:locale\" content=\"fr_FR\" \/>\n<meta property=\"og:type\" content=\"article\" \/>\n<meta property=\"og:title\" content=\"Messes du mois mai 2026 - Doyenn\u00e9 Nord Charente\" \/>\n<meta property=\"og:description\" content=\"Vendredi 1er mai P\u00e8lerinage dioc\u00e9sain \u00e0 Aizecq \u00e0 partir de 9h00 Samedi 18h30 Dimanche 10h30 &nbsp; 2 Fontclaireau &nbsp; 3 Mansle &nbsp; 9 Coulonges &nbsp;10 Mansle &nbsp;16 &nbsp;Juill\u00e9 &nbsp;17 Mansle 23 Villognon &nbsp;24 Mansle Pentec\u00f4te 30 Couture &nbsp;31 Mansle Jeudi 14 mai 10h30 Ascension Puymerle\" \/>\n<meta property=\"og:url\" content=\"https:\/\/charente.catholique.fr\/nord-charente\/actualites\/messes-du-mois-mai-2026\/\" \/>\n<meta property=\"og:site_name\" content=\"Doyenn\u00e9 Nord Charente\" \/>\n<meta property=\"article:publisher\" content=\"https:\/\/www.facebook.com\/EgliseCatholiqueCharente\" \/>\n<meta property=\"article:published_time\" content=\"2026-04-30T17:24:59+00:00\" \/>\n<meta property=\"article:modified_time\" content=\"2026-04-30T17:25:00+00:00\" \/>\n<meta name=\"author\" content=\"francoischartier\" \/>\n<meta name=\"twitter:card\" content=\"summary_large_image\" \/>\n<meta name=\"twitter:creator\" content=\"@diocesecharente\" \/>\n<meta name=\"twitter:site\" content=\"@diocesecharente\" \/>\n<meta name=\"twitter:label1\" content=\"\u00c9crit par\" \/>\n\t<meta name=\"twitter:data1\" content=\"francoischartier\" \/>\n\t<meta name=\"twitter:label2\" content=\"Dur\u00e9e de lecture estim\u00e9e\" \/>\n\t<meta name=\"twitter:data2\" content=\"1 minute\" \/>\n<script type=\"application\/ld+json\" class=\"yoast-schema-graph\">{\"@context\":\"https:\/\/schema.org\",\"@graph\":[{\"@type\":\"Article\",\"@id\":\"https:\/\/charente.catholique.fr\/nord-charente\/actualites\/messes-du-mois-mai-2026\/#article\",\"isPartOf\":{\"@id\":\"https:\/\/charente.catholique.fr\/nord-charente\/actualites\/messes-du-mois-mai-2026\/\"},\"author\":{\"name\":\"francoischartier\",\"@id\":\"https:\/\/charente.catholique.fr\/nord-charente\/#\/schema\/person\/7fd65c37c8269b35ee1af50beb3b6aef\"},\"headline\":\"Messes du mois mai 2026\",\"datePublished\":\"2026-04-30T17:24:59+00:00\",\"dateModified\":\"2026-04-30T17:25:00+00:00\",\"mainEntityOfPage\":{\"@id\":\"https:\/\/charente.catholique.fr\/nord-charente\/actualites\/messes-du-mois-mai-2026\/\"},\"wordCount\":45,\"commentCount\":0,\"publisher\":{\"@id\":\"https:\/\/charente.catholique.fr\/nord-charente\/#organization\"},\"articleSection\":[\"Actualit\u00e9s\",\"doyenn\u00e9\",\"Mansle\"],\"inLanguage\":\"fr-FR\",\"potentialAction\":[{\"@type\":\"CommentAction\",\"name\":\"Comment\",\"target\":[\"https:\/\/charente.catholique.fr\/nord-charente\/actualites\/messes-du-mois-mai-2026\/#respond\"]}]},{\"@type\":\"WebPage\",\"@id\":\"https:\/\/charente.catholique.fr\/nord-charente\/actualites\/messes-du-mois-mai-2026\/\",\"url\":\"https:\/\/charente.catholique.fr\/nord-charente\/actualites\/messes-du-mois-mai-2026\/\",\"name\":\"Messes du mois mai 2026 - Doyenn\u00e9 Nord Charente\",\"isPartOf\":{\"@id\":\"https:\/\/charente.catholique.fr\/nord-charente\/#website\"},\"datePublished\":\"2026-04-30T17:24:59+00:00\",\"dateModified\":\"2026-04-30T17:25:00+00:00\",\"breadcrumb\":{\"@id\":\"https:\/\/charente.catholique.fr\/nord-charente\/actualites\/messes-du-mois-mai-2026\/#breadcrumb\"},\"inLanguage\":\"fr-FR\",\"potentialAction\":[{\"@type\":\"ReadAction\",\"target\":[\"https:\/\/charente.catholique.fr\/nord-charente\/actualites\/messes-du-mois-mai-2026\/\"]}]},{\"@type\":\"BreadcrumbList\",\"@id\":\"https:\/\/charente.catholique.fr\/nord-charente\/actualites\/messes-du-mois-mai-2026\/#breadcrumb\",\"itemListElement\":[{\"@type\":\"ListItem\",\"position\":1,\"name\":\"Accueil\",\"item\":\"https:\/\/charente.catholique.fr\/nord-charente\/\"},{\"@type\":\"ListItem\",\"position\":2,\"name\":\"Messes du mois mai 2026\"}]},{\"@type\":\"WebSite\",\"@id\":\"https:\/\/charente.catholique.fr\/nord-charente\/#website\",\"url\":\"https:\/\/charente.catholique.fr\/nord-charente\/\",\"name\":\"Doyenn\u00e9 Nord Charente - Dioc\u00e8se d'Angoul\u00eame\",\"description\":\"Dioc\u00e8se d&#039;Angoul\u00eame\",\"publisher\":{\"@id\":\"https:\/\/charente.catholique.fr\/nord-charente\/#organization\"},\"potentialAction\":[{\"@type\":\"SearchAction\",\"target\":{\"@type\":\"EntryPoint\",\"urlTemplate\":\"https:\/\/charente.catholique.fr\/nord-charente\/?s={search_term_string}\"},\"query-input\":{\"@type\":\"PropertyValueSpecification\",\"valueRequired\":true,\"valueName\":\"search_term_string\"}}],\"inLanguage\":\"fr-FR\"},{\"@type\":\"Organization\",\"@id\":\"https:\/\/charente.catholique.fr\/nord-charente\/#organization\",\"name\":\"Association dioc\u00e9saine d'Angoul\u00eame\",\"url\":\"https:\/\/charente.catholique.fr\/nord-charente\/\",\"logo\":{\"@type\":\"ImageObject\",\"inLanguage\":\"fr-FR\",\"@id\":\"https:\/\/charente.catholique.fr\/nord-charente\/#\/schema\/logo\/image\/\",\"url\":\"https:\/\/charente.catholique.fr\/nord-charente\/wp-content\/uploads\/sites\/4\/2020\/10\/logos.png\",\"contentUrl\":\"https:\/\/charente.catholique.fr\/nord-charente\/wp-content\/uploads\/sites\/4\/2020\/10\/logos.png\",\"width\":600,\"height\":257,\"caption\":\"Association dioc\u00e9saine d'Angoul\u00eame\"},\"image\":{\"@id\":\"https:\/\/charente.catholique.fr\/nord-charente\/#\/schema\/logo\/image\/\"},\"sameAs\":[\"https:\/\/www.facebook.com\/EgliseCatholiqueCharente\",\"https:\/\/x.com\/diocesecharente\",\"https:\/\/www.instagram.com\/eglisecharente\",\"https:\/\/www.youtube.com\/channel\/UCByyFWApZbw3gDTiADoiAaQ\"]},{\"@type\":\"Person\",\"@id\":\"https:\/\/charente.catholique.fr\/nord-charente\/#\/schema\/person\/7fd65c37c8269b35ee1af50beb3b6aef\",\"name\":\"francoischartier\",\"image\":{\"@type\":\"ImageObject\",\"inLanguage\":\"fr-FR\",\"@id\":\"https:\/\/charente.catholique.fr\/nord-charente\/#\/schema\/person\/image\/\",\"url\":\"https:\/\/secure.gravatar.com\/avatar\/9eec05a742787d49cdadb00ee510e88e9971e96dba2eb042f4233df45add8fd1?s=96&d=mm&r=g\",\"contentUrl\":\"https:\/\/secure.gravatar.com\/avatar\/9eec05a742787d49cdadb00ee510e88e9971e96dba2eb042f4233df45add8fd1?s=96&d=mm&r=g\",\"caption\":\"francoischartier\"},\"description\":\"06 82 10 86 89\",\"url\":\"https:\/\/charente.catholique.fr\/nord-charente\/author\/francoischartier\/\"}]}<\/script>\n<!-- \/ Yoast SEO plugin. -->","yoast_head_json":{"title":"Messes du mois mai 2026 - Doyenn\u00e9 Nord Charente","robots":{"index":"index","follow":"follow","max-snippet":"max-snippet:-1","max-image-preview":"max-image-preview:large","max-video-preview":"max-video-preview:-1"},"canonical":"https:\/\/charente.catholique.fr\/nord-charente\/actualites\/messes-du-mois-mai-2026\/","og_locale":"fr_FR","og_type":"article","og_title":"Messes du mois mai 2026 - Doyenn\u00e9 Nord Charente","og_description":"Vendredi 1er mai P\u00e8lerinage dioc\u00e9sain \u00e0 Aizecq \u00e0 partir de 9h00 Samedi 18h30 Dimanche 10h30 &nbsp; 2 Fontclaireau &nbsp; 3 Mansle &nbsp; 9 Coulonges &nbsp;10 Mansle &nbsp;16 &nbsp;Juill\u00e9 &nbsp;17 Mansle 23 Villognon &nbsp;24 Mansle Pentec\u00f4te 30 Couture &nbsp;31 Mansle Jeudi 14 mai 10h30 Ascension Puymerle","og_url":"https:\/\/charente.catholique.fr\/nord-charente\/actualites\/messes-du-mois-mai-2026\/","og_site_name":"Doyenn\u00e9 Nord Charente","article_publisher":"https:\/\/www.facebook.com\/EgliseCatholiqueCharente","article_published_time":"2026-04-30T17:24:59+00:00","article_modified_time":"2026-04-30T17:25:00+00:00","author":"francoischartier","twitter_card":"summary_large_image","twitter_creator":"@diocesecharente","twitter_site":"@diocesecharente","twitter_misc":{"\u00c9crit par":"francoischartier","Dur\u00e9e de lecture estim\u00e9e":"1 minute"},"schema":{"@context":"https:\/\/schema.org","@graph":[{"@type":"Article","@id":"https:\/\/charente.catholique.fr\/nord-charente\/actualites\/messes-du-mois-mai-2026\/#article","isPartOf":{"@id":"https:\/\/charente.catholique.fr\/nord-charente\/actualites\/messes-du-mois-mai-2026\/"},"author":{"name":"francoischartier","@id":"https:\/\/charente.catholique.fr\/nord-charente\/#\/schema\/person\/7fd65c37c8269b35ee1af50beb3b6aef"},"headline":"Messes du mois mai 2026","datePublished":"2026-04-30T17:24:59+00:00","dateModified":"2026-04-30T17:25:00+00:00","mainEntityOfPage":{"@id":"https:\/\/charente.catholique.fr\/nord-charente\/actualites\/messes-du-mois-mai-2026\/"},"wordCount":45,"commentCount":0,"publisher":{"@id":"https:\/\/charente.catholique.fr\/nord-charente\/#organization"},"articleSection":["Actualit\u00e9s","doyenn\u00e9","Mansle"],"inLanguage":"fr-FR","potentialAction":[{"@type":"CommentAction","name":"Comment","target":["https:\/\/charente.catholique.fr\/nord-charente\/actualites\/messes-du-mois-mai-2026\/#respond"]}]},{"@type":"WebPage","@id":"https:\/\/charente.catholique.fr\/nord-charente\/actualites\/messes-du-mois-mai-2026\/","url":"https:\/\/charente.catholique.fr\/nord-charente\/actualites\/messes-du-mois-mai-2026\/","name":"Messes du mois mai 2026 - Doyenn\u00e9 Nord Charente","isPartOf":{"@id":"https:\/\/charente.catholique.fr\/nord-charente\/#website"},"datePublished":"2026-04-30T17:24:59+00:00","dateModified":"2026-04-30T17:25:00+00:00","breadcrumb":{"@id":"https:\/\/charente.catholique.fr\/nord-charente\/actualites\/messes-du-mois-mai-2026\/#breadcrumb"},"inLanguage":"fr-FR","potentialAction":[{"@type":"ReadAction","target":["https:\/\/charente.catholique.fr\/nord-charente\/actualites\/messes-du-mois-mai-2026\/"]}]},{"@type":"BreadcrumbList","@id":"https:\/\/charente.catholique.fr\/nord-charente\/actualites\/messes-du-mois-mai-2026\/#breadcrumb","itemListElement":[{"@type":"ListItem","position":1,"name":"Accueil","item":"https:\/\/charente.catholique.fr\/nord-charente\/"},{"@type":"ListItem","position":2,"name":"Messes du mois mai 2026"}]},{"@type":"WebSite","@id":"https:\/\/charente.catholique.fr\/nord-charente\/#website","url":"https:\/\/charente.catholique.fr\/nord-charente\/","name":"Doyenn\u00e9 Nord Charente - Dioc\u00e8se d'Angoul\u00eame","description":"Dioc\u00e8se d&#039;Angoul\u00eame","publisher":{"@id":"https:\/\/charente.catholique.fr\/nord-charente\/#organization"},"potentialAction":[{"@type":"SearchAction","target":{"@type":"EntryPoint","urlTemplate":"https:\/\/charente.catholique.fr\/nord-charente\/?s={search_term_string}"},"query-input":{"@type":"PropertyValueSpecification","valueRequired":true,"valueName":"search_term_string"}}],"inLanguage":"fr-FR"},{"@type":"Organization","@id":"https:\/\/charente.catholique.fr\/nord-charente\/#organization","name":"Association dioc\u00e9saine d'Angoul\u00eame","url":"https:\/\/charente.catholique.fr\/nord-charente\/","logo":{"@type":"ImageObject","inLanguage":"fr-FR","@id":"https:\/\/charente.catholique.fr\/nord-charente\/#\/schema\/logo\/image\/","url":"https:\/\/charente.catholique.fr\/nord-charente\/wp-content\/uploads\/sites\/4\/2020\/10\/logos.png","contentUrl":"https:\/\/charente.catholique.fr\/nord-charente\/wp-content\/uploads\/sites\/4\/2020\/10\/logos.png","width":600,"height":257,"caption":"Association dioc\u00e9saine d'Angoul\u00eame"},"image":{"@id":"https:\/\/charente.catholique.fr\/nord-charente\/#\/schema\/logo\/image\/"},"sameAs":["https:\/\/www.facebook.com\/EgliseCatholiqueCharente","https:\/\/x.com\/diocesecharente","https:\/\/www.instagram.com\/eglisecharente","https:\/\/www.youtube.com\/channel\/UCByyFWApZbw3gDTiADoiAaQ"]},{"@type":"Person","@id":"https:\/\/charente.catholique.fr\/nord-charente\/#\/schema\/person\/7fd65c37c8269b35ee1af50beb3b6aef","name":"francoischartier","image":{"@type":"ImageObject","inLanguage":"fr-FR","@id":"https:\/\/charente.catholique.fr\/nord-charente\/#\/schema\/person\/image\/","url":"https:\/\/secure.gravatar.com\/avatar\/9eec05a742787d49cdadb00ee510e88e9971e96dba2eb042f4233df45add8fd1?s=96&d=mm&r=g","contentUrl":"https:\/\/secure.gravatar.com\/avatar\/9eec05a742787d49cdadb00ee510e88e9971e96dba2eb042f4233df45add8fd1?s=96&d=mm&r=g","caption":"francoischartier"},"description":"06 82 10 86 89","url":"https:\/\/charente.catholique.fr\/nord-charente\/author\/francoischartier\/"}]}},"_links":{"self":[{"href":"https:\/\/charente.catholique.fr\/nord-charente\/wp-json\/wp\/v2\/posts\/10423","targetHints":{"allow":["GET"]}}],"collection":[{"href":"https:\/\/charente.catholique.fr\/nord-charente\/wp-json\/wp\/v2\/posts"}],"about":[{"href":"https:\/\/charente.catholique.fr\/nord-charente\/wp-json\/wp\/v2\/types\/post"}],"author":[{"embeddable":true,"href":"https:\/\/charente.catholique.fr\/nord-charente\/wp-json\/wp\/v2\/users\/40"}],"replies":[{"embeddable":true,"href":"https:\/\/charente.catholique.fr\/nord-charente\/wp-json\/wp\/v2\/comments?post=10423"}],"version-history":[{"count":1,"href":"https:\/\/charente.catholique.fr\/nord-charente\/wp-json\/wp\/v2\/posts\/10423\/revisions"}],"predecessor-version":[{"id":10424,"href":"https:\/\/charente.catholique.fr\/nord-charente\/wp-json\/wp\/v2\/posts\/10423\/revisions\/10424"}],"wp:attachment":[{"href":"https:\/\/charente.catholique.fr\/nord-charente\/wp-json\/wp\/v2\/media?parent=10423"}],"wp:term":[{"taxonomy":"category","embeddable":true,"href":"https:\/\/charente.catholique.fr\/nord-charente\/wp-json\/wp\/v2\/categories?post=10423"},{"taxonomy":"post_tag","embeddable":true,"href":"https:\/\/charente.catholique.fr\/nord-charente\/wp-json\/wp\/v2\/tags?post=10423"}],"curies":[{"name":"wp","href":"https:\/\/api.w.org\/{rel}","templated":true}]}}