{"id":10188,"date":"2026-03-29T21:59:35","date_gmt":"2026-03-29T19:59:35","guid":{"rendered":"https:\/\/charente.catholique.fr\/nord-charente\/?p=10188"},"modified":"2026-03-29T21:59:36","modified_gmt":"2026-03-29T19:59:36","slug":"semaine-sainte-eglise-saint-pierre-de-villefagnan","status":"publish","type":"post","link":"https:\/\/charente.catholique.fr\/nord-charente\/actualites\/semaine-sainte-eglise-saint-pierre-de-villefagnan\/","title":{"rendered":"Semaine Sainte \u00e9glise Saint Pierre de Villefagnan."},"content":{"rendered":"\n<p><\/p>\n\n\n\n<p><\/p>\n\n\n\n<p class=\"has-text-align-center has-large-font-size\"><\/p>\n\n\n\n<p class=\"has-medium-font-size\"><strong>-Dimanche  29 mars 2026 Messe des Rameaux \u00e0 10h30<\/strong><\/p>\n\n\n\n<p class=\"has-medium-font-size\"><strong>-Mardi Saint 31 mars  Messe \u00e0 l&#8217;oratoire <\/strong>&#8211;<strong>Confessions de 10h \u00e0 12h \u00e0 l&#8217;\u00e9glise <\/strong><\/p>\n\n\n\n<p class=\"has-medium-font-size\">&#8211;<strong>Jeudi Saint 02 avril , Sainte C\u00e8ne \u00e0 18h30 suivie de l\u2019Adoration au reposoir.<\/strong><\/p>\n\n\n\n<p class=\"has-medium-font-size\">&#8211;<strong>Vendredi Saint 03 avril , Chemin de croix \u00e0 17h, v\u00e9n\u00e9ration de la croix \u00e0 18h30<\/strong><\/p>\n\n\n\n<p class=\"has-medium-font-size\"><strong>-Samedi Saint 04 avril ,Vigile Pascale \u00e0 19h( feu nouveau  sur le parvis, b\u00e9n\u00e9diction du nouveau cierge Pascal)<\/strong><\/p>\n\n\n\n<p class=\"has-medium-font-size\">&#8211;<strong>Dimanche de P\u00e2ques 05 avril ,Messe de la R\u00e9surrection \u00e0 10h30 <em>suivie d\u2019un ap\u00e9ritif convivial sur le parvis, auquel chacun est invit\u00e9 \u00e0 contribuer en apportant boissons et amuse-bouche .<\/em><\/strong><\/p>\n\n\n\n<p class=\"has-medium-font-size\"><strong><em>Quelques surprises dans le jardin du presbyt\u00e8re attendent les enfants !<\/em><\/strong><\/p>\n\n\n<div class=\"wp-block-image\">\n<figure class=\"aligncenter size-full\"><img loading=\"lazy\" decoding=\"async\" width=\"612\" height=\"344\" src=\"https:\/\/charente.catholique.fr\/nord-charente\/wp-content\/uploads\/sites\/4\/2026\/03\/istockphoto-612253604-612x612-1.jpg\" alt=\"\" class=\"wp-image-10193\" srcset=\"https:\/\/charente.catholique.fr\/nord-charente\/wp-content\/uploads\/sites\/4\/2026\/03\/istockphoto-612253604-612x612-1.jpg 612w, https:\/\/charente.catholique.fr\/nord-charente\/wp-content\/uploads\/sites\/4\/2026\/03\/istockphoto-612253604-612x612-1-300x169.jpg 300w\" sizes=\"auto, (max-width: 612px) 100vw, 612px\" \/><\/figure>\n<\/div>","protected":false},"excerpt":{"rendered":"<p>-Dimanche 29 mars 2026 Messe des Rameaux \u00e0 10h30 -Mardi Saint 31 mars Messe \u00e0 l&#8217;oratoire &#8211;Confessions de 10h \u00e0 12h \u00e0 l&#8217;\u00e9glise &#8211;Jeudi Saint 02 avril , Sainte C\u00e8ne \u00e0 18h30 suivie de l\u2019Adoration au reposoir. &#8211;Vendredi Saint 03 avril , Chemin de croix \u00e0 17h, v\u00e9n\u00e9ration de la croix \u00e0 18h30 -Samedi Saint [&hellip;]<\/p>\n","protected":false},"author":38,"featured_media":10195,"comment_status":"open","ping_status":"open","sticky":false,"template":"","format":"standard","meta":{"_acf_changed":false,"paroisse":["14"],"service":["0"],"footnotes":""},"categories":[1],"tags":[],"class_list":["post-10188","post","type-post","status-publish","format-standard","has-post-thumbnail","hentry","category-actualites"],"acf":[],"yoast_head":"<!-- This site is optimized with the Yoast SEO plugin v27.1.1 - https:\/\/yoast.com\/product\/yoast-seo-wordpress\/ -->\n<title>Semaine Sainte \u00e9glise Saint Pierre de Villefagnan. - Doyenn\u00e9 Nord Charente<\/title>\n<meta name=\"robots\" content=\"index, follow, max-snippet:-1, max-image-preview:large, max-video-preview:-1\" \/>\n<link rel=\"canonical\" href=\"https:\/\/charente.catholique.fr\/nord-charente\/actualites\/semaine-sainte-eglise-saint-pierre-de-villefagnan\/\" \/>\n<meta property=\"og:locale\" content=\"fr_FR\" \/>\n<meta property=\"og:type\" content=\"article\" \/>\n<meta property=\"og:title\" content=\"Semaine Sainte \u00e9glise Saint Pierre de Villefagnan. - Doyenn\u00e9 Nord Charente\" \/>\n<meta property=\"og:description\" content=\"-Dimanche 29 mars 2026 Messe des Rameaux \u00e0 10h30 -Mardi Saint 31 mars Messe \u00e0 l&#8217;oratoire &#8211;Confessions de 10h \u00e0 12h \u00e0 l&#8217;\u00e9glise &#8211;Jeudi Saint 02 avril , Sainte C\u00e8ne \u00e0 18h30 suivie de l\u2019Adoration au reposoir. &#8211;Vendredi Saint 03 avril , Chemin de croix \u00e0 17h, v\u00e9n\u00e9ration de la croix \u00e0 18h30 -Samedi Saint [&hellip;]\" \/>\n<meta property=\"og:url\" content=\"https:\/\/charente.catholique.fr\/nord-charente\/actualites\/semaine-sainte-eglise-saint-pierre-de-villefagnan\/\" \/>\n<meta property=\"og:site_name\" content=\"Doyenn\u00e9 Nord Charente\" \/>\n<meta property=\"article:publisher\" content=\"https:\/\/www.facebook.com\/EgliseCatholiqueCharente\" \/>\n<meta property=\"article:published_time\" content=\"2026-03-29T19:59:35+00:00\" \/>\n<meta property=\"article:modified_time\" content=\"2026-03-29T19:59:36+00:00\" \/>\n<meta property=\"og:image\" content=\"https:\/\/charente.catholique.fr\/nord-charente\/wp-content\/uploads\/sites\/4\/2026\/03\/istockphoto-637232560-612x612-1.jpg\" \/>\n\t<meta property=\"og:image:width\" content=\"612\" \/>\n\t<meta property=\"og:image:height\" content=\"436\" \/>\n\t<meta property=\"og:image:type\" content=\"image\/jpeg\" \/>\n<meta name=\"author\" content=\"joelleayrault\" \/>\n<meta name=\"twitter:card\" content=\"summary_large_image\" \/>\n<meta name=\"twitter:creator\" content=\"@diocesecharente\" \/>\n<meta name=\"twitter:site\" content=\"@diocesecharente\" \/>\n<meta name=\"twitter:label1\" content=\"\u00c9crit par\" \/>\n\t<meta name=\"twitter:data1\" content=\"joelleayrault\" \/>\n\t<meta name=\"twitter:label2\" content=\"Dur\u00e9e de lecture estim\u00e9e\" \/>\n\t<meta name=\"twitter:data2\" content=\"1 minute\" \/>\n<script type=\"application\/ld+json\" class=\"yoast-schema-graph\">{\"@context\":\"https:\/\/schema.org\",\"@graph\":[{\"@type\":\"Article\",\"@id\":\"https:\/\/charente.catholique.fr\/nord-charente\/actualites\/semaine-sainte-eglise-saint-pierre-de-villefagnan\/#article\",\"isPartOf\":{\"@id\":\"https:\/\/charente.catholique.fr\/nord-charente\/actualites\/semaine-sainte-eglise-saint-pierre-de-villefagnan\/\"},\"author\":{\"name\":\"joelleayrault\",\"@id\":\"https:\/\/charente.catholique.fr\/nord-charente\/#\/schema\/person\/51184492e4abba33e5d768059a70f4db\"},\"headline\":\"Semaine Sainte \u00e9glise Saint Pierre de Villefagnan.\",\"datePublished\":\"2026-03-29T19:59:35+00:00\",\"dateModified\":\"2026-03-29T19:59:36+00:00\",\"mainEntityOfPage\":{\"@id\":\"https:\/\/charente.catholique.fr\/nord-charente\/actualites\/semaine-sainte-eglise-saint-pierre-de-villefagnan\/\"},\"wordCount\":111,\"commentCount\":0,\"publisher\":{\"@id\":\"https:\/\/charente.catholique.fr\/nord-charente\/#organization\"},\"image\":{\"@id\":\"https:\/\/charente.catholique.fr\/nord-charente\/actualites\/semaine-sainte-eglise-saint-pierre-de-villefagnan\/#primaryimage\"},\"thumbnailUrl\":\"https:\/\/charente.catholique.fr\/nord-charente\/wp-content\/uploads\/sites\/4\/2026\/03\/istockphoto-637232560-612x612-1.jpg\",\"articleSection\":[\"Actualit\u00e9s\"],\"inLanguage\":\"fr-FR\",\"potentialAction\":[{\"@type\":\"CommentAction\",\"name\":\"Comment\",\"target\":[\"https:\/\/charente.catholique.fr\/nord-charente\/actualites\/semaine-sainte-eglise-saint-pierre-de-villefagnan\/#respond\"]}]},{\"@type\":\"WebPage\",\"@id\":\"https:\/\/charente.catholique.fr\/nord-charente\/actualites\/semaine-sainte-eglise-saint-pierre-de-villefagnan\/\",\"url\":\"https:\/\/charente.catholique.fr\/nord-charente\/actualites\/semaine-sainte-eglise-saint-pierre-de-villefagnan\/\",\"name\":\"Semaine Sainte \u00e9glise Saint Pierre de Villefagnan. - Doyenn\u00e9 Nord Charente\",\"isPartOf\":{\"@id\":\"https:\/\/charente.catholique.fr\/nord-charente\/#website\"},\"primaryImageOfPage\":{\"@id\":\"https:\/\/charente.catholique.fr\/nord-charente\/actualites\/semaine-sainte-eglise-saint-pierre-de-villefagnan\/#primaryimage\"},\"image\":{\"@id\":\"https:\/\/charente.catholique.fr\/nord-charente\/actualites\/semaine-sainte-eglise-saint-pierre-de-villefagnan\/#primaryimage\"},\"thumbnailUrl\":\"https:\/\/charente.catholique.fr\/nord-charente\/wp-content\/uploads\/sites\/4\/2026\/03\/istockphoto-637232560-612x612-1.jpg\",\"datePublished\":\"2026-03-29T19:59:35+00:00\",\"dateModified\":\"2026-03-29T19:59:36+00:00\",\"breadcrumb\":{\"@id\":\"https:\/\/charente.catholique.fr\/nord-charente\/actualites\/semaine-sainte-eglise-saint-pierre-de-villefagnan\/#breadcrumb\"},\"inLanguage\":\"fr-FR\",\"potentialAction\":[{\"@type\":\"ReadAction\",\"target\":[\"https:\/\/charente.catholique.fr\/nord-charente\/actualites\/semaine-sainte-eglise-saint-pierre-de-villefagnan\/\"]}]},{\"@type\":\"ImageObject\",\"inLanguage\":\"fr-FR\",\"@id\":\"https:\/\/charente.catholique.fr\/nord-charente\/actualites\/semaine-sainte-eglise-saint-pierre-de-villefagnan\/#primaryimage\",\"url\":\"https:\/\/charente.catholique.fr\/nord-charente\/wp-content\/uploads\/sites\/4\/2026\/03\/istockphoto-637232560-612x612-1.jpg\",\"contentUrl\":\"https:\/\/charente.catholique.fr\/nord-charente\/wp-content\/uploads\/sites\/4\/2026\/03\/istockphoto-637232560-612x612-1.jpg\",\"width\":612,\"height\":436,\"caption\":\"Brussels, Belgium - July 26, 2012: Stained glass window depicting Jesus and the twelve apostles on maundy thursday at the Last Supper in the cathedral of Brussels, Belgium.\"},{\"@type\":\"BreadcrumbList\",\"@id\":\"https:\/\/charente.catholique.fr\/nord-charente\/actualites\/semaine-sainte-eglise-saint-pierre-de-villefagnan\/#breadcrumb\",\"itemListElement\":[{\"@type\":\"ListItem\",\"position\":1,\"name\":\"Accueil\",\"item\":\"https:\/\/charente.catholique.fr\/nord-charente\/\"},{\"@type\":\"ListItem\",\"position\":2,\"name\":\"Semaine Sainte \u00e9glise Saint Pierre de Villefagnan.\"}]},{\"@type\":\"WebSite\",\"@id\":\"https:\/\/charente.catholique.fr\/nord-charente\/#website\",\"url\":\"https:\/\/charente.catholique.fr\/nord-charente\/\",\"name\":\"Doyenn\u00e9 Nord Charente - Dioc\u00e8se d'Angoul\u00eame\",\"description\":\"Dioc\u00e8se d&#039;Angoul\u00eame\",\"publisher\":{\"@id\":\"https:\/\/charente.catholique.fr\/nord-charente\/#organization\"},\"potentialAction\":[{\"@type\":\"SearchAction\",\"target\":{\"@type\":\"EntryPoint\",\"urlTemplate\":\"https:\/\/charente.catholique.fr\/nord-charente\/?s={search_term_string}\"},\"query-input\":{\"@type\":\"PropertyValueSpecification\",\"valueRequired\":true,\"valueName\":\"search_term_string\"}}],\"inLanguage\":\"fr-FR\"},{\"@type\":\"Organization\",\"@id\":\"https:\/\/charente.catholique.fr\/nord-charente\/#organization\",\"name\":\"Association dioc\u00e9saine d'Angoul\u00eame\",\"url\":\"https:\/\/charente.catholique.fr\/nord-charente\/\",\"logo\":{\"@type\":\"ImageObject\",\"inLanguage\":\"fr-FR\",\"@id\":\"https:\/\/charente.catholique.fr\/nord-charente\/#\/schema\/logo\/image\/\",\"url\":\"https:\/\/charente.catholique.fr\/nord-charente\/wp-content\/uploads\/sites\/4\/2020\/10\/logos.png\",\"contentUrl\":\"https:\/\/charente.catholique.fr\/nord-charente\/wp-content\/uploads\/sites\/4\/2020\/10\/logos.png\",\"width\":600,\"height\":257,\"caption\":\"Association dioc\u00e9saine d'Angoul\u00eame\"},\"image\":{\"@id\":\"https:\/\/charente.catholique.fr\/nord-charente\/#\/schema\/logo\/image\/\"},\"sameAs\":[\"https:\/\/www.facebook.com\/EgliseCatholiqueCharente\",\"https:\/\/x.com\/diocesecharente\",\"https:\/\/www.instagram.com\/eglisecharente\",\"https:\/\/www.youtube.com\/channel\/UCByyFWApZbw3gDTiADoiAaQ\"]},{\"@type\":\"Person\",\"@id\":\"https:\/\/charente.catholique.fr\/nord-charente\/#\/schema\/person\/51184492e4abba33e5d768059a70f4db\",\"name\":\"joelleayrault\",\"image\":{\"@type\":\"ImageObject\",\"inLanguage\":\"fr-FR\",\"@id\":\"https:\/\/charente.catholique.fr\/nord-charente\/#\/schema\/person\/image\/\",\"url\":\"https:\/\/secure.gravatar.com\/avatar\/3bd3977af99690427d59b19ec7b6bd94226de63be5c368ae8d090f2d7f86dd5f?s=96&d=mm&r=g\",\"contentUrl\":\"https:\/\/secure.gravatar.com\/avatar\/3bd3977af99690427d59b19ec7b6bd94226de63be5c368ae8d090f2d7f86dd5f?s=96&d=mm&r=g\",\"caption\":\"joelleayrault\"},\"url\":\"https:\/\/charente.catholique.fr\/nord-charente\/author\/joelleayrault\/\"}]}<\/script>\n<!-- \/ Yoast SEO plugin. -->","yoast_head_json":{"title":"Semaine Sainte \u00e9glise Saint Pierre de Villefagnan. - Doyenn\u00e9 Nord Charente","robots":{"index":"index","follow":"follow","max-snippet":"max-snippet:-1","max-image-preview":"max-image-preview:large","max-video-preview":"max-video-preview:-1"},"canonical":"https:\/\/charente.catholique.fr\/nord-charente\/actualites\/semaine-sainte-eglise-saint-pierre-de-villefagnan\/","og_locale":"fr_FR","og_type":"article","og_title":"Semaine Sainte \u00e9glise Saint Pierre de Villefagnan. - Doyenn\u00e9 Nord Charente","og_description":"-Dimanche 29 mars 2026 Messe des Rameaux \u00e0 10h30 -Mardi Saint 31 mars Messe \u00e0 l&#8217;oratoire &#8211;Confessions de 10h \u00e0 12h \u00e0 l&#8217;\u00e9glise &#8211;Jeudi Saint 02 avril , Sainte C\u00e8ne \u00e0 18h30 suivie de l\u2019Adoration au reposoir. &#8211;Vendredi Saint 03 avril , Chemin de croix \u00e0 17h, v\u00e9n\u00e9ration de la croix \u00e0 18h30 -Samedi Saint [&hellip;]","og_url":"https:\/\/charente.catholique.fr\/nord-charente\/actualites\/semaine-sainte-eglise-saint-pierre-de-villefagnan\/","og_site_name":"Doyenn\u00e9 Nord Charente","article_publisher":"https:\/\/www.facebook.com\/EgliseCatholiqueCharente","article_published_time":"2026-03-29T19:59:35+00:00","article_modified_time":"2026-03-29T19:59:36+00:00","og_image":[{"width":612,"height":436,"url":"https:\/\/charente.catholique.fr\/nord-charente\/wp-content\/uploads\/sites\/4\/2026\/03\/istockphoto-637232560-612x612-1.jpg","type":"image\/jpeg"}],"author":"joelleayrault","twitter_card":"summary_large_image","twitter_creator":"@diocesecharente","twitter_site":"@diocesecharente","twitter_misc":{"\u00c9crit par":"joelleayrault","Dur\u00e9e de lecture estim\u00e9e":"1 minute"},"schema":{"@context":"https:\/\/schema.org","@graph":[{"@type":"Article","@id":"https:\/\/charente.catholique.fr\/nord-charente\/actualites\/semaine-sainte-eglise-saint-pierre-de-villefagnan\/#article","isPartOf":{"@id":"https:\/\/charente.catholique.fr\/nord-charente\/actualites\/semaine-sainte-eglise-saint-pierre-de-villefagnan\/"},"author":{"name":"joelleayrault","@id":"https:\/\/charente.catholique.fr\/nord-charente\/#\/schema\/person\/51184492e4abba33e5d768059a70f4db"},"headline":"Semaine Sainte \u00e9glise Saint Pierre de Villefagnan.","datePublished":"2026-03-29T19:59:35+00:00","dateModified":"2026-03-29T19:59:36+00:00","mainEntityOfPage":{"@id":"https:\/\/charente.catholique.fr\/nord-charente\/actualites\/semaine-sainte-eglise-saint-pierre-de-villefagnan\/"},"wordCount":111,"commentCount":0,"publisher":{"@id":"https:\/\/charente.catholique.fr\/nord-charente\/#organization"},"image":{"@id":"https:\/\/charente.catholique.fr\/nord-charente\/actualites\/semaine-sainte-eglise-saint-pierre-de-villefagnan\/#primaryimage"},"thumbnailUrl":"https:\/\/charente.catholique.fr\/nord-charente\/wp-content\/uploads\/sites\/4\/2026\/03\/istockphoto-637232560-612x612-1.jpg","articleSection":["Actualit\u00e9s"],"inLanguage":"fr-FR","potentialAction":[{"@type":"CommentAction","name":"Comment","target":["https:\/\/charente.catholique.fr\/nord-charente\/actualites\/semaine-sainte-eglise-saint-pierre-de-villefagnan\/#respond"]}]},{"@type":"WebPage","@id":"https:\/\/charente.catholique.fr\/nord-charente\/actualites\/semaine-sainte-eglise-saint-pierre-de-villefagnan\/","url":"https:\/\/charente.catholique.fr\/nord-charente\/actualites\/semaine-sainte-eglise-saint-pierre-de-villefagnan\/","name":"Semaine Sainte \u00e9glise Saint Pierre de Villefagnan. - Doyenn\u00e9 Nord Charente","isPartOf":{"@id":"https:\/\/charente.catholique.fr\/nord-charente\/#website"},"primaryImageOfPage":{"@id":"https:\/\/charente.catholique.fr\/nord-charente\/actualites\/semaine-sainte-eglise-saint-pierre-de-villefagnan\/#primaryimage"},"image":{"@id":"https:\/\/charente.catholique.fr\/nord-charente\/actualites\/semaine-sainte-eglise-saint-pierre-de-villefagnan\/#primaryimage"},"thumbnailUrl":"https:\/\/charente.catholique.fr\/nord-charente\/wp-content\/uploads\/sites\/4\/2026\/03\/istockphoto-637232560-612x612-1.jpg","datePublished":"2026-03-29T19:59:35+00:00","dateModified":"2026-03-29T19:59:36+00:00","breadcrumb":{"@id":"https:\/\/charente.catholique.fr\/nord-charente\/actualites\/semaine-sainte-eglise-saint-pierre-de-villefagnan\/#breadcrumb"},"inLanguage":"fr-FR","potentialAction":[{"@type":"ReadAction","target":["https:\/\/charente.catholique.fr\/nord-charente\/actualites\/semaine-sainte-eglise-saint-pierre-de-villefagnan\/"]}]},{"@type":"ImageObject","inLanguage":"fr-FR","@id":"https:\/\/charente.catholique.fr\/nord-charente\/actualites\/semaine-sainte-eglise-saint-pierre-de-villefagnan\/#primaryimage","url":"https:\/\/charente.catholique.fr\/nord-charente\/wp-content\/uploads\/sites\/4\/2026\/03\/istockphoto-637232560-612x612-1.jpg","contentUrl":"https:\/\/charente.catholique.fr\/nord-charente\/wp-content\/uploads\/sites\/4\/2026\/03\/istockphoto-637232560-612x612-1.jpg","width":612,"height":436,"caption":"Brussels, Belgium - July 26, 2012: Stained glass window depicting Jesus and the twelve apostles on maundy thursday at the Last Supper in the cathedral of Brussels, Belgium."},{"@type":"BreadcrumbList","@id":"https:\/\/charente.catholique.fr\/nord-charente\/actualites\/semaine-sainte-eglise-saint-pierre-de-villefagnan\/#breadcrumb","itemListElement":[{"@type":"ListItem","position":1,"name":"Accueil","item":"https:\/\/charente.catholique.fr\/nord-charente\/"},{"@type":"ListItem","position":2,"name":"Semaine Sainte \u00e9glise Saint Pierre de Villefagnan."}]},{"@type":"WebSite","@id":"https:\/\/charente.catholique.fr\/nord-charente\/#website","url":"https:\/\/charente.catholique.fr\/nord-charente\/","name":"Doyenn\u00e9 Nord Charente - Dioc\u00e8se d'Angoul\u00eame","description":"Dioc\u00e8se d&#039;Angoul\u00eame","publisher":{"@id":"https:\/\/charente.catholique.fr\/nord-charente\/#organization"},"potentialAction":[{"@type":"SearchAction","target":{"@type":"EntryPoint","urlTemplate":"https:\/\/charente.catholique.fr\/nord-charente\/?s={search_term_string}"},"query-input":{"@type":"PropertyValueSpecification","valueRequired":true,"valueName":"search_term_string"}}],"inLanguage":"fr-FR"},{"@type":"Organization","@id":"https:\/\/charente.catholique.fr\/nord-charente\/#organization","name":"Association dioc\u00e9saine d'Angoul\u00eame","url":"https:\/\/charente.catholique.fr\/nord-charente\/","logo":{"@type":"ImageObject","inLanguage":"fr-FR","@id":"https:\/\/charente.catholique.fr\/nord-charente\/#\/schema\/logo\/image\/","url":"https:\/\/charente.catholique.fr\/nord-charente\/wp-content\/uploads\/sites\/4\/2020\/10\/logos.png","contentUrl":"https:\/\/charente.catholique.fr\/nord-charente\/wp-content\/uploads\/sites\/4\/2020\/10\/logos.png","width":600,"height":257,"caption":"Association dioc\u00e9saine d'Angoul\u00eame"},"image":{"@id":"https:\/\/charente.catholique.fr\/nord-charente\/#\/schema\/logo\/image\/"},"sameAs":["https:\/\/www.facebook.com\/EgliseCatholiqueCharente","https:\/\/x.com\/diocesecharente","https:\/\/www.instagram.com\/eglisecharente","https:\/\/www.youtube.com\/channel\/UCByyFWApZbw3gDTiADoiAaQ"]},{"@type":"Person","@id":"https:\/\/charente.catholique.fr\/nord-charente\/#\/schema\/person\/51184492e4abba33e5d768059a70f4db","name":"joelleayrault","image":{"@type":"ImageObject","inLanguage":"fr-FR","@id":"https:\/\/charente.catholique.fr\/nord-charente\/#\/schema\/person\/image\/","url":"https:\/\/secure.gravatar.com\/avatar\/3bd3977af99690427d59b19ec7b6bd94226de63be5c368ae8d090f2d7f86dd5f?s=96&d=mm&r=g","contentUrl":"https:\/\/secure.gravatar.com\/avatar\/3bd3977af99690427d59b19ec7b6bd94226de63be5c368ae8d090f2d7f86dd5f?s=96&d=mm&r=g","caption":"joelleayrault"},"url":"https:\/\/charente.catholique.fr\/nord-charente\/author\/joelleayrault\/"}]}},"_links":{"self":[{"href":"https:\/\/charente.catholique.fr\/nord-charente\/wp-json\/wp\/v2\/posts\/10188","targetHints":{"allow":["GET"]}}],"collection":[{"href":"https:\/\/charente.catholique.fr\/nord-charente\/wp-json\/wp\/v2\/posts"}],"about":[{"href":"https:\/\/charente.catholique.fr\/nord-charente\/wp-json\/wp\/v2\/types\/post"}],"author":[{"embeddable":true,"href":"https:\/\/charente.catholique.fr\/nord-charente\/wp-json\/wp\/v2\/users\/38"}],"replies":[{"embeddable":true,"href":"https:\/\/charente.catholique.fr\/nord-charente\/wp-json\/wp\/v2\/comments?post=10188"}],"version-history":[{"count":10,"href":"https:\/\/charente.catholique.fr\/nord-charente\/wp-json\/wp\/v2\/posts\/10188\/revisions"}],"predecessor-version":[{"id":10202,"href":"https:\/\/charente.catholique.fr\/nord-charente\/wp-json\/wp\/v2\/posts\/10188\/revisions\/10202"}],"wp:featuredmedia":[{"embeddable":true,"href":"https:\/\/charente.catholique.fr\/nord-charente\/wp-json\/wp\/v2\/media\/10195"}],"wp:attachment":[{"href":"https:\/\/charente.catholique.fr\/nord-charente\/wp-json\/wp\/v2\/media?parent=10188"}],"wp:term":[{"taxonomy":"category","embeddable":true,"href":"https:\/\/charente.catholique.fr\/nord-charente\/wp-json\/wp\/v2\/categories?post=10188"},{"taxonomy":"post_tag","embeddable":true,"href":"https:\/\/charente.catholique.fr\/nord-charente\/wp-json\/wp\/v2\/tags?post=10188"}],"curies":[{"name":"wp","href":"https:\/\/api.w.org\/{rel}","templated":true}]}}