{"id":268,"date":"2021-11-15T09:40:00","date_gmt":"2021-11-15T08:40:00","guid":{"rendered":"https:\/\/charente.catholique.fr\/maison-diocesaine\/?p=268"},"modified":"2021-11-15T20:10:46","modified_gmt":"2021-11-15T19:10:46","slug":"location-gerance-restaurant-maison-diocesaine-dangouleme","status":"publish","type":"post","link":"https:\/\/charente.catholique.fr\/maison-diocesaine\/actualites\/location-gerance-restaurant-maison-diocesaine-dangouleme\/","title":{"rendered":"Location g\u00e9rance restaurant maison dioc\u00e9saine d&#8217;Angoul\u00eame"},"content":{"rendered":"\n<p>Notre association dioc\u00e9saine d&#8217;Angoul\u00eame recherche un restaurateur ind\u00e9pendant (id\u00e9al pour un couple), qui souhaite vivre une exp\u00e9rience nouvelle et motivante dans un cadre exceptionnel. Le restaurant est situ\u00e9 au c\u0153ur d&#8217;une maison dioc\u00e9saine de caract\u00e8re, poss\u00e9dant un clo\u00eetre et des espaces verts avec notamment un jardin participatif o\u00f9 il sera possible de cultiver une petite parcelle.<\/p>\n\n\n\n<p>La salle de restaurant est <strong>spacieuse et lumineuse<\/strong> avec une large vue sur le parc et le jardin. Sa capacit\u00e9 est de 120 couverts, dont 30 assur\u00e9s chaque jour pour les besoins propres de l&#8217;association dioc\u00e9saine. La cuisine professionnelle est grande et fonctionnelle,<strong> enti\u00e8rement \u00e9quip\u00e9e<\/strong> aux normes en vigueur. Un grand parking d&#8217;une centaine de places fait partie int\u00e9grante de l&#8217;ensemble situ\u00e9<strong> \u00e0 deux pas du centre-ville<\/strong> dans un environnement \u00e9conomique et professionnel tr\u00e8s porteur en termes d&#8217;entreprises, d&#8217;\u00e9coles et de lieux culturels. La maison dioc\u00e9saine est situ\u00e9e sur un des axes les plus importants de la ville. Elle est bien reli\u00e9e \u00e0 l\u2019ensemble de l\u2019agglom\u00e9ration par le bus (arr\u00eat s\u00e9minaire) et elle se trouve \u00e0 5 min de la gare en voiture.<\/p>\n\n\n\n<p>Les candidats ou candidates devront \u00eatre autonomes, bons gestionnaires, aimant travailler les produits frais, locaux et de saison. L&#8217;esprit du restaurant devra prendre en compte les r\u00e9alit\u00e9s d&#8217;ouvertures humaines et spirituelles de la maison dioc\u00e9saine en proposant<strong> une cuisine familiale, conviviale, inventive<\/strong> et chaleureuse, dans un esprit d&#8217;accueil et de partage tourn\u00e9 \u00e0 la fois sur la vie de la maison et sur la client\u00e8le de la ville au sens large.<\/p>\n\n\n\n<p>Le loyer est \u00e0 n\u00e9gocier dans le cadre d&#8217;une <strong>location g\u00e9rance<\/strong> d&#8217;un an, renouvelable chaque ann\u00e9e.<\/p>\n\n\n\n<p>Merci de candidater par mail sur <a href=\"mailto:maisondio@dio16.fr\">maisondio@dio16.fr<\/a> en joignant CV, dossier de pr\u00e9sentation et\/ou tout autre document que vous jugerez utile.<\/p>\n\n\n\n<p><em>Soyez les bienvenus !<\/em><\/p>\n\n\n\n<figure class=\"wp-block-gallery columns-3 is-cropped wp-block-gallery-1 is-layout-flex wp-block-gallery-is-layout-flex\"><ul class=\"blocks-gallery-grid\"><li class=\"blocks-gallery-item\"><figure><img loading=\"lazy\" decoding=\"async\" width=\"1440\" height=\"1080\" src=\"https:\/\/charente.catholique.fr\/maison-diocesaine\/wp-content\/uploads\/sites\/8\/2020\/11\/1-Restaurant-MD-1440x1080.jpg\" alt=\"\" data-id=\"280\" data-full-url=\"https:\/\/charente.catholique.fr\/maison-diocesaine\/wp-content\/uploads\/sites\/8\/2020\/11\/1-Restaurant-MD-scaled.jpg\" data-link=\"https:\/\/charente.catholique.fr\/maison-diocesaine\/actualites\/location-gerance-restaurant-maison-diocesaine-dangouleme\/1-restaurant-md\/\" class=\"wp-image-280\" srcset=\"https:\/\/charente.catholique.fr\/maison-diocesaine\/wp-content\/uploads\/sites\/8\/2020\/11\/1-Restaurant-MD-1440x1080.jpg 1440w, https:\/\/charente.catholique.fr\/maison-diocesaine\/wp-content\/uploads\/sites\/8\/2020\/11\/1-Restaurant-MD-300x225.jpg 300w, https:\/\/charente.catholique.fr\/maison-diocesaine\/wp-content\/uploads\/sites\/8\/2020\/11\/1-Restaurant-MD-768x576.jpg 768w, https:\/\/charente.catholique.fr\/maison-diocesaine\/wp-content\/uploads\/sites\/8\/2020\/11\/1-Restaurant-MD-1536x1152.jpg 1536w, https:\/\/charente.catholique.fr\/maison-diocesaine\/wp-content\/uploads\/sites\/8\/2020\/11\/1-Restaurant-MD-2048x1536.jpg 2048w\" sizes=\"auto, (max-width: 1440px) 100vw, 1440px\" \/><\/figure><\/li><li class=\"blocks-gallery-item\"><figure><img loading=\"lazy\" decoding=\"async\" width=\"1920\" height=\"1080\" src=\"https:\/\/charente.catholique.fr\/maison-diocesaine\/wp-content\/uploads\/sites\/8\/2020\/09\/2019-11-13_273-1920x1080.jpg\" alt=\"\" data-id=\"148\" data-full-url=\"https:\/\/charente.catholique.fr\/maison-diocesaine\/wp-content\/uploads\/sites\/8\/2020\/09\/2019-11-13_273-scaled.jpg\" data-link=\"https:\/\/charente.catholique.fr\/maison-diocesaine\/2019-11-13_273\/\" class=\"wp-image-148\" srcset=\"https:\/\/charente.catholique.fr\/maison-diocesaine\/wp-content\/uploads\/sites\/8\/2020\/09\/2019-11-13_273-1920x1080.jpg 1920w, https:\/\/charente.catholique.fr\/maison-diocesaine\/wp-content\/uploads\/sites\/8\/2020\/09\/2019-11-13_273-300x169.jpg 300w, https:\/\/charente.catholique.fr\/maison-diocesaine\/wp-content\/uploads\/sites\/8\/2020\/09\/2019-11-13_273-768x432.jpg 768w, https:\/\/charente.catholique.fr\/maison-diocesaine\/wp-content\/uploads\/sites\/8\/2020\/09\/2019-11-13_273-1536x863.jpg 1536w, https:\/\/charente.catholique.fr\/maison-diocesaine\/wp-content\/uploads\/sites\/8\/2020\/09\/2019-11-13_273-2048x1151.jpg 2048w\" sizes=\"auto, (max-width: 1920px) 100vw, 1920px\" \/><\/figure><\/li><li class=\"blocks-gallery-item\"><figure><img loading=\"lazy\" decoding=\"async\" width=\"1440\" height=\"1080\" src=\"https:\/\/charente.catholique.fr\/maison-diocesaine\/wp-content\/uploads\/sites\/8\/2020\/11\/2-Restaurant-MD-1440x1080.jpg\" alt=\"\" data-id=\"281\" data-full-url=\"https:\/\/charente.catholique.fr\/maison-diocesaine\/wp-content\/uploads\/sites\/8\/2020\/11\/2-Restaurant-MD-scaled.jpg\" data-link=\"https:\/\/charente.catholique.fr\/maison-diocesaine\/actualites\/location-gerance-restaurant-maison-diocesaine-dangouleme\/2-restaurant-md\/\" class=\"wp-image-281\" srcset=\"https:\/\/charente.catholique.fr\/maison-diocesaine\/wp-content\/uploads\/sites\/8\/2020\/11\/2-Restaurant-MD-1440x1080.jpg 1440w, https:\/\/charente.catholique.fr\/maison-diocesaine\/wp-content\/uploads\/sites\/8\/2020\/11\/2-Restaurant-MD-300x225.jpg 300w, https:\/\/charente.catholique.fr\/maison-diocesaine\/wp-content\/uploads\/sites\/8\/2020\/11\/2-Restaurant-MD-768x576.jpg 768w, https:\/\/charente.catholique.fr\/maison-diocesaine\/wp-content\/uploads\/sites\/8\/2020\/11\/2-Restaurant-MD-1536x1152.jpg 1536w, https:\/\/charente.catholique.fr\/maison-diocesaine\/wp-content\/uploads\/sites\/8\/2020\/11\/2-Restaurant-MD-2048x1536.jpg 2048w\" sizes=\"auto, (max-width: 1440px) 100vw, 1440px\" \/><\/figure><\/li><li class=\"blocks-gallery-item\"><figure><img loading=\"lazy\" decoding=\"async\" width=\"1440\" height=\"1080\" src=\"https:\/\/charente.catholique.fr\/maison-diocesaine\/wp-content\/uploads\/sites\/8\/2020\/11\/4-Restaurant-MD-1440x1080.jpg\" alt=\"\" data-id=\"283\" data-full-url=\"https:\/\/charente.catholique.fr\/maison-diocesaine\/wp-content\/uploads\/sites\/8\/2020\/11\/4-Restaurant-MD-scaled.jpg\" data-link=\"https:\/\/charente.catholique.fr\/maison-diocesaine\/actualites\/location-gerance-restaurant-maison-diocesaine-dangouleme\/4-restaurant-md\/\" class=\"wp-image-283\" srcset=\"https:\/\/charente.catholique.fr\/maison-diocesaine\/wp-content\/uploads\/sites\/8\/2020\/11\/4-Restaurant-MD-1440x1080.jpg 1440w, https:\/\/charente.catholique.fr\/maison-diocesaine\/wp-content\/uploads\/sites\/8\/2020\/11\/4-Restaurant-MD-300x225.jpg 300w, https:\/\/charente.catholique.fr\/maison-diocesaine\/wp-content\/uploads\/sites\/8\/2020\/11\/4-Restaurant-MD-768x576.jpg 768w, https:\/\/charente.catholique.fr\/maison-diocesaine\/wp-content\/uploads\/sites\/8\/2020\/11\/4-Restaurant-MD-1536x1152.jpg 1536w, https:\/\/charente.catholique.fr\/maison-diocesaine\/wp-content\/uploads\/sites\/8\/2020\/11\/4-Restaurant-MD-2048x1536.jpg 2048w\" sizes=\"auto, (max-width: 1440px) 100vw, 1440px\" \/><\/figure><\/li><li class=\"blocks-gallery-item\"><figure><img loading=\"lazy\" decoding=\"async\" width=\"1440\" height=\"1080\" src=\"https:\/\/charente.catholique.fr\/maison-diocesaine\/wp-content\/uploads\/sites\/8\/2020\/11\/6-Restaurant-MD-1440x1080.jpg\" alt=\"\" data-id=\"284\" data-full-url=\"https:\/\/charente.catholique.fr\/maison-diocesaine\/wp-content\/uploads\/sites\/8\/2020\/11\/6-Restaurant-MD-scaled.jpg\" data-link=\"https:\/\/charente.catholique.fr\/maison-diocesaine\/actualites\/location-gerance-restaurant-maison-diocesaine-dangouleme\/6-restaurant-md\/\" class=\"wp-image-284\" srcset=\"https:\/\/charente.catholique.fr\/maison-diocesaine\/wp-content\/uploads\/sites\/8\/2020\/11\/6-Restaurant-MD-1440x1080.jpg 1440w, https:\/\/charente.catholique.fr\/maison-diocesaine\/wp-content\/uploads\/sites\/8\/2020\/11\/6-Restaurant-MD-300x225.jpg 300w, https:\/\/charente.catholique.fr\/maison-diocesaine\/wp-content\/uploads\/sites\/8\/2020\/11\/6-Restaurant-MD-768x576.jpg 768w, https:\/\/charente.catholique.fr\/maison-diocesaine\/wp-content\/uploads\/sites\/8\/2020\/11\/6-Restaurant-MD-1536x1152.jpg 1536w, https:\/\/charente.catholique.fr\/maison-diocesaine\/wp-content\/uploads\/sites\/8\/2020\/11\/6-Restaurant-MD-2048x1536.jpg 2048w\" sizes=\"auto, (max-width: 1440px) 100vw, 1440px\" \/><\/figure><\/li><\/ul><\/figure>\n","protected":false},"excerpt":{"rendered":"<p>Notre association dioc\u00e9saine d&#8217;Angoul\u00eame recherche un restaurateur ind\u00e9pendant (id\u00e9al pour un couple), qui souhaite vivre une exp\u00e9rience nouvelle et motivante dans un cadre exceptionnel. Le restaurant est situ\u00e9 au c\u0153ur d&#8217;une maison dioc\u00e9saine de caract\u00e8re, poss\u00e9dant un clo\u00eetre et des espaces verts avec notamment un jardin participatif o\u00f9 il sera possible de cultiver une petite [&hellip;]<\/p>\n","protected":false},"author":3,"featured_media":164,"comment_status":"closed","ping_status":"open","sticky":false,"template":"","format":"standard","meta":{"_acf_changed":false,"paroisse":[""],"service":["0"],"footnotes":""},"categories":[1],"tags":[],"class_list":["post-268","post","type-post","status-publish","format-standard","has-post-thumbnail","hentry","category-actualites","validated"],"acf":[],"yoast_head":"<!-- This site is optimized with the Yoast SEO plugin v27.1.1 - https:\/\/yoast.com\/product\/yoast-seo-wordpress\/ -->\n<title>Location g\u00e9rance restaurant maison dioc\u00e9saine d&#039;Angoul\u00eame - Maison Dioc\u00e9saine<\/title>\n<meta name=\"description\" content=\"Notre association dioc\u00e9saine d&#039;Angoul\u00eame recherche un restaurateur ind\u00e9pendant (id\u00e9al pour un couple), qui souhaite vivre une exp\u00e9rience nouvelle et motivante dans un cadre exceptionnel.\" \/>\n<meta name=\"robots\" content=\"index, follow, max-snippet:-1, max-image-preview:large, max-video-preview:-1\" \/>\n<link rel=\"canonical\" href=\"https:\/\/charente.catholique.fr\/maison-diocesaine\/actualites\/location-gerance-restaurant-maison-diocesaine-dangouleme\/\" \/>\n<meta property=\"og:locale\" content=\"fr_FR\" \/>\n<meta property=\"og:type\" content=\"article\" \/>\n<meta property=\"og:title\" content=\"Location g\u00e9rance restaurant maison dioc\u00e9saine d&#039;Angoul\u00eame - Maison Dioc\u00e9saine\" \/>\n<meta property=\"og:description\" content=\"Notre association dioc\u00e9saine d&#039;Angoul\u00eame recherche un restaurateur ind\u00e9pendant (id\u00e9al pour un couple), qui souhaite vivre une exp\u00e9rience nouvelle et motivante dans un cadre exceptionnel.\" \/>\n<meta property=\"og:url\" content=\"https:\/\/charente.catholique.fr\/maison-diocesaine\/actualites\/location-gerance-restaurant-maison-diocesaine-dangouleme\/\" \/>\n<meta property=\"og:site_name\" content=\"Maison Dioc\u00e9saine\" \/>\n<meta property=\"article:published_time\" content=\"2021-11-15T08:40:00+00:00\" \/>\n<meta property=\"article:modified_time\" content=\"2021-11-15T19:10:46+00:00\" \/>\n<meta property=\"og:image\" content=\"https:\/\/charente.catholique.fr\/maison-diocesaine\/wp-content\/uploads\/sites\/8\/2020\/09\/DSC_3910.jpg\" \/>\n\t<meta property=\"og:image:width\" content=\"448\" \/>\n\t<meta property=\"og:image:height\" content=\"298\" \/>\n\t<meta property=\"og:image:type\" content=\"image\/jpeg\" \/>\n<meta name=\"author\" content=\"Sylvaine\" \/>\n<meta name=\"twitter:card\" content=\"summary_large_image\" \/>\n<meta name=\"twitter:label1\" content=\"\u00c9crit par\" \/>\n\t<meta name=\"twitter:data1\" content=\"Sylvaine\" \/>\n\t<meta name=\"twitter:label2\" content=\"Dur\u00e9e de lecture estim\u00e9e\" \/>\n\t<meta name=\"twitter:data2\" content=\"3 minutes\" \/>\n<script type=\"application\/ld+json\" class=\"yoast-schema-graph\">{\"@context\":\"https:\/\/schema.org\",\"@graph\":[{\"@type\":\"Article\",\"@id\":\"https:\/\/charente.catholique.fr\/maison-diocesaine\/actualites\/location-gerance-restaurant-maison-diocesaine-dangouleme\/#article\",\"isPartOf\":{\"@id\":\"https:\/\/charente.catholique.fr\/maison-diocesaine\/actualites\/location-gerance-restaurant-maison-diocesaine-dangouleme\/\"},\"author\":{\"name\":\"Sylvaine\",\"@id\":\"https:\/\/charente.catholique.fr\/maison-diocesaine\/#\/schema\/person\/9d46fe084c5954bd35fd161aab7a277a\"},\"headline\":\"Location g\u00e9rance restaurant maison dioc\u00e9saine d&#8217;Angoul\u00eame\",\"datePublished\":\"2021-11-15T08:40:00+00:00\",\"dateModified\":\"2021-11-15T19:10:46+00:00\",\"mainEntityOfPage\":{\"@id\":\"https:\/\/charente.catholique.fr\/maison-diocesaine\/actualites\/location-gerance-restaurant-maison-diocesaine-dangouleme\/\"},\"wordCount\":339,\"image\":{\"@id\":\"https:\/\/charente.catholique.fr\/maison-diocesaine\/actualites\/location-gerance-restaurant-maison-diocesaine-dangouleme\/#primaryimage\"},\"thumbnailUrl\":\"https:\/\/charente.catholique.fr\/maison-diocesaine\/wp-content\/uploads\/sites\/8\/2020\/09\/2019-11-13_271-2-scaled.jpg\",\"articleSection\":[\"Actualit\u00e9s\"],\"inLanguage\":\"fr-FR\"},{\"@type\":\"WebPage\",\"@id\":\"https:\/\/charente.catholique.fr\/maison-diocesaine\/actualites\/location-gerance-restaurant-maison-diocesaine-dangouleme\/\",\"url\":\"https:\/\/charente.catholique.fr\/maison-diocesaine\/actualites\/location-gerance-restaurant-maison-diocesaine-dangouleme\/\",\"name\":\"Location g\u00e9rance restaurant maison dioc\u00e9saine d'Angoul\u00eame - Maison Dioc\u00e9saine\",\"isPartOf\":{\"@id\":\"https:\/\/charente.catholique.fr\/maison-diocesaine\/#website\"},\"primaryImageOfPage\":{\"@id\":\"https:\/\/charente.catholique.fr\/maison-diocesaine\/actualites\/location-gerance-restaurant-maison-diocesaine-dangouleme\/#primaryimage\"},\"image\":{\"@id\":\"https:\/\/charente.catholique.fr\/maison-diocesaine\/actualites\/location-gerance-restaurant-maison-diocesaine-dangouleme\/#primaryimage\"},\"thumbnailUrl\":\"https:\/\/charente.catholique.fr\/maison-diocesaine\/wp-content\/uploads\/sites\/8\/2020\/09\/2019-11-13_271-2-scaled.jpg\",\"datePublished\":\"2021-11-15T08:40:00+00:00\",\"dateModified\":\"2021-11-15T19:10:46+00:00\",\"author\":{\"@id\":\"https:\/\/charente.catholique.fr\/maison-diocesaine\/#\/schema\/person\/9d46fe084c5954bd35fd161aab7a277a\"},\"description\":\"Notre association dioc\u00e9saine d'Angoul\u00eame recherche un restaurateur ind\u00e9pendant (id\u00e9al pour un couple), qui souhaite vivre une exp\u00e9rience nouvelle et motivante dans un cadre exceptionnel.\",\"breadcrumb\":{\"@id\":\"https:\/\/charente.catholique.fr\/maison-diocesaine\/actualites\/location-gerance-restaurant-maison-diocesaine-dangouleme\/#breadcrumb\"},\"inLanguage\":\"fr-FR\",\"potentialAction\":[{\"@type\":\"ReadAction\",\"target\":[\"https:\/\/charente.catholique.fr\/maison-diocesaine\/actualites\/location-gerance-restaurant-maison-diocesaine-dangouleme\/\"]}]},{\"@type\":\"ImageObject\",\"inLanguage\":\"fr-FR\",\"@id\":\"https:\/\/charente.catholique.fr\/maison-diocesaine\/actualites\/location-gerance-restaurant-maison-diocesaine-dangouleme\/#primaryimage\",\"url\":\"https:\/\/charente.catholique.fr\/maison-diocesaine\/wp-content\/uploads\/sites\/8\/2020\/09\/2019-11-13_271-2-scaled.jpg\",\"contentUrl\":\"https:\/\/charente.catholique.fr\/maison-diocesaine\/wp-content\/uploads\/sites\/8\/2020\/09\/2019-11-13_271-2-scaled.jpg\",\"width\":2560,\"height\":1438},{\"@type\":\"BreadcrumbList\",\"@id\":\"https:\/\/charente.catholique.fr\/maison-diocesaine\/actualites\/location-gerance-restaurant-maison-diocesaine-dangouleme\/#breadcrumb\",\"itemListElement\":[{\"@type\":\"ListItem\",\"position\":1,\"name\":\"Accueil\",\"item\":\"https:\/\/charente.catholique.fr\/maison-diocesaine\/\"},{\"@type\":\"ListItem\",\"position\":2,\"name\":\"Location g\u00e9rance restaurant maison dioc\u00e9saine d&#8217;Angoul\u00eame\"}]},{\"@type\":\"WebSite\",\"@id\":\"https:\/\/charente.catholique.fr\/maison-diocesaine\/#website\",\"url\":\"https:\/\/charente.catholique.fr\/maison-diocesaine\/\",\"name\":\"Maison Dioc\u00e9saine\",\"description\":\"Dioc\u00e8se d&#039;Angoul\u00eame - Eglise Catholique en Charente\",\"potentialAction\":[{\"@type\":\"SearchAction\",\"target\":{\"@type\":\"EntryPoint\",\"urlTemplate\":\"https:\/\/charente.catholique.fr\/maison-diocesaine\/?s={search_term_string}\"},\"query-input\":{\"@type\":\"PropertyValueSpecification\",\"valueRequired\":true,\"valueName\":\"search_term_string\"}}],\"inLanguage\":\"fr-FR\"},{\"@type\":\"Person\",\"@id\":\"https:\/\/charente.catholique.fr\/maison-diocesaine\/#\/schema\/person\/9d46fe084c5954bd35fd161aab7a277a\",\"name\":\"Sylvaine\",\"image\":{\"@type\":\"ImageObject\",\"inLanguage\":\"fr-FR\",\"@id\":\"https:\/\/charente.catholique.fr\/maison-diocesaine\/#\/schema\/person\/image\/\",\"url\":\"https:\/\/secure.gravatar.com\/avatar\/c2d819d8eafaec3d0be0bfeb1c1d4388c6f0232538593b042bf92e3c8fc1c2e0?s=96&d=mm&r=g\",\"contentUrl\":\"https:\/\/secure.gravatar.com\/avatar\/c2d819d8eafaec3d0be0bfeb1c1d4388c6f0232538593b042bf92e3c8fc1c2e0?s=96&d=mm&r=g\",\"caption\":\"Sylvaine\"},\"sameAs\":[\"http:\/\/sylvainelacrouts\"],\"url\":\"https:\/\/charente.catholique.fr\/maison-diocesaine\/author\/sylvainelacrouts\/\"}]}<\/script>\n<!-- \/ Yoast SEO plugin. -->","yoast_head_json":{"title":"Location g\u00e9rance restaurant maison dioc\u00e9saine d'Angoul\u00eame - Maison Dioc\u00e9saine","description":"Notre association dioc\u00e9saine d'Angoul\u00eame recherche un restaurateur ind\u00e9pendant (id\u00e9al pour un couple), qui souhaite vivre une exp\u00e9rience nouvelle et motivante dans un cadre exceptionnel.","robots":{"index":"index","follow":"follow","max-snippet":"max-snippet:-1","max-image-preview":"max-image-preview:large","max-video-preview":"max-video-preview:-1"},"canonical":"https:\/\/charente.catholique.fr\/maison-diocesaine\/actualites\/location-gerance-restaurant-maison-diocesaine-dangouleme\/","og_locale":"fr_FR","og_type":"article","og_title":"Location g\u00e9rance restaurant maison dioc\u00e9saine d'Angoul\u00eame - Maison Dioc\u00e9saine","og_description":"Notre association dioc\u00e9saine d'Angoul\u00eame recherche un restaurateur ind\u00e9pendant (id\u00e9al pour un couple), qui souhaite vivre une exp\u00e9rience nouvelle et motivante dans un cadre exceptionnel.","og_url":"https:\/\/charente.catholique.fr\/maison-diocesaine\/actualites\/location-gerance-restaurant-maison-diocesaine-dangouleme\/","og_site_name":"Maison Dioc\u00e9saine","article_published_time":"2021-11-15T08:40:00+00:00","article_modified_time":"2021-11-15T19:10:46+00:00","og_image":[{"width":448,"height":298,"url":"https:\/\/charente.catholique.fr\/maison-diocesaine\/wp-content\/uploads\/sites\/8\/2020\/09\/DSC_3910.jpg","type":"image\/jpeg"}],"author":"Sylvaine","twitter_card":"summary_large_image","twitter_misc":{"\u00c9crit par":"Sylvaine","Dur\u00e9e de lecture estim\u00e9e":"3 minutes"},"schema":{"@context":"https:\/\/schema.org","@graph":[{"@type":"Article","@id":"https:\/\/charente.catholique.fr\/maison-diocesaine\/actualites\/location-gerance-restaurant-maison-diocesaine-dangouleme\/#article","isPartOf":{"@id":"https:\/\/charente.catholique.fr\/maison-diocesaine\/actualites\/location-gerance-restaurant-maison-diocesaine-dangouleme\/"},"author":{"name":"Sylvaine","@id":"https:\/\/charente.catholique.fr\/maison-diocesaine\/#\/schema\/person\/9d46fe084c5954bd35fd161aab7a277a"},"headline":"Location g\u00e9rance restaurant maison dioc\u00e9saine d&#8217;Angoul\u00eame","datePublished":"2021-11-15T08:40:00+00:00","dateModified":"2021-11-15T19:10:46+00:00","mainEntityOfPage":{"@id":"https:\/\/charente.catholique.fr\/maison-diocesaine\/actualites\/location-gerance-restaurant-maison-diocesaine-dangouleme\/"},"wordCount":339,"image":{"@id":"https:\/\/charente.catholique.fr\/maison-diocesaine\/actualites\/location-gerance-restaurant-maison-diocesaine-dangouleme\/#primaryimage"},"thumbnailUrl":"https:\/\/charente.catholique.fr\/maison-diocesaine\/wp-content\/uploads\/sites\/8\/2020\/09\/2019-11-13_271-2-scaled.jpg","articleSection":["Actualit\u00e9s"],"inLanguage":"fr-FR"},{"@type":"WebPage","@id":"https:\/\/charente.catholique.fr\/maison-diocesaine\/actualites\/location-gerance-restaurant-maison-diocesaine-dangouleme\/","url":"https:\/\/charente.catholique.fr\/maison-diocesaine\/actualites\/location-gerance-restaurant-maison-diocesaine-dangouleme\/","name":"Location g\u00e9rance restaurant maison dioc\u00e9saine d'Angoul\u00eame - Maison Dioc\u00e9saine","isPartOf":{"@id":"https:\/\/charente.catholique.fr\/maison-diocesaine\/#website"},"primaryImageOfPage":{"@id":"https:\/\/charente.catholique.fr\/maison-diocesaine\/actualites\/location-gerance-restaurant-maison-diocesaine-dangouleme\/#primaryimage"},"image":{"@id":"https:\/\/charente.catholique.fr\/maison-diocesaine\/actualites\/location-gerance-restaurant-maison-diocesaine-dangouleme\/#primaryimage"},"thumbnailUrl":"https:\/\/charente.catholique.fr\/maison-diocesaine\/wp-content\/uploads\/sites\/8\/2020\/09\/2019-11-13_271-2-scaled.jpg","datePublished":"2021-11-15T08:40:00+00:00","dateModified":"2021-11-15T19:10:46+00:00","author":{"@id":"https:\/\/charente.catholique.fr\/maison-diocesaine\/#\/schema\/person\/9d46fe084c5954bd35fd161aab7a277a"},"description":"Notre association dioc\u00e9saine d'Angoul\u00eame recherche un restaurateur ind\u00e9pendant (id\u00e9al pour un couple), qui souhaite vivre une exp\u00e9rience nouvelle et motivante dans un cadre exceptionnel.","breadcrumb":{"@id":"https:\/\/charente.catholique.fr\/maison-diocesaine\/actualites\/location-gerance-restaurant-maison-diocesaine-dangouleme\/#breadcrumb"},"inLanguage":"fr-FR","potentialAction":[{"@type":"ReadAction","target":["https:\/\/charente.catholique.fr\/maison-diocesaine\/actualites\/location-gerance-restaurant-maison-diocesaine-dangouleme\/"]}]},{"@type":"ImageObject","inLanguage":"fr-FR","@id":"https:\/\/charente.catholique.fr\/maison-diocesaine\/actualites\/location-gerance-restaurant-maison-diocesaine-dangouleme\/#primaryimage","url":"https:\/\/charente.catholique.fr\/maison-diocesaine\/wp-content\/uploads\/sites\/8\/2020\/09\/2019-11-13_271-2-scaled.jpg","contentUrl":"https:\/\/charente.catholique.fr\/maison-diocesaine\/wp-content\/uploads\/sites\/8\/2020\/09\/2019-11-13_271-2-scaled.jpg","width":2560,"height":1438},{"@type":"BreadcrumbList","@id":"https:\/\/charente.catholique.fr\/maison-diocesaine\/actualites\/location-gerance-restaurant-maison-diocesaine-dangouleme\/#breadcrumb","itemListElement":[{"@type":"ListItem","position":1,"name":"Accueil","item":"https:\/\/charente.catholique.fr\/maison-diocesaine\/"},{"@type":"ListItem","position":2,"name":"Location g\u00e9rance restaurant maison dioc\u00e9saine d&#8217;Angoul\u00eame"}]},{"@type":"WebSite","@id":"https:\/\/charente.catholique.fr\/maison-diocesaine\/#website","url":"https:\/\/charente.catholique.fr\/maison-diocesaine\/","name":"Maison Dioc\u00e9saine","description":"Dioc\u00e8se d&#039;Angoul\u00eame - Eglise Catholique en Charente","potentialAction":[{"@type":"SearchAction","target":{"@type":"EntryPoint","urlTemplate":"https:\/\/charente.catholique.fr\/maison-diocesaine\/?s={search_term_string}"},"query-input":{"@type":"PropertyValueSpecification","valueRequired":true,"valueName":"search_term_string"}}],"inLanguage":"fr-FR"},{"@type":"Person","@id":"https:\/\/charente.catholique.fr\/maison-diocesaine\/#\/schema\/person\/9d46fe084c5954bd35fd161aab7a277a","name":"Sylvaine","image":{"@type":"ImageObject","inLanguage":"fr-FR","@id":"https:\/\/charente.catholique.fr\/maison-diocesaine\/#\/schema\/person\/image\/","url":"https:\/\/secure.gravatar.com\/avatar\/c2d819d8eafaec3d0be0bfeb1c1d4388c6f0232538593b042bf92e3c8fc1c2e0?s=96&d=mm&r=g","contentUrl":"https:\/\/secure.gravatar.com\/avatar\/c2d819d8eafaec3d0be0bfeb1c1d4388c6f0232538593b042bf92e3c8fc1c2e0?s=96&d=mm&r=g","caption":"Sylvaine"},"sameAs":["http:\/\/sylvainelacrouts"],"url":"https:\/\/charente.catholique.fr\/maison-diocesaine\/author\/sylvainelacrouts\/"}]}},"_links":{"self":[{"href":"https:\/\/charente.catholique.fr\/maison-diocesaine\/wp-json\/wp\/v2\/posts\/268","targetHints":{"allow":["GET"]}}],"collection":[{"href":"https:\/\/charente.catholique.fr\/maison-diocesaine\/wp-json\/wp\/v2\/posts"}],"about":[{"href":"https:\/\/charente.catholique.fr\/maison-diocesaine\/wp-json\/wp\/v2\/types\/post"}],"author":[{"embeddable":true,"href":"https:\/\/charente.catholique.fr\/maison-diocesaine\/wp-json\/wp\/v2\/users\/3"}],"replies":[{"embeddable":true,"href":"https:\/\/charente.catholique.fr\/maison-diocesaine\/wp-json\/wp\/v2\/comments?post=268"}],"version-history":[{"count":9,"href":"https:\/\/charente.catholique.fr\/maison-diocesaine\/wp-json\/wp\/v2\/posts\/268\/revisions"}],"predecessor-version":[{"id":475,"href":"https:\/\/charente.catholique.fr\/maison-diocesaine\/wp-json\/wp\/v2\/posts\/268\/revisions\/475"}],"wp:featuredmedia":[{"embeddable":true,"href":"https:\/\/charente.catholique.fr\/maison-diocesaine\/wp-json\/wp\/v2\/media\/164"}],"wp:attachment":[{"href":"https:\/\/charente.catholique.fr\/maison-diocesaine\/wp-json\/wp\/v2\/media?parent=268"}],"wp:term":[{"taxonomy":"category","embeddable":true,"href":"https:\/\/charente.catholique.fr\/maison-diocesaine\/wp-json\/wp\/v2\/categories?post=268"},{"taxonomy":"post_tag","embeddable":true,"href":"https:\/\/charente.catholique.fr\/maison-diocesaine\/wp-json\/wp\/v2\/tags?post=268"}],"curies":[{"name":"wp","href":"https:\/\/api.w.org\/{rel}","templated":true}]}}